{"id":777,"date":"2011-06-13T08:49:57","date_gmt":"2011-06-13T07:49:57","guid":{"rendered":"http:\/\/blogs.avui.cat\/pepmoliner\/?p=777"},"modified":"2011-06-13T08:50:07","modified_gmt":"2011-06-13T07:50:07","slug":"un-motiu-mes-per-correr","status":"publish","type":"post","link":"https:\/\/blogs.avui.cat\/pepmoliner\/2011\/06\/13\/un-motiu-mes-per-correr\/","title":{"rendered":"Un motiu m\u00e9s per c\u00f3rrer"},"content":{"rendered":"<h2><span style=\"color: #333333;font-family: 'Lucida Grande', 'Trebuchet MS', Verdana, Helvetica, Arial, sans-serif;line-height: 18px\">Qu\u00e8 vols que et digui si c\u00f3rrer per #Terrassa no te preu. I quan dic aix\u00f2 soc conscient del que dic. Quan amb l&#8217;Oriol ens gir\u00e0vem mir\u00e0vem des del capdamunt d&#8217;un tur\u00f3: &#8220;Ooooohhh!!<\/p>\n<p>No em sento gran, per\u00f2 ho dec ser, donat que em costava la pujada i m&#8217;havien d&#8217;esperar: per\u00f2 com es diu quan es perd: &#8220;el m\u00e9s important \u00e9s participar&#8221;<\/p>\n<p>El pic de l&#8217;\u00e0liga: quin bon nom per un lloc com aquest. Hem quedat en tornar-hi: no hi havien vistes cap el Nord i en conseq\u00fc\u00e8ncia no hi havia ni Mola ni Montserrat a l&#8217;Oest. Per\u00f2 el sud tenia unes llampegades de sol que ens feia c\u00f3rrer badant amb la boca oberta. Ha estat un molt bon entrenament, nom\u00e9s apte per gent que li agrada la bona companyia, la natura, c\u00f3rrer i passar-s&#8217;ho b\u00e9.<\/p>\n<p><img data-recalc-dims=\"1\" decoding=\"async\" style=\"border-width: 0px;padding: 0px;margin: 0px\" src=\"https:\/\/i0.wp.com\/lh3.googleusercontent.com\/-Zi9_rdXV6gA\/TfW5aBQNjnI\/AAAAAAAACl4\/zq9V5LRD-Ng\/s512\/canpalet_picAliga.jpg?ssl=1\" alt=\"Image\" \/><\/p>\n<p><img data-recalc-dims=\"1\" decoding=\"async\" style=\"border-width: 0px;padding: 0px;margin: 0px\" src=\"https:\/\/i0.wp.com\/lh3.googleusercontent.com\/-SipvOGrcabo\/TfW5aD-t2oI\/AAAAAAAACl8\/l6Va-HtcRIg\/canpalet_picAliga2.jpg?ssl=1\" alt=\"Image\" \/><br \/>\nen tinc uns quants penjats a wikilock<\/p>\n<p>aquest \u00e9s:<\/p>\n<p><a class=\"postlink\" href=\"http:\/\/ca.wikiloc.com\/wikiloc\/view.do?id=1771446\">http:\/\/ca.wikiloc.com\/wikiloc\/view.do?id=1771446<\/a><\/p>\n<p>Com que hem sortit am ben Paco i en Cesc des de Can Palet, avui he volgut gravar el circuit per si algun agosarat te capacitat per gaudir-ne.<\/p>\n<p>Les fotografies de l&#8217;Oriol Farr\u00e9 ens il\u00b7lustren perfectament del que hem gaudit.<\/p>\n<p><img data-recalc-dims=\"1\" decoding=\"async\" style=\"border-width: 0px;padding: 0px;margin: 0px\" src=\"https:\/\/i0.wp.com\/lh5.googleusercontent.com\/-jNBQV4o4hk4\/TfJiTgYcFoI\/AAAAAAAACkY\/NkY9TK1TBsc\/s400\/egaramossenaires09062011-6.jpg?ssl=1\" alt=\"Image\" \/><br \/>\nUs agrada l&#8217;estil de c\u00f3rrer que tenim en Cesc i jo ? Venint des de Can Palet, junt al Paco, fent bones dissertacions de temes diversos, que \u00e9s la base d&#8217;un bon entrenament.<\/p>\n<p><img data-recalc-dims=\"1\" decoding=\"async\" style=\"border-width: 0px;padding: 0px;margin: 0px\" src=\"https:\/\/i0.wp.com\/lh4.googleusercontent.com\/-dX7Pg9tPKno\/TfJibrHbifI\/AAAAAAAACk8\/o-EpG7SFmUA\/s400\/egaramossenaires09062011-14.jpg?ssl=1\" alt=\"Image\" \/><br \/>\n<img data-recalc-dims=\"1\" decoding=\"async\" style=\"border-width: 0px;padding: 0px;margin: 0px\" src=\"https:\/\/i0.wp.com\/lh3.googleusercontent.com\/-GSSvaD4EdOA\/TfJiZ4mFrwI\/AAAAAAAACk0\/m6IF_a03JiA\/s400\/egaramossenaires09062011-12.jpg?ssl=1\" alt=\"Image\" \/><br \/>\n<img data-recalc-dims=\"1\" decoding=\"async\" style=\"border-width: 0px;padding: 0px;margin: 0px\" src=\"https:\/\/i0.wp.com\/lh3.googleusercontent.com\/-yLFn5LAvwXg\/TfJiaoQqlMI\/AAAAAAAACk4\/aQ7Md2kLADE\/s400\/egaramossenaires09062011-13.jpg?ssl=1\" alt=\"Image\" \/><br \/>\n<img data-recalc-dims=\"1\" decoding=\"async\" style=\"border-width: 0px;padding: 0px;margin: 0px\" src=\"https:\/\/i0.wp.com\/lh5.googleusercontent.com\/-eSDsv9r2wWI\/TfJictvcx3I\/AAAAAAAAClE\/GwFbAN0afOY\/s400\/egaramossenaires09062011-15.jpg?ssl=1\" alt=\"Image\" \/><br \/>\n<img data-recalc-dims=\"1\" decoding=\"async\" style=\"border-width: 0px;padding: 0px;margin: 0px\" src=\"https:\/\/i0.wp.com\/lh5.googleusercontent.com\/-EvqlGzZTuVc\/TfJidrEUGvI\/AAAAAAAAClI\/mxLihgqGKJY\/s400\/egaramossenaires09062011-16.jpg?ssl=1\" alt=\"Image\" \/><br \/>\n<img data-recalc-dims=\"1\" decoding=\"async\" style=\"border-width: 0px;padding: 0px;margin: 0px\" src=\"https:\/\/i0.wp.com\/lh4.googleusercontent.com\/-4neb731VcG8\/TfJielT7y8I\/AAAAAAAAClM\/yihiaVAav_k\/s400\/egaramossenaires09062011-17.jpg?ssl=1\" alt=\"Image\" \/><\/p>\n<p>Si mai us engresqueu a venir a fer aquests entrenaments que fem, que nosaltres ja portem dos anys ininterromputs, son els dimarts i dijous a la part sud de zona de les instal\u00b7lacions de l&#8217;\u00c8gara. Nosaltres escampem aquesta trobada, per qu\u00e8 acompanyat amb amics es passa millor. Ens posem en mans de l&#8217;Agust\u00ed Salvador, que ell porta programat des de casa on creu que ens pot anar b\u00e9 i a m\u00e9s forma part de l&#8217;entrenament el fer algun canvi quan ens sentim amb ganes.<\/p>\n<p><img data-recalc-dims=\"1\" decoding=\"async\" style=\"border-width: 0px;padding: 0px;margin: 0px\" src=\"https:\/\/i0.wp.com\/lh6.googleusercontent.com\/-oWT1woObKkk\/TfJiZJCr_aI\/AAAAAAAACkw\/boFvTUFHOb0\/s400\/egaramossenaires09062011-11.jpg?ssl=1\" alt=\"Image\" \/><br \/>\n<img data-recalc-dims=\"1\" decoding=\"async\" style=\"border-width: 0px;padding: 0px;margin: 0px\" src=\"https:\/\/i0.wp.com\/lh4.googleusercontent.com\/-Fih3Ym3doSQ\/TfJiWtjHcKI\/AAAAAAAACko\/nBx5gwl-Vuc\/s400\/egaramossenaires09062011-9.jpg?ssl=1\" alt=\"Image\" \/><br \/>\n<img data-recalc-dims=\"1\" decoding=\"async\" style=\"border-width: 0px;padding: 0px;margin: 0px\" src=\"https:\/\/i0.wp.com\/lh6.googleusercontent.com\/-M9_qH1GD5HI\/TfJiXxRQBnI\/AAAAAAAACks\/ZB7RMWaAVMU\/s400\/egaramossenaires09062011-10.jpg?ssl=1\" alt=\"Image\" \/><br \/>\n<img data-recalc-dims=\"1\" decoding=\"async\" style=\"border-width: 0px;padding: 0px;margin: 0px\" src=\"https:\/\/i0.wp.com\/lh5.googleusercontent.com\/-bAeB1_lM1nM\/TfJiQD9acQI\/AAAAAAAACkM\/bfZYYh0h9_0\/s400\/egaramossenaires09062011-3.jpg?ssl=1\" alt=\"Image\" \/><br \/>\n<img data-recalc-dims=\"1\" decoding=\"async\" style=\"border-width: 0px;padding: 0px;margin: 0px\" src=\"https:\/\/i0.wp.com\/lh4.googleusercontent.com\/-EEzPMnuUh4s\/TfJiSYf4rgI\/AAAAAAAACkU\/U_VNUwCs024\/s400\/egaramossenaires09062011-5.jpg?ssl=1\" alt=\"Image\" \/><br \/>\n<img data-recalc-dims=\"1\" decoding=\"async\" style=\"border-width: 0px;padding: 0px;margin: 0px\" src=\"https:\/\/i0.wp.com\/lh3.googleusercontent.com\/-yNEotu8Y04Y\/TfJiVcB7Y8I\/AAAAAAAACkk\/CXn0d69fm8k\/s400\/egaramossenaires09062011-8.jpg?ssl=1\" alt=\"Image\" \/><br \/>\nEns ho passem b\u00e9, xerrem un munt, musculem, ens cansem, fotografiem i tot all\u00f2 que fa que amb l&#8217;excusa de c\u00f3rrer ens dona aquesta qualitat de vida que tots anem cercant i penso que anem descobrint maneres de gaudir amb l&#8217;esport i dels amics. Sembla que es veu clar que la cosa rutlla<\/p>\n<p><img data-recalc-dims=\"1\" decoding=\"async\" style=\"border-width: 0px;padding: 0px;margin: 0px\" src=\"https:\/\/i0.wp.com\/lh5.googleusercontent.com\/-86tIrGhUAB0\/TfJiUfW9EGI\/AAAAAAAACkg\/tIGakek_vUM\/s400\/egaramossenaires09062011-7.jpg?ssl=1\" alt=\"Image\" \/><br \/>\nVeure aix\u00f2 havent sortit de l&#8217;altre punta de Terrassa, en un dia qualsevol nom\u00e9s est\u00e0 a l&#8217;abast de gent com nosaltres, corredors, senderistes, bicicleters i persones a qui els agrada el camp i en aquest cas la muntanya. Amb l&#8217;Oriol en un moment donat ens vam quedar uns instants imm\u00f2bils i callat: nom\u00e9s observant<\/p>\n<p><img data-recalc-dims=\"1\" decoding=\"async\" style=\"border-width: 0px;padding: 0px;margin: 0px\" src=\"https:\/\/i0.wp.com\/lh6.googleusercontent.com\/-w13W47d0Shg\/TfJiRsudaTI\/AAAAAAAACkQ\/bcasb9WxNIk\/s400\/egaramossenaires09062011-4.jpg?ssl=1\" alt=\"Image\" \/><br \/>\nI que us tinc que dir d&#8217;en Jordi i l&#8217;Oriol. La seva joventut i ganes per ser estar preparats, i en plena forma; com de fer estant per tot el que estan fent<br \/>\n<img data-recalc-dims=\"1\" decoding=\"async\" style=\"border-width: 0px;padding: 0px;margin: 0px\" src=\"https:\/\/i0.wp.com\/lh6.googleusercontent.com\/-m2Ll5ty1xfg\/TfJiPPBTW0I\/AAAAAAAACkI\/Y_mzRxBFZuU\/s400\/egaramossenaires09062011-2.jpg?ssl=1\" alt=\"Image\" \/><\/p>\n<p>I aqu\u00ed tenim la coneguda placa que hi ha al costat de l&#8217;arbre recargolat, que l&#8217;Antonio Gallardo va enganxar un dia en honor al seu tiet que va morir d&#8217;una manera trista, mentre es capbussava a la platja amb un cop malaurat. Sabem la hist\u00f2ria, per qu\u00e8 forma part de les nostres amistats<\/p>\n<p><img data-recalc-dims=\"1\" decoding=\"async\" style=\"border-width: 0px;padding: 0px;margin: 0px\" src=\"https:\/\/i0.wp.com\/lh3.googleusercontent.com\/-GwAHsx6BdUY\/TfJiOaibnLI\/AAAAAAAACkE\/I0dLOGAbwck\/s400\/egaramossenaires09062011-1.jpg?ssl=1\" alt=\"Image\" \/><\/p>\n<p>I ara la definitiva, en el punt m\u00e9s alt, al voltant dels vuit-cents metres: la foto de la consecuci\u00f3. Recordarem un bon temps, el que va costar mantenir la m\u00e0quina de l&#8217;Oriol dreta. A m\u00e9s va caure de m\u00e9s d&#8217;un metre, sense trencar-se.<\/p>\n<p>Si us cal estar en forma, poseu-vos immediatament en mans dels &#8220;\u00c8gara-Mossenaires&#8221;, son uns elements que: o acaben amb tu o et posen fort. Tenen el nom improvisat fruit del lloc on surten i d&#8217;on provenen: del projecte com\u00fa d&#8217;entrenaments en grup que entre-tots mantenim i enriquim. A l&#8217;apartat del modest f\u00f2rum, l&#8217;\u00c0lex Castells te cura d&#8217;afegir elements com ara els circu\u00efts i l&#8217;Agust\u00ed no s&#8217;oblida mai de fer-nos un relat del que han estat al llarg d&#8217;aquests dos anys aquests entranyables entrenaments intersetmanals, sense els quals persones com jo no estarien en una bona condici\u00f3 f\u00edsica que afrontar els reptes que cont\u00ednuament em proposo.<\/p>\n<p>El meu m\u00e9s gran agra\u00efment, i com es diu en aquests casos: continuar\u00e0&#8230;.<\/p>\n<p><\/span><\/h2>\n","protected":false},"excerpt":{"rendered":"<p>Qu\u00e8 vols que et digui si c\u00f3rrer per #Terrassa no te preu. I quan dic aix\u00f2 soc conscient del que dic. Quan amb l&#8217;Oriol ens gir\u00e0vem mir\u00e0vem des del capdamunt d&#8217;un tur\u00f3: &#8220;Ooooohhh!! No em sento gran, per\u00f2 ho dec ser, donat que em costava la pujada i m&#8217;havien d&#8217;esperar: per\u00f2 com es diu quan [&hellip;]<\/p>\n","protected":false},"author":171,"featured_media":0,"comment_status":"open","ping_status":"open","sticky":false,"template":"","format":"standard","meta":{"jetpack_post_was_ever_published":false,"_jetpack_newsletter_access":"","_jetpack_dont_email_post_to_subs":false,"_jetpack_newsletter_tier_id":0,"_jetpack_memberships_contains_paywalled_content":false,"_jetpack_memberships_contains_paid_content":false,"footnotes":"","jetpack_publicize_message":"","jetpack_publicize_feature_enabled":true,"jetpack_social_post_already_shared":false,"jetpack_social_options":{"image_generator_settings":{"template":"highway","default_image_id":0,"font":"","enabled":false},"version":2}},"categories":[1],"tags":[],"class_list":["post-777","post","type-post","status-publish","format-standard","hentry","category-general"],"jetpack_publicize_connections":[],"jetpack_featured_media_url":"","jetpack_sharing_enabled":true,"jetpack_shortlink":"https:\/\/wp.me\/pagkiK-cx","jetpack-related-posts":[{"id":2961,"url":"https:\/\/blogs.avui.cat\/pepmoliner\/2013\/10\/17\/nou-record-femeni-mossenaire\/","url_meta":{"origin":777,"position":0},"title":"Nou r\u00e8cord femeni &#8220;Mossenaire&#8221;","author":"Pep Moliner","date":"17 d'octubre de 2013","format":false,"excerpt":"Avui es el dia que m\u00e9s noies entrenen plegades al grup \"Mossenaire\" i que ens agrada destacar, donat que cada vegada hi ha m\u00e9s f\u00e8mines que gaudeixen de c\u00f3rrer. Tamb\u00e9, tenim persones molt conegudes en el m\u00f3n de l'atletisme que v\u00e9nen a gaudir al vostre costat i que esperem anar\u2026","rel":"","context":"A &quot;General&quot;","block_context":{"text":"General","link":"https:\/\/blogs.avui.cat\/pepmoliner\/category\/general\/"},"img":{"alt_text":"","src":"","width":0,"height":0},"classes":[]},{"id":1134,"url":"https:\/\/blogs.avui.cat\/pepmoliner\/2012\/01\/02\/setmaneta-final\/","url_meta":{"origin":777,"position":1},"title":"Setmaneta Final","author":"Pep Moliner","date":"2 de gener de 2012","format":false,"excerpt":"Segur que la manera de passar-ho b\u00e9 per un corredor \u00e9s c\u00f3rrer i si et dic que la darrera setmana de l'any m'han sortit uns entrenaments, trobades i moments que justifiquen totalment la passi\u00f3 per aquest esport. Comen\u00e7o pel final, pel darrer dia de l'any Els corredors ja fa temps\u2026","rel":"","context":"A &quot;General&quot;","block_context":{"text":"General","link":"https:\/\/blogs.avui.cat\/pepmoliner\/category\/general\/"},"img":{"alt_text":"","src":"","width":0,"height":0},"classes":[]},{"id":1599,"url":"https:\/\/blogs.avui.cat\/pepmoliner\/2012\/06\/17\/iii-pujada-a-la-mola-amb-nenazas-running-club\/","url_meta":{"origin":777,"position":2},"title":"III Pujada a la Mola amb &#8220;Nenazas Running club&#8221;","author":"Pep Moliner","date":"17 de juny de 2012","format":false,"excerpt":"Un cop arribat a casa, veig de nou amb nost\u00e0lgia un fet irrepetible, per qu\u00e8 no hi han dos moments iguals. La sortida proposada era la seg\u00fcent: anar a la Mola amb els amics dels \"Nenazas Running Club\" l'objectiu pujar a la Mola i fer-ho des de la pla\u00e7a de\u2026","rel":"","context":"A &quot;General&quot;","block_context":{"text":"General","link":"https:\/\/blogs.avui.cat\/pepmoliner\/category\/general\/"},"img":{"alt_text":"","src":"https:\/\/i0.wp.com\/www.egargrafic.com\/egargrafic.gif?resize=350%2C200","width":350,"height":200},"classes":[]},{"id":4654,"url":"https:\/\/blogs.avui.cat\/pepmoliner\/2018\/02\/21\/mossenaires-suma-i-segueix\/","url_meta":{"origin":777,"position":3},"title":"Mossenaires \u201csuma i segueix\u201d","author":"Pep Moliner","date":"21 de febrer de 2018","format":false,"excerpt":"Sempre diem que no hi ha dos entrenaments iguals, i ens reafirmem. Tot i ser d\u2019aquells que fem en els que ens apropem a la ciutat veina, Sabadell i voltem pel bosc, que mica en mica es va recuperant d\u2019aquella ventada, i hem tornat a tenir a un Mossenaire d\u2019Honor,\u2026","rel":"","context":"A &quot;Amistat&quot;","block_context":{"text":"Amistat","link":"https:\/\/blogs.avui.cat\/pepmoliner\/category\/amistat\/"},"img":{"alt_text":"","src":"","width":0,"height":0},"classes":[]},{"id":4067,"url":"https:\/\/blogs.avui.cat\/pepmoliner\/2016\/02\/18\/miquel-olmo-mossenaire-dhonor\/","url_meta":{"origin":777,"position":4},"title":"Miquel Olmo: Mossenaire d&#8217;honor","author":"Pep Moliner","date":"18 de febrer de 2016","format":false,"excerpt":"A Terrassa molta gent li t\u00e9 en molta estima. Imposa car\u00e0cter i \u00e9s de la ciutat. Un bon entrenador de futbol, que ara busca equip. Almenys aquest \u00e9s el nostre sentiment i ens agrada tenir-lo d'amistat. Sorpresa que ha volgut compartir amb tots nosaltres una estona corrent. Com que ens\u2026","rel":"","context":"A &quot;c\u00f3rrer&quot;","block_context":{"text":"c\u00f3rrer","link":"https:\/\/blogs.avui.cat\/pepmoliner\/category\/correr\/"},"img":{"alt_text":"","src":"","width":0,"height":0},"classes":[]},{"id":934,"url":"https:\/\/blogs.avui.cat\/pepmoliner\/2011\/10\/04\/lexcusa-es-bona-correr-ben-acompanyat\/","url_meta":{"origin":777,"position":5},"title":"L&#8217;excusa \u00e9s bona: c\u00f3rrer ben acompanyat","author":"Pep Moliner","date":"4 d'octubre de 2011","format":false,"excerpt":"Un dels elements que fa que es millori practicant l'esport del c\u00f3rrer, \u00e9s que quan est\u00e0s entrenant t'ho passis b\u00e9. C\u00f3rrer en si pot esdevenir avorrit, quan portes molts anys o for\u00e7a estona. Aquest projecte ens ha descobert la possibilitat de compartir una estona amb gent que tenen les mateixes\u2026","rel":"","context":"A &quot;Entrenaments&quot;","block_context":{"text":"Entrenaments","link":"https:\/\/blogs.avui.cat\/pepmoliner\/category\/entrenaments\/"},"img":{"alt_text":"","src":"https:\/\/i0.wp.com\/lh3.googleusercontent.com\/-oV81k8PeSLU\/Torqc6EZQJI\/AAAAAAAAGps\/g3Nr_xZ92cQ\/s640\/DSC04311a.jpg?resize=350%2C200&ssl=1","width":350,"height":200},"classes":[]}],"_links":{"self":[{"href":"https:\/\/blogs.avui.cat\/pepmoliner\/wp-json\/wp\/v2\/posts\/777","targetHints":{"allow":["GET"]}}],"collection":[{"href":"https:\/\/blogs.avui.cat\/pepmoliner\/wp-json\/wp\/v2\/posts"}],"about":[{"href":"https:\/\/blogs.avui.cat\/pepmoliner\/wp-json\/wp\/v2\/types\/post"}],"author":[{"embeddable":true,"href":"https:\/\/blogs.avui.cat\/pepmoliner\/wp-json\/wp\/v2\/users\/171"}],"replies":[{"embeddable":true,"href":"https:\/\/blogs.avui.cat\/pepmoliner\/wp-json\/wp\/v2\/comments?post=777"}],"version-history":[{"count":3,"href":"https:\/\/blogs.avui.cat\/pepmoliner\/wp-json\/wp\/v2\/posts\/777\/revisions"}],"predecessor-version":[{"id":780,"href":"https:\/\/blogs.avui.cat\/pepmoliner\/wp-json\/wp\/v2\/posts\/777\/revisions\/780"}],"wp:attachment":[{"href":"https:\/\/blogs.avui.cat\/pepmoliner\/wp-json\/wp\/v2\/media?parent=777"}],"wp:term":[{"taxonomy":"category","embeddable":true,"href":"https:\/\/blogs.avui.cat\/pepmoliner\/wp-json\/wp\/v2\/categories?post=777"},{"taxonomy":"post_tag","embeddable":true,"href":"https:\/\/blogs.avui.cat\/pepmoliner\/wp-json\/wp\/v2\/tags?post=777"}],"curies":[{"name":"wp","href":"https:\/\/api.w.org\/{rel}","templated":true}]}}