{"id":770,"date":"2011-06-07T16:48:34","date_gmt":"2011-06-07T15:48:34","guid":{"rendered":"http:\/\/blogs.avui.cat\/pepmoliner\/?p=770"},"modified":"2011-06-08T21:05:45","modified_gmt":"2011-06-08T20:05:45","slug":"corre-no-paris-no-paris","status":"publish","type":"post","link":"https:\/\/blogs.avui.cat\/pepmoliner\/2011\/06\/07\/corre-no-paris-no-paris\/","title":{"rendered":"Corre, no paris, no paris"},"content":{"rendered":"<h3 style=\"text-align: justify\">Corre, no paris, no paris. Segueix corrent, per\u00f2 amb qui ? amb els &#8220;Mossenaires&#8221;.<\/h3>\n<h3 style=\"text-align: justify\">Com que la setmaneta en quan a pluges ha estat intensa, es preveia que  els camins de Can Bon Vilar, del golf, de Can Deu i en definitiva, tots  els nostres camins, estarien ben enfangats. El radar meteorol\u00f2gic estava  ple d&#8217;amenaces de pluja, per\u00f2 observabem que hi hauria una clariana que  ens deixaria c\u00f3rrer.<\/h3>\n<h3 style=\"text-align: justify\">La tecnologia ens afavoreix, i decidim pujar en direcci\u00f3 a Matadepera  per anar a passar a l&#8217;equador de l&#8217;entrenament, per la font de Can Roure  sempre abundosa i sense enfangar-nos.<\/h3>\n<h3 style=\"text-align: justify\">Com que no tothom s&#8217;hi veu encord encara, la pensada era que feta la  fotografia a la P\u00e7a. Sant Jordi, qui volgu\u00e9s pod\u00e9s tornar cap a la Masia  de Torre Moss\u00e8n Homs abans. I es va fer un grupet, composat per amics  mossenaires.<\/h3>\n<h3 style=\"text-align: justify\">Veiem que repeteixen mossenaries i l&#8217;entrenament ronda els 10,8  quil\u00f2metres. A la font fem una segona aturada per fer un bon traguinyol i  fer el retorn al camp base.<\/h3>\n<h3 style=\"text-align: justify\">De nou un plaer tenir tanta gent !<\/h3>\n<h3 style=\"text-align: justify\"><img data-recalc-dims=\"1\" decoding=\"async\" src=\"https:\/\/i0.wp.com\/lh5.googleusercontent.com\/-LpIjBWznt8o\/Te4Rh5w7iTI\/AAAAAAAAFr8\/BHS9xaZjW2E\/s400\/DSC03211.JPG?ssl=1\" border=\"0\" alt=\"\" \/><br \/>\n<img data-recalc-dims=\"1\" decoding=\"async\" src=\"https:\/\/i0.wp.com\/lh4.googleusercontent.com\/-RapVG3sw_J8\/Te4Ri39mBeI\/AAAAAAAAFsA\/X0Rykils8o0\/s400\/DSC03212.JPG?ssl=1\" border=\"0\" alt=\"\" \/><br \/>\n<img data-recalc-dims=\"1\" decoding=\"async\" src=\"https:\/\/i0.wp.com\/lh6.googleusercontent.com\/-DZnVvja4IMs\/Te4RkIOv7UI\/AAAAAAAAFsE\/L9rQe4a89bs\/s400\/DSC03213.JPG?ssl=1\" border=\"0\" alt=\"\" \/><br \/>\n<img data-recalc-dims=\"1\" decoding=\"async\" src=\"https:\/\/i0.wp.com\/lh4.googleusercontent.com\/-0wz8XgIHbOU\/Te4RlCoR0BI\/AAAAAAAAFsI\/8inbQrYi5t4\/s400\/DSC03214.JPG?ssl=1\" border=\"0\" alt=\"\" \/><br \/>\n<img data-recalc-dims=\"1\" decoding=\"async\" src=\"https:\/\/i0.wp.com\/lh6.googleusercontent.com\/-KWxRdf6BQFs\/Te4RlzWIFBI\/AAAAAAAAFsM\/NrwBe6USm8U\/s400\/DSC03215.JPG?ssl=1\" border=\"0\" alt=\"\" \/><br \/>\n<img data-recalc-dims=\"1\" decoding=\"async\" src=\"https:\/\/i0.wp.com\/lh4.googleusercontent.com\/-Bl3t_3CKSYA\/Te4Rm-gqLBI\/AAAAAAAAFsQ\/Ez6XRtThAE4\/s400\/DSC03216.JPG?ssl=1\" border=\"0\" alt=\"\" \/><br \/>\n<img data-recalc-dims=\"1\" decoding=\"async\" src=\"https:\/\/i0.wp.com\/lh4.googleusercontent.com\/-Go6RptI_ETQ\/Te4Rnj6b29I\/AAAAAAAAFsU\/XxMHUk3Un5A\/s400\/DSC03217.JPG?ssl=1\" border=\"0\" alt=\"\" \/><br \/>\nA punt de fer el primer reagrupament, just a l&#8217;entrada de Matadepera, pel Mas sot<\/h3>\n<h3 style=\"text-align: justify\"><img data-recalc-dims=\"1\" decoding=\"async\" src=\"https:\/\/i0.wp.com\/lh6.googleusercontent.com\/-ge6Jch0-a58\/Te4RoRKSO5I\/AAAAAAAAFsY\/Fm9IDUJKAXc\/s400\/DSC03218.JPG?ssl=1\" border=\"0\" alt=\"\" \/><br \/>\n<img data-recalc-dims=\"1\" decoding=\"async\" src=\"https:\/\/i0.wp.com\/lh4.googleusercontent.com\/-rYGwuAiQMJY\/Te4RpE3ZCMI\/AAAAAAAAFsc\/G6S9IPsW2wQ\/s400\/DSC03219.JPG?ssl=1\" border=\"0\" alt=\"\" \/><br \/>\n<img data-recalc-dims=\"1\" decoding=\"async\" src=\"https:\/\/i0.wp.com\/lh6.googleusercontent.com\/-RPPQ2XyHicI\/Te4Rp6fMLAI\/AAAAAAAAFsg\/dWg1_DCT2v8\/s400\/DSC03220.JPG?ssl=1\" border=\"0\" alt=\"\" \/><br \/>\n<img data-recalc-dims=\"1\" decoding=\"async\" src=\"https:\/\/i0.wp.com\/lh5.googleusercontent.com\/-2VFklfWPeSg\/Te4Rq9X3g7I\/AAAAAAAAFsk\/LEIwOQqoSjg\/s400\/DSC03221.JPG?ssl=1\" border=\"0\" alt=\"\" \/><br \/>\n<img data-recalc-dims=\"1\" decoding=\"async\" src=\"https:\/\/i0.wp.com\/lh6.googleusercontent.com\/-rZGN5jJAW50\/Te4RraY2hLI\/AAAAAAAAFso\/143p10P2lFA\/s400\/DSC03222.JPG?ssl=1\" border=\"0\" alt=\"\" \/><br \/>\nA seu pas per l&#8217;<a class=\"postlink\" href=\"http:\/\/www.turismematadepera.cat\/index.php?fuseaction=le-esglesia\" target=\"_blank\">Esgl\u00e9sia de Matadepera<\/a><\/h3>\n<h3 style=\"text-align: justify\"><img data-recalc-dims=\"1\" decoding=\"async\" src=\"https:\/\/i0.wp.com\/lh4.googleusercontent.com\/-jKYvX9hNd90\/Te4RsIi9r9I\/AAAAAAAAFss\/YQwa9vaQw3I\/s400\/DSC03223.JPG?ssl=1\" border=\"0\" alt=\"\" \/><br \/>\nMontse Vila, sempre riallera i en forma<br \/>\n<img data-recalc-dims=\"1\" decoding=\"async\" src=\"https:\/\/i0.wp.com\/lh4.googleusercontent.com\/-zavydm6V3H0\/Te4RtO_JwFI\/AAAAAAAAFsw\/NqckeSMzIBw\/s400\/DSC03224.JPG?ssl=1\" border=\"0\" alt=\"\" \/><br \/>\n<img data-recalc-dims=\"1\" decoding=\"async\" src=\"https:\/\/i0.wp.com\/lh4.googleusercontent.com\/-Q4A7JnaSXyo\/Te4Rt3wG5kI\/AAAAAAAAFs0\/9UZG0jr4v6c\/s400\/DSC03225.JPG?ssl=1\" border=\"0\" alt=\"\" \/> <span class=\"postbody\"><span style=\"font-size: 18px;line-height: normal\"><br \/>\n<\/span><\/span><\/h3>\n<div style=\"text-align: justify\">\n<h3><a href=\"http:\/\/mossenhoms.netfreehost.com\/viewtopic.php?p=12154&amp;mforum=mossenhoms#12154\"><img data-recalc-dims=\"1\" decoding=\"async\" src=\"https:\/\/i0.wp.com\/lh5.googleusercontent.com\/-X5uENnbodJA\/Te4SVzwXnJI\/AAAAAAAAFvo\/ElbXgeJ_bIY\/s400\/DSC03226.JPG?ssl=1\" border=\"0\" alt=\"\"  \/><\/a><\/h3>\n<\/div>\n<h3 style=\"text-align: justify\"><span class=\"postbody\"><span style=\"font-size: 18px;line-height: normal\"> <img data-recalc-dims=\"1\" decoding=\"async\" src=\"https:\/\/i0.wp.com\/lh5.googleusercontent.com\/--RT1EIJxCJY\/Te4Rv4X35iI\/AAAAAAAAFtA\/Ss-G4uQ7Un8\/s400\/DSC03228.JPG?ssl=1\" border=\"0\" alt=\"\" \/><br \/>\nFerran. igual que en Pedro, havia fet el darrer diumenge el Zegama. Al seu blog el podeu llegir si voleu.<br \/>\n<a href=\"http:\/\/fgalcera.blogspot.com\/2011\/05\/x-aizkorri-zegama-mendi-maratoia-aupa.html\" target=\"_blank\">http:\/\/fgalcera.blogspot.com\/2011\/05\/x-aizkorri-zegama-mendi-maratoia-aupa.html<\/a><br \/>\n<img data-recalc-dims=\"1\" decoding=\"async\" src=\"https:\/\/i0.wp.com\/lh3.googleusercontent.com\/-sK0TEqbkxQs\/Te4RyzNFXgI\/AAAAAAAAFtM\/4Z_NmC9ct5o\/s400\/DSC03231.JPG?ssl=1\" border=\"0\" alt=\"\" \/><br \/>\nKim i Josep . Dos amics que els agrada venir i fer bones xerrades.<br \/>\n<img data-recalc-dims=\"1\" decoding=\"async\" src=\"https:\/\/i0.wp.com\/lh6.googleusercontent.com\/-14rq0Rf3wUg\/Te4Rzzog16I\/AAAAAAAAFtQ\/2WEQiZj-3oo\/s400\/DSC03232.JPG?ssl=1\" border=\"0\" alt=\"\" \/><br \/>\nAvui en Jose Manuel Jim\u00e9nez estrenava la seva samarreta. \u00c9s dels que no falla mai i sempre que pot.<br \/>\n<img data-recalc-dims=\"1\" decoding=\"async\" src=\"https:\/\/i0.wp.com\/lh5.googleusercontent.com\/-JduxTd6FN8U\/Te4R0sUMJsI\/AAAAAAAAFtU\/ZByw2qQCm28\/s400\/DSC03233.JPG?ssl=1\" border=\"0\" alt=\"\" \/><br \/>\nAvu\u00ed l&#8217;Adri\u00e0 la panxa no la tenia fina. <\/span><\/span><\/h3>\n<h3 style=\"text-align: justify\"><img data-recalc-dims=\"1\" decoding=\"async\" src=\"https:\/\/i0.wp.com\/lh5.googleusercontent.com\/-f236zzWuWas\/Te4R2YAdO7I\/AAAAAAAAFtg\/e7yCkLWjIR8\/s400\/DSC03235.JPG?ssl=1\" border=\"0\" alt=\"\" \/><br \/>\n<img data-recalc-dims=\"1\" decoding=\"async\" src=\"https:\/\/i0.wp.com\/lh5.googleusercontent.com\/-fnBcvtmqvYU\/Te4R46YX2mI\/AAAAAAAAFts\/BnJF_nhg5VU\/s400\/DSC03238.JPG?ssl=1\" border=\"0\" alt=\"\" \/><br \/>\ni el tancament de grup.<br \/>\nUns quants mossenaires ja estaven de tornada, fent menys recorregut.<br \/>\n<img data-recalc-dims=\"1\" decoding=\"async\" src=\"https:\/\/i0.wp.com\/lh5.googleusercontent.com\/-zLr2jKMXnqw\/Te4R5oykq4I\/AAAAAAAAFtw\/slo_rco5c5E\/s400\/DSC03239.JPG?ssl=1\" border=\"0\" alt=\"\" \/><br \/>\nLa Masia de Can Torrella. molt ben conservada, ara Restaurant amb molt bona pinta, per on passem.<br \/>\n<img data-recalc-dims=\"1\" decoding=\"async\" src=\"https:\/\/i0.wp.com\/lh3.googleusercontent.com\/-lJqBo-YPnVw\/Te4R6ct72VI\/AAAAAAAAFt0\/A2pRpxv0gg0\/s400\/DSC03240.JPG?ssl=1\" border=\"0\" alt=\"\" \/><br \/>\n<img data-recalc-dims=\"1\" decoding=\"async\" src=\"https:\/\/i0.wp.com\/lh6.googleusercontent.com\/-IfxnZqyUNzQ\/Te4R7bq6ebI\/AAAAAAAAFt4\/fWNT1z7xqnU\/s400\/DSC03241.JPG?ssl=1\" border=\"0\" alt=\"\" \/><br \/>\nl&#8217;Ermita de Sant Joan<br \/>\n<a href=\"http:\/\/www.turismematadepera.cat\/index.php?fuseaction=llocs-d-interes&amp;id_lloc_interes=68&amp;id_categoria_llocs=11\" target=\"_blank\">http:\/\/www.turismematadepera.cat\/index.php?fuseaction=llocs-d-interes&amp;id_lloc_interes=68&amp;id_categoria_llocs=11<\/a><\/h3>\n<h3 style=\"text-align: justify\"><img data-recalc-dims=\"1\" decoding=\"async\" src=\"https:\/\/i0.wp.com\/lh5.googleusercontent.com\/-emgqvARgfP8\/Te4R8aN5WjI\/AAAAAAAAFt8\/m6h6ejXufn4\/s400\/DSC03242.JPG?ssl=1\" border=\"0\" alt=\"\" \/><br \/>\nLa pujada m\u00e9s forta que fem, no fan perdre la rialla. Al fons la bonica Mola<\/h3>\n<h3 style=\"text-align: justify\"><img data-recalc-dims=\"1\" decoding=\"async\" src=\"https:\/\/i0.wp.com\/lh6.googleusercontent.com\/-vqveIoqpZII\/Te4R9Qym_BI\/AAAAAAAAFuA\/NOHXj0Cgj48\/s400\/DSC03243.JPG?ssl=1\" border=\"0\" alt=\"\" \/><br \/>\n<img data-recalc-dims=\"1\" decoding=\"async\" src=\"https:\/\/i0.wp.com\/lh4.googleusercontent.com\/-CFrpmOluYSw\/Te4R-UkQIyI\/AAAAAAAAFuE\/OWUkUCGi5o4\/s400\/DSC03244.JPG?ssl=1\" border=\"0\" alt=\"\" \/><br \/>\n<img data-recalc-dims=\"1\" decoding=\"async\" src=\"https:\/\/i0.wp.com\/lh4.googleusercontent.com\/-AhUbzNhHEDk\/Te4R_iTzh9I\/AAAAAAAAFuI\/i80rST38CMA\/s400\/DSC03245.JPG?ssl=1\" border=\"0\" alt=\"\" \/><br \/>\n<img data-recalc-dims=\"1\" decoding=\"async\" src=\"https:\/\/i0.wp.com\/lh3.googleusercontent.com\/-zuJ1eI0BTdc\/Te4SAi-2hvI\/AAAAAAAAFuM\/mis2MK88Xt0\/s400\/DSC03246.JPG?ssl=1\" border=\"0\" alt=\"\" \/><br \/>\n<img data-recalc-dims=\"1\" decoding=\"async\" src=\"https:\/\/i0.wp.com\/lh4.googleusercontent.com\/-e84eyTteKzo\/Te4SBoIDuKI\/AAAAAAAAFuQ\/XZJaYkRo4uM\/s400\/DSC03247.JPG?ssl=1\" border=\"0\" alt=\"\" \/><br \/>\n<img data-recalc-dims=\"1\" decoding=\"async\" src=\"https:\/\/i0.wp.com\/lh5.googleusercontent.com\/-6RdBtxKuv04\/Te4SCoJ0Y3I\/AAAAAAAAFuU\/4QbvN2bwNVc\/s400\/DSC03248.JPG?ssl=1\" border=\"0\" alt=\"\" \/><br \/>\n<img data-recalc-dims=\"1\" decoding=\"async\" src=\"https:\/\/i0.wp.com\/lh5.googleusercontent.com\/-fps0MjUetpk\/Te4SDYLF4XI\/AAAAAAAAFuY\/YjkTFZsp5Hc\/s400\/DSC03249.JPG?ssl=1\" border=\"0\" alt=\"\" \/><br \/>\nEn Salmeron, ho fa tot caminant. Feia dies que no corria.<br \/>\n<img data-recalc-dims=\"1\" decoding=\"async\" src=\"https:\/\/i0.wp.com\/lh3.googleusercontent.com\/-m3au2UrG1qA\/Te4SEe23yDI\/AAAAAAAAFuc\/dkWc3-kNFbg\/s400\/DSC03250.JPG?ssl=1\" border=\"0\" alt=\"\" \/><br \/>\nI en Diego, de vermell, ens confesa que te un bon costipat i es trobava avui cansat<br \/>\n<img data-recalc-dims=\"1\" decoding=\"async\" src=\"https:\/\/i0.wp.com\/lh3.googleusercontent.com\/-zMG9LijCP1A\/Te4SFfzHOFI\/AAAAAAAAFug\/LbuAU7yzSGk\/s400\/DSC03251.JPG?ssl=1\" border=\"0\" alt=\"\" \/><br \/>\nEls tres magn\u00edfics: Carles Salmeron, Carles L\u00f3pez i Toni Granados<br \/>\n<img data-recalc-dims=\"1\" decoding=\"async\" src=\"https:\/\/i0.wp.com\/lh3.googleusercontent.com\/-I2FUsGGUG64\/Te4SGpP6u2I\/AAAAAAAAFuk\/kDQtSuCrDWk\/s400\/DSC03252.JPG?ssl=1\" border=\"0\" alt=\"\" \/><br \/>\nI la font de Can Roure.<\/h3>\n<h3 style=\"text-align: justify\"><img data-recalc-dims=\"1\" decoding=\"async\" src=\"https:\/\/i0.wp.com\/lh5.googleusercontent.com\/-v9r2wGaVLo0\/Te4SHiqAh4I\/AAAAAAAAFuo\/RcwFjMIBV9A\/s400\/DSC03253.JPG?ssl=1\" border=\"0\" alt=\"\" \/><\/h3>\n<h3 style=\"text-align: justify\"><img data-recalc-dims=\"1\" decoding=\"async\" src=\"https:\/\/i0.wp.com\/lh6.googleusercontent.com\/-zbmeoo9KJVg\/Te4SIaXa6eI\/AAAAAAAAFus\/GagCQ4u1pwI\/s400\/DSC03254.JPG?ssl=1\" border=\"0\" alt=\"\" \/><br \/>\n<img data-recalc-dims=\"1\" decoding=\"async\" src=\"https:\/\/i0.wp.com\/lh3.googleusercontent.com\/-oUW1rtHeKLQ\/Te4SJFswDzI\/AAAAAAAAFuw\/nZ70wvm-MKU\/s400\/DSC03255.JPG?ssl=1\" border=\"0\" alt=\"\" \/><br \/>\nUna grata sorpresa: en Luis Maqueda. Quan els hi explicava el mite que  tenim en la seva persona, s&#8217;ha obert un passad\u00eds i els &#8220;Mossenaires&#8221; li  han dedicat una sonora rebuda amb un bon aplaudiment<\/h3>\n<h3 style=\"text-align: justify\"><img data-recalc-dims=\"1\" decoding=\"async\" src=\"https:\/\/i0.wp.com\/lh6.googleusercontent.com\/-oaZduyTTpT8\/Te4SJy-gryI\/AAAAAAAAFu0\/9Yb7R9ySypI\/s400\/DSC03256.JPG?ssl=1\" border=\"0\" alt=\"\" \/><\/h3>\n<h3 style=\"text-align: justify\"><img data-recalc-dims=\"1\" decoding=\"async\" src=\"https:\/\/i0.wp.com\/lh6.googleusercontent.com\/-sTM0vwNnwIM\/Te4SKmZJhhI\/AAAAAAAAFu4\/soXd0Q357gw\/s400\/DSC03257.JPG?ssl=1\" border=\"0\" alt=\"\" \/><br \/>\n<img data-recalc-dims=\"1\" decoding=\"async\" src=\"https:\/\/i0.wp.com\/lh5.googleusercontent.com\/-KOZS6KSe7G8\/Te4SLk8c-SI\/AAAAAAAAFu8\/WKUIdeUKfPk\/s400\/DSC03258.JPG?ssl=1\" border=\"0\" alt=\"\" \/><br \/>\n<img data-recalc-dims=\"1\" decoding=\"async\" src=\"https:\/\/i0.wp.com\/lh3.googleusercontent.com\/-jXQ5AWUQ7pI\/Te4SMSwfEcI\/AAAAAAAAFvE\/xmO603_svFg\/s400\/DSC03259.JPG?ssl=1\" border=\"0\" alt=\"\" \/><br \/>\n<img data-recalc-dims=\"1\" decoding=\"async\" src=\"https:\/\/i0.wp.com\/lh4.googleusercontent.com\/-9SfZGvq23Q4\/Te4SNTR8nVI\/AAAAAAAAFvI\/QY1AcTbn2hI\/s400\/DSC03260.JPG?ssl=1\" border=\"0\" alt=\"\" \/><br \/>\n<img data-recalc-dims=\"1\" decoding=\"async\" src=\"https:\/\/i0.wp.com\/lh5.googleusercontent.com\/-U4tnvpicRUo\/Te4SOWu93eI\/AAAAAAAAFvM\/ddKsOSReOpU\/s400\/DSC03261.JPG?ssl=1\" border=\"0\" alt=\"\" \/><br \/>\n<img data-recalc-dims=\"1\" decoding=\"async\" src=\"https:\/\/i0.wp.com\/lh3.googleusercontent.com\/-3KvuKi-EAhU\/Te4SPFS4WaI\/AAAAAAAAFvQ\/LsJ5HS7K1tk\/s400\/DSC03262.JPG?ssl=1\" border=\"0\" alt=\"\" \/><br \/>\n<img data-recalc-dims=\"1\" decoding=\"async\" src=\"https:\/\/i0.wp.com\/lh5.googleusercontent.com\/-VtHJcZCXjKU\/Te4SPwOrmHI\/AAAAAAAAFvU\/3ZZ4UgK_Lfg\/s400\/DSC03263.JPG?ssl=1\" border=\"0\" alt=\"\" \/><br \/>\n<img data-recalc-dims=\"1\" decoding=\"async\" src=\"https:\/\/i0.wp.com\/lh6.googleusercontent.com\/-xXhKAcbPPc0\/Te4SQsexBWI\/AAAAAAAAFvY\/SwRpCUGfBuU\/s400\/DSC03264.JPG?ssl=1\" border=\"0\" alt=\"\" \/><br \/>\n<img data-recalc-dims=\"1\" decoding=\"async\" src=\"https:\/\/i0.wp.com\/lh6.googleusercontent.com\/-h7KItflC3sY\/Te4SRRYSVmI\/AAAAAAAAFvc\/EuVq2F4GwJo\/s400\/DSC03265.JPG?ssl=1\" border=\"0\" alt=\"\" \/><\/h3>\n<h3 style=\"text-align: justify\">Aquest pont fimbreja al nostr pas. Es fa divertit passar-hi<\/h3>\n<h3 style=\"text-align: justify\"><img data-recalc-dims=\"1\" decoding=\"async\" src=\"https:\/\/i0.wp.com\/lh4.googleusercontent.com\/-fq3SZyLoX8U\/Te4SSWQcXvI\/AAAAAAAAFvg\/7wuEf2yar_8\/s400\/DSC03266.JPG?ssl=1\" border=\"0\" alt=\"\" \/><br \/>\nImagineu-vos si en Jos\u00e9 Manuel Jim\u00e9nez est\u00e0 fort, que ha volgut improvisar amb unes escales<br \/>\n<img data-recalc-dims=\"1\" decoding=\"async\" src=\"https:\/\/i0.wp.com\/lh3.googleusercontent.com\/-mlR4QmEI-to\/Te4STZFTo0I\/AAAAAAAAFvk\/Fv7sqYNtBDg\/s400\/DSC03267.JPG?ssl=1\" border=\"0\" alt=\"\" \/><br \/>\nI en Carles, talment igual. En Casi, desapareixia per un altre cam\u00ed diferent al nostre.<\/h3>\n<h3 style=\"text-align: justify\"><span class=\"postbody\"><span style=\"font-size: 18px;line-height: normal\">Dins  del m\u00f3n de l&#8217;ultrafons, quan un veu un ultrafondista aviat veu  similituds i \u00e9s el que em va passar pel cap quan vaig comen\u00e7ar a seguir  en Pedro. Soc sincer si dic que no el conec gaire, i nom\u00e9s li ser la  seva vessant com un home dur. Sovinteja la muntanya de Montserrat i fa  entrenaments que per un altre persona serien impossibles. S&#8217;apunta i  acaba tot tipus de variants de proves de lo m\u00e9s b\u00e8stia i de tant en  tant, ve a rodar amb nosaltres i sempre en total discreci\u00f3.<br \/>\nHi ha una imatge d&#8217;ell que tinc al cap quan faig el 100 de pista i es  passa for\u00e7a hores mirant-lo, i el veig prenent mides i ser que te al cap  sotmetres a la &#8220;tortura&#8221; de fer 100 quil\u00f2metres donant voltes:  la idea  encara no el sedueix, encara que estic segur que el feria perfecte per  la seva fortalesa f\u00edsica i mental.<br \/>\nLi vaig demanar de ser &#8220;Mossenaire&#8221; just a la setmana de fer una proesa: La Marat\u00f3 de Zegama,<br \/>\n<a href=\"http:\/\/www.zegama-aizkorri.net\/web-es\/CustomPages\/presentacion.aspx\" target=\"_blank\">http:\/\/www.zegama-aizkorri.net\/web-es\/CustomPages\/presentacion.aspx<\/a> <\/span><\/span><\/h3>\n<h3 style=\"text-align: justify\">Gr\u00e0cies per ser un &#8220;Mossenaire&#8221; m\u00e9s i venir.<\/h3>\n<h3 style=\"text-align: justify\"><img data-recalc-dims=\"1\" decoding=\"async\" src=\"https:\/\/i0.wp.com\/lh4.googleusercontent.com\/-x9jn5QmdfbA\/Te4SZQ3AYOI\/AAAAAAAAFvs\/J-PVAvPB6EE\/s400\/DSC03270.JPG?ssl=1\" border=\"0\" alt=\"\" \/><br \/>\n<span class=\"genmed\"><\/p>\n<div style=\"text-align: center\"><big><\/big><big><\/big><big><\/big><big><a href=\"http:\/\/mossenhoms.netfreehost.com\/mossenhoms-forum-34.html\">EL MOSSENAIRE    DE LA SETMANA<\/a><br \/>\n<a href=\"http:\/\/mossenhoms.netfreehost.com\/viewtopic.php?p=12155&amp;mforum=mossenhoms#12155\"><img data-recalc-dims=\"1\" decoding=\"async\" src=\"https:\/\/i0.wp.com\/lh3.googleusercontent.com\/-mP5h_nV5WP4\/Te4Sbb2fjhI\/AAAAAAAAFvw\/horpr4kvTJY\/s400\/DSC03271.JPG?ssl=1\" border=\"0\" alt=\"\"  \/><\/a> <\/big><\/div>\n<p><\/span><br \/>\n<span class=\"postbody\"><span style=\"font-size: 18px;line-height: normal\"> <\/span><\/span><\/h3>\n<h3 style=\"text-align: justify\"><span style=\"color: blue\"><span style=\"font-weight: bold\">Hola <\/span><\/span><\/h3>\n<h3 style=\"text-align: justify\"><span style=\"color: #0000ff\">Em dic Pedro Santos, tinc 58 anys, i corro per que m&#8217;agrada, sense saber exactament, els motius per qu\u00e8  ho faig. <\/span><\/h3>\n<h3 style=\"text-align: justify\"><span style=\"color: #0000ff\">Aquesta es la meva segona etapa com a corredor, ja que vaig c\u00f3rrer durant uns anys per l&#8217;\u00e8poca dels 80,<br \/>\ndespr\u00e9s va venir un &#8220;par\u00f3n&#8221; de 15 anys, fins que en vaig proposar fer el Cam\u00ed de Sant Jaume amb Btt, i en vaig posar<br \/>\na fer bici durant l&#8217;any previ.<br \/>\nEn arribar junt amb un company de treball, ens van proposar com a repte per l&#8217;any seg\u00fcent fer la Marxa Matagalls-Montserrat,<br \/>\namb lo qual vaig canviar la bici per les caminades, fent moltes excursions per tot arreu,cosa que em va fer redescobrir<br \/>\nla muntanya, que no penso abandonar mentre el cos aguanti. <\/span><\/h3>\n<h3 style=\"text-align: justify\"><span style=\"color: #0000ff\">Vaig fer la Matagalls-Montserrat en 20:38, tot i que a les darreres excursions ja comen\u00e7ava a trotar a les baixades<br \/>\ni en vaig proposar ferla tots els anys, cosa que fins ara he aconseguit. <\/span><\/h3>\n<h3 style=\"text-align: justify\"><span style=\"color: #0000ff\">Poc a poc el trote a les baixades es va anar allargant, trotant als plans, falsos plans i fins i tot pujades,<br \/>\ntransformant-me poc a poc de marxaire a trotador, i m&#8217;imagino que amb el temps i la edat tornar\u00e9 a ser marxaire<br \/>\nun altre vegada. <\/span><\/h3>\n<h3 style=\"text-align: justify\"><span style=\"color: #0000ff\">M&#8217;agrada c\u00f3rrer per la muntanya, i en dedico casi exclusivament a fer curses, marxes i trails, preferiblement de 40 a 100 km,<br \/>\nque son les distancies on em trobo be. Les curses urbanes, encara que faig alguna, no m&#8217;acanaven de fer el pes. <\/span><\/h3>\n<h3 style=\"text-align: justify\"><span style=\"color: #0000ff\">A MHoms vaig de tant en tant, per veure a coneguts, fer un bon esmorzar, i perqu\u00e8 es una bona zona per estirar les cames. <\/span><\/h3>\n<h3 style=\"text-align: justify\"><span style=\"color: #0000ff\">Tinc reptes importants per fer de cara al futur, sobre tot quan ja no treballi, i sempre que el cos ho permeti, com: <\/span><\/h3>\n<h3 style=\"text-align: justify\"><span style=\"color: #0000ff\">Ca la Montse &#8211; Ca la Pili, non-stop.<br \/>\nDe Sant Quirze a Finisterre seguint el Cam\u00ed de Sant Jaume Caminant\/Corrent.<br \/>\nIrun a Santiago (Cam\u00ed del Nord).<br \/>\nUTMB.<br \/>\nGr-11.<br \/>\nGr-92.<br \/>\netc&#8230;&#8230; <\/span><\/h3>\n<h3 style=\"text-align: justify\"><span style=\"color: #0000ff\">i tot el que en faci il\u00b7lusi\u00f3, com els 100 km de Terrassa, que els tinc pendents <\/span><\/h3>\n","protected":false},"excerpt":{"rendered":"<p>Corre, no paris, no paris. Segueix corrent, per\u00f2 amb qui ? amb els &#8220;Mossenaires&#8221;. Com que la setmaneta en quan a pluges ha estat intensa, es preveia que els camins de Can Bon Vilar, del golf, de Can Deu i en definitiva, tots els nostres camins, estarien ben enfangats. El radar meteorol\u00f2gic estava ple d&#8217;amenaces [&hellip;]<\/p>\n","protected":false},"author":171,"featured_media":0,"comment_status":"open","ping_status":"open","sticky":false,"template":"","format":"standard","meta":{"jetpack_post_was_ever_published":false,"_jetpack_newsletter_access":"","_jetpack_dont_email_post_to_subs":false,"_jetpack_newsletter_tier_id":0,"_jetpack_memberships_contains_paywalled_content":false,"_jetpack_memberships_contains_paid_content":false,"footnotes":"","jetpack_publicize_message":"","jetpack_publicize_feature_enabled":true,"jetpack_social_post_already_shared":false,"jetpack_social_options":{"image_generator_settings":{"template":"highway","default_image_id":0,"font":"","enabled":false},"version":2}},"categories":[5580],"tags":[],"class_list":["post-770","post","type-post","status-publish","format-standard","hentry","category-entrenaments"],"jetpack_publicize_connections":[],"jetpack_featured_media_url":"","jetpack_sharing_enabled":true,"jetpack_shortlink":"https:\/\/wp.me\/pagkiK-cq","jetpack-related-posts":[{"id":35,"url":"https:\/\/blogs.avui.cat\/pepmoliner\/2008\/06\/28\/28-juny-entrenament-en-grup\/","url_meta":{"origin":770,"position":0},"title":"28 juny, Entrenament en GRUP","author":"Pep Moliner","date":"28 de juny de 2008","format":false,"excerpt":"Apreta la calor i pensava que els convocats, tots, per terres mossenaires anirien a la baixa i ves per on una setmana m\u00e9s tenim el luxe de con\u00e8ixer nous amics que venen a fer una volteta plegats com en Rafel i el cunyat de'n Frank, que va tenir un petit\u2026","rel":"","context":"A &quot;General&quot;","block_context":{"text":"General","link":"https:\/\/blogs.avui.cat\/pepmoliner\/category\/general\/"},"img":{"alt_text":"","src":"https:\/\/i0.wp.com\/lh5.ggpht.com\/pepmoliner\/SGf2QyuOHFI\/AAAAAAAAD9k\/WXmxpLjKvYU\/s800\/MossenHoms_CIMG2860.jpg?resize=350%2C200","width":350,"height":200,"srcset":"https:\/\/i0.wp.com\/lh5.ggpht.com\/pepmoliner\/SGf2QyuOHFI\/AAAAAAAAD9k\/WXmxpLjKvYU\/s800\/MossenHoms_CIMG2860.jpg?resize=350%2C200 1x, https:\/\/i0.wp.com\/lh5.ggpht.com\/pepmoliner\/SGf2QyuOHFI\/AAAAAAAAD9k\/WXmxpLjKvYU\/s800\/MossenHoms_CIMG2860.jpg?resize=525%2C300 1.5x, https:\/\/i0.wp.com\/lh5.ggpht.com\/pepmoliner\/SGf2QyuOHFI\/AAAAAAAAD9k\/WXmxpLjKvYU\/s800\/MossenHoms_CIMG2860.jpg?resize=700%2C400 2x"},"classes":[]},{"id":4194,"url":"https:\/\/blogs.avui.cat\/pepmoliner\/2016\/06\/23\/quan-plou-hi-ha-qui-no-es-mou\/","url_meta":{"origin":770,"position":1},"title":"Quan plou hi ha qui no es mou","author":"Pep Moliner","date":"23 de juny de 2016","format":false,"excerpt":"Si; es nota que la pluja ens fa rumiar que millor no mullar-se, i avui a les setdel mat\u00ed plovia, tot i que a les vuit el temps ha millorat fant\u00e0sticament i\u00a0l'entrenament, com sempre, hist\u00f2ric. Hem fet un recorregut prou conegut, on es baixa per camins amples i ens\u00a0apropem cap\u2026","rel":"","context":"A &quot;Entrenaments&quot;","block_context":{"text":"Entrenaments","link":"https:\/\/blogs.avui.cat\/pepmoliner\/category\/entrenaments\/"},"img":{"alt_text":"","src":"","width":0,"height":0},"classes":[]},{"id":227,"url":"https:\/\/blogs.avui.cat\/pepmoliner\/2010\/03\/09\/els-mossenaires-amb-els-maratonians-bcn2010\/","url_meta":{"origin":770,"position":2},"title":"Els Mossenaires amb els Maratonians BCN2010","author":"Pep Moliner","date":"9 de mar\u00e7 de 2010","format":false,"excerpt":"Aquest esport no s'enten si no es practica, i a m\u00e9s: tal com ho fem nosaltres. Fer-ho tots els dissabtes ens uneix a tots una mica. Avui era un gran dia, previ a una gran marat\u00f3: la de Barcelona. For\u00e7a amics dels entrenaments que fem plegats, estaven reposant a casa\u2026","rel":"","context":"A &quot;Entrenaments&quot;","block_context":{"text":"Entrenaments","link":"https:\/\/blogs.avui.cat\/pepmoliner\/category\/entrenaments\/"},"img":{"alt_text":"","src":"","width":0,"height":0},"classes":[]},{"id":246,"url":"https:\/\/blogs.avui.cat\/pepmoliner\/2010\/06\/21\/tornen-els-classics-els-camins-clar\/","url_meta":{"origin":770,"position":3},"title":"Tornen els cl\u00e0ssics&#8230; els camins: clar","author":"Pep Moliner","date":"21 de juny de 2010","format":false,"excerpt":"Tots i cadasc\u00fa de nosaltres, quan anem al punt de trobada ens preguntem amb qui entrenarem i anem a l'espera de trobar als nostres amics. De vedades els uns, o de vegades els altres, sempre predomina la sensaci\u00f3 d'aprofitament del temps. Per aquestes dates, el calendari local cursil, va ple.\u2026","rel":"","context":"A &quot;General&quot;","block_context":{"text":"General","link":"https:\/\/blogs.avui.cat\/pepmoliner\/category\/general\/"},"img":{"alt_text":"","src":"","width":0,"height":0},"classes":[]},{"id":321,"url":"https:\/\/blogs.avui.cat\/pepmoliner\/2010\/06\/21\/tornen-els-classics-els-camins-clar-2\/","url_meta":{"origin":770,"position":4},"title":"Tornen els cl\u00e0ssics&#8230; els camins: clar","author":"Pep Moliner","date":"21 de juny de 2010","format":false,"excerpt":"Tots i cadasc\u00fa de nosaltres, quan anem al punt de trobada ens preguntem amb qui entrenarem i anem a l'espera de trobar als nostres amics. De vedades els uns, o de vegades els altres, sempre predomina la sensaci\u00f3 d'aprofitament del temps. Per aquestes dates, el calendari local cursil, va ple.\u2026","rel":"","context":"A &quot;General&quot;","block_context":{"text":"General","link":"https:\/\/blogs.avui.cat\/pepmoliner\/category\/general\/"},"img":{"alt_text":"","src":"","width":0,"height":0},"classes":[]},{"id":1069,"url":"https:\/\/blogs.avui.cat\/pepmoliner\/2011\/11\/17\/els-entorns-de-terrassa-per-correr\/","url_meta":{"origin":770,"position":5},"title":"Els entorns de Terrassa per c\u00f3rrer","author":"Pep Moliner","date":"17 de novembre de 2011","format":false,"excerpt":"D'aqu\u00ed uns quants anys si aquestes fotografies arriben als nostres besn\u00e9ts, segurament podran recon\u00e8ixer aquests llocs tan meravellosos gr\u00e0cies a la silueta de la Mola. La transformaci\u00f3 i urbanitzaci\u00f3 d'aquests entorns est\u00e0 assegurada, per\u00f2 els moments viscuts tots plegats ja son nostres: son el nostre tresor. B\u00e9, el lloc es\u2026","rel":"","context":"A &quot;General&quot;","block_context":{"text":"General","link":"https:\/\/blogs.avui.cat\/pepmoliner\/category\/general\/"},"img":{"alt_text":"","src":"","width":0,"height":0},"classes":[]}],"_links":{"self":[{"href":"https:\/\/blogs.avui.cat\/pepmoliner\/wp-json\/wp\/v2\/posts\/770","targetHints":{"allow":["GET"]}}],"collection":[{"href":"https:\/\/blogs.avui.cat\/pepmoliner\/wp-json\/wp\/v2\/posts"}],"about":[{"href":"https:\/\/blogs.avui.cat\/pepmoliner\/wp-json\/wp\/v2\/types\/post"}],"author":[{"embeddable":true,"href":"https:\/\/blogs.avui.cat\/pepmoliner\/wp-json\/wp\/v2\/users\/171"}],"replies":[{"embeddable":true,"href":"https:\/\/blogs.avui.cat\/pepmoliner\/wp-json\/wp\/v2\/comments?post=770"}],"version-history":[{"count":6,"href":"https:\/\/blogs.avui.cat\/pepmoliner\/wp-json\/wp\/v2\/posts\/770\/revisions"}],"predecessor-version":[{"id":775,"href":"https:\/\/blogs.avui.cat\/pepmoliner\/wp-json\/wp\/v2\/posts\/770\/revisions\/775"}],"wp:attachment":[{"href":"https:\/\/blogs.avui.cat\/pepmoliner\/wp-json\/wp\/v2\/media?parent=770"}],"wp:term":[{"taxonomy":"category","embeddable":true,"href":"https:\/\/blogs.avui.cat\/pepmoliner\/wp-json\/wp\/v2\/categories?post=770"},{"taxonomy":"post_tag","embeddable":true,"href":"https:\/\/blogs.avui.cat\/pepmoliner\/wp-json\/wp\/v2\/tags?post=770"}],"curies":[{"name":"wp","href":"https:\/\/api.w.org\/{rel}","templated":true}]}}