{"id":757,"date":"2011-06-01T13:27:57","date_gmt":"2011-06-01T12:27:57","guid":{"rendered":"http:\/\/blogs.avui.cat\/pepmoliner\/?p=757"},"modified":"2011-06-02T06:58:17","modified_gmt":"2011-06-02T05:58:17","slug":"entrenant-en-grup-mossenairement","status":"publish","type":"post","link":"https:\/\/blogs.avui.cat\/pepmoliner\/2011\/06\/01\/entrenant-en-grup-mossenairement\/","title":{"rendered":"Entrenant en grup, &#8220;Mossenairement&#8221;"},"content":{"rendered":"<h3 style=\"text-align: justify\"><strong>Heu intentat entrenar en grup alguna vegada ? <\/strong><\/h3>\n<h3 style=\"text-align: justify\"><strong>No tothom te el mateix ritme, i l&#8217;\u00fanica manera d&#8217;aconseguir-ho \u00e9s a l&#8217;estil mossenaire.<\/strong><\/h3>\n<h3 style=\"text-align: justify\"><strong>En que consisteix aquest estil ?<\/strong><\/h3>\n<h3 style=\"text-align: justify\"><strong>Donar m\u00e9s import\u00e0ncia en compartir una estona amb gent amb ganes de c\u00f3rrer acompanyada.<\/strong><\/h3>\n<h3 style=\"text-align: justify\"><strong>Quan concorren en un mateix lloc tanta gent, unificar criteris \u00e9s  complicat i per sort i gr\u00e0cies a la generositat de tots, una setmana  darrera l&#8217;altre el nostre projecte com\u00fa es perllonga en el temps.<\/strong><\/h3>\n<h3 style=\"text-align: justify\"><strong>Al comen\u00e7ament, fa ja una colla d&#8217;anys, f\u00e8iem un fotografia al final per  endur-nos un record molt concret del dia, per qu\u00e8 pens\u00e0vem que amb el  temps deixar\u00e0s de compartir aquests entrenaments que, si us hi fixeu, la  gent gaudeix d&#8217;una manera que resulta incre\u00efble.<\/strong><\/h3>\n<h3 style=\"text-align: justify\"><strong>Es mira de continuar amb la idea de que qui vingui s&#8217;hi trobi b\u00e9, pensi  com pensi, vingui d&#8217;on vingui. A part de que amb tants anys, penso que  el grup sempre va molt compacte i neixen i floreixen amistats, que el  c\u00f3rrer perllonga en el temps. Sorgeixen nous projectes entre la gent que  ens acompanya.<\/strong><\/h3>\n<h3 style=\"text-align: justify\"><strong>Conegudes son les xerrades que fan molts en acabar a un bar, on davant d&#8217;un esmorzar, acaben explicant bons acudits.<\/strong><\/h3>\n<h3 style=\"text-align: justify\"><strong>No ens allarguem m\u00e9s a la introducci\u00f3 i parlem una mica de l&#8217;entrenament d&#8217;avui.<\/strong><\/h3>\n<h3 style=\"text-align: justify\"><strong>Es proposava baixar per un cam\u00ed molt ample que ens permet poder xerrar,  riure i c\u00f3rrer. A l&#8217;al\u00e7ada de l&#8217;estaci\u00f3 de Torrebonica, havent passat el  pont que travessa la via de Rodalies, per tornar anar tots plegats.  Sempre dic i segur que em faig pesat, que qui no es vulgui aturar, ajuda  molt si va a la cerca del mossenaire que ve m\u00e9s endarrerit. Aquest  agraeix d&#8217;all\u00f2 m\u00e9s que alg\u00fa es preocupi per ell i se&#8217;l vingui a buscar.  Tamb\u00e9 te l&#8217;al\u00b7licient de no anar sol. Per aix\u00f2 sempre em sentiu: &#8220;El bon  Mossenaire \u00e9s aquell que va i ve &#8221; Per\u00f2, com que el que compte \u00e9s que  gaudiu tots, i no hi ha regla que valgui, si ens esperem una mica, \u00e9s  m\u00e9s que un gest que s&#8217;agraeix.<\/strong><\/h3>\n<h3 style=\"text-align: justify\"><strong>Com que avui hav\u00edem establert dues dist\u00e0ncies; en arribar al camp  d&#8217;oliveres, una vegada s&#8217;han fet algunes pujades i la fotografia, es fa  un segon canvi de ritme, pels que volen enfortir i\/o millorar el punt  m\u00e0xim del nostre organisme. Aquest canvis contribueixen a una millora  m\u00e9s r\u00e0pida de la condici\u00f3 f\u00edsica i els recomanem molt a tothom.<\/strong><\/h3>\n<h3 style=\"text-align: justify\"><strong>Arribats a la recta impressiona veure tanta gent fent el proposat canvi.<\/strong><\/h3>\n<h3 style=\"text-align: justify\"><strong>El grup que feia una dist\u00e0ncia d&#8217;uns set quil\u00f2metres, ha tornat des de la bassa del golf pel per\u00edmetre d&#8217;aquest.<\/strong><\/h3>\n<h3 style=\"text-align: justify\"><strong>Avui ens sorprenia de nou la quantitat de mossenaries nous que han  vingut. Gent animada per altres mossenaires, ja sigui com amics, ja  sigui el mateix Manolo que des de el seu lloc de treball, com a  professional del transport, animava a gent que no coneixem a venir.<\/strong><\/h3>\n<div style=\"text-align: justify\">\n<h3><strong><a href=\"http:\/\/mossenhoms.netfreehost.com\/viewtopic.php?p=12125&amp;mforum=mossenhoms#12125\"><img data-recalc-dims=\"1\" decoding=\"async\" src=\"https:\/\/i0.wp.com\/lh3.googleusercontent.com\/-KWctDGF2Xyk\/TeShv-JXWlI\/AAAAAAAAFo0\/g7YYmCayQ_Y\/s400\/DSC03117a.jpg?ssl=1\" border=\"0\" alt=\"\"  \/><\/a><\/strong><\/h3>\n<\/div>\n<h3 style=\"text-align: justify\"><strong><span class=\"postbody\"><span style=\"color: darkred\"><span style=\"font-size: 18px;line-height: normal\"> <\/span><\/span><\/span><\/strong><\/h3>\n<h3 style=\"text-align: justify\"><strong><img data-recalc-dims=\"1\" decoding=\"async\" src=\"https:\/\/i0.wp.com\/lh4.googleusercontent.com\/-RDVZAA0oTfw\/TePZR7g1TYI\/AAAAAAAAFjQ\/jyj6bWv4w0M\/s400\/DSC03075.JPG?ssl=1\" border=\"0\" alt=\"\" \/><br \/>\n<img data-recalc-dims=\"1\" decoding=\"async\" src=\"https:\/\/i0.wp.com\/lh6.googleusercontent.com\/-tVGUFeyfJeE\/TePZSaaVPgI\/AAAAAAAAFjU\/qNLXVYR68IA\/s400\/DSC03076.JPG?ssl=1\" border=\"0\" alt=\"\" \/><br \/>\n<img data-recalc-dims=\"1\" decoding=\"async\" src=\"https:\/\/i0.wp.com\/lh6.googleusercontent.com\/-o_uPSGfQiYM\/TePZS9JHIyI\/AAAAAAAAFjY\/wm4Li5V7958\/s400\/DSC03077.JPG?ssl=1\" border=\"0\" alt=\"\" \/><br \/>\n<img data-recalc-dims=\"1\" decoding=\"async\" src=\"https:\/\/i0.wp.com\/lh4.googleusercontent.com\/-IDJxwsO1etc\/TePZTv_iodI\/AAAAAAAAFjc\/UXiSWwL-o_M\/s400\/DSC03078.JPG?ssl=1\" border=\"0\" alt=\"\" \/><br \/>\nAvui ens ha regalat la seva pres\u00e8ncia en V\u00edctor, un professional en  temes audiovisuals. A un parell de mossenaires ens va fer protagonista  del<br \/>\nCorredor Popular<br \/>\nCorredor POPULAR . Primera part .  <a href=\"http:\/\/youtu.be\/ua2c4s5p8xg\" target=\"_blank\">http:\/\/youtu.be\/ua2c4s5p8xg<\/a><br \/>\n&#8230;&#8230;&#8230;&#8230;&#8230;&#8230; Segona part .   <a href=\"http:\/\/youtu.be\/J28C9H3M1wU\" target=\"_blank\">http:\/\/youtu.be\/J28C9H3M1wU<\/a><\/strong><\/h3>\n<h3 style=\"text-align: justify\"><strong><img data-recalc-dims=\"1\" decoding=\"async\" src=\"https:\/\/i0.wp.com\/lh6.googleusercontent.com\/-PtQF4kFNJ2Q\/TePZUepBxQI\/AAAAAAAAFjg\/eLGgJRoWAT4\/s400\/DSC03079.JPG?ssl=1\" border=\"0\" alt=\"\" \/><br \/>\n<img data-recalc-dims=\"1\" decoding=\"async\" src=\"https:\/\/i0.wp.com\/lh4.googleusercontent.com\/-zsX3VUzPlkA\/TePZVO94sUI\/AAAAAAAAFjk\/sl10t3iBOh8\/s400\/DSC03080.JPG?ssl=1\" border=\"0\" alt=\"\" \/><br \/>\n<img data-recalc-dims=\"1\" decoding=\"async\" src=\"https:\/\/i0.wp.com\/lh5.googleusercontent.com\/-d8XtMLaJzXA\/TePZV8baa8I\/AAAAAAAAFjo\/XZSKF1yQJc0\/s400\/DSC03081.JPG?ssl=1\" border=\"0\" alt=\"\" \/><br \/>\n<img data-recalc-dims=\"1\" decoding=\"async\" src=\"https:\/\/i0.wp.com\/lh5.googleusercontent.com\/-Q1fV7k5y5W4\/TePZWfisARI\/AAAAAAAAFjs\/6_Ms-QlCS4U\/s400\/DSC03082.JPG?ssl=1\" border=\"0\" alt=\"\" \/><br \/>\n<img data-recalc-dims=\"1\" decoding=\"async\" src=\"https:\/\/i0.wp.com\/lh5.googleusercontent.com\/-IKDLmbwhMCw\/TePZXVLs76I\/AAAAAAAAFj0\/8T8fSrrzDSY\/s400\/DSC03084.JPG?ssl=1\" border=\"0\" alt=\"\" \/><br \/>\n<img data-recalc-dims=\"1\" decoding=\"async\" src=\"https:\/\/i0.wp.com\/lh4.googleusercontent.com\/-gr7SwkDAFl0\/TePZX8GFB0I\/AAAAAAAAFj4\/IpyQHUn_q4I\/s400\/DSC03085.JPG?ssl=1\" border=\"0\" alt=\"\" \/><br \/>\nAvui dos amics es troben entrenant plegats a Torre Moss\u00e8n Homs. Tots dos  son persones que valen molt. En Xavi Papell i en Pau Sust<\/strong><\/h3>\n<h3 style=\"text-align: justify\"><strong><img data-recalc-dims=\"1\" decoding=\"async\" src=\"https:\/\/i0.wp.com\/lh6.googleusercontent.com\/-8sToakuCAm4\/TePZYi4oJFI\/AAAAAAAAFj8\/953Mqd5z-qc\/s400\/DSC03086.JPG?ssl=1\" border=\"0\" alt=\"\" \/><br \/>\n<img data-recalc-dims=\"1\" decoding=\"async\" src=\"https:\/\/i0.wp.com\/lh4.googleusercontent.com\/-X-bQmDWbWMI\/TePZZbXDemI\/AAAAAAAAFkA\/wpAE0GQZrP8\/s400\/DSC03087.JPG?ssl=1\" border=\"0\" alt=\"\" \/><br \/>\n<img data-recalc-dims=\"1\" decoding=\"async\" src=\"https:\/\/i0.wp.com\/lh4.googleusercontent.com\/-Bo3kiXLi-YY\/TePZZ1gZviI\/AAAAAAAAFkE\/MeEkRwb51hg\/s400\/DSC03088.JPG?ssl=1\" border=\"0\" alt=\"\" \/><br \/>\n<img data-recalc-dims=\"1\" decoding=\"async\" src=\"https:\/\/i0.wp.com\/lh5.googleusercontent.com\/-V2yi3ru_0DU\/TePZanhTrlI\/AAAAAAAAFkI\/209BIuABna4\/s400\/DSC03089.JPG?ssl=1\" border=\"0\" alt=\"\" \/><br \/>\n<img data-recalc-dims=\"1\" decoding=\"async\" src=\"https:\/\/i0.wp.com\/lh5.googleusercontent.com\/-CcT04XH_Hps\/TePZbF4dkTI\/AAAAAAAAFkQ\/T9d2vgPWz5s\/s400\/DSC03090.JPG?ssl=1\" border=\"0\" alt=\"\" \/><br \/>\nEls mossenaires passen per sota de Torrebonica<\/strong><\/h3>\n<h3 style=\"text-align: justify\"><strong><img data-recalc-dims=\"1\" decoding=\"async\" src=\"https:\/\/i0.wp.com\/lh6.googleusercontent.com\/-7M6T4Rf1OwM\/TePZcEdWOmI\/AAAAAAAAFkU\/IQ169O6SF-U\/s400\/DSC03091.JPG?ssl=1\" border=\"0\" alt=\"\" \/><br \/>\n<img data-recalc-dims=\"1\" decoding=\"async\" src=\"https:\/\/i0.wp.com\/lh6.googleusercontent.com\/-J41QujP5fw0\/TePZcne8MsI\/AAAAAAAAFkY\/dgaAVP4bTNg\/s400\/DSC03092.JPG?ssl=1\" border=\"0\" alt=\"\" \/><br \/>\n<img data-recalc-dims=\"1\" decoding=\"async\" src=\"https:\/\/i0.wp.com\/lh3.googleusercontent.com\/-dG6MJ4dtl40\/TePZfT56kfI\/AAAAAAAAFkk\/JTiIYdcFEnU\/s400\/DSC03095.JPG?ssl=1\" border=\"0\" alt=\"\" \/><br \/>\n<img data-recalc-dims=\"1\" decoding=\"async\" src=\"https:\/\/i0.wp.com\/lh4.googleusercontent.com\/-mREAMRW_dw8\/TePZgK9gyrI\/AAAAAAAAFko\/4vCKH-vHn7k\/s400\/DSC03096.JPG?ssl=1\" border=\"0\" alt=\"\" \/><br \/>\n<img data-recalc-dims=\"1\" decoding=\"async\" src=\"https:\/\/i0.wp.com\/lh3.googleusercontent.com\/-02Uyr56EUBc\/TePZhLgbDiI\/AAAAAAAAFks\/pvLGaSkqbqg\/s400\/DSC03097.JPG?ssl=1\" border=\"0\" alt=\"\" \/><br \/>\n<img data-recalc-dims=\"1\" decoding=\"async\" src=\"https:\/\/i0.wp.com\/lh6.googleusercontent.com\/--1KybBTF1P4\/TePZjr9M71I\/AAAAAAAAFk8\/4gDXi4m_haM\/s400\/DSC03100.JPG?ssl=1\" border=\"0\" alt=\"\" \/><br \/>\n<img data-recalc-dims=\"1\" decoding=\"async\" src=\"https:\/\/i0.wp.com\/lh5.googleusercontent.com\/-QT2hnHg6KzY\/TePZktw3hKI\/AAAAAAAAFlA\/h2uvLZUsfME\/s400\/DSC03101.JPG?ssl=1\" border=\"0\" alt=\"\" \/><br \/>\n<img data-recalc-dims=\"1\" decoding=\"async\" src=\"https:\/\/i0.wp.com\/lh6.googleusercontent.com\/-ems373Cd0EI\/TePZleol4YI\/AAAAAAAAFlE\/h58Qp0RwpoE\/s400\/DSC03102.JPG?ssl=1\" border=\"0\" alt=\"\" \/><br \/>\n<img data-recalc-dims=\"1\" decoding=\"async\" src=\"https:\/\/i0.wp.com\/lh5.googleusercontent.com\/-5B3r2KeDWAA\/TePZl1SO23I\/AAAAAAAAFlI\/dKOcHtS5rZ8\/s400\/DSC03103.JPG?ssl=1\" border=\"0\" alt=\"\" \/><br \/>\nAvui en Jaume Aragon\u00e9s, de groc, ha pujat des de Can Palet amb en Pep<\/strong><\/h3>\n<h3 style=\"text-align: justify\"><strong><img data-recalc-dims=\"1\" decoding=\"async\" src=\"https:\/\/i0.wp.com\/lh5.googleusercontent.com\/-G8I-FuAGsTo\/TePZmsK_yjI\/AAAAAAAAFlM\/CkpgYH2uMEo\/s400\/DSC03104.JPG?ssl=1\" border=\"0\" alt=\"\" \/><br \/>\n<img data-recalc-dims=\"1\" decoding=\"async\" src=\"https:\/\/i0.wp.com\/lh3.googleusercontent.com\/-8J8Ns1Y5tHo\/TePZnSSeWcI\/AAAAAAAAFlQ\/YLjrAFbecvc\/s400\/DSC03105.JPG?ssl=1\" border=\"0\" alt=\"\" \/><br \/>\n<img data-recalc-dims=\"1\" decoding=\"async\" src=\"https:\/\/i0.wp.com\/lh3.googleusercontent.com\/-p5eYlFh1-PA\/TePZoNrX31I\/AAAAAAAAFlU\/ILkQ1J4-e1s\/s400\/DSC03106.JPG?ssl=1\" border=\"0\" alt=\"\" \/><br \/>\nUn nou mossenaire, que ha vingut des de Barcelona acompanyat per en Xavi Papell<br \/>\n<img data-recalc-dims=\"1\" decoding=\"async\" src=\"https:\/\/i0.wp.com\/lh5.googleusercontent.com\/-BX3_2GWcouQ\/TePZqXL4wFI\/AAAAAAAAFlg\/FhPdd8KKlxA\/s400\/DSC03109.JPG?ssl=1\" border=\"0\" alt=\"\" \/><br \/>\nL&#8217;Enric ara \u00e9s dels habituals i a m\u00e9s porta amics mossenaires, que  s&#8217;estrenen, seguit de prop que en Valenzuela, que anava d&#8217;estrena  d&#8217;indument\u00e0ria.<\/strong><\/h3>\n<h3 style=\"text-align: justify\"><strong><img data-recalc-dims=\"1\" decoding=\"async\" src=\"https:\/\/i0.wp.com\/lh3.googleusercontent.com\/-Yjk34SPrHoA\/TePZrOvnKlI\/AAAAAAAAFlk\/ZTrlzVWsHjw\/s400\/DSC03110.JPG?ssl=1\" border=\"0\" alt=\"\" \/><br \/>\n<img data-recalc-dims=\"1\" decoding=\"async\" src=\"https:\/\/i0.wp.com\/lh4.googleusercontent.com\/-k04on-UsU9c\/TePZrg2a9FI\/AAAAAAAAFlo\/oQMXmAu6lQU\/s400\/DSC03111.JPG?ssl=1\" border=\"0\" alt=\"\" \/><br \/>\nLluis Oll\u00e9, feia molts anys que no el veia i avui tamb\u00e9 s&#8217;estrenava com a mossenaire<\/strong><\/h3>\n<h3 style=\"text-align: justify\"><strong><img data-recalc-dims=\"1\" decoding=\"async\" src=\"https:\/\/i0.wp.com\/lh6.googleusercontent.com\/-PhDqWOMyDx0\/TePZsUuJM1I\/AAAAAAAAFls\/ldRbN5ir4uA\/s400\/DSC03112.JPG?ssl=1\" border=\"0\" alt=\"\" \/><br \/>\n<img data-recalc-dims=\"1\" decoding=\"async\" src=\"https:\/\/i0.wp.com\/lh6.googleusercontent.com\/-SrDP2k6J55c\/TePZtLxSrxI\/AAAAAAAAFlw\/zqfIPKAZ9RE\/s400\/DSC03113.JPG?ssl=1\" border=\"0\" alt=\"\" \/><br \/>\nI el grup que tancava el grup, Molts mossenaires nous avui. Esperem anar  aprenent els seus noms de ben aviat, donat que ens omple de joia tenir  nous amics.<\/strong><\/h3>\n<h3 style=\"text-align: justify\"><strong><img data-recalc-dims=\"1\" decoding=\"async\" src=\"https:\/\/i0.wp.com\/lh3.googleusercontent.com\/-JMqnfd9vDeo\/TePZt9GkWGI\/AAAAAAAAFl0\/nKFtQz6mA7U\/s400\/DSC03114.JPG?ssl=1\" border=\"0\" alt=\"\" \/><br \/>\nCom podeu veure, ens esperem. En Pep ja diu ja que hem d&#8217;anar a buscar  el que ve m\u00e9s endarrerit. Deixem-lo cantar, eiii i que duri.<\/strong><\/h3>\n<h3 style=\"text-align: justify\"><strong><img data-recalc-dims=\"1\" decoding=\"async\" src=\"https:\/\/i0.wp.com\/lh5.googleusercontent.com\/-hTFhiG0JL4I\/TePZu2GakiI\/AAAAAAAAFl4\/VH0FhvsTvTQ\/s400\/DSC03116.JPG?ssl=1\" border=\"0\" alt=\"\" \/><br \/>\nCompartim circu\u00eft amb esportistes, que gentilment s&#8217;esperaven a que  f\u00e9ssim la fotografia i en canvi nosaltres la vol\u00edem enriquir amb la seva  pres\u00e8ncia<br \/>\nMolt\u00edssima gent amb ganes de compartir una estona per aquest entorn tan  gener\u00f3s. Hem establert a partir d&#8217;aquest punt un retorn amb menys  dist\u00e0ncia.<\/strong><\/h3>\n<h3 style=\"text-align: justify\"><strong><img data-recalc-dims=\"1\" decoding=\"async\" src=\"https:\/\/i0.wp.com\/lh4.googleusercontent.com\/-OK48vYBSBrY\/TePZvQZvANI\/AAAAAAAAFl8\/PB_B7oA4Lzc\/s400\/DSC03118.JPG?ssl=1\" border=\"0\" alt=\"\" \/><br \/>\n<img data-recalc-dims=\"1\" decoding=\"async\" src=\"https:\/\/i0.wp.com\/lh6.googleusercontent.com\/-nDsVp0bPyQU\/TePZv2Ir54I\/AAAAAAAAFmA\/Oj35Id_gD2g\/s400\/DSC03119.JPG?ssl=1\" border=\"0\" alt=\"\" \/><br \/>\n<img data-recalc-dims=\"1\" decoding=\"async\" src=\"https:\/\/i0.wp.com\/lh4.googleusercontent.com\/-KaLKv0Xt9MM\/TePZwtQaoTI\/AAAAAAAAFmE\/ncNum9Xlxcs\/s400\/DSC03120.JPG?ssl=1\" border=\"0\" alt=\"\" \/><br \/>\n<img data-recalc-dims=\"1\" decoding=\"async\" src=\"https:\/\/i0.wp.com\/lh4.googleusercontent.com\/-aYqtwbzawGY\/TePZxblTg8I\/AAAAAAAAFmI\/M5OL3g1i_HQ\/s400\/DSC03121.JPG?ssl=1\" border=\"0\" alt=\"\" \/><br \/>\n<img data-recalc-dims=\"1\" decoding=\"async\" src=\"https:\/\/i0.wp.com\/lh5.googleusercontent.com\/-Vl3boywCTsA\/TePZx-DukfI\/AAAAAAAAFmM\/S0L0yKiSBF4\/s400\/DSC03122.JPG?ssl=1\" border=\"0\" alt=\"\" \/><br \/>\n<img data-recalc-dims=\"1\" decoding=\"async\" src=\"https:\/\/i0.wp.com\/lh3.googleusercontent.com\/-u2Xruabl3xE\/TePZ0KdfzII\/AAAAAAAAFmg\/8S8WB3_qxP4\/s400\/DSC03126.JPG?ssl=1\" border=\"0\" alt=\"\" \/><br \/>\n<img data-recalc-dims=\"1\" decoding=\"async\" src=\"https:\/\/i0.wp.com\/lh3.googleusercontent.com\/-vn1i-Mw5mT0\/TePZ0tnl2-I\/AAAAAAAAFmk\/U5k5k63nxak\/s400\/DSC03127.JPG?ssl=1\" border=\"0\" alt=\"\" \/><br \/>\n<img data-recalc-dims=\"1\" decoding=\"async\" src=\"https:\/\/i0.wp.com\/lh5.googleusercontent.com\/-rUQCpQZ6A6I\/TePZ1CJNlEI\/AAAAAAAAFmo\/88AIDNsBUHM\/s400\/DSC03128.JPG?ssl=1\" border=\"0\" alt=\"\" \/><br \/>\n<img data-recalc-dims=\"1\" decoding=\"async\" src=\"https:\/\/i0.wp.com\/lh6.googleusercontent.com\/-cESF5hVMrTg\/TePZ1m6cLDI\/AAAAAAAAFms\/aCR2c0s5dCw\/s400\/DSC03129.JPG?ssl=1\" border=\"0\" alt=\"\" \/><br \/>\n<img data-recalc-dims=\"1\" decoding=\"async\" src=\"https:\/\/i0.wp.com\/lh6.googleusercontent.com\/-Jz2rjtEpke4\/TePZ3DI6Q-I\/AAAAAAAAFm4\/7NSctgY1y-c\/s400\/DSC03132.JPG?ssl=1\" border=\"0\" alt=\"\" \/><br \/>\n<img data-recalc-dims=\"1\" decoding=\"async\" src=\"https:\/\/i0.wp.com\/lh5.googleusercontent.com\/-f7pzpbct2-Y\/TePZ3uLP01I\/AAAAAAAAFm8\/_LfwuL7dnW0\/s400\/DSC03133.JPG?ssl=1\" border=\"0\" alt=\"\" \/><br \/>\n<img data-recalc-dims=\"1\" decoding=\"async\" src=\"https:\/\/i0.wp.com\/lh6.googleusercontent.com\/-ObA-tz-xWFg\/TePZ4XUlcCI\/AAAAAAAAFnA\/d4w0NxIUo1w\/s400\/DSC03134.JPG?ssl=1\" border=\"0\" alt=\"\" \/><br \/>\n<img data-recalc-dims=\"1\" decoding=\"async\" src=\"https:\/\/i0.wp.com\/lh6.googleusercontent.com\/-ijnKLT7AeqQ\/TePZ4zJ34LI\/AAAAAAAAFnE\/ppDD8csdli4\/s400\/DSC03135.JPG?ssl=1\" border=\"0\" alt=\"\" \/><br \/>\n<img data-recalc-dims=\"1\" decoding=\"async\" src=\"https:\/\/i0.wp.com\/lh4.googleusercontent.com\/-569uVqaxLCY\/TePZ5YZH3wI\/AAAAAAAAFnI\/HZbLmNpWwm0\/s400\/DSC03136.JPG?ssl=1\" border=\"0\" alt=\"\" \/><br \/>\n<img data-recalc-dims=\"1\" decoding=\"async\" src=\"https:\/\/i0.wp.com\/lh4.googleusercontent.com\/-MjS6-xghGiw\/TePZ6cxTEpI\/AAAAAAAAFnQ\/a_j04uUCwAI\/s400\/DSC03138.JPG?ssl=1\" border=\"0\" alt=\"\" \/><br \/>\n<img data-recalc-dims=\"1\" decoding=\"async\" src=\"https:\/\/i0.wp.com\/lh4.googleusercontent.com\/-bYMmRqDBOso\/TePZ7HJQ_aI\/AAAAAAAAFnU\/L861PM_PLb8\/s400\/DSC03139.JPG?ssl=1\" border=\"0\" alt=\"\" \/> <\/strong><\/h3>\n<h3 style=\"text-align: justify\"><strong><img data-recalc-dims=\"1\" decoding=\"async\" src=\"https:\/\/i0.wp.com\/lh6.googleusercontent.com\/-iEiyQJlblwc\/TePZ7_QD2XI\/AAAAAAAAFnY\/lk7bEDy2jLw\/s400\/DSC03140.JPG?ssl=1\" border=\"0\" alt=\"\" \/><br \/>\n<img data-recalc-dims=\"1\" decoding=\"async\" src=\"https:\/\/i0.wp.com\/lh6.googleusercontent.com\/-1_-kYUghvOM\/TePZ8c75R6I\/AAAAAAAAFnc\/OGT0O5HfAkU\/s400\/DSC03141.JPG?ssl=1\" border=\"0\" alt=\"\" \/><br \/>\n<img data-recalc-dims=\"1\" decoding=\"async\" src=\"https:\/\/i0.wp.com\/lh6.googleusercontent.com\/-XGWrYZnpOe0\/TePZ9CvyrkI\/AAAAAAAAFng\/3L3ubZNTg8g\/s400\/DSC03142.JPG?ssl=1\" border=\"0\" alt=\"\" \/> <\/strong><\/h3>\n<h3 style=\"text-align: justify\"><strong><img data-recalc-dims=\"1\" decoding=\"async\" src=\"https:\/\/i0.wp.com\/lh3.googleusercontent.com\/-zS33Qk0nH3o\/TePZ95DEGNI\/AAAAAAAAFnk\/EjVu9d4DOg8\/s400\/DSC03143.JPG?ssl=1\" border=\"0\" alt=\"\" \/><br \/>\nl&#8217;Antonio sempre ens destaca ho feli\u00e7 que es sent entrenant plegats. Ha  estat operat recentment i te que anar en compte, i per ell entrenar  plegats ho te com un dels bens m\u00e9s preuats i nosaltres som molt feli\u00e7os  de tenir l&#8217;Antonio Blanco<\/strong><\/h3>\n<h3 style=\"text-align: justify\"><strong><img data-recalc-dims=\"1\" decoding=\"async\" src=\"https:\/\/i0.wp.com\/lh4.googleusercontent.com\/-syJLNQSvdWI\/TePZ-cKTIbI\/AAAAAAAAFno\/xu9WDkgl_-w\/s400\/DSC03144.JPG?ssl=1\" border=\"0\" alt=\"\" \/><br \/>\n[img][\/img]<\/strong><\/h3>\n<h3 style=\"text-align: justify\"><strong><img data-recalc-dims=\"1\" decoding=\"async\" src=\"https:\/\/i0.wp.com\/lh5.googleusercontent.com\/-Z5QF1V9rpoA\/TePZ-_XajNI\/AAAAAAAAFns\/li4VAI3vbkA\/s400\/DSC03145.JPG?ssl=1\" border=\"0\" alt=\"\" \/><br \/>\n<img data-recalc-dims=\"1\" decoding=\"async\" src=\"https:\/\/i0.wp.com\/lh4.googleusercontent.com\/-CIpXVlQx7eA\/TePZ_moqGFI\/AAAAAAAAFnw\/6P1F2p-zi0I\/s400\/DSC03146.JPG?ssl=1\" border=\"0\" alt=\"\" \/><br \/>\n<img data-recalc-dims=\"1\" decoding=\"async\" src=\"https:\/\/i0.wp.com\/lh3.googleusercontent.com\/-Cd-y6eWlB60\/TePaAqWd_3I\/AAAAAAAAFn0\/9IW8TXe5nHs\/s400\/DSC03147.JPG?ssl=1\" border=\"0\" alt=\"\" \/> <\/strong><\/h3>\n<h3 style=\"text-align: justify\"><strong><img data-recalc-dims=\"1\" decoding=\"async\" src=\"https:\/\/i0.wp.com\/lh4.googleusercontent.com\/-9XDa1GP2m7o\/TePaBWqPxcI\/AAAAAAAAFn4\/4dRvgY_VAVc\/s400\/DSC03148.JPG?ssl=1\" border=\"0\" alt=\"\" \/><br \/>\n<img data-recalc-dims=\"1\" decoding=\"async\" src=\"https:\/\/i0.wp.com\/lh5.googleusercontent.com\/-SbIR47WAD28\/TePaB7p2orI\/AAAAAAAAFn8\/nOpKNM2Ho7A\/s400\/DSC03149.JPG?ssl=1\" border=\"0\" alt=\"\" \/><br \/>\n<img data-recalc-dims=\"1\" decoding=\"async\" src=\"https:\/\/i0.wp.com\/lh5.googleusercontent.com\/-dX7rSRyUr2E\/TePaCp3PUlI\/AAAAAAAAFoA\/oSrf1Pq7glk\/s400\/DSC03150.JPG?ssl=1\" border=\"0\" alt=\"\" \/><br \/>\nEn Manel amb la senyal de la vict\u00f2ria. \u00c9s tamb\u00e9 un dels nostres valors m\u00e9s preuats.<\/strong><\/h3>\n<h3 style=\"text-align: justify\"><strong><img data-recalc-dims=\"1\" decoding=\"async\" src=\"https:\/\/i0.wp.com\/lh6.googleusercontent.com\/-pCrV-L2RETI\/TePaDOgO5NI\/AAAAAAAAFoE\/qHEKQHh8BjQ\/s400\/DSC03151.JPG?ssl=1\" border=\"0\" alt=\"\" \/><br \/>\n<img data-recalc-dims=\"1\" decoding=\"async\" src=\"https:\/\/i0.wp.com\/lh3.googleusercontent.com\/-U5ymz-2IxbE\/TePaD6T8wPI\/AAAAAAAAFoI\/Hyg4PRfB8fs\/s400\/DSC03152.JPG?ssl=1\" border=\"0\" alt=\"\" \/><br \/>\n<img data-recalc-dims=\"1\" decoding=\"async\" src=\"https:\/\/i0.wp.com\/lh4.googleusercontent.com\/-tWWpbcVzLug\/TePaEZ6TaeI\/AAAAAAAAFoM\/nCGOKYdTGnQ\/s400\/DSC03153.JPG?ssl=1\" border=\"0\" alt=\"\" \/> <\/strong><\/h3>\n<h3 style=\"text-align: justify\"><strong><img data-recalc-dims=\"1\" decoding=\"async\" src=\"https:\/\/i0.wp.com\/lh4.googleusercontent.com\/-3-m6YvTEeoo\/TePaFFsMZZI\/AAAAAAAAFoQ\/_WNUYFyLpzU\/s400\/DSC03154.JPG?ssl=1\" border=\"0\" alt=\"\" \/><br \/>\n<img data-recalc-dims=\"1\" decoding=\"async\" src=\"https:\/\/i0.wp.com\/lh5.googleusercontent.com\/-X7RdzVK1XNM\/TePaF42KxoI\/AAAAAAAAFoU\/4umsM36d6F0\/s400\/DSC03155.JPG?ssl=1\" border=\"0\" alt=\"\" \/><br \/>\n<img data-recalc-dims=\"1\" decoding=\"async\" src=\"https:\/\/i0.wp.com\/lh3.googleusercontent.com\/-KwgdCz9annU\/TePaGqsBttI\/AAAAAAAAFoY\/6HtrcPRX1Nk\/s400\/DSC03156.JPG?ssl=1\" border=\"0\" alt=\"\" \/> <\/strong><\/h3>\n<h3 style=\"text-align: justify\"><strong><img data-recalc-dims=\"1\" decoding=\"async\" src=\"https:\/\/i0.wp.com\/lh3.googleusercontent.com\/-pbIU7ZHqpxs\/TeSh9XKdJgI\/AAAAAAAAFo4\/if8LKntZMRY\/s400\/DSC03167.JPG?ssl=1\" border=\"0\" alt=\"\" \/><br \/>\n<img data-recalc-dims=\"1\" decoding=\"async\" src=\"https:\/\/i0.wp.com\/lh5.googleusercontent.com\/-y9e0SfDkYRc\/TeSh-b-bsYI\/AAAAAAAAFo8\/YDi43RvqCg0\/s400\/DSC03170.JPG?ssl=1\" border=\"0\" alt=\"\" \/><br \/>\n<img data-recalc-dims=\"1\" decoding=\"async\" src=\"https:\/\/i0.wp.com\/lh5.googleusercontent.com\/-72mZFkO_SkQ\/TeSh_ZPnVnI\/AAAAAAAAFpE\/PVEVbnc9psY\/s400\/DSC03172.JPG?ssl=1\" border=\"0\" alt=\"\" \/> <\/strong><\/h3>\n<h3 style=\"text-align: justify\"><strong><img data-recalc-dims=\"1\" decoding=\"async\" src=\"https:\/\/i0.wp.com\/lh5.googleusercontent.com\/-GZyEl47wucQ\/TeSh_0qd35I\/AAAAAAAAFpI\/xemVOpU0GRg\/s400\/DSC03177.JPG?ssl=1\" border=\"0\" alt=\"\" \/><br \/>\n<img data-recalc-dims=\"1\" decoding=\"async\" src=\"https:\/\/i0.wp.com\/lh5.googleusercontent.com\/-GG0h5E3_nKY\/TeSiAk2OLlI\/AAAAAAAAFpM\/0d0CPA7hYGQ\/s400\/DSC03178.JPG?ssl=1\" border=\"0\" alt=\"\" \/><br \/>\n<img data-recalc-dims=\"1\" decoding=\"async\" src=\"https:\/\/i0.wp.com\/lh6.googleusercontent.com\/-8wcVl3HhRWU\/TeSiBLEZnaI\/AAAAAAAAFpQ\/ImKgr5KpHJE\/s400\/DSC03179.JPG?ssl=1\" border=\"0\" alt=\"\" \/> <\/strong><\/h3>\n<h3 style=\"text-align: justify\"><strong><img data-recalc-dims=\"1\" decoding=\"async\" src=\"https:\/\/i0.wp.com\/lh3.googleusercontent.com\/-1JwOREpN-Mc\/TeSiB7v_qBI\/AAAAAAAAFpU\/omKPGNt8rdk\/s400\/DSC03180.JPG?ssl=1\" border=\"0\" alt=\"\" \/><br \/>\n<img data-recalc-dims=\"1\" decoding=\"async\" src=\"https:\/\/i0.wp.com\/lh3.googleusercontent.com\/-ICdp4Uq5kf8\/TeSiClqM5mI\/AAAAAAAAFpY\/3_eT7wj9opc\/s400\/DSC03181.JPG?ssl=1\" border=\"0\" alt=\"\" \/><br \/>\n<img data-recalc-dims=\"1\" decoding=\"async\" src=\"https:\/\/i0.wp.com\/lh3.googleusercontent.com\/-FZESNxPfA9E\/TeSiDLcGUiI\/AAAAAAAAFpc\/fN7hjiV1llY\/s400\/DSC03182.JPG?ssl=1\" border=\"0\" alt=\"\" \/> <\/strong><\/h3>\n<h3 style=\"text-align: justify\"><strong><img data-recalc-dims=\"1\" decoding=\"async\" src=\"https:\/\/i0.wp.com\/lh5.googleusercontent.com\/-nxPtM3r9C8Q\/TeSiDx8leoI\/AAAAAAAAFpg\/UPMSnEhhrKs\/s400\/DSC03183.JPG?ssl=1\" border=\"0\" alt=\"\" \/><br \/>\n<img data-recalc-dims=\"1\" decoding=\"async\" src=\"https:\/\/i0.wp.com\/lh6.googleusercontent.com\/-tmotbEm-VpY\/TeSiVvT30KI\/AAAAAAAAFqc\/1c8Rbri01O0\/s400\/DSC03185.JPG?ssl=1\" border=\"0\" alt=\"\" \/><br \/>\n<img data-recalc-dims=\"1\" decoding=\"async\" src=\"https:\/\/i0.wp.com\/lh5.googleusercontent.com\/-mVnl8lybi1I\/TeSiEROfTkI\/AAAAAAAAFpk\/zFMIFMVSKUE\/s400\/DSC03186.JPG?ssl=1\" border=\"0\" alt=\"\" \/> <\/strong><\/h3>\n<h3 style=\"text-align: justify\"><strong><img data-recalc-dims=\"1\" decoding=\"async\" src=\"https:\/\/i0.wp.com\/lh5.googleusercontent.com\/-qUbK_C488BM\/TeSiFNGozFI\/AAAAAAAAFpo\/1gcHB8unBQY\/s400\/DSC03187.JPG?ssl=1\" border=\"0\" alt=\"\" \/><br \/>\n<img data-recalc-dims=\"1\" decoding=\"async\" src=\"https:\/\/i0.wp.com\/lh4.googleusercontent.com\/-Q3myzWwzSeQ\/TeSiF1aAojI\/AAAAAAAAFps\/-j0eY897bJ8\/s400\/DSC03188.JPG?ssl=1\" border=\"0\" alt=\"\" \/><br \/>\n<img data-recalc-dims=\"1\" decoding=\"async\" src=\"https:\/\/i0.wp.com\/lh4.googleusercontent.com\/-nx8hXtJVXG8\/TeSiG694krI\/AAAAAAAAFp0\/I1dCv2iP_O8\/s400\/DSC03189.JPG?ssl=1\" border=\"0\" alt=\"\" \/> <\/strong><\/h3>\n<h3 style=\"text-align: justify\"><strong><img data-recalc-dims=\"1\" decoding=\"async\" src=\"https:\/\/i0.wp.com\/lh6.googleusercontent.com\/-e5AEr2CCHhI\/TeSib6_-JTI\/AAAAAAAAFqg\/rW3MOYXPQp8\/s400\/DSC03190.JPG?ssl=1\" border=\"0\" alt=\"\" \/><br \/>\n<img data-recalc-dims=\"1\" decoding=\"async\" src=\"https:\/\/i0.wp.com\/lh5.googleusercontent.com\/-I0o0i5MDZhQ\/TeSiHhV-K2I\/AAAAAAAAFp4\/FL4lMyZXJVg\/s400\/DSC03191.JPG?ssl=1\" border=\"0\" alt=\"\" \/><br \/>\n<img data-recalc-dims=\"1\" decoding=\"async\" src=\"https:\/\/i0.wp.com\/lh6.googleusercontent.com\/-TfnDqryId_U\/TeSiIFARLPI\/AAAAAAAAFp8\/eeA8pcG7Nuo\/s400\/DSC03192.JPG?ssl=1\" border=\"0\" alt=\"\" \/> <\/strong><\/h3>\n<h3 style=\"text-align: justify\"><strong>Ja veieu que Sabadell i Terrassa, tenen els seus bons representants.<\/strong><\/h3>\n<h3 style=\"text-align: justify\"><strong><img data-recalc-dims=\"1\" decoding=\"async\" src=\"https:\/\/i0.wp.com\/lh3.googleusercontent.com\/-8LWGzMIF_4A\/TeSiI6Hbi_I\/AAAAAAAAFqA\/poSJjg-fEeg\/s400\/DSC03193.JPG?ssl=1\" border=\"0\" alt=\"\" \/><br \/>\n<img data-recalc-dims=\"1\" decoding=\"async\" src=\"https:\/\/i0.wp.com\/lh4.googleusercontent.com\/-Tzr7E0gSw70\/TeSiJjuBTFI\/AAAAAAAAFqE\/KSc3CUsJL-Y\/s400\/DSC03194.JPG?ssl=1\" border=\"0\" alt=\"\" \/><br \/>\nN\u00faria, s&#8217;estrenava avui i ens va descobrir per internet. Sembla que s&#8217;ho  va passar prou b\u00e9 i nosaltres tamb\u00e9 estem contents i esperem veure-la  moltes vegades.<\/strong><\/h3>\n<h3 style=\"text-align: justify\"><strong><img data-recalc-dims=\"1\" decoding=\"async\" src=\"https:\/\/i0.wp.com\/lh5.googleusercontent.com\/-O2nnC6dHikg\/TeSiKFtcLnI\/AAAAAAAAFqI\/lfFWxXKVeq4\/s400\/DSC03198.JPG?ssl=1\" border=\"0\" alt=\"\" \/><\/strong><\/h3>\n<h3 style=\"text-align: justify\"><strong><img data-recalc-dims=\"1\" decoding=\"async\" src=\"https:\/\/i0.wp.com\/lh6.googleusercontent.com\/-vEDdujDP0EM\/TeSiKzDifYI\/AAAAAAAAFqM\/ZUiPMUXR31s\/s400\/DSC03199.JPG?ssl=1\" border=\"0\" alt=\"\" \/><br \/>\nI quina bona parella que fan en Xavi Miquel i la Rosa Cos.<\/strong><\/h3>\n<h3 style=\"text-align: justify\"><strong><img data-recalc-dims=\"1\" decoding=\"async\" src=\"https:\/\/i0.wp.com\/lh6.googleusercontent.com\/-95mSSr6T_ng\/TeSiMWbEu8I\/AAAAAAAAFqQ\/itigl36wu7k\/s400\/DSC03200.JPG?ssl=1\" border=\"0\" alt=\"\" \/><\/strong><\/h3>\n<h3 style=\"text-align: justify\"><strong>I aix\u00f2 \u00e9s tot. Un luxe poder entrenar al vostre costat<\/strong><\/h3>\n<h3 style=\"text-align: justify\"><strong><span class=\"postbody\"><span style=\"font-size: 18px;line-height: normal\"><span style=\"color: darkred\">I  des de Barcelona, avui i despr\u00e9s de for\u00e7a mesos, una persona molt  estimada en tot l&#8217;entorn atl\u00e8tic del mon popular i per mi mateix:  persona que fa anys venia sovint en Xavi Papell.<br \/>\nEns agrada que tots tinguem idea dels amics del nostre projecte i se que  ell \u00e9s una de les persones que sempre que parla de nostre projecte, ens  fa una molt bona propaganda.  Veureu quan esteu amb ell, que \u00e9s una  persona que parla directe i sempre amb un to d&#8217;amistat per les persones  que l&#8217;envolten. Tot i problemes f\u00edsics, que no el deixen practicar de  c\u00f3rrer com voldria, el que no deixa \u00e9s de fer-ho com millor pot i sempre  fa amics all\u00e0 on va. <\/span><\/span><\/span><\/strong><\/h3>\n<h3 style=\"text-align: justify\"><strong>Estem molt contents de comptar amb ell i ens ha fet feli\u00e7 l&#8217;escrit que  ens ha dedicat i li desitgem un munt d&#8217;\u00e8xit en tot els que es proposi.<\/strong><\/h3>\n<h3 style=\"text-align: justify\"><strong>Crec que el que m&#8217;ha dit pr\u00e8viament al seu relat no es pot perdre:<\/strong><\/h3>\n<h3 style=\"text-align: justify\"><strong><span style=\"color: red\">&#8221; Pep tot el que esta en blau es el que  m&#8217;agradaria que posessis, si no pot ser perqu\u00e8 es molt llarg m&#8217;ho dius  que retallem i t&#8217;ho reenvio de seguida.<br \/>\nEiiii !!! de veritat, possiblement no se m&#8217;ha notat per\u00f2 quan m&#8217;has dit  de ser el Mossenaire de la setmana, joderrrr !!!! se m&#8217;ha posat la pell  de gallina. Moltes gracies. &#8220;<\/span><\/strong><\/h3>\n<h3 style=\"text-align: justify\"><strong>Tamb\u00e9 ens presenta l&#8217;amic amb qui ha vingut<\/strong><\/h3>\n<h3 style=\"text-align: justify\"><strong><span style=\"color: red\">&#8221; En SOM (Corredors.cat) es diu Pedro (Pere)  Durante per si ho vols posar , te una mol\u00e8stia greu que no li marxa des  de fa 2 anys, ha quedat meravellat. El problema es que els recorreguts  amb desnivell per poc que siguin, el poden deixar tocat per dies o  setmanes o no, esperem que no sigui aixi en aquesta ocasi\u00f3&#8221;<\/span><\/strong><\/h3>\n<h3 style=\"text-align: justify\"><strong>B\u00e9, som nosaltres els agra\u00efts i als que se&#8217;ns posa la pell de gallina de  poder con\u00e8ixer de prop a persones com en Xavi Papell. Gr\u00e0cies per tot.<\/strong><\/h3>\n<h3 style=\"text-align: justify\"><strong><img data-recalc-dims=\"1\" decoding=\"async\" src=\"https:\/\/i0.wp.com\/lh3.googleusercontent.com\/-6kIkuKxvXnU\/TeSiQt88llI\/AAAAAAAAFqY\/8-RLyv6HnPw\/s400\/DSC03203.JPG?ssl=1\" border=\"0\" alt=\"\" \/><\/strong><\/h3>\n<h3 style=\"text-align: justify\"><strong><span class=\"genmed\"><big><a href=\"http:\/\/mossenhoms.netfreehost.com\/viewtopic.php?p=12126&amp;mforum=mossenhoms#12126\"><img data-recalc-dims=\"1\" decoding=\"async\" src=\"https:\/\/i0.wp.com\/lh4.googleusercontent.com\/-XkHHQjmf_Hw\/TeSiOSkKWFI\/AAAAAAAAFqU\/DOEXBAfq9OY\/s400\/DSC03207.JPG?ssl=1\" border=\"0\" alt=\"\"  \/> <\/a><\/big><\/span><br \/>\n<span class=\"postbody\"><span style=\"font-size: 18px;line-height: normal\">Deia en Xavi Papell <\/span><\/span><\/strong><\/h3>\n<h3 style=\"text-align: justify\"><strong><span style=\"color: blue\"><span style=\"font-weight: bold\">Vaig fer la  meva primera cursa el primer diumenge de 1988, Farell (1h28&#8242;) arribant  pen\u00faltim. A una persona que jugava a futbol i que aix\u00f2 de c\u00f3rrer m\u00e9s de  20&#8242; seguits opinava que era per gent que no estava be del cap, mira per  on que a partir de llavors aquest esport va comen\u00e7ar a ser com una droga  per mi i  milers de quilometres han aguantat les meves cames. Si  expliques el que m&#8217;ha donat aquest esport possiblement el 90% de la gent  del carrer em prendria per boig, per\u00f2 que us tinc que dir a vosaltres ?  Sentiments, ll\u00e0grimes, orgull, voluntat, fe, satisfacci\u00f3, plenitud,  llibertat i sobre tot ser millor persona. Vaig comen\u00e7ar a c\u00f3rrer a  MossenHoms a finals d&#8217;Octubre del 2003. Avui despr\u00e8s de casi be dos anys  he tornat a c\u00f3rrer amb la colla de Mossenaires, ha sigut un recorregut  maco com tots els que hi han per aquella zona, una mica dur per mi per\u00f2   ple de satisfacci\u00f3 al final, trobar-me amb tanta gent coneguda sempre  fa molta il.lusi\u00f3. L&#8217;ess\u00e8ncia del c\u00f3rrer que es viu en aquest grup es  inexplicable. En Pep Moliner m&#8217;ha dit si volia ser el Mossenaire de la  setmana, buffff !! estic escrivint aquestes paraules molt emocionat , un  que es un sentimental per\u00f2 es que aix\u00f2 del c\u00f3rrer per mi ha sigut de  les millor coses que m&#8217;han passat a la meva vida i avui ho he tornat a  viure i he gaudit com no ho feia des de fa molt de temps.<br \/>\nPossiblement algun dia arribi el moment de que ja no pugui c\u00f3rrer, per\u00f2 mai deixar\u00e9 de posar-me les sabatilles.<br \/>\nUna abra\u00e7ada per tothom.<br \/>\nGracies Pep<\/span><\/span><span class=\"genmed\"><big> <\/big><\/span><\/strong><\/h3>\n","protected":false},"excerpt":{"rendered":"<p>Heu intentat entrenar en grup alguna vegada ? No tothom te el mateix ritme, i l&#8217;\u00fanica manera d&#8217;aconseguir-ho \u00e9s a l&#8217;estil mossenaire. En que consisteix aquest estil ? Donar m\u00e9s import\u00e0ncia en compartir una estona amb gent amb ganes de c\u00f3rrer acompanyada. Quan concorren en un mateix lloc tanta gent, unificar criteris \u00e9s complicat i [&hellip;]<\/p>\n","protected":false},"author":171,"featured_media":0,"comment_status":"open","ping_status":"open","sticky":false,"template":"","format":"standard","meta":{"jetpack_post_was_ever_published":false,"_jetpack_newsletter_access":"","_jetpack_dont_email_post_to_subs":false,"_jetpack_newsletter_tier_id":0,"_jetpack_memberships_contains_paywalled_content":false,"_jetpack_memberships_contains_paid_content":false,"footnotes":"","jetpack_publicize_message":"","jetpack_publicize_feature_enabled":true,"jetpack_social_post_already_shared":false,"jetpack_social_options":{"image_generator_settings":{"template":"highway","default_image_id":0,"font":"","enabled":false},"version":2}},"categories":[5580],"tags":[],"class_list":["post-757","post","type-post","status-publish","format-standard","hentry","category-entrenaments"],"jetpack_publicize_connections":[],"jetpack_featured_media_url":"","jetpack_sharing_enabled":true,"jetpack_shortlink":"https:\/\/wp.me\/pagkiK-cd","jetpack-related-posts":[{"id":2131,"url":"https:\/\/blogs.avui.cat\/pepmoliner\/2012\/12\/12\/record-a-entrenaments-en-grup-a-torre-mossen-homs\/","url_meta":{"origin":757,"position":0},"title":"R\u00e8cord a entrenaments en grup a Torre Moss\u00e8n Homs","author":"Pep Moliner","date":"12 de desembre de 2012","format":false,"excerpt":"Davant l'atenta mirada d'\u00e9ssers vius que ens acompanyen en aquest m\u00f3n d'incerteses, les aus rapinyaires, bells exemplars qu\u00e8 tots nosaltres vam poder contemplar mentre corr\u00edem pels entorns Aquestes dues persones van cedir gentilment la possibilitat de fer fotografies mentre ensinistraven aquests majestuosos animals i els hi agra\u00efm el luxe de\u2026","rel":"","context":"A &quot;General&quot;","block_context":{"text":"General","link":"https:\/\/blogs.avui.cat\/pepmoliner\/category\/general\/"},"img":{"alt_text":"SOC DISSENYADOR I TREBALLO COM AUT\u00d2NOM, ESPERO LA TEVA COMANDA ;)","src":"https:\/\/i0.wp.com\/blogs.avui.cat\/pepmoliner\/files\/2012\/02\/josepmolinerDisseny381x111.gif?resize=350%2C200","width":350,"height":200},"classes":[]},{"id":22,"url":"https:\/\/blogs.avui.cat\/pepmoliner\/2008\/04\/26\/26-abril-entrenament-en-grup\/","url_meta":{"origin":757,"position":1},"title":"26 Abril, Entrenament en GRUP","author":"Pep Moliner","date":"26 d'abril de 2008","format":false,"excerpt":"Una bona colla reunits a aquest entorn tan bonic, per fer l'entrenament en grup que tan ens uneix.B\u00e9, el circu\u00eft ha estat aquest que tan m'agrada que baixa per un bosc esp\u00e8s d'arbres. Pr\u00e8viament passem per torrent de la Betzuca i voregem camps ben verds, amb incipients roselles.Ens anem esperant\u2026","rel":"","context":"A &quot;General&quot;","block_context":{"text":"General","link":"https:\/\/blogs.avui.cat\/pepmoliner\/category\/general\/"},"img":{"alt_text":"","src":"","width":0,"height":0},"classes":[]},{"id":5456,"url":"https:\/\/blogs.avui.cat\/pepmoliner\/2021\/10\/25\/anem-a-veure-el-dinosaure\/","url_meta":{"origin":757,"position":2},"title":"Anem a veure el dinosaure","author":"Pep Moliner","date":"25 d'octubre de 2021","format":false,"excerpt":"El nostre circuit al Dinosaure que va crear en Roc Alabern era un cl\u00e0ssic abans i hi an\u00e0vem regularment, tot i que d'en\u00e7\u00e0 que hem tornat a entrenar en grup, avui ha estat la primera vegada. El recorregut una mica diferent, donat que hem agafat un vessant diferent i hem\u2026","rel":"","context":"A &quot;Amistat&quot;","block_context":{"text":"Amistat","link":"https:\/\/blogs.avui.cat\/pepmoliner\/category\/amistat\/"},"img":{"alt_text":"","src":"https:\/\/i0.wp.com\/1.bp.blogspot.com\/-K6NjkN7p9cI\/YXdyBH9lFfI\/AAAAAAAAca8\/OwMZXjmfZVgL57Mjlzd8N8DfDd1CYSU8wCNcBGAsYHQ\/w394-h640\/dinosaure.png?resize=350%2C200&ssl=1","width":350,"height":200},"classes":[]},{"id":4551,"url":"https:\/\/blogs.avui.cat\/pepmoliner\/2017\/08\/02\/un-stop-per-reagrupar-mossenaires\/","url_meta":{"origin":757,"position":3},"title":"Un Stop per reagrupar Mossenaires","author":"Pep Moliner","date":"2 d'agost de 2017","format":false,"excerpt":"Per entrenar amb un grup tan divers, de vegades ens marquem un Stop, i si no volem estar totalment aturats, anem a la cua a buscar a qui ve un xic m\u00e9s endarrerida o endarrerit. Aqu\u00ed hi ha la clau de fer-se costat i entrenar en grup. Ser solidari amb\u2026","rel":"","context":"A &quot;Amistat&quot;","block_context":{"text":"Amistat","link":"https:\/\/blogs.avui.cat\/pepmoliner\/category\/amistat\/"},"img":{"alt_text":"","src":"","width":0,"height":0},"classes":[]},{"id":1693,"url":"https:\/\/blogs.avui.cat\/pepmoliner\/2012\/07\/18\/entrenar-en-grup-bon-invent\/","url_meta":{"origin":757,"position":4},"title":"Entrenar en Grup: bon invent !","author":"Pep Moliner","date":"18 de juliol de 2012","format":false,"excerpt":"Una manera d'entrenar motivat \u00e9s fer-ho ben acompanyat, i en aquests entorns del Vall\u00e8s fan de bon gaudir amb gent amb la mateixa aspiraci\u00f3. C\u00f3rrer, conversar, riure, suar, cansar-se i posar-se fort: no oblidem que entrenar significa condicionar el nostre cos per estar m\u00e9s preparat al futur i en aquest\u2026","rel":"","context":"A &quot;Entrenaments&quot;","block_context":{"text":"Entrenaments","link":"https:\/\/blogs.avui.cat\/pepmoliner\/category\/entrenaments\/"},"img":{"alt_text":"","src":"https:\/\/i0.wp.com\/www.egargrafic.com\/egargrafic.gif?resize=350%2C200","width":350,"height":200},"classes":[]},{"id":4752,"url":"https:\/\/blogs.avui.cat\/pepmoliner\/2018\/08\/08\/tretze-son-tretze-mossenaires\/","url_meta":{"origin":757,"position":5},"title":"Tretze s\u00f3n tretze Mossenaires","author":"Pep Moliner","date":"8 d'agost de 2018","format":false,"excerpt":"Temperatures de r\u00e9cord a molts llocs propers, i a Can Mossenaire, i ja a primera hora, notem escalfor i donat que \u00e9rem tretze Mossenaires, consensuem tornar a fer el lloc proper m\u00e9s fresc que coneixem i no \u00e9s altre que el torrent de Gotelles i les fonts que hi sovintegem.\u2026","rel":"","context":"A &quot;Amistat&quot;","block_context":{"text":"Amistat","link":"https:\/\/blogs.avui.cat\/pepmoliner\/category\/amistat\/"},"img":{"alt_text":"","src":"","width":0,"height":0},"classes":[]}],"_links":{"self":[{"href":"https:\/\/blogs.avui.cat\/pepmoliner\/wp-json\/wp\/v2\/posts\/757","targetHints":{"allow":["GET"]}}],"collection":[{"href":"https:\/\/blogs.avui.cat\/pepmoliner\/wp-json\/wp\/v2\/posts"}],"about":[{"href":"https:\/\/blogs.avui.cat\/pepmoliner\/wp-json\/wp\/v2\/types\/post"}],"author":[{"embeddable":true,"href":"https:\/\/blogs.avui.cat\/pepmoliner\/wp-json\/wp\/v2\/users\/171"}],"replies":[{"embeddable":true,"href":"https:\/\/blogs.avui.cat\/pepmoliner\/wp-json\/wp\/v2\/comments?post=757"}],"version-history":[{"count":6,"href":"https:\/\/blogs.avui.cat\/pepmoliner\/wp-json\/wp\/v2\/posts\/757\/revisions"}],"predecessor-version":[{"id":761,"href":"https:\/\/blogs.avui.cat\/pepmoliner\/wp-json\/wp\/v2\/posts\/757\/revisions\/761"}],"wp:attachment":[{"href":"https:\/\/blogs.avui.cat\/pepmoliner\/wp-json\/wp\/v2\/media?parent=757"}],"wp:term":[{"taxonomy":"category","embeddable":true,"href":"https:\/\/blogs.avui.cat\/pepmoliner\/wp-json\/wp\/v2\/categories?post=757"},{"taxonomy":"post_tag","embeddable":true,"href":"https:\/\/blogs.avui.cat\/pepmoliner\/wp-json\/wp\/v2\/tags?post=757"}],"curies":[{"name":"wp","href":"https:\/\/api.w.org\/{rel}","templated":true}]}}