{"id":750,"date":"2011-05-25T12:37:23","date_gmt":"2011-05-25T11:37:23","guid":{"rendered":"http:\/\/blogs.avui.cat\/pepmoliner\/?p=750"},"modified":"2011-05-28T05:19:38","modified_gmt":"2011-05-28T04:19:38","slug":"estem-a-terrassa-i-ens-agrada-correr-us-ho-podeu-creure","status":"publish","type":"post","link":"https:\/\/blogs.avui.cat\/pepmoliner\/2011\/05\/25\/estem-a-terrassa-i-ens-agrada-correr-us-ho-podeu-creure\/","title":{"rendered":"Estem a #Terrassa i ens agrada c\u00f3rrer: us ho podeu creure ?"},"content":{"rendered":"<h2 style=\"text-align: justify\"><span style=\"color: #003300\">Imagina&#8217;t a #Terrassa un dia que despr\u00e9s de passar-te tota una  jornada laboral encaparrat a la crisi tamb\u00e9, i que abans del sopar, una  colla d&#8217;amics t&#8217;esperin vulguin anar amb tu per uns camins espl\u00e8ndids de  la part Nord de la nostra ciutat i junt amb ells, passis per camps,  corriols, llacs, fonts i panor\u00e0miques espl\u00e8ndides i tot aix\u00f2 sense  agafar en cap moment un mitja de transport de cap tipus: tan sols les  teves cames i des de Can Palet, el barri m\u00e9s allunyat. Qu\u00e8 a m\u00e9s vagis  acompanyat i xerrant tota, tota l&#8217;estona. Que juguis fent canvis de  ritme per la carena de Can Boguny\u00e0; que t&#8217;expliquin acudits, o que  tinguis xerrades serioses d&#8217;all\u00f2 m\u00e9s i que tot aix\u00f2 passi els dimarts i  dijous dels darrers dos anys.<\/span><\/h2>\n<h2 style=\"text-align: justify\"><span style=\"color: #003300\">Per mi aix\u00f2: no te preu.<\/span><\/h2>\n<h2 style=\"text-align: justify\"><span style=\"color: #003300\">Els que correm o van amb btt tenim aquest privilegi que pocs,  poqu\u00edssims Terrassencs coneixen i fet amb aquestes companyies esdev\u00e9 una  meravella.<br \/>\nDespr\u00e9s de molts dies de no poder-hi anar, ahir em faltava una mica  de forma f\u00edsica, per\u00f2 quan arribo a casa una vegada he fet divuit  quil\u00f2metres en total l&#8217;\u00e0pat mel vaig ben guanyar.<\/span><\/h2>\n<h2 style=\"text-align: justify\"><span style=\"color: #003300\"><img data-recalc-dims=\"1\" decoding=\"async\" src=\"https:\/\/i0.wp.com\/lh3.googleusercontent.com\/_XvCMJjSPaT4\/Tdwajayp8NI\/AAAAAAAAFg8\/85SLckE1uao\/s400\/100_7626.JPG?ssl=1\" border=\"0\" alt=\"\" \/><br \/>\nAquest ser\u00e0 el punt m\u00e9s allunyat avui des del punt de sortida<\/span><\/h2>\n<h2 style=\"text-align: justify\"><span style=\"color: #003300\">Ahir vam fer un entrenament, on a m\u00e9s vam fotografiar entre tots amb  l&#8217;\u00c0lex i l&#8217;Agust\u00ed, punts del recorregut i ara a m\u00e9s hi hem posat nom al  recorregut que vam fer:<\/span><\/h2>\n<h2 style=\"text-align: justify\"><span style=\"color: #003300\"><a href=\"http:\/\/mossenhoms.netfreehost.com\/viewtopic.php?t=1763&amp;mforum=mossenhoms\">Ruta N\u00ba1  (Egara &#8211; Llac Petit &#8211; Font del Janot &#8211; Egara) 10Km<\/a><\/span><\/h2>\n<h2 style=\"text-align: justify\"><span style=\"color: #003300\"><img data-recalc-dims=\"1\" decoding=\"async\" src=\"https:\/\/i0.wp.com\/lh5.googleusercontent.com\/_KKR0otSs11I\/TdwXsHIo6OI\/AAAAAAAADwA\/Uymx9DIzRps\/s400\/Janot.JPG?ssl=1\" border=\"0\" alt=\"\" \/><\/span><\/h2>\n<h2 style=\"text-align: justify\"><span style=\"color: #003300\"><img data-recalc-dims=\"1\" decoding=\"async\" src=\"https:\/\/i0.wp.com\/lh5.googleusercontent.com\/_XvCMJjSPaT4\/TdwaDlBqWDI\/AAAAAAAAFeE\/JkUXPbWVwaI\/s400\/100_7582.JPG?ssl=1\" border=\"0\" alt=\"\" \/><br \/>\nL&#8217;Agust\u00ed un dels m\u00e0xims impulsors de les trobades que anomenem \u00c8gara-Mossenaires<\/span><\/h2>\n<h2 style=\"text-align: justify\"><span style=\"color: #003300\"><img data-recalc-dims=\"1\" decoding=\"async\" src=\"https:\/\/i0.wp.com\/lh5.googleusercontent.com\/_XvCMJjSPaT4\/TdwaEUVbO3I\/AAAAAAAAFeI\/clKg3BNKJQk\/s400\/100_7583.JPG?ssl=1\" border=\"0\" alt=\"\" \/><br \/>\nEns agrada posar la nostra muntanya m\u00e9s estimada per molts i avui \u00e9rem una bona colla<\/span><\/h2>\n<h2 style=\"text-align: justify\"><span style=\"color: #003300\"><img data-recalc-dims=\"1\" decoding=\"async\" src=\"https:\/\/i0.wp.com\/lh5.googleusercontent.com\/_XvCMJjSPaT4\/TdwaFOkYR_I\/AAAAAAAAFeM\/SQ5kO8bHYZ8\/s400\/100_7585.JPG?ssl=1\" border=\"0\" alt=\"\" \/><br \/>\nAquestes darrers setmanes tant en Toni com l&#8217;\u00c0lex han fet proves ultres com la <a href=\"http:\/\/mossenhoms.netfreehost.com\/viewtopic.php?p=11479&amp;mforum=mossenhoms#11479\" target=\"_blank\">Ultra Trail Barcelona<\/a><\/span><\/h2>\n<h2 style=\"text-align: justify\"><span style=\"color: #003300\"><img data-recalc-dims=\"1\" decoding=\"async\" src=\"https:\/\/i0.wp.com\/lh6.googleusercontent.com\/_XvCMJjSPaT4\/TdwaF2_-KRI\/AAAAAAAAFeQ\/BMWFXY8tnEU\/s400\/100_7586.JPG?ssl=1\" border=\"0\" alt=\"\" \/><br \/>\nA la nostra esquerra deixem el centre esportiu \u00c8gara<\/span><\/h2>\n<h2 style=\"text-align: justify\"><span style=\"color: #003300\"><img data-recalc-dims=\"1\" decoding=\"async\" src=\"https:\/\/i0.wp.com\/lh6.googleusercontent.com\/_XvCMJjSPaT4\/TdwaGfYYvNI\/AAAAAAAAFeU\/ryAx5dJkcI4\/s400\/100_7587.JPG?ssl=1\" border=\"0\" alt=\"\" \/><br \/>\nal fons veiem les muntanyes que estan esperant<\/span><\/h2>\n<h2 style=\"text-align: justify\"><span style=\"color: #003300\"><img data-recalc-dims=\"1\" decoding=\"async\" src=\"https:\/\/i0.wp.com\/lh5.googleusercontent.com\/_XvCMJjSPaT4\/TdwaHJq0i7I\/AAAAAAAAFeY\/AqmAWu0tRoM\/s400\/100_7588.JPG?ssl=1\" border=\"0\" alt=\"\" \/><br \/>\nI amagada darrera les muntanyes: la de Sant Lloren\u00e7<\/span><\/h2>\n<h2 style=\"text-align: justify\"><span style=\"color: #003300\"><img data-recalc-dims=\"1\" decoding=\"async\" src=\"https:\/\/i0.wp.com\/lh5.googleusercontent.com\/_XvCMJjSPaT4\/TdwaIdCj-sI\/AAAAAAAAFeg\/EwH8jF-7LVU\/s400\/100_7590.JPG?ssl=1\" border=\"0\" alt=\"\" \/><br \/>\n<img data-recalc-dims=\"1\" decoding=\"async\" src=\"https:\/\/i0.wp.com\/lh3.googleusercontent.com\/_XvCMJjSPaT4\/TdwaJHoGcCI\/AAAAAAAAFek\/VEzAVpua3HI\/s400\/100_7591.JPG?ssl=1\" border=\"0\" alt=\"\" \/><\/span> <span style=\"color: #003300\"><br \/>\nPassem per llocs importants<br \/>\n<img data-recalc-dims=\"1\" decoding=\"async\" src=\"https:\/\/i0.wp.com\/lh5.googleusercontent.com\/_XvCMJjSPaT4\/TdwaJiQuHZI\/AAAAAAAAFeo\/Eys0GqvzvQk\/s400\/100_7592.JPG?ssl=1\" border=\"0\" alt=\"\" \/><\/span> <span style=\"color: #003300\"><br \/>\nI passarem pel costat de l&#8217;audiovisual: encara que nosaltres encara li diem el Sanatori<\/span><\/h2>\n<h2 style=\"text-align: justify\"><span style=\"color: #003300\"><img data-recalc-dims=\"1\" decoding=\"async\" src=\"https:\/\/i0.wp.com\/lh3.googleusercontent.com\/_XvCMJjSPaT4\/TdwaKeddhLI\/AAAAAAAAFes\/OvbpqD2XxMY\/s400\/100_7593.JPG?ssl=1\" border=\"0\" alt=\"\" \/><br \/>\nI l&#8217;\u00c0lex, que semblava un b\u00f2lid amb la c\u00e0mera a la ma ens dona aquest record<br \/>\n<img data-recalc-dims=\"1\" decoding=\"async\" src=\"https:\/\/i0.wp.com\/lh5.googleusercontent.com\/_XvCMJjSPaT4\/TdwaLCag_BI\/AAAAAAAAFew\/kyLrUMYarn4\/s400\/100_7594.JPG?ssl=1\" border=\"0\" alt=\"\" \/><\/span> <span style=\"color: #003300\"><br \/>\n<img data-recalc-dims=\"1\" decoding=\"async\" src=\"https:\/\/i0.wp.com\/lh3.googleusercontent.com\/_XvCMJjSPaT4\/TdwaLhbUEHI\/AAAAAAAAFe4\/JalsYFKFQ84\/s400\/100_7595.JPG?ssl=1\" border=\"0\" alt=\"\" \/><\/span> <span style=\"color: #003300\"><br \/>\n<img data-recalc-dims=\"1\" decoding=\"async\" src=\"https:\/\/i0.wp.com\/lh3.googleusercontent.com\/_XvCMJjSPaT4\/TdwaMXS1X0I\/AAAAAAAAFe8\/f1oZZ0Gldic\/s400\/100_7596.JPG?ssl=1\" border=\"0\" alt=\"\" \/><\/span> <span style=\"color: #003300\"><br \/>\n<img data-recalc-dims=\"1\" decoding=\"async\" src=\"https:\/\/i0.wp.com\/lh6.googleusercontent.com\/_XvCMJjSPaT4\/TdwaNIZZctI\/AAAAAAAAFfA\/guqddv4uSIc\/s400\/100_7597.JPG?ssl=1\" border=\"0\" alt=\"\" \/><\/span> <span style=\"color: #003300\"><br \/>\n<img data-recalc-dims=\"1\" decoding=\"async\" src=\"https:\/\/i0.wp.com\/lh5.googleusercontent.com\/_XvCMJjSPaT4\/TdwaOzJZmgI\/AAAAAAAAFfI\/qAhUoWFJNh0\/s400\/100_7599.JPG?ssl=1\" border=\"0\" alt=\"\" \/><\/span> <span style=\"color: #003300\"><br \/>\nEls indicadors del parc agroforestal de Terrassa, ens orienta<\/span><\/h2>\n<h2 style=\"text-align: justify\"><span style=\"color: #003300\"><img data-recalc-dims=\"1\" decoding=\"async\" src=\"https:\/\/i0.wp.com\/lh6.googleusercontent.com\/_XvCMJjSPaT4\/TdwaPrDPm2I\/AAAAAAAAFfM\/7CZmCU3nO-A\/s400\/100_7600.JPG?ssl=1\" border=\"0\" alt=\"\" \/><br \/>\n<img data-recalc-dims=\"1\" decoding=\"async\" src=\"https:\/\/i0.wp.com\/lh5.googleusercontent.com\/_XvCMJjSPaT4\/TdwaQWUPMWI\/AAAAAAAAFfQ\/NgxdmY_hP2E\/s400\/100_7601.JPG?ssl=1\" border=\"0\" alt=\"\" \/><\/span> <span style=\"color: #003300\"><br \/>\n<img data-recalc-dims=\"1\" decoding=\"async\" src=\"https:\/\/i0.wp.com\/lh3.googleusercontent.com\/_XvCMJjSPaT4\/TdwaREeW6LI\/AAAAAAAAFfU\/nJUsDfHUM28\/s400\/100_7602.JPG?ssl=1\" border=\"0\" alt=\"\" \/><\/span> <span style=\"color: #003300\"><br \/>\n<img data-recalc-dims=\"1\" decoding=\"async\" src=\"https:\/\/i0.wp.com\/lh4.googleusercontent.com\/_XvCMJjSPaT4\/TdwaR3OILuI\/AAAAAAAAFfY\/CE_Oz333GgE\/s400\/100_7603.JPG?ssl=1\" border=\"0\" alt=\"\" \/><\/span> <span style=\"color: #003300\"><br \/>\nCap al Llac Petit<\/span><\/h2>\n<h2 style=\"text-align: justify\"><span style=\"color: #003300\"><img data-recalc-dims=\"1\" decoding=\"async\" src=\"https:\/\/i0.wp.com\/lh3.googleusercontent.com\/_XvCMJjSPaT4\/TdwaSvykIwI\/AAAAAAAAFfc\/G7C51VFGtXo\/s400\/100_7604.JPG?ssl=1\" border=\"0\" alt=\"\" \/><br \/>\nAix\u00f2 \u00e9s Terrassa: us ho podeu creure ?<br \/>\n<img data-recalc-dims=\"1\" decoding=\"async\" src=\"https:\/\/i0.wp.com\/lh4.googleusercontent.com\/_XvCMJjSPaT4\/TdwaTpOdiGI\/AAAAAAAAFfk\/PbQALvX8dnI\/s400\/100_7605.JPG?ssl=1\" border=\"0\" alt=\"\" \/><\/span><\/h2>\n<h2 style=\"text-align: justify\"><span style=\"color: #003300\"><img data-recalc-dims=\"1\" decoding=\"async\" src=\"https:\/\/i0.wp.com\/lh3.googleusercontent.com\/_XvCMJjSPaT4\/TdwaUrfISSI\/AAAAAAAAFfo\/bohCITC1_Vg\/s400\/100_7606.JPG?ssl=1\" border=\"0\" alt=\"\" \/><br \/>\n<img data-recalc-dims=\"1\" decoding=\"async\" src=\"https:\/\/i0.wp.com\/lh6.googleusercontent.com\/_XvCMJjSPaT4\/TdwaVdYk6_I\/AAAAAAAAFfs\/Ul06UNi_IBo\/s400\/100_7607.JPG?ssl=1\" border=\"0\" alt=\"\" \/><\/span> <span style=\"color: #003300\"><br \/>\n<img data-recalc-dims=\"1\" decoding=\"async\" src=\"https:\/\/i0.wp.com\/lh4.googleusercontent.com\/_XvCMJjSPaT4\/TdwaWVCaKFI\/AAAAAAAAFfw\/v9J-fAmEAyg\/s400\/100_7608.JPG?ssl=1\" border=\"0\" alt=\"\" \/><\/span> <span style=\"color: #003300\"><br \/>\nEns encanta emportar-nos el record dels amics.<\/span><\/h2>\n<h2 style=\"text-align: justify\"><span style=\"color: #003300\"><img data-recalc-dims=\"1\" decoding=\"async\" src=\"https:\/\/i0.wp.com\/lh4.googleusercontent.com\/_XvCMJjSPaT4\/TdwaXPr7Y0I\/AAAAAAAAFf0\/vC91x41YsB4\/s400\/100_7609.JPG?ssl=1\" border=\"0\" alt=\"\" \/><br \/>\n<img data-recalc-dims=\"1\" decoding=\"async\" src=\"https:\/\/i0.wp.com\/lh3.googleusercontent.com\/_XvCMJjSPaT4\/TdwaX2gTNfI\/AAAAAAAAFf4\/tV058PcRCuk\/s400\/100_7610.JPG?ssl=1\" border=\"0\" alt=\"\" \/><\/span> <span style=\"color: #003300\"><br \/>\nAra deixem una pista per enfilar un corriol, que fem sovint i que culminar\u00e0 amb la font del Janot: que ara sempre raja<\/span><\/h2>\n<h2 style=\"text-align: justify\"><span style=\"color: #003300\"><img data-recalc-dims=\"1\" decoding=\"async\" src=\"https:\/\/i0.wp.com\/lh4.googleusercontent.com\/_XvCMJjSPaT4\/TdwaYtohEuI\/AAAAAAAAFf8\/7pI8PzGgIso\/s400\/100_7611.JPG?ssl=1\" border=\"0\" alt=\"\" \/><br \/>\nEls germans Carlos i Alberto<\/span><\/h2>\n<h2 style=\"text-align: justify\"><span style=\"color: #003300\"><img data-recalc-dims=\"1\" decoding=\"async\" src=\"https:\/\/i0.wp.com\/lh3.googleusercontent.com\/_XvCMJjSPaT4\/TdwaZX2t9rI\/AAAAAAAAFgA\/TSUnCJxmZiE\/s400\/100_7612.JPG?ssl=1\" border=\"0\" alt=\"\" \/><br \/>\nL&#8217;\u00c0lex, tot terreny bo, en tot !!<\/span><\/h2>\n<h2 style=\"text-align: justify\"><span style=\"color: #003300\"><img data-recalc-dims=\"1\" decoding=\"async\" src=\"https:\/\/i0.wp.com\/lh3.googleusercontent.com\/_XvCMJjSPaT4\/TdwaZ-0DLZI\/AAAAAAAAFgE\/hiLLWVSZIQE\/s400\/100_7613.JPG?ssl=1\" border=\"0\" alt=\"\" \/><br \/>\n<img data-recalc-dims=\"1\" decoding=\"async\" src=\"https:\/\/i0.wp.com\/lh3.googleusercontent.com\/_XvCMJjSPaT4\/Tdwaa9YbLmI\/AAAAAAAAFgI\/eHZ3dVByVt0\/s400\/100_7614.JPG?ssl=1\" border=\"0\" alt=\"\" \/><\/span> <span style=\"color: #003300\"><br \/>\n<img data-recalc-dims=\"1\" decoding=\"async\" src=\"https:\/\/i0.wp.com\/lh6.googleusercontent.com\/_XvCMJjSPaT4\/TdwabqP_bcI\/AAAAAAAAFgM\/jrnaV3MkLEE\/s400\/100_7615.JPG?ssl=1\" border=\"0\" alt=\"\" \/><\/span> <span style=\"color: #003300\"><br \/>\n<img data-recalc-dims=\"1\" decoding=\"async\" src=\"https:\/\/i0.wp.com\/lh5.googleusercontent.com\/_XvCMJjSPaT4\/TdwacXmLcRI\/AAAAAAAAFgQ\/Lhacs_6eTGk\/s400\/100_7616.JPG?ssl=1\" border=\"0\" alt=\"\" \/><\/span> <span style=\"color: #003300\"><br \/>\n<img data-recalc-dims=\"1\" decoding=\"async\" src=\"https:\/\/i0.wp.com\/lh3.googleusercontent.com\/_XvCMJjSPaT4\/TdwadAyekfI\/AAAAAAAAFgU\/5L_bk6istCE\/s400\/100_7617.JPG?ssl=1\" border=\"0\" alt=\"\" \/><\/span><\/h2>\n<h2 style=\"text-align: justify\"><span style=\"color: #003300\"><img data-recalc-dims=\"1\" decoding=\"async\" src=\"https:\/\/i0.wp.com\/lh5.googleusercontent.com\/_XvCMJjSPaT4\/Tdwad-NhJaI\/AAAAAAAAFgY\/kHKMok8ELwc\/s400\/100_7618.JPG?ssl=1\" border=\"0\" alt=\"\" \/><br \/>\n<img data-recalc-dims=\"1\" decoding=\"async\" src=\"https:\/\/i0.wp.com\/lh5.googleusercontent.com\/_XvCMJjSPaT4\/TdwaeUrT3CI\/AAAAAAAAFgc\/707gIx2tpN0\/s400\/100_7619.JPG?ssl=1\" border=\"0\" alt=\"\" \/><\/span> <span style=\"color: #003300\"><br \/>\n<img data-recalc-dims=\"1\" decoding=\"async\" src=\"https:\/\/i0.wp.com\/lh3.googleusercontent.com\/_XvCMJjSPaT4\/TdwafKU260I\/AAAAAAAAFgg\/tCDCXmreg6w\/s400\/100_7620.JPG?ssl=1\" border=\"0\" alt=\"\" \/><\/span> <span style=\"color: #003300\"><br \/>\n<img data-recalc-dims=\"1\" decoding=\"async\" src=\"https:\/\/i0.wp.com\/lh3.googleusercontent.com\/_XvCMJjSPaT4\/TdwafxEfDCI\/AAAAAAAAFgo\/Gr7WOCMEcZE\/s400\/100_7621.JPG?ssl=1\" border=\"0\" alt=\"\" \/><\/span> <span style=\"color: #003300\"><br \/>\n<img data-recalc-dims=\"1\" decoding=\"async\" src=\"https:\/\/i0.wp.com\/lh4.googleusercontent.com\/_XvCMJjSPaT4\/TdwagqAN43I\/AAAAAAAAFgs\/1Ce9zO4xyJw\/s400\/100_7622.JPG?ssl=1\" border=\"0\" alt=\"\" \/><\/span> <span style=\"color: #003300\"><br \/>\n<img data-recalc-dims=\"1\" decoding=\"async\" src=\"https:\/\/i0.wp.com\/lh6.googleusercontent.com\/_XvCMJjSPaT4\/TdwahlcDqTI\/AAAAAAAAFgw\/R-Fce0R66DU\/s400\/100_7623.JPG?ssl=1\" border=\"0\" alt=\"\" \/><\/span> <span style=\"color: #003300\"><br \/>\n<img data-recalc-dims=\"1\" decoding=\"async\" src=\"https:\/\/i0.wp.com\/lh6.googleusercontent.com\/_XvCMJjSPaT4\/TdwaiU9M4VI\/AAAAAAAAFg0\/sxX-VJGd1jo\/s400\/100_7624.JPG?ssl=1\" border=\"0\" alt=\"\" \/><\/span> <span style=\"color: #003300\"><br \/>\n<img data-recalc-dims=\"1\" decoding=\"async\" src=\"https:\/\/i0.wp.com\/lh3.googleusercontent.com\/_XvCMJjSPaT4\/Tdwajayp8NI\/AAAAAAAAFg8\/85SLckE1uao\/s400\/100_7626.JPG?ssl=1\" border=\"0\" alt=\"\" \/><\/span> <span style=\"color: #003300\"><br \/>\n<img data-recalc-dims=\"1\" decoding=\"async\" src=\"https:\/\/i0.wp.com\/lh3.googleusercontent.com\/_XvCMJjSPaT4\/TdwakO7qhcI\/AAAAAAAAFhA\/VMjgSOeF5xs\/s400\/100_7627.JPG?ssl=1\" border=\"0\" alt=\"\" \/><\/span> <span style=\"color: #003300\"><br \/>\nA aquesta pista, normalment fent unes quantes acceleracions i quan  ens reagrupem ho fem com els jugadors de basquet: xoquem els palmells de  les mans.<br \/>\n<img data-recalc-dims=\"1\" decoding=\"async\" src=\"https:\/\/i0.wp.com\/lh3.googleusercontent.com\/_XvCMJjSPaT4\/Tdwak4Vr0fI\/AAAAAAAAFhE\/O-PYjK5z5Wo\/s400\/100_7628.JPG?ssl=1\" border=\"0\" alt=\"\" \/><\/span> <span style=\"color: #003300\"><br \/>\n<img data-recalc-dims=\"1\" decoding=\"async\" src=\"https:\/\/i0.wp.com\/lh3.googleusercontent.com\/_XvCMJjSPaT4\/Tdwalq2U3OI\/AAAAAAAAFhI\/SC5WQ4NEPJk\/s400\/100_7629.JPG?ssl=1\" border=\"0\" alt=\"\" \/><\/span> <span style=\"color: #003300\"><br \/>\n<img data-recalc-dims=\"1\" decoding=\"async\" src=\"https:\/\/i0.wp.com\/lh5.googleusercontent.com\/_XvCMJjSPaT4\/TdwamXbL4-I\/AAAAAAAAFhM\/61kCm0akVBQ\/s400\/100_7630.JPG?ssl=1\" border=\"0\" alt=\"\" \/><\/span> <span style=\"color: #003300\"><br \/>\n<img data-recalc-dims=\"1\" decoding=\"async\" src=\"https:\/\/i0.wp.com\/lh5.googleusercontent.com\/_XvCMJjSPaT4\/TdwanH8AqwI\/AAAAAAAAFhQ\/2aLBzXtAebE\/s400\/100_7631.JPG?ssl=1\" border=\"0\" alt=\"\" \/><\/span> <span style=\"color: #003300\"><br \/>\nVistes elevades, des d&#8217;on Terrassa la podem veure en la seva totalitat des de les al\u00e7ades<br \/>\n<img data-recalc-dims=\"1\" decoding=\"async\" src=\"https:\/\/i0.wp.com\/lh5.googleusercontent.com\/_XvCMJjSPaT4\/Tdwan2Wp7yI\/AAAAAAAAFhU\/U0qKZK3BHog\/s400\/100_7632.JPG?ssl=1\" border=\"0\" alt=\"\" \/><\/span><\/h2>\n<h2 style=\"text-align: justify\"><span style=\"color: #003300\"><img data-recalc-dims=\"1\" decoding=\"async\" src=\"https:\/\/i0.wp.com\/lh3.googleusercontent.com\/_XvCMJjSPaT4\/Tdwaoi4QmHI\/AAAAAAAAFhY\/HI58vzYIPm4\/s400\/100_7633.JPG?ssl=1\" border=\"0\" alt=\"\" \/><br \/>\n<img data-recalc-dims=\"1\" decoding=\"async\" src=\"https:\/\/i0.wp.com\/lh4.googleusercontent.com\/_XvCMJjSPaT4\/Tdwap9qUHpI\/AAAAAAAAFhg\/imnw31-OStc\/s400\/100_7635.JPG?ssl=1\" border=\"0\" alt=\"\" \/><\/span> <span style=\"color: #003300\"><br \/>\nI continuem estant a Terrassa: us ho podeu creure ?<\/span><\/h2>\n<h2 style=\"text-align: justify\"><span style=\"color: #003300\"><img data-recalc-dims=\"1\" decoding=\"async\" src=\"https:\/\/i0.wp.com\/lh3.googleusercontent.com\/_XvCMJjSPaT4\/TdwaqocICQI\/AAAAAAAAFhk\/rsyMFM6hkrA\/s400\/100_7636.JPG?ssl=1\" border=\"0\" alt=\"\" \/><br \/>\n<img data-recalc-dims=\"1\" decoding=\"async\" src=\"https:\/\/i0.wp.com\/lh6.googleusercontent.com\/_XvCMJjSPaT4\/TdwarZsUz6I\/AAAAAAAAFho\/PgZW3xL72bI\/s400\/100_7637.JPG?ssl=1\" border=\"0\" alt=\"\" \/><\/span> <span style=\"color: #003300\"><br \/>\n<img data-recalc-dims=\"1\" decoding=\"async\" src=\"https:\/\/i0.wp.com\/lh4.googleusercontent.com\/_XvCMJjSPaT4\/Tdwar1z8HRI\/AAAAAAAAFhs\/d9T8SHSCqq8\/s400\/100_7638.JPG?ssl=1\" border=\"0\" alt=\"\" \/><\/span><\/h2>\n<h2 style=\"text-align: justify\"><span style=\"color: #003300\">Doncs tot aix\u00f2 que sembla excepcional i nom\u00e9s d&#8217;un dia: portem tota  una vida fent el mateix i creieu que no ens cansa gens i ja estem  desitjant tornar-ho a repetir:<\/span><\/h2>\n<h2 style=\"text-align: justify\"><span style=\"color: #003300\">Estem a #Terrassa i ens agrada c\u00f3rrer: us ho podeu creure ?<\/span><\/h2>\n","protected":false},"excerpt":{"rendered":"<p>Imagina&#8217;t a #Terrassa un dia que despr\u00e9s de passar-te tota una jornada laboral encaparrat a la crisi tamb\u00e9, i que abans del sopar, una colla d&#8217;amics t&#8217;esperin vulguin anar amb tu per uns camins espl\u00e8ndids de la part Nord de la nostra ciutat i junt amb ells, passis per camps, corriols, llacs, fonts i panor\u00e0miques [&hellip;]<\/p>\n","protected":false},"author":171,"featured_media":0,"comment_status":"open","ping_status":"open","sticky":false,"template":"","format":"standard","meta":{"jetpack_post_was_ever_published":false,"_jetpack_newsletter_access":"","_jetpack_dont_email_post_to_subs":false,"_jetpack_newsletter_tier_id":0,"_jetpack_memberships_contains_paywalled_content":false,"_jetpack_memberships_contains_paid_content":false,"footnotes":"","jetpack_publicize_message":"","jetpack_publicize_feature_enabled":true,"jetpack_social_post_already_shared":false,"jetpack_social_options":{"image_generator_settings":{"template":"highway","default_image_id":0,"font":"","enabled":false},"version":2}},"categories":[1],"tags":[],"class_list":["post-750","post","type-post","status-publish","format-standard","hentry","category-general"],"jetpack_publicize_connections":[],"jetpack_featured_media_url":"","jetpack_sharing_enabled":true,"jetpack_shortlink":"https:\/\/wp.me\/pagkiK-c6","jetpack-related-posts":[{"id":234,"url":"https:\/\/blogs.avui.cat\/pepmoliner\/2010\/04\/17\/mossenaires-amb-tu\/","url_meta":{"origin":750,"position":0},"title":"Mossenaires amb tu&#8230;","author":"Pep Moliner","date":"17 d'abril de 2010","format":false,"excerpt":"Avui l'entrenament ha estat marcat per la tristor. Ens portava a imaginar el durs moments que passaven les nostres mossenaires estimades, Rosa i l'Anna Cos i la p\u00e8rdua de la seva mare, el dia quinze d'abril.Han estat uns instants emotius el minut de silenci en la seva mem\u00f2ria i moments\u2026","rel":"","context":"A &quot;Entrenaments&quot;","block_context":{"text":"Entrenaments","link":"https:\/\/blogs.avui.cat\/pepmoliner\/category\/entrenaments\/"},"img":{"alt_text":"","src":"","width":0,"height":0},"classes":[]},{"id":318,"url":"https:\/\/blogs.avui.cat\/pepmoliner\/2010\/04\/17\/mossenaires-amb-tu-2\/","url_meta":{"origin":750,"position":1},"title":"Mossenaires amb tu&#8230;","author":"Pep Moliner","date":"17 d'abril de 2010","format":false,"excerpt":"Avui l'entrenament ha estat marcat per la tristor. Ens portava a imaginar el durs moments que passaven les nostres mossenaires estimades, Rosa i l'Anna Cos i la p\u00e8rdua de la seva mare, el dia quinze d'abril.Han estat uns instants emotius el minut de silenci en la seva mem\u00f2ria i moments\u2026","rel":"","context":"A &quot;Entrenaments&quot;","block_context":{"text":"Entrenaments","link":"https:\/\/blogs.avui.cat\/pepmoliner\/category\/entrenaments\/"},"img":{"alt_text":"","src":"","width":0,"height":0},"classes":[]},{"id":6109,"url":"https:\/\/blogs.avui.cat\/pepmoliner\/2025\/01\/30\/torno-a-fer-la-mitja-de-terrassa\/","url_meta":{"origin":750,"position":2},"title":"Torno a fer la Mitja de Terrassa","author":"Pep Moliner","date":"30 de gener de 2025","format":false,"excerpt":"He fet la mitja marat\u00f3 de Terrassa, despr\u00e9s de molt\u00edssims anys sense c\u00f3rrer una mitja. Vaig decidir molt abans de l'episodi que tots vam passar de la covid i molt m\u00e9s abans, que amb dist\u00e0ncies fins a deu quil\u00f2metres en tenia ben b\u00e9 prou. Aquest any ha estat diferent. La\u2026","rel":"","context":"A &quot;General&quot;","block_context":{"text":"General","link":"https:\/\/blogs.avui.cat\/pepmoliner\/category\/general\/"},"img":{"alt_text":"","src":"https:\/\/i0.wp.com\/blogger.googleusercontent.com\/img\/b\/R29vZ2xl\/AVvXsEhengpnNzwB8e33Pt7PyA0OcOnzC1NNCbYHWS-WfE3w1XN288qqm2ehTyvWc6BKFol4vbrwJLHYLn_KbkUoOns_nzsayap75kl1yfB9wIddZgYutM39wix3_UbUMB-wegnS_Ec1-RFkxl2VBe361HAE3m0PAVKZPH9Lrh1uN5zLJZp30gY3V6rZRyE2QuuI\/s320\/1000106819.jpg?resize=350%2C200&ssl=1","width":350,"height":200},"classes":[]},{"id":2468,"url":"https:\/\/blogs.avui.cat\/pepmoliner\/2013\/02\/17\/a-la-font-del-tronco-amb-els-nenazas-running-club\/","url_meta":{"origin":750,"position":3},"title":"A la Font del Tronc\u00f3 amb els &#8220;Nenazas Running Club&#8221;","author":"Pep Moliner","date":"17 de febrer de 2013","format":false,"excerpt":"Tenia moltes ganes d'anar de nou amb les \"Nenazas Running Club\", despr\u00e9s de moltes setmanes de no anar-hi, encara que tinc que dir que estic impressionat de la quantitat de grups que tenim a Terrassa i amb els que t'ho pots passar pipa: gent que decideix quedar en un punt\u2026","rel":"","context":"A &quot;General&quot;","block_context":{"text":"General","link":"https:\/\/blogs.avui.cat\/pepmoliner\/category\/general\/"},"img":{"alt_text":"","src":"https:\/\/i0.wp.com\/lh3.googleusercontent.com\/-5QPf12CDQoQ\/USEl6822MTI\/AAAAAAAAEl8\/vY-hoJlKKGY\/s400\/Imagen%25207.jpg?resize=350%2C200&ssl=1","width":350,"height":200},"classes":[]},{"id":147,"url":"https:\/\/blogs.avui.cat\/pepmoliner\/2009\/05\/30\/cursa-bon-aire\/","url_meta":{"origin":750,"position":4},"title":"Cursa Bon Aire","author":"Pep Moliner","date":"30 de maig de 2009","format":false,"excerpt":"Un plaer tornar a fer aquesta entranyable cursa. El que \u00e9s m\u00e9s bonic, retrobar tota la colla d'amics del c\u00f3rrer que es donen cita, de tots els clubs de la ciutat i un reconeixement per la tasca del Kiku, que \u00e9s qui ha portat sempre tot el pes i responsabilitat\u2026","rel":"","context":"A &quot;General&quot;","block_context":{"text":"General","link":"https:\/\/blogs.avui.cat\/pepmoliner\/category\/general\/"},"img":{"alt_text":"","src":"","width":0,"height":0},"classes":[]},{"id":180,"url":"https:\/\/blogs.avui.cat\/pepmoliner\/2009\/11\/09\/jaume-folguera-un-guannyador-amb-els-mossenaires\/","url_meta":{"origin":750,"position":5},"title":"Jaume Folguera; un guanyador amb els mossenaires","author":"Pep Moliner","date":"9 de novembre de 2009","format":false,"excerpt":"Quan arriba dissabte, sembla que torni el mateix. Sembla que tot segueixi igual, que sempre som els mateixos o quasi, i que la ruta te molt a veure cada setmana i ves per on, que gr\u00e0cies a la fotografia i que passa el temps, t'adones que sempre hi ha novetats;\u2026","rel":"","context":"A &quot;General&quot;","block_context":{"text":"General","link":"https:\/\/blogs.avui.cat\/pepmoliner\/category\/general\/"},"img":{"alt_text":"","src":"","width":0,"height":0},"classes":[]}],"_links":{"self":[{"href":"https:\/\/blogs.avui.cat\/pepmoliner\/wp-json\/wp\/v2\/posts\/750","targetHints":{"allow":["GET"]}}],"collection":[{"href":"https:\/\/blogs.avui.cat\/pepmoliner\/wp-json\/wp\/v2\/posts"}],"about":[{"href":"https:\/\/blogs.avui.cat\/pepmoliner\/wp-json\/wp\/v2\/types\/post"}],"author":[{"embeddable":true,"href":"https:\/\/blogs.avui.cat\/pepmoliner\/wp-json\/wp\/v2\/users\/171"}],"replies":[{"embeddable":true,"href":"https:\/\/blogs.avui.cat\/pepmoliner\/wp-json\/wp\/v2\/comments?post=750"}],"version-history":[{"count":5,"href":"https:\/\/blogs.avui.cat\/pepmoliner\/wp-json\/wp\/v2\/posts\/750\/revisions"}],"predecessor-version":[{"id":756,"href":"https:\/\/blogs.avui.cat\/pepmoliner\/wp-json\/wp\/v2\/posts\/750\/revisions\/756"}],"wp:attachment":[{"href":"https:\/\/blogs.avui.cat\/pepmoliner\/wp-json\/wp\/v2\/media?parent=750"}],"wp:term":[{"taxonomy":"category","embeddable":true,"href":"https:\/\/blogs.avui.cat\/pepmoliner\/wp-json\/wp\/v2\/categories?post=750"},{"taxonomy":"post_tag","embeddable":true,"href":"https:\/\/blogs.avui.cat\/pepmoliner\/wp-json\/wp\/v2\/tags?post=750"}],"curies":[{"name":"wp","href":"https:\/\/api.w.org\/{rel}","templated":true}]}}