{"id":723,"date":"2011-05-16T14:42:38","date_gmt":"2011-05-16T13:42:38","guid":{"rendered":"http:\/\/blogs.avui.cat\/pepmoliner\/?p=723"},"modified":"2011-05-16T14:42:58","modified_gmt":"2011-05-16T13:42:58","slug":"en-memoria-den-sebastia-vilargunte","status":"publish","type":"post","link":"https:\/\/blogs.avui.cat\/pepmoliner\/2011\/05\/16\/en-memoria-den-sebastia-vilargunte\/","title":{"rendered":"En mem\u00f2ria d&#8217;en Sebasti\u00e0 Vilargunt\u00e9"},"content":{"rendered":"<h2 style=\"text-align: justify\">En Sebasti\u00e0 ha estat aquests dies aquella persona  a la que si pogu\u00e9ssim li dir\u00edem a ell personalment que el volem al  costat nostre.<br \/>\nCom que no \u00e9s possible, hem volgut donar-li i fer uns reconeixements  de la millor manera que sabem: expressant el nostre dolor i  recordant-lo i dedicant-t&#8217;hi aquests moments de gran emotivitat.<br \/>\nAvui hem rebut pels que no han pogut ser-hi, que durant aquest minut  tamb\u00e9 hi eren i ara ja sabem que continua estant al nostre cor i al cap  el tindrem sempre tots present.<br \/>\nContinuem desitjant \u00e0nims als que l&#8217;estimaven, per continuar vivint amb la seva abs\u00e8ncia f\u00edsica; per\u00f2 encara hi \u00e9s.<\/h2>\n<h2 style=\"text-align: justify\"><strong> <\/strong><\/h2>\n<h2 style=\"text-align: justify\"><a href=\"https:\/\/i0.wp.com\/lh5.googleusercontent.com\/_XvCMJjSPaT4\/TdD82Wk7hDI\/AAAAAAAAFWU\/vkEXAX9qVSU\/s800\/DSC02972.JPG\"><img data-recalc-dims=\"1\" loading=\"lazy\" decoding=\"async\" src=\"https:\/\/i0.wp.com\/blogs.avui.cat\/pepmoliner\/wp-content\/imagescaler\/95a5a3edac3ba668e163d33a76c6b8b5.jpg?resize=454%2C341\" alt=\"http:\/\/lh5.googleusercontent.com\/_XvCMJjSPaT4\/TdD82Wk7hDI\/AAAAAAAAFWU\/vkEXAX9qVSU\/s800\/DSC02972.JPG\" width=\"454\" height=\"341\" \/><\/a><\/h2>\n<h2 style=\"text-align: justify\">B\u00e9, parlant de l&#8217;entrenament mossenaire, avui hem estat un grup m\u00e9s  nombr\u00f3s que de costum. S&#8217;ha proposat fer el mateix recorregut que la  setmana anterior, aquell que baixa pel cam\u00ed del golf, i porta a la bassa  i on es proposa el canvi fins la torrer el\u00e8ctrica. Doncs b\u00e9, vet aqu\u00ed  que instants abans de comen\u00e7ar el canvi, veiem un home que estava  desesperat amb la seva furgoneta encallada al cam\u00ed. Quan ha vist aquest  munt de mossenaires, com caiguts del cel, ha estat la seva soluci\u00f3 a  l&#8217;encallada. Eiii, aqu\u00ed es demostra la fortalesa del moviment  mossenaire.<\/h2>\n<h2 style=\"text-align: justify\">De la torre el\u00e8ctrica fins l&#8217;h\u00edpica s&#8217;ha anat per la vorera amb  algun canvi, com \u00e9s costum. Hem baixat cap el torrent, la pujadeta i  sempre els bons reagrupaments.<\/p>\n<p>Els quatre camins, que ens duen a la font de l&#8217;Argelaguet, on es  produiria el que tots esper\u00e0vem. Dedicar-lo al nostre amic, fill, pare,  marit, atleta, esportista: en Sebasti\u00e0 Vilargunt\u00e9.<\/p>\n<p>De part de tots els mossenaires: descansa en pau i el nostre condol a tots els \u00e9ssers que l&#8217;estimaven.<\/p>\n<p>Us posem les fotografies en petit, donat que avui quasi hi han quatrecentes fotografies.<br \/>\nEls fot\u00f2grafs han estat:<br \/>\nSi us voleu baixar fotografies d&#8217;en Carles amb tota la resoluci\u00f3:<br \/>\naqu\u00ed<br \/>\n<a href=\"http:\/\/dom.cat\/2bf\" target=\"_blank\">http:\/\/dom.cat\/2bf<\/a><br \/>\nCarles L\u00f3pez<\/p>\n<p>Les d&#8217;en<br \/>\nAntonio Codina<br \/>\n<a href=\"http:\/\/dom.cat\/2be\" target=\"_blank\">http:\/\/dom.cat\/2be<\/a><\/p>\n<p>Les d&#8217;en<br \/>\nOriol Farr\u00e9 i jo<br \/>\n<a href=\"http:\/\/dom.cat\/2bg\" target=\"_blank\">http:\/\/dom.cat\/2bg<\/a><\/p>\n<p><img data-recalc-dims=\"1\" decoding=\"async\" src=\"https:\/\/i0.wp.com\/lh5.googleusercontent.com\/_9a36-PvpxDk\/TdEhhRrenEI\/AAAAAAAACI4\/CWZA1SL4-yI\/s800\/Imagen%202.jpg?ssl=1\" border=\"0\" alt=\"\" \/><br \/>\n<img data-recalc-dims=\"1\" decoding=\"async\" src=\"https:\/\/i0.wp.com\/lh4.googleusercontent.com\/_9a36-PvpxDk\/TdEiFZ0NZgI\/AAAAAAAACL4\/UraSediJDIs\/s800\/Imagen%203.jpg?ssl=1\" border=\"0\" alt=\"\" \/><br \/>\n<img data-recalc-dims=\"1\" decoding=\"async\" src=\"https:\/\/i0.wp.com\/lh3.googleusercontent.com\/_9a36-PvpxDk\/TdEiEeRoUcI\/AAAAAAAACL0\/wcRdT3t9LrA\/s800\/Imagen%204.jpg?ssl=1\" border=\"0\" alt=\"\" \/><br \/>\n<img data-recalc-dims=\"1\" decoding=\"async\" src=\"https:\/\/i0.wp.com\/lh5.googleusercontent.com\/_9a36-PvpxDk\/TdEiDgZtXfI\/AAAAAAAACLw\/Rw4AyRcu6Bo\/s800\/Imagen%205.jpg?ssl=1\" border=\"0\" alt=\"\" \/><br \/>\n<img data-recalc-dims=\"1\" decoding=\"async\" src=\"https:\/\/i0.wp.com\/lh6.googleusercontent.com\/_9a36-PvpxDk\/TdEiC3vRJPI\/AAAAAAAACLs\/cgHs-iJh2JQ\/s800\/Imagen%206.jpg?ssl=1\" border=\"0\" alt=\"\" \/><br \/>\n<img data-recalc-dims=\"1\" decoding=\"async\" src=\"https:\/\/i0.wp.com\/lh6.googleusercontent.com\/_9a36-PvpxDk\/TdEiBzFRzxI\/AAAAAAAACLo\/zVzUUDgtv5I\/s800\/Imagen%207.jpg?ssl=1\" border=\"0\" alt=\"\" \/><br \/>\n<img data-recalc-dims=\"1\" decoding=\"async\" src=\"https:\/\/i0.wp.com\/lh6.googleusercontent.com\/_9a36-PvpxDk\/TdEiBMR8EcI\/AAAAAAAACLk\/INcQOorxkdA\/s800\/Imagen%208.jpg?ssl=1\" border=\"0\" alt=\"\" \/><br \/>\n<img data-recalc-dims=\"1\" decoding=\"async\" src=\"https:\/\/i0.wp.com\/lh5.googleusercontent.com\/_9a36-PvpxDk\/TdEiAbYm1nI\/AAAAAAAACLg\/E8UTmOW6gd4\/s800\/Imagen%209.jpg?ssl=1\" border=\"0\" alt=\"\" \/><br \/>\n<img data-recalc-dims=\"1\" decoding=\"async\" src=\"https:\/\/i0.wp.com\/lh5.googleusercontent.com\/_9a36-PvpxDk\/TdEh_gv9i9I\/AAAAAAAACLc\/D5SPz6Pi5BU\/s800\/Imagen%2010.jpg?ssl=1\" border=\"0\" alt=\"\" \/><br \/>\n<img data-recalc-dims=\"1\" decoding=\"async\" src=\"https:\/\/i0.wp.com\/lh5.googleusercontent.com\/_9a36-PvpxDk\/TdEh_CSjA2I\/AAAAAAAACLY\/wta3iPyfh1k\/s800\/Imagen%2011.jpg?ssl=1\" border=\"0\" alt=\"\" \/><br \/>\n<img data-recalc-dims=\"1\" decoding=\"async\" src=\"https:\/\/i0.wp.com\/lh5.googleusercontent.com\/_9a36-PvpxDk\/TdEh-ZlqPuI\/AAAAAAAACLQ\/E8kGiBeIMC0\/s800\/Imagen%2012.jpg?ssl=1\" border=\"0\" alt=\"\" \/><br \/>\n<img data-recalc-dims=\"1\" decoding=\"async\" src=\"https:\/\/i0.wp.com\/lh5.googleusercontent.com\/_9a36-PvpxDk\/TdEh9zvgpMI\/AAAAAAAACLM\/ROCJEmgDb9w\/s800\/Imagen%2013.jpg?ssl=1\" border=\"0\" alt=\"\" \/><br \/>\n<img data-recalc-dims=\"1\" decoding=\"async\" src=\"https:\/\/i0.wp.com\/lh4.googleusercontent.com\/_9a36-PvpxDk\/TdEh8_ibNXI\/AAAAAAAACLI\/SlNdJq_vxHE\/s800\/Imagen%2014.jpg?ssl=1\" border=\"0\" alt=\"\" \/><br \/>\n<img data-recalc-dims=\"1\" decoding=\"async\" src=\"https:\/\/i0.wp.com\/lh3.googleusercontent.com\/_9a36-PvpxDk\/TdEh8JUhSQI\/AAAAAAAACLE\/LncVvRfu45Q\/s800\/Imagen%2015.jpg?ssl=1\" border=\"0\" alt=\"\" \/><br \/>\n<img data-recalc-dims=\"1\" decoding=\"async\" src=\"https:\/\/i0.wp.com\/lh6.googleusercontent.com\/_9a36-PvpxDk\/TdEh7eFbMrI\/AAAAAAAACLA\/N9z4NWXMGIQ\/s800\/Imagen%2016.jpg?ssl=1\" border=\"0\" alt=\"\" \/><br \/>\n<img data-recalc-dims=\"1\" decoding=\"async\" src=\"https:\/\/i0.wp.com\/lh3.googleusercontent.com\/_9a36-PvpxDk\/TdEh6y22MVI\/AAAAAAAACK8\/dw3Snd_aJtw\/s800\/Imagen%2017.jpg?ssl=1\" border=\"0\" alt=\"\" \/><br \/>\n<img data-recalc-dims=\"1\" decoding=\"async\" src=\"https:\/\/i0.wp.com\/lh5.googleusercontent.com\/_9a36-PvpxDk\/TdEh6KDjjlI\/AAAAAAAACK4\/4bhQpm_4hkI\/s800\/Imagen%2018.jpg?ssl=1\" border=\"0\" alt=\"\" \/><br \/>\n<img data-recalc-dims=\"1\" decoding=\"async\" src=\"https:\/\/i0.wp.com\/lh4.googleusercontent.com\/_9a36-PvpxDk\/TdEh5V81d0I\/AAAAAAAACK0\/8xTOOPYwSu0\/s800\/Imagen%2019.jpg?ssl=1\" border=\"0\" alt=\"\" \/><br \/>\n<img data-recalc-dims=\"1\" decoding=\"async\" src=\"https:\/\/i0.wp.com\/lh3.googleusercontent.com\/_9a36-PvpxDk\/TdEh4iSXSsI\/AAAAAAAACKw\/b7wkvc6YTbk\/s800\/Imagen%2020.jpg?ssl=1\" border=\"0\" alt=\"\" \/><br \/>\n<img data-recalc-dims=\"1\" decoding=\"async\" src=\"https:\/\/i0.wp.com\/lh6.googleusercontent.com\/_9a36-PvpxDk\/TdEh382hW7I\/AAAAAAAACKs\/J4XHSqPHVG8\/s800\/Imagen%2021.jpg?ssl=1\" border=\"0\" alt=\"\" \/><br \/>\n<img data-recalc-dims=\"1\" decoding=\"async\" src=\"https:\/\/i0.wp.com\/lh5.googleusercontent.com\/_9a36-PvpxDk\/TdEhikplhcI\/AAAAAAAACJA\/nvOspNj5KNI\/s800\/Imagen%2022%282%29.jpg?ssl=1\" border=\"0\" alt=\"\" \/><br \/>\n<img data-recalc-dims=\"1\" decoding=\"async\" src=\"https:\/\/i0.wp.com\/lh6.googleusercontent.com\/_9a36-PvpxDk\/TdEh2QNTQvI\/AAAAAAAACKg\/ZSRtW0UKmZM\/s800\/Imagen%2023.jpg?ssl=1\" border=\"0\" alt=\"\" \/><br \/>\n<img data-recalc-dims=\"1\" decoding=\"async\" src=\"https:\/\/i0.wp.com\/lh5.googleusercontent.com\/_9a36-PvpxDk\/TdEh1YW-6gI\/AAAAAAAACKc\/_3bw3iCZq8w\/s800\/Imagen%2024.jpg?ssl=1\" border=\"0\" alt=\"\" \/><br \/>\n<img data-recalc-dims=\"1\" decoding=\"async\" src=\"https:\/\/i0.wp.com\/lh6.googleusercontent.com\/_9a36-PvpxDk\/TdEh0WtT-lI\/AAAAAAAACKY\/u-WtrENqHb8\/s800\/Imagen%2025.jpg?ssl=1\" border=\"0\" alt=\"\" \/><br \/>\n<img data-recalc-dims=\"1\" decoding=\"async\" src=\"https:\/\/i0.wp.com\/lh4.googleusercontent.com\/_9a36-PvpxDk\/TdEhztP0DeI\/AAAAAAAACKU\/Bq84Uarwq6I\/s800\/Imagen%2026.jpg?ssl=1\" border=\"0\" alt=\"\" \/><br \/>\n<img data-recalc-dims=\"1\" decoding=\"async\" src=\"https:\/\/i0.wp.com\/lh4.googleusercontent.com\/_9a36-PvpxDk\/TdEhyx4vmGI\/AAAAAAAACKQ\/3Zhg7lrZFXY\/s800\/Imagen%2027.jpg?ssl=1\" border=\"0\" alt=\"\" \/><br \/>\n<img data-recalc-dims=\"1\" decoding=\"async\" src=\"https:\/\/i0.wp.com\/lh3.googleusercontent.com\/_9a36-PvpxDk\/TdEhyLNhl7I\/AAAAAAAACKM\/LvC0h-qRKDw\/s800\/Imagen%2028.jpg?ssl=1\" border=\"0\" alt=\"\" \/><br \/>\n<img data-recalc-dims=\"1\" decoding=\"async\" src=\"https:\/\/i0.wp.com\/lh3.googleusercontent.com\/_9a36-PvpxDk\/TdEhxHo9vuI\/AAAAAAAACKI\/WJ_pARqU-i8\/s800\/Imagen%2029.jpg?ssl=1\" border=\"0\" alt=\"\" \/><br \/>\n<img data-recalc-dims=\"1\" decoding=\"async\" src=\"https:\/\/i0.wp.com\/lh6.googleusercontent.com\/_9a36-PvpxDk\/TdEhwZ4jlTI\/AAAAAAAACKE\/Pwa--vUrN8E\/s800\/Imagen%2030.jpg?ssl=1\" border=\"0\" alt=\"\" \/><br \/>\n<img data-recalc-dims=\"1\" decoding=\"async\" src=\"https:\/\/i0.wp.com\/lh3.googleusercontent.com\/_9a36-PvpxDk\/TdEhvjPLSdI\/AAAAAAAACKA\/NfRY4WuuowE\/s800\/Imagen%2031.jpg?ssl=1\" border=\"0\" alt=\"\" \/><br \/>\n<img data-recalc-dims=\"1\" decoding=\"async\" src=\"https:\/\/i0.wp.com\/lh5.googleusercontent.com\/_9a36-PvpxDk\/TdEhu28snhI\/AAAAAAAACJ8\/1L19XlXB2fo\/s800\/Imagen%2032.jpg?ssl=1\" border=\"0\" alt=\"\" \/><br \/>\n<img data-recalc-dims=\"1\" decoding=\"async\" src=\"https:\/\/i0.wp.com\/lh6.googleusercontent.com\/_9a36-PvpxDk\/TdEhuMAsM-I\/AAAAAAAACJ4\/0TAjxbsayTc\/s800\/Imagen%2033.jpg?ssl=1\" border=\"0\" alt=\"\" \/><br \/>\n<img data-recalc-dims=\"1\" decoding=\"async\" src=\"https:\/\/i0.wp.com\/lh5.googleusercontent.com\/_9a36-PvpxDk\/TdEhtK2zU5I\/AAAAAAAACJ0\/DLn0aPaI-Bw\/s800\/Imagen%2034.jpg?ssl=1\" border=\"0\" alt=\"\" \/><br \/>\n<img data-recalc-dims=\"1\" decoding=\"async\" src=\"https:\/\/i0.wp.com\/lh6.googleusercontent.com\/_9a36-PvpxDk\/TdEhsXGP6pI\/AAAAAAAACJw\/irkeRrQWj0U\/s800\/Imagen%2035.jpg?ssl=1\" border=\"0\" alt=\"\" \/><br \/>\n<img data-recalc-dims=\"1\" decoding=\"async\" src=\"https:\/\/i0.wp.com\/lh4.googleusercontent.com\/_9a36-PvpxDk\/TdEhrU2pl9I\/AAAAAAAACJs\/WCUuzsb23a0\/s800\/Imagen%2036.jpg?ssl=1\" border=\"0\" alt=\"\" \/><br \/>\n<img data-recalc-dims=\"1\" decoding=\"async\" src=\"https:\/\/i0.wp.com\/lh4.googleusercontent.com\/_9a36-PvpxDk\/TdEhqeFJ9GI\/AAAAAAAACJo\/8fjc5gPNdq4\/s800\/Imagen%2037.jpg?ssl=1\" border=\"0\" alt=\"\" \/><br \/>\n<img data-recalc-dims=\"1\" decoding=\"async\" src=\"https:\/\/i0.wp.com\/lh5.googleusercontent.com\/_9a36-PvpxDk\/TdEhpvZ1UDI\/AAAAAAAACJk\/Foi8nP2o5U4\/s800\/Imagen%2038.jpg?ssl=1\" border=\"0\" alt=\"\" \/><br \/>\n<img data-recalc-dims=\"1\" decoding=\"async\" src=\"https:\/\/i0.wp.com\/lh5.googleusercontent.com\/_9a36-PvpxDk\/TdEhoi5R-MI\/AAAAAAAACJg\/ofuQV4FTQno\/s800\/Imagen%2039.jpg?ssl=1\" border=\"0\" alt=\"\" \/><br \/>\n<img data-recalc-dims=\"1\" decoding=\"async\" src=\"https:\/\/i0.wp.com\/lh3.googleusercontent.com\/_9a36-PvpxDk\/TdEhn65uTmI\/AAAAAAAACJc\/f4-rIWn38qY\/s800\/Imagen%2040.jpg?ssl=1\" border=\"0\" alt=\"\" \/><br \/>\n<img data-recalc-dims=\"1\" decoding=\"async\" src=\"https:\/\/i0.wp.com\/lh6.googleusercontent.com\/_9a36-PvpxDk\/TdEhnHR447I\/AAAAAAAACJY\/rxAoHRdPeWw\/s800\/Imagen%2041.jpg?ssl=1\" border=\"0\" alt=\"\" \/><br \/>\n<img data-recalc-dims=\"1\" decoding=\"async\" src=\"https:\/\/i0.wp.com\/lh5.googleusercontent.com\/_9a36-PvpxDk\/TdEhmVRm6cI\/AAAAAAAACJU\/P_Esu4ua0Ys\/s800\/Imagen%2042.jpg?ssl=1\" border=\"0\" alt=\"\" \/><br \/>\n<img data-recalc-dims=\"1\" decoding=\"async\" src=\"https:\/\/i0.wp.com\/lh6.googleusercontent.com\/_9a36-PvpxDk\/TdEhlVKjODI\/AAAAAAAACJQ\/XcDa6xNw0DA\/s800\/Imagen%2043.jpg?ssl=1\" border=\"0\" alt=\"\" \/><br \/>\n<img data-recalc-dims=\"1\" decoding=\"async\" src=\"https:\/\/i0.wp.com\/lh4.googleusercontent.com\/_9a36-PvpxDk\/TdEhkvsU6pI\/AAAAAAAACJM\/pGTxL9-fLFs\/s800\/Imagen%2044.jpg?ssl=1\" border=\"0\" alt=\"\" \/><br \/>\n<img data-recalc-dims=\"1\" decoding=\"async\" src=\"https:\/\/i0.wp.com\/lh5.googleusercontent.com\/_9a36-PvpxDk\/TdEhj3UYyyI\/AAAAAAAACJI\/yNPdes-xZXw\/s800\/Imagen%2045.jpg?ssl=1\" border=\"0\" alt=\"\" \/><br \/>\n<img data-recalc-dims=\"1\" decoding=\"async\" src=\"https:\/\/i0.wp.com\/lh4.googleusercontent.com\/_9a36-PvpxDk\/TdEhjYotuSI\/AAAAAAAACJE\/WfOEVWFcRlE\/s800\/Imagen%2046.jpg?ssl=1\" border=\"0\" alt=\"\" \/><br \/>\n<img data-recalc-dims=\"1\" decoding=\"async\" src=\"https:\/\/i0.wp.com\/lh6.googleusercontent.com\/_9a36-PvpxDk\/TdEhhwdJPNI\/AAAAAAAACI8\/7i0HUWQpC7A\/s800\/Imagen%2047.jpg?ssl=1\" border=\"0\" alt=\"\" \/><\/p>\n<p>Com podeu veure, avui en Carles L\u00f3pez, l&#8217;Antonio Codina, l&#8217;Oriol  Farr\u00e9 i jo hem fet el r\u00e9cord de fotografies d&#8217;un entrenament mossenaire  en el que ha estat l&#8217;entrenament m\u00e9s emotiu de la hist\u00f2ria: dedicat tot  ell al nostre amic per sempre: SEBASTI\u00c0 VILARGUNT\u00c9.<\/p>\n<p>Gr\u00e0cies a tots i fins sempre.<\/h2>\n","protected":false},"excerpt":{"rendered":"<p>En Sebasti\u00e0 ha estat aquests dies aquella persona a la que si pogu\u00e9ssim li dir\u00edem a ell personalment que el volem al costat nostre. Com que no \u00e9s possible, hem volgut donar-li i fer uns reconeixements de la millor manera que sabem: expressant el nostre dolor i recordant-lo i dedicant-t&#8217;hi aquests moments de gran emotivitat. [&hellip;]<\/p>\n","protected":false},"author":171,"featured_media":0,"comment_status":"open","ping_status":"open","sticky":false,"template":"","format":"standard","meta":{"jetpack_post_was_ever_published":false,"_jetpack_newsletter_access":"","_jetpack_dont_email_post_to_subs":false,"_jetpack_newsletter_tier_id":0,"_jetpack_memberships_contains_paywalled_content":false,"_jetpack_memberships_contains_paid_content":false,"footnotes":"","jetpack_publicize_message":"","jetpack_publicize_feature_enabled":true,"jetpack_social_post_already_shared":false,"jetpack_social_options":{"image_generator_settings":{"template":"highway","default_image_id":0,"font":"","enabled":false},"version":2}},"categories":[1],"tags":[],"class_list":["post-723","post","type-post","status-publish","format-standard","hentry","category-general"],"jetpack_publicize_connections":[],"jetpack_featured_media_url":"","jetpack_sharing_enabled":true,"jetpack_shortlink":"https:\/\/wp.me\/pagkiK-bF","jetpack-related-posts":[{"id":689,"url":"https:\/\/blogs.avui.cat\/pepmoliner\/2011\/05\/09\/et-trobarem-a-faltar-sebastia\/","url_meta":{"origin":723,"position":0},"title":"Et trobarem a faltar Sebasti\u00e0","author":"Pep Moliner","date":"9 de maig de 2011","format":false,"excerpt":"Avui volem comen\u00e7ar fent un homenatge a en Sebasti\u00e0 Vilargunt\u00e9: un dels nostres. Ens comunicaven que ahir mentre practicava esport al mati, es va trobar malament i va morir. Avui li podrem donar l'ad\u00e9u al tanatori, on volem ser-hi. No tenim m\u00e9s detalls, tan sols que des de fa un\u2026","rel":"","context":"A &quot;General&quot;","block_context":{"text":"General","link":"https:\/\/blogs.avui.cat\/pepmoliner\/category\/general\/"},"img":{"alt_text":"","src":"","width":0,"height":0},"classes":[]},{"id":3434,"url":"https:\/\/blogs.avui.cat\/pepmoliner\/2014\/09\/11\/mossenaire-parla-alemany\/","url_meta":{"origin":723,"position":1},"title":"Mossenaire parla Alemany","author":"Pep Moliner","date":"11 de setembre de 2014","format":false,"excerpt":"L'entrenament mossenaire parlar\u00e0 alemany, i \u00e9s qu\u00e8 de la m\u00e0 del seu germ\u00e0, en Fernando, avui en Marco Artesero que ha vingut a visitar a la seva fam\u00edlia, alhora que \u00e9s un atleta impressionant i molt reconegut al seu pa\u00eds, ens ha regalat la seva pres\u00e8ncia i ens ha honorat\u2026","rel":"","context":"A &quot;General&quot;","block_context":{"text":"General","link":"https:\/\/blogs.avui.cat\/pepmoliner\/category\/general\/"},"img":{"alt_text":"","src":"","width":0,"height":0},"classes":[]},{"id":3066,"url":"https:\/\/blogs.avui.cat\/pepmoliner\/2014\/01\/02\/en-memoria-de-la-teresa-almirall\/","url_meta":{"origin":723,"position":2},"title":"En mem\u00f2ria de la Teresa Alemany","author":"Pep Moliner","date":"2 de gener de 2014","format":false,"excerpt":"Tristos ens semtim quan alg\u00fan amic perd el seu \u00e9sser estimat i el nostre Casi en un dels pitjors moments de la seva vida t\u00e9 al seu costat a molta gent que se l'estimen: els seus fills i les seves joves, els seus nets i familiars m\u00e9s \u00edntims i a\u2026","rel":"","context":"A &quot;General&quot;","block_context":{"text":"General","link":"https:\/\/blogs.avui.cat\/pepmoliner\/category\/general\/"},"img":{"alt_text":"","src":"","width":0,"height":0},"classes":[]},{"id":1773,"url":"https:\/\/blogs.avui.cat\/pepmoliner\/2012\/08\/04\/pedraforca-lhem-pujat\/","url_meta":{"origin":723,"position":3},"title":"Pedraforca: l&#8217;hem pujat !","author":"Pep Moliner","date":"4 d'agost de 2012","format":false,"excerpt":"Pedraforca no l'havia pujat fins l'any passat. L'alta muntanya em fa molt de respecte i temo a les al\u00e7ades; amb aix\u00f2 us podeu fer una idea el que sents quan ets enmig de l'alta muntanya. Aprofitant tracks d'altres persones i refer\u00e8ncies d'amics, semblava del tot factible el repte, per\u00f2 arribats\u2026","rel":"","context":"A &quot;General&quot;","block_context":{"text":"General","link":"https:\/\/blogs.avui.cat\/pepmoliner\/category\/general\/"},"img":{"alt_text":"SOC DISSENYADOR I TREBALLO COM AUT\u00d2NOM, ESPERO LA TEVA COMANDA ;)","src":"https:\/\/i0.wp.com\/blogs.avui.cat\/pepmoliner\/files\/2012\/02\/josepmolinerDisseny381x111.gif?resize=350%2C200","width":350,"height":200},"classes":[]},{"id":1935,"url":"https:\/\/blogs.avui.cat\/pepmoliner\/2012\/10\/02\/et-trobarem-a-faltar-teresa-farriol\/","url_meta":{"origin":723,"position":4},"title":"Et trobarem a faltar Teresa Farriol","author":"Pep Moliner","date":"2 d'octubre de 2012","format":false,"excerpt":"Estem tristos i desanimats per la mort d'una amiga: La Teresa Farriol \u00e9s i ser\u00e0 sempre recordada com una gran atleta, que ha fet que la paraula amistat tingu\u00e9s sentit. Sabem que hem perdut la possibilitat de fer-nos m\u00e9s persones aprenent d'ella i els \u00e9ssers estimats que te m\u00e9s aprop,\u2026","rel":"","context":"A &quot;General&quot;","block_context":{"text":"General","link":"https:\/\/blogs.avui.cat\/pepmoliner\/category\/general\/"},"img":{"alt_text":"","src":"","width":0,"height":0},"classes":[]},{"id":3234,"url":"https:\/\/blogs.avui.cat\/pepmoliner\/2014\/04\/21\/collbato-sant-jeroni\/","url_meta":{"origin":723,"position":5},"title":"Collbat\u00f3 &#8211; Sant Jeroni","author":"Pep Moliner","date":"21 d'abril de 2014","format":false,"excerpt":"L'entrenament era un xic exigent, donat que pujar des de les coves de Salnitre, pel cam\u00ed que passa per la Santa Cova, monestir, pla de Sant Anna, ermita de Sant Jeroni. per culminar dalt al mirador de Sant Jeroni. Tot i que ha estat un dia que no hem tingut\u2026","rel":"","context":"A &quot;General&quot;","block_context":{"text":"General","link":"https:\/\/blogs.avui.cat\/pepmoliner\/category\/general\/"},"img":{"alt_text":"","src":"","width":0,"height":0},"classes":[]}],"_links":{"self":[{"href":"https:\/\/blogs.avui.cat\/pepmoliner\/wp-json\/wp\/v2\/posts\/723","targetHints":{"allow":["GET"]}}],"collection":[{"href":"https:\/\/blogs.avui.cat\/pepmoliner\/wp-json\/wp\/v2\/posts"}],"about":[{"href":"https:\/\/blogs.avui.cat\/pepmoliner\/wp-json\/wp\/v2\/types\/post"}],"author":[{"embeddable":true,"href":"https:\/\/blogs.avui.cat\/pepmoliner\/wp-json\/wp\/v2\/users\/171"}],"replies":[{"embeddable":true,"href":"https:\/\/blogs.avui.cat\/pepmoliner\/wp-json\/wp\/v2\/comments?post=723"}],"version-history":[{"count":10,"href":"https:\/\/blogs.avui.cat\/pepmoliner\/wp-json\/wp\/v2\/posts\/723\/revisions"}],"predecessor-version":[{"id":733,"href":"https:\/\/blogs.avui.cat\/pepmoliner\/wp-json\/wp\/v2\/posts\/723\/revisions\/733"}],"wp:attachment":[{"href":"https:\/\/blogs.avui.cat\/pepmoliner\/wp-json\/wp\/v2\/media?parent=723"}],"wp:term":[{"taxonomy":"category","embeddable":true,"href":"https:\/\/blogs.avui.cat\/pepmoliner\/wp-json\/wp\/v2\/categories?post=723"},{"taxonomy":"post_tag","embeddable":true,"href":"https:\/\/blogs.avui.cat\/pepmoliner\/wp-json\/wp\/v2\/tags?post=723"}],"curies":[{"name":"wp","href":"https:\/\/api.w.org\/{rel}","templated":true}]}}