{"id":70,"date":"2008-11-03T21:59:01","date_gmt":"2008-11-03T19:59:01","guid":{"rendered":"http:\/\/blogs.avui.cat\/pepmoliner\/2008\/11\/03\/turo-roques-blanques-entrenant-en-grup\/"},"modified":"2008-11-04T10:07:58","modified_gmt":"2008-11-04T08:07:58","slug":"turo-roques-blanques-entrenant-en-grup","status":"publish","type":"post","link":"https:\/\/blogs.avui.cat\/pepmoliner\/2008\/11\/03\/turo-roques-blanques-entrenant-en-grup\/","title":{"rendered":"Tur\u00f3 Roques Blanques, entrenant en GRUP"},"content":{"rendered":"<p>.<\/p>\n<p>.<\/p>\n<p>.<\/p>\n<p>.<\/p>\n<p>.<\/p>\n<p>.<\/p>\n<p><img data-recalc-dims=\"1\" decoding=\"async\" src=\"https:\/\/i0.wp.com\/lh3.ggpht.com\/_GgLw52r2N3I\/SQ7zB3LBysI\/AAAAAAAAGIE\/tD04ixE2YS4\/s800\/100_0952b.jpg\" border=\"0\" \/><\/p>\n<p>No va ploure mentre entren\u00e0vem i tot i minvar l&#8217;assist\u00e8ncia d&#8217;amics, va sortir el t\u00edpic entrenament de dies plujosos, com \u00e9s pujar fins al Tur\u00f3 de les Roques Blanques. Com \u00e9s costum pugem fins a Matadepera i a l&#8217;avinguda del Mas Sot ens reagrupem. passem per davant l&#8217;Ajuntament, fins el carrer de Terrassa, a l&#8217;Esgl\u00e9sia sentit a l&#8217;esquerra pel carrer Sant Joan, ara carrer Sant Lloren\u00e7 i a la pla\u00e7a de Sant Jordi ens fem la fotografia, donat que en Mari\u00e0 podia c\u00f3rrer 28 minuts amunt i 28 minuts avall, per arribar a temps al cotxe per anar a portar els seus fills a fer esport. Mentre f\u00e8iem la fotografia, apareix en Jordi Renom, que va tallar tant just que ja hav\u00edem marxat. Sortosament amb aquestes paradetes va poder trobar-nos i continuar l&#8217;entrenament plegats. D&#8217;aqu\u00ed anem fent per l&#8217;avinguda de les arenes, passem la carretera de Terrassa a Talamanca, fins nou re-agrupament just abans de la pujada d&#8217;uns dos quil\u00f2metres que ens conduir\u00e0 fins al capdamunt. En Carles, en Farell i en Massa utilitzen les escales, per arribar dalt. Un cop arribats, fem unes quantes fotografies amb l&#8217;alegria de saber que en Javi39, que no ho veia clar, fa el cim.<br \/>\nD&#8217;aqu\u00ed el retorn a bon ritme i fins a la zona de Torre Moss\u00e8n Homs on ens esperava l&#8217;Esteban Mena amb en Ferran i la Tensi, apunt per anar esmorzar a Can Petit, tamb\u00e9 amb l&#8217;Anna, que est\u00e0 lesionada uns dies. Mentre baixava per la carretera cap a casa amb en J.Farell, vaig veure la Mari Pau direcci\u00f3 a la teca.<br \/>\nUn bon entrenament i millor companyia. Aix\u00f2 es tot com a petit recordatori.<\/p>\n<p><img data-recalc-dims=\"1\" decoding=\"async\" src=\"https:\/\/i0.wp.com\/lh3.ggpht.com\/_GgLw52r2N3I\/SQ7yxusKyyI\/AAAAAAAAGHc\/m73vRjI_tTc\/s400\/100_0947.JPG\" border=\"0\" \/><\/p>\n<p>En Mari\u00e0 que nom\u00e9s tenia 28&#8242; amunt i 28&#8242; avall, la Dolors que si hagu\u00e9s plogut hagu\u00e9s fet festa i en Javi39 que es va animar, aix\u00f2 si amb preocupaci\u00f3 de si aguantaria la pujada. Evidentment que si.<\/p>\n<p><img data-recalc-dims=\"1\" decoding=\"async\" src=\"https:\/\/i0.wp.com\/lh4.ggpht.com\/_GgLw52r2N3I\/SQ7y2b7ozwI\/AAAAAAAAGHk\/LArmsLB2i_M\/s400\/100_0948.JPG\" border=\"0\" \/><\/p>\n<p>Punt de reagrupament, amb en J.Farell. Fa maratons tot sovint. La darrera la de Sant Lloren\u00e7<\/p>\n<p><img data-recalc-dims=\"1\" decoding=\"async\" src=\"https:\/\/i0.wp.com\/lh4.ggpht.com\/_GgLw52r2N3I\/SQ7y5oWDWYI\/AAAAAAAAGHs\/6jETuNZ4FNM\/s400\/100_0949b.jpg\" border=\"0\" \/><\/p>\n<p>Al pas per l&#8217;ajuntament de Matadepera<\/p>\n<p><img data-recalc-dims=\"1\" decoding=\"async\" src=\"https:\/\/i0.wp.com\/lh5.ggpht.com\/_GgLw52r2N3I\/SQ7y8UAlfiI\/AAAAAAAAGH0\/yrGffZRhNSU\/s400\/100_0950.JPG\" border=\"0\" \/><\/p>\n<p>Pla\u00e7a Sant Jordi, sense en Jordi<\/p>\n<p><img data-recalc-dims=\"1\" decoding=\"async\" src=\"https:\/\/i0.wp.com\/lh3.ggpht.com\/_GgLw52r2N3I\/SQ7y--qB4JI\/AAAAAAAAGH8\/YBfawNyMnvU\/s400\/100_0951.JPG\" border=\"0\" \/><\/p>\n<p>Veiem que ve en Jordi, per\u00f2 no hi ha en Jordi a la Pla\u00e7a Sant Jordi<\/p>\n<p><img data-recalc-dims=\"1\" decoding=\"async\" src=\"https:\/\/i0.wp.com\/lh6.ggpht.com\/_GgLw52r2N3I\/SQ7zFNdnmeI\/AAAAAAAAGIM\/MXUcpdzpnzE\/s400\/100_0952.JPG\" border=\"0\" \/><\/p>\n<p>Ja tenim en Jordi Renom a la pla\u00e7a Sant Jordi de Matadepera<\/p>\n<p><img data-recalc-dims=\"1\" decoding=\"async\" src=\"https:\/\/i0.wp.com\/lh4.ggpht.com\/_GgLw52r2N3I\/SQ7zJ7RWTeI\/AAAAAAAAGIU\/4_1AQyvyf8E\/s400\/100_0953.JPG\" border=\"0\" \/><\/p>\n<p>Una variant de la fotografia anterior. A on ? a la Pla\u00e7a Sant Jordi<\/p>\n<p><img data-recalc-dims=\"1\" decoding=\"async\" src=\"https:\/\/i0.wp.com\/lh6.ggpht.com\/_GgLw52r2N3I\/SQ7zM4v0DcI\/AAAAAAAAGIc\/NZ02e9L2TKw\/s400\/100_0955.JPG\" border=\"0\" \/><\/p>\n<p>Els Antonios venien de fer gana per anar menjar &#8220;unas porras&#8221;<\/p>\n<p><img data-recalc-dims=\"1\" decoding=\"async\" src=\"https:\/\/i0.wp.com\/lh5.ggpht.com\/_GgLw52r2N3I\/SQ7zRfJdIII\/AAAAAAAAGIk\/vgwrDIHqhHU\/s400\/100_0956.JPG\" border=\"0\" \/><\/p>\n<p>Tota la colla, amb en Vicen\u00e7 al mig. Recordem que per ell pujar aqu\u00ed&#8230; en fi, li costa<\/p>\n<p><img data-recalc-dims=\"1\" decoding=\"async\" src=\"https:\/\/i0.wp.com\/lh4.ggpht.com\/_GgLw52r2N3I\/SQ7zWu_j4wI\/AAAAAAAAGIw\/pUpmMPrcFpw\/s400\/100_0957.JPG\" border=\"0\" \/><\/p>\n<p>En Carles Salmeron i en Josep Farell havien pujat per les escales, i ara ens venien a buscar amunt i avall<br \/>\n<img data-recalc-dims=\"1\" decoding=\"async\" src=\"https:\/\/i0.wp.com\/lh5.ggpht.com\/_GgLw52r2N3I\/SQ7zgy3z61I\/AAAAAAAAGJA\/UIb3YNRnDB8\/s400\/100_0958.JPG\" border=\"0\" \/><\/p>\n<p>La Dolors s&#8217;ho passa pipa; segur que en Lluis ja n&#8217;ha explicat una&#8230;<\/p>\n<p><img data-recalc-dims=\"1\" decoding=\"async\" src=\"https:\/\/i0.wp.com\/lh5.ggpht.com\/_GgLw52r2N3I\/SQ7zknvw2tI\/AAAAAAAAGJI\/gv8w9YIJkmI\/s400\/100_0959.JPG\" border=\"0\" \/><\/p>\n<p>Quina foto m\u00e9s maca,  i prova de que en Javi ho aconsegueix sempre<\/p>\n<p><img data-recalc-dims=\"1\" decoding=\"async\" src=\"https:\/\/i0.wp.com\/lh6.ggpht.com\/_GgLw52r2N3I\/SQ7zoSRuS3I\/AAAAAAAAGJQ\/phycbvk3YL0\/s400\/100_0960.JPG\" border=\"0\" \/><\/p>\n<p>Variant de l&#8217;anterior<\/p>\n<p><img data-recalc-dims=\"1\" decoding=\"async\" src=\"https:\/\/i0.wp.com\/lh3.ggpht.com\/_GgLw52r2N3I\/SQ7zt8BVekI\/AAAAAAAAGJY\/3Ouu9rGgn3I\/s400\/100_0961.JPG\" border=\"0\" \/><\/p>\n<p>A Torra Moss\u00e8n Homs ens esperen, l&#8217;Esteban Mena, en Ferran i la Tensi<\/p>\n<p><img data-recalc-dims=\"1\" decoding=\"async\" src=\"https:\/\/i0.wp.com\/lh3.ggpht.com\/_GgLw52r2N3I\/SQ7zbOcE1BI\/AAAAAAAAGI4\/Y5kOJJMetb0\/s800\/100_0958b.jpg\" border=\"0\" \/><\/p>\n<p>En Lluis, un mossenaire per excel\u00b7l\u00e8ncia. D&#8217;en\u00e7\u00e0 que es amic dels entrenaments de Torre Moss\u00e8n Homs \u00e9s un dels principals referents. Gaireb\u00e9 sempre ens regala la seva companyia, li agrada anar esmorzar despr\u00e9s i no ho sol perdonar,. Aix\u00f2 si i va passant de estar una mica desentrenat fa poc m\u00e9s d&#8217;un any, a tenir un estat de forma excel\u00b7lent. Participa a infinitat d&#8217;entrenaments i tamb\u00e9 fa curses a molt bon nivell. Sentit de l&#8217;humor, amb la fina ironia. Coneix els nostres entorns a la perfecci\u00f3, camins i corriols. Al comen\u00e7ament ens va organitzar un entrenament des de Vallvidrera a Rubi, molt interessant. Ens fa molta propaganda al grup i \u00e9s de la teoria que el mossenaire de la setmana acaba no venint.<br \/>\nNo home no, ens veiem els dissabte&#8217;s que venen !!!!<\/p>\n","protected":false},"excerpt":{"rendered":"<p>. . . . . . No va ploure mentre entren\u00e0vem i tot i minvar l&#8217;assist\u00e8ncia d&#8217;amics, va sortir el t\u00edpic entrenament de dies plujosos, com \u00e9s pujar fins al Tur\u00f3 de les Roques Blanques. Com \u00e9s costum pugem fins a Matadepera i a l&#8217;avinguda del Mas Sot ens reagrupem. passem per davant l&#8217;Ajuntament, fins [&hellip;]<\/p>\n","protected":false},"author":171,"featured_media":0,"comment_status":"open","ping_status":"open","sticky":false,"template":"","format":"standard","meta":{"jetpack_post_was_ever_published":false,"_jetpack_newsletter_access":"","_jetpack_dont_email_post_to_subs":false,"_jetpack_newsletter_tier_id":0,"_jetpack_memberships_contains_paywalled_content":false,"_jetpack_memberships_contains_paid_content":false,"footnotes":"","jetpack_publicize_message":"","jetpack_publicize_feature_enabled":true,"jetpack_social_post_already_shared":false,"jetpack_social_options":{"image_generator_settings":{"template":"highway","default_image_id":0,"font":"","enabled":false},"version":2}},"categories":[1],"tags":[],"class_list":["post-70","post","type-post","status-publish","format-standard","hentry","category-general"],"jetpack_publicize_connections":[],"jetpack_featured_media_url":"","jetpack_sharing_enabled":true,"jetpack_shortlink":"https:\/\/wp.me\/pagkiK-18","jetpack-related-posts":[{"id":3417,"url":"https:\/\/blogs.avui.cat\/pepmoliner\/2014\/08\/28\/cap-al-turo\/","url_meta":{"origin":70,"position":0},"title":"Cap al Tur\u00f3","author":"Pep Moliner","date":"28 d'agost de 2014","format":false,"excerpt":"Sempre hi ha bones vibracions als entrenaments en grup a Torre Moss\u00e8n\u00a0Homs i on ens anomenem carinyosament \"Mossenaires\", com a gent que li\u00a0agrada aquesta filosofia de fer-se costat. Avui en Fran ha dirigit fant\u00e0sticament el projecte com\u00fa i ha suggerit a les\u00a0amigues i amics un entrenament molt interessant al Tur\u00f3\u2026","rel":"","context":"A &quot;General&quot;","block_context":{"text":"General","link":"https:\/\/blogs.avui.cat\/pepmoliner\/category\/general\/"},"img":{"alt_text":"","src":"","width":0,"height":0},"classes":[]},{"id":6039,"url":"https:\/\/blogs.avui.cat\/pepmoliner\/2024\/09\/19\/els-sis-revolts-del-turo-de-les-roques-blanques\/","url_meta":{"origin":70,"position":1},"title":"Els sis revolts del Tur\u00f3 de les Roques Blanques","author":"Pep Moliner","date":"19 de setembre de 2024","format":false,"excerpt":"El m\u00e9s llarg i intens \u00e9s l'entrenament que ens porta fins al Tur\u00f3 de les Roques Blanques, on els revolts n'hi ha algun que s'enganxa de deb\u00f2, per\u00f2 les vistes i el bonic de poder gaudir d'un entorn de Terrassa que ens encanta. Poc abans de comen\u00e7ar la pujada, es\u2026","rel":"","context":"A &quot;General&quot;","block_context":{"text":"General","link":"https:\/\/blogs.avui.cat\/pepmoliner\/category\/general\/"},"img":{"alt_text":"","src":"https:\/\/i0.wp.com\/img.youtube.com\/vi\/GvKXdYentdc\/0.jpg?resize=350%2C200","width":350,"height":200},"classes":[]},{"id":5949,"url":"https:\/\/blogs.avui.cat\/pepmoliner\/2024\/02\/16\/turo-de-les-roques-blanques-i-collet-de-can-roure-des-de-can-mossenaire-2\/","url_meta":{"origin":70,"position":2},"title":"Tur\u00f3 de les Roques Blanques i Collet de Can Roure des de Can Mossenaire","author":"Pep Moliner","date":"16 de febrer de 2024","format":false,"excerpt":"El circuit dels sis revols, que ens puja fins al Tur\u00f3 de les Roques Blanques, \u00e9s el m\u00e9s llarg de Mossenaires, per\u00f2 bonic amb ganes i m\u00e9s ara que baixem de fa poc per darrera, per Can Roure i la fem m\u00e9s circular. Qu\u00e8 bonic veure com pugeu i arribeu\u2026","rel":"","context":"A &quot;General&quot;","block_context":{"text":"General","link":"https:\/\/blogs.avui.cat\/pepmoliner\/category\/general\/"},"img":{"alt_text":"","src":"https:\/\/i0.wp.com\/img.youtube.com\/vi\/z4EdttbeOtU\/0.jpg?resize=350%2C200","width":350,"height":200},"classes":[]},{"id":4905,"url":"https:\/\/blogs.avui.cat\/pepmoliner\/2019\/05\/31\/circuit-llarguet-i-amb-revolts\/","url_meta":{"origin":70,"position":3},"title":"Circuit llarguet i amb revolts","author":"Pep Moliner","date":"31 de maig de 2019","format":false,"excerpt":"\u00a0 \u00c9s sabut que els vuit revolts \u00e9s un lloc on Mossenaires hi va quan ha plogut, pel fet de ser uns camins que drenen b\u00e9 l'aigua i donat que ens agrada que no us enfangueu massa. De fet \u00e9s un recorregut prou bonic i ens agrada quan hi transitem\u2026","rel":"","context":"A &quot;General&quot;","block_context":{"text":"General","link":"https:\/\/blogs.avui.cat\/pepmoliner\/category\/general\/"},"img":{"alt_text":"","src":"","width":0,"height":0},"classes":[]},{"id":24,"url":"https:\/\/blogs.avui.cat\/pepmoliner\/2008\/05\/10\/10-maig-entrenament-en-grup\/","url_meta":{"origin":70,"position":4},"title":"10 maig, Entrenament en GRUP","author":"Pep Moliner","date":"10 de maig de 2008","format":false,"excerpt":"Cr\u00f2nica socannaBon entreno aquest dissabte. Hem anat fins a Can Candi. Quan ja arribavem adalt, s' ha posat a ploure. Cada vegada que vaig fins a Can Candi, primer em fa molta mandra, per\u00f2 mentre vaig enfilant cap dalt, m'agrada. I a t\u00fa Vicen\u00e7????Cr\u00f2nica pepAvui, quedava el dubte de si\u2026","rel":"","context":"A &quot;General&quot;","block_context":{"text":"General","link":"https:\/\/blogs.avui.cat\/pepmoliner\/category\/general\/"},"img":{"alt_text":"","src":"","width":0,"height":0},"classes":[]},{"id":4583,"url":"https:\/\/blogs.avui.cat\/pepmoliner\/2017\/09\/20\/cap-el-turo-quan-plou-amb-mossenaires\/","url_meta":{"origin":70,"position":5},"title":"Cap el Tur\u00f3 quan plou amb Mossenaires","author":"Pep Moliner","date":"20 de setembre de 2017","format":false,"excerpt":"Quan el divendres dia 15 queien forts ruixats, imagin\u00e0vem que podr\u00edem tenir molt de fang i ens ha sorpr\u00e8s que aquest dissabte molta gent imaginava cap on anir\u00edem, donat que mirem d'actuar amb certa l\u00f2gica i no anar pels tolls. Anar cap al Tur\u00f3 de les Roques Blanques ens agrada\u2026","rel":"","context":"A &quot;Amistat&quot;","block_context":{"text":"Amistat","link":"https:\/\/blogs.avui.cat\/pepmoliner\/category\/amistat\/"},"img":{"alt_text":"","src":"","width":0,"height":0},"classes":[]}],"_links":{"self":[{"href":"https:\/\/blogs.avui.cat\/pepmoliner\/wp-json\/wp\/v2\/posts\/70","targetHints":{"allow":["GET"]}}],"collection":[{"href":"https:\/\/blogs.avui.cat\/pepmoliner\/wp-json\/wp\/v2\/posts"}],"about":[{"href":"https:\/\/blogs.avui.cat\/pepmoliner\/wp-json\/wp\/v2\/types\/post"}],"author":[{"embeddable":true,"href":"https:\/\/blogs.avui.cat\/pepmoliner\/wp-json\/wp\/v2\/users\/171"}],"replies":[{"embeddable":true,"href":"https:\/\/blogs.avui.cat\/pepmoliner\/wp-json\/wp\/v2\/comments?post=70"}],"version-history":[{"count":0,"href":"https:\/\/blogs.avui.cat\/pepmoliner\/wp-json\/wp\/v2\/posts\/70\/revisions"}],"wp:attachment":[{"href":"https:\/\/blogs.avui.cat\/pepmoliner\/wp-json\/wp\/v2\/media?parent=70"}],"wp:term":[{"taxonomy":"category","embeddable":true,"href":"https:\/\/blogs.avui.cat\/pepmoliner\/wp-json\/wp\/v2\/categories?post=70"},{"taxonomy":"post_tag","embeddable":true,"href":"https:\/\/blogs.avui.cat\/pepmoliner\/wp-json\/wp\/v2\/tags?post=70"}],"curies":[{"name":"wp","href":"https:\/\/api.w.org\/{rel}","templated":true}]}}