{"id":57,"date":"2008-09-27T08:00:24","date_gmt":"2008-09-27T06:00:24","guid":{"rendered":"http:\/\/blogs.avui.cat\/pepmoliner\/2008\/09\/29\/entrenament-en-grup-cap-de-setmana\/"},"modified":"2008-10-27T09:23:30","modified_gmt":"2008-10-27T07:23:30","slug":"entrenament-en-grup-cap-de-setmana","status":"publish","type":"post","link":"https:\/\/blogs.avui.cat\/pepmoliner\/2008\/09\/27\/entrenament-en-grup-cap-de-setmana\/","title":{"rendered":"Entrenament en GRUP, cap de setmana"},"content":{"rendered":"<p><img data-recalc-dims=\"1\" loading=\"lazy\" decoding=\"async\" src=\"https:\/\/i0.wp.com\/lh6.ggpht.com\/pepmoliner\/SOCpJrGDMMI\/AAAAAAAAFMU\/BJOXNnz6Va4\/s800\/MH100_0474.jpg?resize=576%2C431\" border=\"0\" height=\"431\" width=\"576\" \/><br \/>\nSetembre del 2008 es va fonent per sempre m\u00e9s, per\u00f2 sempre ens<br \/>\nquedar\u00e0 el record d&#8217;una estoneta amb amics molt agradable. Com<br \/>\nque ja sabeu que els circu\u00efts els anem repetint, si fa o no fa<br \/>\ntothom va sabent els que ens espera i algun canvi sempre va b\u00e9<br \/>\ni gr\u00e0cies a tots per admetre aquest joc i sobretot que els canvis<br \/>\nno son obligats i qui mana \u00e9s el que ve m\u00e9s endarrere que no ens<br \/>\nl&#8217;hem de descuidar, cosa que sempre tenim tots present. Vam baixar<br \/>\npel cam\u00ed ample que ens portaria a Torrebonica per qu\u00e8 de nou \u00e9rem<br \/>\nuna colla impressionant. Aquesta vegada ens van venir els mossenaires<br \/>\nvingut de lluny com son en Ramon, Marta i Josep, de Sant Fuit\u00f3s<br \/>\ni Manresa i que ens honoren com sempre. Els amics de madeira,<br \/>\nque tot i &#8220;convalescents&#8221; posaven a prova tot el ferro i que ens<br \/>\nfa il\u00b7lusi\u00f3. En Massa, que se&#8217;ns en va al Nepal a fer cims i li<br \/>\ndesitgem el millor. En definitiva tots i cadasc\u00fa dels mossenaires<br \/>\namb un curr\u00edculum d&#8217;all\u00f2 m\u00e9s complet. EL primer re-agrupament<br \/>\na l&#8217;estaci\u00f3 de tren i el primer canvi a la pujada que ens duu<br \/>\nfins l&#8217;hospital, de nou re-agrupament i a punt pel seg\u00fcent canvi<br \/>\nara una mica m\u00e9s llarg. Aqu\u00ed en Josep, el mossenaire municipal<br \/>\nde Berga, ens fa un canvi amb for\u00e7a que nom\u00e9s pot seguir el mateix<br \/>\nRamon. Re-agrupaments com cal, fotografies de record i ara un<br \/>\ncanvi en un recta, per fer el proper que va fins la torre el\u00e8ctrica.<br \/>\nMoments de relax per esperar la tornada cap a l&#8217;h\u00edpica, alhora<br \/>\nrotonda del golf. Una forta pujada i molt ambient, com caracteritza<br \/>\nles nostres trobades i ara a deixar passar la setmana per retrobar-nos.<br \/>\n<img data-recalc-dims=\"1\" decoding=\"async\" src=\"https:\/\/i0.wp.com\/lh6.ggpht.com\/pepmoliner\/SOCYmT6EWdI\/AAAAAAAAFHA\/wWlWTc5QyWE\/s400\/100_0456.JPG\" border=\"0\" \/><br \/>\nTots mirant el terra no sigui que ens donem una bona clatellada<br \/>\ni veien el perfil de la sortida del sol, l&#8217;astre rei.<\/p>\n<p><img data-recalc-dims=\"1\" decoding=\"async\" src=\"https:\/\/i0.wp.com\/lh3.ggpht.com\/pepmoliner\/SOCYpaBBjNI\/AAAAAAAAFHI\/MEzT1qHfbbQ\/s400\/100_0458.JPG\" border=\"0\" \/><br \/>\nEns aproximen al reagrupament i en Carles lluu la semarreta de<br \/>\nla que va ser la Matgalls, tot un repte de fa una setmana<\/p>\n<p><img data-recalc-dims=\"1\" decoding=\"async\" src=\"https:\/\/i0.wp.com\/lh4.ggpht.com\/pepmoliner\/SOCYs9zIJ1I\/AAAAAAAAFHQ\/44_RGbVab8o\/s400\/100_0459.JPG\" border=\"0\" \/><br \/>\nEi en Pau, que va anar a Madeira i va lluitar amb totes les inclem\u00e8ncies<br \/>\nadmosf\u00e8riques i junt amb la seva muller van creuar meta. La nostra<br \/>\nenhorabona !!<\/p>\n<p><img data-recalc-dims=\"1\" decoding=\"async\" src=\"https:\/\/i0.wp.com\/lh3.ggpht.com\/pepmoliner\/SOCYvP0GesI\/AAAAAAAAFHY\/a6Y7S1RY7gE\/s400\/100_0460.JPG\" border=\"0\" \/><br \/>\nParell de grans mossenaires. L&#8217;Anna i en Jordi. Eiii Jordi, que<br \/>\na la samarreta posa marat\u00f3 d&#8217;Emp\u00faries i nosaltres dos vam fer<br \/>\nel ter\u00e7&#8230;<\/p>\n<p><img data-recalc-dims=\"1\" decoding=\"async\" src=\"https:\/\/i0.wp.com\/lh3.ggpht.com\/pepmoliner\/SOCYyjusAkI\/AAAAAAAAFHg\/DhjwUwpIF8M\/s400\/100_0461.JPG\" border=\"0\" \/><\/p>\n<p>Jaume a punt de d&#8217;arribar for\u00e7a relaxat<\/p>\n<p><img data-recalc-dims=\"1\" decoding=\"async\" src=\"https:\/\/i0.wp.com\/lh4.ggpht.com\/pepmoliner\/SOCY1vT1ElI\/AAAAAAAAFHo\/SO65sWUGuos\/s400\/100_0462.JPG\" border=\"0\" \/><br \/>\nRafel que t&#8217;agafo distret !! Jordi ? si !<br \/>\n<img data-recalc-dims=\"1\" decoding=\"async\" src=\"https:\/\/i0.wp.com\/lh4.ggpht.com\/pepmoliner\/SOCY3w1wv5I\/AAAAAAAAFHw\/qK5Bx0pQjZM\/s400\/100_0463.JPG\" border=\"0\" \/><br \/>\n<img data-recalc-dims=\"1\" decoding=\"async\" src=\"https:\/\/i0.wp.com\/lh6.ggpht.com\/pepmoliner\/SOCY7LLRpbI\/AAAAAAAAFH4\/lIGJ_SK7vCo\/s400\/100_0464.JPG\" border=\"0\" \/><br \/>\nla Marta avan\u00e7ant per la dreta de&#8217;n Vicen\u00e7 (multa) \ud83d\ude09<br \/>\n<img data-recalc-dims=\"1\" decoding=\"async\" src=\"https:\/\/i0.wp.com\/lh4.ggpht.com\/pepmoliner\/SOCY-gN9DOI\/AAAAAAAAFIA\/mmvMhdM_l00\/s400\/100_0465.JPG\" border=\"0\" \/><\/p>\n<p>eii !! que s&#8217;escapen<\/p>\n<p><img data-recalc-dims=\"1\" decoding=\"async\" src=\"https:\/\/i0.wp.com\/lh3.ggpht.com\/pepmoliner\/SOCZCKSG1kI\/AAAAAAAAFII\/vsIOnnkDL8w\/s400\/100_0466.JPG\" border=\"0\" \/><br \/>\nNo se&#8217;t veu gens cansada de Madeira, i en Casasola concentrat<br \/>\n<img data-recalc-dims=\"1\" decoding=\"async\" src=\"https:\/\/i0.wp.com\/lh6.ggpht.com\/pepmoliner\/SOCZFUsgPuI\/AAAAAAAAFIQ\/rqd-O9QHxF4\/s400\/100_0467.JPG\" border=\"0\" \/><br \/>\nMossenaire fins la m\u00e9dula en Martin, grans reptes t&#8217;esperen<\/p>\n<p><img data-recalc-dims=\"1\" decoding=\"async\" src=\"https:\/\/i0.wp.com\/lh4.ggpht.com\/pepmoliner\/SOCZIn39M6I\/AAAAAAAAFLo\/ac2XngWX5Is\/s400\/100_0468.JPG\" border=\"0\" \/><br \/>\nMadeira va ser un repte i una espina que segur et treur\u00e0s i a<br \/>\nveure com et va anar la cursa d&#8217;orientaci\u00f3 que feli\u00e7\u00e7ment organitzes<br \/>\n<img data-recalc-dims=\"1\" decoding=\"async\" src=\"https:\/\/i0.wp.com\/lh3.ggpht.com\/pepmoliner\/SOCZLzirN7I\/AAAAAAAAFIk\/9Si3JsqUL_U\/s400\/100_0469.JPG\" border=\"0\" \/><br \/>\n<font>Montse, <\/font>et fa patir fer-nos esperar i nosaltres volem que vinguis sempre,<br \/>\nno pateiiiiixis que els mossenaires som gent d&#8217;una altre pasta<br \/>\n<img data-recalc-dims=\"1\" decoding=\"async\" src=\"https:\/\/i0.wp.com\/lh5.ggpht.com\/pepmoliner\/SOCZPw3RTtI\/AAAAAAAAFIs\/pCBd3y5WJPs\/s400\/100_0470.JPG\" border=\"0\" \/><br \/>\nI quin ball m\u00e9s xulo en Jaume i Mirabet i quins grans mossenaires<br \/>\nque ens venen a buscar<br \/>\n<img data-recalc-dims=\"1\" decoding=\"async\" src=\"https:\/\/i0.wp.com\/lh3.ggpht.com\/pepmoliner\/SOCZSFTiyWI\/AAAAAAAAFI0\/gU7GF3nCEp8\/s400\/100_0471.JPG\" border=\"0\" \/><br \/>\nOcupem tot un espai<br \/>\n<img data-recalc-dims=\"1\" decoding=\"async\" src=\"https:\/\/i0.wp.com\/lh4.ggpht.com\/pepmoliner\/SOCZdj-ZtsI\/AAAAAAAAFJU\/9hexi1iyJe0\/s400\/100_0475.JPG\" border=\"0\" \/><br \/>\nEstira, estira<br \/>\n<img data-recalc-dims=\"1\" decoding=\"async\" src=\"https:\/\/i0.wp.com\/lh5.ggpht.com\/pepmoliner\/SOCZhEFw6DI\/AAAAAAAAFJc\/ivXImt57wtQ\/s400\/100_0476.JPG\" border=\"0\" \/><br \/>\n&#8230;Aquesta fotografia no he vist com la feies <img data-recalc-dims=\"1\" decoding=\"async\" src=\"https:\/\/i0.wp.com\/mossenhoms.netfreehost.com\/images\/smiles\/icon_smile.gif\" alt=\"Smile\" border=\"0\" \/><\/p>\n<p><img data-recalc-dims=\"1\" loading=\"lazy\" decoding=\"async\" src=\"https:\/\/i0.wp.com\/mossenhoms.netfreehost.com\/templates\/subSilver\/images\/spacer.gif?resize=1%2C1\" height=\"1\" width=\"1\" \/><\/p>\n<table border=\"0\" cellpadding=\"0\" cellspacing=\"0\" width=\"100%\">\n<tr>\n<td width=\"100\">\n<hr \/>\n<\/td>\n<\/tr>\n<tr>\n<td><img data-recalc-dims=\"1\" decoding=\"async\" src=\"https:\/\/i0.wp.com\/lh6.ggpht.com\/pepmoliner\/SOCoi_iepPI\/AAAAAAAAFME\/kwMWDfihRQw\/s800\/T100_0472.jpg\" border=\"0\" \/><br \/>\nLa Teresa, com a mossenaire de la setmana, despr\u00e9s d&#8217;haver assolit<br \/>\nun podi a l&#8217;Illa de Madeira en una prova apte per ultrafondistes,<br \/>\namb un fred i pluja i tot el que vulguis. De fa temps que amb<br \/>\nmol\u00e8sties o sense la veus competint a gran nivell, entrenant i<br \/>\ngaudint de tot aquest m\u00f3n atl\u00e8tic. Atresora un munt d&#8217;experi\u00e8ncia<br \/>\nen multitud de proves.<\/td>\n<\/tr>\n<\/table>\n<table border=\"0\" cellpadding=\"0\" cellspacing=\"0\" width=\"100%\">\n<tr>\n<td width=\"100%\">\n<p align=\"center\"> <font size=\"+2\"><strong>Galliners<br \/>\n&#8211; Es-k-mot &#8211; Sant Quirtze<\/strong><\/font><\/td>\n<td nowrap=\"nowrap\" valign=\"top\"><a href=\"http:\/\/mossenhoms.netfreehost.com\/modcp.php?mode=ip&amp;p=7761&amp;t=1032&amp;sid=62a550690d478a9c08b1264a61e86c14\"><br \/>\n<\/a><\/td>\n<\/tr>\n<tr>\n<td colspan=\"2\">\n<hr \/>\n<\/td>\n<\/tr>\n<tr>\n<td colspan=\"2\">Bon entrenament per la serra de Galliners<br \/>\ndiumenge amb el grup de l&#8217;Es-kmot. Camins molt bonics i amb certa duresa.<br \/>\nGR\u00e0cies !!! Vam per llocs on les olors a terra mullada, la fresqueta del<br \/>\nmat\u00ed la bona companyia va fer gaudir d&#8217;una bona trobada. Poso les fotografies<br \/>\nde record. Si hi feu alguna cr\u00f2nica millor, donat que no conec massa els<br \/>\nnoms dels llocs, tot i que a un lloc li vau dir MORTIROLO, per qu\u00e8 ser\u00e0.<br \/>\n<img data-recalc-dims=\"1\" decoding=\"async\" src=\"https:\/\/i0.wp.com\/lh6.ggpht.com\/pepmoliner\/SOCZl2qWQTI\/AAAAAAAAFJo\/NtuhRQ6WSnM\/s400\/100_0477.JPG\" border=\"0\" \/><br \/>\n<img data-recalc-dims=\"1\" decoding=\"async\" src=\"https:\/\/i0.wp.com\/lh3.ggpht.com\/pepmoliner\/SOCZqffdTMI\/AAAAAAAAFJw\/hA_Z-mUpApg\/s400\/100_0478.JPG\" border=\"0\" \/><img data-recalc-dims=\"1\" decoding=\"async\" src=\"https:\/\/i0.wp.com\/lh6.ggpht.com\/pepmoliner\/SOCZukqnSNI\/AAAAAAAAFJ4\/Zyq8SlQJazo\/s400\/100_0479.JPG\" border=\"0\" \/><br \/>\n<img data-recalc-dims=\"1\" decoding=\"async\" src=\"https:\/\/i0.wp.com\/lh3.ggpht.com\/pepmoliner\/SOCZwyhvreI\/AAAAAAAAFKA\/QCjVNuo9X-c\/s400\/100_0480.JPG\" border=\"0\" \/><img data-recalc-dims=\"1\" decoding=\"async\" src=\"https:\/\/i0.wp.com\/lh5.ggpht.com\/pepmoliner\/SOCZ06_d_9I\/AAAAAAAAFKI\/uKYOVDwF2tA\/s400\/100_0481.JPG\" border=\"0\" \/><br \/>\n<img data-recalc-dims=\"1\" decoding=\"async\" src=\"https:\/\/i0.wp.com\/lh5.ggpht.com\/pepmoliner\/SOCZ5C7s1WI\/AAAAAAAAFKU\/YTKl1YcyHDg\/s400\/100_0482.JPG\" border=\"0\" \/><br \/>\n<img data-recalc-dims=\"1\" decoding=\"async\" src=\"https:\/\/i0.wp.com\/lh3.ggpht.com\/pepmoliner\/SOCZ8dXlscI\/AAAAAAAAFKc\/7aYJkJaRszY\/s400\/100_0483.JPG\" border=\"0\" \/><img data-recalc-dims=\"1\" decoding=\"async\" src=\"https:\/\/i0.wp.com\/lh6.ggpht.com\/pepmoliner\/SOCaA6wKw-I\/AAAAAAAAFKk\/fdY95dvHJd4\/s400\/100_0484.JPG\" border=\"0\" \/><br \/>\n<img data-recalc-dims=\"1\" decoding=\"async\" src=\"https:\/\/i0.wp.com\/lh6.ggpht.com\/pepmoliner\/SOCaD9BCJHI\/AAAAAAAAFKs\/B8XJQknTEXs\/s400\/100_0485.JPG\" border=\"0\" \/><img data-recalc-dims=\"1\" decoding=\"async\" src=\"https:\/\/i0.wp.com\/lh5.ggpht.com\/pepmoliner\/SOCaFeZnPgI\/AAAAAAAAFK0\/MDDsuXJBS-o\/s400\/100_0486.JPG\" border=\"0\" \/><br \/>\n<img data-recalc-dims=\"1\" decoding=\"async\" src=\"https:\/\/i0.wp.com\/lh5.ggpht.com\/pepmoliner\/SOCaIpJ2GzI\/AAAAAAAAFK8\/qsXmethIOCg\/s400\/100_0487.JPG\" border=\"0\" \/><img data-recalc-dims=\"1\" decoding=\"async\" src=\"https:\/\/i0.wp.com\/lh6.ggpht.com\/pepmoliner\/SOCaMsUzcXI\/AAAAAAAAFLE\/Qdu9XbQYx1Y\/s400\/100_0488.JPG\" border=\"0\" \/><\/td>\n<\/tr>\n<\/table>\n","protected":false},"excerpt":{"rendered":"<p>Setembre del 2008 es va fonent per sempre m\u00e9s, per\u00f2 sempre ens quedar\u00e0 el record d&#8217;una estoneta amb amics molt agradable. Com que ja sabeu que els circu\u00efts els anem repetint, si fa o no fa tothom va sabent els que ens espera i algun canvi sempre va b\u00e9 i gr\u00e0cies a tots per admetre [&hellip;]<\/p>\n","protected":false},"author":171,"featured_media":0,"comment_status":"open","ping_status":"open","sticky":false,"template":"","format":"standard","meta":{"jetpack_post_was_ever_published":false,"_jetpack_newsletter_access":"","_jetpack_dont_email_post_to_subs":false,"_jetpack_newsletter_tier_id":0,"_jetpack_memberships_contains_paywalled_content":false,"_jetpack_memberships_contains_paid_content":false,"footnotes":"","jetpack_publicize_message":"","jetpack_publicize_feature_enabled":true,"jetpack_social_post_already_shared":false,"jetpack_social_options":{"image_generator_settings":{"template":"highway","default_image_id":0,"font":"","enabled":false},"version":2}},"categories":[1],"tags":[],"class_list":["post-57","post","type-post","status-publish","format-standard","hentry","category-general"],"jetpack_publicize_connections":[],"jetpack_featured_media_url":"","jetpack_sharing_enabled":true,"jetpack_shortlink":"https:\/\/wp.me\/pagkiK-V","jetpack-related-posts":[{"id":246,"url":"https:\/\/blogs.avui.cat\/pepmoliner\/2010\/06\/21\/tornen-els-classics-els-camins-clar\/","url_meta":{"origin":57,"position":0},"title":"Tornen els cl\u00e0ssics&#8230; els camins: clar","author":"Pep Moliner","date":"21 de juny de 2010","format":false,"excerpt":"Tots i cadasc\u00fa de nosaltres, quan anem al punt de trobada ens preguntem amb qui entrenarem i anem a l'espera de trobar als nostres amics. De vedades els uns, o de vegades els altres, sempre predomina la sensaci\u00f3 d'aprofitament del temps. Per aquestes dates, el calendari local cursil, va ple.\u2026","rel":"","context":"A &quot;General&quot;","block_context":{"text":"General","link":"https:\/\/blogs.avui.cat\/pepmoliner\/category\/general\/"},"img":{"alt_text":"","src":"","width":0,"height":0},"classes":[]},{"id":321,"url":"https:\/\/blogs.avui.cat\/pepmoliner\/2010\/06\/21\/tornen-els-classics-els-camins-clar-2\/","url_meta":{"origin":57,"position":1},"title":"Tornen els cl\u00e0ssics&#8230; els camins: clar","author":"Pep Moliner","date":"21 de juny de 2010","format":false,"excerpt":"Tots i cadasc\u00fa de nosaltres, quan anem al punt de trobada ens preguntem amb qui entrenarem i anem a l'espera de trobar als nostres amics. De vedades els uns, o de vegades els altres, sempre predomina la sensaci\u00f3 d'aprofitament del temps. Per aquestes dates, el calendari local cursil, va ple.\u2026","rel":"","context":"A &quot;General&quot;","block_context":{"text":"General","link":"https:\/\/blogs.avui.cat\/pepmoliner\/category\/general\/"},"img":{"alt_text":"","src":"","width":0,"height":0},"classes":[]},{"id":247,"url":"https:\/\/blogs.avui.cat\/pepmoliner\/2010\/06\/25\/panta-de-ribatallada-i-els-mossenaires\/","url_meta":{"origin":57,"position":2},"title":"Pant\u00e0 de Ribatallada i els &#8220;Mossenaires&#8221;","author":"Pep Moliner","date":"25 de juny de 2010","format":false,"excerpt":"Gr\u00e0cies de nou en nom de tots els amics d'aquests entrenaments. Tots ens regaleu la vostra pres\u00e8ncia i ho recolzeu encara que no vingueu, i per un o altre motiu sempre fem nous amics i el m\u00e8rit sou del tot vosaltres. Aquesta plana i els que la porten dinamitzem la\u2026","rel":"","context":"A &quot;Entrenaments&quot;","block_context":{"text":"Entrenaments","link":"https:\/\/blogs.avui.cat\/pepmoliner\/category\/entrenaments\/"},"img":{"alt_text":"","src":"","width":0,"height":0},"classes":[]},{"id":322,"url":"https:\/\/blogs.avui.cat\/pepmoliner\/2010\/06\/25\/panta-de-ribatallada-i-els-mossenaires-2\/","url_meta":{"origin":57,"position":3},"title":"Pant\u00e0 de Ribatallada i els &#8220;Mossenaires&#8221;","author":"Pep Moliner","date":"25 de juny de 2010","format":false,"excerpt":"Gr\u00e0cies de nou en nom de tots els amics d'aquests entrenaments. Tots ens regaleu la vostra pres\u00e8ncia i ho recolzeu encara que no vingueu, i per un o altre motiu sempre fem nous amics i el m\u00e8rit sou del tot vosaltres. Aquesta plana i els que la porten dinamitzem la\u2026","rel":"","context":"A &quot;Entrenaments&quot;","block_context":{"text":"Entrenaments","link":"https:\/\/blogs.avui.cat\/pepmoliner\/category\/entrenaments\/"},"img":{"alt_text":"","src":"","width":0,"height":0},"classes":[]},{"id":757,"url":"https:\/\/blogs.avui.cat\/pepmoliner\/2011\/06\/01\/entrenant-en-grup-mossenairement\/","url_meta":{"origin":57,"position":4},"title":"Entrenant en grup, &#8220;Mossenairement&#8221;","author":"Pep Moliner","date":"1 de juny de 2011","format":false,"excerpt":"Heu intentat entrenar en grup alguna vegada ? No tothom te el mateix ritme, i l'\u00fanica manera d'aconseguir-ho \u00e9s a l'estil mossenaire. En que consisteix aquest estil ? Donar m\u00e9s import\u00e0ncia en compartir una estona amb gent amb ganes de c\u00f3rrer acompanyada. Quan concorren en un mateix lloc tanta gent,\u2026","rel":"","context":"A &quot;Entrenaments&quot;","block_context":{"text":"Entrenaments","link":"https:\/\/blogs.avui.cat\/pepmoliner\/category\/entrenaments\/"},"img":{"alt_text":"","src":"","width":0,"height":0},"classes":[]},{"id":3284,"url":"https:\/\/blogs.avui.cat\/pepmoliner\/2014\/05\/22\/el-dinosaure-i-els-mossenaires\/","url_meta":{"origin":57,"position":5},"title":"&#8220;El Dinosaure&#8221; i els Mossenaires","author":"Pep Moliner","date":"22 de maig de 2014","format":false,"excerpt":"Diuen que el Sauroposeid\u00f3 ha estat el dinosaure m\u00e9s gran que ha habitat la terra nom\u00e9s fa uns 100.000 milions d'anys i a m\u00e9s s'atipaven d'herba. Costa d'imaginar, si no fos que hem vist pel\u00b7l\u00edcules on el cinema els ha recreat i els ha fet conviure amb l'esp\u00e8cie humana, que\u2026","rel":"","context":"A &quot;General&quot;","block_context":{"text":"General","link":"https:\/\/blogs.avui.cat\/pepmoliner\/category\/general\/"},"img":{"alt_text":"","src":"","width":0,"height":0},"classes":[]}],"_links":{"self":[{"href":"https:\/\/blogs.avui.cat\/pepmoliner\/wp-json\/wp\/v2\/posts\/57","targetHints":{"allow":["GET"]}}],"collection":[{"href":"https:\/\/blogs.avui.cat\/pepmoliner\/wp-json\/wp\/v2\/posts"}],"about":[{"href":"https:\/\/blogs.avui.cat\/pepmoliner\/wp-json\/wp\/v2\/types\/post"}],"author":[{"embeddable":true,"href":"https:\/\/blogs.avui.cat\/pepmoliner\/wp-json\/wp\/v2\/users\/171"}],"replies":[{"embeddable":true,"href":"https:\/\/blogs.avui.cat\/pepmoliner\/wp-json\/wp\/v2\/comments?post=57"}],"version-history":[{"count":0,"href":"https:\/\/blogs.avui.cat\/pepmoliner\/wp-json\/wp\/v2\/posts\/57\/revisions"}],"wp:attachment":[{"href":"https:\/\/blogs.avui.cat\/pepmoliner\/wp-json\/wp\/v2\/media?parent=57"}],"wp:term":[{"taxonomy":"category","embeddable":true,"href":"https:\/\/blogs.avui.cat\/pepmoliner\/wp-json\/wp\/v2\/categories?post=57"},{"taxonomy":"post_tag","embeddable":true,"href":"https:\/\/blogs.avui.cat\/pepmoliner\/wp-json\/wp\/v2\/tags?post=57"}],"curies":[{"name":"wp","href":"https:\/\/api.w.org\/{rel}","templated":true}]}}