{"id":5422,"date":"2021-08-30T19:09:14","date_gmt":"2021-08-30T18:09:14","guid":{"rendered":"https:\/\/blogs.avui.cat\/pepmoliner\/?p=5422"},"modified":"2021-09-06T19:43:35","modified_gmt":"2021-09-06T18:43:35","slug":"va-la-69-invidual-mossenaire","status":"publish","type":"post","link":"https:\/\/blogs.avui.cat\/pepmoliner\/2021\/08\/30\/va-la-69-invidual-mossenaire\/","title":{"rendered":"Va la 69 individual Mossenaire"},"content":{"rendered":"<p>Estem perfilant un estil d&#8217;entrenar en grup, on ens haurem d&#8217;inscriure, i prendre precaucions perqu\u00e8 no hem d&#8217;oblidar que encara estem en pand\u00e8mia, i que\u00a0 com l&#8217;hostaleria, l&#8217;esport, les trobades socials, les escoles, els llocs de treball i una llista interminable de gent que viu molt directament les conseq\u00fc\u00e8ncies. Encara que ens morim de ganes de tornar a entrenar plegats, per eixamplar la nostra necessitat d&#8217;estar prop de persones que valen molt la pena, com ha estat passant al llarg de tots aquests anys.<\/p>\n<p>Tal com vam avan\u00e7ar la setmana passada, si un dissabte tens previst passar-te per Can Mossenaire, pr\u00e8viament ser\u00e0 necessari que posis el teu nom, correu electr\u00f2nic i m\u00f2bil, per poder fer previsions i perqu\u00e8 aquests temps de covid, ens fan ser acurats. Passat pel formulari<\/p>\n<p><a href=\"https:\/\/inscripcio.mossenhoms.be\/\" target=\"_blank\" rel=\"noopener\">https:\/\/inscripcio.mossenhoms.be\/\u00a0<\/a><\/p>\n<p>El dia 11 de setembre portarem el llistat on figurarem inscrits i aix\u00f3 ho farem cada setmana. Et preguem que facis aquest pas, i <a href=\"http:\/\/entrenamentstorremossenhoms.blogspot.com\/2021\/08\/pinzellades-de-futur-mossenaire.html\" target=\"_blank\" rel=\"noopener\">pots llegir el qu\u00e8 vam explicar la setmana passada<\/a>, si vols m\u00e9s informaci\u00f3 .<\/p>\n<p>De moment gaudeix un munt de les imatges que gentilment ens han enviat les amigues i amics, que fan possible que encara estiguem tothom en contacte i des d&#8217;aqu\u00ed us ho tornem a agrair.<\/p>\n<p>&nbsp;<\/p>\n<div class=\"separator\" style=\"clear: both;text-align: center\"><span class=\"embed-youtube\" style=\"text-align:center; display: block;\"><iframe loading=\"lazy\" class=\"youtube-player\" width=\"600\" height=\"338\" src=\"https:\/\/www.youtube.com\/embed\/dBEXnIoSqlk?version=3&#038;rel=1&#038;showsearch=0&#038;showinfo=1&#038;iv_load_policy=1&#038;fs=1&#038;hl=ca&#038;autohide=2&#038;wmode=transparent\" allowfullscreen=\"true\" style=\"border:0;\" sandbox=\"allow-scripts allow-same-origin allow-popups allow-presentation allow-popups-to-escape-sandbox\"><\/iframe><\/span><\/div>\n<p>&nbsp;<\/p>\n<p>&nbsp;<\/p>\n<div class=\"separator\" style=\"clear: both;text-align: center\"><a style=\"margin-left: 1em;margin-right: 1em\" href=\"https:\/\/i0.wp.com\/1.bp.blogspot.com\/-sxOn_8nun4M\/YS0Itsn-9nI\/AAAAAAAAdi8\/JKYU7pl5ClI56hEAH_uysMc77d4NjUqNACLcBGAsYHQ\/s1024\/58-26a-Mossenaire_24a30_agost_2021_JordiVin%25CC%2583eta.jpg?ssl=1\"><img data-recalc-dims=\"1\" loading=\"lazy\" decoding=\"async\" src=\"https:\/\/i0.wp.com\/1.bp.blogspot.com\/-sxOn_8nun4M\/YS0Itsn-9nI\/AAAAAAAAdi8\/JKYU7pl5ClI56hEAH_uysMc77d4NjUqNACLcBGAsYHQ\/s320\/58-26a-Mossenaire_24a30_agost_2021_JordiVin%25CC%2583eta.jpg?resize=240%2C320&#038;ssl=1\" width=\"240\" height=\"320\" border=\"0\" data-original-height=\"1024\" data-original-width=\"768\" \/><\/a><\/div>\n<div class=\"separator\" style=\"clear: both;text-align: center\">Jordi Vi\u00f1eta ens mostra el que ha pescat,<\/div>\n<p>&nbsp;<\/p>\n<div class=\"separator\" style=\"clear: both;text-align: center\"><a style=\"margin-left: 1em;margin-right: 1em\" href=\"https:\/\/i0.wp.com\/1.bp.blogspot.com\/-QcIRv9E0FOc\/YS0ItKhXn5I\/AAAAAAAAdi4\/NP_s4dIF1mcnT-c_GTEydgxE1M-NjLY0QCLcBGAsYHQ\/s1600\/57-25b-Mossenaire_24a30_agost_2021_ManuelAles.jpg?ssl=1\"><img data-recalc-dims=\"1\" loading=\"lazy\" decoding=\"async\" src=\"https:\/\/i0.wp.com\/1.bp.blogspot.com\/-QcIRv9E0FOc\/YS0ItKhXn5I\/AAAAAAAAdi4\/NP_s4dIF1mcnT-c_GTEydgxE1M-NjLY0QCLcBGAsYHQ\/s320\/57-25b-Mossenaire_24a30_agost_2021_ManuelAles.jpg?resize=320%2C160&#038;ssl=1\" width=\"320\" height=\"160\" border=\"0\" data-original-height=\"800\" data-original-width=\"1600\" \/><\/a><\/div>\n<div class=\"separator\" style=\"clear: both;text-align: center\">Camins que Manuel neteja<\/div>\n<p>&nbsp;<\/p>\n<div class=\"separator\" style=\"clear: both;text-align: center\"><a style=\"margin-left: 1em;margin-right: 1em\" href=\"https:\/\/i0.wp.com\/1.bp.blogspot.com\/-WqOBFCopThM\/YS0IsgM_z_I\/AAAAAAAAdi0\/l-wmxbbv7sQrKJ6Lh1TvolBForht9kXegCLcBGAsYHQ\/s1296\/56-25a-Mossenaire_24a30_agost_2021_ManuelAles.jpg?ssl=1\"><img data-recalc-dims=\"1\" loading=\"lazy\" decoding=\"async\" src=\"https:\/\/i0.wp.com\/1.bp.blogspot.com\/-WqOBFCopThM\/YS0IsgM_z_I\/AAAAAAAAdi0\/l-wmxbbv7sQrKJ6Lh1TvolBForht9kXegCLcBGAsYHQ\/s320\/56-25a-Mossenaire_24a30_agost_2021_ManuelAles.jpg?resize=320%2C160&#038;ssl=1\" width=\"320\" height=\"160\" border=\"0\" data-original-height=\"648\" data-original-width=\"1296\" \/><\/a><\/div>\n<div class=\"separator\" style=\"clear: both;text-align: center\">Amb les seves Tisores de podar, en Manuel Ales arregla camins<\/div>\n<p>&nbsp;<\/p>\n<div class=\"separator\" style=\"clear: both;text-align: center\"><a style=\"margin-left: 1em;margin-right: 1em\" href=\"https:\/\/i0.wp.com\/1.bp.blogspot.com\/-UjtyhH69RTM\/YS0IsJpMz6I\/AAAAAAAAdiw\/5kYox3Wh6_YuCJ1qwskrvdfOl13OxSo9gCLcBGAsYHQ\/s1600\/55-24d-Mossenaire_24a30_agost_2021_Christian_CBallesteros.jpg?ssl=1\"><img data-recalc-dims=\"1\" loading=\"lazy\" decoding=\"async\" src=\"https:\/\/i0.wp.com\/1.bp.blogspot.com\/-UjtyhH69RTM\/YS0IsJpMz6I\/AAAAAAAAdiw\/5kYox3Wh6_YuCJ1qwskrvdfOl13OxSo9gCLcBGAsYHQ\/s320\/55-24d-Mossenaire_24a30_agost_2021_Christian_CBallesteros.jpg?resize=320%2C240&#038;ssl=1\" width=\"320\" height=\"240\" border=\"0\" data-original-height=\"1200\" data-original-width=\"1600\" \/><\/a><\/div>\n<div class=\"separator\" style=\"clear: both;text-align: center\">Carme i Christian<\/div>\n<p>&nbsp;<\/p>\n<div class=\"separator\" style=\"clear: both;text-align: center\"><a style=\"margin-left: 1em;margin-right: 1em\" href=\"https:\/\/i0.wp.com\/1.bp.blogspot.com\/-JhXL7R8sVv8\/YS0IrtLuzVI\/AAAAAAAAdis\/P_FJDUeb_NYR2kNsVk840Wfl9SXG7ELBQCLcBGAsYHQ\/s1600\/54-24c-Mossenaire_24a30_agost_2021_Zico_CBallesteros.jpg?ssl=1\"><img data-recalc-dims=\"1\" loading=\"lazy\" decoding=\"async\" src=\"https:\/\/i0.wp.com\/1.bp.blogspot.com\/-JhXL7R8sVv8\/YS0IrtLuzVI\/AAAAAAAAdis\/P_FJDUeb_NYR2kNsVk840Wfl9SXG7ELBQCLcBGAsYHQ\/s320\/54-24c-Mossenaire_24a30_agost_2021_Zico_CBallesteros.jpg?resize=320%2C240&#038;ssl=1\" width=\"320\" height=\"240\" border=\"0\" data-original-height=\"1200\" data-original-width=\"1600\" \/><\/a><br \/>\nCarme Ballesteros, a la Mola<\/div>\n<p>&nbsp;<\/p>\n<div class=\"separator\" style=\"clear: both;text-align: center\"><a style=\"margin-left: 1em;margin-right: 1em\" href=\"https:\/\/i0.wp.com\/1.bp.blogspot.com\/-aTOHmjTotFQ\/YS0IrMEGFVI\/AAAAAAAAdio\/L2regN9g4VMJ9pjTygN3nrnbqIzG9UgkQCLcBGAsYHQ\/s1600\/53-24b-Mossenaire_24a30_agost_2021_Zico_CBallesteros.jpg?ssl=1\"><img data-recalc-dims=\"1\" loading=\"lazy\" decoding=\"async\" src=\"https:\/\/i0.wp.com\/1.bp.blogspot.com\/-aTOHmjTotFQ\/YS0IrMEGFVI\/AAAAAAAAdio\/L2regN9g4VMJ9pjTygN3nrnbqIzG9UgkQCLcBGAsYHQ\/s320\/53-24b-Mossenaire_24a30_agost_2021_Zico_CBallesteros.jpg?resize=320%2C240&#038;ssl=1\" width=\"320\" height=\"240\" border=\"0\" data-original-height=\"1200\" data-original-width=\"1600\" \/><\/a><\/div>\n<div class=\"separator\" style=\"clear: both;text-align: center\">Carme i Zico<\/div>\n<p>&nbsp;<\/p>\n<div class=\"separator\" style=\"clear: both;text-align: center\"><a style=\"margin-left: 1em;margin-right: 1em\" href=\"https:\/\/i0.wp.com\/1.bp.blogspot.com\/-4Yij6v_5VgM\/YS0IqhxB4QI\/AAAAAAAAdik\/HQyEKWooeYoOOt3uOXzFilMyYXcRwHMmQCLcBGAsYHQ\/s1600\/52-24a-Mossenaire_24a30_agost_2021_LaiaLis_CBallesteros.jpg?ssl=1\"><img data-recalc-dims=\"1\" loading=\"lazy\" decoding=\"async\" src=\"https:\/\/i0.wp.com\/1.bp.blogspot.com\/-4Yij6v_5VgM\/YS0IqhxB4QI\/AAAAAAAAdik\/HQyEKWooeYoOOt3uOXzFilMyYXcRwHMmQCLcBGAsYHQ\/s320\/52-24a-Mossenaire_24a30_agost_2021_LaiaLis_CBallesteros.jpg?resize=240%2C320&#038;ssl=1\" width=\"240\" height=\"320\" border=\"0\" data-original-height=\"1600\" data-original-width=\"1200\" \/><\/a><\/div>\n<div class=\"separator\" style=\"clear: both;text-align: center\">Carme Ballesteros i L\u00e0ia Lis, obtenen trofeig a una cursa a Mallorca<\/div>\n<p>&nbsp;<\/p>\n<div class=\"separator\" style=\"clear: both;text-align: center\"><a style=\"margin-left: 1em;margin-right: 1em\" href=\"https:\/\/i0.wp.com\/1.bp.blogspot.com\/-X_rhO1n-fnk\/YS0Ip0MJYcI\/AAAAAAAAdig\/Bjt6x4eQHXoH7JqtcNBODwb3_QOKf3naQCLcBGAsYHQ\/s1600\/51-24a-Mossenaire_24a30_agost_2021_DaniLopez.jpg?ssl=1\"><img data-recalc-dims=\"1\" loading=\"lazy\" decoding=\"async\" src=\"https:\/\/i0.wp.com\/1.bp.blogspot.com\/-X_rhO1n-fnk\/YS0Ip0MJYcI\/AAAAAAAAdig\/Bjt6x4eQHXoH7JqtcNBODwb3_QOKf3naQCLcBGAsYHQ\/s320\/51-24a-Mossenaire_24a30_agost_2021_DaniLopez.jpg?resize=320%2C240&#038;ssl=1\" width=\"320\" height=\"240\" border=\"0\" data-original-height=\"1200\" data-original-width=\"1600\" \/><\/a><\/div>\n<div class=\"separator\" style=\"clear: both;text-align: center\">Dani L\u00f3pez, jugador d&#8217;escacs amic<\/div>\n<p>&nbsp;<\/p>\n<div class=\"separator\" style=\"clear: both;text-align: center\"><a style=\"margin-left: 1em;margin-right: 1em\" href=\"https:\/\/i0.wp.com\/1.bp.blogspot.com\/-BfytJBEIVek\/YS0IpwxzizI\/AAAAAAAAdic\/jw_da7GBomofqZYBgCdRz2Q1CNrTwLeNQCLcBGAsYHQ\/s1600\/50-23a-Mossenaire_24a30_agost_2021_JoanSole_pla.jpg?ssl=1\"><img data-recalc-dims=\"1\" loading=\"lazy\" decoding=\"async\" src=\"https:\/\/i0.wp.com\/1.bp.blogspot.com\/-BfytJBEIVek\/YS0IpwxzizI\/AAAAAAAAdic\/jw_da7GBomofqZYBgCdRz2Q1CNrTwLeNQCLcBGAsYHQ\/s320\/50-23a-Mossenaire_24a30_agost_2021_JoanSole_pla.jpg?resize=320%2C240&#038;ssl=1\" width=\"320\" height=\"240\" border=\"0\" data-original-height=\"1200\" data-original-width=\"1600\" \/><\/a><\/div>\n<div class=\"separator\" style=\"clear: both;text-align: center\">En Joan amb la seva muller<\/div>\n<p>&nbsp;<\/p>\n<div class=\"separator\" style=\"clear: both;text-align: center\"><a style=\"margin-left: 1em;margin-right: 1em\" href=\"https:\/\/i0.wp.com\/1.bp.blogspot.com\/-s-25tTv9vyE\/YS0IpqnuGyI\/AAAAAAAAdiY\/UAYnmVuZxK01y5YxA2J04Cr2HPid8dlQgCLcBGAsYHQ\/s1600\/49-22a-Mossenaire_24a30_agost_2021_RosaTrape.jpg?ssl=1\"><img data-recalc-dims=\"1\" loading=\"lazy\" decoding=\"async\" src=\"https:\/\/i0.wp.com\/1.bp.blogspot.com\/-s-25tTv9vyE\/YS0IpqnuGyI\/AAAAAAAAdiY\/UAYnmVuZxK01y5YxA2J04Cr2HPid8dlQgCLcBGAsYHQ\/s320\/49-22a-Mossenaire_24a30_agost_2021_RosaTrape.jpg?resize=240%2C320&#038;ssl=1\" width=\"240\" height=\"320\" border=\"0\" data-original-height=\"1600\" data-original-width=\"1200\" \/><\/a><\/div>\n<div class=\"separator\" style=\"clear: both;text-align: center\">Rosa Trap\u00e9, a\u00a0Sa cova foradada<\/div>\n<p>&nbsp;<\/p>\n<div class=\"separator\" style=\"clear: both;text-align: center\"><a style=\"margin-left: 1em;margin-right: 1em\" href=\"https:\/\/i0.wp.com\/1.bp.blogspot.com\/-haMJnpMo5VU\/YS0IpZAwqeI\/AAAAAAAAdiU\/Y7dnU6VXqNo4ih6zAFrsw1iyCm5NLyq_wCLcBGAsYHQ\/s1600\/48-21a-Mossenaire_24a30_agost_2021_PepaGerma.jpg?ssl=1\"><img data-recalc-dims=\"1\" loading=\"lazy\" decoding=\"async\" src=\"https:\/\/i0.wp.com\/1.bp.blogspot.com\/-haMJnpMo5VU\/YS0IpZAwqeI\/AAAAAAAAdiU\/Y7dnU6VXqNo4ih6zAFrsw1iyCm5NLyq_wCLcBGAsYHQ\/s320\/48-21a-Mossenaire_24a30_agost_2021_PepaGerma.jpg?resize=320%2C320&#038;ssl=1\" width=\"320\" height=\"320\" border=\"0\" data-original-height=\"1600\" data-original-width=\"1600\" \/><\/a><\/div>\n<div class=\"separator\" style=\"clear: both;text-align: center\">Germ\u00e0 i Pepa, al Puigmal<\/div>\n<p>&nbsp;<\/p>\n<div class=\"separator\" style=\"clear: both;text-align: center\"><a style=\"margin-left: 1em;margin-right: 1em\" href=\"https:\/\/i0.wp.com\/1.bp.blogspot.com\/-Z7QYMtHdQvg\/YS0IpfZcwZI\/AAAAAAAAdiQ\/tl7KeDLt1sAhKhX_bHNd43mKO3d0Vwm_QCLcBGAsYHQ\/s1462\/47-20a-Mossenaire_24a30_agost_2021_AnnaMoliner.jpg?ssl=1\"><img data-recalc-dims=\"1\" loading=\"lazy\" decoding=\"async\" src=\"https:\/\/i0.wp.com\/1.bp.blogspot.com\/-Z7QYMtHdQvg\/YS0IpfZcwZI\/AAAAAAAAdiQ\/tl7KeDLt1sAhKhX_bHNd43mKO3d0Vwm_QCLcBGAsYHQ\/s320\/47-20a-Mossenaire_24a30_agost_2021_AnnaMoliner.jpg?resize=320%2C180&#038;ssl=1\" width=\"320\" height=\"180\" border=\"0\" data-original-height=\"822\" data-original-width=\"1462\" \/><\/a><\/div>\n<div class=\"separator\" style=\"clear: both;text-align: center\">Anna Moliner i Rio, a Colobres<\/div>\n<p>&nbsp;<\/p>\n<div class=\"separator\" style=\"clear: both;text-align: center\"><a style=\"margin-left: 1em;margin-right: 1em\" href=\"https:\/\/i0.wp.com\/1.bp.blogspot.com\/-bN6dSh_wT3Y\/YS0IpBGkr_I\/AAAAAAAAdiM\/2OQBDflPld0sLfe3Tch9cfdj93wObtAbACLcBGAsYHQ\/s1280\/46-19b-Mossenaire_24a30_agost_2021_JMGarciaCabello.jpg?ssl=1\"><img data-recalc-dims=\"1\" loading=\"lazy\" decoding=\"async\" src=\"https:\/\/i0.wp.com\/1.bp.blogspot.com\/-bN6dSh_wT3Y\/YS0IpBGkr_I\/AAAAAAAAdiM\/2OQBDflPld0sLfe3Tch9cfdj93wObtAbACLcBGAsYHQ\/s320\/46-19b-Mossenaire_24a30_agost_2021_JMGarciaCabello.jpg?resize=241%2C320&#038;ssl=1\" width=\"241\" height=\"320\" border=\"0\" data-original-height=\"1280\" data-original-width=\"964\" \/><\/a><\/div>\n<div class=\"separator\" style=\"clear: both;text-align: center\">Jos\u00e9 M. Garc\u00eda Cabello, per camins d&#8217;Ullastrell<\/div>\n<p>&nbsp;<\/p>\n<div class=\"separator\" style=\"clear: both;text-align: center\"><a style=\"margin-left: 1em;margin-right: 1em\" href=\"https:\/\/i0.wp.com\/1.bp.blogspot.com\/-j8ktn_JsK3g\/YS0Io-XJKSI\/AAAAAAAAdiI\/bXQOOH8T_m41E4KxBhQTksnBibz8xaZ2ACLcBGAsYHQ\/s1600\/45-19a-Mossenaire_24a30_agost_2021_JMGarciaCabello.jpg?ssl=1\"><img data-recalc-dims=\"1\" loading=\"lazy\" decoding=\"async\" src=\"https:\/\/i0.wp.com\/1.bp.blogspot.com\/-j8ktn_JsK3g\/YS0Io-XJKSI\/AAAAAAAAdiI\/bXQOOH8T_m41E4KxBhQTksnBibz8xaZ2ACLcBGAsYHQ\/s320\/45-19a-Mossenaire_24a30_agost_2021_JMGarciaCabello.jpg?resize=298%2C320&#038;ssl=1\" width=\"298\" height=\"320\" border=\"0\" data-original-height=\"1600\" data-original-width=\"1490\" \/><\/a><\/div>\n<div class=\"separator\" style=\"clear: both;text-align: center\">Marta i Jos\u00e9 Manuel, a Ullastrell<\/div>\n<p>&nbsp;<\/p>\n<div class=\"separator\" style=\"clear: both;text-align: center\"><a style=\"margin-left: 1em;margin-right: 1em\" href=\"https:\/\/i0.wp.com\/1.bp.blogspot.com\/-0lHzYlYpUNY\/YS0Ioo7jlLI\/AAAAAAAAdiE\/ZnpOV0DbTXU4g8yRWvN0FRTXAvjKjdWMgCLcBGAsYHQ\/s1600\/44-18a-Mossenaire_24a30_agost_2021_CarmeValldeperas.jpg?ssl=1\"><img data-recalc-dims=\"1\" loading=\"lazy\" decoding=\"async\" src=\"https:\/\/i0.wp.com\/1.bp.blogspot.com\/-0lHzYlYpUNY\/YS0Ioo7jlLI\/AAAAAAAAdiE\/ZnpOV0DbTXU4g8yRWvN0FRTXAvjKjdWMgCLcBGAsYHQ\/s320\/44-18a-Mossenaire_24a30_agost_2021_CarmeValldeperas.jpg?resize=240%2C320&#038;ssl=1\" width=\"240\" height=\"320\" border=\"0\" data-original-height=\"1600\" data-original-width=\"1200\" \/><\/a><\/div>\n<div class=\"separator\" style=\"clear: both;text-align: center\">Carme Valldeperas<\/div>\n<div class=\"separator\" style=\"clear: both;text-align: center\">\u00daltima foto de vacances &#x1f629;. Des de Al\u00e0s &#x1f3c3;&#x1f3fc;&#x200d;&#x2640;&#xfe0f;&#x1f60a;<\/div>\n<p>&nbsp;<\/p>\n<div class=\"separator\" style=\"clear: both;text-align: center\"><a style=\"margin-left: 1em;margin-right: 1em\" href=\"https:\/\/i0.wp.com\/1.bp.blogspot.com\/-RcY1go8o6GE\/YS0IogfBe4I\/AAAAAAAAdiA\/Syk1ROlbghEnWg43b_chlIVlX1u7EWkWgCLcBGAsYHQ\/s1472\/43-17a-Mossenaire_24a30_agost_2021_QueraltPey_AnnaCos.jpg?ssl=1\"><img data-recalc-dims=\"1\" loading=\"lazy\" decoding=\"async\" src=\"https:\/\/i0.wp.com\/1.bp.blogspot.com\/-RcY1go8o6GE\/YS0IogfBe4I\/AAAAAAAAdiA\/Syk1ROlbghEnWg43b_chlIVlX1u7EWkWgCLcBGAsYHQ\/s320\/43-17a-Mossenaire_24a30_agost_2021_QueraltPey_AnnaCos.jpg?resize=180%2C320&#038;ssl=1\" width=\"180\" height=\"320\" border=\"0\" data-original-height=\"1472\" data-original-width=\"828\" \/><\/a><\/div>\n<div class=\"separator\" style=\"clear: both;text-align: center\">Queral Pey i Anna Cos, per Irlanda<\/div>\n<p>&nbsp;<\/p>\n<div class=\"separator\" style=\"clear: both;text-align: center\"><a style=\"margin-left: 1em;margin-right: 1em\" href=\"https:\/\/i0.wp.com\/1.bp.blogspot.com\/-0G-z3UVJKgM\/YS0IoZiH4EI\/AAAAAAAAdh8\/-b9Dw2Jlu-8CuRaSf6AzkraTKLiyZpuxACLcBGAsYHQ\/s1600\/42-16a-Mossenaire_24a30_agost_2021_InmaMoralesjpeg.jpg?ssl=1\"><img data-recalc-dims=\"1\" loading=\"lazy\" decoding=\"async\" src=\"https:\/\/i0.wp.com\/1.bp.blogspot.com\/-0G-z3UVJKgM\/YS0IoZiH4EI\/AAAAAAAAdh8\/-b9Dw2Jlu-8CuRaSf6AzkraTKLiyZpuxACLcBGAsYHQ\/s320\/42-16a-Mossenaire_24a30_agost_2021_InmaMoralesjpeg.jpg?resize=320%2C240&#038;ssl=1\" width=\"320\" height=\"240\" border=\"0\" data-original-height=\"1200\" data-original-width=\"1600\" \/><\/a><\/div>\n<div class=\"separator\" style=\"clear: both;text-align: center\">Miguel, Inma i Sebasti\u00e1n<\/div>\n<p>&nbsp;<\/p>\n<div class=\"separator\" style=\"clear: both;text-align: center\"><a style=\"margin-left: 1em;margin-right: 1em\" href=\"https:\/\/i0.wp.com\/1.bp.blogspot.com\/-FNmdyTyk9gk\/YS0IoJdzQTI\/AAAAAAAAdh4\/aqngNVDNcgELfRy1qVcz22QHpLItL_yvACLcBGAsYHQ\/s1600\/41-15a-Mossenaire_24a30_agost_2021_PauMargarit.jpg?ssl=1\"><img data-recalc-dims=\"1\" loading=\"lazy\" decoding=\"async\" src=\"https:\/\/i0.wp.com\/1.bp.blogspot.com\/-FNmdyTyk9gk\/YS0IoJdzQTI\/AAAAAAAAdh4\/aqngNVDNcgELfRy1qVcz22QHpLItL_yvACLcBGAsYHQ\/s320\/41-15a-Mossenaire_24a30_agost_2021_PauMargarit.jpg?resize=320%2C240&#038;ssl=1\" width=\"320\" height=\"240\" border=\"0\" data-original-height=\"1200\" data-original-width=\"1600\" \/><\/a><\/div>\n<div class=\"separator\" style=\"clear: both;text-align: center\">Pau Margarit, davant Ermita de San Josep de Moss\u00e8n Homs<\/div>\n<p>&nbsp;<\/p>\n<div class=\"separator\" style=\"clear: both;text-align: center\"><a style=\"margin-left: 1em;margin-right: 1em\" href=\"https:\/\/i0.wp.com\/1.bp.blogspot.com\/-sRXs-Bu2Tbw\/YS0IoNiz_bI\/AAAAAAAAdh0\/JNvwCmL9cQEwWD0TapFq1wqtt0DsKwjIwCLcBGAsYHQ\/s1600\/40-14a-Mossenaire_24a30_agost_2021_RaquelTorrico.jpg?ssl=1\"><img data-recalc-dims=\"1\" loading=\"lazy\" decoding=\"async\" src=\"https:\/\/i0.wp.com\/1.bp.blogspot.com\/-sRXs-Bu2Tbw\/YS0IoNiz_bI\/AAAAAAAAdh0\/JNvwCmL9cQEwWD0TapFq1wqtt0DsKwjIwCLcBGAsYHQ\/s320\/40-14a-Mossenaire_24a30_agost_2021_RaquelTorrico.jpg?resize=320%2C240&#038;ssl=1\" width=\"320\" height=\"240\" border=\"0\" data-original-height=\"1198\" data-original-width=\"1600\" \/><\/a><\/div>\n<div class=\"separator\" style=\"clear: both;text-align: center\">Raquel Torrico i Rafael Clemente<\/div>\n<p>&nbsp;<\/p>\n<div class=\"separator\" style=\"clear: both;text-align: center\"><a style=\"margin-left: 1em;margin-right: 1em\" href=\"https:\/\/i0.wp.com\/1.bp.blogspot.com\/-nD-Z03nA7Gw\/YS0IniOWwXI\/AAAAAAAAdhw\/v9d7zStZBCkOyUu-n1HU2RswjBCuGkEqwCLcBGAsYHQ\/s1600\/39-13c-Mossenaire_24a30_agost_2021_JordiMas.jpg?ssl=1\"><img data-recalc-dims=\"1\" loading=\"lazy\" decoding=\"async\" src=\"https:\/\/i0.wp.com\/1.bp.blogspot.com\/-nD-Z03nA7Gw\/YS0IniOWwXI\/AAAAAAAAdhw\/v9d7zStZBCkOyUu-n1HU2RswjBCuGkEqwCLcBGAsYHQ\/s320\/39-13c-Mossenaire_24a30_agost_2021_JordiMas.jpg?resize=320%2C240&#038;ssl=1\" width=\"320\" height=\"240\" border=\"0\" data-original-height=\"1198\" data-original-width=\"1600\" \/><\/a><\/div>\n<div class=\"separator\" style=\"clear: both;text-align: center\">Jordi Mas<\/div>\n<p>&nbsp;<\/p>\n<div class=\"separator\" style=\"clear: both;text-align: center\"><a style=\"margin-left: 1em;margin-right: 1em\" href=\"https:\/\/i0.wp.com\/1.bp.blogspot.com\/-EeUfcP7Qju8\/YS0InXirm_I\/AAAAAAAAdhs\/T7n5NB823w0wGiXO0iSzbLf34JnAQL1lwCLcBGAsYHQ\/s1600\/38-13b-Mossenaire_24a30_agost_2021_JordiMas.jpg?ssl=1\"><img data-recalc-dims=\"1\" loading=\"lazy\" decoding=\"async\" src=\"https:\/\/i0.wp.com\/1.bp.blogspot.com\/-EeUfcP7Qju8\/YS0InXirm_I\/AAAAAAAAdhs\/T7n5NB823w0wGiXO0iSzbLf34JnAQL1lwCLcBGAsYHQ\/s320\/38-13b-Mossenaire_24a30_agost_2021_JordiMas.jpg?resize=320%2C240&#038;ssl=1\" width=\"320\" height=\"240\" border=\"0\" data-original-height=\"1198\" data-original-width=\"1600\" \/><\/a><\/div>\n<div class=\"separator\" style=\"clear: both;text-align: center\">Jordi Mas<\/div>\n<p>&nbsp;<\/p>\n<div class=\"separator\" style=\"clear: both;text-align: center\"><a style=\"margin-left: 1em;margin-right: 1em\" href=\"https:\/\/i0.wp.com\/1.bp.blogspot.com\/-8ykEdRhlDc8\/YS0IneM4MPI\/AAAAAAAAdho\/O4Qe4M4Ce7ENxQe3flw-rq64A7cDz5XwQCLcBGAsYHQ\/s1600\/37-13a-Mossenaire_24a30_agost_2021_JordiMas.jpg?ssl=1\"><img data-recalc-dims=\"1\" loading=\"lazy\" decoding=\"async\" src=\"https:\/\/i0.wp.com\/1.bp.blogspot.com\/-8ykEdRhlDc8\/YS0IneM4MPI\/AAAAAAAAdho\/O4Qe4M4Ce7ENxQe3flw-rq64A7cDz5XwQCLcBGAsYHQ\/s320\/37-13a-Mossenaire_24a30_agost_2021_JordiMas.jpg?resize=320%2C240&#038;ssl=1\" width=\"320\" height=\"240\" border=\"0\" data-original-height=\"1198\" data-original-width=\"1600\" \/><\/a><\/div>\n<div class=\"separator\" style=\"clear: both;text-align: center\">Jordi Mas<\/div>\n<p>&nbsp;<\/p>\n<div class=\"separator\" style=\"clear: both;text-align: center\"><a style=\"margin-left: 1em;margin-right: 1em\" href=\"https:\/\/i0.wp.com\/1.bp.blogspot.com\/-vnxGziKhins\/YS0InK_kh-I\/AAAAAAAAdhk\/Ixl6-noT3UwxwJl7n73byvGcGwnmPcIjwCLcBGAsYHQ\/s1600\/36-12f-Mossenaire_24a30_agost_2021_ManuelRodriguez.jpg?ssl=1\"><img data-recalc-dims=\"1\" loading=\"lazy\" decoding=\"async\" src=\"https:\/\/i0.wp.com\/1.bp.blogspot.com\/-vnxGziKhins\/YS0InK_kh-I\/AAAAAAAAdhk\/Ixl6-noT3UwxwJl7n73byvGcGwnmPcIjwCLcBGAsYHQ\/s320\/36-12f-Mossenaire_24a30_agost_2021_ManuelRodriguez.jpg?resize=320%2C240&#038;ssl=1\" width=\"320\" height=\"240\" border=\"0\" data-original-height=\"1200\" data-original-width=\"1600\" \/><\/a><\/div>\n<p>&nbsp;<\/p>\n<div class=\"separator\" style=\"clear: both;text-align: center\"><a style=\"margin-left: 1em;margin-right: 1em\" href=\"https:\/\/i0.wp.com\/1.bp.blogspot.com\/-wTjUn0i7Ns8\/YS0Im2bc0xI\/AAAAAAAAdhg\/ae5c-qpRzFUCpc2g4lLAKcNrKYpKgYLSACLcBGAsYHQ\/s1600\/35-12e-Mossenaire_24a30_agost_2021_PepMoliner.jpg?ssl=1\"><img data-recalc-dims=\"1\" loading=\"lazy\" decoding=\"async\" src=\"https:\/\/i0.wp.com\/1.bp.blogspot.com\/-wTjUn0i7Ns8\/YS0Im2bc0xI\/AAAAAAAAdhg\/ae5c-qpRzFUCpc2g4lLAKcNrKYpKgYLSACLcBGAsYHQ\/s320\/35-12e-Mossenaire_24a30_agost_2021_PepMoliner.jpg?resize=320%2C147&#038;ssl=1\" width=\"320\" height=\"147\" border=\"0\" data-original-height=\"737\" data-original-width=\"1600\" \/><\/a><\/div>\n<div class=\"separator\" style=\"clear: both;text-align: center\">Santi, Carmelo, Manuel, Jordi, David, Pep<\/div>\n<p>&nbsp;<\/p>\n<div class=\"separator\" style=\"clear: both;text-align: center\"><a style=\"margin-left: 1em;margin-right: 1em\" href=\"https:\/\/i0.wp.com\/1.bp.blogspot.com\/-aKLXv93pBew\/YS0ImkHraPI\/AAAAAAAAdhc\/E2oLPB-NrX4vYroSKkXXRaEVeFmyFTmMACLcBGAsYHQ\/s1600\/34-12e-Mossenaire_24a30_agost_2021_ManuelRodriguez.jpg?ssl=1\"><img data-recalc-dims=\"1\" loading=\"lazy\" decoding=\"async\" src=\"https:\/\/i0.wp.com\/1.bp.blogspot.com\/-aKLXv93pBew\/YS0ImkHraPI\/AAAAAAAAdhc\/E2oLPB-NrX4vYroSKkXXRaEVeFmyFTmMACLcBGAsYHQ\/s320\/34-12e-Mossenaire_24a30_agost_2021_ManuelRodriguez.jpg?resize=320%2C240&#038;ssl=1\" width=\"320\" height=\"240\" border=\"0\" data-original-height=\"1200\" data-original-width=\"1600\" \/><\/a><\/div>\n<div class=\"separator\" style=\"clear: both;text-align: center\">Manuel, Santi, Manuel<\/div>\n<p>&nbsp;<\/p>\n<div class=\"separator\" style=\"clear: both;text-align: center\"><a style=\"margin-left: 1em;margin-right: 1em\" href=\"https:\/\/i0.wp.com\/1.bp.blogspot.com\/-L8hEdV-N5qw\/YS0ImSb7c3I\/AAAAAAAAdhY\/TBrbckMWP505gYI_EN0V2XH0w8pl5GRRgCLcBGAsYHQ\/s1600\/33-12e-Mossenaire_24a30_agost_2021_CarmeloLuque.jpg?ssl=1\"><img data-recalc-dims=\"1\" loading=\"lazy\" decoding=\"async\" src=\"https:\/\/i0.wp.com\/1.bp.blogspot.com\/-L8hEdV-N5qw\/YS0ImSb7c3I\/AAAAAAAAdhY\/TBrbckMWP505gYI_EN0V2XH0w8pl5GRRgCLcBGAsYHQ\/s320\/33-12e-Mossenaire_24a30_agost_2021_CarmeloLuque.jpg?resize=320%2C240&#038;ssl=1\" width=\"320\" height=\"240\" border=\"0\" data-original-height=\"1200\" data-original-width=\"1600\" \/><\/a><\/div>\n<div class=\"separator\" style=\"clear: both;text-align: center\">Carmelo a la font de la Moreria<\/div>\n<p>&nbsp;<\/p>\n<div class=\"separator\" style=\"clear: both;text-align: center\"><a style=\"margin-left: 1em;margin-right: 1em\" href=\"https:\/\/i0.wp.com\/1.bp.blogspot.com\/-qw6dyK8o5X8\/YS0ImWeUkEI\/AAAAAAAAdhU\/UwIKJTsejds8Oi1LVBu-yU3YM3Ll0z26gCLcBGAsYHQ\/s1600\/32-12d-Mossenaire_24a30_agost_2021_PepMoliner.jpg?ssl=1\"><img data-recalc-dims=\"1\" loading=\"lazy\" decoding=\"async\" src=\"https:\/\/i0.wp.com\/1.bp.blogspot.com\/-qw6dyK8o5X8\/YS0ImWeUkEI\/AAAAAAAAdhU\/UwIKJTsejds8Oi1LVBu-yU3YM3Ll0z26gCLcBGAsYHQ\/s320\/32-12d-Mossenaire_24a30_agost_2021_PepMoliner.jpg?resize=320%2C180&#038;ssl=1\" width=\"320\" height=\"180\" border=\"0\" data-original-height=\"899\" data-original-width=\"1600\" \/><\/a><\/div>\n<div class=\"separator\" style=\"clear: both;text-align: center\">Mirant camins de Torre Moss\u00e8n Homs, en Pep Moliner<\/div>\n<p>&nbsp;<\/p>\n<div class=\"separator\" style=\"clear: both;text-align: center\"><a style=\"margin-left: 1em;margin-right: 1em\" href=\"https:\/\/i0.wp.com\/1.bp.blogspot.com\/-yfI6uBz4RrY\/YS0ImGXD72I\/AAAAAAAAdhQ\/9jFNctyChxIHdMgKS7KApnIWfa0gqwQUgCLcBGAsYHQ\/s1600\/31-12d-Mossenaire_24a30_agost_2021_DavidHernandez.jpg?ssl=1\"><img data-recalc-dims=\"1\" loading=\"lazy\" decoding=\"async\" src=\"https:\/\/i0.wp.com\/1.bp.blogspot.com\/-yfI6uBz4RrY\/YS0ImGXD72I\/AAAAAAAAdhQ\/9jFNctyChxIHdMgKS7KApnIWfa0gqwQUgCLcBGAsYHQ\/s320\/31-12d-Mossenaire_24a30_agost_2021_DavidHernandez.jpg?resize=320%2C240&#038;ssl=1\" width=\"320\" height=\"240\" border=\"0\" data-original-height=\"1200\" data-original-width=\"1600\" \/><\/a><\/div>\n<div class=\"separator\" style=\"clear: both;text-align: center\">David Herm\u00e1ndez a la font de la Moreria<\/div>\n<p>&nbsp;<\/p>\n<div class=\"separator\" style=\"clear: both;text-align: center\"><a style=\"margin-left: 1em;margin-right: 1em\" href=\"https:\/\/i0.wp.com\/1.bp.blogspot.com\/-aYDT_OJDXDE\/YS0Il04kp8I\/AAAAAAAAdhM\/Lm3fyjNQBD0-aLoaAAjy_qTL4oh4jHcaQCLcBGAsYHQ\/s1600\/30-12c-Mossenaire_24a30_agost_2021_PepMoliner.jpg?ssl=1\"><img data-recalc-dims=\"1\" loading=\"lazy\" decoding=\"async\" src=\"https:\/\/i0.wp.com\/1.bp.blogspot.com\/-aYDT_OJDXDE\/YS0Il04kp8I\/AAAAAAAAdhM\/Lm3fyjNQBD0-aLoaAAjy_qTL4oh4jHcaQCLcBGAsYHQ\/s320\/30-12c-Mossenaire_24a30_agost_2021_PepMoliner.jpg?resize=320%2C180&#038;ssl=1\" width=\"320\" height=\"180\" border=\"0\" data-original-height=\"899\" data-original-width=\"1600\" \/><\/a><\/div>\n<div class=\"separator\" style=\"clear: both;text-align: center\">Fent plans, a Can Mossenaire, en Pep Moliner<\/div>\n<p>&nbsp;<\/p>\n<div class=\"separator\" style=\"clear: both;text-align: center\"><a style=\"margin-left: 1em;margin-right: 1em\" href=\"https:\/\/i0.wp.com\/1.bp.blogspot.com\/-BwJsHmGxubg\/YS0IlywGLLI\/AAAAAAAAdhI\/p3KxDaIFcwoUgv42iAU_nFsECpKdLkz6wCLcBGAsYHQ\/s1600\/29-12b-Mossenaire_24a30_agost_2021_PepMoliner.jpg?ssl=1\"><img data-recalc-dims=\"1\" loading=\"lazy\" decoding=\"async\" src=\"https:\/\/i0.wp.com\/1.bp.blogspot.com\/-BwJsHmGxubg\/YS0IlywGLLI\/AAAAAAAAdhI\/p3KxDaIFcwoUgv42iAU_nFsECpKdLkz6wCLcBGAsYHQ\/s320\/29-12b-Mossenaire_24a30_agost_2021_PepMoliner.jpg?resize=320%2C180&#038;ssl=1\" width=\"320\" height=\"180\" border=\"0\" data-original-height=\"900\" data-original-width=\"1600\" \/><\/a><\/div>\n<div class=\"separator\" style=\"clear: both;text-align: center\">Pep Moliner, diferents dies per Can Mossenaire<\/div>\n<p>&nbsp;<\/p>\n<div class=\"separator\" style=\"clear: both;text-align: center\"><a style=\"margin-left: 1em;margin-right: 1em\" href=\"https:\/\/i0.wp.com\/1.bp.blogspot.com\/-2h9pKeDj5lA\/YS0IlrE5eGI\/AAAAAAAAdhE\/CXuRKQQadnYVC3QvqrY02-_7YeaM4nAigCLcBGAsYHQ\/s960\/28-12b-Mossenaire_24a30_agost_2021_casimirMartin.jpg?ssl=1\"><img data-recalc-dims=\"1\" loading=\"lazy\" decoding=\"async\" src=\"https:\/\/i0.wp.com\/1.bp.blogspot.com\/-2h9pKeDj5lA\/YS0IlrE5eGI\/AAAAAAAAdhE\/CXuRKQQadnYVC3QvqrY02-_7YeaM4nAigCLcBGAsYHQ\/s320\/28-12b-Mossenaire_24a30_agost_2021_casimirMartin.jpg?resize=320%2C240&#038;ssl=1\" width=\"320\" height=\"240\" border=\"0\" data-original-height=\"720\" data-original-width=\"960\" \/><\/a><\/div>\n<div class=\"separator\" style=\"clear: both;text-align: center\">Casimir Martin<\/div>\n<div class=\"separator\" style=\"clear: both;text-align: center\"><a style=\"margin-left: 1em;margin-right: 1em\" href=\"https:\/\/i0.wp.com\/1.bp.blogspot.com\/-yP-t43h-lFc\/YS0IlKZ5C_I\/AAAAAAAAdg8\/P_dPI8ZMxdcVSy72cFPosALm0y-LckMYwCLcBGAsYHQ\/s960\/26-12a-Mossenaire_24a30_agost_2021_casimirMartin.jpg?ssl=1\"><img data-recalc-dims=\"1\" loading=\"lazy\" decoding=\"async\" src=\"https:\/\/i0.wp.com\/1.bp.blogspot.com\/-yP-t43h-lFc\/YS0IlKZ5C_I\/AAAAAAAAdg8\/P_dPI8ZMxdcVSy72cFPosALm0y-LckMYwCLcBGAsYHQ\/s320\/26-12a-Mossenaire_24a30_agost_2021_casimirMartin.jpg?resize=240%2C320&#038;ssl=1\" width=\"240\" height=\"320\" border=\"0\" data-original-height=\"960\" data-original-width=\"720\" \/><\/a><\/div>\n<p>&nbsp;<\/p>\n<div class=\"separator\" style=\"clear: both;text-align: center\"><a style=\"margin-left: 1em;margin-right: 1em\" href=\"https:\/\/i0.wp.com\/1.bp.blogspot.com\/-mkpSjreGOHE\/YS0IlZNKRiI\/AAAAAAAAdhA\/_kJVklXVUg4HDouLbFnrsB__r-c0sNHrwCLcBGAsYHQ\/s1600\/27-12a-Mossenaire_24a30_agost_2021_PepMoliner.jpg?ssl=1\"><img data-recalc-dims=\"1\" loading=\"lazy\" decoding=\"async\" src=\"https:\/\/i0.wp.com\/1.bp.blogspot.com\/-mkpSjreGOHE\/YS0IlZNKRiI\/AAAAAAAAdhA\/_kJVklXVUg4HDouLbFnrsB__r-c0sNHrwCLcBGAsYHQ\/s320\/27-12a-Mossenaire_24a30_agost_2021_PepMoliner.jpg?resize=320%2C180&#038;ssl=1\" width=\"320\" height=\"180\" border=\"0\" data-original-height=\"899\" data-original-width=\"1600\" \/><\/a><\/div>\n<div class=\"separator\" style=\"clear: both;text-align: center\">Pep Moliner, segueix pensant amb la tornada<\/div>\n<p>&nbsp;<\/p>\n<div class=\"separator\" style=\"clear: both;text-align: center\"><\/div>\n<p>&nbsp;<\/p>\n<div class=\"separator\" style=\"clear: both;text-align: center\"><a style=\"margin-left: 1em;margin-right: 1em\" href=\"https:\/\/i0.wp.com\/1.bp.blogspot.com\/-D_H1YXWkgiU\/YS0Ik8yNmEI\/AAAAAAAAdg4\/bWq7OGIDSZQAvVI15sIihwxS4TG-lHnfgCLcBGAsYHQ\/s1600\/25-11b-Mossenaire_24a30_agost_2021_XimenaCastro.jpg?ssl=1\"><img data-recalc-dims=\"1\" loading=\"lazy\" decoding=\"async\" src=\"https:\/\/i0.wp.com\/1.bp.blogspot.com\/-D_H1YXWkgiU\/YS0Ik8yNmEI\/AAAAAAAAdg4\/bWq7OGIDSZQAvVI15sIihwxS4TG-lHnfgCLcBGAsYHQ\/s320\/25-11b-Mossenaire_24a30_agost_2021_XimenaCastro.jpg?resize=240%2C320&#038;ssl=1\" width=\"240\" height=\"320\" border=\"0\" data-original-height=\"1600\" data-original-width=\"1200\" \/><\/a><\/div>\n<div class=\"separator\" style=\"clear: both;text-align: center\">Ximena Castro, al pic de l&#8217;\u00e0liga<\/div>\n<p>&nbsp;<\/p>\n<div class=\"separator\" style=\"clear: both;text-align: center\"><a style=\"margin-left: 1em;margin-right: 1em\" href=\"https:\/\/i0.wp.com\/1.bp.blogspot.com\/-oJ_OD-kvmto\/YS0Ik3UY_BI\/AAAAAAAAdg0\/0UsrwF1QbOM6Z-6cM2ZtSxQ2pJPQjeuXACLcBGAsYHQ\/s1600\/24-11a-Mossenaire_24a30_agost_2021_JoanForte.jpg?ssl=1\"><img data-recalc-dims=\"1\" loading=\"lazy\" decoding=\"async\" src=\"https:\/\/i0.wp.com\/1.bp.blogspot.com\/-oJ_OD-kvmto\/YS0Ik3UY_BI\/AAAAAAAAdg0\/0UsrwF1QbOM6Z-6cM2ZtSxQ2pJPQjeuXACLcBGAsYHQ\/s320\/24-11a-Mossenaire_24a30_agost_2021_JoanForte.jpg?resize=144%2C320&#038;ssl=1\" width=\"144\" height=\"320\" border=\"0\" data-original-height=\"1600\" data-original-width=\"720\" \/><\/a><\/div>\n<div class=\"separator\" style=\"clear: both;text-align: center\">Joan Forte<\/div>\n<p>&nbsp;<\/p>\n<div class=\"separator\" style=\"clear: both;text-align: center\"><a style=\"margin-left: 1em;margin-right: 1em\" href=\"https:\/\/i0.wp.com\/1.bp.blogspot.com\/-N_Zs4L0GFv0\/YS0IkqOIowI\/AAAAAAAAdgw\/kfPZNB7NMkwwrpSN93KtUQPfTRyhxHH9ACLcBGAsYHQ\/s1600\/23-10b-Mossenaire_24a30_agost_2021_GrupCanPalet.jpg?ssl=1\"><img data-recalc-dims=\"1\" loading=\"lazy\" decoding=\"async\" src=\"https:\/\/i0.wp.com\/1.bp.blogspot.com\/-N_Zs4L0GFv0\/YS0IkqOIowI\/AAAAAAAAdgw\/kfPZNB7NMkwwrpSN93KtUQPfTRyhxHH9ACLcBGAsYHQ\/s320\/23-10b-Mossenaire_24a30_agost_2021_GrupCanPalet.jpg?resize=240%2C320&#038;ssl=1\" width=\"240\" height=\"320\" border=\"0\" data-original-height=\"1600\" data-original-width=\"1200\" \/><\/a><\/div>\n<div class=\"separator\" style=\"clear: both;text-align: center\">Tere i Maite, davan ermita Sant Jaume de l&#8217;\u00e8gara<\/div>\n<p>&nbsp;<\/p>\n<div class=\"separator\" style=\"clear: both;text-align: center\"><a style=\"margin-left: 1em;margin-right: 1em\" href=\"https:\/\/i0.wp.com\/1.bp.blogspot.com\/-H7plDgkZhOY\/YS0IkZ_gDyI\/AAAAAAAAdgs\/8g3haFuHOAILKN2zBHDAUx8XcJvxlS5wACLcBGAsYHQ\/s835\/22-10a-Mossenaire_24a30_agost_2021_GrupCanPalet.jpg?ssl=1\"><img data-recalc-dims=\"1\" loading=\"lazy\" decoding=\"async\" src=\"https:\/\/i0.wp.com\/1.bp.blogspot.com\/-H7plDgkZhOY\/YS0IkZ_gDyI\/AAAAAAAAdgs\/8g3haFuHOAILKN2zBHDAUx8XcJvxlS5wACLcBGAsYHQ\/s320\/22-10a-Mossenaire_24a30_agost_2021_GrupCanPalet.jpg?resize=320%2C240&#038;ssl=1\" width=\"320\" height=\"240\" border=\"0\" data-original-height=\"626\" data-original-width=\"835\" \/><\/a><\/div>\n<div class=\"separator\" style=\"clear: both;text-align: center\">Tere, Assumpta, Maite, Rosa,<\/div>\n<div class=\"separator\" style=\"clear: both;text-align: center\">el Grup de Can Palet<\/div>\n<p>&nbsp;<\/p>\n<div class=\"separator\" style=\"clear: both;text-align: center\"><a style=\"margin-left: 1em;margin-right: 1em\" href=\"https:\/\/i0.wp.com\/1.bp.blogspot.com\/-Tv49JrFPoSM\/YS0IkBsdHwI\/AAAAAAAAdgo\/SUNZPk8Sji8bSp9rONGWwvuzoIiGvp_yQCLcBGAsYHQ\/s1600\/21-09a-Mossenaire_24a30_agost_2021_FranFrutos.jpg?ssl=1\"><img data-recalc-dims=\"1\" loading=\"lazy\" decoding=\"async\" src=\"https:\/\/i0.wp.com\/1.bp.blogspot.com\/-Tv49JrFPoSM\/YS0IkBsdHwI\/AAAAAAAAdgo\/SUNZPk8Sji8bSp9rONGWwvuzoIiGvp_yQCLcBGAsYHQ\/s320\/21-09a-Mossenaire_24a30_agost_2021_FranFrutos.jpg?resize=180%2C320&#038;ssl=1\" width=\"180\" height=\"320\" border=\"0\" data-original-height=\"1600\" data-original-width=\"902\" \/><\/a><\/div>\n<div class=\"separator\" style=\"clear: both;text-align: center\">Fran Frutos<\/div>\n<p>&nbsp;<\/p>\n<div class=\"separator\" style=\"clear: both;text-align: center\"><a style=\"margin-left: 1em;margin-right: 1em\" href=\"https:\/\/i0.wp.com\/1.bp.blogspot.com\/-1a1d8xd9nt4\/YS0IkJobZII\/AAAAAAAAdgk\/jIxjoFgDTVkXM1yhhlwAaB476Fq9OQw1gCLcBGAsYHQ\/s1600\/20-08c-Mossenaire_24a30_agost_2021_IsabelVergara.jpg?ssl=1\"><img data-recalc-dims=\"1\" loading=\"lazy\" decoding=\"async\" src=\"https:\/\/i0.wp.com\/1.bp.blogspot.com\/-1a1d8xd9nt4\/YS0IkJobZII\/AAAAAAAAdgk\/jIxjoFgDTVkXM1yhhlwAaB476Fq9OQw1gCLcBGAsYHQ\/s320\/20-08c-Mossenaire_24a30_agost_2021_IsabelVergara.jpg?resize=240%2C320&#038;ssl=1\" width=\"240\" height=\"320\" border=\"0\" data-original-height=\"1600\" data-original-width=\"1200\" \/><\/a><\/div>\n<div class=\"separator\" style=\"clear: both;text-align: center\">Bastiments Gemma Guillem Bet Isa<\/div>\n<p>&nbsp;<\/p>\n<div class=\"separator\" style=\"clear: both;text-align: center\"><a style=\"margin-left: 1em;margin-right: 1em\" href=\"https:\/\/i0.wp.com\/1.bp.blogspot.com\/-m00wTp0_UJw\/YS0IjwRUAeI\/AAAAAAAAdgg\/dvgrwzw-_sMx1Q17vFiAp1e8No5jKoAfwCLcBGAsYHQ\/s1600\/19-08b-Mossenaire_24a30_agost_2021_IsabelVergara.jpg?ssl=1\"><img data-recalc-dims=\"1\" loading=\"lazy\" decoding=\"async\" src=\"https:\/\/i0.wp.com\/1.bp.blogspot.com\/-m00wTp0_UJw\/YS0IjwRUAeI\/AAAAAAAAdgg\/dvgrwzw-_sMx1Q17vFiAp1e8No5jKoAfwCLcBGAsYHQ\/s320\/19-08b-Mossenaire_24a30_agost_2021_IsabelVergara.jpg?resize=320%2C240&#038;ssl=1\" width=\"320\" height=\"240\" border=\"0\" data-original-height=\"1200\" data-original-width=\"1600\" \/><\/a><\/div>\n<div class=\"separator\" style=\"clear: both;text-align: center\">Fran i Rom\u00e1n i Isa<\/div>\n<p>&nbsp;<\/p>\n<div class=\"separator\" style=\"clear: both;text-align: center\"><a style=\"margin-left: 1em;margin-right: 1em\" href=\"https:\/\/i0.wp.com\/1.bp.blogspot.com\/-xtaptOa4sjc\/YS0Ijs62qVI\/AAAAAAAAdgc\/atUziT6NtF8kfYbKaWbpY7zB_fGjHBfAwCLcBGAsYHQ\/s1595\/18-08b-Mossenaire_24a30_agost_2021_CarmeloDavid.jpg?ssl=1\"><img data-recalc-dims=\"1\" loading=\"lazy\" decoding=\"async\" src=\"https:\/\/i0.wp.com\/1.bp.blogspot.com\/-xtaptOa4sjc\/YS0Ijs62qVI\/AAAAAAAAdgc\/atUziT6NtF8kfYbKaWbpY7zB_fGjHBfAwCLcBGAsYHQ\/s320\/18-08b-Mossenaire_24a30_agost_2021_CarmeloDavid.jpg?resize=320%2C180&#038;ssl=1\" width=\"320\" height=\"180\" border=\"0\" data-original-height=\"897\" data-original-width=\"1595\" \/><\/a><\/div>\n<div class=\"separator\" style=\"clear: both;text-align: center\">Carmelo i David, compte enrera fins el retorn<\/div>\n<p>&nbsp;<\/p>\n<div class=\"separator\" style=\"clear: both;text-align: center\"><a style=\"margin-left: 1em;margin-right: 1em\" href=\"https:\/\/i0.wp.com\/1.bp.blogspot.com\/-dr1p6RoAi5s\/YS0Ijv2VlfI\/AAAAAAAAdgY\/BfIF25v9kCgUZI7WkamUxljeaEk3lXrUQCLcBGAsYHQ\/s1600\/17-08a-Mossenaire_24a30_agost_2021_IsabelVergara.jpg?ssl=1\"><img data-recalc-dims=\"1\" loading=\"lazy\" decoding=\"async\" src=\"https:\/\/i0.wp.com\/1.bp.blogspot.com\/-dr1p6RoAi5s\/YS0Ijv2VlfI\/AAAAAAAAdgY\/BfIF25v9kCgUZI7WkamUxljeaEk3lXrUQCLcBGAsYHQ\/s320\/17-08a-Mossenaire_24a30_agost_2021_IsabelVergara.jpg?resize=320%2C180&#038;ssl=1\" width=\"320\" height=\"180\" border=\"0\" data-original-height=\"900\" data-original-width=\"1600\" \/><\/a><\/div>\n<div class=\"separator\" style=\"clear: both;text-align: center\">Bet i Isa<\/div>\n<p>&nbsp;<\/p>\n<div class=\"separator\" style=\"clear: both;text-align: center\"><a style=\"margin-left: 1em;margin-right: 1em\" href=\"https:\/\/i0.wp.com\/1.bp.blogspot.com\/-mEp3-x1FZU8\/YS0Ije9NPXI\/AAAAAAAAdgU\/uNAtchiqGCEG4EqfC0NkETyi9dUEKey-wCLcBGAsYHQ\/s1600\/16-07e-Mossenaire_24a30_agost_2021_JoseCrespillo.jpg?ssl=1\"><img data-recalc-dims=\"1\" loading=\"lazy\" decoding=\"async\" src=\"https:\/\/i0.wp.com\/1.bp.blogspot.com\/-mEp3-x1FZU8\/YS0Ije9NPXI\/AAAAAAAAdgU\/uNAtchiqGCEG4EqfC0NkETyi9dUEKey-wCLcBGAsYHQ\/s320\/16-07e-Mossenaire_24a30_agost_2021_JoseCrespillo.jpg?resize=320%2C144&#038;ssl=1\" width=\"320\" height=\"144\" border=\"0\" data-original-height=\"721\" data-original-width=\"1600\" \/><\/a><\/div>\n<div class=\"separator\" style=\"clear: both;text-align: center\">Transi i Jos\u00e9<\/div>\n<p>&nbsp;<\/p>\n<div class=\"separator\" style=\"clear: both;text-align: center\"><a style=\"margin-left: 1em;margin-right: 1em\" href=\"https:\/\/i0.wp.com\/1.bp.blogspot.com\/-Hb_8ylod9Fg\/YS0IjK8RSqI\/AAAAAAAAdgQ\/fdjaI7VMELkJJwwo9feRP8eZwQ7i2Cs5ACLcBGAsYHQ\/s1253\/15-07d-Mossenaire_24a30_agost_2021_JoseCrespillo.jpg?ssl=1\"><img data-recalc-dims=\"1\" loading=\"lazy\" decoding=\"async\" src=\"https:\/\/i0.wp.com\/1.bp.blogspot.com\/-Hb_8ylod9Fg\/YS0IjK8RSqI\/AAAAAAAAdgQ\/fdjaI7VMELkJJwwo9feRP8eZwQ7i2Cs5ACLcBGAsYHQ\/s320\/15-07d-Mossenaire_24a30_agost_2021_JoseCrespillo.jpg?resize=232%2C320&#038;ssl=1\" width=\"232\" height=\"320\" border=\"0\" data-original-height=\"1253\" data-original-width=\"907\" \/><\/a><\/div>\n<div class=\"separator\" style=\"clear: both;text-align: center\">Transi Burgos, davant<\/div>\n<div class=\"separator\" style=\"clear: both;text-align: center\">CAN PEP, Cornudella de Montsant &#8211; Siurana<\/div>\n<div class=\"separator\" style=\"clear: both;text-align: center\"><a style=\"margin-left: 1em;margin-right: 1em\" href=\"https:\/\/i0.wp.com\/1.bp.blogspot.com\/-A_5j1zgey98\/YS0IizaxwDI\/AAAAAAAAdgM\/EJC5i8InCpgVhjcMEvP-npugb2dDq-98ACLcBGAsYHQ\/s1320\/14-07c-Mossenaire_24a30_agost_2021_JoseCrespillo.jpg?ssl=1\"><img data-recalc-dims=\"1\" loading=\"lazy\" decoding=\"async\" src=\"https:\/\/i0.wp.com\/1.bp.blogspot.com\/-A_5j1zgey98\/YS0IizaxwDI\/AAAAAAAAdgM\/EJC5i8InCpgVhjcMEvP-npugb2dDq-98ACLcBGAsYHQ\/s320\/14-07c-Mossenaire_24a30_agost_2021_JoseCrespillo.jpg?resize=223%2C320&#038;ssl=1\" width=\"223\" height=\"320\" border=\"0\" data-original-height=\"1320\" data-original-width=\"920\" \/><\/a><\/div>\n<div class=\"separator\" style=\"clear: both;text-align: center\">Jos\u00e9 Crespillo, davant<\/div>\n<div class=\"separator\" style=\"clear: both;text-align: center\">\n<div class=\"separator\" style=\"clear: both\">CAN PEP, Cornudella de Montsant &#8211; Siurana<\/div>\n<\/div>\n<p>&nbsp;<\/p>\n<div class=\"separator\" style=\"clear: both;text-align: center\"><a style=\"margin-left: 1em;margin-right: 1em\" href=\"https:\/\/i0.wp.com\/1.bp.blogspot.com\/-WPQsWVPSYLg\/YS0IimRN4MI\/AAAAAAAAdgI\/5HeER5UY_8omo5ZoZmbR1m32niF8wsTLACLcBGAsYHQ\/s1600\/13-07b-Mossenaire_24a30_agost_2021_TransiBurgos.jpg?ssl=1\"><img data-recalc-dims=\"1\" loading=\"lazy\" decoding=\"async\" src=\"https:\/\/i0.wp.com\/1.bp.blogspot.com\/-WPQsWVPSYLg\/YS0IimRN4MI\/AAAAAAAAdgI\/5HeER5UY_8omo5ZoZmbR1m32niF8wsTLACLcBGAsYHQ\/s320\/13-07b-Mossenaire_24a30_agost_2021_TransiBurgos.jpg?resize=320%2C144&#038;ssl=1\" width=\"320\" height=\"144\" border=\"0\" data-original-height=\"721\" data-original-width=\"1600\" \/><\/a><\/div>\n<div class=\"separator\" style=\"clear: both;text-align: center\">Transi Burgos, a Siurana<\/div>\n<p>&nbsp;<\/p>\n<div class=\"separator\" style=\"clear: both;text-align: center\"><a style=\"margin-left: 1em;margin-right: 1em\" href=\"https:\/\/i0.wp.com\/1.bp.blogspot.com\/--F-WwaoDPIo\/YS0IipXhlJI\/AAAAAAAAdgE\/IPRvGlp5GqEwYYr51i6epSoFGjlLbtBUwCLcBGAsYHQ\/s1600\/12-07a-Mossenaire_24a30_agost_2021_JoseCrespillo.jpg?ssl=1\"><img data-recalc-dims=\"1\" loading=\"lazy\" decoding=\"async\" src=\"https:\/\/i0.wp.com\/1.bp.blogspot.com\/--F-WwaoDPIo\/YS0IipXhlJI\/AAAAAAAAdgE\/IPRvGlp5GqEwYYr51i6epSoFGjlLbtBUwCLcBGAsYHQ\/s320\/12-07a-Mossenaire_24a30_agost_2021_JoseCrespillo.jpg?resize=144%2C320&#038;ssl=1\" width=\"144\" height=\"320\" border=\"0\" data-original-height=\"1600\" data-original-width=\"721\" \/><\/a><\/div>\n<div class=\"separator\" style=\"clear: both;text-align: center\">Jos\u00e9 Crespillo, a Siurana<\/div>\n<p>&nbsp;<\/p>\n<div class=\"separator\" style=\"clear: both;text-align: center\"><a style=\"margin-left: 1em;margin-right: 1em\" href=\"https:\/\/i0.wp.com\/1.bp.blogspot.com\/-DfXlJOZRCsU\/YS0Iia9mGII\/AAAAAAAAdgA\/oa2-DmTYqAAynEmLhotbHKDUawl09gPwQCLcBGAsYHQ\/s1024\/11-06e-Mossenaire_24a30_agost_2021_MiguelMoreno.jpg?ssl=1\"><img data-recalc-dims=\"1\" loading=\"lazy\" decoding=\"async\" src=\"https:\/\/i0.wp.com\/1.bp.blogspot.com\/-DfXlJOZRCsU\/YS0Iia9mGII\/AAAAAAAAdgA\/oa2-DmTYqAAynEmLhotbHKDUawl09gPwQCLcBGAsYHQ\/s320\/11-06e-Mossenaire_24a30_agost_2021_MiguelMoreno.jpg?resize=320%2C320&#038;ssl=1\" width=\"320\" height=\"320\" border=\"0\" data-original-height=\"1024\" data-original-width=\"1024\" \/><\/a><\/div>\n<div class=\"separator\" style=\"clear: both;text-align: center\">Miguel Moreno Moreno<\/div>\n<div class=\"separator\" style=\"clear: both;text-align: center\"><\/div>\n<p>&nbsp;<\/p>\n<div class=\"separator\" style=\"clear: both;text-align: center\"><a style=\"margin-left: 1em;margin-right: 1em\" href=\"https:\/\/i0.wp.com\/1.bp.blogspot.com\/-6cSEyKxv-FA\/YS0IiBshRTI\/AAAAAAAAdf8\/2W4942z8TCkCTzFHMmxo8zvQRYM1s1s7QCLcBGAsYHQ\/s1024\/10-06d-Mossenaire_24a30_agost_2021_MiguelMoreno.jpg?ssl=1\"><img data-recalc-dims=\"1\" loading=\"lazy\" decoding=\"async\" src=\"https:\/\/i0.wp.com\/1.bp.blogspot.com\/-6cSEyKxv-FA\/YS0IiBshRTI\/AAAAAAAAdf8\/2W4942z8TCkCTzFHMmxo8zvQRYM1s1s7QCLcBGAsYHQ\/s320\/10-06d-Mossenaire_24a30_agost_2021_MiguelMoreno.jpg?resize=320%2C320&#038;ssl=1\" width=\"320\" height=\"320\" border=\"0\" data-original-height=\"1024\" data-original-width=\"1024\" \/><\/a><\/div>\n<div class=\"separator\" style=\"clear: both;text-align: center\">Miguel i \u00c0ngel<\/div>\n<p>&nbsp;<\/p>\n<div class=\"separator\" style=\"clear: both;text-align: center\"><a style=\"margin-left: 1em;margin-right: 1em\" href=\"https:\/\/i0.wp.com\/1.bp.blogspot.com\/-OuTpX3GWDHw\/YS0IiOCtRLI\/AAAAAAAAdf4\/CwAlPr6q0kQQhoqk2AAT2x7o5B06kcNcgCLcBGAsYHQ\/s1024\/09-06c-Mossenaire_24a30_agost_2021_MiguelMoreno.jpg?ssl=1\"><img data-recalc-dims=\"1\" loading=\"lazy\" decoding=\"async\" src=\"https:\/\/i0.wp.com\/1.bp.blogspot.com\/-OuTpX3GWDHw\/YS0IiOCtRLI\/AAAAAAAAdf4\/CwAlPr6q0kQQhoqk2AAT2x7o5B06kcNcgCLcBGAsYHQ\/s320\/09-06c-Mossenaire_24a30_agost_2021_MiguelMoreno.jpg?resize=320%2C320&#038;ssl=1\" width=\"320\" height=\"320\" border=\"0\" data-original-height=\"1024\" data-original-width=\"1024\" \/><\/a><\/div>\n<div class=\"separator\" style=\"clear: both;text-align: center\">Miguel i Dani<\/div>\n<p>&nbsp;<\/p>\n<div class=\"separator\" style=\"clear: both;text-align: center\"><a style=\"margin-left: 1em;margin-right: 1em\" href=\"https:\/\/i0.wp.com\/1.bp.blogspot.com\/-9zKSbUr6yoU\/YS0IhmBnz5I\/AAAAAAAAdf0\/v0XWi9_NmU4_3es1LJug2UogtEs33pptwCLcBGAsYHQ\/s1280\/08-06b-Mossenaire_24a30_agost_2021_MiguelMoreno.jpg?ssl=1\"><img data-recalc-dims=\"1\" loading=\"lazy\" decoding=\"async\" src=\"https:\/\/i0.wp.com\/1.bp.blogspot.com\/-9zKSbUr6yoU\/YS0IhmBnz5I\/AAAAAAAAdf0\/v0XWi9_NmU4_3es1LJug2UogtEs33pptwCLcBGAsYHQ\/s320\/08-06b-Mossenaire_24a30_agost_2021_MiguelMoreno.jpg?resize=320%2C240&#038;ssl=1\" width=\"320\" height=\"240\" border=\"0\" data-original-height=\"960\" data-original-width=\"1280\" \/><\/a><\/div>\n<div class=\"separator\" style=\"clear: both;text-align: center\">Miguel Moreno Moreno<\/div>\n<p>&nbsp;<\/p>\n<div class=\"separator\" style=\"clear: both;text-align: center\"><a style=\"margin-left: 1em;margin-right: 1em\" href=\"https:\/\/i0.wp.com\/1.bp.blogspot.com\/-KkJzPMjvY1Y\/YS0IhSGiI5I\/AAAAAAAAdfw\/d8WmKlA1SncZuacsNf_jtr3ytfMjSHSdgCLcBGAsYHQ\/s1024\/07-06a-Mossenaire_24a30_agost_2021_MiguelMoreno.jpg?ssl=1\"><img data-recalc-dims=\"1\" loading=\"lazy\" decoding=\"async\" src=\"https:\/\/i0.wp.com\/1.bp.blogspot.com\/-KkJzPMjvY1Y\/YS0IhSGiI5I\/AAAAAAAAdfw\/d8WmKlA1SncZuacsNf_jtr3ytfMjSHSdgCLcBGAsYHQ\/s320\/07-06a-Mossenaire_24a30_agost_2021_MiguelMoreno.jpg?resize=320%2C320&#038;ssl=1\" width=\"320\" height=\"320\" border=\"0\" data-original-height=\"1024\" data-original-width=\"1024\" \/><\/a><\/div>\n<div class=\"separator\" style=\"clear: both;text-align: center\">Miguel i Emilio<\/div>\n<div class=\"separator\" style=\"clear: both;text-align: center\"><a style=\"margin-left: 1em;margin-right: 1em\" href=\"https:\/\/i0.wp.com\/1.bp.blogspot.com\/-CXUnijSAxQU\/YS0O34ai3mI\/AAAAAAAAdjc\/LeN0o5WHdBYyz0DHQCO7j0PMuPJ_zuTAgCLcBGAsYHQ\/s1024\/1-06f-Mossenaire_24a30_agost_2021_MiguelMoreno.jpg?ssl=1\"><img data-recalc-dims=\"1\" loading=\"lazy\" decoding=\"async\" src=\"https:\/\/i0.wp.com\/1.bp.blogspot.com\/-CXUnijSAxQU\/YS0O34ai3mI\/AAAAAAAAdjc\/LeN0o5WHdBYyz0DHQCO7j0PMuPJ_zuTAgCLcBGAsYHQ\/s320\/1-06f-Mossenaire_24a30_agost_2021_MiguelMoreno.jpg?resize=320%2C320&#038;ssl=1\" width=\"320\" height=\"320\" border=\"0\" data-original-height=\"1024\" data-original-width=\"1024\" \/><\/a><\/div>\n<div class=\"separator\" style=\"clear: both;text-align: center\">Migiuel i Olga<\/div>\n<p>&nbsp;<\/p>\n<div class=\"separator\" style=\"clear: both;text-align: center\"><\/div>\n<p>&nbsp;<\/p>\n<div class=\"separator\" style=\"clear: both;text-align: center\"><a style=\"margin-left: 1em;margin-right: 1em\" href=\"https:\/\/i0.wp.com\/1.bp.blogspot.com\/-zptHDaJLB-Y\/YS0IhNI_FjI\/AAAAAAAAdfs\/aM-BBrH9K3EFgKK5YLHAXWBnrycnDVNPQCLcBGAsYHQ\/s1600\/06-05b-Mossenaire_24a30_agost_2021_LoliRoldan.jpg?ssl=1\"><img data-recalc-dims=\"1\" loading=\"lazy\" decoding=\"async\" src=\"https:\/\/i0.wp.com\/1.bp.blogspot.com\/-zptHDaJLB-Y\/YS0IhNI_FjI\/AAAAAAAAdfs\/aM-BBrH9K3EFgKK5YLHAXWBnrycnDVNPQCLcBGAsYHQ\/s320\/06-05b-Mossenaire_24a30_agost_2021_LoliRoldan.jpg?resize=240%2C320&#038;ssl=1\" width=\"240\" height=\"320\" border=\"0\" data-original-height=\"1600\" data-original-width=\"1201\" \/><\/a><\/div>\n<div class=\"separator\" style=\"clear: both;text-align: center\">Loli Rold\u00e1n, a Puigmal<\/div>\n<p>&nbsp;<\/p>\n<div class=\"separator\" style=\"clear: both;text-align: center\"><a style=\"margin-left: 1em;margin-right: 1em\" href=\"https:\/\/i0.wp.com\/1.bp.blogspot.com\/-465h2WvBQjI\/YS0Ig9d_hhI\/AAAAAAAAdfo\/DZFeNtpXZDYoQxgU1ylBJDuSjOczDwnpQCLcBGAsYHQ\/s1600\/05-05a-Mossenaire_24a30_agost_2021_LoliRoldan.jpg?ssl=1\"><img data-recalc-dims=\"1\" loading=\"lazy\" decoding=\"async\" src=\"https:\/\/i0.wp.com\/1.bp.blogspot.com\/-465h2WvBQjI\/YS0Ig9d_hhI\/AAAAAAAAdfo\/DZFeNtpXZDYoQxgU1ylBJDuSjOczDwnpQCLcBGAsYHQ\/s320\/05-05a-Mossenaire_24a30_agost_2021_LoliRoldan.jpg?resize=240%2C320&#038;ssl=1\" width=\"240\" height=\"320\" border=\"0\" data-original-height=\"1600\" data-original-width=\"1200\" \/><\/a><\/div>\n<div class=\"separator\" style=\"clear: both;text-align: center\">Cati, Paula, Loli, Mati<\/div>\n<div class=\"separator\" style=\"clear: both;text-align: center\">a Puigmal<\/div>\n<p>&nbsp;<\/p>\n<div class=\"separator\" style=\"clear: both;text-align: center\"><a style=\"margin-left: 1em;margin-right: 1em\" href=\"https:\/\/i0.wp.com\/1.bp.blogspot.com\/-4f7zCU56AHk\/YS0IguzZNkI\/AAAAAAAAdfk\/50UBPgxS5Vo-N8mqn189GZN3TEgsbiF0QCLcBGAsYHQ\/s1600\/04-04-Mossenaire_24a30_agost_2021_EvaGerard.jpg?ssl=1\"><img data-recalc-dims=\"1\" loading=\"lazy\" decoding=\"async\" src=\"https:\/\/i0.wp.com\/1.bp.blogspot.com\/-4f7zCU56AHk\/YS0IguzZNkI\/AAAAAAAAdfk\/50UBPgxS5Vo-N8mqn189GZN3TEgsbiF0QCLcBGAsYHQ\/s320\/04-04-Mossenaire_24a30_agost_2021_EvaGerard.jpg?resize=320%2C180&#038;ssl=1\" width=\"320\" height=\"180\" border=\"0\" data-original-height=\"899\" data-original-width=\"1600\" \/><\/a><\/div>\n<div class=\"separator\" style=\"clear: both;text-align: center\">Eva i Gerad<\/div>\n<p>&nbsp;<\/p>\n<div class=\"separator\" style=\"clear: both;text-align: center\"><a style=\"margin-left: 1em;margin-right: 1em\" href=\"https:\/\/i0.wp.com\/1.bp.blogspot.com\/-4ISyuWIPevg\/YS0IgBVryKI\/AAAAAAAAdfY\/tAPYnY8RjvUdHN4h1oCcfaIN4vLlVT1DgCLcBGAsYHQ\/s1600\/03-03-Mossenaire_24a30_agost_2021_MartaCirera.jpg?ssl=1\"><img data-recalc-dims=\"1\" loading=\"lazy\" decoding=\"async\" src=\"https:\/\/i0.wp.com\/1.bp.blogspot.com\/-4ISyuWIPevg\/YS0IgBVryKI\/AAAAAAAAdfY\/tAPYnY8RjvUdHN4h1oCcfaIN4vLlVT1DgCLcBGAsYHQ\/s320\/03-03-Mossenaire_24a30_agost_2021_MartaCirera.jpg?resize=320%2C240&#038;ssl=1\" width=\"320\" height=\"240\" border=\"0\" data-original-height=\"1200\" data-original-width=\"1600\" \/><\/a><\/div>\n<div class=\"separator\" style=\"clear: both;text-align: center\">Marta Cirera<\/div>\n<p>&nbsp;<\/p>\n<div class=\"separator\" style=\"clear: both;text-align: center\"><a style=\"margin-left: 1em;margin-right: 1em\" href=\"https:\/\/i0.wp.com\/1.bp.blogspot.com\/-M4dmnEPynjU\/YS0IgMoqBDI\/AAAAAAAAdfc\/wjLRmF-gDVcqHONK2pnH56x9asOpeIHSQCLcBGAsYHQ\/s1600\/02-02-Mossenaire_24a30_agost_2021_AnnaCos_MarionaLinares.jpg?ssl=1\"><img data-recalc-dims=\"1\" loading=\"lazy\" decoding=\"async\" src=\"https:\/\/i0.wp.com\/1.bp.blogspot.com\/-M4dmnEPynjU\/YS0IgMoqBDI\/AAAAAAAAdfc\/wjLRmF-gDVcqHONK2pnH56x9asOpeIHSQCLcBGAsYHQ\/s320\/02-02-Mossenaire_24a30_agost_2021_AnnaCos_MarionaLinares.jpg?resize=320%2C240&#038;ssl=1\" width=\"320\" height=\"240\" border=\"0\" data-original-height=\"1200\" data-original-width=\"1600\" \/><\/a><\/div>\n<div class=\"separator\" style=\"clear: both;text-align: center\">Mariona Linares i Anna Cos<\/div>\n<p>&nbsp;<\/p>\n<div class=\"separator\" style=\"clear: both;text-align: center\"><a style=\"margin-left: 1em;margin-right: 1em\" href=\"https:\/\/i0.wp.com\/1.bp.blogspot.com\/-apmUWllRMNM\/YS0IgHpJ7jI\/AAAAAAAAdfg\/Mr4DU7oNFI0MBr0wXu_f5bxYWnR9X0j8ACLcBGAsYHQ\/s1600\/01-01-Mossenaire_24a30_agost_2021_TxellCastanye.jpg?ssl=1\"><img data-recalc-dims=\"1\" loading=\"lazy\" decoding=\"async\" src=\"https:\/\/i0.wp.com\/1.bp.blogspot.com\/-apmUWllRMNM\/YS0IgHpJ7jI\/AAAAAAAAdfg\/Mr4DU7oNFI0MBr0wXu_f5bxYWnR9X0j8ACLcBGAsYHQ\/s320\/01-01-Mossenaire_24a30_agost_2021_TxellCastanye.jpg?resize=320%2C240&#038;ssl=1\" width=\"320\" height=\"240\" border=\"0\" data-original-height=\"1200\" data-original-width=\"1600\" \/><\/a><\/div>\n<div class=\"separator\" style=\"clear: both;text-align: center\">Txell Casta\u00f1\u00e9, La talaia del Montmell<\/div>\n<div class=\"separator\" style=\"clear: both;text-align: center\"><\/div>\n<div class=\"separator\" style=\"clear: both;text-align: center\"><\/div>\n<div class=\"separator\" style=\"clear: both;text-align: center\"><span class=\"embed-youtube\" style=\"text-align:center; display: block;\"><iframe loading=\"lazy\" class=\"youtube-player\" width=\"600\" height=\"338\" src=\"https:\/\/www.youtube.com\/embed\/cqGqHvqR0AY?version=3&#038;rel=1&#038;showsearch=0&#038;showinfo=1&#038;iv_load_policy=1&#038;fs=1&#038;hl=ca&#038;autohide=2&#038;wmode=transparent\" allowfullscreen=\"true\" style=\"border:0;\" sandbox=\"allow-scripts allow-same-origin allow-popups allow-presentation allow-popups-to-escape-sandbox\"><\/iframe><\/span><\/div>\n<p>&nbsp;<\/p>\n<div class=\"separator\" style=\"clear: both;text-align: center\"><\/div>\n<div class=\"separator\" style=\"clear: both;text-align: center\"><\/div>\n<p>&nbsp;<\/p>\n","protected":false},"excerpt":{"rendered":"<p>Estem perfilant un estil d&#8217;entrenar en grup, on ens haurem d&#8217;inscriure, i prendre precaucions perqu\u00e8 no hem d&#8217;oblidar que encara estem en pand\u00e8mia, i que\u00a0 com l&#8217;hostaleria, l&#8217;esport, les trobades socials, les escoles, els llocs de treball i una llista interminable de gent que viu molt directament les conseq\u00fc\u00e8ncies. Encara que ens morim de ganes [&hellip;]<\/p>\n","protected":false},"author":171,"featured_media":0,"comment_status":"closed","ping_status":"closed","sticky":false,"template":"","format":"standard","meta":{"jetpack_post_was_ever_published":false,"_jetpack_newsletter_access":"","_jetpack_dont_email_post_to_subs":false,"_jetpack_newsletter_tier_id":0,"_jetpack_memberships_contains_paywalled_content":false,"_jetpack_memberships_contains_paid_content":false,"footnotes":"","jetpack_publicize_message":"","jetpack_publicize_feature_enabled":true,"jetpack_social_post_already_shared":true,"jetpack_social_options":{"image_generator_settings":{"template":"highway","default_image_id":0,"font":"","enabled":false},"version":2}},"categories":[2697,1644,25130,5580,4554,25102,25094,25089,73],"tags":[],"class_list":["post-5422","post","type-post","status-publish","format-standard","hentry","category-amistat","category-correr","category-correrxerrar","category-entrenaments","category-mossenaires","category-mossenhoms-be","category-pep-moliner","category-senderisme","category-terrassa"],"jetpack_publicize_connections":[],"jetpack_featured_media_url":"","jetpack_sharing_enabled":true,"jetpack_shortlink":"https:\/\/wp.me\/pagkiK-1ps","jetpack-related-posts":[{"id":5955,"url":"https:\/\/blogs.avui.cat\/pepmoliner\/2024\/02\/29\/no-toblidarem-mai-el-can-mossenaire\/","url_meta":{"origin":5422,"position":0},"title":"No t&#8217;oblidarem mai. El &#8220;Can&#8221; Mossenaire","author":"Pep Moliner","date":"29 de febrer de 2024","format":false,"excerpt":"Avui tocaria parlar de l'entrenament, de la trobada, dels trenta-un anys seguits de projecte\u00a0Mossenaire, de qu\u00e8 tot s\u00f3n rialles i que com sempre les bones vibracions de l'entrenament i la trobada dels dos grups\u00a0Mossenaires, Caminants i corredors i que el projecte encara dura.En canvi, estem molt tristos perqu\u00e8 un company\u2026","rel":"","context":"A &quot;General&quot;","block_context":{"text":"General","link":"https:\/\/blogs.avui.cat\/pepmoliner\/category\/general\/"},"img":{"alt_text":"","src":"https:\/\/i0.wp.com\/img.youtube.com\/vi\/hfUImV3VHmA\/0.jpg?resize=350%2C200","width":350,"height":200},"classes":[]},{"id":909,"url":"https:\/\/blogs.avui.cat\/pepmoliner\/2011\/09\/14\/la-familia-mossenaire-creix\/","url_meta":{"origin":5422,"position":1},"title":"La fam\u00edlia mossenaire creix","author":"Pep Moliner","date":"14 de setembre de 2011","format":false,"excerpt":"Encara que des de fora semblem els de sempre, si repassem la fotografia i l'entrenament us adonareu que hi han amigues i amics diferents cada setmana i que tenim la sort de veure'ns acompanyats per persones, totes molt importants del projecte, que volen compartir aquest entrenament peculiar. Estem molt contents,\u2026","rel":"","context":"A &quot;General&quot;","block_context":{"text":"General","link":"https:\/\/blogs.avui.cat\/pepmoliner\/category\/general\/"},"img":{"alt_text":"","src":"https:\/\/i0.wp.com\/blogs.avui.cat\/pepmoliner\/wp-content\/imagescaler\/020bdf304f357504e4e8044d5bf8da15.jpg?resize=350%2C200","width":350,"height":200},"classes":[]},{"id":1839,"url":"https:\/\/blogs.avui.cat\/pepmoliner\/2012\/08\/22\/a-cavall-entre-terrassa-i-sabadell\/","url_meta":{"origin":5422,"position":2},"title":"A cavall entre Terrassa i Sabadell","author":"Pep Moliner","date":"22 d'agost de 2012","format":false,"excerpt":"Estem a Terrassa i n'hi ha que es desplacen dalt de cavall. Aquest bell exemplar amb un bon home amb cara de pocs amics, imagino que per veure's retratat, forma part dels nostres habituals camins. Tornem a fer el possible per qu\u00e8 els amics d' \"Entrenaments en grup\" no patissin\u2026","rel":"","context":"A &quot;General&quot;","block_context":{"text":"General","link":"https:\/\/blogs.avui.cat\/pepmoliner\/category\/general\/"},"img":{"alt_text":"SOC DISSENYADOR I TREBALLO COM AUT\u00d2NOM, ESPERO LA TEVA COMANDA ;)","src":"https:\/\/i0.wp.com\/blogs.avui.cat\/pepmoliner\/files\/2012\/02\/josepmolinerDisseny381x111.gif?resize=350%2C200","width":350,"height":200},"classes":[]},{"id":241,"url":"https:\/\/blogs.avui.cat\/pepmoliner\/2010\/05\/28\/creix-la-familia-mossenaire\/","url_meta":{"origin":5422,"position":3},"title":"Creix la fam\u00edlia Mossenaire","author":"Pep Moliner","date":"28 de maig de 2010","format":false,"excerpt":"Estem de sort de ser com una fam\u00edlia i encara m\u00e9s quan veiem que en Miquel, que fa tants poc dies va tenir la vida a penjar d'un fil i sembla que aviat tornar\u00e0 a estar com abans, encara que sense presses i en Pau, que l'evoluci\u00f3 \u00e9s r\u00e0pida i\u2026","rel":"","context":"A &quot;Entrenaments&quot;","block_context":{"text":"Entrenaments","link":"https:\/\/blogs.avui.cat\/pepmoliner\/category\/entrenaments\/"},"img":{"alt_text":"Missatge","src":"https:\/\/i0.wp.com\/mossenhoms.netfreehost.com\/templates\/subSilver\/images\/icon_minipost.gif?resize=350%2C200","width":350,"height":200},"classes":[]},{"id":3849,"url":"https:\/\/blogs.avui.cat\/pepmoliner\/2015\/08\/06\/la-vertical-del-turo-de-les-roques-blanques\/","url_meta":{"origin":5422,"position":4},"title":"La vertical del Tur\u00f3 de les Roques Blanques","author":"Pep Moliner","date":"6 d'agost de 2015","format":false,"excerpt":"Nit de pluges i camins enfangats, i: A on s\u00f2l anar el grup Mossenaire quan tot est\u00e0 enfangat? cap al Tur\u00f3. Per\u00f2 avui no ha estat un dia qu\u00e0lsevol. El Tur\u00f3 comptava amb una sorpresa. Hi pujarem de cop i fent la vertical. S\u00ed. La vertical de Can Candi, que\u2026","rel":"","context":"A &quot;General&quot;","block_context":{"text":"General","link":"https:\/\/blogs.avui.cat\/pepmoliner\/category\/general\/"},"img":{"alt_text":"","src":"","width":0,"height":0},"classes":[]},{"id":522,"url":"https:\/\/blogs.avui.cat\/pepmoliner\/2011\/01\/13\/el-primer-entrenament-de-lany-a-torre-mossen-homs\/","url_meta":{"origin":5422,"position":5},"title":"El primer entrenament de l&#8217;Any a Torre Moss\u00e8n Homs","author":"Pep Moliner","date":"13 de gener de 2011","format":false,"excerpt":"Una fotografia que cerquem tradicionalment \u00e9s la de l\u2019Ajuntament de Matadepera. Llueix un r\u00e8tol il\u00b7luminat que amb els bons desitjos de unes bones festes, que aquests dies son nombroses: des de la nit de Nadal fins el dia de Reis n\u2019hi ha un munt. Com es pot veure i tenint\u2026","rel":"","context":"A &quot;General&quot;","block_context":{"text":"General","link":"https:\/\/blogs.avui.cat\/pepmoliner\/category\/general\/"},"img":{"alt_text":"","src":"","width":0,"height":0},"classes":[]}],"_links":{"self":[{"href":"https:\/\/blogs.avui.cat\/pepmoliner\/wp-json\/wp\/v2\/posts\/5422","targetHints":{"allow":["GET"]}}],"collection":[{"href":"https:\/\/blogs.avui.cat\/pepmoliner\/wp-json\/wp\/v2\/posts"}],"about":[{"href":"https:\/\/blogs.avui.cat\/pepmoliner\/wp-json\/wp\/v2\/types\/post"}],"author":[{"embeddable":true,"href":"https:\/\/blogs.avui.cat\/pepmoliner\/wp-json\/wp\/v2\/users\/171"}],"replies":[{"embeddable":true,"href":"https:\/\/blogs.avui.cat\/pepmoliner\/wp-json\/wp\/v2\/comments?post=5422"}],"version-history":[{"count":2,"href":"https:\/\/blogs.avui.cat\/pepmoliner\/wp-json\/wp\/v2\/posts\/5422\/revisions"}],"predecessor-version":[{"id":5424,"href":"https:\/\/blogs.avui.cat\/pepmoliner\/wp-json\/wp\/v2\/posts\/5422\/revisions\/5424"}],"wp:attachment":[{"href":"https:\/\/blogs.avui.cat\/pepmoliner\/wp-json\/wp\/v2\/media?parent=5422"}],"wp:term":[{"taxonomy":"category","embeddable":true,"href":"https:\/\/blogs.avui.cat\/pepmoliner\/wp-json\/wp\/v2\/categories?post=5422"},{"taxonomy":"post_tag","embeddable":true,"href":"https:\/\/blogs.avui.cat\/pepmoliner\/wp-json\/wp\/v2\/tags?post=5422"}],"curies":[{"name":"wp","href":"https:\/\/api.w.org\/{rel}","templated":true}]}}