{"id":5412,"date":"2021-08-16T19:37:01","date_gmt":"2021-08-16T18:37:01","guid":{"rendered":"https:\/\/blogs.avui.cat\/pepmoliner\/?p=5412"},"modified":"2021-08-16T19:37:03","modified_gmt":"2021-08-16T18:37:03","slug":"setmanesambmoltaescalfor","status":"publish","type":"post","link":"https:\/\/blogs.avui.cat\/pepmoliner\/2021\/08\/16\/setmanesambmoltaescalfor\/","title":{"rendered":"Setmanes amb molta escalfor"},"content":{"rendered":"<p>Aquesta setmana \u00e9s quan hi ha m\u00e9s festes majors arreu, i tamb\u00e9 quan m\u00e9s gent t\u00e9 uns dies de vacances i ara Mossenaires, se n&#8217;alegra de rebre dels quatre punts cardinals fotografies que refresquen la nostra exist\u00e8ncia. Aquesta setmana han declarat com a no recomanable anar al moltes zones boscoses i ni cal dir que fer cap foc. El risc \u00e9s molt gran, i qualsevol oblit o neglig\u00e8ncia pot posar en perill habitatges, masies, boscos, bestiar i infinitat d&#8217;animalets que habiten els nostres boscos, i ja des d&#8217;aqu\u00ed ens en fem ress\u00f2 que fins a millors not\u00edcies climatol\u00f2giques, millor no anar-hi. Gr\u00e0cies per seguir les recomanacions. De fet si hi aneu, us hi trobareu ADF, forestals, i cossos de seguretat<\/p>\n<p>Ens ha agradat molt les fotografies i segur que encara ens n&#8217;enviareu moltes m\u00e9s, aquesta setmana. Vinga anima&#8217;t, i anima a les teves amigues i amics a formar part d&#8217;aquest conjunt de fotografies Mossenaires.<\/p>\n<div class=\"separator\" style=\"clear: both\"><\/div>\n<div class=\"separator\" style=\"clear: both\"><\/div>\n<div class=\"separator\" style=\"clear: both\">\n<div class=\"separator\" style=\"clear: both;text-align: center\"><span class=\"embed-youtube\" style=\"text-align:center; display: block;\"><iframe loading=\"lazy\" class=\"youtube-player\" width=\"600\" height=\"338\" src=\"https:\/\/www.youtube.com\/embed\/Zlu2Pd77yak?version=3&#038;rel=1&#038;showsearch=0&#038;showinfo=1&#038;iv_load_policy=1&#038;fs=1&#038;hl=ca&#038;autohide=2&#038;wmode=transparent\" allowfullscreen=\"true\" style=\"border:0;\" sandbox=\"allow-scripts allow-same-origin allow-popups allow-presentation allow-popups-to-escape-sandbox\"><\/iframe><\/span><\/div>\n<p><a style=\"padding: 1em 0px;text-align: center\" href=\"https:\/\/1.bp.blogspot.com\/-SeoUeIeNsqQ\/YRqTUlkeWjI\/AAAAAAAAdTs\/tdgbivCHsIkYsSz6WZXwHS4wSpbhMhlegCLcBGAsYHQ\/s800\/01-01-Mossenaire_10a16_agost_2021-TxellCastanye.jpg\"><br \/>\n<\/a><a style=\"padding: 1em 0px;text-align: center\" href=\"https:\/\/i0.wp.com\/1.bp.blogspot.com\/-SeoUeIeNsqQ\/YRqTUlkeWjI\/AAAAAAAAdTs\/tdgbivCHsIkYsSz6WZXwHS4wSpbhMhlegCLcBGAsYHQ\/s800\/01-01-Mossenaire_10a16_agost_2021-TxellCastanye.jpg?ssl=1\"><img data-recalc-dims=\"1\" decoding=\"async\" src=\"https:\/\/i0.wp.com\/1.bp.blogspot.com\/-SeoUeIeNsqQ\/YRqTUlkeWjI\/AAAAAAAAdTs\/tdgbivCHsIkYsSz6WZXwHS4wSpbhMhlegCLcBGAsYHQ\/s800\/01-01-Mossenaire_10a16_agost_2021-TxellCastanye.jpg?ssl=1\" alt=\"\"  data-original-height=\"1024\" data-original-width=\"768\" \/>Txell Casta\u00f1\u00e9, des de Comarruga<\/a><\/p>\n<\/div>\n<div class=\"separator\" style=\"clear: both\"><a style=\"padding: 1em 0px;text-align: center\" href=\"https:\/\/i0.wp.com\/1.bp.blogspot.com\/-1pFsLESw_t4\/YRqTUte4dNI\/AAAAAAAAdTw\/bN-NTfZYCd406XFOcMF-TMGAoK887Wh_wCLcBGAsYHQ\/s800\/02-02-Mossenaire_10a16_agost_2021-JordiGarreta.jpg?ssl=1\"><img data-recalc-dims=\"1\" decoding=\"async\" src=\"https:\/\/i0.wp.com\/1.bp.blogspot.com\/-1pFsLESw_t4\/YRqTUte4dNI\/AAAAAAAAdTw\/bN-NTfZYCd406XFOcMF-TMGAoK887Wh_wCLcBGAsYHQ\/s800\/02-02-Mossenaire_10a16_agost_2021-JordiGarreta.jpg?ssl=1\" alt=\"\"  data-original-height=\"768\" data-original-width=\"1024\" \/>Jordi Garreta,\u00a0Corrent pels entorns del pant\u00e0 de Pena, a\u013a Matarranya\u00a0<\/a><\/div>\n<div class=\"separator\" style=\"clear: both\"><a style=\"padding: 1em 0px;text-align: center\" href=\"https:\/\/i0.wp.com\/1.bp.blogspot.com\/-pfy_zn7p15I\/YRqTUvyMXsI\/AAAAAAAAdTo\/RAWIep2hCdUTAiAbYxwmAg2Lblvue-u1wCLcBGAsYHQ\/s800\/03-03-Mossenaire_10a16_agost_2021-AnnaCos.jpg?ssl=1\"><img data-recalc-dims=\"1\" decoding=\"async\" src=\"https:\/\/i0.wp.com\/1.bp.blogspot.com\/-pfy_zn7p15I\/YRqTUvyMXsI\/AAAAAAAAdTo\/RAWIep2hCdUTAiAbYxwmAg2Lblvue-u1wCLcBGAsYHQ\/s800\/03-03-Mossenaire_10a16_agost_2021-AnnaCos.jpg?ssl=1\" alt=\"\"  data-original-height=\"768\" data-original-width=\"1024\" \/>Anna Cos,\u00a0Platja d&#8217; Aro amb el pare, i m&#8217;escapo a c\u00f3rrer una estoneta.<\/a><\/div>\n<div class=\"separator\" style=\"clear: both\"><a style=\"padding: 1em 0px;text-align: center\" href=\"https:\/\/i0.wp.com\/1.bp.blogspot.com\/-pYNca84CKSA\/YRqTUz1NuWI\/AAAAAAAAdT0\/bvaJoFm4hmEnkGfxTdIezDN3YKkAJReiQCLcBGAsYHQ\/s800\/04-04-Mossenaire_10a16_agost_2021-MartaCirera.jpg?ssl=1\"><img data-recalc-dims=\"1\" decoding=\"async\" src=\"https:\/\/i0.wp.com\/1.bp.blogspot.com\/-pYNca84CKSA\/YRqTUz1NuWI\/AAAAAAAAdT0\/bvaJoFm4hmEnkGfxTdIezDN3YKkAJReiQCLcBGAsYHQ\/s800\/04-04-Mossenaire_10a16_agost_2021-MartaCirera.jpg?ssl=1\" alt=\"\"  data-original-height=\"768\" data-original-width=\"1024\" \/>Marta Cirera,\u00a0 des d&#8217;Arenys de Mar\u00a0\u00a0<\/a><\/div>\n<div class=\"separator\" style=\"clear: both\"><a style=\"padding: 1em 0px;text-align: center\" href=\"https:\/\/i0.wp.com\/1.bp.blogspot.com\/-6wHzYtEhWqY\/YRqTVGjgxlI\/AAAAAAAAdT4\/gUffyiNIbXMd1BJM7yDchPMGb11MrhCyACLcBGAsYHQ\/s800\/05-05-Mossenaire_10a16_agost_2021-EvaGorina.jpg?ssl=1\"><img data-recalc-dims=\"1\" decoding=\"async\" src=\"https:\/\/i0.wp.com\/1.bp.blogspot.com\/-6wHzYtEhWqY\/YRqTVGjgxlI\/AAAAAAAAdT4\/gUffyiNIbXMd1BJM7yDchPMGb11MrhCyACLcBGAsYHQ\/s800\/05-05-Mossenaire_10a16_agost_2021-EvaGorina.jpg?ssl=1\" alt=\"\"  data-original-height=\"1024\" data-original-width=\"576\" \/>Eva Gorina,\u00a0Bon dia desde el turnillu&#x1f923;<\/a><\/div>\n<div class=\"separator\" style=\"clear: both\"><a style=\"padding: 1em 0px;text-align: center\" href=\"https:\/\/i0.wp.com\/1.bp.blogspot.com\/-Ds79Fkc9RAE\/YRqTVqgHNiI\/AAAAAAAAdUA\/qiEUV1DGwSkES_5Fvfa_aYEblqQRujgcQCLcBGAsYHQ\/s800\/06-06a-Mossenaire_10a16_agost_2021-ManuelAles.jpg?ssl=1\"><img data-recalc-dims=\"1\" decoding=\"async\" src=\"https:\/\/i0.wp.com\/1.bp.blogspot.com\/-Ds79Fkc9RAE\/YRqTVqgHNiI\/AAAAAAAAdUA\/qiEUV1DGwSkES_5Fvfa_aYEblqQRujgcQCLcBGAsYHQ\/s800\/06-06a-Mossenaire_10a16_agost_2021-ManuelAles.jpg?ssl=1\" alt=\"\"  data-original-height=\"512\" data-original-width=\"1024\" \/>Manuel Ales,\u00a0Cascada de Sant Esperit<\/a><\/div>\n<div class=\"separator\" style=\"clear: both\"><a style=\"padding: 1em 0px;text-align: center\" href=\"https:\/\/i0.wp.com\/1.bp.blogspot.com\/-LVelzMMwdbA\/YRqTVa8GZKI\/AAAAAAAAdT8\/cjJrUY--9esPJCgRshUEm_7TJZXyKQ9VwCLcBGAsYHQ\/s800\/07-06b-Mossenaire_10a16_agost_2021-ManuelAles.jpg?ssl=1\"><img data-recalc-dims=\"1\" decoding=\"async\" src=\"https:\/\/i0.wp.com\/1.bp.blogspot.com\/-LVelzMMwdbA\/YRqTVa8GZKI\/AAAAAAAAdT8\/cjJrUY--9esPJCgRshUEm_7TJZXyKQ9VwCLcBGAsYHQ\/s800\/07-06b-Mossenaire_10a16_agost_2021-ManuelAles.jpg?ssl=1\" alt=\"\"  data-original-height=\"512\" data-original-width=\"1024\" \/>Manuel Ales,\u00a0 Riu Sant Nicolau-Planell d&#8217;Aig\u00fcastortes<\/a><\/div>\n<div class=\"separator\" style=\"clear: both\"><a style=\"padding: 1em 0px;text-align: center\" href=\"https:\/\/i0.wp.com\/1.bp.blogspot.com\/-o1Sow5QjII0\/YRqTVo6ntkI\/AAAAAAAAdUE\/Os4cFRPu-BsO29nBmRgA55oYmQTqm6ZmwCLcBGAsYHQ\/s800\/08-07a-Mossenaire_10a16_agost_2021-LoliRoldan.jpg?ssl=1\"><img data-recalc-dims=\"1\" decoding=\"async\" src=\"https:\/\/i0.wp.com\/1.bp.blogspot.com\/-o1Sow5QjII0\/YRqTVo6ntkI\/AAAAAAAAdUE\/Os4cFRPu-BsO29nBmRgA55oYmQTqm6ZmwCLcBGAsYHQ\/s800\/08-07a-Mossenaire_10a16_agost_2021-LoliRoldan.jpg?ssl=1\" alt=\"\"  data-original-height=\"576\" data-original-width=\"1024\" \/>Loli Roldan, des de la Mola<\/a><\/div>\n<div class=\"separator\" style=\"clear: both\"><a style=\"padding: 1em 0px;text-align: center\" href=\"https:\/\/i0.wp.com\/1.bp.blogspot.com\/-sMd0Ub-Jg5w\/YRqTV3anBJI\/AAAAAAAAdUI\/c0g-mCdiUwAPM0peNOd5s8zPIOssJswzACLcBGAsYHQ\/s800\/09-07b-Mossenaire_10a16_agost_2021-LoliRoldan.jpg?ssl=1\"><img data-recalc-dims=\"1\" decoding=\"async\" src=\"https:\/\/i0.wp.com\/1.bp.blogspot.com\/-sMd0Ub-Jg5w\/YRqTV3anBJI\/AAAAAAAAdUI\/c0g-mCdiUwAPM0peNOd5s8zPIOssJswzACLcBGAsYHQ\/s800\/09-07b-Mossenaire_10a16_agost_2021-LoliRoldan.jpg?ssl=1\" alt=\"\"  data-original-height=\"1024\" data-original-width=\"1024\" \/>Cati i Loli<\/a><\/div>\n<div class=\"separator\" style=\"clear: both\"><a style=\"padding: 1em 0px;text-align: center\" href=\"https:\/\/i0.wp.com\/1.bp.blogspot.com\/-npmy_tvYG6o\/YRqTWP4-2mI\/AAAAAAAAdUM\/3svGBoFXa7Qq4YGOYy4wB1t-vhOExkpswCLcBGAsYHQ\/s800\/10-07c-Mossenaire_10a16_agost_2021-LoliRoldan.jpg?ssl=1\"><img data-recalc-dims=\"1\" decoding=\"async\" src=\"https:\/\/i0.wp.com\/1.bp.blogspot.com\/-npmy_tvYG6o\/YRqTWP4-2mI\/AAAAAAAAdUM\/3svGBoFXa7Qq4YGOYy4wB1t-vhOExkpswCLcBGAsYHQ\/s800\/10-07c-Mossenaire_10a16_agost_2021-LoliRoldan.jpg?ssl=1\" alt=\"\"  data-original-height=\"1024\" data-original-width=\"1024\" \/>Loli Roldan, des de les torres de Sant Adri\u00e0<\/a><\/div>\n<div class=\"separator\" style=\"clear: both\"><a style=\"padding: 1em 0px;text-align: center\" href=\"https:\/\/i0.wp.com\/1.bp.blogspot.com\/-iVBDjCOuOyw\/YRqTWLzWKkI\/AAAAAAAAdUQ\/63rqqmPV80cFsbIXg-4A0d0Ww-fXCdDSwCLcBGAsYHQ\/s800\/11-07d-Mossenaire_10a16_agost_2021-LoliRoldan.jpg?ssl=1\"><img data-recalc-dims=\"1\" decoding=\"async\" src=\"https:\/\/i0.wp.com\/1.bp.blogspot.com\/-iVBDjCOuOyw\/YRqTWLzWKkI\/AAAAAAAAdUQ\/63rqqmPV80cFsbIXg-4A0d0Ww-fXCdDSwCLcBGAsYHQ\/s800\/11-07d-Mossenaire_10a16_agost_2021-LoliRoldan.jpg?ssl=1\" alt=\"\"  data-original-height=\"768\" data-original-width=\"1024\" \/><span style=\"text-align: left\">Cati, Sara, Maite i\u00a0 Loli\u00a0<\/span><\/a><\/div>\n<div class=\"separator\" style=\"clear: both\"><a style=\"padding: 1em 0px;text-align: center\" href=\"https:\/\/i0.wp.com\/1.bp.blogspot.com\/-IQ4RBCbaNbs\/YRqTWV4F94I\/AAAAAAAAdUU\/SGfGDgz_vLQplW68zDk3f2iPPy9f7zAyACLcBGAsYHQ\/s800\/12-07e-Mossenaire_10a16_agost_2021-LoliRoldan.jpg?ssl=1\"><img data-recalc-dims=\"1\" decoding=\"async\" src=\"https:\/\/i0.wp.com\/1.bp.blogspot.com\/-IQ4RBCbaNbs\/YRqTWV4F94I\/AAAAAAAAdUU\/SGfGDgz_vLQplW68zDk3f2iPPy9f7zAyACLcBGAsYHQ\/s800\/12-07e-Mossenaire_10a16_agost_2021-LoliRoldan.jpg?ssl=1\" alt=\"\"  data-original-height=\"1024\" data-original-width=\"768\" \/>Loli Rold\u00e1n<\/a><\/div>\n<div class=\"separator\" style=\"clear: both\"><a style=\"padding: 1em 0px;text-align: center\" href=\"https:\/\/i0.wp.com\/1.bp.blogspot.com\/-0alOXo2jVdg\/YRqTWgW-jhI\/AAAAAAAAdUY\/yCjiYHe5NOAvmVLvTL-sQ9ppYKQCdHDCwCLcBGAsYHQ\/s800\/13-08a-Mossenaire_10a16_agost_2021-MontsePastor.jpg?ssl=1\"><img data-recalc-dims=\"1\" decoding=\"async\" src=\"https:\/\/i0.wp.com\/1.bp.blogspot.com\/-0alOXo2jVdg\/YRqTWgW-jhI\/AAAAAAAAdUY\/yCjiYHe5NOAvmVLvTL-sQ9ppYKQCdHDCwCLcBGAsYHQ\/s800\/13-08a-Mossenaire_10a16_agost_2021-MontsePastor.jpg?ssl=1\" alt=\"\"  data-original-height=\"1024\" data-original-width=\"768\" \/>Montserrat Pastor<\/a><\/div>\n<div class=\"separator\" style=\"clear: both\"><a style=\"padding: 1em 0px;text-align: center\" href=\"https:\/\/i0.wp.com\/1.bp.blogspot.com\/-b-JdzEsgFHM\/YRqTW-U9kFI\/AAAAAAAAdUc\/wjnQg_JbSj4oLLdKknP-osBeyktu4iUGgCLcBGAsYHQ\/s800\/14-09a-Mossenaire_10a16_agost_2021-PepaGerma.jpg?ssl=1\"><img data-recalc-dims=\"1\" decoding=\"async\" src=\"https:\/\/i0.wp.com\/1.bp.blogspot.com\/-b-JdzEsgFHM\/YRqTW-U9kFI\/AAAAAAAAdUc\/wjnQg_JbSj4oLLdKknP-osBeyktu4iUGgCLcBGAsYHQ\/s800\/14-09a-Mossenaire_10a16_agost_2021-PepaGerma.jpg?ssl=1\" alt=\"\"  data-original-height=\"767\" data-original-width=\"1024\" \/><span style=\"text-align: left\">Des de Sant Mart\u00ed d&#8217;Envalls. La Mire, el Pere, la Pepa i el Germ\u00e0<\/span><\/a><\/div>\n<div class=\"separator\" style=\"clear: both\"><a style=\"padding: 1em 0px;text-align: center\" href=\"https:\/\/i0.wp.com\/1.bp.blogspot.com\/-oYgrPcMiqWg\/YRqTWzJbZKI\/AAAAAAAAdUg\/PhW_4yTuopwMIL2d6uKgR6bvhqgJSw8HQCLcBGAsYHQ\/s800\/15-09b-Mossenaire_10a16_agost_2021-PepaGerma.jpg?ssl=1\"><img data-recalc-dims=\"1\" decoding=\"async\" src=\"https:\/\/i0.wp.com\/1.bp.blogspot.com\/-oYgrPcMiqWg\/YRqTWzJbZKI\/AAAAAAAAdUg\/PhW_4yTuopwMIL2d6uKgR6bvhqgJSw8HQCLcBGAsYHQ\/s800\/15-09b-Mossenaire_10a16_agost_2021-PepaGerma.jpg?ssl=1\" alt=\"\"  data-original-height=\"846\" data-original-width=\"1024\" \/><span style=\"text-align: left\">Des del Coma d&#8217;Or.\u00a0<\/span><\/a><a style=\"padding: 1em 0px;text-align: center\" href=\"https:\/\/1.bp.blogspot.com\/-oYgrPcMiqWg\/YRqTWzJbZKI\/AAAAAAAAdUg\/PhW_4yTuopwMIL2d6uKgR6bvhqgJSw8HQCLcBGAsYHQ\/s800\/15-09b-Mossenaire_10a16_agost_2021-PepaGerma.jpg\"><span style=\"text-align: left\">El Germ\u00e0, la Mireia, el Pere, la Pepa i la Berta\u00a0<\/span><\/a><\/div>\n<div class=\"separator\" style=\"clear: both\"><a style=\"padding: 1em 0px;text-align: center\" href=\"https:\/\/i0.wp.com\/1.bp.blogspot.com\/-LfoPfEeDd0k\/YRqTXIebTyI\/AAAAAAAAdUk\/RaL_uv_MLWs3q5-FX24FifNP2AslbpPyQCLcBGAsYHQ\/s800\/16-11a-Mossenaire_10a16_agost_2021-CarmeValldeperas.jpg?ssl=1\"><img data-recalc-dims=\"1\" decoding=\"async\" src=\"https:\/\/i0.wp.com\/1.bp.blogspot.com\/-LfoPfEeDd0k\/YRqTXIebTyI\/AAAAAAAAdUk\/RaL_uv_MLWs3q5-FX24FifNP2AslbpPyQCLcBGAsYHQ\/s800\/16-11a-Mossenaire_10a16_agost_2021-CarmeValldeperas.jpg?ssl=1\" alt=\"\"  data-original-height=\"1024\" data-original-width=\"1024\" \/>Carme Valldepera,\u00a0l&#8217;estany de l&#8217;Estany\u00f3!!<\/a><\/div>\n<div class=\"separator\" style=\"clear: both\"><a style=\"padding: 1em 0px;text-align: center\" href=\"https:\/\/i0.wp.com\/1.bp.blogspot.com\/-zYkR1uU6gKU\/YRqTXQ4U7ZI\/AAAAAAAAdUo\/_uLxvKb844o4Dzpcd_96o0JKucDMNo68ACLcBGAsYHQ\/s800\/17-12a-Mossenaire_10a16_agost_2021-SoleAguilar.jpg?ssl=1\"><img data-recalc-dims=\"1\" decoding=\"async\" src=\"https:\/\/i0.wp.com\/1.bp.blogspot.com\/-zYkR1uU6gKU\/YRqTXQ4U7ZI\/AAAAAAAAdUo\/_uLxvKb844o4Dzpcd_96o0JKucDMNo68ACLcBGAsYHQ\/s800\/17-12a-Mossenaire_10a16_agost_2021-SoleAguilar.jpg?ssl=1\" alt=\"\"  data-original-height=\"768\" data-original-width=\"1024\" \/><span style=\"text-align: left\">Tere Medina i Sole Aguilar<\/span><\/a><\/div>\n<div class=\"separator\" style=\"clear: both\"><a style=\"padding: 1em 0px;text-align: center\" href=\"https:\/\/i0.wp.com\/1.bp.blogspot.com\/-PyeZ1zrmhAg\/YRqTXSeBg5I\/AAAAAAAAdUs\/3lo3qyyPh3UZ6xBAaK25iS56Y3pFbialgCLcBGAsYHQ\/s800\/18-12b-Mossenaire_10a16_agost_2021-SoleAguilar.jpg?ssl=1\"><img data-recalc-dims=\"1\" decoding=\"async\" src=\"https:\/\/i0.wp.com\/1.bp.blogspot.com\/-PyeZ1zrmhAg\/YRqTXSeBg5I\/AAAAAAAAdUs\/3lo3qyyPh3UZ6xBAaK25iS56Y3pFbialgCLcBGAsYHQ\/s800\/18-12b-Mossenaire_10a16_agost_2021-SoleAguilar.jpg?ssl=1\" alt=\"\"  data-original-height=\"768\" data-original-width=\"1024\" \/><span style=\"text-align: left\">Tere Medina i Sole Aguilar<\/span><\/a><\/div>\n<div class=\"separator\" style=\"clear: both\"><a style=\"padding: 1em 0px;text-align: center\" href=\"https:\/\/i0.wp.com\/1.bp.blogspot.com\/-fe5jrjf2JvU\/YRqTXvHUGcI\/AAAAAAAAdUw\/ke11ICLX8HcwMkVvu64PPIrLFbLkIanUACLcBGAsYHQ\/s800\/19-13a-Mossenaire_10a16_agost_2021-SusannaPilar.jpg?ssl=1\"><img data-recalc-dims=\"1\" decoding=\"async\" src=\"https:\/\/i0.wp.com\/1.bp.blogspot.com\/-fe5jrjf2JvU\/YRqTXvHUGcI\/AAAAAAAAdUw\/ke11ICLX8HcwMkVvu64PPIrLFbLkIanUACLcBGAsYHQ\/s800\/19-13a-Mossenaire_10a16_agost_2021-SusannaPilar.jpg?ssl=1\" alt=\"\"  data-original-height=\"1024\" data-original-width=\"1024\" \/>Pili i Susanna Vargas<\/a><\/div>\n<div class=\"separator\" style=\"clear: both\"><a style=\"padding: 1em 0px;text-align: center\" href=\"https:\/\/i0.wp.com\/1.bp.blogspot.com\/-nhr_ziRR0Nw\/YRqTX6k2XMI\/AAAAAAAAdU0\/0c2GAi5Qqi4W83j1ktvMZZCopV-YQemyQCLcBGAsYHQ\/s800\/20-14a-Mossenaire_10a16_agost_2021-JosepVandellos.jpg?ssl=1\"><img data-recalc-dims=\"1\" decoding=\"async\" src=\"https:\/\/i0.wp.com\/1.bp.blogspot.com\/-nhr_ziRR0Nw\/YRqTX6k2XMI\/AAAAAAAAdU0\/0c2GAi5Qqi4W83j1ktvMZZCopV-YQemyQCLcBGAsYHQ\/s800\/20-14a-Mossenaire_10a16_agost_2021-JosepVandellos.jpg?ssl=1\" alt=\"\"  data-original-height=\"1024\" data-original-width=\"768\" \/>Josep Vandell\u00f3s i Anna Cos<\/a><\/div>\n<div class=\"separator\" style=\"clear: both\"><a style=\"padding: 1em 0px;text-align: center\" href=\"https:\/\/i0.wp.com\/1.bp.blogspot.com\/-u7ME-5eev7k\/YRqTYErNKFI\/AAAAAAAAdU4\/l3-i5fM96LUq2GOZKHilKHRCzKlJGoz1gCLcBGAsYHQ\/s800\/21-14b-Mossenaire_10a16_agost_2021-JosepVandellos.jpg?ssl=1\"><img data-recalc-dims=\"1\" decoding=\"async\" src=\"https:\/\/i0.wp.com\/1.bp.blogspot.com\/-u7ME-5eev7k\/YRqTYErNKFI\/AAAAAAAAdU4\/l3-i5fM96LUq2GOZKHilKHRCzKlJGoz1gCLcBGAsYHQ\/s800\/21-14b-Mossenaire_10a16_agost_2021-JosepVandellos.jpg?ssl=1\" alt=\"\"  data-original-height=\"1024\" data-original-width=\"768\" \/>Josep i Rosa<\/a><\/div>\n<div class=\"separator\" style=\"clear: both\"><a style=\"padding: 1em 0px;text-align: center\" href=\"https:\/\/i0.wp.com\/1.bp.blogspot.com\/-dF4y9AK76k0\/YRqTYSZ9t0I\/AAAAAAAAdU8\/V_cetK4jrUIy07Z4mZpqLq5gXYnlGe3WQCLcBGAsYHQ\/s800\/22-15a-Mossenaire_10a16_agost_2021-ToniGranados.jpg?ssl=1\"><img data-recalc-dims=\"1\" decoding=\"async\" src=\"https:\/\/i0.wp.com\/1.bp.blogspot.com\/-dF4y9AK76k0\/YRqTYSZ9t0I\/AAAAAAAAdU8\/V_cetK4jrUIy07Z4mZpqLq5gXYnlGe3WQCLcBGAsYHQ\/s800\/22-15a-Mossenaire_10a16_agost_2021-ToniGranados.jpg?ssl=1\" alt=\"\"  data-original-height=\"768\" data-original-width=\"1024\" \/>Toni Granados<\/a><\/div>\n<div class=\"separator\" style=\"clear: both\"><a style=\"padding: 1em 0px;text-align: center\" href=\"https:\/\/i0.wp.com\/1.bp.blogspot.com\/-ldJvCCQN9sU\/YRqTYoGjQxI\/AAAAAAAAdVA\/uM3G7F98iI4joIafcshvDnfrgmYKTQCGwCLcBGAsYHQ\/s800\/23-16a-Mossenaire_10a16_agost_2021-JordiVinyeta.jpg?ssl=1\"><img data-recalc-dims=\"1\" decoding=\"async\" src=\"https:\/\/i0.wp.com\/1.bp.blogspot.com\/-ldJvCCQN9sU\/YRqTYoGjQxI\/AAAAAAAAdVA\/uM3G7F98iI4joIafcshvDnfrgmYKTQCGwCLcBGAsYHQ\/s800\/23-16a-Mossenaire_10a16_agost_2021-JordiVinyeta.jpg?ssl=1\" alt=\"\"  data-original-height=\"768\" data-original-width=\"1024\" \/>Jordi Vi\u00f1eta<\/a><a style=\"padding: 1em 0px;text-align: center\" href=\"https:\/\/1.bp.blogspot.com\/-ldJvCCQN9sU\/YRqTYoGjQxI\/AAAAAAAAdVA\/uM3G7F98iI4joIafcshvDnfrgmYKTQCGwCLcBGAsYHQ\/s800\/23-16a-Mossenaire_10a16_agost_2021-JordiVinyeta.jpg\">El cim amb la glacera mes grosa. Es el que treu el nas arredera de la impresionant marmoleda del Montferrat<\/a><\/div>\n<div class=\"separator\" style=\"clear: both\"><a style=\"padding: 1em 0px;text-align: center\" href=\"https:\/\/i0.wp.com\/1.bp.blogspot.com\/-iSco6Ro_lJQ\/YRqTY5WXNQI\/AAAAAAAAdVE\/gomOHiTZ2VYiR7NIa_-750CKbAWsai7bwCLcBGAsYHQ\/s800\/24-16b-Mossenaire_10a16_agost_2021-JordiVinyeta.jpg?ssl=1\"><img data-recalc-dims=\"1\" decoding=\"async\" src=\"https:\/\/i0.wp.com\/1.bp.blogspot.com\/-iSco6Ro_lJQ\/YRqTY5WXNQI\/AAAAAAAAdVE\/gomOHiTZ2VYiR7NIa_-750CKbAWsai7bwCLcBGAsYHQ\/s800\/24-16b-Mossenaire_10a16_agost_2021-JordiVinyeta.jpg?ssl=1\" alt=\"\"  data-original-height=\"768\" data-original-width=\"1024\" \/>Jordi Vi\u00f1eta<\/a><a style=\"padding: 1em 0px;text-align: center\" href=\"https:\/\/1.bp.blogspot.com\/-iSco6Ro_lJQ\/YRqTY5WXNQI\/AAAAAAAAdVE\/gomOHiTZ2VYiR7NIa_-750CKbAWsai7bwCLcBGAsYHQ\/s800\/24-16b-Mossenaire_10a16_agost_2021-JordiVinyeta.jpg\">el Pic de Melieu (3130m) i el Grand Tapou(3150m) Est\u00e1n just al costat del massis del Vinyemale<\/a><a style=\"padding: 1em 0px;text-align: center\" href=\"https:\/\/1.bp.blogspot.com\/-iSco6Ro_lJQ\/YRqTY5WXNQI\/AAAAAAAAdVE\/gomOHiTZ2VYiR7NIa_-750CKbAWsai7bwCLcBGAsYHQ\/s800\/24-16b-Mossenaire_10a16_agost_2021-JordiVinyeta.jpg\"><br \/>\n<\/a><\/div>\n<div class=\"separator\" style=\"clear: both\"><a style=\"padding: 1em 0px;text-align: center\" href=\"https:\/\/i0.wp.com\/1.bp.blogspot.com\/-ub9AgcYV7Pc\/YRqTZDPuheI\/AAAAAAAAdVI\/x1fXjqE2qEAHcMUPGOlbqqsullMTTLqbACLcBGAsYHQ\/s800\/25-17a-Mossenaire_10a16_agost_2021-MiguelMoreno.jpg?ssl=1\"><img data-recalc-dims=\"1\" decoding=\"async\" src=\"https:\/\/i0.wp.com\/1.bp.blogspot.com\/-ub9AgcYV7Pc\/YRqTZDPuheI\/AAAAAAAAdVI\/x1fXjqE2qEAHcMUPGOlbqqsullMTTLqbACLcBGAsYHQ\/s800\/25-17a-Mossenaire_10a16_agost_2021-MiguelMoreno.jpg?ssl=1\" alt=\"\"  data-original-height=\"1024\" data-original-width=\"1024\" \/>Miguel Moreno<\/a><\/div>\n<div class=\"separator\" style=\"clear: both\"><a style=\"padding: 1em 0px;text-align: center\" href=\"https:\/\/i0.wp.com\/1.bp.blogspot.com\/-6EHTwfzTL4I\/YRqTZYqWRFI\/AAAAAAAAdVM\/3lbJsAg1Nlo1oxHQ7mDCq0Q8hylECSVfQCLcBGAsYHQ\/s800\/26-17b-Mossenaire_10a16_agost_2021-MiguelMoreno.jpg?ssl=1\"><img data-recalc-dims=\"1\" decoding=\"async\" src=\"https:\/\/i0.wp.com\/1.bp.blogspot.com\/-6EHTwfzTL4I\/YRqTZYqWRFI\/AAAAAAAAdVM\/3lbJsAg1Nlo1oxHQ7mDCq0Q8hylECSVfQCLcBGAsYHQ\/s800\/26-17b-Mossenaire_10a16_agost_2021-MiguelMoreno.jpg?ssl=1\" alt=\"\"  data-original-height=\"1024\" data-original-width=\"1024\" \/>Miguel i Juancho<\/a><\/div>\n<div class=\"separator\" style=\"clear: both\"><a style=\"padding: 1em 0px;text-align: center\" href=\"https:\/\/i0.wp.com\/1.bp.blogspot.com\/-r_ZM3Z5Oda4\/YRqTZYHtBoI\/AAAAAAAAdVQ\/-TsPAP2_3Swzk_bdMghJIiT4qJr4lchYwCLcBGAsYHQ\/s800\/27-17c-Mossenaire_10a16_agost_2021-MiguelMoreno.jpg?ssl=1\"><img data-recalc-dims=\"1\" decoding=\"async\" src=\"https:\/\/i0.wp.com\/1.bp.blogspot.com\/-r_ZM3Z5Oda4\/YRqTZYHtBoI\/AAAAAAAAdVQ\/-TsPAP2_3Swzk_bdMghJIiT4qJr4lchYwCLcBGAsYHQ\/s800\/27-17c-Mossenaire_10a16_agost_2021-MiguelMoreno.jpg?ssl=1\" alt=\"\"  data-original-height=\"1024\" data-original-width=\"1024\" \/>Miguel i Anto\u00f1irri<\/a><\/div>\n<div class=\"separator\" style=\"clear: both\"><a style=\"padding: 1em 0px;text-align: center\" href=\"https:\/\/i0.wp.com\/1.bp.blogspot.com\/-F06dfEMLwJk\/YRqTZomOeuI\/AAAAAAAAdVU\/9aW8tJLdpWoCktiL4yeOVAa_y5GuFtpGwCLcBGAsYHQ\/s800\/28-17d-Mossenaire_10a16_agost_2021-MiguelMoreno.jpg?ssl=1\"><img data-recalc-dims=\"1\" decoding=\"async\" src=\"https:\/\/i0.wp.com\/1.bp.blogspot.com\/-F06dfEMLwJk\/YRqTZomOeuI\/AAAAAAAAdVU\/9aW8tJLdpWoCktiL4yeOVAa_y5GuFtpGwCLcBGAsYHQ\/s800\/28-17d-Mossenaire_10a16_agost_2021-MiguelMoreno.jpg?ssl=1\" alt=\"\"  data-original-height=\"1024\" data-original-width=\"1024\" \/>Miguel i Juancho<\/a><\/div>\n<div class=\"separator\" style=\"clear: both\"><a style=\"padding: 1em 0px;text-align: center\" href=\"https:\/\/i0.wp.com\/1.bp.blogspot.com\/-u0m40svc6Rg\/YRqTaQJsTAI\/AAAAAAAAdVY\/BEE6QBd1Gy82PegbHIdIXB4QPlN5lSbtwCLcBGAsYHQ\/s800\/29-17e-Mossenaire_10a16_agost_2021-MiguelMoreno.jpg?ssl=1\"><img data-recalc-dims=\"1\" decoding=\"async\" src=\"https:\/\/i0.wp.com\/1.bp.blogspot.com\/-u0m40svc6Rg\/YRqTaQJsTAI\/AAAAAAAAdVY\/BEE6QBd1Gy82PegbHIdIXB4QPlN5lSbtwCLcBGAsYHQ\/s800\/29-17e-Mossenaire_10a16_agost_2021-MiguelMoreno.jpg?ssl=1\" alt=\"\"  data-original-height=\"1024\" data-original-width=\"1024\" \/>Ramon, Miguel i Juancho<\/a><\/div>\n<div class=\"separator\" style=\"clear: both\"><a style=\"padding: 1em 0px;text-align: center\" href=\"https:\/\/i0.wp.com\/1.bp.blogspot.com\/--SvObZc4zxg\/YRqTawN26eI\/AAAAAAAAdVc\/m97bXEY_fpIcTB_2GamUp7IDZWYGerENQCLcBGAsYHQ\/s800\/30-17f-Mossenaire_10a16_agost_2021-MiguelMoreno.jpg?ssl=1\"><img data-recalc-dims=\"1\" decoding=\"async\" src=\"https:\/\/i0.wp.com\/1.bp.blogspot.com\/--SvObZc4zxg\/YRqTawN26eI\/AAAAAAAAdVc\/m97bXEY_fpIcTB_2GamUp7IDZWYGerENQCLcBGAsYHQ\/s800\/30-17f-Mossenaire_10a16_agost_2021-MiguelMoreno.jpg?ssl=1\" alt=\"\"  data-original-height=\"1024\" data-original-width=\"1024\" \/>Ramon, Miguel i Juancho<\/a><\/div>\n<div class=\"separator\" style=\"clear: both\"><a style=\"padding: 1em 0px;text-align: center\" href=\"https:\/\/i0.wp.com\/1.bp.blogspot.com\/-3xUP_Qir-_g\/YRqTbc5hmgI\/AAAAAAAAdVg\/7DY49xO7pugaMgbLNWvuqkljvju4cOgVgCLcBGAsYHQ\/s800\/31-17g-Mossenaire_10a16_agost_2021-MiguelMoreno.jpg?ssl=1\"><img data-recalc-dims=\"1\" decoding=\"async\" src=\"https:\/\/i0.wp.com\/1.bp.blogspot.com\/-3xUP_Qir-_g\/YRqTbc5hmgI\/AAAAAAAAdVg\/7DY49xO7pugaMgbLNWvuqkljvju4cOgVgCLcBGAsYHQ\/s800\/31-17g-Mossenaire_10a16_agost_2021-MiguelMoreno.jpg?ssl=1\" alt=\"\"  data-original-height=\"1024\" data-original-width=\"1024\" \/>Ramon, Miguel i Anto\u00f1irri<\/a><\/div>\n<div class=\"separator\" style=\"clear: both\"><a style=\"padding: 1em 0px;text-align: center\" href=\"https:\/\/i0.wp.com\/1.bp.blogspot.com\/-unpX1ptw51o\/YRqTb5gXPLI\/AAAAAAAAdVk\/nc-uxWfI_QY75xQ4ycYT6kWgmvZE2xnRQCLcBGAsYHQ\/s800\/32-18a-Mossenaire_10a16_agost_2021-GrupCanpalet.jpg?ssl=1\"><img data-recalc-dims=\"1\" decoding=\"async\" src=\"https:\/\/i0.wp.com\/1.bp.blogspot.com\/-unpX1ptw51o\/YRqTb5gXPLI\/AAAAAAAAdVk\/nc-uxWfI_QY75xQ4ycYT6kWgmvZE2xnRQCLcBGAsYHQ\/s800\/32-18a-Mossenaire_10a16_agost_2021-GrupCanpalet.jpg?ssl=1\" alt=\"\"  data-original-height=\"760\" data-original-width=\"1024\" \/>Rosa, Assumpta, Juani, Tere<\/a><a style=\"padding: 1em 0px;text-align: center\" href=\"https:\/\/1.bp.blogspot.com\/-unpX1ptw51o\/YRqTb5gXPLI\/AAAAAAAAdVk\/nc-uxWfI_QY75xQ4ycYT6kWgmvZE2xnRQCLcBGAsYHQ\/s800\/32-18a-Mossenaire_10a16_agost_2021-GrupCanpalet.jpg\">Grup de\u00a0<\/a><\/div>\n<div class=\"separator\" style=\"clear: both\"><a style=\"padding: 1em 0px;text-align: center\" href=\"https:\/\/i0.wp.com\/1.bp.blogspot.com\/-vGyOTiEWdiM\/YRqTcXQJ7zI\/AAAAAAAAdVo\/99Rx49cDBd03SVjAqgIBdHMncFI-Hv2vgCLcBGAsYHQ\/s800\/33-18b-Mossenaire_10a16_agost_2021-GrupCanpalet.jpg?ssl=1\"><img data-recalc-dims=\"1\" decoding=\"async\" src=\"https:\/\/i0.wp.com\/1.bp.blogspot.com\/-vGyOTiEWdiM\/YRqTcXQJ7zI\/AAAAAAAAdVo\/99Rx49cDBd03SVjAqgIBdHMncFI-Hv2vgCLcBGAsYHQ\/s800\/33-18b-Mossenaire_10a16_agost_2021-GrupCanpalet.jpg?ssl=1\" alt=\"\"  data-original-height=\"743\" data-original-width=\"1024\" \/>Juani, Rosa, Tere, Asumpta, Mati<\/a><\/div>\n<div class=\"separator\" style=\"clear: both\"><a style=\"padding: 1em 0px;text-align: center\" href=\"https:\/\/i0.wp.com\/1.bp.blogspot.com\/-HKYXps8000kD8\/YRqTc0xKv2I\/AAAAAAAAdVs\/hYRKRZFI_8c4rb0NEglotwNc7gHBizuCQCLcBGAsYHQ\/s800\/34-19a-Mossenaire_10a16_agost_2021-DavidHernandez.jpg?ssl=1\"><img data-recalc-dims=\"1\" decoding=\"async\" src=\"https:\/\/i0.wp.com\/1.bp.blogspot.com\/-HKYXps8000kD8\/YRqTc0xKv2I\/AAAAAAAAdVs\/hYRKRZFI_8c4rb0NEglotwNc7gHBizuCQCLcBGAsYHQ\/s800\/34-19a-Mossenaire_10a16_agost_2021-DavidHernandez.jpg?ssl=1\" alt=\"\"  data-original-height=\"485\" data-original-width=\"1024\" \/>David Hern\u00e1ndez<\/a><\/div>\n<div class=\"separator\" style=\"clear: both\"><a style=\"padding: 1em 0px;text-align: center\" href=\"https:\/\/i0.wp.com\/1.bp.blogspot.com\/-MtxE3dlZVQY\/YRqTdR0eamI\/AAAAAAAAdVw\/vWK3pMuO4o8jWLnGiwjWZfwkB-fuBhoVgCLcBGAsYHQ\/s800\/35-19b-Mossenaire_10a16_agost_2021-CarmeloLuque.jpg?ssl=1\"><img data-recalc-dims=\"1\" decoding=\"async\" src=\"https:\/\/i0.wp.com\/1.bp.blogspot.com\/-MtxE3dlZVQY\/YRqTdR0eamI\/AAAAAAAAdVw\/vWK3pMuO4o8jWLnGiwjWZfwkB-fuBhoVgCLcBGAsYHQ\/s800\/35-19b-Mossenaire_10a16_agost_2021-CarmeloLuque.jpg?ssl=1\" alt=\"\"  data-original-height=\"450\" data-original-width=\"600\" \/>Carmelo Luque<\/a><\/div>\n<div class=\"separator\" style=\"clear: both\"><a style=\"padding: 1em 0px;text-align: center\" href=\"https:\/\/i0.wp.com\/1.bp.blogspot.com\/-b_McjXAprNY\/YRqTd2wgXKI\/AAAAAAAAdV0\/S3UIhg5_VPAUHFFOHHmHO9h0-Jf65ZKcACLcBGAsYHQ\/s800\/36-19c-Mossenaire_10a16_agost_2021-CarmeloLuque.jpg?ssl=1\"><img data-recalc-dims=\"1\" decoding=\"async\" src=\"https:\/\/i0.wp.com\/1.bp.blogspot.com\/-b_McjXAprNY\/YRqTd2wgXKI\/AAAAAAAAdV0\/S3UIhg5_VPAUHFFOHHmHO9h0-Jf65ZKcACLcBGAsYHQ\/s800\/36-19c-Mossenaire_10a16_agost_2021-CarmeloLuque.jpg?ssl=1\" alt=\"\"  data-original-height=\"450\" data-original-width=\"600\" \/>Carmelo Luque<\/a><\/div>\n<div class=\"separator\" style=\"clear: both\"><a style=\"padding: 1em 0px;text-align: center\" href=\"https:\/\/i0.wp.com\/1.bp.blogspot.com\/-hXrW0NNkLr0\/YRqTeYZaJXI\/AAAAAAAAdV4\/5Uk-2qLxdsU32J_lkgsO2dqOoVcd-OVSACLcBGAsYHQ\/s800\/37-20a-Mossenaire_10a16_agost_2021-OlgaLopez.jpg?ssl=1\"><img data-recalc-dims=\"1\" decoding=\"async\" src=\"https:\/\/i0.wp.com\/1.bp.blogspot.com\/-hXrW0NNkLr0\/YRqTeYZaJXI\/AAAAAAAAdV4\/5Uk-2qLxdsU32J_lkgsO2dqOoVcd-OVSACLcBGAsYHQ\/s800\/37-20a-Mossenaire_10a16_agost_2021-OlgaLopez.jpg?ssl=1\" alt=\"\"  data-original-height=\"768\" data-original-width=\"1024\" \/><\/a><\/div>\n<div class=\"separator\" style=\"clear: both\"><a style=\"padding: 1em 0px;text-align: center\" href=\"https:\/\/i0.wp.com\/1.bp.blogspot.com\/-ywpDRn8q01w\/YRqTexv0DoI\/AAAAAAAAdV8\/Q4OiN5h9CAEImddIairJwW_SrL_pAFD4ACLcBGAsYHQ\/s800\/38-21a-Mossenaire_10a16_agost_2021-JoanRivas.jpg?ssl=1\">Olga i Diego<img data-recalc-dims=\"1\" decoding=\"async\" src=\"https:\/\/i0.wp.com\/1.bp.blogspot.com\/-ywpDRn8q01w\/YRqTexv0DoI\/AAAAAAAAdV8\/Q4OiN5h9CAEImddIairJwW_SrL_pAFD4ACLcBGAsYHQ\/s800\/38-21a-Mossenaire_10a16_agost_2021-JoanRivas.jpg?ssl=1\" alt=\"\"  data-original-height=\"768\" data-original-width=\"1024\" \/>Juan Rivas, una mica de running pel cami dels cavalls\u00a0<\/a><\/div>\n<div class=\"separator\" style=\"clear: both\"><a style=\"padding: 1em 0px;text-align: center\" href=\"https:\/\/i0.wp.com\/1.bp.blogspot.com\/-UkB-lhO4FTY\/YRqTfQy04rI\/AAAAAAAAdWA\/TzHHUirJWZweXcLu7k6vv9Io25V4HJZWQCLcBGAsYHQ\/s800\/39-21a-Mossenaire_10a16_agost_2021-MarcOtero.jpg?ssl=1\"><img data-recalc-dims=\"1\" decoding=\"async\" src=\"https:\/\/i0.wp.com\/1.bp.blogspot.com\/-UkB-lhO4FTY\/YRqTfQy04rI\/AAAAAAAAdWA\/TzHHUirJWZweXcLu7k6vv9Io25V4HJZWQCLcBGAsYHQ\/s800\/39-21a-Mossenaire_10a16_agost_2021-MarcOtero.jpg?ssl=1\" alt=\"\"  data-original-height=\"1024\" data-original-width=\"472\" \/>Marc Otero, entrenant per Les Fonts de Terrassa<\/a><a style=\"padding: 1em 0px\" href=\"https:\/\/i0.wp.com\/1.bp.blogspot.com\/-xJwZka4Q3xo\/YRqThRcXVbI\/AAAAAAAAdWQ\/f83UNRF5NpoCETjjlvJ5_tmRebZP5quuQCLcBGAsYHQ\/s800\/43-22a-Mossenaire_10a16_agost_2021-PepMoliner.jpg?ssl=1\"><img data-recalc-dims=\"1\" decoding=\"async\" src=\"https:\/\/i0.wp.com\/1.bp.blogspot.com\/-xJwZka4Q3xo\/YRqThRcXVbI\/AAAAAAAAdWQ\/f83UNRF5NpoCETjjlvJ5_tmRebZP5quuQCLcBGAsYHQ\/s800\/43-22a-Mossenaire_10a16_agost_2021-PepMoliner.jpg?ssl=1\" alt=\"\"  data-original-height=\"473\" data-original-width=\"1024\" \/><\/a><a style=\"padding: 1em 0px\" href=\"https:\/\/1.bp.blogspot.com\/-xJwZka4Q3xo\/YRqThRcXVbI\/AAAAAAAAdWQ\/f83UNRF5NpoCETjjlvJ5_tmRebZP5quuQCLcBGAsYHQ\/s800\/43-22a-Mossenaire_10a16_agost_2021-PepMoliner.jpg\">Pep Moliner, al castell de Les Fonts de Terrassa<\/a><\/div>\n<div class=\"separator\" style=\"clear: both\"><a style=\"padding: 1em 0px;text-align: center\" href=\"https:\/\/i0.wp.com\/1.bp.blogspot.com\/-SxzMsNQn7gs\/YRqTf8p2V5I\/AAAAAAAAdWE\/_3u6ShMXByMHHrKq8zHWRRZpiQGkdC3UgCLcBGAsYHQ\/s800\/40-22a-Mossenaire_10a16_agost_2021-CasimirMartin2.jpg?ssl=1\"><img data-recalc-dims=\"1\" decoding=\"async\" src=\"https:\/\/i0.wp.com\/1.bp.blogspot.com\/-SxzMsNQn7gs\/YRqTf8p2V5I\/AAAAAAAAdWE\/_3u6ShMXByMHHrKq8zHWRRZpiQGkdC3UgCLcBGAsYHQ\/s800\/40-22a-Mossenaire_10a16_agost_2021-CasimirMartin2.jpg?ssl=1\" alt=\"\"  data-original-height=\"720\" data-original-width=\"960\" \/><\/a><\/div>\n<div class=\"separator\" style=\"clear: both\"><a style=\"padding: 1em 0px;text-align: center\" href=\"https:\/\/i0.wp.com\/1.bp.blogspot.com\/-yEIWYb5dKEA\/YRqTgXekXyI\/AAAAAAAAdWI\/exMmToVUrlg1l5g4cQJo-vQT5fIyYS1uwCLcBGAsYHQ\/s800\/41-22a-Mossenaire_10a16_agost_2021-CasimirMartin3.jpg?ssl=1\">Casimir Mart\u00edn, fent cam\u00ed Santiago<img data-recalc-dims=\"1\" decoding=\"async\" src=\"https:\/\/i0.wp.com\/1.bp.blogspot.com\/-yEIWYb5dKEA\/YRqTgXekXyI\/AAAAAAAAdWI\/exMmToVUrlg1l5g4cQJo-vQT5fIyYS1uwCLcBGAsYHQ\/s800\/41-22a-Mossenaire_10a16_agost_2021-CasimirMartin3.jpg?ssl=1\" alt=\"\"  data-original-height=\"720\" data-original-width=\"960\" \/><span style=\"text-align: left\">Casimir Mart\u00edn, fent cam\u00ed Santiago<\/span><\/a><\/div>\n<div class=\"separator\" style=\"clear: both\"><a style=\"padding: 1em 0px;text-align: center\" href=\"https:\/\/i0.wp.com\/1.bp.blogspot.com\/-MLmAtpBcRDk\/YRqTg-QH2hI\/AAAAAAAAdWM\/Gui--RiLojILHjxrUD-b08ndBAnO7HMewCLcBGAsYHQ\/s800\/42-22a-Mossenaire_10a16_agost_2021-CasimirMartin.jpg?ssl=1\"><img data-recalc-dims=\"1\" decoding=\"async\" src=\"https:\/\/i0.wp.com\/1.bp.blogspot.com\/-MLmAtpBcRDk\/YRqTg-QH2hI\/AAAAAAAAdWM\/Gui--RiLojILHjxrUD-b08ndBAnO7HMewCLcBGAsYHQ\/s800\/42-22a-Mossenaire_10a16_agost_2021-CasimirMartin.jpg?ssl=1\" alt=\"\"  data-original-height=\"960\" data-original-width=\"720\" \/><span style=\"text-align: left\">Casimir Mart\u00edn, fent cam\u00ed Santiago<\/span><\/a><\/div>\n<div class=\"separator\" style=\"clear: both\"><\/div>\n<div class=\"separator\" style=\"clear: both\"><a style=\"padding: 1em 0px;text-align: center\" href=\"https:\/\/i0.wp.com\/1.bp.blogspot.com\/-qX2hhDSigKE\/YRqTh3xWIVI\/AAAAAAAAdWU\/fgo9Ukp97X8E2rCj-7jtOaOab7HB6T4HACLcBGAsYHQ\/s800\/44-22b-Mossenaire_10a16_agost_2021-CasimirMartin.jpg?ssl=1\"><img data-recalc-dims=\"1\" decoding=\"async\" src=\"https:\/\/i0.wp.com\/1.bp.blogspot.com\/-qX2hhDSigKE\/YRqTh3xWIVI\/AAAAAAAAdWU\/fgo9Ukp97X8E2rCj-7jtOaOab7HB6T4HACLcBGAsYHQ\/s800\/44-22b-Mossenaire_10a16_agost_2021-CasimirMartin.jpg?ssl=1\" alt=\"\"  data-original-height=\"960\" data-original-width=\"720\" \/><span style=\"text-align: left\">Casimir Mart\u00edn, fent cam\u00ed Santiago<\/span><\/a><\/div>\n<div class=\"separator\" style=\"clear: both\"><a style=\"padding: 1em 0px;text-align: center\" href=\"https:\/\/i0.wp.com\/1.bp.blogspot.com\/-rsLl-Im7Y_Y\/YRqTidS3seI\/AAAAAAAAdWY\/J58ZPc5RtLsskFlIrbLA6UNwe_6HND-sgCLcBGAsYHQ\/s800\/45-22c-Mossenaire_10a16_agost_2021-CasimirMartin.jpg?ssl=1\"><img data-recalc-dims=\"1\" decoding=\"async\" src=\"https:\/\/i0.wp.com\/1.bp.blogspot.com\/-rsLl-Im7Y_Y\/YRqTidS3seI\/AAAAAAAAdWY\/J58ZPc5RtLsskFlIrbLA6UNwe_6HND-sgCLcBGAsYHQ\/s800\/45-22c-Mossenaire_10a16_agost_2021-CasimirMartin.jpg?ssl=1\" alt=\"\"  data-original-height=\"720\" data-original-width=\"960\" \/><span style=\"text-align: left\">Casimir Mart\u00edn, fent cam\u00ed Santiago<\/span><\/a><\/div>\n<div class=\"separator\" style=\"clear: both\"><a style=\"padding: 1em 0px;text-align: center\" href=\"https:\/\/i0.wp.com\/1.bp.blogspot.com\/-62PO96bTesQ\/YRqTi24sHVI\/AAAAAAAAdWc\/CBQJsAZGZ_4qr76kOGVvXqtVzQJdWz1vwCLcBGAsYHQ\/s800\/46-22d-Mossenaire_10a16_agost_2021-CasimirMartin.jpg?ssl=1\"><img data-recalc-dims=\"1\" decoding=\"async\" src=\"https:\/\/i0.wp.com\/1.bp.blogspot.com\/-62PO96bTesQ\/YRqTi24sHVI\/AAAAAAAAdWc\/CBQJsAZGZ_4qr76kOGVvXqtVzQJdWz1vwCLcBGAsYHQ\/s800\/46-22d-Mossenaire_10a16_agost_2021-CasimirMartin.jpg?ssl=1\" alt=\"\"  data-original-height=\"960\" data-original-width=\"720\" \/><span style=\"text-align: left\">Casimir Mart\u00edn, fent cam\u00ed Santiago<\/span><\/a><\/div>\n<div class=\"separator\" style=\"clear: both\"><a style=\"padding: 1em 0px;text-align: center\" href=\"https:\/\/i0.wp.com\/1.bp.blogspot.com\/-yLUo-uKhK1k\/YRqTjXwEgNI\/AAAAAAAAdWg\/B7v2hawzU5sZzEkT1B10TPs89Zyh4j9NwCLcBGAsYHQ\/s800\/47-23a-Mossenaire_10a16_agost_2021-NuriaMajoral.jpg?ssl=1\"><img data-recalc-dims=\"1\" decoding=\"async\" src=\"https:\/\/i0.wp.com\/1.bp.blogspot.com\/-yLUo-uKhK1k\/YRqTjXwEgNI\/AAAAAAAAdWg\/B7v2hawzU5sZzEkT1B10TPs89Zyh4j9NwCLcBGAsYHQ\/s800\/47-23a-Mossenaire_10a16_agost_2021-NuriaMajoral.jpg?ssl=1\" alt=\"\"  data-original-height=\"1024\" data-original-width=\"768\" \/>Xavi Pons i N\u00faria Mayoral,\u00a0a les Dolomites, el cim del Monte Paterno, Italia<\/a><\/div>\n<div class=\"separator\" style=\"clear: both\"><a style=\"padding: 1em 0px;text-align: center\" href=\"https:\/\/i0.wp.com\/1.bp.blogspot.com\/-ICfouDKNrNo\/YRqTj07ORDI\/AAAAAAAAdWk\/jMHZv1gVJ_w21Jdw8F5m86sAU0pt2HksgCLcBGAsYHQ\/s800\/48-24a-Mossenaire_10a16_agost_2021-JordiMas.jpg?ssl=1\"><img data-recalc-dims=\"1\" decoding=\"async\" src=\"https:\/\/i0.wp.com\/1.bp.blogspot.com\/-ICfouDKNrNo\/YRqTj07ORDI\/AAAAAAAAdWk\/jMHZv1gVJ_w21Jdw8F5m86sAU0pt2HksgCLcBGAsYHQ\/s800\/48-24a-Mossenaire_10a16_agost_2021-JordiMas.jpg?ssl=1\" alt=\"\"  data-original-height=\"767\" data-original-width=\"1024\" \/><\/a><a style=\"padding: 1em 0px;text-align: center\" href=\"https:\/\/1.bp.blogspot.com\/-ICfouDKNrNo\/YRqTj07ORDI\/AAAAAAAAdWk\/jMHZv1gVJ_w21Jdw8F5m86sAU0pt2HksgCLcBGAsYHQ\/s800\/48-24a-Mossenaire_10a16_agost_2021-JordiMas.jpg\">Jordi Mas i Carlos Rodr\u00edguez<\/a><\/div>\n<div class=\"separator\" style=\"clear: both\"><a style=\"padding: 1em 0px;text-align: center\" href=\"https:\/\/i0.wp.com\/1.bp.blogspot.com\/-OPuNJ7OKJIg\/YRqTka3P1TI\/AAAAAAAAdWo\/q6xLbkQv0LI99EwFQMc3_uhBQ0Ce9XMbwCLcBGAsYHQ\/s800\/49-24b-Mossenaire_10a16_agost_2021-JordiMas.jpg?ssl=1\"><img data-recalc-dims=\"1\" decoding=\"async\" src=\"https:\/\/i0.wp.com\/1.bp.blogspot.com\/-OPuNJ7OKJIg\/YRqTka3P1TI\/AAAAAAAAdWo\/q6xLbkQv0LI99EwFQMc3_uhBQ0Ce9XMbwCLcBGAsYHQ\/s800\/49-24b-Mossenaire_10a16_agost_2021-JordiMas.jpg?ssl=1\" alt=\"\"  data-original-height=\"1024\" data-original-width=\"473\" \/>Jordi Mas<\/a><\/div>\n<div class=\"separator\" style=\"clear: both\"><a style=\"padding: 1em 0px;text-align: center\" href=\"https:\/\/i0.wp.com\/1.bp.blogspot.com\/-mjMWTDvbqgw\/YRqTk3WFCMI\/AAAAAAAAdWs\/DIiy1i-ACXoeWKnbcN8MBOxgSRW0epirwCLcBGAsYHQ\/s800\/50-24c-Mossenaire_10a16_agost_2021-JordiMas.jpg?ssl=1\"><img data-recalc-dims=\"1\" decoding=\"async\" src=\"https:\/\/i0.wp.com\/1.bp.blogspot.com\/-mjMWTDvbqgw\/YRqTk3WFCMI\/AAAAAAAAdWs\/DIiy1i-ACXoeWKnbcN8MBOxgSRW0epirwCLcBGAsYHQ\/s800\/50-24c-Mossenaire_10a16_agost_2021-JordiMas.jpg?ssl=1\" alt=\"\"  data-original-height=\"767\" data-original-width=\"1024\" \/><\/a><\/div>\n<div class=\"separator\" style=\"clear: both\"><a style=\"padding: 1em 0px;text-align: center\" href=\"https:\/\/i0.wp.com\/1.bp.blogspot.com\/-ug5O-M1Gims\/YRqTlQfAMMI\/AAAAAAAAdWw\/MBIZt0bRUiIQSXOuKUHUyjgMNxUx4mQTgCLcBGAsYHQ\/s800\/51-24d-Mossenaire_10a16_agost_2021-JordiMas.jpg?ssl=1\">Jordi Mas<img data-recalc-dims=\"1\" decoding=\"async\" src=\"https:\/\/i0.wp.com\/1.bp.blogspot.com\/-ug5O-M1Gims\/YRqTlQfAMMI\/AAAAAAAAdWw\/MBIZt0bRUiIQSXOuKUHUyjgMNxUx4mQTgCLcBGAsYHQ\/s800\/51-24d-Mossenaire_10a16_agost_2021-JordiMas.jpg?ssl=1\" alt=\"\"  data-original-height=\"767\" data-original-width=\"1024\" \/>Jordi Mas<\/a><\/div>\n<div class=\"separator\" style=\"clear: both\"><a style=\"padding: 1em 0px;text-align: center\" href=\"https:\/\/i0.wp.com\/1.bp.blogspot.com\/-WLRfjZA9X5E\/YRqTl1bNrXI\/AAAAAAAAdW0\/K9ZxygXQiHcANNHXBhUYTh2y1SXrTpiFACLcBGAsYHQ\/s800\/52-24e-Mossenaire_10a16_agost_2021-JordiMas.jpg?ssl=1\"><img data-recalc-dims=\"1\" decoding=\"async\" src=\"https:\/\/i0.wp.com\/1.bp.blogspot.com\/-WLRfjZA9X5E\/YRqTl1bNrXI\/AAAAAAAAdW0\/K9ZxygXQiHcANNHXBhUYTh2y1SXrTpiFACLcBGAsYHQ\/s800\/52-24e-Mossenaire_10a16_agost_2021-JordiMas.jpg?ssl=1\" alt=\"\"  data-original-height=\"767\" data-original-width=\"1024\" \/><\/a><\/div>\n<div class=\"separator\" style=\"clear: both\"><a style=\"padding: 1em 0px;text-align: center\" href=\"https:\/\/i0.wp.com\/1.bp.blogspot.com\/-1CXYcF4Lf5k\/YRqTmbZ_PfI\/AAAAAAAAdW4\/xI3HrXVjOtwkb88h-4cbALF2nIzhB-KhwCLcBGAsYHQ\/s800\/53-24f-Mossenaire_10a16_agost_2021-JordiMas.jpg?ssl=1\">Jordi Mas<img data-recalc-dims=\"1\" decoding=\"async\" src=\"https:\/\/i0.wp.com\/1.bp.blogspot.com\/-1CXYcF4Lf5k\/YRqTmbZ_PfI\/AAAAAAAAdW4\/xI3HrXVjOtwkb88h-4cbALF2nIzhB-KhwCLcBGAsYHQ\/s800\/53-24f-Mossenaire_10a16_agost_2021-JordiMas.jpg?ssl=1\" alt=\"\"  data-original-height=\"767\" data-original-width=\"1024\" \/><\/a><\/div>\n<div class=\"separator\" style=\"clear: both\"><a style=\"padding: 1em 0px;text-align: center\" href=\"https:\/\/i0.wp.com\/1.bp.blogspot.com\/-jrZ6FNZiRVg\/YRqTm7anc1I\/AAAAAAAAdW8\/7-4Vr-CCyrIhmu3yRkLcHsc5ytmxJMY3QCLcBGAsYHQ\/s800\/54-24g-Mossenaire_10a16_agost_2021-JordiMas.jpg?ssl=1\">Jordi i Jordi<img data-recalc-dims=\"1\" decoding=\"async\" src=\"https:\/\/i0.wp.com\/1.bp.blogspot.com\/-jrZ6FNZiRVg\/YRqTm7anc1I\/AAAAAAAAdW8\/7-4Vr-CCyrIhmu3yRkLcHsc5ytmxJMY3QCLcBGAsYHQ\/s800\/54-24g-Mossenaire_10a16_agost_2021-JordiMas.jpg?ssl=1\" alt=\"\"  data-original-height=\"767\" data-original-width=\"1024\" \/><\/a><\/div>\n<div class=\"separator\" style=\"clear: both\"><a style=\"padding: 1em 0px;text-align: center\" href=\"https:\/\/i0.wp.com\/1.bp.blogspot.com\/-YMHO57p33vA\/YRqTnV7JrUI\/AAAAAAAAdXA\/1qcvAz6tNWwwciUu5Y6JNsHlvhdIPtKrgCLcBGAsYHQ\/s800\/55-24h-Mossenaire_10a16_agost_2021-JordiMas.jpg?ssl=1\"><span style=\"text-align: left\">Jordi Mas i Carlos Rodr\u00edguez<\/span><img data-recalc-dims=\"1\" decoding=\"async\" src=\"https:\/\/i0.wp.com\/1.bp.blogspot.com\/-YMHO57p33vA\/YRqTnV7JrUI\/AAAAAAAAdXA\/1qcvAz6tNWwwciUu5Y6JNsHlvhdIPtKrgCLcBGAsYHQ\/s800\/55-24h-Mossenaire_10a16_agost_2021-JordiMas.jpg?ssl=1\" alt=\"\"  data-original-height=\"767\" data-original-width=\"1024\" \/><\/a><\/div>\n<div class=\"separator\" style=\"clear: both\">\n<p><a style=\"padding: 1em 0px;text-align: center\" href=\"https:\/\/1.bp.blogspot.com\/-IFnPnRvJtdo\/YRqTn1XyziI\/AAAAAAAAdXE\/abu1MJzf6FEyvog7oIwiX2RYoEFfTD1eACLcBGAsYHQ\/s800\/56-25a-Mossenaire_10a16_agost_2021-MarcAalas.jpg\">Jordi, Pep i Carlos<\/a><a style=\"padding: 1em 0px;text-align: center\" href=\"https:\/\/1.bp.blogspot.com\/-IFnPnRvJtdo\/YRqTn1XyziI\/AAAAAAAAdXE\/abu1MJzf6FEyvog7oIwiX2RYoEFfTD1eACLcBGAsYHQ\/s800\/56-25a-Mossenaire_10a16_agost_2021-MarcAalas.jpg\"><br \/>\n<\/a><\/p>\n<div class=\"separator\" style=\"clear: both;text-align: center\"><\/div>\n<div class=\"separator\" style=\"clear: both;text-align: center\"><\/div>\n<p><a style=\"padding: 1em 0px;text-align: center\" href=\"https:\/\/i0.wp.com\/1.bp.blogspot.com\/-IFnPnRvJtdo\/YRqTn1XyziI\/AAAAAAAAdXE\/abu1MJzf6FEyvog7oIwiX2RYoEFfTD1eACLcBGAsYHQ\/s800\/56-25a-Mossenaire_10a16_agost_2021-MarcAalas.jpg?ssl=1\"><img data-recalc-dims=\"1\" decoding=\"async\" src=\"https:\/\/i0.wp.com\/1.bp.blogspot.com\/-IFnPnRvJtdo\/YRqTn1XyziI\/AAAAAAAAdXE\/abu1MJzf6FEyvog7oIwiX2RYoEFfTD1eACLcBGAsYHQ\/s800\/56-25a-Mossenaire_10a16_agost_2021-MarcAalas.jpg?ssl=1\" alt=\"\"  data-original-height=\"768\" data-original-width=\"1024\" \/>Marc Salas,\u00a0des de Rocamaura (l&#8217;Estartit).<\/a><\/p>\n<\/div>\n<div class=\"separator\" style=\"clear: both\"><a style=\"padding: 1em 0px;text-align: center\" href=\"https:\/\/i0.wp.com\/1.bp.blogspot.com\/-89zIZ1t96zs\/YRqTodWYS5I\/AAAAAAAAdXI\/ZKhQxJ3T5BQ-pBA3VSGhR6OWkBPmhgClwCLcBGAsYHQ\/s800\/57-25b-Mossenaire_10a16_agost_2021-PauMargarit.jpg?ssl=1\"><img data-recalc-dims=\"1\" decoding=\"async\" src=\"https:\/\/i0.wp.com\/1.bp.blogspot.com\/-89zIZ1t96zs\/YRqTodWYS5I\/AAAAAAAAdXI\/ZKhQxJ3T5BQ-pBA3VSGhR6OWkBPmhgClwCLcBGAsYHQ\/s800\/57-25b-Mossenaire_10a16_agost_2021-PauMargarit.jpg?ssl=1\" alt=\"\"  data-original-height=\"768\" data-original-width=\"1024\" \/>Pau Margarit, des del Llac Petit<\/a><\/div>\n<div class=\"separator\" style=\"clear: both\"><a style=\"padding: 1em 0px;text-align: center\" href=\"https:\/\/i0.wp.com\/1.bp.blogspot.com\/-8ATJs9xsvq0\/YRqTo7RPF1I\/AAAAAAAAdXM\/agnC5wWBekIvF-Yf59YeXTxLj3EkbwVbACLcBGAsYHQ\/s800\/58-25h-Mossenaire_10a16_agost_2021-CrisMurcia.jpg?ssl=1\"><img data-recalc-dims=\"1\" decoding=\"async\" src=\"https:\/\/i0.wp.com\/1.bp.blogspot.com\/-8ATJs9xsvq0\/YRqTo7RPF1I\/AAAAAAAAdXM\/agnC5wWBekIvF-Yf59YeXTxLj3EkbwVbACLcBGAsYHQ\/s800\/58-25h-Mossenaire_10a16_agost_2021-CrisMurcia.jpg?ssl=1\" alt=\"\"  data-original-height=\"1024\" data-original-width=\"766\" \/><span style=\"text-align: left\">Ram\u00f3n i Cris, desde el sostre de Catalunya &#x1f60a; la Pica d&#8217;Estats<span style=\"color: red\">&#x2764;<\/span><\/span><\/a><\/div>\n<div class=\"separator\" style=\"clear: both\"><a style=\"padding: 1em 0px;text-align: center\" href=\"https:\/\/i0.wp.com\/1.bp.blogspot.com\/-sEvAEBamhQE\/YRqTpYxaV9I\/AAAAAAAAdXQ\/RQgTqu9h4A4GxE1lSIipnoLd69GeIkg3QCLcBGAsYHQ\/s800\/59-26a-Mossenaire_10a16_agost_2021-SebasInmaMiguel.jpg?ssl=1\"><img data-recalc-dims=\"1\" decoding=\"async\" src=\"https:\/\/i0.wp.com\/1.bp.blogspot.com\/-sEvAEBamhQE\/YRqTpYxaV9I\/AAAAAAAAdXQ\/RQgTqu9h4A4GxE1lSIipnoLd69GeIkg3QCLcBGAsYHQ\/s800\/59-26a-Mossenaire_10a16_agost_2021-SebasInmaMiguel.jpg?ssl=1\" alt=\"\"  data-original-height=\"1024\" data-original-width=\"768\" \/>Sebasti\u00e1n, Inma, Miguel<\/a><\/div>\n<div class=\"separator\" style=\"clear: both\"><a style=\"padding: 1em 0px;text-align: center\" href=\"https:\/\/i0.wp.com\/1.bp.blogspot.com\/-EwGvnuUgKQY\/YRqTp96wxBI\/AAAAAAAAdXU\/P1Q5nhQ_b7cVCdjNmmfSHOLva9YJs7U8QCLcBGAsYHQ\/s800\/60-27a-Mossenaire_10a16_agost_2021-JMGarcia.jpg?ssl=1\"><img data-recalc-dims=\"1\" decoding=\"async\" src=\"https:\/\/i0.wp.com\/1.bp.blogspot.com\/-EwGvnuUgKQY\/YRqTp96wxBI\/AAAAAAAAdXU\/P1Q5nhQ_b7cVCdjNmmfSHOLva9YJs7U8QCLcBGAsYHQ\/s800\/60-27a-Mossenaire_10a16_agost_2021-JMGarcia.jpg?ssl=1\" alt=\"\"  data-original-height=\"768\" data-original-width=\"1024\" \/>Jos\u00e9 Manuel Garc\u00eda Cabello<\/a><\/div>\n<div class=\"separator\" style=\"clear: both\"><a style=\"padding: 1em 0px;text-align: center\" href=\"https:\/\/i0.wp.com\/1.bp.blogspot.com\/-trKIlbAa8oY\/YRqTqaFSraI\/AAAAAAAAdXY\/a1-_cawqTe81YNKCsXjMLwzI4q7uF8r_wCLcBGAsYHQ\/s800\/61-28a-Mossenaire_10a16_agost_2021-TransiBurgos.jpg?ssl=1\"><img data-recalc-dims=\"1\" decoding=\"async\" src=\"https:\/\/i0.wp.com\/1.bp.blogspot.com\/-trKIlbAa8oY\/YRqTqaFSraI\/AAAAAAAAdXY\/a1-_cawqTe81YNKCsXjMLwzI4q7uF8r_wCLcBGAsYHQ\/s800\/61-28a-Mossenaire_10a16_agost_2021-TransiBurgos.jpg?ssl=1\" alt=\"\"  data-original-height=\"1024\" data-original-width=\"461\" \/>Transi Burgos<\/a><\/div>\n<div class=\"separator\" style=\"clear: both\"><a style=\"padding: 1em 0px;text-align: center\" href=\"https:\/\/i0.wp.com\/1.bp.blogspot.com\/-QM2aIWJsG2A\/YRqTq8mlYSI\/AAAAAAAAdXc\/Ac8530X282gvz2_E57uBl768g2TnorTXwCLcBGAsYHQ\/s800\/62-28b-Mossenaire_10a16_agost_2021-TransiBurgos.jpg?ssl=1\"><img data-recalc-dims=\"1\" decoding=\"async\" src=\"https:\/\/i0.wp.com\/1.bp.blogspot.com\/-QM2aIWJsG2A\/YRqTq8mlYSI\/AAAAAAAAdXc\/Ac8530X282gvz2_E57uBl768g2TnorTXwCLcBGAsYHQ\/s800\/62-28b-Mossenaire_10a16_agost_2021-TransiBurgos.jpg?ssl=1\" alt=\"\"  data-original-height=\"1024\" data-original-width=\"462\" \/>Transi Burgos<\/a><\/div>\n<div class=\"separator\" style=\"clear: both\"><a style=\"padding: 1em 0px;text-align: center\" href=\"https:\/\/i0.wp.com\/1.bp.blogspot.com\/-Ig1iaLwm494\/YRqTreF8DXI\/AAAAAAAAdXg\/jWetEpxbjk4p5n9XVOhC5eEtMC5DgFaVACLcBGAsYHQ\/s800\/63-28c-Mossenaire_10a16_agost_2021-JoseCrespillo.jpg?ssl=1\"><img data-recalc-dims=\"1\" decoding=\"async\" src=\"https:\/\/i0.wp.com\/1.bp.blogspot.com\/-Ig1iaLwm494\/YRqTreF8DXI\/AAAAAAAAdXg\/jWetEpxbjk4p5n9XVOhC5eEtMC5DgFaVACLcBGAsYHQ\/s800\/63-28c-Mossenaire_10a16_agost_2021-JoseCrespillo.jpg?ssl=1\" alt=\"\"  data-original-height=\"1024\" data-original-width=\"462\" \/>Jos\u00e9 Crespillo<\/a><\/div>\n<div class=\"separator\" style=\"clear: both\"><a style=\"padding: 1em 0px;text-align: center\" href=\"https:\/\/i0.wp.com\/1.bp.blogspot.com\/-I-PnH7Apdyg\/YRqTr2f5e-I\/AAAAAAAAdXk\/5fS3sId5EvIGwLL2i6kLjiWxpMI53fWtQCLcBGAsYHQ\/s800\/64-28d-Mossenaire_10a16_agost_2021-JoseCrespillo.jpg?ssl=1\"><img data-recalc-dims=\"1\" decoding=\"async\" src=\"https:\/\/i0.wp.com\/1.bp.blogspot.com\/-I-PnH7Apdyg\/YRqTr2f5e-I\/AAAAAAAAdXk\/5fS3sId5EvIGwLL2i6kLjiWxpMI53fWtQCLcBGAsYHQ\/s800\/64-28d-Mossenaire_10a16_agost_2021-JoseCrespillo.jpg?ssl=1\" alt=\"\"  data-original-height=\"1024\" data-original-width=\"461\" \/>Jos\u00e9 Crespillo<\/a><\/div>\n<div class=\"separator\" style=\"clear: both\"><a style=\"padding: 1em 0px;text-align: center\" href=\"https:\/\/i0.wp.com\/1.bp.blogspot.com\/-lvRCLH5f7FQ\/YRqTsekkqMI\/AAAAAAAAdXo\/jpdn_7Uan10shnsGX_ND1uTk-KkRUg03wCLcBGAsYHQ\/s800\/65-29a-Mossenaire_10a16_agost_2021-JoanSolePla.jpg?ssl=1\"><img data-recalc-dims=\"1\" decoding=\"async\" src=\"https:\/\/i0.wp.com\/1.bp.blogspot.com\/-lvRCLH5f7FQ\/YRqTsekkqMI\/AAAAAAAAdXo\/jpdn_7Uan10shnsGX_ND1uTk-KkRUg03wCLcBGAsYHQ\/s800\/65-29a-Mossenaire_10a16_agost_2021-JoanSolePla.jpg?ssl=1\" alt=\"\"  data-original-height=\"768\" data-original-width=\"1024\" \/>Joan Sol\u00e9-Pla\u00a0parroquia de Marcovau, un poble amb nom\u00e9s 1 habitant estable<\/a><\/div>\n<div class=\"separator\" style=\"clear: both\"><a style=\"padding: 1em 0px;text-align: center\" href=\"https:\/\/i0.wp.com\/1.bp.blogspot.com\/-BBajXdJwpDU\/YRqTs4lGG0I\/AAAAAAAAdXs\/bn9R8x0LZCUZPi5Wb_j_ctAxc0QsQ9aagCLcBGAsYHQ\/s800\/66-30a-Mossenaire_10a16_agost_2021-RosaTrape.jpg?ssl=1\"><img data-recalc-dims=\"1\" decoding=\"async\" src=\"https:\/\/i0.wp.com\/1.bp.blogspot.com\/-BBajXdJwpDU\/YRqTs4lGG0I\/AAAAAAAAdXs\/bn9R8x0LZCUZPi5Wb_j_ctAxc0QsQ9aagCLcBGAsYHQ\/s800\/66-30a-Mossenaire_10a16_agost_2021-RosaTrape.jpg?ssl=1\" alt=\"\"  data-original-height=\"1024\" data-original-width=\"768\" \/>Rosa Trap\u00e9, Mallorca<\/a><\/div>\n<div class=\"separator\" style=\"clear: both\"><a style=\"padding: 1em 0px;text-align: center\" href=\"https:\/\/i0.wp.com\/1.bp.blogspot.com\/-7g_A5s_V9RI\/YRqTtYtNiqI\/AAAAAAAAdXw\/4tI_KNB8fCQCq3diXZQVfwJHquCYb-JygCLcBGAsYHQ\/s800\/67-31a-Mossenaire_10a16_agost_2021-IsabelVergara.jpg?ssl=1\"><img data-recalc-dims=\"1\" decoding=\"async\" src=\"https:\/\/i0.wp.com\/1.bp.blogspot.com\/-7g_A5s_V9RI\/YRqTtYtNiqI\/AAAAAAAAdXw\/4tI_KNB8fCQCq3diXZQVfwJHquCYb-JygCLcBGAsYHQ\/s800\/67-31a-Mossenaire_10a16_agost_2021-IsabelVergara.jpg?ssl=1\" alt=\"\"  data-original-height=\"1024\" data-original-width=\"768\" \/>Isabel Vergara, des de s&#8217;Agar\u00f3<\/a><\/div>\n<div class=\"separator\" style=\"clear: both\"><a style=\"padding: 1em 0px;text-align: center\" href=\"https:\/\/i0.wp.com\/1.bp.blogspot.com\/-0AG6brKinYk\/YRqTt5Fn3rI\/AAAAAAAAdX0\/Je1jO3mqBfMDMOeXMYhuZxLL4a4feUQNwCLcBGAsYHQ\/s800\/68-32a-Mossenaire_10a16_agost_2021-IsabelVergara.jpg?ssl=1\"><img data-recalc-dims=\"1\" decoding=\"async\" src=\"https:\/\/i0.wp.com\/1.bp.blogspot.com\/-0AG6brKinYk\/YRqTt5Fn3rI\/AAAAAAAAdX0\/Je1jO3mqBfMDMOeXMYhuZxLL4a4feUQNwCLcBGAsYHQ\/s800\/68-32a-Mossenaire_10a16_agost_2021-IsabelVergara.jpg?ssl=1\" alt=\"\"  data-original-height=\"823\" data-original-width=\"481\" \/>Isabel Vergara, des de s&#8217;Agar\u00f3<\/a><\/div>\n<div class=\"separator\" style=\"clear: both\"><a style=\"padding: 1em 0px;text-align: center\" href=\"https:\/\/i0.wp.com\/1.bp.blogspot.com\/-e2Lh-ciyh3A\/YRqTuQ0BgDI\/AAAAAAAAdX4\/_TF1cMP6qkQfGCZe6xCwjp3-cwiC3Ou_ACLcBGAsYHQ\/s800\/69-33a-Mossenaire_10a16_agost_2021-Margajpeg.jpg?ssl=1\"><img data-recalc-dims=\"1\" decoding=\"async\" src=\"https:\/\/i0.wp.com\/1.bp.blogspot.com\/-e2Lh-ciyh3A\/YRqTuQ0BgDI\/AAAAAAAAdX4\/_TF1cMP6qkQfGCZe6xCwjp3-cwiC3Ou_ACLcBGAsYHQ\/s800\/69-33a-Mossenaire_10a16_agost_2021-Margajpeg.jpg?ssl=1\" alt=\"\"  data-original-height=\"768\" data-original-width=\"1024\" \/>Marga\u00a0<\/a><\/div>\n<div class=\"separator\" style=\"clear: both\"><a style=\"padding: 1em 0px;text-align: center\" href=\"https:\/\/i0.wp.com\/1.bp.blogspot.com\/-1fjNhKU4Ixw\/YRqTu98hJwI\/AAAAAAAAdX8\/G97ZGQ-vA14rgb0A_az8H84FMlwcvh8QQCLcBGAsYHQ\/s800\/70-34a-Mossenaire_10a16_agost_2021-JoanForte.jpg?ssl=1\"><img data-recalc-dims=\"1\" decoding=\"async\" src=\"https:\/\/i0.wp.com\/1.bp.blogspot.com\/-1fjNhKU4Ixw\/YRqTu98hJwI\/AAAAAAAAdX8\/G97ZGQ-vA14rgb0A_az8H84FMlwcvh8QQCLcBGAsYHQ\/s800\/70-34a-Mossenaire_10a16_agost_2021-JoanForte.jpg?ssl=1\" alt=\"\"  data-original-height=\"1024\" data-original-width=\"475\" \/>Joan Forte, des de Donosti<\/a><\/div>\n<div class=\"separator\" style=\"clear: both\"><a style=\"padding: 1em 0px;text-align: center\" href=\"https:\/\/i0.wp.com\/1.bp.blogspot.com\/-xDazuXHcGIY\/YRqTvWCbCzI\/AAAAAAAAdYA\/vML1QUrg82QQrAOu7kkMi4uHGotsX8SSwCLcBGAsYHQ\/s800\/71-35a-Mossenaire_10a16_agost_2021-CarmeBallesteros.jpg?ssl=1\"><img data-recalc-dims=\"1\" decoding=\"async\" src=\"https:\/\/i0.wp.com\/1.bp.blogspot.com\/-xDazuXHcGIY\/YRqTvWCbCzI\/AAAAAAAAdYA\/vML1QUrg82QQrAOu7kkMi4uHGotsX8SSwCLcBGAsYHQ\/s800\/71-35a-Mossenaire_10a16_agost_2021-CarmeBallesteros.jpg?ssl=1\" alt=\"\"  data-original-height=\"1024\" data-original-width=\"749\" \/><span style=\"text-align: left\">Finishers del cam\u00ed de Cavalls de Menorca. Ferran, Laia en bici, Manolo i Carme corrents<\/span><\/a><\/div>\n<div class=\"separator\" style=\"clear: both\"><a style=\"padding: 1em 0px;text-align: center\" href=\"https:\/\/i0.wp.com\/1.bp.blogspot.com\/-sfacVzPowDs\/YRqTv9eiD5I\/AAAAAAAAdYE\/atu-rMi6qPMsp8kD-I-JCtLA9U0lIWX9QCLcBGAsYHQ\/s800\/72-35b-Mossenaire_10a16_agost_2021-CarmeBallesteros.jpg?ssl=1\"><img data-recalc-dims=\"1\" decoding=\"async\" src=\"https:\/\/i0.wp.com\/1.bp.blogspot.com\/-sfacVzPowDs\/YRqTv9eiD5I\/AAAAAAAAdYE\/atu-rMi6qPMsp8kD-I-JCtLA9U0lIWX9QCLcBGAsYHQ\/s800\/72-35b-Mossenaire_10a16_agost_2021-CarmeBallesteros.jpg?ssl=1\" alt=\"\"  data-original-height=\"1024\" data-original-width=\"1024\" \/><\/a><\/div>\n<div class=\"separator\" style=\"clear: both\"><a style=\"padding: 1em 0px;text-align: center\" href=\"https:\/\/i0.wp.com\/1.bp.blogspot.com\/-XAIsmfHTHyo\/YRqTwtKgFYI\/AAAAAAAAdYI\/Fjk3Be1BddwheKlOETh73SKM_I2nxWnhgCLcBGAsYHQ\/s800\/73-35c-Mossenaire_10a16_agost_2021-CarmeBallesteros.jpg?ssl=1\">Carme i Manolo<img data-recalc-dims=\"1\" decoding=\"async\" src=\"https:\/\/i0.wp.com\/1.bp.blogspot.com\/-XAIsmfHTHyo\/YRqTwtKgFYI\/AAAAAAAAdYI\/Fjk3Be1BddwheKlOETh73SKM_I2nxWnhgCLcBGAsYHQ\/s800\/73-35c-Mossenaire_10a16_agost_2021-CarmeBallesteros.jpg?ssl=1\" alt=\"\"  data-original-height=\"768\" data-original-width=\"1024\" \/>Carme i Manolo<\/a><\/div>\n<div class=\"separator\" style=\"clear: both\"><a style=\"padding: 1em 0px;text-align: center\" href=\"https:\/\/i0.wp.com\/1.bp.blogspot.com\/-MmUYuCZO3lY\/YRqTw5YhITI\/AAAAAAAAdYM\/lfbL9lCOrDYa_f38E3X_2lIsWa9_PplXQCLcBGAsYHQ\/s800\/74-35d-Mossenaire_10a16_agost_2021-CarmeBallesteros.jpg?ssl=1\"><img data-recalc-dims=\"1\" decoding=\"async\" src=\"https:\/\/i0.wp.com\/1.bp.blogspot.com\/-MmUYuCZO3lY\/YRqTw5YhITI\/AAAAAAAAdYM\/lfbL9lCOrDYa_f38E3X_2lIsWa9_PplXQCLcBGAsYHQ\/s800\/74-35d-Mossenaire_10a16_agost_2021-CarmeBallesteros.jpg?ssl=1\" alt=\"\"  data-original-height=\"1024\" data-original-width=\"1024\" \/>Carme i Manolo<\/a><\/div>\n<div class=\"separator\" style=\"clear: both\"><a style=\"padding: 1em 0px;text-align: center\" href=\"https:\/\/i0.wp.com\/1.bp.blogspot.com\/-rXpSsR-KGns\/YRqTxSBZszI\/AAAAAAAAdYQ\/-CHFkdA5eVsmsd61HaMadOVwBE-agGANwCLcBGAsYHQ\/s800\/75-35e-Mossenaire_10a16_agost_2021-FerranLis.jpg?ssl=1\"><img data-recalc-dims=\"1\" decoding=\"async\" src=\"https:\/\/i0.wp.com\/1.bp.blogspot.com\/-rXpSsR-KGns\/YRqTxSBZszI\/AAAAAAAAdYQ\/-CHFkdA5eVsmsd61HaMadOVwBE-agGANwCLcBGAsYHQ\/s800\/75-35e-Mossenaire_10a16_agost_2021-FerranLis.jpg?ssl=1\" alt=\"\"  data-original-height=\"1024\" data-original-width=\"768\" \/>Ferran Lis<\/a><\/div>\n<div class=\"separator\" style=\"clear: both\"><a style=\"padding: 1em 0px;text-align: center\" href=\"https:\/\/i0.wp.com\/1.bp.blogspot.com\/-CX2PlNV1YG8\/YRqTx1DLDjI\/AAAAAAAAdYU\/qBlkzxL0VZULA68RLHpgMHvfivoO-bVIwCLcBGAsYHQ\/s800\/76-35f-Mossenaire_10a16_agost_2021-LaiaLis.jpg?ssl=1\"><img data-recalc-dims=\"1\" decoding=\"async\" src=\"https:\/\/i0.wp.com\/1.bp.blogspot.com\/-CX2PlNV1YG8\/YRqTx1DLDjI\/AAAAAAAAdYU\/qBlkzxL0VZULA68RLHpgMHvfivoO-bVIwCLcBGAsYHQ\/s800\/76-35f-Mossenaire_10a16_agost_2021-LaiaLis.jpg?ssl=1\" alt=\"\"  data-original-height=\"1024\" data-original-width=\"768\" \/><\/a><\/div>\n<div class=\"separator\" style=\"clear: both\"><a style=\"padding: 1em 0px;text-align: center\" href=\"https:\/\/i0.wp.com\/1.bp.blogspot.com\/-MVbZW2FnN5g\/YRqTyso1UXI\/AAAAAAAAdYY\/ZeEYLr2F95Yw51p_YTlHtvaD65tfGTRcQCLcBGAsYHQ\/s800\/77-35g-Mossenaire_10a16_agost_2021-CarmeBallesteros.jpg?ssl=1\">L\u00e0ia Lis<img data-recalc-dims=\"1\" decoding=\"async\" src=\"https:\/\/i0.wp.com\/1.bp.blogspot.com\/-MVbZW2FnN5g\/YRqTyso1UXI\/AAAAAAAAdYY\/ZeEYLr2F95Yw51p_YTlHtvaD65tfGTRcQCLcBGAsYHQ\/s800\/77-35g-Mossenaire_10a16_agost_2021-CarmeBallesteros.jpg?ssl=1\" alt=\"\"  data-original-height=\"768\" data-original-width=\"1024\" \/><\/a><\/div>\n<div class=\"separator\" style=\"clear: both\"><a style=\"padding: 1em 0px;text-align: center\" href=\"https:\/\/i0.wp.com\/1.bp.blogspot.com\/-QekAe6GMCa8\/YRqTy9Oxi3I\/AAAAAAAAdYc\/hmLVQr85Jmwo6Ks800gAz-lZ__GiG3YL8ZwCLcBGAsYHQ\/s800\/78-35h-Mossenaire_10a16_agost_2021-CarmeBallesteros.jpg?ssl=1\">Carme i Manolo<img data-recalc-dims=\"1\" decoding=\"async\" src=\"https:\/\/i0.wp.com\/1.bp.blogspot.com\/-QekAe6GMCa8\/YRqTy9Oxi3I\/AAAAAAAAdYc\/hmLVQr85Jmwo6Ks800gAz-lZ__GiG3YL8ZwCLcBGAsYHQ\/s800\/78-35h-Mossenaire_10a16_agost_2021-CarmeBallesteros.jpg?ssl=1\" alt=\"\"  data-original-height=\"768\" data-original-width=\"1024\" \/>Carme i Zico<\/a><\/div>\n<div class=\"separator\" style=\"clear: both\"><a style=\"padding: 1em 0px;text-align: center\" href=\"https:\/\/i0.wp.com\/1.bp.blogspot.com\/-wZILMVPWelY\/YRqTzURIycI\/AAAAAAAAdYg\/pi1cph0sD7EovUOu_Dfgc_x2zNqFmChFQCLcBGAsYHQ\/s800\/79-35i-Mossenaire_10a16_agost_2021-CarmeBallesteros.jpg?ssl=1\"><img data-recalc-dims=\"1\" decoding=\"async\" src=\"https:\/\/i0.wp.com\/1.bp.blogspot.com\/-wZILMVPWelY\/YRqTzURIycI\/AAAAAAAAdYg\/pi1cph0sD7EovUOu_Dfgc_x2zNqFmChFQCLcBGAsYHQ\/s800\/79-35i-Mossenaire_10a16_agost_2021-CarmeBallesteros.jpg?ssl=1\" alt=\"\"  data-original-height=\"768\" data-original-width=\"1024\" \/><\/a><\/div>\n<div class=\"separator\" style=\"clear: both\"><a style=\"padding: 1em 0px;text-align: center\" href=\"https:\/\/i0.wp.com\/1.bp.blogspot.com\/-OuqWlfKDTGE\/YRqTz8IHTkI\/AAAAAAAAdYk\/POfCvRTi4TMh4aZ1qZ_JUtgyS4Zi8zF3gCLcBGAsYHQ\/s800\/80-36a-Mossenaire_10a16_agost_2021-AntonioZarco_PepMoliner.jpg?ssl=1\">Carme i Zico<img data-recalc-dims=\"1\" decoding=\"async\" src=\"https:\/\/i0.wp.com\/1.bp.blogspot.com\/-OuqWlfKDTGE\/YRqTz8IHTkI\/AAAAAAAAdYk\/POfCvRTi4TMh4aZ1qZ_JUtgyS4Zi8zF3gCLcBGAsYHQ\/s800\/80-36a-Mossenaire_10a16_agost_2021-AntonioZarco_PepMoliner.jpg?ssl=1\" alt=\"\"  data-original-height=\"473\" data-original-width=\"1024\" \/>Pep Moliner i Antonio Zarco<\/a><\/div>\n<div class=\"separator\" style=\"clear: both\"><a style=\"padding: 1em 0px;text-align: center\" href=\"https:\/\/i0.wp.com\/1.bp.blogspot.com\/-JGmZ0CFlQBs\/YRqT0cxT6FI\/AAAAAAAAdYo\/6mf4hubm1jwHUoazUyp9myJSPD6dDZxWwCLcBGAsYHQ\/s800\/81-37a-Mossenaire_10a16_agost_2021-AntonioZarco.jpg?ssl=1\"><img data-recalc-dims=\"1\" decoding=\"async\" src=\"https:\/\/i0.wp.com\/1.bp.blogspot.com\/-JGmZ0CFlQBs\/YRqT0cxT6FI\/AAAAAAAAdYo\/6mf4hubm1jwHUoazUyp9myJSPD6dDZxWwCLcBGAsYHQ\/s800\/81-37a-Mossenaire_10a16_agost_2021-AntonioZarco.jpg?ssl=1\" alt=\"\"  data-original-height=\"1024\" data-original-width=\"472\" \/>Antonio Zarco<\/a><\/div>\n<div class=\"separator\" style=\"clear: both\">\n<p><a style=\"padding: 1em 0px;text-align: center\" href=\"https:\/\/i0.wp.com\/1.bp.blogspot.com\/-iLkxGgJ4mCw\/YRqT05DXcLI\/AAAAAAAAdYs\/6CCAW5LJqaMrEf-xJ4o7erdSBNfVs4dyQCLcBGAsYHQ\/s800\/82-38a-Mossenaire_10a16_agost_2021-JosepMoncunill.jpg?ssl=1\"><img data-recalc-dims=\"1\" decoding=\"async\" src=\"https:\/\/i0.wp.com\/1.bp.blogspot.com\/-iLkxGgJ4mCw\/YRqT05DXcLI\/AAAAAAAAdYs\/6CCAW5LJqaMrEf-xJ4o7erdSBNfVs4dyQCLcBGAsYHQ\/s800\/82-38a-Mossenaire_10a16_agost_2021-JosepMoncunill.jpg?ssl=1\" alt=\"\"  data-original-height=\"472\" data-original-width=\"1024\" \/>Josep Muncunill<\/a><a style=\"padding: 1em 0px;text-align: center\" href=\"https:\/\/1.bp.blogspot.com\/-iLkxGgJ4mCw\/YRqT05DXcLI\/AAAAAAAAdYs\/6CCAW5LJqaMrEf-xJ4o7erdSBNfVs4dyQCLcBGAsYHQ\/s800\/82-38a-Mossenaire_10a16_agost_2021-JosepMoncunill.jpg\"><br \/>\n<\/a><\/p>\n<div class=\"separator\" style=\"clear: both;text-align: center\"><span class=\"embed-youtube\" style=\"text-align:center; display: block;\"><iframe loading=\"lazy\" class=\"youtube-player\" width=\"600\" height=\"338\" src=\"https:\/\/www.youtube.com\/embed\/Mj3UIH-18yg?version=3&#038;rel=1&#038;showsearch=0&#038;showinfo=1&#038;iv_load_policy=1&#038;fs=1&#038;hl=ca&#038;autohide=2&#038;wmode=transparent\" allowfullscreen=\"true\" style=\"border:0;\" sandbox=\"allow-scripts allow-same-origin allow-popups allow-presentation allow-popups-to-escape-sandbox\"><\/iframe><\/span><\/div>\n<p><a style=\"padding: 1em 0px;text-align: center\" href=\"https:\/\/1.bp.blogspot.com\/-iLkxGgJ4mCw\/YRqT05DXcLI\/AAAAAAAAdYs\/6CCAW5LJqaMrEf-xJ4o7erdSBNfVs4dyQCLcBGAsYHQ\/s800\/82-38a-Mossenaire_10a16_agost_2021-JosepMoncunill.jpg\">\u00a0<\/a><\/p>\n<\/div>\n","protected":false},"excerpt":{"rendered":"<p>Aquesta setmana \u00e9s quan hi ha m\u00e9s festes majors arreu, i tamb\u00e9 quan m\u00e9s gent t\u00e9 uns dies de vacances i ara Mossenaires, se n&#8217;alegra de rebre dels quatre punts cardinals fotografies que refresquen la nostra exist\u00e8ncia. Aquesta setmana han declarat com a no recomanable anar al moltes zones boscoses i ni cal dir que [&hellip;]<\/p>\n","protected":false},"author":171,"featured_media":0,"comment_status":"closed","ping_status":"closed","sticky":false,"template":"","format":"standard","meta":{"jetpack_post_was_ever_published":false,"_jetpack_newsletter_access":"","_jetpack_dont_email_post_to_subs":false,"_jetpack_newsletter_tier_id":0,"_jetpack_memberships_contains_paywalled_content":false,"_jetpack_memberships_contains_paid_content":false,"footnotes":"","jetpack_publicize_message":"","jetpack_publicize_feature_enabled":true,"jetpack_social_post_already_shared":true,"jetpack_social_options":{"image_generator_settings":{"template":"highway","default_image_id":0,"font":"","enabled":false},"version":2}},"categories":[2697,1644,25130,4554,25102,25094,73],"tags":[],"class_list":["post-5412","post","type-post","status-publish","format-standard","hentry","category-amistat","category-correr","category-correrxerrar","category-mossenaires","category-mossenhoms-be","category-pep-moliner","category-terrassa"],"jetpack_publicize_connections":[],"jetpack_featured_media_url":"","jetpack_sharing_enabled":true,"jetpack_shortlink":"https:\/\/wp.me\/pagkiK-1pi","jetpack-related-posts":[{"id":225,"url":"https:\/\/blogs.avui.cat\/pepmoliner\/2010\/03\/07\/cada-setmana-es-especial-a-mossen-homs\/","url_meta":{"origin":5412,"position":0},"title":"Cada setmana \u00e9s especial a Moss\u00e8n Homs","author":"Pep Moliner","date":"7 de mar\u00e7 de 2010","format":false,"excerpt":"Hem fet el que sabem: correm amb qui volem i es ho passem b\u00e9. Il\u00b7lustrem amb fotografies i anem augmentant amb amics que ens tenen present. Avui ens ha conduit en Ferran Galceran, un corredor molt autocr\u00edtic que est\u00e0 passant per un moments de lluita amb les lesions que no\u2026","rel":"","context":"A &quot;General&quot;","block_context":{"text":"General","link":"https:\/\/blogs.avui.cat\/pepmoliner\/category\/general\/"},"img":{"alt_text":"","src":"","width":0,"height":0},"classes":[]},{"id":550,"url":"https:\/\/blogs.avui.cat\/pepmoliner\/2011\/01\/19\/adria-el-mossenaire-mes-jove-de-la-historia\/","url_meta":{"origin":5412,"position":1},"title":"Adri\u00e0 &#8211; el Mossenaire m\u00e9s jove de la hist\u00f2ria","author":"Pep Moliner","date":"19 de gener de 2011","format":false,"excerpt":"Adri\u00e0, l'excepci\u00f3 que confirma la regla. Tot i la seva joventut, \u00e9s un esportista incre\u00efble. Avui ha estat el nostre protagonista destacat, i ens el fem tots nostre. Per nosaltres els que som mares i pares, veure com els joves fan esport i sobretot corren: ens omple de joia. Gr\u00e0cies\u2026","rel":"","context":"A &quot;General&quot;","block_context":{"text":"General","link":"https:\/\/blogs.avui.cat\/pepmoliner\/category\/general\/"},"img":{"alt_text":"","src":"","width":0,"height":0},"classes":[]},{"id":5728,"url":"https:\/\/blogs.avui.cat\/pepmoliner\/2022\/11\/24\/correm-i-caminem-amb-mossenaires\/","url_meta":{"origin":5412,"position":2},"title":"Correm i caminem amb Mossenaires","author":"Pep Moliner","date":"24 de novembre de 2022","format":false,"excerpt":"Sembla que finalment arriba el fred i ens fa anar un xic m\u00e9s abrigats, amb els mateixos criteris quant a passar una estoneta plegats. Tant els caminants com els corredors, han fet els seus habituals recorreguts, els uns cap al torrent de la Gr\u00edpia i els altres a Castellarnau, passant-ho\u2026","rel":"","context":"A &quot;General&quot;","block_context":{"text":"General","link":"https:\/\/blogs.avui.cat\/pepmoliner\/category\/general\/"},"img":{"alt_text":"","src":"https:\/\/i0.wp.com\/img.youtube.com\/vi\/5RUn3L65W0I\/0.jpg?resize=350%2C200","width":350,"height":200},"classes":[]},{"id":876,"url":"https:\/\/blogs.avui.cat\/pepmoliner\/2011\/08\/30\/que-petit-es-el-mon\/","url_meta":{"origin":5412,"position":3},"title":"Qu\u00e8 petit \u00e9s el m\u00f3n","author":"Pep Moliner","date":"30 d'agost de 2011","format":false,"excerpt":"el \"m\u00f3n \u00e9s un mocador\" Aquesta expressi\u00f3 ens dona una idea de qu\u00e8 moltes vegades esdev\u00e9 petit. Sempre ens fa gr\u00e0cia com una senzilla trobada s'ha convertit coneguda per l'entorn i m\u00e9s d'una vegada tenim grates sorpreses quan anem a llocs allunyats i som coneguts els \"mossenaires\" amb el projecte\u2026","rel":"","context":"A &quot;General&quot;","block_context":{"text":"General","link":"https:\/\/blogs.avui.cat\/pepmoliner\/category\/general\/"},"img":{"alt_text":"","src":"","width":0,"height":0},"classes":[]},{"id":934,"url":"https:\/\/blogs.avui.cat\/pepmoliner\/2011\/10\/04\/lexcusa-es-bona-correr-ben-acompanyat\/","url_meta":{"origin":5412,"position":4},"title":"L&#8217;excusa \u00e9s bona: c\u00f3rrer ben acompanyat","author":"Pep Moliner","date":"4 d'octubre de 2011","format":false,"excerpt":"Un dels elements que fa que es millori practicant l'esport del c\u00f3rrer, \u00e9s que quan est\u00e0s entrenant t'ho passis b\u00e9. C\u00f3rrer en si pot esdevenir avorrit, quan portes molts anys o for\u00e7a estona. Aquest projecte ens ha descobert la possibilitat de compartir una estona amb gent que tenen les mateixes\u2026","rel":"","context":"A &quot;Entrenaments&quot;","block_context":{"text":"Entrenaments","link":"https:\/\/blogs.avui.cat\/pepmoliner\/category\/entrenaments\/"},"img":{"alt_text":"","src":"https:\/\/i0.wp.com\/lh3.googleusercontent.com\/-oV81k8PeSLU\/Torqc6EZQJI\/AAAAAAAAGps\/g3Nr_xZ92cQ\/s640\/DSC04311a.jpg?resize=350%2C200&ssl=1","width":350,"height":200},"classes":[]},{"id":496,"url":"https:\/\/blogs.avui.cat\/pepmoliner\/2011\/01\/02\/bon-any-2011-dels-egara-mossenaires\/","url_meta":{"origin":5412,"position":5},"title":"Bon Any 2011 &#8211; dels \u00c8gara-Mossenaires","author":"Pep Moliner","date":"2 de gener de 2011","format":false,"excerpt":"Era el darrer entrenament d'un any en el qual ens hem anat coneixent una mica m\u00e9s profundament els amics que ens auto-anomenem \u00c8gara- Mossenaires, nom que ara utilitzem per qu\u00e8 el nucli de la nostra amistat s'ha anat llaurant en el f\u00f2rum Mossenaire, que tamb\u00e9 deu el nom al Rector\u2026","rel":"","context":"A &quot;Entrenaments&quot;","block_context":{"text":"Entrenaments","link":"https:\/\/blogs.avui.cat\/pepmoliner\/category\/entrenaments\/"},"img":{"alt_text":"","src":"","width":0,"height":0},"classes":[]}],"_links":{"self":[{"href":"https:\/\/blogs.avui.cat\/pepmoliner\/wp-json\/wp\/v2\/posts\/5412","targetHints":{"allow":["GET"]}}],"collection":[{"href":"https:\/\/blogs.avui.cat\/pepmoliner\/wp-json\/wp\/v2\/posts"}],"about":[{"href":"https:\/\/blogs.avui.cat\/pepmoliner\/wp-json\/wp\/v2\/types\/post"}],"author":[{"embeddable":true,"href":"https:\/\/blogs.avui.cat\/pepmoliner\/wp-json\/wp\/v2\/users\/171"}],"replies":[{"embeddable":true,"href":"https:\/\/blogs.avui.cat\/pepmoliner\/wp-json\/wp\/v2\/comments?post=5412"}],"version-history":[{"count":1,"href":"https:\/\/blogs.avui.cat\/pepmoliner\/wp-json\/wp\/v2\/posts\/5412\/revisions"}],"predecessor-version":[{"id":5414,"href":"https:\/\/blogs.avui.cat\/pepmoliner\/wp-json\/wp\/v2\/posts\/5412\/revisions\/5414"}],"wp:attachment":[{"href":"https:\/\/blogs.avui.cat\/pepmoliner\/wp-json\/wp\/v2\/media?parent=5412"}],"wp:term":[{"taxonomy":"category","embeddable":true,"href":"https:\/\/blogs.avui.cat\/pepmoliner\/wp-json\/wp\/v2\/categories?post=5412"},{"taxonomy":"post_tag","embeddable":true,"href":"https:\/\/blogs.avui.cat\/pepmoliner\/wp-json\/wp\/v2\/tags?post=5412"}],"curies":[{"name":"wp","href":"https:\/\/api.w.org\/{rel}","templated":true}]}}