{"id":5055,"date":"2020-02-21T19:43:47","date_gmt":"2020-02-21T18:43:47","guid":{"rendered":"https:\/\/blogs.avui.cat\/pepmoliner\/?p=5055"},"modified":"2020-02-21T19:43:50","modified_gmt":"2020-02-21T18:43:50","slug":"torrebonica-prohibit-el-pas","status":"publish","type":"post","link":"https:\/\/blogs.avui.cat\/pepmoliner\/2020\/02\/21\/torrebonica-prohibit-el-pas\/","title":{"rendered":"Torrebonica. Prohibit el pas"},"content":{"rendered":"<p><strong><span style=\"font-size: large;color: #ff0000\">Torrebonica, i com el seu nom ens fa intuir, \u00e9s un lloc que molta gent trobem bonic. Ens agrada anar-hi ben acompanyat, i molt millor amb Mossenaires, que mentre gaudim d&#8217;aquest entorn, no deixem de riure, parlar i gaudir de tot plegat.<\/span><\/strong><br \/>\n<strong><span style=\"font-size: large;color: #ff0000\"><br \/>\n<\/span><\/strong><br \/>\n<strong><span style=\"font-size: large;color: #ff0000\">Una cosa ens ha sorpr\u00e8s i \u00e9s quan un vigilant ens indicava que ja no es permet de passejar-hi amb tranquil\u00b7litat per aquests entorns i de fet hem tingut aquesta curiosa sorpresa, quan durant una bona colla d&#8217;anys ho hem fet. B\u00e9, el dia d&#8217;avui ja \u00e9s nostre i esperem que no posin massa barreres al camp.<\/span><\/strong><br \/>\n<strong><span style=\"font-size: large;color: #ff0000\"><br \/>\n<\/span><\/strong><br \/>\n<strong><span style=\"font-size: large;color: #ff0000\">Ens ha dut la bandera en Manolo, i ens ha llegit els Mossenaires d&#8217;Honor d&#8217;altres anys en Jos\u00e9 Luis. Les fotografies en el moment familiar ha estat l&#8217;Emilio i hem pogut con\u00e8ixer a dos nous Mossenaires, que ens agradaria anar coneixent: Jordi i Jordi.<\/span><\/strong><br \/>\n<strong><span style=\"font-size: large;color: #ff0000\"><br \/>\n<\/span><\/strong><br \/>\n<strong><span style=\"font-size: large;color: #ff0000\">Podreu gaudir del v\u00eddeo, fotografies i circuit al llarg d&#8217;aquesta cr\u00f2nica, per\u00f2 el que m\u00e9s ens agrada \u00e9s que ens vinguis a veure, i per aix\u00f2 t&#8217;emplacem a qualsevol dissabte que vinguis a compartir aquests entorns al nostre costat. T&#8217;esperem!!<\/span><\/strong><\/p>\n<div><\/div>\n<div><span class=\"embed-youtube\" style=\"text-align:center; display: block;\"><iframe loading=\"lazy\" class=\"youtube-player\" width=\"600\" height=\"338\" src=\"https:\/\/www.youtube.com\/embed\/3qZk-Ysn_YI?version=3&#038;rel=1&#038;showsearch=0&#038;showinfo=1&#038;iv_load_policy=1&#038;fs=1&#038;hl=ca&#038;autohide=2&#038;wmode=transparent\" allowfullscreen=\"true\" style=\"border:0;\" sandbox=\"allow-scripts allow-same-origin allow-popups allow-presentation allow-popups-to-escape-sandbox\"><\/iframe><\/span><\/div>\n<div><\/div>\n<div><\/div>\n<div><\/div>\n<div><\/div>\n<div>\n<p><img data-recalc-dims=\"1\" decoding=\"async\" src=\"https:\/\/i0.wp.com\/1.bp.blogspot.com\/-iEklEpZ2roE\/Xk7IKH821DI\/AAAAAAAAiKQ\/x7qq8F5GPUchUUUjz6WbntXCOnW1U_nRACLcBGAsYHQ\/s800\/02-Mossenaires_15febrer2020-001.jpg?ssl=1\" border=\"0\" \/><br \/>\n<a href=\"http:\/\/mossenhoms.netfreehost.com\/viewtopic.php?p=14042&amp;mforum=mossenhoms#14042\">Manuel L\u00f3pez Rodr\u00edguez <\/a>ens ha fet els honors de dur-nos la bandera, Gr\u00e0cies!!<\/p>\n<p><img data-recalc-dims=\"1\" decoding=\"async\" src=\"https:\/\/i0.wp.com\/1.bp.blogspot.com\/-IN1lsObomkw\/Xk7IKEs6HUI\/AAAAAAAAiKY\/TNEuiNIsXyUyqM20K7XQFQufA4RTpozEwCLcBGAsYHQ\/s800\/01-Mossenaires_15febrer2020.jpg?ssl=1\" border=\"0\" \/><br \/>\nConeixent a nous mossenaires<\/p>\n<p><img data-recalc-dims=\"1\" decoding=\"async\" src=\"https:\/\/i0.wp.com\/1.bp.blogspot.com\/-O-KbvU1Q-po\/Xk7IKPA2rMI\/AAAAAAAAiKU\/1q0OnA3aPGQ2Oiu-VRYmH_l3UVK7aI1WwCLcBGAsYHQ\/s800\/03-Mossenaires_15febrer2020-002.jpg?ssl=1\" border=\"0\" \/><br \/>\n<a href=\"http:\/\/mossenhoms.netfreehost.com\/viewtopic.php?p=14042&amp;mforum=mossenhoms#14042\">Manolo <\/a>ens diu amb orgull que la portar\u00e0 per tercera vegada. I \u00e9s que en Manolo, fa un munt d&#8217;anys que tenim la sort de c\u00f3rrer amb ell. Gr\u00e0cies de nou<\/p>\n<p><img data-recalc-dims=\"1\" decoding=\"async\" src=\"https:\/\/i0.wp.com\/1.bp.blogspot.com\/-X2In_gw6mYs\/Xk7IK0psA_I\/AAAAAAAAiKc\/qZVTUJqg57MW6qzRYLohSo6y0VCyLwLCwCLcBGAsYHQ\/s800\/04-Mossenaires_15febrer2020-003.jpg?ssl=1\" border=\"0\" \/><br \/>\nEva i en Ra\u00fcl<\/p>\n<p><img data-recalc-dims=\"1\" decoding=\"async\" src=\"https:\/\/i0.wp.com\/1.bp.blogspot.com\/-mgC8ANfhbWg\/Xk7ILB0_yMI\/AAAAAAAAiKg\/UVcrcj0H5TwhD55a3VfrdlYKy5mZG23gACLcBGAsYHQ\/s800\/05-Mossenaires_15febrer2020-004.jpg?ssl=1\" border=\"0\" \/><br \/>\nA punt de sortir<\/p>\n<p><img data-recalc-dims=\"1\" decoding=\"async\" src=\"https:\/\/i0.wp.com\/1.bp.blogspot.com\/-JCFZqFTCp1Q\/Xk7ILWdJI_I\/AAAAAAAAiKk\/wagOv5t6I3Ykx9LTrD-yzlqCiuTDuWNYQCLcBGAsYHQ\/s800\/06-Mossenaires_15febrer2020-005.jpg?ssl=1\" border=\"0\" \/><br \/>\nI sortim deixant endarrere la Masia de Torre Moss\u00e8n Homs<\/p>\n<p><img data-recalc-dims=\"1\" decoding=\"async\" src=\"https:\/\/i0.wp.com\/1.bp.blogspot.com\/-M2fR5gGl6Q8\/Xk7IL2T4L_I\/AAAAAAAAiKo\/TqQZ5RofI_4DVPfxbyO3Z9EHndDAXUZ6ACLcBGAsYHQ\/s800\/07-Mossenaires_15febrer2020-006.jpg?ssl=1\" border=\"0\" \/><\/p>\n<p><img data-recalc-dims=\"1\" decoding=\"async\" src=\"https:\/\/i0.wp.com\/1.bp.blogspot.com\/-Dv8jcO-EjyU\/Xk7IMMC6HzI\/AAAAAAAAiKs\/eEGrnLjqoGo-CbC4afO_k4qJ2dUV1J6BwCLcBGAsYHQ\/s800\/08-Mossenaires_15febrer2020-007.jpg?ssl=1\" border=\"0\" \/><br \/>\n<a href=\"http:\/\/mossenhoms.netfreehost.com\/mossenhoms-post-10659.html#10659\">Diego Garc\u00eda P\u00e9rez <\/a>, amb la Mola al fons i la colla que el persegueix<\/p>\n<p><img data-recalc-dims=\"1\" decoding=\"async\" src=\"https:\/\/i0.wp.com\/1.bp.blogspot.com\/-GYohNgtknPI\/Xk7IMhQ7KNI\/AAAAAAAAiKw\/glDDSpZvqqY95Mjn81r_KnI31MoCn5S3gCLcBGAsYHQ\/s800\/09-Mossenaires_15febrer2020-008.jpg?ssl=1\" border=\"0\" \/><\/p>\n<p><img data-recalc-dims=\"1\" decoding=\"async\" src=\"https:\/\/i0.wp.com\/1.bp.blogspot.com\/-pYu2ceZuLE4\/Xk7IMhZFj9I\/AAAAAAAAiK0\/ebE-8xditNAjDGMSELohObKDVtK7ucP6gCLcBGAsYHQ\/s800\/10-Mossenaires_15febrer2020-009.jpg?ssl=1\" border=\"0\" \/><br \/>\nUna mica borrosa, endevineu que s\u00f3n?<br \/>\nCarmelo, Emilio, Pau<\/p>\n<p><img data-recalc-dims=\"1\" decoding=\"async\" src=\"https:\/\/i0.wp.com\/1.bp.blogspot.com\/-rKREoagReeQ\/Xk7IM-GT-KI\/AAAAAAAAiK4\/gWk8PBa3rFAB25cttoyh3seq0I1cP-mxgCLcBGAsYHQ\/s800\/11-Mossenaires_15febrer2020-010.jpg?ssl=1\" border=\"0\" \/><br \/>\nAl costat de la bandera, quan anem a buscar la cua<\/p>\n<p><img data-recalc-dims=\"1\" decoding=\"async\" src=\"https:\/\/i0.wp.com\/1.bp.blogspot.com\/-wEergNqGJ8Q\/Xk7INuVbF1I\/AAAAAAAAiK8\/6YWTGoreLPMvSmoUUaRr9PNFLx4CWhkuwCLcBGAsYHQ\/s800\/12-Mossenaires_15febrer2020-011.jpg?ssl=1\" border=\"0\" \/><br \/>\n<a href=\"http:\/\/mossenhoms.netfreehost.com\/viewtopic.php?p=12535&amp;mforum=mossenhoms#12535\">Eva Cantero<\/a><\/p>\n<p><img data-recalc-dims=\"1\" decoding=\"async\" src=\"https:\/\/i0.wp.com\/1.bp.blogspot.com\/-PLVapPdHSlI\/Xk7INgjlhOI\/AAAAAAAAiLA\/iZXFDdasEZIRb2tSFhHwvIQ0XKcKEsvzwCLcBGAsYHQ\/s800\/13-Mossenaires_15febrer2020-012.jpg?ssl=1\" border=\"0\" \/><br \/>\nArriba la cua, amb en Raul, Josep, Carmelo i al capdavant en Jos\u00e9 Lu\u00eds<\/p>\n<p><img data-recalc-dims=\"1\" decoding=\"async\" src=\"https:\/\/i0.wp.com\/1.bp.blogspot.com\/-fmWibJOe6cE\/Xk7IN0nEMFI\/AAAAAAAAiLE\/ZLJJ14LbOzoHbWWvgN9j7fwepLJHF1BdwCLcBGAsYHQ\/s800\/14-Mossenaires_15febrer2020-013.jpg?ssl=1\" border=\"0\" \/><br \/>\n<a href=\"http:\/\/mossenhoms.netfreehost.com\/mossenhoms-post-14330.html#14330\">Ra\u00fal Elia <\/a>, Josep, Carmelo<\/p>\n<p><img data-recalc-dims=\"1\" decoding=\"async\" src=\"https:\/\/i0.wp.com\/1.bp.blogspot.com\/-4_3lhbjbn9w\/Xk7IOVxWdzI\/AAAAAAAAiLI\/u1x7eltnuA8a-E25Us97Wd-LrrnpjFJlQCLcBGAsYHQ\/s800\/15-Mossenaires_15febrer2020-014.jpg?ssl=1\" border=\"0\" \/><br \/>\n<a href=\"http:\/\/mossenhoms.netfreehost.com\/mossenhoms-post-14330.html#14330\">Ra\u00fal Elia <\/a>, Josep,<\/p>\n<p><img data-recalc-dims=\"1\" decoding=\"async\" src=\"https:\/\/i0.wp.com\/1.bp.blogspot.com\/-swO1aj0tlSk\/Xk7IOmtKVDI\/AAAAAAAAiLM\/nw9OSJjv1K0HJSivKKyfW2OwIJBa0sHIgCLcBGAsYHQ\/s800\/16-Mossenaires_15febrer2020-015.jpg?ssl=1\" border=\"0\" \/><br \/>\n<a href=\"http:\/\/mossenhoms.netfreehost.com\/mossenhoms-post-14330.html#14330\">Ra\u00fal Elia <\/a>, Josep, Eva<\/p>\n<p><img data-recalc-dims=\"1\" decoding=\"async\" src=\"https:\/\/i0.wp.com\/1.bp.blogspot.com\/-IuPh3uX4HHY\/Xk7IO0gMtnI\/AAAAAAAAiLQ\/ow6wcJfg_CsSXGz1k7ahTH0XcXsmdaISACLcBGAsYHQ\/s800\/17-Mossenaires_15febrer2020-016.jpg?ssl=1\" border=\"0\" \/><br \/>\nEn Jordi, de blanc, ens ha portat un Nou Mossenaire, en Jordi<\/p>\n<p><img data-recalc-dims=\"1\" decoding=\"async\" src=\"https:\/\/i0.wp.com\/1.bp.blogspot.com\/-Fjn5pC81QPc\/Xk7IPdXekxI\/AAAAAAAAiLU\/EWNb7XICzHQLDH3v43ht599uS5g_8hdygCLcBGAsYHQ\/s800\/18-Mossenaires_15febrer2020-017.jpg?ssl=1\" border=\"0\" \/><br \/>\n<a href=\"http:\/\/mossenhoms.netfreehost.com\/mossenhoms-post-13570.html#13570\">Meritxell Casta\u00f1\u00e9<\/a><\/p>\n<p><img data-recalc-dims=\"1\" decoding=\"async\" src=\"https:\/\/i0.wp.com\/1.bp.blogspot.com\/-sZHrDjdvHzo\/Xk7IPiSVXII\/AAAAAAAAiLY\/a9R3f8XDm9sfAxcKR9jJ7DjuJ74pcHQXQCLcBGAsYHQ\/s800\/19-Mossenaires_15febrer2020-018.jpg?ssl=1\" border=\"0\" \/><br \/>\nI ara les fotos, s\u00f3n de l&#8217;Emilio. Gr\u00e0cies!!<\/p>\n<p><img data-recalc-dims=\"1\" decoding=\"async\" src=\"https:\/\/i0.wp.com\/1.bp.blogspot.com\/-qTPWsb9Uj6g\/Xk7IPs-J2BI\/AAAAAAAAiLc\/q9lobWjVdcgnrpDEs-9BJ6jXhbqtL8MuQCLcBGAsYHQ\/s800\/20-Mossenaires_15febrer2020-019.jpg?ssl=1\" border=\"0\" \/><br \/>\ndiferents moments en els quals en <a href=\"http:\/\/mossenhoms.netfreehost.com\/mossenhoms-post-13350.html#13350\">Jos\u00e9 Luis Alonso<\/a> ens llegeix als Mossenaires d&#8217;honor antics. Gr\u00e0cies<\/p>\n<p><img data-recalc-dims=\"1\" decoding=\"async\" src=\"https:\/\/i0.wp.com\/1.bp.blogspot.com\/-MMU7baz1RXY\/XlAg-TW_uTI\/AAAAAAAAiQo\/72_E7WDLzwAUNNNtNnDhEtuXI29wOOIQQCLcBGAsYHQ\/s800\/88-Mossenaires_15febrer2020-mhonor.jpg?ssl=1\" border=\"0\" \/><\/p>\n<p><img data-recalc-dims=\"1\" decoding=\"async\" src=\"https:\/\/i0.wp.com\/1.bp.blogspot.com\/-6u0GXNYYpxk\/Xk7IP_JC9VI\/AAAAAAAAiLg\/BmhfVDPuEG8vJW--aGEEVGLVtLGijMVnACLcBGAsYHQ\/s800\/21-Mossenaires_15febrer2020-020.jpg?ssl=1\" border=\"0\" \/><br \/>\n<a href=\"http:\/\/mossenhoms.netfreehost.com\/mossenhoms-post-13867.html#13867\">Pep Moliner <\/a>, mentre grava en <a href=\"http:\/\/mossenhoms.netfreehost.com\/mossenhoms-post-13350.html#13350\">Jos\u00e9 Luis Alonso<\/a><\/p>\n<p><img data-recalc-dims=\"1\" decoding=\"async\" src=\"https:\/\/i0.wp.com\/1.bp.blogspot.com\/-wBE9nZbaxvA\/Xk7IQEeyZ8I\/AAAAAAAAiLk\/fV3fpejji_YL8-FkmPJpNhglBnYSahGoQCLcBGAsYHQ\/s800\/22-Mossenaires_15febrer2020-021.jpg?ssl=1\" border=\"0\" \/><br \/>\nAvui <a href=\"http:\/\/mossenhoms.netfreehost.com\/mossenhoms-post-13350.html#13350\">Jos\u00e9 Luis Alonso<\/a> ens llegeix els Mossenaires d&#8217;honor, tal dia com avui per\u00f2 d&#8217;anys anteriors<\/p>\n<p><img data-recalc-dims=\"1\" decoding=\"async\" src=\"https:\/\/i0.wp.com\/1.bp.blogspot.com\/-Jzx-dIm0eUM\/Xk7IQYXITFI\/AAAAAAAAiLo\/fvKTMQJysqwblExtUdAmHuFGlX_ud4aiACLcBGAsYHQ\/s800\/23-Mossenaires_15febrer2020-022.jpg?ssl=1\" border=\"0\" \/><br \/>\nMontilla<\/p>\n<p><img data-recalc-dims=\"1\" decoding=\"async\" src=\"https:\/\/i0.wp.com\/1.bp.blogspot.com\/-BOb-3slqqNQ\/Xk7IQyCCjZI\/AAAAAAAAiLw\/yUuHkPAKOU8W0v0ILIt2TcH8-qqZki8IQCLcBGAsYHQ\/s800\/24-Mossenaires_15febrer2020-023.jpg?ssl=1\" border=\"0\" \/><br \/>\nlloc incre\u00efble, Torrebonica<\/p>\n<p><img data-recalc-dims=\"1\" decoding=\"async\" src=\"https:\/\/i0.wp.com\/1.bp.blogspot.com\/-emGQq7vILw0\/Xk7IRI9_mpI\/AAAAAAAAiLs\/snuiFLL_8qYGfGq1j_0MeG7EP4kcSicZwCLcBGAsYHQ\/s800\/25-Mossenaires_15febrer2020-024.jpg?ssl=1\" border=\"0\" \/><\/p>\n<p><img data-recalc-dims=\"1\" decoding=\"async\" src=\"https:\/\/i0.wp.com\/1.bp.blogspot.com\/-ASi_NOJflZY\/Xk7IRJYjbAI\/AAAAAAAAiL0\/nRNfO-0cXVon2gOeqitA1DH6uVuK9dUgACLcBGAsYHQ\/s800\/26-Mossenaires_15febrer2020-025.jpg?ssl=1\" border=\"0\" \/><\/p>\n<p><img data-recalc-dims=\"1\" decoding=\"async\" src=\"https:\/\/i0.wp.com\/1.bp.blogspot.com\/-BKOvrbEFsgg\/Xk7IR9A__lI\/AAAAAAAAiL4\/eCCAfrAZzp4sPZ2Q4Qki0FllbLh05GF8QCLcBGAsYHQ\/s800\/27-Mossenaires_15febrer2020-026.jpg?ssl=1\" border=\"0\" \/><br \/>\nContrallum de, el de la gorra i dues ombres<\/p>\n<p><img data-recalc-dims=\"1\" decoding=\"async\" src=\"https:\/\/i0.wp.com\/1.bp.blogspot.com\/-Xds0igIV5NU\/Xk7ISNNz1CI\/AAAAAAAAiL8\/fUKAfkbpR24clVFl2lk5UdVJswsbWrsYQCLcBGAsYHQ\/s800\/28-Mossenaires_15febrer2020-027.jpg?ssl=1\" border=\"0\" \/><br \/>\nMita&#8217;l en Pep, i els Mossenaires nous, que diuen Jordi &amp; Jordi, que a m\u00e9s no es coneixen de res. B\u00e9, a partir d&#8217;avu\u00ed si<\/p>\n<p><img data-recalc-dims=\"1\" decoding=\"async\" src=\"https:\/\/i0.wp.com\/1.bp.blogspot.com\/-Sk_0qwnmYkE\/Xk7ISFOUvYI\/AAAAAAAAiMA\/nGtOC66ur9oPHP24X8kcp1R5ddYcjZQ6QCLcBGAsYHQ\/s800\/29-Mossenaires_15febrer2020-028.jpg?ssl=1\" border=\"0\" \/><br \/>\nAqu\u00ed l&#8217;Anna, ens explica alguna cosa, que haureu d&#8217;escoltar al v\u00eddeo.<\/p>\n<p><img data-recalc-dims=\"1\" decoding=\"async\" src=\"https:\/\/i0.wp.com\/1.bp.blogspot.com\/-LANDOy85gFo\/Xk7ISozUwKI\/AAAAAAAAiME\/Xn3zo12UfCMqkOZm4UE8pUmxGxp-2qymQCLcBGAsYHQ\/s800\/30-Mossenaires_15febrer2020-029.jpg?ssl=1\" border=\"0\" \/><br \/>\nQue deu ser, aix\u00f2 que sembla important?<\/p>\n<p><img data-recalc-dims=\"1\" decoding=\"async\" src=\"https:\/\/i0.wp.com\/1.bp.blogspot.com\/-lAcT6jcC8Vg\/Xk7ISvAAejI\/AAAAAAAAiMI\/2swc8d1MPOoOSNZ_XJXlMniY4m8073jpACLcBGAsYHQ\/s800\/31-Mossenaires_15febrer2020-030.jpg?ssl=1\" border=\"0\" \/><br \/>\nUna recta ben bonica, que ens ofereix l&#8217;Emilio<\/p>\n<p><img data-recalc-dims=\"1\" decoding=\"async\" src=\"https:\/\/i0.wp.com\/1.bp.blogspot.com\/-1UBgcZFRqAo\/Xk7IS8Q2I8I\/AAAAAAAAiMM\/LB4TivLiun8QgsC5kKPuo0At-3OUWfYmACLcBGAsYHQ\/s800\/32-Mossenaires_15febrer2020.28.jpg?ssl=1\" border=\"0\" \/><br \/>\nManolo i Fran<\/p>\n<p><img data-recalc-dims=\"1\" decoding=\"async\" src=\"https:\/\/i0.wp.com\/1.bp.blogspot.com\/-w6hVWSjOikE\/Xk7ITJ7qeBI\/AAAAAAAAiMQ\/sRwCiIHZR0ILqo1G_Q4h4rwO25bCtLTfgCLcBGAsYHQ\/s800\/33-Mossenaires_15febrer2020.03.jpg?ssl=1\" border=\"0\" \/><\/p>\n<p><img data-recalc-dims=\"1\" decoding=\"async\" src=\"https:\/\/i0.wp.com\/1.bp.blogspot.com\/-wurprjL9uXY\/Xk7ITcGRcGI\/AAAAAAAAiMU\/WPoCIutAi8cxX-rux9qoe7SUWXjF9HJrQCLcBGAsYHQ\/s800\/34-Mossenaires_15febrer2020.55.jpg?ssl=1\" border=\"0\" \/><\/p>\n<p><img data-recalc-dims=\"1\" decoding=\"async\" src=\"https:\/\/i0.wp.com\/1.bp.blogspot.com\/-Cc2Jlk4qVDY\/Xk7ITjYgKHI\/AAAAAAAAiMY\/G79XiI4M4zkfiaJ24oqfIeDiM9Zb8TwjACLcBGAsYHQ\/s800\/35-Mossenaires_15febrer2020.34.jpg?ssl=1\" border=\"0\" \/><\/p>\n<p><img data-recalc-dims=\"1\" decoding=\"async\" src=\"https:\/\/i0.wp.com\/1.bp.blogspot.com\/-BG3Wm2f2v1o\/Xk7IT81tUmI\/AAAAAAAAiMc\/Ohbe-fBmU7ExASpN8jr7EYurdqjDBGfeQCLcBGAsYHQ\/s800\/36-Mossenaires_15febrer2020.04.jpg?ssl=1\" border=\"0\" \/><br \/>\nI tal com diu al v\u00eddeo, en <a href=\"http:\/\/mossenhoms.netfreehost.com\/mossenhoms-post-13350.html#13350\">Jos\u00e9 Luis Alonso<\/a>, seguim el protocol<\/p>\n<p><img data-recalc-dims=\"1\" decoding=\"async\" src=\"https:\/\/i0.wp.com\/1.bp.blogspot.com\/-M9eqUHIh_Mo\/Xk7IUGZLYmI\/AAAAAAAAiMg\/unADIumXgd4PnE2gUJ0VY6JAj_CXmmRUwCLcBGAsYHQ\/s800\/37-Mossenaires_15febrer2020.26.jpg?ssl=1\" border=\"0\" \/><br \/>\nCarlos amb en <a href=\"http:\/\/mossenhoms.netfreehost.com\/mossenhoms-post-13350.html#13350\">Jos\u00e9 Luis Alonso<\/a><\/p>\n<p><img data-recalc-dims=\"1\" decoding=\"async\" src=\"https:\/\/i0.wp.com\/1.bp.blogspot.com\/-8hl8j5m-jHI\/Xk7IUV4B_EI\/AAAAAAAAiMk\/G8cU3hVDydY8yAcO8wdt0RucGvasemnPQCLcBGAsYHQ\/s800\/38-Mossenaires_15febrer2020.44.jpg?ssl=1\" border=\"0\" \/><\/p>\n<p><img data-recalc-dims=\"1\" decoding=\"async\" src=\"https:\/\/i0.wp.com\/1.bp.blogspot.com\/-GBHviHE3UcI\/Xk7IUmEgOrI\/AAAAAAAAiMo\/irMO5-a26hA87G5DgbYKhBvBJriyuIv6QCLcBGAsYHQ\/s800\/39-Mossenaires_15febrer2020.15.jpg?ssl=1\" border=\"0\" \/><br \/>\nI en <a href=\"http:\/\/mossenhoms.netfreehost.com\/mossenhoms-post-13350.html#13350\">Jos\u00e9 Luis Alonso<\/a> treu el diploma de Mossenaire d&#8217;Honor, que avui no hem tingut i que guardarem fins que en nominem una o un de nou<\/p>\n<p><img data-recalc-dims=\"1\" decoding=\"async\" src=\"https:\/\/i0.wp.com\/1.bp.blogspot.com\/-d93L19AmYBg\/Xk7IU8ZlUfI\/AAAAAAAAiMs\/t8X9D7sQ_FoNXNTaBZotSA02Uei6KYVDgCLcBGAsYHQ\/s800\/40-Mossenaires_15febrer2020.00.jpg?ssl=1\" border=\"0\" \/><br \/>\nAra si que en <a href=\"http:\/\/mossenhoms.netfreehost.com\/mossenhoms-post-13350.html#13350\">Jos\u00e9 Luis Alonso<\/a> ha trobat el llistat, que tothom aplaudir\u00e0<\/p>\n<p><img data-recalc-dims=\"1\" decoding=\"async\" src=\"https:\/\/i0.wp.com\/1.bp.blogspot.com\/-lXMbHVwFs38\/Xk7IU0aJiQI\/AAAAAAAAiMw\/8FHOe5zO1KUJhOd_tXVVIjwe2v3T_tYDgCLcBGAsYHQ\/s800\/41-Mossenaires_15febrer2020.18.jpg?ssl=1\" border=\"0\" \/><br \/>\nMoments irrepetibles amb en <a href=\"http:\/\/mossenhoms.netfreehost.com\/mossenhoms-post-13350.html#13350\">Jos\u00e9 Luis Alonso<\/a>, el llistat, Mossenaires i la bandera<\/p>\n<p><img data-recalc-dims=\"1\" decoding=\"async\" src=\"https:\/\/i0.wp.com\/1.bp.blogspot.com\/-cWVAMmttdiE\/Xk7IVSUeQZI\/AAAAAAAAiM0\/Nb4icCjTENoKPRcWGuhq1qqk4SNNa82tACLcBGAsYHQ\/s800\/42-Mossenaires_15febrer2020.56.jpg?ssl=1\" border=\"0\" \/><br \/>\n<a href=\"http:\/\/mossenhoms.netfreehost.com\/mossenhoms-post-13350.html#13350\">Jos\u00e9 Luis Alonso<\/a> comen\u00e7a la lectura<\/p>\n<p><img data-recalc-dims=\"1\" decoding=\"async\" src=\"https:\/\/i0.wp.com\/1.bp.blogspot.com\/-eDcNEPI7zxI\/Xk7IV25XKoI\/AAAAAAAAiM4\/kbYaEpf65boCQNMFjz4R3POh8AiSFmq_gCLcBGAsYHQ\/s800\/43-Mossenaires_15febrer2020.36.jpg?ssl=1\" border=\"0\" \/><br \/>\n<a href=\"http:\/\/mossenhoms.netfreehost.com\/mossenhoms-post-13350.html#13350\">Jos\u00e9 Luis Alonso<\/a><\/p>\n<p><img data-recalc-dims=\"1\" decoding=\"async\" src=\"https:\/\/i0.wp.com\/1.bp.blogspot.com\/--55ts03PGLI\/Xk7IWA-SIYI\/AAAAAAAAiM8\/XXc-S3ptR6Ioa_HmJ2Mk19fqNPUkhgJWQCLcBGAsYHQ\/s800\/44-Mossenaires_15febrer2020.05.jpg?ssl=1\" border=\"0\" \/><br \/>\n<a href=\"http:\/\/mossenhoms.netfreehost.com\/mossenhoms-post-13350.html#13350\">Jos\u00e9 Luis Alonso<\/a> ens llegeix, i Mossenaires aplaudeixen, recordant als antics Mossenaires d&#8217;Honor<\/p>\n<p><img data-recalc-dims=\"1\" decoding=\"async\" src=\"https:\/\/i0.wp.com\/1.bp.blogspot.com\/-4p-4GvEc__M\/Xk7IWkqQyrI\/AAAAAAAAiNA\/EDmWhw1eMFoLxTCTvri6zQNgcpn_nBfZQCLcBGAsYHQ\/s800\/45-Mossenaires_15febrer2020.39.jpg?ssl=1\" border=\"0\" \/><br \/>\nEl Mossenaire Nou aixeca el dit<\/p>\n<p><img data-recalc-dims=\"1\" decoding=\"async\" src=\"https:\/\/i0.wp.com\/1.bp.blogspot.com\/-35hsl44leqw\/Xk7IW1RvjfI\/AAAAAAAAiNE\/iskin5LvBvA7NsV3AoERouEc3gpmRQVlgCLcBGAsYHQ\/s800\/46-Mossenaires_15febrer2020.05-001.jpg?ssl=1\" border=\"0\" \/><br \/>\nMossneiare Nou: en Jordi<\/p>\n<p><img data-recalc-dims=\"1\" decoding=\"async\" src=\"https:\/\/i0.wp.com\/1.bp.blogspot.com\/-2iFG0-7Ew9I\/Xk7IW_HItQI\/AAAAAAAAiNI\/kmLaRvUP9noEwT874jgsrgPlPgmYVUm2gCLcBGAsYHQ\/s800\/47-Mossenaires_15febrer2020.19.jpg?ssl=1\" border=\"0\" \/><br \/>\nI ara coneixem als dos Mossenaires Nous: Jordi i Jordi. Benvinguts, i esperem veure-us moltes vegades. Ens fa il\u00b7lusi\u00f3<\/p>\n<p><img data-recalc-dims=\"1\" decoding=\"async\" src=\"https:\/\/i0.wp.com\/1.bp.blogspot.com\/-oE5uhRQdi6A\/Xk7IXOWypGI\/AAAAAAAAiNM\/1TI-IKHhdVk6oZR_MwbROH3hWcsNkJfWwCLcBGAsYHQ\/s800\/48-Mossenaires_15febrer2020.34-001.jpg?ssl=1\" border=\"0\" \/><br \/>\nJordi i Jordi: Mossenaires Nous<\/p>\n<p><img data-recalc-dims=\"1\" decoding=\"async\" src=\"https:\/\/i0.wp.com\/1.bp.blogspot.com\/-M5bWHcLhRIA\/Xk7IX94qD5I\/AAAAAAAAiNQ\/0WqT_t-iNKQJco6HCNQw7i1wyu82x9a7wCLcBGAsYHQ\/s800\/49-Mossenaires_15febrer2020.49.jpg?ssl=1\" border=\"0\" \/><br \/>\nJordi i Jordi: Mossenaires Nous<\/p>\n<p><img data-recalc-dims=\"1\" decoding=\"async\" src=\"https:\/\/i0.wp.com\/1.bp.blogspot.com\/-wBL6-eHq3iw\/Xk7IYEmgsSI\/AAAAAAAAiNU\/2cbNontw9z8oNNcH16c7nWeaKvOYO_EtwCLcBGAsYHQ\/s800\/50-Mossenaires_15febrer2020.01.jpg?ssl=1\" border=\"0\" \/><br \/>\nJordi i Jordi: Mossenaires Nous<\/p>\n<p><img data-recalc-dims=\"1\" decoding=\"async\" src=\"https:\/\/i0.wp.com\/1.bp.blogspot.com\/-yDakppF9API\/Xk7IYMA6LII\/AAAAAAAAiNY\/JYZXHzsWiUgdTeTROiecbmLNpXuh-ZapACLcBGAsYHQ\/s800\/51-Mossenaires_15febrer2020.38.jpg?ssl=1\" border=\"0\" \/><br \/>\nQue ens deu explicar l&#8217;Anna?<\/p>\n<p><img data-recalc-dims=\"1\" decoding=\"async\" src=\"https:\/\/i0.wp.com\/1.bp.blogspot.com\/-sB2EXuoYejE\/Xk7IYgg6CVI\/AAAAAAAAiNc\/HdQdrQUS3O4Amm1hs3nCrr6_OcmxIHKcwCLcBGAsYHQ\/s800\/52-Mossenaires_15febrer2020.02.jpg?ssl=1\" border=\"0\" \/><br \/>\nGr\u00e0cies per tot Anna:<br \/>\nEns diu, senzillament, que el dia 6 de mar\u00e7 tenen lloc uns premis importants a Terrassa i en Pep, \u00e9s a dir jo, he estat nominat com a<br \/>\n&#8220;DEDICACI\u00d3 AL M\u00d3N DE L&#8217;ESPORT&#8221;<br \/>\na la NIT de l&#8217;Esportista. Si alg\u00fa vol venir que m&#8217;ho digui aviat, a veure si em donen entrades.<\/p>\n<p><img data-recalc-dims=\"1\" decoding=\"async\" src=\"https:\/\/i0.wp.com\/1.bp.blogspot.com\/-txZBWapntfA\/Xk7IY9b15CI\/AAAAAAAAiNg\/Qig542kfrNADpTRINi4V07KojiLAgVBBACLcBGAsYHQ\/s800\/53-Mossenaires_15febrer2020.26-001.jpg?ssl=1\" border=\"0\" \/><br \/>\nTu si que t&#8217;ho mereixes tot, <a href=\"http:\/\/mossenhoms.netfreehost.com\/mossenhoms-post-13810.html#13810\">Anna Cos<\/a><\/p>\n<p><img data-recalc-dims=\"1\" decoding=\"async\" src=\"https:\/\/i0.wp.com\/1.bp.blogspot.com\/-CEmJxYtijHw\/Xk7IY3JtDRI\/AAAAAAAAiNk\/m6Ff3jNCA7gGdRS6xgZbCJI5ZJUrGT1HgCLcBGAsYHQ\/s800\/54-Mossenaires_15febrer2020.59.jpg?ssl=1\" border=\"0\" \/><br \/>\nEl nostre fot\u00f2graf <a href=\"http:\/\/mossenhoms.netfreehost.com\/viewtopic.php?p=13157&amp;mforum=mossenhoms#13157\">Emilio S\u00e1nchez<\/a><\/p>\n<p><img data-recalc-dims=\"1\" decoding=\"async\" src=\"https:\/\/i0.wp.com\/1.bp.blogspot.com\/-fi-RHpj3QlM\/Xk7IZMhf55I\/AAAAAAAAiNo\/KhQsuCfEr0kV5dO_Rug9LfC4tKaTHMRGQCLcBGAsYHQ\/s800\/55-Mossenaires_15febrer2020.18-001.jpg?ssl=1\" border=\"0\" \/><br \/>\n<a href=\"http:\/\/mossenhoms.netfreehost.com\/viewtopic.php?p=13157&amp;mforum=mossenhoms#13157\">Emilio S\u00e1nchez <\/a>, moltes gr\u00e0cies!!<\/p>\n<p><img data-recalc-dims=\"1\" decoding=\"async\" src=\"https:\/\/i0.wp.com\/1.bp.blogspot.com\/-vUxlwnYJfUY\/Xk7IZWgkLmI\/AAAAAAAAiNs\/iGb5l8ajDyMe1FSlRxuye6ihWsE1iMjDQCLcBGAsYHQ\/s800\/56-Mossenaires_15febrer2020.38-001.jpg?ssl=1\" border=\"0\" \/><br \/>\n<a href=\"http:\/\/mossenhoms.netfreehost.com\/viewtopic.php?p=13157&amp;mforum=mossenhoms#13157\">Emilio S\u00e1nchez<\/a><br \/>\nbona feina!!!!<\/p>\n<p><img data-recalc-dims=\"1\" decoding=\"async\" src=\"https:\/\/i0.wp.com\/1.bp.blogspot.com\/-vs_GSUDSmj4\/Xk7IZvZFHNI\/AAAAAAAAiNw\/66Jrnhn3cUke9ag837IO0-1YURjSh0z0ACLcBGAsYHQ\/s800\/57-Mossenaires_15febrer2020.53.jpg?ssl=1\" border=\"0\" \/><\/p>\n<p><img data-recalc-dims=\"1\" decoding=\"async\" src=\"https:\/\/i0.wp.com\/1.bp.blogspot.com\/-VXjEUr_DSq8\/Xk7IZ7D4W7I\/AAAAAAAAiN0\/x-MArHzM9FE72GhQWq11RD11ug_zSljuACLcBGAsYHQ\/s800\/58-Mossenaires_15febrer2020.18-002.jpg?ssl=1\" border=\"0\" \/><\/p>\n<p><img data-recalc-dims=\"1\" decoding=\"async\" src=\"https:\/\/i0.wp.com\/1.bp.blogspot.com\/-JfPbdeusIAg\/Xk7IaDrHTvI\/AAAAAAAAiN4\/MINpngM-I2shejg17a6toOl286p1V0_gwCLcBGAsYHQ\/s800\/59-Mossenaires_15febrer2020.41.jpg?ssl=1\" border=\"0\" \/><br \/>\ni gr\u00e0cies a en Emilio, tenim fotos del lloc, que igual ara no ens deixaran visitar com f\u00e8iem.<\/p>\n<p><img data-recalc-dims=\"1\" decoding=\"async\" src=\"https:\/\/i0.wp.com\/1.bp.blogspot.com\/-BdMCdIylDhM\/Xk7IamoBMgI\/AAAAAAAAiN8\/1gc8cPU-2mEq5Ob8Cm1CODpMPYfvBunRACLcBGAsYHQ\/s800\/60-Mossenaires_15febrer2020-031.jpg?ssl=1\" border=\"0\" \/><\/p>\n<p><img data-recalc-dims=\"1\" decoding=\"async\" src=\"https:\/\/i0.wp.com\/1.bp.blogspot.com\/-NmUWr_Dsrj8\/Xk7Ia8WNWxI\/AAAAAAAAiOA\/jayOe-R5ivw4RO732sDsD4GkzEUpdsVYwCLcBGAsYHQ\/s800\/61-Mossenaires_15febrer2020-032.jpg?ssl=1\" border=\"0\" \/><\/p>\n<p><img data-recalc-dims=\"1\" decoding=\"async\" src=\"https:\/\/i0.wp.com\/1.bp.blogspot.com\/-r4lcCvJvvJ0\/Xk7IaxwTnPI\/AAAAAAAAiOE\/ZLABGAS19H8Oiy5g-_lZztqk3FLYycdpwCLcBGAsYHQ\/s1600\/62-Mossenaires_15febrer2020-033.jpg?ssl=1\" border=\"0\" \/><br \/>\nHi hem passat sovint per aqu\u00ed i la foto de fam\u00edlia \u00e9s la primera. Esperem no sigui la darrera. Quan est\u00e0vem fent la foto, un guarda de seguretat ens feia fora: per\u00f2 almenys tenim aquest record d&#8217;avui. Gr\u00e0cies a tothom<\/p>\n<p><img data-recalc-dims=\"1\" decoding=\"async\" src=\"https:\/\/i0.wp.com\/1.bp.blogspot.com\/-ihOL3MelaEE\/Xk7IbNbiRnI\/AAAAAAAAiOI\/nU0vWyBFf3sN0MQ5Y297ndadwGmQL1jIgCLcBGAsYHQ\/s800\/63-Mossenaires_15febrer2020-034.jpg?ssl=1\" border=\"0\" \/><br \/>\nAmb un dit<\/p>\n<p><img data-recalc-dims=\"1\" decoding=\"async\" src=\"https:\/\/i0.wp.com\/1.bp.blogspot.com\/-2-rrUNpFVQE\/Xk7IbQ8nyuI\/AAAAAAAAiOM\/7PG9VmpsdHoyWFCRGF3YkyURFO3KramJQCLcBGAsYHQ\/s800\/64-Mossenaires_15febrer2020-035.jpg?ssl=1\" border=\"0\" \/><br \/>\nI travessem la barrera, gr\u00e0cies al dit d&#8217;en <a href=\"http:\/\/mossenhoms.netfreehost.com\/mossenhoms-post-14188.html#14188\">Fernando Artesero<\/a><\/p>\n<p><img data-recalc-dims=\"1\" decoding=\"async\" src=\"https:\/\/i0.wp.com\/1.bp.blogspot.com\/-hllAIvA96o4\/Xk7IbnV1VHI\/AAAAAAAAiOQ\/Vp9ICom2qDwOQyxpqA1T0BE7Q-W55CkegCLcBGAsYHQ\/s800\/65-Mossenaires_15febrer2020-036.jpg?ssl=1\" border=\"0\" \/><br \/>\n<a href=\"http:\/\/mossenhoms.netfreehost.com\/mossenhoms-post-14188.html#14188\">Fernando Artesero <\/a>aguanta la tanca i amb un dit<\/p>\n<p><img data-recalc-dims=\"1\" decoding=\"async\" src=\"https:\/\/i0.wp.com\/1.bp.blogspot.com\/-W8ltHS7VvQ8\/Xk7Ibx6DPOI\/AAAAAAAAiOU\/lTtl4CzqoN4oGo7rCIJWkSjYEqQaUXc9gCLcBGAsYHQ\/s800\/66-Mossenaires_15febrer2020-037.jpg?ssl=1\" border=\"0\" \/><\/p>\n<p><img data-recalc-dims=\"1\" decoding=\"async\" src=\"https:\/\/i0.wp.com\/1.bp.blogspot.com\/-TCcpSlIwxXw\/Xk7IcMf2pWI\/AAAAAAAAiOY\/cG2D5Gj-FO4O31O4rY-hpG_pFjtT8_OIACLcBGAsYHQ\/s800\/67-Mossenaires_15febrer2020-038.jpg?ssl=1\" border=\"0\" \/><\/p>\n<p><img data-recalc-dims=\"1\" decoding=\"async\" src=\"https:\/\/i0.wp.com\/1.bp.blogspot.com\/-RLNwItDS3VQ\/Xk7IccaOtZI\/AAAAAAAAiOc\/oexwApH58T07sX1P-blt2vT5s5bVJmx7wCLcBGAsYHQ\/s800\/68-Mossenaires_15febrer2020-039.jpg?ssl=1\" border=\"0\" \/><br \/>\nPassant pel GR173 i cam\u00ed vell de Sant Quirze a Matadepera i on marca diferents punts quilom\u00e8trics<\/p>\n<p><img data-recalc-dims=\"1\" decoding=\"async\" src=\"https:\/\/i0.wp.com\/1.bp.blogspot.com\/-7_B-IfBVAbo\/Xk7Icl5K5NI\/AAAAAAAAiOg\/xvEnKjbuabo7uvaS0hrAqI7WoEflNtGNACLcBGAsYHQ\/s800\/69-Mossenaires_15febrer2020-040.jpg?ssl=1\" border=\"0\" \/><br \/>\nCoco, i al fons Eva i V\u00edctor<\/p>\n<p><img data-recalc-dims=\"1\" decoding=\"async\" src=\"https:\/\/i0.wp.com\/1.bp.blogspot.com\/-7PaQmaw_eDU\/Xk7IcxrlSQI\/AAAAAAAAiOk\/G9EbM7svzFoniVfGLAMGopzQ35dT_ZHuwCLcBGAsYHQ\/s800\/70-Mossenaires_15febrer2020-041.jpg?ssl=1\" border=\"0\" \/><br \/>\nI ja deixem lluny Torrebonica<\/p>\n<p><img data-recalc-dims=\"1\" decoding=\"async\" src=\"https:\/\/i0.wp.com\/1.bp.blogspot.com\/-2n8qhkNnfuY\/Xk7IddbBreI\/AAAAAAAAiOo\/hgMoIRcxcGkgqvPrKJ44ZBdfILESjEt6gCLcBGAsYHQ\/s800\/71-Mossenaires_15febrer2020-042.jpg?ssl=1\" border=\"0\" \/><\/p>\n<p><img data-recalc-dims=\"1\" decoding=\"async\" src=\"https:\/\/i0.wp.com\/1.bp.blogspot.com\/-b0IiGoPm3Hw\/Xk7Id74t_EI\/AAAAAAAAiOs\/P6coasM3KhUJJeH7H-ITHUE749mBb4GbgCLcBGAsYHQ\/s800\/72-Mossenaires_15febrer2020-043.jpg?ssl=1\" border=\"0\" \/><\/p>\n<p><img data-recalc-dims=\"1\" decoding=\"async\" src=\"https:\/\/i0.wp.com\/1.bp.blogspot.com\/-lxixrZKluUY\/Xk7IeY0H7fI\/AAAAAAAAiOw\/p6gFjLkWiu0BrWszpSNn87p0QVxmlfrlQCLcBGAsYHQ\/s800\/73-Mossenaires_15febrer2020-044.jpg?ssl=1\" border=\"0\" \/><br \/>\nAmunt i avall<\/p>\n<p><img data-recalc-dims=\"1\" decoding=\"async\" src=\"https:\/\/i0.wp.com\/1.bp.blogspot.com\/-2aYTj51Q4Yk\/Xk7IesnAfLI\/AAAAAAAAiO0\/x4V1es7t_0kYix0_JGF8bjMwrfkF46saACLcBGAsYHQ\/s800\/74-Mossenaires_15febrer2020-045.jpg?ssl=1\" border=\"0\" \/><\/p>\n<p><img data-recalc-dims=\"1\" decoding=\"async\" src=\"https:\/\/i0.wp.com\/1.bp.blogspot.com\/-uOBDA4XJeAs\/Xk7Ieu0fiGI\/AAAAAAAAiO4\/OjTz7c29NQ4W1I1GotnAK7wX8Mi1GMMXwCLcBGAsYHQ\/s800\/75-Mossenaires_15febrer2020-046.jpg?ssl=1\" border=\"0\" \/><br \/>\nJordi, Sandra<\/p>\n<p><img data-recalc-dims=\"1\" decoding=\"async\" src=\"https:\/\/i0.wp.com\/1.bp.blogspot.com\/-JX6ubq-stJ0\/Xk7Ie-HXpuI\/AAAAAAAAiO8\/n6RVCCijfXU75e4YMA0rXGRYDRnwaECzgCLcBGAsYHQ\/s800\/76-Mossenaires_15febrer2020-047.jpg?ssl=1\" border=\"0\" \/><br \/>\nLa Mola al fons<\/p>\n<p><img data-recalc-dims=\"1\" decoding=\"async\" src=\"https:\/\/i0.wp.com\/1.bp.blogspot.com\/-QT7vXj967sA\/Xk7IfQ3fJtI\/AAAAAAAAiPA\/XHXSb0WhfcYecj7cuvdoyOb8i-YfTtgqACLcBGAsYHQ\/s800\/77-Mossenaires_15febrer2020-048.jpg?ssl=1\" border=\"0\" \/><\/p>\n<p><img data-recalc-dims=\"1\" decoding=\"async\" src=\"https:\/\/i0.wp.com\/1.bp.blogspot.com\/-WfeyuvFQtfg\/Xk7IfrQdReI\/AAAAAAAAiPE\/m9vxkLOEuXs5IOmgZWDgsrWThpRyko6sgCLcBGAsYHQ\/s800\/78-Mossenaires_15febrer2020-049.jpg?ssl=1\" border=\"0\" \/><br \/>\nV\u00edctor i Coco, Seguits per Eva i Sherlok i tancant el grup, en Javier<\/p>\n<p><img data-recalc-dims=\"1\" decoding=\"async\" src=\"https:\/\/i0.wp.com\/1.bp.blogspot.com\/-ZZ-ng-P_PV8\/Xk7IfiFq1_I\/AAAAAAAAiPI\/A5M5BpVV7K88x62-e18oGlOUREQn9fhyACLcBGAsYHQ\/s800\/79-Mossenaires_15febrer2020-050.jpg?ssl=1\" border=\"0\" \/><br \/>\nA l&#8217;Emilio encara li queden forces per anar a la cua<\/p>\n<p><img data-recalc-dims=\"1\" decoding=\"async\" src=\"https:\/\/i0.wp.com\/1.bp.blogspot.com\/-0EAihDbHRAk\/Xk7If0cW0LI\/AAAAAAAAiPM\/KqKH4JPpdJUz4HMzNCoqJF_lR7wrVBGTACLcBGAsYHQ\/s800\/80-Mossenaires_15febrer2020-051.jpg?ssl=1\" border=\"0\" \/><br \/>\nAnades i tornades, amb en Jos\u00e9 Lu\u00eds<\/p>\n<p><img data-recalc-dims=\"1\" decoding=\"async\" src=\"https:\/\/i0.wp.com\/1.bp.blogspot.com\/-mab7TfBDzIA\/Xk7IgVot--I\/AAAAAAAAiPQ\/T8JIsJZDQTosyzfifPoG3HQmlF3-k5GfwCLcBGAsYHQ\/s800\/81-Mossenaires_15febrer2020-052.jpg?ssl=1\" border=\"0\" \/><br \/>\nI en Carmelo<\/p>\n<p><img data-recalc-dims=\"1\" decoding=\"async\" src=\"https:\/\/i0.wp.com\/1.bp.blogspot.com\/-y4Do02MXmA4\/Xk7IgcjiGtI\/AAAAAAAAiPU\/O6uvFbjKFooZTch2VQ1bLy7SB4I9uZ4_ACLcBGAsYHQ\/s800\/82-Mossenaires_15febrer2020-053.jpg?ssl=1\" border=\"0\" \/><br \/>\ni el bandera: Manolo<\/p>\n<p><img data-recalc-dims=\"1\" decoding=\"async\" src=\"https:\/\/i0.wp.com\/1.bp.blogspot.com\/-QaS9CHDV1Kc\/Xk7IgnCLBxI\/AAAAAAAAiPY\/TNw-eg6pCnQaEcd36UCIHHkoNH1J7kalwCLcBGAsYHQ\/s800\/83-Mossenaires_15febrer2020-054.jpg?ssl=1\" border=\"0\" \/><br \/>\nUn punt geod\u00e8sic, i l&#8217;Emilio m&#8217;ha explicay la import\u00e0ncia d&#8217;aquests punts i que estan del tot registrats. A m\u00e9s, \u00e9s tot un expert i li ho podeu preguntar<\/p>\n<p><img data-recalc-dims=\"1\" decoding=\"async\" src=\"https:\/\/i0.wp.com\/1.bp.blogspot.com\/-caMnl93pQHY\/Xk7Ig7JNfOI\/AAAAAAAAiPc\/1vCUQtv0KisoV6UCsXzHM_5vSlnx021DQCLcBGAsYHQ\/s800\/84-Mossenaires_15febrer2020-055.jpg?ssl=1\" border=\"0\" \/><br \/>\nMerci per les explicacions: algun dia pararem el grup per qu\u00e8 ens ho expliquis a tots, val?, que s\u00e9 que et llegeixes les cr\u00f2niques!!!, ahhh!!! eres tu!!!!<\/p>\n<p><img data-recalc-dims=\"1\" decoding=\"async\" src=\"https:\/\/i0.wp.com\/1.bp.blogspot.com\/-oA2GAjnaamo\/Xk7IhcfyzPI\/AAAAAAAAiPg\/wnDyOp8ZtsU0iDfBMehljHETqs222NZEgCLcBGAsYHQ\/s800\/85-Mossenaires_15febrer2020-056.jpg?ssl=1\" border=\"0\" \/><br \/>\nTot fent la pen\u00faltima i enganxant al Carmelo. De fet vol\u00edem retratar l&#8217;arbre florit.<\/p>\n<p><img data-recalc-dims=\"1\" decoding=\"async\" src=\"https:\/\/i0.wp.com\/1.bp.blogspot.com\/-DLQgFY01t74\/Xk7IhqkvOoI\/AAAAAAAAiPk\/k3Vio12tLcANZHlCec5IYLgjwszpleT4ACLcBGAsYHQ\/s800\/86-Mossenaires_15febrer2020-057.jpg?ssl=1\" border=\"0\" \/><br \/>\nArbre florit, al camp base. Amb Mossenaire al camp base. Gr\u00e0cies a tothom per haver fet de nou un entrenament per recordar!!! Fins dissabte!!!<\/p>\n<p><a href=\"https:\/\/youtu.be\/3qZk-Ysn_YI\"><img data-recalc-dims=\"1\" decoding=\"async\" src=\"https:\/\/i0.wp.com\/1.bp.blogspot.com\/-Jz0k-box5fQ\/XlAYssvjlJI\/AAAAAAAAiQU\/V0_OOt50HP8UaqLUy5S5GHS9GiG19jeagCLcBGAsYHQ\/s800\/88-Mossenaires_15febrer2020-youtube.png?ssl=1\" border=\"0\" \/><\/a><\/p>\n<p>veure v\u00eddeo <a href=\"https:\/\/youtu.be\/3qZk-Ysn_YI\">https:\/\/youtu.be\/3qZk-Ysn_YI<\/a><\/p>\n<div style=\"background-color: white;color: #777777;font-size: 11px;line-height: 16px\">Powered by <a style=\"color: #0066dd;font-size: 11px;line-height: 16px\" href=\"https:\/\/ca.wikiloc.com\/\" target=\"_blank\" rel=\"noopener noreferrer\">Wikiloc<\/a><\/div>\n<p><a href=\"https:\/\/ca.wikiloc.com\/rutes-correr\/entrenament-en-grup-a-torre-mossen-homs-mossenaires-15-febrer-2020-46926238\"><img data-recalc-dims=\"1\" decoding=\"async\" src=\"https:\/\/i0.wp.com\/1.bp.blogspot.com\/-Au1jZ1py4QU\/XlAYsvhNzZI\/AAAAAAAAiQY\/aJhh8mpNnscp4L-s0oQSxafhsAzlN2QeACLcBGAsYHQ\/s800\/87-Mossenaires_15febrer2020-wikiloc.png?ssl=1\" border=\"0\" \/><\/a><br \/>\nveure circuit <a href=\"https:\/\/ca.wikiloc.com\/rutes-correr\/entrenament-en-grup-a-torre-mossen-homs-mossenaires-15-febrer-2020-46926238\">https:\/\/ca.wikiloc.com\/rutes-correr\/entrenament-en-grup-a-torre-mossen-homs-mossenaires-15-febrer-2020-46926238<\/a><\/p>\n<p><span style=\"color: blue;font-size: large\"><b><i><br \/>\n<\/i><\/b><\/span><span style=\"color: blue;font-size: large\"><b><i><br \/>\n<\/i><\/b><\/span><span style=\"color: blue;font-size: large\"><b><i><br \/>\n<\/i><\/b><\/span><\/p>\n<table style=\"font-family: times;padding-left: 30px;text-align: center\" cellspacing=\"0\">\n<tbody style=\"padding-left: 30px\">\n<tr style=\"padding-left: 30px\">\n<td style=\"padding-left: 30px\">\n<h2><em><span style=\"color: red;font-size: large\"><a href=\"http:\/\/www.egargrafic.com\/\" target=\"_blank\" rel=\"noopener noreferrer\"><img data-recalc-dims=\"1\" decoding=\"async\" src=\"https:\/\/i0.wp.com\/www.josepmoliner.com\/egargrafic3.gif\" alt=\"\" \/><\/a><\/span><\/em><\/h2>\n<\/td>\n<td style=\"padding-left: 30px\">\n<h2><span style=\"color: maroon\"><em><span style=\"color: red;font-size: large\"><span style=\"font-size: xx-small\">\u00a0<\/span><a href=\"http:\/\/www.elroure.net\/fisioterapiaroura\/\" target=\"_blank\" rel=\"noopener noreferrer\"><img data-recalc-dims=\"1\" decoding=\"async\" src=\"https:\/\/i0.wp.com\/elroure.net\/fisioterapiaroura\/Fisioterapia_elroure.gif\" alt=\"\" \/><\/a><\/span><\/em><\/span><\/h2>\n<\/td>\n<\/tr>\n<tr style=\"padding-left: 30px\">\n<td style=\"padding-left: 30px\">\n<h2><\/h2>\n<\/td>\n<td style=\"padding-left: 30px\">\n<h2><span style=\"color: maroon\"><em><a href=\"http:\/\/www.elroure.net\/\" target=\"_blank\" rel=\"noopener noreferrer\"><span style=\"color: red;font-size: large\"><img data-recalc-dims=\"1\" decoding=\"async\" src=\"https:\/\/i0.wp.com\/elroure.net\/rourenet.gif\" alt=\"\" \/><\/span><\/a><\/em><\/span><\/h2>\n<\/td>\n<\/tr>\n<tr style=\"padding-left: 30px\">\n<td style=\"padding-left: 30px\">\n<h2><span style=\"color: maroon\"><em><a href=\"http:\/\/www.eledevall.com\/\" target=\"_blank\" rel=\"noopener noreferrer\"><span style=\"color: red;font-size: large\"><img data-recalc-dims=\"1\" decoding=\"async\" src=\"https:\/\/i0.wp.com\/josepmoliner.com\/eledevall.gif\" alt=\"\" \/><\/span><\/a><\/em><\/span><\/h2>\n<\/td>\n<td style=\"padding-left: 30px\">\n<h2><span style=\"color: maroon\"><em><a href=\"http:\/\/civeracampoy.com\/index.php\/es\/\" target=\"_blank\" rel=\"noopener noreferrer\"><span style=\"color: red;font-size: large\"><img data-recalc-dims=\"1\" decoding=\"async\" src=\"https:\/\/i0.wp.com\/josepmoliner.com\/Civera%26Campoy.gif\" alt=\"\" \/><\/span><\/a><\/em><\/span><\/h2>\n<\/td>\n<\/tr>\n<tr style=\"padding-left: 30px\">\n<td style=\"padding-left: 30px\">\n<h2><span style=\"color: maroon\"><em><span style=\"color: red;font-size: large\">\u00a0<\/span><\/em><\/span><\/h2>\n<\/td>\n<td style=\"padding-left: 30px\">\n<h2><span style=\"color: maroon\"><em><span style=\"color: red;font-size: large\">\u00a0<\/span><\/em><\/span><\/h2>\n<\/td>\n<\/tr>\n<tr style=\"padding-left: 30px\">\n<td style=\"padding-left: 30px\">\n<table style=\"padding-left: 30px;text-align: center\" cellspacing=\"0\">\n<tbody style=\"padding-left: 30px\">\n<tr style=\"padding-left: 30px;text-align: justify\">\n<td style=\"padding-left: 30px\">\n<h2 style=\"text-align: center\"><span style=\"color: maroon\"><em><span style=\"color: red;font-size: large\">\u00a0<a href=\"mailto:pep@mossenhoms.be\" target=\"_blank\" rel=\"noopener noreferrer\">vols el teu banner?\u00a0\u00a0<\/a><\/span><\/em><\/span><\/h2>\n<\/td>\n<\/tr>\n<\/tbody>\n<\/table>\n<p><b style=\"color: red\"><i><span style=\"font-size: large\">Vols sortir al final dels cr\u00f2niques, pregunta com fer-ho a Pep Moliner<\/span><\/i><\/b><\/td>\n<\/tr>\n<\/tbody>\n<\/table>\n<p>&nbsp;<\/p>\n<div style=\"text-align: justify\"><\/div>\n<p>&nbsp;<\/p>\n<h2 style=\"font-family: times;text-align: center\"><span style=\"color: red;font-size: large\"><b><i>et fem el teu banner a Mossenhoms.be<\/i><\/b><\/span><\/h2>\n<\/div>\n","protected":false},"excerpt":{"rendered":"<p>Torrebonica, i com el seu nom ens fa intuir, \u00e9s un lloc que molta gent trobem bonic. Ens agrada anar-hi ben acompanyat, i molt millor amb Mossenaires, que mentre gaudim d&#8217;aquest entorn, no deixem de riure, parlar i gaudir de tot plegat. Una cosa ens ha sorpr\u00e8s i \u00e9s quan un vigilant ens indicava que [&hellip;]<\/p>\n","protected":false},"author":171,"featured_media":0,"comment_status":"closed","ping_status":"closed","sticky":false,"template":"","format":"standard","meta":{"jetpack_post_was_ever_published":false,"_jetpack_newsletter_access":"","_jetpack_dont_email_post_to_subs":false,"_jetpack_newsletter_tier_id":0,"_jetpack_memberships_contains_paywalled_content":false,"_jetpack_memberships_contains_paid_content":false,"footnotes":"","jetpack_publicize_message":"","jetpack_publicize_feature_enabled":true,"jetpack_social_post_already_shared":true,"jetpack_social_options":{"image_generator_settings":{"template":"highway","default_image_id":0,"font":"","enabled":false},"version":2}},"categories":[1],"tags":[],"class_list":["post-5055","post","type-post","status-publish","format-standard","hentry","category-general"],"jetpack_publicize_connections":[],"jetpack_featured_media_url":"","jetpack_sharing_enabled":true,"jetpack_shortlink":"https:\/\/wp.me\/pagkiK-1jx","jetpack-related-posts":[{"id":5028,"url":"https:\/\/blogs.avui.cat\/pepmoliner\/2020\/01\/10\/torrebonica\/","url_meta":{"origin":5055,"position":0},"title":"El primer de l&#8217;any per Torrebonica","author":"Pep Moliner","date":"10 de gener de 2020","format":false,"excerpt":"Torrebonica ens veu passar moltes vegades, i per iniciar el 2020, \u00e9s dels llocs que ofereix vistes a camps d'oliveres, muntanyes com la de Sant Lloren\u00e7 i racons que envolten Terrassa, com els plans de Can Canya, masia que ara veiem que estan arreglant. Hem fet un v\u00eddeo mentre corr\u00edem\u2026","rel":"","context":"A &quot;General&quot;","block_context":{"text":"General","link":"https:\/\/blogs.avui.cat\/pepmoliner\/category\/general\/"},"img":{"alt_text":"","src":"https:\/\/i0.wp.com\/img.youtube.com\/vi\/smLKiFSwOuw\/0.jpg?resize=350%2C200","width":350,"height":200},"classes":[]},{"id":4677,"url":"https:\/\/blogs.avui.cat\/pepmoliner\/2018\/04\/11\/que-fer-tots-els-dissabtes-a-les-0800\/","url_meta":{"origin":5055,"position":1},"title":"Qu\u00e8 fer tots els dissabtes a les 08:00","author":"Pep Moliner","date":"11 d'abril de 2018","format":false,"excerpt":"D'en\u00e7\u00e0 que no hi ha horts pel torrent de la Gr\u00edpia, semblen camins diferents i de deb\u00f2 que val molt la pena anar-hi a passejar, i que us haig de dir d'anar-hi a c\u00f3rrer. I aix\u00f2 \u00e9s el que hem fet, nom\u00e9s comen\u00e7ar. Ens ha agradat veure com hem tingut\u2026","rel":"","context":"A &quot;Amistat&quot;","block_context":{"text":"Amistat","link":"https:\/\/blogs.avui.cat\/pepmoliner\/category\/amistat\/"},"img":{"alt_text":"","src":"","width":0,"height":0},"classes":[]},{"id":6202,"url":"https:\/\/blogs.avui.cat\/pepmoliner\/2025\/07\/21\/torrent-gripia-amb-mossenaires\/","url_meta":{"origin":5055,"position":2},"title":"Torrent Gr\u00edpia amb Mossenaires","author":"Pep Moliner","date":"21 de juliol de 2025","format":false,"excerpt":"Sempre tenim motius per alegrar-nos de la trobada,\u00a0perqu\u00e8\u00a0a banda de la gran quantitat d'amigues i amics que ens reunim cada setmana, ens venen amistats de tota la vida, com en\u00a0Carlos\u00a0Gonz\u00e1lez, que algun dia o altre ens hav\u00edem vist quan passaven amb en\u00a0Maqueda,\u00a0Kike, Bernat i sobretot en\u00a0Maqueda, hist\u00f2ria viva de l'atletisme\u2026","rel":"","context":"A &quot;General&quot;","block_context":{"text":"General","link":"https:\/\/blogs.avui.cat\/pepmoliner\/category\/general\/"},"img":{"alt_text":"","src":"https:\/\/i0.wp.com\/img.youtube.com\/vi\/vs9no1tUXCY\/0.jpg?resize=350%2C200","width":350,"height":200},"classes":[]},{"id":4398,"url":"https:\/\/blogs.avui.cat\/pepmoliner\/2017\/01\/26\/mossenaires-per-can-viver-de-torrebonica\/","url_meta":{"origin":5055,"position":3},"title":"Mossenaires per Can Viver de Torrebonica","author":"Pep Moliner","date":"26 de gener de 2017","format":false,"excerpt":"Cap de setmana de gala esportiva a Terrassa, on moltes amigues i amics correran pels carrers de la nostra ciutat el diumenge. Per\u00f2 si avui \u00e9s dissabte: avui hi ha \"Mossenaires\" i amb ganes del que fem tots els dissabtes: dibuixar una rialla permanent a la cara. L'edifici pel que\u2026","rel":"","context":"A &quot;Amistat&quot;","block_context":{"text":"Amistat","link":"https:\/\/blogs.avui.cat\/pepmoliner\/category\/amistat\/"},"img":{"alt_text":"","src":"","width":0,"height":0},"classes":[]},{"id":4194,"url":"https:\/\/blogs.avui.cat\/pepmoliner\/2016\/06\/23\/quan-plou-hi-ha-qui-no-es-mou\/","url_meta":{"origin":5055,"position":4},"title":"Quan plou hi ha qui no es mou","author":"Pep Moliner","date":"23 de juny de 2016","format":false,"excerpt":"Si; es nota que la pluja ens fa rumiar que millor no mullar-se, i avui a les setdel mat\u00ed plovia, tot i que a les vuit el temps ha millorat fant\u00e0sticament i\u00a0l'entrenament, com sempre, hist\u00f2ric. Hem fet un recorregut prou conegut, on es baixa per camins amples i ens\u00a0apropem cap\u2026","rel":"","context":"A &quot;Entrenaments&quot;","block_context":{"text":"Entrenaments","link":"https:\/\/blogs.avui.cat\/pepmoliner\/category\/entrenaments\/"},"img":{"alt_text":"","src":"","width":0,"height":0},"classes":[]},{"id":934,"url":"https:\/\/blogs.avui.cat\/pepmoliner\/2011\/10\/04\/lexcusa-es-bona-correr-ben-acompanyat\/","url_meta":{"origin":5055,"position":5},"title":"L&#8217;excusa \u00e9s bona: c\u00f3rrer ben acompanyat","author":"Pep Moliner","date":"4 d'octubre de 2011","format":false,"excerpt":"Un dels elements que fa que es millori practicant l'esport del c\u00f3rrer, \u00e9s que quan est\u00e0s entrenant t'ho passis b\u00e9. C\u00f3rrer en si pot esdevenir avorrit, quan portes molts anys o for\u00e7a estona. Aquest projecte ens ha descobert la possibilitat de compartir una estona amb gent que tenen les mateixes\u2026","rel":"","context":"A &quot;Entrenaments&quot;","block_context":{"text":"Entrenaments","link":"https:\/\/blogs.avui.cat\/pepmoliner\/category\/entrenaments\/"},"img":{"alt_text":"","src":"https:\/\/i0.wp.com\/lh3.googleusercontent.com\/-oV81k8PeSLU\/Torqc6EZQJI\/AAAAAAAAGps\/g3Nr_xZ92cQ\/s640\/DSC04311a.jpg?resize=350%2C200&ssl=1","width":350,"height":200},"classes":[]}],"_links":{"self":[{"href":"https:\/\/blogs.avui.cat\/pepmoliner\/wp-json\/wp\/v2\/posts\/5055","targetHints":{"allow":["GET"]}}],"collection":[{"href":"https:\/\/blogs.avui.cat\/pepmoliner\/wp-json\/wp\/v2\/posts"}],"about":[{"href":"https:\/\/blogs.avui.cat\/pepmoliner\/wp-json\/wp\/v2\/types\/post"}],"author":[{"embeddable":true,"href":"https:\/\/blogs.avui.cat\/pepmoliner\/wp-json\/wp\/v2\/users\/171"}],"replies":[{"embeddable":true,"href":"https:\/\/blogs.avui.cat\/pepmoliner\/wp-json\/wp\/v2\/comments?post=5055"}],"version-history":[{"count":1,"href":"https:\/\/blogs.avui.cat\/pepmoliner\/wp-json\/wp\/v2\/posts\/5055\/revisions"}],"predecessor-version":[{"id":5056,"href":"https:\/\/blogs.avui.cat\/pepmoliner\/wp-json\/wp\/v2\/posts\/5055\/revisions\/5056"}],"wp:attachment":[{"href":"https:\/\/blogs.avui.cat\/pepmoliner\/wp-json\/wp\/v2\/media?parent=5055"}],"wp:term":[{"taxonomy":"category","embeddable":true,"href":"https:\/\/blogs.avui.cat\/pepmoliner\/wp-json\/wp\/v2\/categories?post=5055"},{"taxonomy":"post_tag","embeddable":true,"href":"https:\/\/blogs.avui.cat\/pepmoliner\/wp-json\/wp\/v2\/tags?post=5055"}],"curies":[{"name":"wp","href":"https:\/\/api.w.org\/{rel}","templated":true}]}}