{"id":4850,"date":"2019-02-07T21:05:13","date_gmt":"2019-02-07T20:05:13","guid":{"rendered":"https:\/\/blogs.avui.cat\/pepmoliner\/?p=4850"},"modified":"2019-02-07T21:06:55","modified_gmt":"2019-02-07T20:06:55","slug":"torrent-de-la-gripia-amb-mossenaires","status":"publish","type":"post","link":"https:\/\/blogs.avui.cat\/pepmoliner\/2019\/02\/07\/torrent-de-la-gripia-amb-mossenaires\/","title":{"rendered":"Torrent de la Gr\u00edpia, amb Mossenaires"},"content":{"rendered":"\n<span style=\"font-size: large\"><b><i>Coses que passen, es podria dir, quan despr\u00e9s de la pluja i de tot el fangueig, i pel torrent de la Gr\u00edpia, primer hem vist com les sabatilles pesaven un quilo cadascuna i que hem hagut de girar cua, per no quedar empassats pel fang i hem refet el circuit, pujant pels camins del costat dels carrers, totalment transitables i sense fang. Gr\u00e0cies per la vostra paci\u00e8ncia i el circuit ha quedat recompost, com es pot veure en el conjunt de fotografies que expressen la realitat. <\/i><\/b><\/span><br \/>\n<span style=\"font-size: large\"><b><i><br \/><\/i><\/b><\/span>\n<span style=\"font-size: large\"><b><i>Hem fet una mica de v\u00eddeo, just a un hi ha la bassa que alimenta el rec del Golf del Prat i a aquest mateix lloc, hem pogut con\u00e8ixer al Mossenaire d&#8217;Honor, el Pau, la Mossenaire nova, la Kamy tot recordant els aniversaris a Mossenaires d&#8217;honor dels altres anys. <\/i><\/b><\/span><br \/>\n<span style=\"font-size: large\"><b><i><br \/><\/i><\/b><\/span>\n<span style=\"font-size: large\"><b><i>La bandera ha estat condu\u00efda fant\u00e0sticament per la Carme i a tothom agrair que sou incre\u00efbles i hem gaudit de nou amb totes i tots vosaltres i us emplacem al dissabte vinent. Gr\u00e0cies de nou. <\/i><\/b><\/span><br \/>\n<span style=\"font-size: large\"><b><i><br \/><\/i><\/b><\/span>\n<span style=\"font-size: large\"><b><i><img data-recalc-dims=\"1\" decoding=\"async\" src=\"https:\/\/i0.wp.com\/4.bp.blogspot.com\/-6YqvigG17EY\/XFm6mt02u2I\/AAAAAAAAQSA\/tOcvQHNRO144nWuTK45nIG8sG2blRW7pACLcBGAs\/s800\/Mossenaires_2febrer2019.jpg?ssl=1\"  \/> <\/i><\/b><\/span><br \/>\n<span style=\"font-size: large\"><b><i>I avui el nostre nominat \u00e9s <\/i><\/b><\/span><br \/>\n<span style=\"font-size: large\"><b><i><br \/><\/i><\/b><\/span>\n<span style=\"font-size: large\"><b><i><img data-recalc-dims=\"1\" decoding=\"async\" src=\"https:\/\/i0.wp.com\/4.bp.blogspot.com\/-tw0wciBPB_I\/XFm6pqYhPxI\/AAAAAAAAQSM\/CRyC7lpd9RsTNBUFgbY711Eu_zgCVOPPACLcBGAs\/s800\/Mossenaires_2febrer2019-001.jpg?ssl=1\"  \/> <\/i><\/b><\/span><br \/>\n<span style=\"font-size: large\"><b><i>En Pau Margarit <\/i><\/b><\/span><br \/>\n<span style=\"font-size: large\"><b><i><br \/><\/i><\/b><\/span>\n<span style=\"font-size: large\"><b><i><img data-recalc-dims=\"1\" decoding=\"async\" src=\"https:\/\/i0.wp.com\/3.bp.blogspot.com\/-Zdx1as46yC8\/XFm6pnLy-ZI\/AAAAAAAAQSI\/JP4z-H7O8m4omGr3WGJ-3Km_txyToBulQCLcBGAs\/s800\/Mossenaires_2febrer2019-003.jpg?ssl=1\"  \/> <\/i><\/b><\/span><br \/>\n<span style=\"font-size: large\"><b><i>I la bandera <\/i><\/b><\/span><br \/>\n<span style=\"font-size: large\"><b><i><br \/><\/i><\/b><\/span>\n<span style=\"font-size: large\"><b><i><img data-recalc-dims=\"1\" decoding=\"async\" src=\"https:\/\/i0.wp.com\/3.bp.blogspot.com\/-H5gg0YP_hgI\/XFm6qPM_c-I\/AAAAAAAAQSU\/jHv6kxAjPY89yynvkBTgDgqgztW1siFQACLcBGAs\/s800\/Mossenaires_2febrer2019-004.jpg?ssl=1\"  \/> <\/i><\/b><\/span><br \/>\n<span style=\"font-size: large\"><b><i>La <a href=\"http:\/\/mossenhoms.netfreehost.com\/viewtopic.php?p=13720&amp;mforum=mossenhoms#13720\">Carme Valldeperas <\/a><\/i><\/b><\/span><br \/>\n<span style=\"font-size: large\"><b><i><br \/><\/i><\/b><\/span>\n<span style=\"font-size: large\"><b><i><img data-recalc-dims=\"1\" decoding=\"async\" src=\"https:\/\/i0.wp.com\/1.bp.blogspot.com\/-TDGNaEgyp4w\/XFm6qb0NPFI\/AAAAAAAAQSY\/2fK4BKhHlOYn5c6V5kE26fv567Q8PKuvQCLcBGAs\/s800\/Mossenaires_2febrer2019-005.jpg?ssl=1\"  \/> <\/i><\/b><\/span><br \/>\n<span style=\"font-size: large\"><b><i>Gr\u00e0cies per porta la bandera tan b\u00e9 <\/i><\/b><\/span><br \/>\n<span style=\"font-size: large\"><b><i><br \/><\/i><\/b><\/span>\n<span style=\"font-size: large\"><b><i><img data-recalc-dims=\"1\" decoding=\"async\" src=\"https:\/\/i0.wp.com\/1.bp.blogspot.com\/-dIAmK-fRa3M\/XFm6qr-1GCI\/AAAAAAAAQSc\/fN2phHpaCn4iYwoYTChrDR92Rk7sCielACLcBGAs\/s800\/Mossenaires_2febrer2019-006.jpg?ssl=1\"  \/> <\/i><\/b><\/span><br \/>\n<span style=\"font-size: large\"><b><i>I davant la Masia de Torre Moss\u00e8n Homs, surt el nostre nominat en Pau Margarit <\/i><\/b><\/span><br \/>\n<span style=\"font-size: large\"><b><i><br \/><\/i><\/b><\/span>\n<span style=\"font-size: large\"><b><i><img data-recalc-dims=\"1\" decoding=\"async\" src=\"https:\/\/i0.wp.com\/2.bp.blogspot.com\/-YXJi8LVheYw\/XFm6qvYDxRI\/AAAAAAAAQSg\/cqnL8XjiJi4fuIqfJGkw2nUPA1noYRsqwCLcBGAs\/s800\/Mossenaires_2febrer2019-007.jpg?ssl=1\"  \/> <\/i><\/b><\/span><br \/>\n<span style=\"font-size: large\"><b><i>Fran i Juan, tamb\u00e9 davant la Masia <\/i><\/b><\/span><br \/>\n<span style=\"font-size: large\"><b><i><br \/><\/i><\/b><\/span>\n<span style=\"font-size: large\"><b><i><img data-recalc-dims=\"1\" decoding=\"async\" src=\"https:\/\/i0.wp.com\/2.bp.blogspot.com\/-ijN5u8mzHtI\/XFm6rBMKzUI\/AAAAAAAAQSk\/Xy_e3lrMjhEyLzP6Ec8CJPuLQuLp_XdwwCLcBGAs\/s800\/Mossenaires_2febrer2019-008.jpg?ssl=1\"  \/> <\/i><\/b><\/span><br \/>\n<span style=\"font-size: large\"><b><i>Niko i Jos\u00e9 Manuel <\/i><\/b><\/span><br \/>\n<span style=\"font-size: large\"><b><i><br \/><\/i><\/b><\/span>\n<span style=\"font-size: large\"><b><i><img data-recalc-dims=\"1\" decoding=\"async\" src=\"https:\/\/i0.wp.com\/3.bp.blogspot.com\/-yxFgNaw368c\/XFm6rcNKGrI\/AAAAAAAAQSo\/P_beZnIBp4MSyXkHvguAdPNZOMiB-rrDgCLcBGAs\/s800\/Mossenaires_2febrer2019-009.jpg?ssl=1\"  \/> <\/i><\/b><\/span><br \/>\n<span style=\"font-size: large\"><b><i>En <a href=\"http:\/\/mossenhoms.netfreehost.com\/viewtopic.php?p=13934&amp;mforum=mossenhoms#13934\">Jordi G\u00e1mez <\/a><\/i><\/b><\/span><br \/>\n<span style=\"font-size: large\"><b><i><br \/><\/i><\/b><\/span>\n<span style=\"font-size: large\"><b><i><img data-recalc-dims=\"1\" decoding=\"async\" src=\"https:\/\/i0.wp.com\/1.bp.blogspot.com\/-ftgR43Gd18o\/XFm6rrBvh6I\/AAAAAAAAQSs\/qMnYhkR-t5An562N9Ew1kE57xxiOxymjACLcBGAs\/s800\/Mossenaires_2febrer2019-010.jpg?ssl=1\"  \/> <\/i><\/b><\/span><br \/>\n<span style=\"font-size: large\"><b><i>Maria Carmen, Carme, seguides per en Joan i l&#8217;Albert <\/i><\/b><\/span><br \/>\n<span style=\"font-size: large\"><b><i><br \/><\/i><\/b><\/span>\n<span style=\"font-size: large\"><b><i><img data-recalc-dims=\"1\" decoding=\"async\" src=\"https:\/\/i0.wp.com\/4.bp.blogspot.com\/-FFcEslLxmNg\/XFm6r8UYFRI\/AAAAAAAAQS0\/m3hKSSn1sAM1lWDIkY2__69JSzGobJLogCLcBGAs\/s800\/Mossenaires_2febrer2019-011.jpg?ssl=1\"  \/> <\/i><\/b><\/span><br \/>\n<span style=\"font-size: large\"><b><i>I amb la Masia de Torre Moss\u00e8n Homs, amb en Joan i l&#8217;Albert <\/i><\/b><\/span><br \/>\n<span style=\"font-size: large\"><b><i><br \/><\/i><\/b><\/span>\n<span style=\"font-size: large\"><b><i><img data-recalc-dims=\"1\" decoding=\"async\" src=\"https:\/\/i0.wp.com\/4.bp.blogspot.com\/-XTuO3ggm3fc\/XFm6ryPYqJI\/AAAAAAAAQSw\/f4VQ0kAvC30cshZuQeRuf8g2uDUktIzeACLcBGAs\/s800\/Mossenaires_2febrer2019-012.jpg?ssl=1\"  \/> <\/i><\/b><\/span><br \/>\n<span style=\"font-size: large\"><b><i>Eva, amb en Sherlock i Watson <\/i><\/b><\/span><br \/>\n<span style=\"font-size: large\"><b><i><br \/><\/i><\/b><\/span>\n<span style=\"font-size: large\"><b><i><img data-recalc-dims=\"1\" decoding=\"async\" src=\"https:\/\/i0.wp.com\/1.bp.blogspot.com\/-WM6hiFSIgw8\/XFm6sZdWVII\/AAAAAAAAQS4\/wHFGTQYPonoQ3yNLMy4Mrr89NEvghF7ygCLcBGAs\/s800\/Mossenaires_2febrer2019-013.jpg?ssl=1\"  \/> <\/i><\/b><\/span><br \/>\n<span style=\"font-size: large\"><b><i>JuanMa, Jordi, Xavi, Pepe, Miquel <\/i><\/b><\/span><br \/>\n<span style=\"font-size: large\"><b><i><br \/><\/i><\/b><\/span>\n<span style=\"font-size: large\"><b><i><img data-recalc-dims=\"1\" decoding=\"async\" src=\"https:\/\/i0.wp.com\/3.bp.blogspot.com\/-gHCT0ziOMhQ\/XFm6s53KdHI\/AAAAAAAAQS8\/AI7vp7-NHqYmI6WBqj8M21AfRdhPV8ztwCLcBGAs\/s800\/Mossenaires_2febrer2019-014.jpg?ssl=1\"  \/> <\/i><\/b><\/span><br \/>\n<span style=\"font-size: large\"><b><i>Inma i Txell <\/i><\/b><\/span><br \/>\n<span style=\"font-size: large\"><b><i><br \/><\/i><\/b><\/span>\n<span style=\"font-size: large\"><b><i><img data-recalc-dims=\"1\" decoding=\"async\" src=\"https:\/\/i0.wp.com\/2.bp.blogspot.com\/-3tCKzyJn6AM\/XFm6tNIX0-I\/AAAAAAAAQTA\/cdpZ-lWd6D8GBR-h17TTSKUJvBm-xRoIQCLcBGAs\/s800\/Mossenaires_2febrer2019-015.jpg?ssl=1\"  \/> <\/i><\/b><\/span><br \/>\n<span style=\"font-size: large\"><b><i>Olga, Santi, Javi <\/i><\/b><\/span><br \/>\n<span style=\"font-size: large\"><b><i><br \/><\/i><\/b><\/span>\n<span style=\"font-size: large\"><b><i><img data-recalc-dims=\"1\" decoding=\"async\" src=\"https:\/\/i0.wp.com\/2.bp.blogspot.com\/-i8qy5B8Ietc\/XFm6tVk76YI\/AAAAAAAAQTE\/C0DlFkuwT6Illlnv8ALDpnWXhSBCdz_MwCLcBGAs\/s800\/Mossenaires_2febrer2019-016.jpg?ssl=1\"  \/> <\/i><\/b><\/span><br \/>\n<span style=\"font-size: large\"><b><i>Manolo i Javi <\/i><\/b><\/span><br \/>\n<span style=\"font-size: large\"><b><i><br \/><\/i><\/b><\/span>\n<span style=\"font-size: large\"><b><i><img data-recalc-dims=\"1\" decoding=\"async\" src=\"https:\/\/i0.wp.com\/2.bp.blogspot.com\/-lm_gnpFEL-o\/XFm6tk5VVMI\/AAAAAAAAQTI\/ma6juB-N5bkHFiAEKJ8QQClf7oLzpsefQCLcBGAs\/s800\/Mossenaires_2febrer2019-017.jpg?ssl=1\"  \/> <\/i><\/b><\/span><br \/>\n<span style=\"font-size: large\"><b><i>Xavi i Sebas <\/i><\/b><\/span><br \/>\n<span style=\"font-size: large\"><b><i><br \/><\/i><\/b><\/span>\n<span style=\"font-size: large\"><b><i><img data-recalc-dims=\"1\" decoding=\"async\" src=\"https:\/\/i0.wp.com\/4.bp.blogspot.com\/-0SplCEsB7bM\/XFm6uJdnqyI\/AAAAAAAAQTQ\/OPa2ubrNTAAcRToSEm7bp_7cLwQcMfc3QCLcBGAs\/s800\/Mossenaires_2febrer2019-018.jpg?ssl=1\"  \/> <\/i><\/b><\/span><br \/>\n<span style=\"font-size: large\"><b><i>Eva <\/i><\/b><\/span><br \/>\n<span style=\"font-size: large\"><b><i><br \/><\/i><\/b><\/span>\n<span style=\"font-size: large\"><b><i><img data-recalc-dims=\"1\" decoding=\"async\" src=\"https:\/\/i0.wp.com\/4.bp.blogspot.com\/-e8HsNt2GU3A\/XFm6uBrNV_I\/AAAAAAAAQTM\/fhAJm_F61wIqcPLCyshAdjViVxeLWHRQACLcBGAs\/s800\/Mossenaires_2febrer2019-019.jpg?ssl=1\"  \/> <\/i><\/b><\/span><br \/>\n<span style=\"font-size: large\"><b><i>Antonio <\/i><\/b><\/span><br \/>\n<span style=\"font-size: large\"><b><i><br \/><\/i><\/b><\/span>\n<span style=\"font-size: large\"><b><i><img data-recalc-dims=\"1\" decoding=\"async\" src=\"https:\/\/i0.wp.com\/2.bp.blogspot.com\/-A05eUnQypIA\/XFm6uMGr9NI\/AAAAAAAAQTU\/1wtPRu35dr8qoVRCus0iTJGWWslEyFkRQCLcBGAs\/s800\/Mossenaires_2febrer2019-020.jpg?ssl=1\"  \/> <\/i><\/b><\/span><br \/>\n<span style=\"font-size: large\"><b><i>Olga <\/i><\/b><\/span><br \/>\n<span style=\"font-size: large\"><b><i><br \/><\/i><\/b><\/span>\n<span style=\"font-size: large\"><b><i><img data-recalc-dims=\"1\" decoding=\"async\" src=\"https:\/\/i0.wp.com\/4.bp.blogspot.com\/-RPFEMY_nIQY\/XFm6uhlzrOI\/AAAAAAAAQTY\/-DozkQ4iYT83ZIS6KzarKsz4arrWUo34QCLcBGAs\/s800\/Mossenaires_2febrer2019-021.jpg?ssl=1\"  \/> <\/i><\/b><\/span><br \/>\n<span style=\"font-size: large\"><b><i>Miguel <\/i><\/b><\/span><br \/>\n<span style=\"font-size: large\"><b><i><br \/><\/i><\/b><\/span>\n<span style=\"font-size: large\"><b><i><img data-recalc-dims=\"1\" decoding=\"async\" src=\"https:\/\/i0.wp.com\/3.bp.blogspot.com\/-xUEvctvzY7M\/XFm6vBrdHlI\/AAAAAAAAQTc\/kMEmRALY0yU4FPAzAJLqTXQoJGd3pxxfQCLcBGAs\/s800\/Mossenaires_2febrer2019-022.jpg?ssl=1\"  \/> <\/i><\/b><\/span><br \/>\n<span style=\"font-size: large\"><b><i>Pepe <\/i><\/b><\/span><br \/>\n<span style=\"font-size: large\"><b><i><br \/><\/i><\/b><\/span>\n<span style=\"font-size: large\"><b><i><img data-recalc-dims=\"1\" decoding=\"async\" src=\"https:\/\/i0.wp.com\/2.bp.blogspot.com\/-77oDayg5ssY\/XFm6vYcOf_I\/AAAAAAAAQTk\/0fk2BerGUyEJtLDoJsJmQIx2uBfA3uhBgCLcBGAs\/s800\/Mossenaires_2febrer2019-023.jpg?ssl=1\"  \/> <\/i><\/b><\/span><br \/>\n<span style=\"font-size: large\"><b><i><br \/><\/i><\/b><\/span>\n<span style=\"font-size: large\"><b><i><img data-recalc-dims=\"1\" decoding=\"async\" src=\"https:\/\/i0.wp.com\/1.bp.blogspot.com\/-uV7l9NSHHzw\/XFm6veGNtdI\/AAAAAAAAQTg\/JzJouUa42qIRA8tSCWQCP_29KSDVxhGAwCLcBGAs\/s800\/Mossenaires_2febrer2019-024.jpg?ssl=1\"  \/> <\/i><\/b><\/span><br \/>\n<span style=\"font-size: large\"><b><i>El terreny estava for\u00e7a pesat, i en Miquel se n&#8217;adona <\/i><\/b><\/span><br \/>\n<span style=\"font-size: large\"><b><i><br \/><\/i><\/b><\/span>\n<span style=\"font-size: large\"><b><i><img data-recalc-dims=\"1\" decoding=\"async\" src=\"https:\/\/i0.wp.com\/4.bp.blogspot.com\/-5UMbBlqHSW8\/XFm6v7pTwUI\/AAAAAAAAQTo\/nGK8eX0tYeU_g1ZmkyNby36GR_0MT8LSQCLcBGAs\/s800\/Mossenaires_2febrer2019-025.jpg?ssl=1\"  \/> <\/i><\/b><\/span><br \/>\n<span style=\"font-size: large\"><b><i>MAnolo <\/i><\/b><\/span><br \/>\n<span style=\"font-size: large\"><b><i><br \/><\/i><\/b><\/span>\n<span style=\"font-size: large\"><b><i><img data-recalc-dims=\"1\" decoding=\"async\" src=\"https:\/\/i0.wp.com\/1.bp.blogspot.com\/-99tGYrzWqXQ\/XFm6wazpBII\/AAAAAAAAQTs\/6t3CHFiIFzg8yR7lxKoigOdfIMHoPKmzQCLcBGAs\/s800\/Mossenaires_2febrer2019-026.jpg?ssl=1\"  \/> <\/i><\/b><\/span><br \/>\n<span style=\"font-size: large\"><b><i>El circuit estava pesat, i les sabatilles pesaven una tona <\/i><\/b><\/span><br \/>\n<span style=\"font-size: large\"><b><i><br \/><\/i><\/b><\/span>\n<span style=\"font-size: large\"><b><i><img data-recalc-dims=\"1\" decoding=\"async\" src=\"https:\/\/i0.wp.com\/4.bp.blogspot.com\/-_lOflVdm6Pg\/XFm6wdh1f2I\/AAAAAAAAQTw\/V2Czm08QTjA9o873XtEIRcMRgcn_1pjigCLcBGAs\/s800\/Mossenaires_2febrer2019-027.jpg?ssl=1\"  \/> <\/i><\/b><\/span><br \/>\n<span style=\"font-size: large\"><b><i>En Pau, el nostre nominat, tamb\u00e9 passant pel terreny pesat <\/i><\/b><\/span><br \/>\n<span style=\"font-size: large\"><b><i><br \/><\/i><\/b><\/span>\n<span style=\"font-size: large\"><b><i><img data-recalc-dims=\"1\" decoding=\"async\" src=\"https:\/\/i0.wp.com\/3.bp.blogspot.com\/-WO5u6lQT3vw\/XFm6wQqyuJI\/AAAAAAAAQT0\/QoD0hVHdsno8HJfFiIC-MxjnlkP7c0_gwCLcBGAs\/s800\/Mossenaires_2febrer2019-028.jpg?ssl=1\"  \/> <\/i><\/b><\/span><br \/>\n<span style=\"font-size: large\"><b><i>Olga <\/i><\/b><\/span><br \/>\n<span style=\"font-size: large\"><b><i><br \/><\/i><\/b><\/span>\n<span style=\"font-size: large\"><b><i><img data-recalc-dims=\"1\" decoding=\"async\" src=\"https:\/\/i0.wp.com\/2.bp.blogspot.com\/-lxF5FrTutTY\/XFm6wx_25pI\/AAAAAAAAQT4\/rq3PmAZupZ0VXHHdcWYWkbLnbZBxUfS2QCLcBGAs\/s800\/Mossenaires_2febrer2019-029.jpg?ssl=1\"  \/> <\/i><\/b><\/span><br \/>\n<span style=\"font-size: large\"><b><i>Miguel <\/i><\/b><\/span><br \/>\n<span style=\"font-size: large\"><b><i><br \/><\/i><\/b><\/span>\n<span style=\"font-size: large\"><b><i><img data-recalc-dims=\"1\" decoding=\"async\" src=\"https:\/\/i0.wp.com\/3.bp.blogspot.com\/-bxCe6g4e4sE\/XFm6xfu9r1I\/AAAAAAAAQT8\/63t-gN-I21kNy8-KrElCKbH88oAi1mdlACLcBGAs\/s800\/Mossenaires_2febrer2019-030.jpg?ssl=1\"  \/> <\/i><\/b><\/span><br \/>\n<span style=\"font-size: large\"><b><i>En Fran passat per sota l&#8217;aq\u00fceducte <\/i><\/b><\/span><br \/>\n<span style=\"font-size: large\"><b><i><br \/><\/i><\/b><\/span>\n<span style=\"font-size: large\"><b><i><img data-recalc-dims=\"1\" decoding=\"async\" src=\"https:\/\/i0.wp.com\/1.bp.blogspot.com\/-0zZ2MTHAd9A\/XFm6xcyHpJI\/AAAAAAAAQUA\/9401ErcTQ4QEUcENi0WfvOgwGl0VEVDOwCLcBGAs\/s800\/Mossenaires_2febrer2019-031.jpg?ssl=1\"  \/> <\/i><\/b><\/span><br \/>\n<span style=\"font-size: large\"><b><i>La Carme, que duu la bandera, despr\u00e9s de passat per sota l&#8217;aq\u00fceducte <\/i><\/b><\/span><br \/>\n<span style=\"font-size: large\"><b><i><br \/><\/i><\/b><\/span>\n<span style=\"font-size: large\"><b><i><img data-recalc-dims=\"1\" decoding=\"async\" src=\"https:\/\/i0.wp.com\/1.bp.blogspot.com\/-QyUIDRcezEE\/XFm6xlnsxyI\/AAAAAAAAQUE\/lkqphrVoAkUOFsTH7D_QRH2S-uSl012OwCLcBGAs\/s800\/Mossenaires_2febrer2019-032.jpg?ssl=1\"  \/> <\/i><\/b><\/span><br \/>\n<span style=\"font-size: large\"><b><i>Joan passant per sota el pont i amb un circuit fang\u00f3s i pesat <\/i><\/b><\/span><br \/>\n<span style=\"font-size: large\"><b><i><br \/><\/i><\/b><\/span>\n<span style=\"font-size: large\"><b><i><img data-recalc-dims=\"1\" decoding=\"async\" src=\"https:\/\/i0.wp.com\/4.bp.blogspot.com\/-Lt8m7lID0OI\/XFm6x7wYy3I\/AAAAAAAAQUI\/WFREX0f9EfUYEbJ_ITTgAgFG4TrzcW3oACLcBGAs\/s800\/Mossenaires_2febrer2019-033.jpg?ssl=1\"  \/> <\/i><\/b><\/span><br \/>\n<span style=\"font-size: large\"><b><i>Kamy Vasile, la nostra Mossenaire Nova <\/i><\/b><\/span><br \/>\n<span style=\"font-size: large\"><b><i><br \/><\/i><\/b><\/span>\n<span style=\"font-size: large\"><b><i><img data-recalc-dims=\"1\" decoding=\"async\" src=\"https:\/\/i0.wp.com\/1.bp.blogspot.com\/-e_ko7mdR4Fk\/XFm6yCVXpOI\/AAAAAAAAQUM\/VwJTmA5eak4RC2_2wAi0nHWLMygqHhXdQCLcBGAs\/s800\/Mossenaires_2febrer2019-034.jpg?ssl=1\"  \/> <\/i><\/b><\/span><br \/>\n<span style=\"font-size: large\"><b><i>Juan <\/i><\/b><\/span><br \/>\n<span style=\"font-size: large\"><b><i><br \/><\/i><\/b><\/span>\n<span style=\"font-size: large\"><b><i><img data-recalc-dims=\"1\" decoding=\"async\" src=\"https:\/\/i0.wp.com\/2.bp.blogspot.com\/-gaA6kQb5OfU\/XFm6yG5YgxI\/AAAAAAAAQUQ\/V1_1AZyBqSUD37-XcjXbRQ-U8f2x-EQxQCLcBGAs\/s800\/Mossenaires_2febrer2019-035.jpg?ssl=1\"  \/> <\/i><\/b><\/span><br \/>\n<span style=\"font-size: large\"><b><i>Jos\u00e9 Manuel <\/i><\/b><\/span><br \/>\n<span style=\"font-size: large\"><b><i><br \/><\/i><\/b><\/span>\n<span style=\"font-size: large\"><b><i><img data-recalc-dims=\"1\" decoding=\"async\" src=\"https:\/\/i0.wp.com\/3.bp.blogspot.com\/-N0L8uzKEFpk\/XFm6yYqyerI\/AAAAAAAAQUU\/CJAXLdraV-kyvube_g5dcXAHfM21nWPJgCLcBGAs\/s800\/Mossenaires_2febrer2019-036.jpg?ssl=1\"  \/> <\/i><\/b><\/span><br \/>\n<span style=\"font-size: large\"><b><i>I en Jordi va cap a la cua <\/i><\/b><\/span><br \/>\n<span style=\"font-size: large\"><b><i><br \/><\/i><\/b><\/span>\n<span style=\"font-size: large\"><b><i><img data-recalc-dims=\"1\" decoding=\"async\" src=\"https:\/\/i0.wp.com\/4.bp.blogspot.com\/-L0GEklrfi6k\/XFm6zHDoiII\/AAAAAAAAQUY\/m-Kml1WMfgUUo5Fs9pDB6TksWm3QElsUACLcBGAs\/s800\/Mossenaires_2febrer2019-037.jpg?ssl=1\"  \/> <\/i><\/b><\/span><br \/>\n<span style=\"font-size: large\"><b><i>Tothom va quedar for\u00e7a enfangat i el nostre Mossenaire d&#8217;Honor tamb\u00e9 <\/i><\/b><\/span><br \/>\n<span style=\"font-size: large\"><b><i><br \/><\/i><\/b><\/span>\n<span style=\"font-size: large\"><b><i><img data-recalc-dims=\"1\" decoding=\"async\" src=\"https:\/\/i0.wp.com\/1.bp.blogspot.com\/-0Nax7dGSwgw\/XFm6ztVGnkI\/AAAAAAAAQUc\/DxNUZ6Oa1ks41IEpAYb82QW3Bh9r6ntOQCLcBGAs\/s800\/Mossenaires_2febrer2019-038.jpg?ssl=1\"  \/> <\/i><\/b><\/span><br \/>\n<span style=\"font-size: large\"><b><i>Reagrupant i buscant com sortir del fang <\/i><\/b><\/span><br \/>\n<span style=\"font-size: large\"><b><i><br \/><\/i><\/b><\/span>\n<span style=\"font-size: large\"><b><i><img data-recalc-dims=\"1\" decoding=\"async\" src=\"https:\/\/i0.wp.com\/1.bp.blogspot.com\/-LfcJthxpLi0\/XFm6z-VGrNI\/AAAAAAAAQUg\/_fhmy6Ug694R_CxR-HUw7J-wB9jL7nAugCLcBGAs\/s800\/Mossenaires_2febrer2019-039.jpg?ssl=1\"  \/> <\/i><\/b><\/span><br \/>\n<span style=\"font-size: large\"><b><i>I amb la Mossenaire Nova, la Kamy, sortim del torrent de la Gr\u00edpia <\/i><\/b><\/span><br \/>\n<span style=\"font-size: large\"><b><i><br \/><\/i><\/b><\/span>\n<span style=\"font-size: large\"><b><i><img data-recalc-dims=\"1\" decoding=\"async\" src=\"https:\/\/i0.wp.com\/1.bp.blogspot.com\/-ugn5iMPQzNA\/XFm6z7-0yZI\/AAAAAAAAQUk\/0KYa6mN4WsMPUwoYsbKoxfe5NDMHA45WgCLcBGAs\/s800\/Mossenaires_2febrer2019-040.jpg?ssl=1\"  \/> <\/i><\/b><\/span><br \/>\n<span style=\"font-size: large\"><b><i>I sortim del torrent, amb en Jos\u00e9 Manuel, MariCarmen, Carme i la bandera <\/i><\/b><\/span><br \/>\n<span style=\"font-size: large\"><b><i><br \/><\/i><\/b><\/span>\n<span style=\"font-size: large\"><b><i><img data-recalc-dims=\"1\" decoding=\"async\" src=\"https:\/\/i0.wp.com\/4.bp.blogspot.com\/-lTqT0_R18aY\/XFm60LWoO9I\/AAAAAAAAQUo\/2QtmvbPchbwslxeb3360ZoWbdxFPYCF1wCLcBGAs\/s800\/Mossenaires_2febrer2019-041.jpg?ssl=1\"  \/> <\/i><\/b><\/span><br \/>\n<span style=\"font-size: large\"><b><i>Camins m\u00e9s secs <\/i><\/b><\/span><br \/>\n<span style=\"font-size: large\"><b><i><br \/><\/i><\/b><\/span>\n<span style=\"font-size: large\"><b><i><img data-recalc-dims=\"1\" decoding=\"async\" src=\"https:\/\/i0.wp.com\/1.bp.blogspot.com\/-f530QfoIC4U\/XFm60Y1EppI\/AAAAAAAAQUs\/xkLW5msYsZcRby8if0_XRzQlhvU-5xorQCLcBGAs\/s800\/Mossenaires_2febrer2019-042.jpg?ssl=1\"  \/> <\/i><\/b><\/span><br \/>\n<span style=\"font-size: large\"><b><i>Pel costat de la via del tren <\/i><\/b><\/span><br \/>\n<span style=\"font-size: large\"><b><i><br \/><\/i><\/b><\/span>\n<span style=\"font-size: large\"><b><i><img data-recalc-dims=\"1\" decoding=\"async\" src=\"https:\/\/i0.wp.com\/3.bp.blogspot.com\/-UIXNXBdo_TE\/XFm60d7FnjI\/AAAAAAAAQUw\/3nbeHLhX8XANjLj2WEu3NzcGxbZp0MnUgCLcBGAs\/s800\/Mossenaires_2febrer2019-043.jpg?ssl=1\"  \/> <\/i><\/b><\/span><br \/>\n<span style=\"font-size: large\"><b><i><br \/><\/i><\/b><\/span>\n<span style=\"font-size: large\"><b><i><img data-recalc-dims=\"1\" decoding=\"async\" src=\"https:\/\/i0.wp.com\/3.bp.blogspot.com\/-olHS8zUWjcs\/XFm61HE70kI\/AAAAAAAAQU0\/i8PxuXWhalMdun0OpqEwAjX3yKFZrarrwCLcBGAs\/s800\/Mossenaires_2febrer2019-044.jpg?ssl=1\"  \/> <\/i><\/b><\/span><br \/>\n<span style=\"font-size: large\"><b><i>Llocs prohibits a&#8230; <\/i><\/b><\/span><br \/>\n<span style=\"font-size: large\"><b><i><br \/><\/i><\/b><\/span>\n<span style=\"font-size: large\"><b><i><img data-recalc-dims=\"1\" decoding=\"async\" src=\"https:\/\/i0.wp.com\/4.bp.blogspot.com\/--eQ_WXH_TtI\/XFm61Zg9RcI\/AAAAAAAAQVA\/Sya6yEVQ948xGicj9ImOiigq-nQ2NPdTgCLcBGAs\/s800\/Mossenaires_2febrer2019-045.jpg?ssl=1\"  \/> <\/i><\/b><\/span><br \/>\n<span style=\"font-size: large\"><b><i>Cap r\u00e8tol ens impedeix c\u00f3rrer, i en canvi, a cotxes i motos no poden circular pels camins Mossenaires <\/i><\/b><\/span><br \/>\n<span style=\"font-size: large\"><b><i><br \/><\/i><\/b><\/span>\n<span style=\"font-size: large\"><b><i><img data-recalc-dims=\"1\" decoding=\"async\" src=\"https:\/\/i0.wp.com\/4.bp.blogspot.com\/-KNObr5wfERY\/XFm61UKLRUI\/AAAAAAAAQU4\/dQHn4jZNQjUtEm4EmdTiiimFRZXQREBSACLcBGAs\/s800\/Mossenaires_2febrer2019-046.jpg?ssl=1\"  \/> <\/i><\/b><\/span><br \/>\n<span style=\"font-size: large\"><b><i><br \/><\/i><\/b><\/span>\n<span style=\"font-size: large\"><b><i><img data-recalc-dims=\"1\" decoding=\"async\" src=\"https:\/\/i0.wp.com\/3.bp.blogspot.com\/-gcmPhBRHgmo\/XFm61pkk99I\/AAAAAAAAQU8\/LMWPuxPYRPoq5SGgo8Xv7iXJv6sBSVSGACLcBGAs\/s800\/Mossenaires_2febrer2019-047.jpg?ssl=1\"  \/> <\/i><\/b><\/span><br \/>\n<span style=\"font-size: large\"><b><i>Amb la Txell <\/i><\/b><\/span><br \/>\n<span style=\"font-size: large\"><b><i><br \/><\/i><\/b><\/span>\n<span style=\"font-size: large\"><b><i><img data-recalc-dims=\"1\" decoding=\"async\" src=\"https:\/\/i0.wp.com\/3.bp.blogspot.com\/-nsEZbJl1-y4\/XFm62OcUs0I\/AAAAAAAAQVE\/UD5mT1UeviQKKtb5N9QshdJOkbEhpS71QCLcBGAs\/s800\/Mossenaires_2febrer2019-048.jpg?ssl=1\"  \/> <\/i><\/b><\/span><br \/>\n<span style=\"font-size: large\"><b><i>Juan es troba un amic <\/i><\/b><\/span><br \/>\n<span style=\"font-size: large\"><b><i><br \/><\/i><\/b><\/span>\n<span style=\"font-size: large\"><b><i><img data-recalc-dims=\"1\" decoding=\"async\" src=\"https:\/\/i0.wp.com\/3.bp.blogspot.com\/-ClMlEI2tzyI\/XFm62WWalYI\/AAAAAAAAQVI\/oQF86wGRAH0nGP3JQ8-vj5hrguDJvpX4QCLcBGAs\/s800\/Mossenaires_2febrer2019-049.jpg?ssl=1\"  \/> <\/i><\/b><\/span><br \/>\n<span style=\"font-size: large\"><b><i>Llegim i aplaudim aniversaris <\/i><\/b><\/span><br \/>\n<span style=\"font-size: large\"><b><i><br \/><\/i><\/b><\/span>\n<span style=\"font-size: large\"><b><i><img data-recalc-dims=\"1\" decoding=\"async\" src=\"https:\/\/i0.wp.com\/3.bp.blogspot.com\/-2rI-C8mQF_s\/XFnFaZer7fI\/AAAAAAAAQX0\/1BZfTnDVFSg0LErXtYHV0AdTQTigRB9DACLcBGAs\/s800\/aniversaris_mossenaires_2019.jpg?ssl=1\"  \/> <\/i><\/b><\/span><br \/>\n<span style=\"font-size: large\"><b><i>N\u00faria, Xesco, Xavi, Jordi, Juanma, Toni, Paco, Juan, Bru: enhorabona!! <\/i><\/b><\/span><br \/>\n<span style=\"font-size: large\"><b><i><br \/><\/i><\/b><\/span>\n<span style=\"font-size: large\"><b><i><img data-recalc-dims=\"1\" decoding=\"async\" src=\"https:\/\/i0.wp.com\/4.bp.blogspot.com\/-P0rT9Lj6NrM\/XFm62Wl23fI\/AAAAAAAAQVM\/4f-4y1H3T78qaMWwDqi6QaYg3aWBxpIcgCLcBGAs\/s800\/Mossenaires_2febrer2019-050.jpg?ssl=1\"  \/> <\/i><\/b><\/span><br \/>\n<span style=\"font-size: large\"><b><i>Anerm a con\u00e8ixer la Mossenaire Nova <\/i><\/b><\/span><br \/>\n<span style=\"font-size: large\"><b><i><br \/><\/i><\/b><\/span>\n<span style=\"font-size: large\"><b><i><img data-recalc-dims=\"1\" decoding=\"async\" src=\"https:\/\/i0.wp.com\/1.bp.blogspot.com\/-paWEd4UT-QI\/XFm626OSLYI\/AAAAAAAAQVQ\/X4w00TmuSJA0FRklTEqqcsWiybArD893gCLcBGAs\/s800\/Mossenaires_2febrer2019-051.jpg?ssl=1\"  \/> <\/i><\/b><\/span><br \/>\n<span style=\"font-size: large\"><b><i>La Kamy!!, benvinguda <\/i><\/b><\/span><br \/>\n<span style=\"font-size: large\"><b><i><br \/><\/i><\/b><\/span>\n<span style=\"font-size: large\"><b><i><img data-recalc-dims=\"1\" decoding=\"async\" src=\"https:\/\/i0.wp.com\/3.bp.blogspot.com\/-AUroOej6-iE\/XFm625HuNfI\/AAAAAAAAQVU\/hNNHFuuN_0Im4GDzo06GfYhLlx2nK43ogCLcBGAs\/s800\/Mossenaires_2febrer2019-052.jpg?ssl=1\"  \/> <\/i><\/b><\/span><br \/>\n<span style=\"font-size: large\"><b><i>Mossenaire Nova: Kamy <\/i><\/b><\/span><br \/>\n<span style=\"font-size: large\"><b><i><br \/><\/i><\/b><\/span>\n<span style=\"font-size: large\"><b><i><img data-recalc-dims=\"1\" decoding=\"async\" src=\"https:\/\/i0.wp.com\/1.bp.blogspot.com\/-4nHDisu6IRo\/XFm63KmZVXI\/AAAAAAAAQVY\/gObO-rU48VcUrJJuJO37RCA6LyZunF1YACLcBGAs\/s800\/Mossenaires_2febrer2019-053.jpg?ssl=1\"  \/> <\/i><\/b><\/span><br \/>\n<span style=\"font-size: large\"><b><i>Benvinguda!! <\/i><\/b><\/span><br \/>\n<span style=\"font-size: large\"><b><i><br \/><\/i><\/b><\/span>\n<span style=\"font-size: large\"><b><i><img data-recalc-dims=\"1\" decoding=\"async\" src=\"https:\/\/i0.wp.com\/1.bp.blogspot.com\/-By-jcXPunrI\/XFm63nQQ-SI\/AAAAAAAAQVc\/EGi0yQfMgi42Z7WbdixMOmlmJSGFI3-BACLcBGAs\/s800\/Mossenaires_2febrer2019-054.jpg?ssl=1\"  \/> <\/i><\/b><\/span><br \/>\n<span style=\"font-size: large\"><b><i>Kamy, \u00e9s la nostra Mossenaire Nova <\/i><\/b><\/span><br \/>\n<span style=\"font-size: large\"><b><i><br \/><\/i><\/b><\/span>\n<span style=\"font-size: large\"><b><i><img data-recalc-dims=\"1\" decoding=\"async\" src=\"https:\/\/i0.wp.com\/1.bp.blogspot.com\/-V0Ckqblsnhk\/XFm638y5SaI\/AAAAAAAAQVg\/KbN67k1rm5QuKDhvCy8Q09j2SXrF7nFzwCLcBGAs\/s800\/Mossenaires_2febrer2019-055.jpg?ssl=1\"  \/> <\/i><\/b><\/span><br \/>\n<span style=\"font-size: large\"><b><i>La bandera que ha dut la Carme, i subjectada per les nostres noies <\/i><\/b><\/span><br \/>\n<span style=\"font-size: large\"><b><i><br \/><\/i><\/b><\/span>\n<span style=\"font-size: large\"><b><i><img data-recalc-dims=\"1\" decoding=\"async\" src=\"https:\/\/i0.wp.com\/1.bp.blogspot.com\/-6vc-ZoR_Z6Q\/XFm63zre3vI\/AAAAAAAAQVk\/2_jfITbWMDYA2numGtjdl6W1k5f6amqxACLcBGAs\/s800\/Mossenaires_2febrer2019-056.jpg?ssl=1\"  \/> <\/i><\/b><\/span><br \/>\n<span style=\"font-size: large\"><b><i>Anem a con\u00e8ixer el nostre Mossenaire d&#8217;Honor <\/i><\/b><\/span><br \/>\n<span style=\"font-size: large\"><b><i><br \/><\/i><\/b><\/span>\n<span style=\"font-size: large\"><b><i><img data-recalc-dims=\"1\" decoding=\"async\" src=\"https:\/\/i0.wp.com\/1.bp.blogspot.com\/-V4rT6C_JnFk\/XFm64fTv0VI\/AAAAAAAAQVo\/o9kB58T8eF0q6pV5zZeW1BQqxWY6oaH2gCLcBGAs\/s800\/Mossenaires_2febrer2019-057.jpg?ssl=1\"  \/> <\/i><\/b><\/span><br \/>\n<span style=\"font-size: large\"><b><i>Tenim l&#8217;honor de presentar-vos el nostre Mossenaire d&#8217;Honor: en Pau Margarit. Enhorabona!! <\/i><\/b><\/span><br \/>\n<span style=\"font-size: large\"><b><i><br \/><\/i><\/b><\/span>\n<span style=\"font-size: large\"><b><i><img data-recalc-dims=\"1\" decoding=\"async\" src=\"https:\/\/i0.wp.com\/4.bp.blogspot.com\/-vYzsuIX6rqc\/XFm64QzvM9I\/AAAAAAAAQVs\/xwyTc61BROsX1LImO-CzsG6Ga2mippOcQCLcBGAs\/s800\/Mossenaires_2febrer2019-058.jpg?ssl=1\"  \/> <\/i><\/b><\/span><br \/>\n<span style=\"font-size: large\"><b><i><br \/><\/i><\/b><\/span>\n<span style=\"font-size: large\"><b><i><img data-recalc-dims=\"1\" decoding=\"async\" src=\"https:\/\/i0.wp.com\/4.bp.blogspot.com\/-nWZf2hHgD2c\/XFm64pv-lfI\/AAAAAAAAQVw\/mi3reRmySNwOZVOm1ZzLpF5SL9dq157SQCLcBGAs\/s800\/Mossenaires_2febrer2019-059.jpg?ssl=1\"  \/> <\/i><\/b><\/span><br \/>\n<span style=\"font-size: large\"><b><i><br \/><\/i><\/b><\/span>\n<span style=\"font-size: large\"><b><i><img data-recalc-dims=\"1\" decoding=\"async\" src=\"https:\/\/i0.wp.com\/4.bp.blogspot.com\/-800cQ2um2xE\/XFm64_49AaI\/AAAAAAAAQV0\/AlDuzS-QyEU0A1HU9r7uWfwR3m1yVqTgACLcBGAs\/s800\/Mossenaires_2febrer2019-060.jpg?ssl=1\"  \/> <\/i><\/b><\/span><br \/>\n<span style=\"font-size: large\"><b><i>Queda proclamat per totes i tots nosaltres en Pau Margarit com a Mossenaire d&#8217;honor <\/i><\/b><\/span><br \/>\n<span style=\"font-size: large\"><b><i><br \/><\/i><\/b><\/span>\n<span style=\"font-size: large\"><b><i><img data-recalc-dims=\"1\" decoding=\"async\" src=\"https:\/\/i0.wp.com\/2.bp.blogspot.com\/-lGbqdjATdo4\/XFm65KkG5pI\/AAAAAAAAQV4\/cuyiIARzr5ca8aCVgRtL3F6F-ex_NB2agCLcBGAs\/s800\/Mossenaires_2febrer2019-061.jpg?ssl=1\"  \/> <\/i><\/b><\/span><br \/>\n<span style=\"font-size: large\"><b><i><br \/><\/i><\/b><\/span>\n<span style=\"font-size: large\"><b><i><img data-recalc-dims=\"1\" decoding=\"async\" src=\"https:\/\/i0.wp.com\/3.bp.blogspot.com\/-6aeOQU2347U\/XFm65gzzUWI\/AAAAAAAAQV8\/WjbmTD1Fk14RwTPLvvgrtO3UxVPHWn0ewCLcBGAs\/s800\/Mossenaires_2febrer2019-062.jpg?ssl=1\"  \/> <\/i><\/b><\/span><br \/>\n<span style=\"font-size: large\"><b><i><br \/><\/i><\/b><\/span>\n<span style=\"font-size: large\"><b><i><img data-recalc-dims=\"1\" decoding=\"async\" src=\"https:\/\/i0.wp.com\/2.bp.blogspot.com\/-gtMR4YKcENg\/XFm65guqiFI\/AAAAAAAAQWA\/vsDHE6xBvYwqAIZRlRn7xevYPrwCiBexQCLcBGAs\/s800\/Mossenaires_2febrer2019-063.jpg?ssl=1\"  \/> <\/i><\/b><\/span><br \/>\n<span style=\"font-size: large\"><b><i><br \/><\/i><\/b><\/span>\n<span style=\"font-size: large\"><b><i><img data-recalc-dims=\"1\" decoding=\"async\" src=\"https:\/\/i0.wp.com\/4.bp.blogspot.com\/-slhkNBeN3Zo\/XFm657WJFSI\/AAAAAAAAQWE\/AsWoPv1A-4cUIf4NafrgGACQvzxOOuFmgCLcBGAs\/s800\/Mossenaires_2febrer2019-064.jpg?ssl=1\"  \/> <\/i><\/b><\/span><br \/>\n<span style=\"font-size: large\"><b><i><img data-recalc-dims=\"1\" decoding=\"async\" src=\"https:\/\/i0.wp.com\/3.bp.blogspot.com\/--_Fi8cajEkw\/XFm69-qrHMI\/AAAAAAAAQXI\/IOj4lGKrh9grZ5THmUCs0dbwG9BI6MPDwCLcBGAs\/s1600\/Mossenaires_2febrer2019-081.jpg?ssl=1\"  \/>Foto fam\u00edlia, feta per en Jordi i al costat del mini llac artificial <\/i><\/b><\/span><br \/>\n<span style=\"font-size: large\"><b><i><br \/><\/i><\/b><\/span>\n<span style=\"font-size: large\"><b><i><img data-recalc-dims=\"1\" decoding=\"async\" src=\"https:\/\/i0.wp.com\/4.bp.blogspot.com\/-slhkNBeN3Zo\/XFm657WJFSI\/AAAAAAAAQWE\/AsWoPv1A-4cUIf4NafrgGACQvzxOOuFmgCLcBGAs\/s800\/Mossenaires_2febrer2019-064.jpg?ssl=1\"  \/> <\/i><\/b><\/span><br \/>\n<span style=\"font-size: large\"><b><i>Carme, Albert i Juanma, a punt de reagrupar <\/i><\/b><\/span><br \/>\n<span style=\"font-size: large\"><b><i><br \/><\/i><\/b><\/span>\n<span style=\"font-size: large\"><b><i><img data-recalc-dims=\"1\" decoding=\"async\" src=\"https:\/\/i0.wp.com\/4.bp.blogspot.com\/-FO597x8jrxU\/XFm66FiXVfI\/AAAAAAAAQWI\/PjxAMLl6_UI5KCmFHLJuGyLPupUXwaMMwCLcBGAs\/s800\/Mossenaires_2febrer2019-065.jpg?ssl=1\"  \/> <\/i><\/b><\/span><br \/>\n<span style=\"font-size: large\"><b><i>moment Mossenaire, quan anem amunt i avall a buscar la cua <\/i><\/b><\/span><br \/>\n<span style=\"font-size: large\"><b><i><br \/><\/i><\/b><\/span>\n<span style=\"font-size: large\"><b><i><img data-recalc-dims=\"1\" decoding=\"async\" src=\"https:\/\/i0.wp.com\/2.bp.blogspot.com\/-IPoKHaJfl2g\/XFm66fq0amI\/AAAAAAAAQWM\/e8srzfYLpoE4FvJcjsUEmKeE5XYk6dsfACLcBGAs\/s800\/Mossenaires_2febrer2019-066.jpg?ssl=1\"  \/> <\/i><\/b><\/span><br \/>\n<span style=\"font-size: large\"><b><i>traguet d&#8217;en Pau, i l&#8217;Antonio al fons <\/i><\/b><\/span><br \/>\n<span style=\"font-size: large\"><b><i><br \/><\/i><\/b><\/span>\n<span style=\"font-size: large\"><b><i><img data-recalc-dims=\"1\" decoding=\"async\" src=\"https:\/\/i0.wp.com\/2.bp.blogspot.com\/-e3YMC_rHtt8\/XFm66eLagbI\/AAAAAAAAQWQ\/K2PhZCLxxlMWpo50h0svkcLib7jFmbFoQCLcBGAs\/s800\/Mossenaires_2febrer2019-067.jpg?ssl=1\"  \/> <\/i><\/b><\/span><br \/>\n<span style=\"font-size: large\"><b><i>Impactant, quan els Mossenaires s&#8217;esperen i es busquen <\/i><\/b><\/span><br \/>\n<span style=\"font-size: large\"><b><i><br \/><\/i><\/b><\/span>\n<span style=\"font-size: large\"><b><i><img data-recalc-dims=\"1\" decoding=\"async\" src=\"https:\/\/i0.wp.com\/2.bp.blogspot.com\/-2tMli2mhYK8\/XFm66xKMZhI\/AAAAAAAAQWU\/6ReOqtmxYzMvC_isRIldr5m0TZiNxm7jACLcBGAs\/s800\/Mossenaires_2febrer2019-068.jpg?ssl=1\"  \/> <\/i><\/b><\/span><br \/>\n<span style=\"font-size: large\"><b><i>Ja hi som tothom, amb en Fran, Sebas, i Jos\u00e9 Manuel, que tamb\u00e9 han anat a la cua <\/i><\/b><\/span><br \/>\n<span style=\"font-size: large\"><b><i><br \/><\/i><\/b><\/span>\n<span style=\"font-size: large\"><b><i><img data-recalc-dims=\"1\" decoding=\"async\" src=\"https:\/\/i0.wp.com\/3.bp.blogspot.com\/-BETRdBQ6cLM\/XFm67LRT0yI\/AAAAAAAAQWY\/lG_NY6MlJ0oBObQ2H4cnJ2JpCXtyuH4fwCLcBGAs\/s800\/Mossenaires_2febrer2019-069.jpg?ssl=1\"  \/> <\/i><\/b><\/span><br \/>\n<span style=\"font-size: large\"><b><i>La nostra cua de luxe: gr\u00e0cies a tothom per ser solidaris <\/i><\/b><\/span><br \/>\n<span style=\"font-size: large\"><b><i><br \/><\/i><\/b><\/span>\n<span style=\"font-size: large\"><b><i><img data-recalc-dims=\"1\" decoding=\"async\" src=\"https:\/\/i0.wp.com\/3.bp.blogspot.com\/-oG-zaGkYS_8\/XFm67Hc1pWI\/AAAAAAAAQWc\/ShMYkk1aQyI83c1HJOvu7X1RGDLg4K95gCLcBGAs\/s800\/Mossenaires_2febrer2019-070.jpg?ssl=1\"  \/> <\/i><\/b><\/span><br \/>\n<span style=\"font-size: large\"><b><i>En Niko trepitjant el punt geod\u00e8sic <\/i><\/b><\/span><br \/>\n<span style=\"font-size: large\"><b><i><br \/><\/i><\/b><\/span>\n<span style=\"font-size: large\"><b><i><img data-recalc-dims=\"1\" decoding=\"async\" src=\"https:\/\/i0.wp.com\/1.bp.blogspot.com\/-SA_8mHNodpM\/XFm67rfx_OI\/AAAAAAAAQWg\/SjXrlJlEZU0NK2NfKkLZL0cYmFzKMB7YgCLcBGAs\/s800\/Mossenaires_2febrer2019-071.jpg?ssl=1\"  \/> <\/i><\/b><\/span><br \/>\n<span style=\"font-size: large\"><b><i>Punt geod\u00e8sic 287117017 <\/i><\/b><\/span><br \/>\n<span style=\"font-size: large\"><b><i>Senyal geod\u00e8sic 2871170173 <\/i><\/b><\/span><br \/>\n<span style=\"font-size: large\"><b><i>Un r\u00f2dol de metall al cam\u00ed \u00e9s un punt d&#8217;informaci\u00f3 facilitada per l&#8217;institut Cartogr\u00e0fic de Catalunya, que fa que qu\u00e8 aquest lloc sigui \u00fanic i pot ser localitzat des de qualsevol lloc del planeta, amb unes dades que el descriuen com un punt \u00fanic de la nostra geografia, i s&#8217;hi poden llegir al\u00e7ada, latituds, i no s\u00e9 quantes coses m\u00e9s i v\u00e9s per on lloc per on els &#8220;Mossenaires&#8221; tenim el feli\u00e7 costum de passar-hi de forma peri\u00f2dica . <\/i><\/b><\/span><br \/>\n<span style=\"font-size: large\"><b><i>Si et vols baixar tot de dades: <a href=\"ftp:\/\/geofons.icc.cat\/fitxes\/XU\/ETRS89\/287117017.pdf\">aqu\u00ed <\/a><\/i><\/b><\/span><br \/>\n<span style=\"font-size: large\"><b><i><a href=\"ftp:\/\/geofons.icc.cat\/fitxes\/XU\/ETRS89\/287117017.pdf\">ftp:\/\/geofons.icc.cat\/fitxes\/XU\/ETRS89\/287117017.pdf<\/a> <\/i><\/b><\/span><br \/>\n<span style=\"font-size: large\"><b><i><br \/><\/i><\/b><\/span>\n<span style=\"font-size: large\"><b><i><img data-recalc-dims=\"1\" decoding=\"async\" src=\"https:\/\/i0.wp.com\/2.bp.blogspot.com\/-mrla1EgJ-4M\/XFm67_pEv6I\/AAAAAAAAQWk\/_F9mXTteOAw7lL4r2IykrSc82h1iBlAzwCLcBGAs\/s800\/Mossenaires_2febrer2019-072.jpg?ssl=1\"  \/> <\/i><\/b><\/span><br \/>\n<span style=\"font-size: large\"><b><i>I en Miquel i l&#8217;Eva, amb els cans just al punt geod\u00e8sic <\/i><\/b><\/span><br \/>\n<span style=\"font-size: large\"><b><i><br \/><\/i><\/b><\/span>\n<span style=\"font-size: large\"><b><i><img data-recalc-dims=\"1\" decoding=\"async\" src=\"https:\/\/i0.wp.com\/1.bp.blogspot.com\/-TpKSUK8ON7E\/XFm68NZxYxI\/AAAAAAAAQWo\/9m96PC6zn4I2pK95URuSPPtRRDqWdx_FgCLcBGAs\/s800\/Mossenaires_2febrer2019-073.jpg?ssl=1\"  \/> <\/i><\/b><\/span><br \/>\n<span style=\"font-size: large\"><b><i>I ja hi som tots <\/i><\/b><\/span><br \/>\n<span style=\"font-size: large\"><b><i>Jordi, Miguel, Jordi i davant l&#8217;Inma <\/i><\/b><\/span><br \/>\n<span style=\"font-size: large\"><b><i><br \/><\/i><\/b><\/span>\n<span style=\"font-size: large\"><b><i><img data-recalc-dims=\"1\" decoding=\"async\" src=\"https:\/\/i0.wp.com\/3.bp.blogspot.com\/-j0Hm6XqGwIk\/XFm68Qo35OI\/AAAAAAAAQWs\/O-_mMGH9dC0s8qleMboMH2eToJ77oNcBQCLcBGAs\/s800\/Mossenaires_2febrer2019-074.jpg?ssl=1\"  \/> <\/i><\/b><\/span><br \/>\n<span style=\"font-size: large\"><b><i>Kamy est\u00e0 aturada al cam\u00ed vell de St. Quirze a St. Juli\u00e0 d&#8217;Altura <\/i><\/b><\/span><br \/>\n<span style=\"font-size: large\"><b><i><br \/><\/i><\/b><\/span>\n<span style=\"font-size: large\"><b><i><img data-recalc-dims=\"1\" decoding=\"async\" src=\"https:\/\/i0.wp.com\/3.bp.blogspot.com\/-Nqj7WBOQTVs\/XFm68naLRzI\/AAAAAAAAQWw\/87ZVC21SiAYJp3zFFOcXAP31uukkajEpQCLcBGAs\/s800\/Mossenaires_2febrer2019-075.jpg?ssl=1\"  \/> <\/i><\/b><\/span><br \/>\n<span style=\"font-size: large\"><b><i>I la bandera continua a l&#8217;esquena de la Carme: gr\u00e0cies!! <\/i><\/b><\/span><br \/>\n<span style=\"font-size: large\"><b><i><br \/><\/i><\/b><\/span>\n<span style=\"font-size: large\"><b><i><img data-recalc-dims=\"1\" decoding=\"async\" src=\"https:\/\/i0.wp.com\/2.bp.blogspot.com\/-GCAtVfpU7Ew\/XFm68l2qyPI\/AAAAAAAAQW0\/AXFnU3UG4EIkA5X532ay2xs_-wnDJwOfwCLcBGAs\/s800\/Mossenaires_2febrer2019-076.jpg?ssl=1\"  \/> <\/i><\/b><\/span><br \/>\n<span style=\"font-size: large\"><b><i>I la Mari Carmen, tambe\u00b4al costat <\/i><\/b><\/span><br \/>\n<span style=\"font-size: large\"><b><i><br \/><\/i><\/b><\/span>\n<span style=\"font-size: large\"><b><i><img data-recalc-dims=\"1\" decoding=\"async\" src=\"https:\/\/i0.wp.com\/3.bp.blogspot.com\/-KRis2PV8tbg\/XFm69JmzBVI\/AAAAAAAAQW4\/J4nL48inR4sxzTqJ9MZDvQUkiTLxP-bYQCLcBGAs\/s800\/Mossenaires_2febrer2019-077.jpg?ssl=1\"  \/> <\/i><\/b><\/span><br \/>\n<span style=\"font-size: large\"><b><i>I a 400 metres de l&#8217;arribada ens trobem dues Mossenaires, Isabels <\/i><\/b><\/span><br \/>\n<span style=\"font-size: large\"><b><i><br \/><\/i><\/b><\/span>\n<span style=\"font-size: large\"><b><i><img data-recalc-dims=\"1\" decoding=\"async\" src=\"https:\/\/i0.wp.com\/2.bp.blogspot.com\/-XLK0EAR5_qE\/XFm69aEqlBI\/AAAAAAAAQW8\/qMNCMSq9_Uo7NRh4DUImaPdF8hTb7B17ACLcBGAs\/s800\/Mossenaires_2febrer2019-078.jpg?ssl=1\"  \/> <\/i><\/b><\/span><br \/>\n<span style=\"font-size: large\"><b><i>Isabel, Eva, Isabel <\/i><\/b><\/span><br \/>\n<span style=\"font-size: large\"><b><i><br \/><\/i><\/b><\/span>\n<span style=\"font-size: large\"><b><i><img data-recalc-dims=\"1\" decoding=\"async\" src=\"https:\/\/i0.wp.com\/3.bp.blogspot.com\/-V66JvixxdPw\/XFm69iOiMiI\/AAAAAAAAQXA\/ZfRffsK4ywoMRS1NpHpns_Tho7jusa9-ACLcBGAs\/s800\/Mossenaires_2febrer2019-079.jpg?ssl=1\"  \/> <\/i><\/b><\/span><br \/>\n<span style=\"font-size: large\"><b><i>I muntem les darreres fotos <\/i><\/b><\/span><br \/>\n<span style=\"font-size: large\"><b><i><br \/><\/i><\/b><\/span>\n<span style=\"font-size: large\"><b><i><img data-recalc-dims=\"1\" decoding=\"async\" src=\"https:\/\/i0.wp.com\/1.bp.blogspot.com\/-l_MRPmrsbko\/XFm69uaRn-I\/AAAAAAAAQXE\/aYykTYHvFyIwTEPMKLszI0E6g8QRk1KDQCLcBGAs\/s800\/Mossenaires_2febrer2019-080.jpg?ssl=1\"  \/> <\/i><\/b><\/span><br \/>\n<span style=\"font-size: large\"><b><i>I al camp base, la darrera foto <\/i><\/b><\/span><br \/>\n<span style=\"font-size: large\"><b><i><br \/><\/i><\/b><\/span>\n<span style=\"font-size: large\"><b><i><a href=\"https:\/\/i0.wp.com\/4.bp.blogspot.com\/-bZCxxrg_aEU\/XFyDPWwPgmI\/AAAAAAAAQYE\/hPqgd-xmuWAV8zAIW9GSX_hEH7XIoeu8gCLcBGAs\/s800\/Mossenaires_2febrer2019-video.jpg?ssl=1\"><img data-recalc-dims=\"1\" decoding=\"async\" src=\"https:\/\/i0.wp.com\/4.bp.blogspot.com\/-bZCxxrg_aEU\/XFyDPWwPgmI\/AAAAAAAAQYE\/hPqgd-xmuWAV8zAIW9GSX_hEH7XIoeu8gCLcBGAs\/s800\/Mossenaires_2febrer2019-video.jpg?ssl=1\"  \/><\/a> <\/i><\/b><\/span><br \/>\n<span style=\"font-size: large\"><b><i>vols veure el video&#8230;. <a href=\"https:\/\/www.youtube.com\/watch?v=iNAUHFePFC8\">https:\/\/www.youtube.com\/watch?v=iNAUHFePFC8<\/a> <\/i><\/b><\/span><br \/>\n<span style=\"font-size: large\"><b><i><br \/><\/i><\/b><\/span>\n<span style=\"font-size: large\"><b><i><a href=\"https:\/\/www.strava.com\/activities\/2130752779\"><img data-recalc-dims=\"1\" decoding=\"async\" src=\"https:\/\/i0.wp.com\/4.bp.blogspot.com\/-hHb4gtpVqvw\/XFyDPQLcDrI\/AAAAAAAAQYI\/byI_HYMJK3UR0R0LTNbeHLBUxzVI2vi5ACLcBGAs\/s800\/Mossenaires_2febrer2019-circuit.jpg?ssl=1\"  \/><\/a> <\/i><\/b><\/span><br \/>\n<span style=\"font-size: large\"><b><i><br \/><\/i><\/b><\/span>\n<span style=\"font-size: large\"><b><i>veure circuit&#8230;. <a href=\"https:\/\/www.strava.com\/activities\/2130752779\">https:\/\/www.strava.com\/activities\/2130752779<\/a><\/i><\/b><\/span><br \/>\n<span style=\"font-size: large\"><b><i><br \/><\/i><\/b><\/span>\n<span style=\"font-size: large\"><b><i><br \/><\/i><\/b><\/span>\n<span style=\"font-size: large\"><b><i><br \/><\/i><\/b><\/span>\n<span style=\"font-size: large\"><b><i><br \/><\/i><\/b><\/span>\n<span style=\"font-size: large\"><b><i><br \/><\/i><\/b><\/span>\n<span style=\"font-size: large\"><b><i><br \/><\/i><\/b><\/span>\n<span style=\"font-size: large\"><b><i><br \/><\/i><\/b><\/span>\n<span style=\"font-size: large\"><b><i>En Pau ens seguia per Twitter i ens preguntava si nom\u00e9s calia presentar-se el dia 28 de setembre de l&#8217;any passat i gaireb\u00e9 el tenim al nostre costat i avui estem contents de saber m\u00e9s coses teves i que hagis acceptar ser el nostre Mossenaire d&#8217;Honor. Gr\u00e0cies i encantats d&#8217;entrenar amb tu. Per molts anys i molt agraits <\/i><\/b><\/span><br \/>\n<span style=\"font-size: large\"><b><i><br \/><\/i><\/b><\/span>\n<span style=\"font-size: large\"><b><i><img data-recalc-dims=\"1\" decoding=\"async\" src=\"https:\/\/i0.wp.com\/1.bp.blogspot.com\/-tbf_0bdx25A\/XFx5Mp-W05I\/AAAAAAAAQX8\/WHpO16wqUcc_IFzLUNwA-tvPemrQP0jFACLcBGAs\/s800\/Mossenaires_2febrer2019-084.jpg?ssl=1\"  \/> <\/i><\/b><\/span><br \/>\n<span style=\"font-size: large\"><b><i><br \/><\/i><\/b><\/span>\n<span style=\"font-size: large\"><b><i><img data-recalc-dims=\"1\" decoding=\"async\" src=\"https:\/\/i0.wp.com\/2.bp.blogspot.com\/-lnT1uuZgH1I\/XFm6-PpkjhI\/AAAAAAAAQXM\/T-MaNnm4L8YvcG2gg2s3p1QwqyQ6qZ3iQCLcBGAs\/s1600\/Mossenaires_2febrer2019-082.jpg?ssl=1\"  \/> <\/i><\/b><\/span><br \/>\n<span style=\"font-size: large\"><b><i><br \/><\/i><\/b><\/span>\n<span style=\"font-size: large\"><b><i><img data-recalc-dims=\"1\" decoding=\"async\" src=\"https:\/\/i0.wp.com\/3.bp.blogspot.com\/-MTCz-n3MJiA\/XFm6-bh87bI\/AAAAAAAAQXQ\/Kil15QZZKro5nDHbykilidqt4ZyeUWvXACLcBGAs\/s1600\/Mossenaires_2febrer2019-083.jpg?ssl=1\"  \/><\/i><\/b><\/span><br \/>\n<span style=\"font-size: large\"><b><i><br \/><\/i><\/b><\/span>\n<div>\n<span style=\"color: blue;font-size: large\"><b><i>Hola Pep, <\/i><\/b><\/span><br \/>\n<span style=\"color: blue;font-size: large\"><b><i><br \/><\/i><\/b><\/span>\n<span style=\"color: blue;font-size: large\"><b><i>Moltes gr\u00e0cies per aquesta ocasi\u00f3 de fer-me &#8220;Mossenaire d&#8217;Honor&#8221;. Aqui tens el text que m&#8217;ha sortit: <\/i><\/b><\/span><br \/>\n<span style=\"color: blue;font-size: large\"><b><i><br \/><\/i><\/b><\/span>\n<span style=\"color: blue;font-size: large\"><b><i>Tot un orgull aix\u00f2 de passar a formar part de la llista de Mossenaires d&#8217;Honor. El cas \u00e9s que jo fa poquets anys que m&#8217;he aficionat a aix\u00f2 de c\u00f3rrer. De petit, f\u00edsicament no era gran cosa i era d&#8217;aquells alumnes que no tenien gaire simpatia per l&#8217;assignatura d&#8217;educaci\u00f3 f\u00edsica. Potser \u00e9s per aix\u00f2 que no vaig comen\u00e7ar a anar al gimn\u00e0s fins als 24 anys i encara vaig tardar 10 anys m\u00e9s a fer la meva primera cursa (al 2014). <\/i><\/b><\/span><br \/>\n<span style=\"color: blue;font-size: large\"><b><i><br \/><\/i><\/b><\/span>\n<span style=\"color: blue;font-size: large\"><b><i>Trobar una colla com la vostra \u00e9s una manera m\u00e9s que tinc per mantenir una bona forma f\u00edsica. Faig alguna cursa de tant en tant (gaireb\u00e9 totes de 10km) per tenir reptes a curt termini. <\/i><\/b><\/span><br \/>\n<span style=\"color: blue;font-size: large\"><b><i><br \/><\/i><\/b><\/span>\n<span style=\"color: blue;font-size: large\"><b><i>M&#8217;agrada haver-vos trobat (per twitter!) perqu\u00e8 m&#8217;heu acollit com un m\u00e9s de la colla, sense pressions per venir o no. Aquesta simplicitat de presentar-se a la Torre Moss\u00e8n Homs el dissabte a les 8 i comen\u00e7ar a c\u00f3rrer tots junts \u00e9s un gran \u00e8xit perqu\u00e8 aquesta idea tingui continu\u00eftat. <\/i><\/b><\/span><br \/>\n<span style=\"color: blue;font-size: large\"><b><i><br \/><\/i><\/b><\/span>\n<span style=\"color: blue;font-size: large\"><b><i>Voldria acabar aquest text parafrasejant aquell que t\u00e9 molt bones idees, amb un &#8220;Si ens aixequem ben d&#8217;hora per\u00f2 ben d&#8217;hora ben d&#8217;hora, i no hi han retrets ni hi ha excuses&#8230; podem passar una bona estona corrent i xerrant amb la colla de mossenaires&#8221; <\/i><\/b><\/span><br \/>\n<span style=\"color: blue;font-size: large\"><b><i><br \/><\/i><\/b><\/span>\n<span style=\"color: blue;font-size: large\"><b><i>Pau.<\/i><\/b><\/span><br \/>\n<span style=\"font-size: large\"><b><i><br \/><\/i><\/b><\/span>\n<span style=\"font-size: large\"><b><i><br \/><\/i><\/b><\/span>\n<b><i><span style=\"font-size: large\"><br \/><\/span><span style=\"color: red;font-size: large\"><br \/><\/span><span style=\"color: red\"><span style=\"font-size: large\"><br \/><\/span><span style=\"font-size: large\"><br class=\"Apple-interchange-newline\" \/><\/span><\/span><\/i><\/b><br \/>\n<table cellspacing=\"0\" style=\"padding-left: 30px;text-align: justify\"><tbody style=\"padding-left: 30px\">\n<tr style=\"padding-left: 30px\"><td style=\"padding-left: 30px\"><h2>\n<em><span style=\"color: red;font-size: large\"><a href=\"http:\/\/www.egargrafic.com\/\" rel=\"noopener noreferrer\" target=\"_blank\"><img data-recalc-dims=\"1\" decoding=\"async\" alt=\"\" src=\"https:\/\/i0.wp.com\/www.josepmoliner.com\/egargrafic3.gif\" \/><\/a><\/span><\/em><\/h2>\n<\/td><td style=\"padding-left: 30px\"><h2>\n<span style=\"color: maroon\"><em><span style=\"color: red;font-size: large\"><span style=\"font-size: xx-small\">&nbsp;<\/span><a href=\"http:\/\/www.elroure.net\/fisioterapiaroura\/\" rel=\"noopener noreferrer\" target=\"_blank\"><img data-recalc-dims=\"1\" decoding=\"async\" alt=\"\" src=\"https:\/\/i0.wp.com\/elroure.net\/fisioterapiaroura\/Fisioterapia_elroure.gif\" \/><\/a><\/span><\/em><\/span><\/h2>\n<\/td><\/tr>\n<tr style=\"padding-left: 30px\"><td style=\"padding-left: 30px\"><h2>\n<span style=\"color: maroon\"><em><span style=\"color: red;font-size: large\"><a href=\"http:\/\/www.grevolsalut.com\/\" rel=\"noopener noreferrer\" target=\"_blank\"><img data-recalc-dims=\"1\" decoding=\"async\" alt=\"\" src=\"https:\/\/i0.wp.com\/www.elroure.net\/grevol\/grevol_salut.gif\" \/><\/a><\/span><\/em><\/span><\/h2>\n<\/td><td style=\"padding-left: 30px\"><h2>\n<span style=\"color: maroon\"><em><a href=\"http:\/\/www.elroure.net\/\" rel=\"noopener noreferrer\" target=\"_blank\"><span style=\"color: red;font-size: large\"><img data-recalc-dims=\"1\" decoding=\"async\" alt=\"\" src=\"https:\/\/i0.wp.com\/elroure.net\/rourenet.gif\" \/><\/span><\/a><\/em><\/span><\/h2>\n<\/td><\/tr>\n<tr style=\"padding-left: 30px\"><td style=\"padding-left: 30px\"><h2>\n<span style=\"color: maroon\"><em><a href=\"http:\/\/www.eledevall.com\/\" rel=\"noopener noreferrer\" target=\"_blank\"><span style=\"color: red;font-size: large\"><img data-recalc-dims=\"1\" decoding=\"async\" alt=\"\" src=\"https:\/\/i0.wp.com\/josepmoliner.com\/eledevall.gif\" \/><\/span><\/a><\/em><\/span><\/h2>\n<\/td><td style=\"padding-left: 30px\"><h2>\n<span style=\"color: maroon\"><em><a href=\"http:\/\/civeracampoy.com\/index.php\/es\/\" rel=\"noopener noreferrer\" target=\"_blank\"><span style=\"color: red;font-size: large\"><img data-recalc-dims=\"1\" decoding=\"async\" alt=\"\" src=\"https:\/\/i0.wp.com\/josepmoliner.com\/Civera%26Campoy.gif\" \/><\/span><\/a><\/em><\/span><\/h2>\n<\/td><\/tr>\n<tr style=\"padding-left: 30px\"><td style=\"padding-left: 30px\"><h2>\n<span style=\"color: maroon\"><em><span style=\"color: red;font-size: large\">&nbsp;<\/span><\/em><\/span><\/h2>\n<\/td><td style=\"padding-left: 30px\"><h2>\n<span style=\"color: maroon\"><em><span style=\"color: red;font-size: large\">&nbsp;<\/span><\/em><\/span><\/h2>\n<\/td><\/tr>\n<tr style=\"padding-left: 30px\"><td style=\"padding-left: 30px\"><table cellspacing=\"0\" style=\"padding-left: 30px\"><tbody style=\"padding-left: 30px\">\n<tr style=\"padding-left: 30px;text-align: justify\"><td style=\"padding-left: 30px\"><h2 style=\"text-align: center\">\n<span style=\"color: maroon\"><em><span style=\"color: red;font-size: large\">&nbsp;<a href=\"mailto:pep@mossenhoms.be\" rel=\"noopener\" target=\"_blank\">vols el teu banner?&nbsp;&nbsp;<\/a><\/span><\/em><\/span><\/h2>\n<\/td><\/tr>\n<\/tbody><\/table>\n<\/td><\/tr>\n<\/tbody><\/table>\n<h2 style=\"text-align: center\">\n<span style=\"color: red;font-size: large\"><b><i>si vols sortir al final dels cr\u00f2niques, pregunta com fer-ho<\/i><\/b><\/span><\/h2>\n<h2 style=\"text-align: center\">\n<span style=\"color: red;font-size: large\"><b><i>et fem el teu banner a Mossenhoms.be<\/i><\/b><\/span><\/h2>\n<h2 style=\"text-align: center\">\n<span style=\"color: red;font-size: large\"><span style=\"background-color: #ffffcc;, sans-serif\"><i>disseny.banner.terrassa@recursor.net<\/i><\/span><\/span><\/h2>\n<\/div>\n\n\n\n\n<h2 class=\"wp-block-heading\"><\/h2>\n","protected":false},"excerpt":{"rendered":"<p>Coses que passen, es podria dir, quan despr\u00e9s de la pluja i de tot el fangueig, i pel torrent de la Gr\u00edpia, primer hem vist com les sabatilles pesaven un quilo cadascuna i que hem hagut de girar cua, per no quedar empassats pel fang i hem refet el circuit, pujant pels camins del costat [&hellip;]<\/p>\n","protected":false},"author":171,"featured_media":0,"comment_status":"closed","ping_status":"closed","sticky":false,"template":"","format":"standard","meta":{"jetpack_post_was_ever_published":false,"_jetpack_newsletter_access":"","_jetpack_dont_email_post_to_subs":false,"_jetpack_newsletter_tier_id":0,"_jetpack_memberships_contains_paywalled_content":false,"_jetpack_memberships_contains_paid_content":false,"footnotes":"","jetpack_publicize_message":"","jetpack_publicize_feature_enabled":true,"jetpack_social_post_already_shared":true,"jetpack_social_options":{"image_generator_settings":{"template":"highway","default_image_id":0,"font":"","enabled":false},"version":2}},"categories":[1],"tags":[],"class_list":["post-4850","post","type-post","status-publish","format-standard","hentry","category-general"],"jetpack_publicize_connections":[],"jetpack_featured_media_url":"","jetpack_sharing_enabled":true,"jetpack_shortlink":"https:\/\/wp.me\/pagkiK-1ge","jetpack-related-posts":[{"id":4724,"url":"https:\/\/blogs.avui.cat\/pepmoliner\/2018\/06\/20\/ribatallada-amb-mossenaires\/","url_meta":{"origin":4850,"position":0},"title":"Ribatallada amb Mossenaires","author":"Pep Moliner","date":"20 de juny de 2018","format":false,"excerpt":"Ens ha costat, despr\u00e9s d'una primavera tan plujosa, triar aquest circuit estiuenc \"Mossenaire\" i que sempre dona frescor i sensaci\u00f3 d'estar en un lloc m\u00e9s remot que no pas el dels vallesos. I \u00e9s que no ens cansarem de dir, que tenim una gran sort de tenir racons com aquests\u2026","rel":"","context":"A &quot;Amistat&quot;","block_context":{"text":"Amistat","link":"https:\/\/blogs.avui.cat\/pepmoliner\/category\/amistat\/"},"img":{"alt_text":"","src":"","width":0,"height":0},"classes":[]},{"id":6202,"url":"https:\/\/blogs.avui.cat\/pepmoliner\/2025\/07\/21\/torrent-gripia-amb-mossenaires\/","url_meta":{"origin":4850,"position":1},"title":"Torrent Gr\u00edpia amb Mossenaires","author":"Pep Moliner","date":"21 de juliol de 2025","format":false,"excerpt":"Sempre tenim motius per alegrar-nos de la trobada,\u00a0perqu\u00e8\u00a0a banda de la gran quantitat d'amigues i amics que ens reunim cada setmana, ens venen amistats de tota la vida, com en\u00a0Carlos\u00a0Gonz\u00e1lez, que algun dia o altre ens hav\u00edem vist quan passaven amb en\u00a0Maqueda,\u00a0Kike, Bernat i sobretot en\u00a0Maqueda, hist\u00f2ria viva de l'atletisme\u2026","rel":"","context":"A &quot;General&quot;","block_context":{"text":"General","link":"https:\/\/blogs.avui.cat\/pepmoliner\/category\/general\/"},"img":{"alt_text":"","src":"https:\/\/i0.wp.com\/img.youtube.com\/vi\/vs9no1tUXCY\/0.jpg?resize=350%2C200","width":350,"height":200},"classes":[]},{"id":4889,"url":"https:\/\/blogs.avui.cat\/pepmoliner\/2019\/04\/25\/baixant-per-la-gripia\/","url_meta":{"origin":4850,"position":2},"title":"Baixant per la Gr\u00edpia","author":"Pep Moliner","date":"25 d'abril de 2019","format":false,"excerpt":"Setmana Santa i Mossenaires no fa vacances i una bona colla han provat el circuit de la Gr\u00edpia,\u00a0circuit atractiu, i tamb\u00e9 passem per l'\u00c0rea d'estada del Pi Gros. Hem gaudit de bona conversa, mentre v\u00e8iem camps inundats de color verd, que gr\u00e0cies a les pluges d'aquests dies, almenys la sequera\u2026","rel":"","context":"A &quot;General&quot;","block_context":{"text":"General","link":"https:\/\/blogs.avui.cat\/pepmoliner\/category\/general\/"},"img":{"alt_text":"","src":"","width":0,"height":0},"classes":[]},{"id":4393,"url":"https:\/\/blogs.avui.cat\/pepmoliner\/2017\/01\/19\/va-de-quims\/","url_meta":{"origin":4850,"position":3},"title":"Va de Quims","author":"Pep Moliner","date":"19 de gener de 2017","format":false,"excerpt":"Eren gaireb\u00e9 les 08:00 i Mossenaires amagadets i amagadetes dins dels vehicles, per no notar tant la fresqueta que aquest dissabte ens feia companyia. Per\u00f2 a l'hora en punt: tothom a punt. Avui baixem pel torrent de la gr\u00edpia i fem un tomb per aquests camins tan bonics i amb\u2026","rel":"","context":"A &quot;Amistat&quot;","block_context":{"text":"Amistat","link":"https:\/\/blogs.avui.cat\/pepmoliner\/category\/amistat\/"},"img":{"alt_text":"","src":"","width":0,"height":0},"classes":[]},{"id":4742,"url":"https:\/\/blogs.avui.cat\/pepmoliner\/2018\/07\/19\/mossenaires-va-a-la-font-dels-platans\/","url_meta":{"origin":4850,"position":4},"title":"Mossenaires va a la Font dels Pl\u00e0tans","author":"Pep Moliner","date":"19 de juliol de 2018","format":false,"excerpt":"Font de Pl\u00e0tans hi tornem a veure un lloc fresc i remullat per aigua en quantitat, baixant per un lloc diferent de l'altra vegada i recordant racons fant\u00e0stics i hem pujat pel torrent de Gotelles, que ja esdev\u00e9 un circuit d'estiu \"Mossenaire\". El circuit de gaireb\u00e9 nou quil\u00f2metres i avui\u2026","rel":"","context":"A &quot;Amistat&quot;","block_context":{"text":"Amistat","link":"https:\/\/blogs.avui.cat\/pepmoliner\/category\/amistat\/"},"img":{"alt_text":"","src":"","width":0,"height":0},"classes":[]},{"id":4941,"url":"https:\/\/blogs.avui.cat\/pepmoliner\/2019\/08\/14\/moltes-fonts-a-can-mossenaires\/","url_meta":{"origin":4850,"position":5},"title":"Moltes fonts a Can Mossenaires","author":"Pep Moliner","date":"14 d'agost de 2019","format":false,"excerpt":"Agost \u00e9s un mes on no som tanta gent com altres \u00e8poques de l'any i fem entrenaments amb intenci\u00f3 de buscar racons fresquets i el circuit del torrent \u00e9s un bon lloc on trobar-ne i, si a l'hivern hi anem menys a l'estiu sens hi veu m\u00e9s el p\u00e8l a\u2026","rel":"","context":"A &quot;General&quot;","block_context":{"text":"General","link":"https:\/\/blogs.avui.cat\/pepmoliner\/category\/general\/"},"img":{"alt_text":"","src":"https:\/\/i0.wp.com\/img.youtube.com\/vi\/enmqrneHIQM\/0.jpg?resize=350%2C200","width":350,"height":200},"classes":[]}],"_links":{"self":[{"href":"https:\/\/blogs.avui.cat\/pepmoliner\/wp-json\/wp\/v2\/posts\/4850","targetHints":{"allow":["GET"]}}],"collection":[{"href":"https:\/\/blogs.avui.cat\/pepmoliner\/wp-json\/wp\/v2\/posts"}],"about":[{"href":"https:\/\/blogs.avui.cat\/pepmoliner\/wp-json\/wp\/v2\/types\/post"}],"author":[{"embeddable":true,"href":"https:\/\/blogs.avui.cat\/pepmoliner\/wp-json\/wp\/v2\/users\/171"}],"replies":[{"embeddable":true,"href":"https:\/\/blogs.avui.cat\/pepmoliner\/wp-json\/wp\/v2\/comments?post=4850"}],"version-history":[{"count":2,"href":"https:\/\/blogs.avui.cat\/pepmoliner\/wp-json\/wp\/v2\/posts\/4850\/revisions"}],"predecessor-version":[{"id":4853,"href":"https:\/\/blogs.avui.cat\/pepmoliner\/wp-json\/wp\/v2\/posts\/4850\/revisions\/4853"}],"wp:attachment":[{"href":"https:\/\/blogs.avui.cat\/pepmoliner\/wp-json\/wp\/v2\/media?parent=4850"}],"wp:term":[{"taxonomy":"category","embeddable":true,"href":"https:\/\/blogs.avui.cat\/pepmoliner\/wp-json\/wp\/v2\/categories?post=4850"},{"taxonomy":"post_tag","embeddable":true,"href":"https:\/\/blogs.avui.cat\/pepmoliner\/wp-json\/wp\/v2\/tags?post=4850"}],"curies":[{"name":"wp","href":"https:\/\/api.w.org\/{rel}","templated":true}]}}