{"id":4828,"date":"2019-01-10T20:10:19","date_gmt":"2019-01-10T19:10:19","guid":{"rendered":"https:\/\/blogs.avui.cat\/pepmoliner\/?p=4828"},"modified":"2019-01-10T20:10:35","modified_gmt":"2019-01-10T19:10:35","slug":"iniciem-corrent-el-2019-mossenaire","status":"publish","type":"post","link":"https:\/\/blogs.avui.cat\/pepmoliner\/2019\/01\/10\/iniciem-corrent-el-2019-mossenaire\/","title":{"rendered":"Iniciem corrent el 2019 Mossenaire"},"content":{"rendered":"<h3><em><span style=\"color: #ff0000\">Ens agrada que les dates senyalades, i avui n\u2019\u00e9s una, donat que ses majestats els reis d\u2019orient ens visiten a la nit i si heu fet bondat, els vostres desitjos seran acomplerts i n\u2019estem del tot segurs.<\/span><\/em><\/h3>\n<h3><em><span style=\"color: #ff0000\">I nosaltres, al mat\u00ed, \u00e9s clar, anirem a fer els deures de passar-nos-ho pipa, en bona companyia, fent gaireb\u00e9 10 quil\u00f2metres per Torrebonica i els Plans de Canya i donant canya.<\/span><\/em><\/h3>\n<h3><em><span style=\"color: #ff0000\">Hem felicitat en persona a en Jos\u00e9 Luis i a la Conxa per haver fet anys i la colla ha estat, com sempre, escribint una p\u00e0gina, de nou, de la hist\u00f2ria.<\/span><\/em><\/h3>\n<h3><em><span style=\"color: #ff0000\">El projecte enceta un any, i us desitgem que sigui feli\u00e7.<\/span><\/em><\/h3>\n<h3><em><span style=\"color: #ff0000\"><img data-recalc-dims=\"1\" decoding=\"async\" src=\"https:\/\/i0.wp.com\/3.bp.blogspot.com\/-nNtkSzG20-o\/XDdy7tDOuMI\/AAAAAAAAP8c\/zXJ-EUHfhCwqK7_GUvn7MI_l7izg5z4wACLcBGAs\/s800\/aniversaris_mossenaires_2019.jpg?ssl=1\"  \/> <\/span><\/em><br \/>\n<em><span style=\"color: #ff0000\">I avui \u00e9s un dia en que pobles i ciutats donen la benvinguda a ses majestats els reis d\u2019orient i celebrem els seg\u00fcents aniversaris <\/span><\/em><br \/>\n<em><span style=\"color: #ff0000\">Miguel, Olga, Carlos, Ricard, Francisco, Joan, Jordi. Felicitats!!<\/span><\/em><\/h3>\n<h3><em><span style=\"color: #ff0000\"><img data-recalc-dims=\"1\" decoding=\"async\" src=\"https:\/\/i0.wp.com\/4.bp.blogspot.com\/-6OIBa-ueopU\/XDYwfOPzq_I\/AAAAAAAAP78\/VGxD8iFZFR8-N-vue2lhc5NBnjRfehkVQCLcBGAs\/s800\/Mossenaires_5gener2019.jpg?ssl=1\"  \/> <\/span><\/em><br \/>\n<em><span style=\"color: #ff0000\"><a style=\"color: #ff0000\" href=\"http:\/\/mossenhoms.netfreehost.com\/mossenhoms-post-13350.html#13350\">Jos\u00e9 Luis Alonso<\/a> ser\u00e0 el nostre bandera d\u2019avui, just el dia del seu aniversari de neixement. Per molts anys i en facis molts m\u00e9s amb salut. <\/span><\/em><br \/>\n<em><span style=\"color: #ff0000\"><img data-recalc-dims=\"1\" decoding=\"async\" src=\"https:\/\/i0.wp.com\/2.bp.blogspot.com\/-xnqS7SDcoiY\/XDYwMaV4MSI\/AAAAAAAAP4A\/Fi5czzh2P9gVImNFPDpt-uU8XmeYfKU6wCLcBGAs\/s800\/Mossenaires_5gener2019-001.jpg?ssl=1\"  \/> <\/span><\/em><br \/>\n<em><span style=\"color: #ff0000\">Ajustant-se la bandera, al costat d\u2019en Jordi <\/span><\/em><br \/>\n<em><span style=\"color: #ff0000\"><img data-recalc-dims=\"1\" decoding=\"async\" src=\"https:\/\/i0.wp.com\/1.bp.blogspot.com\/-1m8-uyH_qE4\/XDYwMXkddKI\/AAAAAAAAP4E\/WXmEZDWpdqIfOa2FVvWjGMr2-YfwVtnHACLcBGAs\/s800\/Mossenaires_5gener2019-002.jpg?ssl=1\"  \/> <\/span><\/em><br \/>\n<em><span style=\"color: #ff0000\">La Gemma ajustant-se les Salomon <\/span><\/em><br \/>\n<em><span style=\"color: #ff0000\"><img data-recalc-dims=\"1\" decoding=\"async\" src=\"https:\/\/i0.wp.com\/4.bp.blogspot.com\/-gpUMBRzTgrQ\/XDYwMTOQZrI\/AAAAAAAAP38\/npybd2VMPNcirPZpQOIA0y0DJYz7bqzIACLcBGAs\/s800\/Mossenaires_5gener2019-003.jpg?ssl=1\"  \/> <\/span><\/em><br \/>\n<em><span style=\"color: #ff0000\">En Jordi abrigat fins als ulls <\/span><\/em><br \/>\n<em><span style=\"color: #ff0000\"><img data-recalc-dims=\"1\" decoding=\"async\" src=\"https:\/\/i0.wp.com\/3.bp.blogspot.com\/-bsi0V2pzkQg\/XDYwNJVnNRI\/AAAAAAAAP4I\/a84jv-7UHcgOr81pZSKGsuO_U0sxSmEFACLcBGAs\/s800\/Mossenaires_5gener2019-004.jpg?ssl=1\"  \/> <\/span><\/em><br \/>\n<em><span style=\"color: #ff0000\">Sortim, amb la Conxa, la Carme, Albert ,JuanMa <\/span><\/em><br \/>\n<em><span style=\"color: #ff0000\"><img data-recalc-dims=\"1\" decoding=\"async\" src=\"https:\/\/i0.wp.com\/4.bp.blogspot.com\/-g_vLStUtI3w\/XDYwNV2delI\/AAAAAAAAP4M\/W0WY9A3JFncK21TSTgGLhGbfti7JWuiAgCLcBGAs\/s800\/Mossenaires_5gener2019-005.jpg?ssl=1\"  \/><\/span><\/em><\/h3>\n<h3><em><span style=\"color: #ff0000\"><img data-recalc-dims=\"1\" decoding=\"async\" src=\"https:\/\/i0.wp.com\/1.bp.blogspot.com\/-bpzsOmWllFg\/XDYwNY4XiiI\/AAAAAAAAP4Q\/FWlyiidI8MgUt0BUYsVbXCQR4I6dKgJ9QCLcBGAs\/s800\/Mossenaires_5gener2019-006.jpg?ssl=1\"  \/> <\/span><\/em><br \/>\n<em><span style=\"color: #ff0000\">La Rosa Cos a punt de c\u00f3rrer<\/span><\/em><\/h3>\n<h3><em><span style=\"color: #ff0000\"><img data-recalc-dims=\"1\" decoding=\"async\" src=\"https:\/\/i0.wp.com\/4.bp.blogspot.com\/-qknSwPNEuRE\/XDYwN_TNeoI\/AAAAAAAAP4U\/HMItVCf4vIEX6mY8UEu_HX7OTiCe2C79QCLcBGAs\/s800\/Mossenaires_5gener2019-007.jpg?ssl=1\"  \/> <\/span><\/em><br \/>\n<em><span style=\"color: #ff0000\">Jos\u00e9 Manuel, Toni, Isma <\/span><\/em><br \/>\n<em><span style=\"color: #ff0000\"><img data-recalc-dims=\"1\" decoding=\"async\" src=\"https:\/\/i0.wp.com\/3.bp.blogspot.com\/-vd9G3S9ncA8\/XDYwOP0aZgI\/AAAAAAAAP4Y\/btw4vfvWJLArAcLhq40BzDqWxtMcwhauwCLcBGAs\/s800\/Mossenaires_5gener2019-008.jpg?ssl=1\"  \/> <\/span><\/em><br \/>\n<em><span style=\"color: #ff0000\">Rosa, Jordi, Juanjo, Yuma<\/span><\/em><\/h3>\n<h3><em><span style=\"color: #ff0000\"><img data-recalc-dims=\"1\" decoding=\"async\" src=\"https:\/\/i0.wp.com\/3.bp.blogspot.com\/-cIksCcW5lNw\/XDYwOLmc3-I\/AAAAAAAAP4c\/aoYpA48PgJMjtXd_8F0ZjGqUhxDK0OQegCLcBGAs\/s800\/Mossenaires_5gener2019-009.jpg?ssl=1\"  \/> <\/span><\/em><br \/>\n<em><span style=\"color: #ff0000\">Manolo i Santi <\/span><\/em><br \/>\n<em><span style=\"color: #ff0000\"><img data-recalc-dims=\"1\" decoding=\"async\" src=\"https:\/\/i0.wp.com\/2.bp.blogspot.com\/-BEx4riN3Nv4\/XDYwO7FJkzI\/AAAAAAAAP4g\/yDtXvLWNydMg8-4wTU7PzQ3jr-26nobZQCLcBGAs\/s800\/Mossenaires_5gener2019-010.jpg?ssl=1\"  \/> <\/span><\/em><br \/>\n<em><span style=\"color: #ff0000\">Davi, Elisabet <\/span><\/em><br \/>\n<em><span style=\"color: #ff0000\"><img data-recalc-dims=\"1\" decoding=\"async\" src=\"https:\/\/i0.wp.com\/2.bp.blogspot.com\/-1e_NqV-wRX0\/XDYwO0-epaI\/AAAAAAAAP4k\/f38SgTJRqvsHAtJmXZcGTvAX-CWtq-kPgCLcBGAs\/s800\/Mossenaires_5gener2019-011.jpg?ssl=1\"  \/> <\/span><\/em><br \/>\n<em><span style=\"color: #ff0000\">En Jos\u00e9 Luis amb la Bandera<\/span><\/em><\/h3>\n<h3><em><span style=\"color: #ff0000\"><img data-recalc-dims=\"1\" decoding=\"async\" src=\"https:\/\/i0.wp.com\/1.bp.blogspot.com\/-10ijyQg5bgw\/XDYwPCdEWtI\/AAAAAAAAP4o\/IdFbhhYwSQ0I_Z8lVWwSiQtw6XuUpjRFwCLcBGAs\/s800\/Mossenaires_5gener2019-012.jpg?ssl=1\"  \/> <\/span><\/em><br \/>\n<em><span style=\"color: #ff0000\"><a style=\"color: #ff0000\" href=\"http:\/\/mossenhoms.netfreehost.com\/viewtopic.php?p=13976&amp;mforum=mossenhoms#13976\">David Hern\u00e1ndez <\/a>cap a la cua <\/span><\/em><br \/>\n<em><span style=\"color: #ff0000\"><img data-recalc-dims=\"1\" decoding=\"async\" src=\"https:\/\/i0.wp.com\/3.bp.blogspot.com\/-HD2nT7BqAiE\/XDYwPqqmo6I\/AAAAAAAAP4s\/eYU-0sa02bsgV0AMiwfjSu1di4obVJungCLcBGAs\/s800\/Mossenaires_5gener2019-013.jpg?ssl=1\"  \/> <\/span><\/em><br \/>\n<em><span style=\"color: #ff0000\"><a style=\"color: #ff0000\" href=\"http:\/\/mossenhoms.netfreehost.com\/mossenhoms-post-14073.html#14073\">Montse P\u00e9rez <\/a>i en Llu\u00eds <\/span><\/em><br \/>\n<em><span style=\"color: #ff0000\"><img data-recalc-dims=\"1\" decoding=\"async\" src=\"https:\/\/i0.wp.com\/2.bp.blogspot.com\/-rm_ZWADh3UA\/XDYwP9rqPZI\/AAAAAAAAP4w\/c27TH1lmCOg1SKvcyI5H4gtInFPrWy8bwCLcBGAs\/s800\/Mossenaires_5gener2019-014.jpg?ssl=1\"  \/> <\/span><\/em><br \/>\n<em><span style=\"color: #ff0000\">Reagrupem <\/span><\/em><br \/>\n<em><span style=\"color: #ff0000\"><img data-recalc-dims=\"1\" decoding=\"async\" src=\"https:\/\/i0.wp.com\/3.bp.blogspot.com\/-4hfXnwGWP8w\/XDYwQe8nAWI\/AAAAAAAAP40\/dRzk_oO_m5ENJ-NqxwPBTlh-CYqTt04AwCLcBGAs\/s800\/Mossenaires_5gener2019-015.jpg?ssl=1\"  \/> <\/span><\/em><br \/>\n<em><span style=\"color: #ff0000\">Simp\u00e0tica foto al baixador de Torrebonica <\/span><\/em><br \/>\n<em><span style=\"color: #ff0000\"><img data-recalc-dims=\"1\" decoding=\"async\" src=\"https:\/\/i0.wp.com\/1.bp.blogspot.com\/-42OPoqM3XRY\/XDYwQtlugwI\/AAAAAAAAP44\/O9X1S3q1mssV8Xy0smBnFPsx4j9wYPWWQCLcBGAs\/s800\/Mossenaires_5gener2019-016.jpg?ssl=1\"  \/><\/span><\/em><\/h3>\n<h3><em><span style=\"color: #ff0000\"><img data-recalc-dims=\"1\" decoding=\"async\" src=\"https:\/\/i0.wp.com\/2.bp.blogspot.com\/-5DrDETy9XUk\/XDYwQ2MAA7I\/AAAAAAAAP48\/-p1zhAwZ5S0tth39-Tv8ccm3tqAF0-cGACLcBGAs\/s800\/Mossenaires_5gener2019-017.jpg?ssl=1\"  \/><\/span><\/em><\/h3>\n<h3><em><span style=\"color: #ff0000\"><img data-recalc-dims=\"1\" decoding=\"async\" src=\"https:\/\/i0.wp.com\/1.bp.blogspot.com\/-5oChF9VFx8o\/XDYwRJdpP1I\/AAAAAAAAP5A\/ioM-ci4OeQAIrYv9ZH1AHrHSQ8dnorv5wCLcBGAs\/s800\/Mossenaires_5gener2019-018.jpg?ssl=1\"  \/> <\/span><\/em><br \/>\n<em><span style=\"color: #ff0000\">Jos\u00e9 Luis, que avui fa anys<\/span><\/em><\/h3>\n<h3><em><span style=\"color: #ff0000\"><img data-recalc-dims=\"1\" decoding=\"async\" src=\"https:\/\/i0.wp.com\/4.bp.blogspot.com\/-YKqqX7x48WQ\/XDYwRQRVPxI\/AAAAAAAAP5E\/Kwvj-R1RJ6sYT22NbjEWZ8MyIWeIrE4pgCLcBGAs\/s800\/Mossenaires_5gener2019-019.jpg?ssl=1\"  \/> <\/span><\/em><br \/>\n<em><span style=\"color: #ff0000\">Teresa i Mati, amb el fons magn\u00edfic de Torrebonica i la Mola <\/span><\/em><br \/>\n<em><span style=\"color: #ff0000\"><img data-recalc-dims=\"1\" decoding=\"async\" src=\"https:\/\/i0.wp.com\/2.bp.blogspot.com\/-53GVGtGbtCY\/XDYwRlAeExI\/AAAAAAAAP5I\/eciLpKfl-24hPcjUDFZVjdj3OiJ0QxciACLcBGAs\/s800\/Mossenaires_5gener2019-020.jpg?ssl=1\"  \/> <\/span><\/em><br \/>\n<em><span style=\"color: #ff0000\">l\u2019Eva, amb els seus cans <\/span><\/em><br \/>\n<em><span style=\"color: #ff0000\"><img data-recalc-dims=\"1\" decoding=\"async\" src=\"https:\/\/i0.wp.com\/2.bp.blogspot.com\/-HZtHO-nHXCE\/XDYwR2YdnhI\/AAAAAAAAP5M\/5p_by18Ex58fEr3gTcLavcSRMWiG6VNDwCLcBGAs\/s800\/Mossenaires_5gener2019-021.jpg?ssl=1\"  \/> <\/span><\/em><br \/>\n<em><span style=\"color: #ff0000\">Emilio cap a la cua <\/span><\/em><br \/>\n<em><span style=\"color: #ff0000\"><img data-recalc-dims=\"1\" decoding=\"async\" src=\"https:\/\/i0.wp.com\/4.bp.blogspot.com\/-lDG_1FZD93U\/XDYwSIfyZoI\/AAAAAAAAP5Q\/r4qfNy7aFIAU6t403eKzQohjeX4oNovhwCLcBGAs\/s800\/Mossenaires_5gener2019-022.jpg?ssl=1\"  \/> <\/span><\/em><br \/>\n<em><span style=\"color: #ff0000\"><a style=\"color: #ff0000\" href=\"http:\/\/mossenhoms.netfreehost.com\/viewtopic.php?p=13720&amp;mforum=mossenhoms#13720\">Carme <\/a><\/span><\/em><br \/>\n<em><span style=\"color: #ff0000\"><img data-recalc-dims=\"1\" decoding=\"async\" src=\"https:\/\/i0.wp.com\/3.bp.blogspot.com\/-VsS1GMcME1Y\/XDYwSq04rsI\/AAAAAAAAP5U\/vvyzC8FbvbAhGNE3J5bDo4Gp2vkS1S8uACLcBGAs\/s800\/Mossenaires_5gener2019-023.jpg?ssl=1\"  \/> <\/span><\/em><br \/>\n<em><span style=\"color: #ff0000\">L\u2019Emilio i la Carme, cap a la cua i en Jordi fent un bot <\/span><\/em><br \/>\n<em><span style=\"color: #ff0000\"><img data-recalc-dims=\"1\" decoding=\"async\" src=\"https:\/\/i0.wp.com\/1.bp.blogspot.com\/-ADWmF7fRfTU\/XDYwS2HYs8I\/AAAAAAAAP5c\/GBnvxOoRPy41xOezj10hpYB8Y4clivFbACLcBGAs\/s800\/Mossenaires_5gener2019-024.jpg?ssl=1\"  \/> <\/span><\/em><br \/>\n<em><span style=\"color: #ff0000\">Ja ve la cua, ja ve la cua <\/span><\/em><br \/>\n<em><span style=\"color: #ff0000\"><img data-recalc-dims=\"1\" decoding=\"async\" src=\"https:\/\/i0.wp.com\/4.bp.blogspot.com\/-Ko2FIMCaL2g\/XDYwTIJG_PI\/AAAAAAAAP5Y\/SSLXqM7texEBNEGIXvOsPjVIWXhCOw_0QCLcBGAs\/s800\/Mossenaires_5gener2019-025.jpg?ssl=1\"  \/> <\/span><\/em><br \/>\n<em><span style=\"color: #ff0000\">Albert i Elisabet en la pausa reagrupadora <\/span><\/em><br \/>\n<em><span style=\"color: #ff0000\"><img data-recalc-dims=\"1\" decoding=\"async\" src=\"https:\/\/i0.wp.com\/1.bp.blogspot.com\/-8wbJDl173hE\/XDYwTZ27VkI\/AAAAAAAAP5g\/WFYkMTeSSUAkEGNCSr8vM7pp3CL2-s4kACLcBGAs\/s800\/Mossenaires_5gener2019-026.jpg?ssl=1\"  \/><\/span><\/em><\/h3>\n<h3><em><span style=\"color: #ff0000\"><img data-recalc-dims=\"1\" decoding=\"async\" src=\"https:\/\/i0.wp.com\/3.bp.blogspot.com\/-nZTGb7GBxp0\/XDYwTmZoybI\/AAAAAAAAP5o\/YWb1o5HmaFIaxeY0-l3_LZ5nvxJ5XV-2wCLcBGAs\/s800\/Mossenaires_5gener2019-027.jpg?ssl=1\"  \/><\/span><\/em><\/h3>\n<h3><em><span style=\"color: #ff0000\"><img data-recalc-dims=\"1\" decoding=\"async\" src=\"https:\/\/i0.wp.com\/3.bp.blogspot.com\/-Duy5FjX78GA\/XDYwT40kKwI\/AAAAAAAAP5k\/CzjUDHUfkDoGSaQmKb1IDkXVXuzjOi7EQCLcBGAs\/s800\/Mossenaires_5gener2019-028.jpg?ssl=1\"  \/> <\/span><\/em><br \/>\n<em><span style=\"color: #ff0000\">I hem volgut aplaudir a l\u2019Emilio, com a representant i orgranitzador de l\u2019exitosa Runneada de Cap d\u2019any<\/span><\/em><\/h3>\n<h3><em><span style=\"color: #ff0000\"><img data-recalc-dims=\"1\" decoding=\"async\" src=\"https:\/\/i0.wp.com\/1.bp.blogspot.com\/-0t11bLaDPZk\/XDYwUWBNrvI\/AAAAAAAAP5s\/bS3-CXhT-aEYcCQoxxfDtjJ0rIphXjhfgCLcBGAs\/s800\/Mossenaires_5gener2019-029.jpg?ssl=1\"  \/> <\/span><\/em><br \/>\n<em><span style=\"color: #ff0000\">Felicitats per tot i sobretot per l\u2019\u00e8xit de la Runneada!! <\/span><\/em><br \/>\n<em><span style=\"color: #ff0000\"><img data-recalc-dims=\"1\" decoding=\"async\" src=\"https:\/\/i0.wp.com\/1.bp.blogspot.com\/-lfc4t3Rl76U\/XDYwUwRhuyI\/AAAAAAAAP50\/IcB0lnMujpwJIhCS_3Q0r0u1J0Ib10v-ACLcBGAs\/s800\/Mossenaires_5gener2019-030.jpg?ssl=1\"  \/><\/span><\/em><\/h3>\n<h3><em><span style=\"color: #ff0000\"><img data-recalc-dims=\"1\" decoding=\"async\" src=\"https:\/\/i0.wp.com\/4.bp.blogspot.com\/-9vl6cwgBdrM\/XDYwVJAqdhI\/AAAAAAAAP5w\/eD35qcTRXDMqlbqJQx4w-e8VJx-Bdz1LQCLcBGAs\/s800\/Mossenaires_5gener2019-031.jpg?ssl=1\"  \/><\/span><\/em><\/h3>\n<h3><em><span style=\"color: #ff0000\"><img data-recalc-dims=\"1\" decoding=\"async\" src=\"https:\/\/i0.wp.com\/2.bp.blogspot.com\/-eOXJZKtsdgw\/XDYwVFJVGPI\/AAAAAAAAP54\/clvvFHL0O8o06P0jDzNCEtIXKfVyaCl0QCLcBGAs\/s800\/Mossenaires_5gener2019-032.jpg?ssl=1\"  \/> <\/span><\/em><br \/>\n<em><span style=\"color: #ff0000\">Hem llegit i aplaudit els aniversaris a Mossenaires d\u2019honor<\/span><\/em><\/h3>\n<h3><em><span style=\"color: #ff0000\"><img data-recalc-dims=\"1\" decoding=\"async\" src=\"https:\/\/i0.wp.com\/1.bp.blogspot.com\/-4Xqf2tLGc_w\/XDYwWEiwoBI\/AAAAAAAAP58\/phFYsAis3YYDT3EjE0uuLLUGahe-Pv-LgCLcBGAs\/s800\/Mossenaires_5gener2019-033.jpg?ssl=1\"  \/> <\/span><\/em><br \/>\n<em><span style=\"color: #ff0000\">Santi, per l\u2019Olga <\/span><\/em><br \/>\n<em><span style=\"color: #ff0000\"><img data-recalc-dims=\"1\" decoding=\"async\" src=\"https:\/\/i0.wp.com\/3.bp.blogspot.com\/-cSUhXukL8CQ\/XDYwWeOGFzI\/AAAAAAAAP6A\/9p0lEY5q6GgtyZRWfU90vUrL1bZhBbRVgCLcBGAs\/s800\/Mossenaires_5gener2019-034.jpg?ssl=1\"  \/> <\/span><\/em><br \/>\n<em><span style=\"color: #ff0000\">Avui \u00e9s el cumpleanys d\u2019en Jos\u00e9 Luis: per molts anys!! <\/span><\/em><br \/>\n<em><span style=\"color: #ff0000\"><img data-recalc-dims=\"1\" decoding=\"async\" src=\"https:\/\/i0.wp.com\/4.bp.blogspot.com\/-INJ-_kSVcmA\/XDYwWmqEd-I\/AAAAAAAAP6E\/Qu1iM4WqLgIt5VfP-atrzc6gEO36NAPMwCLcBGAs\/s800\/Mossenaires_5gener2019-035.jpg?ssl=1\"  \/> <\/span><\/em><br \/>\n<em><span style=\"color: #ff0000\">Per molts anys!!! <\/span><\/em><br \/>\n<em><span style=\"color: #ff0000\"><img data-recalc-dims=\"1\" decoding=\"async\" src=\"https:\/\/i0.wp.com\/3.bp.blogspot.com\/-QbEbKW6LoHQ\/XDYwXAJK5BI\/AAAAAAAAP6I\/Wo5xq7a3BC0n3ZRPUOXYjK4kyDCmrxTvQCLcBGAs\/s800\/Mossenaires_5gener2019-036.jpg?ssl=1\"  \/><\/span><\/em><\/h3>\n<h3><em><span style=\"color: #ff0000\"><img data-recalc-dims=\"1\" decoding=\"async\" src=\"https:\/\/i0.wp.com\/3.bp.blogspot.com\/-oeETMYWtoU4\/XDYwXSx5WsI\/AAAAAAAAP6M\/qKQy40NTkHsD6PQhEZZY8m2AGv0DstTxACLcBGAs\/s800\/Mossenaires_5gener2019-037.jpg?ssl=1\"  \/> <\/span><\/em><br \/>\n<em><span style=\"color: #ff0000\">I ahir dia 4 va \u00e9sser, tamb\u00e9, el cumpleanys de la Conxa!!. Felicitats!!! per molts anys <\/span><\/em><br \/>\n<em><span style=\"color: #ff0000\"><img data-recalc-dims=\"1\" decoding=\"async\" src=\"https:\/\/i0.wp.com\/4.bp.blogspot.com\/-476CRGrozzw\/XDYwXrd7f_I\/AAAAAAAAP6Q\/q7yRP8KVzo8VE5RJRGf_46rztLIRoCiWwCLcBGAs\/s800\/Mossenaires_5gener2019-038.jpg?ssl=1\"  \/><\/span><\/em><\/h3>\n<h3><em><span style=\"color: #ff0000\"><img data-recalc-dims=\"1\" decoding=\"async\" src=\"https:\/\/i0.wp.com\/2.bp.blogspot.com\/-uZ9krcT_NzI\/XDYwY54V3gI\/AAAAAAAAP6g\/qiv7aueQOwE27wPVcGMUL2ATOlaI03hsACLcBGAs\/s1600\/Mossenaires_5gener2019-042.jpg?ssl=1\"  \/><\/span><\/em><br \/>\n<em><span style=\"color: #ff0000\">La foto familiar a un lloc \u00fanic, davant les oliveres i a <a style=\"color: #ff0000\" href=\"http:\/\/anellaverda.terrassa.cat\/project\/torrebonica-i-plans-de-can-canya\/\">Torrebonica i plans de Can Canya | Anella Verda de Terrassa<\/a><\/span><\/em><\/h3>\n<h3><em><span style=\"color: #ff0000\"><img data-recalc-dims=\"1\" decoding=\"async\" src=\"https:\/\/i0.wp.com\/2.bp.blogspot.com\/-OuqDNtQxKso\/XDYwZJ6BFNI\/AAAAAAAAP6k\/bEqqc2bdcQoMZ3aygJlkyPDxYiEqttz0wCLcBGAs\/s800\/Mossenaires_5gener2019-043.jpg?ssl=1\"  \/> <\/span><\/em><br \/>\n<em><span style=\"color: #ff0000\">Es proposa un un progressiu i aqu\u00ed est\u00e0 <\/span><\/em><br \/>\n<em><span style=\"color: #ff0000\"><img data-recalc-dims=\"1\" decoding=\"async\" src=\"https:\/\/i0.wp.com\/4.bp.blogspot.com\/-v0j1x2S1mZg\/XDYwZaqJXAI\/AAAAAAAAP6o\/TMeHrXTCXN4g5_3wccqpvadjTtNX5FXOgCLcBGAs\/s800\/Mossenaires_5gener2019-044.jpg?ssl=1\"  \/> <\/span><\/em><br \/>\n<em><span style=\"color: #ff0000\">Fet el canvi, toca anar a la cua. Gr\u00e0cies!! <\/span><\/em><br \/>\n<em><span style=\"color: #ff0000\"><img data-recalc-dims=\"1\" decoding=\"async\" src=\"https:\/\/i0.wp.com\/2.bp.blogspot.com\/-ShvC688Tb3M\/XDYwZxQCo0I\/AAAAAAAAP6w\/3pyMwvH5yawzZxG1i0vPyFqDJKZQEgl5gCLcBGAs\/s800\/Mossenaires_5gener2019-045.jpg?ssl=1\"  \/> <\/span><\/em><br \/>\n<em><span style=\"color: #ff0000\">Com tantes vegades fa d\u2019anar a la cua l\u2019Emilio<\/span><\/em><\/h3>\n<h3><em><span style=\"color: #ff0000\">I l\u2019Albert cap a la cua. Gr\u00e0cies!! <\/span><\/em><br \/>\n<em><span style=\"color: #ff0000\"><img data-recalc-dims=\"1\" decoding=\"async\" src=\"https:\/\/i0.wp.com\/2.bp.blogspot.com\/-Wf-gJTPZX80\/XDYwaIO2zQI\/AAAAAAAAP60\/1GMbRo-bD4Qwj6YCFOwFjSXf5yz00ddSwCLcBGAs\/s800\/Mossenaires_5gener2019-047.jpg?ssl=1\"  \/> <\/span><\/em><br \/>\n<em><span style=\"color: #ff0000\">I la incansable Gemma <\/span><\/em><br \/>\n<em><span style=\"color: #ff0000\"><img data-recalc-dims=\"1\" decoding=\"async\" src=\"https:\/\/i0.wp.com\/1.bp.blogspot.com\/-maJ-xavL-Jc\/XDYwazOfwRI\/AAAAAAAAP64\/jIHOs1_MY0gy6-D65pFbUENlklLim2WdQCLcBGAs\/s800\/Mossenaires_5gener2019-048.jpg?ssl=1\"  \/> <\/span><\/em><br \/>\n<em><span style=\"color: #ff0000\">I en Jos\u00e9 Luis, cap a la cua <\/span><\/em><br \/>\n<em><span style=\"color: #ff0000\"><img data-recalc-dims=\"1\" decoding=\"async\" src=\"https:\/\/i0.wp.com\/1.bp.blogspot.com\/-WjqRmuG9fM4\/XDYwa8iyNdI\/AAAAAAAAP68\/V-djgrKX4Yg7gzaI5a9O81oe9rcqaOy_gCLcBGAs\/s800\/Mossenaires_5gener2019-049.jpg?ssl=1\"  \/> <\/span><\/em><br \/>\n<em><span style=\"color: #ff0000\">En primer terme en Carlos i darrera els camps de golfs totalment engebrats <\/span><\/em><br \/>\n<em><span style=\"color: #ff0000\"><img data-recalc-dims=\"1\" decoding=\"async\" src=\"https:\/\/i0.wp.com\/1.bp.blogspot.com\/-xFz1vIX1K3U\/XDYwbCrrDbI\/AAAAAAAAP7A\/q79dgQAMWtUjqbgr6WQjb_-0JhGiCrtBACLcBGAs\/s800\/Mossenaires_5gener2019-050.jpg?ssl=1\"  \/> <\/span><\/em><br \/>\n<em><span style=\"color: #ff0000\">La Conxa, la nostra Mossenaire de Martorell, l\u2019endem\u00e0 del seu cumpleanys i els camps amb gebre <\/span><\/em><br \/>\n<em><span style=\"color: #ff0000\"><img data-recalc-dims=\"1\" decoding=\"async\" src=\"https:\/\/i0.wp.com\/2.bp.blogspot.com\/-YuM8LOG9w1Q\/XDYwbVNAHoI\/AAAAAAAAP7E\/0DiRuPDKNT85ZkJC1lJem6r0Q63yT4gAwCLcBGAs\/s800\/Mossenaires_5gener2019-051.jpg?ssl=1\"  \/> <\/span><\/em><br \/>\n<em><span style=\"color: #ff0000\">Sempre amunt i avall qui fa progressius <\/span><\/em><br \/>\n<em><span style=\"color: #ff0000\"><img data-recalc-dims=\"1\" decoding=\"async\" src=\"https:\/\/i0.wp.com\/4.bp.blogspot.com\/-m9rOIJc0aAY\/XDYwbqxw42I\/AAAAAAAAP7I\/-yHKyfLspFcR2ygkuihH67DcugmAFNPQwCLcBGAs\/s800\/Mossenaires_5gener2019-052.jpg?ssl=1\"  \/><\/span><\/em><\/h3>\n<h3><em><span style=\"color: #ff0000\"><img data-recalc-dims=\"1\" decoding=\"async\" src=\"https:\/\/i0.wp.com\/1.bp.blogspot.com\/-YJPEk7L7YFk\/XDYwb0WThXI\/AAAAAAAAP7M\/sQX5jpAvM-sQBkaYsYFh_kAuz1JLDmX3wCLcBGAs\/s800\/Mossenaires_5gener2019-053.jpg?ssl=1\"  \/><\/span><\/em><\/h3>\n<h3><em><span style=\"color: #ff0000\"><img data-recalc-dims=\"1\" decoding=\"async\" src=\"https:\/\/i0.wp.com\/4.bp.blogspot.com\/-WgGsM41ooyY\/XDYwb_AyVLI\/AAAAAAAAP7Q\/izwyh4IVTK8ULGk1lDd0D2523bWxs22xwCLcBGAs\/s800\/Mossenaires_5gener2019-054.jpg?ssl=1\"  \/><\/span><\/em><\/h3>\n<h3><em><span style=\"color: #ff0000\"><img data-recalc-dims=\"1\" decoding=\"async\" src=\"https:\/\/i0.wp.com\/2.bp.blogspot.com\/-Dp9XkB8tQgQ\/XDYwcSPK8QI\/AAAAAAAAP7U\/gQdpdLyqvXIZLSRB9xupYjlN1-1HrOgBACLcBGAs\/s800\/Mossenaires_5gener2019-055.jpg?ssl=1\"  \/><\/span><\/em><\/h3>\n<h3><em><span style=\"color: #ff0000\"><img data-recalc-dims=\"1\" decoding=\"async\" src=\"https:\/\/i0.wp.com\/2.bp.blogspot.com\/-LnlNjGodA3w\/XDYwcunz_lI\/AAAAAAAAP7Y\/jhwcI6dbBvgpGAMVpbpGGE8bwPg2Z-DwQCLcBGAs\/s800\/Mossenaires_5gener2019-056.jpg?ssl=1\"  \/><\/span><\/em><\/h3>\n<h3><em><span style=\"color: #ff0000\"><img data-recalc-dims=\"1\" decoding=\"async\" src=\"https:\/\/i0.wp.com\/1.bp.blogspot.com\/-fWqpKGr5_Sk\/XDYwc9ZgnPI\/AAAAAAAAP7c\/kv-T5qULWt8s9Y8vnZ_SC3nVNcWH3as7QCLcBGAs\/s800\/Mossenaires_5gener2019-057.jpg?ssl=1\"  \/> <\/span><\/em><br \/>\n<em><span style=\"color: #ff0000\">Pascual i Juan <\/span><\/em><br \/>\n<em><span style=\"color: #ff0000\"><img data-recalc-dims=\"1\" decoding=\"async\" src=\"https:\/\/i0.wp.com\/1.bp.blogspot.com\/-0abobrd_xYI\/XDYwdZrrSdI\/AAAAAAAAP7g\/VhFvACSddcI6m2jthuVgmIJK0bxYvM0pQCLcBGAs\/s800\/Mossenaires_5gener2019-058.jpg?ssl=1\"  \/><\/span><\/em><\/h3>\n<h3><em><span style=\"color: #ff0000\"><img data-recalc-dims=\"1\" decoding=\"async\" src=\"https:\/\/i0.wp.com\/3.bp.blogspot.com\/-YFDSN0T6EKw\/XDYwdS0sStI\/AAAAAAAAP7k\/F2ZZC7KhfMk0l37idlUSSDC4HSdGp-SnwCLcBGAs\/s800\/Mossenaires_5gener2019-059.jpg?ssl=1\"  \/><\/span><\/em><\/h3>\n<h3><em><span style=\"color: #ff0000\"><img data-recalc-dims=\"1\" decoding=\"async\" src=\"https:\/\/i0.wp.com\/3.bp.blogspot.com\/-S8gS69geIWU\/XDYwdpVhgmI\/AAAAAAAAP7o\/gXpvMkv8risDWQIINms6e7UkdeIF46k7ACLcBGAs\/s800\/Mossenaires_5gener2019-060.jpg?ssl=1\"  \/><\/span><\/em><\/h3>\n<h3><em><span style=\"color: #ff0000\"><img data-recalc-dims=\"1\" decoding=\"async\" src=\"https:\/\/i0.wp.com\/1.bp.blogspot.com\/-S34YZUlvWQg\/XDYwdyE8L2I\/AAAAAAAAP7s\/DIzcnlKbtawg5Mn76kAlHBF8Phkfd_KXwCLcBGAs\/s800\/Mossenaires_5gener2019-061.jpg?ssl=1\"  \/> <\/span><\/em><br \/>\n<em><span style=\"color: #ff0000\">Ens creuem amb un grup d\u2019amics i coneguts <\/span><\/em><br \/>\n<em><span style=\"color: #ff0000\"><img data-recalc-dims=\"1\" decoding=\"async\" src=\"https:\/\/i0.wp.com\/1.bp.blogspot.com\/-0v6V7MJllio\/XDYweOyut2I\/AAAAAAAAP7w\/Ii0VW78FoYMBPh-WNvZvEL_Qytqm0AQ1ACLcBGAs\/s800\/Mossenaires_5gener2019-062.jpg?ssl=1\"  \/> <\/span><\/em><br \/>\n<em><span style=\"color: #ff0000\">I tamb\u00e9 amunt i avall <\/span><\/em><br \/>\n<em><span style=\"color: #ff0000\"><img data-recalc-dims=\"1\" decoding=\"async\" src=\"https:\/\/i0.wp.com\/1.bp.blogspot.com\/-mTjm-u6KZsI\/XDYwedFUeLI\/AAAAAAAAP70\/yUDLO59DsUoFM0vOchhOYEC8WQ4BWWDGwCLcBGAs\/s800\/Mossenaires_5gener2019-063.jpg?ssl=1\"  \/> <\/span><\/em><br \/>\n<em><span style=\"color: #ff0000\">La foto del compte enrera <\/span><\/em><br \/>\n<em><span style=\"color: #ff0000\">12,11, 10\u2026 3,2,1 <\/span><\/em><br \/>\n<em><span style=\"color: #ff0000\"><img data-recalc-dims=\"1\" decoding=\"async\" src=\"https:\/\/i0.wp.com\/1.bp.blogspot.com\/-vTvlcOrOUuY\/XDYwe3A1HFI\/AAAAAAAAP74\/8Cd79A5b3VMM3s-TkZYnr61R_lxBksMwgCLcBGAs\/s800\/Mossenaires_5gener2019-064.jpg?ssl=1\"  \/> <\/span><\/em><br \/>\n<em><span style=\"color: #ff0000\">\u00daltima al camp base. Gr\u00e0cies a tothom per fer-ho possible i fins dissabte vinent!!<\/span><\/em><\/h3>\n<h3><em><span style=\"color: #ff0000\"><a style=\"color: #ff0000\" href=\"https:\/\/www.youtube.com\/watch?v=LEmgOFCjEuA\"><img data-recalc-dims=\"1\" decoding=\"async\" src=\"https:\/\/i0.wp.com\/3.bp.blogspot.com\/-2q8nGBlMquk\/XDeOZ1VFjSI\/AAAAAAAAP8s\/GzpAGoZIwnM1zwBPPADIvAa7_oxiRYk_QCLcBGAs\/s800\/Mossenaires_5gener2019-video.jpg?ssl=1\"  \/><\/a> <\/span><\/em><br \/>\n<em><span style=\"color: #ff0000\">veure v\u00eddeo \u2026. <a style=\"color: #ff0000\" href=\"https:\/\/www.youtube.com\/watch?v=LEmgOFCjEuA\">https:\/\/www.youtube.com\/watch?v=LEmgOFCjEuA<\/a><\/span><\/em><\/h3>\n<h3><em><span style=\"color: #ff0000\"><a style=\"color: #ff0000\" href=\"https:\/\/www.strava.com\/activities\/2069292127\"><img data-recalc-dims=\"1\" decoding=\"async\" src=\"https:\/\/i0.wp.com\/4.bp.blogspot.com\/-mJsNxYbAPoQ\/XDeNG_CT9_I\/AAAAAAAAP8k\/eI_jStRDag0C05selY7f6VKGeNwR-qChACLcBGAs\/s800\/Mossenaires_5gener2019-circuit.jpg?ssl=1\"  \/><\/a> <\/span><\/em><br \/>\n<em><span style=\"color: #ff0000\">veure circuit\u2026 <a style=\"color: #ff0000\" href=\"https:\/\/www.strava.com\/activities\/2069292127\">https:\/\/www.strava.com\/activities\/2069292127<\/a><\/span><\/em><\/h3>\n<h3><em><span style=\"color: #ff0000\"><b><\/b><span style=\"font-size: large\"><b><br \/>\n<\/b><\/span><span style=\"font-size: large\"><b><br \/>\n<\/b><\/span><b><\/b><\/span><\/em><\/h3>\n<table style=\"padding-left: 30px;text-align: justify\" cellspacing=\"0\">\n<tbody style=\"padding-left: 30px\">\n<tr style=\"padding-left: 30px\">\n<td style=\"padding-left: 30px\">\n<h3><em><span style=\"color: #ff0000\"><span style=\"font-size: large\"><a style=\"color: #ff0000\" href=\"http:\/\/www.egargrafic.com\/\" target=\"_blank\" rel=\"noopener noreferrer\"><img data-recalc-dims=\"1\" decoding=\"async\" src=\"https:\/\/i0.wp.com\/www.josepmoliner.com\/egargrafic3.gif\" alt=\"\" \/><\/a><\/span><\/span><\/em><\/h3>\n<\/td>\n<td style=\"padding-left: 30px\">\n<h3><em><span style=\"color: #ff0000\"><span style=\"font-size: large\"><span style=\"font-size: xx-small\">\u00a0<\/span><a style=\"color: #ff0000\" href=\"http:\/\/www.elroure.net\/fisioterapiaroura\/\" target=\"_blank\" rel=\"noopener noreferrer\"><img data-recalc-dims=\"1\" decoding=\"async\" src=\"https:\/\/i0.wp.com\/elroure.net\/fisioterapiaroura\/Fisioterapia_elroure.gif\" alt=\"\" \/><\/a><\/span><\/span><\/em><\/h3>\n<\/td>\n<\/tr>\n<tr style=\"padding-left: 30px\">\n<td style=\"padding-left: 30px\">\n<h3><em><span style=\"color: #ff0000\"><span style=\"font-size: large\"><a style=\"color: #ff0000\" href=\"http:\/\/www.grevolsalut.com\/\" target=\"_blank\" rel=\"noopener noreferrer\"><img data-recalc-dims=\"1\" decoding=\"async\" src=\"https:\/\/i0.wp.com\/www.elroure.net\/grevol\/grevol_salut.gif\" alt=\"\" \/><\/a><\/span><\/span><\/em><\/h3>\n<\/td>\n<td style=\"padding-left: 30px\">\n<h3><em><span style=\"color: #ff0000\"><a style=\"color: #ff0000\" href=\"http:\/\/www.elroure.net\/\" target=\"_blank\" rel=\"noopener noreferrer\"><span style=\"font-size: large\"><img data-recalc-dims=\"1\" decoding=\"async\" src=\"https:\/\/i0.wp.com\/elroure.net\/rourenet.gif\" alt=\"\" \/><\/span><\/a><\/span><\/em><\/h3>\n<\/td>\n<\/tr>\n<tr style=\"padding-left: 30px\">\n<td style=\"padding-left: 30px\">\n<h3><em><span style=\"color: #ff0000\"><a style=\"color: #ff0000\" href=\"http:\/\/www.eledevall.com\/\" target=\"_blank\" rel=\"noopener noreferrer\"><span style=\"font-size: large\"><img data-recalc-dims=\"1\" decoding=\"async\" src=\"https:\/\/i0.wp.com\/josepmoliner.com\/eledevall.gif\" alt=\"\" \/><\/span><\/a><\/span><\/em><\/h3>\n<\/td>\n<td style=\"padding-left: 30px\">\n<h3><em><span style=\"color: #ff0000\"><a style=\"color: #ff0000\" href=\"http:\/\/civeracampoy.com\/index.php\/es\/\" target=\"_blank\" rel=\"noopener noreferrer\"><span style=\"font-size: large\"><img data-recalc-dims=\"1\" decoding=\"async\" src=\"https:\/\/i0.wp.com\/josepmoliner.com\/Civera%26Campoy.gif\" alt=\"\" \/><\/span><\/a><\/span><\/em><\/h3>\n<\/td>\n<\/tr>\n<tr style=\"padding-left: 30px\">\n<td style=\"padding-left: 30px\">\n<h3><em><span style=\"color: #ff0000\"><span style=\"font-size: large\">\u00a0<\/span><\/span><\/em><\/h3>\n<\/td>\n<td style=\"padding-left: 30px\">\n<h3><em><span style=\"color: #ff0000\"><span style=\"font-size: large\">\u00a0<\/span><\/span><\/em><\/h3>\n<\/td>\n<\/tr>\n<tr style=\"padding-left: 30px\">\n<td style=\"padding-left: 30px\">\n<table style=\"padding-left: 30px\" cellspacing=\"0\">\n<tbody style=\"padding-left: 30px\">\n<tr style=\"padding-left: 30px;text-align: justify\">\n<td style=\"padding-left: 30px\">\n<h3 style=\"text-align: center\"><em><span style=\"color: #ff0000\"><span style=\"font-size: large\">\u00a0<a style=\"color: #ff0000\" href=\"mailto:pep@mossenhoms.be\" target=\"_blank\" rel=\"noopener\">vols el teu banner?\u00a0\u00a0<\/a><\/span><\/span><\/em><\/h3>\n<\/td>\n<\/tr>\n<\/tbody>\n<\/table>\n<\/td>\n<\/tr>\n<\/tbody>\n<\/table>\n<h3 style=\"text-align: center\"><span style=\"color: #0000ff\"><em><span style=\"font-size: large\"><b>si vols sortir al final dels cr\u00f2niques, pregunta com fer-ho<\/b><\/span><\/em><\/span><\/h3>\n<h3 style=\"text-align: center\"><span style=\"color: #0000ff\"><em><span style=\"font-size: large\"><b>et fem el teu banner a Mossenhoms.be<\/b><\/span><\/em><\/span><\/h3>\n<h3 style=\"text-align: center\"><span style=\"color: #0000ff\"><em><span style=\"font-size: large\"><span style=\"background-color: #ffffcc;font-family: verdana, arial, helvetica, sans-serif\">disseny.banner.terrassa@recursor.net<\/span><\/span><\/em><\/span><\/h3>\n","protected":false},"excerpt":{"rendered":"<p>Ens agrada que les dates senyalades, i avui n\u2019\u00e9s una, donat que ses majestats els reis d\u2019orient ens visiten a la nit i si heu fet bondat, els vostres desitjos seran acomplerts i n\u2019estem del tot segurs. I nosaltres, al mat\u00ed, \u00e9s clar, anirem a fer els deures de passar-nos-ho pipa, en bona companyia, fent [&hellip;]<\/p>\n","protected":false},"author":171,"featured_media":0,"comment_status":"closed","ping_status":"closed","sticky":false,"template":"","format":"standard","meta":{"jetpack_post_was_ever_published":false,"_jetpack_newsletter_access":"","_jetpack_dont_email_post_to_subs":false,"_jetpack_newsletter_tier_id":0,"_jetpack_memberships_contains_paywalled_content":false,"_jetpack_memberships_contains_paid_content":false,"footnotes":"","jetpack_publicize_message":"","jetpack_publicize_feature_enabled":true,"jetpack_social_post_already_shared":true,"jetpack_social_options":{"image_generator_settings":{"template":"highway","default_image_id":0,"font":"","enabled":false},"version":2}},"categories":[1],"tags":[],"class_list":["post-4828","post","type-post","status-publish","format-standard","hentry","category-general"],"jetpack_publicize_connections":[],"jetpack_featured_media_url":"","jetpack_sharing_enabled":true,"jetpack_shortlink":"https:\/\/wp.me\/pagkiK-1fS","jetpack-related-posts":[{"id":6362,"url":"https:\/\/blogs.avui.cat\/pepmoliner\/2026\/02\/13\/plans-de-can-canya-amb-mossenaires\/","url_meta":{"origin":4828,"position":0},"title":"Plans de Can Canya amb Mossenaires","author":"Pep Moliner","date":"13 de febrer de 2026","format":false,"excerpt":"Tot i saber que cada dissabte s'assembla l'un a l'altre; cap \u00e9s igual. Qui ens acompanya, el recorregut i les converses, i sobretot la predisposici\u00f3 al projecte d'entrenar en grup. Amb les dues colles, els que caminen i els que correm, que estarem una estona plegats a gaudir d'un mat\u00ed\u2026","rel":"","context":"A &quot;General&quot;","block_context":{"text":"General","link":"https:\/\/blogs.avui.cat\/pepmoliner\/category\/general\/"},"img":{"alt_text":"","src":"https:\/\/i0.wp.com\/img.youtube.com\/vi\/hNgYuVGDLhQ\/0.jpg?resize=350%2C200","width":350,"height":200},"classes":[]},{"id":5986,"url":"https:\/\/blogs.avui.cat\/pepmoliner\/2024\/05\/23\/figueres-del-mas-can-canyes-i-bassa-des-de-can-mossenaire\/","url_meta":{"origin":4828,"position":1},"title":"Figueres del Mas, Can Canyes i Bassa des de Can Mossenaire","author":"Pep Moliner","date":"23 de maig de 2024","format":false,"excerpt":"Avui tenim hist\u00f2ria trista, i \u00e9s que l'Eva Cantero, una de les Mossenaires m\u00e9s antigues i amiga nostra, i que va ser pionera al grup a venir amb els seus gossos, en Sherlock i Watson, ens porta la mala not\u00edcia que en Watson est\u00e0 molt malalt i el porta, a\u2026","rel":"","context":"A &quot;General&quot;","block_context":{"text":"General","link":"https:\/\/blogs.avui.cat\/pepmoliner\/category\/general\/"},"img":{"alt_text":"","src":"https:\/\/i0.wp.com\/img.youtube.com\/vi\/DLNqVj_W8uU\/0.jpg?resize=350%2C200","width":350,"height":200},"classes":[]},{"id":5004,"url":"https:\/\/blogs.avui.cat\/pepmoliner\/2019\/12\/06\/plans-de-can-canya-i-n150-amb-mossenaires\/","url_meta":{"origin":4828,"position":2},"title":"Plans de Can Canya i N150 amb Mossenaires","author":"Pep Moliner","date":"6 de desembre de 2019","format":false,"excerpt":"Quan arrangen els marges de la carretera N150, aprofitem per transitari Mossenaires, i amb el m\u00e0xim de cura fins a Can Torrella i tomba que gira, seguim prop de llocs on hi ha els que reposen eternament, i anem seguint sense fer massa soroll i a buscar la Gr\u00edpia, que\u2026","rel":"","context":"A &quot;General&quot;","block_context":{"text":"General","link":"https:\/\/blogs.avui.cat\/pepmoliner\/category\/general\/"},"img":{"alt_text":"","src":"https:\/\/i0.wp.com\/img.youtube.com\/vi\/kda2HHQZLwU\/0.jpg?resize=350%2C200","width":350,"height":200},"classes":[]},{"id":6070,"url":"https:\/\/blogs.avui.cat\/pepmoliner\/2024\/11\/21\/mossenaires-a-castellarnau-2\/","url_meta":{"origin":4828,"position":3},"title":"Mossenaires a Castellarnau","author":"Pep Moliner","date":"21 de novembre de 2024","format":false,"excerpt":"Els circuits, despr\u00e9s de tants anys, segur que els hem repetit cents de vegades. I el que \u00e9s segur que no repetim \u00e9s amb les mateixes persones i a m\u00e9s els entorns alguns han canviat. Avui baixem a Castellarnau, on abans hi havia uns gronxadors i un bon doll d'aigua\u2026","rel":"","context":"A &quot;General&quot;","block_context":{"text":"General","link":"https:\/\/blogs.avui.cat\/pepmoliner\/category\/general\/"},"img":{"alt_text":"","src":"https:\/\/i0.wp.com\/img.youtube.com\/vi\/2RYOe2_L5pk\/0.jpg?resize=350%2C200","width":350,"height":200},"classes":[]},{"id":6181,"url":"https:\/\/blogs.avui.cat\/pepmoliner\/2025\/06\/06\/plans-de-can-canya-i-ca-nustrell-amb-mossenaires\/","url_meta":{"origin":4828,"position":4},"title":"Plans de Can Canya i Ca n&#8217;Ustrell amb Mossenaires","author":"Pep Moliner","date":"6 de juny de 2025","format":false,"excerpt":"Afrontem dies calorosos i en anar ben d'hora, ben d'hora, ens ajuda a fer una horeta i escaig amb facilitat per la fresqueta. Continuem fent projecte, i avui una bona colla i sempre noves alegries, i quan tornen Mossenaires com l'Enrique-Nilo, gran esportista i amic del projecte. Gr\u00e0cies! Hem fet\u2026","rel":"","context":"A &quot;General&quot;","block_context":{"text":"General","link":"https:\/\/blogs.avui.cat\/pepmoliner\/category\/general\/"},"img":{"alt_text":"","src":"https:\/\/i0.wp.com\/img.youtube.com\/vi\/2p6BQhCEjeM\/0.jpg?resize=350%2C200","width":350,"height":200},"classes":[]},{"id":5627,"url":"https:\/\/blogs.avui.cat\/pepmoliner\/2022\/08\/25\/passem-per-lhipica\/","url_meta":{"origin":4828,"position":5},"title":"Passem per l&#8217;h\u00edpica","author":"Pep Moliner","date":"25 d'agost de 2022","format":false,"excerpt":"Mig agost i continuem. S\u00ed. El dia ha estat com \u00e9s habitual per gaudir d'una estona. Els Mossenaires hem sortit al mateix moment, tant els que caminen com els que ho fan corrent. Els recorreguts i la gent que hem passat aquesta bona estona, la reflectim amb els reportatges acostumats,\u2026","rel":"","context":"A &quot;mossenaires&quot;","block_context":{"text":"mossenaires","link":"https:\/\/blogs.avui.cat\/pepmoliner\/category\/mossenaires\/"},"img":{"alt_text":"","src":"https:\/\/i0.wp.com\/blogger.googleusercontent.com\/img\/b\/R29vZ2xl\/AVvXsEiv_qCE6YC61NJV2O-l4FAzTDhGmocYbrI8ddxTe6aVdNjdVhMKS7FqzJLn8Rx9f2QQ7JvFH8GIYUGdhzvnxg0R4Fw6iVjcAXYQW6zCyZPHG4SLpGF3DMApQ7RCAKN0lJ-Guv3MeI2SSrpi_ZvUXNKqu7IowyjQ1IYa9-p93-cvycLG2RehtKQmsUZ_DQ\/w640-h410\/115-Mossenaires_20Agost2022-circuit.png?resize=350%2C200&ssl=1","width":350,"height":200,"srcset":"https:\/\/i0.wp.com\/blogger.googleusercontent.com\/img\/b\/R29vZ2xl\/AVvXsEiv_qCE6YC61NJV2O-l4FAzTDhGmocYbrI8ddxTe6aVdNjdVhMKS7FqzJLn8Rx9f2QQ7JvFH8GIYUGdhzvnxg0R4Fw6iVjcAXYQW6zCyZPHG4SLpGF3DMApQ7RCAKN0lJ-Guv3MeI2SSrpi_ZvUXNKqu7IowyjQ1IYa9-p93-cvycLG2RehtKQmsUZ_DQ\/w640-h410\/115-Mossenaires_20Agost2022-circuit.png?resize=350%2C200&ssl=1 1x, https:\/\/i0.wp.com\/blogger.googleusercontent.com\/img\/b\/R29vZ2xl\/AVvXsEiv_qCE6YC61NJV2O-l4FAzTDhGmocYbrI8ddxTe6aVdNjdVhMKS7FqzJLn8Rx9f2QQ7JvFH8GIYUGdhzvnxg0R4Fw6iVjcAXYQW6zCyZPHG4SLpGF3DMApQ7RCAKN0lJ-Guv3MeI2SSrpi_ZvUXNKqu7IowyjQ1IYa9-p93-cvycLG2RehtKQmsUZ_DQ\/w640-h410\/115-Mossenaires_20Agost2022-circuit.png?resize=525%2C300&ssl=1 1.5x"},"classes":[]}],"_links":{"self":[{"href":"https:\/\/blogs.avui.cat\/pepmoliner\/wp-json\/wp\/v2\/posts\/4828","targetHints":{"allow":["GET"]}}],"collection":[{"href":"https:\/\/blogs.avui.cat\/pepmoliner\/wp-json\/wp\/v2\/posts"}],"about":[{"href":"https:\/\/blogs.avui.cat\/pepmoliner\/wp-json\/wp\/v2\/types\/post"}],"author":[{"embeddable":true,"href":"https:\/\/blogs.avui.cat\/pepmoliner\/wp-json\/wp\/v2\/users\/171"}],"replies":[{"embeddable":true,"href":"https:\/\/blogs.avui.cat\/pepmoliner\/wp-json\/wp\/v2\/comments?post=4828"}],"version-history":[{"count":1,"href":"https:\/\/blogs.avui.cat\/pepmoliner\/wp-json\/wp\/v2\/posts\/4828\/revisions"}],"predecessor-version":[{"id":4829,"href":"https:\/\/blogs.avui.cat\/pepmoliner\/wp-json\/wp\/v2\/posts\/4828\/revisions\/4829"}],"wp:attachment":[{"href":"https:\/\/blogs.avui.cat\/pepmoliner\/wp-json\/wp\/v2\/media?parent=4828"}],"wp:term":[{"taxonomy":"category","embeddable":true,"href":"https:\/\/blogs.avui.cat\/pepmoliner\/wp-json\/wp\/v2\/categories?post=4828"},{"taxonomy":"post_tag","embeddable":true,"href":"https:\/\/blogs.avui.cat\/pepmoliner\/wp-json\/wp\/v2\/tags?post=4828"}],"curies":[{"name":"wp","href":"https:\/\/api.w.org\/{rel}","templated":true}]}}