{"id":4786,"date":"2018-10-03T17:28:26","date_gmt":"2018-10-03T16:28:26","guid":{"rendered":"https:\/\/blogs.avui.cat\/pepmoliner\/?p=4786"},"modified":"2018-10-03T17:28:30","modified_gmt":"2018-10-03T16:28:30","slug":"bon-entrenament-a-can-mossenaire","status":"publish","type":"post","link":"https:\/\/blogs.avui.cat\/pepmoliner\/2018\/10\/03\/bon-entrenament-a-can-mossenaire\/","title":{"rendered":"Bon entrenament a Can Mossenaire"},"content":{"rendered":"<h3><span style=\"color: #800000\"><em>Quatre corredisses, i sempre acabar en ganes de tornar-hi, aix\u00f2 \u00e9s el que volem. Fer prop de deu quil\u00f2metres i jugar amb algun canvi de ritme i anar amunt i avall quan vulguem i tot i com hem fet a mils de vegades.<\/em><\/span><\/h3>\n<h3><span style=\"color: #800000\"><em>Hem volgut destacar, avui que entre nosaltres hi ha un bon amic que a una prova que requereix una for\u00e7a especial, la Matagalls-Montserrat, tenim la sort de compartir molts dissabtes i des de fa molts anys amb en Jordi Vi\u00f1eta, que l&#8217;ha fet i acabat vint-i-cinc vegades i amb un temps d&#8217;aut\u00e8ntic r\u00e9cord.<\/em><\/span><\/h3>\n<h3><span style=\"color: #800000\"><em>El que ens agrada, que passen els anys, i sempre venen Mossenaires Nous, com avui en Pau Margarit i la foto l&#8217;he realitzat a un lloc diferent: un encreuament de camins i poc despr\u00e9s de la font de l&#8217;Argelaguet, donat que amigues i amics que havien d&#8217;anar a la cursa de CST, i no es volien perdre la vostra companyia.<\/em><\/span><\/h3>\n<h3><span style=\"color: #800000\"><em>Ens encanta veure que quan tenim aniversaris a Mossenaires d&#8217;Honor, tenim la sort que encara vinguin el projecte sigui seu, com en Roberto Herrero, a qui hem aplaudit.<\/em><\/span><\/h3>\n<h3><span style=\"color: #800000\"><em>Recordem i tal com fem cada setmana, que el dia 6 d&#8217;octubre farem un entrenament m\u00e9s petit, de quatre quil\u00f2metres a la mateixa hora, i llavors amb cotxes, anirem on en digui l&#8217;Anna Cos per pujar caminant a la Mola. Us hi esperem a totes i a tots i quants m\u00e9s serem&#8230; m\u00e9s riurem. Fins dissabte<\/em><\/span><\/h3>\n<h3><span style=\"color: #800000\"><em><img data-recalc-dims=\"1\" decoding=\"async\" src=\"https:\/\/i0.wp.com\/2.bp.blogspot.com\/-nzexrYWVCp0\/W7JmvCn1t7I\/AAAAAAAAOxw\/5FkOqztofU4oG9laGaCvsmRls_9x1yBswCLcBGAs\/s800\/01-Mossenaires_29setembre2018.jpg?ssl=1\"  \/> <\/em><\/span><br \/>\n<span style=\"color: #800000\"><em>Qui ens portar\u00e0 la bandera?<\/em><\/span><\/h3>\n<h3><span style=\"color: #800000\"><em><img data-recalc-dims=\"1\" decoding=\"async\" src=\"https:\/\/i0.wp.com\/4.bp.blogspot.com\/-zQOKqyMDhiQ\/W7JmvLnAXxI\/AAAAAAAAOx4\/ZrMrdjk1O9YNSdxDDBTikj9r6aiyXyfuQCLcBGAs\/s800\/02-Mossenaires_29setembre2018-001.jpg?ssl=1\"  \/> <\/em><\/span><br \/>\n<span style=\"color: #800000\"><em>En <a style=\"color: #800000\" href=\"http:\/\/mossenhoms.netfreehost.com\/mossenhoms-post-8218.html#8218\">Jordi Vi\u00f1eta <\/a>el dia que \u00e9s portador de bandera Mossenaire<\/em><\/span><\/h3>\n<h3><span style=\"color: #800000\"><em><img data-recalc-dims=\"1\" decoding=\"async\" src=\"https:\/\/i0.wp.com\/2.bp.blogspot.com\/-OicA0-cRZrU\/W7JmvAtFWDI\/AAAAAAAAOx0\/glg8jrUMew41---437APX1PUJRDGmHs_QCLcBGAs\/s800\/03-Mossenaires_29setembre2018-002.jpg?ssl=1\"  \/> <\/em><\/span><br \/>\n<span style=\"color: #800000\"><em>i pacientment l&#8217;Olga i en David, esperant el moment de sortir<\/em><\/span><\/h3>\n<h3><span style=\"color: #800000\"><em><img data-recalc-dims=\"1\" decoding=\"async\" src=\"https:\/\/i0.wp.com\/3.bp.blogspot.com\/-rL4otLBhnmI\/W7Jmv5k5FCI\/AAAAAAAAOx8\/fYTt0VpeH3IAusIawRUmAkR5cmNJL78VQCLcBGAs\/s800\/04-Mossenaires_29setembre2018-003.jpg?ssl=1\"  \/> <\/em><\/span><br \/>\n<span style=\"color: #800000\"><em>I, ja \u00e9s l&#8217;hora des de la Masia de Torre Moss\u00e8n Homs, amb en Pau, Marc, Enrique, Antonio<\/em><\/span><\/h3>\n<h3><span style=\"color: #800000\"><em><img data-recalc-dims=\"1\" decoding=\"async\" src=\"https:\/\/i0.wp.com\/3.bp.blogspot.com\/-OqZVEjScsK4\/W7JmwGojTqI\/AAAAAAAAOyA\/gerpPPYUQKsr-YfmA9fJndDskCOwkTESwCLcBGAs\/s800\/05-Mossenaires_29setembre2018-004.jpg?ssl=1\"  \/> <\/em><\/span><br \/>\n<span style=\"color: #800000\"><em>i al mig i acompanyat del Miguel, en <a style=\"color: #800000\" href=\"http:\/\/mossenhoms.netfreehost.com\/viewtopic.php?p=13985&amp;mforum=mossenhoms#13985\">Roberto Ferrero <\/a>, que avui celebrem el seu aniversari a Mossenaire d&#8217;Honor<\/em><\/span><\/h3>\n<h3><span style=\"color: #800000\"><em><img data-recalc-dims=\"1\" decoding=\"async\" src=\"https:\/\/i0.wp.com\/3.bp.blogspot.com\/-Z-q6huOIfe0\/W7JmwcULaXI\/AAAAAAAAOyE\/OMJuvLGyqiwBTgKHk2VIr4q1IasYRhSxQCLcBGAs\/s800\/06-Mossenaires_29setembre2018-005.jpg?ssl=1\"  \/> <\/em><\/span><br \/>\n<span style=\"color: #800000\"><em>Grans persones: Juanjo i Alberto<\/em><\/span><\/h3>\n<h3><span style=\"color: #800000\"><em><img data-recalc-dims=\"1\" decoding=\"async\" src=\"https:\/\/i0.wp.com\/3.bp.blogspot.com\/-SuDzv-JOUG8\/W7JmwTXdFFI\/AAAAAAAAOyI\/dXfo5wKu1vgGthPU98qIfxiscTz4NFrygCLcBGAs\/s800\/07-Mossenaires_29setembre2018-006.jpg?ssl=1\"  \/> <\/em><\/span><br \/>\n<span style=\"color: #800000\"><em>I ens tornem a reagrupar, amb en Roberto i la Txell en primer terme, seguits per en Fran, Carlos, Paco, Alberto, Carme<\/em><\/span><\/h3>\n<h3><span style=\"color: #800000\"><em><img data-recalc-dims=\"1\" decoding=\"async\" src=\"https:\/\/i0.wp.com\/3.bp.blogspot.com\/-Yw1SdgaDNHU\/W7JmwqrOlkI\/AAAAAAAAOyM\/DGp0hzRmsIcHTQK10R-bDkeOhTpodgNtwCLcBGAs\/s800\/08-Mossenaires_29setembre2018-007.jpg?ssl=1\"  \/> <\/em><\/span><br \/>\n<span style=\"color: #800000\"><em>I amb en Fran. Un luxe!!!<\/em><\/span><\/h3>\n<h3><span style=\"color: #800000\"><em><img data-recalc-dims=\"1\" decoding=\"async\" src=\"https:\/\/i0.wp.com\/4.bp.blogspot.com\/-jVDbN5wNgpk\/W7JmxBdC5HI\/AAAAAAAAOyQ\/a3WWTFevv3osA9vOEyFGZ4NSDrAFSrfkwCLcBGAs\/s800\/09-Mossenaires_29setembre2018-008.jpg?ssl=1\"  \/> <\/em><\/span><br \/>\n<span style=\"color: #800000\"><em>Ens reagrupem amb en Miguel, Gemma, Santi i seguits per l&#8217;Olga<\/em><\/span><\/h3>\n<h3><span style=\"color: #800000\"><em><img data-recalc-dims=\"1\" decoding=\"async\" src=\"https:\/\/i0.wp.com\/4.bp.blogspot.com\/-HQGAPIcqcBg\/W7JmxYzz7uI\/AAAAAAAAOyU\/Q17g6UmHTTocIJ_kTzEPWBdC-Gkh0w7aACLcBGAs\/s800\/10-Mossenaires_29setembre2018-009.jpg?ssl=1\"  \/> <\/em><\/span><br \/>\n<span style=\"color: #800000\"><em>I amb samarretes mossenaires, l&#8217;Inma, Guille i la Isabel<\/em><\/span><\/h3>\n<h3><span style=\"color: #800000\"><em><img data-recalc-dims=\"1\" decoding=\"async\" src=\"https:\/\/i0.wp.com\/1.bp.blogspot.com\/-CPwmjf-ROrw\/W7JmxVci5tI\/AAAAAAAAOyY\/0MSdLmNRAFU_2OFwVDw61zzMw9ClMnYBgCLcBGAs\/s800\/11-Mossenaires_29setembre2018-010.jpg?ssl=1\"  \/> <\/em><\/span><br \/>\n<span style=\"color: #800000\"><em>I en Jordi, que avui li donarem un sorpresa, al costat del Jos\u00e9 i en Sebas<\/em><\/span><\/h3>\n<h3><span style=\"color: #800000\"><em><img data-recalc-dims=\"1\" decoding=\"async\" src=\"https:\/\/i0.wp.com\/4.bp.blogspot.com\/-Eoyv4TTcDi8\/W7Jmx-Pg3jI\/AAAAAAAAOyg\/xSMQIhBngf0lM8Gt5vxNDvJ5BlZuRD2LQCLcBGAs\/s800\/12-Mossenaires_29setembre2018-011.jpg?ssl=1\"  \/> <\/em><\/span><br \/>\n<span style=\"color: #800000\"><em><a style=\"color: #800000\" href=\"http:\/\/mossenhoms.netfreehost.com\/mossenhoms-post-13701.html#13701\">Quim Gaya <\/a>, un gran Mossenaire<\/em><\/span><\/h3>\n<h3><span style=\"color: #800000\"><em><img data-recalc-dims=\"1\" decoding=\"async\" src=\"https:\/\/i0.wp.com\/4.bp.blogspot.com\/-Ch-v5PNcHY8\/W7JmxxiY3zI\/AAAAAAAAOyc\/PpmP3WAI4e0b82BsQ08716jQKaU_6FwVACLcBGAs\/s800\/13-Mossenaires_29setembre2018-012.jpg?ssl=1\"  \/> <\/em><\/span><br \/>\n<span style=\"color: #800000\"><em>I en Juan i la seva tercera vegada que ve, i en Marc que feia tres anys que no havia pogut venir.<\/em><\/span><\/h3>\n<h3><span style=\"color: #800000\"><em><img data-recalc-dims=\"1\" decoding=\"async\" src=\"https:\/\/i0.wp.com\/4.bp.blogspot.com\/-zx-rrg2ei2U\/W7Jmx-MPF6I\/AAAAAAAAOyk\/tbm6LXPlbcEUBzlaDnkVSi3rbSzG24QUwCLcBGAs\/s800\/14-Mossenaires_29setembre2018-013.jpg?ssl=1\"  \/> <\/em><\/span><br \/>\n<span style=\"color: #800000\"><em>Fernando amb el seu estimat Noah<\/em><\/span><\/h3>\n<h3><span style=\"color: #800000\"><em><img data-recalc-dims=\"1\" decoding=\"async\" src=\"https:\/\/i0.wp.com\/2.bp.blogspot.com\/-F9OyrhfsjRY\/W7JmyqQ6jII\/AAAAAAAAOyo\/p6EnIwyNtMkex_uhe2Nts0ErsQV4tRGHQCLcBGAs\/s800\/15-Mossenaires_29setembre2018-014.jpg?ssl=1\"  \/> <\/em><\/span><br \/>\n<span style=\"color: #800000\"><em>I l&#8217;Enrique davant i darre la colla<\/em><\/span><\/h3>\n<h3><span style=\"color: #800000\"><em><img data-recalc-dims=\"1\" decoding=\"async\" src=\"https:\/\/i0.wp.com\/3.bp.blogspot.com\/-Gfa9z5OCapE\/W7JmzAwUKUI\/AAAAAAAAOys\/-Q5iz6VKBVYyg2tkC5nKH0Mhz2EkOrpVQCLcBGAs\/s800\/16-Mossenaires_29setembre2018-015.jpg?ssl=1\"  \/> <\/em><\/span><br \/>\n<span style=\"color: #800000\"><em>Roberto, Gemma (que no es veu i va amunt i avall a la cua) i en Jordi<\/em><\/span><\/h3>\n<h3><span style=\"color: #800000\"><em><img data-recalc-dims=\"1\" decoding=\"async\" src=\"https:\/\/i0.wp.com\/2.bp.blogspot.com\/-cERL3ZbwY_A\/W7JmzjWfMII\/AAAAAAAAOyw\/EtNf6H0u7FEvKXhSoISE-oC-mOIz20onQCLcBGAs\/s800\/17-Mossenaires_29setembre2018-016.jpg?ssl=1\"  \/> <\/em><\/span><br \/>\n<span style=\"color: #800000\"><em>I avui ens ha vingut un gran Mossenaire, en <a style=\"color: #800000\" href=\"http:\/\/mossenhoms.netfreehost.com\/mossenhoms-post-13606.html#13606\">Paco Utrera <\/a><\/em><\/span><\/h3>\n<h3><span style=\"color: #800000\"><em><img data-recalc-dims=\"1\" decoding=\"async\" src=\"https:\/\/i0.wp.com\/3.bp.blogspot.com\/-5tCa1omxpTM\/W7Jm0P9XXWI\/AAAAAAAAOy0\/_zzNdcVWz08CDr1PnYi3CNyRLgQOG8UpwCLcBGAs\/s800\/18-Mossenaires_29setembre2018-017.jpg?ssl=1\"  \/> <\/em><\/span><br \/>\n<span style=\"color: #800000\"><em>I passem per la font de l&#8217;Argelaguet, amb en Juan que es refresca<\/em><\/span><\/h3>\n<h3><span style=\"color: #800000\"><em><img data-recalc-dims=\"1\" decoding=\"async\" src=\"https:\/\/i0.wp.com\/2.bp.blogspot.com\/-A0osMPdePTc\/W7Jm0f9MOuI\/AAAAAAAAOy4\/BkAb5HMB3NYmnRaaldwMdZvVH6DDmcc7wCLcBGAs\/s800\/19-Mossenaires_29setembre2018-018.jpg?ssl=1\"  \/> <\/em><\/span><br \/>\n<span style=\"color: #800000\"><em>M\u00e9s moments per Argelaguet<\/em><\/span><\/h3>\n<h3><span style=\"color: #800000\"><em><img data-recalc-dims=\"1\" decoding=\"async\" src=\"https:\/\/i0.wp.com\/2.bp.blogspot.com\/-8BDOfKMWwMY\/W7Jm0pNkLlI\/AAAAAAAAOy8\/x-_77J94USYQS05FBTFPs6jjDy3rsTFQQCLcBGAs\/s800\/20-Mossenaires_29setembre2018-019.jpg?ssl=1\"  \/> <\/em><\/span><br \/>\n<span style=\"color: #800000\"><em>Ha estat molt emotiu, que torna en Marc. Gr\u00e0cies per les paraules i que puguis venir molts anys!!<\/em><\/span><\/h3>\n<h3><span style=\"color: #800000\"><em><img data-recalc-dims=\"1\" decoding=\"async\" src=\"https:\/\/i0.wp.com\/3.bp.blogspot.com\/-c-2nZU1I4Ew\/W7Jm0rJp2wI\/AAAAAAAAOzA\/lhszEDMcaaUZHGdmh_XVzU27jOXaWOgegCLcBGAs\/s800\/21-Mossenaires_29setembre2018-020.jpg?ssl=1\"  \/> <\/em><\/span><br \/>\n<span style=\"color: #800000\"><em><a style=\"color: #800000\" href=\"http:\/\/mossenhoms.netfreehost.com\/mossenhoms-post-13452.html#13452\">Isabel Font <\/a>de Castellar<\/em><\/span><\/h3>\n<h3><span style=\"color: #800000\"><em><img data-recalc-dims=\"1\" decoding=\"async\" src=\"https:\/\/i0.wp.com\/1.bp.blogspot.com\/-eYUqLHA-VK8\/W7Jm02VrIgI\/AAAAAAAAOzE\/yDVX0Clsj5ERf-K_Sd2IY6uc4Fb4MIf0gCLcBGAs\/s800\/22-Mossenaires_29setembre2018-021.jpg?ssl=1\"  \/> <\/em><\/span><br \/>\n<span style=\"color: #800000\"><em><a style=\"color: #800000\" href=\"http:\/\/mossenhoms.netfreehost.com\/mossenhoms-post-13779.html#13779\">Guillermo P\u00e9rez <\/a>, gaudint de valent<\/em><\/span><\/h3>\n<h3><span style=\"color: #800000\"><em><img data-recalc-dims=\"1\" decoding=\"async\" src=\"https:\/\/i0.wp.com\/2.bp.blogspot.com\/-NNe6GaqZ8AA\/W7Jm1HTmH_I\/AAAAAAAAOzI\/NPW_NdPVVi4pTzwk67EMYC3chp2jc0JwACLcBGAs\/s800\/23-Mossenaires_29setembre2018-022.jpg?ssl=1\"  \/> <\/em><\/span><br \/>\n<span style=\"color: #800000\"><em>En Jordi Vi\u00f1eta, qui avui li guardem una sorpresa que va lligada amb la samarreta que porta posada<\/em><\/span><\/h3>\n<h3><span style=\"color: #800000\"><em><img data-recalc-dims=\"1\" decoding=\"async\" src=\"https:\/\/i0.wp.com\/4.bp.blogspot.com\/-KLoDLQ5E6Go\/W7Jm1X08-ZI\/AAAAAAAAOzM\/_2VdxYjK_00GAhU7t12EFBE2xtQIhMFTACLcBGAs\/s800\/24-Mossenaires_29setembre2018-023.jpg?ssl=1\"  \/> <\/em><\/span><br \/>\n<span style=\"color: #800000\"><em><a style=\"color: #800000\" href=\"http:\/\/mossenhoms.netfreehost.com\/viewtopic.php?p=14033&amp;mforum=mossenhoms#14033\">Santi Gonzalo <\/a>, de Santa Perp\u00e8tua<\/em><\/span><\/h3>\n<h3><span style=\"color: #800000\"><em><img data-recalc-dims=\"1\" decoding=\"async\" src=\"https:\/\/i0.wp.com\/4.bp.blogspot.com\/-CohDGCL_MQ8\/W7Jm1X0BH0I\/AAAAAAAAOzQ\/EG98cxbguzIzUMeEuGTFalAsofbsPTgTwCLcBGAs\/s800\/25-Mossenaires_29setembre2018-024.jpg?ssl=1\"  \/> <\/em><\/span><br \/>\n<span style=\"color: #800000\"><em>Carme i Inma<\/em><\/span><\/h3>\n<h3><span style=\"color: #800000\"><em><img data-recalc-dims=\"1\" decoding=\"async\" src=\"https:\/\/i0.wp.com\/4.bp.blogspot.com\/-zQrONDgbsRo\/W7Jm1oq9PkI\/AAAAAAAAOzU\/q9fHplheIY86Ch4AyJ-DDDLOudkFTWoWACLcBGAs\/s800\/26-Mossenaires_29setembre2018-025.jpg?ssl=1\"  \/> <\/em><\/span><br \/>\n<span style=\"color: #800000\"><em>I celebrem aniversaris Mossenaires d&#8217;honor<\/em><\/span><\/h3>\n<h3><span style=\"color: #800000\"><em>[img]<a style=\"color: #800000\" href=\"https:\/\/1.bp.blogspot.com\/-Hiuq6NT2kII\/W7O49k-RTBI\/AAAAAAAAfm0\/2pZdElIhD7UxR41j7qcslVzYQ7fLIKLuwCLcBGAs\/s800\/aniversaris_mossenaires_2018.jpg%22[\/img\">https:\/\/1.bp.blogspot.com\/-Hiuq6NT2kII\/W7O49k-RTBI\/AAAAAAAAfm0\/2pZdElIhD7UxR41j7qcslVzYQ7fLIKLuwCLcBGAs\/s800\/aniversaris_mossenaires_2018.jpg&#8221;[\/img<\/a>] <\/em><\/span><br \/>\n<span style=\"color: #800000\"><em>Joan, Roberto, Juani, Laura, Sandra, Marga i Roser, Jordi, Jordi, Mari\u00e0: Enhorabona!!!!<\/em><\/span><\/h3>\n<h3><span style=\"color: #800000\"><em><img data-recalc-dims=\"1\" decoding=\"async\" src=\"https:\/\/i0.wp.com\/2.bp.blogspot.com\/-peTzybawPCo\/W7Jm1xT7k9I\/AAAAAAAAOzY\/dQAPBlkORVU1vio_IQnTkEdiX3jnUpkTACLcBGAs\/s800\/27-Mossenaires_29setembre2018-026.jpg?ssl=1\"  \/> <\/em><\/span><br \/>\n<span style=\"color: #800000\"><em>Roberto !! Enhorabona!!!<\/em><\/span><\/h3>\n<h3><span style=\"color: #800000\"><em><img data-recalc-dims=\"1\" decoding=\"async\" src=\"https:\/\/i0.wp.com\/1.bp.blogspot.com\/-MQfQspctSsg\/W7Jm2OPmLfI\/AAAAAAAAOzc\/ANMUll6QfvI09VPiMDs9inxcxXXAvVmBgCLcBGAs\/s800\/28-Mossenaires_29setembre2018-027.jpg?ssl=1\"  \/> <\/em><\/span><br \/>\n<span style=\"color: #800000\"><em>Aplaudit per tothom<\/em><\/span><\/h3>\n<h3><span style=\"color: #800000\"><em><img data-recalc-dims=\"1\" decoding=\"async\" src=\"https:\/\/i0.wp.com\/2.bp.blogspot.com\/-eMfMWb_jxlI\/W7Jm2If9AxI\/AAAAAAAAOzg\/GnxWZuZ7fFkijyRg6FN0kmDYKnz391M0QCLcBGAs\/s800\/29-Mossenaires_29setembre2018-028.jpg?ssl=1\"  \/> <\/em><\/span><br \/>\n<span style=\"color: #800000\"><em>I anem a con\u00e8ixer al &#8220;Mossenaire Nou&#8221;<\/em><\/span><\/h3>\n<h3><span style=\"color: #800000\"><em><img data-recalc-dims=\"1\" decoding=\"async\" src=\"https:\/\/i0.wp.com\/2.bp.blogspot.com\/-FH1pskkh5yM\/W7Jm2Z21RGI\/AAAAAAAAOzk\/pD83xneH05MI1zr8LmGAvw2vPEnqHEkYgCLcBGAs\/s800\/30-Mossenaires_29setembre2018-029.jpg?ssl=1\"  \/> <\/em><\/span><br \/>\n<span style=\"color: #800000\"><em>En Pau Margarit!!. Gr\u00e0cies per venir i benvingut!!<\/em><\/span><\/h3>\n<h3><span style=\"color: #800000\"><em><img data-recalc-dims=\"1\" decoding=\"async\" src=\"https:\/\/i0.wp.com\/1.bp.blogspot.com\/-DXrZol5KXDQ\/W7Jm2tTOkNI\/AAAAAAAAOzo\/Bm4T4nrGusYt24TvyVWmTzn5x7uHMvmMACLcBGAs\/s800\/31-Mossenaires_29setembre2018-030.jpg?ssl=1\"  \/><\/em><\/span><\/h3>\n<h3><span style=\"color: #800000\"><em><img data-recalc-dims=\"1\" decoding=\"async\" src=\"https:\/\/i0.wp.com\/1.bp.blogspot.com\/-VuuYtTSI4cE\/W7Jm235CVmI\/AAAAAAAAOzs\/CURmIaO4RfEiDASSACBSgmlnIi5AYZXxACLcBGAs\/s800\/32-Mossenaires_29setembre2018-031.jpg?ssl=1\"  \/><\/em><\/span><\/h3>\n<h3><span style=\"color: #800000\"><em><img data-recalc-dims=\"1\" decoding=\"async\" src=\"https:\/\/i0.wp.com\/1.bp.blogspot.com\/-VuuYtTSI4cE\/W7Jm235CVmI\/AAAAAAAAOzs\/CURmIaO4RfEiDASSACBSgmlnIi5AYZXxACLcBGAs\/s800\/32-Mossenaires_29setembre2018-031.jpg?ssl=1\"  \/> <\/em><\/span><br \/>\n<span style=\"color: #800000\"><em>I avui ens fa especial il\u00b7lusi\u00f3 destacar el que en Jordi Vi\u00f1eta va aconseguir fa quinze dies<\/em><\/span><\/h3>\n<h3><span style=\"color: #800000\"><em><img data-recalc-dims=\"1\" decoding=\"async\" src=\"https:\/\/i0.wp.com\/2.bp.blogspot.com\/-iY0gYlLz828\/W7Jm26KWq5I\/AAAAAAAAOzw\/ScXYm4_NgqQv63M0owpCLmn4l4WUeN6rACLcBGAs\/s800\/33-Mossenaires_29setembre2018-032.jpg?ssl=1\"  \/> <\/em><\/span><br \/>\n<span style=\"color: #800000\"><em>25 Matagalls seguides i aix\u00f2 t\u00e9 molt i molt i molt de m\u00e8rit.<\/em><\/span><\/h3>\n<h3><span style=\"color: #800000\"><em><img data-recalc-dims=\"1\" decoding=\"async\" src=\"https:\/\/i0.wp.com\/2.bp.blogspot.com\/-MK6yRxvR3X0\/W7Jm3KWrWkI\/AAAAAAAAOz0\/purv_X4yQDQcHmHz0VxM-aL6uysvPRs5QCLcBGAs\/s800\/34-Mossenaires_29setembre2018-033.jpg?ssl=1\"  \/> <\/em><\/span><br \/>\n<span style=\"color: #800000\"><em>I tot i que va ser m\u00e9s llarga que els darrers anys; la va fer amb 12 hores!!!<\/em><\/span><\/h3>\n<h3><span style=\"color: #800000\"><em><img data-recalc-dims=\"1\" decoding=\"async\" src=\"https:\/\/i0.wp.com\/1.bp.blogspot.com\/-HN311_WnXtg\/W7Jm3aDxBAI\/AAAAAAAAOz4\/8GEmeIudtjo_YgqVVFFpbHIa4BPASksmwCLcBGAs\/s800\/35-Mossenaires_29setembre2018-034.jpg?ssl=1\"  \/> <\/em><\/span><br \/>\n<span style=\"color: #800000\"><em>Felicitats Jordi Vi\u00f1eta!!!! 25 Matagalls<\/em><\/span><\/h3>\n<h3><span style=\"color: #800000\"><em><img data-recalc-dims=\"1\" decoding=\"async\" src=\"https:\/\/i0.wp.com\/1.bp.blogspot.com\/-HN311_WnXtg\/W7Jm3aDxBAI\/AAAAAAAAOz4\/8GEmeIudtjo_YgqVVFFpbHIa4BPASksmwCLcBGAs\/s800\/35-Mossenaires_29setembre2018-034.jpg?ssl=1\"  \/> <\/em><\/span><br \/>\n<span style=\"color: #800000\"><em>Enhorabona!!, un luxe!!<\/em><\/span><\/h3>\n<h3><span style=\"color: #800000\"><em><img data-recalc-dims=\"1\" decoding=\"async\" src=\"https:\/\/i0.wp.com\/2.bp.blogspot.com\/-7oOfmDMw3CM\/W7Jm3j8ltiI\/AAAAAAAAOz8\/8E5lbkYIiu4vHeFGpG1pAg2OjmjH6S4-gCLcBGAs\/s800\/36-Mossenaires_29setembre2018-035.jpg?ssl=1\"  \/><\/em><\/span><\/h3>\n<h3><span style=\"color: #800000\"><em><img data-recalc-dims=\"1\" decoding=\"async\" src=\"https:\/\/i0.wp.com\/4.bp.blogspot.com\/-Rek-QGOaZ6g\/W7Jm3opQEFI\/AAAAAAAAO0A\/OimXIOf-3dIi0IRlDRng3Owz5VnpvjHhACLcBGAs\/s800\/37-Mossenaires_29setembre2018-036.jpg?ssl=1\"  \/> <\/em><\/span><br \/>\n<span style=\"color: #800000\"><em>En Jordi!, quina gran persona i quan ens ensenya a tothom que l&#8217;envolta. Gr\u00e0cies!!<\/em><\/span><\/h3>\n<h3><span style=\"color: #800000\"><em><img data-recalc-dims=\"1\" decoding=\"async\" src=\"https:\/\/i0.wp.com\/2.bp.blogspot.com\/-EjwcI_05AaQ\/W7Jm3-K8lSI\/AAAAAAAAO0E\/j49IfTYC1ms2tRs9YrsbMNpQCirWPN9LQCLcBGAs\/s1600\/37a-Mossenaires_29setembre2018-050.jpg?ssl=1\"  \/><\/em><\/span><br \/>\n<span style=\"color: #800000\"><em>I el moment de la fotografia de fam\u00edlia i la fem per tenir a les amigues i amics que marxen per arribar a temps a la cursa del CST i en un dels camins macos que sempre passem. Gr\u00e0cies a tothom per fer-ho possible<\/em><\/span><\/h3>\n<h3><span style=\"color: #800000\"><em><img data-recalc-dims=\"1\" decoding=\"async\" src=\"https:\/\/i0.wp.com\/3.bp.blogspot.com\/-pAbctqHtiyE\/W7Jm4M-nX9I\/AAAAAAAAO0I\/jqvFeYn7Cww9DAEjod2UqP6s1f0QMcO4QCLcBGAs\/s800\/38-Mossenaires_29setembre2018-037.jpg?ssl=1\"  \/><\/em><\/span><\/h3>\n<h3><span style=\"color: #800000\"><em><img data-recalc-dims=\"1\" decoding=\"async\" src=\"https:\/\/i0.wp.com\/2.bp.blogspot.com\/-Iw0VOdlctvA\/W7Jm4G26VNI\/AAAAAAAAO0M\/3z9xRS9Z2FU_kevULbyFRkPwlFdWR1qJwCLcBGAs\/s800\/39-Mossenaires_29setembre2018-038.jpg?ssl=1\"  \/><\/em><\/span><\/h3>\n<h3><span style=\"color: #800000\"><em><img data-recalc-dims=\"1\" decoding=\"async\" src=\"https:\/\/i0.wp.com\/4.bp.blogspot.com\/-WwSPziZGEYE\/W7Jm4RG4zAI\/AAAAAAAAO0Q\/8duiKBNHYz4bkeBMx74s0v5EdpNtx23XQCLcBGAs\/s800\/40-Mossenaires_29setembre2018-039.jpg?ssl=1\"  \/><\/em><\/span><\/h3>\n<h3><span style=\"color: #800000\"><em><img data-recalc-dims=\"1\" decoding=\"async\" src=\"https:\/\/i0.wp.com\/2.bp.blogspot.com\/-mvTe-zPLtN4\/W7Jm4l0eexI\/AAAAAAAAO0U\/6YgUYt_6zDI5acEXuFuWsV-0LnUcAar7QCLcBGAs\/s800\/41-Mossenaires_29setembre2018-040.jpg?ssl=1\"  \/><\/em><\/span><\/h3>\n<h3><span style=\"color: #800000\"><em><img data-recalc-dims=\"1\" decoding=\"async\" src=\"https:\/\/i0.wp.com\/3.bp.blogspot.com\/-GMgwnruS6W8\/W7Jm4y-QSpI\/AAAAAAAAO0Y\/dLDDLBhpTxIADA5Zdv2zwFqQv8Gs0NJJwCLcBGAs\/s800\/42-Mossenaires_29setembre2018-041.jpg?ssl=1\"  \/> <\/em><\/span><br \/>\n<span style=\"color: #800000\"><em>I passem per Can Deu, per costat de l&#8217;arbre gran<\/em><\/span><\/h3>\n<h3><span style=\"color: #800000\"><em><img data-recalc-dims=\"1\" decoding=\"async\" src=\"https:\/\/i0.wp.com\/4.bp.blogspot.com\/-s3ZK9dyjUN0\/W7Jm425InII\/AAAAAAAAO0c\/-sV-mEiF160STjmR7nRUCQ2sGdWGWAuzACLcBGAs\/s800\/43-Mossenaires_29setembre2018-042.jpg?ssl=1\"  \/> <\/em><\/span><br \/>\n<span style=\"color: #800000\"><em>Paco per camins que fa sovint, prop de Sabadell i de casa seva<\/em><\/span><\/h3>\n<h3><span style=\"color: #800000\"><em><img data-recalc-dims=\"1\" decoding=\"async\" src=\"https:\/\/i0.wp.com\/3.bp.blogspot.com\/-8IslkUV4jHs\/W7Jm5S-xgRI\/AAAAAAAAO0g\/rjiS2ybDSR475fAZGzA626B1Bl5j2vQ_QCLcBGAs\/s800\/44-Mossenaires_29setembre2018-043.jpg?ssl=1\"  \/> <\/em><\/span><br \/>\n<span style=\"color: #800000\"><em>Carlos i Olga<\/em><\/span><\/h3>\n<h3><span style=\"color: #800000\"><em><img data-recalc-dims=\"1\" decoding=\"async\" src=\"https:\/\/i0.wp.com\/1.bp.blogspot.com\/-t7i2Ooe_MzE\/W7Jm5i98p3I\/AAAAAAAAO0k\/uZ9gGPhUkkI88GWEEkKQGhEQ0Dqbot5CACLcBGAs\/s800\/45-Mossenaires_29setembre2018-044.jpg?ssl=1\"  \/> <\/em><\/span><br \/>\n<span style=\"color: #800000\"><em>Un bon amic<\/em><\/span><\/h3>\n<h3><span style=\"color: #800000\"><em><img data-recalc-dims=\"1\" decoding=\"async\" src=\"https:\/\/i0.wp.com\/4.bp.blogspot.com\/-VyjHutNg1SE\/W7Jm59Mp8YI\/AAAAAAAAO0o\/NmkYK8H2lTkGj1q49HKwdSDk0jQgS1s-ACLcBGAs\/s800\/46-Mossenaires_29setembre2018-045.jpg?ssl=1\"  \/> <\/em><\/span><br \/>\n<span style=\"color: #800000\"><em>I amb en Jordi i la Gemma, passant per Sant Juli\u00e0 d&#8217;Altura<\/em><\/span><\/h3>\n<h3><span style=\"color: #800000\"><em><img data-recalc-dims=\"1\" decoding=\"async\" src=\"https:\/\/i0.wp.com\/2.bp.blogspot.com\/-iTsPlqdYNB8\/W7Jm533TD8I\/AAAAAAAAO0s\/MwHX9_gosn400bHowLo6ueM_xmIk-LXHwCLcBGAs\/s800\/47-Mossenaires_29setembre2018-046.jpg?ssl=1\"  \/> <\/em><\/span><br \/>\n<span style=\"color: #800000\"><em>En David i l&#8217;Andreu<\/em><\/span><\/h3>\n<h3><span style=\"color: #800000\"><em><img data-recalc-dims=\"1\" decoding=\"async\" src=\"https:\/\/i0.wp.com\/1.bp.blogspot.com\/-4cyuDM-okeA\/W7Jm6ES7LfI\/AAAAAAAAO0w\/z6YZStd330EF1cBynSKd3WPS0H-amdcyACLcBGAs\/s800\/48-Mossenaires_29setembre2018-047.jpg?ssl=1\"  \/> <\/em><\/span><br \/>\n<span style=\"color: #800000\"><em>I en Joan, que ens est\u00e0 esperant com en ell \u00e9s costum. Gr\u00e0cies!!<\/em><\/span><\/h3>\n<h3><span style=\"color: #800000\"><em><img data-recalc-dims=\"1\" decoding=\"async\" src=\"https:\/\/i0.wp.com\/2.bp.blogspot.com\/-lhfwX7tcsec\/W7Jm6U2e5mI\/AAAAAAAAO00\/6-YLOBYOeX4IlJlcC2VCAss_CDC0X1tkACLcBGAs\/s800\/49-Mossenaires_29setembre2018-048.jpg?ssl=1\"  \/> <\/em><\/span><br \/>\n<span style=\"color: #800000\"><em>I la foto del compte enrere<\/em><\/span><\/h3>\n<h3><span style=\"color: #800000\"><em><img data-recalc-dims=\"1\" decoding=\"async\" src=\"https:\/\/i0.wp.com\/2.bp.blogspot.com\/-h4xyy0cGIWU\/W7Jm6moGL8I\/AAAAAAAAO04\/s_jlDs6lYVgKWId10fUzsKy8qMeTOe6uACLcBGAs\/s800\/50-Mossenaires_29setembre2018-049.jpg?ssl=1\"  \/> <\/em><\/span><br \/>\n<span style=\"color: #800000\"><em>Estem contents de tornar a ser amb aquesta gent fant\u00e0stica al camp base de Torre Moss\u00e8n Homs. Fins dissabte que ve, que tindrem un entrenament dels m\u00e9s especials. El de 4 quil\u00f2metres i amb cotxes cap a la Mola a fer una de les Molas de l&#8217;Anna Cos. <\/em><\/span><br \/>\n<span style=\"color: #800000\"><em>M\u00e9s informaci\u00f3 <a style=\"color: #800000\" href=\"mailto:pep@mossenhoms.be\">pep@mossenhoms.be<\/a><\/em><\/span><\/h3>\n<h3><span style=\"color: #800000\"><em><a style=\"color: #800000\" href=\"https:\/\/youtu.be\/61_BgRnd5fI\"><img data-recalc-dims=\"1\" decoding=\"async\" src=\"https:\/\/i0.wp.com\/2.bp.blogspot.com\/-e6wyn3Dl6ps\/W7TonBGH55I\/AAAAAAAAO1k\/WmqCSyA12GEG7hBbJIHq5ikY9KoefUa3wCLcBGAs\/s800\/52-Mossenaires_29setembre2018-video.jpg?ssl=1\"  \/><\/a> <\/em><\/span><br \/>\n<span style=\"color: #800000\"><em><a style=\"color: #800000\" href=\"https:\/\/youtu.be\/61_BgRnd5fI\">https:\/\/youtu.be\/61_BgRnd5fI<\/a><\/em><\/span><\/h3>\n<h3><span style=\"color: #800000\"><em><a style=\"color: #800000\" href=\"https:\/\/www.strava.com\/activities\/1881769059\"><img data-recalc-dims=\"1\" decoding=\"async\" src=\"https:\/\/i0.wp.com\/3.bp.blogspot.com\/-CEnraJsjH38\/W7ToHQIWB9I\/AAAAAAAAO1c\/j7FZPia2WRgK8OvveRsNd6u2jGHg0qHOwCLcBGAs\/s800\/51-Mossenaires_29setembre2018-circuit.jpg?ssl=1\"  \/><\/a> <\/em><\/span><br \/>\n<span style=\"color: #800000\"><em><a style=\"color: #800000\" href=\"https:\/\/www.strava.com\/activities\/1881769059\">https:\/\/www.strava.com\/activities\/1881769059<\/a><\/em><\/span><\/h3>\n<h3><\/h3>\n<table style=\"background-color: blanchedalmond;font-family: 'trebuchet ms', trebuchet, verdana, sans-serif;padding-left: 30px;text-align: justify\" cellspacing=\"0\">\n<tbody style=\"padding-left: 30px\">\n<tr style=\"padding-left: 30px\">\n<td style=\"padding-left: 30px\">\n<h3 style=\"background: #eeeeee;color: #555555;font-family: Verdana, sans-serif;font-size: 20.5568px;line-height: normal;margin: 0px 0px 10px;padding: 2px 0px 2px 2px\"><span style=\"color: #800000\"><em><strong><span style=\"font-size: large\"><a style=\"color: #800000\" href=\"http:\/\/www.egargrafic.com\/\" target=\"_blank\" rel=\"noopener noreferrer\"><img data-recalc-dims=\"1\" decoding=\"async\" style=\"border: 0px\" src=\"https:\/\/i0.wp.com\/www.josepmoliner.com\/egargrafic2.gif\" alt=\"\" \/><\/a><\/span><\/strong><\/em><\/span><\/h3>\n<\/td>\n<td style=\"padding-left: 30px\">\n<h3 style=\"background: #eeeeee;color: #555555;font-family: Verdana, sans-serif;font-size: 20.5568px;line-height: normal;margin: 0px 0px 10px;padding: 2px 0px 2px 2px\"><span style=\"color: #800000\"><em><span style=\"font-size: large\"><strong><span style=\"font-size: xx-small\">\u00a0<\/span><\/strong><a style=\"color: #800000\" href=\"http:\/\/www.elroure.net\/fisioterapiaroura\/\" target=\"_blank\" rel=\"noopener noreferrer\"><img data-recalc-dims=\"1\" decoding=\"async\" style=\"border: 0px\" src=\"https:\/\/i0.wp.com\/elroure.net\/fisioterapiaroura\/Fisioterapia_elroure.gif\" alt=\"\" \/><\/a><\/span><\/em><\/span><\/h3>\n<\/td>\n<\/tr>\n<tr style=\"padding-left: 30px\">\n<td style=\"padding-left: 30px\">\n<h3 style=\"background: #eeeeee;color: #555555;font-family: Verdana, sans-serif;font-size: 20.5568px;line-height: normal;margin: 0px 0px 10px;padding: 2px 0px 2px 2px\"><span style=\"color: #800000\"><em><strong><span style=\"font-size: large\"><a style=\"color: #800000\" href=\"http:\/\/www.grevolsalut.com\/\" target=\"_blank\" rel=\"noopener noreferrer\"><img data-recalc-dims=\"1\" decoding=\"async\" style=\"border: 0px\" src=\"https:\/\/i0.wp.com\/www.elroure.net\/grevol\/grevol_salut.gif\" alt=\"\" \/><\/a><\/span><\/strong><\/em><\/span><\/h3>\n<\/td>\n<td style=\"padding-left: 30px\">\n<h3 style=\"background: #eeeeee;color: #555555;font-family: Verdana, sans-serif;font-size: 20.5568px;line-height: normal;margin: 0px 0px 10px;padding: 2px 0px 2px 2px\"><span style=\"color: #800000\"><em><strong><a style=\"color: #800000\" href=\"http:\/\/www.elroure.net\/\" target=\"_blank\" rel=\"noopener noreferrer\"><span style=\"font-size: large\"><img data-recalc-dims=\"1\" decoding=\"async\" style=\"border: 0px\" src=\"https:\/\/i0.wp.com\/elroure.net\/rourenet.gif\" alt=\"\" \/><\/span><\/a><\/strong><\/em><\/span><\/h3>\n<\/td>\n<\/tr>\n<tr style=\"padding-left: 30px\">\n<td style=\"padding-left: 30px\">\n<h3 style=\"background: #eeeeee;color: #555555;font-family: Verdana, sans-serif;font-size: 20.5568px;line-height: normal;margin: 0px 0px 10px;padding: 2px 0px 2px 2px\"><span style=\"color: #800000\"><em><strong><a style=\"color: #800000\" href=\"http:\/\/www.eledevall.com\/\" target=\"_blank\" rel=\"noopener noreferrer\"><span style=\"font-size: large\"><img data-recalc-dims=\"1\" decoding=\"async\" style=\"border: 0px\" src=\"https:\/\/i0.wp.com\/josepmoliner.com\/eledevall.gif\" alt=\"\" \/><\/span><\/a><\/strong><\/em><\/span><\/h3>\n<\/td>\n<td style=\"padding-left: 30px\">\n<h3 style=\"background: #eeeeee;color: #555555;font-family: Verdana, sans-serif;font-size: 20.5568px;line-height: normal;margin: 0px 0px 10px;padding: 2px 0px 2px 2px\"><span style=\"color: #800000\"><em><strong><a style=\"color: #800000\" href=\"http:\/\/civeracampoy.com\/index.php\/es\/\" target=\"_blank\" rel=\"noopener noreferrer\"><span style=\"font-size: large\"><img data-recalc-dims=\"1\" decoding=\"async\" style=\"border: 0px\" src=\"https:\/\/i0.wp.com\/josepmoliner.com\/Civera%26Campoy.gif\" alt=\"\" \/><\/span><\/a><\/strong><\/em><\/span><\/h3>\n<\/td>\n<\/tr>\n<tr style=\"padding-left: 30px\">\n<td style=\"padding-left: 30px\">\n<h3 style=\"background: #eeeeee;color: #555555;font-family: Verdana, sans-serif;font-size: 20.5568px;line-height: normal;margin: 0px 0px 10px;padding: 2px 0px 2px 2px\"><span style=\"color: #800000\"><em><strong><span style=\"font-size: large\">\u00a0<\/span><\/strong><\/em><\/span><\/h3>\n<\/td>\n<td style=\"padding-left: 30px\">\n<h3 style=\"background: #eeeeee;color: #555555;font-family: Verdana, sans-serif;font-size: 20.5568px;line-height: normal;margin: 0px 0px 10px;padding: 2px 0px 2px 2px\"><span style=\"color: #800000\"><em><strong><span style=\"font-size: large\">\u00a0<\/span><\/strong><\/em><\/span><\/h3>\n<\/td>\n<\/tr>\n<tr style=\"padding-left: 30px\">\n<td style=\"padding-left: 30px\">\n<table style=\"padding-left: 30px\" cellspacing=\"0\">\n<tbody style=\"padding-left: 30px\">\n<tr style=\"padding-left: 30px;text-align: justify\">\n<td style=\"padding-left: 30px\">\n<h3 style=\"background: #eeeeee;color: #555555;font-family: Verdana, sans-serif;font-size: 20.5568px;line-height: normal;margin: 0px 0px 10px;padding: 2px 0px 2px 2px;text-align: center\"><span style=\"color: #800000\"><em><strong><span style=\"font-size: large\">\u00a0vols el teu banner?<\/span><\/strong><\/em><\/span><\/h3>\n<\/td>\n<\/tr>\n<tr style=\"padding-left: 30px;text-align: justify\">\n<td style=\"padding-left: 30px\">\n<h3 style=\"background: #eeeeee;font-family: verdana, sans-serif;font-size: 20.5568px;line-height: normal;margin: 0px 0px 10px;padding: 2px 0px 2px 2px;text-align: center\"><span style=\"color: #800000\"><em><strong><span style=\"font-size: large\">\u00a0banner@mossenhoms.be<\/span><\/strong><\/em><\/span><\/h3>\n<\/td>\n<\/tr>\n<\/tbody>\n<\/table>\n<\/td>\n<\/tr>\n<\/tbody>\n<\/table>\n","protected":false},"excerpt":{"rendered":"<p>Quatre corredisses, i sempre acabar en ganes de tornar-hi, aix\u00f2 \u00e9s el que volem. Fer prop de deu quil\u00f2metres i jugar amb algun canvi de ritme i anar amunt i avall quan vulguem i tot i com hem fet a mils de vegades. Hem volgut destacar, avui que entre nosaltres hi ha un bon amic [&hellip;]<\/p>\n","protected":false},"author":171,"featured_media":0,"comment_status":"closed","ping_status":"closed","sticky":false,"template":"","format":"standard","meta":{"jetpack_post_was_ever_published":false,"_jetpack_newsletter_access":"","_jetpack_dont_email_post_to_subs":false,"_jetpack_newsletter_tier_id":0,"_jetpack_memberships_contains_paywalled_content":false,"_jetpack_memberships_contains_paid_content":false,"footnotes":"","jetpack_publicize_message":"","jetpack_publicize_feature_enabled":true,"jetpack_social_post_already_shared":true,"jetpack_social_options":{"image_generator_settings":{"template":"highway","default_image_id":0,"font":"","enabled":false},"version":2}},"categories":[2697,1644,25130,5580,4554,25102,25089,73],"tags":[2697,4656,25105,25130,25112,25126,25111,25106,25102,25137,73],"class_list":["post-4786","post","type-post","status-publish","format-standard","hentry","category-amistat","category-correr","category-correrxerrar","category-entrenaments","category-mossenaires","category-mossenhoms-be","category-senderisme","category-terrassa","tag-amistat","tag-atletisme","tag-correr","tag-correrxerrar","tag-entrenament-en-grup","tag-entrenaments-torre-mossen-homs","tag-mossenaire-dhonor","tag-mossenaires","tag-mossenhoms-be","tag-sabadell","tag-terrassa"],"jetpack_publicize_connections":[],"jetpack_featured_media_url":"","jetpack_sharing_enabled":true,"jetpack_shortlink":"https:\/\/wp.me\/pagkiK-1fc","jetpack-related-posts":[{"id":4634,"url":"https:\/\/blogs.avui.cat\/pepmoliner\/2018\/01\/03\/ultim-de-lany-bon-any\/","url_meta":{"origin":4786,"position":0},"title":"\u00daltim de l&#8217;Any. Bon any!!!","author":"Pep Moliner","date":"3 de gener de 2018","format":false,"excerpt":"La font de la Tartana ha estat el lloc triat pels nostres amics per fer l'habitual parada Mossenaire. Avui clou l'any 2017 i ha estat un bon lloc per dir-li ad\u00e9u. Agra\u00efm l'estona que ens heu fet gaudir, Joan, Carlos, Eva, Albert, Javi i cadascuna i cadasc\u00fa de vosaltres que\u2026","rel":"","context":"A &quot;Amistat&quot;","block_context":{"text":"Amistat","link":"https:\/\/blogs.avui.cat\/pepmoliner\/category\/amistat\/"},"img":{"alt_text":"","src":"https:\/\/i0.wp.com\/blogs.avui.cat\/pepmoliner\/wp-content\/imagescaler\/936db04f9e3aa05e1011705df28fa502.gif?resize=350%2C200","width":350,"height":200},"classes":[]},{"id":4556,"url":"https:\/\/blogs.avui.cat\/pepmoliner\/2017\/08\/09\/mossenaires-no-fa-vacances\/","url_meta":{"origin":4786,"position":1},"title":"Mossenaires no fa vacances","author":"Pep Moliner","date":"9 d'agost de 2017","format":false,"excerpt":"Un dissabte com tants, on farem un bon entrenament i ser\u00e0 gr\u00e0cies a que no fem vacances. \u00c9s gr\u00e0cies a tothom i avui el que ha fet la tria del circuit han estat en Joan, Carlos i l\u2019Eva, que els hi hem demanat que portessin el grup directament i per\u2026","rel":"","context":"A &quot;Amistat&quot;","block_context":{"text":"Amistat","link":"https:\/\/blogs.avui.cat\/pepmoliner\/category\/amistat\/"},"img":{"alt_text":"","src":"","width":0,"height":0},"classes":[]},{"id":4380,"url":"https:\/\/blogs.avui.cat\/pepmoliner\/2017\/01\/05\/i-va-lultim-entrenament-mossenaire-de-lany\/","url_meta":{"origin":4786,"position":2},"title":"\u201cI va l\u2019\u00faltim entrenament Mossenaire de l\u2019any\u201d","author":"Pep Moliner","date":"5 de gener de 2017","format":false,"excerpt":"Tanquem amb aquest entrenament mossenaire un any on podem\u00a0 afirmar que ens ho hem passat b\u00e9. Podem dir que hem conegut gent nova. Sabem que s'ha generat bones vibracions amb trobades infinites entre tots\u00a0 nosaltres i que el nexe que proporciona un entrenament diferent, que es fa\u00a0 possible dia a\u2026","rel":"","context":"A &quot;Amistat&quot;","block_context":{"text":"Amistat","link":"https:\/\/blogs.avui.cat\/pepmoliner\/category\/amistat\/"},"img":{"alt_text":"","src":"","width":0,"height":0},"classes":[]},{"id":4752,"url":"https:\/\/blogs.avui.cat\/pepmoliner\/2018\/08\/08\/tretze-son-tretze-mossenaires\/","url_meta":{"origin":4786,"position":3},"title":"Tretze s\u00f3n tretze Mossenaires","author":"Pep Moliner","date":"8 d'agost de 2018","format":false,"excerpt":"Temperatures de r\u00e9cord a molts llocs propers, i a Can Mossenaire, i ja a primera hora, notem escalfor i donat que \u00e9rem tretze Mossenaires, consensuem tornar a fer el lloc proper m\u00e9s fresc que coneixem i no \u00e9s altre que el torrent de Gotelles i les fonts que hi sovintegem.\u2026","rel":"","context":"A &quot;Amistat&quot;","block_context":{"text":"Amistat","link":"https:\/\/blogs.avui.cat\/pepmoliner\/category\/amistat\/"},"img":{"alt_text":"","src":"","width":0,"height":0},"classes":[]},{"id":4583,"url":"https:\/\/blogs.avui.cat\/pepmoliner\/2017\/09\/20\/cap-el-turo-quan-plou-amb-mossenaires\/","url_meta":{"origin":4786,"position":4},"title":"Cap el Tur\u00f3 quan plou amb Mossenaires","author":"Pep Moliner","date":"20 de setembre de 2017","format":false,"excerpt":"Quan el divendres dia 15 queien forts ruixats, imagin\u00e0vem que podr\u00edem tenir molt de fang i ens ha sorpr\u00e8s que aquest dissabte molta gent imaginava cap on anir\u00edem, donat que mirem d'actuar amb certa l\u00f2gica i no anar pels tolls. Anar cap al Tur\u00f3 de les Roques Blanques ens agrada\u2026","rel":"","context":"A &quot;Amistat&quot;","block_context":{"text":"Amistat","link":"https:\/\/blogs.avui.cat\/pepmoliner\/category\/amistat\/"},"img":{"alt_text":"","src":"","width":0,"height":0},"classes":[]},{"id":4564,"url":"https:\/\/blogs.avui.cat\/pepmoliner\/2017\/08\/23\/agost-mossenaire\/","url_meta":{"origin":4786,"position":5},"title":"Agost Mossenaire","author":"Pep Moliner","date":"23 d'agost de 2017","format":false,"excerpt":"El torrent de Gotelles ha estat el circuit triat per en Paco Barcia, al qui deman\u00e0vem es fes c\u00e0rrec del grup avui i no perdre la continu\u00eftat en el nostre projecte on es busca la solidaritat, amistat, amor a la natura i gaudir d'una bona xerrada mentre fem una mica\u2026","rel":"","context":"A &quot;Amistat&quot;","block_context":{"text":"Amistat","link":"https:\/\/blogs.avui.cat\/pepmoliner\/category\/amistat\/"},"img":{"alt_text":"","src":"","width":0,"height":0},"classes":[]}],"_links":{"self":[{"href":"https:\/\/blogs.avui.cat\/pepmoliner\/wp-json\/wp\/v2\/posts\/4786","targetHints":{"allow":["GET"]}}],"collection":[{"href":"https:\/\/blogs.avui.cat\/pepmoliner\/wp-json\/wp\/v2\/posts"}],"about":[{"href":"https:\/\/blogs.avui.cat\/pepmoliner\/wp-json\/wp\/v2\/types\/post"}],"author":[{"embeddable":true,"href":"https:\/\/blogs.avui.cat\/pepmoliner\/wp-json\/wp\/v2\/users\/171"}],"replies":[{"embeddable":true,"href":"https:\/\/blogs.avui.cat\/pepmoliner\/wp-json\/wp\/v2\/comments?post=4786"}],"version-history":[{"count":1,"href":"https:\/\/blogs.avui.cat\/pepmoliner\/wp-json\/wp\/v2\/posts\/4786\/revisions"}],"predecessor-version":[{"id":4787,"href":"https:\/\/blogs.avui.cat\/pepmoliner\/wp-json\/wp\/v2\/posts\/4786\/revisions\/4787"}],"wp:attachment":[{"href":"https:\/\/blogs.avui.cat\/pepmoliner\/wp-json\/wp\/v2\/media?parent=4786"}],"wp:term":[{"taxonomy":"category","embeddable":true,"href":"https:\/\/blogs.avui.cat\/pepmoliner\/wp-json\/wp\/v2\/categories?post=4786"},{"taxonomy":"post_tag","embeddable":true,"href":"https:\/\/blogs.avui.cat\/pepmoliner\/wp-json\/wp\/v2\/tags?post=4786"}],"curies":[{"name":"wp","href":"https:\/\/api.w.org\/{rel}","templated":true}]}}