{"id":4762,"date":"2018-09-05T17:34:46","date_gmt":"2018-09-05T16:34:46","guid":{"rendered":"http:\/\/blogs.avui.cat\/pepmoliner\/?p=4762"},"modified":"2018-09-05T17:34:54","modified_gmt":"2018-09-05T16:34:54","slug":"torrebonica-amb-mossenaires","status":"publish","type":"post","link":"https:\/\/blogs.avui.cat\/pepmoliner\/2018\/09\/05\/torrebonica-amb-mossenaires\/","title":{"rendered":"Torrebonica amb Mossenaires"},"content":{"rendered":"<h3>Camins amples fins a Torrebonica, i fotografia de Fam\u00edlia Mossenaire als plans de Can Canya. Alguns progressius qui els volia fer, i sempre sense oblidar-nos de ning\u00fa Amunt i avall i ja tenim la temporada en marxa i la gent que estava de vacances, torna a gaudir del bon ambient que genereu tots plegats. Gr\u00e0cies a tothom i sobretot dissabte vinent, recordeu que com sempre et convidem a venir i no et demanem res m\u00e9s que la teva companyia. Fins dissabte!!!<\/h3>\n<h3><img data-recalc-dims=\"1\" decoding=\"async\" src=\"https:\/\/i0.wp.com\/3.bp.blogspot.com\/-LRsYdFDsFH0\/W4_sEUB1PsI\/AAAAAAAAOf0\/gsn1MM-wdJgqkEb-BC63WCi8K2kPji1hQCLcBGAs\/s800\/05-Mossenaires_1setembre2018.jpg?ssl=1\"  \/><br \/>\nl&#8217;<a href=\"http:\/\/mossenhoms.netfreehost.com\/viewtopic.php?p=12082&amp;mforum=mossenhoms#12082\">Enric Mateu <\/a>ens far\u00e0 els honors de dur la nostra bandera. Gr\u00e0cies!!<\/h3>\n<h3><img data-recalc-dims=\"1\" decoding=\"async\" src=\"https:\/\/i0.wp.com\/3.bp.blogspot.com\/-xIJ9KtXRtw0\/W4_sEXiRbxI\/AAAAAAAAOf8\/OqI4BMTNRYsWFRGTmrA9SEfPCvc4m9dtACLcBGAs\/s800\/06-Mossenaires_1setembre2018-001.jpg?ssl=1\"  \/><br \/>\n<a href=\"http:\/\/mossenhoms.netfreehost.com\/viewtopic.php?p=12082&amp;mforum=mossenhoms#12082\">Enric Mateu <\/a><br \/>\n<img data-recalc-dims=\"1\" decoding=\"async\" src=\"https:\/\/i0.wp.com\/4.bp.blogspot.com\/-WvWCq6p0TuY\/W4_sEZPehlI\/AAAAAAAAOf4\/w2d93KMGvvM8QXI1xmLUAg9ha2Mg_axdwCLcBGAs\/s800\/07-Mossenaires_1setembre2018-002.jpg?ssl=1\"  \/><br \/>\nHem pogut tenir una bona conversa amb l&#8217;Enric.<br \/>\n<img data-recalc-dims=\"1\" decoding=\"async\" src=\"https:\/\/i0.wp.com\/2.bp.blogspot.com\/-JOQxdfGQe14\/W4_sFIH_OyI\/AAAAAAAAOgA\/5t2ZhNgYqKI47ANN2DkYUlwBQcokQA8PwCLcBGAs\/s800\/08-Mossenaires_1setembre2018-003.jpg?ssl=1\"  \/><br \/>\nUn altre vell amic meu, en Josep A. Folch, i mestre dels meus inicis<br \/>\n<img data-recalc-dims=\"1\" decoding=\"async\" src=\"https:\/\/i0.wp.com\/3.bp.blogspot.com\/-1hDDxDnP2Kg\/W4_sFS4ZlNI\/AAAAAAAAOgE\/1jQ8v_PUpf8JNIvFIIV8ikhvLGjlfxVWgCLcBGAs\/s800\/09-Mossenaires_1setembre2018-004.jpg?ssl=1\"  \/><br \/>\n<a href=\"http:\/\/mossenhoms.netfreehost.com\/viewtopic.php?p=14022&amp;mforum=mossenhoms#14022\">Olga L\u00f3pez Castillo <\/a><br \/>\n<img data-recalc-dims=\"1\" decoding=\"async\" src=\"https:\/\/i0.wp.com\/4.bp.blogspot.com\/-Bm_k9p4sjew\/W4_sFu8gH3I\/AAAAAAAAOgI\/0DqwpmCFlnow8eARlBfyNMJCSle1e7xwACLcBGAs\/s800\/10-Mossenaires_1setembre2018-005.jpg?ssl=1\"  \/><br \/>\nGemma, Conxita i S\u00edlvia<br \/>\n<img data-recalc-dims=\"1\" decoding=\"async\" src=\"https:\/\/i0.wp.com\/1.bp.blogspot.com\/-tdxAKa6mJQA\/W4_sFzzfcMI\/AAAAAAAAOgM\/ITkk7hku_I8dnJEmJAX7yD4XEr7v-mYfACLcBGAs\/s800\/11-Mossenaires_1setembre2018-006.jpg?ssl=1\"  \/><br \/>\nGemma, Sandra, seguides pel Joaqu\u00edn i en Josep A. Folch<br \/>\n<img data-recalc-dims=\"1\" decoding=\"async\" src=\"https:\/\/i0.wp.com\/3.bp.blogspot.com\/-6WkW1DkwdrI\/W4_sGDPFPJI\/AAAAAAAAOgQ\/r1Y5jsEBog0QqUFFgnrfqcFAcErVfH7QgCLcBGAs\/s800\/12-Mossenaires_1setembre2018-007.jpg?ssl=1\"  \/><br \/>\nEl nostre bandera, l&#8217;Enric<br \/>\n<img data-recalc-dims=\"1\" decoding=\"async\" src=\"https:\/\/i0.wp.com\/4.bp.blogspot.com\/-RGooQtBEFto\/W4_sGUid-gI\/AAAAAAAAOgU\/wP9sLbv8kCgojTFT_KJxODSPmNyZZrh7QCLcBGAs\/s800\/13-Mossenaires_1setembre2018-008.jpg?ssl=1\"  \/><br \/>\nun cl\u00e0ssic, la Gemma amunt i avall cap a la cua<br \/>\n<img data-recalc-dims=\"1\" decoding=\"async\" src=\"https:\/\/i0.wp.com\/3.bp.blogspot.com\/-8hisgXrLxyg\/W4_sGhmfGdI\/AAAAAAAAOgY\/Uru0RsvbCUY7Nr0ivqivfBVJ9Z3ELvvIACLcBGAs\/s800\/14-Mossenaires_1setembre2018-009.jpg?ssl=1\"  \/><br \/>\nI la Sandra i en Toni, cap a la cua<\/h3>\n<h3><img data-recalc-dims=\"1\" decoding=\"async\" src=\"https:\/\/i0.wp.com\/3.bp.blogspot.com\/-GwwchHa_JIc\/W4_sG_EiDGI\/AAAAAAAAOgc\/ZLOYmmTUBfM9YawO-yRlO1DtrPAPJkHcwCLcBGAs\/s800\/15-Mossenaires_1setembre2018-010.jpg?ssl=1\"  \/><\/h3>\n<h3><img data-recalc-dims=\"1\" decoding=\"async\" src=\"https:\/\/i0.wp.com\/1.bp.blogspot.com\/-t0lLjq1I1Zo\/W4_sGxpwgWI\/AAAAAAAAOgg\/4vM1_5Zu5YoFcYculdfzr3Gz-wJgMYt5gCLcBGAs\/s800\/16-Mossenaires_1setembre2018-011.jpg?ssl=1\"  \/><br \/>\n<a href=\"http:\/\/mossenhoms.netfreehost.com\/viewtopic.php?p=13720&amp;mforum=mossenhoms#13720\">Carme Valldeperas <\/a><br \/>\n<img data-recalc-dims=\"1\" decoding=\"async\" src=\"https:\/\/i0.wp.com\/4.bp.blogspot.com\/-T_8xpD2YIu4\/W4_sHKYkzJI\/AAAAAAAAOgk\/u-PoZLP3IdcJRCMxjkSOAOSJoe6ACHrWwCLcBGAs\/s800\/17-Mossenaires_1setembre2018-012.jpg?ssl=1\"  \/><br \/>\nReagrupant-nos, amb en Joaqu\u00edn. Miquel, Josep A.<br \/>\n<img data-recalc-dims=\"1\" decoding=\"async\" src=\"https:\/\/i0.wp.com\/1.bp.blogspot.com\/-tKh4Wgm6Gwo\/W4_sHN9QKcI\/AAAAAAAAOgo\/WofaE8iIB7koukVojglDYLCCYK0EeWwxwCLcBGAs\/s800\/18-Mossenaires_1setembre2018-013.jpg?ssl=1\"  \/><br \/>\nI ens aturarem a Can Canya, on farem la foto de fam\u00edlia<br \/>\n<img data-recalc-dims=\"1\" decoding=\"async\" src=\"https:\/\/i0.wp.com\/1.bp.blogspot.com\/-kHOmvJGZhKQ\/W4_sHUUnYLI\/AAAAAAAAOgs\/C6acyI-__SsW8b55IkK199xiLOEG0RylgCLcBGAs\/s800\/19-Mossenaires_1setembre2018-014.jpg?ssl=1\"  \/><br \/>\nDesplegarem la bandera<br \/>\n<img data-recalc-dims=\"1\" decoding=\"async\" src=\"https:\/\/i0.wp.com\/3.bp.blogspot.com\/-vpO_3MGB38g\/W4_sHnEIKaI\/AAAAAAAAOgw\/4-5Q8PnZt48rMoiJes7ARzlnU2LHctBBACLcBGAs\/s1600\/22-Mossenaires_1setembre2018.jpg?ssl=1\"  \/><br \/>\nI per Torrebonica pels plans de Can Canya, farem la fotografia de fam\u00edlia Mossenaire. Per molts anys!!<br \/>\n<img data-recalc-dims=\"1\" decoding=\"async\" src=\"https:\/\/i0.wp.com\/2.bp.blogspot.com\/-o-7wa8a5Ags\/W4_sH7WG8oI\/AAAAAAAAOg0\/LWpWjuACdbAbRWetoU-aBozJFHOvoz7zACLcBGAs\/s800\/24-Mossenaires_1setembre2018-015.jpg?ssl=1\"  \/><\/h3>\n<h3><img data-recalc-dims=\"1\" decoding=\"async\" src=\"https:\/\/i0.wp.com\/4.bp.blogspot.com\/-FST9qiZr19s\/W4_sH8c2eDI\/AAAAAAAAOg4\/xbux0xKX_cMo5kPrwqkin0BF-Hn1p8POwCLcBGAs\/s800\/25-Mossenaires_1setembre2018-016.jpg?ssl=1\"  \/><\/h3>\n<h3><img data-recalc-dims=\"1\" decoding=\"async\" src=\"https:\/\/i0.wp.com\/4.bp.blogspot.com\/-7EaS-hZyEbc\/W4_sIKnX0TI\/AAAAAAAAOg8\/8uaDSeNH4ds24Xo_Mx8zUxM1vnQ19mVQwCLcBGAs\/s800\/26-Mossenaires_1setembre2018-017.jpg?ssl=1\"  \/><br \/>\nTot a punt<br \/>\n<img data-recalc-dims=\"1\" decoding=\"async\" src=\"https:\/\/i0.wp.com\/2.bp.blogspot.com\/-WqIS80oirOk\/W4_sISato6I\/AAAAAAAAOhA\/MZk7h6hz38gPEDoEAnoDVlJViMKFYaHQACLcBGAs\/s800\/27-Mossenaires_1setembre2018-018.jpg?ssl=1\"  \/><\/h3>\n<h3><img data-recalc-dims=\"1\" decoding=\"async\" src=\"https:\/\/i0.wp.com\/3.bp.blogspot.com\/-Cssw55TC_l4\/W4_sIf-zhiI\/AAAAAAAAOhE\/wQ8MzsZ3y1QYKHoQRGxMWhwMDEOp5fkuACLcBGAs\/s800\/28-Mossenaires_1setembre2018-019.jpg?ssl=1\"  \/><\/h3>\n<h3><img data-recalc-dims=\"1\" decoding=\"async\" src=\"https:\/\/i0.wp.com\/4.bp.blogspot.com\/-3MfNl_5luIM\/W4_sIo5H6QI\/AAAAAAAAOhI\/fnzT9GMfAB86IP7kvePWgBWDuipoeu4DQCLcBGAs\/s800\/29-Mossenaires_1setembre2018-020.jpg?ssl=1\"  \/><\/h3>\n<h3><img data-recalc-dims=\"1\" decoding=\"async\" src=\"https:\/\/i0.wp.com\/2.bp.blogspot.com\/-ovkmr5vMuo4\/W4_sI_zzykI\/AAAAAAAAOhM\/nlGqIE9YJRsIaYIDgcarlegWV-fmtA5FQCLcBGAs\/s800\/30-Mossenaires_1setembre2018-021.jpg?ssl=1\"  \/><\/h3>\n<h3><img data-recalc-dims=\"1\" decoding=\"async\" src=\"https:\/\/i0.wp.com\/1.bp.blogspot.com\/-XLexMsNo83U\/W4_sJTE9NaI\/AAAAAAAAOhQ\/7uT85CO8S8kezWfSH5FYD-2OZTA4nfVCACLcBGAs\/s800\/31-Mossenaires_1setembre2018-022.jpg?ssl=1\"  \/><br \/>\nCarlos i Fran, grans Mossenaires<br \/>\n<img data-recalc-dims=\"1\" decoding=\"async\" src=\"https:\/\/i0.wp.com\/2.bp.blogspot.com\/-Yzah0vZlJEs\/W4_sJ_A379I\/AAAAAAAAOhY\/Tluv2jlo0TcQLrGHPvZ6kp1pGFz_GartQCLcBGAs\/s800\/32-Mossenaires_1setembre2018-023.jpg?ssl=1\"  \/><br \/>\nI en el progressiu, la Gemma la millor.Cap a la cua!!<br \/>\n<img data-recalc-dims=\"1\" decoding=\"async\" src=\"https:\/\/i0.wp.com\/2.bp.blogspot.com\/-kiyMFXIsze4\/W4_sKQ1440I\/AAAAAAAAOhU\/jzSlUwe-jGgik-ciaKHCL8LUcPqQOnrdgCLcBGAs\/s800\/33-Mossenaires_1setembre2018-024.jpg?ssl=1\"  \/><br \/>\n<a href=\"http:\/\/mossenhoms.netfreehost.com\/mossenhoms-post-13779.html#13779\">Guillermo P\u00e9rez <\/a><br \/>\n<img data-recalc-dims=\"1\" decoding=\"async\" src=\"https:\/\/i0.wp.com\/4.bp.blogspot.com\/-wRinOlBxRI0\/W4_sLCoSf3I\/AAAAAAAAOhc\/kRV8GG0zPOk8G_wJuPT3crzzx275SP7gwCLcBGAs\/s800\/34-Mossenaires_1setembre2018-025.jpg?ssl=1\"  \/><br \/>\n<a href=\"http:\/\/mossenhoms.netfreehost.com\/mossenhoms-post-13452.html#13452\">Isabel Font <\/a><br \/>\n<img data-recalc-dims=\"1\" decoding=\"async\" src=\"https:\/\/i0.wp.com\/4.bp.blogspot.com\/-wFR9YsLr5sI\/W4_sLEejNhI\/AAAAAAAAOhk\/ZQwowgZ0nAQ8_wr8YTZx4iueLq1X5fd3QCLcBGAs\/s800\/35-Mossenaires_1setembre2018-026.jpg?ssl=1\"  \/><\/h3>\n<h3><img data-recalc-dims=\"1\" decoding=\"async\" src=\"https:\/\/i0.wp.com\/2.bp.blogspot.com\/-VLv4zX4hOCw\/W4_sLPimFDI\/AAAAAAAAOhg\/1ezV_yEe7KoUVHQmOb0ZoGVImY9CbdGLgCLcBGAs\/s800\/36-Mossenaires_1setembre2018-027.jpg?ssl=1\"  \/><br \/>\n<a href=\"http:\/\/mossenhoms.netfreehost.com\/viewtopic.php?p=13864&amp;mforum=mossenhoms#13864\">Silvia Moya <\/a><br \/>\n<img data-recalc-dims=\"1\" decoding=\"async\" src=\"https:\/\/i0.wp.com\/1.bp.blogspot.com\/-y0-wD6NHnNY\/W4_sLZeFlLI\/AAAAAAAAOhs\/4uzK5P_8lJgcSFC9Jy05QfXqe_d7UrmpgCLcBGAs\/s800\/37-Mossenaires_1setembre2018-028.jpg?ssl=1\"  \/><\/h3>\n<h3><img data-recalc-dims=\"1\" decoding=\"async\" src=\"https:\/\/i0.wp.com\/1.bp.blogspot.com\/-y-eAza0Mjko\/W4_sLnD3BXI\/AAAAAAAAOho\/w0qimYsNi_8lrDOKZxYGF6pXqLyxOMNxACLcBGAs\/s800\/38-Mossenaires_1setembre2018-029.jpg?ssl=1\"  \/><br \/>\n<a href=\"http:\/\/mossenhoms.netfreehost.com\/mossenhoms-post-14094.html#14094\">JuanMa Martin <\/a><br \/>\n<img data-recalc-dims=\"1\" decoding=\"async\" src=\"https:\/\/i0.wp.com\/3.bp.blogspot.com\/-sFzSOXL2-fM\/W4_sLpNXn_I\/AAAAAAAAOhw\/gqB0TeVjgFocJPQsmwCys4sKsyG7k5nAgCLcBGAs\/s800\/39-Mossenaires_1setembre2018-030.jpg?ssl=1\"  \/><br \/>\nJosep Antoni Folch<br \/>\n<img data-recalc-dims=\"1\" decoding=\"async\" src=\"https:\/\/i0.wp.com\/1.bp.blogspot.com\/-0avwjGgTp6Q\/W4_sMGuBsxI\/AAAAAAAAOh0\/HGOTZPY0O90A9EsuknWt4Q5QfZ1ki5vjACLcBGAs\/s800\/40-Mossenaires_1setembre2018-031.jpg?ssl=1\"  \/><br \/>\n<a href=\"http:\/\/mossenhoms.netfreehost.com\/viewtopic.php?p=14052&amp;mforum=mossenhoms#14052\">Sandra Mart\u00ednez <\/a><br \/>\n<img data-recalc-dims=\"1\" decoding=\"async\" src=\"https:\/\/i0.wp.com\/3.bp.blogspot.com\/-hD2eSGJPaOg\/W4_sMjiRGvI\/AAAAAAAAOh4\/rFuOvEYO0E86SaNgZZ1HSQVlXu51B4RdACLcBGAs\/s800\/41-Mossenaires_1setembre2018-032.jpg?ssl=1\"  \/><br \/>\n<a href=\"http:\/\/mossenhoms.netfreehost.com\/mossenhoms-post-12328.html#12328\">Gemma Franco <\/a><br \/>\n<img data-recalc-dims=\"1\" decoding=\"async\" src=\"https:\/\/i0.wp.com\/1.bp.blogspot.com\/-IhH9qWFhzlY\/W4_sNPZHpKI\/AAAAAAAAOh8\/8j__9FrMNksPzIptZYa-wvqLwOl2edbagCLcBGAs\/s800\/42-Mossenaires_1setembre2018-033.jpg?ssl=1\"  \/><br \/>\n<a href=\"http:\/\/mossenhoms.netfreehost.com\/mossenhoms-post-14055.html#14055\">Gemma Cadafalch <\/a><br \/>\n<img data-recalc-dims=\"1\" decoding=\"async\" src=\"https:\/\/i0.wp.com\/3.bp.blogspot.com\/-vp1cry23nsE\/W4_sNu9EBfI\/AAAAAAAAOiE\/vjFv4W_CS0QXqZryGLBoOt_L2Xsy6xfZwCLcBGAs\/s800\/43-Mossenaires_1setembre2018-034.jpg?ssl=1\"  \/><br \/>\n<a href=\"http:\/\/mossenhoms.netfreehost.com\/mossenhoms-post-13875.html#13875\">Carlos Rodr\u00edguez <\/a><br \/>\n<img data-recalc-dims=\"1\" decoding=\"async\" src=\"https:\/\/i0.wp.com\/3.bp.blogspot.com\/-jO4j05wPQm8\/W4_sOOXlYfI\/AAAAAAAAOiA\/G17V3GT8edkM1uR71JzeJM-YSQup_T4ZQCLcBGAs\/s800\/44-Mossenaires_1setembre2018-035.jpg?ssl=1\"  \/><br \/>\n<a href=\"http:\/\/mossenhoms.netfreehost.com\/mossenhoms-post-8469.html#8469\">Joaquin Ortega <\/a><br \/>\n<img data-recalc-dims=\"1\" decoding=\"async\" src=\"https:\/\/i0.wp.com\/1.bp.blogspot.com\/-C_dTKzdnP5M\/W4_sOtrrv2I\/AAAAAAAAOiI\/ZJpDWieFaxEYFakJ_UNoYmCHHp9Q45vMgCLcBGAs\/s800\/45-Mossenaires_1setembre2018-036.jpg?ssl=1\"  \/><br \/>\n<a href=\"http:\/\/mossenhoms.netfreehost.com\/mossenhoms-post-13912.html#13912\">Miquel Paradell <\/a><br \/>\n<img data-recalc-dims=\"1\" decoding=\"async\" src=\"https:\/\/i0.wp.com\/1.bp.blogspot.com\/-rk_KqN9zxx8\/W4_sOqvUnYI\/AAAAAAAAOiM\/oQeQpFvEykkmu4YAR5XI6AwdgOmWjEm5ACLcBGAs\/s800\/46-Mossenaires_1setembre2018-037.jpg?ssl=1\"  \/><br \/>\n<a href=\"http:\/\/mossenhoms.netfreehost.com\/viewtopic.php?p=14033&amp;mforum=mossenhoms#14033\">Santi Gonzalo <\/a><br \/>\n<img data-recalc-dims=\"1\" decoding=\"async\" src=\"https:\/\/i0.wp.com\/4.bp.blogspot.com\/-izYs1iUkp_A\/W4_sOy4Fq1I\/AAAAAAAAOiQ\/JxCwra8r3E07Monh0z_PmszdmG9303lTQCLcBGAs\/s800\/47-Mossenaires_1setembre2018-038.jpg?ssl=1\"  \/><br \/>\n<a href=\"http:\/\/mossenhoms.netfreehost.com\/mossenhoms-post-13856.html#13856\">Toni Ga\u00f1et Fueris <\/a><br \/>\n<img data-recalc-dims=\"1\" decoding=\"async\" src=\"https:\/\/i0.wp.com\/4.bp.blogspot.com\/-bdQ9f363JdI\/W4_sPM7LoBI\/AAAAAAAAOiU\/yXHqz20fOWc-ejJ7LYinyZDf4XWIa0uXwCLcBGAs\/s800\/48-Mossenaires_1setembre2018-039.jpg?ssl=1\"  \/><br \/>\n<a href=\"http:\/\/mossenhoms.netfreehost.com\/viewtopic.php?p=14042&amp;mforum=mossenhoms#14042\">Manuel L\u00f3pez Rodr\u00edguez <\/a><br \/>\n<img data-recalc-dims=\"1\" decoding=\"async\" src=\"https:\/\/i0.wp.com\/1.bp.blogspot.com\/-P9tbpoFCRWE\/W4_sPR9vd9I\/AAAAAAAAOiY\/7qx0YPL_RvsCkm5Xwxg8jv5R04gn770gACLcBGAs\/s800\/49-Mossenaires_1setembre2018-040.jpg?ssl=1\"  \/><br \/>\n<a href=\"http:\/\/mossenhoms.netfreehost.com\/viewtopic.php?p=14022&amp;mforum=mossenhoms#14022\">Olga L\u00f3pez Castillo <\/a><br \/>\n<img data-recalc-dims=\"1\" decoding=\"async\" src=\"https:\/\/i0.wp.com\/4.bp.blogspot.com\/-qh-5w3DW08s\/W4_sPdxlO6I\/AAAAAAAAOic\/M0m817L21mkDbGi-4tgQ0aLlsQ18dCBfwCLcBGAs\/s800\/50-Mossenaires_1setembre2018-041.jpg?ssl=1\"  \/><br \/>\n<a href=\"http:\/\/mossenhoms.netfreehost.com\/viewtopic.php?p=13720&amp;mforum=mossenhoms#13720\">Carme Valldeperas <\/a><br \/>\n<img data-recalc-dims=\"1\" decoding=\"async\" src=\"https:\/\/i0.wp.com\/3.bp.blogspot.com\/-dCEIyY1GW2c\/W4_sPer7htI\/AAAAAAAAOig\/xNhzAuZjmgAEPP29bzOwaKZzJ_SyKUjaACLcBGAs\/s800\/51-Mossenaires_1setembre2018-042.jpg?ssl=1\"  \/><br \/>\n<a href=\"http:\/\/mossenhoms.netfreehost.com\/viewtopic.php?p=12082&amp;mforum=mossenhoms#12082\">Enric Mateu <\/a><br \/>\n<img data-recalc-dims=\"1\" decoding=\"async\" src=\"https:\/\/i0.wp.com\/3.bp.blogspot.com\/-PEQDw9Td3v8\/W4_sPoH7wSI\/AAAAAAAAOik\/Gg1ADAZ7YtMO-2rbpHIyUTsskeGZvOX6wCLcBGAs\/s800\/52-Mossenaires_1setembre2018-043.jpg?ssl=1\"  \/><\/h3>\n<h3><img data-recalc-dims=\"1\" decoding=\"async\" src=\"https:\/\/i0.wp.com\/4.bp.blogspot.com\/-K50vw7LNHys\/W4_sQH6L4VI\/AAAAAAAAOio\/7csM4GdMzdodcx0pyDyBzVrZpvFUIIfIACLcBGAs\/s800\/53-Mossenaires_1setembre2018-044.jpg?ssl=1\"  \/><\/h3>\n<h3><img data-recalc-dims=\"1\" decoding=\"async\" src=\"https:\/\/i0.wp.com\/4.bp.blogspot.com\/-eA9tXyoxB94\/W4_sQoj8WfI\/AAAAAAAAOis\/Q8Z5xia7L3Ad1HiFwcHYQpVyLDGq8BNjgCLcBGAs\/s800\/54-Mossenaires_1setembre2018-045.jpg?ssl=1\"  \/><\/h3>\n<h3><img data-recalc-dims=\"1\" decoding=\"async\" src=\"https:\/\/i0.wp.com\/2.bp.blogspot.com\/-OLYpUvg7Ovc\/W4_sRERp2PI\/AAAAAAAAOiw\/V3No4EMhqX4e9c50oDI9R_K2I6hlVw27ACLcBGAs\/s800\/55-Mossenaires_1setembre2018-046.jpg?ssl=1\"  \/><br \/>\nSense paraules em deixa la Gemma<\/h3>\n<h3><img data-recalc-dims=\"1\" decoding=\"async\" src=\"https:\/\/i0.wp.com\/2.bp.blogspot.com\/-FI_9oBEIAkI\/W4_sRdQmWiI\/AAAAAAAAOi0\/DlokJIPcthY5MQeHNU0ZKqRqGS7FUL_OQCLcBGAs\/s800\/56-Mossenaires_1setembre2018-047.jpg?ssl=1\"  \/><br \/>\nuiiiiii !!!<\/h3>\n<h3><img data-recalc-dims=\"1\" decoding=\"async\" src=\"https:\/\/i0.wp.com\/3.bp.blogspot.com\/-dzr5U7sYKQw\/W4_sRbon9-I\/AAAAAAAAOi4\/WTC6Xvp4iqgHRrgmJelOvVbg4LYFa3aBACLcBGAs\/s800\/57-Mossenaires_1setembre2018-048.jpg?ssl=1\"  \/><\/h3>\n<h3><img data-recalc-dims=\"1\" decoding=\"async\" src=\"https:\/\/i0.wp.com\/1.bp.blogspot.com\/-EM7tU1a2Mbo\/W4_sRoi5mXI\/AAAAAAAAOi8\/LL1aM9Tw2N8eCG1yVwtw5oqAP9zPGtCVwCLcBGAs\/s800\/58-Mossenaires_1setembre2018-049.jpg?ssl=1\"  \/><br \/>\nL&#8217;Eva tenia cursa de Matadepera a la tarda, per\u00f2 ens ha vingut a veure<\/h3>\n<h3><a href=\"https:\/\/www.strava.com\/activities\/1821276694\"><img data-recalc-dims=\"1\" decoding=\"async\" src=\"https:\/\/i0.wp.com\/1.bp.blogspot.com\/-KtSCmRpjuA4\/W5AAx9ZxQAI\/AAAAAAAAOjg\/ldeI58aJ7iQbkfYRCPtQm6-eJ0p1TjD1gCLcBGAs\/s800\/59-Mossenaires_1setembre2018-circuit.jpg?ssl=1\"  \/><\/a><br \/>\n<a href=\"https:\/\/www.strava.com\/activities\/1821276694\">https:\/\/www.strava.com\/activities\/1821276694<\/a><br \/>\n<a href=\"https:\/\/youtu.be\/S4Kx1pOLdRM\"><img data-recalc-dims=\"1\" decoding=\"async\" src=\"https:\/\/i0.wp.com\/1.bp.blogspot.com\/-NO8_xyc3mvk\/W5ABdU-PARI\/AAAAAAAAOjo\/d5Ajw_uVML4uS_nnX5TZiCuPcTwibj5CQCLcBGAs\/s800\/60-Mossenaires_1setembre2018-video.jpg?ssl=1\"  \/> <\/a><a href=\"https:\/\/youtu.be\/S4Kx1pOLdRMg\">https:\/\/youtu.be\/S4Kx1pOLdRMg<\/a><\/h3>\n<h3>.<br \/>\n.<br \/>\n.<br \/>\n.<\/h3>\n<table style=\"padding-left: 30px;text-align: justify\" cellspacing=\"0\">\n<tbody style=\"padding-left: 30px\">\n<tr style=\"padding-left: 30px;text-align: justify\">\n<td style=\"padding-left: 30px\">\n<h3><span style=\"color: blue;font-size: large\"><em>\u00a0<\/em><\/span><\/h3>\n<h3><em><span style=\"color: blue;font-size: large\"><a href=\"http:\/\/www.egargrafic.com\/\" target=\"_blank\" rel=\"noopener noreferrer\"><img data-recalc-dims=\"1\" decoding=\"async\" src=\"https:\/\/i0.wp.com\/www.josepmoliner.com\/egargrafic3.gif\" alt=\"\" \/><\/a><\/span><\/em><\/h3>\n<\/td>\n<td style=\"padding-left: 30px\">\n<h3><span style=\"color: maroon\"><em><span style=\"color: blue;font-size: large\"><span style=\"font-size: xx-small\">\u00a0<\/span><a href=\"http:\/\/www.elroure.net\/fisioterapiaroura\/\" target=\"_blank\" rel=\"noopener noreferrer\"><img data-recalc-dims=\"1\" decoding=\"async\" src=\"https:\/\/i0.wp.com\/elroure.net\/fisioterapiaroura\/Fisioterapia_elroure.gif\" alt=\"\" \/><\/a><\/span><\/em><\/span><\/h3>\n<\/td>\n<\/tr>\n<tr style=\"padding-left: 30px;text-align: justify\">\n<td style=\"padding-left: 30px\">\n<h3><span style=\"color: maroon\"><em><span style=\"color: blue;font-size: large\"><a href=\"http:\/\/www.grevolsalut.com\/\" target=\"_blank\" rel=\"noopener noreferrer\"><img data-recalc-dims=\"1\" decoding=\"async\" src=\"https:\/\/i0.wp.com\/www.elroure.net\/grevol\/grevol_salut.gif\" alt=\"\" \/><\/a><\/span><\/em><\/span><\/h3>\n<\/td>\n<td style=\"padding-left: 30px\">\n<h3><span style=\"color: maroon\"><em><a href=\"http:\/\/www.elroure.net\/\" target=\"_blank\" rel=\"noopener noreferrer\"><span style=\"color: blue;font-size: large\"><img data-recalc-dims=\"1\" decoding=\"async\" src=\"https:\/\/i0.wp.com\/elroure.net\/rourenet.gif\" alt=\"\" \/><\/span><\/a><\/em><\/span><\/h3>\n<\/td>\n<\/tr>\n<tr style=\"padding-left: 30px;text-align: justify\">\n<td style=\"padding-left: 30px\">\n<h3><span style=\"color: maroon\"><em><a href=\"http:\/\/www.eledevall.com\/\" target=\"_blank\" rel=\"noopener noreferrer\"><span style=\"color: blue;font-size: large\"><img data-recalc-dims=\"1\" decoding=\"async\" src=\"https:\/\/i0.wp.com\/josepmoliner.com\/eledevall.gif\" alt=\"\" \/><\/span><\/a><\/em><\/span><\/h3>\n<\/td>\n<td style=\"padding-left: 30px\">\n<h3><span style=\"color: maroon\"><em><a href=\"http:\/\/civeracampoy.com\/index.php\/es\/\" target=\"_blank\" rel=\"noopener noreferrer\"><span style=\"color: blue;font-size: large\"><img data-recalc-dims=\"1\" decoding=\"async\" src=\"https:\/\/i0.wp.com\/josepmoliner.com\/Civera%26Campoy.gif\" alt=\"\" \/><\/span><\/a><\/em><\/span><\/h3>\n<\/td>\n<\/tr>\n<tr style=\"padding-left: 30px;text-align: justify\">\n<td style=\"padding-left: 30px\">\n<h3><span style=\"color: maroon\"><em><span style=\"color: blue;font-size: large\">\u00a0<\/span><\/em><\/span><\/h3>\n<\/td>\n<td style=\"padding-left: 30px\">\n<h3><span style=\"color: maroon\"><em><span style=\"color: blue;font-size: large\">\u00a0<\/span><\/em><\/span><\/h3>\n<\/td>\n<\/tr>\n<tr style=\"padding-left: 30px;text-align: justify\">\n<td style=\"padding-left: 30px\">\n<table style=\"padding-left: 30px;text-align: left\" cellspacing=\"0\">\n<tbody style=\"padding-left: 30px\">\n<tr style=\"padding-left: 30px;text-align: justify\">\n<td style=\"padding-left: 30px\">\n<h3><span style=\"color: maroon\"><em><span style=\"color: blue;font-size: large\">\u00a0<a href=\"mailto:pep@mossenhoms.be\" target=\"_blank\" rel=\"noopener\">vols el teu banner?<\/a><\/span><\/em><\/span><\/h3>\n<\/td>\n<\/tr>\n<tr style=\"padding-left: 30px;text-align: justify\">\n<td style=\"padding-left: 30px\">\n<h3><span style=\"color: maroon\"><em><span style=\"color: blue;font-size: large\">\u00a0<\/span><\/em><\/span><\/h3>\n<\/td>\n<\/tr>\n<\/tbody>\n<\/table>\n<h3><span style=\"color: blue;font-size: large\"><i>\u00a0<\/i><\/span><\/h3>\n<\/td>\n<\/tr>\n<\/tbody>\n<\/table>\n","protected":false},"excerpt":{"rendered":"<p>Camins amples fins a Torrebonica, i fotografia de Fam\u00edlia Mossenaire als plans de Can Canya. Alguns progressius qui els volia fer, i sempre sense oblidar-nos de ning\u00fa Amunt i avall i ja tenim la temporada en marxa i la gent que estava de vacances, torna a gaudir del bon ambient que genereu tots plegats. Gr\u00e0cies [&hellip;]<\/p>\n","protected":false},"author":171,"featured_media":0,"comment_status":"closed","ping_status":"closed","sticky":false,"template":"","format":"standard","meta":{"jetpack_post_was_ever_published":false,"_jetpack_newsletter_access":"","_jetpack_dont_email_post_to_subs":false,"_jetpack_newsletter_tier_id":0,"_jetpack_memberships_contains_paywalled_content":false,"_jetpack_memberships_contains_paid_content":false,"footnotes":"","jetpack_publicize_message":"","jetpack_publicize_feature_enabled":true,"jetpack_social_post_already_shared":false,"jetpack_social_options":{"image_generator_settings":{"template":"highway","default_image_id":0,"font":"","enabled":false},"version":2}},"categories":[2697,1644,25130,1,4554,25102,25094,73],"tags":[25181,2697,25110,25126,25106,25094,25091,73],"class_list":["post-4762","post","type-post","status-publish","format-standard","hentry","category-amistat","category-correr","category-correrxerrar","category-general","category-mossenaires","category-mossenhoms-be","category-pep-moliner","category-terrassa","tag-torremossenhoms","tag-amistat","tag-correxerrar","tag-entrenaments-torre-mossen-homs","tag-mossenaires","tag-pep-moliner","tag-running","tag-terrassa"],"jetpack_publicize_connections":[],"jetpack_featured_media_url":"","jetpack_sharing_enabled":true,"jetpack_shortlink":"https:\/\/wp.me\/pagkiK-1eO","jetpack-related-posts":[{"id":4398,"url":"https:\/\/blogs.avui.cat\/pepmoliner\/2017\/01\/26\/mossenaires-per-can-viver-de-torrebonica\/","url_meta":{"origin":4762,"position":0},"title":"Mossenaires per Can Viver de Torrebonica","author":"Pep Moliner","date":"26 de gener de 2017","format":false,"excerpt":"Cap de setmana de gala esportiva a Terrassa, on moltes amigues i amics correran pels carrers de la nostra ciutat el diumenge. Per\u00f2 si avui \u00e9s dissabte: avui hi ha \"Mossenaires\" i amb ganes del que fem tots els dissabtes: dibuixar una rialla permanent a la cara. L'edifici pel que\u2026","rel":"","context":"A &quot;Amistat&quot;","block_context":{"text":"Amistat","link":"https:\/\/blogs.avui.cat\/pepmoliner\/category\/amistat\/"},"img":{"alt_text":"","src":"","width":0,"height":0},"classes":[]},{"id":6175,"url":"https:\/\/blogs.avui.cat\/pepmoliner\/2025\/05\/22\/can-vinyers-i-intercanviador-de-torrebonica-amb-mossenairews\/","url_meta":{"origin":4762,"position":1},"title":"Can Vinyers i intercanviador de Torrebonica amb Mossenaires","author":"Pep Moliner","date":"22 de maig de 2025","format":false,"excerpt":"Si, cada\u00a0dia una p\u00e0gina de la hist\u00f2ria i avui ens venen dos nous amics,\u00a0condu\u00efts\u00a0d'en Pep Santacana, com s\u00f3n el mexic\u00e0 i nou\u00a0Mossenaire, en\u00a0Rodrigo\u00a0Garza\u00a0i tamb\u00e9 l'amistat, d'aqu\u00ed el\u00a0pa\u00eds, en Jos\u00e9\u00a0Angel\u00a0Martin. Benvinguts a la gran fam\u00edlia i desitgem que us hagi agradat el projecte\u00a0Mossenaire\u00a0de\u00a0trenta-dos\u00a0anys seguits d'entrenaments en grup, sortint del costat de\u2026","rel":"","context":"A &quot;c\u00f3rrer&quot;","block_context":{"text":"c\u00f3rrer","link":"https:\/\/blogs.avui.cat\/pepmoliner\/category\/correr\/"},"img":{"alt_text":"","src":"https:\/\/i0.wp.com\/img.youtube.com\/vi\/SI-Yf4OivqU\/0.jpg?resize=350%2C200","width":350,"height":200},"classes":[]},{"id":4556,"url":"https:\/\/blogs.avui.cat\/pepmoliner\/2017\/08\/09\/mossenaires-no-fa-vacances\/","url_meta":{"origin":4762,"position":2},"title":"Mossenaires no fa vacances","author":"Pep Moliner","date":"9 d'agost de 2017","format":false,"excerpt":"Un dissabte com tants, on farem un bon entrenament i ser\u00e0 gr\u00e0cies a que no fem vacances. \u00c9s gr\u00e0cies a tothom i avui el que ha fet la tria del circuit han estat en Joan, Carlos i l\u2019Eva, que els hi hem demanat que portessin el grup directament i per\u2026","rel":"","context":"A &quot;Amistat&quot;","block_context":{"text":"Amistat","link":"https:\/\/blogs.avui.cat\/pepmoliner\/category\/amistat\/"},"img":{"alt_text":"","src":"","width":0,"height":0},"classes":[]},{"id":4568,"url":"https:\/\/blogs.avui.cat\/pepmoliner\/2017\/08\/30\/sempre-rient-mossenaires\/","url_meta":{"origin":4762,"position":3},"title":"Sempre rient: &#8220;Mossenaires&#8221;","author":"Pep Moliner","date":"30 d'agost de 2017","format":false,"excerpt":"L'agost s'apaga a Can #Mossenaires i ho fa amb all\u00f2 que ens agrada. #c\u00f3rrer #xerrar #gaudir acompanyades i acompanyats de gent amb el mateix tarann\u00e0 esportiu, que el que vol i com excusa, anar a passar una bona estona sense compromisos i moltes i molts, tornant de vacances i amb\u2026","rel":"","context":"A &quot;Amistat&quot;","block_context":{"text":"Amistat","link":"https:\/\/blogs.avui.cat\/pepmoliner\/category\/amistat\/"},"img":{"alt_text":"","src":"","width":0,"height":0},"classes":[]},{"id":5028,"url":"https:\/\/blogs.avui.cat\/pepmoliner\/2020\/01\/10\/torrebonica\/","url_meta":{"origin":4762,"position":4},"title":"El primer de l&#8217;any per Torrebonica","author":"Pep Moliner","date":"10 de gener de 2020","format":false,"excerpt":"Torrebonica ens veu passar moltes vegades, i per iniciar el 2020, \u00e9s dels llocs que ofereix vistes a camps d'oliveres, muntanyes com la de Sant Lloren\u00e7 i racons que envolten Terrassa, com els plans de Can Canya, masia que ara veiem que estan arreglant. Hem fet un v\u00eddeo mentre corr\u00edem\u2026","rel":"","context":"A &quot;General&quot;","block_context":{"text":"General","link":"https:\/\/blogs.avui.cat\/pepmoliner\/category\/general\/"},"img":{"alt_text":"","src":"https:\/\/i0.wp.com\/img.youtube.com\/vi\/smLKiFSwOuw\/0.jpg?resize=350%2C200","width":350,"height":200},"classes":[]},{"id":4823,"url":"https:\/\/blogs.avui.cat\/pepmoliner\/2018\/12\/28\/sempre-toca-mossenaires\/","url_meta":{"origin":4762,"position":5},"title":"Sempre toca Mossenaires","author":"Pep Moliner","date":"28 de desembre de 2018","format":false,"excerpt":"A nosaltres el dia 22 de desembre i com \u00e9s tradici\u00f3 per Nadal, ens toca la rifa si cau en dissabte i s\u00f3n les 08:00 . Tota una s\u00e8rie de persones solid\u00e0ries, que estimen l\u2019esport i la natura, s\u2019arrauleix al voltant de la Masia de Torre Moss\u00e8n Homs i just\u2026","rel":"","context":"A &quot;Amistat&quot;","block_context":{"text":"Amistat","link":"https:\/\/blogs.avui.cat\/pepmoliner\/category\/amistat\/"},"img":{"alt_text":"","src":"","width":0,"height":0},"classes":[]}],"_links":{"self":[{"href":"https:\/\/blogs.avui.cat\/pepmoliner\/wp-json\/wp\/v2\/posts\/4762","targetHints":{"allow":["GET"]}}],"collection":[{"href":"https:\/\/blogs.avui.cat\/pepmoliner\/wp-json\/wp\/v2\/posts"}],"about":[{"href":"https:\/\/blogs.avui.cat\/pepmoliner\/wp-json\/wp\/v2\/types\/post"}],"author":[{"embeddable":true,"href":"https:\/\/blogs.avui.cat\/pepmoliner\/wp-json\/wp\/v2\/users\/171"}],"replies":[{"embeddable":true,"href":"https:\/\/blogs.avui.cat\/pepmoliner\/wp-json\/wp\/v2\/comments?post=4762"}],"version-history":[{"count":1,"href":"https:\/\/blogs.avui.cat\/pepmoliner\/wp-json\/wp\/v2\/posts\/4762\/revisions"}],"predecessor-version":[{"id":4763,"href":"https:\/\/blogs.avui.cat\/pepmoliner\/wp-json\/wp\/v2\/posts\/4762\/revisions\/4763"}],"wp:attachment":[{"href":"https:\/\/blogs.avui.cat\/pepmoliner\/wp-json\/wp\/v2\/media?parent=4762"}],"wp:term":[{"taxonomy":"category","embeddable":true,"href":"https:\/\/blogs.avui.cat\/pepmoliner\/wp-json\/wp\/v2\/categories?post=4762"},{"taxonomy":"post_tag","embeddable":true,"href":"https:\/\/blogs.avui.cat\/pepmoliner\/wp-json\/wp\/v2\/tags?post=4762"}],"curies":[{"name":"wp","href":"https:\/\/api.w.org\/{rel}","templated":true}]}}