{"id":4755,"date":"2018-08-16T18:50:08","date_gmt":"2018-08-16T17:50:08","guid":{"rendered":"http:\/\/blogs.avui.cat\/pepmoliner\/?p=4755"},"modified":"2018-08-16T18:50:16","modified_gmt":"2018-08-16T17:50:16","slug":"onze-dagost-onze-quilometres","status":"publish","type":"post","link":"https:\/\/blogs.avui.cat\/pepmoliner\/2018\/08\/16\/onze-dagost-onze-quilometres\/","title":{"rendered":"Onze d&#8217;Agost: Onze quil\u00f2metres"},"content":{"rendered":"<h3><span style=\"color: #800000\"><em>Bon dia per c\u00f3rrer, quan la temperatura \u00e9s molt millor i encara hi ha Mossenaires que, estiguin o no de vacances, han pogut fer-nos costat en aquests quasi deu quil\u00f2metres que ens han sortit, anant a Castellarnau. En Gaby ens explicava al sortir, que sabia de l&#8217;exist\u00e8ncia d&#8217;una bassa i l&#8217;he trobat nom\u00e9s sortir i ens hi hem pogut fer la fotografia de fam\u00edlia del dia.<\/em><\/span><\/h3>\n<h3><span style=\"color: #800000\"><em>En Javier Colado, despr\u00e9s de trobar-lo a faltar molts dies, avui que alhora era un dels seus aniversaris de quan va ser proclamat per primera vegada Mossenaire d&#8217;honor, ha vingut i a m\u00e9s ens ha fet de portador del nostre emblema a &#8220;modus&#8221; bandera Mossenaire. Un luxe.<\/em><\/span><\/h3>\n<h3><span style=\"color: #800000\"><em>Continuem una setmana m\u00e9s fent projecte d&#8217;Entrenaments en grup, i en una temporada que est\u00e0 a punt d&#8217;acabar i \u00e9s que a l&#8217;atletisme sempre comencen com el curs: al setembre i aviat entrarem a vint-i-sis anys ininterromputs d&#8217;entrenaments des de la Masia de Torre Moss\u00e8n Homs. Gr\u00e0cies i fins sempre.<\/em><\/span><\/h3>\n<h3><span style=\"color: #800000\"><em><img data-recalc-dims=\"1\" decoding=\"async\" src=\"https:\/\/i0.wp.com\/2.bp.blogspot.com\/-_5vUU8ENajU\/W3WUPSiGa-I\/AAAAAAAAORo\/x0iHZpzN5HQ6mtG8W-51c3khO0m_nkobgCLcBGAs\/s800\/01-Mossenaires_11agost2018.jpg?ssl=1\"  \/> <\/em><\/span><br \/>\n<span style=\"color: #800000\"><em>I avui, despr\u00e9s de mesos sense poder venir, i ens ha regalat la seva pres\u00e8ncia, amb motiu del seu nov\u00e8 aniversari com a Mossenaire d&#8217;honor. Gr\u00e0cies Javi<\/em><\/span><\/h3>\n<h3><span style=\"color: #800000\"><em><img data-recalc-dims=\"1\" decoding=\"async\" src=\"https:\/\/i0.wp.com\/1.bp.blogspot.com\/-Fe3GOdbESy4\/W3WUPViyWMI\/AAAAAAAAORs\/WUZoSAkHUnEprIK3T45omYyqvHeG5EELwCLcBGAs\/s800\/02-Mossenaires_11agost2018-001.jpg?ssl=1\"  \/> <\/em><\/span><br \/>\n<span style=\"color: #800000\"><em>Poquets, per\u00f2 sent agost, amb tota normalitat. Gr\u00e0cies a tothom<\/em><\/span><\/h3>\n<h3><span style=\"color: #800000\"><em><img data-recalc-dims=\"1\" decoding=\"async\" src=\"https:\/\/i0.wp.com\/3.bp.blogspot.com\/-Q6pdPQlWihQ\/W3WUPcSnLtI\/AAAAAAAAORk\/5HiNwl2EM30T-28Yj7L3tB7TUQdd5_NNwCLcBGAs\/s800\/03-Mossenaires_11agost2018.48.jpg?ssl=1\"  \/> <\/em><\/span><br \/>\n<span style=\"color: #800000\"><em>Fotografia d&#8217;ambient: gr\u00e0cies Gaby<\/em><\/span><\/h3>\n<h3><span style=\"color: #800000\"><em><img data-recalc-dims=\"1\" decoding=\"async\" src=\"https:\/\/i0.wp.com\/4.bp.blogspot.com\/-fcgAGbPZQxg\/W3WUP17DFgI\/AAAAAAAAORw\/zQzkN4caFPUINWkDFzLtGO975BWEVR1WACLcBGAs\/s800\/04-Mossenaires_11agost2018.48%25281%2529.jpg?ssl=1\"  \/><\/em><\/span><\/h3>\n<h3><span style=\"color: #800000\"><em><img data-recalc-dims=\"1\" decoding=\"async\" src=\"https:\/\/i0.wp.com\/1.bp.blogspot.com\/-JW5n7aM42yo\/W3WUQJji8kI\/AAAAAAAAOR0\/ac-SJgSqypAN-lYgoRrEYVlxhihhrf8HACLcBGAs\/s800\/05-Mossenaires_11agost2018-002.jpg?ssl=1\"  \/> <\/em><\/span><br \/>\n<span style=\"color: #800000\"><em>Les nostres noies:<\/em><\/span><\/h3>\n<h3><span style=\"color: #800000\"><em><img data-recalc-dims=\"1\" decoding=\"async\" src=\"https:\/\/i0.wp.com\/2.bp.blogspot.com\/-AEKCQk38KRs\/W3WUQRyQqaI\/AAAAAAAAOR4\/Haj8aC7S6HUr4cwZKh2z42Wau25Bikw7QCLcBGAs\/s800\/06-Mossenaires_11agost2018-003.jpg?ssl=1\"  \/> <\/em><\/span><br \/>\n<span style=\"color: #800000\"><em>Amb el Gaby, que tamb\u00e9 ens regala algunes fotografies i avui la bassa que li diuen &#8220;La del Loco&#8221;, ens l&#8217;ha ensenyat ell. M&#8217;explicava que sap d&#8217;alg\u00fa que s&#8217;hi havia ofegat. Ara la veureu<\/em><\/span><\/h3>\n<h3><span style=\"color: #800000\"><em><img data-recalc-dims=\"1\" decoding=\"async\" src=\"https:\/\/i0.wp.com\/4.bp.blogspot.com\/-Hptq3VkfBgo\/W3WUQvRFVBI\/AAAAAAAAOR8\/6DgRNHrxAUg5alHHjCdPxRDCIaiEyUa2ACLcBGAs\/s800\/07-Mossenaires_11agost2018-004.jpg?ssl=1\"  \/> <\/em><\/span><br \/>\n<span style=\"color: #800000\"><em>Primer reagrupament a Can Motllor, corriolejant per l&#8217;anella verda egarenca<\/em><\/span><\/h3>\n<h3><span style=\"color: #800000\"><em><img data-recalc-dims=\"1\" decoding=\"async\" src=\"https:\/\/i0.wp.com\/3.bp.blogspot.com\/-0Ms3QS9t-90\/W3WUQ6M9-QI\/AAAAAAAAOSA\/loXSJpmgUIw3B_782h485cplrH1NQYD2gCLcBGAs\/s800\/08-Mossenaires_11agost2018-005.jpg?ssl=1\"  \/> <\/em><\/span><br \/>\n<span style=\"color: #800000\"><em>I arribem a la foto de familia, a la bassa<\/em><\/span><\/h3>\n<h3><span style=\"color: #800000\"><em><img data-recalc-dims=\"1\" decoding=\"async\" src=\"https:\/\/i0.wp.com\/4.bp.blogspot.com\/-mFOu7_e0nyQ\/W3WUQx7QIKI\/AAAAAAAAOSE\/uS1rX5M50aIJig91Zk_T5w5_tXYk7PPqgCLcBGAs\/s800\/09-Mossenaires_11agost2018-006.jpg?ssl=1\"  \/> <\/em><\/span><br \/>\n<span style=\"color: #800000\"><em>Imaginem que abans servia per regar els horts que hi havien<\/em><\/span><\/h3>\n<h3><span style=\"color: #800000\"><em><img data-recalc-dims=\"1\" decoding=\"async\" src=\"https:\/\/i0.wp.com\/2.bp.blogspot.com\/-9Hfdymha84o\/W3WURIycwCI\/AAAAAAAAOSI\/EXkwbsWiInMINUzklznvWm7frxt0Bon-ACLcBGAs\/s1600\/10-Mossenaires_11agost2018-007.jpg?ssl=1\"  \/><\/em><\/span><br \/>\n<span style=\"color: #800000\"><em>I la colla que a l&#8217;agost encara ve a Mossenejar. Gr\u00e0cies a tothom<\/em><\/span><\/h3>\n<h3><span style=\"color: #800000\"><em><img data-recalc-dims=\"1\" decoding=\"async\" src=\"https:\/\/i0.wp.com\/1.bp.blogspot.com\/-6m5MpovlhCA\/W3WURFBsXTI\/AAAAAAAAOSM\/swkQJ_UuKjQ_BsyTMqsu1V0w6Ezm8jnQACLcBGAs\/s800\/11-Mossenaires_11agost2018.48%25283%2529.jpg?ssl=1\"  \/> <\/em><\/span><br \/>\n<span style=\"color: #800000\"><em>Sempre descobrint racons gr\u00e0cies als amics. Gr\u00e0cies Gaby<\/em><\/span><\/h3>\n<h3><span style=\"color: #800000\"><em><img data-recalc-dims=\"1\" decoding=\"async\" src=\"https:\/\/i0.wp.com\/3.bp.blogspot.com\/-tqjXOGY1AoM\/W3WURRvHX0I\/AAAAAAAAOSQ\/xzFbPgVUg7YVB9JwklHTClsjcHvArPyaQCLcBGAs\/s800\/12-Mossenaires_11agost2018-008.jpg?ssl=1\"  \/><\/em><\/span><\/h3>\n<h3><span style=\"color: #800000\"><em><img data-recalc-dims=\"1\" decoding=\"async\" src=\"https:\/\/i0.wp.com\/4.bp.blogspot.com\/-qIwErezvTwQ\/W3WURohjNYI\/AAAAAAAAOSU\/nbR35VfUTSAyWUg4tDGMGlIPMgvIJDSwgCLcBGAs\/s800\/13-Mossenaires_11agost2018-009.jpg?ssl=1\"  \/><\/em><\/span><\/h3>\n<h3><span style=\"color: #800000\"><em><img data-recalc-dims=\"1\" decoding=\"async\" src=\"https:\/\/i0.wp.com\/4.bp.blogspot.com\/-x-RO7vj6N5g\/W3WURuJnL0I\/AAAAAAAAOSY\/LK07PEE7hEk5j1_0q7L9JzYvyKZyEfqeACLcBGAs\/s800\/14-Mossenaires_11agost2018-010.jpg?ssl=1\"  \/><\/em><\/span><\/h3>\n<h3><span style=\"color: #800000\"><em><img data-recalc-dims=\"1\" decoding=\"async\" src=\"https:\/\/i0.wp.com\/3.bp.blogspot.com\/-ldWFnmMzyok\/W3WUR46fxkI\/AAAAAAAAOSc\/p9Df8_7OD-YFpKojbBPMn73I4dXqMrkjgCLcBGAs\/s800\/15-Mossenaires_11agost2018.26.jpg?ssl=1\"  \/> <\/em><\/span><br \/>\n<span style=\"color: #800000\"><em>La nostra fot\u00f2grafa i gran Mossenaire, Eva Cantero. Gr\u00e0cies!!<\/em><\/span><\/h3>\n<h3><span style=\"color: #800000\"><em><img data-recalc-dims=\"1\" decoding=\"async\" src=\"https:\/\/i0.wp.com\/1.bp.blogspot.com\/--MVK1Z3TJbg\/W3WUSGt_cOI\/AAAAAAAAOSg\/v8DnZrqlroofj2KL1ds_C52XIF8XSP_ZgCLcBGAs\/s800\/16-Mossenaires_11agost2018.26%25281%2529.jpg?ssl=1\"  \/> <\/em><\/span><br \/>\n<span style=\"color: #800000\"><em>I la Noa, la nostra gosseta Mossenaire<\/em><\/span><\/h3>\n<h3><span style=\"color: #800000\"><em><img data-recalc-dims=\"1\" decoding=\"async\" src=\"https:\/\/i0.wp.com\/2.bp.blogspot.com\/-L2BToQ-XBP4\/W3WUSEFUdaI\/AAAAAAAAOSk\/4iSV12IG3cQ9pghsRJeutIBrgHy9PRieACLcBGAs\/s800\/17-Mossenaires_11agost2018-011.jpg?ssl=1\"  \/> <\/em><\/span><br \/>\n<span style=\"color: #800000\"><em>I moltes setmanes els dos fot\u00f2grafs: Eva i Gaby<\/em><\/span><\/h3>\n<h3><span style=\"color: #800000\"><em><img data-recalc-dims=\"1\" decoding=\"async\" src=\"https:\/\/i0.wp.com\/2.bp.blogspot.com\/-M_GNoFFKB9E\/W3WUSaaS1wI\/AAAAAAAAOSo\/jzpcCRC9wFkODWx8vZbcLMQbcyAwjwGrgCLcBGAs\/s800\/18-Mossenaires_11agost2018-012.jpg?ssl=1\"  \/> <\/em><\/span><br \/>\n<span style=\"color: #800000\"><em>Units fa un munt d&#8217;anys pels entrenaments dels dissabtes: Javi i Fran<\/em><\/span><\/h3>\n<h3><span style=\"color: #800000\"><em><img data-recalc-dims=\"1\" decoding=\"async\" src=\"https:\/\/i0.wp.com\/4.bp.blogspot.com\/-Jr57t_0ROH0\/W3WUSuYmdCI\/AAAAAAAAOSs\/2yc1pVAJvj8nNdOhJ_F66Q9pjYRwk4BNwCLcBGAs\/s800\/19-Mossenaires_11agost2018-013.jpg?ssl=1\"  \/> <\/em><\/span><br \/>\n<span style=\"color: #800000\"><em>Segur que s\u00f3n dels m\u00e9s &#8220;vells Mossenaires&#8221;, per\u00f2 encara tan joves<\/em><\/span><\/h3>\n<h3><span style=\"color: #800000\"><em><img data-recalc-dims=\"1\" decoding=\"async\" src=\"https:\/\/i0.wp.com\/2.bp.blogspot.com\/-uYzgUBdYMU4\/W3WUSyndgKI\/AAAAAAAAOSw\/jhjB2ujcDEQef1lqBKGzj2Un7wG1Q5rHgCLcBGAs\/s800\/20-Mossenaires_11agost2018-014.jpg?ssl=1\"  \/> <\/em><\/span><br \/>\n<span style=\"color: #800000\"><em>I les pujades que s&#8217;enganxen a tothom<\/em><\/span><\/h3>\n<h3><span style=\"color: #800000\"><em><img data-recalc-dims=\"1\" decoding=\"async\" src=\"https:\/\/i0.wp.com\/2.bp.blogspot.com\/-1vWogyuuKII\/W3WUS-YrqBI\/AAAAAAAAOS0\/LlDInTSrXvIKve2hGctdwTWO9_fxyU7WACLcBGAs\/s800\/21-Mossenaires_11agost2018-015.jpg?ssl=1\"  \/> <\/em><\/span><br \/>\n<span style=\"color: #800000\"><em>Heu vist quina bella estampa. Incre\u00efble!! Torrebonica amb la Mola i Mossenaires<\/em><\/span><\/h3>\n<h3><span style=\"color: #800000\"><em><img data-recalc-dims=\"1\" decoding=\"async\" src=\"https:\/\/i0.wp.com\/4.bp.blogspot.com\/-mYha0EhYenc\/W3WUTJudbmI\/AAAAAAAAOS4\/3VeXkwpkgQcWwrvS_cYl5rheZr81dPMsQCLcBGAs\/s800\/22-Mossenaires_11agost2018-016.jpg?ssl=1\"  \/> <\/em><\/span><br \/>\n<span style=\"color: #800000\"><em>I molt bona informaci\u00f3 i a 3,5 del camp base <\/em><\/span><br \/>\n<span style=\"color: #800000\"><em>. Torre Moss\u00e8n Homs<\/em><\/span><\/h3>\n<h3><span style=\"color: #800000\"><em><img data-recalc-dims=\"1\" decoding=\"async\" src=\"https:\/\/i0.wp.com\/2.bp.blogspot.com\/-Bie5V3E3h4A\/W3WUTU-INxI\/AAAAAAAAOS8\/Y2rx96rSZz4eNBdKtVEINAOOS1gR4WaIwCLcBGAs\/s800\/23-Mossenaires_11agost2018.49.jpg?ssl=1\"  \/><\/em><\/span><\/h3>\n<h3><span style=\"color: #800000\"><em><img data-recalc-dims=\"1\" decoding=\"async\" src=\"https:\/\/i0.wp.com\/1.bp.blogspot.com\/-nllGvjw64F8\/W3WUT2DHFlI\/AAAAAAAAOTA\/i8xELSS7q_QI-UAU9T60pD_vD0QaLrNcQCLcBGAs\/s800\/24-Mossenaires_11agost2018-017.jpg?ssl=1\"  \/> <\/em><\/span><br \/>\n<span style=\"color: #800000\"><em>Javi i \u00d2scar<\/em><\/span><\/h3>\n<h3><span style=\"color: #800000\"><em><img data-recalc-dims=\"1\" decoding=\"async\" src=\"https:\/\/i0.wp.com\/2.bp.blogspot.com\/--32CAujfWeI\/W3WUT2cTDEI\/AAAAAAAAOTE\/1zKQbnkK8kA3Xya0OnrD0_O1ctyNALcsACLcBGAs\/s800\/25-Mossenaires_11agost2018-018.jpg?ssl=1\"  \/> <\/em><\/span><br \/>\n<span style=\"color: #800000\"><em>Loi i Eva, i a la cua Javi i \u00f2Scar<\/em><\/span><\/h3>\n<h3><span style=\"color: #800000\"><em><img data-recalc-dims=\"1\" decoding=\"async\" src=\"https:\/\/i0.wp.com\/1.bp.blogspot.com\/-vx23GzxDGR8\/W3WUT6vTK1I\/AAAAAAAAOTI\/fuMdYvHYj6oIih2FYtL6R0igoUzJ1powQCLcBGAs\/s800\/26-Mossenaires_11agost2018-019.jpg?ssl=1\"  \/> <\/em><\/span><br \/>\n<span style=\"color: #800000\"><em>A Castellarnau fem un traguinyol<\/em><\/span><\/h3>\n<h3><span style=\"color: #800000\"><em><img data-recalc-dims=\"1\" decoding=\"async\" src=\"https:\/\/i0.wp.com\/3.bp.blogspot.com\/-Hw6eRbLW6mI\/W3WUURK6-RI\/AAAAAAAAOTQ\/V8_t75ud1n8a4yBC1MhWuELa4m2rhajIwCLcBGAs\/s800\/27-Mossenaires_11agost2018-020.jpg?ssl=1\"  \/> <\/em><\/span><br \/>\n<span style=\"color: #800000\"><em>Susana,de les noves Mossenaires<\/em><\/span><\/h3>\n<h3><span style=\"color: #800000\"><em><img data-recalc-dims=\"1\" decoding=\"async\" src=\"https:\/\/i0.wp.com\/1.bp.blogspot.com\/-k1L-6FFnl0E\/W3WUUTIQSyI\/AAAAAAAAOTM\/mWCLiJJpqecX265UZGSvbKLq9NtXWZDMwCLcBGAs\/s800\/28-Mossenaires_11agost2018-021.jpg?ssl=1\"  \/><\/em><\/span><\/h3>\n<h3><span style=\"color: #800000\"><em><img data-recalc-dims=\"1\" decoding=\"async\" src=\"https:\/\/i0.wp.com\/3.bp.blogspot.com\/-SyJcn8OnkUA\/W3WUUebhYAI\/AAAAAAAAOTU\/-cPXWT9O3Hg6bmqCpJIVcUGvlP7PbOVLgCLcBGAs\/s800\/29-Mossenaires_11agost2018-022.jpg?ssl=1\"  \/> <\/em><\/span><br \/>\n<span style=\"color: #800000\"><em>\u00ebs bo fer una bona refrescada a la font de Castellarnau<\/em><\/span><\/h3>\n<h3><span style=\"color: #800000\"><em><img data-recalc-dims=\"1\" decoding=\"async\" src=\"https:\/\/i0.wp.com\/2.bp.blogspot.com\/-mow-5ppengE\/W3WUU8agZ3I\/AAAAAAAAOTY\/eT1j0T4D2FU_s0n0GpFkxxt0dJkE7rNsgCLcBGAs\/s800\/30-Mossenaires_11agost2018-023.jpg?ssl=1\"  \/> <\/em><\/span><br \/>\n<span style=\"color: #800000\"><em>I l&#8217;Anna, aplaudint l&#8217;aniversari a Mossenaire d&#8217;honor, en <a style=\"color: #800000\" href=\"http:\/\/mossenhoms.netfreehost.com\/mossenhoms-post-8659.html#8659\">Javier Colado <\/a><\/em><\/span><\/h3>\n<h3><span style=\"color: #800000\"><em><img data-recalc-dims=\"1\" decoding=\"async\" src=\"https:\/\/i0.wp.com\/4.bp.blogspot.com\/-yI_b32UWS3E\/W3WUVlFYbWI\/AAAAAAAAOTc\/0uEupUup3bo6QlSAGjugCVME604tf6c7wCLcBGAs\/s800\/31-Mossenaires_11agost2018-024.jpg?ssl=1\"  \/> <\/em><\/span><br \/>\n<span style=\"color: #800000\"><em>Aplaudirem els aniversaris<\/em><\/span><\/h3>\n<h3><span style=\"color: #800000\"><em><img data-recalc-dims=\"1\" decoding=\"async\" src=\"https:\/\/i0.wp.com\/3.bp.blogspot.com\/-6jtAPNo9zhU\/W3WUWClvnWI\/AAAAAAAAOTg\/aBkucP-jaIspSdiwq0QJmXnqIfHeagXFgCLcBGAs\/s800\/32-Mossenaires_11agost2018-025.jpg?ssl=1\"  \/><\/em><\/span><\/h3>\n<h3><span style=\"color: #800000\"><em>Enhorabona!!! a totes i a tots<\/em><\/span><\/h3>\n<h3><span style=\"color: #800000\"><em><img data-recalc-dims=\"1\" decoding=\"async\" src=\"https:\/\/i0.wp.com\/4.bp.blogspot.com\/-lba71tCbmJ4\/W23JVmx_PnI\/AAAAAAAAfh4\/TKNwst08EikCo8dDXIw_dlOsIVUhuBuUgCLcBGAs\/s800\/aniversaris_mossenaires.jpg?ssl=1\"  \/> <\/em><\/span><br \/>\n<span style=\"color: #800000\"><em>ISAAC, EVA, GILBERTO, JORDI <\/em><\/span><br \/>\n<span style=\"color: #800000\"><em>ORIOL, ESTEBAN, DIEGO, JAVI<\/em><\/span><\/h3>\n<h3><span style=\"color: #800000\"><em>Enhorabona!!!!<\/em><\/span><\/h3>\n<h3><span style=\"color: #800000\"><em><img data-recalc-dims=\"1\" decoding=\"async\" src=\"https:\/\/i0.wp.com\/4.bp.blogspot.com\/-s2cmPl04zbU\/W3WUWpcJ-HI\/AAAAAAAAOTk\/sL1jOxSombwh-krw4-1AyVKUQq3NuvPUQCLcBGAs\/s800\/33-Mossenaires_11agost2018.19.jpg?ssl=1\"  \/> <\/em><\/span><br \/>\n<span style=\"color: #800000\"><em>I la foto de l&#8217;Eva<\/em><\/span><\/h3>\n<h3><span style=\"color: #800000\"><em><img data-recalc-dims=\"1\" decoding=\"async\" src=\"https:\/\/i0.wp.com\/1.bp.blogspot.com\/-MF2ZKG5JaZE\/W3WUWjzpg_I\/AAAAAAAAOTo\/8SspUxqhGgkX-CZynqCzRq_UNhiGb0EKgCLcBGAs\/s800\/34-Mossenaires_11agost2018.24.jpg?ssl=1\"  \/><\/em><\/span><\/h3>\n<h3><span style=\"color: #800000\"><em><img data-recalc-dims=\"1\" decoding=\"async\" src=\"https:\/\/i0.wp.com\/3.bp.blogspot.com\/-8m12bSgIl5g\/W3WUW6ZvoII\/AAAAAAAAOTs\/q9Y_pPi2rBM2zBuAjnkGoEK0Oh-RErp6wCLcBGAs\/s800\/35-Mossenaires_11agost2018.47.jpg?ssl=1\"  \/> <\/em><\/span><br \/>\n<span style=\"color: #800000\"><em>I fent una mica de v\u00eddeo de record<\/em><\/span><\/h3>\n<h3><span style=\"color: #800000\"><em><img data-recalc-dims=\"1\" decoding=\"async\" src=\"https:\/\/i0.wp.com\/4.bp.blogspot.com\/-T8Cn_KzLv7c\/W3WUXKmfqII\/AAAAAAAAOT0\/EHAx6Xjrw8Qn-rk4I60OGbPCszHp_9A2QCLcBGAs\/s800\/36-Mossenaires_11agost2018.48%25282%2529.jpg?ssl=1\"  \/> <\/em><\/span><br \/>\n<span style=\"color: #800000\"><em>I continuem filmant, encara que l&#8217;Eva, est\u00e0 a punt de mullar-nos<\/em><\/span><\/h3>\n<h3><span style=\"color: #800000\"><em><img data-recalc-dims=\"1\" decoding=\"async\" src=\"https:\/\/i0.wp.com\/2.bp.blogspot.com\/-SGebsI_2OXI\/W3WUXNNOoYI\/AAAAAAAAOTw\/mpxjJEOdbQUnY3RA-_Zm5_fdwKZl9QpdQCLcBGAs\/s800\/37-Mossenaires_11agost2018.24%25281%2529.jpg?ssl=1\"  \/><\/em><\/span><\/h3>\n<h3><span style=\"color: #800000\"><em><img data-recalc-dims=\"1\" decoding=\"async\" src=\"https:\/\/i0.wp.com\/4.bp.blogspot.com\/-koyM4pNexkY\/W3WUXSUBLjI\/AAAAAAAAOT4\/HaFYU-cNeDwXZpCPQAQ232UzNXQt8cTQACLcBGAs\/s800\/38-Mossenaires_11agost2018-026.jpg?ssl=1\"  \/> <\/em><\/span><br \/>\n<span style=\"color: #800000\"><em>Encara veiem, al pas d&#8217;en Fran, Carlos i Jos\u00e9 Luis, arbres que van caure<\/em><\/span><\/h3>\n<h3><span style=\"color: #800000\"><em><img data-recalc-dims=\"1\" decoding=\"async\" src=\"https:\/\/i0.wp.com\/1.bp.blogspot.com\/-otHxq1oYpWQ\/W3WUXxkwnnI\/AAAAAAAAOT8\/UHDsWTmp2zoAGiv53pBB_kgCkuBZdaCCgCLcBGAs\/s800\/39-Mossenaires_11agost2018-027.jpg?ssl=1\"  \/> <\/em><\/span><br \/>\n<span style=\"color: #800000\"><em>L&#8217;Olga i la Susana, que no toquen el terra<\/em><\/span><\/h3>\n<h3><span style=\"color: #800000\"><em><img data-recalc-dims=\"1\" decoding=\"async\" src=\"https:\/\/i0.wp.com\/3.bp.blogspot.com\/-l1q2PxF70RA\/W3WUYddVbwI\/AAAAAAAAOUA\/ZAXLy9NBdMMT6vU4KqAvlgqVv4UamKCSgCLcBGAs\/s800\/40-Mossenaires_11agost2018-028.jpg?ssl=1\"  \/> <\/em><\/span><br \/>\n<span style=\"color: #800000\"><em>En Miquel, sempre animant<\/em><\/span><\/h3>\n<h3><span style=\"color: #800000\"><em><img data-recalc-dims=\"1\" decoding=\"async\" src=\"https:\/\/i0.wp.com\/2.bp.blogspot.com\/-K7bLk7xFlH4\/W3WUYm86m_I\/AAAAAAAAOUE\/7YbiG5EtWNwFwhF6Jj5oXG3xmov0Czr8ACLcBGAs\/s800\/41-Mossenaires_11agost2018-029.jpg?ssl=1\"  \/> <\/em><\/span><br \/>\n<span style=\"color: #800000\"><em>Loli, Eva i \u00d2scar, amb els seus gossos<\/em><\/span><\/h3>\n<h3><span style=\"color: #800000\"><em><img data-recalc-dims=\"1\" decoding=\"async\" src=\"https:\/\/i0.wp.com\/2.bp.blogspot.com\/-dD9ejUaQkws\/W3WUYgVv-jI\/AAAAAAAAOUI\/nKfIxBOa8f8qqz6-MEAwGViRjZlaCmIeACLcBGAs\/s800\/42-Mossenaires_11agost2018-030.jpg?ssl=1\"  \/><\/em><\/span><\/h3>\n<h3><span style=\"color: #800000\"><em><img data-recalc-dims=\"1\" decoding=\"async\" src=\"https:\/\/i0.wp.com\/3.bp.blogspot.com\/-STZUyIhbYdU\/W3WUZEaM6dI\/AAAAAAAAOUM\/rfX-M10D408rjp14OdJa9ej3y7-L4OHtgCLcBGAs\/s800\/43-Mossenaires_11agost2018-031.jpg?ssl=1\"  \/> <\/em><\/span><br \/>\n<span style=\"color: #800000\"><em>I la bandera que duia en Javi, ara passa a mans d&#8217;en Miquel. Gr\u00e0cies als dos<\/em><\/span><\/h3>\n<h3><span style=\"color: #800000\"><em><img data-recalc-dims=\"1\" decoding=\"async\" src=\"https:\/\/i0.wp.com\/1.bp.blogspot.com\/-V_L4EMWKX8A\/W3WUZmpOaoI\/AAAAAAAAOUY\/W6Yy72lTQkEIJrmiRntNZvgjhq3vkP4vACLcBGAs\/s800\/44-Mossenaires_11agost2018-032.jpg?ssl=1\"  \/> <\/em><\/span><br \/>\n<span style=\"color: #800000\"><em>Ajustant els estreps<\/em><\/span><\/h3>\n<h3><span style=\"color: #800000\"><em><img data-recalc-dims=\"1\" decoding=\"async\" src=\"https:\/\/i0.wp.com\/2.bp.blogspot.com\/-0GN1yinHpmA\/W3WUZbwVL1I\/AAAAAAAAOUQ\/cpgcH8glsukXGKzJzJvUCzTBAwsPVdwFQCLcBGAs\/s800\/45-Mossenaires_11agost2018-033.jpg?ssl=1\"  \/> <\/em><\/span><br \/>\n<span style=\"color: #800000\"><em>Eva i Loli i al fons Mossenaires i la Mola<\/em><\/span><\/h3>\n<h3><span style=\"color: #800000\"><em><img data-recalc-dims=\"1\" decoding=\"async\" src=\"https:\/\/i0.wp.com\/1.bp.blogspot.com\/-x9BKh-pARoU\/W3WUZvx6ZdI\/AAAAAAAAOUU\/FzpDzj9f9FcqeRcopCXhn6kiNEHt6gGeACLcBGAs\/s800\/46-Mossenaires_11agost2018-034.jpg?ssl=1\"  \/> <\/em><\/span><br \/>\n<span style=\"color: #800000\"><em>I una bona refrescada a la font de Can Mossenaire<\/em><\/span><\/h3>\n<h3><span style=\"color: #800000\"><em><img data-recalc-dims=\"1\" decoding=\"async\" src=\"https:\/\/i0.wp.com\/2.bp.blogspot.com\/-NKWaFNt9zmc\/W3WUaJsreRI\/AAAAAAAAOUc\/z4AqHdGUihkeMVdPJd-a60WitcTEZestwCLcBGAs\/s800\/47-Mossenaires_11agost2018-035.jpg?ssl=1\"  \/> <\/em><\/span><br \/>\n<span style=\"color: #800000\"><em>I arribats davant a la Masia de Torre Moss\u00e8n Homs, donem per acabat aquest fant\u00e0stic entrenament<\/em><\/span><\/h3>\n<h3><span style=\"color: #800000\"><em><img data-recalc-dims=\"1\" decoding=\"async\" src=\"https:\/\/i0.wp.com\/2.bp.blogspot.com\/-f-K6jbqdZws\/W3WUaRZ7xSI\/AAAAAAAAOUg\/rQD2TevaOowvYOoxs9yI32Ky8uIR4wHZACLcBGAs\/s800\/48-Mossenaires_11agost2018-036.jpg?ssl=1\"  \/> <\/em><\/span><br \/>\n<span style=\"color: #800000\"><em>I foto de record amb en Javi, els seus amics cans, i en Carlos, Javi, Loli i Eva<\/em><\/span><\/h3>\n<h3><span style=\"color: #800000\"><em><img data-recalc-dims=\"1\" decoding=\"async\" src=\"https:\/\/i0.wp.com\/2.bp.blogspot.com\/-c80NO_3nLxc\/W3WUaSpwVoI\/AAAAAAAAOUk\/7rnqMJMnB40l_tqkN53X-YDijLvTmVY6wCLcBGAs\/s800\/49-Mossenaires_11agost2018.21.jpg?ssl=1\"  \/> <\/em><\/span><br \/>\n<span style=\"color: #800000\"><em>En Joan amb la font<\/em><\/span><\/h3>\n<h3><span style=\"color: #800000\"><em><img data-recalc-dims=\"1\" decoding=\"async\" src=\"https:\/\/i0.wp.com\/4.bp.blogspot.com\/-mPJRX7YEMcg\/W3WUatEK5RI\/AAAAAAAAOUo\/htp4Z8MyPDUgZQp1g69s9gj4doo5wolrwCLcBGAs\/s800\/50-Mossenaires_11agost2018.23.jpg?ssl=1\"  \/> <\/em><\/span><br \/>\n<span style=\"color: #800000\"><em>La selfie de l&#8217;Eva<\/em><\/span><\/h3>\n<h3><span style=\"color: #800000\"><em><img data-recalc-dims=\"1\" decoding=\"async\" src=\"https:\/\/i0.wp.com\/1.bp.blogspot.com\/-DxVjIj-7E-w\/W3WUaxEqjCI\/AAAAAAAAOUs\/Nw4JJ6C7atQ7l9NcVa3VMv-yFwi2CjrDQCLcBGAs\/s800\/51-Mossenaires_11agost2018.22.jpg?ssl=1\"  \/><\/em><\/span><\/h3>\n<h3><span style=\"color: #800000\"><em><img data-recalc-dims=\"1\" decoding=\"async\" src=\"https:\/\/i0.wp.com\/4.bp.blogspot.com\/-wawfqKp6paU\/W3WUbBlh1sI\/AAAAAAAAOUw\/tQSo0Aj9he8J6kiL-JIqzsMwiY2h6tIWACLcBGAs\/s800\/52-Mossenaires_11agost2018.25.jpg?ssl=1\"  \/><\/em><\/span><\/h3>\n<h3><span style=\"color: #800000\"><em><img data-recalc-dims=\"1\" decoding=\"async\" src=\"https:\/\/i0.wp.com\/3.bp.blogspot.com\/-uHW6XnzvU2g\/W3WUbcH-V-I\/AAAAAAAAOU0\/27MJfuRqUkIfu-nvamUJz61eUQUZ6KWJQCLcBGAs\/s800\/53-Mossenaires_11agost2018.25%25281%2529.jpg?ssl=1\"  \/> <\/em><\/span><br \/>\n<span style=\"color: #800000\"><em>I colorin, colorado&#8230;. amb l&#8217;Eva hemos acabado<\/em><\/span><\/h3>\n<h3><span style=\"color: #800000\"><em><a style=\"color: #800000\" href=\"https:\/\/www.strava.com\/activities\/1776585629\"><img data-recalc-dims=\"1\" decoding=\"async\" src=\"https:\/\/i0.wp.com\/2.bp.blogspot.com\/-gB46i5oj3mk\/W3Wz3UY7hnI\/AAAAAAAAOVY\/HDKblGILzk4Aa-e444JkZYeVP6Cdlaq8wCLcBGAs\/s800\/50-Mossenaires_11agost2018.circuit.jpg?ssl=1\"  \/><\/a><\/em><\/span><\/h3>\n<h3><span style=\"color: #800000\"><em><a style=\"color: #800000\" href=\"https:\/\/www.strava.com\/activities\/1776585629\">https:\/\/www.strava.com\/activities\/1776585629<\/a><\/em><\/span><\/h3>\n<h3><span style=\"color: #800000\"><em>V I D E O \u00b7. V I D E 0<\/em><\/span><\/h3>\n<h3><span style=\"color: #800000\"><em><a style=\"color: #800000\" href=\"https:\/\/youtu.be\/zHrHJFZJMcI\"><img data-recalc-dims=\"1\" decoding=\"async\" src=\"https:\/\/i0.wp.com\/2.bp.blogspot.com\/-jPECijV-loU\/W3W0jXKQRjI\/AAAAAAAAOVg\/i2esQYFLg3AfyVlDs0EvSip3SArllUO8wCLcBGAs\/s800\/51-Mossenaires_11agost2018.VIDEO.jpg?ssl=1\"  \/><\/a> <\/em><\/span><br \/>\n<span style=\"color: #800000\"><em><a style=\"color: #800000\" href=\"https:\/\/youtu.be\/zHrHJFZJMcI\">https:\/\/youtu.be\/zHrHJFZJMcI<\/a><\/em><\/span><\/h3>\n<h3><span style=\"color: #800000\"><em>\u00a0.<\/em><\/span><\/h3>\n<h3><span style=\"color: #800000\"><em>.<\/em><\/span><\/h3>\n<table style=\"padding-left: 30px;text-align: justify\" cellspacing=\"0\">\n<tbody style=\"padding-left: 30px\">\n<tr style=\"padding-left: 30px;text-align: justify\">\n<td style=\"padding-left: 30px\">\n<h3><span style=\"color: #800000\"><em>\u00a0<\/em><\/span><\/h3>\n<h3><span style=\"color: #800000\"><em><span style=\"font-size: large\"><a style=\"color: #800000\" href=\"http:\/\/www.egargrafic.com\/\" target=\"_blank\" rel=\"noopener noreferrer\"><img data-recalc-dims=\"1\" decoding=\"async\" src=\"https:\/\/i0.wp.com\/www.josepmoliner.com\/egargrafic3.gif\" alt=\"\" \/><\/a><\/span><\/em><\/span><\/h3>\n<\/td>\n<td style=\"padding-left: 30px\">\n<h3><span style=\"color: #800000\"><em><span style=\"font-size: large\"><span style=\"font-size: xx-small\">\u00a0<\/span><a style=\"color: #800000\" href=\"http:\/\/www.elroure.net\/fisioterapiaroura\/\" target=\"_blank\" rel=\"noopener noreferrer\"><img data-recalc-dims=\"1\" decoding=\"async\" src=\"https:\/\/i0.wp.com\/elroure.net\/fisioterapiaroura\/Fisioterapia_elroure.gif\" alt=\"\" \/><\/a><\/span><\/em><\/span><\/h3>\n<\/td>\n<\/tr>\n<tr style=\"padding-left: 30px;text-align: justify\">\n<td style=\"padding-left: 30px\">\n<h3><span style=\"color: #800000\"><em><span style=\"font-size: large\"><a style=\"color: #800000\" href=\"http:\/\/www.grevolsalut.com\/\" target=\"_blank\" rel=\"noopener noreferrer\"><img data-recalc-dims=\"1\" decoding=\"async\" src=\"https:\/\/i0.wp.com\/www.elroure.net\/grevol\/grevol_salut.gif\" alt=\"\" \/><\/a><\/span><\/em><\/span><\/h3>\n<\/td>\n<td style=\"padding-left: 30px\">\n<h3><span style=\"color: #800000\"><em><a style=\"color: #800000\" href=\"http:\/\/www.elroure.net\/\" target=\"_blank\" rel=\"noopener noreferrer\"><span style=\"font-size: large\"><img data-recalc-dims=\"1\" decoding=\"async\" src=\"https:\/\/i0.wp.com\/elroure.net\/rourenet.gif\" alt=\"\" \/><\/span><\/a><\/em><\/span><\/h3>\n<\/td>\n<\/tr>\n<tr style=\"padding-left: 30px;text-align: justify\">\n<td style=\"padding-left: 30px\">\n<h3><span style=\"color: #800000\"><em><a style=\"color: #800000\" href=\"http:\/\/www.eledevall.com\/\" target=\"_blank\" rel=\"noopener noreferrer\"><span style=\"font-size: large\"><img data-recalc-dims=\"1\" decoding=\"async\" src=\"https:\/\/i0.wp.com\/josepmoliner.com\/eledevall.gif\" alt=\"\" \/><\/span><\/a><\/em><\/span><\/h3>\n<\/td>\n<td style=\"padding-left: 30px\">\n<h3><span style=\"color: #800000\"><em><a style=\"color: #800000\" href=\"http:\/\/civeracampoy.com\/index.php\/es\/\" target=\"_blank\" rel=\"noopener noreferrer\"><span style=\"font-size: large\"><img data-recalc-dims=\"1\" decoding=\"async\" src=\"https:\/\/i0.wp.com\/josepmoliner.com\/Civera%26Campoy.gif\" alt=\"\" \/><\/span><\/a><\/em><\/span><\/h3>\n<\/td>\n<\/tr>\n<tr style=\"padding-left: 30px;text-align: justify\">\n<td style=\"padding-left: 30px\">\n<h3><span style=\"color: #800000\"><em><span style=\"font-size: large\">\u00a0<\/span><\/em><\/span><\/h3>\n<\/td>\n<td style=\"padding-left: 30px\">\n<h3><span style=\"color: #800000\"><em><span style=\"font-size: large\">\u00a0<\/span><\/em><\/span><\/h3>\n<\/td>\n<\/tr>\n<tr style=\"padding-left: 30px;text-align: justify\">\n<td style=\"padding-left: 30px\">\n<table style=\"padding-left: 30px;text-align: left\" cellspacing=\"0\">\n<tbody style=\"padding-left: 30px\">\n<tr style=\"padding-left: 30px;text-align: justify\">\n<td style=\"padding-left: 30px\">\n<h3><span style=\"color: #800000\"><em><span style=\"font-size: large\">\u00a0<a style=\"color: #800000\" href=\"mailto:pep@mossenhoms.be\" target=\"_blank\" rel=\"noopener\">vols el teu banner?<\/a><\/span><\/em><\/span><\/h3>\n<\/td>\n<\/tr>\n<tr style=\"padding-left: 30px;text-align: justify\">\n<td style=\"padding-left: 30px\">\n<h3><span style=\"color: #800000\"><em><span style=\"font-size: large\">\u00a0<\/span><\/em><\/span><\/h3>\n<\/td>\n<\/tr>\n<\/tbody>\n<\/table>\n<h3><span style=\"color: #800000\"><em><span style=\"font-size: large\">\u00a0<\/span><\/em><\/span><\/h3>\n<\/td>\n<\/tr>\n<\/tbody>\n<\/table>\n","protected":false},"excerpt":{"rendered":"<p>Bon dia per c\u00f3rrer, quan la temperatura \u00e9s molt millor i encara hi ha Mossenaires que, estiguin o no de vacances, han pogut fer-nos costat en aquests quasi deu quil\u00f2metres que ens han sortit, anant a Castellarnau. En Gaby ens explicava al sortir, que sabia de l&#8217;exist\u00e8ncia d&#8217;una bassa i l&#8217;he trobat nom\u00e9s sortir i [&hellip;]<\/p>\n","protected":false},"author":171,"featured_media":0,"comment_status":"closed","ping_status":"closed","sticky":false,"template":"","format":"standard","meta":{"jetpack_post_was_ever_published":false,"_jetpack_newsletter_access":"","_jetpack_dont_email_post_to_subs":false,"_jetpack_newsletter_tier_id":0,"_jetpack_memberships_contains_paywalled_content":false,"_jetpack_memberships_contains_paid_content":false,"footnotes":"","jetpack_publicize_message":"","jetpack_publicize_feature_enabled":true,"jetpack_social_post_already_shared":false,"jetpack_social_options":{"image_generator_settings":{"template":"highway","default_image_id":0,"font":"","enabled":false},"version":2}},"categories":[2697,1644,25130,5580,4554,25102,25094,25089,73],"tags":[25181,2697,4656,25105,25130,25112,25108,25106,25094,25137,73],"class_list":["post-4755","post","type-post","status-publish","format-standard","hentry","category-amistat","category-correr","category-correrxerrar","category-entrenaments","category-mossenaires","category-mossenhoms-be","category-pep-moliner","category-senderisme","category-terrassa","tag-torremossenhoms","tag-amistat","tag-atletisme","tag-correr","tag-correrxerrar","tag-entrenament-en-grup","tag-mossenaire","tag-mossenaires","tag-pep-moliner","tag-sabadell","tag-terrassa"],"jetpack_publicize_connections":[],"jetpack_featured_media_url":"","jetpack_sharing_enabled":true,"jetpack_shortlink":"https:\/\/wp.me\/pagkiK-1eH","jetpack-related-posts":[{"id":4556,"url":"https:\/\/blogs.avui.cat\/pepmoliner\/2017\/08\/09\/mossenaires-no-fa-vacances\/","url_meta":{"origin":4755,"position":0},"title":"Mossenaires no fa vacances","author":"Pep Moliner","date":"9 d'agost de 2017","format":false,"excerpt":"Un dissabte com tants, on farem un bon entrenament i ser\u00e0 gr\u00e0cies a que no fem vacances. \u00c9s gr\u00e0cies a tothom i avui el que ha fet la tria del circuit han estat en Joan, Carlos i l\u2019Eva, que els hi hem demanat que portessin el grup directament i per\u2026","rel":"","context":"A &quot;Amistat&quot;","block_context":{"text":"Amistat","link":"https:\/\/blogs.avui.cat\/pepmoliner\/category\/amistat\/"},"img":{"alt_text":"","src":"","width":0,"height":0},"classes":[]},{"id":4564,"url":"https:\/\/blogs.avui.cat\/pepmoliner\/2017\/08\/23\/agost-mossenaire\/","url_meta":{"origin":4755,"position":1},"title":"Agost Mossenaire","author":"Pep Moliner","date":"23 d'agost de 2017","format":false,"excerpt":"El torrent de Gotelles ha estat el circuit triat per en Paco Barcia, al qui deman\u00e0vem es fes c\u00e0rrec del grup avui i no perdre la continu\u00eftat en el nostre projecte on es busca la solidaritat, amistat, amor a la natura i gaudir d'una bona xerrada mentre fem una mica\u2026","rel":"","context":"A &quot;Amistat&quot;","block_context":{"text":"Amistat","link":"https:\/\/blogs.avui.cat\/pepmoliner\/category\/amistat\/"},"img":{"alt_text":"","src":"","width":0,"height":0},"classes":[]},{"id":4431,"url":"https:\/\/blogs.avui.cat\/pepmoliner\/2017\/03\/08\/entrenament-mossenaire-un-mes\/","url_meta":{"origin":4755,"position":2},"title":"\u201cEntrenament Mossenaire: un mes\u201d","author":"Pep Moliner","date":"8 de mar\u00e7 de 2017","format":false,"excerpt":"Sabem que la pluja espanta for\u00e7a #mossenaires i a primera hora no sabem \u00a0si l'entrenament ser\u00e0 xop o eixut. Ha estat eixut i fant\u00e0stic o almenys aix\u00ed \u00a0ens ho sembla. Hem baixat per llocs com el cam\u00ed asfaltat de Can Bon Vilar \u00a0que duu a llocs com l'Hotel Milton, l'H\u00edpica\u2026","rel":"","context":"A &quot;Amistat&quot;","block_context":{"text":"Amistat","link":"https:\/\/blogs.avui.cat\/pepmoliner\/category\/amistat\/"},"img":{"alt_text":"","src":"","width":0,"height":0},"classes":[]},{"id":4812,"url":"https:\/\/blogs.avui.cat\/pepmoliner\/2018\/12\/06\/bosc_candeu\/","url_meta":{"origin":4755,"position":3},"title":"Bosc de Can Deu amb Mossenaires","author":"Pep Moliner","date":"6 de desembre de 2018","format":false,"excerpt":"Mai sabem si serem poca gent, o molta. Si vindran gent nova o de tota la vida. Per\u00f2 el que si sabem que sempre ens queda un gratificant record i sabem que cada dissabte val molt la pena i predomina la sensaci\u00f3 d'haver-ho passat d'all\u00f2 m\u00e9s b\u00e9 i que repetirem.\u2026","rel":"","context":"A &quot;Amistat&quot;","block_context":{"text":"Amistat","link":"https:\/\/blogs.avui.cat\/pepmoliner\/category\/amistat\/"},"img":{"alt_text":"","src":"","width":0,"height":0},"classes":[]},{"id":4380,"url":"https:\/\/blogs.avui.cat\/pepmoliner\/2017\/01\/05\/i-va-lultim-entrenament-mossenaire-de-lany\/","url_meta":{"origin":4755,"position":4},"title":"\u201cI va l\u2019\u00faltim entrenament Mossenaire de l\u2019any\u201d","author":"Pep Moliner","date":"5 de gener de 2017","format":false,"excerpt":"Tanquem amb aquest entrenament mossenaire un any on podem\u00a0 afirmar que ens ho hem passat b\u00e9. Podem dir que hem conegut gent nova. Sabem que s'ha generat bones vibracions amb trobades infinites entre tots\u00a0 nosaltres i que el nexe que proporciona un entrenament diferent, que es fa\u00a0 possible dia a\u2026","rel":"","context":"A &quot;Amistat&quot;","block_context":{"text":"Amistat","link":"https:\/\/blogs.avui.cat\/pepmoliner\/category\/amistat\/"},"img":{"alt_text":"","src":"","width":0,"height":0},"classes":[]},{"id":4823,"url":"https:\/\/blogs.avui.cat\/pepmoliner\/2018\/12\/28\/sempre-toca-mossenaires\/","url_meta":{"origin":4755,"position":5},"title":"Sempre toca Mossenaires","author":"Pep Moliner","date":"28 de desembre de 2018","format":false,"excerpt":"A nosaltres el dia 22 de desembre i com \u00e9s tradici\u00f3 per Nadal, ens toca la rifa si cau en dissabte i s\u00f3n les 08:00 . Tota una s\u00e8rie de persones solid\u00e0ries, que estimen l\u2019esport i la natura, s\u2019arrauleix al voltant de la Masia de Torre Moss\u00e8n Homs i just\u2026","rel":"","context":"A &quot;Amistat&quot;","block_context":{"text":"Amistat","link":"https:\/\/blogs.avui.cat\/pepmoliner\/category\/amistat\/"},"img":{"alt_text":"","src":"","width":0,"height":0},"classes":[]}],"_links":{"self":[{"href":"https:\/\/blogs.avui.cat\/pepmoliner\/wp-json\/wp\/v2\/posts\/4755","targetHints":{"allow":["GET"]}}],"collection":[{"href":"https:\/\/blogs.avui.cat\/pepmoliner\/wp-json\/wp\/v2\/posts"}],"about":[{"href":"https:\/\/blogs.avui.cat\/pepmoliner\/wp-json\/wp\/v2\/types\/post"}],"author":[{"embeddable":true,"href":"https:\/\/blogs.avui.cat\/pepmoliner\/wp-json\/wp\/v2\/users\/171"}],"replies":[{"embeddable":true,"href":"https:\/\/blogs.avui.cat\/pepmoliner\/wp-json\/wp\/v2\/comments?post=4755"}],"version-history":[{"count":1,"href":"https:\/\/blogs.avui.cat\/pepmoliner\/wp-json\/wp\/v2\/posts\/4755\/revisions"}],"predecessor-version":[{"id":4756,"href":"https:\/\/blogs.avui.cat\/pepmoliner\/wp-json\/wp\/v2\/posts\/4755\/revisions\/4756"}],"wp:attachment":[{"href":"https:\/\/blogs.avui.cat\/pepmoliner\/wp-json\/wp\/v2\/media?parent=4755"}],"wp:term":[{"taxonomy":"category","embeddable":true,"href":"https:\/\/blogs.avui.cat\/pepmoliner\/wp-json\/wp\/v2\/categories?post=4755"},{"taxonomy":"post_tag","embeddable":true,"href":"https:\/\/blogs.avui.cat\/pepmoliner\/wp-json\/wp\/v2\/tags?post=4755"}],"curies":[{"name":"wp","href":"https:\/\/api.w.org\/{rel}","templated":true}]}}