{"id":4732,"date":"2018-07-04T12:39:47","date_gmt":"2018-07-04T11:39:47","guid":{"rendered":"http:\/\/blogs.avui.cat\/pepmoliner\/?p=4732"},"modified":"2018-07-04T12:39:57","modified_gmt":"2018-07-04T11:39:57","slug":"entrenament-refrescant-mossenaire","status":"publish","type":"post","link":"https:\/\/blogs.avui.cat\/pepmoliner\/2018\/07\/04\/entrenament-refrescant-mossenaire\/","title":{"rendered":"Entrenament refrescant Mossenaire"},"content":{"rendered":"<h3><em><strong><span style=\"color: #993366\">Ens agrada pujar a la font de Can Roure per deixar una bona empremta: refrescar-nos amb l&#8217;abund\u00f3s raig que surt de la bonica i antiga font. Farem un <a style=\"color: #993366\" href=\"https:\/\/youtu.be\/J_Vi62uOcbk\">v\u00eddeo<\/a> per veure-us, tamb\u00e9 en moviment per aquests indrets tan diversos que tenim prop de casa. Sempre ens agrada veure aquesta rialla a les vostres cares i fer d&#8217;aquesta estona el moment ideal per compartir bones converses. Esperem que us agradi i tornar-vos a veure ben aviat fent all\u00f2 que ens agrada: aprofitar els rodatges per enfortir amistats. Fins dissabte. T&#8217;esperem<\/span><\/strong><\/em><\/h3>\n<h3><em><strong><span style=\"color: #993366\"><img data-recalc-dims=\"1\" decoding=\"async\" src=\"https:\/\/i0.wp.com\/3.bp.blogspot.com\/--WxstQNKMtY\/WzyHZFs4qVI\/AAAAAAAANwI\/Y7y2SUXaLqUb7Fz39-8aIo1INSDkSd0xACLcBGAs\/s800\/Mossenaires_30juny2018.jpg?ssl=1\"  \/> <\/span><\/strong><\/em><br \/>\n<em><strong><span style=\"color: #993366\">I el nostre bandera d&#8217;aqu\u00ed i al costat del nostre bon amic Josep: en Robert<\/span><\/strong><\/em><\/h3>\n<h3><em><strong><span style=\"color: #993366\"><img data-recalc-dims=\"1\" decoding=\"async\" src=\"https:\/\/i0.wp.com\/1.bp.blogspot.com\/-fV8tfBi9cqE\/WzyHOcC6QzI\/AAAAAAAANtg\/RrIx8TeWGHI3hBmyOd8mbkALu4JtU94DACLcBGAs\/s800\/Mossenaires_30juny2018-001.jpg?ssl=1\"  \/> <\/span><\/strong><\/em><br \/>\n<em><strong><span style=\"color: #993366\"><a style=\"color: #993366\" href=\"http:\/\/mossenhoms.netfreehost.com\/mossenhoms-post-10097.html#10097\">Robert Herrero <\/a><\/span><\/strong><\/em><\/h3>\n<h3><em><strong><span style=\"color: #993366\"><img data-recalc-dims=\"1\" decoding=\"async\" src=\"https:\/\/i0.wp.com\/1.bp.blogspot.com\/-zCLrtoljEw0\/WzyHOgdK-EI\/AAAAAAAANtk\/tLYBhMDon00pLvBqcAjkOqMV4glSUG7sACLcBGAs\/s800\/Mossenaires_30juny2018-002.jpg?ssl=1\"  \/> <\/span><\/strong><\/em><br \/>\n<em><strong><span style=\"color: #993366\">En Robert i en Mirabet, que s\u00f3n molt amics i fan moltes rutes plegats.<\/span><\/strong><\/em><\/h3>\n<h3><em><strong><span style=\"color: #993366\"><img data-recalc-dims=\"1\" decoding=\"async\" src=\"https:\/\/i0.wp.com\/1.bp.blogspot.com\/-YS-I1cD0Rd0\/WzyHOeTV5hI\/AAAAAAAANtc\/ocl6F6oPaVIGgKIIo1eqopg9RjLzT0SAQCLcBGAs\/s800\/Mossenaires_30juny2018-003.jpg?ssl=1\"  \/> <\/span><\/strong><\/em><br \/>\n<em><strong><span style=\"color: #993366\">Francis, Manel i Xavi de <a style=\"color: #993366\" href=\"https:\/\/www.facebook.com\/groups\/226770131050072\/\">Grimpats Running<\/a> i bons <a style=\"color: #993366\" href=\"http:\/\/entrenamentstorremossenhoms.blogspot.com\/p\/blog-page.html\">Mossenaires <\/a><\/span><\/strong><\/em><\/h3>\n<h3><em><strong><span style=\"color: #993366\"><img data-recalc-dims=\"1\" decoding=\"async\" src=\"https:\/\/i0.wp.com\/4.bp.blogspot.com\/-k3iePnYAX00\/WzyHPE--zRI\/AAAAAAAANto\/-4H66Bdbwqsm-XGVf9zEr5xBJD6UIz1HwCLcBGAs\/s800\/Mossenaires_30juny2018-004.jpg?ssl=1\"  \/> <\/span><\/strong><\/em><br \/>\n<em><strong><span style=\"color: #993366\"><a style=\"color: #993366\" href=\"http:\/\/mossenhoms.netfreehost.com\/mossenhoms-post-13554.html#13554\">Francisco Ortiz <\/a>al capdavant i a fila \u00edndia<\/span><\/strong><\/em><\/h3>\n<h3><em><strong><span style=\"color: #993366\"><img data-recalc-dims=\"1\" decoding=\"async\" src=\"https:\/\/i0.wp.com\/3.bp.blogspot.com\/-Vj8S9V_ysNE\/WzyHPTg1a8I\/AAAAAAAANts\/0hidJdu3DC0GMKPyGAlotdx_EU07PnkggCLcBGAs\/s800\/Mossenaires_30juny2018-005.jpg?ssl=1\"  \/><\/span><\/strong><\/em><\/h3>\n<h3><em><strong><span style=\"color: #993366\"><a style=\"color: #993366\" href=\"http:\/\/mossenhoms.netfreehost.com\/mossenhoms-post-13587.html#13587\">Miguel Sampietro <\/a><\/span><\/strong><\/em><br \/>\n<em><strong><span style=\"color: #993366\"><img data-recalc-dims=\"1\" decoding=\"async\" src=\"https:\/\/i0.wp.com\/4.bp.blogspot.com\/-t7JV6FvZHo0\/WzyHPonbesI\/AAAAAAAANtw\/evrwBriVPf0o4-5i8ycUv3QsArZrBKUiQCLcBGAs\/s800\/Mossenaires_30juny2018-006.jpg?ssl=1\"  \/> <\/span><\/strong><\/em><br \/>\n<em><strong><span style=\"color: #993366\"><a style=\"color: #993366\" href=\"http:\/\/mossenhoms.netfreehost.com\/mossenhoms-post-14111.html#14111\">Manuel <\/a>vigilant no ens atropellin<a style=\"color: #993366\" href=\"https:\/\/www.facebook.com\/mossenaires\/\">Mossenaires <\/a>per la banda de baix<\/span><\/strong><\/em><\/h3>\n<h3><em><strong><span style=\"color: #993366\"><img data-recalc-dims=\"1\" decoding=\"async\" src=\"https:\/\/i0.wp.com\/2.bp.blogspot.com\/-SVCMZO_bQsU\/WzyHP8r46JI\/AAAAAAAANt0\/NZxyxGXRdDUfjxw1gitLCeb2iwYBF6EUwCLcBGAs\/s800\/Mossenaires_30juny2018-007.jpg?ssl=1\"  \/> <\/span><\/strong><\/em><br \/>\n<em><strong><span style=\"color: #993366\"><a style=\"color: #993366\" href=\"http:\/\/mossenhoms.netfreehost.com\/mossenhoms-post-8218.html#8218\">Jordi <\/a>vigilant no ens atropellin<a style=\"color: #993366\" href=\"https:\/\/www.facebook.com\/mossenaires\/\">Mossenaires <\/a>per la banda de dalt<\/span><\/strong><\/em><\/h3>\n<h3><em><strong><span style=\"color: #993366\"><img data-recalc-dims=\"1\" decoding=\"async\" src=\"https:\/\/i0.wp.com\/1.bp.blogspot.com\/-mx9ofOWuo0E\/WzyHQMYCHAI\/AAAAAAAANt4\/1SfFIFNf1L03tqYysEnYjuoh4s1I2C8XACLcBGAs\/s800\/Mossenaires_30juny2018-008.jpg?ssl=1\"  \/> <\/span><\/strong><\/em><br \/>\n<em><strong><span style=\"color: #993366\"><a style=\"color: #993366\" href=\"http:\/\/mossenhoms.netfreehost.com\/mossenhoms-post-13546.html#13546\">Sebas <\/a>el m\u00e9s actiu tot l&#8217;entrenament, amunt i avall<\/span><\/strong><\/em><\/h3>\n<h3><em><strong><span style=\"color: #993366\"><img data-recalc-dims=\"1\" decoding=\"async\" src=\"https:\/\/i0.wp.com\/4.bp.blogspot.com\/-FjFC04FPHeA\/WzyHQRH4J5I\/AAAAAAAANt8\/QbeODXiXN3Ybf-W1EgQAvWsquSdSflXPQCLcBGAs\/s800\/Mossenaires_30juny2018-009.jpg?ssl=1\"  \/> <\/span><\/strong><\/em><br \/>\n<em><strong><span style=\"color: #993366\"><a style=\"color: #993366\" href=\"http:\/\/mossenhoms.netfreehost.com\/mossenhoms-post-13687.html#13687\">Xavi <\/a>en el reagrupament<\/span><\/strong><\/em><\/h3>\n<h3><em><strong><span style=\"color: #993366\"><img data-recalc-dims=\"1\" decoding=\"async\" src=\"https:\/\/i0.wp.com\/3.bp.blogspot.com\/-QqNGmkMoBIg\/WzyHQrmPaKI\/AAAAAAAANuA\/mc9FNzA7a5QLFfxtce3Rc2pyRmxISpwGwCLcBGAs\/s800\/Mossenaires_30juny2018-010.jpg?ssl=1\"  \/> <\/span><\/strong><\/em><br \/>\n<em><strong><span style=\"color: #993366\"><a style=\"color: #993366\" href=\"http:\/\/mossenhoms.netfreehost.com\/mossenhoms-post-14181.html#14181\">Conxa Cumellas <\/a>, expressament des de Martorell i que gaireb\u00e9 cada diumenge la veiem enfilada als podis de les curses on participa. Enhorabona!!<\/span><\/strong><\/em><\/h3>\n<h3><em><strong><span style=\"color: #993366\"><img data-recalc-dims=\"1\" decoding=\"async\" src=\"https:\/\/i0.wp.com\/1.bp.blogspot.com\/-4HGnuC_n_Eg\/WzyHQsxdXZI\/AAAAAAAANuE\/FdtcLSSN5_8FVHpzUwnKIM-KbPygk2SuwCLcBGAs\/s800\/Mossenaires_30juny2018-011.jpg?ssl=1\"  \/> <\/span><\/strong><\/em><br \/>\n<em><strong><span style=\"color: #993366\">I despr\u00e9s de la pausa re engeguem<\/span><\/strong><\/em><\/h3>\n<h3><em><strong><span style=\"color: #993366\"><img data-recalc-dims=\"1\" decoding=\"async\" src=\"https:\/\/i0.wp.com\/3.bp.blogspot.com\/-xtGxUPhYSmQ\/WzyHQ2e6DZI\/AAAAAAAANuI\/Xs4UJ4C67MY56ZF1TKZPrdRHUGVxFLljACLcBGAs\/s800\/Mossenaires_30juny2018-012.jpg?ssl=1\"  \/> <\/span><\/strong><\/em><br \/>\n<em><strong><span style=\"color: #993366\">I mentre en Robert t\u00e9 la tasca de dur la nostra bandera, al costat d&#8217;en Jordi<\/span><\/strong><\/em><\/h3>\n<h3><em><strong><span style=\"color: #993366\"><img data-recalc-dims=\"1\" decoding=\"async\" src=\"https:\/\/i0.wp.com\/2.bp.blogspot.com\/-lNYjMCI5Lhk\/WzyHRAD_vOI\/AAAAAAAANuM\/lUNr2S9mFVwAYM3AzqtmNSJZTBcmYfgCgCLcBGAs\/s800\/Mossenaires_30juny2018-013.jpg?ssl=1\"  \/> <\/span><\/strong><\/em><br \/>\n<em><strong><span style=\"color: #993366\"><a style=\"color: #993366\" href=\"http:\/\/mossenhoms.netfreehost.com\/mossenhoms-post-13546.html#13546\">Sebas <\/a>el m\u00e9s actiu tot l&#8217;entrenament, amunt i avall, com sempre<\/span><\/strong><\/em><\/h3>\n<h3><em><strong><span style=\"color: #993366\"><img data-recalc-dims=\"1\" decoding=\"async\" src=\"https:\/\/i0.wp.com\/2.bp.blogspot.com\/-P9cCcAmZbGs\/WzyHRaqjIZI\/AAAAAAAANuQ\/ohYNokpIYdsEIds9pAAl--EJ7oAhlvsggCLcBGAs\/s800\/Mossenaires_30juny2018-014.jpg?ssl=1\"  \/> <\/span><\/strong><\/em><br \/>\n<em><strong><span style=\"color: #993366\">I arriba la cua amb la Gemma en Miguel, Manuel, Sebas. Gr\u00e0cies!!!<\/span><\/strong><\/em><\/h3>\n<h3><em><strong><span style=\"color: #993366\"><img data-recalc-dims=\"1\" decoding=\"async\" src=\"https:\/\/i0.wp.com\/3.bp.blogspot.com\/-12Di2Zgx-pg\/WzyHRxbVc8I\/AAAAAAAANuU\/FkKHOznDJeAc5f5I0ibZ32vWAN6B6AVzACLcBGAs\/s800\/Mossenaires_30juny2018-015.jpg?ssl=1\"  \/> <\/span><\/strong><\/em><br \/>\n<em><strong><span style=\"color: #993366\">Francis i Manel, despr\u00e9s d&#8217;haver travessa la riera<\/span><\/strong><\/em><\/h3>\n<h3><em><strong><span style=\"color: #993366\"><img data-recalc-dims=\"1\" decoding=\"async\" src=\"https:\/\/i0.wp.com\/2.bp.blogspot.com\/-A0Bf3fMR71w\/WzyHSGW6W1I\/AAAAAAAANuY\/dmtjPn4mXxAegyPky58tFP0F3msNycArQCLcBGAs\/s800\/Mossenaires_30juny2018-016.jpg?ssl=1\"  \/> <\/span><\/strong><\/em><br \/>\n<em><strong><span style=\"color: #993366\">I anem sortint de la riera, amb en Manuel, Miguel, Conxa i Inma<\/span><\/strong><\/em><\/h3>\n<h3><em><strong><span style=\"color: #993366\"><img data-recalc-dims=\"1\" decoding=\"async\" src=\"https:\/\/i0.wp.com\/4.bp.blogspot.com\/-3o1WZCk5ZiY\/WzyHSXxD-CI\/AAAAAAAANuc\/QJn_FZiTLVEk8vpYC9fVgXIzimhG-WyIACLcBGAs\/s800\/Mossenaires_30juny2018-017.jpg?ssl=1\"  \/> <\/span><\/strong><\/em><br \/>\n<em><strong><span style=\"color: #993366\">I la <a style=\"color: #993366\" href=\"http:\/\/mossenhoms.netfreehost.com\/mossenhoms-post-14055.html#14055\">Gemma Cadafalch <\/a>en moments de rep\u00f2s. Comentar que \u00e9s de les que va sempre amunt i avall. Gr\u00e0cies!!!!<\/span><\/strong><\/em><\/h3>\n<h3><em><strong><span style=\"color: #993366\"><img data-recalc-dims=\"1\" decoding=\"async\" src=\"https:\/\/i0.wp.com\/4.bp.blogspot.com\/-Zdo1t1gvySI\/WzyHSi7lE8I\/AAAAAAAANug\/0UEuqhaqekQIbYfnfVrMH0eKbW_frQiuACLcBGAs\/s800\/Mossenaires_30juny2018-018.jpg?ssl=1\"  \/> <\/span><\/strong><\/em><br \/>\n<em><strong><span style=\"color: #993366\"><a style=\"color: #993366\" href=\"http:\/\/mossenhoms.netfreehost.com\/mossenhoms-post-13546.html#13546\">Sebas <\/a>el m\u00e9s actiu tot l&#8217;entrenament, amunt i avall, segueix incansable<\/span><\/strong><\/em><\/h3>\n<h3><em><strong><span style=\"color: #993366\"><img data-recalc-dims=\"1\" decoding=\"async\" src=\"https:\/\/i0.wp.com\/1.bp.blogspot.com\/-sL4QgyNg2gU\/WzyHSmsZ3OI\/AAAAAAAANuk\/xWAv_0wihdkUjRIORxIspkSs9b0oSKSmgCLcBGAs\/s800\/Mossenaires_30juny2018-019.jpg?ssl=1\"  \/> <\/span><\/strong><\/em><br \/>\n<em><strong><span style=\"color: #993366\">I davant aquest gran mural ens aturem a reagrupar<\/span><\/strong><\/em><\/h3>\n<h3><em><strong><span style=\"color: #993366\"><img data-recalc-dims=\"1\" decoding=\"async\" src=\"https:\/\/i0.wp.com\/3.bp.blogspot.com\/-keVuM8igrrk\/WzyHTNjq6dI\/AAAAAAAANuo\/0pEtm9ROO68piSozfz-QGaezkFH7uIboACLcBGAs\/s800\/Mossenaires_30juny2018-020.jpg?ssl=1\"  \/> <\/span><\/strong><\/em><br \/>\n<em><strong><span style=\"color: #993366\">Sempre ben acompanyats dels que no obliden la nostra fant\u00e0stica cua<\/span><\/strong><\/em><\/h3>\n<h3><em><strong><span style=\"color: #993366\"><img data-recalc-dims=\"1\" decoding=\"async\" src=\"https:\/\/i0.wp.com\/4.bp.blogspot.com\/-Tsiybj-yCWc\/WzyHTvvthEI\/AAAAAAAANus\/JQI569yTJhM84yDmeTZjn9nfZidJJUOdQCLcBGAs\/s800\/Mossenaires_30juny2018-021.jpg?ssl=1\"  \/> <\/span><\/strong><\/em><br \/>\n<em><strong><span style=\"color: #993366\">I amb en Pepe, on arriba en Fernando, en Joan i els milers de <a style=\"color: #993366\" href=\"https:\/\/www.facebook.com\/mossenaires\/\">Mossenaires <\/a><\/span><\/strong><\/em><\/h3>\n<h3><em><strong><span style=\"color: #993366\"><img data-recalc-dims=\"1\" decoding=\"async\" src=\"https:\/\/i0.wp.com\/2.bp.blogspot.com\/-mS1GqScVS3s\/WzyHT5xzFsI\/AAAAAAAANuw\/8NrJ9VE262QdRP2LcmsQifyGMbixuewFACLcBGAs\/s800\/Mossenaires_30juny2018-022.jpg?ssl=1\"  \/> <\/span><\/strong><\/em><br \/>\n<em><strong><span style=\"color: #993366\">I per l&#8217;asfalt de Can Roure<\/span><\/strong><\/em><\/h3>\n<h3><em><strong><span style=\"color: #993366\"><img data-recalc-dims=\"1\" decoding=\"async\" src=\"https:\/\/i0.wp.com\/3.bp.blogspot.com\/-weWWdwtYTFw\/WzyHUE1JTyI\/AAAAAAAANu0\/2s9r_d16IMw3jGWizu6ER3ndOCbh2sJPACLcBGAs\/s800\/Mossenaires_30juny2018-023.jpg?ssl=1\"  \/> <\/span><\/strong><\/em><br \/>\n<em><strong><span style=\"color: #993366\"><a style=\"color: #993366\" href=\"http:\/\/mossenhoms.netfreehost.com\/mossenhoms-post-13587.html#13587\">Miguel Sampietro <\/a>amb el fons de la Mola per Can Roure<\/span><\/strong><\/em><\/h3>\n<h3><em><strong><span style=\"color: #993366\"><img data-recalc-dims=\"1\" decoding=\"async\" src=\"https:\/\/i0.wp.com\/4.bp.blogspot.com\/-L3pxx6xFbNQ\/WzyHUGdAtBI\/AAAAAAAANu4\/plZVT_wPaO0OwlhcSWtTJ69QjSqZ63ZSQCLcBGAs\/s800\/Mossenaires_30juny2018-024.jpg?ssl=1\"  \/> <\/span><\/strong><\/em><br \/>\n<em><strong><span style=\"color: #993366\">Gemma amb un ritme infernal. Ens ha espantat i tot<\/span><\/strong><\/em><\/h3>\n<h3><em><strong><span style=\"color: #993366\"><img data-recalc-dims=\"1\" decoding=\"async\" src=\"https:\/\/i0.wp.com\/1.bp.blogspot.com\/--tzI4wMNUJE\/WzyHUe_f9TI\/AAAAAAAANu8\/axLzxS7vSDoIU8Y4AljbVP14ykYIWW1wQCLcBGAs\/s800\/Mossenaires_30juny2018-025.jpg?ssl=1\"  \/> <\/span><\/strong><\/em><br \/>\n<em><strong><span style=\"color: #993366\">I ens refresquem, amb en <a style=\"color: #993366\" href=\"http:\/\/mossenhoms.netfreehost.com\/mossenhoms-post-14094.html#14094\">JuanMa Martin <\/a><\/span><\/strong><\/em><\/h3>\n<h3><em><strong><span style=\"color: #993366\"><img data-recalc-dims=\"1\" decoding=\"async\" src=\"https:\/\/i0.wp.com\/4.bp.blogspot.com\/-tHaxtlxrDP0\/WzyHUn5Am_I\/AAAAAAAANvA\/pGH0H4ZyGTMOwmrx3yoax5mhaL8JZ2VRACLcBGAs\/s800\/Mossenaires_30juny2018-026.jpg?ssl=1\"  \/> <\/span><\/strong><\/em><br \/>\n<em><strong><span style=\"color: #993366\">La Gemma despr\u00e9s de refrescament a la font de Can Roure<\/span><\/strong><\/em><\/h3>\n<h3><em><strong><span style=\"color: #993366\"><img data-recalc-dims=\"1\" decoding=\"async\" src=\"https:\/\/i0.wp.com\/4.bp.blogspot.com\/-J8Lro5v0lzo\/WzyHUs-CMhI\/AAAAAAAANvE\/ZKT7MEWjscA3F8lebP5wxgqgv8bnAL8egCLcBGAs\/s800\/Mossenaires_30juny2018-027.jpg?ssl=1\"  \/> <\/span><\/strong><\/em><br \/>\n<em><strong><span style=\"color: #993366\">Miguel aprofitant el bon raig de la font<\/span><\/strong><\/em><\/h3>\n<h3><em><strong><span style=\"color: #993366\"><img data-recalc-dims=\"1\" decoding=\"async\" src=\"https:\/\/i0.wp.com\/1.bp.blogspot.com\/-YCKvfScwDL8\/WzyHVLaVP1I\/AAAAAAAANvI\/Pf8tY-mRD3ECHcv775M04Zs3T2ctEPftwCLcBGAs\/s800\/Mossenaires_30juny2018-028.jpg?ssl=1\"  \/> <\/span><\/strong><\/em><br \/>\n<em><strong><span style=\"color: #993366\">Marga i Jordi esperant per fer un traguinyol<\/span><\/strong><\/em><\/h3>\n<h3><em><strong><span style=\"color: #993366\"><img data-recalc-dims=\"1\" decoding=\"async\" src=\"https:\/\/i0.wp.com\/3.bp.blogspot.com\/-YDB9lZz3RWI\/WzyHVroinyI\/AAAAAAAANvM\/hPRwW1DZ6qQmbTeXs9KcsrOdIzN7j-AIQCLcBGAs\/s800\/Mossenaires_30juny2018-029.jpg?ssl=1\"  \/> <\/span><\/strong><\/em><br \/>\n<em><strong><span style=\"color: #993366\">Amb en JuanMa, sota una bona ombre a la font de Can Roure<\/span><\/strong><\/em><\/h3>\n<h3><em><strong><span style=\"color: #993366\"><img data-recalc-dims=\"1\" decoding=\"async\" src=\"https:\/\/i0.wp.com\/4.bp.blogspot.com\/-t3W37dNNQYc\/WzyHV1RcNYI\/AAAAAAAANvQ\/bjPkhOkMlLcNZ9P4m-HFQiEu03M_Zc1FQCLcBGAs\/s800\/Mossenaires_30juny2018-030.jpg?ssl=1\"  \/> <\/span><\/strong><\/em><br \/>\n<em><strong><span style=\"color: #993366\">Fernando i JuanMa, els primers de la foto de fam\u00edlia<\/span><\/strong><\/em><\/h3>\n<h3><em><strong><span style=\"color: #993366\"><img data-recalc-dims=\"1\" decoding=\"async\" src=\"https:\/\/i0.wp.com\/1.bp.blogspot.com\/-NAYAkV6Reb8\/WzyHWFkhvAI\/AAAAAAAANvU\/LfmsMEO4M9Q_YDEZVakFuFwR17vswyvmQCLcBGAs\/s800\/Mossenaires_30juny2018-031.jpg?ssl=1\"  \/><\/span><\/strong><\/em><\/h3>\n<h3><em><strong><span style=\"color: #993366\">I tot i que no hi s\u00f3n en persona, si en esperit: homenatge als Mossenaires d&#8217;Honor<\/span><\/strong><\/em><\/h3>\n<h3><em><strong><span style=\"color: #993366\"><img data-recalc-dims=\"1\" decoding=\"async\" src=\"https:\/\/i0.wp.com\/2.bp.blogspot.com\/-Qvg9Nqa0tXk\/WzyHWFZtYHI\/AAAAAAAANvY\/8OtkYM3i99Ufs95PX7VqqYn-3ntkz81uwCLcBGAs\/s800\/Mossenaires_30juny2018-032.jpg?ssl=1\"  \/><\/span><\/strong><\/em><\/h3>\n<h3><em><strong><span style=\"color: #993366\"><img data-recalc-dims=\"1\" decoding=\"async\" src=\"https:\/\/i0.wp.com\/4.bp.blogspot.com\/-82C9QW5L5tY\/WzyHWRJjC6I\/AAAAAAAANvc\/GMtJlkIULpII85vFfs4g2L42FzF0ZFZ7QCLcBGAs\/s800\/Mossenaires_30juny2018-033.jpg?ssl=1\"  \/><\/span><\/strong><\/em><\/h3>\n<h3><em><strong><span style=\"color: #993366\"><img data-recalc-dims=\"1\" decoding=\"async\" src=\"https:\/\/i0.wp.com\/3.bp.blogspot.com\/-TLYA045bsgQ\/WzZnDa49BoI\/AAAAAAAAfdM\/OOewFB2EXGEgyw2Y6CDfYeElVz7BzlXqwCLcBGAs\/s800\/aniversaris_mossenaires.jpg?ssl=1\"  \/> <\/span><\/strong><\/em><br \/>\n<em><strong><span style=\"color: #993366\">Oriol, \u00c0sia, Conxita, Claudi <\/span><\/strong><\/em><br \/>\n<em><strong><span style=\"color: #993366\">Nil, Josep Maria, Agustin<\/span><\/strong><\/em><\/h3>\n<h3><em><strong><span style=\"color: #993366\">Enhorabona!!<\/span><\/strong><\/em><\/h3>\n<h3><em><strong><span style=\"color: #993366\"><img data-recalc-dims=\"1\" decoding=\"async\" src=\"https:\/\/i0.wp.com\/2.bp.blogspot.com\/-pRrK8uwDtFo\/WzyHW-fgYFI\/AAAAAAAANvk\/h3RH3PazIj46EWftxyZUEYfbIH1T8QhYgCLcBGAs\/s1600\/Mossenaires_30juny2018-035.jpg?ssl=1\"  \/><\/span><\/strong><\/em><br \/>\n<em><strong><span style=\"color: #993366\">I davant l&#8217;entrada de la Masia de Can Roure, foto de fam\u00edlia. Gr\u00e0cies a tothom i us esperem cada setmana.<\/span><\/strong><\/em><\/h3>\n<h3><em><strong><span style=\"color: #993366\"><img data-recalc-dims=\"1\" decoding=\"async\" src=\"https:\/\/i0.wp.com\/3.bp.blogspot.com\/-Fvh9ooxe9z0\/WzyHXeKlTEI\/AAAAAAAANvs\/awzGeOc2Z6AMTS4i8IoCjJnWgdcHb_vJwCLcBGAs\/s800\/Mossenaires_30juny2018-037.jpg?ssl=1\"  \/><\/span><\/strong><\/em><\/h3>\n<h3><em><strong><span style=\"color: #993366\"><img data-recalc-dims=\"1\" decoding=\"async\" src=\"https:\/\/i0.wp.com\/4.bp.blogspot.com\/-GXx5BIaCUmw\/WzyHXmwdL-I\/AAAAAAAANvw\/GMhuUm7sb20RRF1zQmSZ_Oyy94tz4yn3wCLcBGAs\/s800\/Mossenaires_30juny2018-038.jpg?ssl=1\"  \/><\/span><\/strong><\/em><\/h3>\n<h3><em><strong><span style=\"color: #993366\"><img data-recalc-dims=\"1\" decoding=\"async\" src=\"https:\/\/i0.wp.com\/2.bp.blogspot.com\/-a_2RoPpCLvA\/WzyHX_yJiPI\/AAAAAAAANv0\/6Za925yRvtQjfCCwzD0JMMMxlJpoYpXLQCLcBGAs\/s800\/Mossenaires_30juny2018-039.jpg?ssl=1\"  \/><\/span><\/strong><\/em><\/h3>\n<h3><em><strong><span style=\"color: #993366\"><img data-recalc-dims=\"1\" decoding=\"async\" src=\"https:\/\/i0.wp.com\/2.bp.blogspot.com\/-8FwQwfocyws\/WzyHYISrHsI\/AAAAAAAANv4\/WnM4ICVg6GQ30t_aagvwVk6vzNtN5OUHwCLcBGAs\/s800\/Mossenaires_30juny2018-040.jpg?ssl=1\"  \/> <\/span><\/strong><\/em><br \/>\n<em><strong><span style=\"color: #993366\">Ha realitzat un gran esprint i s&#8217;han passat de llarg: Joan, Josep i Jordi. Esteu moooolt forts!!<\/span><\/strong><\/em><\/h3>\n<h3><em><strong><span style=\"color: #993366\"><img data-recalc-dims=\"1\" decoding=\"async\" src=\"https:\/\/i0.wp.com\/4.bp.blogspot.com\/-1dwH_dhYI_s\/WzyHYWY3W_I\/AAAAAAAANv8\/BJQipYjbe4Y3vgDz5N6AKUuvLE5jN3qmgCLcBGAs\/s800\/Mossenaires_30juny2018-041.jpg?ssl=1\"  \/> <\/span><\/strong><\/em><br \/>\n<em><strong><span style=\"color: #993366\">Marga, Inma i Miguel<\/span><\/strong><\/em><\/h3>\n<h3><em><strong><span style=\"color: #993366\"><img data-recalc-dims=\"1\" decoding=\"async\" src=\"https:\/\/i0.wp.com\/2.bp.blogspot.com\/-Es4r6PJTZyk\/WzyHYn21s6I\/AAAAAAAANwA\/HyJI4VHnQU4T9MPoO_75DcYd-B6ioEbsQCLcBGAs\/s800\/Mossenaires_30juny2018-042.jpg?ssl=1\"  \/> <\/span><\/strong><\/em><br \/>\n<em><strong><span style=\"color: #993366\">I al camp base, les darreres fotos i tenim a l&#8217;amic Juanjo, que molts dies ens ve a veure<\/span><\/strong><\/em><\/h3>\n<h3><em><strong><span style=\"color: #993366\"><img data-recalc-dims=\"1\" decoding=\"async\" src=\"https:\/\/i0.wp.com\/2.bp.blogspot.com\/-9p56iOycDzk\/WzyHY0ZPvlI\/AAAAAAAANwE\/Nr5i1bunojosaUHov1efXt_bu4El0gpngCLcBGAs\/s800\/Mossenaires_30juny2018-043.jpg?ssl=1\"  \/> <\/span><\/strong><\/em><br \/>\n<em><strong><span style=\"color: #993366\">I ara si que ens fem la darrera foto davant la Masia de Torre Moss\u00e8n Homs. <\/span><\/strong><\/em><br \/>\n<em><strong><span style=\"color: #993366\">Gr\u00e0cies a tothom per fer tot aix\u00f2 possible<\/span><\/strong><\/em><\/h3>\n<h3><em><strong><span style=\"color: #993366\"><a style=\"color: #993366\" href=\"https:\/\/youtu.be\/J_Vi62uOcbk\"><img data-recalc-dims=\"1\" decoding=\"async\" src=\"https:\/\/i0.wp.com\/4.bp.blogspot.com\/-W94EEu30Pw4\/WzyLBxdRRHI\/AAAAAAAANw0\/gu6wOc8f1QQGP1MV6eSq_GfZETga9wucwCLcBGAs\/s800\/Mossenaires_30juny2018-041video.jpg?ssl=1\"  \/><\/a> <\/span><\/strong><\/em><br \/>\n<em><strong><span style=\"color: #993366\"><a style=\"color: #993366\" href=\"https:\/\/youtu.be\/J_Vi62uOcbk\">https:\/\/youtu.be\/J_Vi62uOcbk<\/a><\/span><\/strong><\/em><\/h3>\n<h3><em><strong><span style=\"color: #993366\"><a style=\"color: #993366\" href=\"https:\/\/www.strava.com\/activities\/1679842989\"><img data-recalc-dims=\"1\" decoding=\"async\" src=\"https:\/\/i0.wp.com\/1.bp.blogspot.com\/-IUnKV-Dyy9U\/WzyKWmqgxlI\/AAAAAAAANws\/1WuRlXoihBAIv1OqX2KTkCORjKc5ElWoQCLcBGAs\/s800\/Mossenaires_30juny2018-040circuit.jpg?ssl=1\"  \/><\/a> <\/span><\/strong><\/em><br \/>\n<em><strong><span style=\"color: #993366\"><a style=\"color: #993366\" href=\"https:\/\/www.strava.com\/activities\/1679842989\">https:\/\/www.strava.com\/activities\/1679842989<\/a><\/span><\/strong><\/em><\/h3>\n<h3><\/h3>\n<table style=\"padding-left: 30px;text-align: justify\" cellspacing=\"0\">\n<tbody style=\"padding-left: 30px\">\n<tr style=\"padding-left: 30px;text-align: justify\">\n<td style=\"padding-left: 30px\">\n<h3><em><strong><span style=\"color: #993366\"><span style=\"font-size: large\"><a style=\"color: #993366\" href=\"http:\/\/www.egargrafic.com\/\" target=\"_blank\" rel=\"noopener noreferrer\"><img data-recalc-dims=\"1\" decoding=\"async\" src=\"https:\/\/i0.wp.com\/www.josepmoliner.com\/egargrafic2.gif\" alt=\"\" \/><\/a><\/span><\/span><\/strong><\/em><\/h3>\n<\/td>\n<td style=\"padding-left: 30px\">\n<h3><em><strong><span style=\"color: #993366;font-size: large\"><span style=\"font-size: xx-small\">\u00a0<\/span><a style=\"color: #993366\" href=\"http:\/\/www.elroure.net\/fisioterapiaroura\/\" target=\"_blank\" rel=\"noopener noreferrer\"><img data-recalc-dims=\"1\" decoding=\"async\" src=\"https:\/\/i0.wp.com\/elroure.net\/fisioterapiaroura\/Fisioterapia_elroure.gif\" alt=\"\" \/><\/a><\/span><\/strong><\/em><\/h3>\n<\/td>\n<\/tr>\n<tr style=\"padding-left: 30px;text-align: justify\">\n<td style=\"padding-left: 30px\">\n<h3><em><strong><span style=\"color: #993366\"><span style=\"font-size: large\"><a style=\"color: #993366\" href=\"http:\/\/www.grevolsalut.com\/\" target=\"_blank\" rel=\"noopener noreferrer\"><img data-recalc-dims=\"1\" decoding=\"async\" src=\"https:\/\/i0.wp.com\/www.elroure.net\/grevol\/grevol_salut.gif\" alt=\"\" \/><\/a><\/span><\/span><\/strong><\/em><\/h3>\n<\/td>\n<td style=\"padding-left: 30px\">\n<h3><em><strong><span style=\"color: #993366\"><a style=\"color: #993366\" href=\"http:\/\/www.elroure.net\/\" target=\"_blank\" rel=\"noopener noreferrer\"><span style=\"font-size: large\"><img data-recalc-dims=\"1\" decoding=\"async\" src=\"https:\/\/i0.wp.com\/elroure.net\/rourenet.gif\" alt=\"\" \/><\/span><\/a><\/span><\/strong><\/em><\/h3>\n<\/td>\n<\/tr>\n<tr style=\"padding-left: 30px;text-align: justify\">\n<td style=\"padding-left: 30px\">\n<h3><em><strong><span style=\"color: #993366\"><a style=\"color: #993366\" href=\"http:\/\/www.eledevall.com\/\" target=\"_blank\" rel=\"noopener noreferrer\"><span style=\"font-size: large\"><img data-recalc-dims=\"1\" decoding=\"async\" src=\"https:\/\/i0.wp.com\/josepmoliner.com\/eledevall.gif\" alt=\"\" \/><\/span><\/a><\/span><\/strong><\/em><\/h3>\n<\/td>\n<td style=\"padding-left: 30px\">\n<h3><em><strong><span style=\"color: #993366\"><a style=\"color: #993366\" href=\"http:\/\/civeracampoy.com\/index.php\/es\/\" target=\"_blank\" rel=\"noopener noreferrer\"><span style=\"font-size: large\"><img data-recalc-dims=\"1\" decoding=\"async\" src=\"https:\/\/i0.wp.com\/josepmoliner.com\/Civera%26Campoy.gif\" alt=\"\" \/><\/span><\/a><\/span><\/strong><\/em><\/h3>\n<\/td>\n<\/tr>\n<tr style=\"padding-left: 30px;text-align: justify\">\n<td style=\"padding-left: 30px\">\n<h3><em><strong><span style=\"color: #993366\"><span style=\"font-size: large\">\u00a0<\/span><\/span><\/strong><\/em><\/h3>\n<\/td>\n<td style=\"padding-left: 30px\">\n<h3><em><strong><span style=\"color: #993366\"><span style=\"font-size: large\">\u00a0<\/span><\/span><\/strong><\/em><\/h3>\n<\/td>\n<\/tr>\n<tr style=\"padding-left: 30px;text-align: justify\">\n<td style=\"padding-left: 30px\">\n<table style=\"padding-left: 30px;text-align: left\" cellspacing=\"0\">\n<tbody style=\"padding-left: 30px\">\n<tr style=\"padding-left: 30px;text-align: justify\">\n<td style=\"padding-left: 30px\">\n<h3><em><strong><span style=\"color: #993366\"><span style=\"font-size: large\">\u00a0vols el teu banner?<\/span><\/span><\/strong><\/em><\/h3>\n<\/td>\n<\/tr>\n<tr style=\"padding-left: 30px;text-align: justify\">\n<td style=\"padding-left: 30px\">\n<h3><\/h3>\n<\/td>\n<\/tr>\n<\/tbody>\n<\/table>\n<h3><em><strong><span style=\"color: #993366\"><a style=\"color: #993366\" href=\"https:\/\/sites.google.com\/site\/disenograficofreelancemoliner\/contacte\">CONTACTAR<\/a>\u00a0amb en Pep<\/span><\/strong><\/em><\/h3>\n<\/td>\n<\/tr>\n<\/tbody>\n<\/table>\n","protected":false},"excerpt":{"rendered":"<p>Ens agrada pujar a la font de Can Roure per deixar una bona empremta: refrescar-nos amb l&#8217;abund\u00f3s raig que surt de la bonica i antiga font. Farem un v\u00eddeo per veure-us, tamb\u00e9 en moviment per aquests indrets tan diversos que tenim prop de casa. Sempre ens agrada veure aquesta rialla a les vostres cares i [&hellip;]<\/p>\n","protected":false},"author":171,"featured_media":0,"comment_status":"closed","ping_status":"closed","sticky":false,"template":"","format":"standard","meta":{"jetpack_post_was_ever_published":false,"_jetpack_newsletter_access":"","_jetpack_dont_email_post_to_subs":false,"_jetpack_newsletter_tier_id":0,"_jetpack_memberships_contains_paywalled_content":false,"_jetpack_memberships_contains_paid_content":false,"footnotes":"","jetpack_publicize_message":"","jetpack_publicize_feature_enabled":true,"jetpack_social_post_already_shared":false,"jetpack_social_options":{"image_generator_settings":{"template":"highway","default_image_id":0,"font":"","enabled":false},"version":2}},"categories":[2697,1644,25130,5580,4554,25102,25094,73],"tags":[2697,4656,25105,25130,25112,25126,17356,25106,73],"class_list":["post-4732","post","type-post","status-publish","format-standard","hentry","category-amistat","category-correr","category-correrxerrar","category-entrenaments","category-mossenaires","category-mossenhoms-be","category-pep-moliner","category-terrassa","tag-amistat","tag-atletisme","tag-correr","tag-correrxerrar","tag-entrenament-en-grup","tag-entrenaments-torre-mossen-homs","tag-matadepera","tag-mossenaires","tag-terrassa"],"jetpack_publicize_connections":[],"jetpack_featured_media_url":"","jetpack_sharing_enabled":true,"jetpack_shortlink":"https:\/\/wp.me\/pagkiK-1ek","jetpack-related-posts":[{"id":4718,"url":"https:\/\/blogs.avui.cat\/pepmoliner\/2018\/06\/06\/castellarnau-a-correr\/","url_meta":{"origin":4732,"position":0},"title":"Castellarnau a c\u00f3rrer","author":"Pep Moliner","date":"6 de juny de 2018","format":false,"excerpt":"Quin tip d'aigua tenim al Vall\u00e8s. A aquesta \u00e8poca an\u00e0vem a la font de Castellarnau per apaivagar la calor i la set. Per\u00f2 fa m\u00e9s de dos mesos que de calor poca i de ganes de veure aigua, no massa. La justa. Aix\u00f2 s\u00ed. El lloc s'ho val per fer\u2026","rel":"","context":"A &quot;Amistat&quot;","block_context":{"text":"Amistat","link":"https:\/\/blogs.avui.cat\/pepmoliner\/category\/amistat\/"},"img":{"alt_text":"","src":"","width":0,"height":0},"classes":[]},{"id":4742,"url":"https:\/\/blogs.avui.cat\/pepmoliner\/2018\/07\/19\/mossenaires-va-a-la-font-dels-platans\/","url_meta":{"origin":4732,"position":1},"title":"Mossenaires va a la Font dels Pl\u00e0tans","author":"Pep Moliner","date":"19 de juliol de 2018","format":false,"excerpt":"Font de Pl\u00e0tans hi tornem a veure un lloc fresc i remullat per aigua en quantitat, baixant per un lloc diferent de l'altra vegada i recordant racons fant\u00e0stics i hem pujat pel torrent de Gotelles, que ja esdev\u00e9 un circuit d'estiu \"Mossenaire\". El circuit de gaireb\u00e9 nou quil\u00f2metres i avui\u2026","rel":"","context":"A &quot;Amistat&quot;","block_context":{"text":"Amistat","link":"https:\/\/blogs.avui.cat\/pepmoliner\/category\/amistat\/"},"img":{"alt_text":"","src":"","width":0,"height":0},"classes":[]},{"id":4752,"url":"https:\/\/blogs.avui.cat\/pepmoliner\/2018\/08\/08\/tretze-son-tretze-mossenaires\/","url_meta":{"origin":4732,"position":2},"title":"Tretze s\u00f3n tretze Mossenaires","author":"Pep Moliner","date":"8 d'agost de 2018","format":false,"excerpt":"Temperatures de r\u00e9cord a molts llocs propers, i a Can Mossenaire, i ja a primera hora, notem escalfor i donat que \u00e9rem tretze Mossenaires, consensuem tornar a fer el lloc proper m\u00e9s fresc que coneixem i no \u00e9s altre que el torrent de Gotelles i les fonts que hi sovintegem.\u2026","rel":"","context":"A &quot;Amistat&quot;","block_context":{"text":"Amistat","link":"https:\/\/blogs.avui.cat\/pepmoliner\/category\/amistat\/"},"img":{"alt_text":"","src":"","width":0,"height":0},"classes":[]},{"id":4707,"url":"https:\/\/blogs.avui.cat\/pepmoliner\/2018\/05\/09\/torre-mossen-homs-a-castellarnau-amb-mossenaires-2\/","url_meta":{"origin":4732,"position":3},"title":"A la font de la Tartana amb Mossenaires","author":"Pep Moliner","date":"9 de maig de 2018","format":false,"excerpt":"La font de la Tartana ha estat el dest\u00ed de la colla i el grup ha anat guiat per amigues i amics i en especial en Joan Forte, que quan cal sempre vetlla perqu\u00e8 tot vagi b\u00e9, amb la col\u00b7laboraci\u00f3 de vosaltres, que feu gran el projecte. Anar a un\u2026","rel":"","context":"A &quot;Amistat&quot;","block_context":{"text":"Amistat","link":"https:\/\/blogs.avui.cat\/pepmoliner\/category\/amistat\/"},"img":{"alt_text":"","src":"","width":0,"height":0},"classes":[]},{"id":4568,"url":"https:\/\/blogs.avui.cat\/pepmoliner\/2017\/08\/30\/sempre-rient-mossenaires\/","url_meta":{"origin":4732,"position":4},"title":"Sempre rient: &#8220;Mossenaires&#8221;","author":"Pep Moliner","date":"30 d'agost de 2017","format":false,"excerpt":"L'agost s'apaga a Can #Mossenaires i ho fa amb all\u00f2 que ens agrada. #c\u00f3rrer #xerrar #gaudir acompanyades i acompanyats de gent amb el mateix tarann\u00e0 esportiu, que el que vol i com excusa, anar a passar una bona estona sense compromisos i moltes i molts, tornant de vacances i amb\u2026","rel":"","context":"A &quot;Amistat&quot;","block_context":{"text":"Amistat","link":"https:\/\/blogs.avui.cat\/pepmoliner\/category\/amistat\/"},"img":{"alt_text":"","src":"","width":0,"height":0},"classes":[]},{"id":4431,"url":"https:\/\/blogs.avui.cat\/pepmoliner\/2017\/03\/08\/entrenament-mossenaire-un-mes\/","url_meta":{"origin":4732,"position":5},"title":"\u201cEntrenament Mossenaire: un mes\u201d","author":"Pep Moliner","date":"8 de mar\u00e7 de 2017","format":false,"excerpt":"Sabem que la pluja espanta for\u00e7a #mossenaires i a primera hora no sabem \u00a0si l'entrenament ser\u00e0 xop o eixut. Ha estat eixut i fant\u00e0stic o almenys aix\u00ed \u00a0ens ho sembla. Hem baixat per llocs com el cam\u00ed asfaltat de Can Bon Vilar \u00a0que duu a llocs com l'Hotel Milton, l'H\u00edpica\u2026","rel":"","context":"A &quot;Amistat&quot;","block_context":{"text":"Amistat","link":"https:\/\/blogs.avui.cat\/pepmoliner\/category\/amistat\/"},"img":{"alt_text":"","src":"","width":0,"height":0},"classes":[]}],"_links":{"self":[{"href":"https:\/\/blogs.avui.cat\/pepmoliner\/wp-json\/wp\/v2\/posts\/4732","targetHints":{"allow":["GET"]}}],"collection":[{"href":"https:\/\/blogs.avui.cat\/pepmoliner\/wp-json\/wp\/v2\/posts"}],"about":[{"href":"https:\/\/blogs.avui.cat\/pepmoliner\/wp-json\/wp\/v2\/types\/post"}],"author":[{"embeddable":true,"href":"https:\/\/blogs.avui.cat\/pepmoliner\/wp-json\/wp\/v2\/users\/171"}],"replies":[{"embeddable":true,"href":"https:\/\/blogs.avui.cat\/pepmoliner\/wp-json\/wp\/v2\/comments?post=4732"}],"version-history":[{"count":1,"href":"https:\/\/blogs.avui.cat\/pepmoliner\/wp-json\/wp\/v2\/posts\/4732\/revisions"}],"predecessor-version":[{"id":4733,"href":"https:\/\/blogs.avui.cat\/pepmoliner\/wp-json\/wp\/v2\/posts\/4732\/revisions\/4733"}],"wp:attachment":[{"href":"https:\/\/blogs.avui.cat\/pepmoliner\/wp-json\/wp\/v2\/media?parent=4732"}],"wp:term":[{"taxonomy":"category","embeddable":true,"href":"https:\/\/blogs.avui.cat\/pepmoliner\/wp-json\/wp\/v2\/categories?post=4732"},{"taxonomy":"post_tag","embeddable":true,"href":"https:\/\/blogs.avui.cat\/pepmoliner\/wp-json\/wp\/v2\/tags?post=4732"}],"curies":[{"name":"wp","href":"https:\/\/api.w.org\/{rel}","templated":true}]}}