{"id":4727,"date":"2018-06-27T18:29:17","date_gmt":"2018-06-27T17:29:17","guid":{"rendered":"http:\/\/blogs.avui.cat\/pepmoliner\/?p=4727"},"modified":"2018-06-27T18:29:22","modified_gmt":"2018-06-27T17:29:22","slug":"corrent-abans-de-la-revetlla","status":"publish","type":"post","link":"https:\/\/blogs.avui.cat\/pepmoliner\/2018\/06\/27\/corrent-abans-de-la-revetlla\/","title":{"rendered":"Corrent abans de la revetlla"},"content":{"rendered":"<p><strong><em><span style=\"color: #008000\">Baixar pel torrent de Gotelles on la setmana passada el vam pujar, vol dir que a l\u2019estiu comencem a cercar llocs que donin frescor i bon gaudi als nostres entrenaments, com aix\u00ed ha estat. Llavor hem escru\u00e7at l\u2019entrenament a fi i efecte de no deixar-vos massa esgotats per a la revetlla de Sant Joan. Hem tingut la lectura habitual als aniversaris a Mossenaires d\u2019honor, i ens han vingut dos amics: en Juan Carlos de l\u2019any passat i en Paco de l\u2019anterior, als que agraim que facin aquest projecte m\u00e9s gran amb les seves pres\u00e8ncies i companyia.<\/span><\/em><\/strong><\/p>\n<p><strong><em><span style=\"color: #008000\">Tan sols desitjar veureus a tothom ben aviat i qualsevol dissabte d\u2019aquests. Gr\u00e0cies per tot<\/span><\/em><\/strong><\/p>\n<p><strong><em><span style=\"color: #008000\"><img data-recalc-dims=\"1\" decoding=\"async\" src=\"https:\/\/i0.wp.com\/1.bp.blogspot.com\/-NF3BWWHFXmM\/WzEu-2onnaI\/AAAAAAAANoM\/RN3pF-lKRxE75bNyXmWpg0eBA9JK-QhVwCLcBGAs\/s800\/Mossenaires_23juny2018.jpg?ssl=1\"  \/><\/span><\/em><\/strong><\/p>\n<p><strong><em><span style=\"color: #008000\">I qui ens portar\u00e0 la Bandera?<\/span><\/em><\/strong><\/p>\n<p><strong><em><span style=\"color: #008000\"><img data-recalc-dims=\"1\" decoding=\"async\" src=\"https:\/\/i0.wp.com\/4.bp.blogspot.com\/-RvdechJEpHI\/WzEvDh0hm0I\/AAAAAAAANoY\/z04lAFY3dCUcXZkx9B7TTLIYTDs-MR6YACLcBGAs\/s800\/Mossenaires_23juny2018-001.jpg?ssl=1\"  \/><\/span><\/em><\/strong><\/p>\n<p><strong><em><span style=\"color: #008000\">el nostre bandera <a style=\"color: #008000\" href=\"http:\/\/mossenhoms.netfreehost.com\/viewtopic.php?p=13945&amp;mforum=mossenhoms#13945\">Paco Barcia <\/a>, i a m\u00e9s aniversari a Mossenaire d\u2019Honor<\/span><\/em><\/strong><\/p>\n<p><strong><em><span style=\"color: #008000\"><img data-recalc-dims=\"1\" decoding=\"async\" src=\"https:\/\/i0.wp.com\/1.bp.blogspot.com\/-bjOy2w_O_FY\/WzEvDq73EEI\/AAAAAAAANoU\/SbRoVJeI5ncQlqVOXymKMtXHGRMFo5rAgCLcBGAs\/s800\/Mossenaires_23juny2018-002.jpg?ssl=1\"  \/><\/span><\/em><\/strong><\/p>\n<p><strong><em><span style=\"color: #008000\"><img data-recalc-dims=\"1\" decoding=\"async\" src=\"https:\/\/i0.wp.com\/1.bp.blogspot.com\/-iA869AZtOzM\/WzEvDg4ZjvI\/AAAAAAAANoQ\/BMtia1iD4NoafoeyqGZoWWwsxSHD66zBQCLcBGAs\/s800\/Mossenaires_23juny2018-003.jpg?ssl=1\"  \/><\/span><\/em><\/strong><\/p>\n<p><strong><em><span style=\"color: #008000\">Gemma, Isabel, Bety<\/span><\/em><\/strong><\/p>\n<p><strong><em><span style=\"color: #008000\"><img data-recalc-dims=\"1\" decoding=\"async\" src=\"https:\/\/i0.wp.com\/4.bp.blogspot.com\/--eS_1Vxpfpo\/WzEwQEB0foI\/AAAAAAAANsw\/YC-AYGgoiII8qr1t_Ve5kq-3pjaGoUxOgCLcBGAs\/s800\/Mossenaires_23juny2018-004.jpg?ssl=1\"  \/><\/span><\/em><\/strong><\/p>\n<p><strong><em><span style=\"color: #008000\">Eva, Fran, Juan Carlos, Carlos<\/span><\/em><\/strong><\/p>\n<p><strong><em><span style=\"color: #008000\"><img data-recalc-dims=\"1\" decoding=\"async\" src=\"https:\/\/i0.wp.com\/4.bp.blogspot.com\/--xRONKvD8U4\/WzEvExMgIgI\/AAAAAAAANoc\/vymm7mKPl_kmFWCnWJW0JKle7wd2sJgZgCLcBGAs\/s800\/Mossenaires_23juny2018-005.jpg?ssl=1\"  \/><\/span><\/em><\/strong><\/p>\n<p><strong><em><span style=\"color: #008000\"><img data-recalc-dims=\"1\" decoding=\"async\" src=\"https:\/\/i0.wp.com\/3.bp.blogspot.com\/-DFXkIlD9e2I\/WzEvE8MNppI\/AAAAAAAANog\/TOTbvQdEAX0VGBc6N2WjOeWyxWlIiqb4wCLcBGAs\/s800\/Mossenaires_23juny2018-006.jpg?ssl=1\"  \/><\/span><\/em><\/strong><\/p>\n<p><strong><em><span style=\"color: #008000\"><img data-recalc-dims=\"1\" decoding=\"async\" src=\"https:\/\/i0.wp.com\/2.bp.blogspot.com\/-n6YcIgHGQG0\/WzEvFsavd8I\/AAAAAAAANok\/uJrHwepKDqkvqJc5FS4fsRlArF7IHJPwgCLcBGAs\/s800\/Mossenaires_23juny2018-007.jpg?ssl=1\"  \/><\/span><\/em><\/strong><\/p>\n<p><strong><em><span style=\"color: #008000\">I en Fran posa en marxa el gps<\/span><\/em><\/strong><\/p>\n<p><strong><em><span style=\"color: #008000\"><img data-recalc-dims=\"1\" decoding=\"async\" src=\"https:\/\/i0.wp.com\/4.bp.blogspot.com\/-0satvGX8wro\/WzEvFkrdTwI\/AAAAAAAANoo\/969YnuunznwXBjZIcxfSdyF2Qen4j8V2QCLcBGAs\/s800\/Mossenaires_23juny2018-008.jpg?ssl=1\"  \/><\/span><\/em><\/strong><\/p>\n<p><strong><em><span style=\"color: #008000\">Jordi ens mira<\/span><\/em><\/strong><\/p>\n<p><strong><em><span style=\"color: #008000\"><img data-recalc-dims=\"1\" decoding=\"async\" src=\"https:\/\/i0.wp.com\/2.bp.blogspot.com\/-soPEsl6yZ1M\/WzEvN6IQ3PI\/AAAAAAAANpg\/9ekrKe_1Hf07reRfNZEuigSGfoo3fGImACLcBGAs\/s800\/Mossenaires_23juny2018-009.jpg?ssl=1\"  \/><\/span><\/em><\/strong><\/p>\n<p><strong><em><span style=\"color: #008000\">Miguel, Sebas, Niko, Oscar<\/span><\/em><\/strong><\/p>\n<p><strong><em><span style=\"color: #008000\"><img data-recalc-dims=\"1\" decoding=\"async\" src=\"https:\/\/i0.wp.com\/4.bp.blogspot.com\/-w-N-n7NALk4\/WzEvGZfEQyI\/AAAAAAAANos\/WJ7-L9SyoPcg5jhFAPrfitCgfeZydOPGACLcBGAs\/s800\/Mossenaires_23juny2018-010.jpg?ssl=1\"  \/><\/span><\/em><\/strong><\/p>\n<p><strong><em><span style=\"color: #008000\">Antonio, Santi i Olga<\/span><\/em><\/strong><\/p>\n<p><strong><em><span style=\"color: #008000\"><img data-recalc-dims=\"1\" decoding=\"async\" src=\"https:\/\/i0.wp.com\/2.bp.blogspot.com\/-tREVTkCMitY\/WzEvHXdRPwI\/AAAAAAAANow\/rmvu1kew5Agp_M5f6IBEEf2UXw66aKsrQCLcBGAs\/s800\/Mossenaires_23juny2018-011.jpg?ssl=1\"  \/><\/span><\/em><\/strong><\/p>\n<p><strong><em><span style=\"color: #008000\"><img data-recalc-dims=\"1\" decoding=\"async\" src=\"https:\/\/i0.wp.com\/1.bp.blogspot.com\/-D_ypAM82yto\/WzEvIB7YlXI\/AAAAAAAANo0\/nvINN06NNKU_ybwR6zmutUfZ5rZXC-fiQCLcBGAs\/s800\/Mossenaires_23juny2018-012.jpg?ssl=1\"  \/><\/span><\/em><\/strong><\/p>\n<p><strong><em><span style=\"color: #008000\">Isabel<\/span><\/em><\/strong><\/p>\n<p><strong><em><span style=\"color: #008000\"><img data-recalc-dims=\"1\" decoding=\"async\" src=\"https:\/\/i0.wp.com\/1.bp.blogspot.com\/-slUrOKTZ3WQ\/WzEvI5GY5aI\/AAAAAAAANo4\/aDe8GUhtPEc1DVMmqtWcWHWqaO3e3YaXgCLcBGAs\/s800\/Mossenaires_23juny2018-013.jpg?ssl=1\"  \/><\/span><\/em><\/strong><\/p>\n<p><strong><em><span style=\"color: #008000\">Toni<\/span><\/em><\/strong><\/p>\n<p><strong><em><span style=\"color: #008000\"><img data-recalc-dims=\"1\" decoding=\"async\" src=\"https:\/\/i0.wp.com\/2.bp.blogspot.com\/-LOS3mNHmZjU\/WzEvJniernI\/AAAAAAAANo8\/yl6JjOuCQdYdaj_Wfo4ndS8YHZzeaWLZwCLcBGAs\/s800\/Mossenaires_23juny2018-014.jpg?ssl=1\"  \/><\/span><\/em><\/strong><\/p>\n<p><strong><em><span style=\"color: #008000\">I la primera reagrupaci\u00f3<\/span><\/em><\/strong><\/p>\n<p><strong><em><span style=\"color: #008000\"><img data-recalc-dims=\"1\" decoding=\"async\" src=\"https:\/\/i0.wp.com\/1.bp.blogspot.com\/-p2e2kvsRToA\/WzEvKXBLOwI\/AAAAAAAANpA\/ujrZDON0jooVKJOtZmbc9sPZQektACEywCLcBGAs\/s800\/Mossenaires_23juny2018-015.jpg?ssl=1\"  \/><\/span><\/em><\/strong><\/p>\n<p><strong><em><span style=\"color: #008000\">I amb la Txell al capdavant<\/span><\/em><\/strong><\/p>\n<p><strong><em><span style=\"color: #008000\"><img data-recalc-dims=\"1\" decoding=\"async\" src=\"https:\/\/i0.wp.com\/1.bp.blogspot.com\/-85EZfB6EU3Y\/WzEvLH_kRyI\/AAAAAAAANpE\/GMkDs_RZSdMTWJWI7RShWGEm6yIuKByRwCLcBGAs\/s800\/Mossenaires_23juny2018-016.jpg?ssl=1\"  \/><\/span><\/em><\/strong><\/p>\n<p><strong><em><span style=\"color: #008000\">I amb en Joan<\/span><\/em><\/strong><\/p>\n<p><strong><em><span style=\"color: #008000\"><img data-recalc-dims=\"1\" decoding=\"async\" src=\"https:\/\/i0.wp.com\/1.bp.blogspot.com\/-zczrpUcwBgo\/WzEvLrOVyFI\/AAAAAAAANpI\/Z26ShTyc32cZsPA0eYESSAnybdZup7ydgCLcBGAs\/s800\/Mossenaires_23juny2018-017.jpg?ssl=1\"  \/><\/span><\/em><\/strong><\/p>\n<p><strong><em><span style=\"color: #008000\">Aquesta recta t\u00edpica, amb el bosc que ens ha quedat<\/span><\/em><\/strong><\/p>\n<p><strong><em><span style=\"color: #008000\"><img data-recalc-dims=\"1\" decoding=\"async\" src=\"https:\/\/i0.wp.com\/4.bp.blogspot.com\/-RQYhOJUytSQ\/WzEvMERnZII\/AAAAAAAANpM\/BIxD5T3l374-4raAtG2uCQi08d_46e7GwCLcBGAs\/s800\/Mossenaires_23juny2018-018.jpg?ssl=1\"  \/><\/span><\/em><\/strong><\/p>\n<p><strong><em><span style=\"color: #008000\">Com moltes setmanes ens ajuda a vigilar quan travessem la carretera, l\u2019Albert<\/span><\/em><\/strong><\/p>\n<p><strong><em><span style=\"color: #008000\"><img data-recalc-dims=\"1\" decoding=\"async\" src=\"https:\/\/i0.wp.com\/2.bp.blogspot.com\/-xOXUUXm2UiY\/WzEvMkq5hkI\/AAAAAAAANpQ\/yPD71-89DigEGA6XDAHTd4fM9jUI8cJpQCLcBGAs\/s800\/Mossenaires_23juny2018-019.jpg?ssl=1\"  \/><\/span><\/em><\/strong><\/p>\n<p><strong><em><span style=\"color: #008000\">Gemma amb l\u2019Eva, que ens l\u2019he trobat entrenant.<\/span><\/em><\/strong><\/p>\n<p><strong><em><span style=\"color: #008000\"><img data-recalc-dims=\"1\" decoding=\"async\" src=\"https:\/\/i0.wp.com\/2.bp.blogspot.com\/-Coy0wTKaANI\/WzEvM6iHU_I\/AAAAAAAANpU\/r_vqGyMyOHAroFr4Z7x3uDZ0_UhoBO1_ACLcBGAs\/s800\/Mossenaires_23juny2018-020.jpg?ssl=1\"  \/><\/span><\/em><\/strong><\/p>\n<p><strong><em><span style=\"color: #008000\">I anem saltant el rierol<\/span><\/em><\/strong><\/p>\n<p><strong><em><span style=\"color: #008000\"><img data-recalc-dims=\"1\" decoding=\"async\" src=\"https:\/\/i0.wp.com\/4.bp.blogspot.com\/-NT_5X57TaYE\/WzEvNQ7Jz8I\/AAAAAAAANpY\/NCVFR4WtCOQFaE2Xx60GWt9FeoOPsW89gCLcBGAs\/s800\/Mossenaires_23juny2018-021.jpg?ssl=1\"  \/><\/span><\/em><\/strong><\/p>\n<p><strong><em><span style=\"color: #008000\">En Jordi, amb aquesta espectacular foto<\/span><\/em><\/strong><\/p>\n<p><strong><em><span style=\"color: #008000\"><img data-recalc-dims=\"1\" decoding=\"async\" src=\"https:\/\/i0.wp.com\/3.bp.blogspot.com\/-NpS8Tt2DP8w\/WzEvNq698DI\/AAAAAAAANpc\/IWbkik7tUUIDt9OVXvgUPBbEBMtPWjhQQCLcBGAs\/s800\/Mossenaires_23juny2018-022.jpg?ssl=1\"  \/><\/span><\/em><\/strong><\/p>\n<p><strong><em><span style=\"color: #008000\">Seguint a l\u2019Albert per l\u2019impressionant torrent de Gotelles<\/span><\/em><\/strong><\/p>\n<p><strong><em><span style=\"color: #008000\"><img data-recalc-dims=\"1\" decoding=\"async\" src=\"https:\/\/i0.wp.com\/1.bp.blogspot.com\/-LXNscLOYOMI\/WzEvOGtnSMI\/AAAAAAAANpk\/15lI5HOb_xcBUayV5tbu5rrzSw62mW-EgCLcBGAs\/s800\/Mossenaires_23juny2018-023.jpg?ssl=1\"  \/><\/span><\/em><\/strong><\/p>\n<p><strong><em><span style=\"color: #008000\">Antonio, seguit per l\u2019Evans i en Jordi<\/span><\/em><\/strong><\/p>\n<p><strong><em><span style=\"color: #008000\"><img data-recalc-dims=\"1\" decoding=\"async\" src=\"https:\/\/i0.wp.com\/2.bp.blogspot.com\/-IOMHhEbHwkI\/WzEvOW3XM-I\/AAAAAAAANpo\/aaetWdWL7AoFBTeGMlGQBzAJ2gz3Q8G6QCLcBGAs\/s800\/Mossenaires_23juny2018-024.jpg?ssl=1\"  \/><\/span><\/em><\/strong><\/p>\n<p><strong><em><span style=\"color: #008000\">Toni i Carlos<\/span><\/em><\/strong><\/p>\n<p><strong><em><span style=\"color: #008000\"><img data-recalc-dims=\"1\" decoding=\"async\" src=\"https:\/\/i0.wp.com\/1.bp.blogspot.com\/-JTEeg-AEQDs\/WzEvOpNB5zI\/AAAAAAAANps\/cCvM8dGAvaoW-gQvcnd8Zii-LzHi8DNjACLcBGAs\/s800\/Mossenaires_23juny2018-025.jpg?ssl=1\"  \/><\/span><\/em><\/strong><\/p>\n<p><strong><em><span style=\"color: #008000\"><a style=\"color: #008000\" href=\"http:\/\/mossenhoms.netfreehost.com\/mossenhoms-post-13350.html#13350\">Jos\u00e9 Luis Alonso<\/a><\/span><\/em><\/strong><\/p>\n<p><strong><em><span style=\"color: #008000\"><img data-recalc-dims=\"1\" decoding=\"async\" src=\"https:\/\/i0.wp.com\/1.bp.blogspot.com\/-3tUq-gYD9II\/WzEvPLnnG7I\/AAAAAAAANpw\/nVcRsVtsQL4rbjxctS-bAFO9Vjqb90tFACLcBGAs\/s800\/Mossenaires_23juny2018-026.jpg?ssl=1\"  \/><\/span><\/em><\/strong><\/p>\n<p><strong><em><span style=\"color: #008000\">I Paco, amb la bandera aixi de content<\/span><\/em><\/strong><\/p>\n<p><strong><em><span style=\"color: #008000\"><img data-recalc-dims=\"1\" decoding=\"async\" src=\"https:\/\/i0.wp.com\/3.bp.blogspot.com\/-MXLi66Sg6iY\/WzEvPWW7wUI\/AAAAAAAANp0\/fPaCFXLlBwo5HDGP6LkgyIHdq1bzJww0wCLcBGAs\/s800\/Mossenaires_23juny2018-027.jpg?ssl=1\"  \/><\/span><\/em><\/strong><\/p>\n<p><strong><em><span style=\"color: #008000\"><a style=\"color: #008000\" href=\"http:\/\/mossenhoms.netfreehost.com\/mossenhoms-post-13546.html#13546\">Sebasti\u00e1n Morales <\/a><\/span><\/em><\/strong><\/p>\n<p><strong><em><span style=\"color: #008000\"><img data-recalc-dims=\"1\" decoding=\"async\" src=\"https:\/\/i0.wp.com\/4.bp.blogspot.com\/-ezZrNpY3kbY\/WzEvPegfmPI\/AAAAAAAANp4\/GsF_eC7GoTE9CxuaNMvRVSxOBMdKyz9MwCLcBGAs\/s800\/Mossenaires_23juny2018-028.jpg?ssl=1\"  \/><\/span><\/em><\/strong><\/p>\n<p><strong><em><span style=\"color: #008000\">Eva i Txell<\/span><\/em><\/strong><\/p>\n<p><strong><em><span style=\"color: #008000\"><img data-recalc-dims=\"1\" decoding=\"async\" src=\"https:\/\/i0.wp.com\/1.bp.blogspot.com\/-OjOcgtXcDuY\/WzEvPxBfDOI\/AAAAAAAANp8\/vetvLBGgUKU0k-a15886mPrJz65u1C67ACLcBGAs\/s800\/Mossenaires_23juny2018-029.jpg?ssl=1\"  \/><\/span><\/em><\/strong><\/p>\n<p><strong><em><span style=\"color: #008000\">Miguel seguit d\u2019en David i la Gemma<\/span><\/em><\/strong><\/p>\n<p><strong><em><span style=\"color: #008000\"><img data-recalc-dims=\"1\" decoding=\"async\" src=\"https:\/\/i0.wp.com\/3.bp.blogspot.com\/-d9FnMJIWQck\/WzEvQTcsP5I\/AAAAAAAANqA\/OZNT7TdYj7wDPIhRraDoiZy0yr5tftyqACLcBGAs\/s800\/Mossenaires_23juny2018-030.jpg?ssl=1\"  \/><\/span><\/em><\/strong><\/p>\n<p><strong><em><span style=\"color: #008000\">I anem saltant rierol<\/span><\/em><\/strong><\/p>\n<p><strong><em><span style=\"color: #008000\"><img data-recalc-dims=\"1\" decoding=\"async\" src=\"https:\/\/i0.wp.com\/2.bp.blogspot.com\/-k8aIeL2Uo0U\/WzEvQp_Lq8I\/AAAAAAAANqE\/9yUptO7pKrIJY3mcz-uLr42iVD45HEk4ACLcBGAs\/s800\/Mossenaires_23juny2018-031.jpg?ssl=1\"  \/><\/span><\/em><\/strong><\/p>\n<p><strong><em><span style=\"color: #008000\">I amb aquest estil l\u2019Olga<\/span><\/em><\/strong><\/p>\n<p><strong><em><span style=\"color: #008000\"><img data-recalc-dims=\"1\" decoding=\"async\" src=\"https:\/\/i0.wp.com\/3.bp.blogspot.com\/-y-H6LHJMw94\/WzEvQ_jrF0I\/AAAAAAAANqI\/L3fxRQuSla4fbr4Sxj4Xy8Bj0hwC8s_cwCLcBGAs\/s800\/Mossenaires_23juny2018-032.jpg?ssl=1\"  \/><\/span><\/em><\/strong><\/p>\n<p><strong><em><span style=\"color: #008000\">I l\u2019Andreu<\/span><\/em><\/strong><\/p>\n<p><strong><em><span style=\"color: #008000\"><img data-recalc-dims=\"1\" decoding=\"async\" src=\"https:\/\/i0.wp.com\/3.bp.blogspot.com\/-IuRIuTRnXYY\/WzEvRBy9ZdI\/AAAAAAAANqM\/gy-fcvneakEFpb3LEZezQDhNbtjlHhIMACLcBGAs\/s800\/Mossenaires_23juny2018-033.jpg?ssl=1\"  \/><\/span><\/em><\/strong><\/p>\n<p><strong><em><span style=\"color: #008000\">I aixi travessa en Niko<\/span><\/em><\/strong><\/p>\n<p><strong><em><span style=\"color: #008000\"><img data-recalc-dims=\"1\" decoding=\"async\" src=\"https:\/\/i0.wp.com\/1.bp.blogspot.com\/-e7HT78Av2O8\/WzEwP2yshmI\/AAAAAAAANso\/N7lkazF7BDUx7o0gu3O35g-bksoFkQSIQCLcBGAs\/s800\/Mossenaires_23juny2018-034.jpg?ssl=1\"  \/><\/span><\/em><\/strong><\/p>\n<p><strong><em><span style=\"color: #008000\">I aixi ho fa en Miguel<\/span><\/em><\/strong><\/p>\n<p><strong><em><span style=\"color: #008000\"><img data-recalc-dims=\"1\" decoding=\"async\" src=\"https:\/\/i0.wp.com\/1.bp.blogspot.com\/-jSPCapz4cQQ\/WzEvRgcSWfI\/AAAAAAAANqQ\/wEIRAN1W70MOT6-hEIqNeUI6-6FUFL1cQCLcBGAs\/s800\/Mossenaires_23juny2018-035.jpg?ssl=1\"  \/><\/span><\/em><\/strong><\/p>\n<p><strong><em><span style=\"color: #008000\">Pepe<\/span><\/em><\/strong><\/p>\n<p><strong><em><span style=\"color: #008000\"><img data-recalc-dims=\"1\" decoding=\"async\" src=\"https:\/\/i0.wp.com\/1.bp.blogspot.com\/-XBzQmIk_5-8\/WzEvR_tIO1I\/AAAAAAAANqU\/h_utLTyCt60QlYz2jPDvneOYo7TrNCOAQCLcBGAs\/s800\/Mossenaires_23juny2018-036.jpg?ssl=1\"  \/><\/span><\/em><\/strong><\/p>\n<p><strong><em><span style=\"color: #008000\">La Gemma passant a gran velocitat<\/span><\/em><\/strong><\/p>\n<p><strong><em><span style=\"color: #008000\"><img data-recalc-dims=\"1\" decoding=\"async\" src=\"https:\/\/i0.wp.com\/4.bp.blogspot.com\/--3IOTy2bEmU\/WzEvTKEaUqI\/AAAAAAAANqg\/17NiYGZo9TMHRrSUBIcBWlNQd4gIrnxPwCLcBGAs\/s800\/Mossenaires_23juny2018-039.jpg?ssl=1\"  \/><\/span><\/em><\/strong><\/p>\n<p><strong><em><span style=\"color: #008000\">I en Joan s\u2019havia entrebancat dos cops i a la tercera, patapam!!<\/span><\/em><\/strong><\/p>\n<p><strong><em><span style=\"color: #008000\">I la caiguda deixa les seves marques<\/span><\/em><\/strong><\/p>\n<p><strong><em><span style=\"color: #008000\"><img data-recalc-dims=\"1\" decoding=\"async\" src=\"https:\/\/i0.wp.com\/1.bp.blogspot.com\/-rmoSPY5Y-wk\/WzEvTtd1ZPI\/AAAAAAAANqk\/nV_95FLVsHgGNEK2bpi3z-4G3OA2yA2SQCLcBGAs\/s800\/Mossenaires_23juny2018-040.jpg?ssl=1\"  \/><\/span><\/em><\/strong><\/p>\n<p><strong><em><span style=\"color: #008000\">I en Joan amb l\u2019Albert, segur que parlant de la caiguda, davant Sant Juli\u00e0 d\u2019Altura<\/span><\/em><\/strong><\/p>\n<p><strong><em><span style=\"color: #008000\">I arriba el moment central de l\u2019entrenament, on deixarem emprenta<\/span><\/em><\/strong><\/p>\n<p><strong><em><span style=\"color: #008000\"><img data-recalc-dims=\"1\" decoding=\"async\" src=\"https:\/\/i0.wp.com\/3.bp.blogspot.com\/-Fh6WXEGurIw\/WzEvTwvq9wI\/AAAAAAAANqo\/6HmzjpmKPc0nZmM4TAMxgFPxCNYMX7EcwCLcBGAs\/s800\/Mossenaires_23juny2018-041.jpg?ssl=1\"  \/><\/span><\/em><\/strong><\/p>\n<p><strong><em><span style=\"color: #008000\"><img data-recalc-dims=\"1\" decoding=\"async\" src=\"https:\/\/i0.wp.com\/3.bp.blogspot.com\/-AyuhQibjNeY\/WzEvUJLPRZI\/AAAAAAAANqs\/AUHxdgipg5cOkUDMBdovFqyMcLORKeUrwCLcBGAs\/s800\/Mossenaires_23juny2018-042.jpg?ssl=1\"  \/><\/span><\/em><\/strong><\/p>\n<p><strong><em><span style=\"color: #008000\">I de nou el desplegament<\/span><\/em><\/strong><\/p>\n<p><strong><em><span style=\"color: #008000\"><img data-recalc-dims=\"1\" decoding=\"async\" src=\"https:\/\/i0.wp.com\/1.bp.blogspot.com\/-Bc_aq7v7QEY\/WzEvUQQVa8I\/AAAAAAAANqw\/4HIiF4gGPB4MS4yDcy0WN5QHzbk3IpZOQCLcBGAs\/s800\/Mossenaires_23juny2018-043.jpg?ssl=1\"  \/><\/span><\/em><\/strong><\/p>\n<p><strong><em><span style=\"color: #008000\"><img data-recalc-dims=\"1\" decoding=\"async\" src=\"https:\/\/i0.wp.com\/2.bp.blogspot.com\/-wKKKvM47NZ0\/Wy076p-of-I\/AAAAAAAAfco\/4cVn5IfVzr8RY7l0HN88v5xAG9oXRsLLwCLcBGAs\/s800\/aniversaris_mossenaires.jpg?ssl=1\"  \/><\/span><\/em><\/strong><\/p>\n<p><strong><em><span style=\"color: #008000\">I aix\u00ed eren els nostres Mossenaires d\u2019Honor, anys anteriors i que felcitem<\/span><\/em><\/strong><\/p>\n<p><strong><em><span style=\"color: #008000\">Juan Carlos, Paco, Sebi, Hassa, Isabel, Miguel, Jos\u00e9, Lluis<\/span><\/em><\/strong><\/p>\n<p><strong><em><span style=\"color: #008000\"><img data-recalc-dims=\"1\" decoding=\"async\" src=\"https:\/\/i0.wp.com\/2.bp.blogspot.com\/-34KJGII5qrI\/WzEvU6G5CdI\/AAAAAAAANq0\/oaxNq8XZyGQGAzEI-nDfpqw_7aTVhIilwCLcBGAs\/s800\/Mossenaires_23juny2018-044.jpg?ssl=1\"  \/><\/span><\/em><\/strong><\/p>\n<p><strong><em><span style=\"color: #008000\">I aplaudim a en Paco, que va ser-ho fa un parell d\u2019anys<\/span><\/em><\/strong><\/p>\n<p><strong><em><span style=\"color: #008000\"><img data-recalc-dims=\"1\" decoding=\"async\" src=\"https:\/\/i0.wp.com\/3.bp.blogspot.com\/-FNc1ZT2bAoo\/WzEwQHchdeI\/AAAAAAAANss\/4Pkf8LfRAfIMYsSNCZA0NMujkjAtqxwSgCLcBGAs\/s800\/Mossenaires_23juny2018-045.jpg?ssl=1\"  \/><\/span><\/em><\/strong><\/p>\n<p><strong><em><span style=\"color: #008000\">I ens fa una bona ballaruca, en Paco<\/span><\/em><\/strong><\/p>\n<p><strong><em><span style=\"color: #008000\"><img data-recalc-dims=\"1\" decoding=\"async\" src=\"https:\/\/i0.wp.com\/4.bp.blogspot.com\/-ipB-nXEAAq8\/WzEvVopkNdI\/AAAAAAAANq4\/0SUbisU21OccZx0FjxctT5oe79spnmrWwCLcBGAs\/s800\/Mossenaires_23juny2018-046.jpg?ssl=1\"  \/><\/span><\/em><\/strong><\/p>\n<p><strong><em><span style=\"color: #008000\">I en Paco ben aplaudit i ben mersescut.Moltes gr\u00e0cies Paco per fer aquest projecte gran amb la teva aportaci\u00f3<\/span><\/em><\/strong><\/p>\n<p><strong><em><span style=\"color: #008000\"><img data-recalc-dims=\"1\" decoding=\"async\" src=\"https:\/\/i0.wp.com\/3.bp.blogspot.com\/-r4ESiZlCYZA\/WzEvWW0dXMI\/AAAAAAAANq8\/Ut1ixVVJfzgyYPFJeeQ6ae0Yq-lREMBQwCLcBGAs\/s800\/Mossenaires_23juny2018-047.jpg?ssl=1\"  \/><\/span><\/em><\/strong><\/p>\n<p><strong><em><span style=\"color: #008000\">I el de l\u2019any passat en Juan Carlos<\/span><\/em><\/strong><\/p>\n<p><strong><em><span style=\"color: #008000\"><img data-recalc-dims=\"1\" decoding=\"async\" src=\"https:\/\/i0.wp.com\/3.bp.blogspot.com\/-7tocTdmDzu8\/WzEvXM9aeaI\/AAAAAAAANrA\/7goCyJLYG8gImk5grJCULHIl81erI3hsACLcBGAs\/s800\/Mossenaires_23juny2018-048.jpg?ssl=1\"  \/><\/span><\/em><\/strong><\/p>\n<p><strong><em><span style=\"color: #008000\">Gr\u00e0cies Juan Carlos<\/span><\/em><\/strong><\/p>\n<p><strong><em><span style=\"color: #008000\"><img data-recalc-dims=\"1\" decoding=\"async\" src=\"https:\/\/i0.wp.com\/4.bp.blogspot.com\/-1_9c-yewF5U\/WzEvXgY__nI\/AAAAAAAANrE\/s9LG5uRRV0kQwdIY5X-jg2-ni15Nu-vLACLcBGAs\/s800\/Mossenaires_23juny2018-049.jpg?ssl=1\"  \/><\/span><\/em><\/strong><\/p>\n<p><strong><em><span style=\"color: #008000\">Amb el llistat que abans heu llegit<\/span><\/em><\/strong><\/p>\n<p><strong><em><span style=\"color: #008000\"><img data-recalc-dims=\"1\" decoding=\"async\" src=\"https:\/\/i0.wp.com\/3.bp.blogspot.com\/-WsUcPFDPNVg\/WzEvYQhLUvI\/AAAAAAAANrI\/lYuXTkKT-bQXgV8L7dygERI127GRfLmBQCLcBGAs\/s800\/Mossenaires_23juny2018-050.jpg?ssl=1\"  \/><\/span><\/em><\/strong><\/p>\n<p><strong><em><span style=\"color: #008000\"><img data-recalc-dims=\"1\" decoding=\"async\" src=\"https:\/\/i0.wp.com\/2.bp.blogspot.com\/-F5ZtxgF8oF8\/WzEvY1vcEnI\/AAAAAAAANrM\/e1lng7Ehwo4-1mHQzGCVv4hRjgvRqwuvQCLcBGAs\/s800\/Mossenaires_23juny2018-051.jpg?ssl=1\"  \/><\/span><\/em><\/strong><\/p>\n<p><strong><em><span style=\"color: #008000\">Inma<\/span><\/em><\/strong><\/p>\n<p><strong><em><span style=\"color: #008000\"><img data-recalc-dims=\"1\" decoding=\"async\" src=\"https:\/\/i0.wp.com\/3.bp.blogspot.com\/-2aGAEhTgf6s\/WzEvZ7VfTOI\/AAAAAAAANrY\/tvqyjeUx5xE4dClOoj-wmZh9Jlxkl9hAwCLcBGAs\/s1600\/Mossenaires_23juny2018-054.jpg?ssl=1\"  \/><\/span><\/em><\/strong><\/p>\n<p><strong><em><span style=\"color: #008000\">La fotografia de fam\u00edlia, \u00fanica el 23 de juny, on hem fet un entrenament m\u00e9s lleuger de cara la revetlla de Sant Joan. Gr\u00e0cies a tothom per fer el projecte \u201centrenaments en grup\u201d possible<\/span><\/em><\/strong><\/p>\n<p><strong><em><span style=\"color: #008000\"><img data-recalc-dims=\"1\" decoding=\"async\" src=\"https:\/\/i0.wp.com\/1.bp.blogspot.com\/-Fypev7Dw7oY\/WzEvaafCD-I\/AAAAAAAANrc\/pDELjJJGHpsXamdmi6Lo4ZY2a6MCNFBFACLcBGAs\/s800\/Mossenaires_23juny2018-055.jpg?ssl=1\"  \/><\/span><\/em><\/strong><\/p>\n<p><strong><em><span style=\"color: #008000\"><img data-recalc-dims=\"1\" decoding=\"async\" src=\"https:\/\/i0.wp.com\/1.bp.blogspot.com\/-otAsUChgzJk\/WzEvas0VsoI\/AAAAAAAANrg\/l1uaLg2yxaM2ydsLKSfknRxvAumYX9YGwCLcBGAs\/s800\/Mossenaires_23juny2018-056.jpg?ssl=1\"  \/><\/span><\/em><\/strong><\/p>\n<p><strong><em><span style=\"color: #008000\"><img data-recalc-dims=\"1\" decoding=\"async\" src=\"https:\/\/i0.wp.com\/1.bp.blogspot.com\/-2VL8Mz-9iz8\/WzEvbMCpF_I\/AAAAAAAANrk\/o522843MyVQX7nHr1Mm7K8MBVSK1gzKHACLcBGAs\/s800\/Mossenaires_23juny2018-057.jpg?ssl=1\"  \/><\/span><\/em><\/strong><\/p>\n<p><strong><em><span style=\"color: #008000\"><img data-recalc-dims=\"1\" decoding=\"async\" src=\"https:\/\/i0.wp.com\/2.bp.blogspot.com\/-fKJYaNVU4WI\/WzEvbbn6LtI\/AAAAAAAANro\/9TaoyteRIHsKnWk4c_0BRa_8duPz1-pVACLcBGAs\/s800\/Mossenaires_23juny2018-058.jpg?ssl=1\"  \/><\/span><\/em><\/strong><\/p>\n<p><strong><em><span style=\"color: #008000\"><img data-recalc-dims=\"1\" decoding=\"async\" src=\"https:\/\/i0.wp.com\/2.bp.blogspot.com\/-f98PrTT4Fac\/WzEvb5T3rZI\/AAAAAAAANrs\/vNmQlk27zAo4CxoQrqil81QDW12hjWyfgCLcBGAs\/s800\/Mossenaires_23juny2018-059.jpg?ssl=1\"  \/><\/span><\/em><\/strong><\/p>\n<p><strong><em><span style=\"color: #008000\"><img data-recalc-dims=\"1\" decoding=\"async\" src=\"https:\/\/i0.wp.com\/3.bp.blogspot.com\/-RJLho-zezkE\/WzEvcVSysOI\/AAAAAAAANrw\/yzdKfTkSTiIq9mwOsYAWN0iHfTd1nU3rwCLcBGAs\/s800\/Mossenaires_23juny2018-060.jpg?ssl=1\"  \/><\/span><\/em><\/strong><\/p>\n<p><strong><em><span style=\"color: #008000\"><img data-recalc-dims=\"1\" decoding=\"async\" src=\"https:\/\/i0.wp.com\/4.bp.blogspot.com\/-hbmQjA9DZgE\/WzEvctK8SII\/AAAAAAAANr0\/BLS4zKh2-VcNBpPAiNRyrDrorBSSEyJ8ACLcBGAs\/s800\/Mossenaires_23juny2018-061.jpg?ssl=1\"  \/><\/span><\/em><\/strong><\/p>\n<p><strong><em><span style=\"color: #008000\">Masia de Torre Moss\u00e8n Homs, espera a Mossenaires<\/span><\/em><\/strong><\/p>\n<p><strong><em><span style=\"color: #008000\"><img data-recalc-dims=\"1\" decoding=\"async\" src=\"https:\/\/i0.wp.com\/3.bp.blogspot.com\/-q2EoLsW3YWU\/WzEvciM0VpI\/AAAAAAAANr4\/Kndv0gRNLiIZJiyFyH6SpSvSUiHiMh1wwCLcBGAs\/s800\/Mossenaires_23juny2018-062.jpg?ssl=1\"  \/><\/span><\/em><\/strong><\/p>\n<p><strong><em><span style=\"color: #008000\">I Mossenaires amb les darreres fotografies<\/span><\/em><\/strong><\/p>\n<p><strong><em><span style=\"color: #008000\"><img data-recalc-dims=\"1\" decoding=\"async\" src=\"https:\/\/i0.wp.com\/2.bp.blogspot.com\/-S09pvp9cU8g\/WzEvdI5GsII\/AAAAAAAANr8\/oEvcetHwaA0iao1pq7tJLuZwJGnukXuzwCLcBGAs\/s800\/Mossenaires_23juny2018-063.jpg?ssl=1\"  \/><\/span><\/em><\/strong><\/p>\n<p><strong><em><span style=\"color: #008000\"><img data-recalc-dims=\"1\" decoding=\"async\" src=\"https:\/\/i0.wp.com\/3.bp.blogspot.com\/-cZ8llZq81Js\/WzEvdSfNlXI\/AAAAAAAANsA\/FCn6opmCc0stnWb42AHGjvvJiOhRg1yqQCLcBGAs\/s800\/Mossenaires_23juny2018-064.jpg?ssl=1\"  \/><\/span><\/em><\/strong><\/p>\n<p><strong><em><span style=\"color: #008000\">I des de un altre punt<\/span><\/em><\/strong><\/p>\n<p><strong><em><span style=\"color: #008000\"><img data-recalc-dims=\"1\" decoding=\"async\" src=\"https:\/\/i0.wp.com\/1.bp.blogspot.com\/-W45sy6vg4_M\/WzEvdl71r0I\/AAAAAAAANsE\/09NQH30wMakEe59pOVTf40k5sigN9HfhwCLcBGAs\/s800\/Mossenaires_23juny2018-065.jpg?ssl=1\"  \/><\/span><\/em><\/strong><\/p>\n<p><strong><em><span style=\"color: #008000\"><img data-recalc-dims=\"1\" decoding=\"async\" src=\"https:\/\/i0.wp.com\/1.bp.blogspot.com\/-1OQj4b9xzUw\/WzEveBqYLxI\/AAAAAAAANsI\/lrd-sLjygP8I8lG-b2WqTZUb1faxb1aAgCLcBGAs\/s800\/Mossenaires_23juny2018-066.jpg?ssl=1\"  \/><\/span><\/em><\/strong><\/p>\n<p><strong><em><span style=\"color: #008000\">Isabel, Miguel, Paco i Isabel<\/span><\/em><\/strong><\/p>\n<p><strong><em><span style=\"color: #008000\">V I D E O. \u00b7. V I D E O. \u00b7 V I D E O<\/span><\/em><\/strong><\/p>\n<p><strong><em><span style=\"color: #008000\"><a style=\"color: #008000\" href=\"https:\/\/youtu.be\/U4YwxjRstPs\"><img data-recalc-dims=\"1\" decoding=\"async\" src=\"https:\/\/i0.wp.com\/2.bp.blogspot.com\/-QacNGjK0Xhc\/WzO-7YuqtKI\/AAAAAAAANtE\/6f3e_nY7d0s5kIrQhoEju3SLfp5AeX7kACLcBGAs\/s800\/Mossenaires_23juny2018-067circuit.jpg?ssl=1\"  \/><\/a><\/span><\/em><\/strong><\/p>\n<p><strong><em><span style=\"color: #008000\">&lt;&lt;&lt;&lt;&lt;\u2014\u2014\u2014 <a style=\"color: #008000\" href=\"https:\/\/youtu.be\/U4YwxjRstPs\">https:\/\/youtu.be\/U4YwxjRstPs<\/a><\/span><\/em><\/strong><\/p>\n<p><strong><em><span style=\"color: #008000\"><a style=\"color: #008000\" href=\"https:\/\/www.strava.com\/activities\/1665626144\"><img data-recalc-dims=\"1\" decoding=\"async\" src=\"https:\/\/i0.wp.com\/4.bp.blogspot.com\/-jzYY5sdFY3Y\/WzPC_9j5mII\/AAAAAAAANtQ\/COH1fCmIM6Q9Mkuq93kVW_yXiGtsh-NpwCLcBGAs\/s800\/Mossenaires_23juny2018-068circuit.jpg?ssl=1\"  \/><\/a><\/span><\/em><\/strong><\/p>\n<p><strong><em><span style=\"color: #008000\"><a style=\"color: #008000\" href=\"https:\/\/www.strava.com\/activities\/1665626144\">https:\/\/www.strava.com\/activities\/1665626144<\/a><\/span><\/em><\/strong><\/p>\n<p>&nbsp;<\/p>\n<table style=\"padding-left: 30px;text-align: justify\" cellspacing=\"0\">\n<tbody style=\"padding-left: 30px\">\n<tr style=\"padding-left: 30px;text-align: justify\">\n<td style=\"padding-left: 30px\">\n<h3><strong><em><span style=\"color: #008000\"><span style=\"font-size: large\"><a style=\"color: #008000\" href=\"http:\/\/www.egargrafic.com\/\" target=\"_blank\" rel=\"noopener noreferrer\"><img data-recalc-dims=\"1\" decoding=\"async\" src=\"https:\/\/i0.wp.com\/www.josepmoliner.com\/egargrafic2.gif\" alt=\"\" \/><\/a><\/span><\/span><\/em><\/strong><\/h3>\n<\/td>\n<td style=\"padding-left: 30px\">\n<h3><strong><em><span style=\"color: #008000;font-size: large\"><span style=\"font-size: xx-small\">\u00a0<\/span><a style=\"color: #008000\" href=\"http:\/\/www.elroure.net\/fisioterapiaroura\/\" target=\"_blank\" rel=\"noopener noreferrer\"><img data-recalc-dims=\"1\" decoding=\"async\" src=\"https:\/\/i0.wp.com\/elroure.net\/fisioterapiaroura\/Fisioterapia_elroure.gif\" alt=\"\" \/><\/a><\/span><\/em><\/strong><\/h3>\n<\/td>\n<\/tr>\n<tr style=\"padding-left: 30px;text-align: justify\">\n<td style=\"padding-left: 30px\">\n<h3><strong><em><span style=\"color: #008000\"><span style=\"font-size: large\"><a style=\"color: #008000\" href=\"http:\/\/www.grevolsalut.com\/\" target=\"_blank\" rel=\"noopener noreferrer\"><img data-recalc-dims=\"1\" decoding=\"async\" src=\"https:\/\/i0.wp.com\/www.elroure.net\/grevol\/grevol_salut.gif\" alt=\"\" \/><\/a><\/span><\/span><\/em><\/strong><\/h3>\n<\/td>\n<td style=\"padding-left: 30px\">\n<h3><strong><em><span style=\"color: #008000\"><a style=\"color: #008000\" href=\"http:\/\/www.elroure.net\/\" target=\"_blank\" rel=\"noopener noreferrer\"><span style=\"font-size: large\"><img data-recalc-dims=\"1\" decoding=\"async\" src=\"https:\/\/i0.wp.com\/elroure.net\/rourenet.gif\" alt=\"\" \/><\/span><\/a><\/span><\/em><\/strong><\/h3>\n<\/td>\n<\/tr>\n<tr style=\"padding-left: 30px;text-align: justify\">\n<td style=\"padding-left: 30px\">\n<h3><strong><em><span style=\"color: #008000\"><a style=\"color: #008000\" href=\"http:\/\/www.eledevall.com\/\" target=\"_blank\" rel=\"noopener noreferrer\"><span style=\"font-size: large\"><img data-recalc-dims=\"1\" decoding=\"async\" src=\"https:\/\/i0.wp.com\/josepmoliner.com\/eledevall.gif\" alt=\"\" \/><\/span><\/a><\/span><\/em><\/strong><\/h3>\n<\/td>\n<td style=\"padding-left: 30px\">\n<h3><strong><em><span style=\"color: #008000\"><a style=\"color: #008000\" href=\"http:\/\/civeracampoy.com\/index.php\/es\/\" target=\"_blank\" rel=\"noopener noreferrer\"><span style=\"font-size: large\"><img data-recalc-dims=\"1\" decoding=\"async\" src=\"https:\/\/i0.wp.com\/josepmoliner.com\/Civera%26Campoy.gif\" alt=\"\" \/><\/span><\/a><\/span><\/em><\/strong><\/h3>\n<\/td>\n<\/tr>\n<tr style=\"padding-left: 30px;text-align: justify\">\n<td style=\"padding-left: 30px\">\n<h3><strong><em><span style=\"color: #008000\"><span style=\"font-size: large\">\u00a0<\/span><\/span><\/em><\/strong><\/h3>\n<\/td>\n<td style=\"padding-left: 30px\">\n<h3><strong><em><span style=\"color: #008000\"><span style=\"font-size: large\">\u00a0<\/span><\/span><\/em><\/strong><\/h3>\n<\/td>\n<\/tr>\n<tr style=\"padding-left: 30px;text-align: justify\">\n<td style=\"padding-left: 30px\">\n<table style=\"padding-left: 30px;text-align: left\" cellspacing=\"0\">\n<tbody style=\"padding-left: 30px\">\n<tr style=\"padding-left: 30px;text-align: justify\">\n<td style=\"padding-left: 30px\">\n<h3><strong><em><span style=\"color: #008000\"><span style=\"font-size: large\">\u00a0vols el teu banner?<\/span><\/span><\/em><\/strong><\/h3>\n<\/td>\n<\/tr>\n<tr style=\"padding-left: 30px;text-align: justify\">\n<td style=\"padding-left: 30px\">\n<h3><strong><em><span style=\"color: #008000\"><span style=\"font-size: large\">\u00a0<\/span><\/span><\/em><\/strong><\/h3>\n<\/td>\n<\/tr>\n<\/tbody>\n<\/table>\n<\/td>\n<\/tr>\n<\/tbody>\n<\/table>\n","protected":false},"excerpt":{"rendered":"<p>Baixar pel torrent de Gotelles on la setmana passada el vam pujar, vol dir que a l\u2019estiu comencem a cercar llocs que donin frescor i bon gaudi als nostres entrenaments, com aix\u00ed ha estat. Llavor hem escru\u00e7at l\u2019entrenament a fi i efecte de no deixar-vos massa esgotats per a la revetlla de Sant Joan. Hem [&hellip;]<\/p>\n","protected":false},"author":171,"featured_media":0,"comment_status":"open","ping_status":"open","sticky":false,"template":"","format":"standard","meta":{"jetpack_post_was_ever_published":false,"_jetpack_newsletter_access":"","_jetpack_dont_email_post_to_subs":false,"_jetpack_newsletter_tier_id":0,"_jetpack_memberships_contains_paywalled_content":false,"_jetpack_memberships_contains_paid_content":false,"footnotes":"","jetpack_publicize_message":"","jetpack_publicize_feature_enabled":true,"jetpack_social_post_already_shared":false,"jetpack_social_options":{"image_generator_settings":{"template":"highway","default_image_id":0,"font":"","enabled":false},"version":2}},"categories":[2697,1644,25130,5580,4554,25102,25094,73],"tags":[25181,2697,25130,25112,25126,25106,73],"class_list":["post-4727","post","type-post","status-publish","format-standard","hentry","category-amistat","category-correr","category-correrxerrar","category-entrenaments","category-mossenaires","category-mossenhoms-be","category-pep-moliner","category-terrassa","tag-torremossenhoms","tag-amistat","tag-correrxerrar","tag-entrenament-en-grup","tag-entrenaments-torre-mossen-homs","tag-mossenaires","tag-terrassa"],"jetpack_publicize_connections":[],"jetpack_featured_media_url":"","jetpack_sharing_enabled":true,"jetpack_shortlink":"https:\/\/wp.me\/pagkiK-1ef","jetpack-related-posts":[{"id":4431,"url":"https:\/\/blogs.avui.cat\/pepmoliner\/2017\/03\/08\/entrenament-mossenaire-un-mes\/","url_meta":{"origin":4727,"position":0},"title":"\u201cEntrenament Mossenaire: un mes\u201d","author":"Pep Moliner","date":"8 de mar\u00e7 de 2017","format":false,"excerpt":"Sabem que la pluja espanta for\u00e7a #mossenaires i a primera hora no sabem \u00a0si l'entrenament ser\u00e0 xop o eixut. Ha estat eixut i fant\u00e0stic o almenys aix\u00ed \u00a0ens ho sembla. Hem baixat per llocs com el cam\u00ed asfaltat de Can Bon Vilar \u00a0que duu a llocs com l'Hotel Milton, l'H\u00edpica\u2026","rel":"","context":"A &quot;Amistat&quot;","block_context":{"text":"Amistat","link":"https:\/\/blogs.avui.cat\/pepmoliner\/category\/amistat\/"},"img":{"alt_text":"","src":"","width":0,"height":0},"classes":[]},{"id":4564,"url":"https:\/\/blogs.avui.cat\/pepmoliner\/2017\/08\/23\/agost-mossenaire\/","url_meta":{"origin":4727,"position":1},"title":"Agost Mossenaire","author":"Pep Moliner","date":"23 d'agost de 2017","format":false,"excerpt":"El torrent de Gotelles ha estat el circuit triat per en Paco Barcia, al qui deman\u00e0vem es fes c\u00e0rrec del grup avui i no perdre la continu\u00eftat en el nostre projecte on es busca la solidaritat, amistat, amor a la natura i gaudir d'una bona xerrada mentre fem una mica\u2026","rel":"","context":"A &quot;Amistat&quot;","block_context":{"text":"Amistat","link":"https:\/\/blogs.avui.cat\/pepmoliner\/category\/amistat\/"},"img":{"alt_text":"","src":"","width":0,"height":0},"classes":[]},{"id":4634,"url":"https:\/\/blogs.avui.cat\/pepmoliner\/2018\/01\/03\/ultim-de-lany-bon-any\/","url_meta":{"origin":4727,"position":2},"title":"\u00daltim de l&#8217;Any. Bon any!!!","author":"Pep Moliner","date":"3 de gener de 2018","format":false,"excerpt":"La font de la Tartana ha estat el lloc triat pels nostres amics per fer l'habitual parada Mossenaire. Avui clou l'any 2017 i ha estat un bon lloc per dir-li ad\u00e9u. Agra\u00efm l'estona que ens heu fet gaudir, Joan, Carlos, Eva, Albert, Javi i cadascuna i cadasc\u00fa de vosaltres que\u2026","rel":"","context":"A &quot;Amistat&quot;","block_context":{"text":"Amistat","link":"https:\/\/blogs.avui.cat\/pepmoliner\/category\/amistat\/"},"img":{"alt_text":"","src":"https:\/\/i0.wp.com\/blogs.avui.cat\/pepmoliner\/wp-content\/imagescaler\/936db04f9e3aa05e1011705df28fa502.gif?resize=350%2C200","width":350,"height":200},"classes":[]},{"id":4568,"url":"https:\/\/blogs.avui.cat\/pepmoliner\/2017\/08\/30\/sempre-rient-mossenaires\/","url_meta":{"origin":4727,"position":3},"title":"Sempre rient: &#8220;Mossenaires&#8221;","author":"Pep Moliner","date":"30 d'agost de 2017","format":false,"excerpt":"L'agost s'apaga a Can #Mossenaires i ho fa amb all\u00f2 que ens agrada. #c\u00f3rrer #xerrar #gaudir acompanyades i acompanyats de gent amb el mateix tarann\u00e0 esportiu, que el que vol i com excusa, anar a passar una bona estona sense compromisos i moltes i molts, tornant de vacances i amb\u2026","rel":"","context":"A &quot;Amistat&quot;","block_context":{"text":"Amistat","link":"https:\/\/blogs.avui.cat\/pepmoliner\/category\/amistat\/"},"img":{"alt_text":"","src":"","width":0,"height":0},"classes":[]},{"id":4380,"url":"https:\/\/blogs.avui.cat\/pepmoliner\/2017\/01\/05\/i-va-lultim-entrenament-mossenaire-de-lany\/","url_meta":{"origin":4727,"position":4},"title":"\u201cI va l\u2019\u00faltim entrenament Mossenaire de l\u2019any\u201d","author":"Pep Moliner","date":"5 de gener de 2017","format":false,"excerpt":"Tanquem amb aquest entrenament mossenaire un any on podem\u00a0 afirmar que ens ho hem passat b\u00e9. Podem dir que hem conegut gent nova. Sabem que s'ha generat bones vibracions amb trobades infinites entre tots\u00a0 nosaltres i que el nexe que proporciona un entrenament diferent, que es fa\u00a0 possible dia a\u2026","rel":"","context":"A &quot;Amistat&quot;","block_context":{"text":"Amistat","link":"https:\/\/blogs.avui.cat\/pepmoliner\/category\/amistat\/"},"img":{"alt_text":"","src":"","width":0,"height":0},"classes":[]},{"id":4742,"url":"https:\/\/blogs.avui.cat\/pepmoliner\/2018\/07\/19\/mossenaires-va-a-la-font-dels-platans\/","url_meta":{"origin":4727,"position":5},"title":"Mossenaires va a la Font dels Pl\u00e0tans","author":"Pep Moliner","date":"19 de juliol de 2018","format":false,"excerpt":"Font de Pl\u00e0tans hi tornem a veure un lloc fresc i remullat per aigua en quantitat, baixant per un lloc diferent de l'altra vegada i recordant racons fant\u00e0stics i hem pujat pel torrent de Gotelles, que ja esdev\u00e9 un circuit d'estiu \"Mossenaire\". El circuit de gaireb\u00e9 nou quil\u00f2metres i avui\u2026","rel":"","context":"A &quot;Amistat&quot;","block_context":{"text":"Amistat","link":"https:\/\/blogs.avui.cat\/pepmoliner\/category\/amistat\/"},"img":{"alt_text":"","src":"","width":0,"height":0},"classes":[]}],"_links":{"self":[{"href":"https:\/\/blogs.avui.cat\/pepmoliner\/wp-json\/wp\/v2\/posts\/4727","targetHints":{"allow":["GET"]}}],"collection":[{"href":"https:\/\/blogs.avui.cat\/pepmoliner\/wp-json\/wp\/v2\/posts"}],"about":[{"href":"https:\/\/blogs.avui.cat\/pepmoliner\/wp-json\/wp\/v2\/types\/post"}],"author":[{"embeddable":true,"href":"https:\/\/blogs.avui.cat\/pepmoliner\/wp-json\/wp\/v2\/users\/171"}],"replies":[{"embeddable":true,"href":"https:\/\/blogs.avui.cat\/pepmoliner\/wp-json\/wp\/v2\/comments?post=4727"}],"version-history":[{"count":1,"href":"https:\/\/blogs.avui.cat\/pepmoliner\/wp-json\/wp\/v2\/posts\/4727\/revisions"}],"predecessor-version":[{"id":4728,"href":"https:\/\/blogs.avui.cat\/pepmoliner\/wp-json\/wp\/v2\/posts\/4727\/revisions\/4728"}],"wp:attachment":[{"href":"https:\/\/blogs.avui.cat\/pepmoliner\/wp-json\/wp\/v2\/media?parent=4727"}],"wp:term":[{"taxonomy":"category","embeddable":true,"href":"https:\/\/blogs.avui.cat\/pepmoliner\/wp-json\/wp\/v2\/categories?post=4727"},{"taxonomy":"post_tag","embeddable":true,"href":"https:\/\/blogs.avui.cat\/pepmoliner\/wp-json\/wp\/v2\/tags?post=4727"}],"curies":[{"name":"wp","href":"https:\/\/api.w.org\/{rel}","templated":true}]}}