{"id":4724,"date":"2018-06-20T19:44:34","date_gmt":"2018-06-20T18:44:34","guid":{"rendered":"http:\/\/blogs.avui.cat\/pepmoliner\/?p=4724"},"modified":"2018-06-20T19:44:39","modified_gmt":"2018-06-20T18:44:39","slug":"ribatallada-amb-mossenaires","status":"publish","type":"post","link":"https:\/\/blogs.avui.cat\/pepmoliner\/2018\/06\/20\/ribatallada-amb-mossenaires\/","title":{"rendered":"Ribatallada amb Mossenaires"},"content":{"rendered":"<h3><span style=\"color: #008000\"><em>Ens ha costat, despr\u00e9s d&#8217;una primavera tan plujosa, triar aquest circuit estiuenc &#8220;Mossenaire&#8221; i que sempre dona frescor i sensaci\u00f3 d&#8217;estar en un lloc m\u00e9s remot que no pas el dels vallesos. I \u00e9s que no ens cansarem de dir, que tenim una gran sort de tenir racons com aquests aqu\u00ed a la cantonada.<\/em><\/span><\/h3>\n<h3><span style=\"color: #008000\"><em>Hem anat fins al bosc de Can Deu, tot travessat la carretera en la qual ens ajuden amics a protegir-nos, tot tallant el transit com en JuanMa i en Jordi i despr\u00e9s d&#8217;uns instants, hi ha un cam\u00ed enrevessat, que fem notar que a m\u00e9s d&#8217;una i m\u00e9s d&#8217;un se li ha entravessat: per\u00f2 sembla que poc o molt hem rigut com sempre. Arribats a les cascades que ofereix la font de Pl\u00e0tans, hem vist que si: hi ha aigua a dojo.<\/em><\/span><\/h3>\n<h3><span style=\"color: #008000\"><em>Un petit v\u00eddeo de record i tot seguit hem continuat pujant pel torrent de Ribatallada, amb foto de familia on hi havia hagut un formidable pant\u00e0: <\/em><\/span><br \/>\n<span style=\"color: #008000\"><em><a style=\"color: #008000\" href=\"https:\/\/amicsdelripoll.wordpress.com\/2013\/02\/20\/panta-de-ribatallada\/\">https:\/\/amicsdelripoll.wordpress.com\/2013\/02\/20\/panta-de-ribatallada\/<\/a><\/em><\/span><\/h3>\n<h3><span style=\"color: #008000\"><em>Ha estat una jornada memorable que recordarem, anys i anys. Gr\u00e0cies a tothom per fer possible tot aquest moviment d&#8221;Entrenaments en grup&#8221;.<\/em><\/span><\/h3>\n<h3><span style=\"color: #008000\"><em><img data-recalc-dims=\"1\" decoding=\"async\" src=\"https:\/\/i0.wp.com\/4.bp.blogspot.com\/-Hiv7QVzII-0\/WylFBszeF9I\/AAAAAAAANiU\/2opj4KOJzgkH8L0dCb0i8zHDgTpRiiEuACLcBGAs\/s800\/Mossenaires_16Juny2018_002.JPG?ssl=1\"  \/> <\/em><\/span><br \/>\n<span style=\"color: #008000\"><em>La bandera la portar\u00e0 un il\u00b7lustre Mossenaire d&#8217;Honor: <a style=\"color: #008000\" href=\"http:\/\/mossenhoms.netfreehost.com\/viewtopic.php?p=13792&amp;mforum=mossenhoms#13792\">Antonio Mayorgas <\/a><\/em><\/span><br \/>\n<span style=\"color: #008000\"><em><img data-recalc-dims=\"1\" decoding=\"async\" src=\"https:\/\/i0.wp.com\/3.bp.blogspot.com\/-eM69Wpp3Y_Y\/WylFBmLfEcI\/AAAAAAAANiQ\/OQQeGvcjAagYFLDDI88LEA0OSOXS_OpygCLcBGAs\/s800\/Mossenaires_16Juny2018_003.JPG?ssl=1\"  \/> <\/em><\/span><br \/>\n<span style=\"color: #008000\"><em>Aqu\u00ed al costat d&#8217;en <a style=\"color: #008000\" href=\"http:\/\/mossenhoms.netfreehost.com\/viewtopic.php?p=13870&amp;mforum=mossenhoms#13870\">Fran Frutos <\/a>, que va ser dels nostres primers Mossenaires d&#8217;honor <\/em><\/span><br \/>\n<span style=\"color: #008000\"><em><img data-recalc-dims=\"1\" decoding=\"async\" src=\"https:\/\/i0.wp.com\/3.bp.blogspot.com\/-AnYYaKCU_nM\/WylFCdER5gI\/AAAAAAAANiY\/fM-vztArcIIYOO8xuK889nvoIp-GTsY3gCLcBGAs\/s800\/Mossenaires_16Juny2018_004.JPG?ssl=1\"  \/> <\/em><\/span><br \/>\n<span style=\"color: #008000\"><em><a style=\"color: #008000\" href=\"http:\/\/mossenhoms.netfreehost.com\/viewtopic.php?p=13870&amp;mforum=mossenhoms#13870\">Fran Frutos <\/a>un gran il\u00b7lustre del grup <\/em><\/span><br \/>\n<span style=\"color: #008000\"><em><img data-recalc-dims=\"1\" decoding=\"async\" src=\"https:\/\/i0.wp.com\/1.bp.blogspot.com\/-iy-7ZyUISX0\/WylFC7DlB5I\/AAAAAAAANic\/wftPaWBWGeIIyoo1CCLzzgmta0SpOjKbQCLcBGAs\/s800\/Mossenaires_16Juny2018_005.JPG?ssl=1\"  \/> <\/em><\/span><br \/>\n<span style=\"color: #008000\"><em>Sortim <\/em><\/span><br \/>\n<span style=\"color: #008000\"><em><img data-recalc-dims=\"1\" decoding=\"async\" src=\"https:\/\/i0.wp.com\/4.bp.blogspot.com\/-wIZT-vyXYno\/WylFC0XMfjI\/AAAAAAAANig\/wRRZ41b7lMwjMsmfEH8-mSSpWY6m6NMdQCLcBGAs\/s800\/Mossenaires_16Juny2018_006.JPG?ssl=1\"  \/> <\/em><\/span><br \/>\n<span style=\"color: #008000\"><em>Fran, Joan, Pepe <\/em><\/span><br \/>\n<span style=\"color: #008000\"><em><img data-recalc-dims=\"1\" decoding=\"async\" src=\"https:\/\/i0.wp.com\/3.bp.blogspot.com\/-IZ4BQSHvSNo\/WylFCx5oLcI\/AAAAAAAANik\/4fmvUUEOakYBf5oaviybH12Fo5_QD0bXACLcBGAs\/s800\/Mossenaires_16Juny2018_007.JPG?ssl=1\"  \/><\/em><\/span><\/h3>\n<h3><span style=\"color: #008000\"><em><img data-recalc-dims=\"1\" decoding=\"async\" src=\"https:\/\/i0.wp.com\/4.bp.blogspot.com\/-xR5IxdJ7MeA\/WylFDeBs_CI\/AAAAAAAANio\/84dIYUKMwUAzoiJU_36fM0VSDEAtfAEBgCLcBGAs\/s800\/Mossenaires_16Juny2018_008.JPG?ssl=1\"  \/><\/em><\/span><\/h3>\n<h3><span style=\"color: #008000\"><em><img data-recalc-dims=\"1\" decoding=\"async\" src=\"https:\/\/i0.wp.com\/3.bp.blogspot.com\/-UOmcakmOX3M\/WylFDdKBe8I\/AAAAAAAANis\/32bN0N2RazEt5t6rWeZa573z2piusAPKwCLcBGAs\/s800\/Mossenaires_16Juny2018_009.JPG?ssl=1\"  \/> <\/em><\/span><br \/>\n<span style=\"color: #008000\"><em>I ha tornat la Fina!!, al costat de la Isabel. Ben retrobades!!!<\/em><\/span><\/h3>\n<h3><span style=\"color: #008000\"><em><img data-recalc-dims=\"1\" decoding=\"async\" src=\"https:\/\/i0.wp.com\/2.bp.blogspot.com\/-g2XY2ePiHXk\/WylFDm1D84I\/AAAAAAAANiw\/HsA_Q5Kj0GAvgRxGSBk_VNwfgEdhu9JMQCLcBGAs\/s800\/Mossenaires_16Juny2018_010.JPG?ssl=1\"  \/> <\/em><\/span><br \/>\n<span style=\"color: #008000\"><em>Amb en Guille, Conxa, Gemma <\/em><\/span><br \/>\n<span style=\"color: #008000\"><em><img data-recalc-dims=\"1\" decoding=\"async\" src=\"https:\/\/i0.wp.com\/2.bp.blogspot.com\/-JNHWybNevuA\/WylFEEaHFbI\/AAAAAAAANi0\/RwDbxkLYOt4McOSVYBqM2rZg3IjFxf8hwCLcBGAs\/s800\/Mossenaires_16Juny2018_011.JPG?ssl=1\"  \/> <\/em><\/span><br \/>\n<span style=\"color: #008000\"><em>Xavi i Guille <\/em><\/span><br \/>\n<span style=\"color: #008000\"><em><img data-recalc-dims=\"1\" decoding=\"async\" src=\"https:\/\/i0.wp.com\/2.bp.blogspot.com\/-xmKMv2UZ5MU\/WylFEX1EsQI\/AAAAAAAANi4\/7P4uanm-ETszE0mnaqb6oP1xTa2LsG9dwCLcBGAs\/s800\/Mossenaires_16Juny2018_012.JPG?ssl=1\"  \/> <\/em><\/span><br \/>\n<span style=\"color: #008000\"><em>Amb la Mola al fons, Antonio, Manuel, Miguel, Inma, Guille <\/em><\/span><br \/>\n<span style=\"color: #008000\"><em><img data-recalc-dims=\"1\" decoding=\"async\" src=\"https:\/\/i0.wp.com\/2.bp.blogspot.com\/-pX0cOizz5Bk\/WylFEillFLI\/AAAAAAAANi8\/T93n1MNoSM09vLQ-z5vOLeDim7vJJJlywCLcBGAs\/s800\/Mossenaires_16Juny2018_013.JPG?ssl=1\"  \/> <\/em><\/span><br \/>\n<span style=\"color: #008000\"><em><a style=\"color: #008000\" href=\"http:\/\/mossenhoms.netfreehost.com\/mossenhoms-post-14055.html#14055\">Gemma Cadafalch <\/a>amb la Mola al fons <\/em><\/span><br \/>\n<span style=\"color: #008000\"><em><img data-recalc-dims=\"1\" decoding=\"async\" src=\"https:\/\/i0.wp.com\/3.bp.blogspot.com\/-xWSIuT1qQkI\/WylFEiZJzOI\/AAAAAAAANjA\/p_xyRheFB3MijhJ0ESppp1SpZ25uZ4scgCLcBGAs\/s800\/Mossenaires_16Juny2018_014.JPG?ssl=1\"  \/> <\/em><\/span><br \/>\n<span style=\"color: #008000\"><em>Fina i Isabel, seguides pel Miguel <\/em><\/span><br \/>\n<span style=\"color: #008000\"><em><img data-recalc-dims=\"1\" decoding=\"async\" src=\"https:\/\/i0.wp.com\/1.bp.blogspot.com\/-aIpCP7jds8U\/WylFE8RihKI\/AAAAAAAANjE\/j_xBIUWYj7URYGB5Zf6UCRqPbIWG-k-ywCLcBGAs\/s800\/Mossenaires_16Juny2018_015.JPG?ssl=1\"  \/> <\/em><\/span><br \/>\n<span style=\"color: #008000\"><em>Per qui no h0 s\u00e0piga, qui va trobar aquests camins per portar-hi Mossenaires, ha estat en <a style=\"color: #008000\" href=\"http:\/\/mossenhoms.netfreehost.com\/mossenhoms-post-8218.html#8218\">Jordi Vi\u00f1eta <\/a>i que senyala el cam\u00ed amb l&#8217;index<\/em><\/span><\/h3>\n<h3><span style=\"color: #008000\"><em><img data-recalc-dims=\"1\" decoding=\"async\" src=\"https:\/\/i0.wp.com\/1.bp.blogspot.com\/-HjUFfxSmxpE\/WylFFNgKNiI\/AAAAAAAANjI\/RrHQ-zJJIVQIw1jElYILhAq4vc3R3vwcwCLcBGAs\/s800\/Mossenaires_16Juny2018_016.JPG?ssl=1\"  \/> <\/em><\/span><br \/>\n<span style=\"color: #008000\"><em>Trepidant baixada d&#8217;en <a style=\"color: #008000\" href=\"http:\/\/mossenhoms.netfreehost.com\/viewtopic.php?p=12726&amp;mforum=mossenhoms#12726\">Joan Forte <\/a><\/em><\/span><br \/>\n<span style=\"color: #008000\"><em><img data-recalc-dims=\"1\" decoding=\"async\" src=\"https:\/\/i0.wp.com\/1.bp.blogspot.com\/-Ufi2KfuEJJE\/WylFFF5WwrI\/AAAAAAAANjM\/IgHjIvHHWpQHdlFi7dMOlfDqhgB_obf9gCLcBGAs\/s320\/Mossenaires_16Juny2018_017.JPG?ssl=1\"  \/> <\/em><\/span><br \/>\n<span style=\"color: #008000\"><em>Sebas, amb gran estil i precauci\u00f3 <\/em><\/span><br \/>\n<span style=\"color: #008000\"><em><img data-recalc-dims=\"1\" decoding=\"async\" src=\"https:\/\/i0.wp.com\/2.bp.blogspot.com\/-Qxc1fmctz6w\/WylFFZbQnnI\/AAAAAAAANjQ\/mZ2igwBWt-8X5SniIKUV8bm_pqO_8zMHgCLcBGAs\/s800\/Mossenaires_16Juny2018_018.JPG?ssl=1\"  \/> <\/em><\/span><br \/>\n<span style=\"color: #008000\"><em>Conxa tamb\u00e9 baixant per primera vegada per aquests camins <\/em><\/span><br \/>\n<span style=\"color: #008000\"><em><img data-recalc-dims=\"1\" decoding=\"async\" src=\"https:\/\/i0.wp.com\/3.bp.blogspot.com\/-uXQRafngbmY\/WylFFR9KkhI\/AAAAAAAANjU\/9oV8Qa6atS4Hd3Io3tvgMY50z8lho0JewCLcBGAs\/s800\/Mossenaires_16Juny2018_019.JPG?ssl=1\"  \/> <\/em><\/span><br \/>\n<span style=\"color: #008000\"><em>I la Gemma tamb\u00e9 dominant el terreny <\/em><\/span><br \/>\n<span style=\"color: #008000\"><em><img data-recalc-dims=\"1\" decoding=\"async\" src=\"https:\/\/i0.wp.com\/1.bp.blogspot.com\/-dfcPjRADcoo\/WylFFgW6q1I\/AAAAAAAANjY\/la6oR2-Pa6IBFOIkVYYwSrjYw5oMfL4WgCLcBGAs\/s320\/Mossenaires_16Juny2018_020.JPG?ssl=1\"  \/> <\/em><\/span><br \/>\n<span style=\"color: #008000\"><em>I en <a style=\"color: #008000\" href=\"http:\/\/mossenhoms.netfreehost.com\/mossenhoms-post-13687.html#13687\">Xavi Pons <\/a>s&#8217;hi posa b\u00e9. Domini del terreny <\/em><\/span><br \/>\n<span style=\"color: #008000\"><em><img data-recalc-dims=\"1\" decoding=\"async\" src=\"https:\/\/i0.wp.com\/3.bp.blogspot.com\/-qqCefUOmWsA\/WylFF0r8I1I\/AAAAAAAANjc\/07OZI6yD-KQpIsT3QzRkU0jopypyESEsgCLcBGAs\/s800\/Mossenaires_16Juny2018_021.JPG?ssl=1\"  \/> <\/em><\/span><br \/>\n<span style=\"color: #008000\"><em>Miguel, ho ha passat b\u00e9 tamb\u00e9,<\/em><\/span><\/h3>\n<h3><span style=\"color: #008000\"><em><img data-recalc-dims=\"1\" decoding=\"async\" src=\"https:\/\/i0.wp.com\/4.bp.blogspot.com\/-HLPMLhHpI7Y\/WylFGcUTrgI\/AAAAAAAANjg\/PG5iqpCf4yAtButXV9PBChknFJfFIQPmACLcBGAs\/s800\/Mossenaires_16Juny2018_022.JPG?ssl=1\"  \/> <\/em><\/span><br \/>\n<span style=\"color: #008000\"><em>En Jordi \u00e9s l&#8217;autor de la trobada d&#8217;aquest recorregut <\/em><\/span><br \/>\n<span style=\"color: #008000\"><em><img data-recalc-dims=\"1\" decoding=\"async\" src=\"https:\/\/i0.wp.com\/3.bp.blogspot.com\/-nlJcp3itLY8\/WylFG-nh_MI\/AAAAAAAANjk\/YLpAgkzUQaY1Rf-eAopEzSuevpnhiMDiwCLcBGAs\/s800\/Mossenaires_16Juny2018_023.JPG?ssl=1\"  \/> <\/em><\/span><br \/>\n<span style=\"color: #008000\"><em>I en Jordi, en Fran i tots agafats de les mans!!!, fant\u00e0tica imatge! <\/em><\/span><br \/>\n<span style=\"color: #008000\"><em><img data-recalc-dims=\"1\" decoding=\"async\" src=\"https:\/\/i0.wp.com\/4.bp.blogspot.com\/-RA_ubGnYwY0\/WylFHAOcZWI\/AAAAAAAANjo\/rh-RPGvQLzEczRl3snzpxRpwtvz_B8vtACLcBGAs\/s800\/Mossenaires_16Juny2018_024.JPG?ssl=1\"  \/> <\/em><\/span><br \/>\n<span style=\"color: #008000\"><em>I hem arribat a la m\u00e0gica font dels Pl\u00e0tans <\/em><\/span><br \/>\n<span style=\"color: #008000\"><em><img data-recalc-dims=\"1\" decoding=\"async\" src=\"https:\/\/i0.wp.com\/3.bp.blogspot.com\/-Kt1YRNL8qW0\/WylFHNLlqRI\/AAAAAAAANjs\/VMtC5jIf9loxnHAE3L9a9I86odgn9SFogCLcBGAs\/s800\/Mossenaires_16Juny2018_025.JPG?ssl=1\"  \/> <\/em><\/span><br \/>\n<span style=\"color: #008000\"><em>I el rac\u00f3 \u00e9s estret i Mossenaires, ben engantxadets <\/em><\/span><br \/>\n<span style=\"color: #008000\"><em><img data-recalc-dims=\"1\" decoding=\"async\" src=\"https:\/\/i0.wp.com\/1.bp.blogspot.com\/-ZvwrtbG3G50\/WylFHa6FOKI\/AAAAAAAANjw\/dsBV6ZWvSc8XxaGutVa4jaxi9AhUXC9hgCLcBGAs\/s800\/Mossenaires_16Juny2018_026.JPG?ssl=1\"  \/><\/em><\/span><\/h3>\n<h3><span style=\"color: #008000\"><em><img data-recalc-dims=\"1\" decoding=\"async\" src=\"https:\/\/i0.wp.com\/2.bp.blogspot.com\/-4Sp_tHSpza8\/WylFHnKOpII\/AAAAAAAANj0\/hQALiGJX2vc52LCerH1qa95LYu2Oh3BbACLcBGAs\/s800\/Mossenaires_16Juny2018_027.JPG?ssl=1\"  \/> <\/em><\/span><br \/>\n<span style=\"color: #008000\"><em>I ambient de frescor al costat d&#8217;en Manuel <\/em><\/span><br \/>\n<span style=\"color: #008000\"><em><img data-recalc-dims=\"1\" decoding=\"async\" src=\"https:\/\/i0.wp.com\/3.bp.blogspot.com\/-ueBKPRY310M\/WylFICjmsHI\/AAAAAAAANj4\/UFLtUziRCOMOF5GcE0FsGOYgk4oHcH53QCLcBGAs\/s800\/Mossenaires_16Juny2018_028.JPG?ssl=1\"  \/> <\/em><\/span><br \/>\n<span style=\"color: #008000\"><em>B\u00e9 mereix una bona foto d&#8217;en Juanma <\/em><\/span><br \/>\n<span style=\"color: #008000\"><em><img data-recalc-dims=\"1\" decoding=\"async\" src=\"https:\/\/i0.wp.com\/4.bp.blogspot.com\/-lee8ako9SJg\/WylFIYMVGSI\/AAAAAAAANj8\/Ds79J6zDb0Yo-NAWk_oGpZvTuqv3wWc1gCLcBGAs\/s320\/Mossenaires_16Juny2018_029.JPG?ssl=1\"  \/><\/em><\/span><\/h3>\n<h3><span style=\"color: #008000\"><em><img data-recalc-dims=\"1\" decoding=\"async\" src=\"https:\/\/i0.wp.com\/1.bp.blogspot.com\/-yyy-c0uMkV0\/WylFIiVdCPI\/AAAAAAAANkA\/T_DS0rmpHA4TR05NHIcOfQtwQwxZPhW1gCLcBGAs\/s800\/Mossenaires_16Juny2018_030.JPG?ssl=1\"  \/><\/em><\/span><\/h3>\n<h3><span style=\"color: #008000\"><em><img data-recalc-dims=\"1\" decoding=\"async\" src=\"https:\/\/i0.wp.com\/1.bp.blogspot.com\/-svKkUiftxnE\/WylFIrtBR9I\/AAAAAAAANkE\/PyI5hLQ8Oo8a-_JLiotuF8y9dK8MxMMRwCLcBGAs\/s800\/Mossenaires_16Juny2018_031.JPG?ssl=1\"  \/><\/em><\/span><\/h3>\n<h3><span style=\"color: #008000\"><em><img data-recalc-dims=\"1\" decoding=\"async\" src=\"https:\/\/i0.wp.com\/1.bp.blogspot.com\/-z-ntj7xiqB0\/WylFIh50OMI\/AAAAAAAANkI\/yjGabHky1MosVst6uIo9RwHUPvfXO_BWACLcBGAs\/s800\/Mossenaires_16Juny2018_032.JPG?ssl=1\"  \/> <\/em><\/span><br \/>\n<span style=\"color: #008000\"><em><a style=\"color: #008000\" href=\"http:\/\/mossenhoms.netfreehost.com\/mossenhoms-post-14094.html#14094\">JuanMa Martin <\/a>i <a style=\"color: #008000\" href=\"http:\/\/mossenhoms.netfreehost.com\/mossenhoms-post-13546.html#13546\">Sebasti\u00e1n Morales <\/a>, tenim una bona foto <\/em><\/span><br \/>\n<span style=\"color: #008000\"><em><img data-recalc-dims=\"1\" decoding=\"async\" src=\"https:\/\/i0.wp.com\/4.bp.blogspot.com\/-ifMRdy1jBGs\/WylFIykUFAI\/AAAAAAAANkM\/2KGKP-6D4M89dN9Ltj7v-g_hAFLFOpnIQCLcBGAs\/s800\/Mossenaires_16Juny2018_033.JPG?ssl=1\"  \/><\/em><\/span><\/h3>\n<h3><span style=\"color: #008000\"><em><img data-recalc-dims=\"1\" decoding=\"async\" src=\"https:\/\/i0.wp.com\/4.bp.blogspot.com\/-jHmOreRo4dw\/WylFJD7Fk4I\/AAAAAAAANkQ\/yKslZDOayBUU7ilGD2nX1QF5El8X1Xr5gCLcBGAs\/s320\/Mossenaires_16Juny2018_034.JPG?ssl=1\"  \/><\/em><\/span><\/h3>\n<h3><span style=\"color: #008000\"><em><img data-recalc-dims=\"1\" decoding=\"async\" src=\"https:\/\/i0.wp.com\/3.bp.blogspot.com\/-61Uuo_qr60g\/WylFJRG03AI\/AAAAAAAANkU\/c3NxgrtRHjAHSbHDw_-wS83ljB6TZ3qIQCLcBGAs\/s800\/Mossenaires_16Juny2018_035.JPG?ssl=1\"  \/><\/em><\/span><\/h3>\n<h3><span style=\"color: #008000\"><em><img data-recalc-dims=\"1\" decoding=\"async\" src=\"https:\/\/i0.wp.com\/1.bp.blogspot.com\/-sJK8bZ3HfAg\/WylFJcIru2I\/AAAAAAAANkY\/PH9dUO2y7OoNUm0mCADxPIUPCEM2XwyBgCLcBGAs\/s800\/Mossenaires_16Juny2018_036.JPG?ssl=1\"  \/><\/em><\/span><\/h3>\n<h3><span style=\"color: #008000\"><em><img data-recalc-dims=\"1\" decoding=\"async\" src=\"https:\/\/i0.wp.com\/4.bp.blogspot.com\/-QhVUfxNX-5w\/WylFJalABuI\/AAAAAAAANkc\/SkuWJy4EQR0YLsrLPY_Ph2lSGEzzKsI0ACLcBGAs\/s800\/Mossenaires_16Juny2018_037.JPG?ssl=1\"  \/><\/em><\/span><\/h3>\n<h3><span style=\"color: #008000\"><em><img data-recalc-dims=\"1\" decoding=\"async\" src=\"https:\/\/i0.wp.com\/3.bp.blogspot.com\/-RDvrTg52uQE\/WylFKC_VhWI\/AAAAAAAANkg\/BCPPfkeI0-8UAwxFMaVT3IgvIzxnzr0vwCLcBGAs\/s800\/Mossenaires_16Juny2018_038.JPG?ssl=1\"  \/><\/em><\/span><\/h3>\n<h3><span style=\"color: #008000\"><em><img data-recalc-dims=\"1\" decoding=\"async\" src=\"https:\/\/i0.wp.com\/2.bp.blogspot.com\/-HL5QysfkwhQ\/WylFKZ0yPKI\/AAAAAAAANkk\/7_SNQrI_AD4HskqaEc29xs9WD0FvguG5gCLcBGAs\/s800\/Mossenaires_16Juny2018_039.JPG?ssl=1\"  \/><\/em><\/span><\/h3>\n<h3><span style=\"color: #008000\"><em><img data-recalc-dims=\"1\" decoding=\"async\" src=\"https:\/\/i0.wp.com\/4.bp.blogspot.com\/-jOVXVoH7ARc\/WylFKYMgaYI\/AAAAAAAANko\/Jl0lyaLUB9AXOzwFTRV7RUVCTvL5jZn1wCLcBGAs\/s800\/Mossenaires_16Juny2018_040.JPG?ssl=1\"  \/><\/em><\/span><\/h3>\n<h3><span style=\"color: #008000\"><em><img data-recalc-dims=\"1\" decoding=\"async\" src=\"https:\/\/i0.wp.com\/1.bp.blogspot.com\/-YojZ4_0Lql4\/WylFKmd6QsI\/AAAAAAAANks\/IIJPL9PgCxoVOhP3s-tyEWXakbvcPSCqQCLcBGAs\/s800\/Mossenaires_16Juny2018_041.JPG?ssl=1\"  \/><\/em><\/span><\/h3>\n<h3><span style=\"color: #008000\"><em><img data-recalc-dims=\"1\" decoding=\"async\" src=\"https:\/\/i0.wp.com\/2.bp.blogspot.com\/-QllL9RVJpkY\/WylFKkQzN1I\/AAAAAAAANkw\/hcUZHDfFGZIHRw3y3oyLSvbXyQFSJVIDQCLcBGAs\/s800\/Mossenaires_16Juny2018_042.JPG?ssl=1\"  \/><\/em><\/span><\/h3>\n<h3><span style=\"color: #008000\"><em><img data-recalc-dims=\"1\" decoding=\"async\" src=\"https:\/\/i0.wp.com\/4.bp.blogspot.com\/-CKSZ2P39S0o\/WylFKxNmhsI\/AAAAAAAANk0\/trIEstpXctYx9wT83AH4zYqO6hF0G-JewCLcBGAs\/s800\/Mossenaires_16Juny2018_043.JPG?ssl=1\"  \/><\/em><\/span><\/h3>\n<h3><span style=\"color: #008000\"><em><img data-recalc-dims=\"1\" decoding=\"async\" src=\"https:\/\/i0.wp.com\/1.bp.blogspot.com\/-757fcHvwHW0\/WylFLOuWjXI\/AAAAAAAANk4\/bkL9xzXWIGAVSe_ZhkdN24ypPXWZggNbwCLcBGAs\/s800\/Mossenaires_16Juny2018_044.JPG?ssl=1\"  \/><\/em><\/span><\/h3>\n<h3><span style=\"color: #008000\"><em><img data-recalc-dims=\"1\" decoding=\"async\" src=\"https:\/\/i0.wp.com\/3.bp.blogspot.com\/-gXl9yRelyWU\/WylFLIdgh2I\/AAAAAAAANk8\/wfkbh-ZX7Mkn0mFjRAi_CXCKy9vVC5gwwCLcBGAs\/s800\/Mossenaires_16Juny2018_045.JPG?ssl=1\"  \/><\/em><\/span><\/h3>\n<h3><span style=\"color: #008000\"><em><img data-recalc-dims=\"1\" decoding=\"async\" src=\"https:\/\/i0.wp.com\/1.bp.blogspot.com\/-NkIhL9gDPJg\/WylFLE9RRuI\/AAAAAAAANlA\/IsfJoTrYcSgMiuxVnqXwmsOVGrE6S-IeQCLcBGAs\/s800\/Mossenaires_16Juny2018_046.JPG?ssl=1\"  \/><\/em><\/span><\/h3>\n<h3><span style=\"color: #008000\"><em><img data-recalc-dims=\"1\" decoding=\"async\" src=\"https:\/\/i0.wp.com\/2.bp.blogspot.com\/-ER8SqJ56ENw\/WylFLjXbEsI\/AAAAAAAANlE\/I2AHby7V9dQSKfxDvziapUs-bidLcX3_wCLcBGAs\/s800\/Mossenaires_16Juny2018_047.JPG?ssl=1\"  \/><\/em><\/span><\/h3>\n<h3><span style=\"color: #008000\"><em><img data-recalc-dims=\"1\" decoding=\"async\" src=\"https:\/\/i0.wp.com\/1.bp.blogspot.com\/-Cq_X4PJmlOQ\/WylFMIN2O4I\/AAAAAAAANlI\/Bxf82OtGRCs4Bzm2qUdeKM3J83j-TLpcQCLcBGAs\/s800\/Mossenaires_16Juny2018_048.JPG?ssl=1\"  \/><\/em><\/span><\/h3>\n<h3><span style=\"color: #008000\"><em><img data-recalc-dims=\"1\" decoding=\"async\" src=\"https:\/\/i0.wp.com\/2.bp.blogspot.com\/-RG99uPw1eVY\/WylFMHum_BI\/AAAAAAAANlM\/r5_gBhRBmZApXT8vb39XPYwCEagMx46wQCLcBGAs\/s800\/Mossenaires_16Juny2018_049.JPG?ssl=1\"  \/><\/em><\/span><\/h3>\n<h3><span style=\"color: #008000\"><em><img data-recalc-dims=\"1\" decoding=\"async\" src=\"https:\/\/i0.wp.com\/3.bp.blogspot.com\/-QcIqsa13Rjc\/WylFMCiGngI\/AAAAAAAANlQ\/pMxrgKS1lxYTCz4YbPk2AfXB7L2DGtHHACLcBGAs\/s800\/Mossenaires_16Juny2018_050.JPG?ssl=1\"  \/><\/em><\/span><\/h3>\n<h3><span style=\"color: #008000\"><em><img data-recalc-dims=\"1\" decoding=\"async\" src=\"https:\/\/i0.wp.com\/2.bp.blogspot.com\/-xFfDjvP_A4s\/WylFMWxdqJI\/AAAAAAAANlU\/3cZVNJvuoBA7V7ldWrf31ER64uBBfzc9ACLcBGAs\/s800\/Mossenaires_16Juny2018_051.JPG?ssl=1\"  \/><\/em><\/span><\/h3>\n<h3><span style=\"color: #008000\"><em><img data-recalc-dims=\"1\" decoding=\"async\" src=\"https:\/\/i0.wp.com\/3.bp.blogspot.com\/-57yX1u3TMBY\/WylFMpf7DkI\/AAAAAAAANlY\/xjTrloTBRq0Hamj5mq2QIKiq4sc_cMDhQCLcBGAs\/s800\/Mossenaires_16Juny2018_052.JPG?ssl=1\"  \/><\/em><\/span><\/h3>\n<h3><span style=\"color: #008000\"><em><img data-recalc-dims=\"1\" decoding=\"async\" src=\"https:\/\/i0.wp.com\/2.bp.blogspot.com\/-u1Cwd-EmVKU\/WylFNf-XtbI\/AAAAAAAANlc\/Ri_zhTp38Nw_1GCbsy7ccwDkEVo2Lt-tQCLcBGAs\/s800\/Mossenaires_16Juny2018_053.JPG?ssl=1\"  \/><\/em><\/span><\/h3>\n<h3><span style=\"color: #008000\"><em><img data-recalc-dims=\"1\" decoding=\"async\" src=\"https:\/\/i0.wp.com\/1.bp.blogspot.com\/-AE8M3DZWIfI\/WylFNk9zusI\/AAAAAAAANlg\/b-TWiC_s7PQaL0qWv-b1s_O83JB0EuZRwCLcBGAs\/s800\/Mossenaires_16Juny2018_054.JPG?ssl=1\"  \/><\/em><\/span><\/h3>\n<h3><span style=\"color: #008000\"><em><img data-recalc-dims=\"1\" decoding=\"async\" src=\"https:\/\/i0.wp.com\/2.bp.blogspot.com\/-fsKHPevQ8ks\/WylFNkKZioI\/AAAAAAAANlk\/Oe68CuD2iEIOOkYGPJWFp0EZknfZ7t-IwCLcBGAs\/s800\/Mossenaires_16Juny2018_055.JPG?ssl=1\"  \/> <\/em><\/span><br \/>\n<span style=\"color: #008000\"><em>Fran amb l&#8217;obelisc que diu que \u00e9s el terme municipal de Sabadell <\/em><\/span><br \/>\n<span style=\"color: #008000\"><em><img data-recalc-dims=\"1\" decoding=\"async\" src=\"https:\/\/i0.wp.com\/2.bp.blogspot.com\/-XKaovVD24eg\/WylFN4DTV2I\/AAAAAAAANlo\/zOaxj8iDOUs6TU3khQkL5co_YvqFPxB_QCLcBGAs\/s800\/Mossenaires_16Juny2018_056.JPG?ssl=1\"  \/> <\/em><\/span><br \/>\n<span style=\"color: #008000\"><em>quin domini dels rierols <\/em><\/span><br \/>\n<span style=\"color: #008000\"><em><img data-recalc-dims=\"1\" decoding=\"async\" src=\"https:\/\/i0.wp.com\/3.bp.blogspot.com\/-6MHY6dyqgLI\/WylFOIjDJ6I\/AAAAAAAANls\/xSPYSzDjZCY-Tg267O7rqOGiQXnmEv15QCLcBGAs\/s800\/Mossenaires_16Juny2018_057.JPG?ssl=1\"  \/><\/em><\/span><\/h3>\n<h3><span style=\"color: #008000\"><em><img data-recalc-dims=\"1\" decoding=\"async\" src=\"https:\/\/i0.wp.com\/4.bp.blogspot.com\/-UM3fjWKS4Wc\/WylFOPuisFI\/AAAAAAAANlw\/zihz_gQgIWMqdW1vVEOHYKm_X7-dQtrqACLcBGAs\/s800\/Mossenaires_16Juny2018_058.JPG?ssl=1\"  \/> <\/em><\/span><br \/>\n<span style=\"color: #008000\"><em>amb precauci\u00f3, no sigui ensopeguem dins l&#8217;aigua<\/em><\/span><\/h3>\n<h3><span style=\"color: #008000\"><em><img data-recalc-dims=\"1\" decoding=\"async\" src=\"https:\/\/i0.wp.com\/3.bp.blogspot.com\/-VaG05HKUpjw\/WylFOVSqu5I\/AAAAAAAANl0\/ugbcGRVYfxAqT-XCTLPcPFjfTw2BG51cQCLcBGAs\/s800\/Mossenaires_16Juny2018_059.JPG?ssl=1\"  \/> <\/em><\/span><br \/>\n<span style=\"color: #008000\"><em>La bandera continua cap al moment familiar a l&#8217;esquena de l&#8217;Antonio <\/em><\/span><br \/>\n<span style=\"color: #008000\"><em><img data-recalc-dims=\"1\" decoding=\"async\" src=\"https:\/\/i0.wp.com\/2.bp.blogspot.com\/-HjlMHK1cTh0\/WylFOUKfedI\/AAAAAAAANl4\/0i1KrpmHe3UH5jooraLignhXMpRLt6r9ACLcBGAs\/s800\/Mossenaires_16Juny2018_060.JPG?ssl=1\"  \/> <\/em><\/span><br \/>\n<span style=\"color: #008000\"><em>En Joan, fidel a la seva promesa de ser-hi, tot i el sopar del Grup Runparadis, del que jo tamb\u00e9 vaig gaudir. Impressionant!! <\/em><\/span><br \/>\n<span style=\"color: #008000\"><em>[img]ttps:\/\/2.bp.blogspot.com\/-GdiB1NVjWFc\/WylFOpDEJmI\/AAAAAAAANl8\/D_ZS6qWcmaAr7t_6zA2JoRqo_EMuEzCpQCLcBGAs\/s800\/Mossenaires_16Juny2018_061.JPG[\/img] <\/em><\/span><br \/>\n<span style=\"color: #008000\"><em><a style=\"color: #008000\" href=\"https:\/\/www.youtube.com\/watch?v=GChYc42Sh1g\">Anda Los donuts! <\/a><\/em><\/span><br \/>\n<span style=\"color: #008000\"><em><img data-recalc-dims=\"1\" decoding=\"async\" src=\"https:\/\/i0.wp.com\/2.bp.blogspot.com\/-Z4gGBdqhrSU\/WylFOy-FRiI\/AAAAAAAANmA\/HcB1QtftTC8VyIroIQgC4ZnYDb8gkjc9QCLcBGAs\/s800\/Mossenaires_16Juny2018_062.JPG?ssl=1\"  \/> <\/em><\/span><br \/>\n<span style=\"color: #008000\"><em>Surt la bandera i la Gemma no s&#8217;ho pot creure!! <\/em><\/span><br \/>\n<span style=\"color: #008000\"><em><img data-recalc-dims=\"1\" decoding=\"async\" src=\"https:\/\/i0.wp.com\/2.bp.blogspot.com\/-4g-LJipldR4\/WylFOxopVaI\/AAAAAAAANmE\/-ogDEqFy2BU_vujueFbp-dCzzabHSDOPACLcBGAs\/s800\/Mossenaires_16Juny2018_063.JPG?ssl=1\"  \/> <\/em><\/span><br \/>\n<span style=\"color: #008000\"><em>Desplegament<\/em><\/span><\/h3>\n<h3><span style=\"color: #008000\"><em>I ara els nostres aniversaris a Mossenaires d&#8217;Honor<\/em><\/span><\/h3>\n<h3><span style=\"color: #008000\"><em><img data-recalc-dims=\"1\" decoding=\"async\" src=\"https:\/\/i0.wp.com\/2.bp.blogspot.com\/-p5np1uB5OzM\/WyPpSudLsJI\/AAAAAAAAfbk\/0nj_do3jHvwoIKreWXGv4b2VeGX_x6l4gCLcBGAs\/s800\/aniversaris_mossenaires.jpg?ssl=1\"  \/><\/em><\/span><\/h3>\n<h3><span style=\"color: #008000\"><em><img data-recalc-dims=\"1\" decoding=\"async\" src=\"https:\/\/i0.wp.com\/4.bp.blogspot.com\/-u_OH_IocdC8\/WylFPO-uHUI\/AAAAAAAANmI\/Vn0z0sRC2rYloejzB1IUpP54mSV42IjCQCLcBGAs\/s800\/Mossenaires_16Juny2018_064.JPG?ssl=1\"  \/> <\/em><\/span><br \/>\n<span style=\"color: #008000\"><em>Fran frutos va ser Mossenaire d&#8217;honor el 2008 <\/em><\/span><br \/>\n<span style=\"color: #008000\"><em>[img][\/img]<\/em><\/span><\/h3>\n<h3><span style=\"color: #008000\"><em><img data-recalc-dims=\"1\" decoding=\"async\" src=\"https:\/\/i0.wp.com\/1.bp.blogspot.com\/-LKjpGgOMMfY\/WylFPkbCIAI\/AAAAAAAANmM\/0BOc3W7GZjUvh66DGXZAWO-UrRNK6_XIACLcBGAs\/s800\/Mossenaires_16Juny2018_065.JPG?ssl=1\"  \/> <\/em><\/span><br \/>\n<span style=\"color: #008000\"><em><a style=\"color: #008000\" href=\"http:\/\/mossenhoms.netfreehost.com\/viewtopic.php?p=13870&amp;mforum=mossenhoms#13870\">Fran Frutos <\/a><\/em><\/span><br \/>\n<span style=\"color: #008000\"><em><img data-recalc-dims=\"1\" decoding=\"async\" src=\"https:\/\/i0.wp.com\/1.bp.blogspot.com\/-uMTv-GTEHTU\/WylFPze6l5I\/AAAAAAAANmQ\/aY2YHYbeNIQ29nE2p-yq6snPNxkbQV76ACLcBGAs\/s800\/Mossenaires_16Juny2018_066.JPG?ssl=1\"  \/> <\/em><\/span><br \/>\n<span style=\"color: #008000\"><em>Gr\u00e0cies!!<\/em><\/span><\/h3>\n<h3><span style=\"color: #008000\"><em><img data-recalc-dims=\"1\" decoding=\"async\" src=\"https:\/\/i0.wp.com\/1.bp.blogspot.com\/--UOzANJ5BvY\/WylFP2n5a4I\/AAAAAAAANmU\/_gHuCy_1PfEI5HVnEon-PzwbljC4Dap_gCLcBGAs\/s800\/Mossenaires_16Juny2018_067.JPG?ssl=1\"  \/> <\/em><\/span><br \/>\n<span style=\"color: #008000\"><em>I el nostre bandera, va ser Mossenaire d&#8217;Honor: el 2015 <\/em><\/span><br \/>\n<span style=\"color: #008000\"><em><img data-recalc-dims=\"1\" decoding=\"async\" src=\"https:\/\/i0.wp.com\/1.bp.blogspot.com\/-raiOwMvG1Uo\/WylFQGzg3HI\/AAAAAAAANmY\/NdvlmilJ5jY-dlueKHwklHTwkwcJZrZUwCLcBGAs\/s800\/Mossenaires_16Juny2018_068.JPG?ssl=1\"  \/> <\/em><\/span><br \/>\n<span style=\"color: #008000\"><em><a style=\"color: #008000\" href=\"http:\/\/mossenhoms.netfreehost.com\/viewtopic.php?p=13792&amp;mforum=mossenhoms#13792\">Antonio Mayorgas <\/a>, Felicitats!! <\/em><\/span><br \/>\n<span style=\"color: #008000\"><em><img data-recalc-dims=\"1\" decoding=\"async\" src=\"https:\/\/i0.wp.com\/1.bp.blogspot.com\/-HTBRGfir8hI\/WylFQK5HJhI\/AAAAAAAANmc\/ijiWLpS2oigzt4S_hFG1H3YvrywQzJcNwCLcBGAs\/s800\/Mossenaires_16Juny2018_069.JPG?ssl=1\"  \/> <\/em><\/span><br \/>\n<span style=\"color: #008000\"><em>Ja tres anys amb nosaltres i garieb\u00e9 no falla mai. Gr\u00e0cies!! <\/em><\/span><br \/>\n<span style=\"color: #008000\"><em><img data-recalc-dims=\"1\" decoding=\"async\" src=\"https:\/\/i0.wp.com\/3.bp.blogspot.com\/-Nrnq5WKw4v0\/WylFQfqhvjI\/AAAAAAAANmg\/A7BIkYSEkpgXJ6uGmZtNZ0GWVDxiVQPyQCLcBGAs\/s1600\/Mossenaires_16Juny2018_070a.jpg?ssl=1\"  \/><\/em><\/span><br \/>\n<span style=\"color: #008000\"><em>I just al punt on hi havia abans el pant\u00e0 de Ribatallada <\/em><\/span><br \/>\n<span style=\"color: #008000\"><em><a style=\"color: #008000\" href=\"https:\/\/amicsdelripoll.wordpress.com\/2013\/02\/20\/panta-de-ribatallada\/\">https:\/\/amicsdelripoll.wordpress.com\/2013\/02\/20\/panta-de-ribatallada\/<\/a> <\/em><\/span><br \/>\n<span style=\"color: #008000\"><em>La foto de fam\u00edlia en un lloc carregat d&#8217;hist\u00f2ria<\/em><\/span><\/h3>\n<h3><span style=\"color: #008000\"><em><img data-recalc-dims=\"1\" decoding=\"async\" src=\"https:\/\/i0.wp.com\/4.bp.blogspot.com\/-eLib0w5IOfc\/WylFQsOKo2I\/AAAAAAAANmk\/4oCiClc_l9U8zV-lcFTR7tNu1cKM4HSfgCLcBGAs\/s800\/Mossenaires_16Juny2018_071.JPG?ssl=1\"  \/><\/em><\/span><\/h3>\n<h3><span style=\"color: #008000\"><em><img data-recalc-dims=\"1\" decoding=\"async\" src=\"https:\/\/i0.wp.com\/2.bp.blogspot.com\/-jMaAr5tqJBs\/WylFQgGIeOI\/AAAAAAAANmo\/z7YM6Ekag8E5414U27N2QPlFJnl_B0GkQCLcBGAs\/s800\/Mossenaires_16Juny2018_072.JPG?ssl=1\"  \/><\/em><\/span><\/h3>\n<h3><span style=\"color: #008000\"><em><img data-recalc-dims=\"1\" decoding=\"async\" src=\"https:\/\/i0.wp.com\/4.bp.blogspot.com\/-SU9Yp2ip_hs\/WylFQkRgGwI\/AAAAAAAANms\/OBHztvH-DpkO2Eq74fyN4EEANErB4MBFQCLcBGAs\/s800\/Mossenaires_16Juny2018_073.JPG?ssl=1\"  \/><\/em><\/span><\/h3>\n<h3><span style=\"color: #008000\"><em>I ara toca pujar pel torrent de Ribatallada <\/em><\/span><br \/>\n<span style=\"color: #008000\"><em><img data-recalc-dims=\"1\" decoding=\"async\" src=\"https:\/\/i0.wp.com\/4.bp.blogspot.com\/-Q_APTkNWZV0\/WylFRAXl-KI\/AAAAAAAANmw\/cBrug2NnUKoJYgdsKsN5kgWPnmYSa76DQCLcBGAs\/s800\/Mossenaires_16Juny2018_074.JPG?ssl=1\"  \/><\/em><\/span><\/h3>\n<h3><span style=\"color: #008000\"><em><img data-recalc-dims=\"1\" decoding=\"async\" src=\"https:\/\/i0.wp.com\/3.bp.blogspot.com\/-i2O_xK3Iw0o\/WylFRQ2hPDI\/AAAAAAAANm0\/F_hV4NcjEA8RH_GjacLE5md8USNB_Ye8gCLcBGAs\/s800\/Mossenaires_16Juny2018_075.JPG?ssl=1\"  \/><\/em><\/span><\/h3>\n<h3><span style=\"color: #008000\"><em><img data-recalc-dims=\"1\" decoding=\"async\" src=\"https:\/\/i0.wp.com\/2.bp.blogspot.com\/-zp0AhEL8Xtw\/WylFRktryyI\/AAAAAAAANm4\/C-I6RBdJwj4BiGWRPeX9zTRMSFR0VfTDACLcBGAs\/s320\/Mossenaires_16Juny2018_076.JPG?ssl=1\"  \/><\/em><\/span><\/h3>\n<h3><span style=\"color: #008000\"><em><img data-recalc-dims=\"1\" decoding=\"async\" src=\"https:\/\/i0.wp.com\/4.bp.blogspot.com\/-px-cKtOlL1o\/WylFRsyEbCI\/AAAAAAAANm8\/5opGKLhR0aA7askKMpQyT3ScbpRnOvyugCLcBGAs\/s800\/Mossenaires_16Juny2018_077.JPG?ssl=1\"  \/> <\/em><\/span><br \/>\n<span style=\"color: #008000\"><em><a style=\"color: #008000\" href=\"http:\/\/mossenhoms.netfreehost.com\/mossenhoms-post-13581.html#13581\">Imma Morales <\/a><\/em><\/span><br \/>\n<span style=\"color: #008000\"><em><img data-recalc-dims=\"1\" decoding=\"async\" src=\"https:\/\/i0.wp.com\/3.bp.blogspot.com\/-luCNQTrKAeE\/WylFRxb1LlI\/AAAAAAAANnA\/Gzuzj3MeVuMabW-5sbRv06oi4om_lPwXgCLcBGAs\/s800\/Mossenaires_16Juny2018_078.JPG?ssl=1\"  \/> <\/em><\/span><br \/>\n<span style=\"color: #008000\"><em>I les darreres fotografies al camp base, davant la Masia de Torre Moss\u00e8n Homs<\/em><\/span><\/h3>\n<h3><span style=\"color: #008000\"><em><img data-recalc-dims=\"1\" decoding=\"async\" src=\"https:\/\/i0.wp.com\/2.bp.blogspot.com\/-U6ebD8EvE-8\/WylFRy7sMaI\/AAAAAAAANnE\/qpFzJehl_Hszr4aljRQ1pdrUYDAAKehwgCLcBGAs\/s800\/Mossenaires_16Juny2018_079.JPG?ssl=1\"  \/><\/em><\/span><\/h3>\n<h3><span style=\"color: #008000\"><em><a style=\"color: #008000\" href=\"https:\/\/www.strava.com\/activities\/1648866804\"><img data-recalc-dims=\"1\" decoding=\"async\" src=\"https:\/\/i0.wp.com\/1.bp.blogspot.com\/-3dgvAp70gJU\/WyqYfuBK0EI\/AAAAAAAANnw\/duV49smwOPMEKoRXvezR34cFpBL6GaIwgCLcBGAs\/s800\/Mossenaires_16Juny2018_080circuit.JPG?ssl=1\"  \/><\/a> <\/em><\/span><br \/>\n<span style=\"color: #008000\"><em><a style=\"color: #008000\" href=\"https:\/\/www.strava.com\/activities\/1648866804\">https:\/\/www.strava.com\/activities\/1648866804<\/a> <\/em><\/span><br \/>\n<span style=\"color: #008000\"><em><a style=\"color: #008000\" href=\"https:\/\/youtu.be\/ilYlPSt5SCE\"><img data-recalc-dims=\"1\" decoding=\"async\" src=\"https:\/\/i0.wp.com\/3.bp.blogspot.com\/-rKPpsUomqsQ\/WyqaEKxltCI\/AAAAAAAANn8\/Vj4Q5jGHiUUmyYmH6Dl8ZncBxer4Ndx9QCLcBGAs\/s800\/Mossenaires_16Juny2018_081video.JPG?ssl=1\"  \/><\/a> <\/em><\/span><br \/>\n<span style=\"color: #008000\"><em><a style=\"color: #008000\" href=\"https:\/\/youtu.be\/ilYlPSt5SCE\">https:\/\/youtu.be\/ilYlPSt5SCE<\/a><\/em><\/span><\/h3>\n<h3><\/h3>\n<table style=\"padding-left: 30px;text-align: justify\" cellspacing=\"0\">\n<tbody style=\"padding-left: 30px\">\n<tr style=\"padding-left: 30px;text-align: justify\">\n<td style=\"padding-left: 30px\">\n<h3><span style=\"color: #008000\"><em><strong><span style=\"font-size: large\"><a style=\"color: #008000\" href=\"http:\/\/www.egargrafic.com\/\" target=\"_blank\" rel=\"noopener noreferrer\"><img data-recalc-dims=\"1\" decoding=\"async\" src=\"https:\/\/i0.wp.com\/www.josepmoliner.com\/egargrafic2.gif\" alt=\"\" \/><\/a><\/span><\/strong><\/em><\/span><\/h3>\n<\/td>\n<td style=\"padding-left: 30px\">\n<h3><span style=\"color: #008000\"><em><span style=\"font-size: large\"><strong><span style=\"font-size: xx-small\">\u00a0<\/span><\/strong><a style=\"color: #008000\" href=\"http:\/\/www.elroure.net\/fisioterapiaroura\/\" target=\"_blank\" rel=\"noopener noreferrer\"><img data-recalc-dims=\"1\" decoding=\"async\" src=\"https:\/\/i0.wp.com\/elroure.net\/fisioterapiaroura\/Fisioterapia_elroure.gif\" alt=\"\" \/><\/a><\/span><\/em><\/span><\/h3>\n<\/td>\n<\/tr>\n<tr style=\"padding-left: 30px;text-align: justify\">\n<td style=\"padding-left: 30px\">\n<h3><span style=\"color: #008000\"><em><strong><span style=\"font-size: large\"><a style=\"color: #008000\" href=\"http:\/\/www.grevolsalut.com\/\" target=\"_blank\" rel=\"noopener noreferrer\"><img data-recalc-dims=\"1\" decoding=\"async\" src=\"https:\/\/i0.wp.com\/www.elroure.net\/grevol\/grevol_salut.gif\" alt=\"\" \/><\/a><\/span><\/strong><\/em><\/span><\/h3>\n<\/td>\n<td style=\"padding-left: 30px\">\n<h3><span style=\"color: #008000\"><em><strong><a style=\"color: #008000\" href=\"http:\/\/www.elroure.net\/\" target=\"_blank\" rel=\"noopener noreferrer\"><span style=\"font-size: large\"><img data-recalc-dims=\"1\" decoding=\"async\" src=\"https:\/\/i0.wp.com\/elroure.net\/rourenet.gif\" alt=\"\" \/><\/span><\/a><\/strong><\/em><\/span><\/h3>\n<\/td>\n<\/tr>\n<tr style=\"padding-left: 30px;text-align: justify\">\n<td style=\"padding-left: 30px\">\n<h3><span style=\"color: #008000\"><em><strong><a style=\"color: #008000\" href=\"http:\/\/www.eledevall.com\/\" target=\"_blank\" rel=\"noopener noreferrer\"><span style=\"font-size: large\"><img data-recalc-dims=\"1\" decoding=\"async\" src=\"https:\/\/i0.wp.com\/josepmoliner.com\/eledevall.gif\" alt=\"\" \/><\/span><\/a><\/strong><\/em><\/span><\/h3>\n<\/td>\n<td style=\"padding-left: 30px\">\n<h3><span style=\"color: #008000\"><em><strong><a style=\"color: #008000\" href=\"http:\/\/civeracampoy.com\/index.php\/es\/\" target=\"_blank\" rel=\"noopener noreferrer\"><span style=\"font-size: large\"><img data-recalc-dims=\"1\" decoding=\"async\" src=\"https:\/\/i0.wp.com\/josepmoliner.com\/Civera%26Campoy.gif\" alt=\"\" \/><\/span><\/a><\/strong><\/em><\/span><\/h3>\n<\/td>\n<\/tr>\n<tr style=\"padding-left: 30px;text-align: justify\">\n<td style=\"padding-left: 30px\">\n<h3><span style=\"color: #008000\"><em><strong><span style=\"font-size: large\">\u00a0<\/span><\/strong><\/em><\/span><\/h3>\n<\/td>\n<td style=\"padding-left: 30px\">\n<h3><span style=\"color: #008000\"><em><strong><span style=\"font-size: large\">\u00a0<\/span><\/strong><\/em><\/span><\/h3>\n<\/td>\n<\/tr>\n<tr style=\"padding-left: 30px;text-align: justify\">\n<td style=\"padding-left: 30px\">\n<table style=\"padding-left: 30px;text-align: left\" cellspacing=\"0\">\n<tbody style=\"padding-left: 30px\">\n<tr style=\"padding-left: 30px;text-align: justify\">\n<td style=\"padding-left: 30px\">\n<h3><span style=\"color: #008000\"><em><strong><span style=\"font-size: large\">\u00a0vols el teu banner?<\/span><\/strong><\/em><\/span><\/h3>\n<\/td>\n<\/tr>\n<tr style=\"padding-left: 30px;text-align: justify\">\n<td style=\"padding-left: 30px\">\n<h3><span style=\"color: #008000\"><em><strong><span style=\"font-size: large\">\u00a0<\/span><\/strong><\/em><\/span><\/h3>\n<\/td>\n<\/tr>\n<\/tbody>\n<\/table>\n<\/td>\n<\/tr>\n<\/tbody>\n<\/table>\n","protected":false},"excerpt":{"rendered":"<p>Ens ha costat, despr\u00e9s d&#8217;una primavera tan plujosa, triar aquest circuit estiuenc &#8220;Mossenaire&#8221; i que sempre dona frescor i sensaci\u00f3 d&#8217;estar en un lloc m\u00e9s remot que no pas el dels vallesos. I \u00e9s que no ens cansarem de dir, que tenim una gran sort de tenir racons com aquests aqu\u00ed a la cantonada. Hem [&hellip;]<\/p>\n","protected":false},"author":171,"featured_media":0,"comment_status":"open","ping_status":"open","sticky":false,"template":"","format":"standard","meta":{"jetpack_post_was_ever_published":false,"_jetpack_newsletter_access":"","_jetpack_dont_email_post_to_subs":false,"_jetpack_newsletter_tier_id":0,"_jetpack_memberships_contains_paywalled_content":false,"_jetpack_memberships_contains_paid_content":false,"footnotes":"","jetpack_publicize_message":"","jetpack_publicize_feature_enabled":true,"jetpack_social_post_already_shared":false,"jetpack_social_options":{"image_generator_settings":{"template":"highway","default_image_id":0,"font":"","enabled":false},"version":2}},"categories":[2697,1644,25130,5580,4554,25102,25094,73],"tags":[2697,4656,25105,25130,25112,25126,25106,25094,25137,73],"class_list":["post-4724","post","type-post","status-publish","format-standard","hentry","category-amistat","category-correr","category-correrxerrar","category-entrenaments","category-mossenaires","category-mossenhoms-be","category-pep-moliner","category-terrassa","tag-amistat","tag-atletisme","tag-correr","tag-correrxerrar","tag-entrenament-en-grup","tag-entrenaments-torre-mossen-homs","tag-mossenaires","tag-pep-moliner","tag-sabadell","tag-terrassa"],"jetpack_publicize_connections":[],"jetpack_featured_media_url":"","jetpack_sharing_enabled":true,"jetpack_shortlink":"https:\/\/wp.me\/pagkiK-1ec","jetpack-related-posts":[{"id":4431,"url":"https:\/\/blogs.avui.cat\/pepmoliner\/2017\/03\/08\/entrenament-mossenaire-un-mes\/","url_meta":{"origin":4724,"position":0},"title":"\u201cEntrenament Mossenaire: un mes\u201d","author":"Pep Moliner","date":"8 de mar\u00e7 de 2017","format":false,"excerpt":"Sabem que la pluja espanta for\u00e7a #mossenaires i a primera hora no sabem \u00a0si l'entrenament ser\u00e0 xop o eixut. Ha estat eixut i fant\u00e0stic o almenys aix\u00ed \u00a0ens ho sembla. Hem baixat per llocs com el cam\u00ed asfaltat de Can Bon Vilar \u00a0que duu a llocs com l'Hotel Milton, l'H\u00edpica\u2026","rel":"","context":"A &quot;Amistat&quot;","block_context":{"text":"Amistat","link":"https:\/\/blogs.avui.cat\/pepmoliner\/category\/amistat\/"},"img":{"alt_text":"","src":"","width":0,"height":0},"classes":[]},{"id":4564,"url":"https:\/\/blogs.avui.cat\/pepmoliner\/2017\/08\/23\/agost-mossenaire\/","url_meta":{"origin":4724,"position":1},"title":"Agost Mossenaire","author":"Pep Moliner","date":"23 d'agost de 2017","format":false,"excerpt":"El torrent de Gotelles ha estat el circuit triat per en Paco Barcia, al qui deman\u00e0vem es fes c\u00e0rrec del grup avui i no perdre la continu\u00eftat en el nostre projecte on es busca la solidaritat, amistat, amor a la natura i gaudir d'una bona xerrada mentre fem una mica\u2026","rel":"","context":"A &quot;Amistat&quot;","block_context":{"text":"Amistat","link":"https:\/\/blogs.avui.cat\/pepmoliner\/category\/amistat\/"},"img":{"alt_text":"","src":"","width":0,"height":0},"classes":[]},{"id":4707,"url":"https:\/\/blogs.avui.cat\/pepmoliner\/2018\/05\/09\/torre-mossen-homs-a-castellarnau-amb-mossenaires-2\/","url_meta":{"origin":4724,"position":2},"title":"A la font de la Tartana amb Mossenaires","author":"Pep Moliner","date":"9 de maig de 2018","format":false,"excerpt":"La font de la Tartana ha estat el dest\u00ed de la colla i el grup ha anat guiat per amigues i amics i en especial en Joan Forte, que quan cal sempre vetlla perqu\u00e8 tot vagi b\u00e9, amb la col\u00b7laboraci\u00f3 de vosaltres, que feu gran el projecte. Anar a un\u2026","rel":"","context":"A &quot;Amistat&quot;","block_context":{"text":"Amistat","link":"https:\/\/blogs.avui.cat\/pepmoliner\/category\/amistat\/"},"img":{"alt_text":"","src":"","width":0,"height":0},"classes":[]},{"id":4474,"url":"https:\/\/blogs.avui.cat\/pepmoliner\/2017\/05\/03\/el-globus-groc\/","url_meta":{"origin":4724,"position":3},"title":"El globus groc.","author":"Pep Moliner","date":"3 de maig de 2017","format":false,"excerpt":"Avall que fa baixada. I si, cap a Sabadell t\u00e9 aquesta tend\u00e8ncia \u00a0a baixar i tothom anem prou c\u00f2modes. Ah ! i que passa, que tot el que baixa, puja, i les pujades \u00a0enforteixen, per\u00f2 cansen. M\u00e9s d'una i m\u00e9s d'un hem bufat de valent per tornar al camp base,\u2026","rel":"","context":"A &quot;Amistat&quot;","block_context":{"text":"Amistat","link":"https:\/\/blogs.avui.cat\/pepmoliner\/category\/amistat\/"},"img":{"alt_text":"","src":"","width":0,"height":0},"classes":[]},{"id":4575,"url":"https:\/\/blogs.avui.cat\/pepmoliner\/2017\/09\/13\/can-bonvilar-amb-mossenaires\/","url_meta":{"origin":4724,"position":4},"title":"Can Bonvilar amb Mossenaires","author":"Pep Moliner","date":"13 de setembre de 2017","format":false,"excerpt":"Ens ho hem agafat amb ganes i es nota que la temporada promet. Gent vinguda d'arreu a fer un entrenament per la zona de Can Bonvilar, Bosc de Can Deu i tot fent proves de com ha anat l'estiu. Ja es veu una millora atl\u00e8tica i una bona colla de\u2026","rel":"","context":"A &quot;Amistat&quot;","block_context":{"text":"Amistat","link":"https:\/\/blogs.avui.cat\/pepmoliner\/category\/amistat\/"},"img":{"alt_text":"","src":"","width":0,"height":0},"classes":[]},{"id":4568,"url":"https:\/\/blogs.avui.cat\/pepmoliner\/2017\/08\/30\/sempre-rient-mossenaires\/","url_meta":{"origin":4724,"position":5},"title":"Sempre rient: &#8220;Mossenaires&#8221;","author":"Pep Moliner","date":"30 d'agost de 2017","format":false,"excerpt":"L'agost s'apaga a Can #Mossenaires i ho fa amb all\u00f2 que ens agrada. #c\u00f3rrer #xerrar #gaudir acompanyades i acompanyats de gent amb el mateix tarann\u00e0 esportiu, que el que vol i com excusa, anar a passar una bona estona sense compromisos i moltes i molts, tornant de vacances i amb\u2026","rel":"","context":"A &quot;Amistat&quot;","block_context":{"text":"Amistat","link":"https:\/\/blogs.avui.cat\/pepmoliner\/category\/amistat\/"},"img":{"alt_text":"","src":"","width":0,"height":0},"classes":[]}],"_links":{"self":[{"href":"https:\/\/blogs.avui.cat\/pepmoliner\/wp-json\/wp\/v2\/posts\/4724","targetHints":{"allow":["GET"]}}],"collection":[{"href":"https:\/\/blogs.avui.cat\/pepmoliner\/wp-json\/wp\/v2\/posts"}],"about":[{"href":"https:\/\/blogs.avui.cat\/pepmoliner\/wp-json\/wp\/v2\/types\/post"}],"author":[{"embeddable":true,"href":"https:\/\/blogs.avui.cat\/pepmoliner\/wp-json\/wp\/v2\/users\/171"}],"replies":[{"embeddable":true,"href":"https:\/\/blogs.avui.cat\/pepmoliner\/wp-json\/wp\/v2\/comments?post=4724"}],"version-history":[{"count":1,"href":"https:\/\/blogs.avui.cat\/pepmoliner\/wp-json\/wp\/v2\/posts\/4724\/revisions"}],"predecessor-version":[{"id":4725,"href":"https:\/\/blogs.avui.cat\/pepmoliner\/wp-json\/wp\/v2\/posts\/4724\/revisions\/4725"}],"wp:attachment":[{"href":"https:\/\/blogs.avui.cat\/pepmoliner\/wp-json\/wp\/v2\/media?parent=4724"}],"wp:term":[{"taxonomy":"category","embeddable":true,"href":"https:\/\/blogs.avui.cat\/pepmoliner\/wp-json\/wp\/v2\/categories?post=4724"},{"taxonomy":"post_tag","embeddable":true,"href":"https:\/\/blogs.avui.cat\/pepmoliner\/wp-json\/wp\/v2\/tags?post=4724"}],"curies":[{"name":"wp","href":"https:\/\/api.w.org\/{rel}","templated":true}]}}