{"id":4651,"date":"2018-02-14T20:02:23","date_gmt":"2018-02-14T19:02:23","guid":{"rendered":"http:\/\/blogs.avui.cat\/pepmoliner\/?p=4651"},"modified":"2018-02-14T20:10:28","modified_gmt":"2018-02-14T19:10:28","slug":"mossenaires-sobrevolats-pel-dron","status":"publish","type":"post","link":"https:\/\/blogs.avui.cat\/pepmoliner\/2018\/02\/14\/mossenaires-sobrevolats-pel-dron\/","title":{"rendered":"Mossenaires sobrevolats pel Dron"},"content":{"rendered":"<h3>El Dron ha revolotejat tothora l&#8217;entrenament d&#8217;avui 10 de febrer i l&#8217;Albert i en Jos\u00e9 Manuel, han estat qui han fet que expectants tots plegats, per veure l&#8217;enginy voleiant per sobre dels nostres caps. Els gossos tampoc han estat aliens a aquest aspecte i anaven bordant per la remor de les h\u00e8lices.<\/h3>\n<h3>El recorregut estava mil\u00b7limetrat al cent per cent i sabent en tot moment pels llocs que preten\u00edem passar, sabent que uns espais tan incre\u00efbles com els que al llarg d&#8217;aquests vint-i-cinc anys moltes i molts de nosaltres hem pogut gaudir en grup, amb aquest projecte que gr\u00e0cies a molts dies com els d&#8217;avui, notem que s\u00f3n diferents.<\/h3>\n<h3>Sempre \u00e9s molt agradable veure com Mossenaires que fa dies que no venien, avui han estat fent-nos companyia, com la Carme, l&#8217;Antonio, Maria Jos\u00e9, Crespillo, Transi.<\/h3>\n<h3>La bandera ha estat portada per una de les nostres Mossenaires m\u00e9s entranyables i que no falla mai.<\/h3>\n<h3>Tornar a tenir l\u2019Antentas ens ha fet una gran il\u00b7lusi\u00f3.<\/h3>\n<h3>Ja fa dues setmanes sense Mossenaire d&#8217;Honor i esperem que el dissabte vinent tornin aquells escrits que tant ens agrada sobre vosaltres. Animem a tenir aquest Honor.<\/h3>\n<h3>Hem recordat com tal dia com avui d&#8217;altres anys vam tenir fant\u00e0stiques nominacions a Mossenaires d&#8217;Honor com:<br \/>\nSanti, Miguel, Marc, Raul, Francisco, Vicen\u00e7, Xavi.<\/h3>\n<h3>Us estem a tothom molt agra\u00efts i l&#8217;Albert de moviedron ja ens va dir que tenia una feinada per fer aquest muntatge amb tant material com va recollir, i agrair els que vau venir a fer aquest entrenament i els que ens llegiu tamb\u00e9 . Gr\u00e0cies!!!<\/h3>\n<h3><img data-recalc-dims=\"1\" decoding=\"async\" src=\"https:\/\/i0.wp.com\/4.bp.blogspot.com\/-vvO0G5Km3k0\/WoRseHsAzaI\/AAAAAAAALzw\/6qL7eTkrV9wjshywhT96ox-zIfxwjglJQCLcBGAs\/s800\/Mossenaires_10Febrer2018-092.jpg?ssl=1\"  \/><br \/>\nL&#8217;Albert Diantus ha portat el seu material de treballar per fer la seva creaci\u00f3. Una feinada!!<\/h3>\n<h3><img data-recalc-dims=\"1\" decoding=\"async\" src=\"https:\/\/i0.wp.com\/4.bp.blogspot.com\/-HvX7aOXuAuE\/WoRsJYVLWbI\/AAAAAAAALzs\/hM9xtP8lVEMWBRFznPnxiu7Fg7RmzxvPwCLcBGAs\/s800\/Mossenaires_10Febrer2018.jpg?ssl=1\"  \/><br \/>\nI la nostra abanderada ha estat l&#8217;<a href=\"http:\/\/mossenhoms.netfreehost.com\/mossenhoms-post-13581.html#13581\">Imma Morales <\/a>, una gran Mossenaire!!!<\/h3>\n<h3>I ara l&#8217;Albert ens donar\u00e0 una s\u00e8rie d&#8217;intruccions a tenir en compte a l&#8217;hora del seguiment que tindrem durant tot l&#8217;entrenament. Moltes gr\u00e0cies Albert<\/h3>\n<h3><img data-recalc-dims=\"1\" decoding=\"async\" src=\"https:\/\/i0.wp.com\/3.bp.blogspot.com\/-3-JaJw6lLMY\/WoRr0FGyDyI\/AAAAAAAALts\/DL0vVtaYOV4YjcU4FMWl5C1EI3TXGU9PwCLcBGAs\/s800\/Mossenaires_10Febrer2018-001.jpg?ssl=1\"  \/><\/h3>\n<h3><img data-recalc-dims=\"1\" decoding=\"async\" src=\"https:\/\/i0.wp.com\/4.bp.blogspot.com\/-GmYr8myUB7Y\/WoRrzzpVxqI\/AAAAAAAALto\/Ha2dj42pz6UcIAVsVhyoLhuALodjWl_4ACLcBGAs\/s800\/Mossenaires_10Febrer2018-002.jpg?ssl=1\"  \/><\/h3>\n<h3><img data-recalc-dims=\"1\" decoding=\"async\" src=\"https:\/\/i0.wp.com\/3.bp.blogspot.com\/-uDRDpxRU030\/WoRr0DPIksI\/AAAAAAAALtw\/KnjXht8_PUE4zpDhAzQy0UdPe8K31rOMQCLcBGAs\/s800\/Mossenaires_10Febrer2018-003.jpg?ssl=1\"  \/><\/h3>\n<h3><img data-recalc-dims=\"1\" decoding=\"async\" src=\"https:\/\/i0.wp.com\/2.bp.blogspot.com\/-S1zI0eIj7qg\/WoRr0Uxr_2I\/AAAAAAAALt0\/y-nYkpqBZgAQfzpg1GcjF1gRFuBclVszQCLcBGAs\/s800\/Mossenaires_10Febrer2018-004.jpg?ssl=1\"  \/><\/h3>\n<h3><img data-recalc-dims=\"1\" decoding=\"async\" src=\"https:\/\/i0.wp.com\/4.bp.blogspot.com\/-ZPg6m-nszH8\/WoRr0qf5sfI\/AAAAAAAALt4\/NAmuQyAuKOglQvSjsfiFgw5HXRh_hzmzgCLcBGAs\/s800\/Mossenaires_10Febrer2018-005.jpg?ssl=1\"  \/><\/h3>\n<h3><img data-recalc-dims=\"1\" decoding=\"async\" src=\"https:\/\/i0.wp.com\/1.bp.blogspot.com\/-tc4iq5EY7DQ\/WoRr0-OzvOI\/AAAAAAAALt8\/Vpavhm5WzFc9IXhpYZow1r6YwQLpde6zQCLcBGAs\/s800\/Mossenaires_10Febrer2018-006.jpg?ssl=1\"  \/><\/h3>\n<h3><img data-recalc-dims=\"1\" decoding=\"async\" src=\"https:\/\/i0.wp.com\/1.bp.blogspot.com\/-Sy5WT2J1CN8\/WoRr1MpiG4I\/AAAAAAAALuA\/KpP83ie5t6o-4EYt39_4rIjgPM1kwpL3gCLcBGAs\/s800\/Mossenaires_10Febrer2018-007.jpg?ssl=1\"  \/><\/h3>\n<h3><img data-recalc-dims=\"1\" decoding=\"async\" src=\"https:\/\/i0.wp.com\/1.bp.blogspot.com\/-O26l_0SrOpQ\/WoRr1M6xDiI\/AAAAAAAALuE\/CM1M_pC7b6cOGPHyTjrbVUGR6NN_fwOnQCLcBGAs\/s800\/Mossenaires_10Febrer2018-008.jpg?ssl=1\"  \/><\/h3>\n<h3><img data-recalc-dims=\"1\" decoding=\"async\" src=\"https:\/\/i0.wp.com\/4.bp.blogspot.com\/-SD_7OgPEXiY\/WoRr1VYaUJI\/AAAAAAAALuI\/qfU6eiLaYxgXVGWddfB4B0h1D5xwEpN_QCLcBGAs\/s800\/Mossenaires_10Febrer2018-009.jpg?ssl=1\"  \/><br \/>\nEl suport a terra amb una m\u00f2bil amb un estabilitzador impressionant, ha estat en <a href=\"http:\/\/mossenhoms.netfreehost.com\/viewtopic.php?p=9395&amp;mforum=mossenhoms#9395\">Jos\u00e9 Manuel Garc\u00eda Cabello <\/a>, que avui ha fet a m\u00e9s el seu 65 entrenament Mossenaire els dissabtes<\/h3>\n<h3><img data-recalc-dims=\"1\" decoding=\"async\" src=\"https:\/\/i0.wp.com\/4.bp.blogspot.com\/-c-QrsnBOeOw\/WoRr1T_DnOI\/AAAAAAAALuM\/D6K4ds1zMeEXsiGie451qVgmEdGvGkZewCLcBGAs\/s800\/Mossenaires_10Febrer2018-010.jpg?ssl=1\"  \/><\/h3>\n<h3><img data-recalc-dims=\"1\" decoding=\"async\" src=\"https:\/\/i0.wp.com\/3.bp.blogspot.com\/-koUvZTCTdo4\/WoRr1vQlnlI\/AAAAAAAALuQ\/NwGhTlIbsfokZD_QVpJT6Ykghx_8D9hZgCLcBGAs\/s800\/Mossenaires_10Febrer2018-011.jpg?ssl=1\"  \/><br \/>\nA punt de despegue quan la torre de control dongui perm\u00eds i les pistes estiguin lliures<\/h3>\n<h3><img data-recalc-dims=\"1\" decoding=\"async\" src=\"https:\/\/i0.wp.com\/3.bp.blogspot.com\/-SwNo7uH6gzQ\/WoRr1u5KAqI\/AAAAAAAALuU\/ehmJPKZ_aVQ5OubxVMcfj9kTPAtJ2MligCLcBGAs\/s800\/Mossenaires_10Febrer2018-012.jpg?ssl=1\"  \/><br \/>\nIgnici\u00f3!!<\/h3>\n<h3><img data-recalc-dims=\"1\" decoding=\"async\" src=\"https:\/\/i0.wp.com\/1.bp.blogspot.com\/-T2D3lfAVG-Q\/WoRr12XczQI\/AAAAAAAALuc\/eKNlAEX9tb4QwffSGwyrJZ-fn2u5iNqpACLcBGAs\/s800\/Mossenaires_10Febrer2018-013.jpg?ssl=1\"  \/><br \/>\nMossenaires a l&#8217;espera de la sortida<\/h3>\n<h3><img data-recalc-dims=\"1\" decoding=\"async\" src=\"https:\/\/i0.wp.com\/1.bp.blogspot.com\/-LNhpfy9BddU\/WoRr2UHtZkI\/AAAAAAAALuY\/s2ftUwp8jAEVt2ry_LQO3AMgcMiCk-z3wCLcBGAs\/s800\/Mossenaires_10Febrer2018-014.jpg?ssl=1\"  \/><\/h3>\n<h3><img data-recalc-dims=\"1\" decoding=\"async\" src=\"https:\/\/i0.wp.com\/4.bp.blogspot.com\/-U_rLCWAVtIg\/WoRr24klIjI\/AAAAAAAALug\/AT1aGXxb_ZEFa0zQi8jrh_JmS1dMTG-LACLcBGAs\/s800\/Mossenaires_10Febrer2018-015.jpg?ssl=1\"  \/><br \/>\nI l&#8217;Albert dona el tret de sortida!!<\/h3>\n<h3><img data-recalc-dims=\"1\" decoding=\"async\" src=\"https:\/\/i0.wp.com\/4.bp.blogspot.com\/-IvsBk9wJ4Eg\/WoRr20r4qYI\/AAAAAAAALuk\/Vtc2hrbRQsI5Nl5EGQx51owUIXlrhkB-wCLcBGAs\/s800\/Mossenaires_10Febrer2018-016.jpg?ssl=1\"  \/><br \/>\nI avui tenim un de molt menut<\/h3>\n<h3><img data-recalc-dims=\"1\" decoding=\"async\" src=\"https:\/\/i0.wp.com\/3.bp.blogspot.com\/-9itcfmlXoL4\/WoRr23v_dOI\/AAAAAAAALuo\/ln6m48hn_Ost2vtguaws6ycBaf5jmLe1gCLcBGAs\/s800\/Mossenaires_10Febrer2018-017.jpg?ssl=1\"  \/><br \/>\nLa dona d&#8217;en <a href=\"http:\/\/mossenhoms.netfreehost.com\/viewtopic.php?p=9395&amp;mforum=mossenhoms#9395\">Jos\u00e9 Manuel <\/a>amb el gosset<\/h3>\n<h3><img data-recalc-dims=\"1\" decoding=\"async\" src=\"https:\/\/i0.wp.com\/4.bp.blogspot.com\/-x3eQH28jfJI\/WoRr3B5E3kI\/AAAAAAAALus\/k6VfVj7SFFkuf-YF85RqjT65QQ0thYDfwCLcBGAs\/s800\/Mossenaires_10Febrer2018-018.jpg?ssl=1\"  \/><\/h3>\n<h3><img data-recalc-dims=\"1\" decoding=\"async\" src=\"https:\/\/i0.wp.com\/1.bp.blogspot.com\/-sT1uQOZ8bag\/WoRr3bT1CyI\/AAAAAAAALuw\/8FTayvCE_AAfspMSfEZ6OMrS3KzEZ3l_ACLcBGAs\/s800\/Mossenaires_10Febrer2018-019.jpg?ssl=1\"  \/><br \/>\nCarlos, que no falla quasi mai<\/h3>\n<h3><img data-recalc-dims=\"1\" decoding=\"async\" src=\"https:\/\/i0.wp.com\/4.bp.blogspot.com\/-ff7069qyFZM\/WoRr3TlIdWI\/AAAAAAAALu0\/yFza8agwOM81pnQarnFKHoQFSZyXMiBSgCLcBGAs\/s800\/Mossenaires_10Febrer2018-020.jpg?ssl=1\"  \/><\/h3>\n<h3><img data-recalc-dims=\"1\" decoding=\"async\" src=\"https:\/\/i0.wp.com\/1.bp.blogspot.com\/-t_7GkWfKrTE\/WoRr3YNSzeI\/AAAAAAAALu4\/HRGoKMuizW80_q-xmuGp51saNnUmT0txACLcBGAs\/s800\/Mossenaires_10Febrer2018-021.jpg?ssl=1\"  \/><br \/>\nCal abrigarse aquests dies, com l&#8217;Enrique<\/h3>\n<h3><img data-recalc-dims=\"1\" decoding=\"async\" src=\"https:\/\/i0.wp.com\/1.bp.blogspot.com\/-2ixeTYenuYY\/WoRr3oYIfhI\/AAAAAAAALu8\/HY--C_7qZSslGKoupBqqCrIXrX5qBBoJgCLcBGAs\/s800\/Mossenaires_10Febrer2018-022.jpg?ssl=1\"  \/><br \/>\nAvu\u00ed tenim Mossenaires, com en Cesar Guzman i la Carme Ballesteros<\/h3>\n<h3><img data-recalc-dims=\"1\" decoding=\"async\" src=\"https:\/\/i0.wp.com\/2.bp.blogspot.com\/-09gIJnAledo\/WoRr36LBN8I\/AAAAAAAALvE\/A-dHg3QE6jUyIn5i6BtDV7EBAn3523vYwCLcBGAs\/s800\/Mossenaires_10Febrer2018-023.jpg?ssl=1\"  \/><\/h3>\n<h3><img data-recalc-dims=\"1\" decoding=\"async\" src=\"https:\/\/i0.wp.com\/1.bp.blogspot.com\/-Wvi3xttW3iA\/WoRr3ypAovI\/AAAAAAAALvA\/nSn2WKHiuy4Q9i3sBgjo0HKN_ioF73_RQCLcBGAs\/s800\/Mossenaires_10Febrer2018-024.jpg?ssl=1\"  \/><\/h3>\n<h3>Despr\u00e9s de molts mesos, ha pogut venir avui l&#8217;Antentas, envoltat pel Toni, Jordi, Fernando<\/h3>\n<h3><img data-recalc-dims=\"1\" decoding=\"async\" src=\"https:\/\/i0.wp.com\/3.bp.blogspot.com\/-OsaD75L4IhA\/WoRr4K_7PzI\/AAAAAAAALvI\/ugu7KWVHuccNH9t9z4JLGPXl8u4JbIljACLcBGAs\/s800\/Mossenaires_10Febrer2018-025.jpg?ssl=1\"  \/><br \/>\nHem tingut una inmensa alegria de tenir de nou a en <a href=\"http:\/\/mossenhoms.netfreehost.com\/mossenhoms-post-13502.html#13502\">Josep Maria Antentas <\/a><\/h3>\n<h3><img data-recalc-dims=\"1\" decoding=\"async\" src=\"https:\/\/i0.wp.com\/1.bp.blogspot.com\/-cMnY3zoXG7Q\/WoRr48rAmUI\/AAAAAAAALvM\/hzxgiPh0PD0l_OuFW4VlCDvTBKnFqToVACLcBGAs\/s800\/Mossenaires_10Febrer2018-026.jpg?ssl=1\"  \/><br \/>\nAdri\u00e0 i l&#8217;Alba<\/h3>\n<h3><img data-recalc-dims=\"1\" decoding=\"async\" src=\"https:\/\/i0.wp.com\/1.bp.blogspot.com\/-O1MP5zoGpBo\/WoRr5QqBnhI\/AAAAAAAALvQ\/EkBbgZVbISg9DK_njACUTMPQ1C-QmQL4gCLcBGAs\/s800\/Mossenaires_10Febrer2018-027.jpg?ssl=1\"  \/><br \/>\nMoments de reagrupament<\/h3>\n<h3><img data-recalc-dims=\"1\" decoding=\"async\" src=\"https:\/\/i0.wp.com\/2.bp.blogspot.com\/-txSIYXMT-GU\/WoRr5vVKSbI\/AAAAAAAALvU\/99Rj-YaOfyoJa99zpPJiGb_XTUj4Gg3XACLcBGAs\/s800\/Mossenaires_10Febrer2018-028.jpg?ssl=1\"  \/><br \/>\nAmb Mossenaires Nous<\/h3>\n<h3><img data-recalc-dims=\"1\" decoding=\"async\" src=\"https:\/\/i0.wp.com\/3.bp.blogspot.com\/-pRi3R6ygDAc\/WoRr6X302iI\/AAAAAAAALvY\/1y0DToGBeU8eDxCjjrVGZcOSRXe53YZVACLcBGAs\/s800\/Mossenaires_10Febrer2018-029.jpg?ssl=1\"  \/><\/h3>\n<h3><img data-recalc-dims=\"1\" decoding=\"async\" src=\"https:\/\/i0.wp.com\/3.bp.blogspot.com\/-ySzvXxIIt6w\/WoRr61rRomI\/AAAAAAAALvc\/RTnmvviT5TAObCDodFvYnecrCpcFXRxDgCLcBGAs\/s800\/Mossenaires_10Febrer2018-030.jpg?ssl=1\"  \/><\/h3>\n<h3><img data-recalc-dims=\"1\" decoding=\"async\" src=\"https:\/\/i0.wp.com\/3.bp.blogspot.com\/-DLcRI5Swb_4\/WoRr7d-GkMI\/AAAAAAAALvg\/UqTUtAGkDiQ4BFUix6dpWZA5rXKvPWZ1ACLcBGAs\/s800\/Mossenaires_10Febrer2018-031.jpg?ssl=1\"  \/><br \/>\nI a un rac\u00f3 tornem a trobar l&#8217;Albert<\/h3>\n<h3><img data-recalc-dims=\"1\" decoding=\"async\" src=\"https:\/\/i0.wp.com\/2.bp.blogspot.com\/-jqC_1lzE4Gw\/WoRr73u_FOI\/AAAAAAAALvk\/pjUSlqdtTtUYiu4yo11LsGkVeOizDHgewCLcBGAs\/s800\/Mossenaires_10Febrer2018-032.jpg?ssl=1\"  \/><\/h3>\n<h3><img data-recalc-dims=\"1\" decoding=\"async\" src=\"https:\/\/i0.wp.com\/2.bp.blogspot.com\/-jqC_1lzE4Gw\/WoRr73u_FOI\/AAAAAAAALvk\/pjUSlqdtTtUYiu4yo11LsGkVeOizDHgewCLcBGAs\/s800\/Mossenaires_10Febrer2018-032.jpg?ssl=1\"  \/><br \/>\nMolta il\u00b7lusi\u00f3 de tornar a veure a Chiqui i Zico<\/h3>\n<h3><img data-recalc-dims=\"1\" decoding=\"async\" src=\"https:\/\/i0.wp.com\/4.bp.blogspot.com\/-xlcepKwi5Iw\/WoRr8zXSg8I\/AAAAAAAALvo\/sjYYzgG6rL8KPovj1Ku_7U8inlqvjEYZwCLcBGAs\/s800\/Mossenaires_10Febrer2018-034.jpg?ssl=1\"  \/><\/h3>\n<h3><img data-recalc-dims=\"1\" decoding=\"async\" src=\"https:\/\/i0.wp.com\/2.bp.blogspot.com\/-qT4KTdZF24M\/WoRr9R-QjxI\/AAAAAAAALvw\/BeJIhkdf4ngSaFJQ9iBMKQz9VTdCaoDtgCLcBGAs\/s800\/Mossenaires_10Febrer2018-035.jpg?ssl=1\"  \/><\/h3>\n<h3><img data-recalc-dims=\"1\" decoding=\"async\" src=\"https:\/\/i0.wp.com\/3.bp.blogspot.com\/--_CDjBQbybY\/WoRr9Tdr75I\/AAAAAAAALv0\/9OXORgRePUwEZ2FEuY38Ztylus_I-iP7gCLcBGAs\/s800\/Mossenaires_10Febrer2018-036.jpg?ssl=1\"  \/><br \/>\nEn Cesar fent de Mossenaire que va a la cua<\/h3>\n<h3><img data-recalc-dims=\"1\" decoding=\"async\" src=\"https:\/\/i0.wp.com\/4.bp.blogspot.com\/-JKA2_FAG_84\/WoRr9dKgRfI\/AAAAAAAALv4\/LnSc4uXSn_QJtzog6kEwAI7FLX8fUgplgCLcBGAs\/s800\/Mossenaires_10Febrer2018-037.jpg?ssl=1\"  \/><br \/>\nAntonio cap a la cua!!!!<\/h3>\n<h3><img data-recalc-dims=\"1\" decoding=\"async\" src=\"https:\/\/i0.wp.com\/3.bp.blogspot.com\/-oHx3CQ3yzMU\/WoRr98Qy_UI\/AAAAAAAALv8\/qOHPT8XL5JICksUWXBZVFwwX2KeeegXnQCLcBGAs\/s800\/Mossenaires_10Febrer2018-038.jpg?ssl=1\"  \/><br \/>\nI el Manuel tamb\u00e9 cap a la cua<\/h3>\n<h3><img data-recalc-dims=\"1\" decoding=\"async\" src=\"https:\/\/i0.wp.com\/1.bp.blogspot.com\/-XBw84SivwOs\/WoRr-BVdOII\/AAAAAAAALwA\/JBihPg-BlOoXOt0-JMykj4ii6LTe_jnswCLcBGAs\/s800\/Mossenaires_10Febrer2018-039.jpg?ssl=1\"  \/><br \/>\nI ja la tenim aqu\u00ed, amb els m\u00e9s solidaris<\/h3>\n<h3><img data-recalc-dims=\"1\" decoding=\"async\" src=\"https:\/\/i0.wp.com\/4.bp.blogspot.com\/-PJFIEHHFHGY\/WoRr-PZgwGI\/AAAAAAAALwE\/Jz1WRGevY1ouSHriGMol1SRuwzynocLywCLcBGAs\/s800\/Mossenaires_10Febrer2018-040.jpg?ssl=1\"  \/><br \/>\nFant\u00e0stiques Mossenaires, Inma i Txell<\/h3>\n<h3><img data-recalc-dims=\"1\" decoding=\"async\" src=\"https:\/\/i0.wp.com\/2.bp.blogspot.com\/-OAkGyvA5628\/WoRr-X0iENI\/AAAAAAAALwI\/LFMEWtzrODg8lw6emecHNJlZNh-OmsptQCLcBGAs\/s800\/Mossenaires_10Febrer2018-041.jpg?ssl=1\"  \/><br \/>\nAdri\u00e0, Sandra, Alba i Cesar, que encenen i aturen els cronos<\/h3>\n<h3><img data-recalc-dims=\"1\" decoding=\"async\" src=\"https:\/\/i0.wp.com\/1.bp.blogspot.com\/-QtF9jShBbYM\/WoRr-gnXMhI\/AAAAAAAALwM\/xZuPKjSjlRg0yjBxdHmbgKdq6HdGlAKvQCLcBGAs\/s800\/Mossenaires_10Febrer2018-042.jpg?ssl=1\"  \/><\/h3>\n<h3><img data-recalc-dims=\"1\" decoding=\"async\" src=\"https:\/\/i0.wp.com\/4.bp.blogspot.com\/-NKrILRd9ejw\/WoRr-sqngNI\/AAAAAAAALwQ\/uK0d_NATcfIEcnDpnOtMkd0cyChi_r8MwCLcBGAs\/s800\/Mossenaires_10Febrer2018-043.jpg?ssl=1\"  \/><\/h3>\n<h3><img data-recalc-dims=\"1\" decoding=\"async\" src=\"https:\/\/i0.wp.com\/4.bp.blogspot.com\/-_0dCD1sz9ow\/WoRr--_TbyI\/AAAAAAAALwU\/OnAx6_tByn09YtEOxoEc3N_KngX6zuauACLcBGAs\/s800\/Mossenaires_10Febrer2018-044.jpg?ssl=1\"  \/><br \/>\nObservats per terra per l&#8217;Albert i pel cel pel dron<\/h3>\n<h3><img data-recalc-dims=\"1\" decoding=\"async\" src=\"https:\/\/i0.wp.com\/2.bp.blogspot.com\/-vH0Wt1x7WVg\/WoRr_HLjBEI\/AAAAAAAALwY\/-T4mnxZiSbEDUL0-AgrP7X671FMh0S_8ACLcBGAs\/s800\/Mossenaires_10Febrer2018-045.jpg?ssl=1\"  \/><br \/>\nPer les rectes de Can Canya<\/h3>\n<h3><img data-recalc-dims=\"1\" decoding=\"async\" src=\"https:\/\/i0.wp.com\/2.bp.blogspot.com\/-zfL8Pxgj_P4\/WoRr_RhJ-CI\/AAAAAAAALwc\/fSLy3KJ5VLwWRzcSqCM9i0QqXZ3w-RspACLcBGAs\/s800\/Mossenaires_10Febrer2018-046.jpg?ssl=1\"  \/><\/h3>\n<h3><img data-recalc-dims=\"1\" decoding=\"async\" src=\"https:\/\/i0.wp.com\/3.bp.blogspot.com\/-VuPB_jrni2U\/WoRr_p1FZvI\/AAAAAAAALwk\/XxqDl7-VdI0DlmHwnJT4FcWtROLYe91TwCLcBGAs\/s800\/Mossenaires_10Febrer2018-047.jpg?ssl=1\"  \/><\/h3>\n<h3><\/h3>\n<h3><img data-recalc-dims=\"1\" decoding=\"async\" src=\"https:\/\/i0.wp.com\/3.bp.blogspot.com\/-cLer92I-5xI\/WoRr_-QPq1I\/AAAAAAAALwo\/ckPMsjdftogcqWi6L_uLWe6hSQZzeQc8wCLcBGAs\/s800\/Mossenaires_10Febrer2018-049.jpg?ssl=1\"  \/><\/h3>\n<h3><img data-recalc-dims=\"1\" decoding=\"async\" src=\"https:\/\/i0.wp.com\/1.bp.blogspot.com\/-_f4MKUnfOdI\/WoRr_xUPQdI\/AAAAAAAALws\/qh42GPKxx2seivEulkyR0QzF8rZCMmoQwCLcBGAs\/s800\/Mossenaires_10Febrer2018-050.jpg?ssl=1\"  \/><br \/>\nI aqu\u00ed ens deixa en Josep Maria. Gr\u00e0cies per venir<\/h3>\n<h3><img data-recalc-dims=\"1\" decoding=\"async\" src=\"https:\/\/i0.wp.com\/2.bp.blogspot.com\/-yinhFQZkkYU\/WoRr_7ejn6I\/AAAAAAAALww\/CF0qc8DqEiwBWBfPlpJUNerGRsvf3OyNgCLcBGAs\/s800\/Mossenaires_10Febrer2018-051.jpg?ssl=1\"  \/><br \/>\nSabr\u00e9 tornar?; oh hi tant Josep Maria!!<\/h3>\n<h3><img data-recalc-dims=\"1\" decoding=\"async\" src=\"https:\/\/i0.wp.com\/1.bp.blogspot.com\/-ANRJO5yru5Y\/WoRsAC3xGKI\/AAAAAAAALw0\/LjWOM7JsaOgGoMAZM1SLgZ0cFl21LIWqACLcBGAs\/s800\/Mossenaires_10Febrer2018-052.jpg?ssl=1\"  \/><\/h3>\n<h3><img data-recalc-dims=\"1\" decoding=\"async\" src=\"https:\/\/i0.wp.com\/3.bp.blogspot.com\/-zIdESa-W2Yk\/WoRsAWSLFNI\/AAAAAAAALw8\/1xSZZrCLDysGMZcN2koQSU8mmh4axpLqACLcBGAs\/s800\/Mossenaires_10Febrer2018-053.jpg?ssl=1\"  \/><\/h3>\n<h3><img data-recalc-dims=\"1\" decoding=\"async\" src=\"https:\/\/i0.wp.com\/3.bp.blogspot.com\/-QpTo0vAUDlY\/WoRsAet7PVI\/AAAAAAAALw4\/kUzZFINJ7XM558ktrTw5CmWpgYe4vSldACLcBGAs\/s800\/Mossenaires_10Febrer2018-054.jpg?ssl=1\"  \/><\/h3>\n<h3><a href=\"http:\/\/mossenhoms.netfreehost.com\/viewtopic.php?p=13738&amp;mforum=mossenhoms#13738\">Antonio Ribell <\/a>, que ens b\u00e9 a veure de tant en tant, al costat d&#8217;una Mossenaire Nova<\/h3>\n<h3><img data-recalc-dims=\"1\" decoding=\"async\" src=\"https:\/\/i0.wp.com\/3.bp.blogspot.com\/-X47lk2VfT90\/WoRsAsO1xTI\/AAAAAAAALxA\/mtdAY4-ZbaEkg0fSSCFzUB3irV-fG3_MgCLcBGAs\/s800\/Mossenaires_10Febrer2018-055.jpg?ssl=1\"  \/><br \/>\nEn Santi<\/h3>\n<h3><img data-recalc-dims=\"1\" decoding=\"async\" src=\"https:\/\/i0.wp.com\/3.bp.blogspot.com\/-ED8bXa27JHo\/WoRsAy7cc3I\/AAAAAAAALxI\/fTqdiJtIqr84cL_Xmr6DKKsecUe_dRsyACLcBGAs\/s800\/Mossenaires_10Febrer2018-056.jpg?ssl=1\"  \/><br \/>\nFant\u00e0stics!!! Paco i Olga<\/h3>\n<h3><img data-recalc-dims=\"1\" decoding=\"async\" src=\"https:\/\/i0.wp.com\/3.bp.blogspot.com\/-1so-Qx7uQh8\/WoRsA1FV9sI\/AAAAAAAALxE\/nF9oH1K5rL8s42gElDgnqXrWWsgXdU5fACLcBGAs\/s800\/Mossenaires_10Febrer2018-057.jpg?ssl=1\"  \/><br \/>\nI arriba la nostra cua!!, Gr\u00e0cies!!!<\/h3>\n<h3><img data-recalc-dims=\"1\" decoding=\"async\" src=\"https:\/\/i0.wp.com\/1.bp.blogspot.com\/-djYDCeTSoRk\/WoRsBCX1DCI\/AAAAAAAALxM\/kiC7QNBkynU7MUPI2hE18FNwwMzCc0KRwCLcBGAs\/s800\/Mossenaires_10Febrer2018-058.jpg?ssl=1\"  \/><\/h3>\n<h3><img data-recalc-dims=\"1\" decoding=\"async\" src=\"https:\/\/i0.wp.com\/4.bp.blogspot.com\/-tzMEe3nGm9U\/WoRsBV1WHMI\/AAAAAAAALxQ\/-zO6vR_erlUB91dnWvBQiDV_uaI1IPeaACLcBGAs\/s800\/Mossenaires_10Febrer2018-059.jpg?ssl=1\"  \/><\/h3>\n<h3>Desplegament de bandera<\/h3>\n<h3><img data-recalc-dims=\"1\" decoding=\"async\" src=\"https:\/\/i0.wp.com\/1.bp.blogspot.com\/-OBP7NQxr-og\/WoRsBeFey6I\/AAAAAAAALxU\/pGhmj5FezDk6aTCLFREuXPU7Y1TDpMX3wCLcBGAs\/s800\/Mossenaires_10Febrer2018-060.jpg?ssl=1\"  \/><br \/>\nInma i Txell depleguen<\/h3>\n<h3><img data-recalc-dims=\"1\" decoding=\"async\" src=\"https:\/\/i0.wp.com\/1.bp.blogspot.com\/-sK1pDZlKisg\/WoRsBoXsnfI\/AAAAAAAALxY\/jVeKtJagy245wwwmMEsQIIf4hNWx-EXmACLcBGAs\/s800\/Mossenaires_10Febrer2018-061.jpg?ssl=1\"  \/><br \/>\nI els Mossenaires Nous!!!!<\/h3>\n<h3>Benvinguts i com no recordem b\u00e9 els noms, haureu de tornar per tornar-nos a dir com us dieu!!!<br \/>\nGr\u00e0cies per venir!!!!<\/h3>\n<h3><img data-recalc-dims=\"1\" decoding=\"async\" src=\"https:\/\/i0.wp.com\/2.bp.blogspot.com\/-dMTWCAXqX08\/WoR3697KXlI\/AAAAAAAAL0Q\/wa5qLMTvtOs4MR3_qC2dEsYsi2umkSZngCLcBGAs\/s800\/aniversaris_mossenaires.jpg?ssl=1\"  \/><br \/>\nI fem lectura dels aniversaris Mossenaires<br \/>\nSanti, Miguel, Marc, Raul, Francisco, Vicen\u00e7, Xavi.<br \/>\nEnhorabona!!!<\/h3>\n<h3><img data-recalc-dims=\"1\" decoding=\"async\" src=\"https:\/\/i0.wp.com\/3.bp.blogspot.com\/-lVLWcQsQ_e4\/WoRsB6QyiZI\/AAAAAAAALxc\/0yNfWazc1LANmllr4B6yiChRkiBQ975RACLcBGAs\/s800\/Mossenaires_10Febrer2018-062.jpg?ssl=1\"  \/><br \/>\n<a href=\"http:\/\/mossenhoms.netfreehost.com\/viewtopic.php?p=14033&amp;mforum=mossenhoms#14033\">Santi Gonzalo <\/a>l&#8217;aplaudim!!<br \/>\nTot un any i b\u00e9 expressament tots els dissabtes des de Santa Perp\u00e8tua de Moguda. Un luxe!!<\/h3>\n<h3><img data-recalc-dims=\"1\" decoding=\"async\" src=\"https:\/\/i0.wp.com\/4.bp.blogspot.com\/-W9QT8yvRqTE\/WoRsByvfmxI\/AAAAAAAALxg\/yzpickt7-wk1UIJmrbXz7d4hOjpde9D8gCLcBGAs\/s800\/Mossenaires_10Febrer2018-063.jpg?ssl=1\"  \/><\/h3>\n<h3>Gr\u00e0cies <a href=\"http:\/\/mossenhoms.netfreehost.com\/viewtopic.php?p=14033&amp;mforum=mossenhoms#14033\">Santi Gonzalo <\/a><\/h3>\n<h3><img data-recalc-dims=\"1\" decoding=\"async\" src=\"https:\/\/i0.wp.com\/1.bp.blogspot.com\/-HLhDNFi5XuA\/WoRsBxKGAzI\/AAAAAAAALxk\/rXt24wha0FgkrspDC3JPBNpKeKca69_sQCLcBGAs\/s1600\/Mossenaires_10Febrer2018-064.jpg?ssl=1\"  \/><br \/>\nLa fotografia de familia d&#8217;avui 10 de febrer, en un dia diferent i amb moltes expectatives. Un Dron ha anat sobrevolant tot l&#8217;entrenament i l&#8217;Albert Diantus als mandos.<br \/>\nGr\u00e0cies a tothom pel seguiment i per la bona predisposici\u00f3. Felicitats!!<\/h3>\n<h3><img data-recalc-dims=\"1\" decoding=\"async\" src=\"https:\/\/i0.wp.com\/2.bp.blogspot.com\/-2yYiOnCW5vY\/WoRsCMXr5II\/AAAAAAAALxo\/Tkr8u5zBS1YvBQbLTFsVk9H_RE396u1TwCLcBGAs\/s800\/Mossenaires_10Febrer2018-065.jpg?ssl=1\"  \/><\/h3>\n<h3><img data-recalc-dims=\"1\" decoding=\"async\" src=\"https:\/\/i0.wp.com\/2.bp.blogspot.com\/-u_e0gu5OSvg\/WoRsCGm3FxI\/AAAAAAAALxs\/_QRdfh2UcfwUXBDpxscvtI_VemYtPZrcgCLcBGAs\/s800\/Mossenaires_10Febrer2018-066.jpg?ssl=1\"  \/><\/h3>\n<h3><img data-recalc-dims=\"1\" decoding=\"async\" src=\"https:\/\/i0.wp.com\/1.bp.blogspot.com\/-4nA_r7-MDX4\/WoRsCS5s-qI\/AAAAAAAALxw\/G46kWQR6HVMKkBRVivsJI3R6gy-iYmRMACLcBGAs\/s800\/Mossenaires_10Febrer2018-067.jpg?ssl=1\"  \/><br \/>\nJos\u00e9 no ha parat ni un minut de gravar<\/h3>\n<h3><img data-recalc-dims=\"1\" decoding=\"async\" src=\"https:\/\/i0.wp.com\/1.bp.blogspot.com\/-6-_d9NUXDYA\/WoRsC5MQloI\/AAAAAAAALx0\/y8Pt0VuMvVEqYNFllY0PpAKAZSU_K6awgCLcBGAs\/s800\/Mossenaires_10Febrer2018-068.jpg?ssl=1\"  \/><br \/>\nI l&#8217;Albert amunt i avall amb el seu cotxe i aquest entorn tan curi\u00f3s<\/h3>\n<h3><img data-recalc-dims=\"1\" decoding=\"async\" src=\"https:\/\/i0.wp.com\/1.bp.blogspot.com\/-aNXMIjMwqRA\/WoRsDWUPASI\/AAAAAAAALx8\/PzQ2YNFds8InmAGLE7Vu1ka2AgtfQlS2QCLcBGAs\/s800\/Mossenaires_10Febrer2018-069.jpg?ssl=1\"  \/><\/h3>\n<h3><img data-recalc-dims=\"1\" decoding=\"async\" src=\"https:\/\/i0.wp.com\/1.bp.blogspot.com\/-pho1e6ByXZo\/WoRsDyiiPrI\/AAAAAAAALx4\/1E-rO8JkOis-7c5GokPQNc8H_HwQYDBCACLcBGAs\/s800\/Mossenaires_10Febrer2018-070.jpg?ssl=1\"  \/><\/h3>\n<h3><img data-recalc-dims=\"1\" decoding=\"async\" src=\"https:\/\/i0.wp.com\/2.bp.blogspot.com\/-YB_L582QuMk\/WoRsEY4j9tI\/AAAAAAAALyA\/8wgxUkZGxRIiFD1BGzU8_-VFYzHpuDLjgCLcBGAs\/s800\/Mossenaires_10Febrer2018-071.jpg?ssl=1\"  \/><br \/>\nFernando<\/h3>\n<h3><img data-recalc-dims=\"1\" decoding=\"async\" src=\"https:\/\/i0.wp.com\/1.bp.blogspot.com\/-uE0KUL6xQDo\/WoRsEUbPqXI\/AAAAAAAALyE\/wrM6sddL7U0Yo6QZTa81VtG8Hse6qpXgACLcBGAs\/s800\/Mossenaires_10Febrer2018-072.jpg?ssl=1\"  \/><\/h3>\n<h3><img data-recalc-dims=\"1\" decoding=\"async\" src=\"https:\/\/i0.wp.com\/3.bp.blogspot.com\/-OFKin1wrRTc\/WoRsEcV1VoI\/AAAAAAAALyI\/ESsuLQFSCQQzZw0mSMYDKzmej4pZ6LDlwCLcBGAs\/s800\/Mossenaires_10Febrer2018-073.jpg?ssl=1\"  \/><br \/>\n<a href=\"http:\/\/mossenhoms.netfreehost.com\/viewtopic.php?p=13792&amp;mforum=mossenhoms#13792\">Antonio Mayorgas <\/a><\/h3>\n<h3><img data-recalc-dims=\"1\" decoding=\"async\" src=\"https:\/\/i0.wp.com\/2.bp.blogspot.com\/-x4WL2OpG0TQ\/WoRsEn3qR3I\/AAAAAAAALyM\/sGd0-oWXiXgSao5mA3oytK0WL74Z4fmqQCLcBGAs\/s800\/Mossenaires_10Febrer2018-074.jpg?ssl=1\"  \/><br \/>\nEls nous, que f\u00e8ien cares d&#8217;extranyats. Esperem que hagueu gaudit<\/h3>\n<h3><img data-recalc-dims=\"1\" decoding=\"async\" src=\"https:\/\/i0.wp.com\/1.bp.blogspot.com\/-1R-kZd2YAtE\/WoRsEtATvfI\/AAAAAAAALyU\/-OIRaztM-Bk9gjXfcg27G9o9mX1_pmLqwCLcBGAs\/s800\/Mossenaires_10Febrer2018-075.jpg?ssl=1\"  \/><\/h3>\n<h3><img data-recalc-dims=\"1\" decoding=\"async\" src=\"https:\/\/i0.wp.com\/1.bp.blogspot.com\/-DeI9Pnozta4\/WoRsEgcDI6I\/AAAAAAAALyQ\/x00jOUDMGscMIY7_obbQWuzRpquJlIuNwCLcBGAs\/s800\/Mossenaires_10Febrer2018-076.jpg?ssl=1\"  \/><br \/>\nLa bandera torna a vitjar a l&#8217;esquena de l&#8217;Inma<\/h3>\n<h3><img data-recalc-dims=\"1\" decoding=\"async\" src=\"https:\/\/i0.wp.com\/3.bp.blogspot.com\/-Y3_DSy5yexE\/WoRsFUPb8UI\/AAAAAAAALyY\/adTDad-Ma80P7-S_mz2EgZJt7_-DotC3gCLcBGAs\/s800\/Mossenaires_10Febrer2018-077.jpg?ssl=1\"  \/><br \/>\nTot un any des de que en Santi va \u00e9sser proclamat al 2017 Mossenaire d&#8217;Honor<\/h3>\n<h3><img data-recalc-dims=\"1\" decoding=\"async\" src=\"https:\/\/i0.wp.com\/4.bp.blogspot.com\/-YXvoEFqgKNw\/WoRsF6NNMjI\/AAAAAAAALyc\/x8IpMyDX1348Hx2okHkntipcM-2gGJyPQCLcBGAs\/s800\/Mossenaires_10Febrer2018-078.jpg?ssl=1\"  \/><\/h3>\n<h3><img data-recalc-dims=\"1\" decoding=\"async\" src=\"https:\/\/i0.wp.com\/4.bp.blogspot.com\/-2iHOUwoumPI\/WoRsGNXkUVI\/AAAAAAAALyg\/7VBq18iUyiwaFeK8ID8zzup_b5s9u3gggCLcBGAs\/s800\/Mossenaires_10Febrer2018-079.jpg?ssl=1\"  \/><\/h3>\n<h3><img data-recalc-dims=\"1\" decoding=\"async\" src=\"https:\/\/i0.wp.com\/3.bp.blogspot.com\/-ATIgb4CVMlw\/WoRsGJ52HFI\/AAAAAAAALyk\/vaBbBtq4KKAVqA2ba09X4-nw_GgbavPDACLcBGAs\/s800\/Mossenaires_10Febrer2018-080.jpg?ssl=1\"  \/><br \/>\nQuina feinada Albert!!<\/h3>\n<h3><img data-recalc-dims=\"1\" decoding=\"async\" src=\"https:\/\/i0.wp.com\/3.bp.blogspot.com\/-zXeNAAn_tfw\/WoRsGUV7npI\/AAAAAAAALyo\/0Ug_x8TJJfcSkLFGjVodhk6UyItH7JiRwCLcBGAs\/s800\/Mossenaires_10Febrer2018-081.jpg?ssl=1\"  \/><\/h3>\n<h3><img data-recalc-dims=\"1\" decoding=\"async\" src=\"https:\/\/i0.wp.com\/1.bp.blogspot.com\/-uY3RNCUyBj0\/WoRsGj4BiFI\/AAAAAAAALys\/Vteaops29gYPh2POyaOq0ic5Dg_eHRXWACLcBGAs\/s800\/Mossenaires_10Febrer2018-082.jpg?ssl=1\"  \/><br \/>\nLa bandera est\u00e0 arribant al camp base<\/h3>\n<h3><img data-recalc-dims=\"1\" decoding=\"async\" src=\"https:\/\/i0.wp.com\/4.bp.blogspot.com\/-rBdYfRe5xxQ\/WoRsG8-OmII\/AAAAAAAALy0\/4zQc_z3MTTYdDxSU2k_5vkmrh8neF64XACLcBGAs\/s800\/Mossenaires_10Febrer2018-084.jpg?ssl=1\"  \/><br \/>\n<a href=\"http:\/\/mossenhoms.netfreehost.com\/viewtopic.php?p=9395&amp;mforum=mossenhoms#9395\">Jos\u00e9 Manuel Garc\u00eda Cabello <\/a>no ha perdut detall. Gr\u00e0cies per tot!!!<\/h3>\n<h3><img data-recalc-dims=\"1\" decoding=\"async\" src=\"https:\/\/i0.wp.com\/2.bp.blogspot.com\/-I9HS7Xh6Ys8\/WoRsHFc5xWI\/AAAAAAAALy4\/XIa5z22yReQ9rFY9RCYiuEFVQmxR4ic_wCLcBGAs\/s800\/Mossenaires_10Febrer2018-085.jpg?ssl=1\"  \/><br \/>\nI al camp base, tenim en <a href=\"http:\/\/mossenhoms.netfreehost.com\/viewtopic.php?p=13469&amp;mforum=mossenhoms#13469\">Juanjo Fernandez <\/a><\/h3>\n<h3><img data-recalc-dims=\"1\" decoding=\"async\" src=\"https:\/\/i0.wp.com\/4.bp.blogspot.com\/-LZessqvjcqU\/WoRsHUd_n1I\/AAAAAAAALy8\/2OzJBOO8URYUNtzvRDHCBHX1RW0DoagcQCLcBGAs\/s800\/Mossenaires_10Febrer2018-086.jpg?ssl=1\"  \/><br \/>\nI l&#8217;Albert, possant a punt les darreres preses<\/h3>\n<h3><img data-recalc-dims=\"1\" decoding=\"async\" src=\"https:\/\/i0.wp.com\/2.bp.blogspot.com\/-UKNyE7uexcg\/WoRsHcYI4JI\/AAAAAAAALzA\/wytqssejaroUyWNTEGKAGbyiRtRU7pzFgCLcBGAs\/s800\/Mossenaires_10Febrer2018-087.jpg?ssl=1\"  \/><\/h3>\n<h3><img data-recalc-dims=\"1\" decoding=\"async\" src=\"https:\/\/i0.wp.com\/1.bp.blogspot.com\/-t8WwJhYkh70\/WoRsHkkO7CI\/AAAAAAAALzE\/v0fDv2qxxT4XtsMkRPkV73zL2-4VV0cgACLcBGAs\/s800\/Mossenaires_10Febrer2018-088.jpg?ssl=1\"  \/><\/h3>\n<h3><img data-recalc-dims=\"1\" decoding=\"async\" src=\"https:\/\/i0.wp.com\/4.bp.blogspot.com\/-P_-1rWheuOE\/WoRsHv3S1dI\/AAAAAAAALzI\/BLl_T_inrW0xoxW-nNWK18bJdZrLTEM9wCLcBGAs\/s800\/Mossenaires_10Febrer2018-089.jpg?ssl=1\"  \/><br \/>\nEl Dron seguint-nos per tot arreu<\/h3>\n<h3><img data-recalc-dims=\"1\" decoding=\"async\" src=\"https:\/\/i0.wp.com\/1.bp.blogspot.com\/-P_aKnChQr4c\/WoRsH8oVkWI\/AAAAAAAALzM\/ebDNXmYw9uksoXdvUPeCt78GmTgj3_1KwCLcBGAs\/s800\/Mossenaires_10Febrer2018-090.jpg?ssl=1\"  \/><\/h3>\n<h3><img data-recalc-dims=\"1\" decoding=\"async\" src=\"https:\/\/i0.wp.com\/3.bp.blogspot.com\/-gBv54_WWy7c\/WoRsIAn2y1I\/AAAAAAAALzQ\/pb1ZlJUTRKwmJtiOPMlvOERPI1xQrMXdACLcBGAs\/s800\/Mossenaires_10Febrer2018-091.jpg?ssl=1\"  \/><\/h3>\n<h3><img data-recalc-dims=\"1\" decoding=\"async\" src=\"https:\/\/i0.wp.com\/4.bp.blogspot.com\/--tAv0ZAhCVM\/WoRsIfBGrXI\/AAAAAAAALzU\/T9EU3NTgkYc6IuOIWR6AqPw64BL1vZT1wCLcBGAs\/s800\/Mossenaires_10Febrer2018-093.jpg?ssl=1\"  \/><\/h3>\n<h3><img data-recalc-dims=\"1\" decoding=\"async\" src=\"https:\/\/i0.wp.com\/2.bp.blogspot.com\/-ZGrwH56MBl0\/WoRsIXY1cII\/AAAAAAAALzY\/ynAeAjGvOoUMoJ42MIbQbeiMZUJX4DrtgCLcBGAs\/s800\/Mossenaires_10Febrer2018-094.jpg?ssl=1\"  \/><\/h3>\n<h3><img data-recalc-dims=\"1\" decoding=\"async\" src=\"https:\/\/i0.wp.com\/4.bp.blogspot.com\/-cmRva6HBmto\/WoRsIiX-OyI\/AAAAAAAALzc\/48DVKYHWbtsBCe5DwF6h_1KvYVXJBY3AACLcBGAs\/s800\/Mossenaires_10Febrer2018-095.jpg?ssl=1\"  \/><\/h3>\n<h3><img data-recalc-dims=\"1\" decoding=\"async\" src=\"https:\/\/i0.wp.com\/4.bp.blogspot.com\/-atf6VQaNaKs\/WoRsI-AzwVI\/AAAAAAAALzg\/bsXQJFzA6QUAmvzT8oL_pb_-L1aCRccBwCLcBGAs\/s800\/Mossenaires_10Febrer2018-096.jpg?ssl=1\"  \/><\/h3>\n<h3><img data-recalc-dims=\"1\" decoding=\"async\" src=\"https:\/\/i0.wp.com\/3.bp.blogspot.com\/-SSe1BeUgGpA\/WoRsJGLtIJI\/AAAAAAAALzk\/EL0edaLAjYAs4ld2Yr3dNcZMPXMu1jbUACLcBGAs\/s800\/Mossenaires_10Febrer2018-097.jpg?ssl=1\"  \/><\/h3>\n<h3>V I D E O \u00b7. V I D E O \u00b7. V I D E O \u00b7.<br \/>\n<a href=\"https:\/\/youtu.be\/pxE5-lJs354\"><img data-recalc-dims=\"1\" decoding=\"async\" src=\"https:\/\/i0.wp.com\/3.bp.blogspot.com\/-EaI_1UqaeTs\/WoR8wuIXmyI\/AAAAAAAAL0g\/q9l5mIvD6EoUPwVK5LJ1n_Ld2vWtVMh-ACLcBGAs\/s800\/Mossenaires_10Febrer2018-098Video.jpg?ssl=1\"  \/><\/a><br \/>\n<a href=\"https:\/\/youtu.be\/pxE5-lJs354\">https:\/\/youtu.be\/pxE5-lJs354<\/a><\/h3>\n<h3><a href=\"https:\/\/www.strava.com\/activities\/1400518244\"><img data-recalc-dims=\"1\" decoding=\"async\" src=\"https:\/\/i0.wp.com\/1.bp.blogspot.com\/-O3yNa31RlnU\/WoR93ibC2lI\/AAAAAAAAL0s\/GmFTyGiTpJgQ20q5QUsaNhsOJLQwNGuMQCLcBGAs\/s800\/Mossenaires_10Febrer2018-098circuit.jpg?ssl=1\"  \/><\/a><\/h3>\n<h3><a href=\"https:\/\/www.strava.com\/activities\/1400518244\">https:\/\/www.strava.com\/activities\/1400518244<\/a><\/h3>\n<table style=\"padding-left: 30px;text-align: justify\" cellspacing=\"0\">\n<tbody style=\"padding-left: 30px\">\n<tr style=\"padding-left: 30px;text-align: justify\">\n<td style=\"padding-left: 30px\">\n<h3><strong><span style=\"color: #990000;font-size: large\"><a href=\"http:\/\/www.egargrafic.com\/\" target=\"_blank\" rel=\"noopener noreferrer\"><img data-recalc-dims=\"1\" decoding=\"async\" src=\"https:\/\/i0.wp.com\/www.josepmoliner.com\/egargrafic2.gif\" alt=\"\" \/><\/a><\/span><\/strong><\/h3>\n<\/td>\n<td style=\"padding-left: 30px\"><\/td>\n<\/tr>\n<tr style=\"padding-left: 30px;text-align: justify\">\n<td style=\"padding-left: 30px\">\n<h3><strong><span style=\"color: #990000;font-size: large\"><a href=\"http:\/\/www.grevolsalut.com\/\" target=\"_blank\" rel=\"noopener noreferrer\"><img data-recalc-dims=\"1\" decoding=\"async\" src=\"https:\/\/i0.wp.com\/www.elroure.net\/grevol\/grevol_salut.gif\" alt=\"\" \/><\/a><\/span><\/strong><\/h3>\n<\/td>\n<td style=\"padding-left: 30px\">\n<h3><a href=\"http:\/\/www.elroure.net\/\" target=\"_blank\" rel=\"noopener noreferrer\"><span style=\"color: #990000;font-size: large\"><img data-recalc-dims=\"1\" decoding=\"async\" src=\"https:\/\/i0.wp.com\/elroure.net\/rourenet.gif\" alt=\"\" \/><\/span><\/a><\/h3>\n<\/td>\n<\/tr>\n<tr style=\"padding-left: 30px;text-align: justify\">\n<td style=\"padding-left: 30px\">\n<h3><a href=\"http:\/\/www.eledevall.com\/\" target=\"_blank\" rel=\"noopener noreferrer\"><b><span style=\"color: #990000;font-size: large\"><img data-recalc-dims=\"1\" decoding=\"async\" src=\"https:\/\/i0.wp.com\/josepmoliner.com\/eledevall.gif\" alt=\"\" \/><\/span><\/b><\/a><\/h3>\n<\/td>\n<td style=\"padding-left: 30px\">\n<h3><a href=\"http:\/\/civeracampoy.com\/index.php\/es\/\" target=\"_blank\" rel=\"noopener noreferrer\"><span style=\"color: #990000;font-size: large\"><img data-recalc-dims=\"1\" decoding=\"async\" src=\"https:\/\/i0.wp.com\/josepmoliner.com\/Civera%26Campoy.gif\" alt=\"\" \/><\/span><\/a><\/h3>\n<\/td>\n<\/tr>\n<tr style=\"padding-left: 30px;text-align: justify\">\n<td style=\"padding-left: 30px\"><\/td>\n<td style=\"padding-left: 30px\"><\/td>\n<\/tr>\n<tr style=\"padding-left: 30px;text-align: justify\">\n<td style=\"padding-left: 30px\">\n<table style=\"padding-left: 30px;text-align: left\" cellspacing=\"0\">\n<tbody style=\"padding-left: 30px\">\n<tr style=\"padding-left: 30px;text-align: justify\">\n<td style=\"padding-left: 30px\">\n<h3><strong><span style=\"color: #990000;font-size: large\">\u00a0vols el teu banner?<\/span><\/strong><\/h3>\n<\/td>\n<\/tr>\n<tr style=\"padding-left: 30px;text-align: justify\">\n<td style=\"padding-left: 30px\"><\/td>\n<\/tr>\n<\/tbody>\n<\/table>\n<\/td>\n<\/tr>\n<\/tbody>\n<\/table>\n","protected":false},"excerpt":{"rendered":"<p>El Dron ha revolotejat tothora l&#8217;entrenament d&#8217;avui 10 de febrer i l&#8217;Albert i en Jos\u00e9 Manuel, han estat qui han fet que expectants tots plegats, per veure l&#8217;enginy voleiant per sobre dels nostres caps. Els gossos tampoc han estat aliens a aquest aspecte i anaven bordant per la remor de les h\u00e8lices. El recorregut estava [&hellip;]<\/p>\n","protected":false},"author":171,"featured_media":0,"comment_status":"open","ping_status":"open","sticky":false,"template":"","format":"standard","meta":{"jetpack_post_was_ever_published":false,"_jetpack_newsletter_access":"","_jetpack_dont_email_post_to_subs":false,"_jetpack_newsletter_tier_id":0,"_jetpack_memberships_contains_paywalled_content":false,"_jetpack_memberships_contains_paid_content":false,"footnotes":"","jetpack_publicize_message":"","jetpack_publicize_feature_enabled":true,"jetpack_social_post_already_shared":false,"jetpack_social_options":{"image_generator_settings":{"template":"highway","default_image_id":0,"font":"","enabled":false},"version":2}},"categories":[2697,1644,25130,5580,4554,25102,25094,73],"tags":[2697,4656,25105,25125,25130,25112,25124,25126,25106,25189,25094,25091,25137,73],"class_list":["post-4651","post","type-post","status-publish","format-standard","hentry","category-amistat","category-correr","category-correrxerrar","category-entrenaments","category-mossenaires","category-mossenhoms-be","category-pep-moliner","category-terrassa","tag-amistat","tag-atletisme","tag-correr","tag-correr-xerrar","tag-correrxerrar","tag-entrenament-en-grup","tag-entrenaments-en-grup","tag-entrenaments-torre-mossen-homs","tag-mossenaires","tag-moviedron","tag-pep-moliner","tag-running","tag-sabadell","tag-terrassa"],"jetpack_publicize_connections":[],"jetpack_featured_media_url":"","jetpack_sharing_enabled":true,"jetpack_shortlink":"https:\/\/wp.me\/pagkiK-1d1","jetpack-related-posts":[{"id":4564,"url":"https:\/\/blogs.avui.cat\/pepmoliner\/2017\/08\/23\/agost-mossenaire\/","url_meta":{"origin":4651,"position":0},"title":"Agost Mossenaire","author":"Pep Moliner","date":"23 d'agost de 2017","format":false,"excerpt":"El torrent de Gotelles ha estat el circuit triat per en Paco Barcia, al qui deman\u00e0vem es fes c\u00e0rrec del grup avui i no perdre la continu\u00eftat en el nostre projecte on es busca la solidaritat, amistat, amor a la natura i gaudir d'una bona xerrada mentre fem una mica\u2026","rel":"","context":"A &quot;Amistat&quot;","block_context":{"text":"Amistat","link":"https:\/\/blogs.avui.cat\/pepmoliner\/category\/amistat\/"},"img":{"alt_text":"","src":"","width":0,"height":0},"classes":[]},{"id":4568,"url":"https:\/\/blogs.avui.cat\/pepmoliner\/2017\/08\/30\/sempre-rient-mossenaires\/","url_meta":{"origin":4651,"position":1},"title":"Sempre rient: &#8220;Mossenaires&#8221;","author":"Pep Moliner","date":"30 d'agost de 2017","format":false,"excerpt":"L'agost s'apaga a Can #Mossenaires i ho fa amb all\u00f2 que ens agrada. #c\u00f3rrer #xerrar #gaudir acompanyades i acompanyats de gent amb el mateix tarann\u00e0 esportiu, que el que vol i com excusa, anar a passar una bona estona sense compromisos i moltes i molts, tornant de vacances i amb\u2026","rel":"","context":"A &quot;Amistat&quot;","block_context":{"text":"Amistat","link":"https:\/\/blogs.avui.cat\/pepmoliner\/category\/amistat\/"},"img":{"alt_text":"","src":"","width":0,"height":0},"classes":[]},{"id":4648,"url":"https:\/\/blogs.avui.cat\/pepmoliner\/2018\/02\/07\/mossenaires-a-vista-de-dron\/","url_meta":{"origin":4651,"position":2},"title":"Mossenaires a vista de dron","author":"Pep Moliner","date":"7 de febrer de 2018","format":false,"excerpt":"Cada dissabte \u00e9s diferent. Nom\u00e9s que cal veure que van passant els anys i sempre tenim alguna sorpresa. El circuit pot variar un xic, despr\u00e9s de tantes vegades, per\u00f2 a qui portarem al costat, i la conversa que ens inspira, segur que no \u00e9s la mateixa i per acabar-ho d'arrodonir\u2026","rel":"","context":"A &quot;Amistat&quot;","block_context":{"text":"Amistat","link":"https:\/\/blogs.avui.cat\/pepmoliner\/category\/amistat\/"},"img":{"alt_text":"","src":"https:\/\/i0.wp.com\/blogs.avui.cat\/pepmoliner\/wp-content\/imagescaler\/936db04f9e3aa05e1011705df28fa502.gif?resize=350%2C200","width":350,"height":200},"classes":[]},{"id":4431,"url":"https:\/\/blogs.avui.cat\/pepmoliner\/2017\/03\/08\/entrenament-mossenaire-un-mes\/","url_meta":{"origin":4651,"position":3},"title":"\u201cEntrenament Mossenaire: un mes\u201d","author":"Pep Moliner","date":"8 de mar\u00e7 de 2017","format":false,"excerpt":"Sabem que la pluja espanta for\u00e7a #mossenaires i a primera hora no sabem \u00a0si l'entrenament ser\u00e0 xop o eixut. Ha estat eixut i fant\u00e0stic o almenys aix\u00ed \u00a0ens ho sembla. Hem baixat per llocs com el cam\u00ed asfaltat de Can Bon Vilar \u00a0que duu a llocs com l'Hotel Milton, l'H\u00edpica\u2026","rel":"","context":"A &quot;Amistat&quot;","block_context":{"text":"Amistat","link":"https:\/\/blogs.avui.cat\/pepmoliner\/category\/amistat\/"},"img":{"alt_text":"","src":"","width":0,"height":0},"classes":[]},{"id":4556,"url":"https:\/\/blogs.avui.cat\/pepmoliner\/2017\/08\/09\/mossenaires-no-fa-vacances\/","url_meta":{"origin":4651,"position":4},"title":"Mossenaires no fa vacances","author":"Pep Moliner","date":"9 d'agost de 2017","format":false,"excerpt":"Un dissabte com tants, on farem un bon entrenament i ser\u00e0 gr\u00e0cies a que no fem vacances. \u00c9s gr\u00e0cies a tothom i avui el que ha fet la tria del circuit han estat en Joan, Carlos i l\u2019Eva, que els hi hem demanat que portessin el grup directament i per\u2026","rel":"","context":"A &quot;Amistat&quot;","block_context":{"text":"Amistat","link":"https:\/\/blogs.avui.cat\/pepmoliner\/category\/amistat\/"},"img":{"alt_text":"","src":"","width":0,"height":0},"classes":[]},{"id":4634,"url":"https:\/\/blogs.avui.cat\/pepmoliner\/2018\/01\/03\/ultim-de-lany-bon-any\/","url_meta":{"origin":4651,"position":5},"title":"\u00daltim de l&#8217;Any. Bon any!!!","author":"Pep Moliner","date":"3 de gener de 2018","format":false,"excerpt":"La font de la Tartana ha estat el lloc triat pels nostres amics per fer l'habitual parada Mossenaire. Avui clou l'any 2017 i ha estat un bon lloc per dir-li ad\u00e9u. Agra\u00efm l'estona que ens heu fet gaudir, Joan, Carlos, Eva, Albert, Javi i cadascuna i cadasc\u00fa de vosaltres que\u2026","rel":"","context":"A &quot;Amistat&quot;","block_context":{"text":"Amistat","link":"https:\/\/blogs.avui.cat\/pepmoliner\/category\/amistat\/"},"img":{"alt_text":"","src":"https:\/\/i0.wp.com\/blogs.avui.cat\/pepmoliner\/wp-content\/imagescaler\/936db04f9e3aa05e1011705df28fa502.gif?resize=350%2C200","width":350,"height":200},"classes":[]}],"_links":{"self":[{"href":"https:\/\/blogs.avui.cat\/pepmoliner\/wp-json\/wp\/v2\/posts\/4651","targetHints":{"allow":["GET"]}}],"collection":[{"href":"https:\/\/blogs.avui.cat\/pepmoliner\/wp-json\/wp\/v2\/posts"}],"about":[{"href":"https:\/\/blogs.avui.cat\/pepmoliner\/wp-json\/wp\/v2\/types\/post"}],"author":[{"embeddable":true,"href":"https:\/\/blogs.avui.cat\/pepmoliner\/wp-json\/wp\/v2\/users\/171"}],"replies":[{"embeddable":true,"href":"https:\/\/blogs.avui.cat\/pepmoliner\/wp-json\/wp\/v2\/comments?post=4651"}],"version-history":[{"count":2,"href":"https:\/\/blogs.avui.cat\/pepmoliner\/wp-json\/wp\/v2\/posts\/4651\/revisions"}],"predecessor-version":[{"id":4653,"href":"https:\/\/blogs.avui.cat\/pepmoliner\/wp-json\/wp\/v2\/posts\/4651\/revisions\/4653"}],"wp:attachment":[{"href":"https:\/\/blogs.avui.cat\/pepmoliner\/wp-json\/wp\/v2\/media?parent=4651"}],"wp:term":[{"taxonomy":"category","embeddable":true,"href":"https:\/\/blogs.avui.cat\/pepmoliner\/wp-json\/wp\/v2\/categories?post=4651"},{"taxonomy":"post_tag","embeddable":true,"href":"https:\/\/blogs.avui.cat\/pepmoliner\/wp-json\/wp\/v2\/tags?post=4651"}],"curies":[{"name":"wp","href":"https:\/\/api.w.org\/{rel}","templated":true}]}}