{"id":4648,"date":"2018-02-07T20:24:10","date_gmt":"2018-02-07T19:24:10","guid":{"rendered":"http:\/\/blogs.avui.cat\/pepmoliner\/?p=4648"},"modified":"2018-02-07T20:24:27","modified_gmt":"2018-02-07T19:24:27","slug":"mossenaires-a-vista-de-dron","status":"publish","type":"post","link":"https:\/\/blogs.avui.cat\/pepmoliner\/2018\/02\/07\/mossenaires-a-vista-de-dron\/","title":{"rendered":"Mossenaires a vista de dron"},"content":{"rendered":"<h3><span style=\"color: #800000\">Cada dissabte \u00e9s diferent. Nom\u00e9s que cal veure que van passant els anys i sempre tenim alguna sorpresa. El circuit pot variar un xic, despr\u00e9s de tantes vegades, per\u00f2 a qui portarem al costat, i la conversa que ens inspira, segur que no \u00e9s la mateixa i per acabar-ho d&#8217;arrodonir a la sortida, una persona que fa dies que ens segueix i al que ara ens encanta anar sabent coses: l&#8217;Albert Diantus i a continuaci\u00f3 veureu un tastet de qu\u00e8 vol fer el dissabte vinent, si fa bon temps i tot va b\u00e9. Estigueu al tanto que anirem informant. Ha dut el seu &#8220;dron&#8221; i ens ha regalat un v\u00eddeo. Mireu-lo i li agra\u00efm. Gr\u00e0cies!!<\/span><\/h3>\n<h3><span style=\"color: #800000\">I parlant de l&#8217;entrenament, hem sortit per sota la Masia de Torre Moss\u00e8n Homs i pel torrent de la Gr\u00edpia que ara no t\u00e9 horts, com abans, i hem fet un circuit que ens ha dut fins a l&#8217;hora de la foto de fam\u00edlia a la font de l&#8217;Argelaguet. Algun progressiu i moltes rialles i converses.<\/span><\/h3>\n<h3><span style=\"color: #800000\">Hem llegit els aniversaris a Mossenaires d&#8217;honor, i la bandera ens l&#8217;ha condu\u00eft de forma perfecta, l&#8217;Anna Duran i tamb\u00e9 hem tornat a tenir Mossenaire Nou, en Toni.<\/span><\/h3>\n<h3><span style=\"color: #800000\">El circuit <\/span><br \/>\n<span style=\"color: #800000\"><a href=\"https:\/\/www.strava.com\/activities\/1389224055\">https:\/\/www.strava.com\/activities\/1389224055<\/a><\/span><\/h3>\n<h3><span style=\"color: #800000\">Expliquem una petit\u00edssima part de les bones vibracions que sempre sentim i des d&#8217;aquest raconet: un desig. Sigueu feli\u00e7os!!!<\/span><\/h3>\n<h3><span style=\"color: #800000\"><img data-recalc-dims=\"1\" decoding=\"async\" src=\"https:\/\/i0.wp.com\/1.bp.blogspot.com\/-moZSRB2s2IA\/WnspE_F-HtI\/AAAAAAAALoU\/b1INbrtyRkEac9C4UcKmE9n9NjN7v28FQCLcBGAs\/s800\/Mosssenaires_3Febrer2018.jpg?ssl=1\"  \/> <\/span><br \/>\n<span style=\"color: #800000\">Albert no el coneix\u00edem i s&#8217;ha interessat per nosaltres i vol mostrar-nos una feina que fa i ha dut el seu dron per fer-nos una demostraci\u00f3 i dir-nos que vindr\u00e0 dissabte vinent a fer una filmaci\u00f3. Un plaer con\u00e8ixe&#8217;t<\/span><\/h3>\n<h3><span style=\"color: #800000\"><img data-recalc-dims=\"1\" decoding=\"async\" src=\"https:\/\/i0.wp.com\/1.bp.blogspot.com\/-VWlfRuT_b0I\/WnspH3sT19I\/AAAAAAAALoc\/zNwYaMk289U8cWsL7VfqtclBqY3yyxTDACLcBGAs\/s800\/Mosssenaires_3Febrer2018-001.jpg?ssl=1\"  \/> <\/span><br \/>\n<span style=\"color: #800000\">I la nostra bandera, ens l&#8217;ha dut la mossenaire <\/span><br \/>\n<span style=\"color: #800000\"><a href=\"http:\/\/mossenhoms.netfreehost.com\/mossenhoms-post-14076.html#14076\">Anna Duran <\/a><\/span><\/h3>\n<h3><span style=\"color: #800000\"><img data-recalc-dims=\"1\" decoding=\"async\" src=\"https:\/\/i0.wp.com\/2.bp.blogspot.com\/-7DpZmOZlvUE\/WnspH6LDttI\/AAAAAAAALog\/za_MSa7Ip2YISwZdghlw5_fV7ZhujVguACLcBGAs\/s800\/Mosssenaires_3Febrer2018-002.jpg?ssl=1\"  \/> <\/span><br \/>\n<span style=\"color: #800000\"><a href=\"http:\/\/mossenhoms.netfreehost.com\/mossenhoms-post-14076.html#14076\">Anna Duran <\/a>, a punt de posar-se la bandera a l&#8217;esquena<\/span><\/h3>\n<h3><span style=\"color: #800000\"><img data-recalc-dims=\"1\" decoding=\"async\" src=\"https:\/\/i0.wp.com\/4.bp.blogspot.com\/-b_zKs2Em4oE\/WnspHx7VSwI\/AAAAAAAALoY\/cMhdnLB_3kIR46DujwRGae42RWSKs2HFQCLcBGAs\/s800\/Mosssenaires_3Febrer2018-003.jpg?ssl=1\"  \/> <\/span><br \/>\n<span style=\"color: #800000\"><a href=\"http:\/\/mossenhoms.netfreehost.com\/mossenhoms-post-14076.html#14076\">Anna Duran <\/a>, en marxa, al costat de l&#8217;Inma, N\u00faria, Carme, Txell<\/span><\/h3>\n<h3><span style=\"color: #800000\"><img data-recalc-dims=\"1\" decoding=\"async\" src=\"https:\/\/i0.wp.com\/3.bp.blogspot.com\/-KDtqWRJTPJo\/WnspIWUArmI\/AAAAAAAALok\/WnghjiKsRBQPZoeE7nc3zgxMLQJsQE0zwCLcBGAs\/s800\/Mosssenaires_3Febrer2018-004.jpg?ssl=1\"  \/> <\/span><br \/>\n<span style=\"color: #800000\"><a href=\"https:\/\/www.facebook.com\/diantus.diantus\">Albert Diantus<\/a>, a punt d&#8217;una petita demostraci\u00f3<\/span><\/h3>\n<h3><span style=\"color: #800000\"><a href=\"https:\/\/www.facebook.com\/diantus.diantus\">Albert Diantus<\/a><\/span><\/h3>\n<h3><span style=\"color: #800000\"><img data-recalc-dims=\"1\" decoding=\"async\" src=\"https:\/\/i0.wp.com\/1.bp.blogspot.com\/-o4l9Dn_ZyRg\/WnspI5Yzq7I\/AAAAAAAALoo\/uM_lPJvJtT4JJl6ytDnlR0ywTj5oQSLnACLcBGAs\/s800\/Mosssenaires_3Febrer2018-005.jpg?ssl=1\"  \/> <\/span><br \/>\n<span style=\"color: #800000\"><a href=\"https:\/\/www.facebook.com\/diantus.diantus\">Albert Diantus<\/a>, movent el dron, que podeu veure all\u00e0 dalt<\/span><\/h3>\n<h3><span style=\"color: #800000\"><a href=\"https:\/\/www.facebook.com\/diantus.diantus\/videos\/10213687003902503\"><img data-recalc-dims=\"1\" decoding=\"async\" src=\"https:\/\/i0.wp.com\/4.bp.blogspot.com\/-qy0OG15Oyqw\/Wns2actOlgI\/AAAAAAAALsg\/1TycnT3V3acPCL0256yzx_ia7uxUGwTjgCLcBGAs\/s800\/Mosssenaires_3Febrer2018-005Dron.jpg?ssl=1\"  \/><\/a> <\/span><br \/>\n<span style=\"color: #800000\"><a href=\"https:\/\/www.facebook.com\/diantus.diantus\/videos\/10213687003902503\">https:\/\/www.facebook.com\/diantus.diantus\/videos\/10213687003902503<\/a> <\/span><br \/>\n<span style=\"color: #800000\"><a href=\"https:\/\/www.youtube.com\/watch?v=dnNn5LS9yXc\"><img data-recalc-dims=\"1\" decoding=\"async\" src=\"https:\/\/i0.wp.com\/4.bp.blogspot.com\/-RUQBBlZqpbQ\/WntG0l3q7oI\/AAAAAAAALs8\/Znl37uGCSaISVbr9PwXmmP8DaA3cQrUQwCLcBGAs\/s800\/Mosssenaires_3Febrer2018-video.jpg?ssl=1\"  \/><\/a> <\/span><br \/>\n<span style=\"color: #800000\"><a href=\"https:\/\/www.youtube.com\/watch?v=dnNn5LS9yXc\">https:\/\/www.youtube.com\/watch?v=dnNn5LS9yXc<\/a><\/span><\/h3>\n<h3><span style=\"color: #800000\"><img data-recalc-dims=\"1\" decoding=\"async\" src=\"https:\/\/i0.wp.com\/2.bp.blogspot.com\/-7UZZ1NlfK58\/WnspJLWyGaI\/AAAAAAAALos\/dPnHt2RwovgFUHSe8XCRfSdMXsvNw0EgQCLcBGAs\/s800\/Mosssenaires_3Febrer2018-006.jpg?ssl=1\"  \/><\/span><\/h3>\n<h3><span style=\"color: #800000\"><img data-recalc-dims=\"1\" decoding=\"async\" src=\"https:\/\/i0.wp.com\/4.bp.blogspot.com\/-9_nnG-6agmI\/WnspJEJPgdI\/AAAAAAAALow\/8n3fop7-F30d7gLrAFu6hzku8NBzNeZkwCLcBGAs\/s800\/Mosssenaires_3Febrer2018-007.jpg?ssl=1\"  \/><\/span><\/h3>\n<h3><span style=\"color: #800000\"><img data-recalc-dims=\"1\" decoding=\"async\" src=\"https:\/\/i0.wp.com\/3.bp.blogspot.com\/-p9CwHcPethM\/WnspJUdBY0I\/AAAAAAAALo0\/fiSHfTUaQa0v07KAFL8TPUIWfm42aec2ACLcBGAs\/s800\/Mosssenaires_3Febrer2018-008.jpg?ssl=1\"  \/> <\/span><br \/>\n<span style=\"color: #800000\">Les noies les primeres: Carme, Inma, Anna, Txell i N\u00faria<\/span><\/h3>\n<h3><span style=\"color: #800000\"><img data-recalc-dims=\"1\" decoding=\"async\" src=\"https:\/\/i0.wp.com\/1.bp.blogspot.com\/-jiVKv3GRr-c\/WnspJ2Lo6aI\/AAAAAAAALo4\/sN4UITeV7WQTg1U2LqZDpzD4Ukb8omLzACLcBGAs\/s800\/Mosssenaires_3Febrer2018-009.jpg?ssl=1\"  \/> <\/span><br \/>\n<span style=\"color: #800000\">A Can Monll\u00f3 ens reagrupem amb en <a href=\"http:\/\/mossenhoms.netfreehost.com\/mossenhoms-post-13883.html#13883\">Jordi Torrente <\/a><\/span><\/h3>\n<h3><span style=\"color: #800000\"><img data-recalc-dims=\"1\" decoding=\"async\" src=\"https:\/\/i0.wp.com\/3.bp.blogspot.com\/-vfXNA8vhsXY\/WnspKEGfxcI\/AAAAAAAALo8\/8DdazJMLWK4659TOanbf7X_OLhGEhdjEgCLcBGAs\/s800\/Mosssenaires_3Febrer2018-010.jpg?ssl=1\"  \/> <\/span><br \/>\n<span style=\"color: #800000\">I on abans hi havia horts, en Miguel Aguilera al capdavant, i en Montilla<\/span><\/h3>\n<h3><span style=\"color: #800000\"><img data-recalc-dims=\"1\" decoding=\"async\" src=\"https:\/\/i0.wp.com\/2.bp.blogspot.com\/-wS_Cn8SpU6w\/WnspKGBiDzI\/AAAAAAAALpA\/7GMZCDOFt4cF_RwNfdGaam6KhfKLvxFcACLcBGAs\/s800\/Mosssenaires_3Febrer2018-011.jpg?ssl=1\"  \/><\/span><\/h3>\n<h3><span style=\"color: #800000\"><img data-recalc-dims=\"1\" decoding=\"async\" src=\"https:\/\/i0.wp.com\/1.bp.blogspot.com\/-A8SpT6Lyt0c\/WnspKVnT6dI\/AAAAAAAALpE\/PVX9f0jnPy4m5Tca_TYixlXzChk_uC9SwCLcBGAs\/s800\/Mosssenaires_3Febrer2018-012.jpg?ssl=1\"  \/> <\/span><br \/>\n<span style=\"color: #800000\">Tancant el grup, els cans amb l&#8217;Eva i en Javi<\/span><\/h3>\n<h3><span style=\"color: #800000\"><img data-recalc-dims=\"1\" decoding=\"async\" src=\"https:\/\/i0.wp.com\/4.bp.blogspot.com\/--9Hf3bNw9zc\/WnspKzLE8iI\/AAAAAAAALpM\/KjLS4OaMEy4uqqgN2Jz5EDDfst6fc23ZwCLcBGAs\/s800\/Mosssenaires_3Febrer2018-013.jpg?ssl=1\"  \/> <\/span><br \/>\n<span style=\"color: #800000\">Eiii !!!, les que van a buscar la cua!!<\/span><\/h3>\n<h3><span style=\"color: #800000\"><img data-recalc-dims=\"1\" decoding=\"async\" src=\"https:\/\/i0.wp.com\/2.bp.blogspot.com\/-C0EZwMnRfzI\/WnspKscSZDI\/AAAAAAAALpI\/Pj8c0ebXzB0ubo8y8qfi0hlp4yXG2w2cACLcBGAs\/s800\/Mosssenaires_3Febrer2018-014.jpg?ssl=1\"  \/> <\/span><br \/>\n<span style=\"color: #800000\">Ja la tenim aqu\u00ed<\/span><\/h3>\n<h3><span style=\"color: #800000\"><img data-recalc-dims=\"1\" decoding=\"async\" src=\"https:\/\/i0.wp.com\/4.bp.blogspot.com\/-ct2MBoxbs6M\/WnspK16yR5I\/AAAAAAAALpQ\/sZ_YA18QFCAVCGa4bGuBZPVcSpmMWAp5QCLcBGAs\/s800\/Mosssenaires_3Febrer2018-015.jpg?ssl=1\"  \/> <\/span><br \/>\n<span style=\"color: #800000\">Moments de reagrupament<\/span><\/h3>\n<h3><span style=\"color: #800000\"><img data-recalc-dims=\"1\" decoding=\"async\" src=\"https:\/\/i0.wp.com\/1.bp.blogspot.com\/-9ICEkYkUnWM\/WnspLLDz1CI\/AAAAAAAALpU\/smb7dnBBN9wJtoVTWaF_ZH8wm_FZPiN8gCLcBGAs\/s800\/Mosssenaires_3Febrer2018-016.jpg?ssl=1\"  \/><\/span><\/h3>\n<h3><span style=\"color: #800000\"><img data-recalc-dims=\"1\" decoding=\"async\" src=\"https:\/\/i0.wp.com\/3.bp.blogspot.com\/-JkSuleog7cA\/WnspLqH-TQI\/AAAAAAAALpY\/6JpBPMlWmL0tOuNwfE9PXKwpsNMDPHvjwCLcBGAs\/s800\/Mosssenaires_3Febrer2018-017.jpg?ssl=1\"  \/> <\/span><br \/>\n<span style=\"color: #800000\">En Carlos ens ha fet fixar amb el Pi Gros feia poca estona, i aqu\u00ed est\u00e0 anunciat. Realment \u00e9s gros<\/span><\/h3>\n<h3><span style=\"color: #800000\"><img data-recalc-dims=\"1\" decoding=\"async\" src=\"https:\/\/i0.wp.com\/3.bp.blogspot.com\/-3i4N3pPN4CI\/WnspLoJnz7I\/AAAAAAAALpc\/LYsnI1EigVYrWz4n97F5hf8h8AAGKDKsgCLcBGAs\/s800\/Mosssenaires_3Febrer2018-018.jpg?ssl=1\"  \/> <\/span><br \/>\n<span style=\"color: #800000\">Fem un progressiu amb en Joan i en David<\/span><\/h3>\n<h3><span style=\"color: #800000\"><img data-recalc-dims=\"1\" decoding=\"async\" src=\"https:\/\/i0.wp.com\/1.bp.blogspot.com\/-RUG0i6hYFwk\/WnspLy8_WHI\/AAAAAAAALpg\/FYbtnZmJN5wCkSFKbwP-Vu-YmzFV4GJfwCLcBGAs\/s800\/Mosssenaires_3Febrer2018-019.jpg?ssl=1\"  \/><\/span><\/h3>\n<h3><span style=\"color: #800000\"><img data-recalc-dims=\"1\" decoding=\"async\" src=\"https:\/\/i0.wp.com\/3.bp.blogspot.com\/-a3UR2JzImTE\/WnspMMrR4QI\/AAAAAAAALpk\/qRu4eRGSCeQiHbjbl-exT0wDZF4nfugOgCLcBGAs\/s800\/Mosssenaires_3Febrer2018-020.jpg?ssl=1\"  \/> <\/span><br \/>\n<span style=\"color: #800000\">I els primers van a la cua, com en Miguel i en Jordi<\/span><\/h3>\n<h3><span style=\"color: #800000\"><img data-recalc-dims=\"1\" decoding=\"async\" src=\"https:\/\/i0.wp.com\/4.bp.blogspot.com\/--MoBRJZmWR8\/WnspMD5FhKI\/AAAAAAAALpo\/Ndmpf71dm5w2IQaKWuo43urvxEdwEskTQCLcBGAs\/s800\/Mosssenaires_3Febrer2018-021.jpg?ssl=1\"  \/> <\/span><br \/>\n<span style=\"color: #800000\">Ja la tenim aqu\u00b4, un Javi, dos Miguels, i dos Jordis<\/span><\/h3>\n<h3><span style=\"color: #800000\"><img data-recalc-dims=\"1\" decoding=\"async\" src=\"https:\/\/i0.wp.com\/3.bp.blogspot.com\/-GigxcI_tcgE\/WnspMFI6QrI\/AAAAAAAALps\/HQweTzsnK0EjJOjgX-XZC8aEqtGQo3Y2gCLcBGAs\/s800\/Mosssenaires_3Febrer2018-022.jpg?ssl=1\"  \/> <\/span><br \/>\n<span style=\"color: #800000\">Tavessem amb l&#8217;<a href=\"http:\/\/mossenhoms.netfreehost.com\/mossenhoms-post-13810.html#13810\"> Anna Cos <\/a><\/span><\/h3>\n<h3><span style=\"color: #800000\"><img data-recalc-dims=\"1\" decoding=\"async\" src=\"https:\/\/i0.wp.com\/4.bp.blogspot.com\/-KUO8EzuzUKI\/WnspMtGpNfI\/AAAAAAAALpw\/KRgt79fRyVYZG54gnzlOfjVUqZYOUZ-FwCLcBGAs\/s800\/Mosssenaires_3Febrer2018-023.jpg?ssl=1\"  \/> <\/span><br \/>\n<span style=\"color: #800000\">Tavessem amb l&#8217;<a href=\"http:\/\/mossenhoms.netfreehost.com\/viewtopic.php?p=13931&amp;mforum=mossenhoms#13931\">Albert Perpiny\u00e0 <\/a><\/span><\/h3>\n<h3><span style=\"color: #800000\"><img data-recalc-dims=\"1\" decoding=\"async\" src=\"https:\/\/i0.wp.com\/4.bp.blogspot.com\/-f_qcTwQFRqc\/WnspMybXWaI\/AAAAAAAALp0\/xuOL5Xu6nrAvwTlEVZqJW0Ppobj8R5_3ACLcBGAs\/s800\/Mosssenaires_3Febrer2018-024.jpg?ssl=1\"  \/><\/span><\/h3>\n<h3><span style=\"color: #800000\"><img data-recalc-dims=\"1\" decoding=\"async\" src=\"https:\/\/i0.wp.com\/4.bp.blogspot.com\/-UmcQXt27ikg\/WnspNJ1xr3I\/AAAAAAAALp4\/1_XMKPSd8QEzbFPLUiuEEtkd7O5MD5uhwCLcBGAs\/s800\/Mosssenaires_3Febrer2018-025.jpg?ssl=1\"  \/> <\/span><br \/>\n<span style=\"color: #800000\">Eva i Jos\u00e9 Manuel. Ahh ! i Sherlock<\/span><\/h3>\n<h3><span style=\"color: #800000\"><img data-recalc-dims=\"1\" decoding=\"async\" src=\"https:\/\/i0.wp.com\/2.bp.blogspot.com\/-HoUG37GLX7M\/WnspNMq6dII\/AAAAAAAALp8\/qYtZUDymfig4rZak55OhMMWN6mgSjblKQCLcBGAs\/s800\/Mosssenaires_3Febrer2018-026.jpg?ssl=1\"  \/><\/span><\/h3>\n<h3><span style=\"color: #800000\"><img data-recalc-dims=\"1\" decoding=\"async\" src=\"https:\/\/i0.wp.com\/1.bp.blogspot.com\/-SsPXjzGs9Xw\/WnspNGQQ9NI\/AAAAAAAALqA\/QlGXtQHxSx06Tn2AOeIGNCH2kR0Kjn9cgCLcBGAs\/s800\/Mosssenaires_3Febrer2018-027.jpg?ssl=1\"  \/><\/span><\/h3>\n<h3><span style=\"color: #800000\"><img data-recalc-dims=\"1\" decoding=\"async\" src=\"https:\/\/i0.wp.com\/4.bp.blogspot.com\/-8GGUfYUVQ0c\/WnspNY52o0I\/AAAAAAAALqE\/64I8VSVkpHkzvSk5XyWmSfOhNvPYBCi-gCLcBGAs\/s800\/Mosssenaires_3Febrer2018-028.jpg?ssl=1\"  \/> <\/span><br \/>\n<span style=\"color: #800000\">Anna i Enrique-Nilo<\/span><\/h3>\n<h3><span style=\"color: #800000\"><img data-recalc-dims=\"1\" decoding=\"async\" src=\"https:\/\/i0.wp.com\/1.bp.blogspot.com\/-d-U4CAObB84\/WnspNmPYjNI\/AAAAAAAALqI\/ZYpZyf93GwofrCldk69bs5N2nNSw9xhRACLcBGAs\/s800\/Mosssenaires_3Febrer2018-029.jpg?ssl=1\"  \/> <\/span><br \/>\n<span style=\"color: #800000\">Eiiii !!! Anna. La nostra bandera<\/span><\/h3>\n<h3><span style=\"color: #800000\"><img data-recalc-dims=\"1\" decoding=\"async\" src=\"https:\/\/i0.wp.com\/2.bp.blogspot.com\/-O7EW9D9d568\/WnspNjsOCdI\/AAAAAAAALqM\/fkIE7TXdDD0j9pdlt7SNb-JTq4NSKqhcwCLcBGAs\/s800\/Mosssenaires_3Febrer2018-030.jpg?ssl=1\"  \/> <\/span><br \/>\n<span style=\"color: #800000\">La bandera a bon recaude amb l&#8217;<a href=\"http:\/\/mossenhoms.netfreehost.com\/mossenhoms-post-14076.html#14076\">Anna Duran <\/a><\/span><\/h3>\n<h3><span style=\"color: #800000\"><img data-recalc-dims=\"1\" decoding=\"async\" src=\"https:\/\/i0.wp.com\/2.bp.blogspot.com\/-QWy6Ak5oGBw\/WnspN9AcEjI\/AAAAAAAALqQ\/0KqOO16hX4ErVcblFJYLmzfq0B6umBAnQCLcBGAs\/s800\/Mosssenaires_3Febrer2018-031.jpg?ssl=1\"  \/> <\/span><br \/>\n<span style=\"color: #800000\"><a href=\"http:\/\/mossenhoms.netfreehost.com\/mossenhoms-post-14094.html#14094\">JuanMa Martin <\/a><\/span><\/h3>\n<h3><span style=\"color: #800000\"><img data-recalc-dims=\"1\" decoding=\"async\" src=\"https:\/\/i0.wp.com\/4.bp.blogspot.com\/-zn1Q0KXoCxo\/WnspOP_nGrI\/AAAAAAAALqU\/ouszvOfV-KwiGdBC0U5jQ5vDFeb8_1xgwCLcBGAs\/s800\/Mosssenaires_3Febrer2018-032.jpg?ssl=1\"  \/> <\/span><br \/>\n<span style=\"color: #800000\">Els arbres ja floreixen. No hi entenc, per\u00f2 diria que \u00e9s un ametller, no?<\/span><\/h3>\n<h3><span style=\"color: #800000\"><img data-recalc-dims=\"1\" decoding=\"async\" src=\"https:\/\/i0.wp.com\/4.bp.blogspot.com\/-0Onbf1wHgjA\/WnspOB9DfhI\/AAAAAAAALqY\/hPJNIn2FA-UOcP9K0gDJxkMWJkTzhu1rwCLcBGAs\/s800\/Mosssenaires_3Febrer2018-033.jpg?ssl=1\"  \/><\/span><\/h3>\n<h3><span style=\"color: #800000\"><img data-recalc-dims=\"1\" decoding=\"async\" src=\"https:\/\/i0.wp.com\/2.bp.blogspot.com\/-gFmiG4DTAuM\/WnspOehFfBI\/AAAAAAAALqc\/HDbJ6nf8Mjkq5AIPhwPRLuY75X5cRdUVgCLcBGAs\/s800\/Mosssenaires_3Febrer2018-034.jpg?ssl=1\"  \/><\/span><\/h3>\n<h3><span style=\"color: #800000\"><img data-recalc-dims=\"1\" decoding=\"async\" src=\"https:\/\/i0.wp.com\/4.bp.blogspot.com\/-HvBbo3XOVrE\/WnspOjBta-I\/AAAAAAAALqg\/V2b9CwT7KV8HP8IDWAnFMlU_Owhg19i8wCLcBGAs\/s800\/Mosssenaires_3Febrer2018-035.jpg?ssl=1\"  \/> <\/span><br \/>\n<span style=\"color: #800000\">Tres cracs<\/span><\/h3>\n<h3><span style=\"color: #800000\"><img data-recalc-dims=\"1\" decoding=\"async\" src=\"https:\/\/i0.wp.com\/4.bp.blogspot.com\/-VVKsPMFKWqs\/WnspO9fQDaI\/AAAAAAAALqk\/8XM7Ww-TY-gzTaX3P3uRfB8Mitej9NBxwCLcBGAs\/s800\/Mosssenaires_3Febrer2018-036.jpg?ssl=1\"  \/> <\/span><br \/>\n<span style=\"color: #800000\">En <a href=\"http:\/\/mossenhoms.netfreehost.com\/mossenhoms-post-8218.html#8218\">Jordi Vi\u00f1eta <\/a><\/span><\/h3>\n<h3><span style=\"color: #800000\"><img data-recalc-dims=\"1\" decoding=\"async\" src=\"https:\/\/i0.wp.com\/1.bp.blogspot.com\/-dWoU6d3ILmY\/WnspO_AJsPI\/AAAAAAAALqo\/rturvF7yFpIZl-16f6OD-Z8_eFOVhHJWgCLcBGAs\/s800\/Mosssenaires_3Febrer2018-037.jpg?ssl=1\"  \/><\/span><\/h3>\n<h3><span style=\"color: #800000\">l&#8217;Anna Cos ens explica que aquest any fa 60 anys i que ha decidit pujar 60 vegades a La Mola. I ens ho explica, per si alg\u00fa la vol acompanyar qualsevol dia d&#8217;aquests.<\/span><\/h3>\n<h3><span style=\"color: #800000\"><img data-recalc-dims=\"1\" decoding=\"async\" src=\"https:\/\/i0.wp.com\/3.bp.blogspot.com\/-EW5TIYW25bg\/WnspPMil-8I\/AAAAAAAALqs\/zAHIenXsPxEedXcNskQ93I2dZFcoZmqfACLcBGAs\/s800\/Mosssenaires_3Febrer2018-038.jpg?ssl=1\"  \/> <\/span><br \/>\n<span style=\"color: #800000\">60 pujades a la Mola<\/span><\/h3>\n<h3><span style=\"color: #800000\"><img data-recalc-dims=\"1\" decoding=\"async\" src=\"https:\/\/i0.wp.com\/2.bp.blogspot.com\/-ZySftNEglE4\/WnspPPt93KI\/AAAAAAAALqw\/SFEhf-tyqz47cVHHsj3gKUpLC6PIdNKeQCLcBGAs\/s800\/Mosssenaires_3Febrer2018-039.jpg?ssl=1\"  \/> <\/span><br \/>\n<span style=\"color: #800000\">\u00c0nims i molta sort!!!<\/span><\/h3>\n<h3><span style=\"color: #800000\"><img data-recalc-dims=\"1\" decoding=\"async\" src=\"https:\/\/i0.wp.com\/3.bp.blogspot.com\/-ITSf4t3FpBY\/WnspPaTxffI\/AAAAAAAALq0\/aEFGUDgvIvUGmtbiGOFT87Y52wh2rPxUwCLcBGAs\/s800\/Mosssenaires_3Febrer2018-040.jpg?ssl=1\"  \/><\/span><\/h3>\n<h3><span style=\"color: #800000\"><img data-recalc-dims=\"1\" decoding=\"async\" src=\"https:\/\/i0.wp.com\/2.bp.blogspot.com\/-3dPfeaUgpHs\/WnspPgamQXI\/AAAAAAAALq4\/61h1BJZCGoEn1pKvq3VDMx4Ru2zefiJhQCLcBGAs\/s800\/Mosssenaires_3Febrer2018-041.jpg?ssl=1\"  \/> <\/span><br \/>\n<span style=\"color: #800000\">I llegim els aniversaris!!!<\/span><\/h3>\n<h3><span style=\"color: #800000\"><img data-recalc-dims=\"1\" decoding=\"async\" src=\"https:\/\/i0.wp.com\/3.bp.blogspot.com\/-8uVg2Ciqd9M\/WntDOkD46PI\/AAAAAAAALsw\/pzmuku1W2CcmATXxZ_5WuymTgiatZrTgwCLcBGAs\/s800\/aniversaris_mossenaires.jpg?ssl=1\"  \/> <\/span><br \/>\n<span style=\"color: #800000\">N\u00faria, Juanma, Xesco, Xavier, Jordi <\/span><br \/>\n<span style=\"color: #800000\">Toni, Albert, Joan, Bru<\/span><\/h3>\n<h3><span style=\"color: #800000\"><img data-recalc-dims=\"1\" decoding=\"async\" src=\"https:\/\/i0.wp.com\/2.bp.blogspot.com\/-7kWEUbS0HJw\/WnspP_8vXZI\/AAAAAAAALq8\/Pky1xPyuVtEwePRp7y_Irl5t8X4N0NgsQCLcBGAs\/s800\/Mosssenaires_3Febrer2018-042.jpg?ssl=1\"  \/> <\/span><br \/>\n<span style=\"color: #800000\">I el Mossenaire Nou!!!,el Toni!!; Benvingut!!<\/span><\/h3>\n<h3><span style=\"color: #800000\"><img data-recalc-dims=\"1\" decoding=\"async\" src=\"https:\/\/i0.wp.com\/1.bp.blogspot.com\/-Aoijrh7N0c0\/WnspP0NzU8I\/AAAAAAAALrA\/1aAowLUpsZMKhRDHqPuBNwENGemRwy98QCLcBGAs\/s800\/Mosssenaires_3Febrer2018-043.jpg?ssl=1\"  \/> <\/span><br \/>\n<span style=\"color: #800000\">I en Toni, ha estat dels primers Mossenaires amb minimalistes, <\/span><br \/>\n<span style=\"color: #800000\">quasi com c\u00f3rrer descal\u00e7<\/span><\/h3>\n<h3><span style=\"color: #800000\"><img data-recalc-dims=\"1\" decoding=\"async\" src=\"https:\/\/i0.wp.com\/1.bp.blogspot.com\/-ka030UTUNis\/WnspQJsf3yI\/AAAAAAAALrE\/dirC3NN7zM4DoR0V4OvNIa-ln9yRKJ82QCLcBGAs\/s800\/Mosssenaires_3Febrer2018-044.jpg?ssl=1\"  \/> <\/span><br \/>\n<span style=\"color: #800000\">Toni; benvingut!<\/span><\/h3>\n<h3><span style=\"color: #800000\"><img data-recalc-dims=\"1\" decoding=\"async\" src=\"https:\/\/i0.wp.com\/2.bp.blogspot.com\/-Od0388_5f_Y\/WnspQXiZoqI\/AAAAAAAALrM\/y5Lx_DfdXjolVjEdYKFW9YPlpsNjcQS6wCLcBGAs\/s1600\/Mosssenaires_3Febrer2018-045.jpg?ssl=1\"  \/><\/span><br \/>\n<span style=\"color: #800000\">La foto de fam\u00edlia feta a la Font de l&#8217;Argelaguet. Impressionant!<\/span><\/h3>\n<h3><span style=\"color: #800000\"><img data-recalc-dims=\"1\" decoding=\"async\" src=\"https:\/\/i0.wp.com\/3.bp.blogspot.com\/-gS0u83MSqO4\/WnspQ4xbPxI\/AAAAAAAALrU\/-IcwuIefTYwveA6t7RDCG9hdAzOWUjZVwCLcBGAs\/s800\/Mosssenaires_3Febrer2018-048.jpg?ssl=1\"  \/><\/span><\/h3>\n<h3><span style=\"color: #800000\"><img data-recalc-dims=\"1\" decoding=\"async\" src=\"https:\/\/i0.wp.com\/1.bp.blogspot.com\/-2SlZHA90Z4k\/WnspQzHzhbI\/AAAAAAAALrY\/rJG8gcxnIn05CNjUarzGV_anEcvm_mAGQCLcBGAs\/s800\/Mosssenaires_3Febrer2018-049.jpg?ssl=1\"  \/><\/span><\/h3>\n<h3><span style=\"color: #800000\"><img data-recalc-dims=\"1\" decoding=\"async\" src=\"https:\/\/i0.wp.com\/2.bp.blogspot.com\/-N2oDxvgrCqE\/WnspQyY8XLI\/AAAAAAAALrc\/3pMyLsP7QfA4jU8TGwEF4E3j_DDBHtEsQCLcBGAs\/s800\/Mosssenaires_3Febrer2018-050.jpg?ssl=1\"  \/><\/span><\/h3>\n<h3><span style=\"color: #800000\">V I D E O \u00b7 V I D E O \u00b7 V I D E O \u00b7 V I D E O \u00b7 V I D E O \u00b7<\/span><\/h3>\n<h3><span style=\"color: #800000\"><a href=\"https:\/\/www.youtube.com\/watch?v=b187kCdWk_M&amp;t=6s\"><img data-recalc-dims=\"1\" decoding=\"async\" src=\"https:\/\/i0.wp.com\/2.bp.blogspot.com\/-ULuLgeCvx24\/WntI1d0wiTI\/AAAAAAAALtI\/8pECVyheGQ0c5reEHVtoSJPSbpYbHfYFACLcBGAs\/s800\/Mosssenaires_3Febrer2018-050video.jpg?ssl=1\"  \/><\/a> <\/span><br \/>\n<span style=\"color: #800000\"><a href=\"https:\/\/www.youtube.com\/watch?v=b187kCdWk_M&amp;t=6s\">https:\/\/www.youtube.com\/watch?v=b187kCdWk_M&amp;t=6s<\/a><\/span><\/h3>\n<h3><span style=\"color: #800000\"><img data-recalc-dims=\"1\" decoding=\"async\" src=\"https:\/\/i0.wp.com\/3.bp.blogspot.com\/-j_psz3fOq8g\/WnspRdmXOHI\/AAAAAAAALrg\/EAgTmJFyKocrCPtXanQRRJD-mOiYOHtGACLcBGAs\/s800\/Mosssenaires_3Febrer2018-051.jpg?ssl=1\"  \/> <\/span><br \/>\n<span style=\"color: #800000\">Paco deixant Argelaguet<\/span><\/h3>\n<h3><span style=\"color: #800000\"><img data-recalc-dims=\"1\" decoding=\"async\" src=\"https:\/\/i0.wp.com\/4.bp.blogspot.com\/-6r_FLhgpsyg\/WnspRgkFhbI\/AAAAAAAALrk\/APGA0ZH3fw4mPfp3gv6B4be1pAFlc2XowCLcBGAs\/s800\/Mosssenaires_3Febrer2018-052.jpg?ssl=1\"  \/> <\/span><br \/>\n<span style=\"color: #800000\">Sempre triem els bons camins, oi?<\/span><\/h3>\n<h3><span style=\"color: #800000\"><img data-recalc-dims=\"1\" decoding=\"async\" src=\"https:\/\/i0.wp.com\/3.bp.blogspot.com\/-CkV5t2bgklA\/WnspRmYzwPI\/AAAAAAAALro\/9cVTRm5iYTIKy05uZu7h5urfEe-nWDdrgCLcBGAs\/s800\/Mosssenaires_3Febrer2018-053.jpg?ssl=1\"  \/><\/span><\/h3>\n<h3><span style=\"color: #800000\"><img data-recalc-dims=\"1\" decoding=\"async\" src=\"https:\/\/i0.wp.com\/2.bp.blogspot.com\/-3t39jzlRFsw\/WnspRzc5dsI\/AAAAAAAALrs\/LElEVG9bSs4CB-FNHl7OIqdw0nAmWAPQQCLcBGAs\/s800\/Mosssenaires_3Febrer2018-054.jpg?ssl=1\"  \/><\/span><\/h3>\n<h3><span style=\"color: #800000\"><img data-recalc-dims=\"1\" decoding=\"async\" src=\"https:\/\/i0.wp.com\/2.bp.blogspot.com\/-tWXkaTrUHrU\/WnspSDCneaI\/AAAAAAAALrw\/zDR3nRvUkTMV_r0Ej2sAnIRtJHZx6nBqACLcBGAs\/s800\/Mosssenaires_3Febrer2018-055.jpg?ssl=1\"  \/><\/span><\/h3>\n<h3><span style=\"color: #800000\"><img data-recalc-dims=\"1\" decoding=\"async\" src=\"https:\/\/i0.wp.com\/1.bp.blogspot.com\/-tn2hElaPa0c\/WnspSD-KPaI\/AAAAAAAALr0\/7JvRLmys1Lg5RjfuzxrYMVwtbk_tvNANACLcBGAs\/s800\/Mosssenaires_3Febrer2018-056.jpg?ssl=1\"  \/> <\/span><br \/>\n<span style=\"color: #800000\">La Carme, amb l&#8217;Anna, hi ha aplicat m\u00e9s for\u00e7a, per aix\u00f2 l&#8217;arbre tomba, tomba!!<\/span><\/h3>\n<h3><span style=\"color: #800000\"><img data-recalc-dims=\"1\" decoding=\"async\" src=\"https:\/\/i0.wp.com\/1.bp.blogspot.com\/-MvKF4y5qsDY\/WnspSez-1QI\/AAAAAAAALr4\/cvbflMqnPDQJLofLrhHhITzD2b0H8iuWQCLcBGAs\/s800\/Mosssenaires_3Febrer2018-057.jpg?ssl=1\"  \/> <\/span><br \/>\n<span style=\"color: #800000\">El compte endarrere final<\/span><\/h3>\n<h3><span style=\"color: #800000\"><img data-recalc-dims=\"1\" decoding=\"async\" src=\"https:\/\/i0.wp.com\/4.bp.blogspot.com\/-iSS1kfuZV9A\/WnspSVHVUII\/AAAAAAAALr8\/YYSyJnr65M4RrAVkeQ4d07JPpIQrTjpOwCLcBGAs\/s800\/Mosssenaires_3Febrer2018-058.jpg?ssl=1\"  \/> <\/span><br \/>\n<span style=\"color: #800000\">Gr\u00e0cies a tothom pel seguiment i us esperem el dissabte vinent, que tindrem una bona sorpresa amb nom de &#8220;Dron&#8221; i amb l&#8217;Albert. Anirem informant<\/span><\/h3>\n<h3><span style=\"color: #800000\"><a href=\"https:\/\/www.strava.com\/activities\/1389224055\"><img data-recalc-dims=\"1\" decoding=\"async\" src=\"https:\/\/i0.wp.com\/2.bp.blogspot.com\/-yzSkdMVFWF0\/WntLiELpESI\/AAAAAAAALtU\/JLz3u-0XupIkpPzS08HQPK6Kjd0_FmqpwCLcBGAs\/s800\/Mosssenaires_3Febrer2018-058circuit.jpg?ssl=1\"  \/><\/a> <\/span><br \/>\n<span style=\"color: #800000\"><a href=\"https:\/\/www.strava.com\/activities\/1389224055\">https:\/\/www.strava.com\/activities\/1389224055<\/a><\/span><\/h3>\n<h3><span style=\"color: #800000\">\u00a0<\/span><\/h3>\n<table style=\"padding-left: 30px;text-align: justify\" cellspacing=\"0\">\n<tbody style=\"padding-left: 30px\">\n<tr style=\"padding-left: 30px;text-align: justify\">\n<td style=\"padding-left: 30px\">\n<h3><span style=\"color: #800000;font-size: large\"><strong><a href=\"http:\/\/www.egargrafic.com\/\" target=\"_blank\" rel=\"noopener noreferrer\"><img data-recalc-dims=\"1\" decoding=\"async\" src=\"https:\/\/i0.wp.com\/www.josepmoliner.com\/egargrafic2.gif\" alt=\"\" \/><\/a><\/strong><\/span><\/h3>\n<\/td>\n<td style=\"padding-left: 30px\">\n<h3><span style=\"color: #800000;font-size: large\"><a class=\"postlink\" href=\"http:\/\/www.urgenciasdentalfort.com\/\" target=\"_blank\" rel=\"noopener noreferrer\"><\/a><a href=\"https:\/\/i0.wp.com\/www.mossenhoms.be\/DentalFort2.gif\"><img data-recalc-dims=\"1\" loading=\"lazy\" decoding=\"async\" src=\"https:\/\/i0.wp.com\/blogs.avui.cat\/pepmoliner\/wp-content\/imagescaler\/936db04f9e3aa05e1011705df28fa502.gif?resize=100%2C43\" width=\"100\" height=\"43\" \/><\/a><\/span><\/h3>\n<\/td>\n<\/tr>\n<tr style=\"padding-left: 30px;text-align: justify\">\n<td style=\"padding-left: 30px\">\n<h3><span style=\"color: #800000;font-size: large\"><strong><a href=\"http:\/\/www.grevolsalut.com\/\" target=\"_blank\" rel=\"noopener noreferrer\"><img data-recalc-dims=\"1\" decoding=\"async\" src=\"https:\/\/i0.wp.com\/www.elroure.net\/grevol\/grevol_salut.gif\" alt=\"\" \/><\/a><\/strong><\/span><\/h3>\n<\/td>\n<td style=\"padding-left: 30px\">\n<h3><span style=\"color: #800000;font-size: large\"><a href=\"http:\/\/www.elroure.net\/\" target=\"_blank\" rel=\"noopener noreferrer\"><img data-recalc-dims=\"1\" decoding=\"async\" src=\"https:\/\/i0.wp.com\/elroure.net\/rourenet.gif\" alt=\"\" \/><\/a><\/span><\/h3>\n<\/td>\n<\/tr>\n<tr style=\"padding-left: 30px;text-align: justify\">\n<td style=\"padding-left: 30px\">\n<h3><span style=\"color: #800000;font-size: large\"><a href=\"http:\/\/www.eledevall.com\/\" target=\"_blank\" rel=\"noopener noreferrer\"><b><img data-recalc-dims=\"1\" decoding=\"async\" src=\"https:\/\/i0.wp.com\/josepmoliner.com\/eledevall.gif\" alt=\"\" \/><\/b><\/a><\/span><\/h3>\n<\/td>\n<td style=\"padding-left: 30px\">\n<h3><span style=\"color: #800000;font-size: large\"><a href=\"http:\/\/civeracampoy.com\/index.php\/es\/\" target=\"_blank\" rel=\"noopener noreferrer\"><img data-recalc-dims=\"1\" decoding=\"async\" src=\"https:\/\/i0.wp.com\/josepmoliner.com\/Civera%26Campoy.gif\" alt=\"\" \/><\/a><\/span><\/h3>\n<\/td>\n<\/tr>\n<tr style=\"padding-left: 30px;text-align: justify\">\n<td style=\"padding-left: 30px\">\n<h3><span style=\"color: #800000\">\u00a0<\/span><\/h3>\n<\/td>\n<td style=\"padding-left: 30px\">\n<h3><span style=\"color: #800000\">\u00a0<\/span><\/h3>\n<\/td>\n<\/tr>\n<tr style=\"padding-left: 30px;text-align: justify\">\n<td style=\"padding-left: 30px\">\n<table style=\"padding-left: 30px;text-align: left\" cellspacing=\"0\">\n<tbody style=\"padding-left: 30px\">\n<tr style=\"padding-left: 30px;text-align: justify\">\n<td style=\"padding-left: 30px\">\n<h3><span style=\"color: #800000;font-size: large\"><strong>\u00a0vols el teu banner?<\/strong><\/span><\/h3>\n<\/td>\n<\/tr>\n<tr style=\"padding-left: 30px;text-align: justify\">\n<td style=\"padding-left: 30px\">\n<h3><span style=\"color: #800000\">\u00a0<\/span><\/h3>\n<\/td>\n<\/tr>\n<\/tbody>\n<\/table>\n<\/td>\n<\/tr>\n<\/tbody>\n<\/table>\n","protected":false},"excerpt":{"rendered":"<p>Cada dissabte \u00e9s diferent. Nom\u00e9s que cal veure que van passant els anys i sempre tenim alguna sorpresa. El circuit pot variar un xic, despr\u00e9s de tantes vegades, per\u00f2 a qui portarem al costat, i la conversa que ens inspira, segur que no \u00e9s la mateixa i per acabar-ho d&#8217;arrodonir a la sortida, una persona [&hellip;]<\/p>\n","protected":false},"author":171,"featured_media":0,"comment_status":"open","ping_status":"open","sticky":false,"template":"","format":"standard","meta":{"jetpack_post_was_ever_published":false,"_jetpack_newsletter_access":"","_jetpack_dont_email_post_to_subs":false,"_jetpack_newsletter_tier_id":0,"_jetpack_memberships_contains_paywalled_content":false,"_jetpack_memberships_contains_paid_content":false,"footnotes":"","jetpack_publicize_message":"","jetpack_publicize_feature_enabled":true,"jetpack_social_post_already_shared":false,"jetpack_social_options":{"image_generator_settings":{"template":"highway","default_image_id":0,"font":"","enabled":false},"version":2}},"categories":[2697,1644,25130,1,4554,25102,25094,73],"tags":[2697,4656,25096,25105,25130,25112,25126,25106,25102,25094,25091,73],"class_list":["post-4648","post","type-post","status-publish","format-standard","hentry","category-amistat","category-correr","category-correrxerrar","category-general","category-mossenaires","category-mossenhoms-be","category-pep-moliner","category-terrassa","tag-amistat","tag-atletisme","tag-can-bon-vilar","tag-correr","tag-correrxerrar","tag-entrenament-en-grup","tag-entrenaments-torre-mossen-homs","tag-mossenaires","tag-mossenhoms-be","tag-pep-moliner","tag-running","tag-terrassa"],"jetpack_publicize_connections":[],"jetpack_featured_media_url":"","jetpack_sharing_enabled":true,"jetpack_shortlink":"https:\/\/wp.me\/pagkiK-1cY","jetpack-related-posts":[{"id":4556,"url":"https:\/\/blogs.avui.cat\/pepmoliner\/2017\/08\/09\/mossenaires-no-fa-vacances\/","url_meta":{"origin":4648,"position":0},"title":"Mossenaires no fa vacances","author":"Pep Moliner","date":"9 d'agost de 2017","format":false,"excerpt":"Un dissabte com tants, on farem un bon entrenament i ser\u00e0 gr\u00e0cies a que no fem vacances. \u00c9s gr\u00e0cies a tothom i avui el que ha fet la tria del circuit han estat en Joan, Carlos i l\u2019Eva, que els hi hem demanat que portessin el grup directament i per\u2026","rel":"","context":"A &quot;Amistat&quot;","block_context":{"text":"Amistat","link":"https:\/\/blogs.avui.cat\/pepmoliner\/category\/amistat\/"},"img":{"alt_text":"","src":"","width":0,"height":0},"classes":[]},{"id":4707,"url":"https:\/\/blogs.avui.cat\/pepmoliner\/2018\/05\/09\/torre-mossen-homs-a-castellarnau-amb-mossenaires-2\/","url_meta":{"origin":4648,"position":1},"title":"A la font de la Tartana amb Mossenaires","author":"Pep Moliner","date":"9 de maig de 2018","format":false,"excerpt":"La font de la Tartana ha estat el dest\u00ed de la colla i el grup ha anat guiat per amigues i amics i en especial en Joan Forte, que quan cal sempre vetlla perqu\u00e8 tot vagi b\u00e9, amb la col\u00b7laboraci\u00f3 de vosaltres, que feu gran el projecte. Anar a un\u2026","rel":"","context":"A &quot;Amistat&quot;","block_context":{"text":"Amistat","link":"https:\/\/blogs.avui.cat\/pepmoliner\/category\/amistat\/"},"img":{"alt_text":"","src":"","width":0,"height":0},"classes":[]},{"id":4564,"url":"https:\/\/blogs.avui.cat\/pepmoliner\/2017\/08\/23\/agost-mossenaire\/","url_meta":{"origin":4648,"position":2},"title":"Agost Mossenaire","author":"Pep Moliner","date":"23 d'agost de 2017","format":false,"excerpt":"El torrent de Gotelles ha estat el circuit triat per en Paco Barcia, al qui deman\u00e0vem es fes c\u00e0rrec del grup avui i no perdre la continu\u00eftat en el nostre projecte on es busca la solidaritat, amistat, amor a la natura i gaudir d'una bona xerrada mentre fem una mica\u2026","rel":"","context":"A &quot;Amistat&quot;","block_context":{"text":"Amistat","link":"https:\/\/blogs.avui.cat\/pepmoliner\/category\/amistat\/"},"img":{"alt_text":"","src":"","width":0,"height":0},"classes":[]},{"id":4654,"url":"https:\/\/blogs.avui.cat\/pepmoliner\/2018\/02\/21\/mossenaires-suma-i-segueix\/","url_meta":{"origin":4648,"position":3},"title":"Mossenaires \u201csuma i segueix\u201d","author":"Pep Moliner","date":"21 de febrer de 2018","format":false,"excerpt":"Sempre diem que no hi ha dos entrenaments iguals, i ens reafirmem. Tot i ser d\u2019aquells que fem en els que ens apropem a la ciutat veina, Sabadell i voltem pel bosc, que mica en mica es va recuperant d\u2019aquella ventada, i hem tornat a tenir a un Mossenaire d\u2019Honor,\u2026","rel":"","context":"A &quot;Amistat&quot;","block_context":{"text":"Amistat","link":"https:\/\/blogs.avui.cat\/pepmoliner\/category\/amistat\/"},"img":{"alt_text":"","src":"","width":0,"height":0},"classes":[]},{"id":4568,"url":"https:\/\/blogs.avui.cat\/pepmoliner\/2017\/08\/30\/sempre-rient-mossenaires\/","url_meta":{"origin":4648,"position":4},"title":"Sempre rient: &#8220;Mossenaires&#8221;","author":"Pep Moliner","date":"30 d'agost de 2017","format":false,"excerpt":"L'agost s'apaga a Can #Mossenaires i ho fa amb all\u00f2 que ens agrada. #c\u00f3rrer #xerrar #gaudir acompanyades i acompanyats de gent amb el mateix tarann\u00e0 esportiu, que el que vol i com excusa, anar a passar una bona estona sense compromisos i moltes i molts, tornant de vacances i amb\u2026","rel":"","context":"A &quot;Amistat&quot;","block_context":{"text":"Amistat","link":"https:\/\/blogs.avui.cat\/pepmoliner\/category\/amistat\/"},"img":{"alt_text":"","src":"","width":0,"height":0},"classes":[]},{"id":4431,"url":"https:\/\/blogs.avui.cat\/pepmoliner\/2017\/03\/08\/entrenament-mossenaire-un-mes\/","url_meta":{"origin":4648,"position":5},"title":"\u201cEntrenament Mossenaire: un mes\u201d","author":"Pep Moliner","date":"8 de mar\u00e7 de 2017","format":false,"excerpt":"Sabem que la pluja espanta for\u00e7a #mossenaires i a primera hora no sabem \u00a0si l'entrenament ser\u00e0 xop o eixut. Ha estat eixut i fant\u00e0stic o almenys aix\u00ed \u00a0ens ho sembla. Hem baixat per llocs com el cam\u00ed asfaltat de Can Bon Vilar \u00a0que duu a llocs com l'Hotel Milton, l'H\u00edpica\u2026","rel":"","context":"A &quot;Amistat&quot;","block_context":{"text":"Amistat","link":"https:\/\/blogs.avui.cat\/pepmoliner\/category\/amistat\/"},"img":{"alt_text":"","src":"","width":0,"height":0},"classes":[]}],"_links":{"self":[{"href":"https:\/\/blogs.avui.cat\/pepmoliner\/wp-json\/wp\/v2\/posts\/4648","targetHints":{"allow":["GET"]}}],"collection":[{"href":"https:\/\/blogs.avui.cat\/pepmoliner\/wp-json\/wp\/v2\/posts"}],"about":[{"href":"https:\/\/blogs.avui.cat\/pepmoliner\/wp-json\/wp\/v2\/types\/post"}],"author":[{"embeddable":true,"href":"https:\/\/blogs.avui.cat\/pepmoliner\/wp-json\/wp\/v2\/users\/171"}],"replies":[{"embeddable":true,"href":"https:\/\/blogs.avui.cat\/pepmoliner\/wp-json\/wp\/v2\/comments?post=4648"}],"version-history":[{"count":1,"href":"https:\/\/blogs.avui.cat\/pepmoliner\/wp-json\/wp\/v2\/posts\/4648\/revisions"}],"predecessor-version":[{"id":4649,"href":"https:\/\/blogs.avui.cat\/pepmoliner\/wp-json\/wp\/v2\/posts\/4648\/revisions\/4649"}],"wp:attachment":[{"href":"https:\/\/blogs.avui.cat\/pepmoliner\/wp-json\/wp\/v2\/media?parent=4648"}],"wp:term":[{"taxonomy":"category","embeddable":true,"href":"https:\/\/blogs.avui.cat\/pepmoliner\/wp-json\/wp\/v2\/categories?post=4648"},{"taxonomy":"post_tag","embeddable":true,"href":"https:\/\/blogs.avui.cat\/pepmoliner\/wp-json\/wp\/v2\/tags?post=4648"}],"curies":[{"name":"wp","href":"https:\/\/api.w.org\/{rel}","templated":true}]}}