{"id":4604,"date":"2017-10-25T19:56:30","date_gmt":"2017-10-25T18:56:30","guid":{"rendered":"http:\/\/blogs.avui.cat\/pepmoliner\/?p=4604"},"modified":"2017-10-25T19:56:46","modified_gmt":"2017-10-25T18:56:46","slug":"fins-a-ca-noriac-amb-mossenaires","status":"publish","type":"post","link":"https:\/\/blogs.avui.cat\/pepmoliner\/2017\/10\/25\/fins-a-ca-noriac-amb-mossenaires\/","title":{"rendered":"Fins a Ca n&#8217;Oriac amb Mossenaires"},"content":{"rendered":"<p><span style=\"font-size: large\">No \u00e9s el circuit que fa bo l&#8217;entrenament. No \u00e9s el de la gorra vermella, tampoc. La trobada menys.<br \/>\nSou vosaltres els que feu que valgui la pena, amb la vostra predisposici\u00f3 a passar-ho b\u00e9, i fer que tot xerrant, corrent i rient, acabem fent deu quil\u00f2metres que sempre ens d\u00f3na la sensaci\u00f3 que han estat diferents, donat que segur que heu torbat coses noves i segur que anar al costat els uns dels altres, far\u00e0 que entrenar en grup forma part de les vostres vides, i s\u00ed que s&#8217;agraeix que tenim, Sabadell i Terrassa, uns entorns fant\u00e0stics per fer el que sabem fer tots els dissabtes a les 08:00 i des de fa vint-i-quatre anys seguits. <\/span><\/p>\n<p>Avui hem anat fins a Sabadell, i ens hi hem retratat a la fotografia familiar, i hem proclamat &#8220;Mossenaire d&#8217;honor&#8221; al nominat Xavi Martin. Hem recordat qui, tal dia com avui i fa uns quants anys, tamb\u00e9 ho va ser com s\u00f3n: Isaac, Xavi, Mireia, Isaac i Pascual. Aquest darrer s\u00ed que avui hem tingut la sort de tenir-lo, i tenint en compte que fa ja nou anys que ens fa costat.<\/p>\n<p>El bandera, el JuanMa, que com sabeu t\u00e9 totes les muntanyes de tres mil metres dels Pirineus assolides, excepte una. Un luxe<\/p>\n<p>I les noves: la Maria Teresa i la S\u00edlvia. Sempre ens fa il\u00b7lusi\u00f3 que vingueu a provar i esperem que repetiu.<\/p>\n<p>Hem unit, Terrassa i Sabadell amb el nostre recorregut i aix\u00f2 sempre \u00e9s especial. Estem preparats per donar-vos les gr\u00e0cies: moltes gr\u00e0cies i a l&#8217;espera de veure-us de nou el dissabte vinent ens quedem i recordeu: sempre sense cap comprom\u00eds.<\/p>\n<p><img data-recalc-dims=\"1\" decoding=\"async\" src=\"https:\/\/i0.wp.com\/4.bp.blogspot.com\/-wLiHsX2OVHs\/WfC2L0nWpOI\/AAAAAAAAJsg\/ddbmwIWSze0cCJLdb222zgt1u5pqMd5iwCLcBGAs\/s800\/Mossenaires_21Octubre2017.jpg?ssl=1\"  \/><br \/>\nI avui tenim nominat al fill del Casi: en Xavi Mart\u00edn. Enhorabona!!<\/p>\n<p><img data-recalc-dims=\"1\" decoding=\"async\" src=\"https:\/\/i0.wp.com\/3.bp.blogspot.com\/-0dtuRon4sqg\/WfC2O9lrImI\/AAAAAAAAJso\/18OjVXcV_YkmIn3Aus_4Q6UAdseDJYOWQCLcBGAs\/s800\/Mossenaires_21Octubre2017-001.jpg?ssl=1\"  \/><br \/>\nXavi Mart\u00edn nominat a Mossenaire d&#8217;Honor<\/p>\n<p><img data-recalc-dims=\"1\" decoding=\"async\" src=\"https:\/\/i0.wp.com\/4.bp.blogspot.com\/-4VgCr2fSOYM\/WfC2O0eoX0I\/AAAAAAAAJss\/ZYA7_Chi-moOwXU9wTkHkEY_JuOrI-KegCLcBGAs\/s800\/Mossenaires_21Octubre2017-002.jpg?ssl=1\"  \/><br \/>\nV\u00edctor amb la Mossenaire Nova, la Maria Teresa<\/p>\n<p><img data-recalc-dims=\"1\" decoding=\"async\" src=\"https:\/\/i0.wp.com\/1.bp.blogspot.com\/-9WlCMG19A4s\/WfC2OyrUjiI\/AAAAAAAAJsk\/kju7AEXyYikQvwt2RU0ljQw19GcIpa6OgCLcBGAs\/s800\/Mossenaires_21Octubre2017-003.jpg?ssl=1\"  \/><br \/>\nI el nostre bandera, en <a href=\"http:\/\/mossenhoms.netfreehost.com\/mossenhoms-post-14094.html#14094\">JuanMa Martin <\/a><br \/>\n<img data-recalc-dims=\"1\" decoding=\"async\" src=\"https:\/\/i0.wp.com\/2.bp.blogspot.com\/-2KZgfs8p4Kw\/WfC2PqvyuqI\/AAAAAAAAJsw\/Yvu5NoylPsoKM5SDaK8ZG_EmHgTeVncgwCLcBGAs\/s800\/Mossenaires_21Octubre2017-004.jpg?ssl=1\"  \/><br \/>\n<a href=\"http:\/\/mossenhoms.netfreehost.com\/mossenhoms-post-14094.html#14094\">JuanMa Martin <\/a><\/p>\n<p><img data-recalc-dims=\"1\" decoding=\"async\" src=\"https:\/\/i0.wp.com\/1.bp.blogspot.com\/-rCBqq35mFCo\/WfC2P19uVdI\/AAAAAAAAJs0\/tynEwVz0zmQyZfztrR-ZANttnRwNxMEegCLcBGAs\/s800\/Mossenaires_21Octubre2017-005.jpg?ssl=1\"  \/><br \/>\n<a href=\"http:\/\/mossenhoms.netfreehost.com\/mossenhoms-post-14094.html#14094\">JuanMa Martin <\/a><\/p>\n<p><img data-recalc-dims=\"1\" decoding=\"async\" src=\"https:\/\/i0.wp.com\/4.bp.blogspot.com\/-EX5HLN4mKss\/WfC2QJeY5OI\/AAAAAAAAJs4\/l-QmdDEmJa0AGoApTF2gLWREbptPr2yDQCLcBGAs\/s800\/Mossenaires_21Octubre2017-006.jpg?ssl=1\"  \/><\/p>\n<p><img data-recalc-dims=\"1\" decoding=\"async\" src=\"https:\/\/i0.wp.com\/2.bp.blogspot.com\/-HZM0DtfQlOg\/WfC2QuLUIZI\/AAAAAAAAJs8\/2rzAe7qfKBILHnSvFWFMwzmO6HkMG8-fwCLcBGAs\/s800\/Mossenaires_21Octubre2017-007.jpg?ssl=1\"  \/><\/p>\n<p><img data-recalc-dims=\"1\" decoding=\"async\" src=\"https:\/\/i0.wp.com\/1.bp.blogspot.com\/-e3b_DbIn9Y0\/WfC2Q-AB7YI\/AAAAAAAAJtA\/1QzeQooSXykmpp6c5btaPo_BjIEJYw-IgCLcBGAs\/s800\/Mossenaires_21Octubre2017-008.jpg?ssl=1\"  \/><br \/>\nXavi i Jordi<\/p>\n<p><img data-recalc-dims=\"1\" decoding=\"async\" src=\"https:\/\/i0.wp.com\/1.bp.blogspot.com\/-YPRLYmCJ3AY\/WfC2Q8FMiXI\/AAAAAAAAJtE\/5vmu0LCoy8cN_N-geAIHfnewi0udCJ4EQCLcBGAs\/s800\/Mossenaires_21Octubre2017-009.jpg?ssl=1\"  \/><br \/>\nEiiii !! la <a href=\"http:\/\/mossenhoms.netfreehost.com\/viewtopic.php?p=14052&amp;mforum=mossenhoms#14052\">Sandra <\/a>!!!<\/p>\n<p><img data-recalc-dims=\"1\" decoding=\"async\" src=\"https:\/\/i0.wp.com\/1.bp.blogspot.com\/-ipU1nypuurQ\/WfC2RAuCPmI\/AAAAAAAAJtI\/vpXBa7D-pZwJ27O0buvS2Lw8petPqDrUwCLcBGAs\/s800\/Mossenaires_21Octubre2017-010.jpg?ssl=1\"  \/><\/p>\n<p><a href=\"http:\/\/mossenhoms.netfreehost.com\/mossenhoms-post-13998.html#13998\">Francisco <\/a><\/p>\n<p><img data-recalc-dims=\"1\" decoding=\"async\" src=\"https:\/\/i0.wp.com\/3.bp.blogspot.com\/-pjMh3vZpqxg\/WfC2RPC91dI\/AAAAAAAAJtM\/zaIBWluWnwA4r2dYS6HuA7Txs9O8xELiQCLcBGAs\/s800\/Mossenaires_21Octubre2017-011.jpg?ssl=1\"  \/><br \/>\n<a href=\"http:\/\/mossenhoms.netfreehost.com\/viewtopic.php?p=12726&amp;mforum=mossenhoms#12726\">Joan Forte <\/a><\/p>\n<p><img data-recalc-dims=\"1\" decoding=\"async\" src=\"https:\/\/i0.wp.com\/2.bp.blogspot.com\/-uL8r0EK_HCc\/WfC2RQlWx-I\/AAAAAAAAJtQ\/LyGNYPWwvQMQgb8fakgDF6vQvGZ93fRWQCLcBGAs\/s800\/Mossenaires_21Octubre2017-012.jpg?ssl=1\"  \/><br \/>\n<a href=\"http:\/\/mossenhoms.netfreehost.com\/viewtopic.php?p=13792&amp;mforum=mossenhoms#13792\">Antonio Mayorgas <\/a><\/p>\n<p><img data-recalc-dims=\"1\" decoding=\"async\" src=\"https:\/\/i0.wp.com\/4.bp.blogspot.com\/-gqfc9Lv2y3Q\/WfC2RheD6AI\/AAAAAAAAJtU\/nFVcPjik2v8TUWjKKKTm0XxGlRTvYZ_LgCLcBGAs\/s800\/Mossenaires_21Octubre2017-013.jpg?ssl=1\"  \/><\/p>\n<p><img data-recalc-dims=\"1\" decoding=\"async\" src=\"https:\/\/i0.wp.com\/1.bp.blogspot.com\/-8FqKfTMQTHY\/WfC2RwZE6qI\/AAAAAAAAJtY\/j4OsgqBh4TQAAN73PEhU61CdtZOkrf8PQCLcBGAs\/s800\/Mossenaires_21Octubre2017-014.jpg?ssl=1\"  \/><\/p>\n<p><img data-recalc-dims=\"1\" decoding=\"async\" src=\"https:\/\/i0.wp.com\/2.bp.blogspot.com\/-v76t92fECtE\/WfC2SPXXUTI\/AAAAAAAAJtc\/9cn_c3SfGk4qjFwf0T9nHoTEfWr8Jzn6ACLcBGAs\/s800\/Mossenaires_21Octubre2017-015.jpg?ssl=1\"  \/><br \/>\nEiiii !!!! el nostre Mossenaire d&#8217;honor de la Setmana passada<a href=\"http:\/\/mossenhoms.netfreehost.com\/viewtopic.php?p=14122&amp;mforum=mossenhoms#14122\">Ramon Cruz <\/a>, l&#8217;heu llegit? \u2014 <a href=\"http:\/\/mossenhoms.netfreehost.com\/viewtopic.php?p=14122&amp;mforum=mossenhoms#14122\">aqu\u00ed <\/a><\/p>\n<p><img data-recalc-dims=\"1\" decoding=\"async\" src=\"https:\/\/i0.wp.com\/3.bp.blogspot.com\/-XlYRYQ8Q7HA\/WfC2SHeGFhI\/AAAAAAAAJtg\/EmWH8YR98sMhEvrMJNJGO9iqHQdr2KaeQCLcBGAs\/s800\/Mossenaires_21Octubre2017-016.jpg?ssl=1\"  \/><br \/>\nI la Mossenaire Nova, la Silvia, ja acompanyada amb un dels &#8220;Mossenaires Antics&#8221;, en <a href=\"http:\/\/mossenhoms.netfreehost.com\/mossenhoms-post-8659.html#8659\">Javier Colado <\/a><\/p>\n<p><img data-recalc-dims=\"1\" decoding=\"async\" src=\"https:\/\/i0.wp.com\/3.bp.blogspot.com\/-r2MQ7KLehDM\/WfC2SdXJeLI\/AAAAAAAAJtk\/BOC1_gOOVAs_O2cQF0Raziof6UfwPKq6QCLcBGAs\/s800\/Mossenaires_21Octubre2017-017.jpg?ssl=1\"  \/><br \/>\nUn Mossenaire molt especial i que estimo amb tota l&#8217;\u00e0nima: el meu fill Oriol<\/p>\n<p><img data-recalc-dims=\"1\" decoding=\"async\" src=\"https:\/\/i0.wp.com\/3.bp.blogspot.com\/-oPntNPVT3Zs\/WfC2SgwFOfI\/AAAAAAAAJto\/1D0k5Tf2O7gPCNsqdAzhf4hwqi1Schy3gCLcBGAs\/s800\/Mossenaires_21Octubre2017-018.jpg?ssl=1\"  \/><\/p>\n<p><img data-recalc-dims=\"1\" decoding=\"async\" src=\"https:\/\/i0.wp.com\/3.bp.blogspot.com\/-ThPAzFsMhMQ\/WfC2S_-JSmI\/AAAAAAAAJts\/m7B_umJHV4U_6UADJZOJiZbw6RDEiM9ngCLcBGAs\/s800\/Mossenaires_21Octubre2017-019.jpg?ssl=1\"  \/><br \/>\nQuina sort tenim de gaudir de les amistats d&#8217;en Carlos, Joan i Miquel<\/p>\n<p><img data-recalc-dims=\"1\" decoding=\"async\" src=\"https:\/\/i0.wp.com\/1.bp.blogspot.com\/-GSZG225mgPU\/WfC2TE3Nn1I\/AAAAAAAAJtw\/OT87ofrNlsMcOY5vBq_XU_416ArKP7ENACLcBGAs\/s800\/Mossenaires_21Octubre2017-020.jpg?ssl=1\"  \/><\/p>\n<p><img data-recalc-dims=\"1\" decoding=\"async\" src=\"https:\/\/i0.wp.com\/3.bp.blogspot.com\/-wDr0NCKUhsk\/WfC2Tj9EYGI\/AAAAAAAAJt0\/Koalr7ryN50fzBVoxmyr9c3MZ9BsMdCuwCLcBGAs\/s800\/Mossenaires_21Octubre2017-021.jpg?ssl=1\"  \/><\/p>\n<p><img data-recalc-dims=\"1\" decoding=\"async\" src=\"https:\/\/i0.wp.com\/1.bp.blogspot.com\/-mX8Egs150LQ\/WfC2UOKQNII\/AAAAAAAAJt4\/eD2Ieb94bwgxDRuJBBK8UTp8hlXxG7dHACLcBGAs\/s800\/Mossenaires_21Octubre2017-022.jpg?ssl=1\"  \/><\/p>\n<p><img data-recalc-dims=\"1\" decoding=\"async\" src=\"https:\/\/i0.wp.com\/3.bp.blogspot.com\/-EfyUp5CYI3E\/WfC2UeMl4eI\/AAAAAAAAJuA\/sFkeXrdfptwRBxyCtjmyCw3zKtAdEv76ACLcBGAs\/s800\/Mossenaires_21Octubre2017-023.jpg?ssl=1\"  \/><\/p>\n<p><img data-recalc-dims=\"1\" decoding=\"async\" src=\"https:\/\/i0.wp.com\/1.bp.blogspot.com\/-6_3zkxA9MOw\/WfC2VEFiwkI\/AAAAAAAAJt8\/4Su-u8Th16wXNwo5pPQ5BM_R6v7VEaT-QCLcBGAs\/s800\/Mossenaires_21Octubre2017-024.jpg?ssl=1\"  \/><br \/>\nQuina il\u00b7lu tornar a veure al recuperat <a href=\"http:\/\/mossenhoms.netfreehost.com\/viewtopic.php?p=13801&amp;mforum=mossenhoms#13801\">Marc Armengol <\/a><\/p>\n<p><img data-recalc-dims=\"1\" decoding=\"async\" src=\"https:\/\/i0.wp.com\/1.bp.blogspot.com\/-p9j-XLARL1Y\/WfC2VpiSAbI\/AAAAAAAAJuM\/aiWJofREaEMxUKaYE1W46pSSkxsom9bTACLcBGAs\/s800\/Mossenaires_21Octubre2017-025.jpg?ssl=1\"  \/><\/p>\n<p><img data-recalc-dims=\"1\" decoding=\"async\" src=\"https:\/\/i0.wp.com\/1.bp.blogspot.com\/-VUnjkdI519E\/WfC2VZwIL_I\/AAAAAAAAJuE\/B7Ji9siVx3YMah0lJBYGrsNsd2VXz5nYgCLcBGAs\/s800\/Mossenaires_21Octubre2017-026.jpg?ssl=1\"  \/><\/p>\n<p><img data-recalc-dims=\"1\" decoding=\"async\" src=\"https:\/\/i0.wp.com\/3.bp.blogspot.com\/-w0bkx94-RC0\/WfC2VkywXWI\/AAAAAAAAJuI\/t9RixfVhYMIRDqiTeuutdyQwQOP__QofgCLcBGAs\/s800\/Mossenaires_21Octubre2017-027.jpg?ssl=1\"  \/><br \/>\nReagrupament amb els nostres grans cracks<\/p>\n<p><img data-recalc-dims=\"1\" decoding=\"async\" src=\"https:\/\/i0.wp.com\/4.bp.blogspot.com\/-q4pRcilzQFg\/WfC2V594LVI\/AAAAAAAAJuQ\/C_eL2h0f83saT2PseONVLQxjqE_yzMtfwCLcBGAs\/s800\/Mossenaires_21Octubre2017-028.jpg?ssl=1\"  \/><br \/>\nPrimers rajos de sol<\/p>\n<p><img data-recalc-dims=\"1\" decoding=\"async\" src=\"https:\/\/i0.wp.com\/1.bp.blogspot.com\/-ZsPQAv5C4g4\/WfC2WPas2kI\/AAAAAAAAJuY\/dCx8kvCAej0VFXetAFddZCs0Fo3rqUWpgCLcBGAs\/s800\/Mossenaires_21Octubre2017-029.jpg?ssl=1\"  \/><br \/>\nI veiem molt b\u00e9 a en <a href=\"http:\/\/mossenhoms.netfreehost.com\/viewtopic.php?p=13801&amp;mforum=mossenhoms#13801\">Marc Armengol <\/a>i al costat de la N\u00faria<\/p>\n<p><img data-recalc-dims=\"1\" decoding=\"async\" src=\"https:\/\/i0.wp.com\/3.bp.blogspot.com\/-9btDA20gsG0\/WfC2WHfjCGI\/AAAAAAAAJuc\/dQ_m2Q60Hv42RrwvYbvVF7Bo9RPBR_gGQCLcBGAs\/s800\/Mossenaires_21Octubre2017-030.jpg?ssl=1\"  \/><\/p>\n<p><img data-recalc-dims=\"1\" decoding=\"async\" src=\"https:\/\/i0.wp.com\/3.bp.blogspot.com\/-LDETWtCLMTE\/WfC2WF9FxAI\/AAAAAAAAJuU\/lp8Xoo-Qv3In_dedLk2BVL-obbcpmcJcACLcBGAs\/s800\/Mossenaires_21Octubre2017-031.jpg?ssl=1\"  \/><\/p>\n<p><img data-recalc-dims=\"1\" decoding=\"async\" src=\"https:\/\/i0.wp.com\/2.bp.blogspot.com\/-MEWdbvF51Jk\/WfDKIxAnkUI\/AAAAAAAAJ0g\/KRNmNjBpjZQH7TOwOBRImrGvrT0WWNEbQCLcBGAs\/s800\/Mossenaires_21Octubre%2B1600x1200.31%2BAM.jpeg?ssl=1\"  \/><\/p>\n<p><img data-recalc-dims=\"1\" decoding=\"async\" src=\"https:\/\/i0.wp.com\/1.bp.blogspot.com\/-n_w0G6aszbI\/WfDKJNDl0EI\/AAAAAAAAJ0k\/qdHMkBUMFtYIKPsEEcwNxMvnO7m1-MWkwCLcBGAs\/s800\/Mossenaires_21Octubre%2B1600x1200.32%2BAM%2B%25282%2529.jpeg?ssl=1\"  \/><\/p>\n<p><img data-recalc-dims=\"1\" decoding=\"async\" src=\"https:\/\/i0.wp.com\/1.bp.blogspot.com\/-VbmhyEpyzvU\/WfDKJOFwK8I\/AAAAAAAAJ0o\/1GJHXKI6iiMX_tNpQYq_mgWYmTwuw0uZQCLcBGAs\/s800\/Mossenaires_21Octubre%2B1600x1200.32%2BAM.jpeg?ssl=1\"  \/><\/p>\n<p><img data-recalc-dims=\"1\" decoding=\"async\" src=\"https:\/\/i0.wp.com\/4.bp.blogspot.com\/-8V8OgSlhm-E\/WfDKJkUiRmI\/AAAAAAAAJ0s\/Gj2wLpI1CSkectRsyEa2UvLNda33VUQEACLcBGAs\/s800\/Mossenaires_21Octubre%2B1600x1200.33%2BAM%2B%25281%2529.jpeg?ssl=1\"  \/><\/p>\n<p><img data-recalc-dims=\"1\" decoding=\"async\" src=\"https:\/\/i0.wp.com\/2.bp.blogspot.com\/-jw_p3hlB3hE\/WfDKJw8L0AI\/AAAAAAAAJ0w\/k5gh3MPMUaEYIfdcq2zzzKfyvQMBW4JnQCLcBGAs\/s800\/Mossenaires_21Octubre%2B1600x1200.33%2BAM%2B%25282%2529.jpeg?ssl=1\"  \/><\/p>\n<p><img data-recalc-dims=\"1\" decoding=\"async\" src=\"https:\/\/i0.wp.com\/4.bp.blogspot.com\/-xOjio7aRmiE\/WfC2WrYRj7I\/AAAAAAAAJuk\/4_E5iE3bNIAHk0EQYAk6s5vooNx-6344QCLcBGAs\/s800\/Mossenaires_21Octubre2017-032.jpg?ssl=1\"  \/><\/p>\n<p><img data-recalc-dims=\"1\" decoding=\"async\" src=\"https:\/\/i0.wp.com\/2.bp.blogspot.com\/-N3WIgGOAp7g\/WfC2WXXTepI\/AAAAAAAAJug\/fwAanfbrPNU-NnTaj5_97kTPF3VPh1pvQCLcBGAs\/s800\/Mossenaires_21Octubre2017-033.jpg?ssl=1\"  \/><br \/>\nUns amics atletes, que van amb btt, Xavi i Josep<\/p>\n<p><img data-recalc-dims=\"1\" decoding=\"async\" src=\"https:\/\/i0.wp.com\/4.bp.blogspot.com\/-5-APqX7KXDI\/WfC2WQ1TInI\/AAAAAAAAJuo\/8WDX6VXzje0PTTBVi5tRTCaNN1zsIyrDgCLcBGAs\/s800\/Mossenaires_21Octubre2017-034.jpg?ssl=1\"  \/><br \/>\nI se&#8217;ns uneix en Hugo, un gran persona (com tots vosaltres, \u00e9s clar)<\/p>\n<p><img data-recalc-dims=\"1\" decoding=\"async\" src=\"https:\/\/i0.wp.com\/1.bp.blogspot.com\/-M2_baQ5UxAc\/WfC2XI9BmzI\/AAAAAAAAJuw\/hUsIA11P0mIG3_B6lpyiXjouU2ES8V7ogCLcBGAs\/s800\/Mossenaires_21Octubre2017-035.jpg?ssl=1\"  \/><br \/>\n<img data-recalc-dims=\"1\" decoding=\"async\" src=\"https:\/\/i0.wp.com\/2.bp.blogspot.com\/-jw_p3hlB3hE\/WfDKJw8L0AI\/AAAAAAAAJ0w\/k5gh3MPMUaEYIfdcq2zzzKfyvQMBW4JnQCLcBGAs\/s800\/Mossenaires_21Octubre%2B1600x1200.33%2BAM%2B%25282%2529.jpeg?ssl=1\"  \/><\/p>\n<p><img data-recalc-dims=\"1\" decoding=\"async\" src=\"https:\/\/i0.wp.com\/3.bp.blogspot.com\/--3OVdvIH090\/WfDKKvTkPqI\/AAAAAAAAJ00\/VITBXEvekWwHi9sffdFQNDaEMHKz7CN5gCLcBGAs\/s800\/Mossenaires_21Octubre%2B1600x1200.33%2BAM.jpeg?ssl=1\"  \/><\/p>\n<p>V I D E O \u00b7 V I D E O \u00b7 V I D E O \u00b7 V I D E O \u00b7 V I D E O \u00b7<\/p>\n<p><a href=\"https:\/\/www.youtube.com\/embed\/dFMtmefWHWU\"><img data-recalc-dims=\"1\" decoding=\"async\" src=\"https:\/\/i0.wp.com\/1.bp.blogspot.com\/-zhSnLA76qo8\/WfDDhA-FDFI\/AAAAAAAAJ0E\/jZpm9_9P1V8oVh5JNezJc4064Zz5DggZgCLcBGAs\/s800\/Mossenaires_21Octubre2017-116.jpg?ssl=1\"  \/><\/a><\/p>\n<p><img data-recalc-dims=\"1\" decoding=\"async\" src=\"https:\/\/i0.wp.com\/3.bp.blogspot.com\/-Z2OguqVxAYo\/WfC2XiqaaWI\/AAAAAAAAJus\/pWUeAQg88n4vjX2nQVytm9mkBMBpbamIACLcBGAs\/s800\/Mossenaires_21Octubre2017-036.jpg?ssl=1\"  \/><\/p>\n<p><img data-recalc-dims=\"1\" decoding=\"async\" src=\"https:\/\/i0.wp.com\/4.bp.blogspot.com\/-dFcdQFpWLgY\/WfC2X1TU0iI\/AAAAAAAAJu0\/DcI4zVUZaQAf_RG-ZAK8fx1IjFM9YhGPQCLcBGAs\/s800\/Mossenaires_21Octubre2017-037.jpg?ssl=1\"  \/><br \/>\nSandra i Jos\u00e9<\/p>\n<p><img data-recalc-dims=\"1\" decoding=\"async\" src=\"https:\/\/i0.wp.com\/3.bp.blogspot.com\/-lOG8MfWaVgo\/WfC2YM3dBbI\/AAAAAAAAJu4\/jneubSI2ByQqUE5JN6ulbScIzfvrXDcFACLcBGAs\/s800\/Mossenaires_21Octubre2017-038.jpg?ssl=1\"  \/><br \/>\nQuim i Jordi<\/p>\n<p><img data-recalc-dims=\"1\" decoding=\"async\" src=\"https:\/\/i0.wp.com\/2.bp.blogspot.com\/-z2j9-sGvB8M\/WfC2YIA5g0I\/AAAAAAAAJu8\/jkmTvWd79ssuX_3CmGiUvCG4byvvgvgIwCLcBGAs\/s800\/Mossenaires_21Octubre2017-039.jpg?ssl=1\"  \/><br \/>\nSilvia i Anna<\/p>\n<p><img data-recalc-dims=\"1\" decoding=\"async\" src=\"https:\/\/i0.wp.com\/1.bp.blogspot.com\/-3Wf2cb8WB2k\/WfC2YS1y8eI\/AAAAAAAAJvA\/B7QpBs_WqpwPtEmKEsqvjoO1WlX2HeT2gCLcBGAs\/s800\/Mossenaires_21Octubre2017-040.jpg?ssl=1\"  \/><br \/>\nIsabel i Jos\u00e9 Maniel, seguits per l&#8217;Anna i en Carmelo<\/p>\n<p><img data-recalc-dims=\"1\" decoding=\"async\" src=\"https:\/\/i0.wp.com\/4.bp.blogspot.com\/-gBuT0c_uqOM\/WfC2YiUZBdI\/AAAAAAAAJvE\/qAMzw15mulgPL1f6rOoKKEFOOlkDdReXQCLcBGAs\/s800\/Mossenaires_21Octubre2017-041.jpg?ssl=1\"  \/><br \/>\n<a href=\"http:\/\/mossenhoms.netfreehost.com\/viewtopic.php?p=14122&amp;mforum=mossenhoms#14122\">Ramon Cruz <\/a><br \/>\n<img data-recalc-dims=\"1\" decoding=\"async\" src=\"https:\/\/i0.wp.com\/4.bp.blogspot.com\/-GQS7FyPB90s\/WfC2YgK3CgI\/AAAAAAAAJvI\/X2ZTCBtFjToTP80H_uttu0CNgoOMIzxSwCLcBGAs\/s800\/Mossenaires_21Octubre2017-042.jpg?ssl=1\"  \/><br \/>\n<a href=\"http:\/\/mossenhoms.netfreehost.com\/mossenhoms-post-13763.html#13763\">Jos\u00e9 Salas <\/a><\/p>\n<p><img data-recalc-dims=\"1\" decoding=\"async\" src=\"https:\/\/i0.wp.com\/4.bp.blogspot.com\/-KUEFsQoCCWw\/WfC2Y_DwTiI\/AAAAAAAAJvM\/enGP-GPfW0wtlmQsU7bftmzkxgSSxR7agCLcBGAs\/s800\/Mossenaires_21Octubre2017-043.jpg?ssl=1\"  \/><br \/>\nOriol i Sebas<\/p>\n<p><img data-recalc-dims=\"1\" decoding=\"async\" src=\"https:\/\/i0.wp.com\/4.bp.blogspot.com\/-D1PuaI4sctk\/WfC2ZOZqnbI\/AAAAAAAAJvQ\/WRuQrtUE1p4nlegTmIOKIf_L4K3OV7lvACLcBGAs\/s800\/Mossenaires_21Octubre2017-044.jpg?ssl=1\"  \/><br \/>\nGuille i Paco<\/p>\n<p><img data-recalc-dims=\"1\" decoding=\"async\" src=\"https:\/\/i0.wp.com\/4.bp.blogspot.com\/-2ae8T3Z9Eps\/WfC2ZE2kesI\/AAAAAAAAJvU\/v1rZSgYqncIBXNFw2NAcus50crJrweFDwCLcBGAs\/s800\/Mossenaires_21Octubre2017-045.jpg?ssl=1\"  \/><br \/>\nManolo<\/p>\n<p>[img] <a href=\"https:\/\/2.bp.blogspot.com\/-7BO6WpKTjfg\/WfC2ZMBm69I\/AAAAAAAAJvY\/Wn8SyMCQizkqIpCGUktYskmfAx6uBBFkACLcBGAs\/s800\/Mossenaires_21Octubre2017-046.jpg[\/img]\">https:\/\/2.bp.blogspot.com\/-7BO6WpKTjfg\/WfC2ZMBm69I\/AAAAAAAAJvY\/Wn8SyMCQizkqIpCGUktYskmfAx6uBBFkACLcBGAs\/s800\/Mossenaires_21Octubre2017-046.jpg[\/img]<\/a><br \/>\nJoan i Oriol<\/p>\n<p><img data-recalc-dims=\"1\" decoding=\"async\" src=\"https:\/\/i0.wp.com\/1.bp.blogspot.com\/-OQhhMdmO35w\/WfC2ZtU8_8I\/AAAAAAAAJvc\/6N8EnlMyiIwqXsqvnNTHoR88WerUpUp1ACLcBGAs\/s800\/Mossenaires_21Octubre2017-047.jpg?ssl=1\"  \/><br \/>\nLa gossa Noa, s&#8217;ho mira<\/p>\n<p><img data-recalc-dims=\"1\" decoding=\"async\" src=\"https:\/\/i0.wp.com\/4.bp.blogspot.com\/-tjoRDQ14_VQ\/WfC2ZtreVbI\/AAAAAAAAJvk\/jf4JTP4PdFYd1myFDPgaF7nu5AZrVLK8ACLcBGAs\/s800\/Mossenaires_21Octubre2017-048.jpg?ssl=1\"  \/><br \/>\nEn Victor supera l&#8217;obstacle<\/p>\n<p><img data-recalc-dims=\"1\" decoding=\"async\" src=\"https:\/\/i0.wp.com\/2.bp.blogspot.com\/-HZbCYM1EC9Q\/WfC2Zke-hDI\/AAAAAAAAJvg\/awoxn-ZAhjMwqoQJz4bfTDhxMUnUra2GQCLcBGAs\/s800\/Mossenaires_21Octubre2017-049.jpg?ssl=1\"  \/><\/p>\n<p>El nostre bandera, en JuanMa, seguit per en Jordi<br \/>\n[img][\/img]<\/p>\n<p><img data-recalc-dims=\"1\" decoding=\"async\" src=\"https:\/\/i0.wp.com\/2.bp.blogspot.com\/-GuoUKZrbGtU\/WfC2ZzQvHpI\/AAAAAAAAJvo\/DTMFF578FF4vrXkY4il-IWlR9WclniwnwCLcBGAs\/s800\/Mossenaires_21Octubre2017-050.jpg?ssl=1\"  \/><\/p>\n<p><img data-recalc-dims=\"1\" decoding=\"async\" src=\"https:\/\/i0.wp.com\/4.bp.blogspot.com\/-lHlAK8JQrn4\/WfC2aTUdjkI\/AAAAAAAAJvs\/tLDNMyV-oSY4ERXYR2g84XB26IYThxLTQCLcBGAs\/s800\/Mossenaires_21Octubre2017-051.jpg?ssl=1\"  \/><\/p>\n<p><img data-recalc-dims=\"1\" decoding=\"async\" src=\"https:\/\/i0.wp.com\/1.bp.blogspot.com\/-pKtF8timISA\/WfC2a1Ihr9I\/AAAAAAAAJv0\/2Hu3ueinBTc5qksX1N9y-Mrg_jwEvTczwCLcBGAs\/s800\/Mossenaires_21Octubre2017-052.jpg?ssl=1\"  \/><\/p>\n<p><img data-recalc-dims=\"1\" decoding=\"async\" src=\"https:\/\/i0.wp.com\/3.bp.blogspot.com\/-Akj9vtL7U_g\/WfC2bRWy_PI\/AAAAAAAAJvw\/LwDvSdI-OxA4ZOpz4tmEZrkhDnMSKlT9gCLcBGAs\/s800\/Mossenaires_21Octubre2017-053.jpg?ssl=1\"  \/><\/p>\n<p><img data-recalc-dims=\"1\" decoding=\"async\" src=\"https:\/\/i0.wp.com\/2.bp.blogspot.com\/-TVxg7VxpXyU\/WfC2bkhyU7I\/AAAAAAAAJv4\/uClgUpPOVWUF8OzKpNaEuDNQdDg8_hOSwCLcBGAs\/s800\/Mossenaires_21Octubre2017-054.jpg?ssl=1\"  \/><br \/>\nAnem a con\u00e8ixer i aplaudir a Mossenaires Noves<\/p>\n<p><img data-recalc-dims=\"1\" decoding=\"async\" src=\"https:\/\/i0.wp.com\/4.bp.blogspot.com\/-q2L2CiFcFks\/WfC2bzQNiuI\/AAAAAAAAJv8\/e8L391sA2oY73NQ2tqaIiLe3BU13QhI1QCLcBGAs\/s800\/Mossenaires_21Octubre2017-055.jpg?ssl=1\"  \/><br \/>\nMaria Teresa i la Silvia: sigueu benvingudes i us esperem molts dissabtes m\u00e9s<\/p>\n<p><img data-recalc-dims=\"1\" decoding=\"async\" src=\"https:\/\/i0.wp.com\/1.bp.blogspot.com\/-S1nHmddapF4\/WfC2b3Dd4UI\/AAAAAAAAJwA\/GmSNUpFN1I0lZALYadjEuGwIODrdqzsewCLcBGAs\/s800\/Mossenaires_21Octubre2017-056.jpg?ssl=1\"  \/><br \/>\nMaria Teresa i Silvia s\u00f3n aplaudides<\/p>\n<p><img data-recalc-dims=\"1\" decoding=\"async\" src=\"https:\/\/i0.wp.com\/4.bp.blogspot.com\/-RZXXlBUlNTg\/WfC2cIhoVdI\/AAAAAAAAJwE\/H1M3waDMSUIcuW60-4ucGW6gcHavh0NGwCLcBGAs\/s800\/Mossenaires_21Octubre2017-057.jpg?ssl=1\"  \/><\/p>\n<p><img data-recalc-dims=\"1\" decoding=\"async\" src=\"https:\/\/i0.wp.com\/4.bp.blogspot.com\/-3oUwHEDoywQ\/WfDNJd5_qEI\/AAAAAAAAJ1A\/Yd8TMevcWAg2lipABZEXU1eaSjcSasCKQCLcBGAs\/s800\/aniversaris_mossenaires.jpg?ssl=1\"  \/><\/p>\n<p><img data-recalc-dims=\"1\" decoding=\"async\" src=\"https:\/\/i0.wp.com\/4.bp.blogspot.com\/-ZSfdZ2BrnTo\/WfC2cPHp7iI\/AAAAAAAAJwI\/Vu71yn8dgoMk1vVlTfg2p2ZNvM1nO8LYwCLcBGAs\/s800\/Mossenaires_21Octubre2017-058.jpg?ssl=1\"  \/><br \/>\n.. i dels aniversaris, avui tenim en Pascual Vicente<\/p>\n<p><img data-recalc-dims=\"1\" decoding=\"async\" src=\"https:\/\/i0.wp.com\/4.bp.blogspot.com\/-ibmMyIY_vzk\/WfC2cebaCfI\/AAAAAAAAJwM\/qdHvZW_vLAgxtZziF3gsL_GbTyC2M85yQCLcBGAs\/s800\/Mossenaires_21Octubre2017-059.jpg?ssl=1\"  \/><br \/>\nBen aplaudit en Pascual Vicente<\/p>\n<p><img data-recalc-dims=\"1\" decoding=\"async\" src=\"https:\/\/i0.wp.com\/4.bp.blogspot.com\/-_X7-S1yjrJI\/WfC2cZAdMLI\/AAAAAAAAJwQ\/W628kVtqwpEvfmDsDav1ObDsS5_JhCFSwCLcBGAs\/s800\/Mossenaires_21Octubre2017-060.jpg?ssl=1\"  \/><\/p>\n<p><img data-recalc-dims=\"1\" decoding=\"async\" src=\"https:\/\/i0.wp.com\/2.bp.blogspot.com\/-UaNnhEOiW14\/WfC2cmQkUUI\/AAAAAAAAJwU\/dPjdzBOddisqcDTVVIjsn653sWi3dNZ_QCLcBGAs\/s800\/Mossenaires_21Octubre2017-061.jpg?ssl=1\"  \/><br \/>\nI avu\u00ed tenim el luxe de tenir el fill del Casi<\/p>\n<p><img data-recalc-dims=\"1\" decoding=\"async\" src=\"https:\/\/i0.wp.com\/2.bp.blogspot.com\/-h4M7HJyqcv8\/WfC2ci-JmiI\/AAAAAAAAJwY\/J13tfXyRSDExzCaQORMm2sdC6W3tnCASwCLcBGAs\/s800\/Mossenaires_21Octubre2017-062.jpg?ssl=1\"  \/><br \/>\nI en aquests moments queda proclamat per tots vosaltres, en Xavi Mart\u00edn.<\/p>\n<p><img data-recalc-dims=\"1\" decoding=\"async\" src=\"https:\/\/i0.wp.com\/1.bp.blogspot.com\/-9dPDC-scw1g\/WfC2c3SL2UI\/AAAAAAAAJwc\/kinHa3K71jMakGtwTXk7pYmR0XiFAgK2gCLcBGAs\/s800\/Mossenaires_21Octubre2017-063.jpg?ssl=1\"  \/><br \/>\nEhorabona Xavi!!!<\/p>\n<p><img data-recalc-dims=\"1\" decoding=\"async\" src=\"https:\/\/i0.wp.com\/4.bp.blogspot.com\/-G5TcziCJm2U\/WfC2dClZZeI\/AAAAAAAAJwg\/o-4WosQKP38fDcHzErwsrdwyyfI0A3gZQCLcBGAs\/s800\/Mossenaires_21Octubre2017-064.jpg?ssl=1\"  \/><\/p>\n<p><img data-recalc-dims=\"1\" decoding=\"async\" src=\"https:\/\/i0.wp.com\/2.bp.blogspot.com\/-tdR1IyQUrsY\/WfC2dLVZNCI\/AAAAAAAAJwk\/SL_64VGkrN4dFKpH4IwPuWZALWij890RwCLcBGAs\/s800\/Mossenaires_21Octubre2017-065.jpg?ssl=1\"  \/><\/p>\n<p><img data-recalc-dims=\"1\" decoding=\"async\" src=\"https:\/\/i0.wp.com\/2.bp.blogspot.com\/-cMy_bQ-HTdE\/WfC2dBy7FTI\/AAAAAAAAJws\/-Qjf4H2an2AptVzdmRq-qwnk1Qj61k7jACLcBGAs\/s1600\/Mossenaires_21Octubre2017-066.jpg?ssl=1\"  \/><br \/>\nI des de Ca n&#8217;Oriac de Sabadell, la fotografia de fam\u00edlia d&#8217;un dia \u00fanic i intransferible: el d&#8217;avui. Gr\u00e0cies per fer-ho possible<\/p>\n<p><img data-recalc-dims=\"1\" decoding=\"async\" src=\"https:\/\/i0.wp.com\/2.bp.blogspot.com\/-A4_21EmoFnA\/WfC2d0tZZaI\/AAAAAAAAJwo\/SbuOcfnD0eEwR2EZoGVzzaQJxoX-PC7wQCLcBGAs\/s800\/Mossenaires_21Octubre2017-067.jpg?ssl=1\"  \/><\/p>\n<p><img data-recalc-dims=\"1\" decoding=\"async\" src=\"https:\/\/i0.wp.com\/1.bp.blogspot.com\/-HrmU1SQQ9LA\/WfC2eGnji6I\/AAAAAAAAJww\/F1bN6hX37UE0yWEUg3p6zROkWHfqT4QpwCLcBGAs\/s800\/Mossenaires_21Octubre2017-068.jpg?ssl=1\"  \/><\/p>\n<p><img data-recalc-dims=\"1\" decoding=\"async\" src=\"https:\/\/i0.wp.com\/3.bp.blogspot.com\/-OG-VgVS9-zs\/WfC2eXqrVkI\/AAAAAAAAJw0\/_2-u6YtdRCkTpe0B9V1eSozbWdrVLbMZQCLcBGAs\/s800\/Mossenaires_21Octubre2017-069.jpg?ssl=1\"  \/><\/p>\n<p><img data-recalc-dims=\"1\" decoding=\"async\" src=\"https:\/\/i0.wp.com\/3.bp.blogspot.com\/-Zyp8XAlVB9E\/WfC2eYryDZI\/AAAAAAAAJw4\/YrpYRbl3XpAkp-UMOWLl3DRfvq7NVDAfQCLcBGAs\/s800\/Mossenaires_21Octubre2017-070.jpg?ssl=1\"  \/><\/p>\n<p><img data-recalc-dims=\"1\" decoding=\"async\" src=\"https:\/\/i0.wp.com\/4.bp.blogspot.com\/-mzXLHpZXzeo\/WfC2esmJOmI\/AAAAAAAAJw8\/chlbKIouNoI7joSGmWqeT2_0A1V0zVrGQCLcBGAs\/s800\/Mossenaires_21Octubre2017-071.jpg?ssl=1\"  \/><br \/>\nI aplaudim al nostra bandera d&#8217;avui: en JuanMA<\/p>\n<p><img data-recalc-dims=\"1\" decoding=\"async\" src=\"https:\/\/i0.wp.com\/3.bp.blogspot.com\/-xqXf1KX8hm8\/WfC2e5BlkDI\/AAAAAAAAJxA\/EE-c1O4WUGckqb27dR0Fpf0ZSYVFO-NSACLcBGAs\/s800\/Mossenaires_21Octubre2017-072.jpg?ssl=1\"  \/><\/p>\n<p><img data-recalc-dims=\"1\" decoding=\"async\" src=\"https:\/\/i0.wp.com\/3.bp.blogspot.com\/-Qin-KVls0O0\/WfC2fLEmz5I\/AAAAAAAAJxE\/PvJF4qBNUQ48BWaAMdEn3gJz29j1HZk4gCLcBGAs\/s800\/Mossenaires_21Octubre2017-073.jpg?ssl=1\"  \/><\/p>\n<p><img data-recalc-dims=\"1\" decoding=\"async\" src=\"https:\/\/i0.wp.com\/2.bp.blogspot.com\/-xAaj4H4wb9o\/WfC2fSbAAtI\/AAAAAAAAJxI\/qi_gZF_2QPkyqo88RfueRDm71t8IM1AogCLcBGAs\/s800\/Mossenaires_21Octubre2017-074.jpg?ssl=1\"  \/><br \/>\nL&#8217; Oriol Moliner<\/p>\n<p><img data-recalc-dims=\"1\" decoding=\"async\" src=\"https:\/\/i0.wp.com\/4.bp.blogspot.com\/-xrYRZqS6NZU\/WfC2fxIIwHI\/AAAAAAAAJxM\/pujQ7uP-7k0QMI0V5uLQcDz6q2LdWrPTQCLcBGAs\/s800\/Mossenaires_21Octubre2017-075.jpg?ssl=1\"  \/><br \/>\nManuel<\/p>\n<p><img data-recalc-dims=\"1\" decoding=\"async\" src=\"https:\/\/i0.wp.com\/1.bp.blogspot.com\/-OIZ8uSgFlks\/WfC2giYhZZI\/AAAAAAAAJxQ\/EXAZe_iBQNw_VIT8J1i4PXytJk466KZQgCLcBGAs\/s800\/Mossenaires_21Octubre2017-076.jpg?ssl=1\"  \/><br \/>\nMaria Teresa i Jos\u00e9 Manuel<\/p>\n<p><img data-recalc-dims=\"1\" decoding=\"async\" src=\"https:\/\/i0.wp.com\/3.bp.blogspot.com\/-rLsWwGu6Rpo\/WfC2hNAzcdI\/AAAAAAAAJxU\/mqaB5k6L_2IVuSwJSbNMNwnTbYVKiB1uwCLcBGAs\/s800\/Mossenaires_21Octubre2017-077.jpg?ssl=1\"  \/><br \/>\nSilvia<\/p>\n<p><img data-recalc-dims=\"1\" decoding=\"async\" src=\"https:\/\/i0.wp.com\/2.bp.blogspot.com\/-QbQigkOI9yI\/WfC2hoL_MBI\/AAAAAAAAJxY\/HC2K9rncMO0szi4aVPZZir87WNNqFlKygCLcBGAs\/s800\/Mossenaires_21Octubre2017-078.jpg?ssl=1\"  \/><br \/>\nHugo<\/p>\n<p><img data-recalc-dims=\"1\" decoding=\"async\" src=\"https:\/\/i0.wp.com\/2.bp.blogspot.com\/-Hro9_lRYGM8\/WfC2iYgv4kI\/AAAAAAAAJxc\/c3R8ZfXNTgMbYenntQmQLcXh1RPQzONpwCLcBGAs\/s800\/Mossenaires_21Octubre2017-079.jpg?ssl=1\"  \/><br \/>\nVictor<\/p>\n<p><img data-recalc-dims=\"1\" decoding=\"async\" src=\"https:\/\/i0.wp.com\/1.bp.blogspot.com\/--Vi6iWUwTCM\/WfC2ilo5rMI\/AAAAAAAAJxg\/z6cQs70enm4vQQbZSUlWS82Lh_gx5AA_gCLcBGAs\/s800\/Mossenaires_21Octubre2017-080.jpg?ssl=1\"  \/><br \/>\nAntonio<\/p>\n<p><img data-recalc-dims=\"1\" decoding=\"async\" src=\"https:\/\/i0.wp.com\/3.bp.blogspot.com\/-o97qxHkXRto\/WfC2jBpwrxI\/AAAAAAAAJxk\/IPUDDRzRBHUpz-GYid546lXO_INaIRhogCLcBGAs\/s800\/Mossenaires_21Octubre2017-081.jpg?ssl=1\"  \/><br \/>\nToni<\/p>\n<p><img data-recalc-dims=\"1\" decoding=\"async\" src=\"https:\/\/i0.wp.com\/4.bp.blogspot.com\/-82pWBGVozG4\/WfC2jkp7q-I\/AAAAAAAAJxo\/y76ky2a4n9YGm2d13_gkBUSF0vIq2jgHgCLcBGAs\/s800\/Mossenaires_21Octubre2017-082.jpg?ssl=1\"  \/><br \/>\nSadra i Jos\u00e9<\/p>\n<p><img data-recalc-dims=\"1\" decoding=\"async\" src=\"https:\/\/i0.wp.com\/3.bp.blogspot.com\/-ugQOM_hKx4I\/WfC2kIq6RmI\/AAAAAAAAJxw\/m6zvH7QHWAAzySODPByKuFxteKjeEPWLwCLcBGAs\/s800\/Mossenaires_21Octubre2017-083.jpg?ssl=1\"  \/><br \/>\nSanti<\/p>\n<p><img data-recalc-dims=\"1\" decoding=\"async\" src=\"https:\/\/i0.wp.com\/1.bp.blogspot.com\/-TQMWI58P34M\/WfC2kr9cQ7I\/AAAAAAAAJxs\/VodH-0AY8DgzLP6_tHt4n5OXFy1i1LiYQCLcBGAs\/s800\/Mossenaires_21Octubre2017-084.jpg?ssl=1\"  \/><br \/>\nJoam i Oscar<\/p>\n<p><img data-recalc-dims=\"1\" decoding=\"async\" src=\"https:\/\/i0.wp.com\/3.bp.blogspot.com\/-BhvX7l2v_cg\/WfC2lBloe-I\/AAAAAAAAJx0\/bcyXVBox3_omkh0mitMqmLygebQLUNJKACLcBGAs\/s800\/Mossenaires_21Octubre2017-085.jpg?ssl=1\"  \/><br \/>\nAnna<\/p>\n<p><img data-recalc-dims=\"1\" decoding=\"async\" src=\"https:\/\/i0.wp.com\/2.bp.blogspot.com\/-n_WmMeLkLuw\/WfC2lcIOydI\/AAAAAAAAJx8\/M8iuqgj1JwEoiT2V1Qsx23UPm4w4QXp8gCLcBGAs\/s800\/Mossenaires_21Octubre2017-086.jpg?ssl=1\"  \/><br \/>\nMiguel i Inma<\/p>\n<p><img data-recalc-dims=\"1\" decoding=\"async\" src=\"https:\/\/i0.wp.com\/2.bp.blogspot.com\/-kfw1L7NF6RY\/WfC2lNSg6pI\/AAAAAAAAJx4\/zPnA3MmM40wVH-hVMDZt4QXPIwNJRzxqwCLcBGAs\/s800\/Mossenaires_21Octubre2017-087.jpg?ssl=1\"  \/><br \/>\nRamon<\/p>\n<p><img data-recalc-dims=\"1\" decoding=\"async\" src=\"https:\/\/i0.wp.com\/2.bp.blogspot.com\/-OM0ZajEeC60\/WfC2lck122I\/AAAAAAAAJyA\/f2bGf2U-LX0LM6-PCyd7ucGvQPC1I4SsgCLcBGAs\/s800\/Mossenaires_21Octubre2017-088.jpg?ssl=1\"  \/><br \/>\nAlbert, Pascual, Antonio<\/p>\n<p><img data-recalc-dims=\"1\" decoding=\"async\" src=\"https:\/\/i0.wp.com\/1.bp.blogspot.com\/-IQUUBYtEoCk\/WfC2lsYhxFI\/AAAAAAAAJyI\/HGfpPzCNxlspyU-h3OtQ7fQprGyJ5mi5QCLcBGAs\/s800\/Mossenaires_21Octubre2017-089.jpg?ssl=1\"  \/><br \/>\nJavi<\/p>\n<p><img data-recalc-dims=\"1\" decoding=\"async\" src=\"https:\/\/i0.wp.com\/4.bp.blogspot.com\/-OZhmVAQHsGA\/WfC2lgvcz1I\/AAAAAAAAJyE\/SWd3d0_3tyMlSj87CtU7sY2jFo54x887QCLcBGAs\/s800\/Mossenaires_21Octubre2017-090.jpg?ssl=1\"  \/><br \/>\nIsabel, JuanMa Bety<\/p>\n<p><img data-recalc-dims=\"1\" decoding=\"async\" src=\"https:\/\/i0.wp.com\/1.bp.blogspot.com\/-_5Np_ry17eg\/WfC2l_J0EfI\/AAAAAAAAJyM\/E8FJsDFlJwIWVZr0Xw9mwUDgyfLYjWtSQCLcBGAs\/s800\/Mossenaires_21Octubre2017-091.jpg?ssl=1\"  \/><br \/>\nIsabel i Bet<\/p>\n<p><img data-recalc-dims=\"1\" decoding=\"async\" src=\"https:\/\/i0.wp.com\/2.bp.blogspot.com\/-EInzvwF0zn0\/WfC2lylqMKI\/AAAAAAAAJyQ\/8v0o5gGqc8gguE2FuhYo76VpO7tLV8wUwCLcBGAs\/s800\/Mossenaires_21Octubre2017-092.jpg?ssl=1\"  \/><br \/>\nQuim, Paco, Francisco<\/p>\n<p><img data-recalc-dims=\"1\" decoding=\"async\" src=\"https:\/\/i0.wp.com\/1.bp.blogspot.com\/-EU8xqcCxFnc\/WfC2l6qKvSI\/AAAAAAAAJyU\/bxRD24vvqTQSbeqRGUa6Y4rOkpd3xWtogCLcBGAs\/s800\/Mossenaires_21Octubre2017-093.jpg?ssl=1\"  \/><br \/>\nOlga, N\u00faria<\/p>\n<p><img data-recalc-dims=\"1\" decoding=\"async\" src=\"https:\/\/i0.wp.com\/1.bp.blogspot.com\/-5gRhTpR2T9o\/WfC2mOo6CmI\/AAAAAAAAJyY\/Wr0Zc9RW7zk1MRjHg1JqfvziRIC6IpCgACLcBGAs\/s800\/Mossenaires_21Octubre2017-094.jpg?ssl=1\"  \/><br \/>\nOscar i Jose<\/p>\n<p><img data-recalc-dims=\"1\" decoding=\"async\" src=\"https:\/\/i0.wp.com\/4.bp.blogspot.com\/-B2cNkCMHLZk\/WfC2mfIL36I\/AAAAAAAAJyc\/R5iRbrj3l6MrMqBzG-fk1Yc69WGABW4cACLcBGAs\/s800\/Mossenaires_21Octubre2017-095.jpg?ssl=1\"  \/><br \/>\nAnna<\/p>\n<p><img data-recalc-dims=\"1\" decoding=\"async\" src=\"https:\/\/i0.wp.com\/3.bp.blogspot.com\/-fxHZQg9twHk\/WfC2mYfzWMI\/AAAAAAAAJyg\/INMCptTs5n8Uu6UDXkYq7EimOtmGOiapwCLcBGAs\/s800\/Mossenaires_21Octubre2017-096.jpg?ssl=1\"  \/><br \/>\nSEbas<\/p>\n<p><img data-recalc-dims=\"1\" decoding=\"async\" src=\"https:\/\/i0.wp.com\/2.bp.blogspot.com\/-NCj0q0GPyds\/WfC2mogyfMI\/AAAAAAAAJyo\/7-_W0DKwrMYC2LRwkh55mxLfrQ0d8odNQCLcBGAs\/s800\/Mossenaires_21Octubre2017-097.jpg?ssl=1\"  \/><br \/>\nCarme<\/p>\n<p><img data-recalc-dims=\"1\" decoding=\"async\" src=\"https:\/\/i0.wp.com\/1.bp.blogspot.com\/-Q8wJUjWADHw\/WfC2mrO8zkI\/AAAAAAAAJyk\/7YUMVagw1vcfsujKFV0fS5tZ-dbjG3HpwCLcBGAs\/s800\/Mossenaires_21Octubre2017-098.jpg?ssl=1\"  \/><br \/>\nChary<\/p>\n<p><img data-recalc-dims=\"1\" decoding=\"async\" src=\"https:\/\/i0.wp.com\/2.bp.blogspot.com\/-t9pXk5cn5-4\/WfC2m4TFfOI\/AAAAAAAAJys\/Cj-4Lo6TRc4VydANqaYx4XPwjDFddIiZwCLcBGAs\/s800\/Mossenaires_21Octubre2017-099.jpg?ssl=1\"  \/><br \/>\nJoan<\/p>\n<p><img data-recalc-dims=\"1\" decoding=\"async\" src=\"https:\/\/i0.wp.com\/4.bp.blogspot.com\/-ldtD1hsjGJo\/WfC2nGEit3I\/AAAAAAAAJyw\/uy-uKI-r3HUAdTZtrOWRXzfJvTqFS7cmwCLcBGAs\/s800\/Mossenaires_21Octubre2017-100.jpg?ssl=1\"  \/><\/p>\n<p><img data-recalc-dims=\"1\" decoding=\"async\" src=\"https:\/\/i0.wp.com\/2.bp.blogspot.com\/-dnuKjuRzvHc\/WfC2naihXnI\/AAAAAAAAJy0\/LaLkdbHemGk7WSO2FByUk3QXSH79E5lOQCLcBGAs\/s800\/Mossenaires_21Octubre2017-101.jpg?ssl=1\"  \/><\/p>\n<p><img data-recalc-dims=\"1\" decoding=\"async\" src=\"https:\/\/i0.wp.com\/2.bp.blogspot.com\/-4B2MksoeoOk\/WfC2nZIFmmI\/AAAAAAAAJy4\/edeHk67eIxk0kCOR_Pripfdu25wCuwDcACLcBGAs\/s800\/Mossenaires_21Octubre2017-102.jpg?ssl=1\"  \/><\/p>\n<p><img data-recalc-dims=\"1\" decoding=\"async\" src=\"https:\/\/i0.wp.com\/4.bp.blogspot.com\/-HZoSiXHLDjU\/WfC2niNzr0I\/AAAAAAAAJzA\/1EzpBwPySDMoC5s8P3Cp1bZhZ7oM57lrACLcBGAs\/s800\/Mossenaires_21Octubre2017-103.jpg?ssl=1\"  \/><\/p>\n<p><img data-recalc-dims=\"1\" decoding=\"async\" src=\"https:\/\/i0.wp.com\/3.bp.blogspot.com\/-4KPgKiUszK8\/WfC2nnQOtnI\/AAAAAAAAJy8\/an9TLTt3jZcppklNAnnRwpmtxWkeIqoXgCLcBGAs\/s800\/Mossenaires_21Octubre2017-104.jpg?ssl=1\"  \/><\/p>\n<p><img data-recalc-dims=\"1\" decoding=\"async\" src=\"https:\/\/i0.wp.com\/4.bp.blogspot.com\/-1GruhgeHbb0\/WfC2nini-hI\/AAAAAAAAJzE\/01ClG9ynS4EzSwlwY2TBUPTasKI7fgfYgCLcBGAs\/s800\/Mossenaires_21Octubre2017-105.jpg?ssl=1\"  \/><br \/>\nJuanMa i Nicolau<\/p>\n<p><img data-recalc-dims=\"1\" decoding=\"async\" src=\"https:\/\/i0.wp.com\/4.bp.blogspot.com\/-BUTj0j7Qf9Y\/WfC2oDGWrWI\/AAAAAAAAJzI\/frWmhT_TBHozqaTv4OONOus73GmwzW48gCLcBGAs\/s800\/Mossenaires_21Octubre2017-106.jpg?ssl=1\"  \/><\/p>\n<p><img data-recalc-dims=\"1\" decoding=\"async\" src=\"https:\/\/i0.wp.com\/3.bp.blogspot.com\/-mZV0Oz6mQ1c\/WfC2ooQxT4I\/AAAAAAAAJzM\/Slmn6ySLS5EORftnBoNXmJVuvEJgZ6jBgCLcBGAs\/s800\/Mossenaires_21Octubre2017-107.jpg?ssl=1\"  \/><\/p>\n<p><img data-recalc-dims=\"1\" decoding=\"async\" src=\"https:\/\/i0.wp.com\/3.bp.blogspot.com\/-NvH3Cp38LGs\/WfC2pDS1feI\/AAAAAAAAJzQ\/TZ2TZ4xe3OUqQWyhboUUETg3JBKDb9MHACLcBGAs\/s800\/Mossenaires_21Octubre2017-108.jpg?ssl=1\"  \/><\/p>\n<p><img data-recalc-dims=\"1\" decoding=\"async\" src=\"https:\/\/i0.wp.com\/4.bp.blogspot.com\/-K76EIMYGNpE\/WfC2psi33YI\/AAAAAAAAJzU\/b5HkvTsRue8ns128YDAxADIEdlUNGFjpACLcBGAs\/s800\/Mossenaires_21Octubre2017-109.jpg?ssl=1\"  \/><br \/>\nNo volieu una micarrona de fang, jejeje<\/p>\n<p><img data-recalc-dims=\"1\" decoding=\"async\" src=\"https:\/\/i0.wp.com\/2.bp.blogspot.com\/-itdEtXrFjcg\/WfC2pxSip5I\/AAAAAAAAJzY\/l_S8ZA3EkJY_V2ekV6QsB1mm4Oi6TcEYQCLcBGAs\/s800\/Mossenaires_21Octubre2017-110.jpg?ssl=1\"  \/><br \/>\nAquest bon home, no sabem qui \u00e9s ben b\u00e9, per\u00f2 fa una bona colla d&#8217;anys qye est\u00e0 just per aqu\u00ed fent gimn\u00e0stica i se li nota que segur que sap el que es fa.<\/p>\n<p><img data-recalc-dims=\"1\" decoding=\"async\" src=\"https:\/\/i0.wp.com\/4.bp.blogspot.com\/-H0gnEvaHCMo\/WfC2qNS0l6I\/AAAAAAAAJzc\/jks8lZpKWnMyJ6VZmEoERlNbOY_AGFHkwCLcBGAs\/s800\/Mossenaires_21Octubre2017-111.jpg?ssl=1\"  \/><br \/>\nInma i Oriol<\/p>\n<p><img data-recalc-dims=\"1\" decoding=\"async\" src=\"https:\/\/i0.wp.com\/4.bp.blogspot.com\/-3S5dGaaVb6M\/WfC2qOULB9I\/AAAAAAAAJzg\/duofpdbjVQsviOXbuFORb1HaOZd_kUw-gCLcBGAs\/s800\/Mossenaires_21Octubre2017-112.jpg?ssl=1\"  \/><br \/>\nEl compte enrera<\/p>\n<p><img data-recalc-dims=\"1\" decoding=\"async\" src=\"https:\/\/i0.wp.com\/3.bp.blogspot.com\/-hRqXHmLrcwo\/WfC2qW3d45I\/AAAAAAAAJzk\/SmzV0nmL-WsyzeBMtfu4J7dnYdAvjrL-wCLcBGAs\/s800\/Mossenaires_21Octubre2017-113.jpg?ssl=1\"  \/><br \/>\nMmmm!, alg\u00fa ha quedat fora la foto.<\/p>\n<p><a href=\"https:\/\/www.strava.com\/activities\/1239998926\"><img data-recalc-dims=\"1\" decoding=\"async\" src=\"https:\/\/i0.wp.com\/3.bp.blogspot.com\/-mnKSERkI0Ck\/WfDY5VL9v7I\/AAAAAAAAJ1Q\/Ncy36CLjDFgDfNtJRy0WKMzBT4ZlSpiiACLcBGAs\/s800\/circuit_Mossenaire.png?ssl=1\"  \/><\/a><br \/>\n<a href=\"https:\/\/www.strava.com\/activities\/1239998926\">https:\/\/www.strava.com\/activities\/1239998926<\/a><\/p>\n<p>Es nota que \u00e9s fill del Casi, tant per la seva fisonomia com per seu car\u00e0cter lluitador, i ha vingut m\u00e9s d&#8217;una vegada. Avui el coneixerem totes i tots una mica m\u00e9s, i quan hem preguntat si ens record\u00e0vem del Casi a l&#8217;hora de la foto familiar, hi ha un S\u00ed rotund. Estem encantats de que facis gran el projecte fent que sigui tamb\u00e9 teu, i avui encara formes m\u00e9s part d&#8217;aquesta gran fam\u00edlia amb el fet de que a m\u00e9s ja ets &#8220;Mossenaire d&#8217;Honor&#8221;. Enhorabona i per molts anys i<\/p>\n<p><img data-recalc-dims=\"1\" decoding=\"async\" src=\"https:\/\/i0.wp.com\/3.bp.blogspot.com\/-jKgQI4cSXzE\/WfC2qsxY52I\/AAAAAAAAJzo\/b0mUSUjgMkIQdRlnjEA3AHA6-RMBQsWhACLcBGAs\/s1600\/Mossenaires_21Octubre2017-114.jpg?ssl=1\"  \/><\/p>\n<p><img data-recalc-dims=\"1\" decoding=\"async\" src=\"https:\/\/i0.wp.com\/4.bp.blogspot.com\/-7GpFQG3109Q\/WfC2qhVOeBI\/AAAAAAAAJzs\/s7V4Zq-eRJwh0cizDwmuxVhT5kFsQYWDgCLcBGAs\/s1600\/Mossenaires_21Octubre2017-115.jpg?ssl=1\"  \/><\/p>\n<p><span style=\"color: blue\"><i>Un desig etern&#8230;\u00a0<\/i><\/span><\/p>\n<div><span style=\"color: blue;font-size: large\"><i><br \/>\nEscric ple de sentiments&#8230; Sentiments positius i contradictoris&#8230;. He assolit el repte! Miro al mirall i veig\u00a0 un Xavi diferent: en\u00e8rgic, fort, saludable i ple d&#8217;il\u00b7lusions.<br \/>\nDe petit, ja volia c\u00f3rrer. Vaig tenir experi\u00e8ncies negatives donant voltes al camp d&#8217;atletisme de la meva\u00a0escola. No ho entenia&#8230; Sempre era dels \u00faltims. Aix\u00f2 no importa, l&#8217;important \u00e9s arribar i participar. No s\u00e9\u00a0 si creuava la &#8220;Meta&#8221;. Aquells records no importen. La tenacitat hi era. Avorrit!, era l&#8217;esport que no<br \/>\nentenia, ni volia entendre.<br \/>\nVeig la meva Mare, plena d&#8217;il\u00b7lusi\u00f3. Em d\u00f3na empentes i m&#8217;anima des de tot arreu. Ella \u00e9s qui em marca\u00a0 l&#8217;objectiu. Pensava que em quedaria en el camp de les il\u00b7lusions, per\u00f2 necessito un pas m\u00e9s.<br \/>\nSegueixo al meu Pare (Mossenaire), ple de vitalitat i energia. Ell \u00e9s el cam\u00ed. Ha arribat i superat les\u00a0 100!!!, &#8230;per\u00f2 penso que aix\u00f2 no \u00e9s per mi. No ho entenc. El meu Germ\u00e0 el segueix. S&#8217;ho passen b\u00e9.<br \/>\nEscolto!<br \/>\nSento la meva fam\u00edlia: la Eva, la Carla i la Berta. Elles s\u00f3n el meu dia a dia. M&#8217;empenyen a ser un Pare<br \/>\nmillor. Segueixo&#8230;Comen\u00e7a el ritme&#8230; i vaig poc a poc, primer fent exercicis f\u00e0cils, despr\u00e9s poc a poc&#8230;<br \/>\nComencen els petits reptes. Els vaig aconseguint. Recordo els sentiments de pujar a Sant Antoni cada<br \/>\ndia&#8230; Sento el cos i experimento coses que mai havia gaudit: converteixo el cos en un motor.<br \/>\nAconsegueixo arribar a la sisena marxa, &#8230;i trobo el tiet Santi. Gr\u00e0cies Santi!!<br \/>\n\u00c9s \u00e8poca de retrobaments!! Segueixo a qui mai havia pensat; i aconsegueixo que em segueixin d&#8217;altres\u00a0 que encara menys. La llista \u00e9s llarga i molt important: Ricky, Santi, \u00d2scar, Mart\u00ed, Ramon, Javier, Adri\u00e1n,<br \/>\nJordi, &#8230;<br \/>\nEm paro, i torno a mirar-me al mirall. Donc gr\u00e0cies a D\u00e9u, per mirar-me com s\u00f3c ara i abans perqu\u00e8\u00a0 l&#8217;ess\u00e8ncia est\u00e0 dins igual; &#8230;i tamb\u00e9 per arribar a ser el Mossenaire d&#8217;HONOR. L&#8217;Honor \u00e9s qui i que\u00a0 t&#8217;envolta. Gr\u00e0cies Pep, i gr\u00e0cies nous companys&#8230;<\/i><\/span><\/div>\n<table style=\"padding-left: 30px\" cellspacing=\"0\" align=\"left\">\n<tbody style=\"padding-left: 30px\">\n<tr style=\"padding-left: 30px;text-align: justify\">\n<td style=\"padding-left: 30px\">\n<h3><strong><span style=\"color: #993366\"><a style=\"color: #993366\" href=\"http:\/\/www.egargrafic.com\/\" target=\"_blank\" rel=\"noopener noreferrer\"><img data-recalc-dims=\"1\" decoding=\"async\" src=\"https:\/\/i0.wp.com\/www.josepmoliner.com\/egargrafic2.gif\" alt=\"\" \/><\/a><\/span><\/strong><\/h3>\n<\/td>\n<td style=\"padding-left: 30px\">\n<h3><a class=\"postlink\" style=\"color: #993366\" href=\"http:\/\/www.urgenciasdentalfort.com\/\" target=\"_blank\" rel=\"noopener noreferrer\"><\/a><a href=\"https:\/\/i0.wp.com\/www.mossenhoms.be\/DentalFort2.gif\"><img data-recalc-dims=\"1\" loading=\"lazy\" decoding=\"async\" src=\"https:\/\/i0.wp.com\/blogs.avui.cat\/pepmoliner\/wp-content\/imagescaler\/936db04f9e3aa05e1011705df28fa502.gif?resize=100%2C43\" width=\"100\" height=\"43\" \/><\/a><\/h3>\n<\/td>\n<\/tr>\n<tr style=\"padding-left: 30px;text-align: justify\">\n<td style=\"padding-left: 30px\">\n<h3><strong><span style=\"color: #993366\"><a style=\"color: #993366\" href=\"http:\/\/www.grevolsalut.com\/\" target=\"_blank\" rel=\"noopener noreferrer\"><img data-recalc-dims=\"1\" decoding=\"async\" src=\"https:\/\/i0.wp.com\/www.elroure.net\/grevol\/grevol_salut.gif\" alt=\"\" \/><\/a><\/span><\/strong><\/h3>\n<\/td>\n<td style=\"padding-left: 30px\">\n<h3><a style=\"color: #993366\" href=\"http:\/\/www.elroure.net\/\" target=\"_blank\" rel=\"noopener noreferrer\"><img data-recalc-dims=\"1\" decoding=\"async\" src=\"https:\/\/i0.wp.com\/elroure.net\/rourenet.gif\" alt=\"\" \/><\/a><\/h3>\n<\/td>\n<\/tr>\n<tr style=\"padding-left: 30px;text-align: justify\">\n<td style=\"padding-left: 30px\"><a style=\"color: #993366\" href=\"http:\/\/www.eledevall.com\/\" target=\"_blank\" rel=\"noopener noreferrer\"><img data-recalc-dims=\"1\" decoding=\"async\" src=\"https:\/\/i0.wp.com\/josepmoliner.com\/eledevall.gif\" alt=\"\" \/><\/a><\/td>\n<td style=\"padding-left: 30px\">\n<h3><a style=\"color: #993366\" href=\"http:\/\/civeracampoy.com\/index.php\/es\/\" target=\"_blank\" rel=\"noopener noreferrer\"><img data-recalc-dims=\"1\" decoding=\"async\" src=\"https:\/\/i0.wp.com\/josepmoliner.com\/Civera%26Campoy.gif\" alt=\"\" \/><\/a><\/h3>\n<\/td>\n<\/tr>\n<tr style=\"padding-left: 30px;text-align: justify\">\n<td style=\"padding-left: 30px\"><\/td>\n<td style=\"padding-left: 30px\"><\/td>\n<\/tr>\n<tr style=\"padding-left: 30px;text-align: justify\">\n<td style=\"padding-left: 30px\">\n<table style=\"padding-left: 30px\" cellspacing=\"0\" align=\"left\">\n<tbody style=\"padding-left: 30px\">\n<tr style=\"padding-left: 30px;text-align: justify\">\n<td style=\"padding-left: 30px\">\n<h3><strong><span style=\"color: #993366\">\u00a0vols el teu banner?<\/span><\/strong><\/h3>\n<\/td>\n<\/tr>\n<tr style=\"padding-left: 30px;text-align: justify\">\n<td style=\"padding-left: 30px\"><\/td>\n<\/tr>\n<\/tbody>\n<\/table>\n<\/td>\n<\/tr>\n<\/tbody>\n<\/table>\n","protected":false},"excerpt":{"rendered":"<p>No \u00e9s el circuit que fa bo l&#8217;entrenament. No \u00e9s el de la gorra vermella, tampoc. La trobada menys. Sou vosaltres els que feu que valgui la pena, amb la vostra predisposici\u00f3 a passar-ho b\u00e9, i fer que tot xerrant, corrent i rient, acabem fent deu quil\u00f2metres que sempre ens d\u00f3na la sensaci\u00f3 que han [&hellip;]<\/p>\n","protected":false},"author":171,"featured_media":0,"comment_status":"open","ping_status":"open","sticky":false,"template":"","format":"standard","meta":{"jetpack_post_was_ever_published":false,"_jetpack_newsletter_access":"","_jetpack_dont_email_post_to_subs":false,"_jetpack_newsletter_tier_id":0,"_jetpack_memberships_contains_paywalled_content":false,"_jetpack_memberships_contains_paid_content":false,"footnotes":"","jetpack_publicize_message":"","jetpack_publicize_feature_enabled":true,"jetpack_social_post_already_shared":false,"jetpack_social_options":{"image_generator_settings":{"template":"highway","default_image_id":0,"font":"","enabled":false},"version":2}},"categories":[2697,1644,25130,5580,4554,25102,25094,73],"tags":[2697,4656,25105,25130,25112,25126,25106,25102,25094,25091,73,25179],"class_list":["post-4604","post","type-post","status-publish","format-standard","hentry","category-amistat","category-correr","category-correrxerrar","category-entrenaments","category-mossenaires","category-mossenhoms-be","category-pep-moliner","category-terrassa","tag-amistat","tag-atletisme","tag-correr","tag-correrxerrar","tag-entrenament-en-grup","tag-entrenaments-torre-mossen-homs","tag-mossenaires","tag-mossenhoms-be","tag-pep-moliner","tag-running","tag-terrassa","tag-xavi-martin"],"jetpack_publicize_connections":[],"jetpack_featured_media_url":"","jetpack_sharing_enabled":true,"jetpack_shortlink":"https:\/\/wp.me\/pagkiK-1cg","jetpack-related-posts":[{"id":4556,"url":"https:\/\/blogs.avui.cat\/pepmoliner\/2017\/08\/09\/mossenaires-no-fa-vacances\/","url_meta":{"origin":4604,"position":0},"title":"Mossenaires no fa vacances","author":"Pep Moliner","date":"9 d'agost de 2017","format":false,"excerpt":"Un dissabte com tants, on farem un bon entrenament i ser\u00e0 gr\u00e0cies a que no fem vacances. \u00c9s gr\u00e0cies a tothom i avui el que ha fet la tria del circuit han estat en Joan, Carlos i l\u2019Eva, que els hi hem demanat que portessin el grup directament i per\u2026","rel":"","context":"A &quot;Amistat&quot;","block_context":{"text":"Amistat","link":"https:\/\/blogs.avui.cat\/pepmoliner\/category\/amistat\/"},"img":{"alt_text":"","src":"","width":0,"height":0},"classes":[]},{"id":4380,"url":"https:\/\/blogs.avui.cat\/pepmoliner\/2017\/01\/05\/i-va-lultim-entrenament-mossenaire-de-lany\/","url_meta":{"origin":4604,"position":1},"title":"\u201cI va l\u2019\u00faltim entrenament Mossenaire de l\u2019any\u201d","author":"Pep Moliner","date":"5 de gener de 2017","format":false,"excerpt":"Tanquem amb aquest entrenament mossenaire un any on podem\u00a0 afirmar que ens ho hem passat b\u00e9. Podem dir que hem conegut gent nova. Sabem que s'ha generat bones vibracions amb trobades infinites entre tots\u00a0 nosaltres i que el nexe que proporciona un entrenament diferent, que es fa\u00a0 possible dia a\u2026","rel":"","context":"A &quot;Amistat&quot;","block_context":{"text":"Amistat","link":"https:\/\/blogs.avui.cat\/pepmoliner\/category\/amistat\/"},"img":{"alt_text":"","src":"","width":0,"height":0},"classes":[]},{"id":4568,"url":"https:\/\/blogs.avui.cat\/pepmoliner\/2017\/08\/30\/sempre-rient-mossenaires\/","url_meta":{"origin":4604,"position":2},"title":"Sempre rient: &#8220;Mossenaires&#8221;","author":"Pep Moliner","date":"30 d'agost de 2017","format":false,"excerpt":"L'agost s'apaga a Can #Mossenaires i ho fa amb all\u00f2 que ens agrada. #c\u00f3rrer #xerrar #gaudir acompanyades i acompanyats de gent amb el mateix tarann\u00e0 esportiu, que el que vol i com excusa, anar a passar una bona estona sense compromisos i moltes i molts, tornant de vacances i amb\u2026","rel":"","context":"A &quot;Amistat&quot;","block_context":{"text":"Amistat","link":"https:\/\/blogs.avui.cat\/pepmoliner\/category\/amistat\/"},"img":{"alt_text":"","src":"","width":0,"height":0},"classes":[]},{"id":5438,"url":"https:\/\/blogs.avui.cat\/pepmoliner\/2021\/09\/27\/tornem-a-caminar-i-correr-a-can-mossenaire\/","url_meta":{"origin":4604,"position":3},"title":"Tornem a caminar i c\u00f3rrer, a Can Mossenaire","author":"Pep Moliner","date":"27 de setembre de 2021","format":false,"excerpt":"Can Mossenaire, \u00e9s un lloc on es respira Esport, estimaci\u00f3 a la natura i amistat. Tamb\u00e9 en neixen de noves i el que ens agrada, \u00e9s petar la xerrada i fer-nos costat els uns als altres. Sempre ens ve alguna persona nova, i esdev\u00e9 Mossenaire Nova. El vessant de les\u2026","rel":"","context":"A &quot;Amistat&quot;","block_context":{"text":"Amistat","link":"https:\/\/blogs.avui.cat\/pepmoliner\/category\/amistat\/"},"img":{"alt_text":"","src":"https:\/\/i0.wp.com\/1.bp.blogspot.com\/-LTFRZ7KhM9s\/YVHmefh6DwI\/AAAAAAAAedM\/_gnY4SSX5p82sz1RpJimVLM4tsQtCO1rgCLcBGAsYHQ\/w300-h400\/141-19a-Mossenaire_21al27setembre2021-MartaCirera.jpg?resize=350%2C200&ssl=1","width":350,"height":200},"classes":[]},{"id":4791,"url":"https:\/\/blogs.avui.cat\/pepmoliner\/2018\/10\/17\/4791\/","url_meta":{"origin":4604,"position":4},"title":"N\u00favol a Can Mossenaire","author":"Pep Moliner","date":"17 d'octubre de 2018","format":false,"excerpt":"L'hurac\u00e0 Leslie encara ens ha deixat fer de Mossenaires, com tots els dissabtes, i era una not\u00edcia preocupant. Incl\u00fas les fotos mostren com si el cel ja ens adverteix que passaran coses. Fins diumenge, que realment van caure x\u00e0fecs i va haver-hi ventades. Vam fer un entrenament seguint l'anella verda\u2026","rel":"","context":"A &quot;Amistat&quot;","block_context":{"text":"Amistat","link":"https:\/\/blogs.avui.cat\/pepmoliner\/category\/amistat\/"},"img":{"alt_text":"","src":"","width":0,"height":0},"classes":[]},{"id":4564,"url":"https:\/\/blogs.avui.cat\/pepmoliner\/2017\/08\/23\/agost-mossenaire\/","url_meta":{"origin":4604,"position":5},"title":"Agost Mossenaire","author":"Pep Moliner","date":"23 d'agost de 2017","format":false,"excerpt":"El torrent de Gotelles ha estat el circuit triat per en Paco Barcia, al qui deman\u00e0vem es fes c\u00e0rrec del grup avui i no perdre la continu\u00eftat en el nostre projecte on es busca la solidaritat, amistat, amor a la natura i gaudir d'una bona xerrada mentre fem una mica\u2026","rel":"","context":"A &quot;Amistat&quot;","block_context":{"text":"Amistat","link":"https:\/\/blogs.avui.cat\/pepmoliner\/category\/amistat\/"},"img":{"alt_text":"","src":"","width":0,"height":0},"classes":[]}],"_links":{"self":[{"href":"https:\/\/blogs.avui.cat\/pepmoliner\/wp-json\/wp\/v2\/posts\/4604","targetHints":{"allow":["GET"]}}],"collection":[{"href":"https:\/\/blogs.avui.cat\/pepmoliner\/wp-json\/wp\/v2\/posts"}],"about":[{"href":"https:\/\/blogs.avui.cat\/pepmoliner\/wp-json\/wp\/v2\/types\/post"}],"author":[{"embeddable":true,"href":"https:\/\/blogs.avui.cat\/pepmoliner\/wp-json\/wp\/v2\/users\/171"}],"replies":[{"embeddable":true,"href":"https:\/\/blogs.avui.cat\/pepmoliner\/wp-json\/wp\/v2\/comments?post=4604"}],"version-history":[{"count":1,"href":"https:\/\/blogs.avui.cat\/pepmoliner\/wp-json\/wp\/v2\/posts\/4604\/revisions"}],"predecessor-version":[{"id":4605,"href":"https:\/\/blogs.avui.cat\/pepmoliner\/wp-json\/wp\/v2\/posts\/4604\/revisions\/4605"}],"wp:attachment":[{"href":"https:\/\/blogs.avui.cat\/pepmoliner\/wp-json\/wp\/v2\/media?parent=4604"}],"wp:term":[{"taxonomy":"category","embeddable":true,"href":"https:\/\/blogs.avui.cat\/pepmoliner\/wp-json\/wp\/v2\/categories?post=4604"},{"taxonomy":"post_tag","embeddable":true,"href":"https:\/\/blogs.avui.cat\/pepmoliner\/wp-json\/wp\/v2\/tags?post=4604"}],"curies":[{"name":"wp","href":"https:\/\/api.w.org\/{rel}","templated":true}]}}