{"id":4572,"date":"2017-09-06T20:07:37","date_gmt":"2017-09-06T19:07:37","guid":{"rendered":"http:\/\/blogs.avui.cat\/pepmoliner\/?p=4572"},"modified":"2017-09-15T19:31:39","modified_gmt":"2017-09-15T18:31:39","slug":"nova-temporada-mossenaire-201718","status":"publish","type":"post","link":"https:\/\/blogs.avui.cat\/pepmoliner\/2017\/09\/06\/nova-temporada-mossenaire-201718\/","title":{"rendered":"Nova temporada Mossenaire 2017\/18"},"content":{"rendered":"<h3><span style=\"color: #800000\"><em>La temporada atl\u00e8tica comen\u00e7a ara i la temporada 2017\/18 l&#8217;encetem avui entrenant plegades i plegats. Hem descobert que els \u00e8xits que aneu aconseguint s\u00f3n en part de tots, donat que ens alegrem sempre que gr\u00e0cies al vostre esfor\u00e7, segur que fareu grans coses, i si algun dia no us va prou b\u00e9, en aquest esport tenim noves oportunitats. Per aix\u00f2 &#8220;Mossenaires&#8221; us desitja una bona temporada.<\/em><\/span><\/h3>\n<h3><span style=\"color: #800000\"><em>L&#8217;entrenament ha anat per camins amples i coneguts, que ens permeten fer all\u00f2 que tant ens agrada: esport i conversa. Gaudir dels paisatges que ens envolten, mentre fem salut pels voltants d&#8217;aquestes dues grans ciutats, Sabadell i Terrassa i el gran poble de Matadepera, que \u00e9s per on es desenvolupen els nostres entrenaments.<\/em><\/span><\/h3>\n<h3><span style=\"color: #800000\"><em>Avui hem fet estada a la Font de l&#8217;Argelaguet, que \u00e9s un rac\u00f3 que ens encantava abans molt m\u00e9s, quan la ventada ens va tombar preciosos arbres, per\u00f2 que encara \u00e9s el nostre rac\u00f3.<\/em><\/span><\/h3>\n<h3><span style=\"color: #800000\"><em>Com \u00e9s costum, vosaltres ens porteu sempre amigues i amics i la fam\u00edlia no para de cr\u00e9ixer i gaireb\u00e9 sempre ens ve alguna persona nova que ens ve a con\u00e8ixer.<\/em><\/span><\/h3>\n<h3><span style=\"color: #800000\"><em>Tenim el costum de buscar circuits prop dels 10 quil\u00f2metres i gaireb\u00e9 sempre ho aconseguim, i amb el Mossenaire d&#8217;Honor, ampliem el coneixement d&#8217;amb qui tenim la sort d&#8217;haver entrenat i passegem la bandera que aviat portar\u00e0 mil quil\u00f2metres a l&#8217;esquena, d&#8217;en\u00e7\u00e0 que la vam estrenar.<\/em><\/span><\/h3>\n<h3><span style=\"color: #800000\"><em>Gr\u00e0cies per tot i us esperem tots els dissabtes de l&#8217;any a les 08:00 i sense cap mena de comprom\u00eds.<\/em><\/span><\/h3>\n<p><img data-recalc-dims=\"1\" decoding=\"async\" src=\"https:\/\/i0.wp.com\/4.bp.blogspot.com\/-OHTPRbnY2QA\/WbATFtvmuPI\/AAAAAAAAI9A\/ej9ELRbuqpgEO0Sb5ymKUlT9UCk5IWmMACLcBGAs\/s800\/Mossenaires_02Setembre17-008.jpg?ssl=1\" border=\"0\" \/><br \/>\nPreparats, llestos&#8230; !!!<\/p>\n<p><img data-recalc-dims=\"1\" decoding=\"async\" src=\"https:\/\/i0.wp.com\/1.bp.blogspot.com\/-Dc7Vu5H_S3M\/WbATAgi5W4I\/AAAAAAAAI8g\/AXRU6u5FlnceVMfFtso5jPCac3SVm3G_gCLcBGAs\/s800\/Mossenaires_02Setembre17.jpg?ssl=1\" border=\"0\" \/><\/p>\n<p><img data-recalc-dims=\"1\" decoding=\"async\" src=\"https:\/\/i0.wp.com\/3.bp.blogspot.com\/-QmybUIZWCUc\/WbATEEoDbQI\/AAAAAAAAI8w\/yXKwYil6U7Y_SCycfC5EgxsoOxEVIg9GwCLcBGAs\/s800\/Mossenaires_02Setembre17-001.jpg?ssl=1\" border=\"0\" \/><br \/>\nAl costat de l&#8217;amic que ens el va presentar, en David, nominem a &#8220;Mossenaire d&#8217;Honor&#8221; a en Khalid Ammari. Enhorabona!!<\/p>\n<p><img data-recalc-dims=\"1\" decoding=\"async\" src=\"https:\/\/i0.wp.com\/2.bp.blogspot.com\/-4GKSiqt6SGE\/WbATEM56azI\/AAAAAAAAI8o\/wa9C6MWuxrQr60w-YChg6oqIJbUpwhYMQCLcBGAs\/s800\/Mossenaires_02Setembre17-002.jpg?ssl=1\" border=\"0\" \/><br \/>\nKhalid Ammari<\/p>\n<p><img data-recalc-dims=\"1\" decoding=\"async\" src=\"https:\/\/i0.wp.com\/1.bp.blogspot.com\/-ST0GLjPJu_Q\/WbATECSjFjI\/AAAAAAAAI8k\/vce4vLlaWn8Mnqh3TJEVSzb63iNyyryxQCLcBGAs\/s800\/Mossenaires_02Setembre17-003.jpg?ssl=1\" border=\"0\" \/><br \/>\nKhalid Ammari, nominat!!<\/p>\n<p><img data-recalc-dims=\"1\" decoding=\"async\" src=\"https:\/\/i0.wp.com\/1.bp.blogspot.com\/-eQw6w36pW5U\/WbATEW_uxBI\/AAAAAAAAI8s\/v48rnDNwy90Tvz_ULtn5AqkxhLxefy6jgCLcBGAs\/s800\/Mossenaires_02Setembre17-004.jpg?ssl=1\" border=\"0\" \/><br \/>\nAl costat d&#8217;en Carmelo,, Khalid llegeix el nostre agraiment<\/p>\n<p><img data-recalc-dims=\"1\" decoding=\"async\" src=\"https:\/\/i0.wp.com\/3.bp.blogspot.com\/-A09y_3ng9_U\/WbATEgO0ONI\/AAAAAAAAI80\/i2Y-ZS0PR8gpBXXro3vu0YHbg2D3B7c5ACLcBGAs\/s800\/Mossenaires_02Setembre17-005.jpg?ssl=1\" border=\"0\" \/><br \/>\nI ens fa molt\u00edssima il\u00b7lusi\u00f3 que en Miguel pugui tornar a c\u00f3rrer al nostre costat i a m\u00e9s ens portar\u00e0 elegantment la nostra bandera. Gr\u00e0cies<\/p>\n<p><img data-recalc-dims=\"1\" decoding=\"async\" src=\"https:\/\/i0.wp.com\/2.bp.blogspot.com\/-jVKqXA0MJmI\/WbATEp3X_xI\/AAAAAAAAI88\/Q2yQDE1QEAQJIQNUc0nsYb_lLnTrhUXugCLcBGAs\/s800\/Mossenaires_02Setembre17-006.jpg?ssl=1\" border=\"0\" \/><br \/>\n<a class=\"postlink\" href=\"http:\/\/mossenhoms.netfreehost.com\/mossenhoms-post-13587.html#13587\" target=\"_blank\" rel=\"noopener noreferrer\">Miguel Sampietro\u00a0<\/a><\/p>\n<p>[img][\/img]<br \/>\n<a class=\"postlink\" href=\"http:\/\/mossenhoms.netfreehost.com\/mossenhoms-post-13587.html#13587\" target=\"_blank\" rel=\"noopener noreferrer\">Miguel Sampietro\u00a0<\/a>el nostra bandera, al costat d&#8217;en Sebas i Manolo<\/p>\n<p><img data-recalc-dims=\"1\" decoding=\"async\" src=\"https:\/\/i0.wp.com\/2.bp.blogspot.com\/-cAn7EFkb-z8\/WbATFBloDJI\/AAAAAAAAI84\/ywpBoPbgKbMs6kXHhmTyQju4cl416rSJwCLcBGAs\/s800\/Mossenaires_02Setembre17-007.jpg?ssl=1\" border=\"0\" \/><\/p>\n<p><img data-recalc-dims=\"1\" decoding=\"async\" src=\"https:\/\/i0.wp.com\/1.bp.blogspot.com\/-3_VPxOhguBs\/WbATFvo9fSI\/AAAAAAAAI9E\/AoJ5dtqFwWQjEe70ILkW3sMZ3jgRLOmhQCLcBGAs\/s800\/Mossenaires_02Setembre17-009.jpg?ssl=1\" border=\"0\" \/><\/p>\n<p><img data-recalc-dims=\"1\" decoding=\"async\" src=\"https:\/\/i0.wp.com\/3.bp.blogspot.com\/-uwhl8-gxBf8\/WbATF_7wFfI\/AAAAAAAAI9I\/n_Mn0qnvgFwu-GpVt-nqDZ5_CkjvEuxvwCLcBGAs\/s800\/Mossenaires_02Setembre17-010.jpg?ssl=1\" border=\"0\" \/><br \/>\nI de la m\u00e0 d&#8217;en Gaby, avui ens ve una nova mossenaire. La Manuela<\/p>\n<p><img data-recalc-dims=\"1\" decoding=\"async\" src=\"https:\/\/i0.wp.com\/4.bp.blogspot.com\/-fZ3eQNTYOtw\/WbATFyHcIxI\/AAAAAAAAI9M\/0I1f9N5slNEXUBfIhSdwtox9n_LaepafQCLcBGAs\/s800\/Mossenaires_02Setembre17-011.jpg?ssl=1\" border=\"0\" \/><br \/>\nKhalid amunt i avall sense parar<\/p>\n<p><img data-recalc-dims=\"1\" decoding=\"async\" src=\"https:\/\/i0.wp.com\/2.bp.blogspot.com\/-PQjzWwDFZHA\/WbATF5g86II\/AAAAAAAAI9Q\/nTj71BM1AG49czcYaRvAONu2xDHUnEK2wCLcBGAs\/s800\/Mossenaires_02Setembre17-012.jpg?ssl=1\" border=\"0\" \/><br \/>\nJordi, Inma, Juan Miguel, Manolo, Carlos<\/p>\n<p><img data-recalc-dims=\"1\" decoding=\"async\" src=\"https:\/\/i0.wp.com\/3.bp.blogspot.com\/-WMWrWoSvHW4\/WbATGNRLCPI\/AAAAAAAAI9U\/G6gb9bxrl3gEzE7uw-Qg88OuC3yK4rTjQCLcBGAs\/s800\/Mossenaires_02Setembre17-013.jpg?ssl=1\" border=\"0\" \/><br \/>\nEn Francesc que ve expressament des de Montorn\u00e8s amb en Javier (pinelli31)<\/p>\n<p><img data-recalc-dims=\"1\" decoding=\"async\" src=\"https:\/\/i0.wp.com\/3.bp.blogspot.com\/-iV7sXWak9tQ\/WbATGSVsxpI\/AAAAAAAAI9Y\/IQOfSy9-1bwBaf3vOcfI3ijrc78VqNJMACLcBGAs\/s800\/Mossenaires_02Setembre17-014.jpg?ssl=1\" border=\"0\" \/><\/p>\n<p><img data-recalc-dims=\"1\" decoding=\"async\" src=\"https:\/\/i0.wp.com\/3.bp.blogspot.com\/-hpx-rOKZEa8\/WbATGnvSB3I\/AAAAAAAAI9c\/YO5VA6yBL4EMUk_N37dWFgC7cn36c9x2gCLcBGAs\/s800\/Mossenaires_02Setembre17-015.jpg?ssl=1\" border=\"0\" \/><br \/>\nOscar: Mossenaire Nou amb la seva Noa<\/p>\n<p><img data-recalc-dims=\"1\" decoding=\"async\" src=\"https:\/\/i0.wp.com\/3.bp.blogspot.com\/-rCED-mCaCkw\/WbATHH05HHI\/AAAAAAAAI9g\/KUzumnclIPk-WOJk65Tz5V3gqw8vGR7zQCLcBGAs\/s800\/Mossenaires_02Setembre17-016.jpg?ssl=1\" border=\"0\" \/><br \/>\nI en Francisco fa de &#8220;Mossenaire&#8221; amunt i avall<\/p>\n<p><img data-recalc-dims=\"1\" decoding=\"async\" src=\"https:\/\/i0.wp.com\/1.bp.blogspot.com\/-mtEedXEtsvs\/WbATHnnVZEI\/AAAAAAAAI9k\/VqIJaKYg02sW-Qm81Cpct0O8Y2H9dSPMQCLcBGAs\/s800\/Mossenaires_02Setembre17-017.jpg?ssl=1\" border=\"0\" \/><br \/>\nI l&#8217;Anna tamb\u00e9 cap a la cua<\/p>\n<p><img data-recalc-dims=\"1\" decoding=\"async\" src=\"https:\/\/i0.wp.com\/4.bp.blogspot.com\/-mFb2uucnoqQ\/WbATIBtfbsI\/AAAAAAAAI9o\/Rtavbng8bZEIegDay8MW1F11YYIfsoSRACLcBGAs\/s800\/Mossenaires_02Setembre17-018.jpg?ssl=1\" border=\"0\" \/><br \/>\nI ens reagrupem amb en Khalid<\/p>\n<p><img data-recalc-dims=\"1\" decoding=\"async\" src=\"https:\/\/i0.wp.com\/1.bp.blogspot.com\/-XlPyLqoeWoQ\/WbATIkGGWhI\/AAAAAAAAI9s\/56--AINaqw4MB_x1X12GOCsPerG8gIzxgCLcBGAs\/s800\/Mossenaires_02Setembre17-019.jpg?ssl=1\" border=\"0\" \/><\/p>\n<p><img data-recalc-dims=\"1\" decoding=\"async\" src=\"https:\/\/i0.wp.com\/4.bp.blogspot.com\/-iIMNHWLJE7Y\/WbATJMCyopI\/AAAAAAAAI9w\/NTGo5elsxOEEEGM0b4CdTliGK6tVWjqqwCLcBGAs\/s800\/Mossenaires_02Setembre17-020.jpg?ssl=1\" border=\"0\" \/><br \/>\nEn Carmelo tamb\u00e9 amunt i avall<\/p>\n<p><img data-recalc-dims=\"1\" decoding=\"async\" src=\"https:\/\/i0.wp.com\/4.bp.blogspot.com\/-7WYkVBZB29Q\/WbATJnj8RsI\/AAAAAAAAI94\/cftqWRTymxcllbDVY4J25fXCFbwwtorlQCLcBGAs\/s800\/Mossenaires_02Setembre17-021.jpg?ssl=1\" border=\"0\" \/><br \/>\nJa hi som totes i tots<\/p>\n<p><img data-recalc-dims=\"1\" decoding=\"async\" src=\"https:\/\/i0.wp.com\/2.bp.blogspot.com\/-eZgzrewlcSA\/WbATKB3_FDI\/AAAAAAAAI90\/7VApBDogFf4ke5Cg8XMR1l433CpJKTLqACLcBGAs\/s800\/Mossenaires_02Setembre17-022.jpg?ssl=1\" border=\"0\" \/><br \/>\nI sense bicicleta, hi tornem<\/p>\n<p><img data-recalc-dims=\"1\" decoding=\"async\" src=\"https:\/\/i0.wp.com\/2.bp.blogspot.com\/-n5ZAy9OT2hY\/WbATKmCf1fI\/AAAAAAAAI98\/TUyYSz4ngIkWGEqCRYROXiR_430mFq3YwCLcBGAs\/s800\/Mossenaires_02Setembre17-023.jpg?ssl=1\" border=\"0\" \/><br \/>\nI aquesta parella, tamb\u00e9 fent esport. Nom\u00e9s cal veure les sabatilles de la senyora<\/p>\n<p><img data-recalc-dims=\"1\" decoding=\"async\" src=\"https:\/\/i0.wp.com\/1.bp.blogspot.com\/-MMuZ4-APtc8\/WbATKiyPd4I\/AAAAAAAAI-I\/4flvnv2wYu0norkczrwA51aNVOOnrV5SwCLcBGAs\/s800\/Mossenaires_02Setembre17-024.jpg?ssl=1\" border=\"0\" \/><br \/>\nL&#8217;Anna i en Javi, amb un bonic fons<\/p>\n<p><img data-recalc-dims=\"1\" decoding=\"async\" src=\"https:\/\/i0.wp.com\/1.bp.blogspot.com\/-AiXNnYKaHqk\/WbATK2tsDaI\/AAAAAAAAI-A\/fhhFR543VQYgsnrCDFMVyT_Ol8kEL88hACLcBGAs\/s800\/Mossenaires_02Setembre17-025.jpg?ssl=1\" border=\"0\" \/><br \/>\nFrancisco amb aquest bonic fons, i cap a buscar a qui ve m\u00e9s endarrerit<\/p>\n<p><img data-recalc-dims=\"1\" decoding=\"async\" src=\"https:\/\/i0.wp.com\/1.bp.blogspot.com\/-NmiaDCF-d5o\/WbATLM551zI\/AAAAAAAAI-E\/X-LsCw_RLbQ747Zwi_9yaYBFoeZdZVO9QCLcBGAs\/s800\/Mossenaires_02Setembre17-026.jpg?ssl=1\" border=\"0\" \/><br \/>\nLa N\u00faria ens ensenya unes claus de cotxe; de qui seran?<br \/>\nHo sabeu? jo si<\/p>\n<p><img data-recalc-dims=\"1\" decoding=\"async\" src=\"https:\/\/i0.wp.com\/2.bp.blogspot.com\/-o-bTO1ec5GE\/WbATLT_fOQI\/AAAAAAAAI-M\/v1Bql1IoL_QmbmrPfToJPkk0QYViwvSOgCLcBGAs\/s800\/Mossenaires_02Setembre17-027.jpg?ssl=1\" border=\"0\" \/><br \/>\nI cap a la cua tamb\u00e9 hi van en Carmelo i en Khalid<\/p>\n<p><img data-recalc-dims=\"1\" decoding=\"async\" src=\"https:\/\/i0.wp.com\/2.bp.blogspot.com\/-qHB-E_DFDgI\/WbATLm1C5UI\/AAAAAAAAI-Q\/B7UDDzWXCbccDbaIUDFFJl7GCsQSIi8_QCLcBGAs\/s800\/Mossenaires_02Setembre17-028.jpg?ssl=1\" border=\"0\" \/><br \/>\nI ja ve la flamant cua<\/p>\n<p><img data-recalc-dims=\"1\" decoding=\"async\" src=\"https:\/\/i0.wp.com\/3.bp.blogspot.com\/-DfSCJloa7kM\/WbATMFBiMOI\/AAAAAAAAI-U\/JbL5EaNEmVsRkBa2_3MNVtCDkkyuxNcoACLcBGAs\/s800\/Mossenaires_02Setembre17-029.jpg?ssl=1\" border=\"0\" \/><br \/>\nReagrupament<\/p>\n<p><img data-recalc-dims=\"1\" decoding=\"async\" src=\"https:\/\/i0.wp.com\/1.bp.blogspot.com\/-fC0W_m5Y-rw\/WbATMnRilJI\/AAAAAAAAI-Y\/IvT_ACKDVuEgpv_7fXsWZJ-E8zpScx09QCLcBGAs\/s800\/Mossenaires_02Setembre17-030.jpg?ssl=1\" border=\"0\" \/><br \/>\nDavid<\/p>\n<p><img data-recalc-dims=\"1\" decoding=\"async\" src=\"https:\/\/i0.wp.com\/3.bp.blogspot.com\/-jeuvzQrYt3k\/WbATNDnd4FI\/AAAAAAAAI-c\/MBfjsKnJzWUo7mVkuTqekQCMSOCTSPhBACLcBGAs\/s800\/Mossenaires_02Setembre17-031.jpg?ssl=1\" border=\"0\" \/><br \/>\nEn Jordi<\/p>\n<p><img data-recalc-dims=\"1\" decoding=\"async\" src=\"https:\/\/i0.wp.com\/2.bp.blogspot.com\/-wV3S7ygddOM\/WbATNsMIxAI\/AAAAAAAAI-g\/em4FL1Q_lpUbTj4At2HXRQsslJiwGZb-gCLcBGAs\/s800\/Mossenaires_02Setembre17-032.jpg?ssl=1\" border=\"0\" \/><br \/>\nI arribem al reagrupament<\/p>\n<p><img data-recalc-dims=\"1\" decoding=\"async\" src=\"https:\/\/i0.wp.com\/2.bp.blogspot.com\/-byy4LDwSZu4\/WbATOIIh2DI\/AAAAAAAAI-o\/ftRZsqKs9ukN2ib6SwhsdXBcqiFXpeJxgCLcBGAs\/s800\/Mossenaires_02Setembre17-033.jpg?ssl=1\" border=\"0\" \/><\/p>\n<p><img data-recalc-dims=\"1\" decoding=\"async\" src=\"https:\/\/i0.wp.com\/1.bp.blogspot.com\/-c1PU1JAs7GE\/WbATOnXUZnI\/AAAAAAAAI-k\/fPzezrVZhD8aLzFanOuJs4LMWdsSPcXIgCLcBGAs\/s800\/Mossenaires_02Setembre17-034.jpg?ssl=1\" border=\"0\" \/><\/p>\n<p><img data-recalc-dims=\"1\" decoding=\"async\" src=\"https:\/\/i0.wp.com\/3.bp.blogspot.com\/-I2zL5x_IDNY\/WbATPGSnr0I\/AAAAAAAAI-s\/-D787PbJn8AnHTslHc-NxUblanR9qoqxACLcBGAs\/s800\/Mossenaires_02Setembre17-035.jpg?ssl=1\" border=\"0\" \/><br \/>\nContinua l&#8217;entrenament en grup<\/p>\n<p><img data-recalc-dims=\"1\" decoding=\"async\" src=\"https:\/\/i0.wp.com\/4.bp.blogspot.com\/-z069Kx5--GI\/WbATPKLzSaI\/AAAAAAAAI-w\/c3zx6S0SNPEphV9sjIYZZfu5gfDnTvqwQCLcBGAs\/s800\/Mossenaires_02Setembre17-036.jpg?ssl=1\" border=\"0\" \/><\/p>\n<p><img data-recalc-dims=\"1\" decoding=\"async\" src=\"https:\/\/i0.wp.com\/2.bp.blogspot.com\/-oc-f4koo0DA\/WbATPclyKhI\/AAAAAAAAI-0\/Wz6dEnzohO8kbdP_oTJUvgZqfLWTOYPSACLcBGAs\/s800\/Mossenaires_02Setembre17-037.jpg?ssl=1\" border=\"0\" \/><\/p>\n<p><img data-recalc-dims=\"1\" decoding=\"async\" src=\"https:\/\/i0.wp.com\/1.bp.blogspot.com\/-l9AlNeGGrqo\/WbATPqoveYI\/AAAAAAAAI_A\/HRR96IdI_VYUJP5OGREs9lNBsIKC7lq6QCLcBGAs\/s800\/Mossenaires_02Setembre17-038.jpg?ssl=1\" border=\"0\" \/><\/p>\n<p><img data-recalc-dims=\"1\" decoding=\"async\" src=\"https:\/\/i0.wp.com\/2.bp.blogspot.com\/-FR7irx8o03U\/WbATPoEm49I\/AAAAAAAAI-4\/bP2UwWTAjpsJjVU5HoY-4Q9UcrflHsiWgCLcBGAs\/s800\/Mossenaires_02Setembre17-039.jpg?ssl=1\" border=\"0\" \/><br \/>\n&#8220;Los amigos de Miguel&#8221;, \u00e9s com fa quinze anys que fa que ens veiem i venen de Can Llong, amb el Pascual de vermell<br \/>\n<img data-recalc-dims=\"1\" decoding=\"async\" src=\"https:\/\/i0.wp.com\/2.bp.blogspot.com\/-HasHS559gkA\/WbATPjO7FcI\/AAAAAAAAI-8\/cQ_6oZ9OWTcJIb5zwMPcIYHcaqOJz0HGACLcBGAs\/s800\/Mossenaires_02Setembre17-040.jpg?ssl=1\" border=\"0\" \/><\/p>\n<p><img data-recalc-dims=\"1\" decoding=\"async\" src=\"https:\/\/i0.wp.com\/4.bp.blogspot.com\/-S3HOc7cjhj0\/WbATP599AeI\/AAAAAAAAI_E\/8Vx_oRNCktw7pOCdKQ482_xLXI2MXuzMwCLcBGAs\/s800\/Mossenaires_02Setembre17-041.jpg?ssl=1\" border=\"0\" \/><br \/>\nEn Joan i en Sebas, elegantment vestits<\/p>\n<p><img data-recalc-dims=\"1\" decoding=\"async\" src=\"https:\/\/i0.wp.com\/1.bp.blogspot.com\/-74H1IHK6EuE\/WbATQTAshYI\/AAAAAAAAI_I\/QoO7_iV4m_kG1f1mbhgjhX1L-KLuyzLhgCLcBGAs\/s800\/Mossenaires_02Setembre17-042.jpg?ssl=1\" border=\"0\" \/><br \/>\nEn Jordi i en\u00a0<a class=\"postlink\" href=\"http:\/\/mossenhoms.netfreehost.com\/mossenhoms-post-12920.html#12920\" target=\"_blank\" rel=\"noopener noreferrer\">Toni Amela\u00a0<\/a><\/p>\n<p><img data-recalc-dims=\"1\" decoding=\"async\" src=\"https:\/\/i0.wp.com\/3.bp.blogspot.com\/-0nQA-zU3a5I\/WbATQmvZK-I\/AAAAAAAAI_M\/KenHMixgIuYTWPCP5dOceUXXen43vbdnQCLcBGAs\/s800\/Mossenaires_02Setembre17-043.jpg?ssl=1\" border=\"0\" \/><br \/>\nLes nostres Mossenaires, la Dolores i la Manuela<\/p>\n<p><img data-recalc-dims=\"1\" decoding=\"async\" src=\"https:\/\/i0.wp.com\/1.bp.blogspot.com\/-2xSXsdlpwqU\/WbATRLOijJI\/AAAAAAAAI_Q\/aZCvM8ff2qQi4OwGvDuUO1MFy8Ro3dd4gCLcBGAs\/s800\/Mossenaires_02Setembre17-044.jpg?ssl=1\" border=\"0\" \/><br \/>\nLa recta t'&#8221;H\u00edpica&#8221;<\/p>\n<p><img data-recalc-dims=\"1\" decoding=\"async\" src=\"https:\/\/i0.wp.com\/1.bp.blogspot.com\/-lZXHRDxmUsk\/WbATRgyeNcI\/AAAAAAAAI_U\/5Mg7bl8nruc1lIZETjSvWexrZlbI9JqrACLcBGAs\/s800\/Mossenaires_02Setembre17-045.jpg?ssl=1\" border=\"0\" \/><br \/>\nLa recta t'&#8221;H\u00edpica amb el cavall<\/p>\n<p><img data-recalc-dims=\"1\" decoding=\"async\" src=\"https:\/\/i0.wp.com\/3.bp.blogspot.com\/-DxAUIP5fKg0\/WbATSGNBM4I\/AAAAAAAAI_Y\/1nV-NvYGG0EmvsP3egQYZX7k98pmWsJdwCLcBGAs\/s800\/Mossenaires_02Setembre17-046.jpg?ssl=1\" border=\"0\" \/><br \/>\nKhalid, se li noten condicions innates i va amunt i avall tota l&#8217;estona<\/p>\n<p><img data-recalc-dims=\"1\" decoding=\"async\" src=\"https:\/\/i0.wp.com\/3.bp.blogspot.com\/-_JNFunkpfGw\/WbATSh-WA0I\/AAAAAAAAI_g\/fNjfhA8-QQU7hEMmzEYNCqjN79MEDogYwCLcBGAs\/s800\/Mossenaires_02Setembre17-047.jpg?ssl=1\" border=\"0\" \/><\/p>\n<p><img data-recalc-dims=\"1\" decoding=\"async\" src=\"https:\/\/i0.wp.com\/4.bp.blogspot.com\/-VlN1Rnn-JNw\/WbATStDGFVI\/AAAAAAAAI_c\/3ZwqqgNCookrRaxaqhYw57PtlIzaS79EgCLcBGAs\/s800\/Mossenaires_02Setembre17-048.jpg?ssl=1\" border=\"0\" \/><\/p>\n<p><img data-recalc-dims=\"1\" decoding=\"async\" src=\"https:\/\/i0.wp.com\/4.bp.blogspot.com\/-uHcxeaVPvn0\/WbATSy-H28I\/AAAAAAAAI_k\/1G_MhQi7IBAF_2Ic0CWlVV9pOKpf5xnGgCLcBGAs\/s800\/Mossenaires_02Setembre17-049.jpg?ssl=1\" border=\"0\" \/><br \/>\nI mentre la N\u00faria i la Txell fan aturada recuperat\u00f2ria, arriba la cua<\/p>\n<p><img data-recalc-dims=\"1\" decoding=\"async\" src=\"https:\/\/i0.wp.com\/2.bp.blogspot.com\/-xKH4tikShks\/WbATTaUKkRI\/AAAAAAAAI_o\/3U-2sE_uwfwyIcLcXiy6jmzGJqj3WXKigCLcBGAs\/s800\/Mossenaires_02Setembre17-050.jpg?ssl=1\" border=\"0\" \/><br \/>\nLa Sandra i en V\u00edctor, a buscar la cua, amb en Francisco<\/p>\n<p><img data-recalc-dims=\"1\" decoding=\"async\" src=\"https:\/\/i0.wp.com\/4.bp.blogspot.com\/-9DjWby8M0SY\/WbATTy9tvcI\/AAAAAAAAI_s\/uJyfEVDv_ckCORKD_o-6MIZ4TbpGwl5-QCLcBGAs\/s800\/Mossenaires_02Setembre17-051.jpg?ssl=1\" border=\"0\" \/><\/p>\n<p><img data-recalc-dims=\"1\" decoding=\"async\" src=\"https:\/\/i0.wp.com\/4.bp.blogspot.com\/-MzCCbM8g84I\/WbATTw0__8I\/AAAAAAAAI_w\/37cbfOFIA_IfNH6rVVAL295rwbC4bqVeQCLcBGAs\/s800\/Mossenaires_02Setembre17-052.jpg?ssl=1\" border=\"0\" \/><br \/>\nUna bona colla que tamb\u00e9 hi va<\/p>\n<p><img data-recalc-dims=\"1\" decoding=\"async\" src=\"https:\/\/i0.wp.com\/2.bp.blogspot.com\/-MkUu8BMDxHA\/WbATUKmr3jI\/AAAAAAAAI_0\/yfFZDy2Yf9kUy-WDGr6kpat9PiVXYT4AgCLcBGAs\/s800\/Mossenaires_02Setembre17-053.jpg?ssl=1\" border=\"0\" \/><br \/>\nSebas<\/p>\n<p><img data-recalc-dims=\"1\" decoding=\"async\" src=\"https:\/\/i0.wp.com\/2.bp.blogspot.com\/-Wzrx0vacJ78\/WbATUKiZ4OI\/AAAAAAAAI_4\/wmBvK3foObkfRNNFJGy2EhX3cU1Pyl7CwCLcBGAs\/s800\/Mossenaires_02Setembre17-054.jpg?ssl=1\" border=\"0\" \/><br \/>\nLa Dolores<\/p>\n<p><img data-recalc-dims=\"1\" decoding=\"async\" src=\"https:\/\/i0.wp.com\/3.bp.blogspot.com\/-q47ZnN1a24o\/WbATUgYx1JI\/AAAAAAAAI_8\/g9JZhA4ufccsq-qWN9trdfBhZFyvxpjqACLcBGAs\/s800\/Mossenaires_02Setembre17-055.jpg?ssl=1\" border=\"0\" \/><\/p>\n<p><img data-recalc-dims=\"1\" decoding=\"async\" src=\"https:\/\/i0.wp.com\/1.bp.blogspot.com\/-5x5fb8aBV8A\/WbATnWyjohI\/AAAAAAAAJCc\/oRLWbSTESsIp3J16FYXjNXx46S4pUR3DwCLcBGAs\/s800\/Mossenaires_02Setembre17-056.jpg?ssl=1\" border=\"0\" \/><\/p>\n<p><img data-recalc-dims=\"1\" decoding=\"async\" src=\"https:\/\/i0.wp.com\/3.bp.blogspot.com\/-1rlsg-Q-jYg\/WbATXHq8F2I\/AAAAAAAAJAU\/hHx-MXqFVZIjEZcNcGPnupQ3jEr1iPskwCLcBGAs\/s800\/Mossenaires_02Setembre17-057.jpg?ssl=1\" border=\"0\" \/><br \/>\nI la bandera es comen\u00e7a a desplegar<\/p>\n<p><img data-recalc-dims=\"1\" decoding=\"async\" src=\"https:\/\/i0.wp.com\/1.bp.blogspot.com\/-EBnzYBoABa8\/WbATVKLNkPI\/AAAAAAAAJAA\/GutTydWh32YxNoJWJKvho4QUbkIMeNJ3ACLcBGAs\/s800\/Mossenaires_02Setembre17-058.jpg?ssl=1\" border=\"0\" \/><br \/>\nI en Gaby ens ha enviat v\u00e0ries fotografies que tamb\u00e9 posem. Gr\u00e0cies. Aqu\u00ed el moment en que agrairem a qui ha conduit a &#8220;Mossenaires&#8221; aquestes darreres setmanes<\/p>\n<p><img data-recalc-dims=\"1\" decoding=\"async\" src=\"https:\/\/i0.wp.com\/4.bp.blogspot.com\/-IGtfPN83fe8\/WbATVZZZVdI\/AAAAAAAAJAE\/4jpkqn5_wkguPok1v56cmRYdkK-ec9rOwCLcBGAs\/s800\/Mossenaires_02Setembre17-059.jpg?ssl=1\" border=\"0\" \/><br \/>\nGr\u00e0cies als que feu tan bonic aquest projecte<\/p>\n<p><img data-recalc-dims=\"1\" decoding=\"async\" src=\"https:\/\/i0.wp.com\/4.bp.blogspot.com\/-YmvOCkJlxaM\/WbATV99kUyI\/AAAAAAAAJAI\/VXZGJvFGG_41hpg4-5npuOULy6uDuirAQCLcBGAs\/s800\/Mossenaires_02Setembre17-060.jpg?ssl=1\" border=\"0\" \/><\/p>\n<p><img data-recalc-dims=\"1\" decoding=\"async\" src=\"https:\/\/i0.wp.com\/4.bp.blogspot.com\/-Jk9V-8WxAAM\/WbATWMJM9PI\/AAAAAAAAJAM\/CX7j0gmtg4s5JGTpGUbRQsKDYSVG71fzQCLcBGAs\/s800\/Mossenaires_02Setembre17-061.jpg?ssl=1\" border=\"0\" \/><\/p>\n<p><img data-recalc-dims=\"1\" decoding=\"async\" src=\"https:\/\/i0.wp.com\/2.bp.blogspot.com\/-1FccFM_SbQM\/WbATd8Ll0yI\/AAAAAAAAJBY\/wpeT9YE_RhYxYShUQZBy7uGvxBntysZ5ACLcBGAs\/s800\/Mossenaires_02Setembre17-062.jpg?ssl=1\" border=\"0\" \/><br \/>\nCarlos, Joan, Javi, Anna. Tamb\u00e9 als que no van poder venir, Eva i Olga. En definitiva a molta gent tamb\u00e9 que sens vosaltres del cert que no funcionaria<\/p>\n<p><img data-recalc-dims=\"1\" decoding=\"async\" src=\"https:\/\/i0.wp.com\/2.bp.blogspot.com\/-JmRiTDCL1SA\/WbATXaWnXcI\/AAAAAAAAJAY\/VOAp_I0KRGA4A-AW34SKR_VHUzg1YMfFACLcBGAs\/s800\/Mossenaires_02Setembre17-063.jpg?ssl=1\" border=\"0\" \/><br \/>\nMerescut aplaudiment<\/p>\n<p><img data-recalc-dims=\"1\" decoding=\"async\" src=\"https:\/\/i0.wp.com\/4.bp.blogspot.com\/-k1sdqtYNGpQ\/WbATX7gtbjI\/AAAAAAAAJAc\/MVbpIXn7LXsFJrIi_ibqqim61TE4IVowQCLcBGAs\/s800\/Mossenaires_02Setembre17-064.jpg?ssl=1\" border=\"0\" \/><br \/>\nI ara a &#8220;Mossenaires Nous&#8221;, Oscar, de taronja i la Manuela, de rosa<\/p>\n<p><img data-recalc-dims=\"1\" decoding=\"async\" src=\"https:\/\/i0.wp.com\/2.bp.blogspot.com\/-CDG5L9rSi3w\/WbATYFyTqjI\/AAAAAAAAJAg\/JDFp0CnKu9QFbgEl9nGvefrF0uC3fJRwACLcBGAs\/s800\/Mossenaires_02Setembre17-065.jpg?ssl=1\" border=\"0\" \/><br \/>\nI proclamem al Mossenaire d&#8217;Honor<\/p>\n<p><img data-recalc-dims=\"1\" decoding=\"async\" src=\"https:\/\/i0.wp.com\/3.bp.blogspot.com\/-cE-lM_7Ug_U\/WbATYjrCYGI\/AAAAAAAAJAk\/8FmZQcL53SAjqwlWZTzaQPQ3QAU3gQkjQCLcBGAs\/s800\/Mossenaires_02Setembre17-066.jpg?ssl=1\" border=\"0\" \/><br \/>\nQueda proclamat en Khalid Ammari. Enhorabona!!<\/p>\n<p><img data-recalc-dims=\"1\" decoding=\"async\" src=\"https:\/\/i0.wp.com\/4.bp.blogspot.com\/-y0phQ1Q50Jo\/WbATZCBpvwI\/AAAAAAAAJAo\/JdabOyjdk78K1-SOVgwJQlYcUUxy10Q3gCLcBGAs\/s800\/Mossenaires_02Setembre17-067.jpg?ssl=1\" border=\"0\" \/><\/p>\n<p><img data-recalc-dims=\"1\" decoding=\"async\" src=\"https:\/\/i0.wp.com\/2.bp.blogspot.com\/-xkdb8UnU518\/WbATZWS586I\/AAAAAAAAJAs\/oJgMOSdXaVcEz2HuJ_Y5AnEmV147rDLmgCLcBGAs\/s800\/Mossenaires_02Setembre17-068.jpg?ssl=1\" border=\"0\" \/><\/p>\n<p><img data-recalc-dims=\"1\" decoding=\"async\" src=\"https:\/\/i0.wp.com\/2.bp.blogspot.com\/-a7FC6ZMHcqI\/WbATaJdPy5I\/AAAAAAAAJA0\/qpsgQqwyhUs-V9tyWI3Tv4EHacMb96wmwCLcBGAs\/s800\/Mossenaires_02Setembre17-070.jpg?ssl=1\" border=\"0\" \/><br \/>\nI avui comencem la nova temporada atl\u00e8tica 2017\/18 a aquest raconet de la font de l&#8217;Argelaguet que tant ens agrada. Bona temporada!!!<\/p>\n<p><img data-recalc-dims=\"1\" decoding=\"async\" src=\"https:\/\/i0.wp.com\/1.bp.blogspot.com\/-2vjdp6r4RFY\/WbATcB2AeaI\/AAAAAAAAJBA\/84NsX56RhHw8Ng_cUgMrUDDDkiaw7R-AQCLcBGAs\/s800\/Mossenaires_02Setembre17-073.jpg?ssl=1\" border=\"0\" \/><\/p>\n<p><img data-recalc-dims=\"1\" decoding=\"async\" src=\"https:\/\/i0.wp.com\/4.bp.blogspot.com\/-SfHKzKzVrfc\/WbATchpsz5I\/AAAAAAAAJBI\/GsuQi0C4Y2AC3aaiSr0NkzMG5ERV2IY4wCLcBGAs\/s800\/Mossenaires_02Setembre17-074.jpg?ssl=1\" border=\"0\" \/><\/p>\n<p><img data-recalc-dims=\"1\" decoding=\"async\" src=\"https:\/\/i0.wp.com\/2.bp.blogspot.com\/-y2n6Pn8mLn0\/WbATciov-6I\/AAAAAAAAJBE\/dkp2brVVYMMxdtvYHIr2Cuzgmehp-k9kwCLcBGAs\/s800\/Mossenaires_02Setembre17-075.jpg?ssl=1\" border=\"0\" \/><br \/>\nI hem vist anar amunt i avall i no parar al nostre &#8220;Mossenaire Jove&#8221;, en Xavi. Gr\u00e0cies per venir!!!<\/p>\n<p><img data-recalc-dims=\"1\" decoding=\"async\" src=\"https:\/\/i0.wp.com\/2.bp.blogspot.com\/-4V5VHdRQf50\/WbATc4ghFZI\/AAAAAAAAJBM\/lGEg7FP6DrIJXIqWBVqJb8s0yjVXAVT3ACLcBGAs\/s800\/Mossenaires_02Setembre17-076.jpg?ssl=1\" border=\"0\" \/><\/p>\n<p><img data-recalc-dims=\"1\" decoding=\"async\" src=\"https:\/\/i0.wp.com\/4.bp.blogspot.com\/-p9rvHDCN-Sc\/WbATeYVyY8I\/AAAAAAAAJBg\/S5eypDVBZ6UgZUUovl57gPLTUciwziaJQCLcBGAs\/s800\/Mossenaires_02Setembre17-077.jpg?ssl=1\" border=\"0\" \/><\/p>\n<p><img data-recalc-dims=\"1\" decoding=\"async\" src=\"https:\/\/i0.wp.com\/3.bp.blogspot.com\/-QlqBvMpJbb8\/WbATdCMZdCI\/AAAAAAAAJBQ\/KAVq41e7x2YZKtqypQp_GOxNLyrKHEQCQCLcBGAs\/s800\/Mossenaires_02Setembre17-078.jpg?ssl=1\" border=\"0\" \/><br \/>\nJuan Miguel es refresca a la Font de l&#8217;Argelaguet<\/p>\n<p><img data-recalc-dims=\"1\" decoding=\"async\" src=\"https:\/\/i0.wp.com\/2.bp.blogspot.com\/-g3aqNSSiPas\/WbATdhK9CdI\/AAAAAAAAJBU\/UgGcIZ6ErgU7GMOJzSdoTmm-UlkoL1K_gCLcBGAs\/s800\/Mossenaires_02Setembre17-079.jpg?ssl=1\" border=\"0\" \/><br \/>\nSanti, de Sta. Perp\u00e8tua<\/p>\n<p><img data-recalc-dims=\"1\" decoding=\"async\" src=\"https:\/\/i0.wp.com\/1.bp.blogspot.com\/-ST36RlwytHE\/WbATfOWNJDI\/AAAAAAAAJBw\/n1hL3uWYmbcWjujq33t8VB0swkOgp-7PwCLcBGAs\/s800\/Mossenaires_02Setembre17-080.jpg?ssl=1\" border=\"0\" \/><br \/>\nSebas<\/p>\n<p><img data-recalc-dims=\"1\" decoding=\"async\" src=\"https:\/\/i0.wp.com\/1.bp.blogspot.com\/-T6ipfyVWxDw\/WbATeBBMSLI\/AAAAAAAAJBc\/Odv83N-q6OA9lyIW5dQ37XNaQs8kyoljACLcBGAs\/s800\/Mossenaires_02Setembre17-081.jpg?ssl=1\" border=\"0\" \/><br \/>\nJordi<\/p>\n<p><img data-recalc-dims=\"1\" decoding=\"async\" src=\"https:\/\/i0.wp.com\/2.bp.blogspot.com\/-g0atGe2gv_c\/WbATejIo8qI\/AAAAAAAAJBk\/HGwxTrMd1ywr7PwkfvV_ScXPBEuCGiGpQCLcBGAs\/s800\/Mossenaires_02Setembre17-082.jpg?ssl=1\" border=\"0\" \/><br \/>\nSandra<\/p>\n<p><img data-recalc-dims=\"1\" decoding=\"async\" src=\"https:\/\/i0.wp.com\/3.bp.blogspot.com\/-kHKAsnsuqN8\/WbATesfnlbI\/AAAAAAAAJBs\/QYiNKLrGgiEo6P6lF9N_fjNLWQE9JZLOACLcBGAs\/s800\/Mossenaires_02Setembre17-083.jpg?ssl=1\" border=\"0\" \/><br \/>\nXavi, el Mossenaire Jove<\/p>\n<p><img data-recalc-dims=\"1\" decoding=\"async\" src=\"https:\/\/i0.wp.com\/2.bp.blogspot.com\/-gIQKvye8jOo\/WbATe6lPJtI\/AAAAAAAAJBo\/qtRR5CLDYrYaVIVxVTCg3YWhnPmRhSiuACLcBGAs\/s800\/Mossenaires_02Setembre17-084.jpg?ssl=1\" border=\"0\" \/><br \/>\nFrancesc, el Mossenaire de Montorn\u00e8s<\/p>\n<p><img data-recalc-dims=\"1\" decoding=\"async\" src=\"https:\/\/i0.wp.com\/2.bp.blogspot.com\/-Sk-d0CBBj8s\/WbATgh1zIXI\/AAAAAAAAJCQ\/4cEY2SOSNWo1-YWMVhfE57bE4RXDEIt6gCLcBGAs\/s800\/Mossenaires_02Setembre17-085.jpg?ssl=1\" border=\"0\" \/><br \/>\nManolo i Carlos<\/p>\n<p><img data-recalc-dims=\"1\" decoding=\"async\" src=\"https:\/\/i0.wp.com\/1.bp.blogspot.com\/-52mfhs3JkUg\/WbATfeKLDtI\/AAAAAAAAJB0\/7HT3lqN_SjYyAU5l-lF_AibQpTjtAIPeACLcBGAs\/s800\/Mossenaires_02Setembre17-086.jpg?ssl=1\" border=\"0\" \/><br \/>\nTxell i V\u00edctor<\/p>\n<p><img data-recalc-dims=\"1\" decoding=\"async\" src=\"https:\/\/i0.wp.com\/1.bp.blogspot.com\/-SgpGpQ7g_qk\/WbATfQddFUI\/AAAAAAAAJB4\/FpKRsw5POfQvDEs7jPd0WnyF30zSOPPCACLcBGAs\/s800\/Mossenaires_02Setembre17-087.jpg?ssl=1\" border=\"0\" \/><br \/>\nAlbert<\/p>\n<p><img data-recalc-dims=\"1\" decoding=\"async\" src=\"https:\/\/i0.wp.com\/1.bp.blogspot.com\/-AknmUA0J3Sk\/WbATfjKS-6I\/AAAAAAAAJB8\/udw61eKgwesYLRaHXqerTrVRcKB7wkcKgCLcBGAs\/s800\/Mossenaires_02Setembre17-088.jpg?ssl=1\" border=\"0\" \/><br \/>\nKhalid<\/p>\n<p><img data-recalc-dims=\"1\" decoding=\"async\" src=\"https:\/\/i0.wp.com\/4.bp.blogspot.com\/-UUbJEMx-2uc\/WbATf21m5mI\/AAAAAAAAJCA\/Iu3eVhor_XkOoPXYeVPb4_QiPIsIqqyVACLcBGAs\/s800\/Mossenaires_02Setembre17-089.jpg?ssl=1\" border=\"0\" \/><br \/>\nQuina sorpresa que dos dels nostres protagonistes, el Mossenaire d&#8217;Honor i el Mossenaire Jove, Khalid i Xavi, arriben just quan passen aquests dos genets<\/p>\n<p><img data-recalc-dims=\"1\" decoding=\"async\" src=\"https:\/\/i0.wp.com\/3.bp.blogspot.com\/-vet9sIw1uNE\/WbATgHfVxyI\/AAAAAAAAJCE\/FOcaEfKxo6gaJekSbeJnXrsz-Nq6VhrwQCLcBGAs\/s800\/Mossenaires_02Setembre17-090.jpg?ssl=1\" border=\"0\" \/><br \/>\nUn bon record al costat de la font<\/p>\n<p><img data-recalc-dims=\"1\" decoding=\"async\" src=\"https:\/\/i0.wp.com\/2.bp.blogspot.com\/-asvtN9uVY6U\/WbATghzILXI\/AAAAAAAAJCU\/qcJL4176BGQlyEivTResu5z-G99FvOBiwCLcBGAs\/s800\/Mossenaires_02Setembre17-094.jpg?ssl=1\" border=\"0\" \/><br \/>\nAvui en Xavi ha fet un gran entrenament, prop del pare, en V\u00edctor. Dos grans atletes<\/p>\n<p><img data-recalc-dims=\"1\" decoding=\"async\" src=\"https:\/\/i0.wp.com\/2.bp.blogspot.com\/-Exsv9uNwrrY\/WbAThy5wN4I\/AAAAAAAAJCY\/Nzd3qXDsBfMYZcrl7W-vMTQ6b3Mb0tfTACLcBGAs\/s800\/Mossenaires_02Setembre17-093.jpg?ssl=1\" border=\"0\" \/><br \/>\nEn David ens ha dut aquests grans amics: Khalid, Andreu. Merci!!!<br \/>\nEn David volia fet una foto esglaonada: ell \u00e9s el menys alt. Gr\u00e0cies David!!!!<\/p>\n<p><a class=\"postlink\" href=\"https:\/\/www.strava.com\/activities\/1164641293\" target=\"_blank\" rel=\"noopener noreferrer\"><img data-recalc-dims=\"1\" decoding=\"async\" src=\"https:\/\/i0.wp.com\/2.bp.blogspot.com\/-hc3Kx9DAC6k\/WbBCOKwK0iI\/AAAAAAAAJCw\/B_WMYMPbKCEk16G8Kpkicp9EkgO03Zr3gCLcBGAs\/s800\/Mossenaires_02Setembre17-095.png?ssl=1\" border=\"0\" \/><\/a><\/p>\n<p><a href=\"https:\/\/www.strava.com\/activities\/1164641293\" target=\"_blank\" rel=\"noopener noreferrer\">https:\/\/www.strava.com\/activities\/1164641293<\/a><\/p>\n<p>&nbsp;<\/p>\n<h3><em><strong>En Khalid, com jo, viu a Can Palet: som Can Paletencs. Vol dir que som ve\u00efns.<\/strong><\/em><br \/>\n<em><strong> En\u00a0<a class=\"postlink\" href=\"http:\/\/mossenhoms.netfreehost.com\/viewtopic.php?p=13976&amp;mforum=mossenhoms#13976\" target=\"_blank\" rel=\"noopener noreferrer\">David Hern\u00e1ndez\u00a0<\/a>gaudeix i vol fer gaudir a la fam\u00edlia i amics i per aix\u00f2 estem molts agra\u00efts al que ens feu gran el projecte. Fa un seguit de setmanes que et veiem venir amb ganes i il\u00b7lusi\u00f3 i avui t&#8217;agra\u00efm que has volgut acceptar ser el nostre Mossenaire d&#8217;Honor i et volem desitjar tota mena d&#8217;\u00e8xits i gr\u00e0cies per donar-te a con\u00e8ixer.<\/strong><\/em><\/h3>\n<h3><em><strong><img data-recalc-dims=\"1\" decoding=\"async\" src=\"https:\/\/i0.wp.com\/3.bp.blogspot.com\/-gS80kmHEMUw\/WbATgFSWKYI\/AAAAAAAAJCI\/tvF1BSgvxfMNbH21rXfVyW_hn_K0pbTPgCLcBGAs\/s800\/Mossenaires_02Setembre17-091.jpg?ssl=1\" border=\"0\" \/><\/strong><\/em><\/h3>\n<h3><em><strong><img data-recalc-dims=\"1\" decoding=\"async\" src=\"https:\/\/i0.wp.com\/1.bp.blogspot.com\/-L_9fPM0p6r0\/WbATgW3pN8I\/AAAAAAAAJCM\/GCloQ2ZmDswuXT6-GD6tXOfarCgbeic_QCLcBGAs\/s800\/Mossenaires_02Setembre17-092.jpg?ssl=1\" border=\"0\" \/><\/strong><\/em><\/h3>\n<h3><span style=\"color: #0000ff\"><em><strong>Hola! Em presento s\u00f3c Khalid Ammari un xaval de 21 anys d&#8217;edat d&#8217;origen Marroc, que porto vivint a Terrassa, a Can Palet per ser m\u00e9s exacte, des dels 9 anys. De nen m&#8217;agradava jugar a futbol al parc amb els amics com molts nens i a mesura que anava creixent m&#8217;anava apartant del que \u00e9s l&#8217;esport poc a poc fins a no practicar cap esport.<\/strong><\/em><\/span><\/h3>\n<h3><span style=\"color: #0000ff\"><em><strong>Vaig comen\u00e7ar a sortir a c\u00f3rrer far\u00e0 un any, m\u00e9s o menys, sortia a c\u00f3rrer uns pocs km pel vallparadis un parell de vegades a la setmana per\u00f2 no vaig durar molt r\u00e0pidament m&#8217;he desmotivat, ja que ho feia sol i acabat deixant de fer-lo un mes i poc m\u00e9s despr\u00e9s de comen\u00e7ar. I aquest any a la feina em va tocar un molt bon company que parlant en general de tot i entre un dels temes va tocar el tema de c\u00f3rrer i li vaig comentar que tenia pensat comen\u00e7ar a sortir a c\u00f3rrer de nou. Aquest company em va motivar i em va comentar d&#8217;un grup de gent que surt a c\u00f3rrer tots els dissabtes on l&#8217;\u00fanic que interessa \u00e9s c\u00f3rrer passar-ho b\u00e9 sense cap obligaci\u00f3 i de manera gratu\u00efta em va convidar a participar un dissabte i vaig acceptar. I la veritat no em penedeixo d&#8217;haver acceptat i prova d&#8217;aix\u00f2 \u00e9s que ja va sent m\u00e9s d&#8217;un mes que vaig sempre que pugui. Aquest dissabte em va tocar ser mossenaire d&#8217;honor i estic encantat de ser-ho i de formar part d&#8217;un projecte tan bo. Els meus objectius per ara s\u00f3n c\u00f3rrer per estar en forma tenir bona salut i passar-ho b\u00e9 coneixent gent meravellosa com la que em trobo cada dissabte. Participar en curses per ara no ho havia pensat per\u00f2 segur que un futur espero fer-les quantes m\u00e9s, millor. Voldria acabar agraint a tots i cadascun de vosaltres per formar part d&#8217;un projecte com aquest on un es pot sentir molt a gust divertir-se corrent alhora que es coneix gent bella que et motiva a seguir per complir amb els teus objectius.<\/strong><\/em><\/span><\/h3>\n<h3><span style=\"color: #0000ff\"><em><strong>Moltes gr\u00e0cies a tots i totes!<\/strong><\/em><\/span><\/h3>\n<p>&nbsp;<\/p>\n","protected":false},"excerpt":{"rendered":"<p>La temporada atl\u00e8tica comen\u00e7a ara i la temporada 2017\/18 l&#8217;encetem avui entrenant plegades i plegats. Hem descobert que els \u00e8xits que aneu aconseguint s\u00f3n en part de tots, donat que ens alegrem sempre que gr\u00e0cies al vostre esfor\u00e7, segur que fareu grans coses, i si algun dia no us va prou b\u00e9, en aquest esport [&hellip;]<\/p>\n","protected":false},"author":171,"featured_media":0,"comment_status":"open","ping_status":"open","sticky":false,"template":"","format":"standard","meta":{"jetpack_post_was_ever_published":false,"_jetpack_newsletter_access":"","_jetpack_dont_email_post_to_subs":false,"_jetpack_newsletter_tier_id":0,"_jetpack_memberships_contains_paywalled_content":false,"_jetpack_memberships_contains_paid_content":false,"footnotes":"","jetpack_publicize_message":"","jetpack_publicize_feature_enabled":true,"jetpack_social_post_already_shared":false,"jetpack_social_options":{"image_generator_settings":{"template":"highway","default_image_id":0,"font":"","enabled":false},"version":2}},"categories":[2697,1644,25130,5580,1,4554,25102,25094],"tags":[2697,4656,25105,25130,25112,25126,25106,25094,73],"class_list":["post-4572","post","type-post","status-publish","format-standard","hentry","category-amistat","category-correr","category-correrxerrar","category-entrenaments","category-general","category-mossenaires","category-mossenhoms-be","category-pep-moliner","tag-amistat","tag-atletisme","tag-correr","tag-correrxerrar","tag-entrenament-en-grup","tag-entrenaments-torre-mossen-homs","tag-mossenaires","tag-pep-moliner","tag-terrassa"],"jetpack_publicize_connections":[],"jetpack_featured_media_url":"","jetpack_sharing_enabled":true,"jetpack_shortlink":"https:\/\/wp.me\/pagkiK-1bK","jetpack-related-posts":[{"id":4568,"url":"https:\/\/blogs.avui.cat\/pepmoliner\/2017\/08\/30\/sempre-rient-mossenaires\/","url_meta":{"origin":4572,"position":0},"title":"Sempre rient: &#8220;Mossenaires&#8221;","author":"Pep Moliner","date":"30 d'agost de 2017","format":false,"excerpt":"L'agost s'apaga a Can #Mossenaires i ho fa amb all\u00f2 que ens agrada. #c\u00f3rrer #xerrar #gaudir acompanyades i acompanyats de gent amb el mateix tarann\u00e0 esportiu, que el que vol i com excusa, anar a passar una bona estona sense compromisos i moltes i molts, tornant de vacances i amb\u2026","rel":"","context":"A &quot;Amistat&quot;","block_context":{"text":"Amistat","link":"https:\/\/blogs.avui.cat\/pepmoliner\/category\/amistat\/"},"img":{"alt_text":"","src":"","width":0,"height":0},"classes":[]},{"id":4431,"url":"https:\/\/blogs.avui.cat\/pepmoliner\/2017\/03\/08\/entrenament-mossenaire-un-mes\/","url_meta":{"origin":4572,"position":1},"title":"\u201cEntrenament Mossenaire: un mes\u201d","author":"Pep Moliner","date":"8 de mar\u00e7 de 2017","format":false,"excerpt":"Sabem que la pluja espanta for\u00e7a #mossenaires i a primera hora no sabem \u00a0si l'entrenament ser\u00e0 xop o eixut. Ha estat eixut i fant\u00e0stic o almenys aix\u00ed \u00a0ens ho sembla. Hem baixat per llocs com el cam\u00ed asfaltat de Can Bon Vilar \u00a0que duu a llocs com l'Hotel Milton, l'H\u00edpica\u2026","rel":"","context":"A &quot;Amistat&quot;","block_context":{"text":"Amistat","link":"https:\/\/blogs.avui.cat\/pepmoliner\/category\/amistat\/"},"img":{"alt_text":"","src":"","width":0,"height":0},"classes":[]},{"id":4762,"url":"https:\/\/blogs.avui.cat\/pepmoliner\/2018\/09\/05\/torrebonica-amb-mossenaires\/","url_meta":{"origin":4572,"position":2},"title":"Torrebonica amb Mossenaires","author":"Pep Moliner","date":"5 de setembre de 2018","format":false,"excerpt":"Camins amples fins a Torrebonica, i fotografia de Fam\u00edlia Mossenaire als plans de Can Canya. Alguns progressius qui els volia fer, i sempre sense oblidar-nos de ning\u00fa Amunt i avall i ja tenim la temporada en marxa i la gent que estava de vacances, torna a gaudir del bon ambient\u2026","rel":"","context":"A &quot;Amistat&quot;","block_context":{"text":"Amistat","link":"https:\/\/blogs.avui.cat\/pepmoliner\/category\/amistat\/"},"img":{"alt_text":"","src":"","width":0,"height":0},"classes":[]},{"id":4575,"url":"https:\/\/blogs.avui.cat\/pepmoliner\/2017\/09\/13\/can-bonvilar-amb-mossenaires\/","url_meta":{"origin":4572,"position":3},"title":"Can Bonvilar amb Mossenaires","author":"Pep Moliner","date":"13 de setembre de 2017","format":false,"excerpt":"Ens ho hem agafat amb ganes i es nota que la temporada promet. Gent vinguda d'arreu a fer un entrenament per la zona de Can Bonvilar, Bosc de Can Deu i tot fent proves de com ha anat l'estiu. Ja es veu una millora atl\u00e8tica i una bona colla de\u2026","rel":"","context":"A &quot;Amistat&quot;","block_context":{"text":"Amistat","link":"https:\/\/blogs.avui.cat\/pepmoliner\/category\/amistat\/"},"img":{"alt_text":"","src":"","width":0,"height":0},"classes":[]},{"id":4564,"url":"https:\/\/blogs.avui.cat\/pepmoliner\/2017\/08\/23\/agost-mossenaire\/","url_meta":{"origin":4572,"position":4},"title":"Agost Mossenaire","author":"Pep Moliner","date":"23 d'agost de 2017","format":false,"excerpt":"El torrent de Gotelles ha estat el circuit triat per en Paco Barcia, al qui deman\u00e0vem es fes c\u00e0rrec del grup avui i no perdre la continu\u00eftat en el nostre projecte on es busca la solidaritat, amistat, amor a la natura i gaudir d'una bona xerrada mentre fem una mica\u2026","rel":"","context":"A &quot;Amistat&quot;","block_context":{"text":"Amistat","link":"https:\/\/blogs.avui.cat\/pepmoliner\/category\/amistat\/"},"img":{"alt_text":"","src":"","width":0,"height":0},"classes":[]},{"id":4718,"url":"https:\/\/blogs.avui.cat\/pepmoliner\/2018\/06\/06\/castellarnau-a-correr\/","url_meta":{"origin":4572,"position":5},"title":"Castellarnau a c\u00f3rrer","author":"Pep Moliner","date":"6 de juny de 2018","format":false,"excerpt":"Quin tip d'aigua tenim al Vall\u00e8s. A aquesta \u00e8poca an\u00e0vem a la font de Castellarnau per apaivagar la calor i la set. Per\u00f2 fa m\u00e9s de dos mesos que de calor poca i de ganes de veure aigua, no massa. La justa. Aix\u00f2 s\u00ed. El lloc s'ho val per fer\u2026","rel":"","context":"A &quot;Amistat&quot;","block_context":{"text":"Amistat","link":"https:\/\/blogs.avui.cat\/pepmoliner\/category\/amistat\/"},"img":{"alt_text":"","src":"","width":0,"height":0},"classes":[]}],"_links":{"self":[{"href":"https:\/\/blogs.avui.cat\/pepmoliner\/wp-json\/wp\/v2\/posts\/4572","targetHints":{"allow":["GET"]}}],"collection":[{"href":"https:\/\/blogs.avui.cat\/pepmoliner\/wp-json\/wp\/v2\/posts"}],"about":[{"href":"https:\/\/blogs.avui.cat\/pepmoliner\/wp-json\/wp\/v2\/types\/post"}],"author":[{"embeddable":true,"href":"https:\/\/blogs.avui.cat\/pepmoliner\/wp-json\/wp\/v2\/users\/171"}],"replies":[{"embeddable":true,"href":"https:\/\/blogs.avui.cat\/pepmoliner\/wp-json\/wp\/v2\/comments?post=4572"}],"version-history":[{"count":3,"href":"https:\/\/blogs.avui.cat\/pepmoliner\/wp-json\/wp\/v2\/posts\/4572\/revisions"}],"predecessor-version":[{"id":4579,"href":"https:\/\/blogs.avui.cat\/pepmoliner\/wp-json\/wp\/v2\/posts\/4572\/revisions\/4579"}],"wp:attachment":[{"href":"https:\/\/blogs.avui.cat\/pepmoliner\/wp-json\/wp\/v2\/media?parent=4572"}],"wp:term":[{"taxonomy":"category","embeddable":true,"href":"https:\/\/blogs.avui.cat\/pepmoliner\/wp-json\/wp\/v2\/categories?post=4572"},{"taxonomy":"post_tag","embeddable":true,"href":"https:\/\/blogs.avui.cat\/pepmoliner\/wp-json\/wp\/v2\/tags?post=4572"}],"curies":[{"name":"wp","href":"https:\/\/api.w.org\/{rel}","templated":true}]}}