{"id":4551,"date":"2017-08-02T16:25:37","date_gmt":"2017-08-02T15:25:37","guid":{"rendered":"http:\/\/blogs.avui.cat\/pepmoliner\/?p=4551"},"modified":"2017-08-02T16:25:58","modified_gmt":"2017-08-02T15:25:58","slug":"un-stop-per-reagrupar-mossenaires","status":"publish","type":"post","link":"https:\/\/blogs.avui.cat\/pepmoliner\/2017\/08\/02\/un-stop-per-reagrupar-mossenaires\/","title":{"rendered":"Un Stop per reagrupar Mossenaires"},"content":{"rendered":"<h3>Per entrenar amb un grup tan divers, de vegades ens marquem un Stop, i si no volem estar totalment aturats, anem a la cua a buscar a qui ve un xic m\u00e9s endarrerida o endarrerit. Aqu\u00ed hi ha la clau de fer-se costat i entrenar en grup. Ser solidari amb els diferents ritmes.<\/h3>\n<h3>Hem triat un circuit anant cap a Matadepera i aturant-nos un parell de vegades per fer un bon traguinyol. Travessant els carrers m\u00e9s c\u00e8ntrics del poble de Matadepera i una bona aturada a la font de la Tartana. Pujant pel cam\u00ed dels Forns d&#8217;en Girabau i baixant per camins fins al camp base, a la Masia de Torre Moss\u00e8n Homs.<\/h3>\n<h3>Hem vist que es nota que hi ha ambient de vacances, i des d&#8217;aqu\u00ed us desitgem que gaudiu for\u00e7a d&#8217;aquest mesos d&#8217;estiu, tant si esteu de de festa com si no. Mossenaires sempre est\u00e0 de festa i m\u00e9s si hi estem al teu costat. Fins aviat i t&#8217;esperem tots els dissabtes. Gr\u00e0cies!!<\/h3>\n<h3><img data-recalc-dims=\"1\" decoding=\"async\" src=\"https:\/\/i0.wp.com\/4.bp.blogspot.com\/-2usvQFkGMGU\/WYHBl1RgXGI\/AAAAAAAAInc\/XNPs6wKQnvEIKrTefBEAb027Op1-EVg4wCLcBGAs\/s800\/Mossenaires_29juliol2017-019.jpg?ssl=1\" border=\"0\" \/><br \/>\nStop i reagrupament, \u00e9s la caracter\u00edstica principal del grup, que sempre espera i es reagrupa<\/h3>\n<h3><img data-recalc-dims=\"1\" decoding=\"async\" src=\"https:\/\/i0.wp.com\/2.bp.blogspot.com\/-LILI9SdaUJ8\/WYHBdJdc39I\/AAAAAAAAImQ\/lLkjmXje3tg3XJ72AWYt6T8p4lo_m9IsgCLcBGAs\/s800\/Mossenaires_29juliol2017.jpg?ssl=1\" border=\"0\" \/><br \/>\nAnem concentrant-nos al voltant de la Masia de Torre Moss\u00e8n Homs<br \/>\n<img data-recalc-dims=\"1\" decoding=\"async\" src=\"https:\/\/i0.wp.com\/2.bp.blogspot.com\/-EIDsBwjAzrc\/WYHBhKf5izI\/AAAAAAAAImU\/8rqg80jP0TA1Pg9PsKXTu_XL65xjAZiUACLcBGAs\/s800\/Mossenaires_29juliol2017-001.jpg?ssl=1\" border=\"0\" \/><\/h3>\n<h3><img data-recalc-dims=\"1\" decoding=\"async\" src=\"https:\/\/i0.wp.com\/2.bp.blogspot.com\/-3g1O2Uc_-pU\/WYHBhFA0eTI\/AAAAAAAAImc\/7MjggmqzcJo5XqwlfbJbpeu1-tUkF3wpwCLcBGAs\/s800\/Mossenaires_29juliol2017-002.jpg?ssl=1\" border=\"0\" \/><\/h3>\n<h3><img data-recalc-dims=\"1\" decoding=\"async\" src=\"https:\/\/i0.wp.com\/2.bp.blogspot.com\/-3g1O2Uc_-pU\/WYHBhFA0eTI\/AAAAAAAAImc\/7MjggmqzcJo5XqwlfbJbpeu1-tUkF3wpwCLcBGAs\/s800\/Mossenaires_29juliol2017-002.jpg?ssl=1\" border=\"0\" \/><br \/>\nComencem a descobrir qui ser\u00e0 avui la nominada a Mossenaire d&#8217;Honor<br \/>\n<img data-recalc-dims=\"1\" decoding=\"async\" src=\"https:\/\/i0.wp.com\/3.bp.blogspot.com\/-fxk_d58YlEE\/WYHBhE5xYRI\/AAAAAAAAImY\/9IaMY4ihvmYnpN-QhtqX_4zYYO3059xAQCLcBGAs\/s800\/Mossenaires_29juliol2017-003.jpg?ssl=1\" border=\"0\" \/><br \/>\nNo ho acaba de veure clar&#8230; per\u00f2 si. Nominada !!!<br \/>\n<img data-recalc-dims=\"1\" decoding=\"async\" src=\"https:\/\/i0.wp.com\/2.bp.blogspot.com\/-Tz61Tsi5uC0\/WYHBh2psNHI\/AAAAAAAAImg\/eQlrp3442mYtlQ_d_BRCqEAMKvU1LcbLwCLcBGAs\/s800\/Mossenaires_29juliol2017-004.jpg?ssl=1\" border=\"0\" \/><br \/>\nIcos Garcia \u00e9s ja la nostra nominada<br \/>\n<img data-recalc-dims=\"1\" decoding=\"async\" src=\"https:\/\/i0.wp.com\/3.bp.blogspot.com\/-r3mBSxfn4JQ\/WYHBh-Dt56I\/AAAAAAAAImk\/HkF_AZTum0MnmKtzglPjcC3XiyJ6yrApACLcBGAs\/s800\/Mossenaires_29juliol2017-005.jpg?ssl=1\" border=\"0\" \/><br \/>\nAviat la proclamaci\u00f3<br \/>\n<img data-recalc-dims=\"1\" decoding=\"async\" src=\"https:\/\/i0.wp.com\/1.bp.blogspot.com\/-smimc-mGcj0\/WYHBiLoJCkI\/AAAAAAAAImo\/voMvRSvjyQYdzHr7g0P1qpmjHnTTIc3lQCLcBGAs\/s800\/Mossenaires_29juliol2017-006.jpg?ssl=1\" border=\"0\" \/><\/h3>\n<h3><img data-recalc-dims=\"1\" decoding=\"async\" src=\"https:\/\/i0.wp.com\/2.bp.blogspot.com\/-9LluBNp9zRw\/WYHBiSgxJ1I\/AAAAAAAAIms\/ZZGL1_3NGKg2Tw7R5QDvw6Hc9Ebxuk9YACLcBGAs\/s800\/Mossenaires_29juliol2017-007.jpg?ssl=1\" border=\"0\" \/><br \/>\nI el conductor de la bandera:\u00a0<a class=\"postlink\" href=\"http:\/\/mossenhoms.netfreehost.com\/viewtopic.php?p=10628&amp;mforum=mossenhoms#10628\" target=\"_blank\" rel=\"noopener noreferrer\">Jose Segura\u00a0<\/a><br \/>\n<img data-recalc-dims=\"1\" decoding=\"async\" src=\"https:\/\/i0.wp.com\/1.bp.blogspot.com\/-9rJ9CC1gBjQ\/WYHBig7L96I\/AAAAAAAAImw\/WxOiA2Fkc9YaJHRtU-cGC9il8-_RatkhQCLcBGAs\/s800\/Mossenaires_29juliol2017-008.jpg?ssl=1\" border=\"0\" \/><br \/>\n<a class=\"postlink\" href=\"http:\/\/mossenhoms.netfreehost.com\/viewtopic.php?p=10628&amp;mforum=mossenhoms#10628\" target=\"_blank\" rel=\"noopener noreferrer\">Jose Segura\u00a0<\/a>: la bandera<br \/>\n<img data-recalc-dims=\"1\" decoding=\"async\" src=\"https:\/\/i0.wp.com\/1.bp.blogspot.com\/-vA08nSh7-Is\/WYHBjJ85coI\/AAAAAAAAIm0\/zSeycp9jlgIbyc0fZ-fTJDxPt29TP_TLACLcBGAs\/s800\/Mossenaires_29juliol2017-009.jpg?ssl=1\" border=\"0\" \/><br \/>\nLa parellasa de Mossenaires: Icos i\u00a0<a class=\"postlink\" href=\"http:\/\/mossenhoms.netfreehost.com\/viewtopic.php?p=14004&amp;mforum=mossenhoms#14004\" target=\"_blank\" rel=\"noopener noreferrer\">Balme\u00a0<\/a><br \/>\n<img data-recalc-dims=\"1\" decoding=\"async\" src=\"https:\/\/i0.wp.com\/2.bp.blogspot.com\/-lTpxhuJrhzk\/WYHBjWObxWI\/AAAAAAAAIm4\/66dInvWdDLEDtHkL4vbfGCrou0P-WQrbgCLcBGAs\/s800\/Mossenaires_29juliol2017-010.jpg?ssl=1\" border=\"0\" \/><br \/>\nLa nostra Mossenaire d&#8217;honor de la setmana passada:\u00a0<a class=\"postlink\" href=\"http:\/\/mossenhoms.netfreehost.com\/viewtopic.php?p=14095&amp;mforum=mossenhoms#14095\" target=\"_blank\" rel=\"noopener noreferrer\">Eva Aranda\u00a0<\/a><br \/>\n<img data-recalc-dims=\"1\" decoding=\"async\" src=\"https:\/\/i0.wp.com\/3.bp.blogspot.com\/-yl8dEZpLgOM\/WYHBjviesnI\/AAAAAAAAIm8\/69Qj8gGc5EIq2_sqOGcngqIdFLCC5tydACLcBGAs\/s800\/Mossenaires_29juliol2017-011.jpg?ssl=1\" border=\"0\" \/><\/h3>\n<h3><img data-recalc-dims=\"1\" decoding=\"async\" src=\"https:\/\/i0.wp.com\/4.bp.blogspot.com\/-BE4edgCiXAI\/WYHBj4DussI\/AAAAAAAAInE\/t1bcygu9E9QZai3f-yC6EYdh9waFpXnBgCLcBGAs\/s800\/Mossenaires_29juliol2017-012.jpg?ssl=1\" border=\"0\" \/><\/h3>\n<h3><img data-recalc-dims=\"1\" decoding=\"async\" src=\"https:\/\/i0.wp.com\/3.bp.blogspot.com\/-rjIKRMqSlzE\/WYHBkPnkEHI\/AAAAAAAAInA\/vJWKModeYygVn5mPrNk381bYUpnZoX0QQCLcBGAs\/s800\/Mossenaires_29juliol2017-013.jpg?ssl=1\" border=\"0\" \/><br \/>\n<a class=\"postlink\" href=\"http:\/\/entrenamentstorremossenhoms.blogspot.com.es\/2014\/11\/yuma-el-can-mossenaire.html\" target=\"_blank\" rel=\"noopener noreferrer\">Yuma\u00a0<\/a>amb el seu amo i amic\u00a0<a class=\"postlink\" href=\"http:\/\/mossenhoms.netfreehost.com\/viewtopic.php?p=13469&amp;mforum=mossenhoms#13469\" target=\"_blank\" rel=\"noopener noreferrer\">Juanjo Fernandez\u00a0<\/a><\/h3>\n<h3><img data-recalc-dims=\"1\" decoding=\"async\" src=\"https:\/\/i0.wp.com\/3.bp.blogspot.com\/-N_q9I4YYvFg\/WYHBkQ03OxI\/AAAAAAAAInI\/r3nBXhjNCQs2Dw29z6kWi-3Lt7IZK6KYwCLcBGAs\/s800\/Mossenaires_29juliol2017-014.jpg?ssl=1\" border=\"0\" \/><br \/>\n<a class=\"postlink\" href=\"http:\/\/mossenhoms.netfreehost.com\/viewtopic.php?p=13886&amp;mforum=mossenhoms#13886\" target=\"_blank\" rel=\"noopener noreferrer\">Carmelo Luque\u00a0<\/a><br \/>\n<img data-recalc-dims=\"1\" decoding=\"async\" src=\"https:\/\/i0.wp.com\/1.bp.blogspot.com\/-1ajiRsBvMlI\/WYHBk_MNYaI\/AAAAAAAAInM\/VaqxAuDzVqMCtN2E6th_SZYwCIDFGGjUQCLcBGAs\/s800\/Mossenaires_29juliol2017-015.jpg?ssl=1\" border=\"0\" \/><br \/>\nMiquel i Eva al seu pas per l&#8217;Ajuntament de Matadepera<br \/>\n<img data-recalc-dims=\"1\" decoding=\"async\" src=\"https:\/\/i0.wp.com\/4.bp.blogspot.com\/-_LMJaIiRtzg\/WYHBk1qxf6I\/AAAAAAAAInQ\/gFdMjMhRghIFbTIJNY8Pw16GYAw1wetaACLcBGAs\/s800\/Mossenaires_29juliol2017-016.jpg?ssl=1\" border=\"0\" \/><br \/>\nPaco Barcia al seu pas per l&#8217;Ajuntament de Matadepera<br \/>\n<img data-recalc-dims=\"1\" decoding=\"async\" src=\"https:\/\/i0.wp.com\/2.bp.blogspot.com\/-XPUttctaZZM\/WYHBlLWn43I\/AAAAAAAAInU\/_s8veQGWUpATiFW22_KxSSR-OH0kO-uQACLcBGAs\/s800\/Mossenaires_29juliol2017-017.jpg?ssl=1\" border=\"0\" \/><br \/>\nJoan i Albert al seu pas per l&#8217;Ajuntament de Matadepera<br \/>\n<img data-recalc-dims=\"1\" decoding=\"async\" src=\"https:\/\/i0.wp.com\/3.bp.blogspot.com\/-Gz4GjMTEX5c\/WYHBldlENtI\/AAAAAAAAInY\/mrUpfMt0nGoMWkh7Xl_4gSOlEWqVs-7ygCLcBGAs\/s800\/Mossenaires_29juliol2017-018.jpg?ssl=1\" border=\"0\" \/><br \/>\nTxel i Icos al seu pas per l&#8217;Ajuntament de Matadepera<\/h3>\n<h3><img data-recalc-dims=\"1\" decoding=\"async\" src=\"https:\/\/i0.wp.com\/1.bp.blogspot.com\/-CeC6aQqlWTw\/WYHBmGeKp6I\/AAAAAAAAIng\/wu6yg7Rc4VgSd7K0gEtgRp-QsQGN2WHCwCLcBGAs\/s800\/Mossenaires_29juliol2017-020.jpg?ssl=1\" border=\"0\" \/><br \/>\nJos\u00e9 i Carmelo<br \/>\n<img data-recalc-dims=\"1\" decoding=\"async\" src=\"https:\/\/i0.wp.com\/3.bp.blogspot.com\/-gfPk40kjs3g\/WYHBmHAb2zI\/AAAAAAAAInk\/1oH2Oa1xstURcHpS2iux81ZEr60hdepaACLcBGAs\/s800\/Mossenaires_29juliol2017-021.jpg?ssl=1\" border=\"0\" \/><br \/>\nI al nostre pas per bellmig d&#8217;aquest bonic poble<\/h3>\n<h3><img data-recalc-dims=\"1\" decoding=\"async\" src=\"https:\/\/i0.wp.com\/3.bp.blogspot.com\/-F0-_wLJew9M\/WYHBmv0gGYI\/AAAAAAAAIno\/A0gfJGxTW2QA-fgGzOnL0nPfRdy9E8RtwCLcBGAs\/s800\/Mossenaires_29juliol2017-022.jpg?ssl=1\" border=\"0\" \/><br \/>\nIcos pel bellmig de Matadepera<br \/>\n<img data-recalc-dims=\"1\" decoding=\"async\" src=\"https:\/\/i0.wp.com\/4.bp.blogspot.com\/-gIB4coWeSMU\/WYHBm1OTi0I\/AAAAAAAAIns\/ckues0glnHwSnl0VkjmXBK6OpO_bCD_kACLcBGAs\/s800\/Mossenaires_29juliol2017-023.jpg?ssl=1\" border=\"0\" \/><br \/>\nEvba, fent un traguinyol a la pla\u00e7a de Sant Jordi<br \/>\n<img data-recalc-dims=\"1\" decoding=\"async\" src=\"https:\/\/i0.wp.com\/3.bp.blogspot.com\/-PjUlOUEkLUI\/WYHBnN2B4wI\/AAAAAAAAInw\/XARGOWjUYgAkiAXeM62etwGD2jmEXJpjwCLcBGAs\/s800\/Mossenaires_29juliol2017-024.jpg?ssl=1\" border=\"0\" \/><br \/>\nI amb la Carme que espera el seu torn<br \/>\n<img data-recalc-dims=\"1\" decoding=\"async\" src=\"https:\/\/i0.wp.com\/1.bp.blogspot.com\/-q-2zZ0MFkG8\/WYHBnNLNQPI\/AAAAAAAAIn0\/T57mykY3LC0ehUvVkJmg3ObqU3nmpTWNACLcBGAs\/s800\/Mossenaires_29juliol2017-025.jpg?ssl=1\" border=\"0\" \/><br \/>\nI continuem la nostra marxa en direcci\u00f3 a: La Font de la Tartana<\/h3>\n<h3><img data-recalc-dims=\"1\" decoding=\"async\" src=\"https:\/\/i0.wp.com\/2.bp.blogspot.com\/-6SttJZmUmdw\/WYHBnkT_FeI\/AAAAAAAAIn4\/4R6-uoQTxPw4Zi66wJwrHB0DszTpeCKrgCLcBGAs\/s800\/Mossenaires_29juliol2017-026.jpg?ssl=1\" border=\"0\" \/><br \/>\nSense oblidar-nos la bandera a l&#8217;esquena del Jose<br \/>\n<img data-recalc-dims=\"1\" decoding=\"async\" src=\"https:\/\/i0.wp.com\/4.bp.blogspot.com\/-Eat3YbWMpKc\/WYHBn6AwqtI\/AAAAAAAAIn8\/kCgo7Nk8nMECRUgg7TQ7RSFTVC77lb_fACLcBGAs\/s800\/Mossenaires_29juliol2017-027.jpg?ssl=1\" border=\"0\" \/><br \/>\nUn bon lloc per estar-s&#8217;hi una bona estona, \u00e9s la Font de la Tartana i m\u00e9s de poder veure un traguet d&#8217;aigua amb aquesta famosa font, tot i que l&#8217;aigua \u00e9s canalitzada i tractada del Municipi<br \/>\n<img data-recalc-dims=\"1\" decoding=\"async\" src=\"https:\/\/i0.wp.com\/2.bp.blogspot.com\/-KTeFkBPzG_M\/WYHBoE94SQI\/AAAAAAAAIoA\/5G1UzQDvF_cgK6TU6f99A59agu_WXji2QCLcBGAs\/s800\/Mossenaires_29juliol2017-028.jpg?ssl=1\" border=\"0\" \/><br \/>\n<a class=\"postlink\" href=\"http:\/\/mossenhoms.netfreehost.com\/mossenhoms-post-14082.html#14082\" target=\"_blank\" rel=\"noopener noreferrer\">Manolo Navas\u00a0<\/a>a punt de veure<br \/>\n<img data-recalc-dims=\"1\" decoding=\"async\" src=\"https:\/\/i0.wp.com\/3.bp.blogspot.com\/-1NBiJZoFkBQ\/WYHBoReu5FI\/AAAAAAAAIoE\/VQ315MKEpnsaeZmTmogrDs3qZ6XdNlSIQCLcBGAs\/s800\/Mossenaires_29juliol2017-029.jpg?ssl=1\" border=\"0\" \/><br \/>\nEva, Carmelo, Albert, Jose, Carme, Juan Miguel, Pili, Miquel, Quim, JuanMa<br \/>\n<img data-recalc-dims=\"1\" decoding=\"async\" src=\"https:\/\/i0.wp.com\/1.bp.blogspot.com\/-snHd8IdZFTQ\/WYHBors4AyI\/AAAAAAAAIoM\/Nc61APR-YOMP_ObTxIUDQy06nOaR1mv4ACLcBGAs\/s800\/Mossenaires_29juliol2017-030.jpg?ssl=1\" border=\"0\" \/><br \/>\nI en Jose comen\u00e7a el desplegamanent<br \/>\n<img data-recalc-dims=\"1\" decoding=\"async\" src=\"https:\/\/i0.wp.com\/3.bp.blogspot.com\/-ciQm3_Ye32g\/WYHBozsNqhI\/AAAAAAAAIoI\/2mRBKEMtq4MAidonfcQ12VdhakkSOEyqQCLcBGAs\/s800\/Mossenaires_29juliol2017-031.jpg?ssl=1\" border=\"0\" \/><br \/>\nEva, Carmelo, Albert, Jose<br \/>\n<img data-recalc-dims=\"1\" decoding=\"async\" src=\"https:\/\/i0.wp.com\/4.bp.blogspot.com\/-jSBeaC510LE\/WYHBpeZQcYI\/AAAAAAAAIoQ\/1dLgf-mZrFkevwJiio-ismJUmgpvwJ3EwCLcBGAs\/s800\/Mossenaires_29juliol2017-032.jpg?ssl=1\" border=\"0\" \/><\/h3>\n<h3><img data-recalc-dims=\"1\" decoding=\"async\" src=\"https:\/\/i0.wp.com\/4.bp.blogspot.com\/-dTbsRSz9PYs\/WYHBpi228AI\/AAAAAAAAIoU\/z92rOwgBQbI7gzpt8_dfdwJIkfZ0vr-dwCLcBGAs\/s800\/Mossenaires_29juliol2017-033.jpg?ssl=1\" border=\"0\" \/><\/h3>\n<h3><img data-recalc-dims=\"1\" decoding=\"async\" src=\"https:\/\/i0.wp.com\/4.bp.blogspot.com\/-Q0MR7TQi6s0\/WYHBpxbjqVI\/AAAAAAAAIoY\/c7j3VHTYb587oXQKt78cWIN2piB1umUngCLcBGAs\/s800\/Mossenaires_29juliol2017-034.jpg?ssl=1\" border=\"0\" \/><br \/>\nToca con\u00e8ixer al Mossenaire Nou, en Cesar<br \/>\n<img data-recalc-dims=\"1\" decoding=\"async\" src=\"https:\/\/i0.wp.com\/3.bp.blogspot.com\/-Szww_11WB5M\/WYHBqDI5nMI\/AAAAAAAAIoc\/1tIur99ebGUm8V7D0Cdmn_KQY8Xp-J5HQCLcBGAs\/s800\/Mossenaires_29juliol2017-035.jpg?ssl=1\" border=\"0\" \/><br \/>\nCesar s&#8217;estrena<br \/>\n<img data-recalc-dims=\"1\" decoding=\"async\" src=\"https:\/\/i0.wp.com\/1.bp.blogspot.com\/-ugB7PB4NtA0\/WYHBqcduNKI\/AAAAAAAAIog\/k_OHG7rWIIkVAvD7Wh6eX97v27gKkBpeQCLcBGAs\/s800\/Mossenaires_29juliol2017-036.jpg?ssl=1\" border=\"0\" \/><br \/>\nDonem la benvinguda a en C\u00e9sar<br \/>\n<img data-recalc-dims=\"1\" decoding=\"async\" src=\"https:\/\/i0.wp.com\/4.bp.blogspot.com\/-KtGiFQGqHds\/WYHBquYG_uI\/AAAAAAAAIok\/-TAxPuC9ibkoZCbzrg5R7Rj9h8BQSvppgCLcBGAs\/s800\/Mossenaires_29juliol2017-037.jpg?ssl=1\" border=\"0\" \/><br \/>\nI el moment estelar<br \/>\n<img data-recalc-dims=\"1\" decoding=\"async\" src=\"https:\/\/i0.wp.com\/4.bp.blogspot.com\/-O_YuFgHsjnc\/WYHBq3Kv2AI\/AAAAAAAAIoo\/LygD8q_QUTgeV7O7kIYZ8W65td6qI7pewCLcBGAs\/s800\/Mossenaires_29juliol2017-038.jpg?ssl=1\" border=\"0\" \/><br \/>\nTenim la sort de tenir una nova &#8220;Mossenaire d&#8217;Honor&#8221; : Icos Garcia.<br \/>\nGr\u00e0cies i enhorabona!!<br \/>\n<img data-recalc-dims=\"1\" decoding=\"async\" src=\"https:\/\/i0.wp.com\/2.bp.blogspot.com\/-sltMDC29tHw\/WYHBrFN54wI\/AAAAAAAAIos\/Wj9Sg-K2BlINdh36s9JG5UveT0A9EEf3gCLcBGAs\/s800\/Mossenaires_29juliol2017-039.jpg?ssl=1\" border=\"0\" \/><br \/>\nIcos ben aplaudida per tothom<br \/>\n<img data-recalc-dims=\"1\" decoding=\"async\" src=\"https:\/\/i0.wp.com\/1.bp.blogspot.com\/-loBhdfqlNts\/WYHBrGOedtI\/AAAAAAAAIow\/OeZ3MsP8ofE8lhGd0qsel61mU_O96JJngCLcBGAs\/s800\/Mossenaires_29juliol2017-040.jpg?ssl=1\" border=\"0\" \/><br \/>\nIcos !!! Mossenaire d&#8217;Honor proclamada per tothom. Enhorabona!!<br \/>\n<img data-recalc-dims=\"1\" decoding=\"async\" src=\"https:\/\/i0.wp.com\/2.bp.blogspot.com\/-_UdBqF_5LiY\/WYHBrisvyPI\/AAAAAAAAIo0\/lK7FEWNx1x00AqndUbefA292rQDuJiqKACLcBGAs\/s800\/Mossenaires_29juliol2017-041.jpg?ssl=1\" border=\"0\" \/><br \/>\nI la fotografia de fam\u00edlia a la Font de la Tartana on farem un bon traguinyol i ens coneixerem tothom una mica m\u00e9s. Tamb\u00e9 acomiadem el m\u00e9s de juliol i aviat encetarem l&#8217;agost on desitgem als que fareu vacances, que les gaudiu d&#8217;all\u00f2 m\u00e9s i els que ja les heu fet, que tingeu bon retorn.<br \/>\n<img data-recalc-dims=\"1\" decoding=\"async\" src=\"https:\/\/i0.wp.com\/4.bp.blogspot.com\/-QPsAH0kGp8w\/WYHBry10raI\/AAAAAAAAIo4\/subfmSiG3rMUBrCBb7tSFaYefYjCz57YQCLcBGAs\/s800\/Mossenaires_29juliol2017-042.jpg?ssl=1\" border=\"0\" \/><br \/>\nEn Balme, marit de la Icos, content i al costat de l&#8217;Enrique-Nilo, vestit amb la samarreta Mossenaire.<br \/>\n<img data-recalc-dims=\"1\" decoding=\"async\" src=\"https:\/\/i0.wp.com\/2.bp.blogspot.com\/-LXylStfq6OY\/WYHBsAMqaoI\/AAAAAAAAIo8\/ioG738qBnt0SZqYxNyh8Df-KUl0EtVUJgCLcBGAs\/s800\/Mossenaires_29juliol2017-043.jpg?ssl=1\" border=\"0\" \/><br \/>\nI la Mossenaire d&#8217;honor, cooperant amb el Mossenaire bandera, guardant-la per un altre dia<br \/>\n<img data-recalc-dims=\"1\" decoding=\"async\" src=\"https:\/\/i0.wp.com\/3.bp.blogspot.com\/-bSMtMnCDbvM\/WYHBsVrhKpI\/AAAAAAAAIpA\/L9Q06YT5RiAeCukRaQYji9tT66DiMpxfQCLcBGAs\/s800\/Mossenaires_29juliol2017-044.jpg?ssl=1\" border=\"0\" \/><br \/>\nLa bandera va fent quil\u00f2metres. Gr\u00e0cies per portar-la amb tant d&#8217;orgull<br \/>\n<img data-recalc-dims=\"1\" decoding=\"async\" src=\"https:\/\/i0.wp.com\/2.bp.blogspot.com\/-7auPwM0gyMU\/WYHBs3oxTxI\/AAAAAAAAIpE\/TVg8u8PqKdUgrzY6frniDrBy7HGx3b-OACLcBGAs\/s800\/Mossenaires_29juliol2017-045.jpg?ssl=1\" border=\"0\" \/><br \/>\nReeprenem el nostre recorregut, junt amb en JuanMa i en Juan Miguel<\/h3>\n<h3><img data-recalc-dims=\"1\" decoding=\"async\" src=\"https:\/\/i0.wp.com\/3.bp.blogspot.com\/-M6NUvP9-qTU\/WYHBtJVa5OI\/AAAAAAAAIpI\/ilJbFcrKvoIHnH8bkU80Qy4Wsx-Bm4HjQCLcBGAs\/s800\/Mossenaires_29juliol2017-046.jpg?ssl=1\" border=\"0\" \/><br \/>\nPaco, Sebas, Txell<\/h3>\n<h3><img data-recalc-dims=\"1\" decoding=\"async\" src=\"https:\/\/i0.wp.com\/1.bp.blogspot.com\/-ra25UGp0Kn8\/WYHBtRcjJFI\/AAAAAAAAIpM\/nhg3sfmLf-IApOci8auCggQqoHcEa554gCLcBGAs\/s800\/Mossenaires_29juliol2017-047.jpg?ssl=1\" border=\"0\" \/><br \/>\nPili, Albert, Joan<\/h3>\n<h3><img data-recalc-dims=\"1\" decoding=\"async\" src=\"https:\/\/i0.wp.com\/2.bp.blogspot.com\/-GdDzqA5LVsk\/WYHBt0qAKwI\/AAAAAAAAIpQ\/NwMv4KodnIgsOQ4tlsTPZxonFpjRzrcCgCLcBGAs\/s800\/Mossenaires_29juliol2017-048.jpg?ssl=1\" border=\"0\" \/><br \/>\nI en Sebas sempre amunt i avall<br \/>\n<img data-recalc-dims=\"1\" decoding=\"async\" src=\"https:\/\/i0.wp.com\/1.bp.blogspot.com\/-qFDdPaPlr_s\/WYHBuFTlffI\/AAAAAAAAIpY\/tN20fn5RQ64nvv-Ax1uBImf02ZdY9cz_QCLcBGAs\/s800\/Mossenaires_29juliol2017-049.jpg?ssl=1\" border=\"0\" \/><br \/>\nCom en Pepe, seguit per en Cesar i Manolo<br \/>\n<img data-recalc-dims=\"1\" decoding=\"async\" src=\"https:\/\/i0.wp.com\/2.bp.blogspot.com\/-mHPwEEqCERI\/WYHBudzolPI\/AAAAAAAAIpU\/buaw4Xr90P0XVG2StP2pt2qHC5kvBjMyQCLcBGAs\/s800\/Mossenaires_29juliol2017-050.jpg?ssl=1\" border=\"0\" \/><br \/>\nIcos<br \/>\n<img data-recalc-dims=\"1\" decoding=\"async\" src=\"https:\/\/i0.wp.com\/4.bp.blogspot.com\/-qY1MKwiffCs\/WYHBuiiu8cI\/AAAAAAAAIpg\/gtr7ohS4gRseGkW_HL6XImI5vygK-2qCQCLcBGAs\/s800\/Mossenaires_29juliol2017-051.jpg?ssl=1\" border=\"0\" \/><br \/>\nInma<br \/>\n<img data-recalc-dims=\"1\" decoding=\"async\" src=\"https:\/\/i0.wp.com\/1.bp.blogspot.com\/-6dYwcCgCtjQ\/WYHBu1TiNwI\/AAAAAAAAIpc\/2JoScSeRSM4l7Vxs6ovp87WN6E9bsMFdwCLcBGAs\/s800\/Mossenaires_29juliol2017-052.jpg?ssl=1\" border=\"0\" \/><br \/>\nPassant pels forns del Girabau<br \/>\n<img data-recalc-dims=\"1\" decoding=\"async\" src=\"https:\/\/i0.wp.com\/3.bp.blogspot.com\/-KD_CsQfCQVE\/WYHBvPouJwI\/AAAAAAAAIpk\/o6hOCEhddr0eqZnQcsj8aSErIo42iW0AgCLcBGAs\/s800\/Mossenaires_29juliol2017-053.jpg?ssl=1\" border=\"0\" \/><br \/>\nEn\u00a0<a class=\"postlink\" href=\"http:\/\/mossenhoms.netfreehost.com\/mossenhoms-post-13912.html#13912\" target=\"_blank\" rel=\"noopener noreferrer\">Miquel Paradell\u00a0<\/a>reposant una mica i segur que gens cansat<br \/>\n<img data-recalc-dims=\"1\" decoding=\"async\" src=\"https:\/\/i0.wp.com\/1.bp.blogspot.com\/-DjEMC7oV8Rg\/WYHBvpSTQLI\/AAAAAAAAIpo\/IHdMTbEqyG8qLpmVzsOibux8Da1h_T1WQCLcBGAs\/s800\/Mossenaires_29juliol2017-054.jpg?ssl=1\" border=\"0\" \/><br \/>\nEmpedrem la marxa amb en Manolo<br \/>\n<img data-recalc-dims=\"1\" decoding=\"async\" src=\"https:\/\/i0.wp.com\/2.bp.blogspot.com\/-0K7dPz7AOJs\/WYHBv9OHX9I\/AAAAAAAAIps\/JATGGH6mL8QaRe89O4FLSpeDrk_H_ULAgCLcBGAs\/s800\/Mossenaires_29juliol2017-055.jpg?ssl=1\" border=\"0\" \/><br \/>\nLa nostra protagonista principal, la Icos, al costat del seu marit en\u00a0<a class=\"postlink\" href=\"http:\/\/mossenhoms.netfreehost.com\/viewtopic.php?p=14004&amp;mforum=mossenhoms#14004\" target=\"_blank\" rel=\"noopener noreferrer\">Balme S\u00e1nchez\u00a0<\/a><br \/>\n<img data-recalc-dims=\"1\" decoding=\"async\" src=\"https:\/\/i0.wp.com\/1.bp.blogspot.com\/-VRCmhDaw0ck\/WYHBwUj2VOI\/AAAAAAAAIpw\/0TYEaVy83zAEwOmCGPyzpbuxozDP_KoTACLcBGAs\/s800\/Mossenaires_29juliol2017-056.jpg?ssl=1\" border=\"0\" \/><br \/>\n<a class=\"postlink\" href=\"http:\/\/mossenhoms.netfreehost.com\/viewtopic.php?p=13720&amp;mforum=mossenhoms#13720\" target=\"_blank\" rel=\"noopener noreferrer\">Carme Valldeperas\u00a0<\/a>, amb l&#8217;<a class=\"postlink\" href=\"http:\/\/mossenhoms.netfreehost.com\/viewtopic.php?p=13931&amp;mforum=mossenhoms#13931\" target=\"_blank\" rel=\"noopener noreferrer\">Albert Perpiny\u00e0\u00a0<\/a>i Icos<\/h3>\n<h3><img data-recalc-dims=\"1\" decoding=\"async\" src=\"https:\/\/i0.wp.com\/2.bp.blogspot.com\/-yE30JXsrs9g\/WYHBwaCLreI\/AAAAAAAAIp0\/Uu4bjU5K9dMZP7MQAgBbrz99r60yTiJCwCLcBGAs\/s800\/Mossenaires_29juliol2017-057.jpg?ssl=1\" border=\"0\" \/><br \/>\n<a class=\"postlink\" href=\"http:\/\/mossenhoms.netfreehost.com\/mossenhoms-post-13570.html#13570\" target=\"_blank\" rel=\"noopener noreferrer\">Meritxell Casta\u00f1\u00e9\u00a0<\/a>i Icos<br \/>\n<img data-recalc-dims=\"1\" decoding=\"async\" src=\"https:\/\/i0.wp.com\/3.bp.blogspot.com\/-8__Nez8LhnE\/WYHBwjCyd_I\/AAAAAAAAIp4\/tivO49dO6iQZXYYOmZWLypYvsez6RAogQCLcBGAs\/s800\/Mossenaires_29juliol2017-058.jpg?ssl=1\" border=\"0\" \/><br \/>\nI ja hem arribat al camp base i la foto dels 12 segons<br \/>\n<img data-recalc-dims=\"1\" decoding=\"async\" src=\"https:\/\/i0.wp.com\/1.bp.blogspot.com\/-W7Ucsl_mceo\/WYHBxK_4NxI\/AAAAAAAAIp8\/vc_2ciJDy4EQlksYu21A-xip7JvShxnnwCLcBGAs\/s800\/Mossenaires_29juliol2017-059.jpg?ssl=1\" border=\"0\" \/><br \/>\nMooolt millor !!!!<br \/>\n<img data-recalc-dims=\"1\" decoding=\"async\" src=\"https:\/\/i0.wp.com\/2.bp.blogspot.com\/-fpnMqwsVXoY\/WYHBxTqMM6I\/AAAAAAAAIqA\/kRzBqWJe7pM3iWnZVGbBo-_V2xoxrYcEQCLcBGAs\/s800\/Mossenaires_29juliol2017-060.jpg?ssl=1\" border=\"0\" \/><br \/>\nI ens ve a veure en\u00a0<a class=\"postlink\" href=\"http:\/\/mossenhoms.netfreehost.com\/viewtopic.php?p=8932&amp;mforum=mossenhoms#8932\" target=\"_blank\" rel=\"noopener noreferrer\">Pau Sust\u00a0<\/a>, que ho ha fet amb bicicleta,<br \/>\ntamb\u00e9 vestit de Mossenaire<\/h3>\n<h3><img data-recalc-dims=\"1\" decoding=\"async\" src=\"https:\/\/i0.wp.com\/3.bp.blogspot.com\/-tP31jFaPhXE\/WYHBxqPtPXI\/AAAAAAAAIqE\/9nEb4U2hdp44xfsKJjlg6HzClsaMxnHQQCLcBGAs\/s800\/Mossenaires_29juliol2017-061.jpg?ssl=1\" border=\"0\" \/><br \/>\nEl nostre estimat\u00a0<a class=\"postlink\" href=\"http:\/\/mossenhoms.netfreehost.com\/viewtopic.php?p=8932&amp;mforum=mossenhoms#8932\" target=\"_blank\" rel=\"noopener noreferrer\">Pau Sust\u00a0<\/a>, al costat d&#8217;en Juanjo<\/h3>\n<h3><img data-recalc-dims=\"1\" decoding=\"async\" src=\"https:\/\/i0.wp.com\/2.bp.blogspot.com\/-rjd96XrEVOI\/WYHBx2SIxFI\/AAAAAAAAIqI\/IOLJrfogaHIDGWfLqPK59QnmM16ocpd8QCLcBGAs\/s800\/Mossenaires_29juliol2017-062.jpg?ssl=1\" border=\"0\" \/><br \/>\nL&#8217;estirament un element important i els bancs van perfectes<\/h3>\n<h3><img data-recalc-dims=\"1\" decoding=\"async\" src=\"https:\/\/i0.wp.com\/1.bp.blogspot.com\/-MVsf8Ya40po\/WYHByLCQBwI\/AAAAAAAAIqM\/9dG-8SLoBzAwBiVcIOQJ8ZDF8Ybuwxw-gCLcBGAs\/s800\/Mossenaires_29juliol2017-063.jpg?ssl=1\" border=\"0\" \/><br \/>\nLes noies Mossenaires !!!<\/h3>\n<h3><img data-recalc-dims=\"1\" decoding=\"async\" src=\"https:\/\/i0.wp.com\/4.bp.blogspot.com\/-603RErgArhY\/WYHBySp-bMI\/AAAAAAAAIqQ\/qa1KvNxjAEUFFSN19tAaNHHaUCselkYzQCLcBGAs\/s800\/Mossenaires_29juliol2017-064.jpg?ssl=1\" border=\"0\" \/><br \/>\nInma, Carme, Icos, Pili, Eva, Txell<\/h3>\n<h3><a class=\"postlink\" href=\"https:\/\/www.strava.com\/activities\/1106566359\" target=\"_blank\" rel=\"noopener noreferrer\"><img data-recalc-dims=\"1\" decoding=\"async\" src=\"https:\/\/i0.wp.com\/3.bp.blogspot.com\/-CRoGslN723k\/WYHh_iqBqvI\/AAAAAAAAIqk\/VkHH4sCaIT0S1aJ5vL3RndSif9osIT6OQCLcBGAs\/s800\/Mossenaires_29juliol2017-067.png?ssl=1\" border=\"0\" \/><\/a><br \/>\n<a href=\"https:\/\/www.strava.com\/activities\/1106566359\" target=\"_blank\" rel=\"noopener noreferrer\">https:\/\/www.strava.com\/activities\/1106566359<\/a><\/h3>\n<h3><a class=\"postlink\" href=\"https:\/\/www.relive.cc\/view\/1106566359\" target=\"_blank\" rel=\"noopener noreferrer\"><img data-recalc-dims=\"1\" decoding=\"async\" src=\"https:\/\/i0.wp.com\/1.bp.blogspot.com\/-rhjXTv5dqXQ\/WYHlqNZPOLI\/AAAAAAAAIqw\/30oNe7Q1Hn4ptkwCkNC8GNcRZj0wChdEQCLcBGAs\/s800\/Mossenaires_29juliol2017-068.png?ssl=1\" border=\"0\" \/><\/a><br \/>\n<a href=\"https:\/\/www.relive.cc\/view\/1106566359\" target=\"_blank\" rel=\"noopener noreferrer\">https:\/\/www.relive.cc\/view\/1106566359<\/a><\/h3>\n<h3>S\u00e9 que no tens afany de protagonisme i encara t&#8217;agra\u00efm m\u00e9s que ens has explicat coses teves i que ens encanten. Saber que tenim grans esportistes com tu que cada setmana podem compartir aquestes estones i saben ara que no podem fer bromes que saps karate, no sigui que s&#8217;escapi algun mastegot, tot i que el karate \u00e9s una pr\u00e0ctica profundament filos\u00f2fica. Gr\u00e0cies Icos, i per molts anys puguem compartir estones com aquestes.<\/h3>\n<h3><img data-recalc-dims=\"1\" decoding=\"async\" src=\"https:\/\/i0.wp.com\/3.bp.blogspot.com\/-ACkaUFO4rOk\/WYHByu0k3tI\/AAAAAAAAIqU\/RtsXsf0MvBorSo9U5rqNCRxfvbCRb4FHQCLcBGAs\/s800\/Mossenaires_29juliol2017-065.jpg?ssl=1\" border=\"0\" \/><\/h3>\n<h3><img data-recalc-dims=\"1\" decoding=\"async\" src=\"https:\/\/i0.wp.com\/3.bp.blogspot.com\/-n_TrFSobhic\/WYHBy2qf1tI\/AAAAAAAAIqY\/sn1i9C1oN_AC1-UX9ObiGL3WscyGHIAjQCLcBGAs\/s800\/Mossenaires_29juliol2017-066.jpg?ssl=1\" border=\"0\" \/><\/h3>\n<h3><em><span style=\"color: #0000ff\">Hola, s\u00f3c la Icos.<\/span><\/em><\/h3>\n<h3><em><span style=\"color: #0000ff\">I s\u00ed, finalment he acceptat ser Mossenaire d&#8217;Honor. Si ha costat tant en decidir-me \u00e9s perqu\u00e8 m&#8217;agrada passar desapercebuda rodejada de gent. I per aquest mateix motiu \u00e9s perqu\u00e8 em sento tan a gust amb la colla de Mossenaires: envoltada de gent, amb la que comparteixes una bona estona fent esport a la natura, xerrant, sent una m\u00e9s. Ja pots c\u00f3rrer m\u00e9s r\u00e0pid o m\u00e9s lent, aix\u00f2 no t\u00e9 import\u00e0ncia, ets un m\u00e9s del grup.<\/span><\/em><\/h3>\n<h3><em><span style=\"color: #0000ff\">Des de joveneta m&#8217;ha agradat fer esport, anava a un gimn\u00e0s on feia &#8220;gimn\u00e0stica sueca&#8221; amb m\u00fasica (s\u00ed, aix\u00ed es deia llavors) i el que podia d&#8217;esportiva (rodes, flic-flac i algun mortal amb ajuda). Despr\u00e9s va arribar el Karate, el vaig practicar durant uns anys fins arribar a cintur\u00f3 marr\u00f3 quan els estudis van fer que tingu\u00e9s de deixar-ho perqu\u00e8 no tenia temps per tot. Per\u00f2 em vaig fer s\u00f2cia del Club de Nataci\u00f3 Sabadell per poder escapar-me a nedar quan podia. Un cop els estudis superats i ja treballant vaig tornar a posar-me en forma. En aquella \u00e8poca es feia &#8220;aer\u00f2bic&#8221;, encara que em recordava a aquella gimn\u00e0stica &#8220;sueca&#8221; que havia fet. I de tant en tant sortia a c\u00f3rrer. Buff\u00a1\u00a1 si que ha passat temps&#8230;.<\/span><\/em><\/h3>\n<h3><em><span style=\"color: #0000ff\">Actualment, prefereixo estar a l&#8217;aire lliure que dins un gimn\u00e0s aix\u00ed que surto a c\u00f3rrer un parell de dies a la setmana. M&#8217;agrada sortir amb gent, encara que coincidir amb alg\u00fa que porti un ritme similar al teu i sobretot amb els mateixos horaris ho fa dif\u00edcil. El Balme, el meu home, em va parlar de la colla de Moss\u00e8n Homs. Li haig d&#8217;agrair que m&#8217;anim\u00e9s a provar-lo, perqu\u00e8 ara sempre que puc m&#8217;uneixo a l&#8217;entrenament en grup.<\/span><\/em><\/h3>\n<h3><em><span style=\"color: #0000ff\">Em sento afortunada de poder compartir aquesta estona amb tots els que ens trobem els dissabtes, i agra\u00efda amb la gent com el Pep que ho fa possible.<\/span><\/em><\/h3>\n<h3><em><span style=\"color: #0000ff\">Fins el proper dissabte i que passeu una bona setmana\u00a1\u00a1\u00a1<\/span><\/em><\/h3>\n<h3><\/h3>\n<h3><\/h3>\n<table style=\"padding-left: 30px\" cellspacing=\"0\" align=\"left\">\n<tbody style=\"padding-left: 30px\">\n<tr style=\"text-align: justify;padding-left: 30px\">\n<td style=\"padding-left: 30px\">\n<h3><strong><span style=\"color: #993366\"><a style=\"color: #993366\" href=\"http:\/\/www.egargrafic.com\/\" target=\"_blank\" rel=\"noopener noreferrer\"><img data-recalc-dims=\"1\" decoding=\"async\" src=\"https:\/\/i0.wp.com\/www.josepmoliner.com\/egargrafic2.gif\" alt=\"\" \/><\/a><\/span><\/strong><\/h3>\n<\/td>\n<td style=\"padding-left: 30px\">\n<h3><strong><span style=\"color: #993366\"><img data-recalc-dims=\"1\" decoding=\"async\" class=\"decoded\" src=\"https:\/\/i0.wp.com\/josepmoliner.com\/centreMedicAvinguda.gif\" alt=\"http:\/\/josepmoliner.com\/centreMedicAvinguda.gif\" \/><\/span><\/strong><\/h3>\n<\/td>\n<\/tr>\n<tr style=\"text-align: justify;padding-left: 30px\">\n<td style=\"padding-left: 30px\">\n<h3><strong><span style=\"color: #993366\"><a style=\"color: #993366\" href=\"http:\/\/www.grevolsalut.com\/\" target=\"_blank\" rel=\"noopener noreferrer\"><img data-recalc-dims=\"1\" decoding=\"async\" src=\"https:\/\/i0.wp.com\/www.elroure.net\/grevol\/grevol_salut.gif\" alt=\"\" \/><\/a><\/span><\/strong><\/h3>\n<\/td>\n<td style=\"padding-left: 30px\">\n<h3><strong><span style=\"color: #993366\"><a class=\"postlink\" style=\"color: #993366\" href=\"http:\/\/www.urgenciasdentalfort.com\/\" target=\"_blank\" rel=\"noopener noreferrer\"><img data-recalc-dims=\"1\" decoding=\"async\" src=\"https:\/\/i0.wp.com\/www.mossenhoms.be\/DentalFort2.gif\" border=\"0\" \/><\/a><\/span><\/strong><\/h3>\n<\/td>\n<\/tr>\n<tr style=\"text-align: justify;padding-left: 30px\">\n<td style=\"padding-left: 30px\">\n<h3><strong><span style=\"color: #993366\"><a style=\"color: #993366\" href=\"http:\/\/www.esportsavinguda.tk\/\" target=\"_blank\" rel=\"noopener noreferrer\"><img data-recalc-dims=\"1\" decoding=\"async\" src=\"https:\/\/i0.wp.com\/josepmoliner.com\/esportsavinguda2.gif\" alt=\"\" \/><\/a><\/span><\/strong><\/h3>\n<\/td>\n<td style=\"padding-left: 30px\">\n<h3><strong><span style=\"color: #993366\"><a style=\"color: #993366\" href=\"http:\/\/www.elroure.net\/\" target=\"_blank\" rel=\"noopener noreferrer\"><img data-recalc-dims=\"1\" decoding=\"async\" src=\"https:\/\/i0.wp.com\/elroure.net\/rourenet.gif\" alt=\"\" \/><\/a><\/span><\/strong><\/h3>\n<\/td>\n<\/tr>\n<tr style=\"text-align: justify;padding-left: 30px\">\n<td style=\"padding-left: 30px\">\n<h3><strong><span style=\"color: #993366\"><a style=\"color: #993366\" href=\"http:\/\/www.eledevall.com\/\" target=\"_blank\" rel=\"noopener noreferrer\"><img data-recalc-dims=\"1\" decoding=\"async\" src=\"https:\/\/i0.wp.com\/josepmoliner.com\/eledevall.gif\" alt=\"\" \/><\/a><\/span><\/strong><\/h3>\n<\/td>\n<td style=\"padding-left: 30px\">\n<h3><strong><span style=\"color: #993366\"><a style=\"color: #993366\" href=\"http:\/\/civeracampoy.com\/index.php\/es\/\" target=\"_blank\" rel=\"noopener noreferrer\"><img data-recalc-dims=\"1\" decoding=\"async\" src=\"https:\/\/i0.wp.com\/josepmoliner.com\/Civera%26Campoy.gif\" alt=\"\" \/><\/a><\/span><\/strong><\/h3>\n<\/td>\n<\/tr>\n<tr style=\"text-align: justify;padding-left: 30px\">\n<td style=\"padding-left: 30px\">\n<table style=\"padding-left: 30px\" cellspacing=\"0\" align=\"left\">\n<tbody style=\"padding-left: 30px\">\n<tr style=\"text-align: justify;padding-left: 30px\">\n<td style=\"padding-left: 30px\">\n<h3><strong><span style=\"color: #993366\">\u00a0<\/span><\/strong><\/h3>\n<\/td>\n<\/tr>\n<tr style=\"text-align: justify;padding-left: 30px\">\n<td style=\"padding-left: 30px\">\n<h3><strong><span style=\"color: #993366\"><a style=\"color: #993366\" href=\"mailto:banner@mossenhoms.be\">vols el teu banner?<\/a><\/span><\/strong><\/h3>\n<\/td>\n<\/tr>\n<\/tbody>\n<\/table>\n<\/td>\n<\/tr>\n<\/tbody>\n<\/table>\n","protected":false},"excerpt":{"rendered":"<p>Per entrenar amb un grup tan divers, de vegades ens marquem un Stop, i si no volem estar totalment aturats, anem a la cua a buscar a qui ve un xic m\u00e9s endarrerida o endarrerit. Aqu\u00ed hi ha la clau de fer-se costat i entrenar en grup. Ser solidari amb els diferents ritmes. Hem triat [&hellip;]<\/p>\n","protected":false},"author":171,"featured_media":0,"comment_status":"open","ping_status":"open","sticky":false,"template":"","format":"standard","meta":{"jetpack_post_was_ever_published":false,"_jetpack_newsletter_access":"","_jetpack_dont_email_post_to_subs":false,"_jetpack_newsletter_tier_id":0,"_jetpack_memberships_contains_paywalled_content":false,"_jetpack_memberships_contains_paid_content":false,"footnotes":"","jetpack_publicize_message":"","jetpack_publicize_feature_enabled":true,"jetpack_social_post_already_shared":false,"jetpack_social_options":{"image_generator_settings":{"template":"highway","default_image_id":0,"font":"","enabled":false},"version":2}},"categories":[2697,1644,25130,5580,1,4554,25102,25094,73],"tags":[2697,4656,25105,25130,25124,17356,25106,25102,25094,25091,73],"class_list":["post-4551","post","type-post","status-publish","format-standard","hentry","category-amistat","category-correr","category-correrxerrar","category-entrenaments","category-general","category-mossenaires","category-mossenhoms-be","category-pep-moliner","category-terrassa","tag-amistat","tag-atletisme","tag-correr","tag-correrxerrar","tag-entrenaments-en-grup","tag-matadepera","tag-mossenaires","tag-mossenhoms-be","tag-pep-moliner","tag-running","tag-terrassa"],"jetpack_publicize_connections":[],"jetpack_featured_media_url":"","jetpack_sharing_enabled":true,"jetpack_shortlink":"https:\/\/wp.me\/pagkiK-1bp","jetpack-related-posts":[{"id":4556,"url":"https:\/\/blogs.avui.cat\/pepmoliner\/2017\/08\/09\/mossenaires-no-fa-vacances\/","url_meta":{"origin":4551,"position":0},"title":"Mossenaires no fa vacances","author":"Pep Moliner","date":"9 d'agost de 2017","format":false,"excerpt":"Un dissabte com tants, on farem un bon entrenament i ser\u00e0 gr\u00e0cies a que no fem vacances. \u00c9s gr\u00e0cies a tothom i avui el que ha fet la tria del circuit han estat en Joan, Carlos i l\u2019Eva, que els hi hem demanat que portessin el grup directament i per\u2026","rel":"","context":"A &quot;Amistat&quot;","block_context":{"text":"Amistat","link":"https:\/\/blogs.avui.cat\/pepmoliner\/category\/amistat\/"},"img":{"alt_text":"","src":"","width":0,"height":0},"classes":[]},{"id":4583,"url":"https:\/\/blogs.avui.cat\/pepmoliner\/2017\/09\/20\/cap-el-turo-quan-plou-amb-mossenaires\/","url_meta":{"origin":4551,"position":1},"title":"Cap el Tur\u00f3 quan plou amb Mossenaires","author":"Pep Moliner","date":"20 de setembre de 2017","format":false,"excerpt":"Quan el divendres dia 15 queien forts ruixats, imagin\u00e0vem que podr\u00edem tenir molt de fang i ens ha sorpr\u00e8s que aquest dissabte molta gent imaginava cap on anir\u00edem, donat que mirem d'actuar amb certa l\u00f2gica i no anar pels tolls. Anar cap al Tur\u00f3 de les Roques Blanques ens agrada\u2026","rel":"","context":"A &quot;Amistat&quot;","block_context":{"text":"Amistat","link":"https:\/\/blogs.avui.cat\/pepmoliner\/category\/amistat\/"},"img":{"alt_text":"","src":"","width":0,"height":0},"classes":[]},{"id":4446,"url":"https:\/\/blogs.avui.cat\/pepmoliner\/2017\/03\/29\/mossenaires-en-petit-comite\/","url_meta":{"origin":4551,"position":2},"title":"&#8220;Mossenaires en Petit Comit\u00e8&#8221;","author":"Pep Moliner","date":"29 de mar\u00e7 de 2017","format":false,"excerpt":"Vam notar les inclem\u00e8ncies del temps amb la colla que ens hi apleguem. Si b\u00e9 \u00e9s veritat que l'objectiu nostre no \u00e9s ser molts, sin\u00f3 un projecte d'entrenament solidari on ens agrada anar en grup i ens fem bona companyia. La pluja espanta. Ha estat a les 08:00 una treva\u2026","rel":"","context":"A &quot;Amistat&quot;","block_context":{"text":"Amistat","link":"https:\/\/blogs.avui.cat\/pepmoliner\/category\/amistat\/"},"img":{"alt_text":"","src":"","width":0,"height":0},"classes":[]},{"id":4742,"url":"https:\/\/blogs.avui.cat\/pepmoliner\/2018\/07\/19\/mossenaires-va-a-la-font-dels-platans\/","url_meta":{"origin":4551,"position":3},"title":"Mossenaires va a la Font dels Pl\u00e0tans","author":"Pep Moliner","date":"19 de juliol de 2018","format":false,"excerpt":"Font de Pl\u00e0tans hi tornem a veure un lloc fresc i remullat per aigua en quantitat, baixant per un lloc diferent de l'altra vegada i recordant racons fant\u00e0stics i hem pujat pel torrent de Gotelles, que ja esdev\u00e9 un circuit d'estiu \"Mossenaire\". El circuit de gaireb\u00e9 nou quil\u00f2metres i avui\u2026","rel":"","context":"A &quot;Amistat&quot;","block_context":{"text":"Amistat","link":"https:\/\/blogs.avui.cat\/pepmoliner\/category\/amistat\/"},"img":{"alt_text":"","src":"","width":0,"height":0},"classes":[]},{"id":4564,"url":"https:\/\/blogs.avui.cat\/pepmoliner\/2017\/08\/23\/agost-mossenaire\/","url_meta":{"origin":4551,"position":4},"title":"Agost Mossenaire","author":"Pep Moliner","date":"23 d'agost de 2017","format":false,"excerpt":"El torrent de Gotelles ha estat el circuit triat per en Paco Barcia, al qui deman\u00e0vem es fes c\u00e0rrec del grup avui i no perdre la continu\u00eftat en el nostre projecte on es busca la solidaritat, amistat, amor a la natura i gaudir d'una bona xerrada mentre fem una mica\u2026","rel":"","context":"A &quot;Amistat&quot;","block_context":{"text":"Amistat","link":"https:\/\/blogs.avui.cat\/pepmoliner\/category\/amistat\/"},"img":{"alt_text":"","src":"","width":0,"height":0},"classes":[]},{"id":4707,"url":"https:\/\/blogs.avui.cat\/pepmoliner\/2018\/05\/09\/torre-mossen-homs-a-castellarnau-amb-mossenaires-2\/","url_meta":{"origin":4551,"position":5},"title":"A la font de la Tartana amb Mossenaires","author":"Pep Moliner","date":"9 de maig de 2018","format":false,"excerpt":"La font de la Tartana ha estat el dest\u00ed de la colla i el grup ha anat guiat per amigues i amics i en especial en Joan Forte, que quan cal sempre vetlla perqu\u00e8 tot vagi b\u00e9, amb la col\u00b7laboraci\u00f3 de vosaltres, que feu gran el projecte. Anar a un\u2026","rel":"","context":"A &quot;Amistat&quot;","block_context":{"text":"Amistat","link":"https:\/\/blogs.avui.cat\/pepmoliner\/category\/amistat\/"},"img":{"alt_text":"","src":"","width":0,"height":0},"classes":[]}],"_links":{"self":[{"href":"https:\/\/blogs.avui.cat\/pepmoliner\/wp-json\/wp\/v2\/posts\/4551","targetHints":{"allow":["GET"]}}],"collection":[{"href":"https:\/\/blogs.avui.cat\/pepmoliner\/wp-json\/wp\/v2\/posts"}],"about":[{"href":"https:\/\/blogs.avui.cat\/pepmoliner\/wp-json\/wp\/v2\/types\/post"}],"author":[{"embeddable":true,"href":"https:\/\/blogs.avui.cat\/pepmoliner\/wp-json\/wp\/v2\/users\/171"}],"replies":[{"embeddable":true,"href":"https:\/\/blogs.avui.cat\/pepmoliner\/wp-json\/wp\/v2\/comments?post=4551"}],"version-history":[{"count":3,"href":"https:\/\/blogs.avui.cat\/pepmoliner\/wp-json\/wp\/v2\/posts\/4551\/revisions"}],"predecessor-version":[{"id":4554,"href":"https:\/\/blogs.avui.cat\/pepmoliner\/wp-json\/wp\/v2\/posts\/4551\/revisions\/4554"}],"wp:attachment":[{"href":"https:\/\/blogs.avui.cat\/pepmoliner\/wp-json\/wp\/v2\/media?parent=4551"}],"wp:term":[{"taxonomy":"category","embeddable":true,"href":"https:\/\/blogs.avui.cat\/pepmoliner\/wp-json\/wp\/v2\/categories?post=4551"},{"taxonomy":"post_tag","embeddable":true,"href":"https:\/\/blogs.avui.cat\/pepmoliner\/wp-json\/wp\/v2\/tags?post=4551"}],"curies":[{"name":"wp","href":"https:\/\/api.w.org\/{rel}","templated":true}]}}