{"id":4547,"date":"2017-07-26T13:38:14","date_gmt":"2017-07-26T12:38:14","guid":{"rendered":"http:\/\/blogs.avui.cat\/pepmoliner\/?p=4547"},"modified":"2017-07-26T13:38:23","modified_gmt":"2017-07-26T12:38:23","slug":"mossenaires-gaudint-del-correrxerrar","status":"publish","type":"post","link":"https:\/\/blogs.avui.cat\/pepmoliner\/2017\/07\/26\/mossenaires-gaudint-del-correrxerrar\/","title":{"rendered":"Mossenaires gaudint del #correrxerrar"},"content":{"rendered":"<h3>Compreneu per qu\u00e8 val la pena el projecte?. Per la sort de poder veure aquestes rialles i que a m\u00e9s veure que totes i tots milloreu amb l&#8217;esport i el m\u00e9s important, amb el coneixement de persones, com vosaltres, que troba amb aquest projecte l&#8217;oportunitat de sempre estar envoltats de gent que val molt la pena. Per aix\u00f2 ens fa tanta il\u00b7lusi\u00f3.<\/h3>\n<h3>Per\u00f2 parlant de l&#8217;entrenament; hem baixat cap a un recorregut interessant, on fem camins i racons amples i ombr\u00edvols de vegades, que aquesta \u00e8poca de l&#8217;any s&#8217;agraeix. Seguir pel bosc de Can Deu de Sabadell i fer-nos una fotografia amb l&#8217;excusa d&#8217;anar-nos coneixent tots una mica m\u00e9s. Estar al costat de gent que de vegades ja s\u00f3n amistats nostres, i que segur que amb el temps, els que no ho s\u00f3n ho acabaran sent.<\/h3>\n<h3>Veure que no parem de xerrar i que ni ens adonem que aconseguim fer quasi deu quil\u00f2metres com si res.<\/h3>\n<h3>Llegir als que ha estat Mossenaire d&#8217;honor en els darrers deu anys, tal dia com avui del mes d&#8217;agost i que tinguem, entre tots ells, avui, a en Juanjo Fern\u00e1ndez que tant ens ha ensenyat i tant ens recolza.<\/h3>\n<h3>Veure que van venint mossenaires Nous, com avui la Maricarmen o la setmana passada en Khalid i en Xavi.<\/h3>\n<h3>I veure com tenim la sort de con\u00e8ixer detalls de persones que ens acompanyen, amb la proclamaci\u00f3 de &#8220;Mossenaire d&#8217;Honor&#8221;, com l&#8217;Eva Aranda.<\/h3>\n<h3>I saber que l&#8217;Oriol Jover, portar\u00e0 la nostra bandera durant tot l&#8217;entrenament i la desplegar\u00e0, com es fa cada setmana.<\/h3>\n<h3>Per tot aix\u00f2 i moltes altres coses: Gr\u00e0cies a tothom!!!<\/h3>\n<h3><img data-recalc-dims=\"1\" decoding=\"async\" src=\"https:\/\/i0.wp.com\/4.bp.blogspot.com\/-BFxgLv9R-Sk\/WXhDT2pu4PI\/AAAAAAAAIk4\/e-8E8PL9vWwGtR_BB5xijFVcbIMX30MiwCLcBGAs\/s800\/Mossenaires_22juliol2017-081.jpg?ssl=1\" border=\"0\" \/><br \/>\nEns fa molta il\u00b7lusi\u00f3 que l&#8217;Eva ha acceptat ser la nostra flamant Mossenaire d&#8217;honor i gr\u00e0cies pel salt!!!<\/h3>\n<h3><img data-recalc-dims=\"1\" decoding=\"async\" src=\"https:\/\/i0.wp.com\/4.bp.blogspot.com\/-PXxjPhvyqJE\/WXhC_nHbAoI\/AAAAAAAAIf0\/CqRP1ET9K7sMwAmqjNC9FqpPk91K_JmhQCLcBGAs\/s800\/Mossenaires_22juliol2017.jpg?ssl=1\" border=\"0\" \/><br \/>\nPer\u00f2 abans encara no es podia pensar que seria un dia especial<\/h3>\n<h3><img data-recalc-dims=\"1\" decoding=\"async\" src=\"https:\/\/i0.wp.com\/3.bp.blogspot.com\/-aSwWcvyxEWE\/WXhDC7eXN_I\/AAAAAAAAIgA\/9FfGTFVMicwvCfgEAL91zrN7TV1yUrOhwCLcBGAs\/s800\/Mossenaires_22juliol2017-001.jpg?ssl=1\" border=\"0\" \/><br \/>\nal costat de l&#8217;Anna, Maricarmen, Txell: l&#8217;Eva<\/h3>\n<h3><img data-recalc-dims=\"1\" decoding=\"async\" src=\"https:\/\/i0.wp.com\/1.bp.blogspot.com\/-yRwPfYK_5uE\/WXhDDJLLvGI\/AAAAAAAAIf8\/asRZhxvGHtcgphjbP7VGq3USmZPzrDKagCLcBGAs\/s800\/Mossenaires_22juliol2017-002.jpg?ssl=1\" border=\"0\" \/><br \/>\nAra si!!!<\/h3>\n<h3><img data-recalc-dims=\"1\" decoding=\"async\" src=\"https:\/\/i0.wp.com\/2.bp.blogspot.com\/-0-xD7Ystbqg\/WXhDC52Z6xI\/AAAAAAAAIf4\/3p7UYwJOqc8xb3VZhp6XUvMaVtPjXNITwCLcBGAs\/s800\/Mossenaires_22juliol2017-003.jpg?ssl=1\" border=\"0\" \/><br \/>\nEva Aranda: nominada!!<\/h3>\n<h3><img data-recalc-dims=\"1\" decoding=\"async\" src=\"https:\/\/i0.wp.com\/1.bp.blogspot.com\/-7UXI-Aj4RjA\/WXhDDf6MkSI\/AAAAAAAAIgE\/0Sz3lHtTQfsOPy4zOhLyimDnokha4wOygCLcBGAs\/s800\/Mossenaires_22juliol2017-004.jpg?ssl=1\" border=\"0\" \/><br \/>\nCinta, Maricarmen, Txell, Eva<\/h3>\n<h3><img data-recalc-dims=\"1\" decoding=\"async\" src=\"https:\/\/i0.wp.com\/4.bp.blogspot.com\/-LrCxNs1M-P4\/WXhDDhXzqlI\/AAAAAAAAIgI\/zcgvPbdtq5UxII39TMUxgAHWXV9uc5L3QCLcBGAs\/s800\/Mossenaires_22juliol2017-005.jpg?ssl=1\" border=\"0\" \/><br \/>\nLi preguntem si havia dut tot el pes de la bandera a l&#8217;Oriol<\/h3>\n<h3><img data-recalc-dims=\"1\" decoding=\"async\" src=\"https:\/\/i0.wp.com\/4.bp.blogspot.com\/-pPQtb0wbVyw\/WXhDDhYuGXI\/AAAAAAAAIgM\/fasKP_OhhI0fwTjo1L20i3Doxpy1eXHdwCLcBGAs\/s800\/Mossenaires_22juliol2017-006.jpg?ssl=1\" border=\"0\" \/><br \/>\nOriol al costat del Jordi portar\u00e0 la nostra bandera<\/h3>\n<h3><img data-recalc-dims=\"1\" decoding=\"async\" src=\"https:\/\/i0.wp.com\/3.bp.blogspot.com\/-fXIWWn_J8cg\/WXhDEs74z-I\/AAAAAAAAIgY\/cHpuiwI-7vwNC6Ujq_849_8awdYtrxq4wCLcBGAs\/s800\/Mossenaires_22juliol2017-007.jpg?ssl=1\" border=\"0\" \/><br \/>\n<a class=\"postlink\" href=\"http:\/\/mossenhoms.netfreehost.com\/viewtopic.php?p=14064&amp;mforum=mossenhoms#14064\" target=\"_blank\" rel=\"noopener noreferrer\">Oriol Jover\u00a0<\/a>&lt;\u2014 bandera<\/h3>\n<h3><img data-recalc-dims=\"1\" decoding=\"async\" src=\"https:\/\/i0.wp.com\/4.bp.blogspot.com\/-o1ACdEaAYPw\/WXhDEUOXCDI\/AAAAAAAAIgU\/r90APZq3D3kTXD6q_vpPUO1Xb7v1Mk8hgCLcBGAs\/s800\/Mossenaires_22juliol2017-008.jpg?ssl=1\" border=\"0\" \/><br \/>\nKhalid es va estrenar la setmana passada: ja porta dues vegades!!!<\/h3>\n<h3><img data-recalc-dims=\"1\" decoding=\"async\" src=\"https:\/\/i0.wp.com\/3.bp.blogspot.com\/-dndrIv98-p4\/WXhDEVXpsHI\/AAAAAAAAIgQ\/85FXZOhg7y0XceWQvJiPAwjaOfkGzwqKQCLcBGAs\/s800\/Mossenaires_22juliol2017-009.jpg?ssl=1\" border=\"0\" \/><br \/>\nAntonio, Manuel, Gaby, JuanMa<\/h3>\n<h3><img data-recalc-dims=\"1\" decoding=\"async\" src=\"https:\/\/i0.wp.com\/4.bp.blogspot.com\/-_sQzMK79qpI\/WXhDE1TvEZI\/AAAAAAAAIgc\/ByHJ4eo2-A4Zqa0pVkN-28Ks_dCjSPNuACLcBGAs\/s800\/Mossenaires_22juliol2017-010.jpg?ssl=1\" border=\"0\" \/><br \/>\n<a class=\"postlink\" href=\"http:\/\/mossenhoms.netfreehost.com\/mossenhoms-post-8218.html#8218\" target=\"_blank\" rel=\"noopener noreferrer\">Jordi Vi\u00f1eta\u00a0<\/a><\/h3>\n<h3><img data-recalc-dims=\"1\" decoding=\"async\" src=\"https:\/\/i0.wp.com\/2.bp.blogspot.com\/-L_JJ82eMt3M\/WXhDExV6FpI\/AAAAAAAAIgg\/giBwW_vxeZo_UsTlDoVS2V-rhj5FF9-LACLcBGAs\/s800\/Mossenaires_22juliol2017-011.jpg?ssl=1\" border=\"0\" \/><br \/>\n<a class=\"postlink\" href=\"http:\/\/mossenhoms.netfreehost.com\/viewtopic.php?p=13985&amp;mforum=mossenhoms#13985\" target=\"_blank\" rel=\"noopener noreferrer\">Roberto Ferrero\u00a0<\/a><\/h3>\n<h3><img data-recalc-dims=\"1\" decoding=\"async\" src=\"https:\/\/i0.wp.com\/4.bp.blogspot.com\/-pyNLaTIV4gE\/WXhDFE2KK8I\/AAAAAAAAIgk\/DESWnNjX9nA5SM292WFrBAZYlJt1izPsACLcBGAs\/s800\/Mossenaires_22juliol2017-012.jpg?ssl=1\" border=\"0\" \/><br \/>\nOlga, Paco, Santi<\/h3>\n<h3><img data-recalc-dims=\"1\" decoding=\"async\" src=\"https:\/\/i0.wp.com\/1.bp.blogspot.com\/-8sXrOqG5HME\/WXhDFk6fnrI\/AAAAAAAAIgo\/ravfZKijcjE8pLsIwyUA35AJMEVf_ES8gCLcBGAs\/s800\/Mossenaires_22juliol2017-013.jpg?ssl=1\" border=\"0\" \/><br \/>\n<a class=\"postlink\" href=\"http:\/\/mossenhoms.netfreehost.com\/viewtopic.php?p=13584&amp;mforum=mossenhoms#13584\" target=\"_blank\" rel=\"noopener noreferrer\">Miquel Piqueras\u00a0<\/a><\/h3>\n<h3><img data-recalc-dims=\"1\" decoding=\"async\" src=\"https:\/\/i0.wp.com\/2.bp.blogspot.com\/-wXV6d8CEdAQ\/WXhDFgtruXI\/AAAAAAAAIgs\/Y0FhKnsjY8EF3TPocap5x74ahkAj89fGACLcBGAs\/s800\/Mossenaires_22juliol2017-014.jpg?ssl=1\" border=\"0\" \/><br \/>\nAntonio, (holaaa !!) Eva, Carlos, Sandra<\/h3>\n<h3><img data-recalc-dims=\"1\" decoding=\"async\" src=\"https:\/\/i0.wp.com\/4.bp.blogspot.com\/-kqWuVG1I_H0\/WXhDF6xxp5I\/AAAAAAAAIgw\/oN7SFzgQvsgm7b_YwTAzjDTzqO6Qofa3QCLcBGAs\/s800\/Mossenaires_22juliol2017-015.jpg?ssl=1\" border=\"0\" \/><br \/>\nManolo, Antonio, Eva<\/h3>\n<h3><img data-recalc-dims=\"1\" decoding=\"async\" src=\"https:\/\/i0.wp.com\/2.bp.blogspot.com\/-rmq57GgTGzI\/WXhDGN5EKkI\/AAAAAAAAIg0\/CmBAh8SenRUzviMQMVlP-xxuwS1o0HGnwCLcBGAs\/s800\/Mossenaires_22juliol2017-016.jpg?ssl=1\" border=\"0\" \/><br \/>\nToni, Juan Miguel, Miguel, Sandra, Joaquin<\/h3>\n<h3><img data-recalc-dims=\"1\" decoding=\"async\" src=\"https:\/\/i0.wp.com\/1.bp.blogspot.com\/-KIXFmJIkunY\/WXhDGEZEDUI\/AAAAAAAAIg4\/h4Afr9bvyvAvroI_oq164dHlDhAc4l8EgCLcBGAs\/s800\/Mossenaires_22juliol2017-017.jpg?ssl=1\" border=\"0\" \/><br \/>\nEva al reagrupament<\/h3>\n<h3><img data-recalc-dims=\"1\" decoding=\"async\" src=\"https:\/\/i0.wp.com\/1.bp.blogspot.com\/-vVm4oJhaKnA\/WXhDGWop9TI\/AAAAAAAAIg8\/MZBupClAbgQ_ey7uBJo45ben5ZavFYOJwCLcBGAs\/s800\/Mossenaires_22juliol2017-018.jpg?ssl=1\" border=\"0\" \/><br \/>\nLa primera de reemprendre<\/h3>\n<h3><img data-recalc-dims=\"1\" decoding=\"async\" src=\"https:\/\/i0.wp.com\/1.bp.blogspot.com\/-lPR7_StxlYM\/WXhDGon_3EI\/AAAAAAAAIhA\/XlAmE2xom3cWqJas1OTHHhP1xPN3JcGqACLcBGAs\/s800\/Mossenaires_22juliol2017-019.jpg?ssl=1\" border=\"0\" \/><br \/>\nSempre amb la imponent Mola: Quim, Eva, Maricarmen, Txell<\/h3>\n<h3><img data-recalc-dims=\"1\" decoding=\"async\" src=\"https:\/\/i0.wp.com\/2.bp.blogspot.com\/-jrKi1GB2rkw\/WXhDG0vxToI\/AAAAAAAAIhE\/Qs_Y21mlHdYaWBvJqB2DDqQ7G1iDvtTOQCLcBGAs\/s800\/Mossenaires_22juliol2017-020.jpg?ssl=1\" border=\"0\" \/><br \/>\nSempre amb la imponent Mola: Cinta, Anna, Esteban, Gemma, Manuel<\/h3>\n<h3><img data-recalc-dims=\"1\" decoding=\"async\" src=\"https:\/\/i0.wp.com\/2.bp.blogspot.com\/-4eR-SsYzX0s\/WXhDHKbrCcI\/AAAAAAAAIhI\/4-oJ4bsbg88v2HE2uJ9ySNpadJDY9ijXACLcBGAs\/s800\/Mossenaires_22juliol2017-021.jpg?ssl=1\" border=\"0\" \/><br \/>\nSempre amb la imponent Mola: Carmelo, Josep, Toni, Oriol, Paco<\/h3>\n<h3><img data-recalc-dims=\"1\" decoding=\"async\" src=\"https:\/\/i0.wp.com\/1.bp.blogspot.com\/-Ntip0M400eg\/WXhDHKhk6eI\/AAAAAAAAIhM\/Qcs4Lwc0Vl0xZqsMaAqsHC3-RqXpMJzBgCLcBGAs\/s800\/Mossenaires_22juliol2017-022.jpg?ssl=1\" border=\"0\" \/><br \/>\nSempre amb la imponent Mola: Juanjo, Josep, Carmelo, Oriol, Toni<\/h3>\n<h3><img data-recalc-dims=\"1\" decoding=\"async\" src=\"https:\/\/i0.wp.com\/2.bp.blogspot.com\/-zS2A-mm0-gg\/WXhDHS2KMxI\/AAAAAAAAIhQ\/pSoavMZWQQ8Xhk6VE-w8BK_Cb_JfsIEAgCLcBGAs\/s800\/Mossenaires_22juliol2017-023.jpg?ssl=1\" border=\"0\" \/><br \/>\nAnna, Miguel, Sandra, Joaquin, Paco, Olga, Santi<\/h3>\n<h3><img data-recalc-dims=\"1\" decoding=\"async\" src=\"https:\/\/i0.wp.com\/3.bp.blogspot.com\/-CVPPKImfSEE\/WXhDHn9aRTI\/AAAAAAAAIhU\/2Ffess-U3rwZUt8aqCRbQGa0zNkJMvUxwCLcBGAs\/s800\/Mossenaires_22juliol2017-024.jpg?ssl=1\" border=\"0\" \/><br \/>\nJuan Miugel, Carlos, Antonio, Roberto, Anna, Miguel, Joaquin, Sandra<\/h3>\n<h3><img data-recalc-dims=\"1\" decoding=\"async\" src=\"https:\/\/i0.wp.com\/4.bp.blogspot.com\/-0dpGzy9Gza4\/WXhDH-ZtuaI\/AAAAAAAAIhY\/ummHpVqqG_gLJesRgO4axn2jmP4y0EHrQCLcBGAs\/s800\/Mossenaires_22juliol2017-025.jpg?ssl=1\" border=\"0\" \/><br \/>\nManolo, Antonio, Eva, Miquel, Juan Miguel, Antonio<\/h3>\n<h3><img data-recalc-dims=\"1\" decoding=\"async\" src=\"https:\/\/i0.wp.com\/3.bp.blogspot.com\/-gRfeQfctQTo\/WXhDH2g2UjI\/AAAAAAAAIhc\/SL0OlvBGSjYPxsRa7bt-3PWIanFNOp3-QCLcBGAs\/s800\/Mossenaires_22juliol2017-026.jpg?ssl=1\" border=\"0\" \/><br \/>\nSempre amb la imponent Mola: Eva<\/h3>\n<h3><img data-recalc-dims=\"1\" decoding=\"async\" src=\"https:\/\/i0.wp.com\/3.bp.blogspot.com\/-lraNxDFK1D4\/WXhDIPtPdmI\/AAAAAAAAIhg\/5INMWH6JEOcuoh_12fgNK9_9_y9rvEUYgCLcBGAs\/s800\/Mossenaires_22juliol2017-027.jpg?ssl=1\" border=\"0\" \/><br \/>\nSempre amb la imponent Mola: Manolo, Antonio<\/h3>\n<h3><img data-recalc-dims=\"1\" decoding=\"async\" src=\"https:\/\/i0.wp.com\/1.bp.blogspot.com\/-YSTY1CC1JME\/WXhDIiAwnMI\/AAAAAAAAIhk\/a-H1OrgqvrkktPOrzLWeM3sIgPUjssrwwCLcBGAs\/s800\/Mossenaires_22juliol2017-028.jpg?ssl=1\" border=\"0\" \/><br \/>\nMoments ideals per reposar un xic i poder xerrar un xic<\/h3>\n<h3><img data-recalc-dims=\"1\" decoding=\"async\" src=\"https:\/\/i0.wp.com\/3.bp.blogspot.com\/--peO2mjlQl4\/WXhDI386Y3I\/AAAAAAAAIhs\/U43Ri_wQerU6lHewUYa-PTWmtsyrOT2WgCLcBGAs\/s800\/Mossenaires_22juliol2017-029.jpg?ssl=1\" border=\"0\" \/><br \/>\nI continuem la marxa, amb Jordi, JuanMa i Gabi al capdavant<\/h3>\n<h3><img data-recalc-dims=\"1\" decoding=\"async\" src=\"https:\/\/i0.wp.com\/2.bp.blogspot.com\/-lTx5E3pTEdE\/WXhDIwQUf2I\/AAAAAAAAIho\/YsHnbfpK-o0ABxNLkPFWxNCWXDtdhKUkACLcBGAs\/s800\/Mossenaires_22juliol2017-030.jpg?ssl=1\" border=\"0\" \/><br \/>\nEva continua l&#8217;entrenament<\/h3>\n<h3><img data-recalc-dims=\"1\" decoding=\"async\" src=\"https:\/\/i0.wp.com\/2.bp.blogspot.com\/-fSIj12GMO2U\/WXhDJLerp2I\/AAAAAAAAIhw\/qvGvR0-wvxwmPXi3XmiAUCWc3CibTn_bACLcBGAs\/s800\/Mossenaires_22juliol2017-031.jpg?ssl=1\" border=\"0\" \/><br \/>\nToni al costat de l&#8217;Oriol, el portador de la bandera<\/h3>\n<h3><img data-recalc-dims=\"1\" decoding=\"async\" src=\"https:\/\/i0.wp.com\/2.bp.blogspot.com\/-F4fes_invA8\/WXhDJcPmZII\/AAAAAAAAIh0\/plBHAwPHGzgBxHCnS9mQlrBPCjWOaSD5gCLcBGAs\/s800\/Mossenaires_22juliol2017-032.jpg?ssl=1\" border=\"0\" \/><br \/>\n<a class=\"postlink\" href=\"http:\/\/mossenhoms.netfreehost.com\/viewtopic.php?p=14064&amp;mforum=mossenhoms#14064\" target=\"_blank\" rel=\"noopener noreferrer\">Oriol Jover\u00a0<\/a>&lt;\u2014 bandera<\/h3>\n<h3><img data-recalc-dims=\"1\" decoding=\"async\" src=\"https:\/\/i0.wp.com\/4.bp.blogspot.com\/-TArfPkSz5r8\/WXhDJ0K7HeI\/AAAAAAAAIiA\/DnHkstGAjn8iAJovDCoespP7a-SdJxKQwCLcBGAs\/s800\/Mossenaires_22juliol2017-033.jpg?ssl=1\" border=\"0\" \/><br \/>\n<a class=\"postlink\" href=\"http:\/\/mossenhoms.netfreehost.com\/mossenhoms-post-13856.html#13856\" target=\"_blank\" rel=\"noopener noreferrer\">Toni Ga\u00f1et Fueris\u00a0<\/a><\/h3>\n<h3><img data-recalc-dims=\"1\" decoding=\"async\" src=\"https:\/\/i0.wp.com\/1.bp.blogspot.com\/-Mtl9riGpUxI\/WXhDJhPTLKI\/AAAAAAAAIh4\/cldryIZb1JEbXHVy6kAh4qRq3NrsCRDhgCLcBGAs\/s800\/Mossenaires_22juliol2017-034.jpg?ssl=1\" border=\"0\" \/><br \/>\nEn Juanjo, que avui ser\u00e0 per ell un dia especial als entrenaments Mossenaires: entenaments en grup a Torre Moss\u00e8n Homs<\/h3>\n<h3><img data-recalc-dims=\"1\" decoding=\"async\" src=\"https:\/\/i0.wp.com\/2.bp.blogspot.com\/-q1ZqXIW24HI\/WXhDJqMeN-I\/AAAAAAAAIh8\/h5uW0m6Y_k45ABU1ZVSj0p9FSrM4CYqHQCLcBGAs\/s800\/Mossenaires_22juliol2017-035.jpg?ssl=1\" border=\"0\" \/><br \/>\nSempre acompanyat dels seu incondicional\u00a0<a class=\"postlink\" href=\"http:\/\/entrenamentstorremossenhoms.blogspot.com.es\/2014\/11\/yuma-el-can-mossenaire.html\" target=\"_blank\" rel=\"noopener noreferrer\">Yuma\u00a0<\/a><\/h3>\n<h3><img data-recalc-dims=\"1\" decoding=\"async\" src=\"https:\/\/i0.wp.com\/2.bp.blogspot.com\/-m8_9YtgzJ_4\/WXhDKaVrDeI\/AAAAAAAAIiE\/e57vjyPycRYyxmXI2BBaIq8c3I2xep0ggCLcBGAs\/s800\/Mossenaires_22juliol2017-036.jpg?ssl=1\" border=\"0\" \/><br \/>\nEva, Maricarmen, Anna, Cinta, Txell<\/h3>\n<h3><img data-recalc-dims=\"1\" decoding=\"async\" src=\"https:\/\/i0.wp.com\/1.bp.blogspot.com\/-9y99bfq7NDo\/WXhDKXE4mpI\/AAAAAAAAIiI\/HYz3BV_ooFwiSOl0lgh4c6A4ebYqsZ-0QCLcBGAs\/s800\/Mossenaires_22juliol2017-037.jpg?ssl=1\" border=\"0\" \/><br \/>\nVolem agrair a qui vetlla per nosaltres i es posen en llocs per alertar al tr\u00e0nsit al moment de creura la carretra de Matadepera-Sabadell<\/h3>\n<h3><img data-recalc-dims=\"1\" decoding=\"async\" src=\"https:\/\/i0.wp.com\/1.bp.blogspot.com\/-ZJHuY9O7M2Y\/WXhDKYhdwWI\/AAAAAAAAIiM\/ac_Zzz8zbioLjhQcOXe3FrI-cMdAAqOIwCLcBGAs\/s800\/Mossenaires_22juliol2017-038.jpg?ssl=1\" border=\"0\" \/><br \/>\nI amb en\u00a0<a class=\"postlink\" href=\"http:\/\/mossenhoms.netfreehost.com\/viewtopic.php?p=10724&amp;mforum=mossenhoms#10724\" target=\"_blank\" rel=\"noopener noreferrer\">Joaqu\u00edn Izquierdo\u00a0<\/a>, travessem la carretera<\/h3>\n<h3><img data-recalc-dims=\"1\" decoding=\"async\" src=\"https:\/\/i0.wp.com\/3.bp.blogspot.com\/-LOkpH2vU0Sk\/WXhDKyBgRxI\/AAAAAAAAIiQ\/jd9c0teasq80JBieEkXRuh1HxfVsvoV3QCLcBGAs\/s800\/Mossenaires_22juliol2017-039.jpg?ssl=1\" border=\"0\" \/><\/h3>\n<h3><img data-recalc-dims=\"1\" decoding=\"async\" src=\"https:\/\/i0.wp.com\/3.bp.blogspot.com\/-fb2wzSYlM6w\/WXhDLQ1V5bI\/AAAAAAAAIiY\/eyUyC2olYK8M2kiwPZHR69EYYZM-wZKiQCLcBGAs\/s800\/Mossenaires_22juliol2017-040.jpg?ssl=1\" border=\"0\" \/><br \/>\nContinuem creuant la carretera i com veieu a la carretera tenim a en\u00a0<a class=\"postlink\" href=\"http:\/\/mossenhoms.netfreehost.com\/mossenhoms-post-8218.html#8218\" target=\"_blank\" rel=\"noopener noreferrer\">Jordi Vi\u00f1eta\u00a0<\/a>que ens protegeix alertant el tr\u00e0nsit pel Nord<\/h3>\n<h3><img data-recalc-dims=\"1\" decoding=\"async\" src=\"https:\/\/i0.wp.com\/1.bp.blogspot.com\/-Ncf2kJZPsiU\/WXhDLRtaHhI\/AAAAAAAAIiU\/axvT82dU2sQLRXcJzypbi91akFIxzIZiACLcBGAs\/s800\/Mossenaires_22juliol2017-041.jpg?ssl=1\" border=\"0\" \/><br \/>\nEsteban en primer terme, que va venir gr\u00e0cies a la\u00a0<a class=\"postlink\" href=\"http:\/\/mossenhoms.netfreehost.com\/mossenhoms-post-14045.html#14045\" target=\"_blank\" rel=\"noopener noreferrer\">Pli Callejas\u00a0<\/a><\/h3>\n<h3><img data-recalc-dims=\"1\" decoding=\"async\" src=\"https:\/\/i0.wp.com\/1.bp.blogspot.com\/-KLrIMBs5Ul8\/WXhDLgbmZcI\/AAAAAAAAIic\/FYJMzCi61g4j3lrLkg1ezMZioXZbIBgxwCLcBGAs\/s800\/Mossenaires_22juliol2017-042.jpg?ssl=1\" border=\"0\" \/><br \/>\nAnna, Cinta, Josep<\/h3>\n<h3><img data-recalc-dims=\"1\" decoding=\"async\" src=\"https:\/\/i0.wp.com\/4.bp.blogspot.com\/-7nej7QbCqng\/WXhDMJ1CV_I\/AAAAAAAAIik\/WHF_11pyeR0NK5JwYz3B2NlPP4XrEtvxQCLcBGAs\/s800\/Mossenaires_22juliol2017-043.jpg?ssl=1\" border=\"0\" \/><br \/>\nPaco, Txell, Juan Miguel<\/h3>\n<h3><img data-recalc-dims=\"1\" decoding=\"async\" src=\"https:\/\/i0.wp.com\/2.bp.blogspot.com\/-zWO0CF2CLOc\/WXhDL65vN4I\/AAAAAAAAIig\/nl5yrT_wpkIBEZQTymYUFSMy5R46Zp45gCLcBGAs\/s800\/Mossenaires_22juliol2017-044.jpg?ssl=1\" border=\"0\" \/><br \/>\nEva i Maricarmen<\/h3>\n<h3><img data-recalc-dims=\"1\" decoding=\"async\" src=\"https:\/\/i0.wp.com\/2.bp.blogspot.com\/-oa1F7WffC4o\/WXhDMY70JCI\/AAAAAAAAIio\/3qD8QpuPKtMXYZ2U6-ZUSNBJH1E7CrFiACLcBGAs\/s800\/Mossenaires_22juliol2017-045.jpg?ssl=1\" border=\"0\" \/><br \/>\na la recta principal del Bosc de Can Deu<\/h3>\n<h3><img data-recalc-dims=\"1\" decoding=\"async\" src=\"https:\/\/i0.wp.com\/3.bp.blogspot.com\/-sBiRQOXeM34\/WXhDMqcGtpI\/AAAAAAAAIis\/ER73ip8keAYzTaBRcLycigsIJG1gTvFmQCLcBGAs\/s800\/Mossenaires_22juliol2017-046.jpg?ssl=1\" border=\"0\" \/><\/h3>\n<h3><img data-recalc-dims=\"1\" decoding=\"async\" src=\"https:\/\/i0.wp.com\/3.bp.blogspot.com\/-_5Vcbn-Ijys\/WXhDMvklulI\/AAAAAAAAIiw\/CQfksDYIP2cxexUVxeZjXVMjVBX1rDMEQCLcBGAs\/s800\/Mossenaires_22juliol2017-047.jpg?ssl=1\" border=\"0\" \/><br \/>\nEns agrada veure a en Juanjo encomanant amb aquest riure<\/h3>\n<h3><img data-recalc-dims=\"1\" decoding=\"async\" src=\"https:\/\/i0.wp.com\/1.bp.blogspot.com\/-c0G1HcNLwAA\/WXhDNPv-rgI\/AAAAAAAAIi0\/dwsUIjL5PlMcQ9uajaUa-g0jYisTYUTlgCLcBGAs\/s800\/Mossenaires_22juliol2017-048.jpg?ssl=1\" border=\"0\" \/><br \/>\nMoment d&#8217;hidrataci\u00f3 amb en Manuel, Anna i Joaquin<\/h3>\n<h3><img data-recalc-dims=\"1\" decoding=\"async\" src=\"https:\/\/i0.wp.com\/2.bp.blogspot.com\/-VsbWnGswMq0\/WXhDNI7xCFI\/AAAAAAAAIi4\/AjHGj266aocNLLy28jATVxqdKOfKc1ETgCLcBGAs\/s800\/Mossenaires_22juliol2017-049.jpg?ssl=1\" border=\"0\" \/><br \/>\nI el clatell tamb\u00e9<\/h3>\n<h3><img data-recalc-dims=\"1\" decoding=\"async\" src=\"https:\/\/i0.wp.com\/3.bp.blogspot.com\/-hXM7yN0hMjE\/WXhDNMGZ39I\/AAAAAAAAIi8\/WrL3wT1uLx0Ql0mTt5sXsDHONbuL7UoeQCLcBGAs\/s800\/Mossenaires_22juliol2017-050.jpg?ssl=1\" border=\"0\" \/><br \/>\nArriba la nostra\u00a0<a class=\"postlink\" href=\"http:\/\/mossenhoms.netfreehost.com\/viewtopic.php?p=14064&amp;mforum=mossenhoms#14064\" target=\"_blank\" rel=\"noopener noreferrer\">Oriol Jover\u00a0<\/a>&lt;\u2014 bandera<\/h3>\n<h3><img data-recalc-dims=\"1\" decoding=\"async\" src=\"https:\/\/i0.wp.com\/3.bp.blogspot.com\/-QYsHSPpT6xQ\/WXhDNx0tpTI\/AAAAAAAAIjA\/3_tqIKxpc_c1i6FUI7i_1V7nYi2Y2IkmwCLcBGAs\/s800\/Mossenaires_22juliol2017-051.jpg?ssl=1\" border=\"0\" \/><\/h3>\n<h3><img data-recalc-dims=\"1\" decoding=\"async\" src=\"https:\/\/i0.wp.com\/4.bp.blogspot.com\/-YJul9TpTnk0\/WXhDNxWuvfI\/AAAAAAAAIjI\/IPdZH0IaR189ssqxhXgdArms-o8c8yTLgCLcBGAs\/s800\/Mossenaires_22juliol2017-052.jpg?ssl=1\" border=\"0\" \/><\/h3>\n<h3><img data-recalc-dims=\"1\" decoding=\"async\" src=\"https:\/\/i0.wp.com\/4.bp.blogspot.com\/-DqqUy-ujQFw\/WXhDN7_i4jI\/AAAAAAAAIjE\/GyyNb88wN8wFqMVKPOC36oonIdBthbhrwCLcBGAs\/s800\/Mossenaires_22juliol2017-053.jpg?ssl=1\" border=\"0\" \/><br \/>\ndesplegament<\/h3>\n<h3><img data-recalc-dims=\"1\" decoding=\"async\" src=\"https:\/\/i0.wp.com\/3.bp.blogspot.com\/-B76WlBtjkgs\/WXhDOv5drrI\/AAAAAAAAIjM\/nWkoL9ae9X4Y-IadXIkPykuYpdiPv67gwCLcBGAs\/s800\/Mossenaires_22juliol2017-054.jpg?ssl=1\" border=\"0\" \/><br \/>\nLa Gemma ens retrata<\/h3>\n<h3><img data-recalc-dims=\"1\" decoding=\"async\" src=\"https:\/\/i0.wp.com\/4.bp.blogspot.com\/-tUWzwfR9q14\/WXhuQM0t81I\/AAAAAAAAIlo\/ejSGyL3zmAYEd3LdoY-e_b3aHkDA65zqgCLcBGAs\/s800\/1-Mossenaires_22juliol2017-086.jpg?ssl=1\" border=\"0\" \/><br \/>\nLa foto de la Gemma!!, gr\u00e1cies!!!<\/h3>\n<h3><img data-recalc-dims=\"1\" decoding=\"async\" src=\"https:\/\/i0.wp.com\/1.bp.blogspot.com\/-4SRhXLtDBOE\/WXhDO0EtF0I\/AAAAAAAAIjU\/AUAnN7sbxA4dPXfJOvNQ4NgoGID3CGTZgCLcBGAs\/s800\/Mossenaires_22juliol2017-055.jpg?ssl=1\" border=\"0\" \/><br \/>\n&#8230; i un aniversari que ens fa molta il\u00b7lusi\u00f3 del dia de la proclamaci\u00f3 d&#8217;en\u00a0<a class=\"postlink\" href=\"http:\/\/mossenhoms.netfreehost.com\/viewtopic.php?p=13469&amp;mforum=mossenhoms#13469\" target=\"_blank\" rel=\"noopener noreferrer\">Juanjo Fernandez\u00a0<\/a><\/h3>\n<h3><img data-recalc-dims=\"1\" decoding=\"async\" src=\"https:\/\/i0.wp.com\/4.bp.blogspot.com\/-9yLMfdhI1y8\/WXhDOkSyLzI\/AAAAAAAAIjQ\/PNEip3JCwGYewkQA_mUUXbhiHoszvNaFgCLcBGAs\/s800\/Mossenaires_22juliol2017-056.jpg?ssl=1\" border=\"0\" \/><br \/>\n<a class=\"postlink\" href=\"http:\/\/mossenhoms.netfreehost.com\/viewtopic.php?p=13469&amp;mforum=mossenhoms#13469\" target=\"_blank\" rel=\"noopener noreferrer\">Juanjo Fern\u00e1ndez\u00a0<\/a>va ser Mossenaire d&#8217;honor tal dia com avui del 2013. Gr\u00e0cies per tot\u00a0<a class=\"postlink\" href=\"http:\/\/mossenhoms.netfreehost.com\/viewtopic.php?p=13469&amp;mforum=mossenhoms#13469\" target=\"_blank\" rel=\"noopener noreferrer\">Juanjo\u00a0<\/a><\/h3>\n<h3><img data-recalc-dims=\"1\" decoding=\"async\" src=\"https:\/\/i0.wp.com\/2.bp.blogspot.com\/-HSYx6GqKFJ0\/WXhDPObKwzI\/AAAAAAAAIjY\/ISHZFK7-cZYoUc2TrT96a4IivM3Lf1x4gCLcBGAs\/s800\/Mossenaires_22juliol2017-057.jpg?ssl=1\" border=\"0\" \/><br \/>\n<a class=\"postlink\" href=\"http:\/\/mossenhoms.netfreehost.com\/viewtopic.php?p=13469&amp;mforum=mossenhoms#13469\" target=\"_blank\" rel=\"noopener noreferrer\">Juanjo Fern\u00e1ndez\u00a0<\/a><\/h3>\n<h3><img data-recalc-dims=\"1\" decoding=\"async\" src=\"https:\/\/i0.wp.com\/4.bp.blogspot.com\/-dTTGT4TVsKg\/WXhDPan3MzI\/AAAAAAAAIjc\/hjSUBUMpnq8eH1peiT_b-NHq-J_X7k7hQCLcBGAs\/s800\/Mossenaires_22juliol2017-058.jpg?ssl=1\" border=\"0\" \/><br \/>\nI el moment del a proclamaci\u00f3 de l&#8217;Eva<\/h3>\n<h3><img data-recalc-dims=\"1\" decoding=\"async\" src=\"https:\/\/i0.wp.com\/4.bp.blogspot.com\/-gy9QQ_LhHb4\/WXhDPe8SWgI\/AAAAAAAAIjg\/8bhiRNn4cpYyVbHUeyvJZucx_7kZNqAoACLcBGAs\/s800\/Mossenaires_22juliol2017-059.jpg?ssl=1\" border=\"0\" \/><br \/>\nI surt i rep el vostre aplaudiment ben merescut<\/h3>\n<h3><img data-recalc-dims=\"1\" decoding=\"async\" src=\"https:\/\/i0.wp.com\/1.bp.blogspot.com\/-yYecbTPIeWQ\/WXhDPiPiYuI\/AAAAAAAAIjk\/9aGdH4PCijwWZjwTNOzpBajcvBI7Bi9yACLcBGAs\/s800\/Mossenaires_22juliol2017-060.jpg?ssl=1\" border=\"0\" \/><br \/>\nEva Aranda, ja \u00e9s &#8220;Mossenaire d&#8217;honor&#8221;<\/h3>\n<h3><img data-recalc-dims=\"1\" decoding=\"async\" src=\"https:\/\/i0.wp.com\/3.bp.blogspot.com\/-du0oPjuclYo\/WXhDP_hpLBI\/AAAAAAAAIjo\/ZE_bCgVXJBQg2VS82jb8359NbwCbms-3wCLcBGAs\/s800\/Mossenaires_22juliol2017-061.jpg?ssl=1\" border=\"0\" \/><br \/>\nEnhorabona i gr\u00e0cies per tot Eva<\/h3>\n<h3><img data-recalc-dims=\"1\" decoding=\"async\" src=\"https:\/\/i0.wp.com\/2.bp.blogspot.com\/-ZIGLG-t2YP0\/WXhDQDihyDI\/AAAAAAAAIjs\/o3URgDUqDvo1Ph2XDzhGedcuiUsaedeQQCLcBGAs\/s800\/Mossenaires_22juliol2017-062.jpg?ssl=1\" border=\"0\" \/><br \/>\nEva Aranda: &#8220;Mossenaire d&#8217;Honor&#8221;<\/h3>\n<h3><img data-recalc-dims=\"1\" decoding=\"async\" src=\"https:\/\/i0.wp.com\/1.bp.blogspot.com\/-00nf-Y94OQw\/WXhDQbWLrkI\/AAAAAAAAIjw\/LFjTP-PgYi8dPybYb4mzb7UHUN0nR6KIQCLcBGAs\/s800\/Mossenaires_22juliol2017-063.jpg?ssl=1\" border=\"0\" \/><br \/>\nI la sorpresa \u00e9s que a Eva ens ha dut una amiga que avui ser\u00e0 la nostra Mossenaire Nova: la Maricarmen S\u00e1nchez. Gr\u00e0cies i benvinguda i per molts anys!!<\/h3>\n<h3><img data-recalc-dims=\"1\" decoding=\"async\" src=\"https:\/\/i0.wp.com\/2.bp.blogspot.com\/-lpUaG6dV450\/WXhDQdl64VI\/AAAAAAAAIj0\/YtQk2E8lFVk90lZrgWSrnQUSZv_mfhw4wCLcBGAs\/s800\/Mossenaires_22juliol2017-064.jpg?ssl=1\" border=\"0\" \/><br \/>\nMaricarmen S\u00e1nchez<\/h3>\n<h3><img data-recalc-dims=\"1\" decoding=\"async\" src=\"https:\/\/i0.wp.com\/4.bp.blogspot.com\/-1jHY66ZtkXo\/WXhDQ6noqkI\/AAAAAAAAIj8\/ihSyWCC6vOUQGTLWcq7oSoWsV84kSUHeACLcBGAs\/s800\/Mossenaires_22juliol2017-065.jpg?ssl=1\" border=\"0\" \/><br \/>\nI la fotofografia de Fam\u00edlia on de nou hem gaudit de la vostra companyia, conversa i bones vibracions. Sempre ens sorpr\u00e8n alguna cosa i el que m\u00e9s sorpr\u00e8n \u00e9s que us veiem gaudir quasi sempre. Enhorabona!!<\/h3>\n<h3><img data-recalc-dims=\"1\" decoding=\"async\" src=\"https:\/\/i0.wp.com\/4.bp.blogspot.com\/-F4BwfwRildc\/WXhDQwnHYxI\/AAAAAAAAIj4\/-DzNZnGdTtYIQOAnnGErBvzNpgH-IZfagCLcBGAs\/s800\/Mossenaires_22juliol2017-066.jpg?ssl=1\" border=\"0\" \/><\/h3>\n<h3><img data-recalc-dims=\"1\" decoding=\"async\" src=\"https:\/\/i0.wp.com\/3.bp.blogspot.com\/-GpvJIyyIvo0\/WXhDRHjW_MI\/AAAAAAAAIkA\/36ilws3lLosvkHITv7vdTh1ZiQAnDVRuwCLcBGAs\/s800\/Mossenaires_22juliol2017-067.jpg?ssl=1\" border=\"0\" \/><\/h3>\n<h3><img data-recalc-dims=\"1\" decoding=\"async\" src=\"https:\/\/i0.wp.com\/3.bp.blogspot.com\/-pvcDMDH8IuY\/WXhDRWbmpEI\/AAAAAAAAIkE\/flDCGpeY3RQm1FFgUI_V7__6ps9x6KwlgCLcBGAs\/s31600\/Mossenaires_22juliol2017-068.jpg?ssl=1\" border=\"0\" \/><\/h3>\n<h3><img data-recalc-dims=\"1\" decoding=\"async\" src=\"https:\/\/i0.wp.com\/3.bp.blogspot.com\/-gw7jSvaRe8o\/WXhDRZNCLFI\/AAAAAAAAIkI\/mVUeV7i6G1wiqu7mZK_NjjMdZkbJQ81AACLcBGAs\/s800\/Mossenaires_22juliol2017-069.jpg?ssl=1\" border=\"0\" \/><br \/>\nEva, Maricarmen, Anna<\/h3>\n<h3><img data-recalc-dims=\"1\" decoding=\"async\" src=\"https:\/\/i0.wp.com\/4.bp.blogspot.com\/-ibnjGACFBRY\/WXhDRvjs7VI\/AAAAAAAAIkM\/BgvSFVATpccZGwXtH8sJgvgqAu7o4ZKNgCLcBGAs\/s800\/Mossenaires_22juliol2017-070.jpg?ssl=1\" border=\"0\" \/><\/h3>\n<h3><img data-recalc-dims=\"1\" decoding=\"async\" src=\"https:\/\/i0.wp.com\/4.bp.blogspot.com\/-ibnjGACFBRY\/WXhDRvjs7VI\/AAAAAAAAIkM\/BgvSFVATpccZGwXtH8sJgvgqAu7o4ZKNgCLcBGAs\/s800\/Mossenaires_22juliol2017-070.jpg?ssl=1\" border=\"0\" \/><br \/>\nBona tra\u00e7a<\/h3>\n<h3><img data-recalc-dims=\"1\" decoding=\"async\" src=\"https:\/\/i0.wp.com\/3.bp.blogspot.com\/-IRshZ5s7f2o\/WXhDR0n4pPI\/AAAAAAAAIkQ\/1Vv81tBa81892Z4CrpYuHgw_rxTviCc5QCLcBGAs\/s160\/Mossenaires_22juliol2017-071.jpg?ssl=1\" border=\"0\" \/><\/h3>\n<h3><img data-recalc-dims=\"1\" decoding=\"async\" src=\"https:\/\/i0.wp.com\/2.bp.blogspot.com\/-D5AuMrZI9n0\/WXhDR82_M5I\/AAAAAAAAIkU\/Hvq6fiMgVtAFWZMe9MZOZEfK-RvRtQregCLcBGAs\/s800\/Mossenaires_22juliol2017-072.jpg?ssl=1\" border=\"0\" \/><br \/>\nUn bonic exemplar equ\u00ed<\/h3>\n<h3><img data-recalc-dims=\"1\" decoding=\"async\" src=\"https:\/\/i0.wp.com\/1.bp.blogspot.com\/-7xkK14GRTHM\/WXhDSOq8jqI\/AAAAAAAAIkY\/JnC7cXMluH8MTwng1gN20JhyyBMLrmqtgCLcBGAs\/s800\/Mossenaires_22juliol2017-073.jpg?ssl=1\" border=\"0\" \/><\/h3>\n<h3><img data-recalc-dims=\"1\" decoding=\"async\" src=\"https:\/\/i0.wp.com\/2.bp.blogspot.com\/-KPwheg54t4A\/WXhDSg2XreI\/AAAAAAAAIkc\/WfL-9tfR7Qg4C1AuVul5PlB4DV19quwGQCLcBGAs\/s800\/Mossenaires_22juliol2017-074.jpg?ssl=1\" border=\"0\" \/><br \/>\nAmb la mestressa i un altre cavall<\/h3>\n<h3><img data-recalc-dims=\"1\" decoding=\"async\" src=\"https:\/\/i0.wp.com\/2.bp.blogspot.com\/-Cc3Mcn2iK3I\/WXhDSozS1JI\/AAAAAAAAIkg\/j_NVTL52y8Y9W0Nr5mW0OGH51hCkLebOwCLcBGAs\/s800\/Mossenaires_22juliol2017-075.jpg?ssl=1\" border=\"0\" \/><br \/>\nToni, Eva, Maricarmen, Esteban<\/h3>\n<h3><img data-recalc-dims=\"1\" decoding=\"async\" src=\"https:\/\/i0.wp.com\/1.bp.blogspot.com\/-9-UnP3tFwu0\/WXhDS3WcMqI\/AAAAAAAAIkk\/s0sK80ybvcc7rj6_EeZzeBBVTnccZH5FACLcBGAs\/s800\/Mossenaires_22juliol2017-076.jpg?ssl=1\" border=\"0\" \/><\/h3>\n<h3><img data-recalc-dims=\"1\" decoding=\"async\" src=\"https:\/\/i0.wp.com\/2.bp.blogspot.com\/-LqQUo3EDWGw\/WXhDTvSCcNI\/AAAAAAAAIkw\/pfDIG2zo2g8XzYrWIaFIYeWFHg61wHfKgCLcBGAs\/s800\/Mossenaires_22juliol2017-077.jpg?ssl=1\" border=\"0\" \/><br \/>\nI ha tornat en\u00a0<a class=\"postlink\" href=\"http:\/\/mossenhoms.netfreehost.com\/viewtopic.php?p=13009&amp;mforum=mossenhoms#13009\" target=\"_blank\" rel=\"noopener noreferrer\">Gaby\u00a0<\/a>al costat d&#8217;en Joan<\/h3>\n<h3><img data-recalc-dims=\"1\" decoding=\"async\" src=\"https:\/\/i0.wp.com\/1.bp.blogspot.com\/-BJ0rjS5Rmi8\/WXhDTL51BAI\/AAAAAAAAIko\/tnAA0WBrrZEp6j3R_FdE-AHks89N-pJhACLcBGAs\/s800\/Mossenaires_22juliol2017-078.jpg?ssl=1\" border=\"0\" \/><br \/>\n12, 11, 10,&#8230;. foto a contrarellotge<\/h3>\n<h3><img data-recalc-dims=\"1\" decoding=\"async\" src=\"https:\/\/i0.wp.com\/3.bp.blogspot.com\/-T1fJY0VhweA\/WXhDTSC6wgI\/AAAAAAAAIks\/bhbCNkxFyUIqSqtu5gcrbbutlo5wYybTwCLcBGAs\/s800\/Mossenaires_22juliol2017-079.jpg?ssl=1\" border=\"0\" \/><br \/>\nara s\u00ed. Foto al camp base<\/h3>\n<h3><img data-recalc-dims=\"1\" decoding=\"async\" src=\"https:\/\/i0.wp.com\/2.bp.blogspot.com\/-LLlZaYg8v4Q\/WXhDUYZsWOI\/AAAAAAAAIlA\/CmdjUd8nyZQWo7u0qnRsRw5yw1jVS3UPwCLcBGAs\/s800\/Mossenaires_22juliol2017-083.jpg?ssl=1\" border=\"0\" \/><br \/>\nAmb les amigues de l&#8217;Eva Aranda<\/h3>\n<h3><img data-recalc-dims=\"1\" decoding=\"async\" src=\"https:\/\/i0.wp.com\/4.bp.blogspot.com\/-K7H2gFPir9U\/WXhDUu1-CAI\/AAAAAAAAIlE\/oeNRqf-Ll_E7fA0753gduae8AiNGxeE1wCLcBGAs\/s800\/Mossenaires_22juliol2017-084.jpg?ssl=1\" border=\"0\" \/><\/h3>\n<h3><img data-recalc-dims=\"1\" decoding=\"async\" src=\"https:\/\/i0.wp.com\/2.bp.blogspot.com\/-5y3n4a6zPbU\/WXhDUqA1vlI\/AAAAAAAAIlI\/3CrF_Cy92p8L3MZl3OtidKZ-wo_fgc9DwCLcBGAs\/s800\/Mossenaires_22juliol2017-085.jpg?ssl=1\" border=\"0\" \/><br \/>\nLi toca veure a en Yuma<\/h3>\n<h3><a class=\"postlink\" href=\"https:\/\/www.strava.com\/activities\/1095460294\" target=\"_blank\" rel=\"noopener noreferrer\"><img data-recalc-dims=\"1\" decoding=\"async\" src=\"https:\/\/i0.wp.com\/3.bp.blogspot.com\/-An32Yg1SDVA\/WXh-Libp5SI\/AAAAAAAAIl4\/Z0kAKIF5WS8nnUH3F2-OkrBFVLIpvMIlACLcBGAs\/s800\/Mossenaires_22juliol2017-087.jpg?ssl=1\" border=\"0\" \/><\/a><br \/>\n<a href=\"https:\/\/www.strava.com\/activities\/1095460294\" target=\"_blank\" rel=\"noopener noreferrer\">https:\/\/www.strava.com\/activities\/1095460294<\/a><\/h3>\n<h3><\/h3>\n<h3><a class=\"postlink\" href=\"https:\/\/www.relive.cc\/view\/1095460294\" target=\"_blank\" rel=\"noopener noreferrer\"><img data-recalc-dims=\"1\" decoding=\"async\" src=\"https:\/\/i0.wp.com\/4.bp.blogspot.com\/-SHJWL8dsaRk\/WXh_tzlvH5I\/AAAAAAAAImA\/05Qs-4buuKgokAj8wgL0PaWKXM4nXx_QACLcBGAs\/s800\/Mossenaires_22juliol2017-088.jpg?ssl=1\" border=\"0\" \/><\/a><\/h3>\n<h3>L&#8217;Eva fa temps que ve i ens agrada molt que formi part d&#8217;aquesta gran fam\u00edlia que gr\u00e0cies a les nominacions i proclamacions a &#8220;Mossenaires d&#8217;Honor&#8221; coneixem detalls i ara que la llegireu segur que encara ens sabreu m\u00e9s aquesta sort que tenim totes i tots plegats els dissabtes d&#8217;amb l&#8217;excusa del projecte l&#8217;Eva est\u00e0 amb totes i tots nosaltres. Saber que la &#8220;Cursa de El Corte Ingl\u00e9s&#8221; ha estat la primera, com molts de nosaltres o que t&#8217;agradin tant els idiomes, forma part d&#8217;aquelles coses que no sabr\u00edem si no fos pel teu escrit que t&#8217;agra\u00efm. Gr\u00e0cies!!! i Enhorabona!!!<\/h3>\n<h3><img data-recalc-dims=\"1\" decoding=\"async\" src=\"https:\/\/i0.wp.com\/3.bp.blogspot.com\/-j-Wf0dZx1EM\/WXhDT84GE7I\/AAAAAAAAIk0\/ZrowupwqqysRX5du4EPSy6jEtjEvA7inwCLcBGAs\/s800\/Mossenaires_22juliol2017-080.jpg?ssl=1\" border=\"0\" \/><\/h3>\n<h3><img data-recalc-dims=\"1\" decoding=\"async\" src=\"https:\/\/i0.wp.com\/4.bp.blogspot.com\/-BFxgLv9R-Sk\/WXhDT2pu4PI\/AAAAAAAAIk4\/e-8E8PL9vWwGtR_BB5xijFVcbIMX30MiwCLcBGAs\/s800\/Mossenaires_22juliol2017-081.jpg?ssl=1\" border=\"0\" \/><\/h3>\n<h3><img data-recalc-dims=\"1\" decoding=\"async\" src=\"https:\/\/i0.wp.com\/3.bp.blogspot.com\/-ckedM-74yOA\/WXhDUIDwOfI\/AAAAAAAAIk8\/8AmieD-KNkQn-Zqux0GG9GU48eIg-cYkACLcBGAs\/s800\/Mossenaires_22juliol2017-082.jpg?ssl=1\" border=\"0\" \/><\/h3>\n<h3><span style=\"color: #0000ff\"><strong><em>Mai se m&#8217;han donat b\u00e9 els esports. Tot i que a mi m&#8217;agraden sembla que jo a ells no. Recordo encara el dia que ten\u00edem les proves d&#8217;educaci\u00f3 f\u00edsica a l&#8217;institut i el dur que se&#8217;m feia la famosa course navette. Qui m&#8217;ho diria a mi que anys despr\u00e9s correria per plaer!<\/em><\/strong><\/span><\/h3>\n<h3><span style=\"color: #0000ff\"><strong><em>La primera cursa que vaig fer va ser la del Corte Ingl\u00e9s, tot i que en aquella \u00e8poca encara no entrenava. Va ser a Ni\u00e7a una de les primeres carreres que vaig fer amb alguns kil\u00f2metres a les cames. Era una cursa de 5k que es deia Iron Girl, que organitzaven pels acompanyants de l&#8217;Ironman i amb tot el glamur com si hagu\u00e9ssim fet la competici\u00f3 completa: medalla, arc d&#8217;arribada amb animadores professionals, etc. El temps que vaig fer era lamentable, per\u00f2 m&#8217;ho vaig passar tan b\u00e9&#8230; Hi havia anat per animar al meu germ\u00e0 en aquella dur\u00edssima competici\u00f3 i crec que des de llavors em van venir les ganes de fer alguna coseta m\u00e9s.<\/em><\/strong><\/span><\/h3>\n<h3><span style=\"color: #0000ff\"><strong><em>Em vaig plantejar fer algunes curses populars, per\u00f2 corrent nom\u00e9s 5k no em veia amb cor ni de fer la de festa major de Terrassa. Aix\u00ed que em vaig marcar l&#8217;objectiu de fer un 10k a Barcelona, per\u00f2 no va ser fins que vaig trobar el grup de l&#8217;Anna Cos, que vaig aconseguir ser regular amb els entrenaments. Se&#8217;m feia dur, entrenar sola, sobretot a l&#8217;hivern i quan vaig descobrir els avantatges de c\u00f3rrer un grup no he deixat d&#8217;anar cap dimarts excepte per for\u00e7a major.<\/em><\/strong><\/span><\/h3>\n<h3><span style=\"color: #0000ff\"><strong><em>A partir d&#8217;aqu\u00ed vaig sortir tamb\u00e9 a c\u00f3rrer de tant en tant amb el grup dels Matiners, i tamb\u00e9 amb un grup que quan m&#8217;ho puc combinar intento anar-hi, els Mossenaires.<\/em><\/strong><\/span><\/h3>\n<h3><span style=\"color: #0000ff\"><strong><em>Gr\u00e0cies a entrenar en grup he pogut acabar algunes mitges maratons i la Behobia, cosa que no hagu\u00e9s aconseguit sola. A m\u00e9s a m\u00e9s de tenir la sort de tenir companyes que m&#8217;han fet de llebres o han compartit amb mi patiments de cursa i tamb\u00e9 la fam\u00edlia i amics que m&#8217;han esperat a l&#8217;arribada.<\/em><\/strong><\/span><\/h3>\n<h3><span style=\"color: #0000ff\"><strong><em>Per\u00f2 el millor de tot \u00e9s haver conegut a molta gent i haver fet amistats que d&#8217;altra manera no hagu\u00e9s estat possible. Que faria jo sense les meves noies d&#8217;Aix\u00f2 va en serio! Tot i que hi ha un dia a la setmana que tinc el cor dividit amb l&#8217;altre hobby que tinc: els idiomes, aix\u00ed que m&#8217;ho haig d&#8217;anar combinant per no deixar res de costat.<\/em><\/strong><\/span><\/h3>\n<h3><span style=\"color: #0000ff\"><strong><em>Aprofito l&#8217;ocasi\u00f3 per agrair la vostra dedicaci\u00f3 als que porteu endavant aquests grups i feu possible que cada setmana puguem gaudir d&#8217;uns quants km de felicitat corrent i amb gran companyia. Gr\u00e0cies Pep pels dissabtes amb els Mossenaires!<\/em><\/strong><\/span><\/h3>\n<h3><\/h3>\n<h3><\/h3>\n<table style=\"padding-left: 30px\" cellspacing=\"0\" align=\"left\">\n<tbody style=\"padding-left: 30px\">\n<tr style=\"text-align: justify;padding-left: 30px\">\n<td style=\"padding-left: 30px\">\n<h3><strong><span style=\"color: #993366\"><a style=\"color: #993366\" href=\"http:\/\/www.egargrafic.com\/\" target=\"_blank\" rel=\"noopener noreferrer\"><img data-recalc-dims=\"1\" decoding=\"async\" src=\"https:\/\/i0.wp.com\/www.josepmoliner.com\/egargrafic2.gif\" alt=\"\" \/><\/a><\/span><\/strong><\/h3>\n<\/td>\n<td style=\"padding-left: 30px\">\n<h3><strong><span style=\"color: #993366\"><img data-recalc-dims=\"1\" decoding=\"async\" class=\"decoded\" src=\"https:\/\/i0.wp.com\/josepmoliner.com\/centreMedicAvinguda.gif\" alt=\"http:\/\/josepmoliner.com\/centreMedicAvinguda.gif\" \/><\/span><\/strong><\/h3>\n<\/td>\n<\/tr>\n<tr style=\"text-align: justify;padding-left: 30px\">\n<td style=\"padding-left: 30px\">\n<h3><strong><span style=\"color: #993366\"><a style=\"color: #993366\" href=\"http:\/\/www.grevolsalut.com\/\" target=\"_blank\" rel=\"noopener noreferrer\"><img data-recalc-dims=\"1\" decoding=\"async\" src=\"https:\/\/i0.wp.com\/www.elroure.net\/grevol\/grevol_salut.gif\" alt=\"\" \/><\/a><\/span><\/strong><\/h3>\n<\/td>\n<td style=\"padding-left: 30px\">\n<h3><strong><span style=\"color: #993366\"><a class=\"postlink\" style=\"color: #993366\" href=\"http:\/\/www.urgenciasdentalfort.com\/\" target=\"_blank\" rel=\"noopener noreferrer\"><img data-recalc-dims=\"1\" decoding=\"async\" src=\"https:\/\/i0.wp.com\/www.mossenhoms.be\/DentalFort2.gif\" border=\"0\" \/><\/a><\/span><\/strong><\/h3>\n<\/td>\n<\/tr>\n<tr style=\"text-align: justify;padding-left: 30px\">\n<td style=\"padding-left: 30px\">\n<h3><strong><span style=\"color: #993366\"><a style=\"color: #993366\" href=\"http:\/\/www.esportsavinguda.tk\/\" target=\"_blank\" rel=\"noopener noreferrer\"><img data-recalc-dims=\"1\" decoding=\"async\" src=\"https:\/\/i0.wp.com\/josepmoliner.com\/esportsavinguda2.gif\" alt=\"\" \/><\/a><\/span><\/strong><\/h3>\n<\/td>\n<td style=\"padding-left: 30px\">\n<h3><strong><span style=\"color: #993366\"><a style=\"color: #993366\" href=\"http:\/\/www.elroure.net\/\" target=\"_blank\" rel=\"noopener noreferrer\"><img data-recalc-dims=\"1\" decoding=\"async\" src=\"https:\/\/i0.wp.com\/elroure.net\/rourenet.gif\" alt=\"\" \/><\/a><\/span><\/strong><\/h3>\n<\/td>\n<\/tr>\n<tr style=\"text-align: justify;padding-left: 30px\">\n<td style=\"padding-left: 30px\">\n<h3><strong><span style=\"color: #993366\"><a style=\"color: #993366\" href=\"http:\/\/www.eledevall.com\/\" target=\"_blank\" rel=\"noopener noreferrer\"><img data-recalc-dims=\"1\" decoding=\"async\" src=\"https:\/\/i0.wp.com\/josepmoliner.com\/eledevall.gif\" alt=\"\" \/><\/a><\/span><\/strong><\/h3>\n<\/td>\n<td style=\"padding-left: 30px\">\n<h3><strong><span style=\"color: #993366\"><a style=\"color: #993366\" href=\"http:\/\/civeracampoy.com\/index.php\/es\/\" target=\"_blank\" rel=\"noopener noreferrer\"><img data-recalc-dims=\"1\" decoding=\"async\" src=\"https:\/\/i0.wp.com\/josepmoliner.com\/Civera%26Campoy.gif\" alt=\"\" \/><\/a><\/span><\/strong><\/h3>\n<\/td>\n<\/tr>\n<tr style=\"text-align: justify;padding-left: 30px\">\n<td style=\"padding-left: 30px\">\n<table style=\"padding-left: 30px\" cellspacing=\"0\" align=\"left\">\n<tbody style=\"padding-left: 30px\">\n<tr style=\"text-align: justify;padding-left: 30px\">\n<td style=\"padding-left: 30px\">\n<h3><strong><span style=\"color: #993366\">\u00a0<\/span><\/strong><\/h3>\n<\/td>\n<\/tr>\n<tr style=\"text-align: justify;padding-left: 30px\">\n<td style=\"padding-left: 30px\">\n<h3><strong><span style=\"color: #993366\"><a style=\"color: #993366\" href=\"mailto:banner@mossenhoms.be\">vols el teu banner?<\/a><\/span><\/strong><\/h3>\n<\/td>\n<\/tr>\n<\/tbody>\n<\/table>\n<\/td>\n<\/tr>\n<\/tbody>\n<\/table>\n","protected":false},"excerpt":{"rendered":"<p>Compreneu per qu\u00e8 val la pena el projecte?. Per la sort de poder veure aquestes rialles i que a m\u00e9s veure que totes i tots milloreu amb l&#8217;esport i el m\u00e9s important, amb el coneixement de persones, com vosaltres, que troba amb aquest projecte l&#8217;oportunitat de sempre estar envoltats de gent que val molt la [&hellip;]<\/p>\n","protected":false},"author":171,"featured_media":0,"comment_status":"open","ping_status":"open","sticky":false,"template":"","format":"standard","meta":{"jetpack_post_was_ever_published":false,"_jetpack_newsletter_access":"","_jetpack_dont_email_post_to_subs":false,"_jetpack_newsletter_tier_id":0,"_jetpack_memberships_contains_paywalled_content":false,"_jetpack_memberships_contains_paid_content":false,"footnotes":"","jetpack_publicize_message":"","jetpack_publicize_feature_enabled":true,"jetpack_social_post_already_shared":false,"jetpack_social_options":{"image_generator_settings":{"template":"highway","default_image_id":0,"font":"","enabled":false},"version":2}},"categories":[2697,25130,5580,4554,25102,25094,73],"tags":[2697,4656,25105,25130,25112,25176,25106,25094,25091,25137,73],"class_list":["post-4547","post","type-post","status-publish","format-standard","hentry","category-amistat","category-correrxerrar","category-entrenaments","category-mossenaires","category-mossenhoms-be","category-pep-moliner","category-terrassa","tag-amistat","tag-atletisme","tag-correr","tag-correrxerrar","tag-entrenament-en-grup","tag-eva-aranda","tag-mossenaires","tag-pep-moliner","tag-running","tag-sabadell","tag-terrassa"],"jetpack_publicize_connections":[],"jetpack_featured_media_url":"","jetpack_sharing_enabled":true,"jetpack_shortlink":"https:\/\/wp.me\/pagkiK-1bl","jetpack-related-posts":[{"id":4812,"url":"https:\/\/blogs.avui.cat\/pepmoliner\/2018\/12\/06\/bosc_candeu\/","url_meta":{"origin":4547,"position":0},"title":"Bosc de Can Deu amb Mossenaires","author":"Pep Moliner","date":"6 de desembre de 2018","format":false,"excerpt":"Mai sabem si serem poca gent, o molta. Si vindran gent nova o de tota la vida. Per\u00f2 el que si sabem que sempre ens queda un gratificant record i sabem que cada dissabte val molt la pena i predomina la sensaci\u00f3 d'haver-ho passat d'all\u00f2 m\u00e9s b\u00e9 i que repetirem.\u2026","rel":"","context":"A &quot;Amistat&quot;","block_context":{"text":"Amistat","link":"https:\/\/blogs.avui.cat\/pepmoliner\/category\/amistat\/"},"img":{"alt_text":"","src":"","width":0,"height":0},"classes":[]},{"id":4560,"url":"https:\/\/blogs.avui.cat\/pepmoliner\/2017\/08\/16\/fins-sant-vicenc-de-verders-amb-mossenaires\/","url_meta":{"origin":4547,"position":1},"title":"Fins Sant Vicen\u00e7 de Verders amb Mossenaires","author":"Pep Moliner","date":"16 d'agost de 2017","format":false,"excerpt":"Un dels circuits cl\u00e0ssics de Mossenaires, que uneix #Terrassa amb #Sabadell i que ens porta fins l'ermita de Sant Vicen\u00e7 de Verders. El grup ha estat condu\u00eft per en Joan i el Carlos, amb ajut de les fotografies de l'Olga. En Paco no ha deixat ni un moment la cua.\u2026","rel":"","context":"A &quot;Amistat&quot;","block_context":{"text":"Amistat","link":"https:\/\/blogs.avui.cat\/pepmoliner\/category\/amistat\/"},"img":{"alt_text":"","src":"","width":0,"height":0},"classes":[]},{"id":4718,"url":"https:\/\/blogs.avui.cat\/pepmoliner\/2018\/06\/06\/castellarnau-a-correr\/","url_meta":{"origin":4547,"position":2},"title":"Castellarnau a c\u00f3rrer","author":"Pep Moliner","date":"6 de juny de 2018","format":false,"excerpt":"Quin tip d'aigua tenim al Vall\u00e8s. A aquesta \u00e8poca an\u00e0vem a la font de Castellarnau per apaivagar la calor i la set. Per\u00f2 fa m\u00e9s de dos mesos que de calor poca i de ganes de veure aigua, no massa. La justa. Aix\u00f2 s\u00ed. El lloc s'ho val per fer\u2026","rel":"","context":"A &quot;Amistat&quot;","block_context":{"text":"Amistat","link":"https:\/\/blogs.avui.cat\/pepmoliner\/category\/amistat\/"},"img":{"alt_text":"","src":"","width":0,"height":0},"classes":[]},{"id":4742,"url":"https:\/\/blogs.avui.cat\/pepmoliner\/2018\/07\/19\/mossenaires-va-a-la-font-dels-platans\/","url_meta":{"origin":4547,"position":3},"title":"Mossenaires va a la Font dels Pl\u00e0tans","author":"Pep Moliner","date":"19 de juliol de 2018","format":false,"excerpt":"Font de Pl\u00e0tans hi tornem a veure un lloc fresc i remullat per aigua en quantitat, baixant per un lloc diferent de l'altra vegada i recordant racons fant\u00e0stics i hem pujat pel torrent de Gotelles, que ja esdev\u00e9 un circuit d'estiu \"Mossenaire\". El circuit de gaireb\u00e9 nou quil\u00f2metres i avui\u2026","rel":"","context":"A &quot;Amistat&quot;","block_context":{"text":"Amistat","link":"https:\/\/blogs.avui.cat\/pepmoliner\/category\/amistat\/"},"img":{"alt_text":"","src":"","width":0,"height":0},"classes":[]},{"id":4707,"url":"https:\/\/blogs.avui.cat\/pepmoliner\/2018\/05\/09\/torre-mossen-homs-a-castellarnau-amb-mossenaires-2\/","url_meta":{"origin":4547,"position":4},"title":"A la font de la Tartana amb Mossenaires","author":"Pep Moliner","date":"9 de maig de 2018","format":false,"excerpt":"La font de la Tartana ha estat el dest\u00ed de la colla i el grup ha anat guiat per amigues i amics i en especial en Joan Forte, que quan cal sempre vetlla perqu\u00e8 tot vagi b\u00e9, amb la col\u00b7laboraci\u00f3 de vosaltres, que feu gran el projecte. Anar a un\u2026","rel":"","context":"A &quot;Amistat&quot;","block_context":{"text":"Amistat","link":"https:\/\/blogs.avui.cat\/pepmoliner\/category\/amistat\/"},"img":{"alt_text":"","src":"","width":0,"height":0},"classes":[]},{"id":4677,"url":"https:\/\/blogs.avui.cat\/pepmoliner\/2018\/04\/11\/que-fer-tots-els-dissabtes-a-les-0800\/","url_meta":{"origin":4547,"position":5},"title":"Qu\u00e8 fer tots els dissabtes a les 08:00","author":"Pep Moliner","date":"11 d'abril de 2018","format":false,"excerpt":"D'en\u00e7\u00e0 que no hi ha horts pel torrent de la Gr\u00edpia, semblen camins diferents i de deb\u00f2 que val molt la pena anar-hi a passejar, i que us haig de dir d'anar-hi a c\u00f3rrer. I aix\u00f2 \u00e9s el que hem fet, nom\u00e9s comen\u00e7ar. Ens ha agradat veure com hem tingut\u2026","rel":"","context":"A &quot;Amistat&quot;","block_context":{"text":"Amistat","link":"https:\/\/blogs.avui.cat\/pepmoliner\/category\/amistat\/"},"img":{"alt_text":"","src":"","width":0,"height":0},"classes":[]}],"_links":{"self":[{"href":"https:\/\/blogs.avui.cat\/pepmoliner\/wp-json\/wp\/v2\/posts\/4547","targetHints":{"allow":["GET"]}}],"collection":[{"href":"https:\/\/blogs.avui.cat\/pepmoliner\/wp-json\/wp\/v2\/posts"}],"about":[{"href":"https:\/\/blogs.avui.cat\/pepmoliner\/wp-json\/wp\/v2\/types\/post"}],"author":[{"embeddable":true,"href":"https:\/\/blogs.avui.cat\/pepmoliner\/wp-json\/wp\/v2\/users\/171"}],"replies":[{"embeddable":true,"href":"https:\/\/blogs.avui.cat\/pepmoliner\/wp-json\/wp\/v2\/comments?post=4547"}],"version-history":[{"count":3,"href":"https:\/\/blogs.avui.cat\/pepmoliner\/wp-json\/wp\/v2\/posts\/4547\/revisions"}],"predecessor-version":[{"id":4550,"href":"https:\/\/blogs.avui.cat\/pepmoliner\/wp-json\/wp\/v2\/posts\/4547\/revisions\/4550"}],"wp:attachment":[{"href":"https:\/\/blogs.avui.cat\/pepmoliner\/wp-json\/wp\/v2\/media?parent=4547"}],"wp:term":[{"taxonomy":"category","embeddable":true,"href":"https:\/\/blogs.avui.cat\/pepmoliner\/wp-json\/wp\/v2\/categories?post=4547"},{"taxonomy":"post_tag","embeddable":true,"href":"https:\/\/blogs.avui.cat\/pepmoliner\/wp-json\/wp\/v2\/tags?post=4547"}],"curies":[{"name":"wp","href":"https:\/\/api.w.org\/{rel}","templated":true}]}}