{"id":4526,"date":"2017-07-05T20:05:09","date_gmt":"2017-07-05T19:05:09","guid":{"rendered":"http:\/\/blogs.avui.cat\/pepmoliner\/?p=4526"},"modified":"2017-07-05T20:18:04","modified_gmt":"2017-07-05T19:18:04","slug":"mossenejant-per-festa-major","status":"publish","type":"post","link":"https:\/\/blogs.avui.cat\/pepmoliner\/2017\/07\/05\/mossenejant-per-festa-major\/","title":{"rendered":"\u201cMossenejant per Festa Major\u201d"},"content":{"rendered":"<h3><span style=\"color: #993366\">No deixa de ser un repte voler que cada dissabte a les 08:00 i sense excepci\u00f3, aplegar-se gent vinguda de tot arreu i de molts llocs per fer gaireb\u00e9 sempre coses similars. El que s\u00ed, quan acabem, ens d\u00f3na la sensaci\u00f3 que hi ha hagut variacions. No sabem per qu\u00e8, per\u00f2 notem diferencies i la majoria de vegades endevinem darrere d&#8217;una mirada, d&#8217;uns llavis, d&#8217;un somr\u00eds: que heu gaudit. Aquest \u00e9s el millor de tot plegat i on una o un se sent pagat.<\/span><\/h3>\n<h3><span style=\"color: #993366\">Abans, dies com el d&#8217;avui, \u00e9rem i com es deia abans: tres i el cabo. La cursa de festa major, a la que estimem i sempre hem volgut d&#8217;una manera especial, feia que moltes i molts de nosaltres si a la tarda an\u00e0veu a donar un tomb per la ciutat tot fent la cursa, era evident que fer deu quilometrets ens restava possibilitat d&#8217;estar al cent per cent a la tarda i al mat\u00ed us trob\u00e0vem a faltar. Val a dir, que vam detectar gent que al mat\u00ed est\u00e0veu &#8220;Mossenejant&#8221; i a la tarda corrent per la vella bella \u00c8gara. Esperem que h\u00e0giu tingut una bona festa major.<\/span><\/h3>\n<h3><span style=\"color: #993366\">Hem tingut una espl\u00e8ndida Mossenaire d&#8217;honor, la Present. La bandera ha estat portada elegantment per la Isabel Vergara, i el nostre &#8220;Mossenaire de los Chistes&#8221;, que celebr\u00e0vem un aniversari commemoratiu de la seva proclamaci\u00f3, en Carmelo Luque, com no podia ser d&#8217;una altra manera i for\u00e7at per qui escriu i disculpes: ha explicat un acudit que com sempre ens ha fet riure de valent: el del TioVivo. Gr\u00e0cies Carmelo i a tothom que ha fet de nou del dissabte un dia especial.<\/span><\/h3>\n<h3><span style=\"color: #993366\"><img data-recalc-dims=\"1\" decoding=\"async\" src=\"https:\/\/i0.wp.com\/3.bp.blogspot.com\/-cmkGyoRnjrY\/WVz4hVzhYpI\/AAAAAAAAIEY\/XkgC85Rjcesz55DnPSsxhotgog09vhxiQCEwYBhgL\/s800\/Mossenaires_1juliol2017-001.jpg?ssl=1\" border=\"0\" \/><\/span><br \/>\n<span style=\"color: #993366\"> I avui tenim de nou la sort de nominar a una persona que ens fa molta il\u00b7lusi\u00f3: La Present. Enhorabona!!<\/span><\/h3>\n<h3><span style=\"color: #993366\"><img data-recalc-dims=\"1\" decoding=\"async\" src=\"https:\/\/i0.wp.com\/1.bp.blogspot.com\/-l4ZXdbeRlhs\/WVz4d0VQJLI\/AAAAAAAAIEU\/vpOdxvjFzbY8no5tmrxPb0g6rNzyUtuSACEwYBhgL\/s800\/Mossenaires_1juliol2017.jpg?ssl=1\" border=\"0\" \/><\/span><\/h3>\n<h3><span style=\"color: #993366\"><img data-recalc-dims=\"1\" decoding=\"async\" src=\"https:\/\/i0.wp.com\/2.bp.blogspot.com\/-PXe1nx1gACY\/WVz4hfMcxfI\/AAAAAAAAIEc\/sCKAbJsP8Tgdj6n2oUiYojNtSkNv8DRSQCEwYBhgL\/s800\/Mossenaires_1juliol2017-002.jpg?ssl=1\" border=\"0\" \/><\/span><br \/>\n<span style=\"color: #993366\"> Nominada!!<\/span><\/h3>\n<h3><span style=\"color: #993366\"><img data-recalc-dims=\"1\" decoding=\"async\" src=\"https:\/\/i0.wp.com\/4.bp.blogspot.com\/-sTrltSC6Uyg\/WVz4hePvEOI\/AAAAAAAAIEg\/kBpOl2wUeIczGO8J_uuDbMNH9pJ24sR4wCEwYBhgL\/s800\/Mossenaires_1juliol2017-003.jpg?ssl=1\" border=\"0\" \/><\/span><br \/>\n<span style=\"color: #993366\"> Prresent llegint l&#8217;agraiment que li fem per haver acceptat. De fet ja era Mossenaire i el que li quedava \u00e9s ser-ne d&#8217;Honor<\/span><\/h3>\n<h3><span style=\"color: #993366\"><img data-recalc-dims=\"1\" decoding=\"async\" src=\"https:\/\/i0.wp.com\/2.bp.blogspot.com\/-CFDmxVPcPro\/WVz4h2a5uXI\/AAAAAAAAIEk\/4dSgt3bfdjEImoZA0ExeD9XKxKraPlaAwCEwYBhgL\/s800\/Mossenaires_1juliol2017-004.jpg?ssl=1\" border=\"0\" \/><\/span><br \/>\n<span style=\"color: #993366\"> &#8230; i la bandera?<\/span><\/h3>\n<h3><span style=\"color: #993366\"><img data-recalc-dims=\"1\" decoding=\"async\" src=\"https:\/\/i0.wp.com\/2.bp.blogspot.com\/-g07gzwJdnA8\/WVz4iNkIoZI\/AAAAAAAAIEs\/65K3Lhk-4zcsyoH-U5z9cCxU72tPadedwCEwYBhgL\/s800\/Mossenaires_1juliol2017-005.jpg?ssl=1\" border=\"0\" \/><\/span><br \/>\n<span style=\"color: #993366\"> Davant de la Chary, la bandera ser\u00e0 la Isabel Vergara<\/span><\/h3>\n<h3><span style=\"color: #993366\"><img data-recalc-dims=\"1\" decoding=\"async\" src=\"https:\/\/i0.wp.com\/4.bp.blogspot.com\/-NZCCdKF71RI\/WVz4iODKQ_I\/AAAAAAAAIEo\/J4PDQA9a65c5mlNlnQLbvRA6gqoQoRktQCEwYBhgL\/s800\/Mossenaires_1juliol2017-006.jpg?ssl=1\" border=\"0\" \/><\/span><br \/>\n<span style=\"color: #993366\"> La bandera, portada per la\u00a0<a class=\"postlink\" style=\"color: #993366\" href=\"http:\/\/mossenhoms.netfreehost.com\/mossenhoms-post-13684.html#13684\" target=\"_blank\" rel=\"noopener noreferrer\">Isabel Vergara\u00a0<\/a><\/span><\/h3>\n<h3><span style=\"color: #993366\"><img data-recalc-dims=\"1\" decoding=\"async\" src=\"https:\/\/i0.wp.com\/4.bp.blogspot.com\/-CUvktJBOjOA\/WVz4iAIRIQI\/AAAAAAAAIEw\/eDh9sdkbdQUhlGa5IrsNXfHsDMjUpOQaACEwYBhgL\/s800\/Mossenaires_1juliol2017-007.jpg?ssl=1\" border=\"0\" \/><\/span><br \/>\n<span style=\"color: #993366\"> Poc abans de sortir i fent estiraments en Santi i l&#8217;Olga<\/span><\/h3>\n<h3><span style=\"color: #993366\"><img data-recalc-dims=\"1\" decoding=\"async\" src=\"https:\/\/i0.wp.com\/1.bp.blogspot.com\/-6NRgRqV9mC8\/WVz4iY-JSSI\/AAAAAAAAIE0\/eq2TXiGnIC812X3pNJ-RtcAV3cUx7yr7wCEwYBhgL\/s800\/Mossenaires_1juliol2017-008.jpg?ssl=1\" border=\"0\" \/><\/span><br \/>\n<span style=\"color: #993366\"> En Jordi i en Jos\u00e9 Manuel Portero<\/span><\/h3>\n<h3><span style=\"color: #993366\"><img data-recalc-dims=\"1\" decoding=\"async\" src=\"https:\/\/i0.wp.com\/1.bp.blogspot.com\/-E62oCaZFuEQ\/WVz4inVL6NI\/AAAAAAAAIFA\/fxU9qE5xIcUxUyLOu3TWKoe2rL20nQEGwCEwYBhgL\/s800\/Mossenaires_1juliol2017-009.jpg?ssl=1\" border=\"0\" \/><\/span><br \/>\n<span style=\"color: #993366\"> I ha vingut en\u00a0<a class=\"postlink\" style=\"color: #993366\" href=\"http:\/\/mossenhoms.netfreehost.com\/mossenhoms-post-10097.html#10097\" target=\"_blank\" rel=\"noopener noreferrer\">Robert Herrero\u00a0<\/a>al costat del seu bon amic Mirabet<\/span><\/h3>\n<h3><span style=\"color: #993366\"><img data-recalc-dims=\"1\" decoding=\"async\" src=\"https:\/\/i0.wp.com\/1.bp.blogspot.com\/-3vYvu2QRn1I\/WVz4ikhkzGI\/AAAAAAAAIE4\/R1nZ_M3VL5s_KDgGR90B9nLpMVHLM20vACEwYBhgL\/s800\/Mossenaires_1juliol2017-010.jpg?ssl=1\" border=\"0\" \/><\/span><br \/>\n<span style=\"color: #993366\"> Les germanes Sandra i Alba de Nav\u00e0s<\/span><\/h3>\n<h3><span style=\"color: #993366\"><img data-recalc-dims=\"1\" decoding=\"async\" src=\"https:\/\/i0.wp.com\/2.bp.blogspot.com\/-LJyLCbKk2DY\/WVz4inzj32I\/AAAAAAAAIE8\/0NTg5XBitQQFubESpLzO63UUQQjy-F4kACEwYBhgL\/s800\/Mossenaires_1juliol2017-011.jpg?ssl=1\" border=\"0\" \/><\/span><br \/>\n<span style=\"color: #993366\"> Sortim!!!!!<\/span><\/h3>\n<h3><span style=\"color: #993366\"><img data-recalc-dims=\"1\" decoding=\"async\" src=\"https:\/\/i0.wp.com\/3.bp.blogspot.com\/-mg0gcS4QSkI\/WVz4i3klhdI\/AAAAAAAAIFM\/wW2jjBVG79Me6tGUUA9pwM9nMfobbYaKQCEwYBhgL\/s800\/Mossenaires_1juliol2017-012.jpg?ssl=1\" border=\"0\" \/><\/span><\/h3>\n<h3><span style=\"color: #993366\"><img data-recalc-dims=\"1\" decoding=\"async\" src=\"https:\/\/i0.wp.com\/4.bp.blogspot.com\/-WzX3bcrvaSA\/WVz4jIO4jjI\/AAAAAAAAIFI\/MZMfrOLwqTIZykthsy1bfDb-N77qKte1gCEwYBhgL\/s800\/Mossenaires_1juliol2017-013.jpg?ssl=1\" border=\"0\" \/><\/span><\/h3>\n<h3><span style=\"color: #993366\"><img data-recalc-dims=\"1\" decoding=\"async\" src=\"https:\/\/i0.wp.com\/1.bp.blogspot.com\/-2n1zAOttuMg\/WVz4izxqjgI\/AAAAAAAAIFE\/BJ3gnt17w60lhJmBKd0bzuR3QY52aAq6ACEwYBhgL\/s800\/Mossenaires_1juliol2017-014.jpg?ssl=1\" border=\"0\" \/><\/span><\/h3>\n<h3><span style=\"color: #993366\"><img data-recalc-dims=\"1\" decoding=\"async\" src=\"https:\/\/i0.wp.com\/1.bp.blogspot.com\/-yLqisKTsgfs\/WVz4jSr-gYI\/AAAAAAAAIFU\/h7bAQfDOXfA8cr_2lU1ubvBBdOE4bOXZQCEwYBhgL\/s800\/Mossenaires_1juliol2017-015.jpg?ssl=1\" border=\"0\" \/><\/span><\/h3>\n<h3><span style=\"color: #993366\"><img data-recalc-dims=\"1\" decoding=\"async\" src=\"https:\/\/i0.wp.com\/3.bp.blogspot.com\/-QjAB064dPi4\/WVz4jajAfqI\/AAAAAAAAIFQ\/y2ZsDsT0fuMJmiYTqJe0L2whn5mTtO2bQCEwYBhgL\/s800\/Mossenaires_1juliol2017-016.jpg?ssl=1\" border=\"0\" \/><\/span><br \/>\n<span style=\"color: #993366\"> V\u00edctor i Carlos<\/span><\/h3>\n<h3><span style=\"color: #993366\"><img data-recalc-dims=\"1\" decoding=\"async\" src=\"https:\/\/i0.wp.com\/4.bp.blogspot.com\/-RMAmh3sgiaY\/WVz4jiFXraI\/AAAAAAAAIFY\/x9AjlLi8kc8fRZ1VmZeJd8c1Zem_AfvKwCEwYBhgL\/s800\/Mossenaires_1juliol2017-017.jpg?ssl=1\" border=\"0\" \/><\/span><\/h3>\n<h3><span style=\"color: #993366\"><img data-recalc-dims=\"1\" decoding=\"async\" src=\"https:\/\/i0.wp.com\/4.bp.blogspot.com\/-cJ3Emcnkzys\/WVz4jikMJiI\/AAAAAAAAIFc\/Ltueo54p7nwhAdANPlQShsgOVAAttCCBwCEwYBhgL\/s800\/Mossenaires_1juliol2017-018.jpg?ssl=1\" border=\"0\" \/><\/span><\/h3>\n<h3><span style=\"color: #993366\"><img data-recalc-dims=\"1\" decoding=\"async\" src=\"https:\/\/i0.wp.com\/1.bp.blogspot.com\/-pyRg_nqG_Ps\/WVz4j1BkXqI\/AAAAAAAAIFg\/Qjb-P2xJFQUo5xDmQOZYP1KIgFQ9gx5MwCEwYBhgL\/s800\/Mossenaires_1juliol2017-019.jpg?ssl=1\" border=\"0\" \/><\/span><br \/>\n<span style=\"color: #993366\"> Jos\u00e9 i Sebas<\/span><\/h3>\n<h3><span style=\"color: #993366\"><img data-recalc-dims=\"1\" decoding=\"async\" src=\"https:\/\/i0.wp.com\/3.bp.blogspot.com\/-zn9n8RWCVng\/WVz4kvJBq4I\/AAAAAAAAIF0\/e9JRy9y6iHAVAr5Z3_FtTyqSyAb5-cpqwCEwYBhgL\/s800\/Mossenaires_1juliol2017-020.jpg?ssl=1\" border=\"0\" \/><\/span><br \/>\n<span style=\"color: #993366\"> La nominada a Mossenaire d&#8217;honor, la Present, amb la Gemma i la Chary que va amunt i avall<\/span><\/h3>\n<h3><span style=\"color: #993366\"><img data-recalc-dims=\"1\" decoding=\"async\" src=\"https:\/\/i0.wp.com\/3.bp.blogspot.com\/-jB-wwDgFvbk\/WVz4kEr_WoI\/AAAAAAAAIFk\/akwa06WEKt43RScXRpR0WXUU8gEvZ7lXQCEwYBhgL\/s800\/Mossenaires_1juliol2017-021.jpg?ssl=1\" border=\"0\" \/><\/span><br \/>\n<span style=\"color: #993366\"> Com feu moltes i molts, com la Gemma<\/span><\/h3>\n<h3><span style=\"color: #993366\"><img data-recalc-dims=\"1\" decoding=\"async\" src=\"https:\/\/i0.wp.com\/1.bp.blogspot.com\/-sO5bIDzv2GM\/WVz4kfvUKpI\/AAAAAAAAIFo\/QHAYm7HrtlIAerXRElRfX_Oiu0p8oyQfwCEwYBhgL\/s800\/Mossenaires_1juliol2017-022.jpg?ssl=1\" border=\"0\" \/><\/span><br \/>\n<span style=\"color: #993366\"> Reagrupacions multitudin\u00e0ries<\/span><\/h3>\n<h3><span style=\"color: #993366\"><img data-recalc-dims=\"1\" decoding=\"async\" src=\"https:\/\/i0.wp.com\/3.bp.blogspot.com\/-g8mcnInTyqw\/WVz4knmeZhI\/AAAAAAAAIFs\/HPZkNIjh4zQRClZo1qTHEYGazra1xTziwCEwYBhgL\/s800\/Mossenaires_1juliol2017-023.jpg?ssl=1\" border=\"0\" \/><\/span><br \/>\n<span style=\"color: #993366\"> Reengeguem amb la Carme, Inma, Pili<\/span><\/h3>\n<h3><span style=\"color: #993366\"><img data-recalc-dims=\"1\" decoding=\"async\" src=\"https:\/\/i0.wp.com\/3.bp.blogspot.com\/-PJYCBR_Hb60\/WVz4kwcXI3I\/AAAAAAAAIFw\/vdYx5GUrWCo5lvBaDHyO5u1X85xD1UTLQCEwYBhgL\/s800\/Mossenaires_1juliol2017-024.jpg?ssl=1\" border=\"0\" \/><\/span><br \/>\n<span style=\"color: #993366\"> Rafa i Juan Miguel<\/span><\/h3>\n<h3><span style=\"color: #993366\"><img data-recalc-dims=\"1\" decoding=\"async\" src=\"https:\/\/i0.wp.com\/1.bp.blogspot.com\/-IAvd8xTt64M\/WVz4kx0JqrI\/AAAAAAAAIF4\/qrZ1say-eAcgAAAnlgZyLLFFP0Qz9B2MACEwYBhgL\/s800\/Mossenaires_1juliol2017-025.jpg?ssl=1\" border=\"0\" \/><\/span><br \/>\n<span style=\"color: #993366\"> I entorn la Present, protagonista especial, tornem a esperar-nos<\/span><\/h3>\n<h3><span style=\"color: #993366\"><img data-recalc-dims=\"1\" decoding=\"async\" src=\"https:\/\/i0.wp.com\/2.bp.blogspot.com\/-3pbXUI2Epq8\/WVz4lBV4GiI\/AAAAAAAAIGA\/U-s-yfMRtdEPl5DGQvae_PBlVCKc7GmiQCEwYBhgL\/s800\/Mossenaires_1juliol2017-026.jpg?ssl=1\" border=\"0\" \/><\/span><br \/>\n<span style=\"color: #993366\"> Miquel i Jordi<\/span><\/h3>\n<h3><span style=\"color: #993366\"><img data-recalc-dims=\"1\" decoding=\"async\" src=\"https:\/\/i0.wp.com\/3.bp.blogspot.com\/-CZX8ZN6_rOY\/WVz4lElELqI\/AAAAAAAAIF8\/aS0j6wlaXVo-IrRVV23w0N7cZxkXEFAxgCEwYBhgL\/s800\/Mossenaires_1juliol2017-027.jpg?ssl=1\" border=\"0\" \/><\/span><br \/>\n<span style=\"color: #993366\"> Carlos i Alba<\/span><\/h3>\n<h3><span style=\"color: #993366\"><img data-recalc-dims=\"1\" decoding=\"async\" src=\"https:\/\/i0.wp.com\/4.bp.blogspot.com\/-USKEDJiz5l0\/WVz4lWaXxKI\/AAAAAAAAIGM\/3Q52efGvdwUiQrpf453M774Hez4GXI6wQCEwYBhgL\/s800\/Mossenaires_1juliol2017-028.jpg?ssl=1\" border=\"0\" \/><\/span><br \/>\n<span style=\"color: #993366\"> Jordi i Oriol<\/span><\/h3>\n<h3><span style=\"color: #993366\"><img data-recalc-dims=\"1\" decoding=\"async\" src=\"https:\/\/i0.wp.com\/2.bp.blogspot.com\/-hphp88_HniQ\/WVz4lWP7PoI\/AAAAAAAAIGI\/TofhWpb4KJwMhl9L71dn2eEBsV-MKEdOACEwYBhgL\/s800\/Mossenaires_1juliol2017-029.jpg?ssl=1\" border=\"0\" \/><\/span><br \/>\n<span style=\"color: #993366\"> Continuem per un bon cam\u00ed ombrivol, tot i que avui fa frescota<\/span><\/h3>\n<h3><img data-recalc-dims=\"1\" decoding=\"async\" src=\"https:\/\/i0.wp.com\/1.bp.blogspot.com\/-KpB4RUyggsY\/WVz4lo_6SVI\/AAAAAAAAIGE\/pFe0F1EpY9MLRW_s6Lgm6XgmWAxUV9x0gCEwYBhgL\/s800\/Mossenaires_1juliol2017-030.jpg?ssl=1\" border=\"0\" \/><br \/>\nIsabel, Present, Chary, Jordi<\/h3>\n<h3><span style=\"color: #993366\"><img data-recalc-dims=\"1\" decoding=\"async\" src=\"https:\/\/i0.wp.com\/1.bp.blogspot.com\/-BCPZfM0ublg\/WVz4lyj5oBI\/AAAAAAAAIGQ\/BlfPZVBIBd8rGIZSE3FX7YE-TKcrvIBpACEwYBhgL\/s800\/Mossenaires_1juliol2017-031.jpg?ssl=1\" border=\"0\" \/><\/span><br \/>\n<span style=\"color: #993366\"> Eva, Sandra, Carlos, Alba<\/span><\/h3>\n<h3><span style=\"color: #993366\"><img data-recalc-dims=\"1\" decoding=\"async\" src=\"https:\/\/i0.wp.com\/4.bp.blogspot.com\/-IML44aSuQiM\/WVz4l2CBMvI\/AAAAAAAAIGU\/sFMnAPnxn6QJFmgL1yHyxhnlI6ymiVJ_wCEwYBhgL\/s800\/Mossenaires_1juliol2017-032.jpg?ssl=1\" border=\"0\" \/><\/span><br \/>\n<span style=\"color: #993366\"> Amb la Mola al fons<\/span><\/h3>\n<h3><span style=\"color: #993366\"><img data-recalc-dims=\"1\" decoding=\"async\" src=\"https:\/\/i0.wp.com\/1.bp.blogspot.com\/-pNapaCejKg8\/WVz4l_sd62I\/AAAAAAAAIGY\/sni3fLFgoIwO7zQQxJ0tk8IQmAfDaRC6ACEwYBhgL\/s800\/Mossenaires_1juliol2017-033.jpg?ssl=1\" border=\"0\" \/><\/span><\/h3>\n<h3><span style=\"color: #993366\"><img data-recalc-dims=\"1\" decoding=\"async\" src=\"https:\/\/i0.wp.com\/1.bp.blogspot.com\/-cI--SxvJDsY\/WVz4mAvE7ZI\/AAAAAAAAIGc\/-ry3KEEUZ9Q_YczfE3lI8crqIiMoWB1UACEwYBhgL\/s800\/Mossenaires_1juliol2017-034.jpg?ssl=1\" border=\"0\" \/><\/span><\/h3>\n<h3><span style=\"color: #993366\"><img data-recalc-dims=\"1\" decoding=\"async\" src=\"https:\/\/i0.wp.com\/3.bp.blogspot.com\/-EZH43hSJjAY\/WVz4mWyrlyI\/AAAAAAAAIGg\/hkSpzOOkFtU1PZaeGPSz5N0trkW-6AOLACEwYBhgL\/s800\/Mossenaires_1juliol2017-035.jpg?ssl=1\" border=\"0\" \/><\/span><\/h3>\n<h3><span style=\"color: #993366\"><img data-recalc-dims=\"1\" decoding=\"async\" src=\"https:\/\/i0.wp.com\/3.bp.blogspot.com\/-VkFWx6d_iek\/WVz4mSejvgI\/AAAAAAAAIGk\/EJUCRR3hjMcHQOPHF597vW_U-E9iBmYIACEwYBhgL\/s800\/Mossenaires_1juliol2017-036.jpg?ssl=1\" border=\"0\" \/><\/span><\/h3>\n<h3><span style=\"color: #993366\"><img data-recalc-dims=\"1\" decoding=\"async\" src=\"https:\/\/i0.wp.com\/4.bp.blogspot.com\/-iGUNXyRD7jo\/WVz4mtlFvbI\/AAAAAAAAIGo\/s67UBP1BuscMbmd-qH_L5uzXwoQKBfXbQCEwYBhgL\/s800\/Mossenaires_1juliol2017-037.jpg?ssl=1\" border=\"0\" \/><\/span><\/h3>\n<h3><span style=\"color: #993366\"><img data-recalc-dims=\"1\" decoding=\"async\" src=\"https:\/\/i0.wp.com\/3.bp.blogspot.com\/-bdCXuJ8Hvaw\/WVz4m9d8mbI\/AAAAAAAAIGw\/n83nBNwrtSoG-u8QUmyt7nPTepi7ZCfJwCEwYBhgL\/s800\/Mossenaires_1juliol2017-038.jpg?ssl=1\" border=\"0\" \/><\/span><\/h3>\n<h3><span style=\"color: #993366\"><img data-recalc-dims=\"1\" decoding=\"async\" src=\"https:\/\/i0.wp.com\/1.bp.blogspot.com\/-0s-1UbL67Bk\/WVz4mruvJkI\/AAAAAAAAIGs\/DQb27c807ZMTp9OKz9MZ821yJIdc995zQCEwYBhgL\/s800\/Mossenaires_1juliol2017-039.jpg?ssl=1\" border=\"0\" \/><\/span><\/h3>\n<h3><span style=\"color: #993366\"><img data-recalc-dims=\"1\" decoding=\"async\" src=\"https:\/\/i0.wp.com\/2.bp.blogspot.com\/-eciMCKcrt24\/WVz4m_YPGzI\/AAAAAAAAIG0\/Yb3pSlQK9ZE6aoeUQtg87qQ-L2OJBAo9QCEwYBhgL\/s800\/Mossenaires_1juliol2017-040.jpg?ssl=1\" border=\"0\" \/><\/span><\/h3>\n<h3><span style=\"color: #993366\"><img data-recalc-dims=\"1\" decoding=\"async\" src=\"https:\/\/i0.wp.com\/2.bp.blogspot.com\/-QyJq1yvQxl8\/WVz4nFlWtpI\/AAAAAAAAIG4\/tYgR2rE5-nM3PqWFTYUDZj2brMQCv-ADgCEwYBhgL\/s800\/Mossenaires_1juliol2017-041.jpg?ssl=1\" border=\"0\" \/><\/span><\/h3>\n<h3><span style=\"color: #993366\"><img data-recalc-dims=\"1\" decoding=\"async\" src=\"https:\/\/i0.wp.com\/2.bp.blogspot.com\/-xE-6TqcifzE\/WVz4nEPWfuI\/AAAAAAAAIG8\/TxynBKVymmEv8P6MN3rXAah6ZXwG4CQ-wCEwYBhgL\/s800\/Mossenaires_1juliol2017-042.jpg?ssl=1\" border=\"0\" \/><\/span><\/h3>\n<h3><span style=\"color: #993366\"><img data-recalc-dims=\"1\" decoding=\"async\" src=\"https:\/\/i0.wp.com\/2.bp.blogspot.com\/-UFYKmqMtWBE\/WVz4nQy3DsI\/AAAAAAAAIHA\/CpQFaeYHNt4FsPf8AANKE1jrrMDh1J1qwCEwYBhgL\/s800\/Mossenaires_1juliol2017-043.jpg?ssl=1\" border=\"0\" \/><\/span><\/h3>\n<h3><span style=\"color: #993366\"><img data-recalc-dims=\"1\" decoding=\"async\" src=\"https:\/\/i0.wp.com\/1.bp.blogspot.com\/-PmBod4mH2TY\/WVz4nciwb2I\/AAAAAAAAIHE\/SwnttSI8umEVWhF2YQ3ZedmZN_IslC6YgCEwYBhgL\/s800\/Mossenaires_1juliol2017-044.jpg?ssl=1\" border=\"0\" \/><\/span><\/h3>\n<h3><span style=\"color: #993366\"><img data-recalc-dims=\"1\" decoding=\"async\" src=\"https:\/\/i0.wp.com\/1.bp.blogspot.com\/-hhe63Y46Wgo\/WVz4nVznhFI\/AAAAAAAAIHI\/PAhjvf_gVpkcU9G_kPIQCFUK20G-rVoVQCEwYBhgL\/s800\/Mossenaires_1juliol2017-045.jpg?ssl=1\" border=\"0\" \/><\/span><\/h3>\n<h3><span style=\"color: #993366\"><img data-recalc-dims=\"1\" decoding=\"async\" src=\"https:\/\/i0.wp.com\/1.bp.blogspot.com\/-Bv3kaDy2gmg\/WVz4npXYAzI\/AAAAAAAAIHM\/h40TO9W-PVYjZevmMJH-uBl4wKm2mXsEgCEwYBhgL\/s800\/Mossenaires_1juliol2017-046.jpg?ssl=1\" border=\"0\" \/><\/span><\/h3>\n<h3><span style=\"color: #993366\"><img data-recalc-dims=\"1\" decoding=\"async\" src=\"https:\/\/i0.wp.com\/3.bp.blogspot.com\/-fj3qxRTLAQ0\/WVz4n9saDUI\/AAAAAAAAIHU\/eFjCN8S_zkQviKaOekUX7Wc3dhN_ILuxgCEwYBhgL\/s800\/Mossenaires_1juliol2017-047.jpg?ssl=1\" border=\"0\" \/><\/span><\/h3>\n<h3><span style=\"color: #993366\"><img data-recalc-dims=\"1\" decoding=\"async\" src=\"https:\/\/i0.wp.com\/2.bp.blogspot.com\/-aocMjmVbImQ\/WVz4nzRBacI\/AAAAAAAAIHQ\/ZyUiou1m088XdaqKQr4iTHnst4TRnNf9QCEwYBhgL\/s800\/Mossenaires_1juliol2017-048.jpg?ssl=1\" border=\"0\" \/><\/span><br \/>\n<span style=\"color: #993366\"> La N\u00faria arribant a la Masia de Can Deu<\/span><\/h3>\n<h3><span style=\"color: #993366\"><img data-recalc-dims=\"1\" decoding=\"async\" src=\"https:\/\/i0.wp.com\/3.bp.blogspot.com\/-IsnVGIwm-xA\/WVz4oGkvvHI\/AAAAAAAAIHc\/XGsbokM_1qcBTNtQQsAulwCQE7wo-VcRwCEwYBhgL\/s800\/Mossenaires_1juliol2017-049.jpg?ssl=1\" border=\"0\" \/><\/span><br \/>\n<span style=\"color: #993366\"> Sebas i N\u00faria amb el mol\u00ed d&#8217;aigua<\/span><\/h3>\n<h3><span style=\"color: #993366\"><img data-recalc-dims=\"1\" decoding=\"async\" src=\"https:\/\/i0.wp.com\/1.bp.blogspot.com\/-NYry3vV8klU\/WVz4oFuoLJI\/AAAAAAAAIHY\/asy6B0wwaKQnSgIWcAnfbjoKXM6k-OKwgCEwYBhgL\/s800\/Mossenaires_1juliol2017-050.jpg?ssl=1\" border=\"0\" \/><\/span><\/h3>\n<h3><span style=\"color: #993366\"><img data-recalc-dims=\"1\" decoding=\"async\" src=\"https:\/\/i0.wp.com\/3.bp.blogspot.com\/-G590NyeCFnI\/WVz4oUi-c6I\/AAAAAAAAIHg\/kifL_zrVMGoHIPZapNnPDJ5dOTSOABzlwCEwYBhgL\/s800\/Mossenaires_1juliol2017-051.jpg?ssl=1\" border=\"0\" \/><\/span><br \/>\n<span style=\"color: #993366\"> Desplegament banderil<\/span><\/h3>\n<h3><span style=\"color: #993366\"><img data-recalc-dims=\"1\" decoding=\"async\" src=\"https:\/\/i0.wp.com\/3.bp.blogspot.com\/-L_WuBvB9NKE\/WVz4oecSf1I\/AAAAAAAAIHk\/InXhG6tDbicevJqBlDo0-DwnDlpr-6qhwCEwYBhgL\/s800\/Mossenaires_1juliol2017-052.jpg?ssl=1\" border=\"0\" \/><\/span><br \/>\n<span style=\"color: #993366\"> Les germanes Alba i Sandra de Nav\u00e0s<\/span><\/h3>\n<h3><span style=\"color: #993366\"><img data-recalc-dims=\"1\" decoding=\"async\" src=\"https:\/\/i0.wp.com\/1.bp.blogspot.com\/-Ap3xn1_7Y0Y\/WVz4ogvgv8I\/AAAAAAAAIHo\/FxSKYKxphAkWs7C-1Y8FbmTpcOYwNFK8wCEwYBhgL\/s800\/Mossenaires_1juliol2017-053.jpg?ssl=1\" border=\"0\" \/><\/span><\/h3>\n<h3><span style=\"color: #993366\"><img data-recalc-dims=\"1\" decoding=\"async\" src=\"https:\/\/i0.wp.com\/2.bp.blogspot.com\/-YOpvJ1P15TM\/WVz4oiQds-I\/AAAAAAAAIHs\/-nh1RAlmPSQKXRgfld1Fks6hQlSb7OcTwCEwYBhgL\/s800\/Mossenaires_1juliol2017-054.jpg?ssl=1\" border=\"0\" \/><\/span><br \/>\n<span style=\"color: #993366\"> Donem pas a la proclamaci\u00f3 de la nostra Mossenaire d&#8217;honor<\/span><\/h3>\n<h3><span style=\"color: #993366\"><img data-recalc-dims=\"1\" decoding=\"async\" src=\"https:\/\/i0.wp.com\/4.bp.blogspot.com\/-8xNuYEwUAQA\/WVz4owUvEXI\/AAAAAAAAIHw\/sapjTVAVeMoSumrrR91x6nCtHSKEK_XAQCEwYBhgL\/s800\/Mossenaires_1juliol2017-055.jpg?ssl=1\" border=\"0\" \/><\/span><br \/>\n<span style=\"color: #993366\"> I tenim el gust i el plaer de presentar-vos a la Present<\/span><\/h3>\n<h3><span style=\"color: #993366\"><img data-recalc-dims=\"1\" decoding=\"async\" src=\"https:\/\/i0.wp.com\/1.bp.blogspot.com\/--mg9E2_vYIU\/WVz4pJNxYvI\/AAAAAAAAIH0\/Zsr4PUfUHDI-Z8ZPmmwSWvPNJI3UgaFhwCEwYBhgL\/s800\/Mossenaires_1juliol2017-056.jpg?ssl=1\" border=\"0\" \/><\/span><br \/>\n<span style=\"color: #993366\"> I a punt de ser proclamada Mossenaire d&#8217;honor la Present<\/span><\/h3>\n<h3><span style=\"color: #993366\"><img data-recalc-dims=\"1\" decoding=\"async\" src=\"https:\/\/i0.wp.com\/2.bp.blogspot.com\/-qu264qhTl9k\/WVz4pOOh8hI\/AAAAAAAAIIA\/hhFYm5_ZtCkVO5-y79005S28Qi-rqwUvgCEwYBhgL\/s800\/Mossenaires_1juliol2017-057.jpg?ssl=1\" border=\"0\" \/><\/span><br \/>\n<span style=\"color: #993366\"> Present Rodr\u00edguez Salvador: &#8220;Mossenaire d&#8217;Honor&#8221;<\/span><\/h3>\n<h3><span style=\"color: #993366\"><img data-recalc-dims=\"1\" decoding=\"async\" src=\"https:\/\/i0.wp.com\/4.bp.blogspot.com\/-4yNpSX0ymVQ\/WVz4pQwZFfI\/AAAAAAAAIH4\/97G5sKliMEcI5tokd-w2y_-LJcbaSK26QCEwYBhgL\/s800\/Mossenaires_1juliol2017-058.jpg?ssl=1\" border=\"0\" \/><\/span><br \/>\n<span style=\"color: #993366\"> I a la bassa de la Masia de Can Deu, ens fem avui la fotografia familiar amb tota una bona colla d&#8217;amigues i amics que s&#8217;han reunit per gaudir de les companyies m\u00fatues i que ens ho han fet passar de forma fant\u00e0stica. Gr\u00e0cies i per molts anys<\/span><\/h3>\n<h3><span style=\"color: #993366\"><img data-recalc-dims=\"1\" decoding=\"async\" src=\"https:\/\/i0.wp.com\/1.bp.blogspot.com\/-Umx4EnHoruw\/WVz4pZkdTCI\/AAAAAAAAIH8\/lvP-D_uZrY0wKtfh3BBmiJaR-ye2CwVYwCEwYBhgL\/s800\/Mossenaires_1juliol2017-059.jpg?ssl=1\" border=\"0\" \/><\/span><\/h3>\n<h3><span style=\"color: #993366\"><img data-recalc-dims=\"1\" decoding=\"async\" src=\"https:\/\/i0.wp.com\/2.bp.blogspot.com\/-1Wx7uu1OOCg\/WVz4pgSrEqI\/AAAAAAAAIIE\/Q-TTGB5qjWYYVYPPs3YKQBfKsTvrkfAIACEwYBhgL\/s800\/Mossenaires_1juliol2017-060.jpg?ssl=1\" border=\"0\" \/><\/span><\/h3>\n<h3><span style=\"color: #993366\"><img data-recalc-dims=\"1\" decoding=\"async\" src=\"https:\/\/i0.wp.com\/2.bp.blogspot.com\/-jsJKKodan2c\/WVz4pqPqSCI\/AAAAAAAAIII\/6vhSrVKMpWwupTVrd_5ZSxi25eH8Qe9QQCEwYBhgL\/s800\/Mossenaires_1juliol2017-061.jpg?ssl=1\" border=\"0\" \/><\/span><br \/>\n<span style=\"color: #993366\"> Per\u00f2 ten\u00edem una sorpresa: en Carmelo<\/span><\/h3>\n<h3><span style=\"color: #993366\"><img data-recalc-dims=\"1\" decoding=\"async\" src=\"https:\/\/i0.wp.com\/4.bp.blogspot.com\/-EjQA7172UtY\/WVz4p0up7XI\/AAAAAAAAIIM\/vbrYe18hSvkB69M2GIGNjjjO1gT_yhfrwCEwYBhgL\/s800\/Mossenaires_1juliol2017-062.jpg?ssl=1\" border=\"0\" \/><\/span><br \/>\n<span style=\"color: #993366\"> En\u00a0<a class=\"postlink\" style=\"color: #993366\" href=\"http:\/\/mossenhoms.netfreehost.com\/viewtopic.php?p=13886&amp;mforum=mossenhoms#13886\" target=\"_blank\" rel=\"noopener noreferrer\">Carmelo Luque\u00a0<\/a>ja fa tres anys que va ser proclamat Mossenaire d&#8217;honor i qu\u00e8 millor que&#8230;.<\/span><\/h3>\n<h3><span style=\"color: #993366\"><img data-recalc-dims=\"1\" decoding=\"async\" src=\"https:\/\/i0.wp.com\/2.bp.blogspot.com\/-sWOFz5L2S3k\/WVz4p4pproI\/AAAAAAAAIIQ\/iyrz2q7w7xYrc_eNZtxt0Ss6EyLe9hvTwCEwYBhgL\/s800\/Mossenaires_1juliol2017-063.jpg?ssl=1\" border=\"0\" \/><\/span><br \/>\n<span style=\"color: #993366\"> &#8230; pensant un bon acudit<\/span><\/h3>\n<h3><span style=\"color: #993366\"><img data-recalc-dims=\"1\" decoding=\"async\" src=\"https:\/\/i0.wp.com\/1.bp.blogspot.com\/-znphx3A5ytk\/WVz4px_3noI\/AAAAAAAAIIU\/T-cAmYYanaAO-b1PDNKm2uzOtC52EzWrwCEwYBhgL\/s800\/Mossenaires_1juliol2017-064.jpg?ssl=1\" border=\"0\" \/><\/span><br \/>\n<span style=\"color: #993366\"> I \u00e9s per aix\u00f2 que quan alg\u00fa se&#8217;l troba passejant per Terrassa, li diuen: tu eres el &#8220;Mossenaire de los Chistes&#8221;<\/span><\/h3>\n<h3><span style=\"color: #993366\"><img data-recalc-dims=\"1\" decoding=\"async\" src=\"https:\/\/i0.wp.com\/3.bp.blogspot.com\/-se8Cqf2doCY\/WVz4qDZH_zI\/AAAAAAAAIIY\/DWYikHnMjPg7FMrKO_1LJ1ILRILv_WkJQCEwYBhgL\/s800\/Mossenaires_1juliol2017-065.jpg?ssl=1\" border=\"0\" \/><\/span><br \/>\n<span style=\"color: #993366\"> Doncs el del tiovivo: Gr\u00e0cies\u00a0<a class=\"postlink\" style=\"color: #993366\" href=\"http:\/\/mossenhoms.netfreehost.com\/viewtopic.php?p=13886&amp;mforum=mossenhoms#13886\" target=\"_blank\" rel=\"noopener noreferrer\">Carmelo Luque\u00a0<\/a><\/span><\/h3>\n<h3><span style=\"color: #993366\"><img data-recalc-dims=\"1\" decoding=\"async\" src=\"https:\/\/i0.wp.com\/2.bp.blogspot.com\/--c35ULVJW8s\/WVz4qLy0ZBI\/AAAAAAAAIIc\/nxtZIRAz13YqsQmdSNde29G_cBitLZt2QCEwYBhgL\/s800\/Mossenaires_1juliol2017-066.jpg?ssl=1\" border=\"0\" \/><\/span><\/h3>\n<h3><span style=\"color: #993366\"><img data-recalc-dims=\"1\" decoding=\"async\" src=\"https:\/\/i0.wp.com\/1.bp.blogspot.com\/-lTmK9-0UXIs\/WVz4qX6FjpI\/AAAAAAAAIIg\/3C5io1py_Z0GMEnZzujWWHbioMxNFWHWQCEwYBhgL\/s800\/Mossenaires_1juliol2017-067.jpg?ssl=1\" border=\"0\" \/><\/span><\/h3>\n<h3><span style=\"color: #993366\"><img data-recalc-dims=\"1\" decoding=\"async\" src=\"https:\/\/i0.wp.com\/2.bp.blogspot.com\/-ydbBps_ZtcY\/WVz4qdaKwlI\/AAAAAAAAIIk\/Q_voUhiADHoC4ZYbZ86ZOcyiGDSI5eSIwCEwYBhgL\/s800\/Mossenaires_1juliol2017-068.jpg?ssl=1\" border=\"0\" \/><\/span><\/h3>\n<h3><span style=\"color: #993366\"><img data-recalc-dims=\"1\" decoding=\"async\" src=\"https:\/\/i0.wp.com\/1.bp.blogspot.com\/-v1v2OJeGoQc\/WVz4qsr_kLI\/AAAAAAAAIIo\/6Wz5gtgDamMekX4tvUB_HBckwqLI9L1xACEwYBhgL\/s800\/Mossenaires_1juliol2017-069.jpg?ssl=1\" border=\"0\" \/><\/span><\/h3>\n<h3><span style=\"color: #993366\"><img data-recalc-dims=\"1\" decoding=\"async\" src=\"https:\/\/i0.wp.com\/4.bp.blogspot.com\/-cJ3cvSC0ea4\/WVz4qguHeWI\/AAAAAAAAIIw\/34nN602UtLcqYj9tzTcOEY-0anjCHoEsQCEwYBhgL\/s800\/Mossenaires_1juliol2017-070.jpg?ssl=1\" border=\"0\" \/><\/span><\/h3>\n<h3><span style=\"color: #993366\"><img data-recalc-dims=\"1\" decoding=\"async\" src=\"https:\/\/i0.wp.com\/3.bp.blogspot.com\/-X-NSbiuOJo0\/WVz4qphNSqI\/AAAAAAAAIIs\/Z7OP_8PydLYFTtRndTuIdR0kPf2ihmVmQCEwYBhgL\/s800\/Mossenaires_1juliol2017-071.jpg?ssl=1\" border=\"0\" \/><\/span><br \/>\n<span style=\"color: #993366\"> I coneixem a qui ha dut la bandera:\u00a0<a class=\"postlink\" style=\"color: #993366\" href=\"http:\/\/mossenhoms.netfreehost.com\/mossenhoms-post-13684.html#13684\" target=\"_blank\" rel=\"noopener noreferrer\">Isabel Vergara\u00a0<\/a>. Gr\u00e0cies!!<\/span><\/h3>\n<h3><span style=\"color: #993366\"><img data-recalc-dims=\"1\" decoding=\"async\" src=\"https:\/\/i0.wp.com\/1.bp.blogspot.com\/-udplT0xsrbo\/WVz4q9r2CWI\/AAAAAAAAII0\/jEn70NAUilMwrWfU_wSSJgYoL3XtjPddACEwYBhgL\/s800\/Mossenaires_1juliol2017-072.jpg?ssl=1\" border=\"0\" \/><\/span><br \/>\n<span style=\"color: #993366\"> Isabel ben aplaudida com a portadora d&#8217;avui<\/span><\/h3>\n<h3><span style=\"color: #993366\"><img data-recalc-dims=\"1\" decoding=\"async\" src=\"https:\/\/i0.wp.com\/2.bp.blogspot.com\/-Cb09_NJYviI\/WVz4rLWmUBI\/AAAAAAAAII4\/hwdTxlX6v3o8Jzvc4xInbyGEJeIdGskvgCEwYBhgL\/s800\/Mossenaires_1juliol2017-073.jpg?ssl=1\" border=\"0\" \/><\/span><\/h3>\n<h3><span style=\"color: #993366\"><img data-recalc-dims=\"1\" decoding=\"async\" src=\"https:\/\/i0.wp.com\/3.bp.blogspot.com\/-RNxE47SdlCA\/WVz4rIRE_5I\/AAAAAAAAII8\/rslshbmh3SIKYxJpKKIiMPfkhJTfjr3hwCEwYBhgL\/s800\/Mossenaires_1juliol2017-074.jpg?ssl=1\" border=\"0\" \/><\/span><br \/>\n<span style=\"color: #993366\"> <a class=\"postlink\" style=\"color: #993366\" href=\"http:\/\/mossenhoms.netfreehost.com\/viewtopic.php?p=13857&amp;mforum=mossenhoms#13857\" target=\"_blank\" rel=\"noopener noreferrer\">Juan Miguel Romero\u00a0<\/a>que cada dia est\u00e0 molt millor i m\u00e9s en forma, despr\u00e9s d&#8217;un temps de no poder entrenar prou b\u00e9<\/span><\/h3>\n<h3><span style=\"color: #993366\"><img data-recalc-dims=\"1\" decoding=\"async\" src=\"https:\/\/i0.wp.com\/4.bp.blogspot.com\/-EiaMV8BglNk\/WVz4rTZQ9lI\/AAAAAAAAIJA\/WQ2vdfifYcQ34qscIoPyj8H3qj8AVs27gCEwYBhgL\/s800\/Mossenaires_1juliol2017-075.jpg?ssl=1\" border=\"0\" \/><\/span><\/h3>\n<h3><span style=\"color: #993366\"><img data-recalc-dims=\"1\" decoding=\"async\" src=\"https:\/\/i0.wp.com\/2.bp.blogspot.com\/-zCV7Q8PnW8w\/WVz4rc0_txI\/AAAAAAAAIJE\/YGg62SIucTM3h9tVc4yLI-7LX0aInsm9wCEwYBhgL\/s800\/Mossenaires_1juliol2017-076.jpg?ssl=1\" border=\"0\" \/><\/span><br \/>\n<span style=\"color: #993366\"> Present passant per Sant Vicen\u00e7 de Verders<\/span><\/h3>\n<h3><span style=\"color: #993366\"><img data-recalc-dims=\"1\" decoding=\"async\" src=\"https:\/\/i0.wp.com\/4.bp.blogspot.com\/-1fL6_fZD19E\/WVz4rsirsGI\/AAAAAAAAIJI\/cYzhi1fQOCoLL4enGrjvIZSCfsqqZ_q9QCEwYBhgL\/s800\/Mossenaires_1juliol2017-077.jpg?ssl=1\" border=\"0\" \/><\/span><br \/>\n<span style=\"color: #993366\"> <a class=\"postlink\" style=\"color: #993366\" href=\"http:\/\/mossenhoms.netfreehost.com\/mossenhoms-post-13684.html#13684\" target=\"_blank\" rel=\"noopener noreferrer\">Isabel Vergara\u00a0<\/a>passant per Sant Vicen\u00e7 de Verders<\/span><\/h3>\n<h3><span style=\"color: #993366\"><img data-recalc-dims=\"1\" decoding=\"async\" src=\"https:\/\/i0.wp.com\/4.bp.blogspot.com\/-C9p_FvnTaRo\/WVz4rnszmLI\/AAAAAAAAIJQ\/TH-NAgvdjlUJUM4Li5pa6sIn8EZo0UmMQCEwYBhgL\/s800\/Mossenaires_1juliol2017-078.jpg?ssl=1\" border=\"0\" \/><\/span><br \/>\n<span style=\"color: #993366\"> <a class=\"postlink\" style=\"color: #993366\" href=\"http:\/\/mossenhoms.netfreehost.com\/mossenhoms-post-14045.html#14045\" target=\"_blank\" rel=\"noopener noreferrer\">Pli Callejas\u00a0<\/a>passant per Sant Vicen\u00e7 de Verders<\/span><\/h3>\n<h3><span style=\"color: #993366\"><img data-recalc-dims=\"1\" decoding=\"async\" src=\"https:\/\/i0.wp.com\/4.bp.blogspot.com\/-wUfjKRdTBEU\/WVz4rgEzvyI\/AAAAAAAAIJM\/TQLVT_-O4cEYyXIEKVwAy-V2_KtnJxmXACEwYBhgL\/s800\/Mossenaires_1juliol2017-079.jpg?ssl=1\" border=\"0\" \/><\/span><br \/>\n<span style=\"color: #993366\"> <a class=\"postlink\" style=\"color: #993366\" href=\"http:\/\/mossenhoms.netfreehost.com\/mossenhoms-post-13766.html#13766\" target=\"_blank\" rel=\"noopener noreferrer\">Nuria Masegosa\u00a0<\/a>passant per Sant Vicen\u00e7 de Verders<\/span><\/h3>\n<h3><span style=\"color: #993366\"><img data-recalc-dims=\"1\" decoding=\"async\" src=\"https:\/\/i0.wp.com\/2.bp.blogspot.com\/-pftAy9okVUQ\/WVz4r7Ksa_I\/AAAAAAAAIJU\/Ji95t-I-NR4rc56E4L92ptWuednDKMSrgCEwYBhgL\/s800\/Mossenaires_1juliol2017-080.jpg?ssl=1\" border=\"0\" \/><\/span><br \/>\n<span style=\"color: #993366\"> <a class=\"postlink\" style=\"color: #993366\" href=\"http:\/\/mossenhoms.netfreehost.com\/mossenhoms-post-10097.html#10097\" target=\"_blank\" rel=\"noopener noreferrer\">Robert Herrero\u00a0<\/a>passant per Sant Juli\u00e0 d&#8217;Altura<\/span><\/h3>\n<h3><span style=\"color: #993366\"><img data-recalc-dims=\"1\" decoding=\"async\" src=\"https:\/\/i0.wp.com\/3.bp.blogspot.com\/-zHwYxbFhV_E\/WVz4r6fppBI\/AAAAAAAAIJY\/MudhHkOzaQkGuaDA_zq8wpaTxdiZ7CfdgCEwYBhgL\/s800\/Mossenaires_1juliol2017-081.jpg?ssl=1\" border=\"0\" \/><\/span><br \/>\n<span style=\"color: #993366\"> <a class=\"postlink\" style=\"color: #993366\" href=\"http:\/\/mossenhoms.netfreehost.com\/viewtopic.php?p=13938&amp;mforum=mossenhoms#13938\" target=\"_blank\" rel=\"noopener noreferrer\">Antonio Aguilar\u00a0<\/a>acondicionant la sabatilla<\/span><\/h3>\n<h3><span style=\"color: #993366\"><img data-recalc-dims=\"1\" decoding=\"async\" src=\"https:\/\/i0.wp.com\/3.bp.blogspot.com\/-T6q-rgBZyN0\/WVz4sONu8VI\/AAAAAAAAIJc\/0JOsThlm6AMt9rx2BwZH_UGlulPUW8RKACEwYBhgL\/s800\/Mossenaires_1juliol2017-082.jpg?ssl=1\" border=\"0\" \/><\/span><br \/>\n<span style=\"color: #993366\"> Present, Gemma, Fernando abans de travessar la carretera de Sabadell-Matadepera<\/span><\/h3>\n<h3><span style=\"color: #993366\"><img data-recalc-dims=\"1\" decoding=\"async\" src=\"https:\/\/i0.wp.com\/1.bp.blogspot.com\/-iZXsp2UmULA\/WVz4sKswSZI\/AAAAAAAAIJg\/_mO6GsHBdo82QCu4xO9aUHuoYN4BEFZ0wCEwYBhgL\/s800\/Mossenaires_1juliol2017-083.jpg?ssl=1\" border=\"0\" \/><\/span><br \/>\n<span style=\"color: #993366\"> Tot just passant la carretera amb la Mossenaire d&#8217;Honor, la Present, i la bandera, l&#8217;Isabel, veiem marques de GR i de PR<\/span><\/h3>\n<h3><span style=\"color: #993366\"><img data-recalc-dims=\"1\" decoding=\"async\" src=\"https:\/\/i0.wp.com\/1.bp.blogspot.com\/-4qFzeTKMMA8\/WVz4sRKmWSI\/AAAAAAAAIJk\/7pkWG_R7DaMHAsr4f0S1tzi3KpuJlxjtQCEwYBhgL\/s800\/Mossenaires_1juliol2017-084.jpg?ssl=1\" border=\"0\" \/><\/span><\/h3>\n<h3><span style=\"color: #993366\"><img data-recalc-dims=\"1\" decoding=\"async\" src=\"https:\/\/i0.wp.com\/4.bp.blogspot.com\/-S9aWEOsGJb8\/WVz4shGL2LI\/AAAAAAAAIJo\/7qby587sd8INS9YybXPo0KCOcfcPxUoXQCEwYBhgL\/s800\/Mossenaires_1juliol2017-085.jpg?ssl=1\" border=\"0\" \/><\/span><\/h3>\n<h3><span style=\"color: #993366\"><img data-recalc-dims=\"1\" decoding=\"async\" src=\"https:\/\/i0.wp.com\/4.bp.blogspot.com\/-joXN3vn3koM\/WVz4s8trPYI\/AAAAAAAAIJw\/U9VeIM-uDRUToa8AINCOe7p3NBMggHCswCEwYBhgL\/s800\/Mossenaires_1juliol2017-086.jpg?ssl=1\" border=\"0\" \/><\/span><br \/>\n<span style=\"color: #993366\"> Una colla ben maca que ja va cap al camp base<\/span><\/h3>\n<h3><span style=\"color: #993366\"><img data-recalc-dims=\"1\" decoding=\"async\" src=\"https:\/\/i0.wp.com\/1.bp.blogspot.com\/-lkUIegxXA0g\/WVz4s-SuePI\/AAAAAAAAIJs\/lJit9xnopRI1A_qxot8kDWXlzp3bhnkYQCEwYBhgL\/s800\/Mossenaires_1juliol2017-087.jpg?ssl=1\" border=\"0\" \/><\/span><br \/>\n<span style=\"color: #993366\"> I una vegada arribem al camp base, ens espera la font i tancar converses i darreres fotografies de record per a la hist\u00f2ria<\/span><\/h3>\n<h3><span style=\"color: #993366\"><img data-recalc-dims=\"1\" decoding=\"async\" src=\"https:\/\/i0.wp.com\/3.bp.blogspot.com\/-db1nZWGP0Nk\/WVz4s5GLvfI\/AAAAAAAAIJ0\/UKSDNAGrkfwKUCUAdaK9CsH7NwCDj3gswCEwYBhgL\/s800\/Mossenaires_1juliol2017-088.jpg?ssl=1\" border=\"0\" \/><\/span><br \/>\n<span style=\"color: #993366\"> Present i Eva arribant<\/span><\/h3>\n<h3><span style=\"color: #993366\"><img data-recalc-dims=\"1\" decoding=\"async\" src=\"https:\/\/i0.wp.com\/2.bp.blogspot.com\/-SffaFsAqQs0\/WVz4tGvrTuI\/AAAAAAAAIJ4\/GAJt07dHYwwIvefnEGGG2_MbdxD1VtQkgCEwYBhgL\/s800\/Mossenaires_1juliol2017-089.jpg?ssl=1\" border=\"0\" \/><\/span><br \/>\n<span style=\"color: #993366\"> amb una altre perspectiva<\/span><\/h3>\n<h3><span style=\"color: #993366\"><img data-recalc-dims=\"1\" decoding=\"async\" src=\"https:\/\/i0.wp.com\/2.bp.blogspot.com\/-7aBBooC6t4I\/WVz4tPt3dWI\/AAAAAAAAIJ8\/6VAVNMRpooYBC9H5yufCB5SWxaNLcoWrgCEwYBhgL\/s800\/Mossenaires_1juliol2017-090.jpg?ssl=1\" border=\"0\" \/><\/span><\/h3>\n<h3><span style=\"color: #993366\"><img data-recalc-dims=\"1\" decoding=\"async\" src=\"https:\/\/i0.wp.com\/3.bp.blogspot.com\/-MaDiuj4trC0\/WVz4tOg-WcI\/AAAAAAAAIKA\/wXvjroFqyPkiKRwvSgyi6NW1f70FhaFBwCEwYBhgL\/s800\/Mossenaires_1juliol2017-091.jpg?ssl=1\" border=\"0\" \/><\/span><br \/>\n<span style=\"color: #993366\"> Gemma i Josep, arribant<\/span><\/h3>\n<h3><span style=\"color: #993366\"><img data-recalc-dims=\"1\" decoding=\"async\" src=\"https:\/\/i0.wp.com\/4.bp.blogspot.com\/-EVuYsonRZVQ\/WVz4tulUCUI\/AAAAAAAAIKE\/0EikHr9FE7I79BqQwnAPwiWW35ClCwD8gCEwYBhgL\/s800\/Mossenaires_1juliol2017-092.jpg?ssl=1\" border=\"0\" \/><\/span><br \/>\n<span style=\"color: #993366\"> Primer compte enrere per la darrera foto<\/span><\/h3>\n<h3><span style=\"color: #993366\"><img data-recalc-dims=\"1\" decoding=\"async\" src=\"https:\/\/i0.wp.com\/1.bp.blogspot.com\/-khdDzNbHGrk\/WVz4tlkyfdI\/AAAAAAAAIKI\/2QgqdJ8JSvkL_vNDPRuVtPdSUlH61OjDQCEwYBhgL\/s800\/Mossenaires_1juliol2017-093.jpg?ssl=1\" border=\"0\" \/><\/span><br \/>\n<span style=\"color: #993366\"> Ara si: camp base i tanquem sessi\u00f3<\/span><\/h3>\n<h3><span style=\"color: #993366\"><img data-recalc-dims=\"1\" decoding=\"async\" src=\"https:\/\/i0.wp.com\/2.bp.blogspot.com\/-OZmGScc8W44\/WVz4t4UAr7I\/AAAAAAAAIKU\/EATV5xtPvbkfPTa_1tksFMwE3j15wlA9ACEwYBhgL\/s800\/Mossenaires_1juliol2017-096.jpg?ssl=1\" border=\"0\" \/><\/span><\/h3>\n<h3><span style=\"color: #993366\"><img data-recalc-dims=\"1\" decoding=\"async\" src=\"https:\/\/i0.wp.com\/4.bp.blogspot.com\/-Ty15VD3IiTk\/WVz4vvvT1hI\/AAAAAAAAIKc\/fjV-h6LdmUkYb6AvC4IrRldwcwi_3xxMgCEwYBhgL\/s800\/Mossenaires_1juliol2017-097.jpg?ssl=1\" border=\"0\" \/><\/span><br \/>\n<span style=\"color: #993366\"> Les nostres noies<\/span><\/h3>\n<h3><span style=\"color: #993366\"><img data-recalc-dims=\"1\" decoding=\"async\" src=\"https:\/\/i0.wp.com\/2.bp.blogspot.com\/-oCH6WvJ3CRk\/WVz4uLAGIcI\/AAAAAAAAIKY\/8WA2rN6jQEoJSir2dyXo1prcnhFJpRLfACEwYBhgL\/s800\/Mossenaires_1juliol2017-098.jpg?ssl=1\" border=\"0\" \/><\/span><br \/>\n<span style=\"color: #993366\"> Alba, N\u00faria, Present, Isabel, Eva, Sandra, Inma<\/span><\/h3>\n<h3><span style=\"color: #993366\"><a class=\"postlink\" style=\"color: #993366\" href=\"https:\/\/www.strava.com\/activities\/1062009907\" target=\"_blank\" rel=\"noopener noreferrer\"><img data-recalc-dims=\"1\" decoding=\"async\" src=\"https:\/\/i0.wp.com\/4.bp.blogspot.com\/-lbSsSYNRqZM\/WV0knoCzGYI\/AAAAAAAAIK0\/jVAYfegfjRUbvng9Y9JMDna5MHdvhhgowCLcBGAs\/s800\/Mossenaires_1juliol2017-099.06.png?ssl=1\" border=\"0\" \/><\/a><\/span><br \/>\n<span style=\"color: #993366\"> <a style=\"color: #993366\" href=\"https:\/\/www.strava.com\/activities\/1062009907\" target=\"_blank\" rel=\"noopener noreferrer\">https:\/\/www.strava.com\/activities\/1062009907<\/a><\/span><\/h3>\n<h3><\/h3>\n<h3><span style=\"color: #993366\">Et vaig con\u00e8ixer gr\u00e0cies a California Sports i quan entrenaves amb aquell grup tan magn\u00edfic de noies i ens v\u00e8iem sovint, tot i que entrenaves majorit\u00e0riament amb el grup de tarda. Has anat venint a Mossenaires i per nosaltres \u00e9s un orgull tenir-te formant part d&#8217;aquest projecte que tamb\u00e9 \u00e9s teu, donat que li d\u00f3nes prestigi. T&#8217;estem agra\u00efdes i agra\u00efts i per molts anys i que tot el que et proposis es faci realitat. Felicitats i et desitgem tota la sort del m\u00f3n<\/span><\/h3>\n<h3><span style=\"color: #993366\"><img data-recalc-dims=\"1\" decoding=\"async\" src=\"https:\/\/i0.wp.com\/4.bp.blogspot.com\/-0wrrYzP6OH4\/WVz4tmgXC9I\/AAAAAAAAIKM\/DD7uiDWfK2cjDiWeymldEhyw8XOLfhimgCEwYBhgL\/s800\/Mossenaires_1juliol2017-094.jpg?ssl=1\" border=\"0\" \/><\/span><\/h3>\n<h3><span style=\"color: #993366\"><img data-recalc-dims=\"1\" decoding=\"async\" src=\"https:\/\/i0.wp.com\/2.bp.blogspot.com\/-ZdgQhSkdTkA\/WVz4t9gOddI\/AAAAAAAAIKQ\/-H5JazdwMpsdbkRBbX7XNfd2NIi6_F7hQCEwYBhgL\/s800\/Mossenaires_1juliol2017-095.jpg?ssl=1\" border=\"0\" \/><\/span><\/h3>\n<h3><em><span style=\"color: #0000ff\">Hola a tod@s!!<\/span><\/em><br \/>\n<em><span style=\"color: #0000ff\"> Para los que no me conoc\u00e9is soy Present y soy de Terrassa;<\/span><\/em><br \/>\n<em><span style=\"color: #0000ff\"> Esta semana he sido Mossenaire d&#8217;Honor ..todo un honor para mi..<\/span><\/em><\/h3>\n<h3><em><span style=\"color: #0000ff\">Intentar\u00e9 no enrollarme mucho..<\/span><\/em><\/h3>\n<h3><em><span style=\"color: #0000ff\">Ahora mismo ser\u00eda para mi muy dif\u00edcil dejar de correr, caminar o de hacer deporte en general.. es curioso porque de peque\u00f1a ten\u00eda asma y no pod\u00eda ni correr casi, ni hacer gimnasia en el cole a veces. Pero con tratamiento y con ayuda de la nataci\u00f3n fue desapareciendo, aunque nunca se cura del todo pero ahora puedo hacer vida normal.<\/span><\/em><br \/>\n<em><span style=\"color: #0000ff\"> Hice nataci\u00f3n desde los 11 a\u00f1os hasta los 26, deporte que me sigue gustando, pero al aumentar la familia tuve que abandonarlo un poco.<\/span><\/em><br \/>\n<em><span style=\"color: #0000ff\"> Hace unos cinco a\u00f1os comenc\u00e9 a correr. Era lo m\u00e1s f\u00e1cil. Sin tema de horarios, ni coger el coche para ir al gimnasio etc., comenc\u00e9 por Vallparad\u00eds. Con mi amigo y compi Jos\u00e9 y me anim\u00e9 me anim\u00e9 que me dec\u00eda pues ap\u00fantate a esta cursa. Y as\u00ed ves que tal se te da. Y eso fue un no parar. El hecho de superarte y sentirte bien.<\/span><\/em><br \/>\n<em><span style=\"color: #0000ff\"> Despu\u00e9s me hablaron de California Sport y comenc\u00e9 a salir con ellos. Conoc\u00ed a gente genial. A Pep Moliner, por ejemplo ,y gente que a d\u00eda de hoy seguimos estando unidos.<\/span><\/em><br \/>\n<em><span style=\"color: #0000ff\"> Han pasado cinco a\u00f1os. He conseguido much\u00edsimos retos y los que a\u00fan me quedan.<\/span><\/em><br \/>\n<em><span style=\"color: #0000ff\"> Este deporte, s\u00ed es individual; pero los entrenos, las carreras, los compa\u00f1eros, gente que conoces, hacen que a\u00fan te.guste m\u00e1s.<\/span><\/em><br \/>\n<em><span style=\"color: #0000ff\"> Y la labor que haces Pep: es de admirar, el buen ambiente que se respira cada s\u00e1bado y lo bien que haces sentir a todos los que van. Aunque no pueda ir todo lo que quisiera, cuando voy me siento como si fuera cada s\u00e1bado.<\/span><\/em><br \/>\n<em><span style=\"color: #0000ff\"> Muchas gracias Pep.<\/span><\/em><br \/>\n<em><span style=\"color: #0000ff\"> Nos vemos pronto..Salud y Kms.<\/span><\/em><br \/>\n<em><span style=\"color: #0000ff\"> Present<\/span><\/em><\/h3>\n<table style=\"padding-left: 30px\" cellspacing=\"0\" align=\"left\">\n<tbody style=\"padding-left: 30px\">\n<tr style=\"text-align: justify;padding-left: 30px\">\n<td style=\"padding-left: 30px\">\n<h3><span style=\"color: #993366\"><strong><a style=\"color: #993366\" href=\"http:\/\/www.egargrafic.com\/\" target=\"_blank\" rel=\"noopener noreferrer\"><img data-recalc-dims=\"1\" decoding=\"async\" src=\"https:\/\/i0.wp.com\/www.josepmoliner.com\/egargrafic2.gif\" alt=\"\" \/><\/a><\/strong><\/span><\/h3>\n<\/td>\n<td style=\"padding-left: 30px\">\n<h3><span style=\"color: #993366\"><strong><img data-recalc-dims=\"1\" decoding=\"async\" class=\"decoded\" src=\"https:\/\/i0.wp.com\/josepmoliner.com\/centreMedicAvinguda.gif\" alt=\"http:\/\/josepmoliner.com\/centreMedicAvinguda.gif\" \/><\/strong><\/span><\/h3>\n<\/td>\n<\/tr>\n<tr style=\"text-align: justify;padding-left: 30px\">\n<td style=\"padding-left: 30px\">\n<h3><span style=\"color: #993366\"><strong><a style=\"color: #993366\" href=\"http:\/\/www.grevolsalut.com\/\" target=\"_blank\" rel=\"noopener noreferrer\"><img data-recalc-dims=\"1\" decoding=\"async\" src=\"https:\/\/i0.wp.com\/www.elroure.net\/grevol\/grevol_salut.gif\" alt=\"\" \/><\/a><\/strong><\/span><\/h3>\n<\/td>\n<td style=\"padding-left: 30px\">\n<h3><span style=\"color: #993366\"><strong><a class=\"postlink\" style=\"color: #993366\" href=\"http:\/\/www.urgenciasdentalfort.com\/\" target=\"_blank\" rel=\"noopener noreferrer\"><img data-recalc-dims=\"1\" decoding=\"async\" src=\"https:\/\/i0.wp.com\/www.mossenhoms.be\/DentalFort2.gif\" border=\"0\" \/><\/a><\/strong><\/span><\/h3>\n<\/td>\n<\/tr>\n<tr style=\"text-align: justify;padding-left: 30px\">\n<td style=\"padding-left: 30px\">\n<h3><span style=\"color: #993366\"><strong><a style=\"color: #993366\" href=\"http:\/\/www.esportsavinguda.tk\/\" target=\"_blank\" rel=\"noopener noreferrer\"><img data-recalc-dims=\"1\" decoding=\"async\" src=\"https:\/\/i0.wp.com\/josepmoliner.com\/esportsavinguda2.gif\" alt=\"\" \/><\/a><\/strong><\/span><\/h3>\n<\/td>\n<td style=\"padding-left: 30px\">\n<h3><span style=\"color: #993366\"><strong><a style=\"color: #993366\" href=\"http:\/\/www.elroure.net\/\" target=\"_blank\" rel=\"noopener noreferrer\"><img data-recalc-dims=\"1\" decoding=\"async\" src=\"https:\/\/i0.wp.com\/elroure.net\/rourenet.gif\" alt=\"\" \/><\/a><\/strong><\/span><\/h3>\n<\/td>\n<\/tr>\n<tr style=\"text-align: justify;padding-left: 30px\">\n<td style=\"padding-left: 30px\">\n<h3><span style=\"color: #993366\"><strong><a style=\"color: #993366\" href=\"http:\/\/www.eledevall.com\/\" target=\"_blank\" rel=\"noopener noreferrer\"><img data-recalc-dims=\"1\" decoding=\"async\" src=\"https:\/\/i0.wp.com\/josepmoliner.com\/eledevall.gif\" alt=\"\" \/><\/a><\/strong><\/span><\/h3>\n<\/td>\n<td style=\"padding-left: 30px\">\n<h3><span style=\"color: #993366\"><strong><a style=\"color: #993366\" href=\"http:\/\/civeracampoy.com\/index.php\/es\/\" target=\"_blank\" rel=\"noopener noreferrer\"><img data-recalc-dims=\"1\" decoding=\"async\" src=\"https:\/\/i0.wp.com\/josepmoliner.com\/Civera%26Campoy.gif\" alt=\"\" \/><\/a><\/strong><\/span><\/h3>\n<\/td>\n<\/tr>\n<tr style=\"text-align: justify;padding-left: 30px\">\n<td style=\"padding-left: 30px\">\n<table style=\"padding-left: 30px\" cellspacing=\"0\" align=\"left\">\n<tbody style=\"padding-left: 30px\">\n<tr style=\"text-align: justify;padding-left: 30px\">\n<td style=\"padding-left: 30px\">\n<h3><span style=\"color: #993366\"><strong>\u00a0<\/strong><\/span><\/h3>\n<\/td>\n<\/tr>\n<tr style=\"text-align: justify;padding-left: 30px\">\n<td style=\"padding-left: 30px\">\n<h3><span style=\"color: #993366\"><strong><a style=\"color: #993366\" href=\"mailto:banner@mossenhoms.be\">vols el teu banner?<\/a><\/strong><\/span><\/h3>\n<\/td>\n<\/tr>\n<\/tbody>\n<\/table>\n<\/td>\n<\/tr>\n<\/tbody>\n<\/table>\n","protected":false},"excerpt":{"rendered":"<p>No deixa de ser un repte voler que cada dissabte a les 08:00 i sense excepci\u00f3, aplegar-se gent vinguda de tot arreu i de molts llocs per fer gaireb\u00e9 sempre coses similars. El que s\u00ed, quan acabem, ens d\u00f3na la sensaci\u00f3 que hi ha hagut variacions. No sabem per qu\u00e8, per\u00f2 notem diferencies i la [&hellip;]<\/p>\n","protected":false},"author":171,"featured_media":0,"comment_status":"open","ping_status":"open","sticky":false,"template":"","format":"standard","meta":{"jetpack_post_was_ever_published":false,"_jetpack_newsletter_access":"","_jetpack_dont_email_post_to_subs":false,"_jetpack_newsletter_tier_id":0,"_jetpack_memberships_contains_paywalled_content":false,"_jetpack_memberships_contains_paid_content":false,"footnotes":"","jetpack_publicize_message":"","jetpack_publicize_feature_enabled":true,"jetpack_social_post_already_shared":false,"jetpack_social_options":{"image_generator_settings":{"template":"highway","default_image_id":0,"font":"","enabled":false},"version":2}},"categories":[2697,25130,5580,1,25102,25094,25089,73],"tags":[2697,4656,25105,25130,25112,25126,25106,25094,25091,25137],"class_list":["post-4526","post","type-post","status-publish","format-standard","hentry","category-amistat","category-correrxerrar","category-entrenaments","category-general","category-mossenhoms-be","category-pep-moliner","category-senderisme","category-terrassa","tag-amistat","tag-atletisme","tag-correr","tag-correrxerrar","tag-entrenament-en-grup","tag-entrenaments-torre-mossen-homs","tag-mossenaires","tag-pep-moliner","tag-running","tag-sabadell"],"jetpack_publicize_connections":[],"jetpack_featured_media_url":"","jetpack_sharing_enabled":true,"jetpack_shortlink":"https:\/\/wp.me\/pagkiK-1b0","jetpack-related-posts":[{"id":4431,"url":"https:\/\/blogs.avui.cat\/pepmoliner\/2017\/03\/08\/entrenament-mossenaire-un-mes\/","url_meta":{"origin":4526,"position":0},"title":"\u201cEntrenament Mossenaire: un mes\u201d","author":"Pep Moliner","date":"8 de mar\u00e7 de 2017","format":false,"excerpt":"Sabem que la pluja espanta for\u00e7a #mossenaires i a primera hora no sabem \u00a0si l'entrenament ser\u00e0 xop o eixut. Ha estat eixut i fant\u00e0stic o almenys aix\u00ed \u00a0ens ho sembla. Hem baixat per llocs com el cam\u00ed asfaltat de Can Bon Vilar \u00a0que duu a llocs com l'Hotel Milton, l'H\u00edpica\u2026","rel":"","context":"A &quot;Amistat&quot;","block_context":{"text":"Amistat","link":"https:\/\/blogs.avui.cat\/pepmoliner\/category\/amistat\/"},"img":{"alt_text":"","src":"","width":0,"height":0},"classes":[]},{"id":4564,"url":"https:\/\/blogs.avui.cat\/pepmoliner\/2017\/08\/23\/agost-mossenaire\/","url_meta":{"origin":4526,"position":1},"title":"Agost Mossenaire","author":"Pep Moliner","date":"23 d'agost de 2017","format":false,"excerpt":"El torrent de Gotelles ha estat el circuit triat per en Paco Barcia, al qui deman\u00e0vem es fes c\u00e0rrec del grup avui i no perdre la continu\u00eftat en el nostre projecte on es busca la solidaritat, amistat, amor a la natura i gaudir d'una bona xerrada mentre fem una mica\u2026","rel":"","context":"A &quot;Amistat&quot;","block_context":{"text":"Amistat","link":"https:\/\/blogs.avui.cat\/pepmoliner\/category\/amistat\/"},"img":{"alt_text":"","src":"","width":0,"height":0},"classes":[]},{"id":4403,"url":"https:\/\/blogs.avui.cat\/pepmoliner\/2017\/02\/02\/carrers-mullats-mossenaires-eixuts\/","url_meta":{"origin":4526,"position":2},"title":"Carrers mullats, Mossenaires eixuts","author":"Pep Moliner","date":"2 de febrer de 2017","format":false,"excerpt":"Una dita que tenien els botiguers i no se si tenen \"carrers mullats, calaixos eixuts\", tot interpretant que la gent no surt a comprar quan plou. Doncs a \"Mossenaries\", tamb\u00e9 es noten les inclem\u00e8ncies meteorol\u00f2giques. Amb tot, avui tamb\u00e9 era un dia molt important per nosaltres. Un dels nostres amics,\u2026","rel":"","context":"A &quot;Amistat&quot;","block_context":{"text":"Amistat","link":"https:\/\/blogs.avui.cat\/pepmoliner\/category\/amistat\/"},"img":{"alt_text":"","src":"","width":0,"height":0},"classes":[]},{"id":4752,"url":"https:\/\/blogs.avui.cat\/pepmoliner\/2018\/08\/08\/tretze-son-tretze-mossenaires\/","url_meta":{"origin":4526,"position":3},"title":"Tretze s\u00f3n tretze Mossenaires","author":"Pep Moliner","date":"8 d'agost de 2018","format":false,"excerpt":"Temperatures de r\u00e9cord a molts llocs propers, i a Can Mossenaire, i ja a primera hora, notem escalfor i donat que \u00e9rem tretze Mossenaires, consensuem tornar a fer el lloc proper m\u00e9s fresc que coneixem i no \u00e9s altre que el torrent de Gotelles i les fonts que hi sovintegem.\u2026","rel":"","context":"A &quot;Amistat&quot;","block_context":{"text":"Amistat","link":"https:\/\/blogs.avui.cat\/pepmoliner\/category\/amistat\/"},"img":{"alt_text":"","src":"","width":0,"height":0},"classes":[]},{"id":4583,"url":"https:\/\/blogs.avui.cat\/pepmoliner\/2017\/09\/20\/cap-el-turo-quan-plou-amb-mossenaires\/","url_meta":{"origin":4526,"position":4},"title":"Cap el Tur\u00f3 quan plou amb Mossenaires","author":"Pep Moliner","date":"20 de setembre de 2017","format":false,"excerpt":"Quan el divendres dia 15 queien forts ruixats, imagin\u00e0vem que podr\u00edem tenir molt de fang i ens ha sorpr\u00e8s que aquest dissabte molta gent imaginava cap on anir\u00edem, donat que mirem d'actuar amb certa l\u00f2gica i no anar pels tolls. Anar cap al Tur\u00f3 de les Roques Blanques ens agrada\u2026","rel":"","context":"A &quot;Amistat&quot;","block_context":{"text":"Amistat","link":"https:\/\/blogs.avui.cat\/pepmoliner\/category\/amistat\/"},"img":{"alt_text":"","src":"","width":0,"height":0},"classes":[]},{"id":4724,"url":"https:\/\/blogs.avui.cat\/pepmoliner\/2018\/06\/20\/ribatallada-amb-mossenaires\/","url_meta":{"origin":4526,"position":5},"title":"Ribatallada amb Mossenaires","author":"Pep Moliner","date":"20 de juny de 2018","format":false,"excerpt":"Ens ha costat, despr\u00e9s d'una primavera tan plujosa, triar aquest circuit estiuenc \"Mossenaire\" i que sempre dona frescor i sensaci\u00f3 d'estar en un lloc m\u00e9s remot que no pas el dels vallesos. I \u00e9s que no ens cansarem de dir, que tenim una gran sort de tenir racons com aquests\u2026","rel":"","context":"A &quot;Amistat&quot;","block_context":{"text":"Amistat","link":"https:\/\/blogs.avui.cat\/pepmoliner\/category\/amistat\/"},"img":{"alt_text":"","src":"","width":0,"height":0},"classes":[]}],"_links":{"self":[{"href":"https:\/\/blogs.avui.cat\/pepmoliner\/wp-json\/wp\/v2\/posts\/4526","targetHints":{"allow":["GET"]}}],"collection":[{"href":"https:\/\/blogs.avui.cat\/pepmoliner\/wp-json\/wp\/v2\/posts"}],"about":[{"href":"https:\/\/blogs.avui.cat\/pepmoliner\/wp-json\/wp\/v2\/types\/post"}],"author":[{"embeddable":true,"href":"https:\/\/blogs.avui.cat\/pepmoliner\/wp-json\/wp\/v2\/users\/171"}],"replies":[{"embeddable":true,"href":"https:\/\/blogs.avui.cat\/pepmoliner\/wp-json\/wp\/v2\/comments?post=4526"}],"version-history":[{"count":3,"href":"https:\/\/blogs.avui.cat\/pepmoliner\/wp-json\/wp\/v2\/posts\/4526\/revisions"}],"predecessor-version":[{"id":4529,"href":"https:\/\/blogs.avui.cat\/pepmoliner\/wp-json\/wp\/v2\/posts\/4526\/revisions\/4529"}],"wp:attachment":[{"href":"https:\/\/blogs.avui.cat\/pepmoliner\/wp-json\/wp\/v2\/media?parent=4526"}],"wp:term":[{"taxonomy":"category","embeddable":true,"href":"https:\/\/blogs.avui.cat\/pepmoliner\/wp-json\/wp\/v2\/categories?post=4526"},{"taxonomy":"post_tag","embeddable":true,"href":"https:\/\/blogs.avui.cat\/pepmoliner\/wp-json\/wp\/v2\/tags?post=4526"}],"curies":[{"name":"wp","href":"https:\/\/api.w.org\/{rel}","templated":true}]}}