{"id":4487,"date":"2017-05-24T20:03:46","date_gmt":"2017-05-24T19:03:46","guid":{"rendered":"http:\/\/blogs.avui.cat\/pepmoliner\/?p=4487"},"modified":"2017-05-24T20:03:59","modified_gmt":"2017-05-24T19:03:59","slug":"lluitem-per-la-lucia-anims","status":"publish","type":"post","link":"https:\/\/blogs.avui.cat\/pepmoliner\/2017\/05\/24\/lluitem-per-la-lucia-anims\/","title":{"rendered":"Lluitem per la Lucia: \u00c0nims!!"},"content":{"rendered":"<h3>Quan diem que m\u00e9s que un grup \u00e9s una fam\u00edlia, ens ho creiem i aquesta setmana hem rebut un S.O.S. i ens en fem ress\u00f2 i si aconseguim ajudar a la filla de Jos\u00e9 Manuel Cabello, la Lucia serem immensament feli\u00e7os. Es tracta de fer arribar una petita col\u00b7laboraci\u00f3, que podem dir segur que salvem una vida que est\u00e0 patint, com ho fa tot la seva fam\u00edlia. L&#8217;operaci\u00f3 a la qual ha d&#8217;\u00e9sser sotmesa \u00e9s car\u00edssima i, Segons sembla, ara de moment l&#8217;operaran d&#8217;una o\u00efda i m\u00e9s endavant l&#8217;altre. La mare de la Lucia ha deixat la seva feina per dedicar-se-hi en cos i \u00e0nima i tots els seus estalvis els posaran per poder fer front a molts costos que els hi vindran. Tot aix\u00f2, per explicar-vos que si tu que ens est\u00e0s llegint et poses en el lloc del nostre amic i company, segur que si est\u00e0 a la teva m\u00e0, igual pots fer alguna cosa per ell i sobretot per ella.<\/h3>\n<h3>El correu del Mossenaire Jose Manuel Cabello i pare de la Lucia \u00e9s <a href=\"mailto:josseyrosse@hotmail.com\">josseyrosse@hotmail.com<\/a> i el seu tel\u00e8fon 653928350, per si heu de fer-li cap consulta.<\/h3>\n<h3>I com que ens hem reunit per c\u00f3rrer, de nou mil i una hist\u00f2ries precioses, com tenir una fant\u00e0stica Mossenaire d&#8217;honor, la Montse P\u00e9rez, nous mossenaires com el Denis, una jove promesa i l&#8217;\u00c0ngel, que despr\u00e9s de diferents accidents pot tornar a c\u00f3rrer i ha decidit fer-ho al vostre costat, i la bandera ha estat portada per en Jos\u00e9 Manuel Garcia Cabello, que tant de bo aconsegueixi curar a la seva filla.<\/h3>\n<h3>El recorregut ha estat variat i fins al bosc de Can Deu, on hem fet alguna giragonsa per retornar fins al nostre camp base, per segir fent-la petar. De nou gr\u00e0cies per fer possible aquest projecte i ara t&#8217;esperem el dissabte vinent, a on?, a Can Mossenaire, oh hi tant!!.<\/h3>\n<h3><a class=\"postlink\" href=\"https:\/\/www.teaming.net\/luciaquiereoir\" target=\"_blank\" rel=\"noopener noreferrer\"><img data-recalc-dims=\"1\" decoding=\"async\" src=\"https:\/\/i0.wp.com\/1.bp.blogspot.com\/-9W0SxtStunY\/WSXGM_qAwRI\/AAAAAAAAHPY\/KpV4_lYly4weTP7yNbyggIw_oSuKG4aJQCLcB\/s800\/Lucia_Quiere_Oir.jpg?ssl=1\" border=\"0\" \/><\/a><br \/>\n<a href=\"https:\/\/www.teaming.net\/luciaquiereoir\" target=\"_blank\" rel=\"noopener noreferrer\">https:\/\/www.teaming.net\/luciaquiereoir<\/a><\/h3>\n<h3>Pots afegir-te lliurement i f\u00e0cilment. Anima&#8217;t<\/h3>\n<h3><img data-recalc-dims=\"1\" decoding=\"async\" src=\"https:\/\/i0.wp.com\/2.bp.blogspot.com\/-HHQ73KyNJgo\/WSXD_bH7krI\/AAAAAAAAHKY\/QbDLrCH3XCwt9NycYLEntkB2kd_0wsKWgCLcB\/s800\/Mossenaires_20maig2017.jpg?ssl=1\" border=\"0\" \/><br \/>\nAls peus de la Masia de Torre Moss\u00e8n Homs, s&#8217;apleguen un munt d&#8217;amigues i amics<\/h3>\n<h3><img data-recalc-dims=\"1\" decoding=\"async\" src=\"https:\/\/i0.wp.com\/4.bp.blogspot.com\/-7OEtkiKYL1E\/WSXEB8zkzlI\/AAAAAAAAHKc\/2XnJ8arWt38C8bCoiR5Kw9asBEHT0IzCQCLcB\/s800\/Mossenaires_20maig2017-001.jpg?ssl=1\" border=\"0\" \/><br \/>\nD&#8217;aqu\u00ed sortir\u00e0s la nostra nominada<\/h3>\n<h3><img data-recalc-dims=\"1\" decoding=\"async\" src=\"https:\/\/i0.wp.com\/1.bp.blogspot.com\/-XhCi3Y5Mq9E\/WSXEB2wkb0I\/AAAAAAAAHKk\/VtRt-2zKuwki8_zwVqwDIe0WIvAGMx8NwCLcB\/s800\/Mossenaires_20maig2017-002.jpg?ssl=1\" border=\"0\" \/><br \/>\nDe vegades ve a c\u00f3rrer. Altres ve a caminar, i sabent del cert que a la Montse P\u00e9rez li fa molta il.lusi\u00f3 ser la nostra flamant &#8220;Mossenaire d&#8217;Honor&#8221;: gr\u00e0cies i enhorabona!!<\/h3>\n<h3><img data-recalc-dims=\"1\" decoding=\"async\" src=\"https:\/\/i0.wp.com\/4.bp.blogspot.com\/-z7SMxCM5ovo\/WSXEB3otZfI\/AAAAAAAAHKg\/WGPhswgKbTwoZLFZUQcHbDANEEVw2wh2wCLcB\/s800\/Mossenaires_20maig2017-003.jpg?ssl=1\" border=\"0\" \/><br \/>\nNominada la nostra Montse P\u00e9rez<\/h3>\n<h3><img data-recalc-dims=\"1\" decoding=\"async\" src=\"https:\/\/i0.wp.com\/2.bp.blogspot.com\/-lP1VKouxu4k\/WSXECC1KBaI\/AAAAAAAAHKs\/Wqy1Hq6Fr2Iqx3Z0_vDlDh76EpK70TmRQCLcB\/s800\/Mossenaires_20maig2017-004.jpg?ssl=1\" border=\"0\" \/><br \/>\n<a class=\"postlink\" href=\"http:\/\/mossenhoms.netfreehost.com\/viewtopic.php?p=9395&amp;mforum=mossenhoms#9395\" target=\"_blank\" rel=\"noopener noreferrer\">Jos\u00e9 Manuel Garc\u00eda Cabello <\/a>ser\u00e0 avui el nostra bandera i \u00e9s el pare de la Lucia, per la que ens fa aquesta crida<\/h3>\n<h3><img data-recalc-dims=\"1\" decoding=\"async\" src=\"https:\/\/i0.wp.com\/2.bp.blogspot.com\/-RdXUgXCvbJw\/WSXECPQ6kPI\/AAAAAAAAHKo\/Y4d8hE5TI5A9LCiKGowSxgkFJ0Q0e9B6QCLcB\/s800\/Mossenaires_20maig2017-005.jpg?ssl=1\" border=\"0\" \/><br \/>\nFa molts anys que ve i t\u00e9 apuntat dia a dia les vegades que ha vingut: 58, ni m\u00e9s ni menys<\/h3>\n<h3><img data-recalc-dims=\"1\" decoding=\"async\" src=\"https:\/\/i0.wp.com\/3.bp.blogspot.com\/-ENhf8IkNMbg\/WSXECRSy15I\/AAAAAAAAHKw\/DbWDzYtEMlcihRuKkX6CLutolTkx5soBQCLcB\/s800\/Mossenaires_20maig2017-006.jpg?ssl=1\" border=\"0\" \/><\/h3>\n<h3><img data-recalc-dims=\"1\" decoding=\"async\" src=\"https:\/\/i0.wp.com\/2.bp.blogspot.com\/-Gvs6Yl-d6lo\/WSXECf82ORI\/AAAAAAAAHK4\/pdGUAhVCz4ABBf71FEhAB4tF9sezgxfiQCLcB\/s800\/Mossenaires_20maig2017-007.jpg?ssl=1\" border=\"0\" \/><br \/>\nLes nostres noies: Gemma, Anna, Sonia, N\u00faria<\/h3>\n<h3><img data-recalc-dims=\"1\" decoding=\"async\" src=\"https:\/\/i0.wp.com\/3.bp.blogspot.com\/-FT0wuns0x1w\/WSXECZO0dEI\/AAAAAAAAHK0\/GtzRsBxIJ18PLdOEy9yQU50nHI9zK-VgwCLcB\/s800\/Mossenaires_20maig2017-008.jpg?ssl=1\" border=\"0\" \/><br \/>\nSortim<\/h3>\n<h3><img data-recalc-dims=\"1\" decoding=\"async\" src=\"https:\/\/i0.wp.com\/4.bp.blogspot.com\/-D3fo0P_JyMI\/WSXECrurzUI\/AAAAAAAAHK8\/8xrQqqXwYbUba0hhTUNxR_iozNYv-9EewCLcB\/s800\/Mossenaires_20maig2017-009.jpg?ssl=1\" border=\"0\" \/><\/h3>\n<h3><img data-recalc-dims=\"1\" decoding=\"async\" src=\"https:\/\/i0.wp.com\/4.bp.blogspot.com\/-nmuLfYlKBA4\/WSXEC_gpwHI\/AAAAAAAAHLE\/iSzHaTDN-yYPC2IFdcWkAkOoG1DtYFm5wCLcB\/s800\/Mossenaires_20maig2017-010.jpg?ssl=1\" border=\"0\" \/><\/h3>\n<h3><img data-recalc-dims=\"1\" decoding=\"async\" src=\"https:\/\/i0.wp.com\/2.bp.blogspot.com\/-yeYvy7wg3-4\/WSXECz0yG7I\/AAAAAAAAHLA\/5AK55Wh_SNgTeSIQAP7mlMkOmJZLc_YBQCLcB\/s800\/Mossenaires_20maig2017-011.jpg?ssl=1\" border=\"0\" \/><br \/>\nJoaquim de taronja i l&#8217;Albert de llimona<\/h3>\n<h3><img data-recalc-dims=\"1\" decoding=\"async\" src=\"https:\/\/i0.wp.com\/3.bp.blogspot.com\/-M5R3FJ5vKEk\/WSXEC4B7TtI\/AAAAAAAAHLI\/ZFRU_IkVbb8nSRtgSbxdLj0NnF1mnauXQCLcB\/s800\/Mossenaires_20maig2017-012.jpg?ssl=1\" border=\"0\" \/><br \/>\nMiquel i Oriol<\/h3>\n<h3><img data-recalc-dims=\"1\" decoding=\"async\" src=\"https:\/\/i0.wp.com\/2.bp.blogspot.com\/-JPEVkNvWLQc\/WSXEDPm45GI\/AAAAAAAAHLM\/v1szBwXaCSE1bbUCxwILc9gx95hhPbRqACLcB\/s800\/Mossenaires_20maig2017-013.jpg?ssl=1\" border=\"0\" \/><br \/>\nSanti i Olga<\/h3>\n<h3><img data-recalc-dims=\"1\" decoding=\"async\" src=\"https:\/\/i0.wp.com\/2.bp.blogspot.com\/-xvQVQ68QT-Q\/WSXEDMhSO1I\/AAAAAAAAHLQ\/3sAfRUVvQeY_fioWdzUH92fjZHb2lNMZgCLcB\/s800\/Mossenaires_20maig2017-014.jpg?ssl=1\" border=\"0\" \/><br \/>\nEva i Alba<\/h3>\n<h3><img data-recalc-dims=\"1\" decoding=\"async\" src=\"https:\/\/i0.wp.com\/4.bp.blogspot.com\/-OKXqZV9avR0\/WSXEDYsBzDI\/AAAAAAAAHLU\/nAz5m4Kg0_IeXnrKwDvHJfnuqivBQk3KACLcB\/s800\/Mossenaires_20maig2017-015.jpg?ssl=1\" border=\"0\" \/><br \/>\nN\u00faria, Inma, Sibel<\/h3>\n<h3><img data-recalc-dims=\"1\" decoding=\"async\" src=\"https:\/\/i0.wp.com\/2.bp.blogspot.com\/-islv6dWx1wE\/WSXEDdP_86I\/AAAAAAAAHLY\/LQIfkI96PnQQdq1eewS3FrJXkdB7xv-ywCLcB\/s800\/Mossenaires_20maig2017-016.jpg?ssl=1\" border=\"0\" \/><br \/>\n<a class=\"postlink\" href=\"http:\/\/mossenhoms.netfreehost.com\/viewtopic.php?p=12726&amp;mforum=mossenhoms#12726\" target=\"_blank\" rel=\"noopener noreferrer\">Joan Forte <\/a><\/h3>\n<h3><img data-recalc-dims=\"1\" decoding=\"async\" src=\"https:\/\/i0.wp.com\/2.bp.blogspot.com\/-bvjDgEvciYs\/WSXEDbJRQfI\/AAAAAAAAHLc\/z3ZbIedR2GoPI-4MxqnW5yZZ6kSOHxnBgCLcB\/s800\/Mossenaires_20maig2017-017.jpg?ssl=1\" border=\"0\" \/><br \/>\nSandra i Sebas<\/h3>\n<h3><img data-recalc-dims=\"1\" decoding=\"async\" src=\"https:\/\/i0.wp.com\/1.bp.blogspot.com\/-LYnP_V4J5_Y\/WSXEDkH_SoI\/AAAAAAAAHLg\/qDySpYvf0TwNMt7QDobZEcALM96W4Qd9wCLcB\/s800\/Mossenaires_20maig2017-018.jpg?ssl=1\" border=\"0\" \/><br \/>\nCarmelo<\/h3>\n<h3><img data-recalc-dims=\"1\" decoding=\"async\" src=\"https:\/\/i0.wp.com\/3.bp.blogspot.com\/-cLzuN_kQyN8\/WSXEDtm1ZFI\/AAAAAAAAHLk\/_O7W6L4yD5oeo4cKC0IZk6Iow8kLPSSUwCLcB\/s800\/Mossenaires_20maig2017-019.jpg?ssl=1\" border=\"0\" \/><br \/>\nJavier,<\/h3>\n<h3><img data-recalc-dims=\"1\" decoding=\"async\" src=\"https:\/\/i0.wp.com\/1.bp.blogspot.com\/-NatXfIACu4I\/WSXEDyx8w-I\/AAAAAAAAHLo\/DyIS-0MwOasCh1a6lyk4up6SnrhX4mJGgCLcB\/s800\/Mossenaires_20maig2017-020.jpg?ssl=1\" border=\"0\" \/><br \/>\nEls Carlos<\/h3>\n<h3><img data-recalc-dims=\"1\" decoding=\"async\" src=\"https:\/\/i0.wp.com\/4.bp.blogspot.com\/-tZxMC8px4j4\/WSXED6xw2pI\/AAAAAAAAHLs\/gmLkOE2R1DoKWR9KL8pY7iwPFoZqabV6QCLcB\/s800\/Mossenaires_20maig2017-021.jpg?ssl=1\" border=\"0\" \/><br \/>\nUn grup de grups: &#8220;Mossenaires&#8221;<\/h3>\n<h3><img data-recalc-dims=\"1\" decoding=\"async\" src=\"https:\/\/i0.wp.com\/2.bp.blogspot.com\/-rC1qRTwoFTo\/WSXED3FkuAI\/AAAAAAAAHLw\/94nOYrpMgmkF-lyNHP14fVq77a196srsACLcB\/s800\/Mossenaires_20maig2017-022.jpg?ssl=1\" border=\"0\" \/><\/h3>\n<h3><img data-recalc-dims=\"1\" decoding=\"async\" src=\"https:\/\/i0.wp.com\/3.bp.blogspot.com\/-M55vB4tUe8E\/WSXEED-UsrI\/AAAAAAAAHL0\/2tPZZssRyP4vP5DkmycVuzefq5GWnn_nwCLcB\/s800\/Mossenaires_20maig2017-023.jpg?ssl=1\" border=\"0\" \/><br \/>\ntravessen el torrent de la Betzuca. Baixa aigua: m\u00e9s aviat &#8220;xena&#8221;<\/h3>\n<h3><img data-recalc-dims=\"1\" decoding=\"async\" src=\"https:\/\/i0.wp.com\/3.bp.blogspot.com\/-IUZa9CzVgOY\/WSXEESBnDxI\/AAAAAAAAHL4\/DFzRl2-cYO0DOH6QGbv5BYuK5kzgVvZ2wCLcB\/s800\/Mossenaires_20maig2017-024.jpg?ssl=1\" border=\"0\" \/><br \/>\n&#8220;Quality Moment&#8221;, amunt i avall, Gemma i l&#8217;Albert cap a la cua<\/h3>\n<h3><img data-recalc-dims=\"1\" decoding=\"async\" src=\"https:\/\/i0.wp.com\/4.bp.blogspot.com\/-jGtxxI7NfYA\/WSXEEWevJ0I\/AAAAAAAAHMA\/OpHn237ZVLg4YEokSozg8SeI8f8zqNH-wCLcB\/s800\/Mossenaires_20maig2017-025.jpg?ssl=1\" border=\"0\" \/><br \/>\nJose i Quim<\/h3>\n<h3><img data-recalc-dims=\"1\" decoding=\"async\" src=\"https:\/\/i0.wp.com\/2.bp.blogspot.com\/-CYCnxQ2j7Nw\/WSXEEavjgEI\/AAAAAAAAHL8\/WWlExDB7lh8eYEwkdEF_1bUr6bY73ibLwCLcB\/s800\/Mossenaires_20maig2017-026.jpg?ssl=1\" border=\"0\" \/><br \/>\nl&#8217;\u00c0ngel: ha retornat despr\u00e9s d&#8217;uns accidents que feia anys que ens el tenia apartat. De nou amb nosaltres<\/h3>\n<h3><img data-recalc-dims=\"1\" decoding=\"async\" src=\"https:\/\/i0.wp.com\/3.bp.blogspot.com\/-lWc5vkplWcc\/WSXEElo3w8I\/AAAAAAAAHME\/ueqKTF0lGe81AGIehJxmGajJkDjet7d_QCLcB\/s800\/Mossenaires_20maig2017-027.jpg?ssl=1\" border=\"0\" \/><br \/>\nSandra acordonant<\/h3>\n<h3><img data-recalc-dims=\"1\" decoding=\"async\" src=\"https:\/\/i0.wp.com\/1.bp.blogspot.com\/-9zfxfJK3QDY\/WSXEE3NVPCI\/AAAAAAAAHMM\/6dzjH_0DCF4-L4O5Msv2JT0KNuGz57wEwCLcB\/s800\/Mossenaires_20maig2017-028.jpg?ssl=1\" border=\"0\" \/><\/h3>\n<h3><img data-recalc-dims=\"1\" decoding=\"async\" src=\"https:\/\/i0.wp.com\/2.bp.blogspot.com\/-CpQ3aw-QbMw\/WSXEE3Va0ZI\/AAAAAAAAHMI\/-OXETPawq20ez5KmaoKbCR_9OmNBLD6HgCLcB\/s800\/Mossenaires_20maig2017-029.jpg?ssl=1\" border=\"0\" \/><br \/>\nInma i la nominada Montse<\/h3>\n<h3><img data-recalc-dims=\"1\" decoding=\"async\" src=\"https:\/\/i0.wp.com\/2.bp.blogspot.com\/-O359CDkqN3E\/WSXEEwVYKlI\/AAAAAAAAHMQ\/RuAF0JdkbYofZDeTyUu1t_AmptSvb6mhACLcB\/s800\/Mossenaires_20maig2017-030.jpg?ssl=1\" border=\"0\" \/><br \/>\nFrancisco<\/h3>\n<h3><img data-recalc-dims=\"1\" decoding=\"async\" src=\"https:\/\/i0.wp.com\/1.bp.blogspot.com\/-iZSL9zcVwV8\/WSXEFNgPZHI\/AAAAAAAAHMU\/rwtr3Q0PeSgu2Kbsl_6picyJ4rlWjutwwCLcB\/s800\/Mossenaires_20maig2017-031.jpg?ssl=1\" border=\"0\" \/><br \/>\nRafa i Antonio<\/h3>\n<h3><img data-recalc-dims=\"1\" decoding=\"async\" src=\"https:\/\/i0.wp.com\/2.bp.blogspot.com\/-g113I6VnRbo\/WSXEFByPpUI\/AAAAAAAAHMY\/U7OenbwRVrQLG-7O8kD8e-aJcVE6sMb2ACLcB\/s800\/Mossenaires_20maig2017-032.jpg?ssl=1\" border=\"0\" \/><br \/>\nAlbert<\/h3>\n<h3><img data-recalc-dims=\"1\" decoding=\"async\" src=\"https:\/\/i0.wp.com\/2.bp.blogspot.com\/-D6K7nSMa-pA\/WSXEFTJ9KSI\/AAAAAAAAHMc\/j3pdqQc0pf09PC2Bk4z4JDdpo0Qm0O9wQCLcB\/s800\/Mossenaires_20maig2017-033.jpg?ssl=1\" border=\"0\" \/><br \/>\nLa Montse P\u00e9rez corrent fant\u00e0sticament<\/h3>\n<h3><img data-recalc-dims=\"1\" decoding=\"async\" src=\"https:\/\/i0.wp.com\/4.bp.blogspot.com\/-dSU5wJjTymU\/WSXEFrAIc6I\/AAAAAAAAHMk\/UpY_QHurwk84VMMAuxa3Au9xZJcCqBQzwCLcB\/s800\/Mossenaires_20maig2017-034.jpg?ssl=1\" border=\"0\" \/><br \/>\nMarc i Quim<\/h3>\n<h3><img data-recalc-dims=\"1\" decoding=\"async\" src=\"https:\/\/i0.wp.com\/1.bp.blogspot.com\/-1lWVK6C_dP4\/WSXEFWt-ShI\/AAAAAAAAHMg\/iqKl2SjdvqElv36t_vcDKN5tCaAFmYvzQCLcB\/s800\/Mossenaires_20maig2017-035.jpg?ssl=1\" border=\"0\" \/><br \/>\nMiquel<\/h3>\n<h3><img data-recalc-dims=\"1\" decoding=\"async\" src=\"https:\/\/i0.wp.com\/1.bp.blogspot.com\/-OLT35Uuo4us\/WSXEFvb8H8I\/AAAAAAAAHMo\/oJ-nAioQdekjpQkVJjX3ZPVFWBdVeQwxwCLcB\/s800\/Mossenaires_20maig2017-036.jpg?ssl=1\" border=\"0\" \/><br \/>\nLluis<\/h3>\n<h3><img data-recalc-dims=\"1\" decoding=\"async\" src=\"https:\/\/i0.wp.com\/2.bp.blogspot.com\/-Ddv9N8cHzp4\/WSXEFxQgePI\/AAAAAAAAHMs\/ZheIKR2XlRgF9A089fGQ4Mnx7mMddTpKACLcB\/s800\/Mossenaires_20maig2017-037.jpg?ssl=1\" border=\"0\" \/><br \/>\nTravessant la carretera de Matadepera<\/h3>\n<h3><img data-recalc-dims=\"1\" decoding=\"async\" src=\"https:\/\/i0.wp.com\/1.bp.blogspot.com\/-_gno2YZ3mLM\/WSXEFxHeQVI\/AAAAAAAAHMw\/lIJSevvXd9Mxa99K3jd0SwrSX-PRCDvwACLcB\/s800\/Mossenaires_20maig2017-038.jpg?ssl=1\" border=\"0\" \/><br \/>\n&#8220;Tu el que vols \u00e9s que m&#8217;atropellin&#8221;, i \u00e9s que l&#8217;Albert que va de color groc \u00e9s en candidat ideal i fer el tall de tr\u00e0fic que sempre fem<\/h3>\n<h3><img data-recalc-dims=\"1\" decoding=\"async\" src=\"https:\/\/i0.wp.com\/4.bp.blogspot.com\/-wQGXLWYM_Ek\/WSXEFwWniAI\/AAAAAAAAHM0\/Y2s_afA9gis9SKPtdUCMGpuwIJELyCfWwCLcB\/s800\/Mossenaires_20maig2017-039.jpg?ssl=1\" border=\"0\" \/><br \/>\nDe tal pare, tal fill. Fant\u00e0stic el nostre jove &#8220;Mossenaire Nou&#8221;, en Denis de tretze anys. Benvingut!!<\/h3>\n<h3><img data-recalc-dims=\"1\" decoding=\"async\" src=\"https:\/\/i0.wp.com\/1.bp.blogspot.com\/-lS8a2Y1TsdI\/WSXEGNDTr-I\/AAAAAAAAHNA\/5T2MJndcpf0oMFHA_M9-OyVffIRJZN8JACLcB\/s800\/Mossenaires_20maig2017-040.jpg?ssl=1\" border=\"0\" \/><\/h3>\n<h3><img data-recalc-dims=\"1\" decoding=\"async\" src=\"https:\/\/i0.wp.com\/4.bp.blogspot.com\/-JFq4H174PPg\/WSXEGLy6z8I\/AAAAAAAAHM4\/oAwrDegI4uQDIbZ6VcovyeHQra361E7HACLcB\/s800\/Mossenaires_20maig2017-041.jpg?ssl=1\" border=\"0\" \/><br \/>\nOh, sorpresa!, ens trobem la Laura<\/h3>\n<h3><img data-recalc-dims=\"1\" decoding=\"async\" src=\"https:\/\/i0.wp.com\/3.bp.blogspot.com\/-Mwtup40OofM\/WSXEGPEGDQI\/AAAAAAAAHM8\/uhWcBnab_UwZuPRCA9a3QuvMdc8bFez3gCLcB\/s800\/Mossenaires_20maig2017-042.jpg?ssl=1\" border=\"0\" \/><br \/>\nProposem un progressiu<\/h3>\n<h3><img data-recalc-dims=\"1\" decoding=\"async\" src=\"https:\/\/i0.wp.com\/3.bp.blogspot.com\/-xpLADxfp8qc\/WSXEGUd45PI\/AAAAAAAAHNE\/o9qd0x92BjQjbSk-9mqE595pBaURN2N_ACLcB\/s800\/Mossenaires_20maig2017-043.jpg?ssl=1\" border=\"0\" \/><br \/>\nI el nostre mossenaire d&#8217;honor de la setmana passada, <a class=\"postlink\" href=\"http:\/\/mossenhoms.netfreehost.com\/viewtopic.php?p=14068&amp;mforum=mossenhoms#14068\" target=\"_blank\" rel=\"noopener noreferrer\">Angel Le\u00f3n <\/a><\/h3>\n<h3><img data-recalc-dims=\"1\" decoding=\"async\" src=\"https:\/\/i0.wp.com\/2.bp.blogspot.com\/-2c7usZ4wcBQ\/WSXEGp02EmI\/AAAAAAAAHNI\/vFvDjsl_XggV8rcLw5Ujr_9kQmwF2YhSwCLcB\/s800\/Mossenaires_20maig2017-044.jpg?ssl=1\" border=\"0\" \/><br \/>\n<a class=\"postlink\" href=\"http:\/\/mossenhoms.netfreehost.com\/viewtopic.php?p=14052&amp;mforum=mossenhoms#14052\" target=\"_blank\" rel=\"noopener noreferrer\">Sandra Mart\u00ednez <\/a>, que aquestes setmanes diu que ens ha trobat a faltar&#8230; i nosaltres!!<\/h3>\n<h3><img data-recalc-dims=\"1\" decoding=\"async\" src=\"https:\/\/i0.wp.com\/3.bp.blogspot.com\/-DMok44eYxYk\/WSXEGqWpWTI\/AAAAAAAAHNM\/CctA7TEPzDwmEelYj8041lc46hu9xM9OwCLcB\/s800\/Mossenaires_20maig2017-045.jpg?ssl=1\" border=\"0\" \/><br \/>\nMontse<\/h3>\n<h3><img data-recalc-dims=\"1\" decoding=\"async\" src=\"https:\/\/i0.wp.com\/3.bp.blogspot.com\/-QtE5HJ7WBZo\/WSXEG1cQ46I\/AAAAAAAAHNg\/_gLqvmabr1gqrewKo7BKCqs7ZeqTVBjoQCLcB\/s800\/Mossenaires_20maig2017-046.jpg?ssl=1\" border=\"0\" \/><br \/>\nMarc<\/h3>\n<h3><img data-recalc-dims=\"1\" decoding=\"async\" src=\"https:\/\/i0.wp.com\/1.bp.blogspot.com\/-TxMBmHpWUHM\/WSXEG-SQnZI\/AAAAAAAAHNQ\/1ktGQHrYpyIcJ9qJY8B_gBZdhxktfJfIgCLcB\/s800\/Mossenaires_20maig2017-047.jpg?ssl=1\" border=\"0\" \/><br \/>\nSebas i Carlos<\/h3>\n<h3><img data-recalc-dims=\"1\" decoding=\"async\" src=\"https:\/\/i0.wp.com\/1.bp.blogspot.com\/-dS_HWK9WkSI\/WSXEG8s-4DI\/AAAAAAAAHNU\/gmDFsUZDqwsBJuuqIAzl0aLb2UPH78uuACLcB\/s800\/Mossenaires_20maig2017-048.jpg?ssl=1\" border=\"0\" \/><br \/>\nOlga i Sibel<\/h3>\n<h3><img data-recalc-dims=\"1\" decoding=\"async\" src=\"https:\/\/i0.wp.com\/4.bp.blogspot.com\/-d3AjHhuCRjk\/WSXEHNX24KI\/AAAAAAAAHNY\/qI_RGHJP4w0Li9NsXtUM9TjwEkSgiAOrgCLcB\/s800\/Mossenaires_20maig2017-049.jpg?ssl=1\" border=\"0\" \/><br \/>\nAngel<\/h3>\n<h3><img data-recalc-dims=\"1\" decoding=\"async\" src=\"https:\/\/i0.wp.com\/2.bp.blogspot.com\/-nJTjJXoMjC0\/WSXEHMmbr4I\/AAAAAAAAHNc\/ZiNtxncsXs8khgSvV7WOm-00_CqU6PNtgCLcB\/s800\/Mossenaires_20maig2017-050.jpg?ssl=1\" border=\"0\" \/><br \/>\nJoan i Albert<\/h3>\n<h3><img data-recalc-dims=\"1\" decoding=\"async\" src=\"https:\/\/i0.wp.com\/4.bp.blogspot.com\/-LERY7FwUHAs\/WSXEHTmXfsI\/AAAAAAAAHNk\/jW10WObDDhUZXfbwKkOaKoTnzZSANtsFwCLcB\/s800\/Mossenaires_20maig2017-051.jpg?ssl=1\" border=\"0\" \/><br \/>\nl&#8217;Angel li volia transmetre a l&#8217;Antonio, un bon record que li va quedar d&#8217;haver anat en una cursa tots dos plegats<\/h3>\n<h3><img data-recalc-dims=\"1\" decoding=\"async\" src=\"https:\/\/i0.wp.com\/2.bp.blogspot.com\/--Fbt_zXGUCA\/WSXEHaxiPKI\/AAAAAAAAHNo\/7ozJK0-LZv8hUhG-D7rJWzfi6fyc1mM-ACLcB\/s800\/Mossenaires_20maig2017-052.jpg?ssl=1\" border=\"0\" \/><br \/>\nAlg\u00fa o altre ha d&#8217;\u00e9sser el primer: Inma i Antonio: els primers<\/h3>\n<h3><img data-recalc-dims=\"1\" decoding=\"async\" src=\"https:\/\/i0.wp.com\/4.bp.blogspot.com\/-S72NPqIt2HI\/WSXEHs5q9sI\/AAAAAAAAHNs\/EzUBgaqR32UGsu-gjTqLI-YwIedBqnRxACLcB\/s800\/Mossenaires_20maig2017-053.jpg?ssl=1\" border=\"0\" \/><br \/>\nDesplegament per part d&#8217;en Jos\u00e9 i Sebas<\/h3>\n<h3><img data-recalc-dims=\"1\" decoding=\"async\" src=\"https:\/\/i0.wp.com\/2.bp.blogspot.com\/-TRbPh3U-tDc\/WSXEHrirYOI\/AAAAAAAAHNw\/OfldMUHXxakVyF08iGQngKeIOooz_eSawCLcB\/s800\/Mossenaires_20maig2017-054.jpg?ssl=1\" border=\"0\" \/><br \/>\nHa sortit cap per avall<\/h3>\n<h3><img data-recalc-dims=\"1\" decoding=\"async\" src=\"https:\/\/i0.wp.com\/1.bp.blogspot.com\/-nz2Uc4grIEs\/WSXEH4gSROI\/AAAAAAAAHN0\/SrNON7H6LLU3nZmZYJCvDyB333dUBW7zgCLcB\/s800\/Mossenaires_20maig2017-055.jpg?ssl=1\" border=\"0\" \/><\/h3>\n<h3><img data-recalc-dims=\"1\" decoding=\"async\" src=\"https:\/\/i0.wp.com\/2.bp.blogspot.com\/-40ValT3Xq4c\/WSXEHxGo-rI\/AAAAAAAAHN4\/joE679He-bAo086w1BoWgreAi75a3hQ2wCLcB\/s800\/Mossenaires_20maig2017-056.jpg?ssl=1\" border=\"0\" \/><br \/>\nN\u00faria<\/h3>\n<h3><img data-recalc-dims=\"1\" decoding=\"async\" src=\"https:\/\/i0.wp.com\/1.bp.blogspot.com\/-Sg5elMV-zfs\/WSXEHy7eoaI\/AAAAAAAAHN8\/LPVy64E7J-MeiTZGfbXHdWLx10OePBLhQCLcB\/s800\/Mossenaires_20maig2017-057.jpg?ssl=1\" border=\"0\" \/><br \/>\nI avui, el nostre Mossenaire Nou, \u00e9s jove i amb un futur prometedor. En Denis!!, benvingut i ens fa molta il.lusi\u00f3<\/h3>\n<h3><img data-recalc-dims=\"1\" decoding=\"async\" src=\"https:\/\/i0.wp.com\/3.bp.blogspot.com\/-OYE5InhMqLQ\/WSXEIAXu-NI\/AAAAAAAAHOA\/eQQt9j2dQ_8rFSRCkk4QGnFCqzZ54kTcQCLcB\/s800\/Mossenaires_20maig2017-058.jpg?ssl=1\" border=\"0\" \/><br \/>\nAplaudit per tothom en Denis<\/h3>\n<h3><img data-recalc-dims=\"1\" decoding=\"async\" src=\"https:\/\/i0.wp.com\/2.bp.blogspot.com\/-OM_Heiv4f9A\/WSXEIO1RhkI\/AAAAAAAAHOI\/G9GqLL70BlsuoBIaDE4tX-hhH2N3yU29ACLcB\/s800\/Mossenaires_20maig2017-059.jpg?ssl=1\" border=\"0\" \/><br \/>\nI l&#8217;Angel, que despr\u00e9s d&#8217;haver patit un parell d&#8217;accidents: ha retornat. Ens deia que just la setmana que havia de ser Mossenaire d&#8217;Honor, fa uns tres anys, va patir aquest accident.<\/h3>\n<h3><img data-recalc-dims=\"1\" decoding=\"async\" src=\"https:\/\/i0.wp.com\/4.bp.blogspot.com\/-aNWOqNyg21g\/WSXEIJdjoQI\/AAAAAAAAHOE\/C7-bDEZ-pVwxKe7ZFYRQQwLQ8nJwNN3LgCLcB\/s800\/Mossenaires_20maig2017-060.jpg?ssl=1\" border=\"0\" \/><br \/>\nEnhorabona i gr\u00e0cies per venir<\/h3>\n<h3><img data-recalc-dims=\"1\" decoding=\"async\" src=\"https:\/\/i0.wp.com\/4.bp.blogspot.com\/-ZOBU9-4w3ok\/WSXEIbavzNI\/AAAAAAAAHOM\/dBou6M4LgRcvegD1OFSpl6V5YZzteIvPACLcB\/s800\/Mossenaires_20maig2017-061.jpg?ssl=1\" border=\"0\" \/><br \/>\nI la nostra nominada, passa a proclamada<\/h3>\n<h3><img data-recalc-dims=\"1\" decoding=\"async\" src=\"https:\/\/i0.wp.com\/4.bp.blogspot.com\/-cqHpiIQtHco\/WSXEIhNdSzI\/AAAAAAAAHOQ\/cNW0d22xdsAkqIKlZN-ek06RXFau-5XwwCLcB\/s800\/Mossenaires_20maig2017-062.jpg?ssl=1\" border=\"0\" \/><br \/>\nMontse P\u00e9rez, aclamada per tothom i ja \u00e9s Mossenaire d&#8217;Honor, Enhorabona!!<\/h3>\n<h3><img data-recalc-dims=\"1\" decoding=\"async\" src=\"https:\/\/i0.wp.com\/1.bp.blogspot.com\/-o1aYZCwPDaM\/WSXEIqtqutI\/AAAAAAAAHOY\/WIDAihlLWUsGgniL6tLq70g26kzAUft3wCLcB\/s800\/Mossenaires_20maig2017-063.jpg?ssl=1\" border=\"0\" \/><br \/>\nMontse P\u00e9rez &#8220;Mossenaire d&#8217;Honor&#8221;<\/h3>\n<h3><img data-recalc-dims=\"1\" decoding=\"async\" src=\"https:\/\/i0.wp.com\/3.bp.blogspot.com\/-Q5Zjw_6yPmw\/WSXEIkpovHI\/AAAAAAAAHOU\/KJ8uGQM42wIiQhx62HzruZDsF9x65VV-gCLcB\/s800\/Mossenaires_20maig2017-064.jpg?ssl=1\" border=\"0\" \/><br \/>\nI un moment molt emotiu, quan el pare de la Lucia surt davant de tots vosaltres per donar a con\u00e8ixer tot el que est\u00e0 patint per la Lucia, i que confiem i estem segurs que la seva filla aconseguir\u00e0 escoltar.<\/h3>\n<h3><img data-recalc-dims=\"1\" decoding=\"async\" src=\"https:\/\/i0.wp.com\/2.bp.blogspot.com\/-TBkO5YasmOQ\/WSXEI25cBvI\/AAAAAAAAHOc\/mHO8pUbXVQcVao2gMvjqwyH2okQLnc8VwCLcB\/s800\/Mossenaires_20maig2017-065.jpg?ssl=1\" border=\"0\" \/><br \/>\nJose es mostra en tot moment molt agrait a tots vosaltres<\/h3>\n<h3><img data-recalc-dims=\"1\" decoding=\"async\" src=\"https:\/\/i0.wp.com\/4.bp.blogspot.com\/-n_ROYzXU1xw\/WSXEI7Cm9xI\/AAAAAAAAHOg\/FFAf8DvRW_8YSX3eoZe-aYcUuR4VArkygCLcB\/s800\/Mossenaires_20maig2017-066.jpg?ssl=1\" border=\"0\" \/><br \/>\nA part del que hem posat al comen\u00e7ament del nostre escrit d&#8217;avui, far\u00e0 m\u00e9s actes per recaptar fons per poder aconseguir curar a la seva filla Lucia<\/h3>\n<h3><img data-recalc-dims=\"1\" decoding=\"async\" src=\"https:\/\/i0.wp.com\/2.bp.blogspot.com\/-gBI5L8nlWMs\/WSXEI-x7VWI\/AAAAAAAAHOk\/PoHfyX0A6y08cBEGcotFfVQmb-6UI2ThACLcB\/s800\/Mossenaires_20maig2017-067.jpg?ssl=1\" border=\"0\" \/><br \/>\nI un dia m\u00e9s ens fem una fotografia emotiva i irrepetible a l&#8217;\u00c0rea de Sant Juli\u00e0 d&#8217;Altura. Gr\u00e0cies a tothom i us esperem dissabte vinent<\/h3>\n<h3><img data-recalc-dims=\"1\" decoding=\"async\" src=\"https:\/\/i0.wp.com\/4.bp.blogspot.com\/-2ae8etWqH0k\/WSXEJLav38I\/AAAAAAAAHOo\/ZlZYpzk80assg93L1uOo6dY7y1L-_mgUwCLcB\/s800\/Mossenaires_20maig2017-068.jpg?ssl=1\" border=\"0\" \/><\/h3>\n<h3><img data-recalc-dims=\"1\" decoding=\"async\" src=\"https:\/\/i0.wp.com\/4.bp.blogspot.com\/-YfaMaRAL9tA\/WSXEJOv8EbI\/AAAAAAAAHOs\/SqbySq7o_SATfqKloMgQ-mHdJOAHM-XQQCLcB\/s800\/Mossenaires_20maig2017-069.jpg?ssl=1\" border=\"0\" \/><\/h3>\n<h3><img data-recalc-dims=\"1\" decoding=\"async\" src=\"https:\/\/i0.wp.com\/3.bp.blogspot.com\/-I6v4tbqjflA\/WSXEJFSh27I\/AAAAAAAAHOw\/SKipOKzLYWA9Rw8tN34_a19540AK3Ix0gCLcB\/s800\/Mossenaires_20maig2017-070.jpg?ssl=1\" border=\"0\" \/><\/h3>\n<h3><img data-recalc-dims=\"1\" decoding=\"async\" src=\"https:\/\/i0.wp.com\/1.bp.blogspot.com\/-DQysxV5wN-o\/WSXEJScCjeI\/AAAAAAAAHO0\/0Tz4RvuXJcoFeTRZBBP9keEIdfWzeGGEwCLcB\/s800\/Mossenaires_20maig2017-071.jpg?ssl=1\" border=\"0\" \/><\/h3>\n<h3><img data-recalc-dims=\"1\" decoding=\"async\" src=\"https:\/\/i0.wp.com\/4.bp.blogspot.com\/-o_zJHFyBg50\/WSXEJUwVlYI\/AAAAAAAAHO4\/bm6Q7ek8A64CycisZ9IrHhwRZ45GwN-IACLcB\/s800\/Mossenaires_20maig2017-072.jpg?ssl=1\" border=\"0\" \/><\/h3>\n<h3><img data-recalc-dims=\"1\" decoding=\"async\" src=\"https:\/\/i0.wp.com\/4.bp.blogspot.com\/-gCI3FXqcMaQ\/WSXEJt0Fw7I\/AAAAAAAAHO8\/pmT9QkRMbdMiNi5dokRKMdeUJVhEzpCRACLcB\/s800\/Mossenaires_20maig2017-073.jpg?ssl=1\" border=\"0\" \/><br \/>\nMiguel i N\u00faria<\/h3>\n<h3><img data-recalc-dims=\"1\" decoding=\"async\" src=\"https:\/\/i0.wp.com\/4.bp.blogspot.com\/-wGbluvXM2SA\/WSXEJqbgQmI\/AAAAAAAAHPA\/T5vjfAhkNy0YSfV-maifl7JiYjtxZuZewCLcB\/s800\/Mossenaires_20maig2017-074.jpg?ssl=1\" border=\"0\" \/><br \/>\nSabem del cert que la Montse ha estat encantada d&#8217;haver pogut compartir aquests moments plegades i \u00e9s que la N\u00faria \u00e9s una grand\u00edssima Mossenaire i sobretot bona persona<\/h3>\n<h3><img data-recalc-dims=\"1\" decoding=\"async\" src=\"https:\/\/i0.wp.com\/2.bp.blogspot.com\/-IsETmtuLyDI\/WSXEJyL4pdI\/AAAAAAAAHPM\/feSRRq6A07QmkHHJEOr10DCdrV0cd290QCLcB\/s800\/Mossenaires_20maig2017-077.jpg?ssl=1\" border=\"0\" \/><\/h3>\n<h3><a class=\"postlink\" href=\"https:\/\/www.strava.com\/activities\/996500479\" target=\"_blank\" rel=\"noopener noreferrer\"><img data-recalc-dims=\"1\" decoding=\"async\" src=\"https:\/\/i0.wp.com\/2.bp.blogspot.com\/-TIu5Pr7ra-8\/WSXSe33mA6I\/AAAAAAAAHPo\/5esjAlzRnTwa49mVssRWgIi1Osgii_TCgCLcB\/s800\/Mossenaires_20maig2017-078.jpg?ssl=1\" border=\"0\" \/><\/a><br \/>\n<a href=\"https:\/\/www.strava.com\/activities\/996500479\" target=\"_blank\" rel=\"noopener noreferrer\">https:\/\/www.strava.com\/activities\/996500479<\/a><\/h3>\n<h3><\/h3>\n<h3>La Montse fa dies que ve, tant a caminar com a c\u00f3rrer i ens fa especial il\u00b7lusi\u00f3 que ha acceptat ser avui la nostra flamant &#8220;Mossenaire d&#8217;Honor&#8221;, i ara llegirem, a m\u00e9s, com d&#8217;animada est\u00e0 a fer esport, gaudint de tot ho que enganxa el fet de fer-ne. Moltes gr\u00e0cies, enhorabona i per molts anys: i ara tothom, que t&#8217;envolta, t\u00e9 la sort de con\u00e8ixer-te una mica m\u00e9s.<\/h3>\n<h3><img data-recalc-dims=\"1\" decoding=\"async\" src=\"https:\/\/i0.wp.com\/1.bp.blogspot.com\/-UsCaAqElnKw\/WSXEJ6zI3KI\/AAAAAAAAHPI\/abm7-SbHh4g4vIlmtQaVuc-m9bd0gjTbgCLcB\/s800\/Mossenaires_20maig2017-076.jpg?ssl=1\" border=\"0\" \/><\/h3>\n<h3><img data-recalc-dims=\"1\" decoding=\"async\" src=\"https:\/\/i0.wp.com\/3.bp.blogspot.com\/-IFv2xEazE68\/WSXEJpV8rrI\/AAAAAAAAHPE\/IWTDAJEozLAGMdhKw69H4RWjj-y2oqCBQCLcB\/s800\/Mossenaires_20maig2017-075.jpg?ssl=1\" border=\"0\" \/><\/h3>\n<h3><span style=\"color: #0000ff\">Alg\u00fa em va dir que haviem de ser molt agraits i que cada dia haviem de parar-nos una estoneta a donar gr\u00e0cies.<\/span><\/h3>\n<h3><span style=\"color: #0000ff\">El fet d&#8217;escriure aquestes l\u00ednies es un bon moment per fer-ho, per donar gr\u00e0cies de poder gaudir amb tots vosaltres d&#8217;aquesta breu estona que em fa sentir &#8220;valenta&#8221; que em fa sentir &#8220;be&#8221;<\/span><\/h3>\n<h3><span style=\"color: #0000ff\">Tothom te una hist\u00f2ria i de bem segur que tothom podria explicar perqu\u00e8 va comen\u00e7ar a c\u00f2rrer. Totes les coses tenen un principi i tamb\u00e9 un final, per\u00f2 jo no parlar\u00e9 del final perque encara no toca. Jo us explicar\u00e9 el principi.<\/span><\/h3>\n<h3><span style=\"color: #0000ff\">Vaig comen\u00e7ar a c\u00f3rrer fa dos anys. Eren moments dif\u00edcils i cada dia sortia a caminar. Un dia, amb molta timidesa, vaig pensar: I si corro ?? ni en els millors dels meus somnis hagu\u00e9s pensat que ho podria fer.<\/span><\/h3>\n<h3><span style=\"color: #0000ff\">Paradoxes de la vida jo comen\u00e7ava a c\u00f3rrer i un bon amic em va presentar a un home que estava posat en aquest m\u00f3n de corredors. El primer cop que el vaig veure c\u00f3rrer va ser en la cursa de 24 hores en pista a can Drag\u00f3, i vaig quedar impressionada per la proesa de c\u00f3rrer una hora seguida. Em va semblar tremendament dif\u00edcil.<\/span><\/h3>\n<h3><span style=\"color: #0000ff\">Des de llavors el Llu\u00eds m&#8217;ha acompanyat i animat. Gr\u00e0cies a ell us he conegut i dos anys m\u00e9s tard jo ja participo en aquesta i en d&#8217;altres curses. Ja puc c\u00f3rrer una hora seguida\u00a1\u00a1\u00a1\u00a1\u00a1\u00a1 i si no passa res tinc intenci\u00f3 de preparar-me per una mitja marat\u00f3.<\/span><\/h3>\n<h3><span style=\"color: #0000ff\">Acabar\u00e9 com he comen\u00e7at agraint a la vida que em permeti gaudir d&#8217;aquest esport que tantes estones bones m&#8217;ha donat i molt contenta de formar part d&#8217;aquesta gran fam\u00edlia de corredors i amb l&#8217;alegria de ser una &#8220;Mossenaire d&#8217;Honor&#8221;.<\/span><\/h3>\n<h3><span style=\"color: #0000ff\">Montse P\u00e9rez.<\/span><\/h3>\n<h3><\/h3>\n<h3><\/h3>\n<table style=\"padding-left: 30px\" cellspacing=\"0\" align=\"left\">\n<tbody style=\"padding-left: 30px\">\n<tr style=\"text-align: justify;padding-left: 30px\">\n<td style=\"padding-left: 30px\">\n<h3><span style=\"color: #993300\"><strong><a style=\"color: #993300\" href=\"http:\/\/www.egargrafic.com\/\" target=\"_blank\" rel=\"noopener noreferrer\"><img data-recalc-dims=\"1\" decoding=\"async\" src=\"https:\/\/i0.wp.com\/www.josepmoliner.com\/egargrafic2.gif\" alt=\"\" \/><\/a><\/strong><\/span><\/h3>\n<\/td>\n<td style=\"padding-left: 30px\">\n<h3><span style=\"color: #993300\"><strong><img data-recalc-dims=\"1\" decoding=\"async\" class=\"decoded\" src=\"https:\/\/i0.wp.com\/josepmoliner.com\/centreMedicAvinguda.gif\" alt=\"http:\/\/josepmoliner.com\/centreMedicAvinguda.gif\" \/><\/strong><\/span><\/h3>\n<\/td>\n<\/tr>\n<tr style=\"text-align: justify;padding-left: 30px\">\n<td style=\"padding-left: 30px\">\n<h3><span style=\"color: #993300\"><strong><a style=\"color: #993300\" href=\"http:\/\/www.grevolsalut.com\/\" target=\"_blank\" rel=\"noopener noreferrer\"><img data-recalc-dims=\"1\" decoding=\"async\" src=\"https:\/\/i0.wp.com\/www.elroure.net\/grevol\/grevol_salut.gif\" alt=\"\" \/><\/a><\/strong><\/span><\/h3>\n<\/td>\n<td style=\"padding-left: 30px\">\n<h3><span style=\"color: #993300\"><a class=\"postlink\" style=\"color: #993300\" href=\"http:\/\/www.urgenciasdentalfort.com\/\" target=\"_blank\" rel=\"noopener noreferrer\"><img data-recalc-dims=\"1\" decoding=\"async\" src=\"https:\/\/i0.wp.com\/www.mossenhoms.be\/DentalFort2.gif\" border=\"0\" \/><\/a><\/span><\/h3>\n<\/td>\n<\/tr>\n<tr style=\"text-align: justify;padding-left: 30px\">\n<td style=\"padding-left: 30px\">\n<h3><span style=\"color: #993300\"><strong><a style=\"color: #993300\" href=\"http:\/\/www.esportsavinguda.tk\/\" target=\"_blank\" rel=\"noopener noreferrer\"><img data-recalc-dims=\"1\" decoding=\"async\" src=\"https:\/\/i0.wp.com\/josepmoliner.com\/esportsavinguda2.gif\" alt=\"\" \/><\/a><\/strong><\/span><\/h3>\n<\/td>\n<td style=\"padding-left: 30px\">\n<h3><span style=\"color: #993300\"><strong><a style=\"color: #993300\" href=\"http:\/\/www.elroure.net\/\" target=\"_blank\" rel=\"noopener noreferrer\"><img data-recalc-dims=\"1\" decoding=\"async\" src=\"https:\/\/i0.wp.com\/elroure.net\/rourenet.gif\" alt=\"\" \/><\/a><\/strong><\/span><\/h3>\n<\/td>\n<\/tr>\n<tr style=\"text-align: justify;padding-left: 30px\">\n<td style=\"padding-left: 30px\">\n<h3><span style=\"color: #993300\"><strong><a style=\"color: #993300\" href=\"http:\/\/www.eledevall.com\/\" target=\"_blank\" rel=\"noopener noreferrer\"><img data-recalc-dims=\"1\" decoding=\"async\" src=\"https:\/\/i0.wp.com\/josepmoliner.com\/eledevall.gif\" alt=\"\" \/><\/a><\/strong><\/span><\/h3>\n<\/td>\n<td style=\"padding-left: 30px\">\n<h3><span style=\"color: #993300\"><strong><a style=\"color: #993300\" href=\"http:\/\/civeracampoy.com\/index.php\/es\/\" target=\"_blank\" rel=\"noopener noreferrer\"><img data-recalc-dims=\"1\" decoding=\"async\" src=\"https:\/\/i0.wp.com\/josepmoliner.com\/Civera%26Campoy.gif\" alt=\"\" \/><\/a><\/strong><\/span><\/h3>\n<\/td>\n<\/tr>\n<tr style=\"text-align: justify;padding-left: 30px\">\n<td style=\"padding-left: 30px\">\n<table style=\"padding-left: 30px\" cellspacing=\"0\" align=\"left\">\n<tbody style=\"padding-left: 30px\">\n<tr style=\"text-align: justify;padding-left: 30px\">\n<td style=\"padding-left: 30px\">\n<h3><span style=\"color: #993300\">\u00a0<\/span><\/h3>\n<\/td>\n<\/tr>\n<tr style=\"text-align: justify;padding-left: 30px\">\n<td style=\"padding-left: 30px\">\n<h3><span style=\"color: #993300\"><strong><a style=\"color: #993300\" href=\"mailto:banner@mossenhoms.be\">vols el teu banner?<\/a><\/strong><\/span><\/h3>\n<\/td>\n<\/tr>\n<\/tbody>\n<\/table>\n<\/td>\n<\/tr>\n<\/tbody>\n<\/table>\n","protected":false},"excerpt":{"rendered":"<p>Quan diem que m\u00e9s que un grup \u00e9s una fam\u00edlia, ens ho creiem i aquesta setmana hem rebut un S.O.S. i ens en fem ress\u00f2 i si aconseguim ajudar a la filla de Jos\u00e9 Manuel Cabello, la Lucia serem immensament feli\u00e7os. Es tracta de fer arribar una petita col\u00b7laboraci\u00f3, que podem dir segur que salvem [&hellip;]<\/p>\n","protected":false},"author":171,"featured_media":0,"comment_status":"open","ping_status":"open","sticky":false,"template":"","format":"standard","meta":{"jetpack_post_was_ever_published":false,"_jetpack_newsletter_access":"","_jetpack_dont_email_post_to_subs":false,"_jetpack_newsletter_tier_id":0,"_jetpack_memberships_contains_paywalled_content":false,"_jetpack_memberships_contains_paid_content":false,"footnotes":"","jetpack_publicize_message":"","jetpack_publicize_feature_enabled":true,"jetpack_social_post_already_shared":false,"jetpack_social_options":{"image_generator_settings":{"template":"highway","default_image_id":0,"font":"","enabled":false},"version":2}},"categories":[2697,1644,25130,5580,1,4554,25102,25094,25089,73],"tags":[2697,4656,25105,25130,25112,25106,25094,25137,73],"class_list":["post-4487","post","type-post","status-publish","format-standard","hentry","category-amistat","category-correr","category-correrxerrar","category-entrenaments","category-general","category-mossenaires","category-mossenhoms-be","category-pep-moliner","category-senderisme","category-terrassa","tag-amistat","tag-atletisme","tag-correr","tag-correrxerrar","tag-entrenament-en-grup","tag-mossenaires","tag-pep-moliner","tag-sabadell","tag-terrassa"],"jetpack_publicize_connections":[],"jetpack_featured_media_url":"","jetpack_sharing_enabled":true,"jetpack_shortlink":"https:\/\/wp.me\/pagkiK-1an","jetpack-related-posts":[{"id":4431,"url":"https:\/\/blogs.avui.cat\/pepmoliner\/2017\/03\/08\/entrenament-mossenaire-un-mes\/","url_meta":{"origin":4487,"position":0},"title":"\u201cEntrenament Mossenaire: un mes\u201d","author":"Pep Moliner","date":"8 de mar\u00e7 de 2017","format":false,"excerpt":"Sabem que la pluja espanta for\u00e7a #mossenaires i a primera hora no sabem \u00a0si l'entrenament ser\u00e0 xop o eixut. Ha estat eixut i fant\u00e0stic o almenys aix\u00ed \u00a0ens ho sembla. Hem baixat per llocs com el cam\u00ed asfaltat de Can Bon Vilar \u00a0que duu a llocs com l'Hotel Milton, l'H\u00edpica\u2026","rel":"","context":"A &quot;Amistat&quot;","block_context":{"text":"Amistat","link":"https:\/\/blogs.avui.cat\/pepmoliner\/category\/amistat\/"},"img":{"alt_text":"","src":"","width":0,"height":0},"classes":[]},{"id":4568,"url":"https:\/\/blogs.avui.cat\/pepmoliner\/2017\/08\/30\/sempre-rient-mossenaires\/","url_meta":{"origin":4487,"position":1},"title":"Sempre rient: &#8220;Mossenaires&#8221;","author":"Pep Moliner","date":"30 d'agost de 2017","format":false,"excerpt":"L'agost s'apaga a Can #Mossenaires i ho fa amb all\u00f2 que ens agrada. #c\u00f3rrer #xerrar #gaudir acompanyades i acompanyats de gent amb el mateix tarann\u00e0 esportiu, que el que vol i com excusa, anar a passar una bona estona sense compromisos i moltes i molts, tornant de vacances i amb\u2026","rel":"","context":"A &quot;Amistat&quot;","block_context":{"text":"Amistat","link":"https:\/\/blogs.avui.cat\/pepmoliner\/category\/amistat\/"},"img":{"alt_text":"","src":"","width":0,"height":0},"classes":[]},{"id":4718,"url":"https:\/\/blogs.avui.cat\/pepmoliner\/2018\/06\/06\/castellarnau-a-correr\/","url_meta":{"origin":4487,"position":2},"title":"Castellarnau a c\u00f3rrer","author":"Pep Moliner","date":"6 de juny de 2018","format":false,"excerpt":"Quin tip d'aigua tenim al Vall\u00e8s. A aquesta \u00e8poca an\u00e0vem a la font de Castellarnau per apaivagar la calor i la set. Per\u00f2 fa m\u00e9s de dos mesos que de calor poca i de ganes de veure aigua, no massa. La justa. Aix\u00f2 s\u00ed. El lloc s'ho val per fer\u2026","rel":"","context":"A &quot;Amistat&quot;","block_context":{"text":"Amistat","link":"https:\/\/blogs.avui.cat\/pepmoliner\/category\/amistat\/"},"img":{"alt_text":"","src":"","width":0,"height":0},"classes":[]},{"id":4434,"url":"https:\/\/blogs.avui.cat\/pepmoliner\/2017\/03\/15\/donem-canya-a-torrebonica-i-plans-de-can-canya\/","url_meta":{"origin":4487,"position":3},"title":"Donem canya a &#8220;Torrebonica i plans de Can Canya&#8221;","author":"Pep Moliner","date":"15 de mar\u00e7 de 2017","format":false,"excerpt":"Ens visita a Can Mossenaire \"La primavera\" arriba abans d'hora i gaudiremd'un dia preci\u00f3s. Hem volgut triar un dels circuits m\u00e9s plans que tenim per no cansar al \"Mossenaire Maratoni\u00e0\", en Jos\u00e9 Francisco L\u00f3pez Padillo que l'endem\u00e0 i despr\u00e9s de molta preparaci\u00f3 far\u00e0 aquesta prova m\u00edtica: \"Marat\u00f3 de Barcelona\". Sabem\u2026","rel":"","context":"A &quot;Amistat&quot;","block_context":{"text":"Amistat","link":"https:\/\/blogs.avui.cat\/pepmoliner\/category\/amistat\/"},"img":{"alt_text":"","src":"","width":0,"height":0},"classes":[]},{"id":4556,"url":"https:\/\/blogs.avui.cat\/pepmoliner\/2017\/08\/09\/mossenaires-no-fa-vacances\/","url_meta":{"origin":4487,"position":4},"title":"Mossenaires no fa vacances","author":"Pep Moliner","date":"9 d'agost de 2017","format":false,"excerpt":"Un dissabte com tants, on farem un bon entrenament i ser\u00e0 gr\u00e0cies a que no fem vacances. \u00c9s gr\u00e0cies a tothom i avui el que ha fet la tria del circuit han estat en Joan, Carlos i l\u2019Eva, que els hi hem demanat que portessin el grup directament i per\u2026","rel":"","context":"A &quot;Amistat&quot;","block_context":{"text":"Amistat","link":"https:\/\/blogs.avui.cat\/pepmoliner\/category\/amistat\/"},"img":{"alt_text":"","src":"","width":0,"height":0},"classes":[]},{"id":4474,"url":"https:\/\/blogs.avui.cat\/pepmoliner\/2017\/05\/03\/el-globus-groc\/","url_meta":{"origin":4487,"position":5},"title":"El globus groc.","author":"Pep Moliner","date":"3 de maig de 2017","format":false,"excerpt":"Avall que fa baixada. I si, cap a Sabadell t\u00e9 aquesta tend\u00e8ncia \u00a0a baixar i tothom anem prou c\u00f2modes. Ah ! i que passa, que tot el que baixa, puja, i les pujades \u00a0enforteixen, per\u00f2 cansen. M\u00e9s d'una i m\u00e9s d'un hem bufat de valent per tornar al camp base,\u2026","rel":"","context":"A &quot;Amistat&quot;","block_context":{"text":"Amistat","link":"https:\/\/blogs.avui.cat\/pepmoliner\/category\/amistat\/"},"img":{"alt_text":"","src":"","width":0,"height":0},"classes":[]}],"_links":{"self":[{"href":"https:\/\/blogs.avui.cat\/pepmoliner\/wp-json\/wp\/v2\/posts\/4487","targetHints":{"allow":["GET"]}}],"collection":[{"href":"https:\/\/blogs.avui.cat\/pepmoliner\/wp-json\/wp\/v2\/posts"}],"about":[{"href":"https:\/\/blogs.avui.cat\/pepmoliner\/wp-json\/wp\/v2\/types\/post"}],"author":[{"embeddable":true,"href":"https:\/\/blogs.avui.cat\/pepmoliner\/wp-json\/wp\/v2\/users\/171"}],"replies":[{"embeddable":true,"href":"https:\/\/blogs.avui.cat\/pepmoliner\/wp-json\/wp\/v2\/comments?post=4487"}],"version-history":[{"count":4,"href":"https:\/\/blogs.avui.cat\/pepmoliner\/wp-json\/wp\/v2\/posts\/4487\/revisions"}],"predecessor-version":[{"id":4491,"href":"https:\/\/blogs.avui.cat\/pepmoliner\/wp-json\/wp\/v2\/posts\/4487\/revisions\/4491"}],"wp:attachment":[{"href":"https:\/\/blogs.avui.cat\/pepmoliner\/wp-json\/wp\/v2\/media?parent=4487"}],"wp:term":[{"taxonomy":"category","embeddable":true,"href":"https:\/\/blogs.avui.cat\/pepmoliner\/wp-json\/wp\/v2\/categories?post=4487"},{"taxonomy":"post_tag","embeddable":true,"href":"https:\/\/blogs.avui.cat\/pepmoliner\/wp-json\/wp\/v2\/tags?post=4487"}],"curies":[{"name":"wp","href":"https:\/\/api.w.org\/{rel}","templated":true}]}}