{"id":4482,"date":"2017-05-17T19:54:48","date_gmt":"2017-05-17T18:54:48","guid":{"rendered":"http:\/\/blogs.avui.cat\/pepmoliner\/?p=4482"},"modified":"2017-05-17T19:54:56","modified_gmt":"2017-05-17T18:54:56","slug":"salvem-una-vida","status":"publish","type":"post","link":"https:\/\/blogs.avui.cat\/pepmoliner\/2017\/05\/17\/salvem-una-vida\/","title":{"rendered":"Salvem una vida"},"content":{"rendered":"<h3>Tristos ens hem posat tots avui poc despr\u00e9s d&#8217;anar plegats, quan hem passat pel pont que passa per sobre de la via del tren de Rodalies i veiem com un xicot tenia clares intencions de posar fi a la seva vida i tota la colla ha fet costat per rescatar-lo d&#8217;aquesta decisi\u00f3, en primer lloc fent que abandon\u00e9s la zona perillosa, posant en perill incl\u00fas la vida d&#8217;un de nosaltres, que s&#8217;ha enfilat en un lloc gens segur al costat d&#8217;una persona que no sab\u00edem com podia reaccionar. Hem vist que era molt jove i amb molts problemes. Des d&#8217;aqu\u00ed voldr\u00edem animar-lo que entengu\u00e9s la vida \u00e9s molt bonica, i sempre hi haur\u00e0 alguna cosa pel que valdr\u00e0 la pena lluitar, i la vida \u00e9s el m\u00e9s important que tenim i que la podem invertir en coses bones i girar full de tot all\u00f2 que ens amo\u00efna i tirar endavant que segur qu\u00e8 val la pena. Aprofitar qualsevol escletxa de felicitat i aferrar-s&#8217;hi i si vols venir a c\u00f3rrer, \u00e9s una de les millors ter\u00e0pies que coneixem per veure les coses i la vida amb un tint meravell\u00f3s: \u00c0nims!!<\/h3>\n<h3>L&#8217;entrenament fins a aquest moment, en la l\u00ednia d&#8217;el habitual i a partir d&#8217;aqu\u00ed tots an\u00e0vem una miqueta pensatius i tocats del que acab\u00e0vem de viure. A l&#8217;hora de la fotografia ens hem dedicat un fort aplaudiment a tots vosaltres per haver fet una gran obra intentant ajudar a una persona que creu que la vida no mereix viure-la.<\/h3>\n<h3>Hem nominat i proclamat al Mossenaire d&#8217;honor, l&#8217;Angel Leon, que fa for\u00e7a temps que ve a c\u00f3rrer i en franca millora, hem conegut &#8220;Mossenaires Nous&#8221;, com la Sibel i en JuanMa i la bandera ha estat condu\u00efda per en Jos\u00e9 Salas.<\/h3>\n<h3>La fotografia en un rac\u00f3 que forma part dels nostres entrenaments des de fa molts anys, la font de l&#8217;Argelaguet.<\/h3>\n<h3>Gr\u00e0cies a tothom i si dissabte no teniu res m\u00e9s a fer, sapigueu que sense cap mena de comprom\u00eds, us hi esperem a tothom que vulgui passar una bona estona. Moltes gr\u00e0cies<\/h3>\n<h3><img data-recalc-dims=\"1\" decoding=\"async\" src=\"https:\/\/i0.wp.com\/2.bp.blogspot.com\/-yy86Yyrl_64\/WRxwIzV7kbI\/AAAAAAAAG_k\/XI5Wn5NOHKA5hnOgWnrww8RDFIfGkIWzACLcB\/s800\/Mossenaires_13Maig2017.jpg?ssl=1\" border=\"0\" \/><br \/>\nAngel li demanem si vols ser el nostre Mossenaire d&#8217;Honor i no dubte ni un sol moment<\/h3>\n<h3><img data-recalc-dims=\"1\" decoding=\"async\" src=\"https:\/\/i0.wp.com\/3.bp.blogspot.com\/-98P5rPT5eE8\/WRxwMMnezJI\/AAAAAAAAG_s\/nM6sBqtAQNMxM3pM_nr06uCJd5ONpnn-QCLcB\/s800\/Mossenaires_13Maig2017-001.jpg?ssl=1\" border=\"0\" \/><br \/>\nDavant d&#8217;en <a class=\"postlink\" href=\"http:\/\/mossenhoms.netfreehost.com\/mossenhoms-post-13907.html#13907\" target=\"_blank\" rel=\"noopener noreferrer\">Rafael Camargo <\/a>, que feia temps que no podia venir, l&#8217;\u00c0ngel rep la nominaci\u00f3. Gr\u00e0cies<\/h3>\n<h3><img data-recalc-dims=\"1\" decoding=\"async\" src=\"https:\/\/i0.wp.com\/1.bp.blogspot.com\/-72FYqmeCq_Q\/WRxwMM2IduI\/AAAAAAAAG_o\/7nLuR1eFARI8LNjyr0-qRxF22d_TkQNEACLcB\/s800\/Mossenaires_13Maig2017-002.jpg?ssl=1\" border=\"0\" \/><br \/>\n\u00c0ngel Le\u00f3n: nominat a mossenaire d&#8217;honor<\/h3>\n<h3><img data-recalc-dims=\"1\" decoding=\"async\" src=\"https:\/\/i0.wp.com\/1.bp.blogspot.com\/-N3cllLNg1Zg\/WRxwMP4tPlI\/AAAAAAAAG_w\/h8PkiUDc-C88DJ6cE6ChY5lyDAdKY_AnQCLcB\/s800\/Mossenaires_13Maig2017-003.jpg?ssl=1\" border=\"0\" \/><br \/>\nMossenaires amics<\/h3>\n<h3><img data-recalc-dims=\"1\" decoding=\"async\" src=\"https:\/\/i0.wp.com\/2.bp.blogspot.com\/-p6VC4vuB2Qc\/WRxwMikLFLI\/AAAAAAAAG_0\/14ZumqAAl-4fzJ7fMFFhi--JhitQXiwSgCLcB\/s800\/Mossenaires_13Maig2017-004.jpg?ssl=1\" border=\"0\" \/><br \/>\nI la bandera ser\u00e0 condu\u00efda per en <a class=\"postlink\" href=\"http:\/\/mossenhoms.netfreehost.com\/mossenhoms-post-13763.html#13763\" target=\"_blank\" rel=\"noopener noreferrer\">Jos\u00e9 Salas <\/a>, al costat d&#8217;en <a class=\"postlink\" href=\"http:\/\/mossenhoms.netfreehost.com\/mossenhoms-post-13546.html#13546\" target=\"_blank\" rel=\"noopener noreferrer\">Sebasti\u00e1n Morales <\/a><\/h3>\n<h3><img data-recalc-dims=\"1\" decoding=\"async\" src=\"https:\/\/i0.wp.com\/4.bp.blogspot.com\/-JumteQjwZHc\/WRxwNA2u6FI\/AAAAAAAAG_4\/mGj2cumIEa09O5jxP954NRKhOBkPRO4bwCLcB\/s800\/Mossenaires_13Maig2017-005.jpg?ssl=1\" border=\"0\" \/><\/h3>\n<h3><img data-recalc-dims=\"1\" decoding=\"async\" src=\"https:\/\/i0.wp.com\/3.bp.blogspot.com\/-y1uqBbgxgs4\/WRxwNFymJ0I\/AAAAAAAAG_8\/6XbyphhdpWw31NkrsyGvY_BCw2nOBLH2gCLcB\/s800\/Mossenaires_13Maig2017-006.jpg?ssl=1\" border=\"0\" \/><\/h3>\n<h3><img data-recalc-dims=\"1\" decoding=\"async\" src=\"https:\/\/i0.wp.com\/3.bp.blogspot.com\/-rQXbb3DOpug\/WRxwNfuBjjI\/AAAAAAAAHAA\/jnxjVt4NH20_nJDGh3CodRCfokUMlo49gCLcB\/s800\/Mossenaires_13Maig2017-007.jpg?ssl=1\" border=\"0\" \/><br \/>\nEn Mart\u00ed no sabia que anava d&#8217;aniversari i era el propi a Mossenaire d&#8217;Honor<\/h3>\n<h3><img data-recalc-dims=\"1\" decoding=\"async\" src=\"https:\/\/i0.wp.com\/2.bp.blogspot.com\/-O3XhVOX5gO4\/WRxwOBkCz8I\/AAAAAAAAHAE\/s3OvOI2wg1AFXId4JEXM6tYjKa-eyT96QCLcB\/s800\/Mossenaires_13Maig2017-008.jpg?ssl=1\" border=\"0\" \/><\/h3>\n<h3><img data-recalc-dims=\"1\" decoding=\"async\" src=\"https:\/\/i0.wp.com\/2.bp.blogspot.com\/-NeK4HTfLkFA\/WRxwObTfWQI\/AAAAAAAAHAM\/D84hOXgy6rgjnXOeL9tcHRF270wBCXD5QCLcB\/s800\/Mossenaires_13Maig2017-009.jpg?ssl=1\" border=\"0\" \/><br \/>\n<a class=\"postlink\" href=\"http:\/\/mossenhoms.netfreehost.com\/mossenhoms-post-9023.html#9023\" target=\"_blank\" rel=\"noopener noreferrer\">Josep Mirabet <\/a><\/h3>\n<h3><img data-recalc-dims=\"1\" decoding=\"async\" src=\"https:\/\/i0.wp.com\/2.bp.blogspot.com\/-j7aBXn6OVm0\/WRxwOXl7qmI\/AAAAAAAAHAI\/X9zPp8SBdbEypfX3CRywFe0FVvE5dHZZACLcB\/s800\/Mossenaires_13Maig2017-010.jpg?ssl=1\" border=\"0\" \/><br \/>\nL&#8217;<a class=\"postlink\" href=\"http:\/\/mossenhoms.netfreehost.com\/mossenhoms-post-13810.html#13810\" target=\"_blank\" rel=\"noopener noreferrer\"> Anna Cos <\/a>al costat de l&#8217;<a class=\"postlink\" href=\"http:\/\/mossenhoms.netfreehost.com\/viewtopic.php?p=13401&amp;mforum=mossenhoms#13401\" target=\"_blank\" rel=\"noopener noreferrer\">Albert Valls <\/a>, que ens sembla que hores d&#8217;ara est\u00e0 lesionat. Esperem sigui lleu<\/h3>\n<h3><img data-recalc-dims=\"1\" decoding=\"async\" src=\"https:\/\/i0.wp.com\/2.bp.blogspot.com\/-mYrmIOTv6eI\/WRxwOwSiXXI\/AAAAAAAAHAQ\/rDZb3kuV5y4n8kPntw5wbThQWzZYP3_QgCLcB\/s800\/Mossenaires_13Maig2017-011.jpg?ssl=1\" border=\"0\" \/><br \/>\nCarme, Txell i N\u00faria<\/h3>\n<h3><img data-recalc-dims=\"1\" decoding=\"async\" src=\"https:\/\/i0.wp.com\/4.bp.blogspot.com\/-K6fkQh2_6oc\/WRxwPRmwDxI\/AAAAAAAAHAY\/fhaTufRM2B0LbNiOxPEKwEysXHhEjPXEACLcB\/s800\/Mossenaires_13Maig2017-012.jpg?ssl=1\" border=\"0\" \/><br \/>\nOlga, Inma, Santi, V\u00edctor, Paco, Anna<\/h3>\n<h3><img data-recalc-dims=\"1\" decoding=\"async\" src=\"https:\/\/i0.wp.com\/1.bp.blogspot.com\/-E9bkxZh9FJ4\/WRxwPYnThSI\/AAAAAAAAHAU\/q1rA0Xm8n9UZxRLxuZMb-YeQAlZXYFSFgCLcB\/s800\/Mossenaires_13Maig2017-013.jpg?ssl=1\" border=\"0\" \/><br \/>\n<a class=\"postlink\" href=\"http:\/\/mossenhoms.netfreehost.com\/viewtopic.php?p=14022&amp;mforum=mossenhoms#14022\" target=\"_blank\" rel=\"noopener noreferrer\">Olga <\/a>, Inma<\/h3>\n<h3><img data-recalc-dims=\"1\" decoding=\"async\" src=\"https:\/\/i0.wp.com\/2.bp.blogspot.com\/-CDcqaA6Ukoo\/WRxwPnaeqvI\/AAAAAAAAHAc\/HlUFCKCAi-4Le0AL4mRhBrl0314lKecxwCLcB\/s800\/Mossenaires_13Maig2017-014.jpg?ssl=1\" border=\"0\" \/><br \/>\nDespr\u00e9s de molt de temps lesionat, en <a class=\"postlink\" href=\"http:\/\/mossenhoms.netfreehost.com\/mossenhoms-post-13907.html#13907\" target=\"_blank\" rel=\"noopener noreferrer\">Rafael Camargo <\/a>ha tornat. Fant\u00e0stic<\/h3>\n<h3><img data-recalc-dims=\"1\" decoding=\"async\" src=\"https:\/\/i0.wp.com\/2.bp.blogspot.com\/-8wampeCoZeY\/WRxwP-nr2cI\/AAAAAAAAHAg\/lDLECQ3kAtI5BFVjMJ2XWsdJC8miuvOrACLcB\/s800\/Mossenaires_13Maig2017-015.jpg?ssl=1\" border=\"0\" \/><br \/>\nI tancant el grup, el nominat a mossenaire d&#8217;honor l&#8217;Angel i l&#8217;eva<\/h3>\n<h3><img data-recalc-dims=\"1\" decoding=\"async\" src=\"https:\/\/i0.wp.com\/2.bp.blogspot.com\/-DmNgvxtHBtc\/WRxwQO6hjMI\/AAAAAAAAHAk\/ivahNS2kuCQ71-DQoS3-ouNm1LsykkMcQCLcB\/s800\/Mossenaires_13Maig2017-016.jpg?ssl=1\" border=\"0\" \/><br \/>\n<a class=\"postlink\" href=\"http:\/\/mossenhoms.netfreehost.com\/mossenhoms-post-8659.html#8659\" target=\"_blank\" rel=\"noopener noreferrer\">Javier Colado <\/a>amb en Sherlock<\/h3>\n<h3><img data-recalc-dims=\"1\" decoding=\"async\" src=\"https:\/\/i0.wp.com\/4.bp.blogspot.com\/-3OIdyCaHqqo\/WRxwQUjwbDI\/AAAAAAAAHAo\/iQRS6hG-yTUUk7FHG1tiQQVNyc-vjuapgCLcB\/s800\/Mossenaires_13Maig2017-017.jpg?ssl=1\" border=\"0\" \/><\/h3>\n<h3><img data-recalc-dims=\"1\" decoding=\"async\" src=\"https:\/\/i0.wp.com\/2.bp.blogspot.com\/-9tzXUkw5xa0\/WRxwQqq2uNI\/AAAAAAAAHAs\/1-MgIWuf8ZQCH5Wo2buHBUlfiUB-GzZmgCLcB\/s800\/Mossenaires_13Maig2017-018.jpg?ssl=1\" border=\"0\" \/><br \/>\nLa nova Mossenaire, la Sibel<\/h3>\n<h3><img data-recalc-dims=\"1\" decoding=\"async\" src=\"https:\/\/i0.wp.com\/3.bp.blogspot.com\/-00nqMI9ZAss\/WRxwQxKva7I\/AAAAAAAAHAw\/m5-RcqXXQkw2hc2RYPQNcXvZFlSEeLc8wCLcB\/s800\/Mossenaires_13Maig2017-019.jpg?ssl=1\" border=\"0\" \/><\/h3>\n<h3><img data-recalc-dims=\"1\" decoding=\"async\" src=\"https:\/\/i0.wp.com\/4.bp.blogspot.com\/-jqZL5s1yXiQ\/WRxwRLbmEcI\/AAAAAAAAHA0\/xyF90TCjFAA73pvuo6v9pyUz2TQPva92gCLcB\/s800\/Mossenaires_13Maig2017-020.jpg?ssl=1\" border=\"0\" \/><br \/>\n<a class=\"postlink\" href=\"http:\/\/mossenhoms.netfreehost.com\/mossenhoms-post-9121.html#9121\" target=\"_blank\" rel=\"noopener noreferrer\">Carlos Salmer\u00f3n <\/a>, que va a caminar amb en <a class=\"postlink\" href=\"http:\/\/mossenhoms.netfreehost.com\/mossenhoms-post-9023.html#9023\" target=\"_blank\" rel=\"noopener noreferrer\">Josep Mirabet <\/a><\/h3>\n<h3><img data-recalc-dims=\"1\" decoding=\"async\" src=\"https:\/\/i0.wp.com\/4.bp.blogspot.com\/-x7Szdp8V6Z0\/WRxwRK8NZkI\/AAAAAAAAHA4\/koWAUhgaDKYqXXmIbzBeBoUFbfe1KK3TACLcB\/s800\/Mossenaires_13Maig2017-021.jpg?ssl=1\" border=\"0\" \/><\/h3>\n<h3><img data-recalc-dims=\"1\" decoding=\"async\" src=\"https:\/\/i0.wp.com\/2.bp.blogspot.com\/-F1FRptATu0g\/WRxwRkZZL6I\/AAAAAAAAHA8\/NGPQJx1yeFgdjG_nlB-Z5-fz1hhmFHv_ACLcB\/s800\/Mossenaires_13Maig2017-022.jpg?ssl=1\" border=\"0\" \/><\/h3>\n<h3><img data-recalc-dims=\"1\" decoding=\"async\" src=\"https:\/\/i0.wp.com\/4.bp.blogspot.com\/-JBkyWCyuSyQ\/WRxwR6cCaYI\/AAAAAAAAHBA\/giXlEe1IsbEVdc6wz-IXu7UP2obouDKNwCLcB\/s800\/Mossenaires_13Maig2017-023.jpg?ssl=1\" border=\"0\" \/><br \/>\n<a class=\"postlink\" href=\"http:\/\/mossenhoms.netfreehost.com\/mossenhoms-post-13998.html#13998\" target=\"_blank\" rel=\"noopener noreferrer\">Francisco Escudero <\/a>, anant a la cua. Gr\u00e0cies!!<\/h3>\n<h3><img data-recalc-dims=\"1\" decoding=\"async\" src=\"https:\/\/i0.wp.com\/1.bp.blogspot.com\/-YLSPir9sUgU\/WRxwSBgSwxI\/AAAAAAAAHBE\/1XX3Z_55uEEbjmOJIFKQ6OaHvIQpzUQQACLcB\/s800\/Mossenaires_13Maig2017-024.jpg?ssl=1\" border=\"0\" \/><br \/>\nJa ve la cua!!<\/h3>\n<h3><img data-recalc-dims=\"1\" decoding=\"async\" src=\"https:\/\/i0.wp.com\/1.bp.blogspot.com\/-qjJNzlxOiNk\/WRxwSsLoKqI\/AAAAAAAAHBI\/3R9moHD2jpcf-GEpwbj6pNxTwyiRBXgEQCLcB\/s800\/Mossenaires_13Maig2017-025.jpg?ssl=1\" border=\"0\" \/><br \/>\n<a class=\"postlink\" href=\"http:\/\/mossenhoms.netfreehost.com\/mossenhoms-post-13856.html#13856\" target=\"_blank\" rel=\"noopener noreferrer\">Toni Ga\u00f1et Fueris <\/a>fent un nuc<\/h3>\n<h3><img data-recalc-dims=\"1\" decoding=\"async\" src=\"https:\/\/i0.wp.com\/4.bp.blogspot.com\/-mJl4eHQr9AY\/WRxwSy3A2RI\/AAAAAAAAHBM\/NSRp_JRc2lUSZ3N6aJUkKXfaiUA2fsGiACLcB\/s800\/Mossenaires_13Maig2017-026.jpg?ssl=1\" border=\"0\" \/><\/h3>\n<h3><img data-recalc-dims=\"1\" decoding=\"async\" src=\"https:\/\/i0.wp.com\/3.bp.blogspot.com\/-SvLm275rXb8\/WRxwS-uB5gI\/AAAAAAAAHBQ\/LfnyZD6Jx9osFmE_7BoZ0zVZY_f_z_YJwCLcB\/s800\/Mossenaires_13Maig2017-027.jpg?ssl=1\" border=\"0\" \/><br \/>\nEn aquest moment veiem un antic Mosseanire, l&#8217;Yllera i ens diuen que hi ha un xicot que sembla que es volt tirar a la via<\/h3>\n<h3><img data-recalc-dims=\"1\" decoding=\"async\" src=\"https:\/\/i0.wp.com\/1.bp.blogspot.com\/-hUzelqVW1xA\/WRxwTHb7mFI\/AAAAAAAAHBU\/juhbeneIehcheSVt_yL6XpYV2O3HrU6jQCLcB\/s800\/Mossenaires_13Maig2017-028.jpg?ssl=1\" border=\"0\" \/><br \/>\nEl va reaccionar i creiem que val evitar el pitjor<\/h3>\n<h3><img data-recalc-dims=\"1\" decoding=\"async\" src=\"https:\/\/i0.wp.com\/1.bp.blogspot.com\/-LQ5-6THMip4\/WRxwTe6oBSI\/AAAAAAAAHBY\/XP9aZHbTR74A19qorMcWzphKKadjkOvSgCLcB\/s800\/Mossenaires_13Maig2017-029.jpg?ssl=1\" border=\"0\" \/><br \/>\nBastant preocupats<\/h3>\n<h3><img data-recalc-dims=\"1\" decoding=\"async\" src=\"https:\/\/i0.wp.com\/2.bp.blogspot.com\/-Jk7lL2YQDiY\/WRxwToQIjLI\/AAAAAAAAHBc\/DKV53YZBsiEYQ2xqNj62AMIip7BXH2VNwCLcB\/s800\/Mossenaires_13Maig2017-030.jpg?ssl=1\" border=\"0\" \/><br \/>\nI demanant ajut, una vegada ja era tret del perill. No li vam fer fotos per respecte, per\u00f2 era un noi ben jove i amb bona aparen\u00e7a, per\u00f2 ple de temors i realment vam quedar molt preocupats. Es va crear un grup que es va quedar fins que van veure que ja no hi havia perill. Gr\u00e0cies a tothom per ser com sou<\/h3>\n<h3>[img][\/img]<\/h3>\n<h3><a href=\"https:\/\/4.bp.blogspot.com\/-cHLZXSmP7js\/WRxwUPrAzPI\/AAAAAAAAHBg\/V2twz0r_7hIvJqLtgS7ssCkNbbfIqzPdQCLcB\/s800\/Mossenaires_13Maig2017-031.jpg\" target=\"_blank\" rel=\"noopener noreferrer\">https:\/\/4.bp.blogspot.com\/-cHLZXSmP7js\/WRxwUPrAzPI\/AAAAAAAAHBg\/V2twz0r_7hIvJqLtgS7ssCkNbbfIqzPdQCLcB\/s800\/Mossenaires_13Maig2017-031.jpg<\/a><\/h3>\n<h3><img data-recalc-dims=\"1\" decoding=\"async\" src=\"https:\/\/i0.wp.com\/4.bp.blogspot.com\/-Zwaj3dSkpjo\/WRxwUMSxi7I\/AAAAAAAAHBk\/6CP-tv6QhvAnrfOxwK3L6Wbe9mYZKovlwCLcB\/s800\/Mossenaires_13Maig2017-032.jpg?ssl=1\" border=\"0\" \/><br \/>\nA partir d&#8217;aquest moment an\u00e0vem bastant pensatius<\/h3>\n<h3><img data-recalc-dims=\"1\" decoding=\"async\" src=\"https:\/\/i0.wp.com\/4.bp.blogspot.com\/-F1qeaviyi3k\/WRxwUc4k0RI\/AAAAAAAAHBo\/iXAUcDTLSNMKXAMZSG5VT3QsYApyFHtigCLcB\/s800\/Mossenaires_13Maig2017-033.jpg?ssl=1\" border=\"0\" \/><\/h3>\n<h3><img data-recalc-dims=\"1\" decoding=\"async\" src=\"https:\/\/i0.wp.com\/4.bp.blogspot.com\/-XgMmLWbhSuc\/WRxwU_0xoNI\/AAAAAAAAHBs\/R1BkLIdAsMczUbG6RvYVnEq0SPzUWnvQACLcB\/s800\/Mossenaires_13Maig2017-034.jpg?ssl=1\" border=\"0\" \/><br \/>\nI a aquesta recta el progressiu va ser bestial<\/h3>\n<h3><img data-recalc-dims=\"1\" decoding=\"async\" src=\"https:\/\/i0.wp.com\/4.bp.blogspot.com\/-TSux7be8YE0\/WRxwU5vqcKI\/AAAAAAAAHBw\/NcAPuyepyJEz6UoNh9nT90BMZ6GYYfyDgCLcB\/s800\/Mossenaires_13Maig2017-035.jpg?ssl=1\" border=\"0\" \/><br \/>\nEls que el vau fer en les primeres posicions. Enhorabona<br \/>\nJuanMa, Anna, Marti, Victor, Victor, \u00d2scar, Santi, Sergio<\/h3>\n<h3><img data-recalc-dims=\"1\" decoding=\"async\" src=\"https:\/\/i0.wp.com\/4.bp.blogspot.com\/-s_1l45EHU1s\/WRxwVK1DQuI\/AAAAAAAAHB0\/WpbG_q190iIlsMQJ0f45kq35SXwSwFg4QCLcB\/s800\/Mossenaires_13Maig2017-036.jpg?ssl=1\" border=\"0\" \/><\/h3>\n<h3><img data-recalc-dims=\"1\" decoding=\"async\" src=\"https:\/\/i0.wp.com\/2.bp.blogspot.com\/-QMN8m5Eq4sA\/WRxwV3JcV2I\/AAAAAAAAHB4\/9KDBpnBiEkIOSmkBSQrLcdI_BXq-5MxgQCLcB\/s800\/Mossenaires_13Maig2017-037.jpg?ssl=1\" border=\"0\" \/><br \/>\nl&#8217;\u00c0ngel Le\u00f3n continua com a nominat d&#8217;avui<\/h3>\n<h3><img data-recalc-dims=\"1\" decoding=\"async\" src=\"https:\/\/i0.wp.com\/2.bp.blogspot.com\/-IZl-WGqXdKs\/WRxwWEGFxSI\/AAAAAAAAHCA\/pqRObUaecn0Jb0JEiHKsS6MQeNowP_VawCLcB\/s800\/Mossenaires_13Maig2017-038.jpg?ssl=1\" border=\"0\" \/><\/h3>\n<h3><img data-recalc-dims=\"1\" decoding=\"async\" src=\"https:\/\/i0.wp.com\/1.bp.blogspot.com\/-MeAAaWh7zZ8\/WRxwWAon_AI\/AAAAAAAAHB8\/fT5VCVppkDkBj7_1vML11q9TB1ST88qdwCLcB\/s800\/Mossenaires_13Maig2017-039.jpg?ssl=1\" border=\"0\" \/><br \/>\nI nou progressiu, ara de pujada<\/h3>\n<h3><img data-recalc-dims=\"1\" decoding=\"async\" src=\"https:\/\/i0.wp.com\/3.bp.blogspot.com\/-4f3USMWd5zA\/WRxwWUuCx2I\/AAAAAAAAHCE\/Y4DeabXjhG4RNMq6fokft4P_1z1zxIHLgCLcB\/s800\/Mossenaires_13Maig2017-040.jpg?ssl=1\" border=\"0\" \/><br \/>\nEls capdavanters<br \/>\nFrancisco, Victor, Sergio, Isaac, Antonio.<\/h3>\n<h3>Sou els millors!!<\/h3>\n<h3><img data-recalc-dims=\"1\" decoding=\"async\" src=\"https:\/\/i0.wp.com\/2.bp.blogspot.com\/-umHZOCru8oI\/WRxwXArxQcI\/AAAAAAAAHCM\/Mcdw179fFEYGSYtKQTXQlfMdXI35XCmOACLcB\/s800\/Mossenaires_13Maig2017-041.jpg?ssl=1\" border=\"0\" \/><br \/>\nMarti, Anna, JuanMa, Josep Maria<\/h3>\n<h3><img data-recalc-dims=\"1\" decoding=\"async\" src=\"https:\/\/i0.wp.com\/3.bp.blogspot.com\/-eK_g1A1k9BI\/WRxwXMrM0qI\/AAAAAAAAHCI\/dyVTKkJhMxQirnvUvfttkjKuKBzc3i6RQCLcB\/s800\/Mossenaires_13Maig2017-042.jpg?ssl=1\" border=\"0\" \/><br \/>\nUn senyor en bigoti, dirigint el tr\u00e0nsit<\/h3>\n<h3><img data-recalc-dims=\"1\" decoding=\"async\" src=\"https:\/\/i0.wp.com\/4.bp.blogspot.com\/-Q2w1Bp4hLdY\/WRxwXU5tzBI\/AAAAAAAAHCQ\/9PqQOKyBgXgVMphp67EPEVG1vi3T-agJwCLcB\/s800\/Mossenaires_13Maig2017-043.jpg?ssl=1\" border=\"0\" \/><br \/>\nEn Jose fa el desplegament de la bandera<\/h3>\n<h3><img data-recalc-dims=\"1\" decoding=\"async\" src=\"https:\/\/i0.wp.com\/2.bp.blogspot.com\/--A_-M19af6Y\/WRxwXpRXbDI\/AAAAAAAAHCU\/GmR4KCue2u866znCj1mPF4tht1GCjO2AQCLcB\/s800\/Mossenaires_13Maig2017-044.jpg?ssl=1\" border=\"0\" \/><br \/>\nMarti fent els traguinyols<\/h3>\n<h3><img data-recalc-dims=\"1\" decoding=\"async\" src=\"https:\/\/i0.wp.com\/3.bp.blogspot.com\/-uCYsNL3ph6k\/WRxwX9m7cHI\/AAAAAAAAHCY\/ZCkgwOh8u6kv1PIBJ6L7HwdGZoHe_yiyACLcB\/s800\/Mossenaires_13Maig2017-045.jpg?ssl=1\" border=\"0\" \/><br \/>\nEn Miquel, que ens ha explicat hist\u00f2ria curiosa de la diabetis. Un exemple a seguir<\/h3>\n<h3><img data-recalc-dims=\"1\" decoding=\"async\" src=\"https:\/\/i0.wp.com\/2.bp.blogspot.com\/-hZeY-hV4zCo\/WRxwYSyhCjI\/AAAAAAAAHCc\/_WESnGiGd0E7UWEJ8r3ZsF8l_QZWgkAkACLcB\/s800\/Mossenaires_13Maig2017-046.jpg?ssl=1\" border=\"0\" \/><\/h3>\n<h3><img data-recalc-dims=\"1\" decoding=\"async\" src=\"https:\/\/i0.wp.com\/1.bp.blogspot.com\/-vl087ObCXqg\/WRxwYs1870I\/AAAAAAAAHCg\/JdUYnpIer9k48qOymXZ7dICd-gxq6ZzqACLcB\/s800\/Mossenaires_13Maig2017-047.jpg?ssl=1\" border=\"0\" \/><br \/>\nja est\u00e0 tot a punt<\/h3>\n<h3><img data-recalc-dims=\"1\" decoding=\"async\" src=\"https:\/\/i0.wp.com\/4.bp.blogspot.com\/-CCR2evwhWHY\/WRxwYxI1o5I\/AAAAAAAAHCk\/awF2O1EPTrQnOTxBDdDVvHnFupbikCFrwCLcB\/s800\/Mossenaires_13Maig2017-048.jpg?ssl=1\" border=\"0\" \/><br \/>\nAh no, faltava la cua, amb en Josep, Miquel i l&#8217;\u00c0ngel<\/h3>\n<h3><img data-recalc-dims=\"1\" decoding=\"async\" src=\"https:\/\/i0.wp.com\/1.bp.blogspot.com\/-6cFDg6laeW4\/WRxwZRTnNwI\/AAAAAAAAHCo\/zL4XOi8SCEsdP36xgWHnHiyhHRclgcA1QCLcB\/s800\/Mossenaires_13Maig2017-049.jpg?ssl=1\" border=\"0\" \/><br \/>\nI ara ens queda aplaudir a qui va ser mossenaire d&#8217;honor, ara fa 7 anys: en <a class=\"postlink\" href=\"http:\/\/mossenhoms.netfreehost.com\/mossenhoms-post-10225.html#10225\" target=\"_blank\" rel=\"noopener noreferrer\">Mart\u00ed Roca <\/a>tot i que ve des d&#8217;en fa setze<\/h3>\n<h3><img data-recalc-dims=\"1\" decoding=\"async\" src=\"https:\/\/i0.wp.com\/1.bp.blogspot.com\/-fQmnyePc8Ec\/WRxwZnZDrdI\/AAAAAAAAHCs\/r-KqjWWcEFEJkF1a3gjIitP1a1XNiHqgQCLcB\/s800\/Mossenaires_13Maig2017-050.jpg?ssl=1\" border=\"0\" \/><\/h3>\n<h3><img data-recalc-dims=\"1\" decoding=\"async\" src=\"https:\/\/i0.wp.com\/2.bp.blogspot.com\/-A5DJMOwqfAA\/WRxwZyg1MMI\/AAAAAAAAHCw\/mxYM5VUPYcIArITOYpfbVqETUU143QtvwCLcB\/s800\/Mossenaires_13Maig2017-051.jpg?ssl=1\" border=\"0\" \/><\/h3>\n<h3><a class=\"postlink\" href=\"http:\/\/mossenhoms.netfreehost.com\/mossenhoms-post-10225.html#10225\" target=\"_blank\" rel=\"noopener noreferrer\">Mart\u00ed Roca <\/a>Aplaudit per tothom<\/h3>\n<h3><img data-recalc-dims=\"1\" decoding=\"async\" src=\"https:\/\/i0.wp.com\/2.bp.blogspot.com\/-qXVvx8jIjEg\/WRxwaA3unlI\/AAAAAAAAHC0\/nijuVOoL_7UQDmIwmCMafflBMHFljNuYACLcB\/s800\/Mossenaires_13Maig2017-052.jpg?ssl=1\" border=\"0\" \/><\/h3>\n<h3><img data-recalc-dims=\"1\" decoding=\"async\" src=\"https:\/\/i0.wp.com\/2.bp.blogspot.com\/-YPZ1ObPQvR8\/WRxwaeTzvwI\/AAAAAAAAHC4\/h_3JqUA94C4oWr0cNYdmTRDfT7GTIBKngCLcB\/s800\/Mossenaires_13Maig2017-053.jpg?ssl=1\" border=\"0\" \/><\/h3>\n<h3><img data-recalc-dims=\"1\" decoding=\"async\" src=\"https:\/\/i0.wp.com\/3.bp.blogspot.com\/-1ObZJiynfK0\/WRxwajKVFNI\/AAAAAAAAHC8\/gRc6iEQIbvsx71OD4u37dRCO0OSd3HA_gCLcB\/s800\/Mossenaires_13Maig2017-054.jpg?ssl=1\" border=\"0\" \/><br \/>\nI queda proclamat el nostre flamant &#8220;Mossenaire d&#8217;Honor&#8221;, l&#8217;Angel Le\u00f3n. Enhorabona!!!!<\/h3>\n<h3><img data-recalc-dims=\"1\" decoding=\"async\" src=\"https:\/\/i0.wp.com\/3.bp.blogspot.com\/-MwBFYh1xrc8\/WRxwa-LBE9I\/AAAAAAAAHDA\/lhD7oFCDWGk9CuH9xkZfWMCbht76l9J-gCLcB\/s800\/Mossenaires_13Maig2017-055.jpg?ssl=1\" border=\"0\" \/><br \/>\n\u00c0ngel Le\u00f3n &#8220;Mossenaire d&#8217;Honor&#8221;<\/h3>\n<h3><img data-recalc-dims=\"1\" decoding=\"async\" src=\"https:\/\/i0.wp.com\/3.bp.blogspot.com\/-H2dYvivpwhk\/WRxwbOQag-I\/AAAAAAAAHDE\/xaiRyz19jzYdz9cmBX3KnI1c_1EkC8mBwCLcB\/s800\/Mossenaires_13Maig2017-056.jpg?ssl=1\" border=\"0\" \/><br \/>\nI la bandera, en Jos\u00e9 Salas.<\/h3>\n<h3><img data-recalc-dims=\"1\" decoding=\"async\" src=\"https:\/\/i0.wp.com\/4.bp.blogspot.com\/-ctxVrZtEhZY\/WRxwbWsaANI\/AAAAAAAAHDI\/uLaGUq8pn4w0LzguG7r7O_JQ8eBUhvOEwCLcB\/s800\/Mossenaires_13Maig2017-057.jpg?ssl=1\" border=\"0\" \/><br \/>\nMossenaires Nous: Sibel i JuanMa<\/h3>\n<h3><img data-recalc-dims=\"1\" decoding=\"async\" src=\"https:\/\/i0.wp.com\/4.bp.blogspot.com\/-1h3jD_V8PAw\/WRxwbzvxZpI\/AAAAAAAAHDM\/OQF9pW9SX38ss6mhHR9idwkTmJ3cDohiQCLcB\/s800\/Mossenaires_13Maig2017-058.jpg?ssl=1\" border=\"0\" \/><br \/>\nSibel<\/h3>\n<h3><img data-recalc-dims=\"1\" decoding=\"async\" src=\"https:\/\/i0.wp.com\/1.bp.blogspot.com\/-2UsOCdCp9uY\/WRxwcKZBjZI\/AAAAAAAAHDQ\/uKgcUmRYincp_Vixq2YppdqObw71urUtQCLcB\/s800\/Mossenaires_13Maig2017-059.jpg?ssl=1\" border=\"0\" \/><br \/>\nBenvinguts!!! i us esperem sempre qu\u00e8 vulgueu<\/h3>\n<h3><img data-recalc-dims=\"1\" decoding=\"async\" src=\"https:\/\/i0.wp.com\/2.bp.blogspot.com\/-iE9Fi8sWyh8\/WRxwceriVwI\/AAAAAAAAHDU\/5wGzp7tzDNgZtG31iZqgP3QCR5JVAukbgCLcB\/s800\/Mossenaires_13Maig2017-060.jpg?ssl=1\" border=\"0\" \/><\/h3>\n<h3><img data-recalc-dims=\"1\" decoding=\"async\" src=\"https:\/\/i0.wp.com\/3.bp.blogspot.com\/-oVWzh7dO8O8\/WRxwcz1c2YI\/AAAAAAAAHDY\/tnN0B1m3d5oUg0x7rNTVNIFJIgRdkaeLACLcB\/s800\/Mossenaires_13Maig2017-061.jpg?ssl=1\" border=\"0\" \/><\/h3>\n<h3><img data-recalc-dims=\"1\" decoding=\"async\" src=\"https:\/\/i0.wp.com\/1.bp.blogspot.com\/-ImyZmkMCK6M\/WRxweEcjJII\/AAAAAAAAHDk\/nCl41xdQ0nYfzSLMR5JyosWdGAygcl6_ACLcB\/s800\/Mossenaires_13Maig2017-062.jpg?ssl=1\" border=\"0\" \/><br \/>\nLa foto de fam\u00edlia a la font de l&#8217;Argelaguet, en un dia que ens ha marcat ho del xicot, per\u00f2 que ens queda la sort de comptar amb la vostra amistat. Enhorabona Mossenaires, i aplaudiment general pel vostre comportament quan he u vist que el xicot us necessitava. Gr\u00e0cies!!<\/h3>\n<h3><img data-recalc-dims=\"1\" decoding=\"async\" src=\"https:\/\/i0.wp.com\/3.bp.blogspot.com\/-BeS_nckinq4\/WRxwdteJAwI\/AAAAAAAAHDc\/dkpXyLDy8mMqVHykaDpOOj2zVVXjuN-vACLcB\/s800\/Mossenaires_13Maig2017-063.jpg?ssl=1\" border=\"0\" \/><\/h3>\n<h3><img data-recalc-dims=\"1\" decoding=\"async\" src=\"https:\/\/i0.wp.com\/1.bp.blogspot.com\/-sdtAd54L97k\/WRxwd1GsKmI\/AAAAAAAAHDg\/W87lbr-G-Vwc-_196mt2AaZufd6CeGVWACLcB\/s800\/Mossenaires_13Maig2017-064.jpg?ssl=1\" border=\"0\" \/><br \/>\nI en Miquel, que li encanta que li hem dit la veritat: que el veiem fant\u00e0stic i cada dia m\u00e9s jove. Clar que si!!<\/h3>\n<h3><img data-recalc-dims=\"1\" decoding=\"async\" src=\"https:\/\/i0.wp.com\/3.bp.blogspot.com\/-sX4jOcLiOdk\/WRxweU3Gd6I\/AAAAAAAAHDo\/S_s2XXatUyISfDhfgmeoeqdIgr6NvrrOwCLcB\/s800\/Mossenaires_13Maig2017-065.jpg?ssl=1\" border=\"0\" \/><br \/>\n<a class=\"postlink\" href=\"http:\/\/mossenhoms.netfreehost.com\/viewtopic.php?p=13792&amp;mforum=mossenhoms#13792\" target=\"_blank\" rel=\"noopener noreferrer\">Antonio Mayorgas <\/a>el primer a la pujada<\/h3>\n<h3><img data-recalc-dims=\"1\" decoding=\"async\" src=\"https:\/\/i0.wp.com\/4.bp.blogspot.com\/-7EMPFo6LBpY\/WRxwegWKP9I\/AAAAAAAAHDs\/488MyXeE2yo0Nr4q4Zu8fng2MHGa6Hm0ACLcB\/s800\/Mossenaires_13Maig2017-066.jpg?ssl=1\" border=\"0\" \/><br \/>\n<a class=\"postlink\" href=\"http:\/\/mossenhoms.netfreehost.com\/viewtopic.php?p=13945&amp;mforum=mossenhoms#13945\" target=\"_blank\" rel=\"noopener noreferrer\">Paco Barcia <\/a><\/h3>\n<h3><img data-recalc-dims=\"1\" decoding=\"async\" src=\"https:\/\/i0.wp.com\/4.bp.blogspot.com\/-jpCBOnmGmG0\/WRxwe0kOvXI\/AAAAAAAAHDw\/K5py6EQQ9JQ6UtICuLURBJa5CvnJIh4vACLcB\/s800\/Mossenaires_13Maig2017-067.jpg?ssl=1\" border=\"0\" \/><\/h3>\n<h3><a class=\"postlink\" href=\"http:\/\/mossenhoms.netfreehost.com\/viewtopic.php?p=13720&amp;mforum=mossenhoms#13720\" target=\"_blank\" rel=\"noopener noreferrer\">Carme Valldeperas <\/a><br \/>\n<img data-recalc-dims=\"1\" decoding=\"async\" src=\"https:\/\/i0.wp.com\/2.bp.blogspot.com\/-qtBVokymooA\/WRxwfIqDkjI\/AAAAAAAAHD0\/KBoq54pgv4w4p-Mzel_lL0EdpHcCwFHcQCLcB\/s800\/Mossenaires_13Maig2017-068.jpg?ssl=1\" border=\"0\" \/><br \/>\n<a class=\"postlink\" href=\"http:\/\/mossenhoms.netfreehost.com\/viewtopic.php?p=14023&amp;mforum=mossenhoms#14023\" target=\"_blank\" rel=\"noopener noreferrer\">Joaquim Puig <\/a><\/h3>\n<h3><img data-recalc-dims=\"1\" decoding=\"async\" src=\"https:\/\/i0.wp.com\/4.bp.blogspot.com\/-S9ExRe2dhD0\/WRxwfVZnKJI\/AAAAAAAAHD4\/u92HQkiAuQQ0AY2860F6JgdtDryNLeuGwCLcB\/s800\/Mossenaires_13Maig2017-069.jpg?ssl=1\" border=\"0\" \/><br \/>\n<a class=\"postlink\" href=\"http:\/\/mossenhoms.netfreehost.com\/viewtopic.php?p=8495&amp;mforum=mossenhoms#8495\" target=\"_blank\" rel=\"noopener noreferrer\">Oscar Mu\u00f1oz <\/a><\/h3>\n<h3><img data-recalc-dims=\"1\" decoding=\"async\" src=\"https:\/\/i0.wp.com\/3.bp.blogspot.com\/-oav7NxtuVWo\/WRxwf551XdI\/AAAAAAAAHD8\/kn-jGiRM9koMGRFuG9ym83CTjETCUsCcwCLcB\/s800\/Mossenaires_13Maig2017-070.jpg?ssl=1\" border=\"0\" \/><br \/>\n<a class=\"postlink\" href=\"http:\/\/mossenhoms.netfreehost.com\/mossenhoms-post-13701.html#13701\" target=\"_blank\" rel=\"noopener noreferrer\">Quim Gaya <\/a><\/h3>\n<h3><img data-recalc-dims=\"1\" decoding=\"async\" src=\"https:\/\/i0.wp.com\/4.bp.blogspot.com\/-z-ihVsohI40\/WRxwgNR5HnI\/AAAAAAAAHEA\/4FqngM7YqwI4zEb4jMsf4HiAaFGiYYytwCLcB\/s800\/Mossenaires_13Maig2017-071.jpg?ssl=1\" border=\"0\" \/><br \/>\nMart\u00ed i Anna<\/h3>\n<h3><img data-recalc-dims=\"1\" decoding=\"async\" src=\"https:\/\/i0.wp.com\/3.bp.blogspot.com\/-dvtMSclZScY\/WRxwgRUCIWI\/AAAAAAAAHEE\/uX7__rvimKMDLZoi3vvHZT-Hgsg2njd8gCLcB\/s800\/Mossenaires_13Maig2017-072.jpg?ssl=1\" border=\"0\" \/><br \/>\n<a class=\"postlink\" href=\"http:\/\/mossenhoms.netfreehost.com\/viewtopic.php?p=10628&amp;mforum=mossenhoms#10628\" target=\"_blank\" rel=\"noopener noreferrer\">Jose Segura <\/a><\/h3>\n<h3><img data-recalc-dims=\"1\" decoding=\"async\" src=\"https:\/\/i0.wp.com\/2.bp.blogspot.com\/-QZ6UIdUF8Qg\/WRxwggrh6sI\/AAAAAAAAHEI\/KVynAXhqn0kmqt5azlWxDNqvkY7P1wrSgCLcB\/s800\/Mossenaires_13Maig2017-073.jpg?ssl=1\" border=\"0\" \/><br \/>\nAngel Leon<\/h3>\n<h3><img data-recalc-dims=\"1\" decoding=\"async\" src=\"https:\/\/i0.wp.com\/4.bp.blogspot.com\/-1q-15CiSYqM\/WRxwg455rQI\/AAAAAAAAHEM\/MhEaXYGpChwxEQ_TwVHgCMDYJAdti20EwCLcB\/s800\/Mossenaires_13Maig2017-074.jpg?ssl=1\" border=\"0\" \/><\/h3>\n<h3><img data-recalc-dims=\"1\" decoding=\"async\" src=\"https:\/\/i0.wp.com\/1.bp.blogspot.com\/-j2xNYqKTFCY\/WRxwhMIo8WI\/AAAAAAAAHEQ\/XX1MHIgdp6wTuSgcLZR8E03G-yazFB2gwCLcB\/s800\/Mossenaires_13Maig2017-075.jpg?ssl=1\" border=\"0\" \/><br \/>\n<a class=\"postlink\" href=\"http:\/\/mossenhoms.netfreehost.com\/viewtopic.php?p=12482&amp;mforum=mossenhoms#12482\" target=\"_blank\" rel=\"noopener noreferrer\">\u00d2scar S\u00e0nchez <\/a><\/h3>\n<h3><img data-recalc-dims=\"1\" decoding=\"async\" src=\"https:\/\/i0.wp.com\/1.bp.blogspot.com\/-dU0Ew8IP43A\/WRxwhVnU8YI\/AAAAAAAAHEU\/OzKK3xs6ib4t4AyU41hVoJlXfEIuJWjUgCLcB\/s800\/Mossenaires_13Maig2017-076.jpg?ssl=1\" border=\"0\" \/><br \/>\nJavier Colado<\/h3>\n<h3><img data-recalc-dims=\"1\" decoding=\"async\" src=\"https:\/\/i0.wp.com\/4.bp.blogspot.com\/-SNBNqrsL364\/WRxwhp6GY1I\/AAAAAAAAHEY\/eB3mzkhBPLMDLgs-5ltUkZKWuXZyiwY9wCLcB\/s800\/Mossenaires_13Maig2017-077.jpg?ssl=1\" border=\"0\" \/><br \/>\nEn Miquel, molt agradable d&#8217;escoltar.<\/h3>\n<h3><img data-recalc-dims=\"1\" decoding=\"async\" src=\"https:\/\/i0.wp.com\/4.bp.blogspot.com\/-58kFpnTuuTY\/WRxwh3gVY0I\/AAAAAAAAHEc\/9JhE_Jr49S8Q8ODx7aWFzPrzMIL7uwIKwCLcB\/s800\/Mossenaires_13Maig2017-078.jpg?ssl=1\" border=\"0\" \/><br \/>\nCamp base amb:<br \/>\n<a class=\"postlink\" href=\"http:\/\/mossenhoms.netfreehost.com\/viewtopic.php?p=13938&amp;mforum=mossenhoms#13938\" target=\"_blank\" rel=\"noopener noreferrer\">Antonio Aguilar <\/a>, Rafael i <a class=\"postlink\" href=\"http:\/\/mossenhoms.netfreehost.com\/viewtopic.php?p=13857&amp;mforum=mossenhoms#13857\" target=\"_blank\" rel=\"noopener noreferrer\">Juan Miguel Romero <\/a><\/h3>\n<h3><img data-recalc-dims=\"1\" decoding=\"async\" src=\"https:\/\/i0.wp.com\/1.bp.blogspot.com\/-ul-Mr0e3oDg\/WRxwiOHUi_I\/AAAAAAAAHEg\/TDULb2MI4wo3jYLZUB0k2sLHiYhLXjv-wCLcB\/s800\/Mossenaires_13Maig2017-079.jpg?ssl=1\" border=\"0\" \/><br \/>\nAngel refrescant-se a la &#8220;Font Mossenaire&#8221;<\/h3>\n<h3><img data-recalc-dims=\"1\" decoding=\"async\" src=\"https:\/\/i0.wp.com\/1.bp.blogspot.com\/-4rRl8sPfGJ4\/WRxwiZaNpXI\/AAAAAAAAHEk\/g7NRwelLtQ4tLqtgQUgaKZhNiQy4eUNFQCLcB\/s800\/Mossenaires_13Maig2017-080.jpg?ssl=1\" border=\"0\" \/><\/h3>\n<h3><img data-recalc-dims=\"1\" decoding=\"async\" src=\"https:\/\/i0.wp.com\/1.bp.blogspot.com\/-d9n7aoGhhUM\/WRxwivQlGnI\/AAAAAAAAHEo\/ka96PJeR6CoSqd0ArMa7V7Cap5dN9Qj6ACLcB\/s800\/Mossenaires_13Maig2017-081.jpg?ssl=1\" border=\"0\" \/><br \/>\nI al camp base<\/h3>\n<h3><img data-recalc-dims=\"1\" decoding=\"async\" src=\"https:\/\/i0.wp.com\/3.bp.blogspot.com\/-LUIgTJozdhE\/WRxwj-lXfyI\/AAAAAAAAHE0\/eu2mxEuZuNUZlOI7stkjTtpvOWpa_EeAACLcB\/s800\/Mossenaires_13Maig2017-084.jpg?ssl=1\" border=\"0\" \/><br \/>\nEl quatre amics<br \/>\nMiquel, Angel, Rafael, Juan Miguel<\/h3>\n<h3><img data-recalc-dims=\"1\" decoding=\"async\" src=\"https:\/\/i0.wp.com\/4.bp.blogspot.com\/-qTWKn6hfUBM\/WRxwj1El5GI\/AAAAAAAAHE4\/ieOxAfTbdtw1oB5Sbuislcwe9Vcl_jKtgCLcB\/s800\/Mossenaires_13Maig2017-085.jpg?ssl=1\" border=\"0\" \/><\/h3>\n<h3><a class=\"postlink\" href=\"https:\/\/goo.gl\/1fmWge\" target=\"_blank\" rel=\"noopener noreferrer\"><img data-recalc-dims=\"1\" decoding=\"async\" src=\"https:\/\/i0.wp.com\/1.bp.blogspot.com\/-9GoDpcJBwMk\/WRyQ8EUps2I\/AAAAAAAAHFQ\/ernRCpZqKWkLZ3PsAtxJJ-Z5jI_TZnxoACLcB\/s800\/Mossenaires_13Maig2017-087.jpg?ssl=1\" border=\"0\" \/><\/a><br \/>\nvols veure el circuit? <a href=\"https:\/\/goo.gl\/1fmWge\" target=\"_blank\" rel=\"noopener noreferrer\">https:\/\/goo.gl\/1fmWge<\/a><\/h3>\n<h3><\/h3>\n<h3>l&#8217;\u00c0ngel va venir animat tant pels seus amics, com pel seu fill i ens deia que era l&#8217;\u00fanic dia de la setmana que corria. De mica en mica hem vist que la seva millora atl\u00e8tica ha estat progressivament i en franca millora, i si abans el v\u00e8iem acabar caminant, ara el veureu sempre feli\u00e7 i rialler. Moltes gr\u00e0cies \u00c0ngel per fer gran el projecte, i per molts anys puguem compartir molts m\u00e9s entrenaments. Enhorabona!!<\/h3>\n<h3><img data-recalc-dims=\"1\" decoding=\"async\" src=\"https:\/\/i0.wp.com\/4.bp.blogspot.com\/-npib_3Qjmi8\/WRxwj6cU6cI\/AAAAAAAAHEw\/ktxZ6ItxJUYEfpoDFLfF63m5A_ivGaI-QCLcB\/s800\/Mossenaires_13Maig2017-083.jpg?ssl=1\" border=\"0\" \/><\/h3>\n<h3><img data-recalc-dims=\"1\" decoding=\"async\" src=\"https:\/\/i0.wp.com\/3.bp.blogspot.com\/-x6mxUTTke_E\/WRxwi-ax7oI\/AAAAAAAAHEs\/ffG4WTDSDrAT7UGW7BTlxbfAcmU79UuggCLcB\/s800\/Mossenaires_13Maig2017-082.jpg?ssl=1\" border=\"0\" \/><\/h3>\n<h3><span style=\"color: #0000ff\">Soy \u00c1ngel Le\u00f3n Mossenaire de Honor, de esta semana quiero agradecer por permitirme formar parte de este gran grupo de personas; tambi\u00e9n quiero agradecer a Pep Moliner por estar cada s\u00e1bado alas 08:00 y hacernos conocer distintos caminos y senderos gracias al deporte; de llevar al grupo anim\u00e1ndonos para llegar siempre a la meta con sonrisas y alegr\u00edas.<\/span><\/h3>\n<h3><span style=\"color: #0000ff\">No soy corredor de \u00e9lite, pero me gusta pasar tiempo con todos ya que son como una gran familia, empec\u00e9 con caminatas leves de la mano de Juan Romero y Migue Panadell, por las calles de Terrassa y senderos hacia Sabadell, fue cuando conocimos al grupo y empezamos a integrarnos a ellos, no soy de los primeros pero con cada salida y cada intento cada fin de semana mas fuerte lo estoy consiguiendo, me siento feliz y contento de pertenecer a esta gran colla, en la que la diversi\u00f3n es reina.<\/span><\/h3>\n<h3><span style=\"color: #0000ff\">Muy recomendable un equipo llenos de alegr\u00edas, salud y vida sana.<\/span><\/h3>\n<h3><span style=\"color: #0000ff\">Mossenaire de Honor \u00c1ngel Le\u00f3n<\/span><\/h3>\n<h3><\/h3>\n<table style=\"padding-left: 30px\" cellspacing=\"0\" align=\"left\">\n<tbody style=\"padding-left: 30px\">\n<tr style=\"text-align: justify;padding-left: 30px\">\n<td style=\"padding-left: 30px\">\n<h3><span style=\"color: #993300\"><strong><a style=\"color: #993300\" href=\"http:\/\/www.egargrafic.com\/\" target=\"_blank\" rel=\"noopener noreferrer\"><img data-recalc-dims=\"1\" decoding=\"async\" src=\"https:\/\/i0.wp.com\/www.josepmoliner.com\/egargrafic2.gif\" alt=\"\" \/><\/a><\/strong><\/span><\/h3>\n<\/td>\n<td style=\"padding-left: 30px\">\n<h3><span style=\"color: #993300\"><strong><img data-recalc-dims=\"1\" decoding=\"async\" class=\"decoded\" src=\"https:\/\/i0.wp.com\/josepmoliner.com\/centreMedicAvinguda.gif\" alt=\"http:\/\/josepmoliner.com\/centreMedicAvinguda.gif\" \/><\/strong><\/span><\/h3>\n<\/td>\n<\/tr>\n<tr style=\"text-align: justify;padding-left: 30px\">\n<td style=\"padding-left: 30px\">\n<h3><span style=\"color: #993300\"><strong><a style=\"color: #993300\" href=\"http:\/\/www.grevolsalut.com\/\" target=\"_blank\" rel=\"noopener noreferrer\"><img data-recalc-dims=\"1\" decoding=\"async\" src=\"https:\/\/i0.wp.com\/www.elroure.net\/grevol\/grevol_salut.gif\" alt=\"\" \/><\/a><\/strong><\/span><\/h3>\n<\/td>\n<td style=\"padding-left: 30px\">\n<h3><span style=\"color: #993300\"><a class=\"postlink\" style=\"color: #993300\" href=\"http:\/\/www.urgenciasdentalfort.com\/\" target=\"_blank\" rel=\"noopener noreferrer\"><img data-recalc-dims=\"1\" decoding=\"async\" src=\"https:\/\/i0.wp.com\/www.mossenhoms.be\/DentalFort2.gif\" border=\"0\" \/><\/a><\/span><\/h3>\n<\/td>\n<\/tr>\n<tr style=\"text-align: justify;padding-left: 30px\">\n<td style=\"padding-left: 30px\">\n<h3><span style=\"color: #993300\"><strong><a style=\"color: #993300\" href=\"http:\/\/www.esportsavinguda.tk\/\" target=\"_blank\" rel=\"noopener noreferrer\"><img data-recalc-dims=\"1\" decoding=\"async\" src=\"https:\/\/i0.wp.com\/josepmoliner.com\/esportsavinguda2.gif\" alt=\"\" \/><\/a><\/strong><\/span><\/h3>\n<\/td>\n<td style=\"padding-left: 30px\">\n<h3><span style=\"color: #993300\"><strong><a style=\"color: #993300\" href=\"http:\/\/www.elroure.net\/\" target=\"_blank\" rel=\"noopener noreferrer\"><img data-recalc-dims=\"1\" decoding=\"async\" src=\"https:\/\/i0.wp.com\/elroure.net\/rourenet.gif\" alt=\"\" \/><\/a><\/strong><\/span><\/h3>\n<\/td>\n<\/tr>\n<tr style=\"text-align: justify;padding-left: 30px\">\n<td style=\"padding-left: 30px\">\n<h3><span style=\"color: #993300\"><strong><a style=\"color: #993300\" href=\"http:\/\/www.eledevall.com\/\" target=\"_blank\" rel=\"noopener noreferrer\"><img data-recalc-dims=\"1\" decoding=\"async\" src=\"https:\/\/i0.wp.com\/josepmoliner.com\/eledevall.gif\" alt=\"\" \/><\/a><\/strong><\/span><\/h3>\n<\/td>\n<td style=\"padding-left: 30px\">\n<h3><span style=\"color: #993300\"><strong><a style=\"color: #993300\" href=\"http:\/\/civeracampoy.com\/index.php\/es\/\" target=\"_blank\" rel=\"noopener noreferrer\"><img data-recalc-dims=\"1\" decoding=\"async\" src=\"https:\/\/i0.wp.com\/josepmoliner.com\/Civera%26Campoy.gif\" alt=\"\" \/><\/a><\/strong><\/span><\/h3>\n<\/td>\n<\/tr>\n<tr style=\"text-align: justify;padding-left: 30px\">\n<td style=\"padding-left: 30px\">\n<table style=\"padding-left: 30px\" cellspacing=\"0\" align=\"left\">\n<tbody style=\"padding-left: 30px\">\n<tr style=\"text-align: justify;padding-left: 30px\">\n<td style=\"padding-left: 30px\">\n<h3><span style=\"color: #993300\">\u00a0<\/span><\/h3>\n<\/td>\n<\/tr>\n<tr style=\"text-align: justify;padding-left: 30px\">\n<td style=\"padding-left: 30px\">\n<h3><span style=\"color: #993300\"><strong><a style=\"color: #993300\" href=\"mailto:banner@mossenhoms.be\">vols el teu banner?<\/a><\/strong><\/span><\/h3>\n<\/td>\n<\/tr>\n<\/tbody>\n<\/table>\n<\/td>\n<\/tr>\n<\/tbody>\n<\/table>\n","protected":false},"excerpt":{"rendered":"<p>Tristos ens hem posat tots avui poc despr\u00e9s d&#8217;anar plegats, quan hem passat pel pont que passa per sobre de la via del tren de Rodalies i veiem com un xicot tenia clares intencions de posar fi a la seva vida i tota la colla ha fet costat per rescatar-lo d&#8217;aquesta decisi\u00f3, en primer lloc [&hellip;]<\/p>\n","protected":false},"author":171,"featured_media":0,"comment_status":"open","ping_status":"open","sticky":false,"template":"","format":"standard","meta":{"jetpack_post_was_ever_published":false,"_jetpack_newsletter_access":"","_jetpack_dont_email_post_to_subs":false,"_jetpack_newsletter_tier_id":0,"_jetpack_memberships_contains_paywalled_content":false,"_jetpack_memberships_contains_paid_content":false,"footnotes":"","jetpack_publicize_message":"","jetpack_publicize_feature_enabled":true,"jetpack_social_post_already_shared":false,"jetpack_social_options":{"image_generator_settings":{"template":"highway","default_image_id":0,"font":"","enabled":false},"version":2}},"categories":[2697,1644,25130,5580,1,4554,25102,25094,25089,73],"tags":[2697,4656,25105,25130,25112,25126,25106,25094,25091,73,25097,622],"class_list":["post-4482","post","type-post","status-publish","format-standard","hentry","category-amistat","category-correr","category-correrxerrar","category-entrenaments","category-general","category-mossenaires","category-mossenhoms-be","category-pep-moliner","category-senderisme","category-terrassa","tag-amistat","tag-atletisme","tag-correr","tag-correrxerrar","tag-entrenament-en-grup","tag-entrenaments-torre-mossen-homs","tag-mossenaires","tag-pep-moliner","tag-running","tag-terrassa","tag-torre-mossen-homs","tag-xerrar"],"jetpack_publicize_connections":[],"jetpack_featured_media_url":"","jetpack_sharing_enabled":true,"jetpack_shortlink":"https:\/\/wp.me\/pagkiK-1ai","jetpack-related-posts":[{"id":4742,"url":"https:\/\/blogs.avui.cat\/pepmoliner\/2018\/07\/19\/mossenaires-va-a-la-font-dels-platans\/","url_meta":{"origin":4482,"position":0},"title":"Mossenaires va a la Font dels Pl\u00e0tans","author":"Pep Moliner","date":"19 de juliol de 2018","format":false,"excerpt":"Font de Pl\u00e0tans hi tornem a veure un lloc fresc i remullat per aigua en quantitat, baixant per un lloc diferent de l'altra vegada i recordant racons fant\u00e0stics i hem pujat pel torrent de Gotelles, que ja esdev\u00e9 un circuit d'estiu \"Mossenaire\". El circuit de gaireb\u00e9 nou quil\u00f2metres i avui\u2026","rel":"","context":"A &quot;Amistat&quot;","block_context":{"text":"Amistat","link":"https:\/\/blogs.avui.cat\/pepmoliner\/category\/amistat\/"},"img":{"alt_text":"","src":"","width":0,"height":0},"classes":[]},{"id":4431,"url":"https:\/\/blogs.avui.cat\/pepmoliner\/2017\/03\/08\/entrenament-mossenaire-un-mes\/","url_meta":{"origin":4482,"position":1},"title":"\u201cEntrenament Mossenaire: un mes\u201d","author":"Pep Moliner","date":"8 de mar\u00e7 de 2017","format":false,"excerpt":"Sabem que la pluja espanta for\u00e7a #mossenaires i a primera hora no sabem \u00a0si l'entrenament ser\u00e0 xop o eixut. Ha estat eixut i fant\u00e0stic o almenys aix\u00ed \u00a0ens ho sembla. Hem baixat per llocs com el cam\u00ed asfaltat de Can Bon Vilar \u00a0que duu a llocs com l'Hotel Milton, l'H\u00edpica\u2026","rel":"","context":"A &quot;Amistat&quot;","block_context":{"text":"Amistat","link":"https:\/\/blogs.avui.cat\/pepmoliner\/category\/amistat\/"},"img":{"alt_text":"","src":"","width":0,"height":0},"classes":[]},{"id":4698,"url":"https:\/\/blogs.avui.cat\/pepmoliner\/2018\/05\/02\/torre-mossen-homs-a-castellarnau-amb-mossenaires\/","url_meta":{"origin":4482,"position":2},"title":"Torre Moss\u00e8n Homs a Castellarnau amb Mossenaires","author":"Pep Moliner","date":"2 de maig de 2018","format":false,"excerpt":"Els circuits que molts d'ells hem fet un grapat de vegades, ens adonem que formen part del nostre ADN Mossenaire. Hi anem una vegada i una altra i, el que realment ens agrada \u00e9s, compartir-lo al vostre costat. Si veieu les fotografies, uns elements que mirem que repeteixin, com l'estimada\u2026","rel":"","context":"A &quot;Amistat&quot;","block_context":{"text":"Amistat","link":"https:\/\/blogs.avui.cat\/pepmoliner\/category\/amistat\/"},"img":{"alt_text":"","src":"","width":0,"height":0},"classes":[]},{"id":4556,"url":"https:\/\/blogs.avui.cat\/pepmoliner\/2017\/08\/09\/mossenaires-no-fa-vacances\/","url_meta":{"origin":4482,"position":3},"title":"Mossenaires no fa vacances","author":"Pep Moliner","date":"9 d'agost de 2017","format":false,"excerpt":"Un dissabte com tants, on farem un bon entrenament i ser\u00e0 gr\u00e0cies a que no fem vacances. \u00c9s gr\u00e0cies a tothom i avui el que ha fet la tria del circuit han estat en Joan, Carlos i l\u2019Eva, que els hi hem demanat que portessin el grup directament i per\u2026","rel":"","context":"A &quot;Amistat&quot;","block_context":{"text":"Amistat","link":"https:\/\/blogs.avui.cat\/pepmoliner\/category\/amistat\/"},"img":{"alt_text":"","src":"","width":0,"height":0},"classes":[]},{"id":4724,"url":"https:\/\/blogs.avui.cat\/pepmoliner\/2018\/06\/20\/ribatallada-amb-mossenaires\/","url_meta":{"origin":4482,"position":4},"title":"Ribatallada amb Mossenaires","author":"Pep Moliner","date":"20 de juny de 2018","format":false,"excerpt":"Ens ha costat, despr\u00e9s d'una primavera tan plujosa, triar aquest circuit estiuenc \"Mossenaire\" i que sempre dona frescor i sensaci\u00f3 d'estar en un lloc m\u00e9s remot que no pas el dels vallesos. I \u00e9s que no ens cansarem de dir, que tenim una gran sort de tenir racons com aquests\u2026","rel":"","context":"A &quot;Amistat&quot;","block_context":{"text":"Amistat","link":"https:\/\/blogs.avui.cat\/pepmoliner\/category\/amistat\/"},"img":{"alt_text":"","src":"","width":0,"height":0},"classes":[]},{"id":4707,"url":"https:\/\/blogs.avui.cat\/pepmoliner\/2018\/05\/09\/torre-mossen-homs-a-castellarnau-amb-mossenaires-2\/","url_meta":{"origin":4482,"position":5},"title":"A la font de la Tartana amb Mossenaires","author":"Pep Moliner","date":"9 de maig de 2018","format":false,"excerpt":"La font de la Tartana ha estat el dest\u00ed de la colla i el grup ha anat guiat per amigues i amics i en especial en Joan Forte, que quan cal sempre vetlla perqu\u00e8 tot vagi b\u00e9, amb la col\u00b7laboraci\u00f3 de vosaltres, que feu gran el projecte. Anar a un\u2026","rel":"","context":"A &quot;Amistat&quot;","block_context":{"text":"Amistat","link":"https:\/\/blogs.avui.cat\/pepmoliner\/category\/amistat\/"},"img":{"alt_text":"","src":"","width":0,"height":0},"classes":[]}],"_links":{"self":[{"href":"https:\/\/blogs.avui.cat\/pepmoliner\/wp-json\/wp\/v2\/posts\/4482","targetHints":{"allow":["GET"]}}],"collection":[{"href":"https:\/\/blogs.avui.cat\/pepmoliner\/wp-json\/wp\/v2\/posts"}],"about":[{"href":"https:\/\/blogs.avui.cat\/pepmoliner\/wp-json\/wp\/v2\/types\/post"}],"author":[{"embeddable":true,"href":"https:\/\/blogs.avui.cat\/pepmoliner\/wp-json\/wp\/v2\/users\/171"}],"replies":[{"embeddable":true,"href":"https:\/\/blogs.avui.cat\/pepmoliner\/wp-json\/wp\/v2\/comments?post=4482"}],"version-history":[{"count":3,"href":"https:\/\/blogs.avui.cat\/pepmoliner\/wp-json\/wp\/v2\/posts\/4482\/revisions"}],"predecessor-version":[{"id":4485,"href":"https:\/\/blogs.avui.cat\/pepmoliner\/wp-json\/wp\/v2\/posts\/4482\/revisions\/4485"}],"wp:attachment":[{"href":"https:\/\/blogs.avui.cat\/pepmoliner\/wp-json\/wp\/v2\/media?parent=4482"}],"wp:term":[{"taxonomy":"category","embeddable":true,"href":"https:\/\/blogs.avui.cat\/pepmoliner\/wp-json\/wp\/v2\/categories?post=4482"},{"taxonomy":"post_tag","embeddable":true,"href":"https:\/\/blogs.avui.cat\/pepmoliner\/wp-json\/wp\/v2\/tags?post=4482"}],"curies":[{"name":"wp","href":"https:\/\/api.w.org\/{rel}","templated":true}]}}