{"id":4393,"date":"2017-01-19T05:32:43","date_gmt":"2017-01-19T04:32:43","guid":{"rendered":"http:\/\/blogs.avui.cat\/pepmoliner\/?p=4393"},"modified":"2017-01-19T05:32:49","modified_gmt":"2017-01-19T04:32:49","slug":"va-de-quims","status":"publish","type":"post","link":"https:\/\/blogs.avui.cat\/pepmoliner\/2017\/01\/19\/va-de-quims\/","title":{"rendered":"Va de Quims"},"content":{"rendered":"<h3 style=\"padding-left: 30px\"><span class=\"postbody\">Eren gaireb\u00e9 les 08:00 i Mossenaires amagadets i amagadetes dins dels vehicles, per no notar tant la fresqueta que aquest dissabte ens feia companyia. Per\u00f2 a l&#8217;hora en punt: tothom a punt.<\/span><\/h3>\n<h3 style=\"padding-left: 30px\">Avui baixem pel torrent de la gr\u00edpia i fem un tomb per aquests camins tan bonics i amb algun progressiu per animar l&#8217;ambient i fer perdre el fred.<\/h3>\n<h3 style=\"padding-left: 30px\">Agrair, sempre, a tothom que veniu i ens seguiu i que dins dels entrenaments, a m\u00e9s, si us veieu en for\u00e7a, aneu amunt i avall i de passada entreu m\u00e9s en calor.<\/h3>\n<h3 style=\"padding-left: 30px\">Els dos Quims que protagonitzen aquest dissabte. En Quim Puig, nominat a Mossenaire d&#8217;Honor i en Quim Badia, portador de la bandera.<\/h3>\n<h3 style=\"padding-left: 30px\">A l&#8217;hora de la foto de fam\u00edlia llegim els aniversaris a Mossenaires d&#8217;honor d&#8217;en\u00e7\u00e0 que tenim registres, tal dia i mes com avui, i d&#8217;altres anys, i \u00e9s la Cinta Ferrer, la que avui tenim la sort de tenir al nostre costat.<\/h3>\n<h3 style=\"padding-left: 30px\">Hem seguit per un cam\u00ed prou maco i arrecerat, a voltes, dels corrents d&#8217;aire i de nou un nou dia per no oblidar i irrepetible.<\/h3>\n<h3 style=\"padding-left: 30px\">Us esperem els dissabtes vinents al nostre costat. No t&#8217;ho pensis m\u00e9s.<\/h3>\n<h3 style=\"padding-left: 30px\"><img data-recalc-dims=\"1\" decoding=\"async\" src=\"https:\/\/i0.wp.com\/4.bp.blogspot.com\/-q4t7QvUnNRs\/WH-lLY0o2AI\/AAAAAAAAFe8\/I9-onmubU8g4GeTWvO2pPqJAyVLBKhr3gCLcB\/s800\/mossenaires-001.jpg?ssl=1\" border=\"0\" \/><br \/>\nEn Quim Puig fa for\u00e7a dissabtes que el veiem enganxat al projecte<br \/>\nd&#8217;entrenaments en grup i ens fa molta il\u00b7lusi\u00f3 hagi acceptat la seva<br \/>\nnominaci\u00f3. Al final llegirem per con\u00e8ixer-lo una mica m\u00e9s. Gr\u00e0cies!!<\/h3>\n<h3 style=\"padding-left: 30px\"><img data-recalc-dims=\"1\" decoding=\"async\" src=\"https:\/\/i0.wp.com\/4.bp.blogspot.com\/-MTWd2Mcqd-Y\/WH-lLY5URgI\/AAAAAAAAFe4\/nDMZzRR1xDMC9XPQYruX7GaPN8nQzbNcwCLcB\/s800\/mossenaires-002.jpg?ssl=1\" border=\"0\" \/><br \/>\nI el portador de la nostra bandera, en <a class=\"postlink\" href=\"http:\/\/mossenhoms.netfreehost.com\/mossenhoms-post-13900.html#13900\" target=\"_blank\"> Quim Badia <\/a>. Moltes gr\u00e0cies !!!<\/h3>\n<h3 style=\"padding-left: 30px\"><img data-recalc-dims=\"1\" decoding=\"async\" src=\"https:\/\/i0.wp.com\/3.bp.blogspot.com\/-ATKeKz80GnI\/WH-lWMbgwAI\/AAAAAAAAFh0\/ePPUw9msJOci0d-czCiEbSbhpZFh13uBQCLcB\/s800\/mossenaires.jpg?ssl=1\" border=\"0\" \/><br \/>\n<a class=\"postlink\" href=\"http:\/\/mossenhoms.netfreehost.com\/mossenhoms-post-13998.html#13998\" target=\"_blank\">Francisco Escudero <\/a> i <a class=\"postlink\" href=\"http:\/\/mossenhoms.netfreehost.com\/mossenhoms-post-13763.html#13763\" target=\"_blank\"> Jos\u00e9 Salas <\/a><\/h3>\n<h3 style=\"padding-left: 30px\"><img data-recalc-dims=\"1\" decoding=\"async\" src=\"https:\/\/i0.wp.com\/3.bp.blogspot.com\/-AFi_1X_OKRQ\/WH-lLDmVgUI\/AAAAAAAAFe0\/Q-f3Zirl73AFWhHXRpjlxupDsuNVeHwNQCLcB\/s800\/mossenaires-003.jpg?ssl=1\" border=\"0\" \/><br \/>\nFeia fresqueta, i quan s&#8217;apropa l&#8217;hora, l&#8217;escalf de la gent es va fer m\u00e9s evident. Aviat comencem<\/h3>\n<h3 style=\"padding-left: 30px\"><img data-recalc-dims=\"1\" decoding=\"async\" src=\"https:\/\/i0.wp.com\/1.bp.blogspot.com\/-BnDJ88PLRXY\/WH-lMAJGknI\/AAAAAAAAFfA\/-E7lyYOFPq8KbOXZmIEzxRsXGzlzBe6-wCLcB\/s800\/mossenaires-004.jpg?ssl=1\" border=\"0\" \/><\/h3>\n<h3 style=\"padding-left: 30px\"><img data-recalc-dims=\"1\" decoding=\"async\" src=\"https:\/\/i0.wp.com\/2.bp.blogspot.com\/-FIWqIbudxcc\/WH-lMP8RtUI\/AAAAAAAAFfE\/AJrkaWuxB_YkZNTKPZBWrtF_SQWdQ7uuQCLcB\/s800\/mossenaires-005.jpg?ssl=1\" border=\"0\" \/><br \/>\n<a class=\"postlink\" href=\"http:\/\/mossenhoms.netfreehost.com\/viewtopic.php?p=13886#13886\" target=\"_blank\"> Carmelo Luque <\/a><\/h3>\n<h3 style=\"padding-left: 30px\"><img data-recalc-dims=\"1\" decoding=\"async\" src=\"https:\/\/i0.wp.com\/3.bp.blogspot.com\/-UWdJ9dkvs4k\/WH-lMNd69CI\/AAAAAAAAFfI\/JStibzRjF7UJqhRyWdJXwvUcGRQ4CRBsgCLcB\/s800\/mossenaires-006.jpg?ssl=1\" border=\"0\" \/><\/h3>\n<h3 style=\"padding-left: 30px\"><img data-recalc-dims=\"1\" decoding=\"async\" src=\"https:\/\/i0.wp.com\/1.bp.blogspot.com\/-SwLNUI_NetA\/WH-lMgxPshI\/AAAAAAAAFfM\/V7rgcp-xXuM-f4L3GWrf4_LdKBapYfHtwCLcB\/s800\/mossenaires-007.jpg?ssl=1\" border=\"0\" \/><\/h3>\n<h3 style=\"padding-left: 30px\"><img data-recalc-dims=\"1\" decoding=\"async\" src=\"https:\/\/i0.wp.com\/3.bp.blogspot.com\/-3qOrLYaPlv4\/WH-lMw1qoEI\/AAAAAAAAFfU\/BNSUg96uwl4UT1x6LLA4GShJ0S2S-gdUgCLcB\/s800\/mossenaires-008.jpg?ssl=1\" border=\"0\" \/><br \/>\n<a class=\"postlink\" href=\"http:\/\/mossenhoms.netfreehost.com\/mossenhoms-post-13546.html#13546\" target=\"_blank\"> Sebasti\u00e1n Morales <\/a> i Jos\u00e9<\/h3>\n<h3 style=\"padding-left: 30px\"><img data-recalc-dims=\"1\" decoding=\"async\" src=\"https:\/\/i0.wp.com\/4.bp.blogspot.com\/-ZdiDmCWQNvU\/WH-lM9oJitI\/AAAAAAAAFfQ\/fpGTziNtQH8r-Dqrnyf66MZYctTz-g8lQCLcB\/s800\/mossenaires-009.jpg?ssl=1\" border=\"0\" \/><\/h3>\n<h3 style=\"padding-left: 30px\"><img data-recalc-dims=\"1\" decoding=\"async\" src=\"https:\/\/i0.wp.com\/2.bp.blogspot.com\/-DcK63GVa9aQ\/WH-lNMoOWlI\/AAAAAAAAFfY\/QxD99XN3-pYUHxNxtYNXBwT8-RFfOG9rgCLcB\/s800\/mossenaires-010.jpg?ssl=1\" border=\"0\" \/><\/h3>\n<h3 style=\"padding-left: 30px\">I baixem cap el torrent de la Gr\u00edpia<\/h3>\n<h3 style=\"padding-left: 30px\"><img data-recalc-dims=\"1\" decoding=\"async\" src=\"https:\/\/i0.wp.com\/4.bp.blogspot.com\/-HP2Oek-6rkA\/WH-lNR87PrI\/AAAAAAAAFfc\/SpxHGP1Q-bAi2xZQqTCYyCk3RV9oZdfFwCLcB\/s800\/mossenaires-011.jpg?ssl=1\" border=\"0\" \/><br \/>\nQuality moment!!!, els mossenaires amunt i avall<\/h3>\n<h3 style=\"padding-left: 30px\"><img data-recalc-dims=\"1\" decoding=\"async\" src=\"https:\/\/i0.wp.com\/3.bp.blogspot.com\/-0zsUk_8xPK0\/WH-lNmx2VyI\/AAAAAAAAFfg\/-T8HtnBCvPYsPTucshz8SWV7FeS3wYPBwCLcB\/s800\/mossenaires-012.jpg?ssl=1\" border=\"0\" \/><\/h3>\n<h3 style=\"padding-left: 30px\"><a class=\"postlink\" href=\"http:\/\/mossenhoms.netfreehost.com\/mossenhoms-post-13714.html#13714\" target=\"_blank\">Merc\u00e8 Nieto <\/a>,<\/h3>\n<h3 style=\"padding-left: 30px\"><img data-recalc-dims=\"1\" decoding=\"async\" src=\"https:\/\/i0.wp.com\/1.bp.blogspot.com\/-LXMo0dNsdrk\/WH-lNhHc5qI\/AAAAAAAAFfk\/GoIdIggWC_sNDMCq2c_Utup_AtYh-v6qQCLcB\/s800\/mossenaires-013.jpg?ssl=1\" border=\"0\" \/><br \/>\nUn progressiu i en <a class=\"postlink\" href=\"http:\/\/mossenhoms.netfreehost.com\/mossenhoms-post-13900.html#13900\" target=\"_blank\"> Quim Badia <\/a> amb la Bandera<\/h3>\n<h3 style=\"padding-left: 30px\"><img data-recalc-dims=\"1\" decoding=\"async\" src=\"https:\/\/i0.wp.com\/1.bp.blogspot.com\/-urSxKJPCqTs\/WH-lOFEMLwI\/AAAAAAAAFfo\/GlmaUoA_KBYl2qX5-3I3EXcuiS-2ckU6wCLcB\/s800\/mossenaires-014.jpg?ssl=1\" border=\"0\" \/><br \/>\n<a class=\"postlink\" href=\"http:\/\/mossenhoms.netfreehost.com\/mossenhoms-post-13570.html#13570\" target=\"_blank\"> Meritxell Casta\u00f1\u00e9 <\/a><\/h3>\n<h3 style=\"padding-left: 30px\"><img data-recalc-dims=\"1\" decoding=\"async\" src=\"https:\/\/i0.wp.com\/2.bp.blogspot.com\/-6hwSHTrrhO8\/WH-lOfcZ3ZI\/AAAAAAAAFfs\/ADGhK7I65o4YaUiIBG6ueK1k2Bai1bMXgCLcB\/s800\/mossenaires-015.jpg?ssl=1\" border=\"0\" \/><br \/>\nJa ve la cua i els que l&#8217;han anat a buscar. Gr\u00e0cies Mossenaires!!!<\/h3>\n<h3 style=\"padding-left: 30px\"><img data-recalc-dims=\"1\" decoding=\"async\" src=\"https:\/\/i0.wp.com\/3.bp.blogspot.com\/-h6uNtfDfSHw\/WH-lOulGQTI\/AAAAAAAAFfw\/aqOuIDkcNT4FqiGrMKdnrfyMZIsqDn_GQCLcB\/s800\/mossenaires-016.jpg?ssl=1\" border=\"0\" \/><\/h3>\n<h3 style=\"padding-left: 30px\"><a class=\"postlink\" href=\"http:\/\/mossenhoms.netfreehost.com\/mossenhoms-post-8284.html#8284\" target=\"_blank\"> Marc Roura <\/a> : qui diu que fa fred?<\/h3>\n<h3 style=\"padding-left: 30px\"><img data-recalc-dims=\"1\" decoding=\"async\" src=\"https:\/\/i0.wp.com\/2.bp.blogspot.com\/-4hLiocv-4mw\/WH-lOw1EsAI\/AAAAAAAAFf0\/Il2wmHph0V8q34iSRuIcovJVWnC0A4xIgCLcB\/s800\/mossenaires-017.jpg?ssl=1\" border=\"0\" \/><br \/>\nMossenaires amunt i avall. Aix\u00f2, aix\u00f2: aix\u00f2 \u00e9s mossenaires<\/h3>\n<h3 style=\"padding-left: 30px\"><img data-recalc-dims=\"1\" decoding=\"async\" src=\"https:\/\/i0.wp.com\/4.bp.blogspot.com\/-2EsXdNAl_sQ\/WH-lO98sckI\/AAAAAAAAFf4\/LEyBB-DVhI0CFzLDW17Awh-6qtsh3pdYwCLcB\/s800\/mossenaires-018.jpg?ssl=1\" border=\"0\" \/><br \/>\nSebasti\u00e1n Morales i Oriol Moliner<\/h3>\n<h3 style=\"padding-left: 30px\"><img data-recalc-dims=\"1\" decoding=\"async\" src=\"https:\/\/i0.wp.com\/4.bp.blogspot.com\/-v2EPghv4dRA\/WH-lPCAFLUI\/AAAAAAAAFf8\/B88FaqryRRsUEm1n-WD3jPfOS1OqMpjRgCLcB\/s800\/mossenaires-019.jpg?ssl=1\" border=\"0\" \/><br \/>\n<a class=\"postlink\" href=\"http:\/\/mossenhoms.netfreehost.com\/viewtopic.php?p=13776#13776\" target=\"_blank\"> C\u00e9sar <\/a>, <a class=\"postlink\" href=\"http:\/\/mossenhoms.netfreehost.com\/viewtopic.php?p=14015#14015\" target=\"_blank\">Llu\u00eds <\/a>, V\u00edctor<\/h3>\n<h3 style=\"padding-left: 30px\"><img data-recalc-dims=\"1\" decoding=\"async\" src=\"https:\/\/i0.wp.com\/2.bp.blogspot.com\/-xTR_CZTVX6g\/WH-lPcJrHRI\/AAAAAAAAFgA\/UmwPjHUVu9A0HlKM-AR_JOB4eXdSYRD9QCLcB\/s800\/mossenaires-020.jpg?ssl=1\" border=\"0\" \/><br \/>\n<a class=\"postlink\" href=\"http:\/\/mossenhoms.netfreehost.com\/mossenhoms-post-12920.html#12920\" target=\"_blank\">Toni Amela <\/a>, <a class=\"postlink\" href=\"http:\/\/mossenhoms.netfreehost.com\/viewtopic.php?p=13767#13767\" target=\"_blank\">Jordi Gonz\u00e1lez <\/a> i mossenaire nou<\/h3>\n<h3 style=\"padding-left: 30px\"><img data-recalc-dims=\"1\" decoding=\"async\" src=\"https:\/\/i0.wp.com\/3.bp.blogspot.com\/-rLJcrCuf5ck\/WH-lPp7QlCI\/AAAAAAAAFgE\/t_ZAvTgElIYMhh5xRJFTDcMpb3aOIFP4QCLcB\/s800\/mossenaires-021.jpg?ssl=1\" border=\"0\" \/><br \/>\n<a class=\"postlink\" href=\"http:\/\/mossenhoms.netfreehost.com\/viewtopic.php?p=13726#13726\" target=\"_blank\">Cinta Ferrer <\/a>, <a class=\"postlink\" href=\"http:\/\/mossenhoms.netfreehost.com\/viewtopic.php?p=13720#13720\" target=\"_blank\"> Carme Valldeperas <\/a><\/h3>\n<h3 style=\"padding-left: 30px\"><img data-recalc-dims=\"1\" decoding=\"async\" src=\"https:\/\/i0.wp.com\/4.bp.blogspot.com\/-uqeAr9jo8h8\/WH-lP05HuhI\/AAAAAAAAFgI\/bc5Jc94Ls5MDIE4LA8yjuwLOdV4t6WlbgCLcB\/s800\/mossenaires-022.jpg?ssl=1\" border=\"0\" \/><br \/>\nA punt de ser proclamat Mossenaire d&#8217;Honor, en Quim Puig. en un reagrupament<\/h3>\n<h3 style=\"padding-left: 30px\"><img data-recalc-dims=\"1\" decoding=\"async\" src=\"https:\/\/i0.wp.com\/4.bp.blogspot.com\/-9_6sUgIwphg\/WH-lQHLFqiI\/AAAAAAAAFgM\/EYN4BuVwWVgy9tLSRZwxuADKmp3LZ5QBgCLcB\/s800\/mossenaires-023.jpg?ssl=1\" border=\"0\" \/><\/h3>\n<h3 style=\"padding-left: 30px\"><img data-recalc-dims=\"1\" decoding=\"async\" src=\"https:\/\/i0.wp.com\/2.bp.blogspot.com\/-UgnBmkuRIyA\/WH-lQFzrdQI\/AAAAAAAAFgQ\/SQMk4cVyN3sFLIC2iJQnzzsApiseO7BNACLcB\/s800\/mossenaires-024.jpg?ssl=1\" border=\"0\" \/><br \/>\nOrgulloses de ser Mossenaires<\/h3>\n<h3 style=\"padding-left: 30px\"><img data-recalc-dims=\"1\" decoding=\"async\" src=\"https:\/\/i0.wp.com\/3.bp.blogspot.com\/-QsC2P59-5a8\/WH-lQTe4h8I\/AAAAAAAAFgU\/8Q6D-5QSMT002_za1IUyolsIWcmLJGrZACLcB\/s800\/mossenaires-025.jpg?ssl=1\" border=\"0\" \/><br \/>\nEn <a class=\"postlink\" href=\"http:\/\/mossenhoms.netfreehost.com\/mossenhoms-post-13900.html#13900\" target=\"_blank\"> Quim Badia <\/a> a punt de fer els desplegament, amb l&#8217;atenta mirada d&#8217;en Marcos<\/h3>\n<h3 style=\"padding-left: 30px\"><img data-recalc-dims=\"1\" decoding=\"async\" src=\"https:\/\/i0.wp.com\/1.bp.blogspot.com\/-62r2GfrmHD4\/WH-lQd9h_EI\/AAAAAAAAFgY\/BPIMM3Dl73Uy4AORhkvOgQRaC4vFZKVGACLcB\/s800\/mossenaires-026.jpg?ssl=1\" border=\"0\" \/><br \/>\nHem anat llegint aniversaris de quan van ser Mossenaires d&#8217;Honor i avui tenim present a la <a class=\"postlink\" href=\"http:\/\/mossenhoms.netfreehost.com\/viewtopic.php?p=13726#13726\" target=\"_blank\">Cinta Ferrer <\/a>. Enhorabona !!<\/h3>\n<h3 style=\"padding-left: 30px\"><img data-recalc-dims=\"1\" decoding=\"async\" src=\"https:\/\/i0.wp.com\/3.bp.blogspot.com\/-fsZIQoDXTy4\/WH-lQzdWumI\/AAAAAAAAFgc\/Yp3y4wJOj0wMPOxUpwpTPr-FkEl1ez3XQCLcB\/s800\/mossenaires-027.jpg?ssl=1\" border=\"0\" \/><br \/>\n<a class=\"postlink\" href=\"http:\/\/mossenhoms.netfreehost.com\/viewtopic.php?p=13726#13726\" target=\"_blank\">Cinta Ferrer <\/a> aplaudida per tothom , Gr\u00e0cies Cinta !!<\/h3>\n<h3 style=\"padding-left: 30px\"><img data-recalc-dims=\"1\" decoding=\"async\" src=\"https:\/\/i0.wp.com\/4.bp.blogspot.com\/--T-EEkh0C1Y\/WH-lQ7W8E0I\/AAAAAAAAFgg\/kqRcNjeWLJ4lQswflIG_WLVM64k-dBWwQCLcB\/s800\/mossenaires-028.jpg?ssl=1\" border=\"0\" \/><br \/>\nLa bandera al rev\u00e9s: je,je,je<\/h3>\n<h3 style=\"padding-left: 30px\"><img data-recalc-dims=\"1\" decoding=\"async\" src=\"https:\/\/i0.wp.com\/2.bp.blogspot.com\/-p5DY4JDL_Xc\/WH-lRG57XmI\/AAAAAAAAFgk\/rmptlEoCZy0F_-9NMRBJ70zO8LhrgSmrwCLcB\/s800\/mossenaires-029.jpg?ssl=1\" border=\"0\" \/><\/h3>\n<h3 style=\"padding-left: 30px\">I mentre girem la bandera, proclamem al nostre flamant nou &#8220;Mossenaire d&#8217;Honor&#8221;. Enhorabona i molt\u00edssimes gr\u00e0cies Quim.<\/h3>\n<h3 style=\"padding-left: 30px\"><img data-recalc-dims=\"1\" decoding=\"async\" src=\"https:\/\/i0.wp.com\/3.bp.blogspot.com\/-l63NExyC8Kg\/WH-lR3yANeI\/AAAAAAAAFgs\/8mrEpeofn_caT0nesTGGAqsjn1pg1iCbwCLcB\/s800\/mossenaires-030.jpg?ssl=1\" border=\"0\" \/><br \/>\nLa foto de fam\u00edlia en un bell marc, que sempre ens agrada. Un dia frescot i la llum del sol que ens comen\u00e7a a escalfar, com de fer ja hem fet corrent. Gr\u00e0cies per fer possible aquest projecte d'&#8221;Entrenaments de grup&#8221; a tothom.<\/h3>\n<h3 style=\"padding-left: 30px\"><img data-recalc-dims=\"1\" decoding=\"async\" src=\"https:\/\/i0.wp.com\/2.bp.blogspot.com\/-Uiqn0Nr2JoU\/WH-lR0vhzJI\/AAAAAAAAFgo\/8NVWPLNn_ZgyCStUs9uwv8n7RJppv_6_ACLcB\/s800\/mossenaires-031.jpg?ssl=1\" border=\"0\" \/><\/h3>\n<h3 style=\"padding-left: 30px\"><img data-recalc-dims=\"1\" decoding=\"async\" src=\"https:\/\/i0.wp.com\/3.bp.blogspot.com\/-wqLaG_OygJo\/WH-lSFi9bUI\/AAAAAAAAFgw\/oheNrutyBrAO-SdQqK_YPZRDnR5DcJDwgCLcB\/s800\/mossenaires-032.jpg?ssl=1\" border=\"0\" \/><\/h3>\n<h3 style=\"padding-left: 30px\"><img data-recalc-dims=\"1\" decoding=\"async\" src=\"https:\/\/i0.wp.com\/4.bp.blogspot.com\/-3Kg2ipG4iNA\/WH-lSaa3DpI\/AAAAAAAAFg0\/0T9tmU0octcagA0Sx9NX60HmRm_bFfBGQCLcB\/s800\/mossenaires-033.jpg?ssl=1\" border=\"0\" \/><\/h3>\n<h3 style=\"padding-left: 30px\"><img data-recalc-dims=\"1\" decoding=\"async\" src=\"https:\/\/i0.wp.com\/3.bp.blogspot.com\/-SDlJv6KlMGo\/WH-lSjHHaZI\/AAAAAAAAFg4\/Vz5PttYhzbQpoW0_2eYjhzjN_EuvvcDOQCLcB\/s800\/mossenaires-034.jpg?ssl=1\" border=\"0\" \/><\/h3>\n<h3 style=\"padding-left: 30px\">I en <a class=\"postlink\" href=\"http:\/\/mossenhoms.netfreehost.com\/mossenhoms-post-13900.html#13900\" target=\"_blank\"> Quim Badia <\/a> torna a guardar per a la setmana que ve la bandera. Gr\u00e0cies Quim!!<\/h3>\n<h3 style=\"padding-left: 30px\"><img data-recalc-dims=\"1\" decoding=\"async\" src=\"https:\/\/i0.wp.com\/3.bp.blogspot.com\/-BNb60dYrGHU\/WH-lSgdAUEI\/AAAAAAAAFg8\/jTOCvZ4Vhik8jot2c3dCcr47CYmeP69BQCLcB\/s800\/mossenaires-035.jpg?ssl=1\" border=\"0\" \/><br \/>\nEn <a class=\"postlink\" href=\"http:\/\/mossenhoms.netfreehost.com\/viewtopic.php?p=13776#13776\" target=\"_blank\"> C\u00e9sar Espindola <\/a> ha fet en posicions capdavanteres, tots el progressius i no ha parat d&#8217;anar a la cua a fer costat a qui ve m\u00e9s a poc a poc. Gr\u00e0cies!!!<\/h3>\n<h3 style=\"padding-left: 30px\"><img data-recalc-dims=\"1\" decoding=\"async\" src=\"https:\/\/i0.wp.com\/4.bp.blogspot.com\/-UEu8nq9lFsY\/WH-lSj0iCaI\/AAAAAAAAFhA\/Iucv1E_ycj4G069Dnar4ycBjG2YLVQ7_gCLcB\/s800\/mossenaires-036.jpg?ssl=1\" border=\"0\" \/><br \/>\nDos bons amics, en <a class=\"postlink\" href=\"http:\/\/mossenhoms.netfreehost.com\/viewtopic.php?p=13934#13934\" target=\"_blank\">Jordi G\u00e1mez <\/a> i en <a class=\"postlink\" href=\"http:\/\/mossenhoms.netfreehost.com\/mossenhoms-post-12921.html#12921\" target=\"_blank\">Toni Burgos <\/a><\/h3>\n<h3 style=\"padding-left: 30px\"><img data-recalc-dims=\"1\" decoding=\"async\" src=\"https:\/\/i0.wp.com\/4.bp.blogspot.com\/-NzYdEtgHTz0\/WH-lTHGmG3I\/AAAAAAAAFhE\/1JjvgWbSBP44Oy59S9EkoybKms89IhmogCLcB\/s800\/mossenaires-037.jpg?ssl=1\" border=\"0\" \/><br \/>\nQuim i <a class=\"postlink\" href=\"http:\/\/mossenhoms.netfreehost.com\/viewtopic.php?p=12535#12535\" target=\"_blank\"> Eva <\/a>, amb els seus amics cans.<\/h3>\n<h3 style=\"padding-left: 30px\"><img data-recalc-dims=\"1\" decoding=\"async\" src=\"https:\/\/i0.wp.com\/3.bp.blogspot.com\/-5ZSa4vBX9DU\/WH-lTLHH2cI\/AAAAAAAAFhI\/mhQ9oeBdWTYBpOQ6AskT2KAcc8PW2FH5gCLcB\/s800\/mossenaires-038.jpg?ssl=1\" border=\"0\" \/><br \/>\nUn progressiu: de torre a torre<\/h3>\n<h3 style=\"padding-left: 30px\"><img data-recalc-dims=\"1\" decoding=\"async\" src=\"https:\/\/i0.wp.com\/1.bp.blogspot.com\/-MbwxcKBVAbI\/WH-lTvKvesI\/AAAAAAAAFhM\/Y5fc_3RnZPgbIDvI0UVHmSlTPJF2Nal6gCLcB\/s800\/mossenaires-039.jpg?ssl=1\" border=\"0\" \/><br \/>\n<a class=\"postlink\" href=\"http:\/\/mossenhoms.netfreehost.com\/mossenhoms-post-13210.html#13210\" target=\"_blank\">Enrique- Nilo <\/a><\/h3>\n<h3 style=\"padding-left: 30px\"><img data-recalc-dims=\"1\" decoding=\"async\" src=\"https:\/\/i0.wp.com\/2.bp.blogspot.com\/-kFE_mPOTGPM\/WH-lTmBYZ1I\/AAAAAAAAFhQ\/BrYZUOjk_GEwbH437d6mMG_qBQXEA8vngCLcB\/s800\/mossenaires-040.jpg?ssl=1\" border=\"0\" \/><\/h3>\n<h3 style=\"padding-left: 30px\"><img data-recalc-dims=\"1\" decoding=\"async\" src=\"https:\/\/i0.wp.com\/3.bp.blogspot.com\/-f9R-FIVFAWI\/WH-lT7HMaQI\/AAAAAAAAFhU\/6lzrTZD8BH4OBSsXyPHKL9f7WHRun3USQCLcB\/s800\/mossenaires-041.jpg?ssl=1\" border=\"0\" \/><\/h3>\n<h3 style=\"padding-left: 30px\"><img data-recalc-dims=\"1\" decoding=\"async\" src=\"https:\/\/i0.wp.com\/3.bp.blogspot.com\/-th4ho_XoYR8\/WH-lUUDa5HI\/AAAAAAAAFhY\/XrEovQTIM6AnROCsAD1cTAQ05gUBpm9tgCLcB\/s800\/mossenaires-042.jpg?ssl=1\" border=\"0\" \/><br \/>\n<a class=\"postlink\" href=\"http:\/\/mossenhoms.netfreehost.com\/mossenhoms-post-13754.html#13754\" target=\"_blank\"> Jose M\u00aa Mu\u00f1oz <\/a><\/h3>\n<h3 style=\"padding-left: 30px\"><img data-recalc-dims=\"1\" decoding=\"async\" src=\"https:\/\/i0.wp.com\/3.bp.blogspot.com\/-J_iBRarAOqQ\/WH-lUm-ulfI\/AAAAAAAAFhc\/PblaYwI-TkcCSnuU2abAAmMTwza3v4iagCLcB\/s800\/mossenaires-043.jpg?ssl=1\" border=\"0\" \/><br \/>\nUna mica de fang<\/h3>\n<h3 style=\"padding-left: 30px\"><img data-recalc-dims=\"1\" decoding=\"async\" src=\"https:\/\/i0.wp.com\/2.bp.blogspot.com\/-CWj8gTLRIbE\/WH-lU1OmAMI\/AAAAAAAAFhg\/_vKqDmo74uY6kpna2KF8eYqaYXqUjWGgACLcB\/s800\/mossenaires-044.jpg?ssl=1\" border=\"0\" \/><br \/>\nToni i Merc\u00e8<\/h3>\n<h3 style=\"padding-left: 30px\"><img data-recalc-dims=\"1\" decoding=\"async\" src=\"https:\/\/i0.wp.com\/4.bp.blogspot.com\/-VpoV8kGQM-g\/WH-lWHx3PBI\/AAAAAAAAFhs\/vxA27c3OF9UOCL5kEbaHvkW0bBoZdfmJACLcB\/s800\/mossenaires-048.jpg?ssl=1\" border=\"0\" \/><br \/>\nI va l&#8217;\u00faltima fotografia del dia. Gr\u00e0cies a tothom per fer-ho possible<\/h3>\n<h3 style=\"padding-left: 30px\"><\/h3>\n<h3 style=\"padding-left: 30px\"><span class=\"postbody\">Fa unes setmanes que ens coneixem, i m&#8217;agrada molt que trobis en entrenar en grup i en companyia t&#8217;agrada, com a nosaltres ens agrada c\u00f3rrer al teu costat. El teu escrit, molts ens hi sentim refectits, i<br \/>\nespero que segueixis gaudint de tot el que aquest esport i aquest raconet en el m\u00f3n ens regala. Gr\u00e0cies per tot i enhorabona i motla sort en tot.<\/span><\/h3>\n<h3 style=\"padding-left: 30px\"><img data-recalc-dims=\"1\" decoding=\"async\" src=\"https:\/\/i0.wp.com\/1.bp.blogspot.com\/-rdTXHwfCcAI\/WH-lWL3cLJI\/AAAAAAAAFhw\/v-sd_atEqf0iZNBgErErqOOcYgbDt8mGACLcB\/s800\/mossenaires-047.jpg?ssl=1\" border=\"0\" \/><\/h3>\n<h3 style=\"padding-left: 30px\"><img data-recalc-dims=\"1\" decoding=\"async\" src=\"https:\/\/i0.wp.com\/3.bp.blogspot.com\/-5lswUxmlyMw\/WH-lVLsx8_I\/AAAAAAAAFhk\/vTsGomQTICMuf4NS-MscH1K3fQJ1kBhRgCLcB\/s800\/mossenaires-045.jpg?ssl=1\" border=\"0\" \/><\/h3>\n<h3 style=\"padding-left: 30px\"><img data-recalc-dims=\"1\" decoding=\"async\" src=\"https:\/\/i0.wp.com\/2.bp.blogspot.com\/-EOmzYPsDywc\/WH-lVZv2GDI\/AAAAAAAAFho\/D4sw3s_-EUUs-jYJ5z6eU_bN-iwOk2l8gCLcB\/s1600\/mossenaires-046.jpg?ssl=1\" border=\"0\" \/><\/h3>\n<h3 style=\"padding-left: 30px\"><em><span style=\"color: #0000ff\">La veritat \u00e9s que mirant enrere fa for\u00e7a temps que em vaig enganxar a aquest esport, pels vols dels vint anys. Va ser al meu Sant Boi natal on, comen\u00e7ant a c\u00f2rrer amb els meus amics de sempre vaig comen\u00e7ar a tastar el dol\u00e7 ver\u00ed d\u00b4aquest esport: al cap de poc em veia corrent sol, cada dia una mica m\u00e9s, ara una mica m\u00e9s r\u00e0pid, ara una mica m\u00e9s lluny que ahir&#8230; Suposo que vaig descobrir que era el meu esport perqu\u00e8 s\u00b4avenia amb el meu car\u00e1cter solitari i introvertit, lluny dels esports d\u00b4equip que fins aleshores coneixia.<\/span><\/em><\/h3>\n<h3 style=\"padding-left: 30px\"><em><span style=\"color: #0000ff\">Des d&#8217;aleshores l&#8217;he vingut practicant amb m\u00e9s o menys assidu\u00eftat, com una mena d&#8217;espai propi i personal que em regalava a mi mateix.<\/span><\/em><\/h3>\n<h3 style=\"padding-left: 30px\"><em><span style=\"color: #0000ff\">Probablement \u00e9s un esport que m\u00e9s que cap altre cadasc\u00fa adapta a la seva manera, al seu cos i a les seves necessitats, que et permet descobrir i gaudir del teu entorn, i on la competitivitat la marques t\u00fa amb t\u00fa<\/span><\/em><br \/>\n<em><span style=\"color: #0000ff\"> mateix: en definitiva que reuneix tota mena de valors que l&#8217;esport ha d&#8217;oferir i que sovint oblidem.<\/span><\/em><\/h3>\n<h3 style=\"padding-left: 30px\"><em><span style=\"color: #0000ff\">Ara amb els Mossenaires he descobert a m\u00e9s el valor de la companyia i de la pr\u00e0ctica en grup d&#8217;aquest esport: gent que s&#8217;uneix perqu\u00e8 en el fons a la manera de cadasc\u00fa veu aquest esport com el veig jo. Moltes gr\u00e0cies per haver-vos trobat i espero poder posar el meu granet de sorra i formar part de la vostra dilatada historia.<\/span><\/em><\/h3>\n<h3 style=\"padding-left: 30px\"><em><span style=\"color: #0000ff\">Una abra\u00e7ada a tots.<\/span><\/em><\/h3>\n<table style=\"padding-left: 30px\" cellspacing=\"0\" align=\"left\">\n<tbody style=\"padding-left: 30px\">\n<tr style=\"text-align: justify;padding-left: 30px\">\n<td style=\"padding-left: 30px\">\n<h3><strong><span style=\"color: #993300\"><a style=\"color: #993300\" href=\"http:\/\/www.egargrafic.com\/\" target=\"_blank\"><img data-recalc-dims=\"1\" decoding=\"async\" src=\"https:\/\/i0.wp.com\/www.josepmoliner.com\/egargrafic2.gif\" alt=\"\" \/><\/a><\/span><\/strong><\/h3>\n<\/td>\n<td style=\"padding-left: 30px\">\n<h3><strong><span style=\"color: #993300\"><img data-recalc-dims=\"1\" decoding=\"async\" class=\"decoded\" src=\"https:\/\/i0.wp.com\/josepmoliner.com\/centreMedicAvinguda.gif\" alt=\"http:\/\/josepmoliner.com\/centreMedicAvinguda.gif\" \/><\/span><\/strong><\/h3>\n<\/td>\n<\/tr>\n<tr style=\"text-align: justify;padding-left: 30px\">\n<td style=\"padding-left: 30px\">\n<h3><strong><span style=\"color: #993300\"><a style=\"color: #993300\" href=\"http:\/\/www.grevolsalut.com\/\" target=\"_blank\"><img data-recalc-dims=\"1\" decoding=\"async\" src=\"https:\/\/i0.wp.com\/www.elroure.net\/grevol\/grevol_salut.gif\" alt=\"\" \/><\/a><\/span><\/strong><\/h3>\n<\/td>\n<td style=\"padding-left: 30px\">\n<h3><strong><span style=\"color: #993300\"><a style=\"color: #993300\" href=\"http:\/\/www.eledevall.com\/\" target=\"_blank\"><img data-recalc-dims=\"1\" decoding=\"async\" src=\"https:\/\/i0.wp.com\/josepmoliner.com\/eledevall.gif\" alt=\"\" \/><\/a><\/span><\/strong><\/h3>\n<\/td>\n<\/tr>\n<tr style=\"text-align: justify;padding-left: 30px\">\n<td style=\"padding-left: 30px\">\n<h3><strong><a style=\"color: #993300\" href=\"http:\/\/www.esportsavinguda.tk\/\" target=\"_blank\"><img data-recalc-dims=\"1\" decoding=\"async\" src=\"https:\/\/i0.wp.com\/josepmoliner.com\/esportsavinguda2.gif\" alt=\"\" \/><\/a><\/strong><\/h3>\n<\/td>\n<td style=\"padding-left: 30px\">\n<h3><strong><span style=\"color: #993300\"><a style=\"color: #993300\" href=\"http:\/\/www.elroure.net\/\" target=\"_blank\"><img data-recalc-dims=\"1\" decoding=\"async\" src=\"https:\/\/i0.wp.com\/elroure.net\/rourenet.gif\" alt=\"\" \/><\/a><\/span><\/strong><\/h3>\n<\/td>\n<\/tr>\n<tr style=\"text-align: justify;padding-left: 30px\">\n<td style=\"padding-left: 30px\"><\/td>\n<td style=\"padding-left: 30px\">\n<h3><strong><span style=\"color: #993300\"><a style=\"color: #993300\" href=\"http:\/\/civeracampoy.com\/index.php\/es\/\" target=\"_blank\"><img data-recalc-dims=\"1\" decoding=\"async\" src=\"https:\/\/i0.wp.com\/josepmoliner.com\/Civera%26Campoy.gif\" alt=\"\" \/><\/a><\/span><\/strong><\/h3>\n<\/td>\n<\/tr>\n<tr style=\"text-align: justify;padding-left: 30px\">\n<td style=\"padding-left: 30px\">\n<table style=\"padding-left: 30px\" cellspacing=\"0\" align=\"left\">\n<tbody style=\"padding-left: 30px\">\n<tr style=\"text-align: justify;padding-left: 30px\">\n<td style=\"padding-left: 30px\"><\/td>\n<\/tr>\n<tr style=\"text-align: justify;padding-left: 30px\">\n<td style=\"padding-left: 30px\">\n<h3><strong><span style=\"color: #993300\"><a style=\"color: #993300\" href=\"mailto:banner@mossenhoms.be\">vols el teu banner?<\/a><\/span><\/strong><\/h3>\n<\/td>\n<\/tr>\n<\/tbody>\n<\/table>\n<\/td>\n<\/tr>\n<\/tbody>\n<\/table>\n<h3 style=\"padding-left: 30px\"><\/h3>\n<p style=\"padding-left: 30px\">\n","protected":false},"excerpt":{"rendered":"<p>Eren gaireb\u00e9 les 08:00 i Mossenaires amagadets i amagadetes dins dels vehicles, per no notar tant la fresqueta que aquest dissabte ens feia companyia. Per\u00f2 a l&#8217;hora en punt: tothom a punt. Avui baixem pel torrent de la gr\u00edpia i fem un tomb per aquests camins tan bonics i amb algun progressiu per animar l&#8217;ambient [&hellip;]<\/p>\n","protected":false},"author":171,"featured_media":0,"comment_status":"open","ping_status":"open","sticky":false,"template":"","format":"standard","meta":{"jetpack_post_was_ever_published":false,"_jetpack_newsletter_access":"","_jetpack_dont_email_post_to_subs":false,"_jetpack_newsletter_tier_id":0,"_jetpack_memberships_contains_paywalled_content":false,"_jetpack_memberships_contains_paid_content":false,"footnotes":"","jetpack_publicize_message":"","jetpack_publicize_feature_enabled":true,"jetpack_social_post_already_shared":false,"jetpack_social_options":{"image_generator_settings":{"template":"highway","default_image_id":0,"font":"","enabled":false},"version":2}},"categories":[2697,1644,25130,5580,1,4554,25102,25094,73],"tags":[25130,25112,25170,1643,25111,73],"class_list":["post-4393","post","type-post","status-publish","format-standard","hentry","category-amistat","category-correr","category-correrxerrar","category-entrenaments","category-general","category-mossenaires","category-mossenhoms-be","category-pep-moliner","category-terrassa","tag-correrxerrar","tag-entrenament-en-grup","tag-joaquim-puig","tag-mossen-homs","tag-mossenaire-dhonor","tag-terrassa"],"jetpack_publicize_connections":[],"jetpack_featured_media_url":"","jetpack_sharing_enabled":true,"jetpack_shortlink":"https:\/\/wp.me\/pagkiK-18R","jetpack-related-posts":[{"id":4407,"url":"https:\/\/blogs.avui.cat\/pepmoliner\/2017\/02\/08\/bon-entrenament-a-torre-mossen-homs-oi\/","url_meta":{"origin":4393,"position":0},"title":"Bon entrenament a Torre Moss\u00e8n Homs, oi?","author":"Pep Moliner","date":"8 de febrer de 2017","format":false,"excerpt":"Quan #Mossenaires tots els dissabtes a #Terrassa s'ajunten de nou i una vegada m\u00e9s, fins que no arribem al final de l'entrenament no sabem si haurem encertat en el circuit, les aturades, els progressius, les anades a la cua i tan sols ens queda la satisfacci\u00f3 d'adonar-nos que quan arriba\u2026","rel":"","context":"A &quot;Amistat&quot;","block_context":{"text":"Amistat","link":"https:\/\/blogs.avui.cat\/pepmoliner\/category\/amistat\/"},"img":{"alt_text":"","src":"https:\/\/i0.wp.com\/blogs.avui.cat\/pepmoliner\/wp-content\/imagescaler\/936db04f9e3aa05e1011705df28fa502.gif?resize=350%2C200","width":350,"height":200},"classes":[]},{"id":4742,"url":"https:\/\/blogs.avui.cat\/pepmoliner\/2018\/07\/19\/mossenaires-va-a-la-font-dels-platans\/","url_meta":{"origin":4393,"position":1},"title":"Mossenaires va a la Font dels Pl\u00e0tans","author":"Pep Moliner","date":"19 de juliol de 2018","format":false,"excerpt":"Font de Pl\u00e0tans hi tornem a veure un lloc fresc i remullat per aigua en quantitat, baixant per un lloc diferent de l'altra vegada i recordant racons fant\u00e0stics i hem pujat pel torrent de Gotelles, que ja esdev\u00e9 un circuit d'estiu \"Mossenaire\". El circuit de gaireb\u00e9 nou quil\u00f2metres i avui\u2026","rel":"","context":"A &quot;Amistat&quot;","block_context":{"text":"Amistat","link":"https:\/\/blogs.avui.cat\/pepmoliner\/category\/amistat\/"},"img":{"alt_text":"","src":"","width":0,"height":0},"classes":[]},{"id":4575,"url":"https:\/\/blogs.avui.cat\/pepmoliner\/2017\/09\/13\/can-bonvilar-amb-mossenaires\/","url_meta":{"origin":4393,"position":2},"title":"Can Bonvilar amb Mossenaires","author":"Pep Moliner","date":"13 de setembre de 2017","format":false,"excerpt":"Ens ho hem agafat amb ganes i es nota que la temporada promet. Gent vinguda d'arreu a fer un entrenament per la zona de Can Bonvilar, Bosc de Can Deu i tot fent proves de com ha anat l'estiu. Ja es veu una millora atl\u00e8tica i una bona colla de\u2026","rel":"","context":"A &quot;Amistat&quot;","block_context":{"text":"Amistat","link":"https:\/\/blogs.avui.cat\/pepmoliner\/category\/amistat\/"},"img":{"alt_text":"","src":"","width":0,"height":0},"classes":[]},{"id":4630,"url":"https:\/\/blogs.avui.cat\/pepmoliner\/2017\/12\/27\/cap-de-setmana-de-nadal-i-mossenaires\/","url_meta":{"origin":4393,"position":3},"title":"Cap de setmana de Nadal i Mossenaires","author":"Pep Moliner","date":"27 de desembre de 2017","format":false,"excerpt":"Cap de setmana de Nadal i volem felicitar les festes a tothom i ho fem corrent i dedicant-vos aquest entrenament. Bon Nadal i bones festes. Hem anat a fer un circuit fins al gran aparcament del Bosc de Can Deu, on a m\u00e9s, hem realitzat un v\u00eddeo per deixar reflectit\u2026","rel":"","context":"A &quot;Amistat&quot;","block_context":{"text":"Amistat","link":"https:\/\/blogs.avui.cat\/pepmoliner\/category\/amistat\/"},"img":{"alt_text":"","src":"https:\/\/i0.wp.com\/blogs.avui.cat\/pepmoliner\/wp-content\/imagescaler\/936db04f9e3aa05e1011705df28fa502.gif?resize=350%2C200","width":350,"height":200},"classes":[]},{"id":4474,"url":"https:\/\/blogs.avui.cat\/pepmoliner\/2017\/05\/03\/el-globus-groc\/","url_meta":{"origin":4393,"position":4},"title":"El globus groc.","author":"Pep Moliner","date":"3 de maig de 2017","format":false,"excerpt":"Avall que fa baixada. I si, cap a Sabadell t\u00e9 aquesta tend\u00e8ncia \u00a0a baixar i tothom anem prou c\u00f2modes. Ah ! i que passa, que tot el que baixa, puja, i les pujades \u00a0enforteixen, per\u00f2 cansen. M\u00e9s d'una i m\u00e9s d'un hem bufat de valent per tornar al camp base,\u2026","rel":"","context":"A &quot;Amistat&quot;","block_context":{"text":"Amistat","link":"https:\/\/blogs.avui.cat\/pepmoliner\/category\/amistat\/"},"img":{"alt_text":"","src":"","width":0,"height":0},"classes":[]},{"id":4651,"url":"https:\/\/blogs.avui.cat\/pepmoliner\/2018\/02\/14\/mossenaires-sobrevolats-pel-dron\/","url_meta":{"origin":4393,"position":5},"title":"Mossenaires sobrevolats pel Dron","author":"Pep Moliner","date":"14 de febrer de 2018","format":false,"excerpt":"El Dron ha revolotejat tothora l'entrenament d'avui 10 de febrer i l'Albert i en Jos\u00e9 Manuel, han estat qui han fet que expectants tots plegats, per veure l'enginy voleiant per sobre dels nostres caps. Els gossos tampoc han estat aliens a aquest aspecte i anaven bordant per la remor de\u2026","rel":"","context":"A &quot;Amistat&quot;","block_context":{"text":"Amistat","link":"https:\/\/blogs.avui.cat\/pepmoliner\/category\/amistat\/"},"img":{"alt_text":"","src":"","width":0,"height":0},"classes":[]}],"_links":{"self":[{"href":"https:\/\/blogs.avui.cat\/pepmoliner\/wp-json\/wp\/v2\/posts\/4393","targetHints":{"allow":["GET"]}}],"collection":[{"href":"https:\/\/blogs.avui.cat\/pepmoliner\/wp-json\/wp\/v2\/posts"}],"about":[{"href":"https:\/\/blogs.avui.cat\/pepmoliner\/wp-json\/wp\/v2\/types\/post"}],"author":[{"embeddable":true,"href":"https:\/\/blogs.avui.cat\/pepmoliner\/wp-json\/wp\/v2\/users\/171"}],"replies":[{"embeddable":true,"href":"https:\/\/blogs.avui.cat\/pepmoliner\/wp-json\/wp\/v2\/comments?post=4393"}],"version-history":[{"count":3,"href":"https:\/\/blogs.avui.cat\/pepmoliner\/wp-json\/wp\/v2\/posts\/4393\/revisions"}],"predecessor-version":[{"id":4396,"href":"https:\/\/blogs.avui.cat\/pepmoliner\/wp-json\/wp\/v2\/posts\/4393\/revisions\/4396"}],"wp:attachment":[{"href":"https:\/\/blogs.avui.cat\/pepmoliner\/wp-json\/wp\/v2\/media?parent=4393"}],"wp:term":[{"taxonomy":"category","embeddable":true,"href":"https:\/\/blogs.avui.cat\/pepmoliner\/wp-json\/wp\/v2\/categories?post=4393"},{"taxonomy":"post_tag","embeddable":true,"href":"https:\/\/blogs.avui.cat\/pepmoliner\/wp-json\/wp\/v2\/tags?post=4393"}],"curies":[{"name":"wp","href":"https:\/\/api.w.org\/{rel}","templated":true}]}}