{"id":4380,"date":"2017-01-05T07:57:09","date_gmt":"2017-01-05T06:57:09","guid":{"rendered":"http:\/\/blogs.avui.cat\/pepmoliner\/?p=4380"},"modified":"2017-01-05T07:57:13","modified_gmt":"2017-01-05T06:57:13","slug":"i-va-lultim-entrenament-mossenaire-de-lany","status":"publish","type":"post","link":"https:\/\/blogs.avui.cat\/pepmoliner\/2017\/01\/05\/i-va-lultim-entrenament-mossenaire-de-lany\/","title":{"rendered":"\u201cI va l\u2019\u00faltim entrenament Mossenaire de l\u2019any\u201d"},"content":{"rendered":"<h3><span class=\"postbody\" style=\"color: #800000\">Tanquem amb aquest entrenament mossenaire un any on podem\u00a0 afirmar que ens ho hem passat b\u00e9. Podem dir que hem conegut gent nova. <\/span><\/h3>\n<h3><span class=\"postbody\" style=\"color: #800000\">Sabem que s&#8217;ha generat bones vibracions amb trobades infinites entre tots\u00a0 nosaltres i que el nexe que proporciona un entrenament diferent, que es fa\u00a0 possible dia a dia gr\u00e0cies a moltes i molts de vosaltres, i que sou\u00a0 imprescindibles, ja que hi doneu car\u00e0cter al projecte i el feu \u00fanic i irrepetible.<\/span><\/h3>\n<h3><span style=\"color: #800000\">Doncs tanquem aquest any escampant des d&#8217;aqu\u00ed els millors desitjos atl\u00e8tics\u00a0 i tamb\u00e9 que la vida us sigui profitosa i que no us falti la salut, el bon humor i<\/span><br \/>\n<span style=\"color: #800000\"> ser positiu entre les contrarietats que segur que sorgiran i que forma part de<\/span><br \/>\n<span style=\"color: #800000\"> la nostra exist\u00e8ncia. Almenys durant una estoneta, aqu\u00ed pretenem generar\u00a0 bones vibracions i creiem que s&#8217;ha aconseguit.<\/span><\/h3>\n<h3><span style=\"color: #800000\">Gr\u00e0cies a tothom, una vegada m\u00e9s i donem per segellat i acabat el 2016.\u00a0 Benvingut el 2017 i l&#8217;espera de superar-ho amb bona nota i al vostre costat:<\/span><br \/>\n<span style=\"color: #800000\"> segur.<\/span><\/h3>\n<p><img data-recalc-dims=\"1\" decoding=\"async\" src=\"https:\/\/i0.wp.com\/3.bp.blogspot.com\/-LEWs8HIaWfM\/WG1EuqVizHI\/AAAAAAAAFbE\/8QKvF3zzF3oV7oUDh4E-0q5aCe8cAuJUQCLcB\/s800\/20-mossenaires.jpg?ssl=1\" border=\"0\" \/><\/p>\n<p>Un dels llocs preferits Mossenaires \u00e9s la font de l&#8217;Argelaguet i avui el grup es\u00a0 fa la darrera fotografia de fam\u00edlia de l&#8217;any 2016 en aquest entranyable indret\u00a0 que tants records ens desperten, amb la gent que ha pogut venir a fer la\u00a0 darrera trobada . Gr\u00e0cies a tothom i que el 2017 us sigui profit\u00f3s<\/p>\n<p><img data-recalc-dims=\"1\" decoding=\"async\" src=\"https:\/\/i0.wp.com\/1.bp.blogspot.com\/-74KOfhlTlf4\/WG1Er9YDYQI\/AAAAAAAAFZ8\/7J63vpdSBlk6LYjLMougQZu2-62ZhiwtgCLcB\/s800\/01-mossenaires.jpg?ssl=1\" border=\"0\" \/><br \/>\nAntonio, Isabel, Sandra, Laura, Jordi, Anna, Marc<\/p>\n<p><img data-recalc-dims=\"1\" decoding=\"async\" src=\"https:\/\/i0.wp.com\/3.bp.blogspot.com\/-i5YKQDTg-QU\/WG1Er9iimBI\/AAAAAAAAFZ0\/h8oZTF7sV68Ma-LDBFE1r4Cq6Aw0VKJ4wCLcB\/s800\/03-mossenaires-002.jpg?ssl=1\" border=\"0\" \/><br \/>\nRaquel i &#8230; ara no recordem,<\/p>\n<p><img data-recalc-dims=\"1\" decoding=\"async\" src=\"https:\/\/i0.wp.com\/2.bp.blogspot.com\/-2KLuL-LzC44\/WG1EsGKr-xI\/AAAAAAAAFaA\/tyIAYgf00vgXPcrHbag-5Q2gQT3Ry7_IQCLcB\/s800\/04-mossenaires-003.jpg?ssl=1\" border=\"0\" \/><br \/>\nMontse<\/p>\n<p><img data-recalc-dims=\"1\" decoding=\"async\" src=\"https:\/\/i0.wp.com\/3.bp.blogspot.com\/-JGukn-3-9g4\/WG1Escw42tI\/AAAAAAAAFaI\/YxOYQ7vzwgk0-O5ldsBy1Et1De3aJT3MQCLcB\/s800\/05-mossenaires-004.jpg?ssl=1\" border=\"0\" \/><\/p>\n<p><img data-recalc-dims=\"1\" decoding=\"async\" src=\"https:\/\/i0.wp.com\/2.bp.blogspot.com\/-4EWfUWPPK0g\/WG1EscHXj5I\/AAAAAAAAFaE\/gStIjaHQ6IMbKWAzsdB6Sjj48yZlYZRbwCLcB\/s800\/06-mossenaires-005.jpg?ssl=1\" border=\"0\" \/><\/p>\n<p><img data-recalc-dims=\"1\" decoding=\"async\" src=\"https:\/\/i0.wp.com\/3.bp.blogspot.com\/-fANcI2BBb28\/WG1EspEg6OI\/AAAAAAAAFaM\/Dw2FGhtL_fUTxN0YV3hY3XF1hDLNx2gGACLcB\/s800\/07-mossenaires-006.jpg?ssl=1\" border=\"0\" \/><\/p>\n<p><img data-recalc-dims=\"1\" decoding=\"async\" src=\"https:\/\/i0.wp.com\/1.bp.blogspot.com\/-H33b5dsCxFU\/WG1EstjPgAI\/AAAAAAAAFaQ\/O0BNgWziRiIUqBnHSKOGfWXFs6n3dOpuQCLcB\/s800\/08-mossenaires-007.jpg?ssl=1\" border=\"0\" \/><\/p>\n<p><img data-recalc-dims=\"1\" decoding=\"async\" src=\"https:\/\/i0.wp.com\/3.bp.blogspot.com\/-sMS-ucCAwn8\/WG1EsnxgysI\/AAAAAAAAFaU\/QxvsAHeRYJQ3ZNWHsm2iDUIN34C2XnnbQCLcB\/s800\/09-mossenaires-008.jpg?ssl=1\" border=\"0\" \/><\/p>\n<p><img data-recalc-dims=\"1\" decoding=\"async\" src=\"https:\/\/i0.wp.com\/1.bp.blogspot.com\/-an3sdjAms-U\/WG1Es_438yI\/AAAAAAAAFaY\/F8GP_zfFUvcOxdx5feFBcQvZbJYc33-GwCLcB\/s800\/10-mossenaires-009.jpg?ssl=1\" border=\"0\" \/><br \/>\n<a class=\"postlink\" style=\"color: #800000\" href=\"http:\/\/mossenhoms.netfreehost.com\/mossenhoms-post-13425.html#13425\" target=\"_blank\">Maria Jos\u00e9 Merino <\/a>, <a class=\"postlink\" style=\"color: #800000\" href=\"http:\/\/mossenhoms.netfreehost.com\/mossenhoms-post-13714.html#13714\" target=\"_blank\">Merc\u00e8 Nieto <\/a>, <a class=\"postlink\" style=\"color: #800000\" href=\"http:\/\/mossenhoms.netfreehost.com\/viewtopic.php?p=12535#12535\" target=\"_blank\"> Eva Cantero <\/a><\/p>\n<p><img data-recalc-dims=\"1\" decoding=\"async\" src=\"https:\/\/i0.wp.com\/4.bp.blogspot.com\/-ko62VwMR408\/WG1EtKgOQ5I\/AAAAAAAAFak\/rOBFxYadi98rNyEIeQ_UJ3-ayyqm8YtlwCLcB\/s800\/11-mossenaires-010.jpg?ssl=1\" border=\"0\" \/><br \/>\n<a class=\"postlink\" style=\"color: #800000\" href=\"http:\/\/mossenhoms.netfreehost.com\/viewtopic.php?p=12535#12535\" target=\"_blank\"> Eva Cantero <\/a><\/p>\n<p><img data-recalc-dims=\"1\" decoding=\"async\" src=\"https:\/\/i0.wp.com\/2.bp.blogspot.com\/-tSCRLQ_vdOw\/WG1EtCxUh-I\/AAAAAAAAFac\/rFgzrrDmffAJpgzsOKUDNmSouCkxviNAgCLcB\/s800\/12-mossenaires-011.jpg?ssl=1\" border=\"0\" \/><br \/>\n<a class=\"postlink\" style=\"color: #800000\" href=\"http:\/\/mossenhoms.netfreehost.com\/mossenhoms-post-13425.html#13425\" target=\"_blank\">Maria Jos\u00e9 Merino <\/a><\/p>\n<p><img data-recalc-dims=\"1\" decoding=\"async\" src=\"https:\/\/i0.wp.com\/1.bp.blogspot.com\/-pfMvRjFqGCY\/WG1EtJz_IgI\/AAAAAAAAFag\/CuNY2ouOxZIonQht5eu-BJJCCLJjJVK0gCLcB\/s800\/13-mossenaires-012.jpg?ssl=1\" border=\"0\" \/><\/p>\n<p><img data-recalc-dims=\"1\" decoding=\"async\" src=\"https:\/\/i0.wp.com\/2.bp.blogspot.com\/-3dGHCb6s40s\/WG1Etb9dR1I\/AAAAAAAAFao\/dsK0vzDWBxsAB35dwo-XGJnqR9Aa6wcuQCLcB\/s800\/14-mossenaires-013.jpg?ssl=1\" border=\"0\" \/><br \/>\nCreiem que hi ha hagut qu\u00f2rum per acomiadar l&#8217;any de mossenaires il\u00b7lustres,\u00a0 com la Maria Jos\u00e9 i un munt d&#8217;amistats que han vingut avui i ha estat fant\u00e0stic<\/p>\n<p><img data-recalc-dims=\"1\" decoding=\"async\" src=\"https:\/\/i0.wp.com\/2.bp.blogspot.com\/-44_JmUOk0ss\/WG1EthVIRzI\/AAAAAAAAFas\/jR_CVbMxcu4gF-5ixTHEq-d1xjiQke__QCLcB\/s800\/15-mossenaires-014.jpg?ssl=1\" border=\"0\" \/><\/p>\n<p><img data-recalc-dims=\"1\" decoding=\"async\" src=\"https:\/\/i0.wp.com\/2.bp.blogspot.com\/-pTT1qxJ5hSE\/WG1EtoCoxRI\/AAAAAAAAFa0\/Q_je8J1xzCEXxU_DVlr1jj7yXk9_MnXwACLcB\/s800\/16-mossenaires-015.jpg?ssl=1\" border=\"0\" \/><br \/>\n<a class=\"postlink\" style=\"color: #800000\" href=\"http:\/\/mossenhoms.netfreehost.com\/mossenhoms-post-13147.html#13147\" target=\"_blank\">Victor E.Martinez <\/a><\/p>\n<p><img data-recalc-dims=\"1\" decoding=\"async\" src=\"https:\/\/i0.wp.com\/4.bp.blogspot.com\/-o0TpTNf24nU\/WG1Et_Xss4I\/AAAAAAAAFaw\/-u3N_ugEtaQyq6LmPas0TfAdNml_NqSgQCLcB\/s800\/17-mossenaires-016.jpg?ssl=1\" border=\"0\" \/><br \/>\nManolo<\/p>\n<p><img data-recalc-dims=\"1\" decoding=\"async\" src=\"https:\/\/i0.wp.com\/1.bp.blogspot.com\/-hxHUu8EEA_o\/WG1EuJio7JI\/AAAAAAAAFa4\/r_wLY2Vi0_ox7f8Vv7GY_bj9dWjKq_iSACLcB\/s800\/18-mossenaires-017.jpg?ssl=1\" border=\"0\" \/><br \/>\n<a class=\"postlink\" style=\"color: #800000\" href=\"http:\/\/mossenhoms.netfreehost.com\/viewtopic.php?p=13677#13677\" target=\"_blank\">Laura Perdomo <\/a><\/p>\n<p><img data-recalc-dims=\"1\" decoding=\"async\" src=\"https:\/\/i0.wp.com\/4.bp.blogspot.com\/-Rbb7zMsqnu4\/WG1EucDnscI\/AAAAAAAAFa8\/qt_xXcxEqcAaQ1V21coCg06tqZqtesumACLcB\/s800\/19-mossenaires-018.jpg?ssl=1\" border=\"0\" \/><\/p>\n<p><img data-recalc-dims=\"1\" decoding=\"async\" src=\"https:\/\/i0.wp.com\/2.bp.blogspot.com\/-6-aHYl4i9PA\/WG1EuiSobkI\/AAAAAAAAFbA\/EpL2w3FAbhMEa9BhVu_uQdqIuqBhmq8OwCLcB\/s800\/21-mossenaires-019.jpg?ssl=1\" border=\"0\" \/><\/p>\n<p><a class=\"postlink\" style=\"color: #800000\" href=\"https:\/\/connect.garmin.com\/modern\/activity\/1503221686?share_unique_id=1\" target=\"_blank\"><img data-recalc-dims=\"1\" decoding=\"async\" src=\"https:\/\/i0.wp.com\/3.bp.blogspot.com\/--z5JMOVcmkU\/WG1G33Nam6I\/AAAAAAAAFbQ\/BBR1ky0beEY3_Q7YRSbpyUeFVlAw2e71wCLcB\/s800\/19-mossenaires-019.jpg?ssl=1\" border=\"0\" \/><\/a><br \/>\n<a style=\"color: #800000\" href=\"https:\/\/connect.garmin.com\/modern\/activity\/1503221686?share_unique_id=1\" target=\"_blank\">https:\/\/connect.garmin.com\/modern\/activity\/1503221686?share_unique_id=1<\/a><\/p>\n<h3><span style=\"color: #800000\">El recorregut ha estat triat per <a class=\"postlink\" style=\"color: #800000\" href=\"http:\/\/mossenhoms.netfreehost.com\/mossenhoms-post-13875.html#13875\" target=\"_blank\"> Carlos Rodr\u00edguez <\/a>,<\/span><\/h3>\n<h3><span style=\"color: #800000\">Avui han tingut la responsabilitat Mossenaires il\u00b7lustres,\u00a0 als qui agra\u00efm que ho han fet magn\u00edficament (Carlos Rodriguez, Javier\u00a0 Colado, Eva Cantero, Anna Cos&#8230; i segur que ens descuidem alg\u00fa, donat que<\/span><br \/>\n<span style=\"color: #800000\"> el que ho ha portat normalment avui estava engripat i voldria agrair que<\/span><br \/>\n<span style=\"color: #800000\"> heu fet que ni es not\u00e9s el fet de no ser-hi. Genial!!<\/span><\/h3>\n<h3><span style=\"color: #800000\">Ens veiem quan,?, el dissabte vinent: est\u00e0 clar<\/span><\/h3>\n<table cellspacing=\"0\" align=\"left\">\n<tbody>\n<tr style=\"text-align: justify\">\n<td>\n<h3><strong><span style=\"color: #993300\"><a style=\"color: #993300\" href=\"http:\/\/www.egargrafic.com\/\" target=\"_blank\"><img data-recalc-dims=\"1\" decoding=\"async\" src=\"https:\/\/i0.wp.com\/www.josepmoliner.com\/egargrafic2.gif\" alt=\"\" \/><\/a><\/span><\/strong><\/h3>\n<\/td>\n<td>\n<h3><strong><span style=\"color: #993300\"><img data-recalc-dims=\"1\" decoding=\"async\" class=\"decoded\" src=\"https:\/\/i0.wp.com\/josepmoliner.com\/centreMedicAvinguda.gif\" alt=\"http:\/\/josepmoliner.com\/centreMedicAvinguda.gif\" \/><\/span><\/strong><\/h3>\n<\/td>\n<\/tr>\n<tr style=\"text-align: justify\">\n<td>\n<h3><strong><span style=\"color: #993300\"><a style=\"color: #993300\" href=\"http:\/\/www.grevolsalut.com\/\" target=\"_blank\"><img data-recalc-dims=\"1\" decoding=\"async\" src=\"https:\/\/i0.wp.com\/www.elroure.net\/grevol\/grevol_salut.gif\" alt=\"\" \/><\/a><\/span><\/strong><\/h3>\n<\/td>\n<td>\n<h3><strong><span style=\"color: #993300\"><a style=\"color: #993300\" href=\"http:\/\/www.eledevall.com\/\" target=\"_blank\"><img data-recalc-dims=\"1\" decoding=\"async\" src=\"https:\/\/i0.wp.com\/josepmoliner.com\/eledevall.gif\" alt=\"\" \/><\/a><\/span><\/strong><\/h3>\n<\/td>\n<\/tr>\n<tr style=\"text-align: justify\">\n<td>\n<h3><strong><a style=\"color: #993300\" href=\"http:\/\/www.esportsavinguda.tk\/\" target=\"_blank\"><img data-recalc-dims=\"1\" decoding=\"async\" src=\"https:\/\/i0.wp.com\/josepmoliner.com\/esportsavinguda2.gif\" alt=\"\" \/><\/a><\/strong><\/h3>\n<\/td>\n<td>\n<h3><strong><span style=\"color: #993300\"><a style=\"color: #993300\" href=\"http:\/\/www.elroure.net\/\" target=\"_blank\"><img data-recalc-dims=\"1\" decoding=\"async\" src=\"https:\/\/i0.wp.com\/elroure.net\/rourenet.gif\" alt=\"\" \/><\/a><\/span><\/strong><\/h3>\n<\/td>\n<\/tr>\n<tr style=\"text-align: justify\">\n<td><\/td>\n<td>\n<h3><strong><span style=\"color: #993300\"><a style=\"color: #993300\" href=\"http:\/\/civeracampoy.com\/index.php\/es\/\" target=\"_blank\"><img data-recalc-dims=\"1\" decoding=\"async\" src=\"https:\/\/i0.wp.com\/josepmoliner.com\/Civera%26Campoy.gif\" alt=\"\" \/><\/a><\/span><\/strong><\/h3>\n<\/td>\n<\/tr>\n<tr style=\"text-align: justify\">\n<td>\n<table cellspacing=\"0\" align=\"left\">\n<tbody>\n<tr style=\"text-align: justify\">\n<td><\/td>\n<\/tr>\n<tr style=\"text-align: justify\">\n<td>\n<h3><strong><span style=\"color: #993300\"><a style=\"color: #993300\" href=\"mailto:banner@mossenhoms.be\">vols el teu banner?<\/a><\/span><\/strong><\/h3>\n<\/td>\n<\/tr>\n<\/tbody>\n<\/table>\n<\/td>\n<\/tr>\n<\/tbody>\n<\/table>\n","protected":false},"excerpt":{"rendered":"<p>Tanquem amb aquest entrenament mossenaire un any on podem\u00a0 afirmar que ens ho hem passat b\u00e9. Podem dir que hem conegut gent nova. Sabem que s&#8217;ha generat bones vibracions amb trobades infinites entre tots\u00a0 nosaltres i que el nexe que proporciona un entrenament diferent, que es fa\u00a0 possible dia a dia gr\u00e0cies a moltes i [&hellip;]<\/p>\n","protected":false},"author":171,"featured_media":0,"comment_status":"open","ping_status":"open","sticky":false,"template":"","format":"standard","meta":{"jetpack_post_was_ever_published":false,"_jetpack_newsletter_access":"","_jetpack_dont_email_post_to_subs":false,"_jetpack_newsletter_tier_id":0,"_jetpack_memberships_contains_paywalled_content":false,"_jetpack_memberships_contains_paid_content":false,"footnotes":"","jetpack_publicize_message":"","jetpack_publicize_feature_enabled":true,"jetpack_social_post_already_shared":false,"jetpack_social_options":{"image_generator_settings":{"template":"highway","default_image_id":0,"font":"","enabled":false},"version":2}},"categories":[2697,1644,25130,5580,1,4554,25102,25094,73],"tags":[2697,25130,25124,25106,25094,73,25097],"class_list":["post-4380","post","type-post","status-publish","format-standard","hentry","category-amistat","category-correr","category-correrxerrar","category-entrenaments","category-general","category-mossenaires","category-mossenhoms-be","category-pep-moliner","category-terrassa","tag-amistat","tag-correrxerrar","tag-entrenaments-en-grup","tag-mossenaires","tag-pep-moliner","tag-terrassa","tag-torre-mossen-homs"],"jetpack_publicize_connections":[],"jetpack_featured_media_url":"","jetpack_sharing_enabled":true,"jetpack_shortlink":"https:\/\/wp.me\/pagkiK-18E","jetpack-related-posts":[{"id":4634,"url":"https:\/\/blogs.avui.cat\/pepmoliner\/2018\/01\/03\/ultim-de-lany-bon-any\/","url_meta":{"origin":4380,"position":0},"title":"\u00daltim de l&#8217;Any. Bon any!!!","author":"Pep Moliner","date":"3 de gener de 2018","format":false,"excerpt":"La font de la Tartana ha estat el lloc triat pels nostres amics per fer l'habitual parada Mossenaire. Avui clou l'any 2017 i ha estat un bon lloc per dir-li ad\u00e9u. Agra\u00efm l'estona que ens heu fet gaudir, Joan, Carlos, Eva, Albert, Javi i cadascuna i cadasc\u00fa de vosaltres que\u2026","rel":"","context":"A &quot;Amistat&quot;","block_context":{"text":"Amistat","link":"https:\/\/blogs.avui.cat\/pepmoliner\/category\/amistat\/"},"img":{"alt_text":"","src":"https:\/\/i0.wp.com\/blogs.avui.cat\/pepmoliner\/wp-content\/imagescaler\/936db04f9e3aa05e1011705df28fa502.gif?resize=350%2C200","width":350,"height":200},"classes":[]},{"id":4431,"url":"https:\/\/blogs.avui.cat\/pepmoliner\/2017\/03\/08\/entrenament-mossenaire-un-mes\/","url_meta":{"origin":4380,"position":1},"title":"\u201cEntrenament Mossenaire: un mes\u201d","author":"Pep Moliner","date":"8 de mar\u00e7 de 2017","format":false,"excerpt":"Sabem que la pluja espanta for\u00e7a #mossenaires i a primera hora no sabem \u00a0si l'entrenament ser\u00e0 xop o eixut. Ha estat eixut i fant\u00e0stic o almenys aix\u00ed \u00a0ens ho sembla. Hem baixat per llocs com el cam\u00ed asfaltat de Can Bon Vilar \u00a0que duu a llocs com l'Hotel Milton, l'H\u00edpica\u2026","rel":"","context":"A &quot;Amistat&quot;","block_context":{"text":"Amistat","link":"https:\/\/blogs.avui.cat\/pepmoliner\/category\/amistat\/"},"img":{"alt_text":"","src":"","width":0,"height":0},"classes":[]},{"id":4564,"url":"https:\/\/blogs.avui.cat\/pepmoliner\/2017\/08\/23\/agost-mossenaire\/","url_meta":{"origin":4380,"position":2},"title":"Agost Mossenaire","author":"Pep Moliner","date":"23 d'agost de 2017","format":false,"excerpt":"El torrent de Gotelles ha estat el circuit triat per en Paco Barcia, al qui deman\u00e0vem es fes c\u00e0rrec del grup avui i no perdre la continu\u00eftat en el nostre projecte on es busca la solidaritat, amistat, amor a la natura i gaudir d'una bona xerrada mentre fem una mica\u2026","rel":"","context":"A &quot;Amistat&quot;","block_context":{"text":"Amistat","link":"https:\/\/blogs.avui.cat\/pepmoliner\/category\/amistat\/"},"img":{"alt_text":"","src":"","width":0,"height":0},"classes":[]},{"id":4556,"url":"https:\/\/blogs.avui.cat\/pepmoliner\/2017\/08\/09\/mossenaires-no-fa-vacances\/","url_meta":{"origin":4380,"position":3},"title":"Mossenaires no fa vacances","author":"Pep Moliner","date":"9 d'agost de 2017","format":false,"excerpt":"Un dissabte com tants, on farem un bon entrenament i ser\u00e0 gr\u00e0cies a que no fem vacances. \u00c9s gr\u00e0cies a tothom i avui el que ha fet la tria del circuit han estat en Joan, Carlos i l\u2019Eva, que els hi hem demanat que portessin el grup directament i per\u2026","rel":"","context":"A &quot;Amistat&quot;","block_context":{"text":"Amistat","link":"https:\/\/blogs.avui.cat\/pepmoliner\/category\/amistat\/"},"img":{"alt_text":"","src":"","width":0,"height":0},"classes":[]},{"id":4568,"url":"https:\/\/blogs.avui.cat\/pepmoliner\/2017\/08\/30\/sempre-rient-mossenaires\/","url_meta":{"origin":4380,"position":4},"title":"Sempre rient: &#8220;Mossenaires&#8221;","author":"Pep Moliner","date":"30 d'agost de 2017","format":false,"excerpt":"L'agost s'apaga a Can #Mossenaires i ho fa amb all\u00f2 que ens agrada. #c\u00f3rrer #xerrar #gaudir acompanyades i acompanyats de gent amb el mateix tarann\u00e0 esportiu, que el que vol i com excusa, anar a passar una bona estona sense compromisos i moltes i molts, tornant de vacances i amb\u2026","rel":"","context":"A &quot;Amistat&quot;","block_context":{"text":"Amistat","link":"https:\/\/blogs.avui.cat\/pepmoliner\/category\/amistat\/"},"img":{"alt_text":"","src":"","width":0,"height":0},"classes":[]},{"id":4752,"url":"https:\/\/blogs.avui.cat\/pepmoliner\/2018\/08\/08\/tretze-son-tretze-mossenaires\/","url_meta":{"origin":4380,"position":5},"title":"Tretze s\u00f3n tretze Mossenaires","author":"Pep Moliner","date":"8 d'agost de 2018","format":false,"excerpt":"Temperatures de r\u00e9cord a molts llocs propers, i a Can Mossenaire, i ja a primera hora, notem escalfor i donat que \u00e9rem tretze Mossenaires, consensuem tornar a fer el lloc proper m\u00e9s fresc que coneixem i no \u00e9s altre que el torrent de Gotelles i les fonts que hi sovintegem.\u2026","rel":"","context":"A &quot;Amistat&quot;","block_context":{"text":"Amistat","link":"https:\/\/blogs.avui.cat\/pepmoliner\/category\/amistat\/"},"img":{"alt_text":"","src":"","width":0,"height":0},"classes":[]}],"_links":{"self":[{"href":"https:\/\/blogs.avui.cat\/pepmoliner\/wp-json\/wp\/v2\/posts\/4380","targetHints":{"allow":["GET"]}}],"collection":[{"href":"https:\/\/blogs.avui.cat\/pepmoliner\/wp-json\/wp\/v2\/posts"}],"about":[{"href":"https:\/\/blogs.avui.cat\/pepmoliner\/wp-json\/wp\/v2\/types\/post"}],"author":[{"embeddable":true,"href":"https:\/\/blogs.avui.cat\/pepmoliner\/wp-json\/wp\/v2\/users\/171"}],"replies":[{"embeddable":true,"href":"https:\/\/blogs.avui.cat\/pepmoliner\/wp-json\/wp\/v2\/comments?post=4380"}],"version-history":[{"count":5,"href":"https:\/\/blogs.avui.cat\/pepmoliner\/wp-json\/wp\/v2\/posts\/4380\/revisions"}],"predecessor-version":[{"id":4386,"href":"https:\/\/blogs.avui.cat\/pepmoliner\/wp-json\/wp\/v2\/posts\/4380\/revisions\/4386"}],"wp:attachment":[{"href":"https:\/\/blogs.avui.cat\/pepmoliner\/wp-json\/wp\/v2\/media?parent=4380"}],"wp:term":[{"taxonomy":"category","embeddable":true,"href":"https:\/\/blogs.avui.cat\/pepmoliner\/wp-json\/wp\/v2\/categories?post=4380"},{"taxonomy":"post_tag","embeddable":true,"href":"https:\/\/blogs.avui.cat\/pepmoliner\/wp-json\/wp\/v2\/tags?post=4380"}],"curies":[{"name":"wp","href":"https:\/\/api.w.org\/{rel}","templated":true}]}}