{"id":4374,"date":"2016-12-29T10:18:28","date_gmt":"2016-12-29T09:18:28","guid":{"rendered":"http:\/\/blogs.avui.cat\/pepmoliner\/?p=4374"},"modified":"2016-12-28T20:19:10","modified_gmt":"2016-12-28T19:19:10","slug":"egara-cops-walkers-es-presenta","status":"publish","type":"post","link":"https:\/\/blogs.avui.cat\/pepmoliner\/2016\/12\/29\/egara-cops-walkers-es-presenta\/","title":{"rendered":"\u201c\u00c8gara Cops Walkers\u201d es presenta"},"content":{"rendered":"<p>Un dissabte m\u00e9s hem escrit un nou cap\u00edtol inoblidable. En un primer moment la Isabel ens diu que si podia presentar l&#8217;Equip <a class=\"postlink\" href=\"https:\/\/www.facebook.com\/%C3%88gara-Cops-Walkers-823581647758134\/?fref=ts\" target=\"_blank\">\u00c8gara Cops Walkers<\/a>, on, a m\u00e9s,<br \/>\nels seus components te &#8220;Mossenaires Habituals&#8221; i ara &#8220;Mossenaires Nous&#8221; i tamb\u00e9 a partir d&#8217;avui un nou &#8220;Mossenaire d&#8217;Honor&#8221;. Com ens encanta!!<\/p>\n<p>En un dissabte, que segurament a m\u00e9s per ser 24 de desembre, un dia important, on molts celebrem un dels dies m\u00e9s familiars de l&#8217;any: la nit de Nadal.<\/p>\n<p>Anar a Sabadell i aturar-nos a la Masia de Can Deu, en un entorn perfecte per fer una aturada, tant per reposar, com coneixer-nos un xic m\u00e9s i sentir<br \/>\ntot el que ens havia d&#8217;explicar els amics de <a class=\"postlink\" href=\"https:\/\/www.facebook.com\/%C3%88gara-Cops-Walkers-823581647758134\/?fref=ts\" target=\"_blank\">\u00c8gara Cops Walkers<\/a>, qu\u00e8 tenen un repte enquadrat en la <a class=\"postlink\" href=\"http:\/\/trailwalker.oxfamintermon.org\/ca\" target=\"_blank\">Oxfam Trailwalker &#8211; Oxfam Interm\u00f3n<\/a> i en Toni,<br \/>\nque era la primera vegada que ens coneixia i que li ha encantat l&#8217;acolliment de la fam\u00edlia Mossenaire. Ens ha explicat en que consisteix el seu repte i les seves intencions i des d&#8217;aqu\u00ed tothom us desitja sort en tot.<\/p>\n<p>Hem travessat els bosc de Can Deu, sense oblidar-nos a ning\u00ed i hem completat un entrenament que gosem a dir que ha estat \u00fanic i intransferible i que s&#8217;ha tornat a gaudir, tot fent esport, i correxerrant, com en nosaltres \u00e9s habitual.<\/p>\n<p>Tenin un nou Mossenaire d&#8217;Honor, que forma part d&#8217;aquest equip que s&#8217;ha fixat aquest important repte. Gr\u00e0cies i gr\u00e0cies a tothom per haver fet<br \/>\npossible un entrenament cinc estrelles.<\/p>\n<p><img data-recalc-dims=\"1\" decoding=\"async\" src=\"https:\/\/i0.wp.com\/2.bp.blogspot.com\/-7GK9hbuvZDA\/WGLTBrBkEzI\/AAAAAAAAFZQ\/ZQHMeTdscE4if7VGTzvtaGr_9wu0pF9fACLcB\/s800\/111-mossenairesPC246657.JPG?ssl=1\" border=\"0\" \/><br \/>\nCon\u00e8ixer als components de l&#8217;equip <a class=\"postlink\" href=\"https:\/\/www.facebook.com\/%C3%88gara-Cops-Walkers-823581647758134\/?fref=ts\" target=\"_blank\">\u00c8gara Cops Walkers<\/a> Ens fa molta il\u00b7lusi\u00f3 saber que &#8220;Mossenaires&#8221; podem ser testimonis i part\u00edcips d&#8217;aquest gest que<br \/>\nany rere any coneixem de mans vostres i a m\u00e9s mossenaires partic\u00edpen d&#8217;aquest gest solidari i econ\u00f2mic que fa que feu possible. Una bona causa i<br \/>\nun luxe tenir la sort de saber que hi ha tan bones persones com vosaltres, que participeu a l&#8217;<a class=\"postlink\" href=\"http:\/\/trailwalker.oxfamintermon.org\/ca\" target=\"_blank\">Oxfam Trailwalker &#8211; Oxfam Interm\u00f3n<\/a><\/p>\n<p>Us desitgem tota la sort del m\u00f3n.<\/p>\n<p><img data-recalc-dims=\"1\" decoding=\"async\" src=\"https:\/\/i0.wp.com\/2.bp.blogspot.com\/-sThLpxOm6aA\/WGLSqwTgqfI\/AAAAAAAAFSc\/f7JKFuzWztYPeb0OR8db6WMx6QNXEdWmQCLcB\/s800\/001-mossenairesPC246532.JPG?ssl=1\" border=\"0\" \/><br \/>\nI una mica abans ens arraolim entorn la Masia de Torre Moss\u00e8n Homs per posar-no a punt per la sortida<\/p>\n<p><img data-recalc-dims=\"1\" decoding=\"async\" src=\"https:\/\/i0.wp.com\/1.bp.blogspot.com\/-bbAw5gn5n_U\/WGLSq5ZbEKI\/AAAAAAAAFSY\/ru9_EPOVp_4O4teiZgoINomv7fLtBaD0QCLcB\/s800\/002-mossenairesPC246533.JPG?ssl=1\" border=\"0\" \/><br \/>\nEns visita i ens ve a saludar una mite de l&#8217;atletisme Egarenc; en Lu\u00eds Maqueda. Et desitgem un bon any, com ens has vingut a desitjar tamb\u00e9<\/p>\n<p><img data-recalc-dims=\"1\" decoding=\"async\" src=\"https:\/\/i0.wp.com\/1.bp.blogspot.com\/-z6UureoE3l8\/WGLSrscUe8I\/AAAAAAAAFSs\/Zw6fLsTOcCY31B68PoAFEOpLm33WzbUvwCLcB\/s800\/006-mossenairesPC246537.JPG?ssl=1\" border=\"0\" \/><br \/>\nI tamb\u00e9, un dels millors maratonians i atletes egarencs de tots els temps: en Bernant Monter. Tamb\u00e9 ens ve a saludar. Tamb\u00e9<br \/>\net desitgem el millor<\/p>\n<p><img data-recalc-dims=\"1\" decoding=\"async\" src=\"https:\/\/i0.wp.com\/1.bp.blogspot.com\/-OAx458FydmQ\/WGLSqypRFzI\/AAAAAAAAFSg\/tj9BOpyM9IMBeef1Rw_-7Y1qmtlZl82GQCLcB\/s800\/003-mossenairesPC246534.JPG?ssl=1\" border=\"0\" \/><br \/>\nI a proposta de la Isabel, avui tenim el plaer de presentar-vos al Mossenaire d&#8217;Honor: l&#8217;Andr\u00e9s Aguilar. Al final de la cr\u00f2nica us regalar\u00e0 un escrit per qu\u00e8 el<br \/>\nconegueu, i tamb\u00e9 participa en el recte <a class=\"postlink\" href=\"http:\/\/trailwalker.oxfamintermon.org\/ca\" target=\"_blank\">Oxfam Trailwalker &#8211; Oxfam Interm\u00f3n<\/a><\/p>\n<p><img data-recalc-dims=\"1\" decoding=\"async\" src=\"https:\/\/i0.wp.com\/3.bp.blogspot.com\/-HwmjYanY-Fs\/WGLSrKyHL_I\/AAAAAAAAFSk\/uMzu1lsbXFkxTMNlnC1UcNh-oUfeRDkQQCLcB\/s800\/004-mossenairesPC246535.JPG?ssl=1\" border=\"0\" \/><br \/>\nL&#8217;Andr\u00e9s Aguilard&#8217;<a class=\"postlink\" href=\"https:\/\/www.facebook.com\/%C3%88gara-Cops-Walkers-823581647758134\/?fref=ts\" target=\"_blank\">\u00c8gara Cops Walkers<\/a>, junt els seus companys de repte<\/p>\n<p><img data-recalc-dims=\"1\" decoding=\"async\" src=\"https:\/\/i0.wp.com\/1.bp.blogspot.com\/-mXj7ygsaIOk\/WGLSrROwdRI\/AAAAAAAAFSo\/SunJtFBSDoM9MXuwNEOmU60M-E7F6XLWQCLcB\/s800\/005-mossenairesPC246536.JPG?ssl=1\" border=\"0\" \/><\/p>\n<p><img data-recalc-dims=\"1\" decoding=\"async\" src=\"https:\/\/i0.wp.com\/2.bp.blogspot.com\/-oQTs7fBTV4c\/WGLSrtArsWI\/AAAAAAAAFSw\/1fsDgBDpVbsOCqhXkp7Yzbd2a5uIz343ACLcB\/s800\/007-mossenairesPC246538.JPG?ssl=1\" border=\"0\" \/><br \/>\n<a class=\"postlink\" href=\"http:\/\/mossenhoms.netfreehost.com\/viewtopic.php?p=13870&amp;mforum=mossenhoms#13870\" target=\"_blank\">Fran Frutos <\/a>ser\u00e0 la nostra bandera el dia d&#8217;avui, 24 de desembre, vestit per l&#8217;ocasi\u00f3 al costat d&#8217;en Carmelo<\/p>\n<p><img data-recalc-dims=\"1\" decoding=\"async\" src=\"https:\/\/i0.wp.com\/3.bp.blogspot.com\/-kcHEXI0nBJA\/WGLSr7hkwjI\/AAAAAAAAFS0\/P8r4UjuB60ANHMEArkQly6I7-iSNW5SUwCLcB\/s800\/008-mossenairesPC246539.JPG?ssl=1\" border=\"0\" \/><\/p>\n<p><img data-recalc-dims=\"1\" decoding=\"async\" src=\"https:\/\/i0.wp.com\/4.bp.blogspot.com\/-vRlqpvRV-2k\/WGLSsHpg0PI\/AAAAAAAAFS4\/P9oJeWCUgKATFls7Ssnn-KZBw4ZKpZeCgCLcB\/s800\/009-mossenairesPC246540.JPG?ssl=1\" border=\"0\" \/><br \/>\nAmb el <a class=\"postlink\" href=\"http:\/\/mossenhoms.netfreehost.com\/mossenhoms-post-13912.html#13912\" target=\"_blank\">Miquel Paradell <\/a><\/p>\n<p><img data-recalc-dims=\"1\" decoding=\"async\" src=\"https:\/\/i0.wp.com\/3.bp.blogspot.com\/-QJdPbkS3QWM\/WGLSsHYzytI\/AAAAAAAAFS8\/pyNRW4d0914H0LN5byy_wjXRR0p1ATxwACLcB\/s800\/010-mossenairesPC246541.JPG?ssl=1\" border=\"0\" \/><\/p>\n<p><img data-recalc-dims=\"1\" decoding=\"async\" src=\"https:\/\/i0.wp.com\/3.bp.blogspot.com\/-Sw4NSSN9Cdg\/WGLSsXS-kbI\/AAAAAAAAFTA\/darWLECwMOUWiHa3ZT45ASUkur0b_HwswCLcB\/s800\/011-mossenairesPC246542.JPG?ssl=1\" border=\"0\" \/><br \/>\nOlga L\u00f3pez<\/p>\n<p><img data-recalc-dims=\"1\" decoding=\"async\" src=\"https:\/\/i0.wp.com\/1.bp.blogspot.com\/-x8QgL2vgQqE\/WGLSssx-4II\/AAAAAAAAFTE\/0lCFhQDHgcUO4v-FNXNKROEnL0xIovbBgCLcB\/s800\/012-mossenairesPC246543.JPG?ssl=1\" border=\"0\" \/><br \/>\nEn Watson m&#8217;olora<\/p>\n<p><img data-recalc-dims=\"1\" decoding=\"async\" src=\"https:\/\/i0.wp.com\/1.bp.blogspot.com\/-YjLIAxzRK7w\/WGLSs9w85WI\/AAAAAAAAFTI\/1aog6tKS-MUsfC8bcbgHHTOJAgP0DhHgwCLcB\/s800\/013-mossenairesPC246544.JPG?ssl=1\" border=\"0\" \/><br \/>\n<a class=\"postlink\" href=\"http:\/\/mossenhoms.netfreehost.com\/mossenhoms-post-13701.html#13701\" target=\"_blank\">Quim Gaya <\/a><\/p>\n<p><img data-recalc-dims=\"1\" decoding=\"async\" src=\"https:\/\/i0.wp.com\/2.bp.blogspot.com\/-WEQ3ZW3jHFQ\/WGLSs5o_x_I\/AAAAAAAAFTM\/3AtfTFQZP6EWxaN-xVAWKJnJPIAmx9psACLcB\/s800\/014-mossenairesPC246545.JPG?ssl=1\" border=\"0\" \/><\/p>\n<p><img data-recalc-dims=\"1\" decoding=\"async\" src=\"https:\/\/i0.wp.com\/3.bp.blogspot.com\/-5WkTmlOF6rE\/WGLStJRPNgI\/AAAAAAAAFTQ\/U6lqKzB4kCoyd-vktoh73k9pd0TiAF6CgCLcB\/s800\/015-mossenairesPC246546.JPG?ssl=1\" border=\"0\" \/><\/p>\n<p><img data-recalc-dims=\"1\" decoding=\"async\" src=\"https:\/\/i0.wp.com\/4.bp.blogspot.com\/-3G25X9UEs0U\/WGLStdCZxbI\/AAAAAAAAFTU\/YAIsmlLtBD0t-eZU99_s_z0R9czkHqUPACLcB\/s800\/016-mossenairesPC246547.JPG?ssl=1\" border=\"0\" \/><\/p>\n<p><img data-recalc-dims=\"1\" decoding=\"async\" src=\"https:\/\/i0.wp.com\/3.bp.blogspot.com\/-GgPv8ayf_ZI\/WGLStfNbf8I\/AAAAAAAAFTY\/AGMZytI1_WI7gsl7_OLLPgV46dUsjcfUACLcB\/s800\/017-mossenairesPC246548.JPG?ssl=1\" border=\"0\" \/><br \/>\n<a class=\"postlink\" href=\"http:\/\/mossenhoms.netfreehost.com\/mossenhoms-post-13785.html#13785\" target=\"_blank\">Miguel Alonso Giralde <\/a>i l&#8217;Oriol<\/p>\n<p><img data-recalc-dims=\"1\" decoding=\"async\" src=\"https:\/\/i0.wp.com\/2.bp.blogspot.com\/-PMHBRes5MQI\/WGLSuOA9tHI\/AAAAAAAAFTk\/sM8UHCr3X4YmzJ0ZeyUKI7BVl7NuMD6PgCLcB\/s800\/018-mossenairesPC246549.JPG?ssl=1\" border=\"0\" \/><\/p>\n<p><img data-recalc-dims=\"1\" decoding=\"async\" src=\"https:\/\/i0.wp.com\/2.bp.blogspot.com\/-Pmm981NaSTI\/WGLStmQJ9_I\/AAAAAAAAFTc\/StPvSN7SfCgZc4lv7aMUgoHXLB5_S0jEwCLcB\/s800\/019-mossenairesPC246550.JPG?ssl=1\" border=\"0\" \/><\/p>\n<p><img data-recalc-dims=\"1\" decoding=\"async\" src=\"https:\/\/i0.wp.com\/1.bp.blogspot.com\/-RulQ-HNJbqg\/WGLSt2d028I\/AAAAAAAAFTg\/YaUcxlZ0094IFudlOk9NPiYzwvoLBfpOQCLcB\/s800\/020-mossenairesPC246551.JPG?ssl=1\" border=\"0\" \/><\/p>\n<p><img data-recalc-dims=\"1\" decoding=\"async\" src=\"https:\/\/i0.wp.com\/1.bp.blogspot.com\/-1INI2ZEWKvE\/WGLSue-ZNCI\/AAAAAAAAFTo\/D2yvEwtXppQ4_GfFdfh_e4kEMS5VKk-1wCLcB\/s800\/021-mossenairesPC246552.JPG?ssl=1\" border=\"0\" \/><\/p>\n<p><img data-recalc-dims=\"1\" decoding=\"async\" src=\"https:\/\/i0.wp.com\/1.bp.blogspot.com\/-A9yPF13dqsQ\/WGLSuYXpv5I\/AAAAAAAAFTs\/3iafOdV8ZiMAAQT46ILgCNW1XpD1lEQXwCLcB\/s800\/022-mossenairesPC246553.JPG?ssl=1\" border=\"0\" \/><br \/>\nEn Jordi i l&#8217;Oriol: ens han trobat per poc. Havien sortit endarrerits. Estem de sort<\/p>\n<p><img data-recalc-dims=\"1\" decoding=\"async\" src=\"https:\/\/i0.wp.com\/1.bp.blogspot.com\/-174CSWHg2G4\/WGLSuvyZqMI\/AAAAAAAAFTw\/kOlEb8Oe-gswpzq4IVcnKyRxWi8oxpVJACLcB\/s800\/023-mossenairesPC246554.JPG?ssl=1\" border=\"0\" \/><br \/>\n<a class=\"postlink\" href=\"http:\/\/mossenhoms.netfreehost.com\/viewtopic.php?p=13870&amp;mforum=mossenhoms#13870\" target=\"_blank\">Fran Frutos <\/a>i <a class=\"postlink\" href=\"http:\/\/mossenhoms.netfreehost.com\/mossenhoms-post-13875.html#13875\" target=\"_blank\">Carlos Rodr\u00edguez <\/a><\/p>\n<p><img data-recalc-dims=\"1\" decoding=\"async\" src=\"https:\/\/i0.wp.com\/1.bp.blogspot.com\/-Na8HWG4Mekc\/WGLSu0vlKLI\/AAAAAAAAFT0\/J0zFpSZbqvwz_7djnQIE8yBdA8HpESKKQCLcB\/s800\/024-mossenairesPC246555.JPG?ssl=1\" border=\"0\" \/><br \/>\nM\u00aa. \u00c0ngels, Nova Mossenaire i la Sara<\/p>\n<p><img data-recalc-dims=\"1\" decoding=\"async\" src=\"https:\/\/i0.wp.com\/2.bp.blogspot.com\/--uaCnhgNAZA\/WGLSu0O_33I\/AAAAAAAAFT4\/1ZgRUF5DK30CgR7C_reCvD9pUwFr1jt7ACLcB\/s800\/025-mossenairesPC246556.JPG?ssl=1\" border=\"0\" \/><\/p>\n<p><img data-recalc-dims=\"1\" decoding=\"async\" src=\"https:\/\/i0.wp.com\/1.bp.blogspot.com\/-rxNHdbGgCwM\/WGLSvS2MgYI\/AAAAAAAAFT8\/GFVRTPxTnLIjvK26wOWpjk9VRibJEN6hACLcB\/s800\/026-mossenairesPC246557.JPG?ssl=1\" border=\"0\" \/><\/p>\n<p><img data-recalc-dims=\"1\" decoding=\"async\" src=\"https:\/\/i0.wp.com\/1.bp.blogspot.com\/-tAUs6ZVfQDk\/WGLSvbGoM7I\/AAAAAAAAFUA\/tE07O9UkRVEYBGIpZ7GNZzYEc9xKb94ZwCLcB\/s800\/027-mossenairesPC246558.JPG?ssl=1\" border=\"0\" \/><\/p>\n<p><img data-recalc-dims=\"1\" decoding=\"async\" src=\"https:\/\/i0.wp.com\/3.bp.blogspot.com\/-I4EFxroYEdA\/WGLSvmqrM4I\/AAAAAAAAFUE\/B0F4nX4cL5YSlhXsKHnJR1TEV6RL8CATQCLcB\/s800\/028-mossenairesPC246559.JPG?ssl=1\" border=\"0\" \/><\/p>\n<p><img data-recalc-dims=\"1\" decoding=\"async\" src=\"https:\/\/i0.wp.com\/1.bp.blogspot.com\/-klil_eHbHms\/WGLSv6dZLZI\/AAAAAAAAFUI\/4EtRXv4FxtUmIQq4zed8DLgpnd7S12GhgCLcB\/s800\/029-mossenairesPC246560.JPG?ssl=1\" border=\"0\" \/><br \/>\nEl nominat a Mossenaire d&#8217;Honor, Andr\u00e9s Aguilar que no sap cap on anirem<\/p>\n<p><img data-recalc-dims=\"1\" decoding=\"async\" src=\"https:\/\/i0.wp.com\/3.bp.blogspot.com\/-EEuAyO50Mv8\/WGLSwLwYQOI\/AAAAAAAAFUM\/3Hg-uv2908AkLw9oTL-vjltT37ydUpVSQCLcB\/s800\/030-mossenairesPC246561.JPG?ssl=1\" border=\"0\" \/><br \/>\nQuality Moment, quan &#8220;Mossenaires&#8221; van amunt i avall. Aix\u00f2 \u00e9s &#8220;Mossenaires&#8221;<\/p>\n<p><img data-recalc-dims=\"1\" decoding=\"async\" src=\"https:\/\/i0.wp.com\/4.bp.blogspot.com\/-Q3yi80x7VFw\/WGLSwbV56TI\/AAAAAAAAFUQ\/i4opRwa4fEghUugwKiy49nGKi9gC-qvJACLcB\/s800\/031-mossenairesPC246562.JPG?ssl=1\" border=\"0\" \/><\/p>\n<p><img data-recalc-dims=\"1\" decoding=\"async\" src=\"https:\/\/i0.wp.com\/4.bp.blogspot.com\/-YheZU3dG5kE\/WGLSwqiDN5I\/AAAAAAAAFUU\/oTso0DR7vTk-Mw4a_kI0S88ZL2bYvzcywCLcB\/s800\/032-mossenairesPC246563.JPG?ssl=1\" border=\"0\" \/><br \/>\nLs &#8220;Mossenaires Major&#8221; <a class=\"postlink\" href=\"http:\/\/mossenhoms.netfreehost.com\/mossenhoms-post-13810.html#13810\" target=\"_blank\">Anna Cos <\/a>, amb el meu fill Oriol Moliner<\/p>\n<p><img data-recalc-dims=\"1\" decoding=\"async\" src=\"https:\/\/i0.wp.com\/2.bp.blogspot.com\/-QDV92IWyMio\/WGLSw-HbCxI\/AAAAAAAAFUY\/PfIhHphjEY8joL_0XaivWPkhkzD6x_TZQCLcB\/s800\/033-mossenairesPC246564.JPG?ssl=1\" border=\"0\" \/><\/p>\n<p><img data-recalc-dims=\"1\" decoding=\"async\" src=\"https:\/\/i0.wp.com\/2.bp.blogspot.com\/--kslqSM7QyY\/WGLSxLMhA_I\/AAAAAAAAFUc\/aRNWZ0QGYmIGrb3dG92OnzryuuP8h3OhACLcB\/s800\/034-mossenairesPC246565.JPG?ssl=1\" border=\"0\" \/><\/p>\n<p><img data-recalc-dims=\"1\" decoding=\"async\" src=\"https:\/\/i0.wp.com\/4.bp.blogspot.com\/-EJnVo0_mTOY\/WGLSxb0NCGI\/AAAAAAAAFUg\/vYwpTkIM09s3w6UwHw1fgKhs3wEaBSlkQCLcB\/s800\/035-mossenairesPC246566.JPG?ssl=1\" border=\"0\" \/><\/p>\n<p><img data-recalc-dims=\"1\" decoding=\"async\" src=\"https:\/\/i0.wp.com\/2.bp.blogspot.com\/-rzRE9wwfWZo\/WGLSxRL7gAI\/AAAAAAAAFUk\/FxcgYn4yBfgpuuEkp_GeGdzmkZNeHL2oQCLcB\/s800\/036-mossenairesPC246567.JPG?ssl=1\" border=\"0\" \/><\/p>\n<p><img data-recalc-dims=\"1\" decoding=\"async\" src=\"https:\/\/i0.wp.com\/1.bp.blogspot.com\/-SDXhxDgIC3c\/WGLSxuFxNhI\/AAAAAAAAFUo\/8okakdi10mYYxtG3akh9LM864_Zxjs6YgCLcB\/s800\/037-mossenairesPC246568.JPG?ssl=1\" border=\"0\" \/><\/p>\n<p><img data-recalc-dims=\"1\" decoding=\"async\" src=\"https:\/\/i0.wp.com\/1.bp.blogspot.com\/-Dh8yvLScAo4\/WGLSxwejj1I\/AAAAAAAAFUs\/z_-TwJ3DXjwRbRhLafjZE1ro3hcUXf_ZACLcB\/s800\/038-mossenairesPC246569.JPG?ssl=1\" border=\"0\" \/><\/p>\n<p><img data-recalc-dims=\"1\" decoding=\"async\" src=\"https:\/\/i0.wp.com\/2.bp.blogspot.com\/-LwUoyQJN5uY\/WGLSx8yAmFI\/AAAAAAAAFU0\/P9Sg5Ig6NyUlGCRqhRvAJf3OirrGEb6BQCLcB\/s800\/039-mossenairesPC246570.JPG?ssl=1\" border=\"0\" \/><\/p>\n<p><img data-recalc-dims=\"1\" decoding=\"async\" src=\"https:\/\/i0.wp.com\/3.bp.blogspot.com\/-MFA_kZbo4W0\/WGLSyCx2goI\/AAAAAAAAFUw\/rheYd5yp7MAKjTKe7Hldub1WlFKQ-tuiQCLcB\/s800\/040-mossenairesPC246571.JPG?ssl=1\" border=\"0\" \/><\/p>\n<p><img data-recalc-dims=\"1\" decoding=\"async\" src=\"https:\/\/i0.wp.com\/4.bp.blogspot.com\/-y9-xmerxlyU\/WGLSyIaOCWI\/AAAAAAAAFU4\/hsu84vlTOEEaB_2sX60NyK4AjIxOis63gCLcB\/s800\/041-mossenairesPC246572.JPG?ssl=1\" border=\"0\" \/><\/p>\n<p><img data-recalc-dims=\"1\" decoding=\"async\" src=\"https:\/\/i0.wp.com\/4.bp.blogspot.com\/-Wk-7Kg-HqNQ\/WGLSybCd4fI\/AAAAAAAAFU8\/ZS8adc8tNCIoSYyOuQjOpDH3Jd9DVy8RACLcB\/s800\/042-mossenairesPC246573.JPG?ssl=1\" border=\"0\" \/><\/p>\n<p><img data-recalc-dims=\"1\" decoding=\"async\" src=\"https:\/\/i0.wp.com\/2.bp.blogspot.com\/-eRWGRQg1AnE\/WGLSyhw8lII\/AAAAAAAAFVA\/Fs4Dz3-KoMMK4nMkJc1AZk92IVeypLHXACLcB\/s800\/043-mossenairesPC246574.JPG?ssl=1\" border=\"0\" \/><\/p>\n<p><img data-recalc-dims=\"1\" decoding=\"async\" src=\"https:\/\/i0.wp.com\/2.bp.blogspot.com\/-XaTgwkyh8tw\/WGLSyveGweI\/AAAAAAAAFVE\/vbSw6oFaA6ANN7TKuk48V56Xu3ySgAQhgCLcB\/s800\/044-mossenairesPC246575.JPG?ssl=1\" border=\"0\" \/><\/p>\n<p><img data-recalc-dims=\"1\" decoding=\"async\" src=\"https:\/\/i0.wp.com\/1.bp.blogspot.com\/-92Yqkh3HyEc\/WGLSyy9JsOI\/AAAAAAAAFVI\/S4SBH32sCLAnwa7JgzqT0D0Ouw4yCBCdQCLcB\/s800\/045-mossenairesPC246576.JPG?ssl=1\" border=\"0\" \/><\/p>\n<p><img data-recalc-dims=\"1\" decoding=\"async\" src=\"https:\/\/i0.wp.com\/3.bp.blogspot.com\/-Z7ak5rwQ6VM\/WGLSzApumtI\/AAAAAAAAFVM\/gs88rabwVNcd-kti3V7Sg1WlJTqsFOfQwCLcB\/s800\/046-mossenairesPC246577.JPG?ssl=1\" border=\"0\" \/><\/p>\n<p><img data-recalc-dims=\"1\" decoding=\"async\" src=\"https:\/\/i0.wp.com\/1.bp.blogspot.com\/-1VQLzmOLirU\/WGLSzKwNFpI\/AAAAAAAAFVQ\/tiwd415ZC5QejfrTEDck9rf_Ufnd46IUQCLcB\/s800\/047-mossenairesPC246578.JPG?ssl=1\" border=\"0\" \/><\/p>\n<p><img data-recalc-dims=\"1\" decoding=\"async\" src=\"https:\/\/i0.wp.com\/1.bp.blogspot.com\/-YNOoVB4lA_I\/WGLSzcVSavI\/AAAAAAAAFVU\/E9AnarAJBys6Gi9i2o1BkvRsAD73OlS-gCLcB\/s800\/048-mossenairesPC246579.JPG?ssl=1\" border=\"0\" \/><\/p>\n<p><img data-recalc-dims=\"1\" decoding=\"async\" src=\"https:\/\/i0.wp.com\/2.bp.blogspot.com\/-WfyUs0A9uo0\/WGLSzUlgDYI\/AAAAAAAAFVY\/di-9BMHfkQsJ1tj4EKQylounpmOD8ardACLcB\/s800\/049-mossenairesPC246580.JPG?ssl=1\" border=\"0\" \/><\/p>\n<p><img data-recalc-dims=\"1\" decoding=\"async\" src=\"https:\/\/i0.wp.com\/3.bp.blogspot.com\/-_aIrwHi1JlI\/WGLSzmtqTZI\/AAAAAAAAFVc\/5aOJkeu6_RMA2UVo6Q2HBuz-epH9LSXpwCLcB\/s800\/050-mossenairesPC246581.JPG?ssl=1\" border=\"0\" \/><\/p>\n<p><img data-recalc-dims=\"1\" decoding=\"async\" src=\"https:\/\/i0.wp.com\/4.bp.blogspot.com\/-FgW9Hf36Zyc\/WGLSzpeRdLI\/AAAAAAAAFVg\/3ctfQtO_ZBoET1tWv4FN18P1f0bcOiEAACLcB\/s800\/051-mossenairesPC246582.JPG?ssl=1\" border=\"0\" \/><\/p>\n<p><img data-recalc-dims=\"1\" decoding=\"async\" src=\"https:\/\/i0.wp.com\/2.bp.blogspot.com\/-CvUxDxmDudQ\/WGLSzycD9AI\/AAAAAAAAFVk\/4JiSbTBpvkYscP62-lm8jGUNrpBhycvPgCLcB\/s800\/052-mossenairesPC246583.JPG?ssl=1\" border=\"0\" \/><\/p>\n<p><img data-recalc-dims=\"1\" decoding=\"async\" src=\"https:\/\/i0.wp.com\/1.bp.blogspot.com\/-gCjYs0-Giqw\/WGLS0JJS0yI\/AAAAAAAAFVo\/SUzjA6NZEnEF0MGQlR88qmL9EC4RM6DCgCLcB\/s800\/053-mossenairesPC246584.JPG?ssl=1\" border=\"0\" \/><\/p>\n<p><img data-recalc-dims=\"1\" decoding=\"async\" src=\"https:\/\/i0.wp.com\/3.bp.blogspot.com\/-H_uKXXBJZsw\/WGLS0KFhykI\/AAAAAAAAFVs\/5l1sxZKPrrQjXGZKkDeMTk_Xlnh7g1-twCLcB\/s800\/054-mossenairesPC246585.JPG?ssl=1\" border=\"0\" \/><br \/>\nQuim, Montserrat, Jos\u00e9 Manuel i Jordi<\/p>\n<p><img data-recalc-dims=\"1\" decoding=\"async\" src=\"https:\/\/i0.wp.com\/4.bp.blogspot.com\/--A3r4nrVuKU\/WGLS0f5zXYI\/AAAAAAAAFVw\/QE1DU1_i_yk0eD5fRpSGOPsSGBI479hLQCLcB\/s800\/055-mossenairesPC246586.JPG?ssl=1\" border=\"0\" \/><\/p>\n<p><img data-recalc-dims=\"1\" decoding=\"async\" src=\"https:\/\/i0.wp.com\/2.bp.blogspot.com\/-4Y36nTQ1QbA\/WGLS0TZWsPI\/AAAAAAAAFV0\/qP_9tj5d_lEVHAeC6CYlqYPijNVTO7tHACLcB\/s800\/056-mossenairesPC246587.JPG?ssl=1\" border=\"0\" \/><\/p>\n<p><img data-recalc-dims=\"1\" decoding=\"async\" src=\"https:\/\/i0.wp.com\/3.bp.blogspot.com\/-AjwB-9W3vq4\/WGLS0jkvBnI\/AAAAAAAAFV4\/XejUXQQGZOc9u6ZXKOsH5VteIH6JKuKggCLcB\/s800\/057-mossenairesPC246588.JPG?ssl=1\" border=\"0\" \/><\/p>\n<p><img data-recalc-dims=\"1\" decoding=\"async\" src=\"https:\/\/i0.wp.com\/2.bp.blogspot.com\/-UIUVYTwkOuk\/WGLS00c0Y_I\/AAAAAAAAFV8\/ZXIj4h8-K80rlCdjj_B1BTn5p-J3EIEFQCLcB\/s800\/058-mossenairesPC246589.JPG?ssl=1\" border=\"0\" \/><\/p>\n<p><img data-recalc-dims=\"1\" decoding=\"async\" src=\"https:\/\/i0.wp.com\/3.bp.blogspot.com\/-XFSET_IGmBQ\/WGLS0wyvAbI\/AAAAAAAAFWA\/d9RBEq3TytMYtgRmmMP_fbYZaf3qSC19QCLcB\/s800\/059-mossenairesPC246590.JPG?ssl=1\" border=\"0\" \/><br \/>\n<a class=\"postlink\" href=\"http:\/\/mossenhoms.netfreehost.com\/viewtopic.php?p=13801&amp;mforum=mossenhoms#13801\" target=\"_blank\">Marc Armengol <\/a><\/p>\n<p><img data-recalc-dims=\"1\" decoding=\"async\" src=\"https:\/\/i0.wp.com\/1.bp.blogspot.com\/-pGP7m787NzE\/WGLS1Beh0TI\/AAAAAAAAFWE\/ctdSKIyofCE0qIVrHW9t5MxDQeZ2Udp8gCLcB\/s800\/060-mossenairesPC246591.JPG?ssl=1\" border=\"0\" \/><\/p>\n<p><img data-recalc-dims=\"1\" decoding=\"async\" src=\"https:\/\/i0.wp.com\/4.bp.blogspot.com\/-0n1v64k62T0\/WGLS1b0LjAI\/AAAAAAAAFWI\/KU-rWy_VkQAzxBvInRpGsz5qptiJiPAWgCLcB\/s800\/061-mossenairesPC246592.JPG?ssl=1\" border=\"0\" \/><\/p>\n<p><img data-recalc-dims=\"1\" decoding=\"async\" src=\"https:\/\/i0.wp.com\/1.bp.blogspot.com\/-aB74PP0wh1Q\/WGLS1psClCI\/AAAAAAAAFWM\/pGS7A9ko3BkGdIOrTR_PB4Y1BhVCIfCLgCLcB\/s800\/062-mossenairesPC246593.JPG?ssl=1\" border=\"0\" \/><\/p>\n<p><img data-recalc-dims=\"1\" decoding=\"async\" src=\"https:\/\/i0.wp.com\/4.bp.blogspot.com\/-nWk5sE9Qz7Q\/WGLS19kHFeI\/AAAAAAAAFWQ\/ZMe1HB0p5LYu7XI6Veun1mckir8lubjeQCLcB\/s800\/063-mossenairesPC246594.JPG?ssl=1\" border=\"0\" \/><\/p>\n<p><img data-recalc-dims=\"1\" decoding=\"async\" src=\"https:\/\/i0.wp.com\/1.bp.blogspot.com\/-6hz_he2cP0Y\/WGLS14snEUI\/AAAAAAAAFWU\/oVseBk1wJbU7cjIHFT2mRpSTS7AD6g-jwCLcB\/s800\/064-mossenairesPC246595.JPG?ssl=1\" border=\"0\" \/><\/p>\n<p><img data-recalc-dims=\"1\" decoding=\"async\" src=\"https:\/\/i0.wp.com\/1.bp.blogspot.com\/-3YeBLJJ-n7A\/WGLS2IkWKKI\/AAAAAAAAFWY\/x3rsFaoSTS4GeK8sY9_Ddwdhsx3LOrJcQCLcB\/s800\/065-mossenairesPC246596.JPG?ssl=1\" border=\"0\" \/><br \/>\nMoment que arribem a la Masia de Can Deu<\/p>\n<p><img data-recalc-dims=\"1\" decoding=\"async\" src=\"https:\/\/i0.wp.com\/2.bp.blogspot.com\/-WvP1tiGMEIQ\/WGLS2FRO9TI\/AAAAAAAAFWc\/4Rea1QE9EW0pL-LCXj_TAlDvVk47-6NuACLcB\/s800\/066-mossenairesPC246597.JPG?ssl=1\" border=\"0\" \/><br \/>\nI tamb\u00e9 arriba la nostra bandera<\/p>\n<p><img data-recalc-dims=\"1\" decoding=\"async\" src=\"https:\/\/i0.wp.com\/4.bp.blogspot.com\/-2VFSzYevRUk\/WGLS2b6arkI\/AAAAAAAAFWg\/doieKMz_aCw4RC2xjJBWNFkQfco4EzIBgCLcB\/s800\/067-mossenairesPC246598.JPG?ssl=1\" border=\"0\" \/><br \/>\n<a class=\"postlink\" href=\"http:\/\/mossenhoms.netfreehost.com\/mossenhoms-post-13889.html#13889\" target=\"_blank\">Xesco Garcia <\/a>, <a class=\"postlink\" href=\"http:\/\/mossenhoms.netfreehost.com\/mossenhoms-post-13546.html#13546\" target=\"_blank\">Sebasti\u00e1n Morales <\/a>i <a class=\"postlink\" href=\"http:\/\/mossenhoms.netfreehost.com\/viewtopic.php?p=9395&amp;mforum=mossenhoms#9395\" target=\"_blank\">Jos\u00e9 Manuel Garc\u00eda Cabello <\/a><\/p>\n<p><img data-recalc-dims=\"1\" decoding=\"async\" src=\"https:\/\/i0.wp.com\/1.bp.blogspot.com\/-GmxYGyEvfdA\/WGLS2sCJplI\/AAAAAAAAFWk\/7C3YJ0Aum2oVCOi_L0EJyE5ZKyNrqktVgCLcB\/s800\/068-mossenairesPC246599.JPG?ssl=1\" border=\"0\" \/><\/p>\n<p><img data-recalc-dims=\"1\" decoding=\"async\" src=\"https:\/\/i0.wp.com\/4.bp.blogspot.com\/--osSaBM9V_s\/WGLS2pv7iOI\/AAAAAAAAFWo\/RIrrVcKgokYaQMaW2S-_OiQHlX7CrkeRQCLcB\/s800\/069-mossenairesPC246600.JPG?ssl=1\" border=\"0\" \/><br \/>\nDesplegament de la nostra bandera per part d&#8217;un portador de luxe: en <a class=\"postlink\" href=\"http:\/\/mossenhoms.netfreehost.com\/viewtopic.php?p=13870&amp;mforum=mossenhoms#13870\" target=\"_blank\">Fran Frutos <\/a><\/p>\n<p><img data-recalc-dims=\"1\" decoding=\"async\" src=\"https:\/\/i0.wp.com\/2.bp.blogspot.com\/-AOrdUN37-pM\/WGLS23zFBLI\/AAAAAAAAFWs\/gTwYz8gjLb8vvuXHjifVm0uESsHChb9ZgCLcB\/s800\/070-mossenairesPC246601.JPG?ssl=1\" border=\"0\" \/><\/p>\n<p><img data-recalc-dims=\"1\" decoding=\"async\" src=\"https:\/\/i0.wp.com\/4.bp.blogspot.com\/-B3ROG_lCCOs\/WGLS3PUw8PI\/AAAAAAAAFWw\/UtmSC3jOEeUqpLuw7HiXR3PIWQ4uwzThgCLcB\/s800\/071-mossenairesPC246602.JPG?ssl=1\" border=\"0\" \/><\/p>\n<p><img data-recalc-dims=\"1\" decoding=\"async\" src=\"https:\/\/i0.wp.com\/4.bp.blogspot.com\/-y5n5k10lwUM\/WGLS3eBjfYI\/AAAAAAAAFW0\/XmfEqV5KwOY0cy7MXBja2JqnN3wJ9zy5gCLcB\/s800\/072-mossenairesPC246603.JPG?ssl=1\" border=\"0\" \/><br \/>\nI toca con\u00e8ixer a &#8220;MOSSENAIRES NOUS&#8221;. Moltes gr\u00e0cies per venir i sigueu benvingudes i benvinguts. Gr\u00e0cies !!<\/p>\n<p><img data-recalc-dims=\"1\" decoding=\"async\" src=\"https:\/\/i0.wp.com\/3.bp.blogspot.com\/-WI1jSC-FG4I\/WGLS37dtAYI\/AAAAAAAAFW8\/3Rnn1IqALG0DHdHF6EI4KY83P9E_BsEhgCLcB\/s800\/074-mossenairesPC246606.JPG?ssl=1\" border=\"0\" \/><br \/>\nI la proclamaci\u00f3 per part de tothom del flamant MOSSENAIRE D&#8217;HONOR : Andr\u00e9s Aguilar. Enhorabona !!!<\/p>\n<p><img data-recalc-dims=\"1\" decoding=\"async\" src=\"https:\/\/i0.wp.com\/2.bp.blogspot.com\/-L7xcIN4rSoY\/WGLS4Dz3ZII\/AAAAAAAAFXA\/t21I58AWjA4afdYWsrPgW_VFCtGZkRXugCLcB\/s800\/075-mossenairesPC246607.JPG?ssl=1\" border=\"0\" \/><br \/>\nI ara un dels integrants ens explicar\u00e0 fant\u00e0sticament b\u00e9 tot el que volen fer els <a class=\"postlink\" href=\"https:\/\/www.facebook.com\/%C3%88gara-Cops-Walkers-823581647758134\/?fref=ts\" target=\"_blank\">\u00c8gara Cops Walkers<\/a> . Molta sort !!!!<\/p>\n<p><img data-recalc-dims=\"1\" decoding=\"async\" src=\"https:\/\/i0.wp.com\/3.bp.blogspot.com\/-ys4ErSlr39g\/WGLS4X34KOI\/AAAAAAAAFXE\/zE_jlaS_XOoOpzOzBCeLgOVkilmB5daZwCLcB\/s800\/076-mossenairesPC246608.JPG?ssl=1\" border=\"0\" \/><br \/>\nMossenaires escoltant al &#8220;Mossenaire Nou&#8221;, en Toni<\/p>\n<p><img data-recalc-dims=\"1\" decoding=\"async\" src=\"https:\/\/i0.wp.com\/2.bp.blogspot.com\/-lMZLPuxXNMw\/WGLS4dgs69I\/AAAAAAAAFXI\/PtMp4LpJpFMxaSFoyeoOM6hjOYRr0cnqQCLcB\/s800\/077-mossenairesPC246609.JPG?ssl=1\" border=\"0\" \/><\/p>\n<p><img data-recalc-dims=\"1\" decoding=\"async\" src=\"https:\/\/i0.wp.com\/4.bp.blogspot.com\/-djH56fibdmc\/WGLS44IVEFI\/AAAAAAAAFXQ\/ZGwreUcrWLAfemRwevl8RyuzgWdnAMU0gCLcB\/s800\/079-mossenairesPC246611.JPG?ssl=1\" border=\"0\" \/><br \/>\n<a class=\"postlink\" href=\"http:\/\/mossenhoms.netfreehost.com\/viewtopic.php?p=13673&amp;mforum=mossenhoms#13673\" target=\"_blank\">Laura Fabra <\/a><\/p>\n<p><img data-recalc-dims=\"1\" decoding=\"async\" src=\"https:\/\/i0.wp.com\/3.bp.blogspot.com\/-8FGTVDrrdDg\/WGLS5KNXl8I\/AAAAAAAAFXU\/h4pNu1O9ZdIaT4JWmxSdRqFyH7-VdHT-gCLcB\/s800\/080-mossenairesPC246612.JPG?ssl=1\" border=\"0\" \/><br \/>\nV\u00edctor Escalante<\/p>\n<p><img data-recalc-dims=\"1\" decoding=\"async\" src=\"https:\/\/i0.wp.com\/3.bp.blogspot.com\/-kpbaNpmGPKg\/WGLS5UJiNyI\/AAAAAAAAFXY\/YQx6ziLgpWo5s7zXF0FXNg85_KBV1FaaACLcB\/s800\/081-mossenairesPC246613.JPG?ssl=1\" border=\"0\" \/><br \/>\nToni, Mossenaire Nou amb tota mena de detalls i un fant\u00e0stic repte. Ho aconseguireu!!! Sort!!!<\/p>\n<p><img data-recalc-dims=\"1\" decoding=\"async\" src=\"https:\/\/i0.wp.com\/1.bp.blogspot.com\/-9EIcS3_0SJk\/WGLS5gCcKdI\/AAAAAAAAFXc\/Nv8_N1RIVnwon4UoCzNpMzbqtP0LWuYyQCLcB\/s800\/082-mossenairesPC246614.JPG?ssl=1\" border=\"0\" \/><\/p>\n<p><img data-recalc-dims=\"1\" decoding=\"async\" src=\"https:\/\/i0.wp.com\/3.bp.blogspot.com\/-guSUzybgjco\/WGLS6AGZxPI\/AAAAAAAAFXg\/UHylgm67M10HqFYxF8GHF71nyOt7Tbx7QCLcB\/s800\/083-mossenairesPC246616a.JPG?ssl=1\" border=\"0\" \/><br \/>\nI la fotografia de familia, amb la Mola de fons, la Masia de Can Deu i un grapat de bona gent en un dia \u00fanic i intransferible. Per molts anys!!<\/p>\n<p><img data-recalc-dims=\"1\" decoding=\"async\" src=\"https:\/\/i0.wp.com\/3.bp.blogspot.com\/-gU4cP86E1lY\/WGLS6VU0qhI\/AAAAAAAAFX8\/TqfIjROE_VQ6ug6ervHGG1eBayuFEMLDACLcB\/s800\/084-mossenairesPC246620.JPG?ssl=1\" border=\"0\" \/><\/p>\n<p><img data-recalc-dims=\"1\" decoding=\"async\" src=\"https:\/\/i0.wp.com\/1.bp.blogspot.com\/-qg3XtJ0uAp0\/WGLS6haBK8I\/AAAAAAAAFXk\/97ee-msBlMUeo00pei4tvbKZiFepQ88egCLcB\/s800\/085-mossenairesPC246621.JPG?ssl=1\" border=\"0\" \/><\/p>\n<p><img data-recalc-dims=\"1\" decoding=\"async\" src=\"https:\/\/i0.wp.com\/1.bp.blogspot.com\/-ftkfzIqUgo0\/WGLS6jCtCAI\/AAAAAAAAFXo\/wkc-HYFULRoZAvOm6ojbzq01YwB_JvBRwCLcB\/s800\/086-mossenairesPC246622.JPG?ssl=1\" border=\"0\" \/><\/p>\n<p><img data-recalc-dims=\"1\" decoding=\"async\" src=\"https:\/\/i0.wp.com\/1.bp.blogspot.com\/-VTtiNhXPsAU\/WGLS66UWISI\/AAAAAAAAFXs\/5-YpOs4qWF4oOisyramjbyQYFuE8fPfzwCLcB\/s800\/087-mossenairesPC246623.JPG?ssl=1\" border=\"0\" \/><\/p>\n<p><img data-recalc-dims=\"1\" decoding=\"async\" src=\"https:\/\/i0.wp.com\/3.bp.blogspot.com\/-maG3aeArAAo\/WGLS7Omsr5I\/AAAAAAAAFXw\/Y0_mSH70FxUjoGPApWE8_n-A9xTcF0IygCLcB\/s800\/088-mossenairesPC246624.JPG?ssl=1\" border=\"0\" \/><\/p>\n<p><img data-recalc-dims=\"1\" decoding=\"async\" src=\"https:\/\/i0.wp.com\/2.bp.blogspot.com\/-2M_tc30x82M\/WGLS7UQH-6I\/AAAAAAAAFX0\/t98DGOeRXpU316uoD1MKYM2oYnnhh4M-QCLcB\/s800\/089-mossenairesPC246625.JPG?ssl=1\" border=\"0\" \/><\/p>\n<p><img data-recalc-dims=\"1\" decoding=\"async\" src=\"https:\/\/i0.wp.com\/3.bp.blogspot.com\/-eP1ntBQ-O7w\/WGLS7uSy9dI\/AAAAAAAAFX4\/2U2kd5pETvEgu5-U_BMMCkvYst5HeidswCLcB\/s800\/090-mossenairesPC246626.JPG?ssl=1\" border=\"0\" \/><\/p>\n<p><img data-recalc-dims=\"1\" decoding=\"async\" src=\"https:\/\/i0.wp.com\/3.bp.blogspot.com\/-Mr5Gun68IVM\/WGLS7_4P3CI\/AAAAAAAAFYA\/xd-ODPBvAj0cHtj689TtbdPpoa0uXUgswCLcB\/s800\/091-mossenairesPC246627.JPG?ssl=1\" border=\"0\" \/><\/p>\n<p><img data-recalc-dims=\"1\" decoding=\"async\" src=\"https:\/\/i0.wp.com\/4.bp.blogspot.com\/-BxBIJvy6x-A\/WGLS8RnynFI\/AAAAAAAAFYE\/1Fn7ja60fKka5qc0SBQJ86CLht3_4oRTQCLcB\/s800\/092-mossenairesPC246628.JPG?ssl=1\" border=\"0\" \/><\/p>\n<p><img data-recalc-dims=\"1\" decoding=\"async\" src=\"https:\/\/i0.wp.com\/4.bp.blogspot.com\/-tzPr3_h6f24\/WGLS82TWEKI\/AAAAAAAAFYI\/uGyywZOIaskuFuSuMQi0ZZveJxckd46GwCLcB\/s800\/093-mossenairesPC246629.JPG?ssl=1\" border=\"0\" \/><\/p>\n<p><img data-recalc-dims=\"1\" decoding=\"async\" src=\"https:\/\/i0.wp.com\/4.bp.blogspot.com\/-fkllWGgpiVI\/WGLS80soTmI\/AAAAAAAAFYM\/aEzSfndEnxopGCoSXuoS9o4bOVY03R3TACLcB\/s800\/094-mossenairesPC246630.JPG?ssl=1\" border=\"0\" \/><\/p>\n<p><img data-recalc-dims=\"1\" decoding=\"async\" src=\"https:\/\/i0.wp.com\/1.bp.blogspot.com\/-lMkDmnbHne0\/WGLS9ESfX8I\/AAAAAAAAFYQ\/bmDzoDf3fk4bgeCjmsWzyCsZ-VgIvdW0wCLcB\/s800\/095-mossenairesPC246631.JPG?ssl=1\" border=\"0\" \/><\/p>\n<p><img data-recalc-dims=\"1\" decoding=\"async\" src=\"https:\/\/i0.wp.com\/2.bp.blogspot.com\/-L8ob_yDd4mM\/WGLS9pnOsnI\/AAAAAAAAFYU\/3Y7ns0smVW4YFUuycL8zv8yZuXoWnf1TQCLcB\/s800\/096-mossenairesPC246632.JPG?ssl=1\" border=\"0\" \/><br \/>\nEl nebot del <a class=\"postlink\" href=\"http:\/\/mossenhoms.netfreehost.com\/mossenhoms-post-13779.html#13779\" target=\"_blank\">Guillermo P\u00e9rez <\/a>, Adrian, que ha vingut a pasar el Nadal, des de Jaen i l&#8217;ha enredat perque.vingu\u00e9s a entrenar. Benvingut Mossenaire de Ja\u00e9n<\/p>\n<p><img data-recalc-dims=\"1\" decoding=\"async\" src=\"https:\/\/i0.wp.com\/3.bp.blogspot.com\/-U7zuz9RoWao\/WGLS9-YDjTI\/AAAAAAAAFYY\/8qmRhx6OKPIkG7aj6TfYNC2gHDli18KzQCLcB\/s800\/097-mossenairesPC246633.JPG?ssl=1\" border=\"0\" \/><\/p>\n<p><img data-recalc-dims=\"1\" decoding=\"async\" src=\"https:\/\/i0.wp.com\/3.bp.blogspot.com\/-obrnsyodVd8\/WGLS-B0XmAI\/AAAAAAAAFYc\/YYOGza8qI1EqvRfdfQ37fAVcTk1vUf2kgCLcB\/s800\/098-mossenairesPC246634.JPG?ssl=1\" border=\"0\" \/><br \/>\nMossenaire Nova, la M\u00aa \u00c0ngels<\/p>\n<p><img data-recalc-dims=\"1\" decoding=\"async\" src=\"https:\/\/i0.wp.com\/1.bp.blogspot.com\/-1DpuWWj8QRA\/WGLS-Q5UK7I\/AAAAAAAAFYg\/zGL_iyI3Uik05-4gmmT26Lt-WNJ6jbsUQCLcB\/s800\/099-mossenairesPC246635.JPG?ssl=1\" border=\"0\" \/><\/p>\n<p><img data-recalc-dims=\"1\" decoding=\"async\" src=\"https:\/\/i0.wp.com\/1.bp.blogspot.com\/-g4ZOprOwkws\/WGLS-pfAMRI\/AAAAAAAAFYk\/6WUGo2J7D7cIiOmOTXfXHnPOFFOSx5JVQCLcB\/s800\/100-mossenairesPC246636.JPG?ssl=1\" border=\"0\" \/><\/p>\n<p><img data-recalc-dims=\"1\" decoding=\"async\" src=\"https:\/\/i0.wp.com\/3.bp.blogspot.com\/-UDcBpdmXOAI\/WGLS-8wSD6I\/AAAAAAAAFYo\/eX3FttzSiOsa5sZVBabY5-2W6-up6vqfgCLcB\/s800\/101-mossenairesPC246637.JPG?ssl=1\" border=\"0\" \/><\/p>\n<p><img data-recalc-dims=\"1\" decoding=\"async\" src=\"https:\/\/i0.wp.com\/3.bp.blogspot.com\/-AVBTDm8W4Ms\/WGLS_LL6fkI\/AAAAAAAAFYs\/WAoBGpDxzHEPYt5C3LDfX4-acW8N7E93ACLcB\/s800\/102-mossenairesPC246638.JPG?ssl=1\" border=\"0\" \/><br \/>\nLaura i <a class=\"postlink\" href=\"http:\/\/mossenhoms.netfreehost.com\/mossenhoms-post-14001.html#14001\" target=\"_blank\">Mireia Ros\u00e9s <\/a><\/p>\n<p><img data-recalc-dims=\"1\" decoding=\"async\" src=\"https:\/\/i0.wp.com\/3.bp.blogspot.com\/-0K58BpOJLZU\/WGLS_Tj5HOI\/AAAAAAAAFYw\/AFLH7W3yuJQraEDPCBdJlnuVyeSvRxU0QCLcB\/s800\/103-mossenairesPC246639.JPG?ssl=1\" border=\"0\" \/><\/p>\n<p><img data-recalc-dims=\"1\" decoding=\"async\" src=\"https:\/\/i0.wp.com\/2.bp.blogspot.com\/-leoSnq_F_3c\/WGLS_VGOX5I\/AAAAAAAAFY0\/0UAcQbPXSRIqkGCGkDAmAW2C8qcIORBlwCLcB\/s800\/104-mossenairesPC246640.JPG?ssl=1\" border=\"0\" \/><\/p>\n<p><img data-recalc-dims=\"1\" decoding=\"async\" src=\"https:\/\/i0.wp.com\/3.bp.blogspot.com\/-oXi6CnQYLf4\/WGLS_i2vTRI\/AAAAAAAAFY4\/WuFWLjnx8xkmpkK-SIYDPFIPbRsPGRYywCLcB\/s800\/105-mossenairesPC246644.JPG?ssl=1\" border=\"0\" \/><\/p>\n<p><img data-recalc-dims=\"1\" decoding=\"async\" src=\"https:\/\/i0.wp.com\/4.bp.blogspot.com\/-NCk946Bbdmc\/WGLS_73JcFI\/AAAAAAAAFY8\/tlfJ2YdYGa0tZmBYDUiB4mZ0efRBO0y1gCLcB\/s800\/106-mossenairesPC246645.JPG?ssl=1\" border=\"0\" \/><\/p>\n<p><img data-recalc-dims=\"1\" decoding=\"async\" src=\"https:\/\/i0.wp.com\/4.bp.blogspot.com\/-vl-xcecDt-o\/WGLTAI2iJhI\/AAAAAAAAFZA\/-kRqtswaoCAAD4GE0i2gWTmQKfYYBxXzwCLcB\/s800\/107-mossenairesPC246646.JPG?ssl=1\" border=\"0\" \/><\/p>\n<p><img data-recalc-dims=\"1\" decoding=\"async\" src=\"https:\/\/i0.wp.com\/3.bp.blogspot.com\/-5CYivQ3PFkk\/WGLTBz77m5I\/AAAAAAAAFZY\/lCB7QIHVggcbdnY93EBJrsDRfcTb42cJQCLcB\/s800\/113-mossenairesPC246661.JPG?ssl=1\" border=\"0\" \/><\/p>\n<p><img data-recalc-dims=\"1\" decoding=\"async\" src=\"https:\/\/i0.wp.com\/3.bp.blogspot.com\/-Lf2ZIgFm9QA\/WGLTCfd3RdI\/AAAAAAAAFZg\/i_4r7MC1WkcVBBS8DvbUegKNjXyaaN9ZwCLcB\/s800\/115-mossenairesPC246663.JPG?ssl=1\" border=\"0\" \/><br \/>\nEn Juanjo ens ve a desitjar unes bones festes<br \/>\n<img data-recalc-dims=\"1\" decoding=\"async\" src=\"https:\/\/i0.wp.com\/2.bp.blogspot.com\/-7GK9hbuvZDA\/WGLTBrBkEzI\/AAAAAAAAFZQ\/ZQHMeTdscE4if7VGTzvtaGr_9wu0pF9fACLcB\/s800\/111-mossenairesPC246657.JPG?ssl=1\" border=\"0\" \/><\/p>\n<p><img data-recalc-dims=\"1\" decoding=\"async\" src=\"https:\/\/i0.wp.com\/2.bp.blogspot.com\/-ESTn4xR7oZQ\/WGLTBnqUTeI\/AAAAAAAAFZU\/nlE9fIHWNL0LB7ds2dSJxICScpe6CN77gCLcB\/s800\/112-mossenairesPC246660.JPG?ssl=1\" border=\"0\" \/><br \/>\n<img data-recalc-dims=\"1\" decoding=\"async\" src=\"https:\/\/i0.wp.com\/3.bp.blogspot.com\/-plvl_lZLLzU\/WGLTCCMiAXI\/AAAAAAAAFZc\/jhlqe93ftTEL3VYZZTkUs0-vuSuhVvnkwCLcB\/s800\/114-mossenairesPC246662.JPG?ssl=1\" border=\"0\" \/><br \/>\nI la <a class=\"postlink\" href=\"http:\/\/mossenhoms.netfreehost.com\/viewtopic.php?p=13673&amp;mforum=mossenhoms#13673\" target=\"_blank\">Laura Fabra <\/a>i en <a class=\"postlink\" href=\"http:\/\/mossenhoms.netfreehost.com\/viewtopic.php?p=13870&amp;mforum=mossenhoms#13870\" target=\"_blank\">Fran Frutos <\/a>vestits per l&#8217;ocasi\u00f3. Esteu formidables!!!<\/p>\n<p>&nbsp;<\/p>\n<p>&nbsp;<\/p>\n<p>Quan l&#8217;<a class=\"postlink\" href=\"http:\/\/mossenhoms.netfreehost.com\/mossenhoms-post-13452.html#13452\" target=\"_blank\">Isabel Font <\/a>ens diu que l&#8217;equip <a class=\"postlink\" href=\"https:\/\/www.facebook.com\/%C3%88gara-Cops-Walkers-823581647758134\/?fref=ts\" target=\"_blank\">\u00c8gara Cops Walkers<\/a> se&#8217;ns ve a presentar a tothom, ens ha encantat que hagi pensat amb nosaltres, Mossenaires, per un fet tan bonic. Nosaltres li demanem a qui poden nominar a Mossenaire d&#8217;Honor, i ens diu a l&#8217;Andr\u00e9s guilar i ara et llegirem i ens omple de joia saber amb qui tenim la sort de poder compartir aquesta estona. Gr\u00e0cies Andr\u00e9s, i que aconsegueixis aquest repte i et felicitem pel que ens has explicat, que ens agrada molt. Per<br \/>\nmolts anys!!!<\/p>\n<p><img data-recalc-dims=\"1\" decoding=\"async\" src=\"https:\/\/i0.wp.com\/1.bp.blogspot.com\/-6-5pgyUzVvc\/WGLTArA7FbI\/AAAAAAAAFZE\/fmW88l-x-ZwCJ2kfLGKqAwHqLUJ3cdeHACLcB\/s800\/108-mossenairesPC246648a.JPG?ssl=1\" border=\"0\" \/><\/p>\n<p><img data-recalc-dims=\"1\" decoding=\"async\" src=\"https:\/\/i0.wp.com\/1.bp.blogspot.com\/-WeZI1z02YMg\/WGLTBAsqWgI\/AAAAAAAAFZI\/tpgr-VcwtJIDenqtTSlo5hjjrSrow0PEwCLcB\/s800\/110-mossenairesPC246656a.JPG?ssl=1\" border=\"0\" \/><br \/>\n&#8220;foto de cuando hice el camino de Santiago este a\u00f1o en el alto de O Cebreiro&#8221;<\/p>\n<p><img data-recalc-dims=\"1\" decoding=\"async\" src=\"https:\/\/i0.wp.com\/4.bp.blogspot.com\/-fc8zw_Kndew\/WGLTBaSSnwI\/AAAAAAAAFZM\/jTkpVFJtqCoEMk8sS--5TlXNIOUr3uLawCLcB\/s800\/109-mossenairesPC246655a.JPG?ssl=1\" border=\"0\" \/><\/p>\n<p><em><span style=\"color: #0000ff\">Hola, em dic Andr\u00e9s Aguilar, i avui dia 24 de desembre he conegut a aquest grup de persones que formeu &#8221; Els mossenaires&#8221;. Haig de dir que la meva<\/span><\/em><br \/>\n<em><span style=\"color: #0000ff\"> experi\u00e8ncia ha estat molt bona, i tant a la meva com al grup que ven\u00edem &#8220;Egara Cops Walkers&#8221;, ens heu acollit amb afecte. La meva sorpresa ha estat<\/span><\/em><br \/>\n<em><span style=\"color: #0000ff\"> que hagi estat nomenat mossenaire d&#8217;honor, i despr\u00e9s d&#8217;informar-me de tot el que comporta, vaig a explicar una mica la meva traject\u00f2ria en aquest m\u00f3n<\/span><\/em><br \/>\n<em><span style=\"color: #0000ff\"> del trail-running.<\/span><\/em><\/p>\n<p><em><span style=\"color: #0000ff\">Ja fa uns anys el meu germ\u00e0 em va proposar anar de casa a Montserrat, jo mai havia caminat tant, aix\u00f2 va ser un repte que vaig acceptar sense saber<\/span><\/em><br \/>\n<em><span style=\"color: #0000ff\"> el que vindria despr\u00e9s. Des de llavors, ja he participat en dues edicions de la Matagalls-Montserrat, en la dels Tres monestirs, una de Ripollet-Montserrat,<\/span><\/em><br \/>\n<em><span style=\"color: #0000ff\"> tot aix\u00f2 sense oblidar-me de totes les pateadas que m&#8217;he pegat per Sant Lloren\u00e7-Serra de L Obac, i la m\u00e0gica muntanya de Montserrat, que crec que<\/span><\/em><br \/>\n<em><span style=\"color: #0000ff\"> les conec bastant b\u00e9. Tamb\u00e9 en dues ocasions ha caigut el Piugmal, i alguna m\u00e9s dels Pirineus que ara no record.<\/span><\/em><\/p>\n<p><em><span style=\"color: #0000ff\">Per\u00f2 tot canvia quan el meu amic &#8220;Tete&#8221;, decideix amb el seu equip de Trailwalker, acceptar-me, i \u00e9s quan l&#8217;any 2015 comen\u00e7a una altra gran<\/span><\/em><br \/>\n<em><span style=\"color: #0000ff\"> aventura. La marxa no competitiva que organitza OXFAM INTERMON, surt d&#8217;Olot i arriba a Sant Feliu de Guixols, s\u00f3n 100 quil\u00f2metres, que per poder<\/span><\/em><br \/>\n<em><span style=\"color: #0000ff\"> participar s&#8217;ha de fer un donatiu a aquesta ong de 1500 euros. aquest any 2017 ja ser\u00e0 la tercera vegada que participo, i a m\u00e9s aquest any, la farem<\/span><\/em><br \/>\n<em><span style=\"color: #0000ff\"> corrent, &#8220;caco&#8221;. Aix\u00f2 em suposa adaptar-me a una altra forma de caminar, que \u00e9s c\u00f3rrer, al que no estic acostumat, doncs des que vaig comen\u00e7ar va<\/span><\/em><br \/>\n<em><span style=\"color: #0000ff\"> ser fent recorreguts de muntanya, i ara s\u00f3n noves sensacions, nous dolors, i tot \u00e9s nou.<\/span><\/em><\/p>\n<p><em><span style=\"color: #0000ff\">Fa poc un altre amic meu el &#8221; Guillermo&#8221;, un altre mossenaire, em va comentar que tots els dissabtes us reun\u00edeu en Moss\u00e8n Homs, per fer 10<\/span><\/em><br \/>\n<em><span style=\"color: #0000ff\"> quil\u00f2metres i passar una estona agradable, i em va convidar a participar, asi que em vaig animar i al costat de gaireb\u00e9 tots els membres de EGARA COPS<\/span><\/em><br \/>\n<em><span style=\"color: #0000ff\"> WALKERS, avui dia 24 hem estat amb vosaltres i haig de dir que ha estat una estona molt bonica i agradable. Recomano a tots aquells que us agradi<\/span><\/em><br \/>\n<em><span style=\"color: #0000ff\"> aix\u00f2 de c\u00f3rrer, a reunir-vos els dissabtes en Moss\u00e8n Homs, i gaudir d&#8217;una bona estona.<\/span><\/em><\/p>\n<p><em><span style=\"color: #0000ff\">B\u00e9 aquesta \u00e9s la meva curta traject\u00f2ria en aquest m\u00f3n del trail-running, i aprofitant que estem en aquestes festes nadalenques, desitjar-vos a tots un<\/span><\/em><br \/>\n<em><span style=\"color: #0000ff\"> Feli\u00e7 Nadal, i un any 2017 ple de salut, i alegria.<\/span><\/em><\/p>\n<p><em><span style=\"color: #0000ff\">Amb afecte<\/span><\/em><br \/>\n<em><span style=\"color: #0000ff\"> Andr\u00e9s Aguilar Mu\u00f1oz<\/span><\/em><\/p>\n<table cellspacing=\"0\" align=\"left\">\n<tbody>\n<tr style=\"text-align: justify\">\n<td>\n<h3><strong><span style=\"color: #993300\"><img data-recalc-dims=\"1\" decoding=\"async\" class=\"decoded\" src=\"https:\/\/i0.wp.com\/josepmoliner.com\/chiptiempo.gif\" alt=\"http:\/\/josepmoliner.com\/chiptiempo.gif\" \/><\/span><\/strong><\/h3>\n<\/td>\n<td>\n<h3><strong><span style=\"color: #993300\"><img data-recalc-dims=\"1\" decoding=\"async\" class=\"decoded\" src=\"https:\/\/i0.wp.com\/josepmoliner.com\/centreMedicAvinguda.gif\" alt=\"http:\/\/josepmoliner.com\/centreMedicAvinguda.gif\" \/><\/span><\/strong><\/h3>\n<\/td>\n<\/tr>\n<tr style=\"text-align: justify\">\n<td>\n<h3><strong><span style=\"color: #993300\"><a style=\"color: #993300\" href=\"http:\/\/www.grevolsalut.com\/\" target=\"_blank\"><img data-recalc-dims=\"1\" decoding=\"async\" src=\"https:\/\/i0.wp.com\/www.elroure.net\/grevol\/grevol_salut.gif\" alt=\"\" \/><\/a><\/span><\/strong><\/h3>\n<\/td>\n<td>\n<h3><strong><span style=\"color: #993300\"><a style=\"color: #993300\" href=\"http:\/\/www.eledevall.com\/\" target=\"_blank\"><img data-recalc-dims=\"1\" decoding=\"async\" src=\"https:\/\/i0.wp.com\/josepmoliner.com\/eledevall.gif\" alt=\"\" \/><\/a><\/span><\/strong><\/h3>\n<\/td>\n<\/tr>\n<tr style=\"text-align: justify\">\n<td>\n<h3><strong><a style=\"color: #993300\" href=\"http:\/\/knyera.cf\/\" target=\"_blank\"><img data-recalc-dims=\"1\" decoding=\"async\" src=\"https:\/\/i0.wp.com\/www.josepmoliner.com\/knyera_running.gif\" alt=\"\" \/><\/a><\/strong><\/h3>\n<\/td>\n<td>\n<h3><strong><span style=\"color: #993300\"><a style=\"color: #993300\" href=\"http:\/\/www.egargrafic.com\/\" target=\"_blank\"><img data-recalc-dims=\"1\" decoding=\"async\" src=\"https:\/\/i0.wp.com\/www.josepmoliner.com\/egargrafic2.gif\" alt=\"\" \/><\/a><\/span><\/strong><\/h3>\n<\/td>\n<\/tr>\n<tr style=\"text-align: justify\">\n<td>\n<h3><strong><a style=\"color: #993300\" href=\"http:\/\/www.esportsavinguda.tk\/\" target=\"_blank\"><img data-recalc-dims=\"1\" decoding=\"async\" src=\"https:\/\/i0.wp.com\/josepmoliner.com\/esportsavinguda2.gif\" alt=\"\" \/><\/a><\/strong><\/h3>\n<\/td>\n<td>\n<h3><strong><span style=\"color: #993300\"><a style=\"color: #993300\" href=\"http:\/\/www.elroure.net\/\" target=\"_blank\"><img data-recalc-dims=\"1\" decoding=\"async\" src=\"https:\/\/i0.wp.com\/elroure.net\/rourenet.gif\" alt=\"\" \/><\/a><\/span><\/strong><\/h3>\n<\/td>\n<\/tr>\n<tr style=\"text-align: justify\">\n<td><\/td>\n<td>\n<h3><strong><span style=\"color: #993300\"><a style=\"color: #993300\" href=\"http:\/\/civeracampoy.com\/index.php\/es\/\" target=\"_blank\"><img data-recalc-dims=\"1\" decoding=\"async\" src=\"https:\/\/i0.wp.com\/josepmoliner.com\/Civera%26Campoy.gif\" alt=\"\" \/><\/a><\/span><\/strong><\/h3>\n<\/td>\n<\/tr>\n<tr style=\"text-align: justify\">\n<td>\n<table cellspacing=\"0\" align=\"left\">\n<tbody>\n<tr style=\"text-align: justify\">\n<td><\/td>\n<\/tr>\n<tr style=\"text-align: justify\">\n<td>\n<h3><strong><span style=\"color: #993300\"><a style=\"color: #993300\" href=\"mailto:banner@mossenhoms.be\">vols el teu banner?<\/a><\/span><\/strong><\/h3>\n<\/td>\n<\/tr>\n<\/tbody>\n<\/table>\n<\/td>\n<\/tr>\n<\/tbody>\n<\/table>\n","protected":false},"excerpt":{"rendered":"<p>Un dissabte m\u00e9s hem escrit un nou cap\u00edtol inoblidable. En un primer moment la Isabel ens diu que si podia presentar l&#8217;Equip \u00c8gara Cops Walkers, on, a m\u00e9s, els seus components te &#8220;Mossenaires Habituals&#8221; i ara &#8220;Mossenaires Nous&#8221; i tamb\u00e9 a partir d&#8217;avui un nou &#8220;Mossenaire d&#8217;Honor&#8221;. Com ens encanta!! En un dissabte, que segurament [&hellip;]<\/p>\n","protected":false},"author":171,"featured_media":0,"comment_status":"open","ping_status":"open","sticky":false,"template":"","format":"standard","meta":{"jetpack_post_was_ever_published":false,"_jetpack_newsletter_access":"","_jetpack_dont_email_post_to_subs":false,"_jetpack_newsletter_tier_id":0,"_jetpack_memberships_contains_paywalled_content":false,"_jetpack_memberships_contains_paid_content":false,"footnotes":"","jetpack_publicize_message":"","jetpack_publicize_feature_enabled":true,"jetpack_social_post_already_shared":false,"jetpack_social_options":{"image_generator_settings":{"template":"highway","default_image_id":0,"font":"","enabled":false},"version":2}},"categories":[2697,1644,1,4554,25102,25094,73],"tags":[2697,25130,25126,25102,25168,73],"class_list":["post-4374","post","type-post","status-publish","format-standard","hentry","category-amistat","category-correr","category-general","category-mossenaires","category-mossenhoms-be","category-pep-moliner","category-terrassa","tag-amistat","tag-correrxerrar","tag-entrenaments-torre-mossen-homs","tag-mossenhoms-be","tag-pepmoliner","tag-terrassa"],"jetpack_publicize_connections":[],"jetpack_featured_media_url":"","jetpack_sharing_enabled":true,"jetpack_shortlink":"https:\/\/wp.me\/pagkiK-18y","jetpack-related-posts":[{"id":4636,"url":"https:\/\/blogs.avui.cat\/pepmoliner\/2018\/01\/10\/vine-a-correr-reina-vine-a-correr-rei\/","url_meta":{"origin":4374,"position":0},"title":"Vine a c\u00f3rrer reina. Vine a c\u00f3rrer rei.","author":"Pep Moliner","date":"10 de gener de 2018","format":false,"excerpt":"Quan un dissabte \u00e9s un dia tan assenyalat com el dia de Reis, alhora festiu, i dia molt especial, i m\u00e9s pels, m\u00e9s petits de la casa, que esperen les seves joguines i nosaltres, que tamb\u00e9 estrenem, si hem fet bondat, els regals que de ben segur hem tingut de\u2026","rel":"","context":"A &quot;Amistat&quot;","block_context":{"text":"Amistat","link":"https:\/\/blogs.avui.cat\/pepmoliner\/category\/amistat\/"},"img":{"alt_text":"","src":"https:\/\/i0.wp.com\/blogs.avui.cat\/pepmoliner\/wp-content\/imagescaler\/936db04f9e3aa05e1011705df28fa502.gif?resize=350%2C200","width":350,"height":200},"classes":[]},{"id":4478,"url":"https:\/\/blogs.avui.cat\/pepmoliner\/2017\/05\/10\/dinosauri-mossenaire-a-egara\/","url_meta":{"origin":4374,"position":1},"title":"&#8220;Dinosauri Mossenaire a \u00c8gara&#8221;","author":"Pep Moliner","date":"10 de maig de 2017","format":false,"excerpt":"Hi anem un parell de cops l'any i ja feia dia que el trob\u00e0vem a faltar. El \"Dinosaure Mossenaire a \u00c8gara\" sempre dona la benvinguda a qui entra a Terrassa per la carretera N150. De fet es veu que sempre dic el mateix quan ens fem la fotografia: \"Venim dos\u2026","rel":"","context":"A &quot;Amistat&quot;","block_context":{"text":"Amistat","link":"https:\/\/blogs.avui.cat\/pepmoliner\/category\/amistat\/"},"img":{"alt_text":"","src":"","width":0,"height":0},"classes":[]},{"id":496,"url":"https:\/\/blogs.avui.cat\/pepmoliner\/2011\/01\/02\/bon-any-2011-dels-egara-mossenaires\/","url_meta":{"origin":4374,"position":2},"title":"Bon Any 2011 &#8211; dels \u00c8gara-Mossenaires","author":"Pep Moliner","date":"2 de gener de 2011","format":false,"excerpt":"Era el darrer entrenament d'un any en el qual ens hem anat coneixent una mica m\u00e9s profundament els amics que ens auto-anomenem \u00c8gara- Mossenaires, nom que ara utilitzem per qu\u00e8 el nucli de la nostra amistat s'ha anat llaurant en el f\u00f2rum Mossenaire, que tamb\u00e9 deu el nom al Rector\u2026","rel":"","context":"A &quot;Entrenaments&quot;","block_context":{"text":"Entrenaments","link":"https:\/\/blogs.avui.cat\/pepmoliner\/category\/entrenaments\/"},"img":{"alt_text":"","src":"","width":0,"height":0},"classes":[]},{"id":750,"url":"https:\/\/blogs.avui.cat\/pepmoliner\/2011\/05\/25\/estem-a-terrassa-i-ens-agrada-correr-us-ho-podeu-creure\/","url_meta":{"origin":4374,"position":3},"title":"Estem a #Terrassa i ens agrada c\u00f3rrer: us ho podeu creure ?","author":"Pep Moliner","date":"25 de maig de 2011","format":false,"excerpt":"Imagina't a #Terrassa un dia que despr\u00e9s de passar-te tota una jornada laboral encaparrat a la crisi tamb\u00e9, i que abans del sopar, una colla d'amics t'esperin vulguin anar amb tu per uns camins espl\u00e8ndids de la part Nord de la nostra ciutat i junt amb ells, passis per camps,\u2026","rel":"","context":"A &quot;General&quot;","block_context":{"text":"General","link":"https:\/\/blogs.avui.cat\/pepmoliner\/category\/general\/"},"img":{"alt_text":"","src":"","width":0,"height":0},"classes":[]},{"id":4802,"url":"https:\/\/blogs.avui.cat\/pepmoliner\/2018\/11\/15\/4802\/","url_meta":{"origin":4374,"position":4},"title":"Mossenaires ens perdem una mica","author":"Pep Moliner","date":"15 de novembre de 2018","format":false,"excerpt":"Cada dissabte una hist\u00f2ria per recordar. I avui us he portat de cara al barranc. S\u00ed. Despr\u00e9s de la fotografia de fam\u00edlia i com a poques vegades, perduts i ben perduts i una anar i tornar, i una an\u00e8cdota m\u00e9s. I a banda d'aquesta an\u00e8cdota, hem fet com molts dissabtes:\u2026","rel":"","context":"A &quot;Amistat&quot;","block_context":{"text":"Amistat","link":"https:\/\/blogs.avui.cat\/pepmoliner\/category\/amistat\/"},"img":{"alt_text":"","src":"","width":0,"height":0},"classes":[]},{"id":4707,"url":"https:\/\/blogs.avui.cat\/pepmoliner\/2018\/05\/09\/torre-mossen-homs-a-castellarnau-amb-mossenaires-2\/","url_meta":{"origin":4374,"position":5},"title":"A la font de la Tartana amb Mossenaires","author":"Pep Moliner","date":"9 de maig de 2018","format":false,"excerpt":"La font de la Tartana ha estat el dest\u00ed de la colla i el grup ha anat guiat per amigues i amics i en especial en Joan Forte, que quan cal sempre vetlla perqu\u00e8 tot vagi b\u00e9, amb la col\u00b7laboraci\u00f3 de vosaltres, que feu gran el projecte. Anar a un\u2026","rel":"","context":"A &quot;Amistat&quot;","block_context":{"text":"Amistat","link":"https:\/\/blogs.avui.cat\/pepmoliner\/category\/amistat\/"},"img":{"alt_text":"","src":"","width":0,"height":0},"classes":[]}],"_links":{"self":[{"href":"https:\/\/blogs.avui.cat\/pepmoliner\/wp-json\/wp\/v2\/posts\/4374","targetHints":{"allow":["GET"]}}],"collection":[{"href":"https:\/\/blogs.avui.cat\/pepmoliner\/wp-json\/wp\/v2\/posts"}],"about":[{"href":"https:\/\/blogs.avui.cat\/pepmoliner\/wp-json\/wp\/v2\/types\/post"}],"author":[{"embeddable":true,"href":"https:\/\/blogs.avui.cat\/pepmoliner\/wp-json\/wp\/v2\/users\/171"}],"replies":[{"embeddable":true,"href":"https:\/\/blogs.avui.cat\/pepmoliner\/wp-json\/wp\/v2\/comments?post=4374"}],"version-history":[{"count":3,"href":"https:\/\/blogs.avui.cat\/pepmoliner\/wp-json\/wp\/v2\/posts\/4374\/revisions"}],"predecessor-version":[{"id":4384,"href":"https:\/\/blogs.avui.cat\/pepmoliner\/wp-json\/wp\/v2\/posts\/4374\/revisions\/4384"}],"wp:attachment":[{"href":"https:\/\/blogs.avui.cat\/pepmoliner\/wp-json\/wp\/v2\/media?parent=4374"}],"wp:term":[{"taxonomy":"category","embeddable":true,"href":"https:\/\/blogs.avui.cat\/pepmoliner\/wp-json\/wp\/v2\/categories?post=4374"},{"taxonomy":"post_tag","embeddable":true,"href":"https:\/\/blogs.avui.cat\/pepmoliner\/wp-json\/wp\/v2\/tags?post=4374"}],"curies":[{"name":"wp","href":"https:\/\/api.w.org\/{rel}","templated":true}]}}