{"id":4367,"date":"2016-12-22T18:22:34","date_gmt":"2016-12-22T17:22:34","guid":{"rendered":"http:\/\/blogs.avui.cat\/pepmoliner\/?p=4367"},"modified":"2016-12-22T18:23:57","modified_gmt":"2016-12-22T17:23:57","slug":"tartanajada","status":"publish","type":"post","link":"https:\/\/blogs.avui.cat\/pepmoliner\/2016\/12\/22\/tartanajada\/","title":{"rendered":"Tartanajada"},"content":{"rendered":"<p><span class=\"postbody\">No va ploure. Es va correrxerrar una hora i cinc minuts i es van fer gaireb\u00e9 deu quil\u00f2metres. Es va gaudir i vam con\u00e8ixer gent nova i el que sempre diem: la trobada \u00e9s una bon\u00edssima excusa per estar prop de gent que ens agrada i de la que ens queden uns quants records en forma de fotografia.<\/span><\/p>\n<p>Vam triar un circuit d&#8217;asfalt, el que va fins a la font de la Tartana per evitat enfangar-nos molt i alguna patinada. A m\u00e9s, vam poder veure la decoraci\u00f3 nadalenca de Matadepera.<\/p>\n<p>La bandera va ser condu\u00efda per en Josep Mirabet i vam con\u00e8ixer nous mossenaires com s\u00f3n en David, V\u00edctor i Santi. A m\u00e9s ens sorpr\u00e8n que venien de poblacions ve\u00efnes com s\u00f3n Sant Cugat i Santa Perp\u00e8tua de la Moguda. Tota una sorpresa.<\/p>\n<p>Miguel ens ha fet uns quants passes toreros, sense toro. Si arriba a sortir un toro, encara correm ara.<\/p>\n<p>Gr\u00e0cies de nou per fer un dia inoblidable i ens veiem, quan? Va, que no ho saps?<\/p>\n<p><img data-recalc-dims=\"1\" decoding=\"async\" src=\"https:\/\/i0.wp.com\/2.bp.blogspot.com\/-A8mHZ7BFMQ8\/WFrIoLo9RRI\/AAAAAAAAFOo\/wal4XZHjb_kogZHh2GdHyBKEMeRKjz1kQCLcB\/s800\/01-mossenairesPC176479.JPG?ssl=1\" border=\"0\" \/><br \/>\nDoncs si: tot un honor que en <a class=\"postlink\" href=\"http:\/\/mossenhoms.netfreehost.com\/mossenhoms-post-9023.html#9023\" target=\"_blank\"> Josep Mirabet <\/a> sigui el portador i bandera de Mossenaires.<\/p>\n<p><img data-recalc-dims=\"1\" decoding=\"async\" src=\"https:\/\/i0.wp.com\/2.bp.blogspot.com\/-YBBLw7cPu6w\/WFrIoCB_sGI\/AAAAAAAAFOs\/MwM3VITMeoYQsHi_s1iWa3QLqsellLDNQCLcB\/s800\/02-mossenairesPC176480.JPG?ssl=1\" border=\"0\" \/><br \/>\n<a class=\"postlink\" href=\"http:\/\/mossenhoms.netfreehost.com\/mossenhoms-post-9023.html#9023\" target=\"_blank\"> Josep Mirabet <\/a> ara que la bandera ja porta m\u00e9s de cinc-cents quil\u00f2metres<\/p>\n<p><img data-recalc-dims=\"1\" decoding=\"async\" src=\"https:\/\/i0.wp.com\/3.bp.blogspot.com\/-9NWQH3YwAqk\/WFrIoIBv2wI\/AAAAAAAAFOw\/FBs7enBYhRkcU8vUu5AFAjUOBYTR9o13gCLcB\/s800\/03-mossenairesPC176481.JPG?ssl=1\" border=\"0\" \/><br \/>\nV\u00edctor, Santi, <a class=\"postlink\" href=\"http:\/\/mossenhoms.netfreehost.com\/viewtopic.php?p=13979&amp;mforum=mossenhoms#13979\" target=\"_blank\">N\u00faria <\/a>, Olga<\/p>\n<p><img data-recalc-dims=\"1\" decoding=\"async\" src=\"https:\/\/i0.wp.com\/1.bp.blogspot.com\/-lQbMy0pcXCc\/WFrIovIJp4I\/AAAAAAAAFO0\/E4NOZImDFtcZw3qpJ7_NTzliLBFpWWclACLcB\/s800\/04-mossenairesPC176482.JPG?ssl=1\" border=\"0\" \/><br \/>\nLa bandera ben protegida<\/p>\n<p><img data-recalc-dims=\"1\" decoding=\"async\" src=\"https:\/\/i0.wp.com\/1.bp.blogspot.com\/-hUKrQSh8W4k\/WFrIo3ZHKfI\/AAAAAAAAFO4\/j4OQZP3bc2wjix6AM_xRvdQ3kcB91yPAACLcB\/s800\/05-mossenairesPC176483.JPG?ssl=1\" border=\"0\" \/><br \/>\nPer aquest pioner del c\u00f3rrer Egarenc<\/p>\n<p><img data-recalc-dims=\"1\" decoding=\"async\" src=\"https:\/\/i0.wp.com\/3.bp.blogspot.com\/-YhhO1hTVUmM\/WFrIo6KVF3I\/AAAAAAAAFO8\/jHHVptqjTkoPs8tPavJDyzixogQbqPhvgCLcB\/s800\/06-mossenairesPC176484.JPG?ssl=1\" border=\"0\" \/><br \/>\nI s&#8217;ha d&#8217;anar a la cua!!! com fa en Fernando, Oscar i Pepe<br \/>\n<img data-recalc-dims=\"1\" decoding=\"async\" src=\"https:\/\/i0.wp.com\/2.bp.blogspot.com\/-YnW3dsfL-rI\/WFrIpLDLucI\/AAAAAAAAFPA\/Af4TqXZ-sMcb3dJync_Ette-U5_4KY-2QCLcB\/s800\/07-mossenairesPC176485.JPG?ssl=1\" border=\"0\" \/><br \/>\nI en <a class=\"postlink\" href=\"http:\/\/mossenhoms.netfreehost.com\/viewtopic.php?p=13934&amp;mforum=mossenhoms#13934\" target=\"_blank\">Jordi G\u00e1mez <\/a><\/p>\n<p><img data-recalc-dims=\"1\" decoding=\"async\" src=\"https:\/\/i0.wp.com\/4.bp.blogspot.com\/-dF8nnm_IMu4\/WFrIpdw5j1I\/AAAAAAAAFPE\/5CMJayzehr4bkkvQW0eMRAtRwm3BUyF-gCLcB\/s800\/08-mossenairesPC176486.JPG?ssl=1\" border=\"0\" \/><br \/>\nL&#8217;<a class=\"postlink\" href=\"http:\/\/mossenhoms.netfreehost.com\/mossenhoms-post-13581.html#13581\" target=\"_blank\">Imma Morales <\/a> tamb\u00e9 cap a la cua,<\/p>\n<p><img data-recalc-dims=\"1\" decoding=\"async\" src=\"https:\/\/i0.wp.com\/1.bp.blogspot.com\/--yHRMJ2SGZk\/WFrIpgpWOxI\/AAAAAAAAFPI\/VqH0DLWvN3sWaGm5KPnJxX3DTr3NrH72gCLcB\/s800\/09-mossenairesPC176487.JPG?ssl=1\" border=\"0\" \/><br \/>\nJose i Sebas<\/p>\n<p><img data-recalc-dims=\"1\" decoding=\"async\" src=\"https:\/\/i0.wp.com\/4.bp.blogspot.com\/-yPc9lJ3PqV4\/WFrIp8lraUI\/AAAAAAAAFPM\/yGwgAb3mThgMmY7E0pw67S88rpcekPq3QCLcB\/s800\/10-mossenairesPC176488.JPG?ssl=1\" border=\"0\" \/><\/p>\n<p><img data-recalc-dims=\"1\" decoding=\"async\" src=\"https:\/\/i0.wp.com\/2.bp.blogspot.com\/-DR4zTEzEn8o\/WFrIqJqcSUI\/AAAAAAAAFPQ\/HtdPg2j2XvwMWmH1fbsq0F_SuOKOH5wbwCLcB\/s800\/11-mossenairesPC176489.JPG?ssl=1\" border=\"0\" \/><br \/>\nI aquesta gran familia, en <a class=\"postlink\" href=\"http:\/\/mossenhoms.netfreehost.com\/viewtopic.php?p=13040&amp;mforum=mossenhoms#13040\" target=\"_blank\"> Javier L\u00f3pez <\/a> i l&#8217;<a class=\"postlink\" href=\"http:\/\/mossenhoms.netfreehost.com\/viewtopic.php?p=12535&amp;mforum=mossenhoms#12535\" target=\"_blank\"> Eva Cantero <\/a>, amb en Watson i en Sherlock<\/p>\n<p><img data-recalc-dims=\"1\" decoding=\"async\" src=\"https:\/\/i0.wp.com\/3.bp.blogspot.com\/-3KbbELooZBU\/WFrIqXu0ylI\/AAAAAAAAFPU\/pK8qo5gU3DojHiqENwMRfSbKLsQCialkQCLcB\/s800\/12-mossenairesPC176490.JPG?ssl=1\" border=\"0\" \/><br \/>\nI arriba aquesta fant\u00e0stica cua.<\/p>\n<p><img data-recalc-dims=\"1\" decoding=\"async\" src=\"https:\/\/i0.wp.com\/3.bp.blogspot.com\/-1ztOUSVknr0\/WFrIqtKKBAI\/AAAAAAAAFPY\/LiY9W7mUWn4sEW5ZYVDI4CVmcAAI2KhrgCLcB\/s800\/13-mossenairesPC176491.JPG?ssl=1\" border=\"0\" \/><br \/>\nDespr\u00e9s del reagrupament<\/p>\n<p><img data-recalc-dims=\"1\" decoding=\"async\" src=\"https:\/\/i0.wp.com\/1.bp.blogspot.com\/-FT9EHGxkRH8\/WFrIqhfrCKI\/AAAAAAAAFPc\/RoSXa5sgV4QAtpIpB_IOSBxDpdmhx0xugCLcB\/s800\/14-mossenairesPC176492.JPG?ssl=1\" border=\"0\" \/><br \/>\nPujant cap a Matadepera amb en Josep, Jordi, Sandra, Marc, Andreu<\/p>\n<p><img data-recalc-dims=\"1\" decoding=\"async\" src=\"https:\/\/i0.wp.com\/4.bp.blogspot.com\/-NWUWyptf-E8\/WFrIq0PT7uI\/AAAAAAAAFPg\/Lckgy-VDdG4UirLUn9vhmWOfQEQ_ZPXugCLcB\/s800\/15-mossenairesPC176493.JPG?ssl=1\" border=\"0\" \/><br \/>\n<a class=\"postlink\" href=\"http:\/\/mossenhoms.netfreehost.com\/mossenhoms-post-13915.html#13915\" target=\"_blank\">Andreu Suarez <\/a>, entrant a la decorada Matadepera, amb motiu del Nadal<\/p>\n<p><img data-recalc-dims=\"1\" decoding=\"async\" src=\"https:\/\/i0.wp.com\/1.bp.blogspot.com\/-VLpvoYt0vXY\/WFrIrKgZ6HI\/AAAAAAAAFPk\/r-rmGlweQP4bAqYD2wm_5sCtnxyF9RB8wCLcB\/s800\/16-mossenairesPC176494.JPG?ssl=1\" border=\"0\" \/><\/p>\n<p><img data-recalc-dims=\"1\" decoding=\"async\" src=\"https:\/\/i0.wp.com\/2.bp.blogspot.com\/-dRFzN-0z1Nk\/WFrIrLk5tXI\/AAAAAAAAFPo\/kV0ivwKOQAcX3cmLvFu8ZNTeHZ613A-OACLcB\/s800\/17-mossenairesPC176495.JPG?ssl=1\" border=\"0\" \/><br \/>\nEls germans Vi\u00f1eta<\/p>\n<p><img data-recalc-dims=\"1\" decoding=\"async\" src=\"https:\/\/i0.wp.com\/3.bp.blogspot.com\/-KXqa4itqHrA\/WFrIrRt9qJI\/AAAAAAAAFPs\/lmAys_YxktIFiIdR_9WclVSV4mc8tqHfACLcB\/s800\/18-mossenairesPC176496.JPG?ssl=1\" border=\"0\" \/><br \/>\nL&#8217;Anna seguida d&#8217;en <a class=\"postlink\" href=\"http:\/\/mossenhoms.netfreehost.com\/mossenhoms-post-10225.html#10225\" target=\"_blank\">Mart\u00ed Roca <\/a><\/p>\n<p><img data-recalc-dims=\"1\" decoding=\"async\" src=\"https:\/\/i0.wp.com\/4.bp.blogspot.com\/-PNwH44xM48g\/WFrIrp4d7QI\/AAAAAAAAFPw\/0VNSX5mFVDw_sdpazAF0A8XkMjp9eBYPgCLcB\/s800\/19-mossenairesPC176497.JPG?ssl=1\" border=\"0\" \/><br \/>\nAntonio i Isaac<\/p>\n<p><img data-recalc-dims=\"1\" decoding=\"async\" src=\"https:\/\/i0.wp.com\/3.bp.blogspot.com\/--9XCsGxwCwU\/WFrIrzkQg2I\/AAAAAAAAFP0\/POtGdVdSCPY3XeermObOXCtTrkLUYlXcgCLcB\/s800\/20-mossenairesPC176498.JPG?ssl=1\" border=\"0\" \/><\/p>\n<p><img data-recalc-dims=\"1\" decoding=\"async\" src=\"https:\/\/i0.wp.com\/1.bp.blogspot.com\/-CF6nDGdfTV0\/WFrIsGLuqBI\/AAAAAAAAFP4\/FUgVsmWjJhkDLinh4zPZlpv5ZmDoK8rwgCLcB\/s800\/21-mossenairesPC176499.JPG?ssl=1\" border=\"0\" \/><\/p>\n<p><img data-recalc-dims=\"1\" decoding=\"async\" src=\"https:\/\/i0.wp.com\/3.bp.blogspot.com\/-qt0tvo_TTgA\/WFrIsZoLbkI\/AAAAAAAAFP8\/vIB0grCYo8k6aDjNGfjbw2SgQYuMJ0OvgCLcB\/s800\/22-mossenairesPC176500.JPG?ssl=1\" border=\"0\" \/><\/p>\n<p><img data-recalc-dims=\"1\" decoding=\"async\" src=\"https:\/\/i0.wp.com\/4.bp.blogspot.com\/-XuoOs55kSW0\/WFrIslbCGlI\/AAAAAAAAFQA\/A8g_Xi_wyKUQehYcaxPw90p5AU4W706LgCLcB\/s800\/23-mossenairesPC176501.JPG?ssl=1\" border=\"0\" \/><\/p>\n<p><img data-recalc-dims=\"1\" decoding=\"async\" src=\"https:\/\/i0.wp.com\/2.bp.blogspot.com\/-KElUlecXTm8\/WFrIs1pqKOI\/AAAAAAAAFQE\/NZC42zJdlpoWpi0ha7BQSsgQTdkIvsEegCLcB\/s800\/24-mossenairesPC176502.JPG?ssl=1\" border=\"0\" \/><\/p>\n<p><img data-recalc-dims=\"1\" decoding=\"async\" src=\"https:\/\/i0.wp.com\/1.bp.blogspot.com\/-z09rYZNQJG8\/WFrItDzSSzI\/AAAAAAAAFQI\/bxxyCzLijN8A2pxrEFZCM0jhleK8QGSBQCLcB\/s800\/25-mossenairesPC176503.JPG?ssl=1\" border=\"0\" \/><br \/>\nEls germans Vi\u00f1eta, en David i en Jordi<br \/>\n<img data-recalc-dims=\"1\" decoding=\"async\" src=\"https:\/\/i0.wp.com\/3.bp.blogspot.com\/-cc4UXwsMnF0\/WFrItOrz3gI\/AAAAAAAAFQM\/VFlFyYzNtMYbxeRK3bD6qBKh3G1oO2-zwCLcB\/s800\/26-mossenairesPC176504.JPG?ssl=1\" border=\"0\" \/><br \/>\nA la pla\u00e7a Sant Jordi<\/p>\n<p><img data-recalc-dims=\"1\" decoding=\"async\" src=\"https:\/\/i0.wp.com\/4.bp.blogspot.com\/-ObpfOrFL1DU\/WFrItdw-t2I\/AAAAAAAAFQQ\/wyQiFmd3ZPQrJVMUUWbOh2H55RZku2pqQCLcB\/s800\/27-mossenairesPC176505.JPG?ssl=1\" border=\"0\" \/><br \/>\nAnades i tornades de la familia Mossenaire<\/p>\n<p><img data-recalc-dims=\"1\" decoding=\"async\" src=\"https:\/\/i0.wp.com\/3.bp.blogspot.com\/-ItWx5iwyYR4\/WFrItnRICtI\/AAAAAAAAFQU\/BVoT2b8fad8O1xDKt1eqZdIyQRKht8qxgCLcB\/s800\/28-mossenairesPC176506.JPG?ssl=1\" border=\"0\" \/><\/p>\n<p><img data-recalc-dims=\"1\" decoding=\"async\" src=\"https:\/\/i0.wp.com\/4.bp.blogspot.com\/-Cqk2qm_-lZc\/WFrItx9PEEI\/AAAAAAAAFQY\/kEPmsRAGOo4pQ_A0njqLm2DkWzYvN_1rgCLcB\/s800\/29-mossenairesPC176507.JPG?ssl=1\" border=\"0\" \/><\/p>\n<p><img data-recalc-dims=\"1\" decoding=\"async\" src=\"https:\/\/i0.wp.com\/1.bp.blogspot.com\/-BCD9TX5P7Oc\/WFrIuGvyTGI\/AAAAAAAAFQc\/wI1uHJAaUcATr8PeLs0mn3sO1k56JB0OQCLcB\/s800\/30-mossenairesPC176508.JPG?ssl=1\" border=\"0\" \/><\/p>\n<p><img data-recalc-dims=\"1\" decoding=\"async\" src=\"https:\/\/i0.wp.com\/2.bp.blogspot.com\/-joSBmz_DCNc\/WFrIuffwq0I\/AAAAAAAAFQg\/NILuGnyWgdcRZYHokmaV_GptpK5M-Gg9ACLcB\/s800\/31-mossenairesPC176509.JPG?ssl=1\" border=\"0\" \/><\/p>\n<p><img data-recalc-dims=\"1\" decoding=\"async\" src=\"https:\/\/i0.wp.com\/2.bp.blogspot.com\/-74GochZonVw\/WFrIuoP526I\/AAAAAAAAFQk\/6IllAikLcjM8noI-_cx5qpStctF5G0XiQCLcB\/s800\/32-mossenairesPC176510.JPG?ssl=1\" border=\"0\" \/><br \/>\nMoment en que coneixerem als Mossenaire Nous: V\u00edctor, Santi i David.<br \/>\nSigueu benvinguts i esperem anar-vos veient sempre que us vingui degust.<br \/>\nGr\u00e0cies !!!!<\/p>\n<p><img data-recalc-dims=\"1\" decoding=\"async\" src=\"https:\/\/i0.wp.com\/3.bp.blogspot.com\/-lSOR33p7hj4\/WFrIv9eagWI\/AAAAAAAAFQw\/8D3xw4f8XQI3-C69YDoL8FPpLc9G7zc2QCLcB\/s1600\/33-mossenairesPC176511a.JPG?ssl=1\" border=\"0\" \/><br \/>\nLa fotografia de familia a la font de la Tartana amb ganes de passar-ho b\u00e9, i<br \/>\ncorrerxerrar amb molt bona companyia. Moltes gr\u00e0cies a tothom!!!<\/p>\n<p><img data-recalc-dims=\"1\" decoding=\"async\" src=\"https:\/\/i0.wp.com\/3.bp.blogspot.com\/-htBHyq8azHQ\/WFrIvbpYUvI\/AAAAAAAAFQo\/4Gx2GhJ_FKYI2sdtmzAkhjekDDaPnqUtwCLcB\/s800\/34-mossenairesPC176513.JPG?ssl=1\" border=\"0\" \/><\/p>\n<p><img data-recalc-dims=\"1\" decoding=\"async\" src=\"https:\/\/i0.wp.com\/2.bp.blogspot.com\/-aC5W8FWZLwE\/WFrIv0EcTKI\/AAAAAAAAFQs\/KpHkOND_DQUmclEkHk8tXLaU8YN8LEHugCLcB\/s800\/35-mossenairesPC176514.JPG?ssl=1\" border=\"0\" \/><\/p>\n<p><img data-recalc-dims=\"1\" decoding=\"async\" src=\"https:\/\/i0.wp.com\/4.bp.blogspot.com\/-VOc1X_TwtOk\/WFrIwLt1kwI\/AAAAAAAAFQ0\/FoV-FrjNqxEQ_TyV9FsOtm71qplskKwRwCLcB\/s800\/36-mossenairesPC176515.JPG?ssl=1\" border=\"0\" \/><\/p>\n<p><img data-recalc-dims=\"1\" decoding=\"async\" src=\"https:\/\/i0.wp.com\/4.bp.blogspot.com\/-6x5ZliCXtCw\/WFrIwgd_R3I\/AAAAAAAAFQ4\/YFqUTnLCZ5sDAIhT01c7B2NWd2KKb9cVACLcB\/s800\/37-mossenairesPC176516.JPG?ssl=1\" border=\"0\" \/><\/p>\n<p><img data-recalc-dims=\"1\" decoding=\"async\" src=\"https:\/\/i0.wp.com\/2.bp.blogspot.com\/-qgYeu8EZFrs\/WFrIwmnjFNI\/AAAAAAAAFQ8\/bNjyzxlMA_4s7WzOmu62Uvln0H1bCZHkgCLcB\/s800\/38-mossenairesPC176517.JPG?ssl=1\" border=\"0\" \/><br \/>\nI ara salta la sorpresa: ol\u00e9!! La cua m\u00e9s important del m\u00f3n mossenaire es destapar\u00e0 amb&#8230;<\/p>\n<p><img data-recalc-dims=\"1\" decoding=\"async\" src=\"https:\/\/i0.wp.com\/4.bp.blogspot.com\/-v4dJ_w-2nvA\/WFrIw9P3HvI\/AAAAAAAAFRA\/hpoqIrNN6DYkik2V-RusDs5GrLJZzk5_QCLcB\/s800\/39-mossenairesPC176518.JPG?ssl=1\" border=\"0\" \/><br \/>\nPasse a la dreta, oleee !!<\/p>\n<p><img data-recalc-dims=\"1\" decoding=\"async\" src=\"https:\/\/i0.wp.com\/1.bp.blogspot.com\/-PBfrYZMIjz8\/WFrIxNYDVtI\/AAAAAAAAFRE\/s8y3nzXZIRAvOtJb0ToVvel_wOCRe9v9wCLcB\/s800\/40-mossenairesPC176519.JPG?ssl=1\" border=\"0\" \/><br \/>\nNou passe a la dreta !!!<\/p>\n<p><img data-recalc-dims=\"1\" decoding=\"async\" src=\"https:\/\/i0.wp.com\/4.bp.blogspot.com\/-QujZWme1wZk\/WFrIxcWuwmI\/AAAAAAAAFRI\/gh8DjXb6NP0hKsPZZJBmhnWrWMhqEMAsgCLcB\/s800\/41-mossenairesPC176520.JPG?ssl=1\" border=\"0\" \/><br \/>\nTothom ben espectant de com acabar\u00e0!!&#8230; i acabar\u00e0 b\u00e9. Gr\u00e0cies!!, <a class=\"postlink\" href=\"http:\/\/mossenhoms.netfreehost.com\/mossenhoms-post-13587.html#13587\" target=\"_blank\">Miguel Sampietro <\/a>,<br \/>\nper la novetat i les ganes de fer un dia diferent.<\/p>\n<p><img data-recalc-dims=\"1\" decoding=\"async\" src=\"https:\/\/i0.wp.com\/4.bp.blogspot.com\/-e9GIGM2YIK0\/WFrIxpB7XnI\/AAAAAAAAFRM\/ltaJu9uu19ofiYCjL3mAqAgF3abKLQhdQCLcB\/s800\/42-mossenairesPC176521.JPG?ssl=1\" border=\"0\" \/><\/p>\n<p><img data-recalc-dims=\"1\" decoding=\"async\" src=\"https:\/\/i0.wp.com\/2.bp.blogspot.com\/-Wgz2heiI9A4\/WFrIxgnri4I\/AAAAAAAAFRQ\/GjPLKttiVKYFCdZHk467RbyAzw4VvbNWgCLcB\/s800\/43-mossenairesPC176522.JPG?ssl=1\" border=\"0\" \/><br \/>\nI una gran persona, en Joan V\u00e1zquez, tamb\u00e9 mossenaire, que l&#8217;hem vist entrenant per la zona<br \/>\n<img data-recalc-dims=\"1\" decoding=\"async\" src=\"https:\/\/i0.wp.com\/4.bp.blogspot.com\/-9uZhkXiy9Og\/WFrIxxl8wAI\/AAAAAAAAFRU\/egAclQJ9CJIRM8A79_VtWiY9WXnwWHhcACLcB\/s800\/44-mossenairesPC176523.JPG?ssl=1\" border=\"0\" \/><\/p>\n<p><img data-recalc-dims=\"1\" decoding=\"async\" src=\"https:\/\/i0.wp.com\/2.bp.blogspot.com\/-IWWjR_nTpfU\/WFrIyGISALI\/AAAAAAAAFRY\/QYsPpdeq-vc6hM2XZ0MMbO3KMtp95LsvACLcB\/s800\/45-mossenairesPC176524.JPG?ssl=1\" border=\"0\" \/><\/p>\n<p><img data-recalc-dims=\"1\" decoding=\"async\" src=\"https:\/\/i0.wp.com\/4.bp.blogspot.com\/-33HiSOgeyKs\/WFrIyd25qzI\/AAAAAAAAFRc\/HHcIOrNJy7kPOuqzXnxHuAKH-dJD-RicACLcB\/s800\/46-mossenairesPC176525.JPG?ssl=1\" border=\"0\" \/><\/p>\n<p><img data-recalc-dims=\"1\" decoding=\"async\" src=\"https:\/\/i0.wp.com\/1.bp.blogspot.com\/-DOrSmcrta70\/WFrIyj8m6wI\/AAAAAAAAFRg\/DH5eVIr9hf43HHqqtp3rqXr5WOAvgRb7QCLcB\/s800\/47-mossenairesPC176526.JPG?ssl=1\" border=\"0\" \/><\/p>\n<p><img data-recalc-dims=\"1\" decoding=\"async\" src=\"https:\/\/i0.wp.com\/1.bp.blogspot.com\/-7N6Omeock5o\/WFrIy4bQmeI\/AAAAAAAAFRk\/0_TeQ6YRshATXFU4YFl007_9ujMnjaSvgCLcB\/s800\/48-mossenairesPC176527.JPG?ssl=1\" border=\"0\" \/><br \/>\n<a class=\"postlink\" href=\"http:\/\/mossenhoms.netfreehost.com\/mossenhoms-post-13912.html#13912\" target=\"_blank\">Miquel Paradell <\/a> i l&#8217;<a class=\"postlink\" href=\"http:\/\/mossenhoms.netfreehost.com\/viewtopic.php?p=14011&amp;mforum=mossenhoms#14011\" target=\"_blank\">Alba Mart\u00ednez <\/a><br \/>\n<img data-recalc-dims=\"1\" decoding=\"async\" src=\"https:\/\/i0.wp.com\/2.bp.blogspot.com\/-_lSsqpLgvlk\/WFrIy6H_MqI\/AAAAAAAAFRo\/n6AeL5eKaPUmXcdYZJczKlTNj1oUzq63QCLcB\/s800\/49-mossenairesPC176528.JPG?ssl=1\" border=\"0\" \/><br \/>\nImma i Nuria<\/p>\n<p><img data-recalc-dims=\"1\" decoding=\"async\" src=\"https:\/\/i0.wp.com\/3.bp.blogspot.com\/-0hBGcSRjIhw\/WFrIzBDwAdI\/AAAAAAAAFRs\/APzgmSYQgKAJA1F-LRZOPdaNAxXj3JRpgCLcB\/s800\/50-mossenairesPC176529.JPG?ssl=1\" border=\"0\" \/><br \/>\nPepe i Oscar. Oscar va tenir un tiron.<\/p>\n<p><img data-recalc-dims=\"1\" decoding=\"async\" src=\"https:\/\/i0.wp.com\/1.bp.blogspot.com\/-lpI2KMP5KVk\/WFrIzeVfhwI\/AAAAAAAAFRw\/7sJOv16dQH8tJfZQMh0qL62gYEkjUMOYwCLcB\/s800\/51-mossenairesPC176530.JPG?ssl=1\" border=\"0\" \/><br \/>\nI desplegament al camp base.<\/p>\n<p><img data-recalc-dims=\"1\" decoding=\"async\" src=\"https:\/\/i0.wp.com\/4.bp.blogspot.com\/-2itdAdl_1wg\/WFrIziNVWdI\/AAAAAAAAFR0\/k_2_tC_UYdc5XjT1q7_Dtbhpox627v2qACLcB\/s800\/52-mossenairesPC176531.JPG?ssl=1\" border=\"0\" \/><br \/>\nUn nou dia en el qual hem gaudit. Gr\u00e0cies a tothom<\/p>\n<p><a class=\"postlink\" href=\"https:\/\/connect.garmin.com\/modern\/activity\/1486116677\/share\/0?lang=es\" target=\"_blank\"><img data-recalc-dims=\"1\" decoding=\"async\" src=\"https:\/\/i0.wp.com\/1.bp.blogspot.com\/-KmnXv12zRmA\/WFrKcD3cyWI\/AAAAAAAAFSA\/DK9KR-mpxxsVneS7N5S-M30Ctt_-GoyrQCLcB\/s800\/53-mossenaires.jpg?ssl=1\" border=\"0\" \/><\/a><br \/>\nI el circuit gentilesa d&#8217;en Jordi Gamez<\/p>\n<table cellspacing=\"0\" align=\"left\">\n<tbody>\n<tr style=\"text-align: justify\">\n<td>\n<h3><strong><span style=\"color: #993300\"><img data-recalc-dims=\"1\" decoding=\"async\" class=\"decoded\" src=\"https:\/\/i0.wp.com\/josepmoliner.com\/chiptiempo.gif\" alt=\"http:\/\/josepmoliner.com\/chiptiempo.gif\" \/><\/span><\/strong><\/h3>\n<\/td>\n<td>\n<h3><strong><span style=\"color: #993300\"><img data-recalc-dims=\"1\" decoding=\"async\" class=\"decoded\" src=\"https:\/\/i0.wp.com\/josepmoliner.com\/centreMedicAvinguda.gif\" alt=\"http:\/\/josepmoliner.com\/centreMedicAvinguda.gif\" \/><\/span><\/strong><\/h3>\n<\/td>\n<\/tr>\n<tr style=\"text-align: justify\">\n<td>\n<h3><strong><span style=\"color: #993300\"><a style=\"color: #993300\" href=\"http:\/\/www.grevolsalut.com\/\" target=\"_blank\"><img data-recalc-dims=\"1\" decoding=\"async\" src=\"https:\/\/i0.wp.com\/www.elroure.net\/grevol\/grevol_salut.gif\" alt=\"\" \/><\/a><\/span><\/strong><\/h3>\n<\/td>\n<td>\n<h3><strong><span style=\"color: #993300\"><a style=\"color: #993300\" href=\"http:\/\/www.eledevall.com\/\" target=\"_blank\"><img data-recalc-dims=\"1\" decoding=\"async\" src=\"https:\/\/i0.wp.com\/josepmoliner.com\/eledevall.gif\" alt=\"\" \/><\/a><\/span><\/strong><\/h3>\n<\/td>\n<\/tr>\n<tr style=\"text-align: justify\">\n<td>\n<h3><strong><a style=\"color: #993300\" href=\"http:\/\/knyera.cf\/\" target=\"_blank\"><img data-recalc-dims=\"1\" decoding=\"async\" src=\"https:\/\/i0.wp.com\/www.josepmoliner.com\/knyera_running.gif\" alt=\"\" \/><\/a><\/strong><\/h3>\n<\/td>\n<td>\n<h3><strong><span style=\"color: #993300\"><a style=\"color: #993300\" href=\"http:\/\/www.egargrafic.com\/\" target=\"_blank\"><img data-recalc-dims=\"1\" decoding=\"async\" src=\"https:\/\/i0.wp.com\/www.josepmoliner.com\/egargrafic2.gif\" alt=\"\" \/><\/a><\/span><\/strong><\/h3>\n<\/td>\n<\/tr>\n<tr style=\"text-align: justify\">\n<td>\n<h3><strong><a style=\"color: #993300\" href=\"http:\/\/www.esportsavinguda.tk\/\" target=\"_blank\"><img data-recalc-dims=\"1\" decoding=\"async\" src=\"https:\/\/i0.wp.com\/josepmoliner.com\/esportsavinguda2.gif\" alt=\"\" \/><\/a><\/strong><\/h3>\n<\/td>\n<td>\n<h3><strong><span style=\"color: #993300\"><a style=\"color: #993300\" href=\"http:\/\/www.elroure.net\/\" target=\"_blank\"><img data-recalc-dims=\"1\" decoding=\"async\" src=\"https:\/\/i0.wp.com\/elroure.net\/rourenet.gif\" alt=\"\" \/><\/a><\/span><\/strong><\/h3>\n<\/td>\n<\/tr>\n<tr style=\"text-align: justify\">\n<td><\/td>\n<td>\n<h3><strong><span style=\"color: #993300\"><a style=\"color: #993300\" href=\"http:\/\/civeracampoy.com\/index.php\/es\/\" target=\"_blank\"><img data-recalc-dims=\"1\" decoding=\"async\" src=\"https:\/\/i0.wp.com\/josepmoliner.com\/Civera%26Campoy.gif\" alt=\"\" \/><\/a><\/span><\/strong><\/h3>\n<\/td>\n<\/tr>\n<tr style=\"text-align: justify\">\n<td>\n<table cellspacing=\"0\" align=\"left\">\n<tbody>\n<tr style=\"text-align: justify\">\n<td><\/td>\n<\/tr>\n<tr style=\"text-align: justify\">\n<td>\n<h3><strong><span style=\"color: #993300\"><a style=\"color: #993300\" href=\"mailto:banner@mossenhoms.be\">vols el teu banner?<\/a><\/span><\/strong><\/h3>\n<\/td>\n<\/tr>\n<\/tbody>\n<\/table>\n<\/td>\n<\/tr>\n<\/tbody>\n<\/table>\n","protected":false},"excerpt":{"rendered":"<p>No va ploure. Es va correrxerrar una hora i cinc minuts i es van fer gaireb\u00e9 deu quil\u00f2metres. Es va gaudir i vam con\u00e8ixer gent nova i el que sempre diem: la trobada \u00e9s una bon\u00edssima excusa per estar prop de gent que ens agrada i de la que ens queden uns quants records en [&hellip;]<\/p>\n","protected":false},"author":171,"featured_media":0,"comment_status":"open","ping_status":"open","sticky":false,"template":"","format":"standard","meta":{"jetpack_post_was_ever_published":false,"_jetpack_newsletter_access":"","_jetpack_dont_email_post_to_subs":false,"_jetpack_newsletter_tier_id":0,"_jetpack_memberships_contains_paywalled_content":false,"_jetpack_memberships_contains_paid_content":false,"footnotes":"","jetpack_publicize_message":"","jetpack_publicize_feature_enabled":true,"jetpack_social_post_already_shared":false,"jetpack_social_options":{"image_generator_settings":{"template":"highway","default_image_id":0,"font":"","enabled":false},"version":2}},"categories":[2697,5580,1,4554,25102,25094,73],"tags":[],"class_list":["post-4367","post","type-post","status-publish","format-standard","hentry","category-amistat","category-entrenaments","category-general","category-mossenaires","category-mossenhoms-be","category-pep-moliner","category-terrassa"],"jetpack_publicize_connections":[],"jetpack_featured_media_url":"","jetpack_sharing_enabled":true,"jetpack_shortlink":"https:\/\/wp.me\/pagkiK-18r","jetpack-related-posts":[{"id":259,"url":"https:\/\/blogs.avui.cat\/pepmoliner\/2010\/07\/26\/mossenaires-amb-futbol-club-terrassa\/","url_meta":{"origin":4367,"position":0},"title":"Mossenaires  amb Futbol Club Terrassa","author":"Pep Moliner","date":"26 de juliol de 2010","format":false,"excerpt":"Avui ens han fet un regal i ha estat el seg\u00fcent i ha anat d'aquesta manera. Darrerament estem filmant per donar m\u00e9s ress\u00f2 i donar a con\u00e8ixer a qui vulgui els recorreguts i amics que s'apropen a entrenar qualsevol dissabte de l'any a les 08:00 davant la masia de Torre\u2026","rel":"","context":"A &quot;General&quot;","block_context":{"text":"General","link":"https:\/\/blogs.avui.cat\/pepmoliner\/category\/general\/"},"img":{"alt_text":"","src":"","width":0,"height":0},"classes":[]},{"id":200,"url":"https:\/\/blogs.avui.cat\/pepmoliner\/2010\/01\/02\/el-gener-ens-porta-a-correr-de-nou\/","url_meta":{"origin":4367,"position":1},"title":"El Gener ens porta a c\u00f3rrer de nou","author":"Pep Moliner","date":"2 de gener de 2010","format":false,"excerpt":"Encetem els dissabtes de l'any 2010 fent l'entrenament d'un dels circu\u00efts m\u00e9s antics, que ens porta fins a Can Oriach, a les portes de Sabadell, tot travessant els Boscos de Can Deu. Sempre \u00e9s un plaer compartir aquesta estona amb tanta gent que els agrada el mateix que nosaltres. La\u2026","rel":"","context":"A &quot;Entrenaments&quot;","block_context":{"text":"Entrenaments","link":"https:\/\/blogs.avui.cat\/pepmoliner\/category\/entrenaments\/"},"img":{"alt_text":"","src":"","width":0,"height":0},"classes":[]},{"id":182,"url":"https:\/\/blogs.avui.cat\/pepmoliner\/2009\/11\/16\/182\/","url_meta":{"origin":4367,"position":2},"title":"Vacarisses hi \u00e9s representada","author":"Pep Moliner","date":"16 de novembre de 2009","format":false,"excerpt":"Els dels circuits m\u00e9s pintorescs que fem, tot i que el fem sovint en sentit nord, aquest dissabte era cap el sud que an\u00e0vem. A la font de la Moreria no ens aturem, en altres motius per qu\u00e8 ning\u00fa te sed. Venim beguts de casa, i el rierol ens acompanya\u2026","rel":"","context":"A &quot;Entrenaments&quot;","block_context":{"text":"Entrenaments","link":"https:\/\/blogs.avui.cat\/pepmoliner\/category\/entrenaments\/"},"img":{"alt_text":"","src":"","width":0,"height":0},"classes":[]},{"id":884,"url":"https:\/\/blogs.avui.cat\/pepmoliner\/2011\/09\/06\/encetem-teporada-de-correr\/","url_meta":{"origin":4367,"position":3},"title":"Encetem temporada de c\u00f3rrer","author":"Pep Moliner","date":"6 de setembre de 2011","format":false,"excerpt":"Temporada encetada ! i promet. Tants amics fent-se costat i en constant millora, \u00e9s un bon senyal. El circu\u00eft, per qui no ho s\u00e0piga, \u00e9s un d'aquells que al comen\u00e7ament del projecte, all\u00e0 pels noranta, era l'\u00fanic. I ho f\u00e8iem per si alg\u00fa venia m\u00e9s tard tingu\u00e9s l'oportunitat de venir\u2026","rel":"","context":"A &quot;General&quot;","block_context":{"text":"General","link":"https:\/\/blogs.avui.cat\/pepmoliner\/category\/general\/"},"img":{"alt_text":"","src":"https:\/\/i0.wp.com\/lh3.googleusercontent.com\/-vn_8ihF1v4E\/TmZJGd279VI\/AAAAAAAAGgo\/bZ16cU_hiio\/s400\/DSC04143a.jpg?resize=350%2C200&ssl=1","width":350,"height":200},"classes":[]},{"id":69,"url":"https:\/\/blogs.avui.cat\/pepmoliner\/2008\/11\/02\/caminana-a-sils\/","url_meta":{"origin":4367,"position":4},"title":"Caminada a Sils","author":"Pep Moliner","date":"2 de novembre de 2008","format":false,"excerpt":"La idea era fer la marxa de Sils com a entrenament per la propera futura caminada de la Matagalls-Granollers, per veure com ens pot anar. Arribem amb temps per apuntar-nos de nou, ja que no ens troben a les llistes, i com que veiem que els caminadors ja sortiem, enfilem\u2026","rel":"","context":"A &quot;General&quot;","block_context":{"text":"General","link":"https:\/\/blogs.avui.cat\/pepmoliner\/category\/general\/"},"img":{"alt_text":"","src":"","width":0,"height":0},"classes":[]},{"id":2647,"url":"https:\/\/blogs.avui.cat\/pepmoliner\/2013\/04\/24\/primavera-a-la-jardineria-amb-els-mossenaires\/","url_meta":{"origin":4367,"position":5},"title":"Primavera a la Jardineria amb els mossenaires","author":"Pep Moliner","date":"24 d'abril de 2013","format":false,"excerpt":"En Marc Roura i la Carme Roca son fidels seguidors dels entrenaments en grup a Torre Moss\u00e8n Homs i en Marc, a m\u00e9s, fa un munt d'anys que ve a entrenar els dissabtes amb nosaltres. Com a fundador de Minyons de Terrassa i per estar en bona forma, el c\u00f3rrer\u2026","rel":"","context":"A &quot;General&quot;","block_context":{"text":"General","link":"https:\/\/blogs.avui.cat\/pepmoliner\/category\/general\/"},"img":{"alt_text":"SOC DISSENYADOR I TREBALLO COM AUT\u00d2NOM, ESPERO LA TEVA COMANDA ;)","src":"https:\/\/i0.wp.com\/blogs.avui.cat\/pepmoliner\/files\/2012\/02\/josepmolinerDisseny381x111.gif?resize=350%2C200","width":350,"height":200},"classes":[]}],"_links":{"self":[{"href":"https:\/\/blogs.avui.cat\/pepmoliner\/wp-json\/wp\/v2\/posts\/4367","targetHints":{"allow":["GET"]}}],"collection":[{"href":"https:\/\/blogs.avui.cat\/pepmoliner\/wp-json\/wp\/v2\/posts"}],"about":[{"href":"https:\/\/blogs.avui.cat\/pepmoliner\/wp-json\/wp\/v2\/types\/post"}],"author":[{"embeddable":true,"href":"https:\/\/blogs.avui.cat\/pepmoliner\/wp-json\/wp\/v2\/users\/171"}],"replies":[{"embeddable":true,"href":"https:\/\/blogs.avui.cat\/pepmoliner\/wp-json\/wp\/v2\/comments?post=4367"}],"version-history":[{"count":5,"href":"https:\/\/blogs.avui.cat\/pepmoliner\/wp-json\/wp\/v2\/posts\/4367\/revisions"}],"predecessor-version":[{"id":4372,"href":"https:\/\/blogs.avui.cat\/pepmoliner\/wp-json\/wp\/v2\/posts\/4367\/revisions\/4372"}],"wp:attachment":[{"href":"https:\/\/blogs.avui.cat\/pepmoliner\/wp-json\/wp\/v2\/media?parent=4367"}],"wp:term":[{"taxonomy":"category","embeddable":true,"href":"https:\/\/blogs.avui.cat\/pepmoliner\/wp-json\/wp\/v2\/categories?post=4367"},{"taxonomy":"post_tag","embeddable":true,"href":"https:\/\/blogs.avui.cat\/pepmoliner\/wp-json\/wp\/v2\/tags?post=4367"}],"curies":[{"name":"wp","href":"https:\/\/api.w.org\/{rel}","templated":true}]}}