{"id":4358,"date":"2016-12-15T19:23:05","date_gmt":"2016-12-15T18:23:05","guid":{"rendered":"http:\/\/blogs.avui.cat\/pepmoliner\/?p=4358"},"modified":"2016-12-15T19:26:35","modified_gmt":"2016-12-15T18:26:35","slug":"darrere-daquesta-barba","status":"publish","type":"post","link":"https:\/\/blogs.avui.cat\/pepmoliner\/2016\/12\/15\/darrere-daquesta-barba\/","title":{"rendered":"Darrere d&#8217;aquesta barba"},"content":{"rendered":"<h3><span class=\"postbody\">La Masia de Torre Moss\u00e8n Homs i ja fa gaireb\u00e9 vint-i-tres anys seguits tots els dissabtes veu a desfilar a tot tipus de bona gent. El projecte s&#8217;est\u00e0 mantenint per l&#8217;inter\u00e8s que aneu manifestant setmana rere a setmana i no deixa de sorprendre que vosaltres el teniu molt present i tant si podeu venir com si no, hi penseu. Avui tamb\u00e9, tot i ser una setmana plena de dies festius, amb ponts i tamb\u00e9 diuen aq\u00fceductes. Tot i aix\u00f2, el dissabte ha estat un dia on ens hem trobat ben acompanyats i tot seguit aquest reguitzell de<br \/>\nfotografies per donar-ne const\u00e0ncia.<\/span><\/h3>\n<h3>Hem fet un circu\u00eft cl\u00e0ssic fins a Castellarnau, i ara ja no hi ha gronxadors, per\u00f2 encara hi ha un lloc on s&#8217;hi pot estar for\u00e7a b\u00e9, amb taules de fusta i fonts. So fa o no fa a mig cam\u00ed i al capdavall de la fina baixada i des d&#8217;aqu\u00ed ara tocar\u00e0 pujar, per acomplir un entrenament caracter\u00edstic i sense massa sorpreses, quant al recorregut.<\/h3>\n<h3>Noves amigues i amics podreu llegir el que d&#8217;ell mateix ens explicar\u00e0 el nostre flamant Mossenaire d&#8217;honor, en Llu\u00eds Ferrando. Fa poc el vam con\u00e8ixer com a Mossenaire Nou, i avui ja el tenim d&#8217;honor. I \u00e9s que gaireb\u00e9 tothom que ha vingut a avui ja posse\u00efx aquesta distinci\u00f3.<\/h3>\n<h3>La bandera condu\u00efda per en Jordi G\u00e0mez i qu\u00e8 ens porta, tamb\u00e9, la seva parella la Susana com a Mossenaire Nova. Tamb\u00e9 la Silvia ha estat la primera vegada.<\/h3>\n<h3>En definitiva, un entrenament amb unes bones xerrades, mentre correm i amb moltes ganes de tornar-hi, sempre i quan no hi faltis tu; t&#8217;hi atreveixes?<\/h3>\n<h3>Doncs t&#8217;esperem el dissabte vinent.<\/h3>\n<h3><img data-recalc-dims=\"1\" decoding=\"async\" src=\"https:\/\/i0.wp.com\/1.bp.blogspot.com\/-b-0ZoaQNV9Y\/WFGF64VuywI\/AAAAAAAAFLc\/ABCWPofjFoAaf0LpxrYAiaVvJJHIdxZ-gCLcB\/s800\/01-mossenairesPC106439.JPG?ssl=1\" border=\"0\" \/><br \/>\nQui ha fet venir a estrenar-se fa poc al nostre mossenaire d&#8217;honor d&#8217;avui, en<br \/>\nLlu\u00eds Ferrando, ha estat en <a class=\"postlink\" href=\"http:\/\/mossenhoms.netfreehost.com\/viewtopic.php?p=13967&amp;mforum=mossenhoms#13967\" target=\"_blank\">Juan Antonio S\u00e1nchez Amil <\/a><\/h3>\n<h3><img data-recalc-dims=\"1\" decoding=\"async\" src=\"https:\/\/i0.wp.com\/3.bp.blogspot.com\/-M7R81yjsNDk\/WFGF69qPAaI\/AAAAAAAAFLY\/3TLkXho6o-o_NPw_yMLE_7yX79YwFaFAgCLcB\/s800\/02-mossenairesPC106440.JPG?ssl=1\" border=\"0\" \/><br \/>\nDoncs queda oficialment nominat en Llu\u00eds: enhorabona i gr\u00e0cies per acceptar-ho.<br \/>\n<img data-recalc-dims=\"1\" decoding=\"async\" src=\"https:\/\/i0.wp.com\/2.bp.blogspot.com\/-FpJSlPZxixI\/WFGF6wx8D8I\/AAAAAAAAFLg\/MuEOqgWpHlQvNtZBefnN5fefcLNoAMqxQCLcB\/s800\/03-mossenairesPC106441.JPG?ssl=1\" border=\"0\" \/><br \/>\nEn <a class=\"postlink\" href=\"http:\/\/mossenhoms.netfreehost.com\/viewtopic.php?p=13934&amp;mforum=mossenhoms#13934\" target=\"_blank\">Jordi G\u00e1mez <\/a> ha estat el nostre bandera. Gr\u00e0cies !!<\/h3>\n<h3><img data-recalc-dims=\"1\" decoding=\"async\" src=\"https:\/\/i0.wp.com\/3.bp.blogspot.com\/-T80kM65vlYk\/WFGF9iJRegI\/AAAAAAAAFMA\/2Xsd6ms1fzU9eZlpBWAhwi_GPKzS4mq6gCLcB\/s800\/04-mossenairesPC106442.JPG?ssl=1\" border=\"0\" \/><br \/>\n<a class=\"postlink\" href=\"http:\/\/mossenhoms.netfreehost.com\/viewtopic.php?p=13934&amp;mforum=mossenhoms#13934\" target=\"_blank\">Jordi G\u00e1mez <\/a>disposat a dur-la<\/h3>\n<h3><img data-recalc-dims=\"1\" decoding=\"async\" src=\"https:\/\/i0.wp.com\/3.bp.blogspot.com\/-EIe8WImd0ik\/WFGF7pGLYxI\/AAAAAAAAFLk\/xke-KRqIiJk2SjsnHncstfuy8ZvSolo1QCLcB\/s800\/05-mossenairesPC106443.JPG?ssl=1\" border=\"0\" \/><br \/>\n<a class=\"postlink\" href=\"http:\/\/mossenhoms.netfreehost.com\/viewtopic.php?p=13720&amp;mforum=mossenhoms#13720\" target=\"_blank\"> Carme Valldeperas <\/a> i en <a class=\"postlink\" href=\"http:\/\/mossenhoms.netfreehost.com\/mossenhoms-post-8254.html#8254\" target=\"_blank\">Xavi Miquel <\/a><\/h3>\n<h3><img data-recalc-dims=\"1\" decoding=\"async\" src=\"https:\/\/i0.wp.com\/3.bp.blogspot.com\/-cUkj5ouhjGA\/WFGF7sBpsEI\/AAAAAAAAFLo\/FkwJRN97DDkPYBL4J-JlC8Y25xOan1-OQCLcB\/s800\/06-mossenairesPC106444.JPG?ssl=1\" border=\"0\" \/><\/h3>\n<h3><img data-recalc-dims=\"1\" decoding=\"async\" src=\"https:\/\/i0.wp.com\/4.bp.blogspot.com\/-5kapaT9YyWA\/WFGF8ToyeoI\/AAAAAAAAFLs\/S31Xqg532H48amMXSwPQtvRDBzVq_Na3QCLcB\/s800\/07-mossenairesPC106445.JPG?ssl=1\" border=\"0\" \/><br \/>\nAvui la mossenaire nova ha estat la Sussanna, la parella del Jordi.<br \/>\n<img data-recalc-dims=\"1\" decoding=\"async\" src=\"https:\/\/i0.wp.com\/4.bp.blogspot.com\/-oG-UVGaK4wE\/WFGF8S_EX9I\/AAAAAAAAFLw\/gkG-XPtLDTU9PbYBuUJ64Lc4JWUEbih5gCLcB\/s800\/08-mossenairesPC106446.JPG?ssl=1\" border=\"0\" \/><br \/>\n<a class=\"postlink\" href=\"http:\/\/mossenhoms.netfreehost.com\/viewtopic.php?p=12535&amp;mforum=mossenhoms#12535\" target=\"_blank\"> Eva Cantero <\/a>, <a class=\"postlink\" href=\"http:\/\/mossenhoms.netfreehost.com\/mossenhoms-post-13912.html#13912\" target=\"_blank\">Miquel Paradell <\/a>, <a class=\"postlink\" href=\"http:\/\/mossenhoms.netfreehost.com\/viewtopic.php?p=13870&amp;mforum=mossenhoms#13870\" target=\"_blank\"> Fran Frutos <\/a><br \/>\n<img data-recalc-dims=\"1\" decoding=\"async\" src=\"https:\/\/i0.wp.com\/2.bp.blogspot.com\/-YIcEWu_N5Oc\/WFGF8-gcJhI\/AAAAAAAAFL0\/s-xL-L29NkkHx3rXBLaiK70StZMAcahrgCLcB\/s800\/09-mossenairesPC106447.JPG?ssl=1\" border=\"0\" \/><br \/>\n<a class=\"postlink\" href=\"http:\/\/mossenhoms.netfreehost.com\/viewtopic.php?p=13993&amp;mforum=mossenhoms#13993\" target=\"_blank\"> Chary <\/a> i el nominalt, en Llu\u00eds, i en plena pujada tornen a la cua a fer costat a qui no va tant de pressa<br \/>\n<img data-recalc-dims=\"1\" decoding=\"async\" src=\"https:\/\/i0.wp.com\/3.bp.blogspot.com\/-jeeSA8HG_pE\/WFGF9AAXnvI\/AAAAAAAAFL4\/9TRJaWMF148561lSdE4GTBg8ws__xCH3QCLcB\/s800\/10-mossenairesPC106448.JPG?ssl=1\" border=\"0\" \/><\/h3>\n<h3><img data-recalc-dims=\"1\" decoding=\"async\" src=\"https:\/\/i0.wp.com\/4.bp.blogspot.com\/-B9POoBw7k8o\/WFGF9TEhFpI\/AAAAAAAAFL8\/w72jmRVke8Embui92nm0uY1QcQgy6pr0QCLcB\/s800\/11-mossenairesPC106449.JPG?ssl=1\" border=\"0\" \/><br \/>\ni a la cua va tamb\u00e9 <a class=\"postlink\" href=\"http:\/\/mossenhoms.netfreehost.com\/viewtopic.php?p=13157&amp;mforum=mossenhoms#13157\" target=\"_blank\"> Emilio S\u00e1nchez <\/a><br \/>\n<img data-recalc-dims=\"1\" decoding=\"async\" src=\"https:\/\/i0.wp.com\/1.bp.blogspot.com\/-jis5NujezEg\/WFGF9uXESLI\/AAAAAAAAFME\/YwRLKHT1Z4IMFM9inh4VImJnJBALvDs6ACLcB\/s800\/12-mossenairesPC106450.JPG?ssl=1\" border=\"0\" \/><br \/>\n&#8230; i l&#8217;<a class=\"postlink\" href=\"http:\/\/mossenhoms.netfreehost.com\/viewtopic.php?p=13283&amp;mforum=mossenhoms#13283\" target=\"_blank\">Ana Maria Mu\u00f1oz Fuentes <\/a><br \/>\n<img data-recalc-dims=\"1\" decoding=\"async\" src=\"https:\/\/i0.wp.com\/3.bp.blogspot.com\/-PVwPJuI3Zn8\/WFGF9zqPV6I\/AAAAAAAAFMI\/Zcp8N3fXsSocD2IqVNBV3kCdmHrAG-IVQCLcB\/s800\/13-mossenairesPC106451.JPG?ssl=1\" border=\"0\" \/><br \/>\n<a class=\"postlink\" href=\"http:\/\/mossenhoms.netfreehost.com\/mossenhoms-post-13856.html#13856\" target=\"_blank\">Toni Ga\u00f1et Fueris <\/a> i el mossenaire que no recordem el nom,<br \/>\n<img data-recalc-dims=\"1\" decoding=\"async\" src=\"https:\/\/i0.wp.com\/1.bp.blogspot.com\/-diAprhBKkPU\/WFGF-fkQ0II\/AAAAAAAAFMM\/U3XnYQyHzX0kZCuIdlEtIHHP-14B8I0QgCLcB\/s800\/14-mossenairesPC106452.JPG?ssl=1\" border=\"0\" \/><br \/>\nI tothom que ha anat a buscar a la cua, l&#8217;aut\u00e8ntica ess\u00e8ncia de mossenaires. &#8220;S&#8217;ha d&#8217;anar a la cua!!&#8221;. Moltes gr\u00e0cies!!<br \/>\n<img data-recalc-dims=\"1\" decoding=\"async\" src=\"https:\/\/i0.wp.com\/2.bp.blogspot.com\/-KvQtDuxZPFg\/WFGF-UbWxSI\/AAAAAAAAFMQ\/EEptb7uics0qwVS3OS1FuRGQ_oG62gGEQCLcB\/s800\/15-mossenairesPC106453.JPG?ssl=1\" border=\"0\" \/><br \/>\nI un altre vegada que s&#8217;ha anat a la cua<br \/>\n<img data-recalc-dims=\"1\" decoding=\"async\" src=\"https:\/\/i0.wp.com\/2.bp.blogspot.com\/-dTjTAZa6Wc4\/WFGF-4ISHhI\/AAAAAAAAFMU\/CcIHvwuNYiIb2W7ReJBXtGVZJD2Wnz-zACLcB\/s800\/16-mossenairesPC106454.JPG?ssl=1\" border=\"0\" \/><br \/>\n<a class=\"postlink\" href=\"http:\/\/mossenhoms.netfreehost.com\/viewtopic.php?p=13956&amp;mforum=mossenhoms#13956\" target=\"_blank\">Elisabet Caballero <\/a> i Manolo<br \/>\n<img data-recalc-dims=\"1\" decoding=\"async\" src=\"https:\/\/i0.wp.com\/1.bp.blogspot.com\/-yVMfxYGQirM\/WFGF-_0OqcI\/AAAAAAAAFMY\/rkU6Lh8jLHwbgtMfZ-ofc8tb2PdUjy5CACLcB\/s800\/17-mossenairesPC106455.JPG?ssl=1\" border=\"0\" \/><br \/>\nXavi Miquel i un fons de postal i ben acompanyat<br \/>\n<img data-recalc-dims=\"1\" decoding=\"async\" src=\"https:\/\/i0.wp.com\/1.bp.blogspot.com\/-AqxGxydR3zc\/WFGF_aMX-sI\/AAAAAAAAFMc\/20cfhB6E6toUXHZ7GG398X91fh8RJExcwCLcB\/s800\/18-mossenairesPC106456.JPG?ssl=1\" border=\"0\" \/><br \/>\n<a class=\"postlink\" href=\"http:\/\/mossenhoms.netfreehost.com\/mossenhoms-post-13831.html#13831\" target=\"_blank\">Jos\u00e9 Francisco L\u00f3pez Padillo <\/a><br \/>\n<img data-recalc-dims=\"1\" decoding=\"async\" src=\"https:\/\/i0.wp.com\/4.bp.blogspot.com\/-9W1R8APItEk\/WFGF_gjwuiI\/AAAAAAAAFMg\/Ibv0SSYecXI57vYao6zLSX7AetMyrFCJwCLcB\/s800\/19-mossenairesPC106457.JPG?ssl=1\" border=\"0\" \/><br \/>\nNo li han posat f\u00e0cil a la bandera avui, oi Jordi?<br \/>\n<img data-recalc-dims=\"1\" decoding=\"async\" src=\"https:\/\/i0.wp.com\/1.bp.blogspot.com\/-PgAg2_PlYjA\/WFGF_yJTE5I\/AAAAAAAAFMk\/1Brc4T6kI20FVgEfi8x2y5RhSjhrBXcdACLcB\/s800\/20-mossenairesPC106458.JPG?ssl=1\" border=\"0\" \/><br \/>\nEm deia en <a class=\"postlink\" href=\"http:\/\/mossenhoms.netfreehost.com\/viewtopic.php?p=9395&amp;mforum=mossenhoms#9395\" target=\"_blank\"> Jos\u00e9 Manuel Garc\u00eda Cabello <\/a> que<\/h3>\n<h3><img data-recalc-dims=\"1\" decoding=\"async\" src=\"https:\/\/i0.wp.com\/3.bp.blogspot.com\/-3vKxHfI0o04\/WFGTO2bnBbI\/AAAAAAAAFNw\/WXLigbYcF8kD307UnVKAwRHGRgeLR_5ZQCLcB\/s800\/34-mossenaires.JPG?ssl=1\" border=\"0\" \/><br \/>\n<a class=\"postlink\" href=\"http:\/\/mossenhoms.netfreehost.com\/viewtopic.php?p=9395&amp;mforum=mossenhoms#9395\" target=\"_blank\"> Jos\u00e9 Manuel Garc\u00eda Cabello <\/a> va comen\u00e7ar a apuntar fa quasi deu anys els dies que ve a entrenar en grup. Gr\u00e0cies per ser-hi i per molts anys!!<br \/>\n<img data-recalc-dims=\"1\" decoding=\"async\" src=\"https:\/\/i0.wp.com\/1.bp.blogspot.com\/-okiVD8v-sL8\/WFGGAkEz9-I\/AAAAAAAAFMo\/zU2ne4jvlewAtMi_YKd70QxtWjU6e46egCLcB\/s800\/21-mossenairesPC106459.JPG?ssl=1\" border=\"0\" \/><br \/>\n<a class=\"postlink\" href=\"http:\/\/mossenhoms.netfreehost.com\/viewtopic.php?p=13931&amp;mforum=mossenhoms#13931\" target=\"_blank\">Albert Perpiny\u00e0 <\/a><br \/>\n<img data-recalc-dims=\"1\" decoding=\"async\" src=\"https:\/\/i0.wp.com\/4.bp.blogspot.com\/-JsAteyrin8w\/WFGGArVwCmI\/AAAAAAAAFMs\/slCIIG_VNWAOuTlcmnMGM_-65RT4gqxtgCLcB\/s800\/22-mossenairesPC106460.JPG?ssl=1\" border=\"0\" \/><br \/>\nElisabet, Montse, Llu\u00eds<br \/>\n<img data-recalc-dims=\"1\" decoding=\"async\" src=\"https:\/\/i0.wp.com\/4.bp.blogspot.com\/-EWfOIAUuTSQ\/WFGGAzugWFI\/AAAAAAAAFMw\/6_lYBUPxwNodrGqjO9mNTbELGdEGdBobgCLcB\/s800\/23-mossenairesPC106461.JPG?ssl=1\" border=\"0\" \/><br \/>\nLa Susana, que avui s&#8217;estrenava de mossenaire fent un traguet a la font de Castellarnau<br \/>\n<img data-recalc-dims=\"1\" decoding=\"async\" src=\"https:\/\/i0.wp.com\/4.bp.blogspot.com\/-4dzZJFunkEE\/WFGGBIQd8OI\/AAAAAAAAFM0\/tqMFohDiBTk36dHz3ihllHsQQRVOe683ACLcB\/s800\/24-mossenairesPC106462.JPG?ssl=1\" border=\"0\" \/><br \/>\n<a class=\"postlink\" href=\"http:\/\/mossenhoms.netfreehost.com\/viewtopic.php?p=13979&amp;mforum=mossenhoms#13979\" target=\"_blank\">N\u00faria Mayoral <\/a> i <a class=\"postlink\" href=\"http:\/\/mossenhoms.netfreehost.com\/viewtopic.php?p=13720&amp;mforum=mossenhoms#13720\" target=\"_blank\"> Carme Valldeperas <\/a><br \/>\n<img data-recalc-dims=\"1\" decoding=\"async\" src=\"https:\/\/i0.wp.com\/4.bp.blogspot.com\/-OI--lrGL2OE\/WFGGBRlGGSI\/AAAAAAAAFM4\/Pcg8A8y26LAnxvunwB0gY7XXXXu0LvUIgCLcB\/s800\/25-mossenairesPC106463.JPG?ssl=1\" border=\"0\" \/><br \/>\nArriba la cua, amb la Susana i en Jordi que seran molt aplaudits.<br \/>\n<img data-recalc-dims=\"1\" decoding=\"async\" src=\"https:\/\/i0.wp.com\/3.bp.blogspot.com\/-o0J6nN7W0tQ\/WFGGBs6ryGI\/AAAAAAAAFM8\/LAt9qTIrXnc0VC8A2aCT9cPwfywlYdJ6QCLcB\/s800\/26-mossenairesPC106464.JPG?ssl=1\" border=\"0\" \/><br \/>\ni l\u00a1Emilio ajuda al Jordi al desplegament de la bandera<\/h3>\n<h3><img data-recalc-dims=\"1\" decoding=\"async\" src=\"https:\/\/i0.wp.com\/3.bp.blogspot.com\/-5qXafBrXc88\/WFGGB4r-dAI\/AAAAAAAAFNA\/tsQij-o_1Jcj6l_KggGcyG8gdt5n-JrowCLcB\/s800\/27-mossenairesPC106465.JPG?ssl=1\" border=\"0\" \/><br \/>\nLes Mossenaires noves: Susana i Silvia. Benvingudes!!!<br \/>\n<img data-recalc-dims=\"1\" decoding=\"async\" src=\"https:\/\/i0.wp.com\/2.bp.blogspot.com\/-dx0FHAACyzc\/WFGGCAw2YTI\/AAAAAAAAFNE\/mdDj1aODCPQpTw0FdR3KBBQ273qol0g-ACLcB\/s800\/28-mossenairesPC106466.JPG?ssl=1\" border=\"0\" \/><br \/>\nFa poques setmanes era el Mossenaire Nou. Fa un moment, nominat i d&#8217;aqu\u00ed<br \/>\nbreus instants i proclamat per tothom el nostre flamant &#8220;Mossenaire<br \/>\nd&#8217;honor&#8221;, en Llu\u00eds Ferrando<br \/>\n<img data-recalc-dims=\"1\" decoding=\"async\" src=\"https:\/\/i0.wp.com\/1.bp.blogspot.com\/-MF70eorwIOA\/WFGGCWcEHiI\/AAAAAAAAFNI\/rqrEAmXeud0xOnz3lihKC1eGyDtmiyfUQCLcB\/s800\/29-mossenairesPC106467.JPG?ssl=1\" border=\"0\" \/><br \/>\nEnhorabona i moltes gr\u00e0cies Llu\u00eds<br \/>\n<img data-recalc-dims=\"1\" decoding=\"async\" src=\"https:\/\/i0.wp.com\/3.bp.blogspot.com\/-bIUQ2ivKp7c\/WFGGChj5kXI\/AAAAAAAAFNM\/mEak92wWKGkG24EAFDBKneDXcAlXw5F6wCLcB\/s800\/30-mossenairesPC106468.JPG?ssl=1\" border=\"0\" \/><br \/>\nI en Jordi, el nostre bandera. Moltes gr\u00e0cies!!<\/h3>\n<h3><img data-recalc-dims=\"1\" decoding=\"async\" src=\"https:\/\/i0.wp.com\/2.bp.blogspot.com\/-IIQunJEnhNU\/WFGGDqzurtI\/AAAAAAAAFNQ\/XFswlKuqIl8GBffeaOfZ7t8b7uY6AW0LQCLcB\/s800\/31-mossenairesPC106471a.JPG?ssl=1\" border=\"0\" \/><br \/>\nI la fotografia \u00fanica i instrasferible d&#8217;avui, a una setmana plena de dies<br \/>\nfestius i ponts i on sempre estem ben acompanyades i acompanats. Per<br \/>\nmolts anys!!<br \/>\n<img data-recalc-dims=\"1\" decoding=\"async\" src=\"https:\/\/i0.wp.com\/3.bp.blogspot.com\/-zg3WW-rBcQg\/WFGGDsjiYLI\/AAAAAAAAFNU\/RYVmaHva_4kyzb86bXG5Y3bjMCqMEDaEACLcB\/s800\/33-mossenairesPC106478.JPG?ssl=1\" border=\"0\" \/><br \/>\nI per finalitzar, els mes antics, <a class=\"postlink\" href=\"http:\/\/mossenhoms.netfreehost.com\/mossenhoms-post-13867.html#13867\" target=\"_blank\">Pep <\/a>, <a class=\"postlink\" href=\"http:\/\/mossenhoms.netfreehost.com\/mossenhoms-post-13875.html#13875\" target=\"_blank\"> Carlos <\/a>, <a class=\"postlink\" href=\"http:\/\/mossenhoms.netfreehost.com\/viewtopic.php?p=13870&amp;mforum=mossenhoms#13870\" target=\"_blank\"> Fran <\/a> amb la Susana i en <a class=\"postlink\" href=\"http:\/\/mossenhoms.netfreehost.com\/viewtopic.php?p=13934&amp;mforum=mossenhoms#13934\" target=\"_blank\">Jordi <\/a>,<br \/>\namb el desplegament de bandera davant la masia que \u00e9s el nostre camp base<span class=\"gensmall\"><br \/>\n<\/span><\/h3>\n<h3><\/h3>\n<h3><span class=\"postbody\">Tenim la sort d&#8217;anar-nos coneixent i si fa poques setmanes ens va comen\u00e7ar<br \/>\na acompanyar, avui ja has estat proclamat Mossenaire d&#8217;honor i el teu escrit<br \/>\nmolt original i divertit, com de ben segur tamb\u00e9 quan t&#8217;anirem coneixent<br \/>\ngaudirem de la teva bona companyia. Agrair-te que et donis a con\u00e8ixer i ho<br \/>\nfacis de manera divertida. Gr\u00e0cies i per molts anys<\/span><\/h3>\n<h3><img data-recalc-dims=\"1\" decoding=\"async\" src=\"https:\/\/i0.wp.com\/2.bp.blogspot.com\/-E-fS8bg7feU\/WFGZI9Ls42I\/AAAAAAAAFOA\/D9R_ccfKfTk0vYyXPIfmcKlIh8BucOj0ACLcB\/s800\/mossenairesPC106474a.jpg?ssl=1\" border=\"0\" \/><\/h3>\n<h3><img data-recalc-dims=\"1\" decoding=\"async\" src=\"https:\/\/i0.wp.com\/3.bp.blogspot.com\/-q5ekDEiU_1k\/WFGg8a8klbI\/AAAAAAAAFOQ\/QqvrJdL2n3Q0VCEfk3uARAeG-ZvAeP3KgCEw\/s800\/32-mossenairesPC106477a.JPG?ssl=1\" border=\"0\" \/><\/h3>\n<h3><span style=\"color: #0000ff\">Llu\u00eds&#8230;..<\/span><br \/>\n<span style=\"color: #0000ff\"> Hola, m&#8217;han demanat un petit escrit de presentaci\u00f3 per qu\u00e8 <\/span><span style=\"color: #0000ff\">sapigueu que darrere d&#8217;aquesta barba tamb\u00e9 hi ha una persona.<\/span><\/h3>\n<h3><span style=\"color: #0000ff\">EL MIRALL<\/span><br \/>\n<span style=\"color: #0000ff\"> Quan em miro al mirall no se si veig el mateix que vosaltres quan em mireu. <\/span><span style=\"color: #0000ff\">Jo veig un home de 43 anys, melenut i amb barba atrotinada, fort (per no <\/span><span style=\"color: #0000ff\">dir gras), catal\u00e0 amb arrels gaditanes, amant de la bona taula i el bon vi.<\/span><\/h3>\n<h3><span style=\"color: #0000ff\">ANTECEDENTS<\/span><br \/>\n<span style=\"color: #0000ff\"> No em jutgeu pel que vaig fer, jutgeu-me pel que faci o <\/span><span style=\"color: #0000ff\">pugui arribar a fer. Del passat he apr\u00e8s, i ara em toca tornar a comen\u00e7ar de <\/span><span style=\"color: #0000ff\">zero. Sabent que el treball, la const\u00e0ncia i la perseveran\u00e7a tenen <\/span><span style=\"color: #0000ff\">recompensa. Sortir a c\u00f3rrer, a gaudir amb la gent, dels camins, de les olors i <\/span><span style=\"color: #0000ff\">dels primers raigs de sol, no \u00e9s un sacrifici es un regal. Entrenava fa m\u00e9s de <\/span><span style=\"color: #0000ff\">10 anys amb la U.A.T, en aquesta \u00e8poca vaig c\u00f3rrer moltes mitges i la <\/span><span style=\"color: #0000ff\">marat\u00f3 de Barcelona, tamb\u00e9 destacar la Matagalls- Montserrat. Durant uns <\/span><span style=\"color: #0000ff\">anys ho he deixat per\u00f2 a temporades he anat entrenant amb els corredors <\/span><span style=\"color: #0000ff\">de fons de Viladecavalls.<\/span><\/h3>\n<h3><span style=\"color: #0000ff\">PROJECTES<\/span><br \/>\n<span style=\"color: #0000ff\"> A curta distancia nom\u00e9s en tinc un, les 24 hores del Cap de Creus per <\/span><span style=\"color: #0000ff\">Setmana Santa, depenent l&#8217;estat f\u00edsic triar\u00e9 una de les tres dist\u00e0ncies, 27, <\/span><span style=\"color: #0000ff\">60 o 87Km . En el seu dia ho vaig intentar i no la vaig acabar.<\/span><\/h3>\n<h3><span style=\"color: #0000ff\">DESPEDIDA<\/span><br \/>\n<span style=\"color: #0000ff\"> Moltes gr\u00e0cies per acceptar-me com un mes de la fam\u00edlia des de el primer <\/span><span style=\"color: #0000ff\">moment. Ens veiem dissabte&#8230;&#8230;<\/span><\/h3>\n<h3><span style=\"color: #0000ff\">P.D: No hi han curses impossibles, hi ha ritmes equivocats.<\/span><\/h3>\n<table cellspacing=\"0\" align=\"left\">\n<tbody>\n<tr style=\"text-align: justify\">\n<td>\n<h3><strong><span style=\"color: #993300\"><img data-recalc-dims=\"1\" decoding=\"async\" class=\"decoded\" src=\"https:\/\/i0.wp.com\/josepmoliner.com\/chiptiempo.gif\" alt=\"http:\/\/josepmoliner.com\/chiptiempo.gif\" \/><\/span><\/strong><\/h3>\n<\/td>\n<td>\n<h3><strong><span style=\"color: #993300\"><img data-recalc-dims=\"1\" decoding=\"async\" class=\"decoded\" src=\"https:\/\/i0.wp.com\/josepmoliner.com\/centreMedicAvinguda.gif\" alt=\"http:\/\/josepmoliner.com\/centreMedicAvinguda.gif\" \/><\/span><\/strong><\/h3>\n<\/td>\n<\/tr>\n<tr style=\"text-align: justify\">\n<td>\n<h3><strong><span style=\"color: #993300\"><a style=\"color: #993300\" href=\"http:\/\/www.grevolsalut.com\/\" target=\"_blank\"><img data-recalc-dims=\"1\" decoding=\"async\" src=\"https:\/\/i0.wp.com\/www.elroure.net\/grevol\/grevol_salut.gif\" alt=\"\" \/><\/a><\/span><\/strong><\/h3>\n<\/td>\n<td>\n<h3><strong><span style=\"color: #993300\"><a style=\"color: #993300\" href=\"http:\/\/www.eledevall.com\/\" target=\"_blank\"><img data-recalc-dims=\"1\" decoding=\"async\" src=\"https:\/\/i0.wp.com\/josepmoliner.com\/eledevall.gif\" alt=\"\" \/><\/a><\/span><\/strong><\/h3>\n<\/td>\n<\/tr>\n<tr style=\"text-align: justify\">\n<td>\n<h3><strong><a style=\"color: #993300\" href=\"http:\/\/knyera.cf\/\" target=\"_blank\"><img data-recalc-dims=\"1\" decoding=\"async\" src=\"https:\/\/i0.wp.com\/www.josepmoliner.com\/knyera_running.gif\" alt=\"\" \/><\/a><\/strong><\/h3>\n<\/td>\n<td>\n<h3><strong><span style=\"color: #993300\"><a style=\"color: #993300\" href=\"http:\/\/www.egargrafic.com\/\" target=\"_blank\"><img data-recalc-dims=\"1\" decoding=\"async\" src=\"https:\/\/i0.wp.com\/www.josepmoliner.com\/egargrafic2.gif\" alt=\"\" \/><\/a><\/span><\/strong><\/h3>\n<\/td>\n<\/tr>\n<tr style=\"text-align: justify\">\n<td>\n<h3><strong><a style=\"color: #993300\" href=\"http:\/\/www.esportsavinguda.tk\/\" target=\"_blank\"><img data-recalc-dims=\"1\" decoding=\"async\" src=\"https:\/\/i0.wp.com\/josepmoliner.com\/esportsavinguda2.gif\" alt=\"\" \/><\/a><\/strong><\/h3>\n<\/td>\n<td>\n<h3><strong><span style=\"color: #993300\"><a style=\"color: #993300\" href=\"http:\/\/www.elroure.net\/\" target=\"_blank\"><img data-recalc-dims=\"1\" decoding=\"async\" src=\"https:\/\/i0.wp.com\/elroure.net\/rourenet.gif\" alt=\"\" \/><\/a><\/span><\/strong><\/h3>\n<\/td>\n<\/tr>\n<tr style=\"text-align: justify\">\n<td><\/td>\n<td>\n<h3><strong><span style=\"color: #993300\"><a style=\"color: #993300\" href=\"http:\/\/civeracampoy.com\/index.php\/es\/\" target=\"_blank\"><img data-recalc-dims=\"1\" decoding=\"async\" src=\"https:\/\/i0.wp.com\/josepmoliner.com\/Civera%26Campoy.gif\" alt=\"\" \/><\/a><\/span><\/strong><\/h3>\n<\/td>\n<\/tr>\n<tr style=\"text-align: justify\">\n<td>\n<table cellspacing=\"0\" align=\"left\">\n<tbody>\n<tr style=\"text-align: justify\">\n<td><\/td>\n<\/tr>\n<tr style=\"text-align: justify\">\n<td>\n<h3><strong><span style=\"color: #993300\"><a style=\"color: #993300\" href=\"mailto:banner@mossenhoms.be\">vols el teu banner?<\/a><\/span><\/strong><\/h3>\n<\/td>\n<\/tr>\n<\/tbody>\n<\/table>\n<\/td>\n<\/tr>\n<\/tbody>\n<\/table>\n","protected":false},"excerpt":{"rendered":"<p>La Masia de Torre Moss\u00e8n Homs i ja fa gaireb\u00e9 vint-i-tres anys seguits tots els dissabtes veu a desfilar a tot tipus de bona gent. El projecte s&#8217;est\u00e0 mantenint per l&#8217;inter\u00e8s que aneu manifestant setmana rere a setmana i no deixa de sorprendre que vosaltres el teniu molt present i tant si podeu venir com [&hellip;]<\/p>\n","protected":false},"author":171,"featured_media":0,"comment_status":"open","ping_status":"open","sticky":false,"template":"","format":"standard","meta":{"jetpack_post_was_ever_published":false,"_jetpack_newsletter_access":"","_jetpack_dont_email_post_to_subs":false,"_jetpack_newsletter_tier_id":0,"_jetpack_memberships_contains_paywalled_content":false,"_jetpack_memberships_contains_paid_content":false,"footnotes":"","jetpack_publicize_message":"","jetpack_publicize_feature_enabled":true,"jetpack_social_post_already_shared":false,"jetpack_social_options":{"image_generator_settings":{"template":"highway","default_image_id":0,"font":"","enabled":false},"version":2}},"categories":[2697,1644,5580,1,4554,25094,73],"tags":[2697,25105,25130,25167,25108,25094,73],"class_list":["post-4358","post","type-post","status-publish","format-standard","hentry","category-amistat","category-correr","category-entrenaments","category-general","category-mossenaires","category-pep-moliner","category-terrassa","tag-amistat","tag-correr","tag-correrxerrar","tag-lluis-ferrando","tag-mossenaire","tag-pep-moliner","tag-terrassa"],"jetpack_publicize_connections":[],"jetpack_featured_media_url":"","jetpack_sharing_enabled":true,"jetpack_shortlink":"https:\/\/wp.me\/pagkiK-18i","jetpack-related-posts":[{"id":4583,"url":"https:\/\/blogs.avui.cat\/pepmoliner\/2017\/09\/20\/cap-el-turo-quan-plou-amb-mossenaires\/","url_meta":{"origin":4358,"position":0},"title":"Cap el Tur\u00f3 quan plou amb Mossenaires","author":"Pep Moliner","date":"20 de setembre de 2017","format":false,"excerpt":"Quan el divendres dia 15 queien forts ruixats, imagin\u00e0vem que podr\u00edem tenir molt de fang i ens ha sorpr\u00e8s que aquest dissabte molta gent imaginava cap on anir\u00edem, donat que mirem d'actuar amb certa l\u00f2gica i no anar pels tolls. Anar cap al Tur\u00f3 de les Roques Blanques ens agrada\u2026","rel":"","context":"A &quot;Amistat&quot;","block_context":{"text":"Amistat","link":"https:\/\/blogs.avui.cat\/pepmoliner\/category\/amistat\/"},"img":{"alt_text":"","src":"","width":0,"height":0},"classes":[]},{"id":5360,"url":"https:\/\/blogs.avui.cat\/pepmoliner\/2021\/05\/10\/gracies-per-tot-un-any-mossenaire\/","url_meta":{"origin":4358,"position":1},"title":"Gr\u00e0cies per tot un any Mossenaire!!","author":"Pep Moliner","date":"10 de maig de 2021","format":false,"excerpt":"Aquests dies va \u00e9sser l'aniversari del qu\u00e8 escriu i fa just un any, el mateix dia va ser el dia que se'ns va acudir i que pens\u00e0vem que pod\u00edem iniciar un projecte, que com a molt tres o quatre mesos. Els hi vaig dir a dos amics: Anna Cos i\u2026","rel":"","context":"A &quot;Amistat&quot;","block_context":{"text":"Amistat","link":"https:\/\/blogs.avui.cat\/pepmoliner\/category\/amistat\/"},"img":{"alt_text":"","src":"https:\/\/i0.wp.com\/1.bp.blogspot.com\/-9h6v1qUQMio\/YJlVvKW253I\/AAAAAAAAbwI\/3QvIja-0RqEtKTCiLMlgp5CDVd090Ou4ACLcBGAsYHQ\/w640-h640\/17-10h-Mossenaire_4%2Bal%2B10%2Bde%2Bmaig2021-MiguelMoreno.jpg?resize=350%2C200&ssl=1","width":350,"height":200,"srcset":"https:\/\/i0.wp.com\/1.bp.blogspot.com\/-9h6v1qUQMio\/YJlVvKW253I\/AAAAAAAAbwI\/3QvIja-0RqEtKTCiLMlgp5CDVd090Ou4ACLcBGAsYHQ\/w640-h640\/17-10h-Mossenaire_4%2Bal%2B10%2Bde%2Bmaig2021-MiguelMoreno.jpg?resize=350%2C200&ssl=1 1x, https:\/\/i0.wp.com\/1.bp.blogspot.com\/-9h6v1qUQMio\/YJlVvKW253I\/AAAAAAAAbwI\/3QvIja-0RqEtKTCiLMlgp5CDVd090Ou4ACLcBGAsYHQ\/w640-h640\/17-10h-Mossenaire_4%2Bal%2B10%2Bde%2Bmaig2021-MiguelMoreno.jpg?resize=525%2C300&ssl=1 1.5x"},"classes":[]},{"id":4752,"url":"https:\/\/blogs.avui.cat\/pepmoliner\/2018\/08\/08\/tretze-son-tretze-mossenaires\/","url_meta":{"origin":4358,"position":2},"title":"Tretze s\u00f3n tretze Mossenaires","author":"Pep Moliner","date":"8 d'agost de 2018","format":false,"excerpt":"Temperatures de r\u00e9cord a molts llocs propers, i a Can Mossenaire, i ja a primera hora, notem escalfor i donat que \u00e9rem tretze Mossenaires, consensuem tornar a fer el lloc proper m\u00e9s fresc que coneixem i no \u00e9s altre que el torrent de Gotelles i les fonts que hi sovintegem.\u2026","rel":"","context":"A &quot;Amistat&quot;","block_context":{"text":"Amistat","link":"https:\/\/blogs.avui.cat\/pepmoliner\/category\/amistat\/"},"img":{"alt_text":"","src":"","width":0,"height":0},"classes":[]},{"id":4398,"url":"https:\/\/blogs.avui.cat\/pepmoliner\/2017\/01\/26\/mossenaires-per-can-viver-de-torrebonica\/","url_meta":{"origin":4358,"position":3},"title":"Mossenaires per Can Viver de Torrebonica","author":"Pep Moliner","date":"26 de gener de 2017","format":false,"excerpt":"Cap de setmana de gala esportiva a Terrassa, on moltes amigues i amics correran pels carrers de la nostra ciutat el diumenge. Per\u00f2 si avui \u00e9s dissabte: avui hi ha \"Mossenaires\" i amb ganes del que fem tots els dissabtes: dibuixar una rialla permanent a la cara. L'edifici pel que\u2026","rel":"","context":"A &quot;Amistat&quot;","block_context":{"text":"Amistat","link":"https:\/\/blogs.avui.cat\/pepmoliner\/category\/amistat\/"},"img":{"alt_text":"","src":"","width":0,"height":0},"classes":[]},{"id":4568,"url":"https:\/\/blogs.avui.cat\/pepmoliner\/2017\/08\/30\/sempre-rient-mossenaires\/","url_meta":{"origin":4358,"position":4},"title":"Sempre rient: &#8220;Mossenaires&#8221;","author":"Pep Moliner","date":"30 d'agost de 2017","format":false,"excerpt":"L'agost s'apaga a Can #Mossenaires i ho fa amb all\u00f2 que ens agrada. #c\u00f3rrer #xerrar #gaudir acompanyades i acompanyats de gent amb el mateix tarann\u00e0 esportiu, que el que vol i com excusa, anar a passar una bona estona sense compromisos i moltes i molts, tornant de vacances i amb\u2026","rel":"","context":"A &quot;Amistat&quot;","block_context":{"text":"Amistat","link":"https:\/\/blogs.avui.cat\/pepmoliner\/category\/amistat\/"},"img":{"alt_text":"","src":"","width":0,"height":0},"classes":[]},{"id":4707,"url":"https:\/\/blogs.avui.cat\/pepmoliner\/2018\/05\/09\/torre-mossen-homs-a-castellarnau-amb-mossenaires-2\/","url_meta":{"origin":4358,"position":5},"title":"A la font de la Tartana amb Mossenaires","author":"Pep Moliner","date":"9 de maig de 2018","format":false,"excerpt":"La font de la Tartana ha estat el dest\u00ed de la colla i el grup ha anat guiat per amigues i amics i en especial en Joan Forte, que quan cal sempre vetlla perqu\u00e8 tot vagi b\u00e9, amb la col\u00b7laboraci\u00f3 de vosaltres, que feu gran el projecte. Anar a un\u2026","rel":"","context":"A &quot;Amistat&quot;","block_context":{"text":"Amistat","link":"https:\/\/blogs.avui.cat\/pepmoliner\/category\/amistat\/"},"img":{"alt_text":"","src":"","width":0,"height":0},"classes":[]}],"_links":{"self":[{"href":"https:\/\/blogs.avui.cat\/pepmoliner\/wp-json\/wp\/v2\/posts\/4358","targetHints":{"allow":["GET"]}}],"collection":[{"href":"https:\/\/blogs.avui.cat\/pepmoliner\/wp-json\/wp\/v2\/posts"}],"about":[{"href":"https:\/\/blogs.avui.cat\/pepmoliner\/wp-json\/wp\/v2\/types\/post"}],"author":[{"embeddable":true,"href":"https:\/\/blogs.avui.cat\/pepmoliner\/wp-json\/wp\/v2\/users\/171"}],"replies":[{"embeddable":true,"href":"https:\/\/blogs.avui.cat\/pepmoliner\/wp-json\/wp\/v2\/comments?post=4358"}],"version-history":[{"count":7,"href":"https:\/\/blogs.avui.cat\/pepmoliner\/wp-json\/wp\/v2\/posts\/4358\/revisions"}],"predecessor-version":[{"id":4365,"href":"https:\/\/blogs.avui.cat\/pepmoliner\/wp-json\/wp\/v2\/posts\/4358\/revisions\/4365"}],"wp:attachment":[{"href":"https:\/\/blogs.avui.cat\/pepmoliner\/wp-json\/wp\/v2\/media?parent=4358"}],"wp:term":[{"taxonomy":"category","embeddable":true,"href":"https:\/\/blogs.avui.cat\/pepmoliner\/wp-json\/wp\/v2\/categories?post=4358"},{"taxonomy":"post_tag","embeddable":true,"href":"https:\/\/blogs.avui.cat\/pepmoliner\/wp-json\/wp\/v2\/tags?post=4358"}],"curies":[{"name":"wp","href":"https:\/\/api.w.org\/{rel}","templated":true}]}}