{"id":4333,"date":"2016-12-01T21:03:17","date_gmt":"2016-12-01T20:03:17","guid":{"rendered":"http:\/\/blogs.avui.cat\/pepmoliner\/?p=4333"},"modified":"2016-12-01T21:03:28","modified_gmt":"2016-12-01T20:03:28","slug":"cap-a-sabadell","status":"publish","type":"post","link":"https:\/\/blogs.avui.cat\/pepmoliner\/2016\/12\/01\/cap-a-sabadell\/","title":{"rendered":"Cap a Sabadell"},"content":{"rendered":"<h3 style=\"text-align: justify\">Gent vinguda de molts pobles i ciutats s\u00f3n els que configurem aquest projecte d\u2019entrenaments en grup i sobretot de Sabadell, qu\u00e8 els Terrassencs coneixem b\u00e9 i qu\u00e8 la rivalitat en broma o en s\u00e8rio sempre i \u00e9s. \u201cSabadell mala pell i Terrassa mala ra\u00e7a\u201d.<\/h3>\n<h3 style=\"text-align: justify\"><a class=\"postlink\" href=\"http:\/\/historiesdeterrassa.blogspot.com.es\/2014\/11\/un-home-de-sabadell-un-senyor-de.html\" target=\"_blank\">Un home de Sabadell, un senyor de Terrassa<\/a>.<\/h3>\n<h3 style=\"text-align: justify\">Veureu que la fotografia hem triat expressament \u00e9s vei\u00e9s de fons Sabadell, ja que tenim a moltes amigues i amics d\u2019aquesta ciutat que ells solen dir \u201cLa Capital\u201d. Doncs b\u00e9; us estem agraides i agraits qu\u00e8 ens heu triat i veniu fins a la Masia de Torre Moss\u00e8n Homs i podem gaudir de la vostra amistat i<br \/>\ncompanyia. Gr\u00e0cies<\/h3>\n<h3 style=\"text-align: justify\">Avui el recorregut ha estat conegut, baixant per camins amples i amb algun progressiu que heu fet qui ha volgut, i hem vist els rac\u00f3 de la font de l\u2019Argelaguet i ens hem anat aproximant al bosc de Can Deu.<\/h3>\n<h3 style=\"text-align: justify\">Per aqu\u00ed i ja de tornada, hem passat per Sant Juli\u00e0 d\u2019Altura, on hens podem refrescar a l\u2019\u00e0rea de lleure.<\/h3>\n<h3 style=\"text-align: justify\"><img data-recalc-dims=\"1\" decoding=\"async\" src=\"https:\/\/i0.wp.com\/4.bp.blogspot.com\/-KeglC4BJEJo\/WD8GR9rsrRI\/AAAAAAAAE6U\/3JYpJFnwLOkshDOn4eL6ZCeFw7n1tccHgCLcB\/s800\/mossenairesPB266276.JPG?ssl=1\" border=\"0\" \/><br \/>\nLa nostra nominada avui ha estat l\u2019Alba Mart\u00ednez, de Nav\u00e0s.<br \/>\nUn luxe per a totes i tots nosaltres. Moltes gr\u00e0cies!!!<\/h3>\n<h3 style=\"text-align: justify\"><img data-recalc-dims=\"1\" decoding=\"async\" src=\"https:\/\/i0.wp.com\/2.bp.blogspot.com\/-HHiO7a3eQeE\/WD8GSFvmP5I\/AAAAAAAAE6c\/W3Rmp3Xpvvk1DmYk1tSs1Ls8mgPPq9l8wCLcB\/s800\/mossenairesPB266277.JPG?ssl=1\" border=\"0\" \/><br \/>\nI la Sandra \u00e9s la germana de la Sandra, que fa molts anys que forma part del projecte<br \/>\ni sempre ha estat activa i a m\u00e9s a proposta seva. Gr\u00e0cies Sandra. Gr\u00e0cies<br \/>\nAlba!<\/h3>\n<h3 style=\"text-align: justify\"><img data-recalc-dims=\"1\" decoding=\"async\" src=\"https:\/\/i0.wp.com\/3.bp.blogspot.com\/-4ZAlMVl4ysA\/WD8GSPr-skI\/AAAAAAAAE6Y\/FVq5xPxZ7d8wAgwbgHTpLcOApgWFJup9wCLcB\/s800\/mossenairesPB266278.JPG?ssl=1\" border=\"0\" \/><br \/>\nPodreu gaudir del seu escrit i sabreu amb qui teniu la sort d\u2019entrenar,<br \/>\nal final de la cronica d\u2019avui. Gr\u00e0cies!!<\/h3>\n<h3 style=\"text-align: justify\"><img data-recalc-dims=\"1\" decoding=\"async\" src=\"https:\/\/i0.wp.com\/1.bp.blogspot.com\/-gQiMTeHs1FM\/WD8GSk3jP_I\/AAAAAAAAE6g\/3hJSLQ3FSx8t_tgdycmGTlmr6jxYJfL6ACLcB\/s800\/mossenairesPB266279.JPG?ssl=1\" border=\"0\" \/><br \/>\nSandra, for\u00e7a contenta i l\u2019<a class=\"postlink\" href=\"http:\/\/mossenhoms.netfreehost.com\/viewtopic.php?p=13847#13847\" target=\"_blank\"> Isaac Osuna <\/a>tamb\u00e9.<\/h3>\n<h3 style=\"text-align: justify\"><img data-recalc-dims=\"1\" decoding=\"async\" src=\"https:\/\/i0.wp.com\/4.bp.blogspot.com\/-zfrD-FnhX5c\/WD8GS9wBGTI\/AAAAAAAAE6o\/LVxduns0YLAJqPnIy0GEW6wke9jXdQABwCLcB\/s800\/mossenairesPB266281.JPG?ssl=1\" border=\"0\" \/><br \/>\nLa <a class=\"postlink\" href=\"http:\/\/mossenhoms.netfreehost.com\/viewtopic.php?p=13882#13882\" target=\"_blank\">Mariona <\/a>avi sar\u00e0 qui condurr\u00e0 perfettamente la nostra bandera. Un luxe!!<\/h3>\n<h3 style=\"text-align: justify\"><img data-recalc-dims=\"1\" decoding=\"async\" src=\"https:\/\/i0.wp.com\/4.bp.blogspot.com\/-gJLIWAxU5NY\/WD8GSm_v0wI\/AAAAAAAAE6k\/uprCJiQQ8TEcFvN61rqCDzpiSC0yLj3HACLcB\/s800\/mossenairesPB266282.JPG?ssl=1\" border=\"0\" \/><br \/>\nMerci <a class=\"postlink\" href=\"http:\/\/mossenhoms.netfreehost.com\/viewtopic.php?p=13882#13882\" target=\"_blank\">Mariona ! <\/a><\/h3>\n<h3 style=\"text-align: justify\"><img data-recalc-dims=\"1\" decoding=\"async\" src=\"https:\/\/i0.wp.com\/4.bp.blogspot.com\/-cRQA5DzMdqY\/WD8GTt86tuI\/AAAAAAAAE6w\/-bCf9wTOK7okH32g1yYDUdu5WpfAmxGpACLcB\/s800\/mossenairesPB266283.JPG?ssl=1\" border=\"0\" \/><br \/>\nI avui tenim una gran visita: el Mossenaire Sabadellenc <a class=\"postlink\" href=\"http:\/\/mossenhoms.netfreehost.com\/viewtopic.php?p=8819#8819\" target=\"_blank\">Miguel Moreno <\/a><\/h3>\n<h3 style=\"text-align: justify\"><img data-recalc-dims=\"1\" decoding=\"async\" src=\"https:\/\/i0.wp.com\/3.bp.blogspot.com\/-02pmC1KjxYU\/WD8GTTkqRDI\/AAAAAAAAE6s\/J9G_LGkQYZsZuw6edh4YD1UaFvcYn8WogCLcB\/s800\/mossenairesPB266284.JPG?ssl=1\" border=\"0\" \/><br \/>\n<a class=\"postlink\" href=\"http:\/\/mossenhoms.netfreehost.com\/mossenhoms-post-13684.html#13684\" target=\"_blank\">Isabel Vergara <\/a>, <a class=\"postlink\" href=\"http:\/\/mossenhoms.netfreehost.com\/viewtopic.php?p=14005#14005\" target=\"_blank\">Sole Aguilar <\/a>, <a class=\"postlink\" href=\"http:\/\/mossenhoms.netfreehost.com\/viewtopic.php?p=13945#13945\" target=\"_blank\">Paco Barcia <\/a>amb un bon badall<\/h3>\n<h3 style=\"text-align: justify\"><img data-recalc-dims=\"1\" decoding=\"async\" src=\"https:\/\/i0.wp.com\/1.bp.blogspot.com\/-_63Q8V6tK9c\/WD8GT3h_RSI\/AAAAAAAAE60\/sZK5jgSfNxc2C1e9KkzWkTi4UXZuC6IaQCLcB\/s800\/mossenairesPB266285.JPG?ssl=1\" border=\"0\" \/><br \/>\n<a class=\"postlink\" href=\"http:\/\/mossenhoms.netfreehost.com\/mossenhoms-post-13701.html#13701\" target=\"_blank\">Quim Gaya <\/a>, avui a l\u2019hora de la foto familiar tindr\u00e0 una bona sorpresa<\/h3>\n<h3 style=\"text-align: justify\"><img data-recalc-dims=\"1\" decoding=\"async\" src=\"https:\/\/i0.wp.com\/4.bp.blogspot.com\/-qT_28vo5O50\/WD8GUFokPZI\/AAAAAAAAE64\/b9gUlG5wRWQyLmMZ0cS-h1TjpDMmunLLgCLcB\/s800\/mossenairesPB266286.JPG?ssl=1\" border=\"0\" \/><br \/>\nComencem molt ben acompanyades i acompanyats un dia m\u00e9s i anar fent historia<\/h3>\n<h3 style=\"text-align: justify\"><img data-recalc-dims=\"1\" decoding=\"async\" src=\"https:\/\/i0.wp.com\/4.bp.blogspot.com\/-8L0mwSjAcfI\/WD8GUEguB9I\/AAAAAAAAE68\/PDlCHIvLhoYjUcuGj7xqwlY8wqJDDmfPgCLcB\/s800\/mossenairesPB266287.JPG?ssl=1\" border=\"0\" \/><br \/>\nI l\u2019Alba inicia l\u2019entrenament<\/h3>\n<h3 style=\"text-align: justify\"><img data-recalc-dims=\"1\" decoding=\"async\" src=\"https:\/\/i0.wp.com\/2.bp.blogspot.com\/-oSr5YBk9VLw\/WD8GUZvXqwI\/AAAAAAAAE7A\/lUoV8-58FzMNP7TwmxRbgIIZ0ju21ktSQCLcB\/s800\/mossenairesPB266288.JPG?ssl=1\" border=\"0\" \/><br \/>\nAmb el paper d\u2019agraiment manuescrit. Gr\u00e0cies de nou!<\/h3>\n<h3 style=\"text-align: justify\"><img data-recalc-dims=\"1\" decoding=\"async\" src=\"https:\/\/i0.wp.com\/4.bp.blogspot.com\/-a008GbuLG28\/WD8GUrV3ZCI\/AAAAAAAAE7E\/I6Op5VJzVMwmIiPSWjl07AWcLJKmtiaugCLcB\/s800\/mossenairesPB266289.JPG?ssl=1\" border=\"0\" \/><br \/>\nPrimer reagrupament<\/h3>\n<h3 style=\"text-align: justify\"><img data-recalc-dims=\"1\" decoding=\"async\" src=\"https:\/\/i0.wp.com\/2.bp.blogspot.com\/-wmGegama0VY\/WD8GVEPXXmI\/AAAAAAAAE7I\/vAyvEuUPYyM89bDvdzPlbbvxdJNhVI8iwCLcB\/s800\/mossenairesPB266290.JPG?ssl=1\" border=\"0\" \/><\/h3>\n<h3 style=\"text-align: justify\"><img data-recalc-dims=\"1\" decoding=\"async\" src=\"https:\/\/i0.wp.com\/2.bp.blogspot.com\/-Gwa-ZqXBasA\/WD8GVNefX0I\/AAAAAAAAE7M\/H-lk5VTQo10L_naXi8IH-9GHW6D0p48ZwCLcB\/s800\/mossenairesPB266291.JPG?ssl=1\" border=\"0\" \/><br \/>\n<a class=\"postlink\" href=\"http:\/\/mossenhoms.netfreehost.com\/viewtopic.php?p=14004#14004\" target=\"_blank\">Balme S\u00e1nchez <\/a><\/h3>\n<h3 style=\"text-align: justify\"><img data-recalc-dims=\"1\" decoding=\"async\" src=\"https:\/\/i0.wp.com\/2.bp.blogspot.com\/-vImzNnri3Iw\/WD8GVvvAsnI\/AAAAAAAAE7Q\/2Op2dUyTBU8eh7GR_O9EbPgzOpKOgxksQCLcB\/s800\/mossenairesPB266292.JPG?ssl=1\" border=\"0\" \/><br \/>\nFernando i Alba reagrupant<\/h3>\n<h3 style=\"text-align: justify\"><img data-recalc-dims=\"1\" decoding=\"async\" src=\"https:\/\/i0.wp.com\/3.bp.blogspot.com\/-iwd-26wzHEU\/WD8GV25dwoI\/AAAAAAAAE7U\/ndGRMl6E_zI_uwF52EMvbX51rXPO8L9tQCLcB\/s800\/mossenairesPB266293.JPG?ssl=1\" border=\"0\" \/><br \/>\nLes dues germanes de Nav\u00e0s plegades<\/h3>\n<h3 style=\"text-align: justify\"><img data-recalc-dims=\"1\" decoding=\"async\" src=\"https:\/\/i0.wp.com\/1.bp.blogspot.com\/-DTapbys_Rdw\/WD8GWb330kI\/AAAAAAAAE7Y\/HWanP9fZdzM01MgiyXA4IWDpxCuyXledgCLcB\/s800\/mossenairesPB266294.JPG?ssl=1\" border=\"0\" \/><\/h3>\n<h3 style=\"text-align: justify\"><a class=\"postlink\" href=\"http:\/\/mossenhoms.netfreehost.com\/mossenhoms-post-13786.html#13786\" target=\"_blank\">Isabel Alcalde <\/a>, <a class=\"postlink\" href=\"http:\/\/mossenhoms.netfreehost.com\/mossenhoms-post-13684.html#13684\" target=\"_blank\">Isabel Vergara <\/a>, <a class=\"postlink\" href=\"http:\/\/mossenhoms.netfreehost.com\/viewtopic.php?p=14005#14005\" target=\"_blank\">Sole Aguilar <\/a><br \/>\n<img data-recalc-dims=\"1\" decoding=\"async\" src=\"https:\/\/i0.wp.com\/3.bp.blogspot.com\/-IRHPZj9RDDk\/WD8GWRPtdqI\/AAAAAAAAE7c\/Kxd7h5ZG91YAK8rRLjx1PXEWESeD_R9BQCLcB\/s800\/mossenairesPB266295.JPG?ssl=1\" border=\"0\" \/><br \/>\n<a class=\"postlink\" href=\"http:\/\/mossenhoms.netfreehost.com\/viewtopic.php?p=13847#13847\" target=\"_blank\">Isaac Osuna <\/a><\/h3>\n<h3 style=\"text-align: justify\"><img data-recalc-dims=\"1\" decoding=\"async\" src=\"https:\/\/i0.wp.com\/4.bp.blogspot.com\/-zlmVbcAThfk\/WD8GWeqZXNI\/AAAAAAAAE7g\/06VcKyNBOzkPZtFOYPYF9rSse2YQ0apPwCLcB\/s800\/mossenairesPB266296.JPG?ssl=1\" border=\"0\" \/><br \/>\n<a class=\"postlink\" href=\"http:\/\/mossenhoms.netfreehost.com\/mossenhoms-post-13900.html#13900\" target=\"_blank\">Quim Badia <\/a><\/h3>\n<h3 style=\"text-align: justify\"><img data-recalc-dims=\"1\" decoding=\"async\" src=\"https:\/\/i0.wp.com\/1.bp.blogspot.com\/-hLueiEs1ioI\/WD8GXIXlS2I\/AAAAAAAAE7k\/lHpMjRApJUA6KkK7bBMvL38zW3udhrCyQCLcB\/s800\/mossenairesPB266297.JPG?ssl=1\" border=\"0\" \/><br \/>\n<a class=\"postlink\" href=\"http:\/\/mossenhoms.netfreehost.com\/viewtopic.php?p=13945#13945\" target=\"_blank\">Paco Barcia <\/a>i <a class=\"postlink\" href=\"http:\/\/mossenhoms.netfreehost.com\/mossenhoms-post-8218.html#8218\" target=\"_blank\">Jordi Vi\u00f1eta <\/a><\/h3>\n<h3 style=\"text-align: justify\"><img data-recalc-dims=\"1\" decoding=\"async\" src=\"https:\/\/i0.wp.com\/2.bp.blogspot.com\/-0DGGd-GIZeo\/WD8GXQwJEtI\/AAAAAAAAE7o\/dbFdalzcyu0-FdHe5YVK6DRLjr29g1MEACLcB\/s800\/mossenairesPB266298.JPG?ssl=1\" border=\"0\" \/><br \/>\nI la caracter\u00edstica dels Mossenaires: \u201cS\u2019ha d\u2019anar a la cua!!!\u201d<\/h3>\n<h3 style=\"text-align: justify\"><img data-recalc-dims=\"1\" decoding=\"async\" src=\"https:\/\/i0.wp.com\/2.bp.blogspot.com\/-LqnRGmUMC7k\/WD8GXb-DcsI\/AAAAAAAAE7s\/R7CQ-vbH5nkr6pPMEhWd5HgRE-oTQCTvQCLcB\/s800\/mossenairesPB266299.JPG?ssl=1\" border=\"0\" \/><br \/>\nI reagrupats de nou amb en <a class=\"postlink\" href=\"http:\/\/mossenhoms.netfreehost.com\/mossenhoms-post-13912.html#13912\" target=\"_blank\">Miquel Paradell <\/a>, Fernando, Manolo<\/h3>\n<h3 style=\"text-align: justify\"><img data-recalc-dims=\"1\" decoding=\"async\" src=\"https:\/\/i0.wp.com\/2.bp.blogspot.com\/-HQx7Pq3mrEE\/WD8GXjMxKrI\/AAAAAAAAE7w\/OyWRl84usBEgNMIgMcGSpM6LfEvxKP8pwCLcB\/s800\/mossenairesPB266300.JPG?ssl=1\" border=\"0\" \/><br \/>\n<a class=\"postlink\" href=\"http:\/\/mossenhoms.netfreehost.com\/mossenhoms-post-9023.html#9023\" target=\"_blank\">Josep Mirabet <\/a><\/h3>\n<h3 style=\"text-align: justify\"><img data-recalc-dims=\"1\" decoding=\"async\" src=\"https:\/\/i0.wp.com\/4.bp.blogspot.com\/-i21Gv_HA1go\/WD8GYBGfbxI\/AAAAAAAAE70\/NUoVGHKXcoA_ZnORG1EtTPDXirPORBRJgCLcB\/s800\/mossenairesPB266301.JPG?ssl=1\" border=\"0\" \/><br \/>\nl\u2019Alba amb en <a class=\"postlink\" href=\"http:\/\/mossenhoms.netfreehost.com\/viewtopic.php?p=13886#13886\" target=\"_blank\">Carmelo Luque <\/a>i en <a class=\"postlink\" href=\"http:\/\/mossenhoms.netfreehost.com\/mossenhoms-post-8218.html#8218\" target=\"_blank\">Jordi Vi\u00f1eta <\/a><\/h3>\n<h3 style=\"text-align: justify\"><img data-recalc-dims=\"1\" decoding=\"async\" src=\"https:\/\/i0.wp.com\/4.bp.blogspot.com\/-JCb9WoezQQY\/WD8GYA8NZsI\/AAAAAAAAE74\/beWeiYEYZ9cwfemXwqGqkdBTzAtT-e1qQCLcB\/s800\/mossenairesPB266302.JPG?ssl=1\" border=\"0\" \/><br \/>\nI amb en <a class=\"postlink\" href=\"http:\/\/mossenhoms.netfreehost.com\/viewtopic.php?p=13708#13708\" target=\"_blank\">Toni Pe\u00f1alver <\/a>, passant per la font de l\u2019Argelaguet<\/h3>\n<h3 style=\"text-align: justify\"><img data-recalc-dims=\"1\" decoding=\"async\" src=\"https:\/\/i0.wp.com\/1.bp.blogspot.com\/-4nQ17x50h58\/WD8GYQMlH7I\/AAAAAAAAE78\/RojmdUufmpg6UP2H8G8YK9Q8IbuM-Yd9gCLcB\/s800\/mossenairesPB266303.JPG?ssl=1\" border=\"0\" \/><br \/>\nI seguim passant per la font de l\u2019Argelaguet, tamb\u00e9 dita per molts la \u201cfuente del jabal\u00ed\u201d, \u201cfuente a culebra\u201d, i s\u00f3n com alguns la coneixen. De fer Argelaguet \u00e9s el seu nom real.<\/h3>\n<h3 style=\"text-align: justify\"><img data-recalc-dims=\"1\" decoding=\"async\" src=\"https:\/\/i0.wp.com\/4.bp.blogspot.com\/-6kcnOEUMD1I\/WD8GYr_M-2I\/AAAAAAAAE8A\/7nDB7y3eBiUJqca6_4SgLm_7AY9_cssFQCLcB\/s800\/mossenairesPB266304.JPG?ssl=1\" border=\"0\" \/><br \/>\nLa nostra mossenaire d\u2019honor de la setmana passada, la <a class=\"postlink\" href=\"http:\/\/mossenhoms.netfreehost.com\/viewtopic.php?p=14005#14005\" target=\"_blank\">Sole Aguilar <\/a>, tamb\u00e9 passant per la font de l\u2019Argelaguet<\/h3>\n<h3 style=\"text-align: justify\"><img data-recalc-dims=\"1\" decoding=\"async\" src=\"https:\/\/i0.wp.com\/1.bp.blogspot.com\/-EpsITy8Ks4s\/WD8GbKaLJ2I\/AAAAAAAAE8g\/m5jqE66DDNAf9YP7_fDiddp0bK8BpbpkACLcB\/s800\/mossenairesPB266305.JPG?ssl=1\" border=\"0\" \/><br \/>\nLa <a class=\"postlink\" href=\"http:\/\/mossenhoms.netfreehost.com\/viewtopic.php?p=13882#13882\" target=\"_blank\">Mariona Linares <\/a>i en <a class=\"postlink\" href=\"http:\/\/mossenhoms.netfreehost.com\/mossenhoms-post-13785.html#13785\" target=\"_blank\">Miguel Alonso Giralde <\/a>estrenant unes espl\u00e8ndides ulleres de veure-hi. Oi que li queden b\u00e9?<\/h3>\n<h3 style=\"text-align: justify\"><img data-recalc-dims=\"1\" decoding=\"async\" src=\"https:\/\/i0.wp.com\/2.bp.blogspot.com\/-ruV8UsFmDZ8\/WD8GY2biU5I\/AAAAAAAAE8E\/LnZO5iPIX0cp0OsQmVYSMv9c0eMzh7L6gCLcB\/s800\/mossenairesPB266306.JPG?ssl=1\" border=\"0\" \/><br \/>\nHav\u00edeu vist mai dos Isaacs plegats? aqu\u00ed els teniu: <a class=\"postlink\" href=\"http:\/\/mossenhoms.netfreehost.com\/viewtopic.php?p=13847#13847\" target=\"_blank\">Isaac Osuna <\/a>i <a class=\"postlink\" href=\"http:\/\/mossenhoms.netfreehost.com\/viewtopic.php?p=13963#13963\" target=\"_blank\">Isaac Ortega <\/a><\/h3>\n<h3 style=\"text-align: justify\"><img data-recalc-dims=\"1\" decoding=\"async\" src=\"https:\/\/i0.wp.com\/3.bp.blogspot.com\/-NnAHOskKe1g\/WD8GZNenBOI\/AAAAAAAAE8I\/TDDUrVCsLfAJ6hyUKJCM4tGVyQVy8-w4QCLcB\/s800\/mossenairesPB266307.JPG?ssl=1\" border=\"0\" \/><br \/>\n<a class=\"postlink\" href=\"http:\/\/mossenhoms.netfreehost.com\/viewtopic.php?p=13967#13967\" target=\"_blank\">Juan Antonio S\u00e1nchez Amil <\/a>i el mossenaire nou, anant a la cua.<\/h3>\n<h3 style=\"text-align: justify\"><img data-recalc-dims=\"1\" decoding=\"async\" src=\"https:\/\/i0.wp.com\/4.bp.blogspot.com\/-F01ZhEzxoYk\/WD8GZo8QBHI\/AAAAAAAAE8M\/mbxxU3gl5VAtPBQNqQkv8l0ss_gdIiOUACLcB\/s800\/mossenairesPB266308.JPG?ssl=1\" border=\"0\" \/><br \/>\nI en <a class=\"postlink\" href=\"http:\/\/mossenhoms.netfreehost.com\/viewtopic.php?p=13708#13708\" target=\"_blank\">Toni Pe\u00f1alver <\/a>tamb\u00e9 exercint d\u2019aut\u00e8ntic mossenaire: anar a la cua!! Gr\u00e0cies!!<\/h3>\n<h3 style=\"text-align: justify\"><img data-recalc-dims=\"1\" decoding=\"async\" src=\"https:\/\/i0.wp.com\/4.bp.blogspot.com\/-si4JZ8Drj_w\/WD8GZ04w-gI\/AAAAAAAAE8Q\/poy9bKrMq20iYzfcfF_8LAU5UrbrjJFiQCLcB\/s800\/mossenairesPB266309.JPG?ssl=1\" border=\"0\" \/><br \/>\nI com no: en <a class=\"postlink\" href=\"http:\/\/mossenhoms.netfreehost.com\/viewtopic.php?p=8819#8819\" target=\"_blank\">Miguel Moreno Moreno <\/a>, que no deixa mai d\u2019anar a la cua, el nostre Mossenaire de la Capital<\/h3>\n<h3 style=\"text-align: justify\"><img data-recalc-dims=\"1\" decoding=\"async\" src=\"https:\/\/i0.wp.com\/2.bp.blogspot.com\/-5x0raiQTJSA\/WD8GaHpjNoI\/AAAAAAAAE8U\/-Q-7Usw-cEQ7xJaPp2BXxpSvubN8P8ZsgCLcB\/s800\/mossenairesPB266310.JPG?ssl=1\" border=\"0\" \/><br \/>\n<a class=\"postlink\" href=\"http:\/\/mossenhoms.netfreehost.com\/viewtopic.php?p=8819#8819\" target=\"_blank\">Miguel Moreno Moreno <\/a><\/h3>\n<h3 style=\"text-align: justify\"><img data-recalc-dims=\"1\" decoding=\"async\" src=\"https:\/\/i0.wp.com\/2.bp.blogspot.com\/-1I6dDXTZFYQ\/WD8GaUjHfJI\/AAAAAAAAE8Y\/bUduDWK5nt4mojR1fueFGeevSSx38IFxACLcB\/s800\/mossenairesPB266311.JPG?ssl=1\" border=\"0\" \/><br \/>\nI salta la sorpresa: al progressiu que es proposa en pujada, salta l\u2019Alba.<\/h3>\n<h3 style=\"text-align: justify\"><img data-recalc-dims=\"1\" decoding=\"async\" src=\"https:\/\/i0.wp.com\/4.bp.blogspot.com\/-QKpW_H-WBu4\/WD8Ga9SqLBI\/AAAAAAAAE8c\/Lenf1uKDX7wF3WwXHRc3u15iSvsSLQWOwCLcB\/s800\/mossenairesPB266312.JPG?ssl=1\" border=\"0\" \/><br \/>\nI aqu\u00ed els capdavanters. Un bon progressiu i d\u2019esquerra a dreta\u00a0<a class=\"postlink\" href=\"http:\/\/mossenhoms.netfreehost.com\/viewtopic.php?p=13941#13941\" target=\"_blank\">Evans <\/a>, <a class=\"postlink\" href=\"http:\/\/mossenhoms.netfreehost.com\/viewtopic.php?p=9395#9395\" target=\"_blank\">Jos\u00e9 Manuel Garc\u00eda Cabello <\/a>, Alba Mart\u00ednez,\u00a0<a class=\"postlink\" href=\"http:\/\/mossenhoms.netfreehost.com\/viewtopic.php?p=10370#10370\" target=\"_blank\">Ildefonso Morenas <\/a>, <a class=\"postlink\" href=\"http:\/\/mossenhoms.netfreehost.com\/viewtopic.php?p=13963#13963\" target=\"_blank\">Isaac Ortega <\/a>i <a class=\"postlink\" href=\"http:\/\/mossenhoms.netfreehost.com\/viewtopic.php?p=8819#8819\" target=\"_blank\">Miguel Moreno Moreno <\/a>\u00a0Ja sabeu que ara els capdavanters han de ser solidaris i anar cap a la cua per homologar el podi virtual que acabeu d\u2019aconseguir: estaran a la foto de la cua?<\/h3>\n<h3 style=\"text-align: justify\"><img data-recalc-dims=\"1\" decoding=\"async\" src=\"https:\/\/i0.wp.com\/1.bp.blogspot.com\/-3mBUuqyHklk\/WD8GbQo3zYI\/AAAAAAAAE8k\/kC6TyEFhrfAzNmEIaU9SDbqplUEohmuHwCLcB\/s800\/mossenairesPB266313.JPG?ssl=1\" border=\"0\" \/><br \/>\nQui es tapa? Mmmm !!, ho sabem?<\/h3>\n<h3 style=\"text-align: justify\"><img data-recalc-dims=\"1\" decoding=\"async\" src=\"https:\/\/i0.wp.com\/3.bp.blogspot.com\/-jduaXLSt67k\/WD8Gbn3UsrI\/AAAAAAAAE8o\/J4ReFsCimYoAN9Axq1_VCseWI1pNYB6sQCLcB\/s800\/mossenairesPB266314.JPG?ssl=1\" border=\"0\" \/><br \/>\nI comprovem que si: la cua est\u00e0 molt ben acompanyada amb qui ha fet el progressiu. El podi queda homologat. Enhorabona i de nou gr\u00e0cies: aix\u00f2 \u00e9s \u201cMossenaires\u201d<\/h3>\n<h3 style=\"text-align: justify\"><img data-recalc-dims=\"1\" decoding=\"async\" src=\"https:\/\/i0.wp.com\/2.bp.blogspot.com\/-dT9Rmx5LUho\/WD8GbwxcQjI\/AAAAAAAAE8s\/GV9QFgHJ5kYZM9JNqwo9UPv5AZtjMY0UwCLcB\/s800\/mossenairesPB266315.JPG?ssl=1\" border=\"0\" \/><br \/>\nJa la tenim aqu\u00ed: arriba la cua. Gr\u00e0cies!!!<\/h3>\n<h3 style=\"text-align: justify\"><img data-recalc-dims=\"1\" decoding=\"async\" src=\"https:\/\/i0.wp.com\/3.bp.blogspot.com\/-oQIFS0jzv2A\/WD8GcBxQEjI\/AAAAAAAAE8w\/BO3wRB1rU8QSiPl6aO0Pu38E8J4SEufmACLcB\/s800\/mossenairesPB266316.JPG?ssl=1\" border=\"0\" \/><br \/>\nSabadell al fons. Avui ho dediquem a vosaltres, el Mossenaires Sabadellencs<\/h3>\n<h3 style=\"text-align: justify\"><img data-recalc-dims=\"1\" decoding=\"async\" src=\"https:\/\/i0.wp.com\/2.bp.blogspot.com\/-ksDfY9S-ac8\/WD8GcW1K-VI\/AAAAAAAAE80\/c8rhJDRTP2AuTthoohUkoSiRtwpJMqkWwCLcB\/s800\/mossenairesPB266317.JPG?ssl=1\" border=\"0\" \/><\/h3>\n<h3 style=\"text-align: justify\"><img data-recalc-dims=\"1\" decoding=\"async\" src=\"https:\/\/i0.wp.com\/2.bp.blogspot.com\/-CpzA8Z2zDrU\/WD8GcgJ9-uI\/AAAAAAAAE84\/abq6-EVQlEo3bw9Cqdv2wrjVqOWcO_fPQCLcB\/s800\/mossenairesPB266318.JPG?ssl=1\" border=\"0\" \/><br \/>\nI arribem a l\u2019aduana: tot creuant la frontera Vallessana, ens posen un bon arbre i la Sandra fa el seu pas i l\u2019Alba i en <a class=\"postlink\" href=\"http:\/\/mossenhoms.netfreehost.com\/mossenhoms-post-13831.html#13831\" target=\"_blank\">Jos\u00e9 Francisco L\u00f3pez Padillo <\/a>espera el seu torn<\/h3>\n<h3 style=\"text-align: justify\"><img data-recalc-dims=\"1\" decoding=\"async\" src=\"https:\/\/i0.wp.com\/4.bp.blogspot.com\/-ywWsuYA4jYM\/WD8GdK65kjI\/AAAAAAAAE88\/4id_oaW7xIcy-GLMoc0C_9cFFZb-krKuACLcB\/s800\/mossenairesPB266319.JPG?ssl=1\" border=\"0\" \/><\/h3>\n<h3 style=\"text-align: justify\"><img data-recalc-dims=\"1\" decoding=\"async\" src=\"https:\/\/i0.wp.com\/4.bp.blogspot.com\/-O8ukGWByvv4\/WD8GdyaDc2I\/AAAAAAAAE9E\/xYrrmz2f4G4dVh4tv1raWWGr0ldMNLdHgCLcB\/s800\/mossenairesPB266320.JPG?ssl=1\" border=\"0\" \/><br \/>\n<a class=\"postlink\" href=\"http:\/\/mossenhoms.netfreehost.com\/viewtopic.php?p=13945#13945\" target=\"_blank\">Paco Barcia <\/a>fent equilibris<\/h3>\n<h3 style=\"text-align: justify\"><img data-recalc-dims=\"1\" decoding=\"async\" src=\"https:\/\/i0.wp.com\/4.bp.blogspot.com\/-_LeytDr3a3A\/WD8Gd4qUE_I\/AAAAAAAAE9A\/8RmdFBL_DhM4c1gfGYddPash7nwzbxNlQCLcB\/s800\/mossenairesPB266321.JPG?ssl=1\" border=\"0\" \/><br \/>\n<a class=\"postlink\" href=\"http:\/\/mossenhoms.netfreehost.com\/viewtopic.php?p=13767#13767\" target=\"_blank\">Jordi Gonz\u00e1lez Riquelme <\/a><\/h3>\n<h3 style=\"text-align: justify\"><img data-recalc-dims=\"1\" decoding=\"async\" src=\"https:\/\/i0.wp.com\/1.bp.blogspot.com\/-2OlWtVGJAgQ\/WD8GeMmaYiI\/AAAAAAAAE9I\/0nQt1lfUgbMf7g_KxageiYk97bTaJUGuACLcB\/s800\/mossenairesPB266322.JPG?ssl=1\" border=\"0\" \/><\/h3>\n<h3 style=\"text-align: justify\"><a class=\"postlink\" href=\"http:\/\/mossenhoms.netfreehost.com\/viewtopic.php?p=8819#8819\" target=\"_blank\">Miguel Moreno Moreno <\/a><br \/>\n<img data-recalc-dims=\"1\" decoding=\"async\" src=\"https:\/\/i0.wp.com\/1.bp.blogspot.com\/-9xZ-SpuCeVE\/WD8GeiyUo2I\/AAAAAAAAE9M\/DFdJgeXcSagy5qkcR8AazbjlHJfLMBTDwCLcB\/s800\/mossenairesPB266323.JPG?ssl=1\" border=\"0\" \/><br \/>\nEls hi d\u00e8iem a les nostres amistats sabadellenques, que com \u00e9s que no arreglen els camins. B\u00e9; seguraments tamb\u00e9 \u00e9s divertit que no tot sigui c\u00f3rrer pla i algun petit parany tamb\u00e9 ens agrada<\/h3>\n<h3 style=\"text-align: justify\"><img data-recalc-dims=\"1\" decoding=\"async\" src=\"https:\/\/i0.wp.com\/1.bp.blogspot.com\/-zgC2q0NNIao\/WD8GeuMGcvI\/AAAAAAAAE9Q\/LOF91mP_LEYlDpFJ4LqN0zagr9kRLZkcgCLcB\/s800\/mossenairesPB266324.JPG?ssl=1\" border=\"0\" \/><br \/>\nI la <a class=\"postlink\" href=\"http:\/\/mossenhoms.netfreehost.com\/viewtopic.php?p=13882#13882\" target=\"_blank\">Mariona Linares <\/a>, se li nota que gaudeix<\/h3>\n<h3 style=\"text-align: justify\"><img data-recalc-dims=\"1\" decoding=\"async\" src=\"https:\/\/i0.wp.com\/3.bp.blogspot.com\/-mkTwzfoqpXM\/WD8Ge-jVEDI\/AAAAAAAAE9U\/bU-5SEfu52gN7aVIZDV1bid40fz2SPRmQCLcB\/s800\/mossenairesPB266325.JPG?ssl=1\" border=\"0\" \/><br \/>\nI en <a class=\"postlink\" href=\"http:\/\/mossenhoms.netfreehost.com\/viewtopic.php?p=13801#13801\" target=\"_blank\">Marc Armengol <\/a>, se\u2019n surt prou b\u00e9<\/h3>\n<h3 style=\"text-align: justify\"><img data-recalc-dims=\"1\" decoding=\"async\" src=\"https:\/\/i0.wp.com\/3.bp.blogspot.com\/-fA_d8K-ITVM\/WD8GfTeazlI\/AAAAAAAAE9c\/fDd9Z0m1vWcJcHByxLI5lmzUr1h4c5fIgCLcB\/s800\/mossenairesPB266326.JPG?ssl=1\" border=\"0\" \/><br \/>\nI en <a class=\"postlink\" href=\"http:\/\/mossenhoms.netfreehost.com\/mossenhoms-post-13998.html#13998\" target=\"_blank\">Francisco Escudero <\/a>ben agafat a la branca, tamb\u00e9 passa b\u00e9<\/h3>\n<h3 style=\"text-align: justify\"><img data-recalc-dims=\"1\" decoding=\"async\" src=\"https:\/\/i0.wp.com\/4.bp.blogspot.com\/-Uvin_6dIWNk\/WD8Gfj2V6CI\/AAAAAAAAE9Y\/8kJSTLXi3PEfptiE9fj3vx_AhvJst9qRACLcB\/s800\/mossenairesPB266327.JPG?ssl=1\" border=\"0\" \/><br \/>\n<a class=\"postlink\" href=\"http:\/\/mossenhoms.netfreehost.com\/viewtopic.php?p=13886#13886\" target=\"_blank\">Carmelo Luque <\/a>tamb\u00e9 passa perfecte<\/h3>\n<h3 style=\"text-align: justify\"><img data-recalc-dims=\"1\" decoding=\"async\" src=\"https:\/\/i0.wp.com\/2.bp.blogspot.com\/-2T2FKY9TH5g\/WD8Gf0rsEpI\/AAAAAAAAE9g\/A7ZGDyekj44jFRu5DkHKxUn5pA5rXGLRACLcB\/s800\/mossenairesPB266328.JPG?ssl=1\" border=\"0\" \/><br \/>\nLa <a class=\"postlink\" href=\"http:\/\/mossenhoms.netfreehost.com\/viewtopic.php?p=13902#13902\" target=\"_blank\">Montse Sus\u00edn <\/a>ja ha passat i ara li toca a en <a class=\"postlink\" href=\"http:\/\/mossenhoms.netfreehost.com\/mossenhoms-post-13701.html#13701\" target=\"_blank\">Quim Gaya <\/a><\/h3>\n<h3 style=\"text-align: justify\"><img data-recalc-dims=\"1\" decoding=\"async\" src=\"https:\/\/i0.wp.com\/3.bp.blogspot.com\/-VR2gYe9RMYw\/WD8GgamLi-I\/AAAAAAAAE9k\/Dj9tyydQKc4x34rnTn9K_SYXOmGwH23IgCLcB\/s800\/mossenairesPB266329.JPG?ssl=1\" border=\"0\" \/><br \/>\nEn <a class=\"postlink\" href=\"http:\/\/mossenhoms.netfreehost.com\/mossenhoms-post-13587.html#13587\" target=\"_blank\">Miguel Sampietro <\/a>se n\u2019assegura de no ensopegar, mentre l\u2019<a class=\"postlink\" href=\"http:\/\/mossenhoms.netfreehost.com\/viewtopic.php?p=13792#13792\" target=\"_blank\"> Antonio Mayorgas <\/a>es posa a punt<\/h3>\n<h3 style=\"text-align: justify\"><img data-recalc-dims=\"1\" decoding=\"async\" src=\"https:\/\/i0.wp.com\/1.bp.blogspot.com\/-D8j8w0qFiPQ\/WD8GgX1RTdI\/AAAAAAAAE9o\/5Zn5ksrV8V4OghbdSZ4ikPkcr5bD92rWgCLcB\/s800\/mossenairesPB266330.JPG?ssl=1\" border=\"0\" \/><br \/>\nI toca el desplegament de la bandera que ha dut la gran <a class=\"postlink\" href=\"http:\/\/mossenhoms.netfreehost.com\/viewtopic.php?p=13882#13882\" target=\"_blank\">Mariona Linares <\/a><\/h3>\n<h3 style=\"text-align: justify\"><img data-recalc-dims=\"1\" decoding=\"async\" src=\"https:\/\/i0.wp.com\/2.bp.blogspot.com\/-BUjwVH3yVhI\/WD8GgkaK3cI\/AAAAAAAAE9s\/7ZN1xmodTxYBLV_YRDbs3RgnZzfqZrAUgCLcB\/s800\/mossenairesPB266331.JPG?ssl=1\" border=\"0\" \/><br \/>\nI ara ens toca coneixa al \u201cMossenaire Nou\u201d, el noi de la barba, qu\u00e8 ara no recordem el nom. El proper dissabte l\u2019esbrinem, o si alg\u00fa el sap, si ens el fa arribar.<\/h3>\n<h3 style=\"text-align: justify\"><img data-recalc-dims=\"1\" decoding=\"async\" src=\"https:\/\/i0.wp.com\/3.bp.blogspot.com\/-xo1q_XKYAHE\/WD8GhKkspfI\/AAAAAAAAE90\/ie2i5ft39c0XmwLf1gfwuiN5RUtbMLuvgCLcB\/s800\/mossenairesPB266332.JPG?ssl=1\" border=\"0\" \/><br \/>\nI a ell li sol agradar dir que viu a la capital. Doncs avui li dediquem aquests minuts a una gran persona, com \u00e9s en <a class=\"postlink\" href=\"http:\/\/mossenhoms.netfreehost.com\/viewtopic.php?p=8819#8819\" target=\"_blank\">Miguel Moreno Moreno <\/a>i li destaquem que dedica moltes curses a acompanyar a un bon amic cec, sense visi\u00f3. Li fa de guia. Ets gran!!<\/h3>\n<h3 style=\"text-align: justify\"><img data-recalc-dims=\"1\" decoding=\"async\" src=\"https:\/\/i0.wp.com\/2.bp.blogspot.com\/-ofkYpDZOzxQ\/WD8GhGi29YI\/AAAAAAAAE9w\/6A4L2AujL-0nnZij3vbo7FI9C3DGL0jzACLcB\/s800\/mossenairesPB266333.JPG?ssl=1\" border=\"0\" \/><br \/>\nAqui la Mossenaire Major, <a class=\"postlink\" href=\"http:\/\/mossenhoms.netfreehost.com\/mossenhoms-post-13810.html#13810\" target=\"_blank\">Anna Cos <\/a>va fer all\u00f2 de \u201cCalla Miquel!!!!\u201d,<br \/>\nTothom mirant el Miquel i petant-se de riure m\u00e9s d\u2019un.<\/h3>\n<h3 style=\"text-align: justify\"><img data-recalc-dims=\"1\" decoding=\"async\" src=\"https:\/\/i0.wp.com\/2.bp.blogspot.com\/-D2VJHBF2cMA\/WD8GhhQH-VI\/AAAAAAAAE94\/1WxIqg3KE2UrLNAXNefqiqJioaCNzyIcwCLcB\/s800\/mossenairesPB266334.JPG?ssl=1\" border=\"0\" \/><br \/>\nI hem anant destacant als aniversaris a \u201cMossenaires d\u2019Honor\u201d, i en destaquem un en especial: el del 2014 en <a class=\"postlink\" href=\"http:\/\/mossenhoms.netfreehost.com\/mossenhoms-post-13701.html#13701\" target=\"_blank\">Quim Gaya <\/a>, que ens confesa que per el seu fill, en Pau, el seu pare \u00e9s un aut\u00e8ntic \u00eddol i li fa el seguiment i se enorgulleix del seu pare que cada setmana corre deu quil\u00f2metres. Saludem al seu fill, Pau, i l\u2019esperem aviat corrent amb nosaltres.<\/h3>\n<h3 style=\"text-align: justify\"><img data-recalc-dims=\"1\" decoding=\"async\" src=\"https:\/\/i0.wp.com\/1.bp.blogspot.com\/-COQ6L-VKR4Q\/WD8Gh2OZGxI\/AAAAAAAAE98\/53h-Df00Jpwh2uEARGWVNbsLEwg22JTMACLcB\/s800\/mossenairesPB266335.JPG?ssl=1\" border=\"0\" \/><br \/>\nEn <a class=\"postlink\" href=\"http:\/\/mossenhoms.netfreehost.com\/mossenhoms-post-13701.html#13701\" target=\"_blank\">Quim Gaya <\/a>, tot un \u00eddol pel Pau i tamb\u00e9 per nosaltres. Enhorabona!!<\/h3>\n<h3 style=\"text-align: justify\"><img data-recalc-dims=\"1\" decoding=\"async\" src=\"https:\/\/i0.wp.com\/1.bp.blogspot.com\/-NjXcFRWwWXQ\/WD8GiC7nkYI\/AAAAAAAAE-A\/KO_ZQR5XLUAlGGqOImcXT8FVQiUkBLdrACLcB\/s800\/mossenairesPB266336.JPG?ssl=1\" border=\"0\" \/><br \/>\nI ara ens toca con\u00e8ixer la nominada \u201cMossenaire de Nav\u00e0s\u201d, que estem a punt de proclamar<\/h3>\n<h3 style=\"text-align: justify\"><img data-recalc-dims=\"1\" decoding=\"async\" src=\"https:\/\/i0.wp.com\/2.bp.blogspot.com\/-yiZhKrwjghk\/WD8GibzaBLI\/AAAAAAAAE-E\/ih_xKw0KSfo2g2qhoU_2JD1CZkMCjbHSACLcB\/s800\/mossenairesPB266337.JPG?ssl=1\" border=\"0\" \/><br \/>\nAlba Mart\u00ednez ja \u00e9s \u201cMossenaire d\u2019honor\u201d. Felicitats!!<\/h3>\n<h3 style=\"text-align: justify\"><img data-recalc-dims=\"1\" decoding=\"async\" src=\"https:\/\/i0.wp.com\/4.bp.blogspot.com\/-6skJSDHphMk\/WD8Gi7_e6jI\/AAAAAAAAE-M\/Mh_IOrhMWJ0MLdZWtMJWQVphe5ytCmcSACLcB\/s800\/mossenairesPB266338.JPG?ssl=1\" border=\"0\" \/><br \/>\nAra la coneixereu amb el seu escrit. Quedareu impressionants<\/h3>\n<h3 style=\"text-align: justify\"><img data-recalc-dims=\"1\" decoding=\"async\" src=\"https:\/\/i0.wp.com\/1.bp.blogspot.com\/-25y8jJm4U-w\/WD8GijGaDmI\/AAAAAAAAE-I\/sHq28Yj9mXkcz1HGtoxqchH-BU6pPUOUgCLcB\/s800\/mossenairesPB266339.JPG?ssl=1\" border=\"0\" \/><br \/>\nFelicitats Alba<\/h3>\n<h3 style=\"text-align: justify\"><img data-recalc-dims=\"1\" decoding=\"async\" src=\"https:\/\/i0.wp.com\/4.bp.blogspot.com\/-IhJ-If7cL10\/WD8GjH-3RkI\/AAAAAAAAE-Q\/x9eP_ZFtayUb4E18InqXcyfLpsHsetqUACLcB\/s800\/mossenairesPB266340.JPG?ssl=1\" border=\"0\" \/><br \/>\nHem volgut tamb\u00e9 dedicar aquesta fotografia a les nostres amigues i amics de Sabadell que tantes setmanes ens acompanyen i formen part del projecte. Sabadell al fons. \u201cLa Capital\u201d, segons diuen. Gr\u00e0cies per fer el projecte gran<\/h3>\n<h3 style=\"text-align: justify\"><img data-recalc-dims=\"1\" decoding=\"async\" src=\"https:\/\/i0.wp.com\/3.bp.blogspot.com\/-8BOf_DyAIcY\/WD8Gj4b3NZI\/AAAAAAAAE-U\/Wvpb1GuEXPYvNYFzRv2qeA2feX4smY_vACLcB\/s800\/mossenairesPB266343a.JPG?ssl=1\" border=\"0\" \/><\/h3>\n<h3 style=\"text-align: justify\"><img data-recalc-dims=\"1\" decoding=\"async\" src=\"https:\/\/i0.wp.com\/1.bp.blogspot.com\/-ponw-Qf2qvs\/WD8GkNLoTjI\/AAAAAAAAE-Y\/e4lnY8AHBNQR5TFR_jp2gRN7ZHruCu7ZACLcB\/s800\/mossenairesPB266345.JPG?ssl=1\" border=\"0\" \/><\/h3>\n<h3 style=\"text-align: justify\"><img data-recalc-dims=\"1\" decoding=\"async\" src=\"https:\/\/i0.wp.com\/4.bp.blogspot.com\/-d3gn6JEAXO0\/WD8GkEqcUwI\/AAAAAAAAE-c\/t9Ex3oVrlEEiECT8XpxY5gkn6dPo9QxiwCLcB\/s800\/mossenairesPB266346.JPG?ssl=1\" border=\"0\" \/><\/h3>\n<h3 style=\"text-align: justify\"><img data-recalc-dims=\"1\" decoding=\"async\" src=\"https:\/\/i0.wp.com\/3.bp.blogspot.com\/-o6UwA9z3muA\/WD8GkbqpRnI\/AAAAAAAAE-g\/53QKJBBhkxcLdYaYXdDh3aMRnokjw7WnACLcB\/s800\/mossenairesPB266347.JPG?ssl=1\" border=\"0\" \/><br \/>\nI Mossenaires aixequen el vol, com tamb\u00e9 fan les aus del cel<\/h3>\n<h3 style=\"text-align: justify\"><img data-recalc-dims=\"1\" decoding=\"async\" src=\"https:\/\/i0.wp.com\/4.bp.blogspot.com\/-pHIzT8THMNI\/WD8Gk1GC7kI\/AAAAAAAAE-o\/GFgfTl6mAzwEOGHHQnEnmmsKPWtxuJpCgCLcB\/s800\/mossenairesPB266348.JPG?ssl=1\" border=\"0\" \/><br \/>\n<a class=\"postlink\" href=\"http:\/\/mossenhoms.netfreehost.com\/mossenhoms-post-13581.html#13581\" target=\"_blank\">Imma Morales <\/a>i <a class=\"postlink\" href=\"http:\/\/mossenhoms.netfreehost.com\/viewtopic.php?p=13720#13720\" target=\"_blank\">Carme Valldeperas <\/a>; confessen que es llegeixen les cr\u00f2niques. jejejej, si?<\/h3>\n<h3 style=\"text-align: justify\"><img data-recalc-dims=\"1\" decoding=\"async\" src=\"https:\/\/i0.wp.com\/3.bp.blogspot.com\/-yIvG_qzBTcE\/WD8Gkt3xdLI\/AAAAAAAAE-k\/RnM3K1SndfQ5y6iW4mFtUxxwipwoha66QCLcB\/s800\/mossenairesPB266349.JPG?ssl=1\" border=\"0\" \/><br \/>\nTant per part del Sabadellencs i Terrassencs, la Mola sempre all\u00e0. \u00c9s nostra. Bonica panor\u00e0mica amb vosaltres fent-la millor<\/h3>\n<h3 style=\"text-align: justify\"><img data-recalc-dims=\"1\" decoding=\"async\" src=\"https:\/\/i0.wp.com\/2.bp.blogspot.com\/-POE49p4NXAQ\/WD8GlMmsgFI\/AAAAAAAAE-s\/Vt_csUvHR4oQNRaMKV5NkeaBerNUG-wZACLcB\/s800\/mossenairesPB266350.JPG?ssl=1\" border=\"0\" \/><\/h3>\n<h3 style=\"text-align: justify\"><img data-recalc-dims=\"1\" decoding=\"async\" src=\"https:\/\/i0.wp.com\/3.bp.blogspot.com\/-leBt3nEkSuY\/WD8GmIgr7CI\/AAAAAAAAE-4\/XUcRA0775Vgx_NZdRSKz83KYn2Ma6kRjwCLcB\/s800\/mossenairesPB266360.JPG?ssl=1\" border=\"0\" \/><br \/>\nLes germanes, amb l\u2019abanderada. Enhorabona!!<\/h3>\n<h3 style=\"text-align: justify\"><img data-recalc-dims=\"1\" decoding=\"async\" src=\"https:\/\/i0.wp.com\/1.bp.blogspot.com\/-Oukla8St3zY\/WD8GmrgO2fI\/AAAAAAAAE_A\/ZUSmCgTuHhsdM1GAfomlyzqcZYZB__5UACLcB\/s800\/mossenairesPB266362.JPG?ssl=1\" border=\"0\" \/><br \/>\nUn molt bon record amb tots vosaltres<\/h3>\n<h3 style=\"text-align: justify\"><img data-recalc-dims=\"1\" decoding=\"async\" src=\"https:\/\/i0.wp.com\/4.bp.blogspot.com\/-tD1gF4uXFM4\/WD8Gm_wjD4I\/AAAAAAAAE_E\/nzi2368cTKwIGBao2YPepuZ7KQds0IGNACLcB\/s800\/mossenairesPB266363.JPG?ssl=1\" border=\"0\" \/><\/h3>\n<h3 style=\"text-align: justify\"><img data-recalc-dims=\"1\" decoding=\"async\" src=\"https:\/\/i0.wp.com\/1.bp.blogspot.com\/--Rj6qXCtWNk\/WD8GnUuxImI\/AAAAAAAAE_M\/r0eCLcPNQYU07nqKQ-ydECUyScifNEp_ACLcB\/s800\/mossenairesPB266365.JPG?ssl=1\" border=\"0\" \/><br \/>\nUn que passava per all\u00e0<\/h3>\n<h3 style=\"text-align: justify\"><img data-recalc-dims=\"1\" decoding=\"async\" src=\"https:\/\/i0.wp.com\/3.bp.blogspot.com\/-TRq2eknniXc\/WD8GngIXMDI\/AAAAAAAAE_Q\/vjjuFILKiOcAt5wLHOWsgQbc-iD8VT_9gCLcB\/s800\/mossenairesPB266366.JPG?ssl=1\" border=\"0\" \/><br \/>\nI la festa es va acabant<\/h3>\n<h3 style=\"text-align: justify\"><img data-recalc-dims=\"1\" decoding=\"async\" src=\"https:\/\/i0.wp.com\/4.bp.blogspot.com\/-oPv-vga9wwY\/WD8Gn9OZQNI\/AAAAAAAAE_Y\/EZI-uG6ry-QUk9EByS7R3Zg3xUqx_BJgwCLcB\/s800\/mossenairesPB266367.JPG?ssl=1\" border=\"0\" \/><br \/>\n<a class=\"postlink\" href=\"http:\/\/mossenhoms.netfreehost.com\/mossenhoms-post-13867.html#13867\" target=\"_blank\">el de la gorra <\/a><\/h3>\n<h3 style=\"text-align: justify\"><img data-recalc-dims=\"1\" decoding=\"async\" src=\"https:\/\/i0.wp.com\/2.bp.blogspot.com\/-Is1m3aPHKP4\/WD8GnwUtfcI\/AAAAAAAAE_U\/nEY1UlQ4hSMsxMbIwDetOKOk1fbXZqgigCLcB\/s800\/mossenairesPB266368.JPG?ssl=1\" border=\"0\" \/><br \/>\nUn altre vegada <a class=\"postlink\" href=\"http:\/\/mossenhoms.netfreehost.com\/mossenhoms-post-13867.html#13867\" target=\"_blank\">el de la gorra <\/a>i amb en <a class=\"postlink\" href=\"http:\/\/mossenhoms.netfreehost.com\/viewtopic.php?p=13976#13976\" target=\"_blank\">David Hern\u00e1ndez <\/a>i l\u2019<a class=\"postlink\" href=\"http:\/\/mossenhoms.netfreehost.com\/viewtopic.php?p=13931#13931\" target=\"_blank\">Albert Perpiny\u00e0 <\/a><\/h3>\n<h3 style=\"text-align: justify\"><img data-recalc-dims=\"1\" decoding=\"async\" src=\"https:\/\/i0.wp.com\/3.bp.blogspot.com\/-CKVkyq2r_X0\/WD8GoIe40SI\/AAAAAAAAE_c\/StkGw8kbQlwj76oeYGXujhS2UyGasNHuACLcB\/s800\/mossenairesPB266369.JPG?ssl=1\" border=\"0\" \/><br \/>\ni en <a class=\"postlink\" href=\"http:\/\/mossenhoms.netfreehost.com\/mossenhoms-post-13831.html#13831\" target=\"_blank\">Jos\u00e9 Francisco L\u00f3pez Padillo <\/a>, la plega b\u00e9. \u201cEso es to, eso es to, eso es todo amigos\u201d<\/h3>\n<h3 style=\"text-align: justify\"><img data-recalc-dims=\"1\" decoding=\"async\" src=\"https:\/\/i0.wp.com\/1.bp.blogspot.com\/-oHKCmgxpsc0\/WD8Gos3IJiI\/AAAAAAAAE_g\/KMDqsgArSpcZkgTine54xWBuMemFnLF-ACLcB\/s800\/mossenairesPB266373.JPG?ssl=1\" border=\"0\" \/><\/h3>\n<h3 style=\"text-align: justify\"><img data-recalc-dims=\"1\" decoding=\"async\" src=\"https:\/\/i0.wp.com\/3.bp.blogspot.com\/-H2CPu0xK4Ww\/WD8Gouw826I\/AAAAAAAAE_k\/8VETZTBwdVEZ-URANmSdTk3mv2XomrbyQCLcB\/s800\/mossenairesPB266374.JPG?ssl=1\" border=\"0\" \/><br \/>\nI amb aquesta gestualitat i segur que temes de conversa interessants, la gent mossenaire us tornar\u00e0 a esperar a totes i a tots, quan? doncs el proper dissabte a les vuit si tu vols i tant si plou com si no. Ens veiem i passeu bona setmana.<\/h3>\n<h3 style=\"text-align: justify\"><img data-recalc-dims=\"1\" decoding=\"async\" src=\"https:\/\/i0.wp.com\/2.bp.blogspot.com\/-dLNysA8DI_U\/WD8Gowh-sSI\/AAAAAAAAE_o\/jvCosdP5JAcY6r1gyfxbXTee1pW1wi-WACLcB\/s800\/mossenairesPB266375.JPG?ssl=1\" border=\"0\" \/><br \/>\nI ens fa il\u00b7lusi\u00f3 tancar el reportatge amb una Mossenaire i les seves filles i tamb\u00e9 de Sabadell, la <a class=\"postlink\" href=\"http:\/\/mossenhoms.netfreehost.com\/mossenhoms-post-13330.html#13330\" target=\"_blank\">Cristina Murcia <\/a>, que ens encanta veure-us. Fins aviat!!<\/h3>\n<h3 style=\"text-align: justify\"><a class=\"postlink\" href=\"https:\/\/connect.garmin.com\/modern\/activity\/1461100851?share_unique_id=140\" target=\"_blank\"><img data-recalc-dims=\"1\" decoding=\"async\" src=\"https:\/\/i0.wp.com\/2.bp.blogspot.com\/-De9FilqjH-A\/WD83IrPILZI\/AAAAAAAAWjo\/Si-H1DuELME2uNRtBRuY7Xhw3p9WFH8uQCLcB\/s800\/mossenairesPB266276j.JPG?ssl=1\" border=\"0\" \/><\/a><\/h3>\n<h3 style=\"text-align: justify\">I en Miquel us ensenya el recorregut d\u2019avui . Gr\u00e0cies!!<\/h3>\n<h3 style=\"text-align: justify\"><a href=\"https:\/\/connect.garmin.com\/modern\/activity\/1461100851?share_unique_id=140\" target=\"_blank\">https:\/\/connect.garmin.com\/modern\/activity\/1461100851?share_unique_id=140<\/a><\/h3>\n<h3 style=\"text-align: justify\"><\/h3>\n<h3 style=\"text-align: justify\"><\/h3>\n<h3 style=\"text-align: justify\">L\u2019Alba sabem que \u00e9s la germana de la Sandra, i des del primer dia que va venir, gaireb\u00e9 ha vingut tots els dissabtes i sabem que viu a Nav\u00e0s.<\/h3>\n<h3 style=\"text-align: justify\">Si la Sandra, la seva germana, \u00e9s l\u2019eterna \u201cno encara\u201d, l\u2019Alba no s\u2019ha fet pregar gens. A la primera, i estem agraides i agraits a totes dues, que facin gran el projecte. L\u2019Alba treballa tamb\u00e9 amb un fen\u00f2men de l\u2019atletisme, un conegut que vaig fer al 100 de pista, en Joan Compte, del que guardo un<br \/>\nbon record i m\u00e9s quan m\u2019explicava que va fer l\u2019Spartathlon.<\/h3>\n<h3 style=\"text-align: justify\">Alba es tot un honor tenir-te amb nosaltres i per molts anys podem gaudir de la teva amistat i companyia i et desitgem el millor. Enhorabona!!!<\/h3>\n<h3 style=\"text-align: justify\"><img data-recalc-dims=\"1\" decoding=\"async\" src=\"https:\/\/i0.wp.com\/4.bp.blogspot.com\/-kVZ9ZVbPuUs\/WD8GmMRh0xI\/AAAAAAAAE-0\/n8uqPLASDb4Q95JITBv6nYFm6OmuIuqPgCLcB\/s800\/mossenairesPB266352a.JPG?ssl=1\" border=\"0\" \/><\/h3>\n<h3 style=\"text-align: justify\"><img data-recalc-dims=\"1\" decoding=\"async\" src=\"https:\/\/i0.wp.com\/4.bp.blogspot.com\/-bYs7yErIrfw\/WD8Glvp6DDI\/AAAAAAAAE-w\/HmOMbGfPatsmSJfpntMsQ7g-hp9lcDkgwCLcB\/s800\/mossenairesPB266359a.JPG?ssl=1\" border=\"0\" \/><\/h3>\n<h3 style=\"text-align: justify\"><span style=\"color: #0000ff\">Hola Mossenaires!<\/span><\/h3>\n<h3 style=\"text-align: justify\"><span style=\"color: #0000ff\">S\u00f3c l\u2019Alba (la germana de la Sandra) i fa 2 mesos i mig que gaudeixo dels dissabtes amb vosaltres. Aquest esport al que tots hi esteu enganxats d\u2019una manera o altra ha format part de la meva vida des de gaireb\u00e9 sempre.<\/span><\/h3>\n<h3 style=\"text-align: justify\"><span style=\"color: #0000ff\">Ja des de ben petita participava en les curses populars perqu\u00e8 a casa tots corrien; el meu pare, la mare i la meva germana i, per tant, jo no podia ser menys. R\u00e0pidament em vaig endinsar en el m\u00f3n de l\u2019Atletisme.<\/span><\/h3>\n<h3 style=\"text-align: justify\"><span style=\"color: #0000ff\">Vaig fitxar amb el Club Atl\u00e8tic Manresa a la categoria d\u2019Alev\u00ed . A partir d\u2019en\u00e7\u00e0 els anys van passar r\u00e0pidament i mica en mica vaig anar assolint fites esportives de mig fons (a pista coberta i aire lliure) i de cross cada vegada m\u00e9s importants per a mi (Medalles a Campionats de Catalunya, a Campionats d\u2019Espanya, participaci\u00f3 a Encontres Internacionals, realitzaci\u00f3 de la M\u00ednima Mundial Junior d\u2019Obstacles, Beca externa al CAR, Estades d\u2019entrenaments amb la Federaci\u00f3 Espanyola&#8230;).<\/span><\/h3>\n<h3 style=\"text-align: justify\"><span style=\"color: #0000ff\">Cap als 22 anys em van acompanyar unes quantes lesions i coincidint amb la finalitzaci\u00f3 dels meus estudis de Magisteri va arribar un dia que vaig dir: \u201cNo vull c\u00f3rrer m\u00e9s\u201d.<\/span><\/h3>\n<h3 style=\"text-align: justify\"><span style=\"color: #0000ff\">I aix\u00ed va ser, de la nit al dia vaig passar d\u2019entrenar de 5 a 6 dies a no fer res; per\u00f2 clar, en una casa on l\u2019idioma que es parla \u00e9s l\u2019esport no hi deixes d\u2019estar mai desconnectada del tot.<\/span><\/h3>\n<h3 style=\"text-align: justify\"><span style=\"color: #0000ff\">Actualment, el qu\u00e8 faig \u00e9s esport per passar-ho b\u00e9 i per sentir-me b\u00e9. No tinc cap objectiu a curt termini (mai se sap!) per\u00f2 les sortides dels dissabtes amb els mossenaires han estat una excusa perfecte per tornar-me a enganxar a aquest esport.<\/span><\/h3>\n<h3 style=\"text-align: justify\"><span style=\"color: #0000ff\">M\u2019agrada molt la filosofia que teniu i m\u2019ho passo molt b\u00e9 coneixent nous camins.<\/span><\/h3>\n<h3 style=\"text-align: justify\"><span style=\"color: #0000ff\">Ens veiem els dissabtes!<\/span><\/h3>\n<table cellspacing=\"0\" align=\"left\">\n<tbody>\n<tr style=\"text-align: justify\">\n<td>\n<h3><strong><span style=\"color: #993300\"><img data-recalc-dims=\"1\" decoding=\"async\" class=\"decoded\" src=\"https:\/\/i0.wp.com\/josepmoliner.com\/chiptiempo.gif\" alt=\"http:\/\/josepmoliner.com\/chiptiempo.gif\" \/><\/span><\/strong><\/h3>\n<\/td>\n<td>\n<h3><strong><span style=\"color: #993300\"><img data-recalc-dims=\"1\" decoding=\"async\" class=\"decoded\" src=\"https:\/\/i0.wp.com\/josepmoliner.com\/centreMedicAvinguda.gif\" alt=\"http:\/\/josepmoliner.com\/centreMedicAvinguda.gif\" \/><\/span><\/strong><\/h3>\n<\/td>\n<\/tr>\n<tr style=\"text-align: justify\">\n<td>\n<h3><strong><span style=\"color: #993300\"><a style=\"color: #993300\" href=\"http:\/\/www.grevolsalut.com\/\" target=\"_blank\"><img data-recalc-dims=\"1\" decoding=\"async\" src=\"https:\/\/i0.wp.com\/www.elroure.net\/grevol\/grevol_salut.gif\" alt=\"\" \/><\/a><\/span><\/strong><\/h3>\n<\/td>\n<td>\n<h3><strong><span style=\"color: #993300\"><a style=\"color: #993300\" href=\"http:\/\/www.eledevall.com\/\" target=\"_blank\"><img data-recalc-dims=\"1\" decoding=\"async\" src=\"https:\/\/i0.wp.com\/josepmoliner.com\/eledevall.gif\" alt=\"\" \/><\/a><\/span><\/strong><\/h3>\n<\/td>\n<\/tr>\n<tr style=\"text-align: justify\">\n<td>\n<h3><strong><a style=\"color: #993300\" href=\"http:\/\/knyera.cf\/\" target=\"_blank\"><img data-recalc-dims=\"1\" decoding=\"async\" src=\"https:\/\/i0.wp.com\/www.josepmoliner.com\/knyera_running.gif\" alt=\"\" \/><\/a><\/strong><\/h3>\n<\/td>\n<td>\n<h3><strong><span style=\"color: #993300\"><a style=\"color: #993300\" href=\"http:\/\/www.egargrafic.com\/\" target=\"_blank\"><img data-recalc-dims=\"1\" decoding=\"async\" src=\"https:\/\/i0.wp.com\/www.josepmoliner.com\/egargrafic2.gif\" alt=\"\" \/><\/a><\/span><\/strong><\/h3>\n<\/td>\n<\/tr>\n<tr style=\"text-align: justify\">\n<td>\n<h3><strong><a style=\"color: #993300\" href=\"http:\/\/www.esportsavinguda.tk\/\" target=\"_blank\"><img data-recalc-dims=\"1\" decoding=\"async\" src=\"https:\/\/i0.wp.com\/josepmoliner.com\/esportsavinguda2.gif\" alt=\"\" \/><\/a><\/strong><\/h3>\n<\/td>\n<td>\n<h3><strong><span style=\"color: #993300\"><a style=\"color: #993300\" href=\"http:\/\/www.elroure.net\/\" target=\"_blank\"><img data-recalc-dims=\"1\" decoding=\"async\" src=\"https:\/\/i0.wp.com\/elroure.net\/rourenet.gif\" alt=\"\" \/><\/a><\/span><\/strong><\/h3>\n<\/td>\n<\/tr>\n<tr style=\"text-align: justify\">\n<td><\/td>\n<td>\n<h3><strong><span style=\"color: #993300\"><a style=\"color: #993300\" href=\"http:\/\/civeracampoy.com\/index.php\/es\/\" target=\"_blank\"><img data-recalc-dims=\"1\" decoding=\"async\" src=\"https:\/\/i0.wp.com\/josepmoliner.com\/Civera%26Campoy.gif\" alt=\"\" \/><\/a><\/span><\/strong><\/h3>\n<\/td>\n<\/tr>\n<tr style=\"text-align: justify\">\n<td>\n<table cellspacing=\"0\" align=\"left\">\n<tbody>\n<tr style=\"text-align: justify\">\n<td><\/td>\n<\/tr>\n<tr style=\"text-align: justify\">\n<td>\n<h3><strong><span style=\"color: #993300\"><a style=\"color: #993300\" href=\"mailto:banner@mossenhoms.be\">vols el teu banner?<\/a><\/span><\/strong><\/h3>\n<\/td>\n<\/tr>\n<\/tbody>\n<\/table>\n<\/td>\n<\/tr>\n<\/tbody>\n<\/table>\n","protected":false},"excerpt":{"rendered":"<p>Gent vinguda de molts pobles i ciutats s\u00f3n els que configurem aquest projecte d\u2019entrenaments en grup i sobretot de Sabadell, qu\u00e8 els Terrassencs coneixem b\u00e9 i qu\u00e8 la rivalitat en broma o en s\u00e8rio sempre i \u00e9s. \u201cSabadell mala pell i Terrassa mala ra\u00e7a\u201d. Un home de Sabadell, un senyor de Terrassa. Veureu que la [&hellip;]<\/p>\n","protected":false},"author":171,"featured_media":0,"comment_status":"open","ping_status":"open","sticky":false,"template":"","format":"standard","meta":{"jetpack_post_was_ever_published":false,"_jetpack_newsletter_access":"","_jetpack_dont_email_post_to_subs":false,"_jetpack_newsletter_tier_id":0,"_jetpack_memberships_contains_paywalled_content":false,"_jetpack_memberships_contains_paid_content":false,"footnotes":"","jetpack_publicize_message":"","jetpack_publicize_feature_enabled":true,"jetpack_social_post_already_shared":false,"jetpack_social_options":{"image_generator_settings":{"template":"highway","default_image_id":0,"font":"","enabled":false},"version":2}},"categories":[1],"tags":[],"class_list":["post-4333","post","type-post","status-publish","format-standard","hentry","category-general"],"jetpack_publicize_connections":[],"jetpack_featured_media_url":"","jetpack_sharing_enabled":true,"jetpack_shortlink":"https:\/\/wp.me\/pagkiK-17T","jetpack-related-posts":[{"id":5616,"url":"https:\/\/blogs.avui.cat\/pepmoliner\/2022\/08\/03\/mossenaires-va-de-terrassa-a-sabadell\/","url_meta":{"origin":4333,"position":0},"title":"Mossenaires va de Terrassa a Sabadell","author":"Pep Moliner","date":"3 d'agost de 2022","format":false,"excerpt":"Fa olor de vacances i es nota que uns i altres, tant els que les comenceu com els que les acabem, sempre trobem aquest moment de retrobada per iniciar un entrenament t\u00edpic de Can Mossenaire, aquell que a m\u00e9s de fer esport ens portar\u00e0 tot fent la xerrada i fent\u2026","rel":"","context":"A &quot;General&quot;","block_context":{"text":"General","link":"https:\/\/blogs.avui.cat\/pepmoliner\/category\/general\/"},"img":{"alt_text":"","src":"https:\/\/i0.wp.com\/blogger.googleusercontent.com\/img\/b\/R29vZ2xl\/AVvXsEgrlFXJdymFSzu-hOjVRYNaq2n4bUAAtmZ_YePlQBsZwlxor5Zw9aSi7TiSpIJzNB3rgtAQ8aciqvvGLTVvDPBYFbZ5XqohTuPFJa0CkQOdB34pP5PsBAOR-jflaI9-XXzIRTyi9W5EVVox5A81OfbaUkWj-juhGctUKLB4wBVHEmIHpA937FNXwC61Qw\/w640-h396\/101-Mossenaires_30juliol2022.circuit.png?resize=350%2C200&ssl=1","width":350,"height":200,"srcset":"https:\/\/i0.wp.com\/blogger.googleusercontent.com\/img\/b\/R29vZ2xl\/AVvXsEgrlFXJdymFSzu-hOjVRYNaq2n4bUAAtmZ_YePlQBsZwlxor5Zw9aSi7TiSpIJzNB3rgtAQ8aciqvvGLTVvDPBYFbZ5XqohTuPFJa0CkQOdB34pP5PsBAOR-jflaI9-XXzIRTyi9W5EVVox5A81OfbaUkWj-juhGctUKLB4wBVHEmIHpA937FNXwC61Qw\/w640-h396\/101-Mossenaires_30juliol2022.circuit.png?resize=350%2C200&ssl=1 1x, https:\/\/i0.wp.com\/blogger.googleusercontent.com\/img\/b\/R29vZ2xl\/AVvXsEgrlFXJdymFSzu-hOjVRYNaq2n4bUAAtmZ_YePlQBsZwlxor5Zw9aSi7TiSpIJzNB3rgtAQ8aciqvvGLTVvDPBYFbZ5XqohTuPFJa0CkQOdB34pP5PsBAOR-jflaI9-XXzIRTyi9W5EVVox5A81OfbaUkWj-juhGctUKLB4wBVHEmIHpA937FNXwC61Qw\/w640-h396\/101-Mossenaires_30juliol2022.circuit.png?resize=525%2C300&ssl=1 1.5x"},"classes":[]},{"id":3407,"url":"https:\/\/blogs.avui.cat\/pepmoliner\/2014\/08\/21\/gaudint-de-camins-de-sabadell-i-terrassa\/","url_meta":{"origin":4333,"position":1},"title":"Gaudint de camins de Sabadell i Terrassa","author":"Pep Moliner","date":"21 d'agost de 2014","format":false,"excerpt":"Un ruta sempre diferent, per qu\u00e8 diferents sempre son els que ens hi trobem i tots amb el mateix desig de passar-ho b\u00e9: corrent, rient, xerrant, gaudint de camins de Sabadell i Terrassa: amb una difer\u00e8ncia; una bona companyia.\u00a0 Avui hem baixat per corriols m\u00e9s estrets i bonics que sovintegem,\u2026","rel":"","context":"A &quot;General&quot;","block_context":{"text":"General","link":"https:\/\/blogs.avui.cat\/pepmoliner\/category\/general\/"},"img":{"alt_text":"","src":"","width":0,"height":0},"classes":[]},{"id":206,"url":"https:\/\/blogs.avui.cat\/pepmoliner\/2010\/01\/16\/de-terrassa-a-sabadell-amb-els-mossenaires\/","url_meta":{"origin":4333,"position":2},"title":"de Terrassa a Sabadell amb els mossenaires","author":"Pep Moliner","date":"16 de gener de 2010","format":false,"excerpt":"Sempre hi ha dies que costa anar agrupats si els de davant no paren als encreuaments i avui un m\u00e9s, per\u00f2 s'ha fet el que s'ha pogut i segur que heu gaudit i tornareu. La proposta era baixar fins a Sabadell i fer-nos una fotografia al mig d'una pla\u00e7a. Com\u2026","rel":"","context":"A &quot;Entrenaments&quot;","block_context":{"text":"Entrenaments","link":"https:\/\/blogs.avui.cat\/pepmoliner\/category\/entrenaments\/"},"img":{"alt_text":"","src":"","width":0,"height":0},"classes":[]},{"id":5532,"url":"https:\/\/blogs.avui.cat\/pepmoliner\/2022\/03\/08\/voltant-per-terrassa-i-sabadell-al-camp\/","url_meta":{"origin":4333,"position":3},"title":"Voltant per Terrassa i Sabadell, al camp","author":"Pep Moliner","date":"8 de mar\u00e7 de 2022","format":false,"excerpt":"La millor manera de comen\u00e7ar un bon cap de setmana \u00e9s fer-ho amb gent amb la que t'hi trobes b\u00e9, i aqu\u00ed hi fa for\u00e7a garanties de trobar-la. A qui que us fa una mica un escrit de record del que ha estat un entrenament de #dissabtesMossenaires ha esdevingut Avi\u2026","rel":"","context":"A &quot;General&quot;","block_context":{"text":"General","link":"https:\/\/blogs.avui.cat\/pepmoliner\/category\/general\/"},"img":{"alt_text":"","src":"https:\/\/blogger.googleusercontent.com\/img\/a\/AVvXsEgKw5iCsEmm0Slb0Lz8Zw3cP5-AUsSo4Ba6PNx_qeFCgZ-uC-iMO9WCauoftno_-1DpShG3nkoLuYWWMUPw01jKXcPfrhT2YhljphUDq4fBt8w9bGG6ZLkQm9Zt9ELBHXl19WNm7YXfaDSERkbd7Sh4umy_fck1XaA3y-bpVwJv9jHRdKH9haLk5cBFYQ=w640-h414","width":350,"height":200,"srcset":"https:\/\/blogger.googleusercontent.com\/img\/a\/AVvXsEgKw5iCsEmm0Slb0Lz8Zw3cP5-AUsSo4Ba6PNx_qeFCgZ-uC-iMO9WCauoftno_-1DpShG3nkoLuYWWMUPw01jKXcPfrhT2YhljphUDq4fBt8w9bGG6ZLkQm9Zt9ELBHXl19WNm7YXfaDSERkbd7Sh4umy_fck1XaA3y-bpVwJv9jHRdKH9haLk5cBFYQ=w640-h414 1x, https:\/\/blogger.googleusercontent.com\/img\/a\/AVvXsEgKw5iCsEmm0Slb0Lz8Zw3cP5-AUsSo4Ba6PNx_qeFCgZ-uC-iMO9WCauoftno_-1DpShG3nkoLuYWWMUPw01jKXcPfrhT2YhljphUDq4fBt8w9bGG6ZLkQm9Zt9ELBHXl19WNm7YXfaDSERkbd7Sh4umy_fck1XaA3y-bpVwJv9jHRdKH9haLk5cBFYQ=w640-h414 1.5x"},"classes":[]},{"id":1069,"url":"https:\/\/blogs.avui.cat\/pepmoliner\/2011\/11\/17\/els-entorns-de-terrassa-per-correr\/","url_meta":{"origin":4333,"position":4},"title":"Els entorns de Terrassa per c\u00f3rrer","author":"Pep Moliner","date":"17 de novembre de 2011","format":false,"excerpt":"D'aqu\u00ed uns quants anys si aquestes fotografies arriben als nostres besn\u00e9ts, segurament podran recon\u00e8ixer aquests llocs tan meravellosos gr\u00e0cies a la silueta de la Mola. La transformaci\u00f3 i urbanitzaci\u00f3 d'aquests entorns est\u00e0 assegurada, per\u00f2 els moments viscuts tots plegats ja son nostres: son el nostre tresor. B\u00e9, el lloc es\u2026","rel":"","context":"A &quot;General&quot;","block_context":{"text":"General","link":"https:\/\/blogs.avui.cat\/pepmoliner\/category\/general\/"},"img":{"alt_text":"","src":"","width":0,"height":0},"classes":[]},{"id":4871,"url":"https:\/\/blogs.avui.cat\/pepmoliner\/2019\/03\/21\/de-terrassa-a-sabadell-amb-mossenaires\/","url_meta":{"origin":4333,"position":5},"title":"de Terrassa a Sabadell amb Mossenaires","author":"Pep Moliner","date":"21 de mar\u00e7 de 2019","format":false,"excerpt":"Molts dies Mossenaires va de Terrassa a Sabadell i tornada, per llocs impressionants, amb camps i paisatges que quan s'apropa la primavera irradien uns colors brillants i que encomanen bon estar. La primera part hem gaudit d'un fons espectacular d'un cel blau, i amb l'omnipresent muntanya de Sant Lloren\u00e7 amb\u2026","rel":"","context":"A &quot;General&quot;","block_context":{"text":"General","link":"https:\/\/blogs.avui.cat\/pepmoliner\/category\/general\/"},"img":{"alt_text":"","src":"","width":0,"height":0},"classes":[]}],"_links":{"self":[{"href":"https:\/\/blogs.avui.cat\/pepmoliner\/wp-json\/wp\/v2\/posts\/4333","targetHints":{"allow":["GET"]}}],"collection":[{"href":"https:\/\/blogs.avui.cat\/pepmoliner\/wp-json\/wp\/v2\/posts"}],"about":[{"href":"https:\/\/blogs.avui.cat\/pepmoliner\/wp-json\/wp\/v2\/types\/post"}],"author":[{"embeddable":true,"href":"https:\/\/blogs.avui.cat\/pepmoliner\/wp-json\/wp\/v2\/users\/171"}],"replies":[{"embeddable":true,"href":"https:\/\/blogs.avui.cat\/pepmoliner\/wp-json\/wp\/v2\/comments?post=4333"}],"version-history":[{"count":4,"href":"https:\/\/blogs.avui.cat\/pepmoliner\/wp-json\/wp\/v2\/posts\/4333\/revisions"}],"predecessor-version":[{"id":4337,"href":"https:\/\/blogs.avui.cat\/pepmoliner\/wp-json\/wp\/v2\/posts\/4333\/revisions\/4337"}],"wp:attachment":[{"href":"https:\/\/blogs.avui.cat\/pepmoliner\/wp-json\/wp\/v2\/media?parent=4333"}],"wp:term":[{"taxonomy":"category","embeddable":true,"href":"https:\/\/blogs.avui.cat\/pepmoliner\/wp-json\/wp\/v2\/categories?post=4333"},{"taxonomy":"post_tag","embeddable":true,"href":"https:\/\/blogs.avui.cat\/pepmoliner\/wp-json\/wp\/v2\/tags?post=4333"}],"curies":[{"name":"wp","href":"https:\/\/api.w.org\/{rel}","templated":true}]}}