{"id":4011,"date":"2015-12-31T09:45:17","date_gmt":"2015-12-31T08:45:17","guid":{"rendered":"http:\/\/blogs.avui.cat\/pepmoliner\/?p=4011"},"modified":"2015-12-31T08:10:15","modified_gmt":"2015-12-31T07:10:15","slug":"sadanalacua","status":"publish","type":"post","link":"https:\/\/blogs.avui.cat\/pepmoliner\/2015\/12\/31\/sadanalacua\/","title":{"rendered":"&#8220;Sadanalacua&#8221;"},"content":{"rendered":"<h3 style=\"text-align: justify\"><span class=\"postbody\">S&#8217;ha d&#8217;anar a la cua !!, \u00e9s el que sempre diem. No seria un entrenament en grup si no fos un entrenament solidari, i estem sobradament complaguts, i sabem que sense la gent que hi sou: el projecte s&#8217;hauria f\u00f3s.<\/span><\/h3>\n<h3 style=\"text-align: justify\">Pens\u00e0vem i est\u00e0vem segurs que ser\u00edem &#8220;quatre gats&#8221; i vam ser m\u00e9s de &#8220;quatre&#8221;. Pass\u00e0vem de la mitja centena, i no pas de gats: sin\u00f3 d&#8217;aut\u00e8ntiques i aut\u00e8ntics atletes.<br \/>\nI no valorem el grup per la quantitat, com us podeu ben imaginar: sin\u00f3 per la qualitat. Si; encara que soni a paraules boniques. \u00c9rem conscients de qu\u00e8 un dissabte festiu, Sant Esteve on tradicionalment mengem uns bons canelons, enmig de festes i cel\u00b7lebracions amb curses properes i ben arrelades, on la gent dels Vallessos sol anar.<\/h3>\n<h3 style=\"text-align: justify\">B\u00e9; el recorregut ens ha dut a unir les dues co-capitals que &#8220;tant s&#8217;estimen&#8221;; jiji. I la tornada, omplim els nostres pulmons d&#8217;aire net i gaudim com sempre.<\/h3>\n<h3 style=\"text-align: justify\">Una altra nota destacada i m\u00e9s si tenim en compte la influ\u00e8ncia de la lluna sobre el nostre planeta. La nit del dia de Nadal va ser de lluna plena <a class=\"postlink\" href=\"http:\/\/www.nasa.gov\/feature\/goddard\/rare-full-moon-on-christmas-day\" target=\"_blank\">&lt;link&gt; <\/a>i no tornar\u00e0 a passar fins al pr\u00f2xim 25 de desembre de 2034. Vol dir que haurem de tenir paci\u00e8ncia i a veure si ens recordem aquell dia de dir-ho a l&#8217;hora de la foto. Recordeu-m&#8217;ho si us plau.<\/h3>\n<h3 style=\"text-align: justify\">Res m\u00e9s que tornar agrair per en\u00e8ssima vegada que ha estat incre\u00efble veure que les vostres cares dibuixen sempre un somriure i qu\u00e8: tan sols \u00e9s c\u00f3rrer. Ens veiem, quan?<\/h3>\n<h3 style=\"text-align: justify\"><img data-recalc-dims=\"1\" decoding=\"async\" src=\"https:\/\/i0.wp.com\/lh3.googleusercontent.com\/-qwsF0gszngo\/VoONUW8qGlI\/AAAAAAAAaUU\/FWwtTUGokMc\/s800-Ic42\/01-mossenairesPC262201.JPG?ssl=1\" alt=\"\" border=\"0\" \/><br \/>\nFosc, ben fosc un dia festiu de Sant Esteve i quan semblava que pod\u00edem ser quatre gats, la colla s&#8217;ha llevat d&#8217;hora per fer el que sabem fer: passar-ho b\u00e9 plegats<\/h3>\n<h3 style=\"text-align: justify\"><img data-recalc-dims=\"1\" decoding=\"async\" src=\"https:\/\/i0.wp.com\/lh3.googleusercontent.com\/-sCUOE1pbhxM\/VoONUc4JyRI\/AAAAAAAAaK0\/cRpUoV1y9AY\/s800-Ic42\/02-mossenairesPC262202.JPG?ssl=1\" alt=\"\" border=\"0\" \/><br \/>\nI quan li demanem si en Joan Antoni Cano ens fa els honors: si. Un dia que pot venir, d&#8217;en\u00e7a que recentment ha estat pare i no pot venir com abans.<\/h3>\n<h3 style=\"text-align: justify\"><img data-recalc-dims=\"1\" decoding=\"async\" src=\"https:\/\/i0.wp.com\/lh3.googleusercontent.com\/-zCM-0KnXJT0\/VoONURnNxQI\/AAAAAAAAaK8\/1xgHGjuHKnI\/s800-Ic42\/03-mossenairesPC262203.JPG?ssl=1\" alt=\"\" border=\"0\" \/><br \/>\nJoan Antoni Cano el nostre &#8220;Mossenaire d&#8217;honor&#8221;<\/h3>\n<h3 style=\"text-align: justify\"><img data-recalc-dims=\"1\" decoding=\"async\" src=\"https:\/\/i0.wp.com\/lh3.googleusercontent.com\/-lvzVGLnG4bM\/VoONVDxbZJI\/AAAAAAAAaLI\/zF7SV4SllJU\/s800-Ic42\/04-mossenairesPC262204.JPG?ssl=1\" alt=\"\" border=\"0\" \/><br \/>\nI el paper d&#8217;agra\u00efment, i de la nominaci\u00f3, va a bon recapte, a la butxaca i al final ens explicar\u00e0 amb el seu escrit all\u00f2 que podreu tots llegir. Gr\u00e0cies!!<\/h3>\n<h3 style=\"text-align: justify\"><img data-recalc-dims=\"1\" decoding=\"async\" src=\"https:\/\/i0.wp.com\/lh3.googleusercontent.com\/-ugCY35IQ_A8\/VoONVlJ2e_I\/AAAAAAAAaLQ\/5PudpnYaR_E\/s800-Ic42\/05-mossenairesPC262205.JPG?ssl=1\" alt=\"\" border=\"0\" \/><br \/>\nJordi i Jos\u00e9 Carlos ja es freguen les mans<\/h3>\n<h3 style=\"text-align: justify\"><img data-recalc-dims=\"1\" decoding=\"async\" src=\"https:\/\/i0.wp.com\/lh3.googleusercontent.com\/-NV6LwzbEaPU\/VoONV_IezqI\/AAAAAAAAaLU\/IXsnp7X6NL8\/s800-Ic42\/06-mossenairesPC262206.JPG?ssl=1\" alt=\"\" border=\"0\" \/><br \/>\n<a class=\"postlink\" href=\"http:\/\/mossenhoms.netfreehost.com\/mossenhoms-post-13701.html#13701\" target=\"_blank\">Quim Gaya (bandera d&#8217;avui) <\/a>, amb en Garrido, el seu cunyat, que s&#8217;estrena de mossenaire<br \/>\n<img data-recalc-dims=\"1\" decoding=\"async\" src=\"https:\/\/i0.wp.com\/lh3.googleusercontent.com\/-c7i69VVwV80\/VoONWeozwxI\/AAAAAAAAaLg\/wtwFVx_4NJU\/s800-Ic42\/07-mossenairesPC262207.JPG?ssl=1\" alt=\"\" border=\"0\" \/><br \/>\n<a class=\"postlink\" href=\"http:\/\/mossenhoms.netfreehost.com\/mossenhoms-post-13701.html#13701\" target=\"_blank\">Quim Gaya <\/a>tindr\u00e0 el privilegi d&#8217;estar el nostre segon portador de la bandera.<\/h3>\n<h3 style=\"text-align: justify\"><img data-recalc-dims=\"1\" decoding=\"async\" src=\"https:\/\/i0.wp.com\/lh3.googleusercontent.com\/-zhwuLgZBYoI\/VoONXDDmRgI\/AAAAAAAAaPg\/83j-rebpoAo\/s800-Ic42\/08-mossenairesPC262208.JPG?ssl=1\" alt=\"\" border=\"0\" \/><br \/>\nI la Gemma Solsona, tamb\u00e9 ens duu al seu nebot<\/h3>\n<h3 style=\"text-align: justify\"><img data-recalc-dims=\"1\" decoding=\"async\" src=\"https:\/\/i0.wp.com\/lh3.googleusercontent.com\/-_oVc2Z6o-dc\/VoONXTneXBI\/AAAAAAAAaLs\/ODT3krna_no\/s800-Ic42\/09-mossenairesPC262209.JPG?ssl=1\" alt=\"\" border=\"0\" \/><\/h3>\n<h3 style=\"text-align: justify\"><img data-recalc-dims=\"1\" decoding=\"async\" src=\"https:\/\/i0.wp.com\/lh3.googleusercontent.com\/-Mv1QgBiAWqc\/VoONX7F_ReI\/AAAAAAAAaLw\/pBICILqELKk\/s800-Ic42\/10-mossenairesPC262210.JPG?ssl=1\" alt=\"\" border=\"0\" \/><\/h3>\n<h3 style=\"text-align: justify\"><img data-recalc-dims=\"1\" decoding=\"async\" src=\"https:\/\/i0.wp.com\/lh3.googleusercontent.com\/-FJowURcsWfI\/VoONYtt0WeI\/AAAAAAAAaNU\/idYWy2mgJFU\/s800-Ic42\/11-mossenairesPC262211.JPG?ssl=1\" alt=\"\" border=\"0\" \/><\/h3>\n<h3 style=\"text-align: justify\"><img data-recalc-dims=\"1\" decoding=\"async\" src=\"https:\/\/i0.wp.com\/lh3.googleusercontent.com\/-_m7b-veZQRE\/VoONZLOVKoI\/AAAAAAAAaME\/uShCABHgq70\/s800-Ic42\/12-mossenairesPC262212.JPG?ssl=1\" alt=\"\" border=\"0\" \/><\/h3>\n<h3 style=\"text-align: justify\"><img data-recalc-dims=\"1\" decoding=\"async\" src=\"https:\/\/i0.wp.com\/lh3.googleusercontent.com\/-oADCCI4TVzc\/VoONZuRB2PI\/AAAAAAAAaMI\/XIfUEoUeW8o\/s800-Ic42\/13-mossenairesPC262213.JPG?ssl=1\" alt=\"\" border=\"0\" \/><\/h3>\n<h3 style=\"text-align: justify\"><img data-recalc-dims=\"1\" decoding=\"async\" src=\"https:\/\/i0.wp.com\/lh3.googleusercontent.com\/-F9NZ9AVRPNg\/VoONaIss5OI\/AAAAAAAAaPk\/x-Kx8-18lXE\/s800-Ic42\/14-mossenairesPC262214.JPG?ssl=1\" alt=\"\" border=\"0\" \/><\/h3>\n<h3 style=\"text-align: justify\"><img data-recalc-dims=\"1\" decoding=\"async\" src=\"https:\/\/i0.wp.com\/lh3.googleusercontent.com\/-TkmyRhZ3o-I\/VoONasWPKwI\/AAAAAAAAaMU\/uxr6g9NurM8\/s800-Ic42\/15-mossenairesPC262215.JPG?ssl=1\" alt=\"\" border=\"0\" \/><\/h3>\n<h3 style=\"text-align: justify\"><img data-recalc-dims=\"1\" decoding=\"async\" src=\"https:\/\/i0.wp.com\/lh3.googleusercontent.com\/-3XbNXyIqPjo\/VoONbTZ55sI\/AAAAAAAAaUQ\/37WFBiSvIL8\/s800-Ic42\/17-mossenairesPC262217.JPG?ssl=1\" alt=\"\" border=\"0\" \/><br \/>\nEn Joan passant pels llocs que tan ens agraden, envoltant camps de conrreu i amb la nostra muntanya que sempre ens acompanya<\/h3>\n<h3 style=\"text-align: justify\"><img data-recalc-dims=\"1\" decoding=\"async\" src=\"https:\/\/i0.wp.com\/lh3.googleusercontent.com\/-RI_L8Qr5ya4\/VoONbu8xGkI\/AAAAAAAAaMs\/WQpr9DpnqCY\/s800-Ic42\/18-mossenairesPC262218.JPG?ssl=1\" alt=\"\" border=\"0\" \/><br \/>\nLa bandera, \u00e9s ben custodiada pel <a class=\"postlink\" href=\"http:\/\/mossenhoms.netfreehost.com\/mossenhoms-post-13701.html#13701\" target=\"_blank\">Quim Gaya<\/a><\/h3>\n<h3 style=\"text-align: justify\"><img data-recalc-dims=\"1\" decoding=\"async\" src=\"https:\/\/i0.wp.com\/lh3.googleusercontent.com\/-MmcHxu3pQL0\/VoONchYerLI\/AAAAAAAAaM0\/YrrxPEI9tss\/s800-Ic42\/20-mossenairesPC262221.JPG?ssl=1\" alt=\"\" border=\"0\" \/><br \/>\nEn Joan al costat de l&#8217;Enrique- Nilo, que al seu costat porta a en Rafa Rios, que s&#8217;estrenava de la colla de &#8220;Las Nenazas&#8221; al costat de l&#8217;Alberto<\/h3>\n<h3 style=\"text-align: justify\"><img data-recalc-dims=\"1\" decoding=\"async\" src=\"https:\/\/i0.wp.com\/lh3.googleusercontent.com\/-CNpQnV2S13I\/VoONdIePEBI\/AAAAAAAAaNI\/hgBQz50vi6w\/s800-Ic42\/21-mossenairesPC262222.JPG?ssl=1\" alt=\"\" border=\"0\" \/><br \/>\nEva, Itziar i N\u00faria<\/h3>\n<h3 style=\"text-align: justify\"><img data-recalc-dims=\"1\" decoding=\"async\" src=\"https:\/\/i0.wp.com\/lh3.googleusercontent.com\/-r_ktuBLwDjQ\/VoONdmDg3UI\/AAAAAAAAaNE\/593xgTzrdgQ\/s800-Ic42\/22-mossenairesPC262223.JPG?ssl=1\" alt=\"\" border=\"0\" \/><br \/>\nJavier i David en un dels reagrupaments<\/h3>\n<h3 style=\"text-align: justify\"><img data-recalc-dims=\"1\" decoding=\"async\" src=\"https:\/\/i0.wp.com\/lh3.googleusercontent.com\/-wydtHwpVf6o\/VoONeN5SnrI\/AAAAAAAAaNY\/6emRjUoFg98\/s800-Ic42\/23-mossenairesPC262224.JPG?ssl=1\" alt=\"\" border=\"0\" \/><br \/>\nLa Gemma fa de mossenaire: &#8220;sadanalacua&#8221; !!<\/h3>\n<h3 style=\"text-align: justify\"><img data-recalc-dims=\"1\" decoding=\"async\" src=\"https:\/\/i0.wp.com\/lh3.googleusercontent.com\/-nP2a4er_l5w\/VoONe5eTaZI\/AAAAAAAAaNk\/LT7jjB48QnU\/s800-Ic42\/24-mossenairesPC262225.JPG?ssl=1\" alt=\"\" border=\"0\" \/><br \/>\nCarme, Inma i Gilberto, s&#8217;ho rumien i enfiles cap a: &#8220;sadanalacua&#8221;<\/h3>\n<h3 style=\"text-align: justify\"><img data-recalc-dims=\"1\" decoding=\"async\" src=\"https:\/\/i0.wp.com\/lh3.googleusercontent.com\/--mFlzo9TLcM\/VoONfd-7-pI\/AAAAAAAAaNg\/RkKqMpMQv9k\/s800-Ic42\/25-mossenairesPC262226.JPG?ssl=1\" alt=\"\" border=\"0\" \/><br \/>\nLaura i Lucy.<\/h3>\n<h3 style=\"text-align: justify\"><img data-recalc-dims=\"1\" decoding=\"async\" src=\"https:\/\/i0.wp.com\/lh3.googleusercontent.com\/-XY980ktJ26w\/VoONgL8PkJI\/AAAAAAAAaN4\/C1U1_qa_U20\/s800-Ic42\/26-mossenairesPC262227.JPG?ssl=1\" alt=\"\" border=\"0\" \/><br \/>\nEn Rafa que ens mira deia, que com per anar a roda sol, havia decidit estrenar-se al vostre costat. Un luxe!!. Esperant al costat de l&#8217;Alberto i Manolo, i el nostre Mossenaire d&#8217;honor, en Cano.<\/h3>\n<h3 style=\"text-align: justify\"><img data-recalc-dims=\"1\" decoding=\"async\" src=\"https:\/\/i0.wp.com\/lh3.googleusercontent.com\/-xwPU87jtaWQ\/VoONgjbF-pI\/AAAAAAAAaN8\/6paIgClcdU8\/s800-Ic42\/27-mossenairesPC262228.JPG?ssl=1\" alt=\"\" border=\"0\" \/><br \/>\nLa colla impressiona als que van a rodes<\/h3>\n<h3 style=\"text-align: justify\"><img data-recalc-dims=\"1\" decoding=\"async\" src=\"https:\/\/i0.wp.com\/lh3.googleusercontent.com\/-SJppLT-SxFg\/VoONhAA87EI\/AAAAAAAAaN0\/WZ8IZQG7Evc\/s800-Ic42\/28-mossenairesPC262229.JPG?ssl=1\" alt=\"\" border=\"0\" \/><br \/>\nJa ve la cua i aviat hi serem tots per travessar la perillosa carretera.<\/h3>\n<h3 style=\"text-align: justify\"><img data-recalc-dims=\"1\" decoding=\"async\" src=\"https:\/\/i0.wp.com\/lh3.googleusercontent.com\/-Kks4wxFI3BI\/VoONhXlmtTI\/AAAAAAAAaOA\/dUfsy0TCob8\/s800-Ic42\/29-mossenairesPC262230.JPG?ssl=1\" alt=\"\" border=\"0\" \/><br \/>\nGarrido i Quim<\/h3>\n<h3 style=\"text-align: justify\"><img data-recalc-dims=\"1\" decoding=\"async\" src=\"https:\/\/i0.wp.com\/lh3.googleusercontent.com\/-9-dpJKOvMxM\/VoONiGFrfVI\/AAAAAAAAaOU\/SBxpIkUk1qU\/s800-Ic42\/30-mossenairesPC262231.JPG?ssl=1\" alt=\"\" border=\"0\" \/><br \/>\ni muntem la fotografia de fam\u00edlia perqu\u00e8 pugui sortir el dia de la seva estrena la Marie, que s&#8217;havia tor\u00e7at el turmell i havia de girar cap al punt de sortida<br \/>\n<img data-recalc-dims=\"1\" decoding=\"async\" src=\"https:\/\/i0.wp.com\/lh3.googleusercontent.com\/-saHgDaspdRE\/VoONi44y97I\/AAAAAAAAaOw\/C9Y1F7PtxB0\/s800-Ic42\/31-mossenairesPC262232.JPG?ssl=1\" alt=\"\" border=\"0\" \/><\/h3>\n<h3 style=\"text-align: justify\"><img data-recalc-dims=\"1\" decoding=\"async\" src=\"https:\/\/i0.wp.com\/lh3.googleusercontent.com\/-Qo3uTrNvGWI\/VoONjXAW_WI\/AAAAAAAAaOY\/ZS05Jf2-Z3c\/s800-Ic42\/32-mossenairesPC262233.JPG?ssl=1\" alt=\"\" border=\"0\" \/><br \/>\nI l&#8217;abanderat, posa a punt el nostre nou s\u00edmbol: la bandera mossenaire<\/h3>\n<h3 style=\"text-align: justify\"><img data-recalc-dims=\"1\" decoding=\"async\" src=\"https:\/\/i0.wp.com\/lh3.googleusercontent.com\/-CpNZCSkT8aM\/VoONjtOgsTI\/AAAAAAAAaOk\/eutZkR5jEPI\/s800-Ic42\/33-mossenairesPC262234.JPG?ssl=1\" alt=\"\" border=\"0\" \/><br \/>\nJordi i Quim a punt<\/h3>\n<h3 style=\"text-align: justify\"><img data-recalc-dims=\"1\" decoding=\"async\" src=\"https:\/\/i0.wp.com\/lh3.googleusercontent.com\/-rwI9lztutbk\/VoONkp_9HuI\/AAAAAAAAaO8\/_WbCmpAWgeE\/s800-Ic42\/34-mossenairesPC262235.JPG?ssl=1\" alt=\"\" border=\"0\" \/><br \/>\nEns anem situant<\/h3>\n<h3 style=\"text-align: justify\"><img data-recalc-dims=\"1\" decoding=\"async\" src=\"https:\/\/i0.wp.com\/lh3.googleusercontent.com\/-k_epIImBt3o\/VoONlX0X8hI\/AAAAAAAAaPA\/i8wmIbs2LYo\/s800-Ic42\/35-mossenairesPC262236.JPG?ssl=1\" alt=\"\" border=\"0\" \/><\/h3>\n<h3 style=\"text-align: justify\"><img data-recalc-dims=\"1\" decoding=\"async\" src=\"https:\/\/i0.wp.com\/lh3.googleusercontent.com\/-hqU40UBGVOM\/VoONljyUnAI\/AAAAAAAAaO0\/-RZFUHgcEPk\/s800-Ic42\/36-mossenairesPC262237.JPG?ssl=1\" alt=\"\" border=\"0\" \/><br \/>\nI el nominat &#8220;Mossenaire d&#8217;honor&#8221; queda proclamat en aquest moment: en Joan\u00a0Antoni Cano<\/h3>\n<h3 style=\"text-align: justify\"><img data-recalc-dims=\"1\" decoding=\"async\" src=\"https:\/\/i0.wp.com\/lh3.googleusercontent.com\/-d228bFaol4c\/VoONmArsb1I\/AAAAAAAAaPI\/Kc87GBzCiY4\/s800-Ic42\/37-mossenairesPC262238.JPG?ssl=1\" alt=\"\" border=\"0\" \/><br \/>\n\u2026i aplaudit<\/h3>\n<h3 style=\"text-align: justify\"><img data-recalc-dims=\"1\" decoding=\"async\" src=\"https:\/\/i0.wp.com\/lh3.googleusercontent.com\/-0qCnklxCjZI\/VoONm8bjIjI\/AAAAAAAAaPU\/AZ1ehJSxBr8\/s800-Ic42\/38-mossenairesPC262239.JPG?ssl=1\" alt=\"\" border=\"0\" \/><br \/>\nDestaco en aquest moment que el xicot, de color groc del capdavant \u00e9s en Garrido, que feia quaranta anys hav\u00edem anat al mateix cole, l&#8217;Andersen i jug\u00e0vem als escacs i avui era el seu primer dia<\/h3>\n<h3 style=\"text-align: justify\"><img data-recalc-dims=\"1\" decoding=\"async\" src=\"https:\/\/i0.wp.com\/lh3.googleusercontent.com\/-dMnOLeDMryw\/VoQJno_3AeI\/AAAAAAAAaU8\/bMmakXBbNLc\/s800-Ic42\/41-mossenairesPC262241aa.jpg?ssl=1\" alt=\"\" border=\"0\" \/><br \/>\nUn 26 de desembre de 2015<\/h3>\n<h3 style=\"text-align: justify\"><img data-recalc-dims=\"1\" decoding=\"async\" src=\"https:\/\/i0.wp.com\/lh3.googleusercontent.com\/-kSPEUZ9ylHY\/VoONrRljoJI\/AAAAAAAAaP4\/pFUD0rrOsZ0\/s800-Ic42\/42-mossenairesPC262242.JPG?ssl=1\" alt=\"\" border=\"0\" \/><\/h3>\n<h3 style=\"text-align: justify\"><img data-recalc-dims=\"1\" decoding=\"async\" src=\"https:\/\/i0.wp.com\/lh3.googleusercontent.com\/-7LJ6uurhY0Q\/VoONrfaHA-I\/AAAAAAAAaP8\/_CzIwt1bV-s\/s800-Ic42\/43-mossenairesPC262243.JPG?ssl=1\" alt=\"\" border=\"0\" \/><\/h3>\n<h3 style=\"text-align: justify\"><img data-recalc-dims=\"1\" decoding=\"async\" src=\"https:\/\/i0.wp.com\/lh3.googleusercontent.com\/-QrsQDsyvs8Y\/VoONtBQ5xXI\/AAAAAAAAaQM\/ZV01r6LJrHk\/s800-Ic42\/44-mossenairesPC262244.JPG?ssl=1\" alt=\"\" border=\"0\" \/><\/h3>\n<h3 style=\"text-align: justify\"><img data-recalc-dims=\"1\" decoding=\"async\" src=\"https:\/\/i0.wp.com\/lh3.googleusercontent.com\/-uJocaUKkHh4\/VoONtEE4WvI\/AAAAAAAAaQo\/31t9tTcbc3A\/s800-Ic42\/45-mossenairesPC262245.JPG?ssl=1\" alt=\"\" border=\"0\" \/><br \/>\nDoncs desmuntem la fotografia<\/h3>\n<h3 style=\"text-align: justify\"><img data-recalc-dims=\"1\" decoding=\"async\" src=\"https:\/\/i0.wp.com\/lh3.googleusercontent.com\/-42ZYW84N3YE\/VoONtmAceyI\/AAAAAAAAaQc\/p83trKuihHA\/s800-Ic42\/46-mossenairesPC262246.JPG?ssl=1\" alt=\"\" border=\"0\" \/><br \/>\nEls primers raigs de llum ens il\u00b7luminen<\/h3>\n<h3 style=\"text-align: justify\"><img data-recalc-dims=\"1\" decoding=\"async\" src=\"https:\/\/i0.wp.com\/lh3.googleusercontent.com\/-KRLgLdtBMvk\/VoONu_9ASpI\/AAAAAAAAaQY\/StQmOzBBw7w\/s800-Ic42\/47-mossenairesPC262247.JPG?ssl=1\" alt=\"\" border=\"0\" \/><br \/>\nI la Laura, Trini, Eva, Karles, Sandra, Carlos, mentre passem per Sant Juli\u00e0 d&#8217;Altura i \u00e0rea de lleure.<\/h3>\n<h3 style=\"text-align: justify\"><img data-recalc-dims=\"1\" decoding=\"async\" src=\"https:\/\/i0.wp.com\/lh3.googleusercontent.com\/-qlzy4IOV8K8\/VoONvc0EF3I\/AAAAAAAAaUM\/XxQHEeNMVp0\/s800-Ic42\/48-mossenairesPC262248.JPG?ssl=1\" alt=\"\" border=\"0\" \/><br \/>\nChiqui davant del grup, ja una habitual de la trobada.<\/h3>\n<h3 style=\"text-align: justify\"><img data-recalc-dims=\"1\" decoding=\"async\" src=\"https:\/\/i0.wp.com\/lh3.googleusercontent.com\/-rYJMXiHLSS4\/VoONv_9uuUI\/AAAAAAAAaUM\/jx62p9fWKg8\/s800-Ic42\/49-mossenairesPC262249.JPG?ssl=1\" alt=\"\" border=\"0\" \/><br \/>\nLa Gemma cap a la cua<\/h3>\n<h3 style=\"text-align: justify\"><img data-recalc-dims=\"1\" decoding=\"async\" src=\"https:\/\/i0.wp.com\/lh3.googleusercontent.com\/-SsjE0TCHZq8\/VoONwQAZKXI\/AAAAAAAAaRw\/tJ2ZeHsfX6Y\/s800-Ic42\/50-mossenairesPC262250.JPG?ssl=1\" alt=\"\" border=\"0\" \/><br \/>\nJos\u00e9, Enrique i\u2026 tots: exercint de Mossenaire &#8220;El que corre, espera, va i torna&#8221;<\/h3>\n<h3 style=\"text-align: justify\"><img data-recalc-dims=\"1\" decoding=\"async\" src=\"https:\/\/i0.wp.com\/lh3.googleusercontent.com\/-sZfuputyDGA\/VoONw22XBkI\/AAAAAAAAaUM\/E6ze4_61rOQ\/s800-Ic42\/51-mossenairesPC262251.JPG?ssl=1\" alt=\"\" border=\"0\" \/><br \/>\nDavid i Alberto, tamb\u00e9<\/h3>\n<h3 style=\"text-align: justify\"><img data-recalc-dims=\"1\" decoding=\"async\" src=\"https:\/\/i0.wp.com\/lh3.googleusercontent.com\/-9hU9HaGdBzU\/VoONxq25szI\/AAAAAAAAaRA\/a1juitj6ADA\/s800-Ic42\/52-mossenairesPC262252.JPG?ssl=1\" alt=\"\" border=\"0\" \/><br \/>\nKaren, Inma i Chiqui<\/h3>\n<h3 style=\"text-align: justify\"><img data-recalc-dims=\"1\" decoding=\"async\" src=\"https:\/\/i0.wp.com\/lh3.googleusercontent.com\/-3yMM2EslDs8\/VoONyKAo22I\/AAAAAAAAaQ4\/QtlmFtoi7Sk\/s800-Ic42\/53-mossenairesPC262253.JPG?ssl=1\" alt=\"\" border=\"0\" \/><br \/>\nLa parella que surt a la fotografia, avui han exercit de cua i hi ha una bonica hist\u00f2ria al darrere. L&#8217;expliquem d&#8217;aqu\u00ed a uns instants.<\/h3>\n<h3 style=\"text-align: justify\"><img data-recalc-dims=\"1\" decoding=\"async\" src=\"https:\/\/i0.wp.com\/lh3.googleusercontent.com\/-dRo3lhTtlnw\/VoON0UuquNI\/AAAAAAAAaUI\/nsdOuWYtbLg\/s800-Ic42\/54-mossenairesPC262254.JPG?ssl=1\" alt=\"\" border=\"0\" \/><br \/>\n<a class=\"postlink\" href=\"http:\/\/entrenamentstorremossenhoms.blogspot.com.es\/2015\/09\/sota-larbre-mossenaires.html\" target=\"_blank\">Passem sota l&#8217;arbre<\/a><\/h3>\n<h3 style=\"text-align: justify\"><img data-recalc-dims=\"1\" decoding=\"async\" src=\"https:\/\/i0.wp.com\/lh3.googleusercontent.com\/-kmmlpQZCmS4\/VoON1Onn3NI\/AAAAAAAAaTU\/E1OM-jENNuw\/s800-Ic42\/55-mossenairesPC262255.JPG?ssl=1\" alt=\"\" border=\"0\" \/><br \/>\nAmb la N\u00faria <a class=\"postlink\" href=\"http:\/\/entrenamentstorremossenhoms.blogspot.com.es\/2015\/09\/sota-larbre-mossenaires.html\" target=\"_blank\">Passem sota l&#8217;arbre<\/a><\/h3>\n<h3 style=\"text-align: justify\"><img data-recalc-dims=\"1\" decoding=\"async\" src=\"https:\/\/i0.wp.com\/lh3.googleusercontent.com\/-7KTIW623v8Y\/VoON1GDmoAI\/AAAAAAAAaRU\/_iO9-lkmUvo\/s800-Ic42\/56-mossenairesPC262256.JPG?ssl=1\" alt=\"\" border=\"0\" \/><br \/>\n<a class=\"postlink\" href=\"http:\/\/mossenhoms.netfreehost.com\/mossenhoms-post-13701.html#13701\" target=\"_blank\">Quim <\/a><br \/>\n<img data-recalc-dims=\"1\" decoding=\"async\" src=\"https:\/\/i0.wp.com\/lh3.googleusercontent.com\/-NmSiW6omDhs\/VoON1213PUI\/AAAAAAAAaR0\/G9deoJYo1PE\/s800-Ic42\/57-mossenairesPC262257.JPG?ssl=1\" alt=\"\" border=\"0\" \/><br \/>\nAmb en Jose Miguel <a class=\"postlink\" href=\"http:\/\/entrenamentstorremossenhoms.blogspot.com.es\/2015\/09\/sota-larbre-mossenaires.html\" target=\"_blank\">Passem sota l&#8217;arbre<\/a><\/h3>\n<h3 style=\"text-align: justify\"><img data-recalc-dims=\"1\" decoding=\"async\" src=\"https:\/\/i0.wp.com\/lh3.googleusercontent.com\/-gk_XfgnoAo0\/VoON2dD0MMI\/AAAAAAAAaRg\/i9_bF_ru1Vw\/s800-Ic42\/58-mossenairesPC262258.JPG?ssl=1\" alt=\"\" border=\"0\" \/><br \/>\nI en Joan, pels carrers de la co-capital Sabadell, que l&#8217;estan reforestant<\/h3>\n<h3 style=\"text-align: justify\"><img data-recalc-dims=\"1\" decoding=\"async\" src=\"https:\/\/i0.wp.com\/lh3.googleusercontent.com\/-adtkmbxgSR8\/VoON2t4AIXI\/AAAAAAAAaRs\/wapzN5zRuZk\/s800-Ic42\/59-mossenairesPC262259.JPG?ssl=1\" alt=\"\" border=\"0\" \/><\/h3>\n<h3 style=\"text-align: justify\"><img data-recalc-dims=\"1\" decoding=\"async\" src=\"https:\/\/i0.wp.com\/lh3.googleusercontent.com\/-HYsq2T1IFyY\/VoON3HpSbJI\/AAAAAAAAaRo\/hWeqlta1crE\/s800-Ic42\/60-mossenairesPC262260.JPG?ssl=1\" alt=\"\" border=\"0\" \/><br \/>\nI aviat s&#8217;acabar\u00e0 la baixada i vindr\u00e0 la realitat. La pujada<\/h3>\n<h3 style=\"text-align: justify\"><img data-recalc-dims=\"1\" decoding=\"async\" src=\"https:\/\/i0.wp.com\/lh3.googleusercontent.com\/-zVzfF-So8M4\/VoON3UCxxoI\/AAAAAAAAaTI\/QfrDpWH8yD4\/s800-Ic42\/61-mossenairesPC262261.JPG?ssl=1\" alt=\"\" border=\"0\" \/><br \/>\nEva, Itziar, Trini, Xavi i N\u00faria, avall que fa baixada i aviat\u2026 pujada !!<\/h3>\n<h3 style=\"text-align: justify\"><img data-recalc-dims=\"1\" decoding=\"async\" src=\"https:\/\/i0.wp.com\/lh3.googleusercontent.com\/-4GqwhmloPhs\/VoON4KFaPQI\/AAAAAAAAaSU\/AnQY2X0AKgU\/s800-Ic42\/62-mossenairesPC262262.JPG?ssl=1\" alt=\"\" border=\"0\" \/><br \/>\nSandra, Karles, Quim, Garrido, Ana<br \/>\nEn Karles fent costat a la Sandra i ja habituals mossenaires.<\/h3>\n<h3 style=\"text-align: justify\"><img data-recalc-dims=\"1\" decoding=\"async\" src=\"https:\/\/i0.wp.com\/lh3.googleusercontent.com\/-MQTdoG6fJ5I\/VoON4oTycEI\/AAAAAAAAaT0\/PoZehP4bjXo\/s800-Ic42\/63-mossenairesPC262263.JPG?ssl=1\" alt=\"\" border=\"0\" \/><br \/>\nStak, no?<\/h3>\n<h3 style=\"text-align: justify\"><img data-recalc-dims=\"1\" decoding=\"async\" src=\"https:\/\/i0.wp.com\/lh3.googleusercontent.com\/-c_O57mFFPTU\/VoON4hE8vII\/AAAAAAAAaSQ\/nVG-JWdYfnU\/s800-Ic42\/64-mossenairesPC262264.JPG?ssl=1\" alt=\"\" border=\"0\" \/><br \/>\nLa conversa versava sobre la muntanya de Montserrat i no van arribar a les mans. (\u00e9s broma) . En Carlos i Jordi amb una bona conversa!<\/h3>\n<h3 style=\"text-align: justify\"><img data-recalc-dims=\"1\" decoding=\"async\" src=\"https:\/\/i0.wp.com\/lh3.googleusercontent.com\/-9UlgomW9hmY\/VoON5GuY_EI\/AAAAAAAAaS4\/HnBc94-bh_k\/s800-Ic42\/65-mossenairesPC262265.JPG?ssl=1\" alt=\"\" border=\"0\" \/><br \/>\nMossenaires, van pujant i al fons: la meravellosa muntanya<\/h3>\n<h3 style=\"text-align: justify\"><img data-recalc-dims=\"1\" decoding=\"async\" src=\"https:\/\/i0.wp.com\/lh3.googleusercontent.com\/-3Fnhbkix4Y8\/VoON5Uat1uI\/AAAAAAAAaT4\/RZJKh8Qymn8\/s800-Ic42\/66-mossenairesPC262266.JPG?ssl=1\" alt=\"\" border=\"0\" \/><\/h3>\n<h3 style=\"text-align: justify\"><img data-recalc-dims=\"1\" decoding=\"async\" src=\"https:\/\/i0.wp.com\/lh3.googleusercontent.com\/-uX34_RNiKLM\/VoON5gCKhpI\/AAAAAAAAaTM\/3Bjwp9JmJDc\/s800-Ic42\/67-mossenairesPC262267.JPG?ssl=1\" alt=\"\" border=\"0\" \/><br \/>\nI en Manolo, exercint de Mossenaire: amunt i avall i seguit de qui s&#8217;estrena, en Rafa.<br \/>\nTamb\u00e9 C\u00e9sar, Gilberto i Karen<\/h3>\n<h3 style=\"text-align: justify\"><img data-recalc-dims=\"1\" decoding=\"async\" src=\"https:\/\/i0.wp.com\/lh3.googleusercontent.com\/-V1ks_sb32gI\/VoON5uHVJqI\/AAAAAAAAaSk\/OvCV52uNKhI\/s800-Ic42\/68-mossenairesPC262268.JPG?ssl=1\" alt=\"\" border=\"0\" \/><br \/>\n\u00d2scar S\u00e1nchez i en una bonica estampa<\/h3>\n<h3 style=\"text-align: justify\"><img data-recalc-dims=\"1\" decoding=\"async\" src=\"https:\/\/i0.wp.com\/lh3.googleusercontent.com\/-ONJKcWujzoc\/VoON5wruc1I\/AAAAAAAAaSs\/W44hWDRWniA\/s800-Ic42\/69-mossenairesPC262269.JPG?ssl=1\" alt=\"\" border=\"0\" \/><br \/>\nAndreu i David, amunt i avall<\/h3>\n<h3 style=\"text-align: justify\"><img data-recalc-dims=\"1\" decoding=\"async\" src=\"https:\/\/i0.wp.com\/lh3.googleusercontent.com\/-I7b_uhjPZA8\/VoON6eSqOZI\/AAAAAAAAaS8\/d-R_SgkkVcc\/s800-Ic42\/70-mossenairesPC262270.JPG?ssl=1\" alt=\"\" border=\"0\" \/><br \/>\nEl nostre &#8220;Mossenaire de La Llagosta&#8221;, en <a class=\"postlink\" href=\"http:\/\/mossenhoms.netfreehost.com\/mossenhoms-post-13852.html#13852\" target=\"_blank\">Jos\u00e9 Li\u00f1\u00e1n<\/a><\/h3>\n<h3 style=\"text-align: justify\"><img data-recalc-dims=\"1\" decoding=\"async\" src=\"https:\/\/i0.wp.com\/lh3.googleusercontent.com\/-K3f3v_WdqYM\/VoON669bHrI\/AAAAAAAAaTE\/L--iIMDDEQ0\/s800-Ic42\/71-mossenairesPC262271.JPG?ssl=1\" alt=\"\" border=\"0\" \/><br \/>\nEn Francisco Escudero, en una bonica fotografia, al nostre pensament<\/h3>\n<h3 style=\"text-align: justify\"><img data-recalc-dims=\"1\" decoding=\"async\" src=\"https:\/\/i0.wp.com\/lh3.googleusercontent.com\/-Rk2X2lbar4o\/VoON7CYjSgI\/AAAAAAAAaUA\/Bour8oyCPsM\/s800-Ic42\/72-mossenairesPC262272.JPG?ssl=1\" alt=\"\" border=\"0\" \/><br \/>\nI el <a class=\"postlink\" href=\"http:\/\/mossenhoms.netfreehost.com\/mossenhoms-post-10097.html#10097\" target=\"_blank\">Robert Herrero<\/a><\/h3>\n<h3 style=\"text-align: justify\"><img data-recalc-dims=\"1\" decoding=\"async\" src=\"https:\/\/i0.wp.com\/lh3.googleusercontent.com\/-Cqfp8VhiBgQ\/VoON7Z0b7PI\/AAAAAAAAaTQ\/qXFlXgsHWHU\/s800-Ic42\/73-mossenairesPC262273.JPG?ssl=1\" alt=\"\" border=\"0\" \/><br \/>\nI en Joan Antoni Cano, &#8220;Mossenaire d&#8217;honor&#8221;, tamb\u00e9 anant a la cua<\/h3>\n<h3 style=\"text-align: justify\"><img data-recalc-dims=\"1\" decoding=\"async\" src=\"https:\/\/i0.wp.com\/lh3.googleusercontent.com\/-iyfz-k1G18M\/VoON9XP5K8I\/AAAAAAAAaTo\/bG5FSD3z320\/s800-Ic42\/76-mossenairesPC262282.JPG?ssl=1\" alt=\"\" border=\"0\" \/><br \/>\nAna i Carlos;<br \/>\nTal com hav\u00edem dit, avui entre tots vosaltres dues persones gaireb\u00e9 ens passen desapercebudes i pel que sabem: viuen a Su\u00efssa. Per sort, la Marie Morales, els ha animat a venir, tot i que ja ens seguien des de casa seva i de tant en tant ens llegien.<br \/>\nDoncs b\u00e9: ha aprofitat l&#8217;estada a Terrassa per venir a c\u00f3rrer: moltes gr\u00e0cies i torneu aviat!!! Ens han dit que marxen diumenge i qui sap si podran venir dissabte.<\/h3>\n<h3 style=\"text-align: justify\">A veure si tenim aquesta sort!<span class=\"gensmall\"><br \/>\n<\/span><\/h3>\n<h3 style=\"text-align: justify\"><\/h3>\n<h3 style=\"text-align: justify\">Me&#8217;l va presentar en <a class=\"postlink\" href=\"http:\/\/mossenhoms.netfreehost.com\/mossenhoms-post-8284.html#8284\" target=\"_blank\">Marc <\/a>, i sovint el tenim al nostre costat. Ara fa poc ha estat pare i les obligacions, s\u00f3n les obligacions. Tamb\u00e9 per horaris laborals. Avui t&#8217;hem demanat i has accedit a fer-nos\u00a0els honors. Recordo el dia que et vas fer amb la samarreta i no duies diners, i que la setmana de sobre vas venir expressament, sense poder c\u00f3rrer, a passar comptes. Hi ha detalls que ens fan adonar de la gent seriosa que ens envolta i ens enriqueix el grup, com ets tu. Segur que nom\u00e9s \u00e9s un detall, per\u00f2 estic segur que ets una magn\u00edfica persona. T&#8217;agraeixo i et desitjo el millor i que vinguis molts anys.<\/h3>\n<p><img data-recalc-dims=\"1\" decoding=\"async\" src=\"https:\/\/i0.wp.com\/lh3.googleusercontent.com\/-dnNWcZIqCvQ\/VoQbmDhSnyI\/AAAAAAAAaVY\/KJnXaw-c-0Q\/s800-Ic42\/74-mossenairesPC262277aa.JPG?ssl=1\" alt=\"\" border=\"0\" \/><\/p>\n<p><img data-recalc-dims=\"1\" decoding=\"async\" src=\"https:\/\/i0.wp.com\/lh3.googleusercontent.com\/-G-snZsI8i6Q\/VoON8_98lKI\/AAAAAAAAaTg\/XHgbeWvzck4\/s800-Ic42\/75-mossenairesPC262279aa.JPG?ssl=1\" alt=\"\" border=\"0\" \/><\/p>\n<p><span style=\"color: #0000ff\"><em>En primer lloc, et volia agrair l&#8217;enorme satisfacci\u00f3 que em provoca ser el Mossen\u00e0ire d&#8217;honor!<\/em><\/span><\/p>\n<p><span style=\"color: #0000ff\"><em>Per mi \u00e9s una gran alegria pert\u00e0nyer a tan noble, particular, amigable i especial club d&#8217;amics que, simplement, volen (o volem) anar a c\u00f3rrer i fer petar la xerrada. I d&#8217;una q\u00fcesti\u00f3 tan\u00a0<\/em><\/span><span style=\"color: #0000ff\"><em>simple, i en teoria tan f\u00e0cil, el normal \u00e9s que en poc temps es &#8220;deixi c\u00f3rrer&#8221;, i gr\u00e0cies a t\u00fa aix\u00f2 continua.<\/em><\/span><\/p>\n<p><span style=\"color: #0000ff\"><em>Per aquest motiu t\u00e9 m\u00e9s m\u00e8rit continuar amb la particular afici\u00f3 d&#8217;anar a c\u00f3rrer amb amics cada dissabte al mat\u00ed despr\u00e9s de tants anys i que jo en sigui membre.<\/em><\/span><\/p>\n<p><span style=\"color: #0000ff\"><em>Moltes gr\u00e0cies a tots per haver fet aix\u00f2 possible i en especial a tu, Pep, que des del primer dia ja vas deixar empremta en aquest pobre aficionat a c\u00f3rrer i em vas demostrar que podia<\/em><\/span><br \/>\n<span style=\"color: #0000ff\"><em>comptar amb tu pel que volgu\u00e9s!!!<\/em><\/span><\/p>\n<p><span style=\"color: #0000ff\"><em>Moltes gr\u00e0cies!!!<\/em><\/span><\/p>\n<p><span style=\"color: #0000ff\"><em>Joan Antoni Cano<\/em><\/span><\/p>\n<h3 style=\"text-align: justify\"><\/h3>\n","protected":false},"excerpt":{"rendered":"<p>S&#8217;ha d&#8217;anar a la cua !!, \u00e9s el que sempre diem. No seria un entrenament en grup si no fos un entrenament solidari, i estem sobradament complaguts, i sabem que sense la gent que hi sou: el projecte s&#8217;hauria f\u00f3s. Pens\u00e0vem i est\u00e0vem segurs que ser\u00edem &#8220;quatre gats&#8221; i vam ser m\u00e9s de &#8220;quatre&#8221;. Pass\u00e0vem [&hellip;]<\/p>\n","protected":false},"author":171,"featured_media":0,"comment_status":"open","ping_status":"open","sticky":false,"template":"","format":"standard","meta":{"jetpack_post_was_ever_published":false,"_jetpack_newsletter_access":"","_jetpack_dont_email_post_to_subs":false,"_jetpack_newsletter_tier_id":0,"_jetpack_memberships_contains_paywalled_content":false,"_jetpack_memberships_contains_paid_content":false,"footnotes":"","jetpack_publicize_message":"","jetpack_publicize_feature_enabled":true,"jetpack_social_post_already_shared":false,"jetpack_social_options":{"image_generator_settings":{"template":"highway","default_image_id":0,"font":"","enabled":false},"version":2}},"categories":[1644,5580,1,4554],"tags":[2697,4656,25105,25103,1645,25111,25106,25094,73,25097],"class_list":["post-4011","post","type-post","status-publish","format-standard","hentry","category-correr","category-entrenaments","category-general","category-mossenaires","tag-amistat","tag-atletisme","tag-correr","tag-entrenaments-grup","tag-entrenar","tag-mossenaire-dhonor","tag-mossenaires","tag-pep-moliner","tag-terrassa","tag-torre-mossen-homs"],"jetpack_publicize_connections":[],"jetpack_featured_media_url":"","jetpack_sharing_enabled":true,"jetpack_shortlink":"https:\/\/wp.me\/pagkiK-12H","jetpack-related-posts":[{"id":4752,"url":"https:\/\/blogs.avui.cat\/pepmoliner\/2018\/08\/08\/tretze-son-tretze-mossenaires\/","url_meta":{"origin":4011,"position":0},"title":"Tretze s\u00f3n tretze Mossenaires","author":"Pep Moliner","date":"8 d'agost de 2018","format":false,"excerpt":"Temperatures de r\u00e9cord a molts llocs propers, i a Can Mossenaire, i ja a primera hora, notem escalfor i donat que \u00e9rem tretze Mossenaires, consensuem tornar a fer el lloc proper m\u00e9s fresc que coneixem i no \u00e9s altre que el torrent de Gotelles i les fonts que hi sovintegem.\u2026","rel":"","context":"A &quot;Amistat&quot;","block_context":{"text":"Amistat","link":"https:\/\/blogs.avui.cat\/pepmoliner\/category\/amistat\/"},"img":{"alt_text":"","src":"","width":0,"height":0},"classes":[]},{"id":23,"url":"https:\/\/blogs.avui.cat\/pepmoliner\/2008\/05\/03\/3-de-maig-entrenament-en-grup\/","url_meta":{"origin":4011,"position":1},"title":"3 de Maig, Entrenament en GRUP","author":"Pep Moliner","date":"3 de maig de 2008","format":false,"excerpt":"B\u00e9, una mica per recordar: es plantejava anar a retratar el camp de roselles, amb la nostra estimada Mola i quedar amb la Mari Pau, recentment operada, que hi aniria tot caminant. No va ser possible, per qu\u00e8 estava un xic lluny i per aix\u00f2 no hi surt, encara que\u2026","rel":"","context":"A &quot;General&quot;","block_context":{"text":"General","link":"https:\/\/blogs.avui.cat\/pepmoliner\/category\/general\/"},"img":{"alt_text":"","src":"","width":0,"height":0},"classes":[]},{"id":740,"url":"https:\/\/blogs.avui.cat\/pepmoliner\/2011\/05\/24\/els-bons-mossenaires\/","url_meta":{"origin":4011,"position":2},"title":"Els bons Mossenaires","author":"Pep Moliner","date":"24 de maig de 2011","format":false,"excerpt":"Diu la teoria que \"Mossenaire\" \u00e9s tot aquell que vol compartir un entrenament en grup qualsevol dissabte a les vuit tot esperant als encreuaments per anar plegats. \u00c9s clar, si no no seria un entrenament en grup. I, funciona gr\u00e0cies a tots vosaltres. Gaireb\u00e9 tots acabeu venint de ma d'algun\u2026","rel":"","context":"A &quot;Entrenaments&quot;","block_context":{"text":"Entrenaments","link":"https:\/\/blogs.avui.cat\/pepmoliner\/category\/entrenaments\/"},"img":{"alt_text":"","src":"https:\/\/i0.wp.com\/lh4.googleusercontent.com\/_XvCMJjSPaT4\/Tdpm7i4b0HI\/AAAAAAAAFdA\/ftx5UpazBC4\/DSC03066.JPG?resize=350%2C200&ssl=1","width":350,"height":200},"classes":[]},{"id":4431,"url":"https:\/\/blogs.avui.cat\/pepmoliner\/2017\/03\/08\/entrenament-mossenaire-un-mes\/","url_meta":{"origin":4011,"position":3},"title":"\u201cEntrenament Mossenaire: un mes\u201d","author":"Pep Moliner","date":"8 de mar\u00e7 de 2017","format":false,"excerpt":"Sabem que la pluja espanta for\u00e7a #mossenaires i a primera hora no sabem \u00a0si l'entrenament ser\u00e0 xop o eixut. Ha estat eixut i fant\u00e0stic o almenys aix\u00ed \u00a0ens ho sembla. Hem baixat per llocs com el cam\u00ed asfaltat de Can Bon Vilar \u00a0que duu a llocs com l'Hotel Milton, l'H\u00edpica\u2026","rel":"","context":"A &quot;Amistat&quot;","block_context":{"text":"Amistat","link":"https:\/\/blogs.avui.cat\/pepmoliner\/category\/amistat\/"},"img":{"alt_text":"","src":"","width":0,"height":0},"classes":[]},{"id":4742,"url":"https:\/\/blogs.avui.cat\/pepmoliner\/2018\/07\/19\/mossenaires-va-a-la-font-dels-platans\/","url_meta":{"origin":4011,"position":4},"title":"Mossenaires va a la Font dels Pl\u00e0tans","author":"Pep Moliner","date":"19 de juliol de 2018","format":false,"excerpt":"Font de Pl\u00e0tans hi tornem a veure un lloc fresc i remullat per aigua en quantitat, baixant per un lloc diferent de l'altra vegada i recordant racons fant\u00e0stics i hem pujat pel torrent de Gotelles, que ja esdev\u00e9 un circuit d'estiu \"Mossenaire\". El circuit de gaireb\u00e9 nou quil\u00f2metres i avui\u2026","rel":"","context":"A &quot;Amistat&quot;","block_context":{"text":"Amistat","link":"https:\/\/blogs.avui.cat\/pepmoliner\/category\/amistat\/"},"img":{"alt_text":"","src":"","width":0,"height":0},"classes":[]},{"id":4407,"url":"https:\/\/blogs.avui.cat\/pepmoliner\/2017\/02\/08\/bon-entrenament-a-torre-mossen-homs-oi\/","url_meta":{"origin":4011,"position":5},"title":"Bon entrenament a Torre Moss\u00e8n Homs, oi?","author":"Pep Moliner","date":"8 de febrer de 2017","format":false,"excerpt":"Quan #Mossenaires tots els dissabtes a #Terrassa s'ajunten de nou i una vegada m\u00e9s, fins que no arribem al final de l'entrenament no sabem si haurem encertat en el circuit, les aturades, els progressius, les anades a la cua i tan sols ens queda la satisfacci\u00f3 d'adonar-nos que quan arriba\u2026","rel":"","context":"A &quot;Amistat&quot;","block_context":{"text":"Amistat","link":"https:\/\/blogs.avui.cat\/pepmoliner\/category\/amistat\/"},"img":{"alt_text":"","src":"https:\/\/i0.wp.com\/blogs.avui.cat\/pepmoliner\/wp-content\/imagescaler\/936db04f9e3aa05e1011705df28fa502.gif?resize=350%2C200","width":350,"height":200},"classes":[]}],"_links":{"self":[{"href":"https:\/\/blogs.avui.cat\/pepmoliner\/wp-json\/wp\/v2\/posts\/4011","targetHints":{"allow":["GET"]}}],"collection":[{"href":"https:\/\/blogs.avui.cat\/pepmoliner\/wp-json\/wp\/v2\/posts"}],"about":[{"href":"https:\/\/blogs.avui.cat\/pepmoliner\/wp-json\/wp\/v2\/types\/post"}],"author":[{"embeddable":true,"href":"https:\/\/blogs.avui.cat\/pepmoliner\/wp-json\/wp\/v2\/users\/171"}],"replies":[{"embeddable":true,"href":"https:\/\/blogs.avui.cat\/pepmoliner\/wp-json\/wp\/v2\/comments?post=4011"}],"version-history":[{"count":4,"href":"https:\/\/blogs.avui.cat\/pepmoliner\/wp-json\/wp\/v2\/posts\/4011\/revisions"}],"predecessor-version":[{"id":4015,"href":"https:\/\/blogs.avui.cat\/pepmoliner\/wp-json\/wp\/v2\/posts\/4011\/revisions\/4015"}],"wp:attachment":[{"href":"https:\/\/blogs.avui.cat\/pepmoliner\/wp-json\/wp\/v2\/media?parent=4011"}],"wp:term":[{"taxonomy":"category","embeddable":true,"href":"https:\/\/blogs.avui.cat\/pepmoliner\/wp-json\/wp\/v2\/categories?post=4011"},{"taxonomy":"post_tag","embeddable":true,"href":"https:\/\/blogs.avui.cat\/pepmoliner\/wp-json\/wp\/v2\/tags?post=4011"}],"curies":[{"name":"wp","href":"https:\/\/api.w.org\/{rel}","templated":true}]}}