{"id":3983,"date":"2015-12-10T09:50:29","date_gmt":"2015-12-10T08:50:29","guid":{"rendered":"http:\/\/blogs.avui.cat\/pepmoliner\/?p=3983"},"modified":"2015-12-10T07:39:42","modified_gmt":"2015-12-10T06:39:42","slug":"sorpresa","status":"publish","type":"post","link":"https:\/\/blogs.avui.cat\/pepmoliner\/2015\/12\/10\/sorpresa\/","title":{"rendered":"Sorpresa"},"content":{"rendered":"<h3 style=\"text-align: justify\"><span style=\"color: #003300\">Aix\u00ed titulava el mail de la S\u00edlvia. Enviava el seu escrit fa tres setmanes i des de llavors que no havia pogut venir i el guard\u00e0vem. Rebre l&#8217;escrit de la &#8220;Mossenaire d&#8217;honor&#8221; per endavant \u00e9s una bona sorpresa. La S\u00edlvia no es considerava amb tants m\u00e8rits com moltes i molts de vosaltres i, veritablement tots teniu una vida i moltes coses boniques per qu\u00e8 us coneguem una mica i sentir-vos m\u00e9s propers: m\u00e9s fam\u00edlia. Saber que al costat portes una persona de la qual ens saps coses, te la fa m\u00e9s propera i te la fas m\u00e9s teva. Tens una mica d&#8217;ella. Ara tindrem una mica de la S\u00edlvia,<\/span><\/h3>\n<h3 style=\"text-align: justify\"><span style=\"color: #003300\">Si el projecte te repercussi\u00f3, \u00e9s pel bon tarann\u00e0 de moltes i molts de vosaltres, que aprofiteu aquests petits moments per despreocupar-vos de maldecaps i teniu ganes de fer salut, gaudir i riure. Donar un respir a la vida quotidiana i del dia a dia, que tot i ser repetitiu, l&#8217;hem de nodrir d&#8217;aquests moments que nom\u00e9s s\u00f3n vostres.<\/span><\/h3>\n<h3 style=\"text-align: justify\"><span style=\"color: #003300\">Avui el temps era ennuvolat i per l&#8217;\u00e8poca de l&#8217;any, els sol surt m\u00e9s tard, tot i que no fa fred. Hem get una volta agradable amb uns quants progressius i al nostre rac\u00f3 preferit de fa molts anys, la font de l&#8217;Argelaguet, ens hem fet la fotografia de fam\u00edlia. Gr\u00e0cies a tothom per fer-ho possible i un dia m\u00e9s i un dia menys.<\/span><\/h3>\n<h3 style=\"text-align: justify\"><span style=\"color: #003300\"><img data-recalc-dims=\"1\" decoding=\"async\" src=\"https:\/\/i0.wp.com\/lh3.googleusercontent.com\/-NGVW_dHZRsY\/Vmhr3s7tN1I\/AAAAAAAAZEE\/RUw3yjhSvh4\/s800-Ic42\/73-mossenairesPC051906b.JPG?ssl=1\" alt=\"\" border=\"0\" \/><\/span><br \/>\n<span style=\"color: #003300\"> Diu la Silvia &#8220;Et vaig prometre que despr\u00e9s de la behovia tindries mossenaire d\u2019honor. Doncs lo prometido es deuda, i aqu\u00ed tens el meu text abans fins i tot de qu\u00e8 m\u2019ho demanis&#8221;<\/span><\/h3>\n<h3 style=\"text-align: justify\"><span style=\"color: #003300\"><img data-recalc-dims=\"1\" decoding=\"async\" src=\"https:\/\/i0.wp.com\/lh3.googleusercontent.com\/-XEfO8U4u_Wk\/VmhrJg4uQbI\/AAAAAAAAY70\/2eaO77sXoAk\/s800-Ic42\/01-mossenairesPC051836.JPG?ssl=1\" alt=\"\" border=\"0\" \/><\/span><br \/>\n<span style=\"color: #003300\"> La nominaci\u00f3: S\u00edlvia Moya la nostra flamant &#8220;Mossenaire d&#8217;honor&#8221; . Gr\u00e0cies!<\/span><\/h3>\n<h3 style=\"text-align: justify\"><span style=\"color: #003300\"><img data-recalc-dims=\"1\" decoding=\"async\" src=\"https:\/\/i0.wp.com\/lh3.googleusercontent.com\/-rWve6TauLj4\/VmhrJ80PrTI\/AAAAAAAAY8E\/Kigz0S6wdhw\/s800-Ic42\/02-mossenairesPC051837.JPG?ssl=1\" alt=\"\" border=\"0\" \/><\/span><br \/>\n<span style=\"color: #003300\"> I quan encara \u00e9s fosc, en Toni acaba de lligar la moto i, despr\u00e9s de no haver pogut venir el dissabte passat pel &#8220;gran recapte&#8221; d&#8217;aliments, avui torna a estar al vostre costat<\/span><\/h3>\n<h3 style=\"text-align: justify\"><span style=\"color: #003300\"><img data-recalc-dims=\"1\" decoding=\"async\" src=\"https:\/\/i0.wp.com\/lh3.googleusercontent.com\/-6b52r109lgM\/VmhrJsWBXaI\/AAAAAAAAY74\/09u_-sfx9N8\/s800-Ic42\/03-mossenairesPC051838.JPG?ssl=1\" alt=\"\" border=\"0\" \/><\/span><br \/>\n<span style=\"color: #003300\"> I bons amics que sovint entrenen junts, es retroben, com el V\u00edctor, amb el Buff i per segona vegada despr\u00e9s de la lesi\u00f3 i amb ulleres, en Javier, al costat de la Gemma i d&#8217;esquena en Carlos<\/span><\/h3>\n<h3 style=\"text-align: justify\"><span style=\"color: #003300\"><img data-recalc-dims=\"1\" decoding=\"async\" src=\"https:\/\/i0.wp.com\/lh3.googleusercontent.com\/-4plVbxpVw9o\/VmhrK_ZEKuI\/AAAAAAAAY8U\/amXHFgtk9w0\/s800-Ic42\/04-mossenairesPC051839.JPG?ssl=1\" alt=\"\" border=\"0\" \/><\/span><br \/>\n<span style=\"color: #003300\"> I en Wester. Que far\u00edem sense ell!, el mestre de moltes coses i tamb\u00e9 del &#8220;foto i track al meu facebook&#8221;. Gr\u00e0cies!!<\/span><\/h3>\n<h3 style=\"text-align: justify\"><span style=\"color: #003300\"><img data-recalc-dims=\"1\" decoding=\"async\" src=\"https:\/\/i0.wp.com\/lh3.googleusercontent.com\/-VaRf7U9syfs\/VmhrLWu0N4I\/AAAAAAAAZDA\/u0_uMVhNyvg\/s800-Ic42\/05-mossenairesPC051840.JPG?ssl=1\" alt=\"\" border=\"0\" \/><\/span><br \/>\n<span style=\"color: #003300\"> En Marc amb en Josep<\/span><\/h3>\n<h3 style=\"text-align: justify\"><span style=\"color: #003300\"><img data-recalc-dims=\"1\" decoding=\"async\" src=\"https:\/\/i0.wp.com\/lh3.googleusercontent.com\/-aAWuWedubPs\/VmhrLuZaLTI\/AAAAAAAAY8Y\/qjy6kb5hsu4\/s800-Ic42\/06-mossenairesPC051841.JPG?ssl=1\" alt=\"\" border=\"0\" \/><\/span><br \/>\n<span style=\"color: #003300\"> Xavi, Eli, Pepe, Nacho<\/span><\/h3>\n<h3 style=\"text-align: justify\"><span style=\"color: #003300\"><img data-recalc-dims=\"1\" decoding=\"async\" src=\"https:\/\/i0.wp.com\/lh3.googleusercontent.com\/-C1z5ZjwElU4\/VmhrMDbM4MI\/AAAAAAAAY8w\/nO6DdshWBNw\/s800-Ic42\/07-mossenairesPC051842.JPG?ssl=1\" alt=\"\" border=\"0\" \/><\/span><br \/>\n<span style=\"color: #003300\"> Oriol, David, Josep Maria<\/span><\/h3>\n<h3 style=\"text-align: justify\"><span style=\"color: #003300\"><img data-recalc-dims=\"1\" decoding=\"async\" src=\"https:\/\/i0.wp.com\/lh3.googleusercontent.com\/-qu63Qgi6OWc\/VmhrMYjbHyI\/AAAAAAAAY9Y\/HkaLw27DtaU\/s800-Ic42\/08-mossenairesPC051843.JPG?ssl=1\" alt=\"\" border=\"0\" \/><\/span><br \/>\n<span style=\"color: #003300\"> Carmelo, Maria i David. Tornem a tenir la Maria!!!<\/span><\/h3>\n<h3 style=\"text-align: justify\"><span style=\"color: #003300\"><img data-recalc-dims=\"1\" decoding=\"async\" src=\"https:\/\/i0.wp.com\/lh3.googleusercontent.com\/-qm9y3FzbMYI\/VmhrNT3wtHI\/AAAAAAAAY8o\/js_xT_CClp8\/s800-Ic42\/09-mossenairesPC051844.JPG?ssl=1\" alt=\"\" border=\"0\" \/><\/span><br \/>\n<span style=\"color: #003300\"> Inma, Jos\u00e9,Javi<\/span><\/h3>\n<h3 style=\"text-align: justify\"><span style=\"color: #003300\"><img data-recalc-dims=\"1\" decoding=\"async\" src=\"https:\/\/i0.wp.com\/lh3.googleusercontent.com\/-q990BUl_kJg\/VmhrN9S8pTI\/AAAAAAAAY9I\/HCHIns2IFjA\/s800-Ic42\/10-mossenairesPC051845.JPG?ssl=1\" alt=\"\" border=\"0\" \/><\/span><\/h3>\n<h3 style=\"text-align: justify\"><span style=\"color: #003300\"><img data-recalc-dims=\"1\" decoding=\"async\" src=\"https:\/\/i0.wp.com\/lh3.googleusercontent.com\/--Tm6N7Cg5fc\/VmhrN6P59rI\/AAAAAAAAZEM\/MaxfzUL9QJ4\/s800-Ic42\/11-mossenairesPC051846.JPG?ssl=1\" alt=\"\" border=\"0\" \/><\/span><\/h3>\n<h3 style=\"text-align: justify\"><span style=\"color: #003300\"><img data-recalc-dims=\"1\" decoding=\"async\" src=\"https:\/\/i0.wp.com\/lh3.googleusercontent.com\/-JuusBqjWdSY\/VmhrORW6cYI\/AAAAAAAAY88\/WVb-I-Odmsg\/s800-Ic42\/12-mossenairesPC051847.JPG?ssl=1\" alt=\"\" border=\"0\" \/><\/span><\/h3>\n<h3 style=\"text-align: justify\"><span style=\"color: #003300\"><img data-recalc-dims=\"1\" decoding=\"async\" src=\"https:\/\/i0.wp.com\/lh3.googleusercontent.com\/-PD27K6xYKHU\/VmhrOwrNszI\/AAAAAAAAY9E\/VfrSl61oiKc\/s800-Ic42\/13-mossenairesPC051848.JPG?ssl=1\" alt=\"\" border=\"0\" \/><\/span><\/h3>\n<h3 style=\"text-align: justify\"><span style=\"color: #003300\"><img data-recalc-dims=\"1\" decoding=\"async\" src=\"https:\/\/i0.wp.com\/lh3.googleusercontent.com\/-Dp9yeHPjmvk\/VmhrPOgk9NI\/AAAAAAAAZEk\/Mi4Aj33JZ2I\/s800-Ic42\/14-mossenairesPC051849.JPG?ssl=1\" alt=\"\" border=\"0\" \/><\/span><\/h3>\n<h3 style=\"text-align: justify\"><span style=\"color: #003300\"><img data-recalc-dims=\"1\" decoding=\"async\" src=\"https:\/\/i0.wp.com\/lh3.googleusercontent.com\/-T3TZcxkcgus\/VmhrPu2VPeI\/AAAAAAAAZEI\/V8VZe51_ujo\/s800-Ic42\/15-mossenairesPC051850.JPG?ssl=1\" alt=\"\" border=\"0\" \/><\/span><br \/>\n<span style=\"color: #003300\"> Moment de qualitat: amunt i avall la Gemma i en Javier<\/span><\/h3>\n<h3 style=\"text-align: justify\"><span style=\"color: #003300\"><img data-recalc-dims=\"1\" decoding=\"async\" src=\"https:\/\/i0.wp.com\/lh3.googleusercontent.com\/-ayoKohWs7wE\/VmhrQCbekxI\/AAAAAAAAY9o\/GjtCIUjL0_U\/s800-Ic42\/16-mossenairesPC051851.JPG?ssl=1\" alt=\"\" border=\"0\" \/><\/span><br \/>\n<span style=\"color: #003300\"> I al costat de la &#8220;Mossenaire d&#8217;honor&#8221;, S\u00edlvia Moya. Al mig, la Cinta i a la dreta la Mariona<\/span><\/h3>\n<h3 style=\"text-align: justify\"><span style=\"color: #003300\"><img data-recalc-dims=\"1\" decoding=\"async\" src=\"https:\/\/i0.wp.com\/lh3.googleusercontent.com\/-9x7vjBvItEk\/VmhrQHgUHuI\/AAAAAAAAY90\/Nb3IjdId9B8\/s800-Ic42\/17-mossenairesPC051853.JPG?ssl=1\" alt=\"\" border=\"0\" \/><\/span><br \/>\n<span style=\"color: #003300\"> Mariona, en tot moment la veiem gaudir<\/span><\/h3>\n<h3 style=\"text-align: justify\"><span style=\"color: #003300\"><img data-recalc-dims=\"1\" decoding=\"async\" src=\"https:\/\/i0.wp.com\/lh3.googleusercontent.com\/-liPkJ-UfXho\/VmhrQsaWmJI\/AAAAAAAAY9c\/lkJV-JaYp4w\/s800-Ic42\/18-mossenairesPC051854.JPG?ssl=1\" alt=\"\" border=\"0\" \/><\/span><br \/>\n<span style=\"color: #003300\"> Silvia Vila i Elisenda<\/span><\/h3>\n<h3 style=\"text-align: justify\"><span style=\"color: #003300\"><img data-recalc-dims=\"1\" decoding=\"async\" src=\"https:\/\/i0.wp.com\/lh3.googleusercontent.com\/-CN42st_k-q8\/VmhrUSvm7II\/AAAAAAAAY9s\/z6DBsHT4ikA\/s800-Ic42\/19-mossenairesPC051855.JPG?ssl=1\" alt=\"\" border=\"0\" \/><\/span><br \/>\n<span style=\"color: #003300\"> Evans i Pepe<\/span><\/h3>\n<h3 style=\"text-align: justify\"><span style=\"color: #003300\"><img data-recalc-dims=\"1\" decoding=\"async\" src=\"https:\/\/i0.wp.com\/lh3.googleusercontent.com\/-rDusdsYDwwA\/VmhrU4WMOfI\/AAAAAAAAZEk\/DfOpXEZXUXA\/s800-Ic42\/20-mossenairesPC051856.JPG?ssl=1\" alt=\"\" border=\"0\" \/><\/span><br \/>\n<span style=\"color: #003300\"> Silvia, la nostra protagonista<\/span><\/h3>\n<h3 style=\"text-align: justify\"><span style=\"color: #003300\"><img data-recalc-dims=\"1\" decoding=\"async\" src=\"https:\/\/i0.wp.com\/lh3.googleusercontent.com\/-KeQk7-scT-U\/VmhrVjhMKbI\/AAAAAAAAY-A\/apUibnLDW1Q\/s800-Ic42\/21-mossenairesPC051857.JPG?ssl=1\" alt=\"\" border=\"0\" \/><\/span><\/h3>\n<h3 style=\"text-align: justify\"><span style=\"color: #003300\"><img data-recalc-dims=\"1\" decoding=\"async\" src=\"https:\/\/i0.wp.com\/lh3.googleusercontent.com\/-Bkao1858yng\/VmhrWDoqD0I\/AAAAAAAAY-U\/boGCDUe0nn0\/s800-Ic42\/22-mossenairesPC051858.JPG?ssl=1\" alt=\"\" border=\"0\" \/><\/span><\/h3>\n<h3 style=\"text-align: justify\"><span style=\"color: #003300\"><img data-recalc-dims=\"1\" decoding=\"async\" src=\"https:\/\/i0.wp.com\/lh3.googleusercontent.com\/-H9qRDlKUAgQ\/VmhrWhmpaFI\/AAAAAAAAZBc\/QZtDV9gkB8M\/s800-Ic42\/23-mossenairesPC051859.JPG?ssl=1\" alt=\"\" border=\"0\" \/><\/span><\/h3>\n<h3 style=\"text-align: justify\"><span style=\"color: #003300\"><img data-recalc-dims=\"1\" decoding=\"async\" src=\"https:\/\/i0.wp.com\/lh3.googleusercontent.com\/--LeTB2nfdXE\/VmhrXc3QILI\/AAAAAAAAY-Q\/btRJFd9KuAk\/s800-Ic42\/24-mossenairesPC051860.JPG?ssl=1\" alt=\"\" border=\"0\" \/><\/span><\/h3>\n<h3 style=\"text-align: justify\"><span style=\"color: #003300\"><img data-recalc-dims=\"1\" decoding=\"async\" src=\"https:\/\/i0.wp.com\/lh3.googleusercontent.com\/-mzG9xVm5ft4\/VmhrX9o-CgI\/AAAAAAAAZEQ\/LpZG5SL-4fs\/s800-Ic42\/25-mossenairesPC051861.JPG?ssl=1\" alt=\"\" border=\"0\" \/><\/span><\/h3>\n<h3 style=\"text-align: justify\"><span style=\"color: #003300\">I tota la colla passant pel mig d&#8217;un bosc, que abans era frond\u00f3s i una riera de la Betzuca, que ara est\u00e0 degradada. Just fa un any una ventada de vents de cent cinquanta quil\u00f2metres per hora, va bufar i trinxar aquests indrets tan bonics abans.<\/span><\/h3>\n<h3 style=\"text-align: justify\"><span style=\"color: #003300\"><img data-recalc-dims=\"1\" decoding=\"async\" src=\"https:\/\/i0.wp.com\/lh3.googleusercontent.com\/-sBJQSV1LwBQ\/VmhrYZdtUEI\/AAAAAAAAY-k\/R8MwF4YcyB8\/s800-Ic42\/26-mossenairesPC051862.JPG?ssl=1\" alt=\"\" border=\"0\" \/><\/span><br \/>\n<span style=\"color: #003300\"> En Marc Armengol, que no falla mai a la trobada<\/span><\/h3>\n<h3 style=\"text-align: justify\"><span style=\"color: #003300\"><img data-recalc-dims=\"1\" decoding=\"async\" src=\"https:\/\/i0.wp.com\/lh3.googleusercontent.com\/-ViW3gLB7itc\/VmhrYyYENxI\/AAAAAAAAY_A\/gfS2NWPFEOs\/s800-Ic42\/27-mossenairesPC051863.JPG?ssl=1\" alt=\"\" border=\"0\" \/><\/span><br \/>\n<span style=\"color: #003300\"> En Javier ha estat el primer a fer el progressiu. Deia que ha anat a 3&#8217;12 de mitjana el quil\u00f2metre i l&#8217;Evans que t\u00e9 a la seva dreta li ha aguantat for\u00e7a el ritme.<\/span><br \/>\n<span style=\"color: #003300\"> Gilberto, Andreu, Enrique, Karen, Maria, David, Javier, David, Evans, Miguel<\/span><\/h3>\n<h3 style=\"text-align: justify\"><span style=\"color: #003300\"><img data-recalc-dims=\"1\" decoding=\"async\" src=\"https:\/\/i0.wp.com\/lh3.googleusercontent.com\/-1-1IhFyd25Y\/VmhrZpIEN2I\/AAAAAAAAZEM\/X9oTfspvFgo\/s800-Ic42\/29-mossenairesPC051865.JPG?ssl=1\" alt=\"\" border=\"0\" \/><\/span><br \/>\n<span style=\"color: #003300\"> La S\u00edlvia la veiem sempre rient i m\u00e9s avui, que tenim la sort de tenir-la ja com a &#8220;Mossenaire d&#8217;honor&#8221;<\/span><\/h3>\n<h3 style=\"text-align: justify\"><span style=\"color: #003300\"><img data-recalc-dims=\"1\" decoding=\"async\" src=\"https:\/\/i0.wp.com\/lh3.googleusercontent.com\/-axSg4jGw4nw\/VmhrbDEOMXI\/AAAAAAAAY-4\/QoH6r2pItwA\/s800-Ic42\/30-mossenairesPC051866.JPG?ssl=1\" alt=\"\" border=\"0\" \/><\/span><br \/>\n<span style=\"color: #003300\"> Moments de relax<\/span><\/h3>\n<h3 style=\"text-align: justify\"><span style=\"color: #003300\"><img data-recalc-dims=\"1\" decoding=\"async\" src=\"https:\/\/i0.wp.com\/lh3.googleusercontent.com\/-QkZ1bkdFrQE\/VmhrbYaJ95I\/AAAAAAAAZEM\/UZq4uAKB7Ow\/s800-Ic42\/31-mossenairesPC051867.JPG?ssl=1\" alt=\"\" border=\"0\" \/><\/span><br \/>\n<span style=\"color: #003300\"> I per homologar el progressiu i el podi virtual, els primers tornen a la cua. Gr\u00e0cies per la solidaritat<\/span><\/h3>\n<h3 style=\"text-align: justify\"><span style=\"color: #003300\"><img data-recalc-dims=\"1\" decoding=\"async\" src=\"https:\/\/i0.wp.com\/lh3.googleusercontent.com\/-CMJHSNyNEA4\/VmhrbkXT3zI\/AAAAAAAAY_Q\/kKMOrmGqcL8\/s800-Ic42\/32-mossenairesPC051868.JPG?ssl=1\" alt=\"\" border=\"0\" \/><\/span><br \/>\n<span style=\"color: #003300\"> La nostra cua, amb la Maria al capdavant<\/span><\/h3>\n<h3 style=\"text-align: justify\"><span style=\"color: #003300\"><img data-recalc-dims=\"1\" decoding=\"async\" src=\"https:\/\/i0.wp.com\/lh3.googleusercontent.com\/-39xCipCMawg\/VmhrcYS1nLI\/AAAAAAAAY_U\/SGCOV6MKr3w\/s800-Ic42\/33-mossenairesPC051869.JPG?ssl=1\" alt=\"\" border=\"0\" \/><\/span><br \/>\n<span style=\"color: #003300\"> Jos\u00e9, que ve expressament des de la Llagosta<\/span><\/h3>\n<h3 style=\"text-align: justify\"><span style=\"color: #003300\"><img data-recalc-dims=\"1\" decoding=\"async\" src=\"https:\/\/i0.wp.com\/lh3.googleusercontent.com\/-a134da9nhM8\/VmhrdIOju2I\/AAAAAAAAZEM\/eX76_koIPns\/s800-Ic42\/34-mossenairesPC051870.JPG?ssl=1\" alt=\"\" border=\"0\" \/><\/span><br \/>\n<span style=\"color: #003300\"> Guille, prop de la mossenaire: S\u00edlvia i l&#8217;Imma<\/span><\/h3>\n<h3 style=\"text-align: justify\"><span style=\"color: #003300\"><img data-recalc-dims=\"1\" decoding=\"async\" src=\"https:\/\/i0.wp.com\/lh3.googleusercontent.com\/-_MgTkZ3ky_w\/VmhrdIgc8VI\/AAAAAAAAZEM\/bgNLHzHXLlk\/s800-Ic42\/35-mossenairesPC051871.JPG?ssl=1\" alt=\"\" border=\"0\" \/><\/span><br \/>\n<span style=\"color: #003300\"> Gemma, posant-se b\u00e9 les sabatilles, mentre ve la cua<\/span><\/h3>\n<h3 style=\"text-align: justify\"><span style=\"color: #003300\"><img data-recalc-dims=\"1\" decoding=\"async\" src=\"https:\/\/i0.wp.com\/lh3.googleusercontent.com\/-F6AGk4iiiPU\/Vmhrd_bTrZI\/AAAAAAAAY_c\/FhjFC5vu1fA\/s800-Ic42\/36-mossenairesPC051872.JPG?ssl=1\" alt=\"\" border=\"0\" \/><\/span><br \/>\n<span style=\"color: #003300\"> Anar amunt i avall, a banda de qu\u00e8 no et refredis, serveix perqu\u00e8 el projecte funcioni i tots ens sentim m\u00e9s units. Gr\u00e0cies de nou.<\/span><\/h3>\n<h3 style=\"text-align: justify\"><span style=\"color: #003300\"><img data-recalc-dims=\"1\" decoding=\"async\" src=\"https:\/\/i0.wp.com\/lh3.googleusercontent.com\/-lZcR7QeuNZg\/Vmhre1PXK3I\/AAAAAAAAY_s\/d0kfFm6A_EY\/s800-Ic42\/37-mossenairesPC051873.JPG?ssl=1\" alt=\"\" border=\"0\" \/><\/span><\/h3>\n<h3 style=\"text-align: justify\"><span style=\"color: #003300\"><img data-recalc-dims=\"1\" decoding=\"async\" src=\"https:\/\/i0.wp.com\/lh3.googleusercontent.com\/-iwf_c4VlHVQ\/VmhrfkvP_TI\/AAAAAAAAZAI\/UZJ0bIa-AdA\/s800-Ic42\/38-mossenairesPC051874.JPG?ssl=1\" alt=\"\" border=\"0\" \/><\/span><br \/>\n<span style=\"color: #003300\"> Eva i Enrique<\/span><\/h3>\n<h3 style=\"text-align: justify\"><span style=\"color: #003300\"><img data-recalc-dims=\"1\" decoding=\"async\" src=\"https:\/\/i0.wp.com\/lh3.googleusercontent.com\/-fUu_WuDPQfU\/Vmhrf97eosI\/AAAAAAAAY_0\/wGi3oTYMpdw\/s800-Ic42\/39-mossenairesPC051875.JPG?ssl=1\" alt=\"\" border=\"0\" \/><\/span><br \/>\n<span style=\"color: #003300\"> Evans, tamb\u00e9 aprofita els moments de reagrupament i amb el fons de Sabadell, s&#8217;ajusta les adidas<\/span><\/h3>\n<h3 style=\"text-align: justify\"><span style=\"color: #003300\"><img data-recalc-dims=\"1\" decoding=\"async\" src=\"https:\/\/i0.wp.com\/lh3.googleusercontent.com\/-ATi1Hd_gBes\/VmhrgFHoFpI\/AAAAAAAAZAA\/NH1t_CTb-iw\/s800-Ic42\/40-mossenairesPC051876.JPG?ssl=1\" alt=\"\" border=\"0\" \/><\/span><br \/>\n<span style=\"color: #003300\"> Maria, que ens fa molta il\u00b7lusi\u00f3 veura-la de nou entre vosaltres<\/span><\/h3>\n<h3 style=\"text-align: justify\"><span style=\"color: #003300\"><img data-recalc-dims=\"1\" decoding=\"async\" src=\"https:\/\/i0.wp.com\/lh3.googleusercontent.com\/-0GR2LRYvhF8\/Vmhrg795ehI\/AAAAAAAAZAE\/j-YZH9MTxZ4\/s800-Ic42\/41-mossenairesPC051877.JPG?ssl=1\" alt=\"\" border=\"0\" \/><\/span><\/h3>\n<h3 style=\"text-align: justify\"><span style=\"color: #003300\"><img data-recalc-dims=\"1\" decoding=\"async\" src=\"https:\/\/i0.wp.com\/lh3.googleusercontent.com\/-dsUkvGYnBdY\/VmhrhB3hFhI\/AAAAAAAAZAU\/VsZ9rr43Uj8\/s800-Ic42\/42-mossenairesPC051878.JPG?ssl=1\" alt=\"\" border=\"0\" \/><\/span><br \/>\n<span style=\"color: #003300\"> Capdavanters al proper progressiu fins a la torre<\/span><\/h3>\n<h3 style=\"text-align: justify\"><span style=\"color: #003300\"><img data-recalc-dims=\"1\" decoding=\"async\" src=\"https:\/\/i0.wp.com\/lh3.googleusercontent.com\/-qBJOwQw4850\/Vmhrh1UoFII\/AAAAAAAAZAo\/HSmYyusqw-o\/s800-Ic42\/43-mossenairesPC051879.JPG?ssl=1\" alt=\"\" border=\"0\" \/><\/span><\/h3>\n<h3 style=\"text-align: justify\"><span style=\"color: #003300\"><img data-recalc-dims=\"1\" decoding=\"async\" src=\"https:\/\/i0.wp.com\/lh3.googleusercontent.com\/-uo91w83LJbw\/VmhriCDMgwI\/AAAAAAAAZAk\/w444NvV_9Cg\/s800-Ic42\/44-mossenairesPC051880.JPG?ssl=1\" alt=\"\" border=\"0\" \/><\/span><br \/>\n<span style=\"color: #003300\"> David i Pepe, tamb\u00e9 en ple progressiu<\/span><\/h3>\n<h3 style=\"text-align: justify\"><span style=\"color: #003300\"><img data-recalc-dims=\"1\" decoding=\"async\" src=\"https:\/\/i0.wp.com\/lh3.googleusercontent.com\/-TWARj-XiHck\/Vmhrik7WoWI\/AAAAAAAAZA0\/RA11Fbf-5zk\/s800-Ic42\/45-mossenairesPC051881.JPG?ssl=1\" alt=\"\" border=\"0\" \/><\/span><br \/>\n<span style=\"color: #003300\"> I els guanyadors virtuals: Miquel, Juan, Mariona, Wester i Anna. Enhorabona!!<\/span><\/h3>\n<h3 style=\"text-align: justify\"><span style=\"color: #003300\"><img data-recalc-dims=\"1\" decoding=\"async\" src=\"https:\/\/i0.wp.com\/lh3.googleusercontent.com\/-3zN2-hKmxco\/VmhrjIyQ8bI\/AAAAAAAAZAw\/mULYvGRERCA\/s800-Ic42\/46-mossenairesPC051882.JPG?ssl=1\" alt=\"\" border=\"0\" \/><\/span><br \/>\n<span style=\"color: #003300\"> En Hassan ens pregunta, cap aqu\u00ed?<\/span><\/h3>\n<h3 style=\"text-align: justify\"><span style=\"color: #003300\"><img data-recalc-dims=\"1\" decoding=\"async\" src=\"https:\/\/i0.wp.com\/lh3.googleusercontent.com\/-xy8jbYqS3Y8\/Vmhrjdn503I\/AAAAAAAAZA4\/JzL-YbzyxR0\/s800-Ic42\/47-mossenairesPC051883.JPG?ssl=1\" alt=\"\" border=\"0\" \/><\/span><\/h3>\n<h3 style=\"text-align: justify\"><span style=\"color: #003300\"><img data-recalc-dims=\"1\" decoding=\"async\" src=\"https:\/\/i0.wp.com\/lh3.googleusercontent.com\/-2FT3Einy7kM\/Vmhrj-hUSQI\/AAAAAAAAZA8\/9S_EjbqgmyM\/s800-Ic42\/48-mossenairesPC051884.JPG?ssl=1\" alt=\"\" border=\"0\" \/><\/span><br \/>\n<span style=\"color: #003300\"> La Silvia en ple entrenament<\/span><\/h3>\n<h3 style=\"text-align: justify\"><span style=\"color: #003300\"><img data-recalc-dims=\"1\" decoding=\"async\" src=\"https:\/\/i0.wp.com\/lh3.googleusercontent.com\/-7t89SwI6pds\/Vmhrk40JvlI\/AAAAAAAAZBY\/w_DyTn5VbIg\/s800-Ic42\/49-mossenairesPC051885.JPG?ssl=1\" alt=\"\" border=\"0\" \/><\/span><br \/>\n<span style=\"color: #003300\"> I un progressiu for\u00e7a pujador, amb els que l&#8217;han fet davant: Evans, David, Maria, Gemma i Xavi. Enhorabona!!<\/span><\/h3>\n<h3 style=\"text-align: justify\"><span style=\"color: #003300\">Anem a posar a punt la foto?<\/span><\/h3>\n<h3 style=\"text-align: justify\"><span style=\"color: #003300\"><img data-recalc-dims=\"1\" decoding=\"async\" src=\"https:\/\/i0.wp.com\/lh3.googleusercontent.com\/-w-7SU6RHIkg\/Vmhrlk0ksGI\/AAAAAAAAZBQ\/N3PFjbCdLxI\/s800-Ic42\/50-mossenairesPC051886.JPG?ssl=1\" alt=\"\" border=\"0\" \/><\/span><\/h3>\n<h3 style=\"text-align: justify\"><span style=\"color: #003300\"><img data-recalc-dims=\"1\" decoding=\"async\" src=\"https:\/\/i0.wp.com\/lh3.googleusercontent.com\/-tdDs0W0-uEI\/VmhrnVe6DrI\/AAAAAAAAZBs\/r2S5ILLhh88\/s800-Ic42\/52-mossenairesPC051888.JPG?ssl=1\" alt=\"\" border=\"0\" \/><\/span><\/h3>\n<h3 style=\"text-align: justify\"><span style=\"color: #003300\"><img data-recalc-dims=\"1\" decoding=\"async\" src=\"https:\/\/i0.wp.com\/lh3.googleusercontent.com\/-hKOkA4_VMG0\/VmhroK0yGcI\/AAAAAAAAZB0\/kClleA72cIU\/s800-Ic42\/53-mossenairesPC051889.JPG?ssl=1\" alt=\"\" border=\"0\" \/><\/span><\/h3>\n<h3 style=\"text-align: justify\"><span style=\"color: #003300\">I com a un dels fundadors de Minyons i dels mossenaires m\u00e9s antics tenim a Marc Roura, i hem volgut a trav\u00e9s d&#8217;ell felicitar a &#8220;Minyons de Terrassa&#8221;<\/span><br \/>\n<span style=\"color: #003300\"> Personalment i com a Egarencs, que la nostra ciutat tingui la millor colla de la hist\u00f2ria per haver fet moltes coses i una m\u00e9s.<\/span><br \/>\n<span style=\"color: #003300\"> A en Marc li hem demanat que ens ho expliqui una mica; quanta gent es necessita i de fet darrere hi ha una feina immensa i molt d&#8217;estudi<\/span><br \/>\n<span style=\"color: #003300\"> El 4 de 10 amb folre i manilles \u00e9s un castell de gamma extra de 10 pisos d&#8217;al\u00e7ada i 4 persones per pis, refor\u00e7at amb dues estructures suplement\u00e0ries al pis de segons (folre) i de ter\u00e7os (manilles). \u00c9s considerat el castell de m\u00e9s dificultat descarregat segons la taula de puntuacions del concurs de castells de Tarragona. El primer de la hist\u00f2ria, i \u00fanic fins a l&#8217;actualitat, el van carregar i descarregar els Minyons de Terrassa el 22 de novembre de 2015.<\/span><\/h3>\n<h3 style=\"text-align: justify\"><span style=\"color: #003300\"><img data-recalc-dims=\"1\" decoding=\"async\" src=\"https:\/\/i0.wp.com\/lh3.googleusercontent.com\/-iokPLtS0vkY\/Vmhy-BsYwxI\/AAAAAAAAZFA\/wHgGcB_Wkts\/s800-Ic42\/4de10fm_-_Minyons_de_Terrassa_%25252822-11-2015%252529.jpg?ssl=1\" alt=\"\" border=\"0\" \/><\/span><\/h3>\n<h3 style=\"text-align: justify\"><span style=\"color: #003300\"><img data-recalc-dims=\"1\" decoding=\"async\" src=\"https:\/\/i0.wp.com\/lh3.googleusercontent.com\/-tdDs0W0-uEI\/VmhrnVe6DrI\/AAAAAAAAZBs\/r2S5ILLhh88\/s800-Ic42\/52-mossenairesPC051888.JPG?ssl=1\" alt=\"\" border=\"0\" \/><\/span><\/h3>\n<h3 style=\"text-align: justify\"><span style=\"color: #003300\"><img data-recalc-dims=\"1\" decoding=\"async\" src=\"https:\/\/i0.wp.com\/lh3.googleusercontent.com\/-hKOkA4_VMG0\/VmhroK0yGcI\/AAAAAAAAZB0\/kClleA72cIU\/s800-Ic42\/53-mossenairesPC051889.JPG?ssl=1\" alt=\"\" border=\"0\" \/><\/span><\/h3>\n<h3 style=\"text-align: justify\"><span style=\"color: #003300\"><img data-recalc-dims=\"1\" decoding=\"async\" src=\"https:\/\/i0.wp.com\/lh3.googleusercontent.com\/-eoD57qj2Fro\/VmhroQ8D7pI\/AAAAAAAAZEc\/xf4PwC-zZhA\/s800-Ic42\/54-mossenairesPC051891.JPG?ssl=1\" alt=\"\" border=\"0\" \/><\/span><br \/>\n<span style=\"color: #003300\"> I queda proclamada per tots vosaltres, la nostra &#8220;Mossenaire d&#8217;honor&#8221;, la Silvia Moya.<\/span><\/h3>\n<h3 style=\"text-align: justify\"><span style=\"color: #003300\"><img data-recalc-dims=\"1\" decoding=\"async\" src=\"https:\/\/i0.wp.com\/lh3.googleusercontent.com\/-d9pK3I2T3TM\/Vmhro-KRKhI\/AAAAAAAAZEc\/vlF-ULe0WIE\/s800-Ic42\/55-mossenairesPC051892.JPG?ssl=1\" alt=\"\" border=\"0\" \/><\/span><\/h3>\n<h3 style=\"text-align: justify\"><span style=\"color: #003300\"><img data-recalc-dims=\"1\" decoding=\"async\" src=\"https:\/\/i0.wp.com\/lh3.googleusercontent.com\/-OEHF1-QVIEQ\/VmhrsnW8hVI\/AAAAAAAAZEc\/ZI-v_3ufINA\/s800-Ic42\/56-mossenairesPC051893a.JPG?ssl=1\" alt=\"\" border=\"0\" \/><\/span><br \/>\n<span style=\"color: #003300\"> El rac\u00f3 preferit per la colla, \u00e9s la font de l&#8217;Argelaguet i avui triat per reposar una mica i fer-nos la fotografia tots plegats. Per molts anys!<\/span><\/h3>\n<h3 style=\"text-align: justify\"><span style=\"color: #003300\"><img data-recalc-dims=\"1\" decoding=\"async\" src=\"https:\/\/i0.wp.com\/lh3.googleusercontent.com\/-hV9AOzmUw6g\/VmhrrLKWV2I\/AAAAAAAAZCE\/71ztuomRKjY\/s800-Ic42\/57-mossenairesPC051896.JPG?ssl=1\" alt=\"\" border=\"0\" \/><\/span><\/h3>\n<h3 style=\"text-align: justify\"><span style=\"color: #003300\"><img data-recalc-dims=\"1\" decoding=\"async\" src=\"https:\/\/i0.wp.com\/lh3.googleusercontent.com\/-ptJjc3Uhsq0\/VmhrsctnHmI\/AAAAAAAAZEc\/TrngtBWrduc\/s800-Ic42\/58-mossenairesPC051897.JPG?ssl=1\" alt=\"\" border=\"0\" \/><\/span><\/h3>\n<h3 style=\"text-align: justify\"><span style=\"color: #003300\"><img data-recalc-dims=\"1\" decoding=\"async\" src=\"https:\/\/i0.wp.com\/lh3.googleusercontent.com\/-3Nu3GNsCG1U\/VmhrtXlCb6I\/AAAAAAAAZCs\/EB5YgD0teNM\/s800-Ic42\/59-mossenairesPC051898.JPG?ssl=1\" alt=\"\" border=\"0\" \/><\/span><\/h3>\n<h3 style=\"text-align: justify\"><span style=\"color: #003300\"><img data-recalc-dims=\"1\" decoding=\"async\" src=\"https:\/\/i0.wp.com\/lh3.googleusercontent.com\/-umJ2XI1uR0M\/VmhruNA0TTI\/AAAAAAAAZCw\/4fH5uZmtqzs\/s800-Ic42\/60-mossenairesPC051899.JPG?ssl=1\" alt=\"\" border=\"0\" \/><\/span><br \/>\n<span style=\"color: #003300\"> En aquesta darrera veieu, al costat vostre, com raja la font enguany<\/span><\/h3>\n<h3 style=\"text-align: justify\"><span style=\"color: #003300\"><img data-recalc-dims=\"1\" decoding=\"async\" src=\"https:\/\/i0.wp.com\/lh3.googleusercontent.com\/-g2q19NKFpts\/VmhruovQNYI\/AAAAAAAAZCY\/TkKJY43lAh4\/s800-Ic42\/61-mossenairesPC051900.JPG?ssl=1\" alt=\"\" border=\"0\" \/><\/span><\/h3>\n<h3 style=\"text-align: justify\"><span style=\"color: #003300\"><img data-recalc-dims=\"1\" decoding=\"async\" src=\"https:\/\/i0.wp.com\/lh3.googleusercontent.com\/-si-gzJMQi3s\/VmhrvW84TtI\/AAAAAAAAZCg\/PUnB3mJEeO0\/s800-Ic42\/62-mossenairesPC051901.JPG?ssl=1\" alt=\"\" border=\"0\" \/><\/span><\/h3>\n<h3 style=\"text-align: justify\"><span style=\"color: #003300\"><img data-recalc-dims=\"1\" decoding=\"async\" src=\"https:\/\/i0.wp.com\/lh3.googleusercontent.com\/-n54vlxEMSeg\/Vmhrv184CjI\/AAAAAAAAZCk\/yLP4zTC1ZUQ\/s800-Ic42\/63-mossenairesPC051902.JPG?ssl=1\" alt=\"\" border=\"0\" \/><\/span><br \/>\n<span style=\"color: #003300\"> I pel cam\u00ed ens trobem a la Julia i l&#8217;Emilio, que han anat a collir uns rams per aquestes festes nadalenques<\/span><\/h3>\n<h3 style=\"text-align: justify\"><span style=\"color: #003300\"><img data-recalc-dims=\"1\" decoding=\"async\" src=\"https:\/\/i0.wp.com\/lh3.googleusercontent.com\/-i976Iyff3Lo\/Vmhrzzk95II\/AAAAAAAAZDU\/yQ4ukymABNA\/s800-Ic42\/67-mossenairesPC051911.JPG?ssl=1\" alt=\"\" border=\"0\" \/><\/span><br \/>\n<span style=\"color: #003300\"> Joan, Assumpta, Nicolau<\/span><\/h3>\n<h3 style=\"text-align: justify\"><span style=\"color: #003300\"><img data-recalc-dims=\"1\" decoding=\"async\" src=\"https:\/\/i0.wp.com\/lh3.googleusercontent.com\/-YKz12D4FRbo\/Vmhr0qNuZ4I\/AAAAAAAAZEU\/PWgQCClpL1s\/s800-Ic42\/68-mossenairesPC051912.JPG?ssl=1\" alt=\"\" border=\"0\" \/><\/span><\/h3>\n<h3 style=\"text-align: justify\"><span style=\"color: #003300\"><img data-recalc-dims=\"1\" decoding=\"async\" src=\"https:\/\/i0.wp.com\/lh3.googleusercontent.com\/-wCdKjjRcc28\/Vmhr08Dn-JI\/AAAAAAAAZDw\/cL-SEO9cLXo\/s800-Ic42\/69-mossenairesPC051913.JPG?ssl=1\" alt=\"\" border=\"0\" \/><\/span><br \/>\n<span style=\"color: #003300\"> S\u00edlvia, Mari, S\u00edlvia, Inma, Cinta, Mariona, Karen, Anna<\/span><br \/>\n<span style=\"color: #003300\"> Eva, Charo, Eli, Assumpta, Sandra<\/span><\/h3>\n<h3 style=\"text-align: justify\"><span style=\"color: #003300\"><img data-recalc-dims=\"1\" decoding=\"async\" src=\"https:\/\/i0.wp.com\/lh3.googleusercontent.com\/-o4Jnm1Pqs-o\/Vmhr1W63c0I\/AAAAAAAAZDo\/-sSanPAvAXw\/s800-Ic42\/70-mossenairesPC051914.JPG?ssl=1\" alt=\"\" border=\"0\" \/><\/span><br \/>\n<span style=\"color: #003300\"> Al costat de la nostra Mossenaire d&#8217;honor. Un gran record<\/span><\/h3>\n<h3 style=\"text-align: justify\"><span style=\"color: #003300\"><img data-recalc-dims=\"1\" decoding=\"async\" src=\"https:\/\/i0.wp.com\/lh3.googleusercontent.com\/-nXjx1VBGYc4\/Vmhr2TjU60I\/AAAAAAAAZD0\/k5I-NlxIDZE\/s800-Ic42\/71-mossenairesPC051915.JPG?ssl=1\" alt=\"\" border=\"0\" \/><\/span><br \/>\n<span style=\"color: #003300\"> I la Charo, que ha arribat tard i no ha pogut entrenar amb nosaltres. Quin greu<\/span><\/h3>\n<h3 style=\"text-align: justify\"><span style=\"color: #003300\"><img data-recalc-dims=\"1\" decoding=\"async\" src=\"https:\/\/i0.wp.com\/lh3.googleusercontent.com\/-qMS4opQ_IUE\/Vmhr2krsBnI\/AAAAAAAAZD8\/sD1IxTbbJRQ\/s800-Ic42\/72-mossenairesPC051917.JPG?ssl=1\" alt=\"\" border=\"0\" \/><\/span><br \/>\n<span style=\"color: #003300\"> I ens hem trobat a en Javier L\u00f3pez, que sempre se&#8217;l veu tan unit al Sherlock<\/span><\/h3>\n<h3 style=\"text-align: justify\"><\/h3>\n<h3 style=\"text-align: justify\"><span style=\"color: #003300\">Tothom \u00e9s important per nosaltres i S\u00edlvia Moya \u00e9s molt important. Un dia, mentre corr\u00edem em va explicar la hist\u00f2ria que ara coneixereu i que per diferents motius va gosar en anar a fer un training, sense gaireb\u00e9 saber on es posava i de fet crec recordar, que despr\u00e9s d&#8217;all\u00f2, d&#8217;anar amb atletes d&#8217;\u00e8lit, va investigar si hi havia colles on anar a entrenar i ens va trobar gaireb\u00e9 per casualitat i com veieu, \u00e9s una habitual a la trobada i si; va prometre&#8217;m que un dia seria mossenaire i avui ha complert la seva promesa i per nosaltres \u00e9s un gran honor.<\/span><br \/>\n<span style=\"color: #003300\"> Moltes gr\u00e0cies S\u00edlvia i per molts anys i que tot et vagi b\u00e9.<\/span><\/h3>\n<h3 style=\"text-align: justify\"><span style=\"color: #003300\"><img data-recalc-dims=\"1\" decoding=\"async\" src=\"https:\/\/i0.wp.com\/lh3.googleusercontent.com\/-oifJ-hg0F4Y\/Vmhryuvf9VI\/AAAAAAAAZDQ\/LLf0_Im8zZU\/s800-Ic42\/64-mossenairesPC051903a.JPG?ssl=1\" alt=\"\" border=\"0\" \/><\/span><\/h3>\n<h3 style=\"text-align: justify\"><span style=\"color: #003300\"><img data-recalc-dims=\"1\" decoding=\"async\" src=\"https:\/\/i0.wp.com\/lh3.googleusercontent.com\/-viIAkduMe4c\/VmhryYnxwOI\/AAAAAAAAZDM\/GCNJYwC6vMc\/s800-Ic42\/65-mossenairesPC051906a.JPG?ssl=1\" alt=\"\" border=\"0\" \/><\/span><\/h3>\n<h3 style=\"text-align: justify\"><em><span style=\"color: #0000ff\">Lo prometido es deuda! <\/span><\/em><\/h3>\n<h3 style=\"text-align: justify\"><em><span style=\"color: #0000ff\">Ja fa un temps que en Pep intentava convencem per ser mossenaire d\u2019honor. I jo sempre li donava llargues perqu\u00e8 anava llegint les vostres hist\u00f2ries i veia que el meu \u201ccurr\u00edculum\u201d era molt breu per no dir inexistent . <\/span><\/em><\/h3>\n<h3 style=\"text-align: justify\"><em><span style=\"color: #0000ff\">Jo no he fet mai esport, ni extraescolars al cole, fa un parell d\u2019anys per circumst\u00e0ncies personals vaig comen\u00e7ar a sortir a caminar, si, si, caminar, no podia c\u00f3rrer ni dos minuts seguits, despr\u00e9s em vaig anar animant i vaig comen\u00e7ar a c\u00f3rrer molt a poc a poc, dos minuts, cinc minuts&#8230; quan feia tres mesos que corria em vaig apuntar a un training camp a los Picos de Europa. Per fer-vos una idea jo no sabia ni lo que era un training camp..per\u00f2 en el moment que van sortir tots amb les malles de c\u00f3rrer i vaig veure les cames que tenien ja em vaig fer una idea de que potser no era el lloc m\u00e9s indicat per mi. Per\u00f2 alla vaig con\u00e8ixer a Jose Manuel Abascal, Fabian Roncero i la seva dona Merche Palacios, medallistes ol\u00edmpics i a tota la resta del grup , grans atletes i MILLORS PERSONES que em van demostrar que la qualitat humana de les persones va m\u00e9s enll\u00e0 dels \u00e8xits aconseguits. <\/span><\/em><\/h3>\n<h3 style=\"text-align: justify\"><em><span style=\"color: #0000ff\">Despr\u00e9s de sobreviure a aquell cap de setmana vaig tornar encara amb m\u00e9s forca i ganes de c\u00f3rrer. Al poc vaig descobrir el Facebook dels mossenaires i veia les fotos que an\u00e0veu posant aturant-vos per no perdre ning\u00fa i recollint a la gent de la cua. I vaig pensar: Prova-ho! com a m\u00ednim estan aqu\u00ed al costat! i des de llavors aqu\u00ed em teniu, algunes setmanes fallo, per\u00f2 si puc no m\u2019ho penso ni un moment i el dissabte a les 8.00 ja hi s\u00f3c per compartir una horeta amb aquesta colla de gent amb ganes de c\u00f3rrer tots plegats entre Terrassa i Sabadell, convidant a tothom que s\u2019afegeixi. I he tornat a trobar aquests tipus de vincle, companyerisme que tenim tots els que ens agrada c\u00f3rrer. Perqu\u00e8 com diu el Pep, si vens tres vegades seguides ja et pots considerar mossenaire. I com he comen\u00e7at al principi, em vaig comprometre amb el Pep que despr\u00e9s de la Behovia ( si acabava dignament) seria mossenaire d\u2019honor, perqu\u00e8 nom\u00e9s havia fet la cursa de la dona , de la Merc\u00e8 i la festa major de Sabadell . Ara ja puc dir que he fet la Behovia, orgullosa de mi mateixa i de la meva marca 1.57. que per mi \u00e9s la millor \u263a <\/span><\/em><\/h3>\n<h3 style=\"text-align: justify\"><em><span style=\"color: #0000ff\">Gr\u00e0cies Pep per la dedicaci\u00f3 que li poses. Salut i Kms!<\/span><\/em><\/h3>\n<table cellspacing=\"0\" align=\"left\">\n<tbody>\n<tr style=\"text-align: justify\">\n<td>\n<h3><span style=\"color: #003300\"><img data-recalc-dims=\"1\" decoding=\"async\" class=\"decoded\" src=\"https:\/\/i0.wp.com\/josepmoliner.com\/chiptiempo.gif\" alt=\"http:\/\/josepmoliner.com\/chiptiempo.gif\" \/><\/span><\/h3>\n<\/td>\n<td>\n<h3><span style=\"color: #003300\"><img data-recalc-dims=\"1\" decoding=\"async\" class=\"decoded\" src=\"https:\/\/i0.wp.com\/josepmoliner.com\/centreMedicAvinguda.gif\" alt=\"http:\/\/josepmoliner.com\/centreMedicAvinguda.gif\" \/><\/span><\/h3>\n<\/td>\n<\/tr>\n<tr style=\"text-align: justify\">\n<td>\n<h3><span style=\"color: #003300\"><strong><a style=\"color: #003300\" href=\"http:\/\/www.elroure.net\/fisioterapiaroura\/\" target=\"_blank\"><img data-recalc-dims=\"1\" decoding=\"async\" src=\"https:\/\/i0.wp.com\/elroure.net\/fisioterapiaroura\/Fisioterapia_elroure.gif\" alt=\"\" \/><\/a><\/strong><\/span><\/h3>\n<\/td>\n<td>\n<h3><span style=\"color: #003300\"><a style=\"color: #003300\" href=\"http:\/\/www.fupar.es\/ca\/establiments-comercials-fupar-terrassa\/neteja-de-vehicles\/\" target=\"_blank\"><img data-recalc-dims=\"1\" decoding=\"async\" src=\"https:\/\/i0.wp.com\/josepmoliner.com\/fupar_rentat2015.gif\" alt=\"\" align=\"top\" \/><\/a><\/span><\/h3>\n<\/td>\n<\/tr>\n<tr style=\"text-align: justify\">\n<td>\n<h3><span style=\"color: #003300\"><a style=\"color: #003300\" href=\"http:\/\/www.californiasports.es\" target=\"_blank\"><img data-recalc-dims=\"1\" decoding=\"async\" src=\"https:\/\/i0.wp.com\/josepmoliner.com\/californiasports\/california_sports2015.gif\" alt=\"\" \/><\/a><\/span><\/h3>\n<\/td>\n<td>\n<h3><span style=\"color: #003300\"><strong><a style=\"color: #003300\" href=\"http:\/\/www.egargrafic.com\/\" target=\"_blank\"><img data-recalc-dims=\"1\" decoding=\"async\" src=\"https:\/\/i0.wp.com\/www.josepmoliner.com\/egargrafic2.gif\" alt=\"\" \/><\/a><\/strong><\/span><\/h3>\n<\/td>\n<\/tr>\n<tr style=\"text-align: justify\">\n<td>\n<h3><span style=\"color: #003300\"><strong><a style=\"color: #003300\" href=\"http:\/\/knyera.cf\/\" target=\"_blank\"><img data-recalc-dims=\"1\" decoding=\"async\" src=\"https:\/\/i0.wp.com\/www.josepmoliner.com\/knyera_running.gif\" alt=\"\" \/><\/a><\/strong><\/span><\/h3>\n<\/td>\n<td>\n<h3><span style=\"color: #003300\"><strong><a style=\"color: #003300\" href=\"http:\/\/www.elroure.net\/\" target=\"_blank\"><img data-recalc-dims=\"1\" decoding=\"async\" src=\"https:\/\/i0.wp.com\/elroure.net\/rourenet.gif\" alt=\"\" \/><\/a><\/strong><\/span><\/h3>\n<\/td>\n<\/tr>\n<tr style=\"text-align: justify\">\n<td>\n<h3><span style=\"color: #003300\"><strong><a style=\"color: #003300\" href=\"http:\/\/www.esportsavinguda.tk\/\" target=\"_blank\"><img data-recalc-dims=\"1\" decoding=\"async\" src=\"https:\/\/i0.wp.com\/josepmoliner.com\/esportsavinguda2.gif\" alt=\"\" \/><\/a><\/strong><\/span><\/h3>\n<\/td>\n<td>\n<h3><span style=\"color: #003300\"><strong><a style=\"color: #003300\" href=\"http:\/\/civeracampoy.com\/index.php\/es\/\" target=\"_blank\"><img data-recalc-dims=\"1\" decoding=\"async\" src=\"https:\/\/i0.wp.com\/josepmoliner.com\/Civera%26Campoy.gif\" alt=\"\" \/><\/a><\/strong><\/span><\/h3>\n<\/td>\n<\/tr>\n<tr style=\"text-align: justify\">\n<td>\n<h3><span style=\"color: #003300\"><a style=\"color: #003300\" href=\"http:\/\/www.fupar.es\/ca\/establiments-comercials-fupar-terrassa\/centre-de-jardineria\/\" target=\"_blank\"><img data-recalc-dims=\"1\" decoding=\"async\" src=\"https:\/\/i0.wp.com\/josepmoliner.com\/fupar_garden2015.gif\" alt=\"http:\/\/josepmoliner.com\/fupar_garden2015.gif\" \/><\/a><\/span><\/h3>\n<\/td>\n<td>\n<h3><span style=\"color: #003300\"><strong><a style=\"color: #003300\" href=\"http:\/\/www.eledevall.com\/\" target=\"_blank\"><img data-recalc-dims=\"1\" decoding=\"async\" src=\"https:\/\/i0.wp.com\/josepmoliner.com\/eledevall.gif\" alt=\"\" \/><\/a><\/strong><\/span><\/h3>\n<\/td>\n<\/tr>\n<tr style=\"text-align: justify\">\n<td>\n<h3><span style=\"color: #003300\"><strong><a style=\"color: #003300\" href=\"mailto:banner@mossenhoms.be\">vols el teu banner?<\/a><\/strong><\/span><\/h3>\n<\/td>\n<td>\n<h3><span style=\"color: #003300\"><a style=\"color: #003300\" href=\"http:\/\/www.fupar.es\/ca\/establiments-comercials-fupar-terrassa\/floristeria-terrassa\/\" target=\"_blank\"><img data-recalc-dims=\"1\" decoding=\"async\" src=\"https:\/\/i0.wp.com\/josepmoliner.com\/fupar_floristeria2015.gif\" alt=\"\" \/><\/a><\/span><\/h3>\n<\/td>\n<\/tr>\n<\/tbody>\n<\/table>\n","protected":false},"excerpt":{"rendered":"<p>Aix\u00ed titulava el mail de la S\u00edlvia. Enviava el seu escrit fa tres setmanes i des de llavors que no havia pogut venir i el guard\u00e0vem. Rebre l&#8217;escrit de la &#8220;Mossenaire d&#8217;honor&#8221; per endavant \u00e9s una bona sorpresa. La S\u00edlvia no es considerava amb tants m\u00e8rits com moltes i molts de vosaltres i, veritablement tots [&hellip;]<\/p>\n","protected":false},"author":171,"featured_media":0,"comment_status":"open","ping_status":"open","sticky":false,"template":"","format":"standard","meta":{"jetpack_post_was_ever_published":false,"_jetpack_newsletter_access":"","_jetpack_dont_email_post_to_subs":false,"_jetpack_newsletter_tier_id":0,"_jetpack_memberships_contains_paywalled_content":false,"_jetpack_memberships_contains_paid_content":false,"footnotes":"","jetpack_publicize_message":"","jetpack_publicize_feature_enabled":true,"jetpack_social_post_already_shared":false,"jetpack_social_options":{"image_generator_settings":{"template":"highway","default_image_id":0,"font":"","enabled":false},"version":2}},"categories":[1644,5580,1,4554,25102,25089],"tags":[2697,4656,25096,25105,25103,25106,25094,73,622],"class_list":["post-3983","post","type-post","status-publish","format-standard","hentry","category-correr","category-entrenaments","category-general","category-mossenaires","category-mossenhoms-be","category-senderisme","tag-amistat","tag-atletisme","tag-can-bon-vilar","tag-correr","tag-entrenaments-grup","tag-mossenaires","tag-pep-moliner","tag-terrassa","tag-xerrar"],"jetpack_publicize_connections":[],"jetpack_featured_media_url":"","jetpack_sharing_enabled":true,"jetpack_shortlink":"https:\/\/wp.me\/sagkiK-sorpresa","jetpack-related-posts":[{"id":4667,"url":"https:\/\/blogs.avui.cat\/pepmoliner\/2018\/03\/21\/sempre-diferent\/","url_meta":{"origin":3983,"position":0},"title":"Sempre diferent","author":"Pep Moliner","date":"21 de mar\u00e7 de 2018","format":false,"excerpt":"Des de fora pot semblar que cada dissabte passa el mateix i no. Tots s\u00f3n diferents i en funci\u00f3 de qui tinguem aquest o aquell dissabte al costat, la conversa, la lluminositat, la temperatura, les olors, els riures i somriures, i en definitiva, que no trobarem un dia igual a\u2026","rel":"","context":"A &quot;Amistat&quot;","block_context":{"text":"Amistat","link":"https:\/\/blogs.avui.cat\/pepmoliner\/category\/amistat\/"},"img":{"alt_text":"","src":"","width":0,"height":0},"classes":[]},{"id":4654,"url":"https:\/\/blogs.avui.cat\/pepmoliner\/2018\/02\/21\/mossenaires-suma-i-segueix\/","url_meta":{"origin":3983,"position":1},"title":"Mossenaires \u201csuma i segueix\u201d","author":"Pep Moliner","date":"21 de febrer de 2018","format":false,"excerpt":"Sempre diem que no hi ha dos entrenaments iguals, i ens reafirmem. Tot i ser d\u2019aquells que fem en els que ens apropem a la ciutat veina, Sabadell i voltem pel bosc, que mica en mica es va recuperant d\u2019aquella ventada, i hem tornat a tenir a un Mossenaire d\u2019Honor,\u2026","rel":"","context":"A &quot;Amistat&quot;","block_context":{"text":"Amistat","link":"https:\/\/blogs.avui.cat\/pepmoliner\/category\/amistat\/"},"img":{"alt_text":"","src":"","width":0,"height":0},"classes":[]},{"id":4752,"url":"https:\/\/blogs.avui.cat\/pepmoliner\/2018\/08\/08\/tretze-son-tretze-mossenaires\/","url_meta":{"origin":3983,"position":2},"title":"Tretze s\u00f3n tretze Mossenaires","author":"Pep Moliner","date":"8 d'agost de 2018","format":false,"excerpt":"Temperatures de r\u00e9cord a molts llocs propers, i a Can Mossenaire, i ja a primera hora, notem escalfor i donat que \u00e9rem tretze Mossenaires, consensuem tornar a fer el lloc proper m\u00e9s fresc que coneixem i no \u00e9s altre que el torrent de Gotelles i les fonts que hi sovintegem.\u2026","rel":"","context":"A &quot;Amistat&quot;","block_context":{"text":"Amistat","link":"https:\/\/blogs.avui.cat\/pepmoliner\/category\/amistat\/"},"img":{"alt_text":"","src":"","width":0,"height":0},"classes":[]},{"id":4745,"url":"https:\/\/blogs.avui.cat\/pepmoliner\/2018\/07\/22\/mossenaires-entrenament-de-dotze\/","url_meta":{"origin":3983,"position":3},"title":"Mossenaires: entrenament de dotze","author":"Pep Moliner","date":"22 de juliol de 2018","format":false,"excerpt":"Segurament ha estat un dels entrenaments m\u00e9s llargs de la temporada, per anar a refrescar-nos a la font de Castellarnau i trepitjar poc asfalt. Aix\u00ed i tot, esperem que no hagi estat massa traum\u00e0tic, i el que escriu es disculpa per haver-ho fet un xic m\u00e9s llarg del que \u00e9s\u2026","rel":"","context":"A &quot;Amistat&quot;","block_context":{"text":"Amistat","link":"https:\/\/blogs.avui.cat\/pepmoliner\/category\/amistat\/"},"img":{"alt_text":"","src":"","width":0,"height":0},"classes":[]},{"id":4802,"url":"https:\/\/blogs.avui.cat\/pepmoliner\/2018\/11\/15\/4802\/","url_meta":{"origin":3983,"position":4},"title":"Mossenaires ens perdem una mica","author":"Pep Moliner","date":"15 de novembre de 2018","format":false,"excerpt":"Cada dissabte una hist\u00f2ria per recordar. I avui us he portat de cara al barranc. S\u00ed. Despr\u00e9s de la fotografia de fam\u00edlia i com a poques vegades, perduts i ben perduts i una anar i tornar, i una an\u00e8cdota m\u00e9s. I a banda d'aquesta an\u00e8cdota, hem fet com molts dissabtes:\u2026","rel":"","context":"A &quot;Amistat&quot;","block_context":{"text":"Amistat","link":"https:\/\/blogs.avui.cat\/pepmoliner\/category\/amistat\/"},"img":{"alt_text":"","src":"","width":0,"height":0},"classes":[]},{"id":4606,"url":"https:\/\/blogs.avui.cat\/pepmoliner\/2017\/11\/01\/a-les-tres-seran-les-dues\/","url_meta":{"origin":3983,"position":5},"title":"A les tres seran les dues","author":"Pep Moliner","date":"1 de novembre de 2017","format":false,"excerpt":"Hora de canvis o millor dit avui, canvi d'hora a les tres seran les dues\u00a0 Com diem a la nostra convocat\u00f2ria, a aquest projecte tothom \u00e9s benvinguda i benvingut. Es sigui d'on es sigui, qualsevol ideologia, religi\u00f3, pais, edat, sexe i el que es busca \u00e9s el que trobem cada\u2026","rel":"","context":"A &quot;Amistat&quot;","block_context":{"text":"Amistat","link":"https:\/\/blogs.avui.cat\/pepmoliner\/category\/amistat\/"},"img":{"alt_text":"","src":"https:\/\/i0.wp.com\/blogs.avui.cat\/pepmoliner\/wp-content\/imagescaler\/936db04f9e3aa05e1011705df28fa502.gif?resize=350%2C200","width":350,"height":200},"classes":[]}],"_links":{"self":[{"href":"https:\/\/blogs.avui.cat\/pepmoliner\/wp-json\/wp\/v2\/posts\/3983","targetHints":{"allow":["GET"]}}],"collection":[{"href":"https:\/\/blogs.avui.cat\/pepmoliner\/wp-json\/wp\/v2\/posts"}],"about":[{"href":"https:\/\/blogs.avui.cat\/pepmoliner\/wp-json\/wp\/v2\/types\/post"}],"author":[{"embeddable":true,"href":"https:\/\/blogs.avui.cat\/pepmoliner\/wp-json\/wp\/v2\/users\/171"}],"replies":[{"embeddable":true,"href":"https:\/\/blogs.avui.cat\/pepmoliner\/wp-json\/wp\/v2\/comments?post=3983"}],"version-history":[{"count":6,"href":"https:\/\/blogs.avui.cat\/pepmoliner\/wp-json\/wp\/v2\/posts\/3983\/revisions"}],"predecessor-version":[{"id":3989,"href":"https:\/\/blogs.avui.cat\/pepmoliner\/wp-json\/wp\/v2\/posts\/3983\/revisions\/3989"}],"wp:attachment":[{"href":"https:\/\/blogs.avui.cat\/pepmoliner\/wp-json\/wp\/v2\/media?parent=3983"}],"wp:term":[{"taxonomy":"category","embeddable":true,"href":"https:\/\/blogs.avui.cat\/pepmoliner\/wp-json\/wp\/v2\/categories?post=3983"},{"taxonomy":"post_tag","embeddable":true,"href":"https:\/\/blogs.avui.cat\/pepmoliner\/wp-json\/wp\/v2\/tags?post=3983"}],"curies":[{"name":"wp","href":"https:\/\/api.w.org\/{rel}","templated":true}]}}