{"id":3976,"date":"2015-12-03T09:58:05","date_gmt":"2015-12-03T08:58:05","guid":{"rendered":"http:\/\/blogs.avui.cat\/pepmoliner\/?p=3976"},"modified":"2015-12-03T18:52:37","modified_gmt":"2015-12-03T17:52:37","slug":"amunt","status":"publish","type":"post","link":"https:\/\/blogs.avui.cat\/pepmoliner\/2015\/12\/03\/amunt\/","title":{"rendered":"Amunt"},"content":{"rendered":"<h3 style=\"text-align: justify\"><span class=\"postbody\" style=\"color: #800000\">Em deia la <a class=\"postlink\" style=\"color: #800000\" href=\"http:\/\/mossenhoms.netfreehost.com\/mossenhoms-post-13798.html#13798\" target=\"_blank\">Conxita<\/a> fa una setmana que anar amunt, li agrada, i just quan ella no podia venir \u00e9s quan hi an\u00e0vem. Doncs avui li dediquem la sortida, tamb\u00e9. Anar amunt \u00e9s anar a Matadepera, a Can Roure, a la Tartana i de fet no hi anem tan sovint i ves per on, dues setmanes seguides i vam saber de bastants de vosaltres, que el circuit us va agradar, tot i ser una miqueta m\u00e9s urb\u00e0. De fet Matadepera \u00e9s una poblaci\u00f3 molt i molt bonica, i la part antiga, t\u00e9 racons que ens agraden. Tamb\u00e9 la nova i la urbanitzaci\u00f3, amb habitatges de &#8220;rics&#8221; i de no tant\u2026 i d&#8217;endeutats.. Llocs per passejar, i gaudir de la tranquil\u00b7litat i molt endre\u00e7ats.<\/span><\/h3>\n<h3 style=\"text-align: justify\"><span style=\"color: #800000\">Som un grup molt gran i, tot i els diferents ritmes, veiem com tots sou for\u00e7a solidaris i anem fent un conjunt majestu\u00f3s i per on passem, se sent aquella remor de bona conversa, mentre enfortim el nostre cos amb un fant\u00e0stic entrenament.<\/span><\/h3>\n<h3 style=\"text-align: justify\"><span style=\"color: #800000\">Poder fer un traguet a la font de Can Roure, mentre pr\u00e8viament hem passat per llocs bonics, com el cam\u00ed que ens duu fins al camp de futbol del Matadepera, la pla\u00e7a de l&#8217;esgl\u00e9sia, els carrers per vianants, la pla\u00e7a Sant Jordi, Masies com la de Cant Torrella i Can Roure, i una font que sempre raja. Aix\u00f2 si; sense la vostra companyia res. Amb vosaltres no t\u00e9 punt de comparaci\u00f3. Gr\u00e0cies a totes i a tots i ens veiem aviat. A reveure.<\/span><\/h3>\n<h3 style=\"text-align: justify\"><span style=\"color: #800000\"><img data-recalc-dims=\"1\" decoding=\"async\" src=\"https:\/\/i0.wp.com\/lh3.googleusercontent.com\/-TQdzU4ZU2yE\/Vl8mlFP5GcI\/AAAAAAAAYuE\/bfQIPfoHaNU\/s800-Ic42\/005-mossenairesPB281727.JPG?ssl=1\" alt=\"\" border=\"0\" \/><\/span><br \/>\n<span style=\"color: #800000\"> La Laura de Benito, en un simp\u00e0tic moment amb la Isabel Vergara, moment en el qual ens havia dit que acceptava la nominaci\u00f3 com a la nostra flamant &#8220;Mossenaire d&#8217;Honor&#8221;<\/span><\/h3>\n<h3 style=\"text-align: justify\"><span style=\"color: #800000\"><img data-recalc-dims=\"1\" decoding=\"async\" src=\"https:\/\/i0.wp.com\/lh3.googleusercontent.com\/-JAbWz0UiTDc\/Vl8mjZvCDvI\/AAAAAAAAYtw\/KdOHC-3U6uQ\/s800-Ic42\/001-mossenairesPB281723.JPG?ssl=1\" alt=\"\" border=\"0\" \/><\/span><br \/>\n<span style=\"color: #800000\"> Al costat de la N\u00faria Masegosa <a class=\"postlink\" style=\"color: #800000\" href=\"http:\/\/mossenhoms.netfreehost.com\/mossenhoms-post-13766.html#13766\" target=\"_blank\"> &lt;link&gt; <\/a> , que des del Maig tamb\u00e9 en \u00e9s<\/span><\/h3>\n<h3 style=\"text-align: justify\"><span style=\"color: #800000\"><img data-recalc-dims=\"1\" decoding=\"async\" src=\"https:\/\/i0.wp.com\/lh3.googleusercontent.com\/-W086Oad3Gsg\/Vl8mjZ_II9I\/AAAAAAAAYt0\/aVrzpChLjuM\/s800-Ic42\/002-mossenairesPB281724.JPG?ssl=1\" alt=\"\" border=\"0\" \/><\/span><br \/>\n<span style=\"color: #800000\"> Gr\u00e0cies Laura !!<\/span><\/h3>\n<h3 style=\"text-align: justify\"><span style=\"color: #800000\"><img data-recalc-dims=\"1\" decoding=\"async\" src=\"https:\/\/i0.wp.com\/lh3.googleusercontent.com\/-7hsUM-kbgZg\/Vl8mjShVG9I\/AAAAAAAAYts\/GAWE2fMsKJw\/s800-Ic42\/003-mossenairesPB281725.JPG?ssl=1\" alt=\"\" border=\"0\" \/><\/span><br \/>\n<span style=\"color: #800000\"> Amb en Joan Forte tenim el garantit que no perdrem ning\u00fa; sempre est\u00e0 al tanto de la cua.<\/span><\/h3>\n<h3 style=\"text-align: justify\"><span style=\"color: #800000\"><img data-recalc-dims=\"1\" decoding=\"async\" src=\"https:\/\/i0.wp.com\/lh3.googleusercontent.com\/-UcOgUGxThHc\/Vl8mkatGrBI\/AAAAAAAAYt4\/4PLzcX1OKKM\/s800-Ic42\/004-mossenairesPB281726.JPG?ssl=1\" alt=\"\" border=\"0\" \/><\/span><\/h3>\n<h3 style=\"text-align: justify\"><span style=\"color: #800000\"><img data-recalc-dims=\"1\" decoding=\"async\" src=\"https:\/\/i0.wp.com\/lh3.googleusercontent.com\/-I947C-xoUlk\/Vl8mmCSjEBI\/AAAAAAAAYuc\/MdAihgrJsI0\/s800-Ic42\/006-mossenairesPB281728.JPG?ssl=1\" alt=\"\" border=\"0\" \/><\/span><br \/>\n<span style=\"color: #800000\"> Sortim?, amb la Sandra al davant<\/span><\/h3>\n<h3 style=\"text-align: justify\"><span style=\"color: #800000\"><img data-recalc-dims=\"1\" decoding=\"async\" src=\"https:\/\/i0.wp.com\/lh3.googleusercontent.com\/-YioK5ydVFfw\/Vl8mmfB_tlI\/AAAAAAAAYwQ\/QOQLa6efCEI\/s800-Ic42\/007-mossenairesPB281729.JPG?ssl=1\" alt=\"\" border=\"0\" \/><\/span><\/h3>\n<h3 style=\"text-align: justify\"><span style=\"color: #800000\"><img data-recalc-dims=\"1\" decoding=\"async\" src=\"https:\/\/i0.wp.com\/lh3.googleusercontent.com\/-juI3xCSKPg4\/Vl8mmuQaovI\/AAAAAAAAYuQ\/uPYF_QmbEDI\/s800-Ic42\/008-mossenairesPB281730.JPG?ssl=1\" alt=\"\" border=\"0\" \/><\/span><br \/>\n<span style=\"color: #800000\"> I ben just arriba, l&#8217;Elisabet, que per temes de feina arriba al moment per estar amb tots vosaltres.<\/span><\/h3>\n<h3 style=\"text-align: justify\"><span style=\"color: #800000\"><img data-recalc-dims=\"1\" decoding=\"async\" src=\"https:\/\/i0.wp.com\/lh3.googleusercontent.com\/-QHnhfGP4P6E\/Vl8mnSFpq6I\/AAAAAAAAYwc\/zdeljE8X-r8\/s800-Ic42\/009-mossenairesPB281731.JPG?ssl=1\" alt=\"\" border=\"0\" \/><\/span><\/h3>\n<h3 style=\"text-align: justify\"><span style=\"color: #800000\"><img data-recalc-dims=\"1\" decoding=\"async\" src=\"https:\/\/i0.wp.com\/lh3.googleusercontent.com\/-fkSJkRE6M4Q\/Vl8moax6ROI\/AAAAAAAAYuo\/nA3Z35g-nIE\/s800-Ic42\/010-mossenairesPB281732.JPG?ssl=1\" alt=\"\" border=\"0\" \/><\/span><\/h3>\n<h3 style=\"text-align: justify\"><span style=\"color: #800000\"><img data-recalc-dims=\"1\" decoding=\"async\" src=\"https:\/\/i0.wp.com\/lh3.googleusercontent.com\/-sSCUAy0-jcM\/Vl8mo9dWWII\/AAAAAAAAYus\/blKshOoLfhU\/s800-Ic42\/011-mossenairesPB281733.JPG?ssl=1\" alt=\"\" border=\"0\" \/><\/span><\/h3>\n<h3 style=\"text-align: justify\"><span style=\"color: #800000\"><img data-recalc-dims=\"1\" decoding=\"async\" src=\"https:\/\/i0.wp.com\/lh3.googleusercontent.com\/-8E7Y4ncTw8k\/Vl8mpslS94I\/AAAAAAAAYu0\/YKuPvhj93xs\/s800-Ic42\/012-mossenairesPB281734.JPG?ssl=1\" alt=\"\" border=\"0\" \/><\/span><\/h3>\n<h3 style=\"text-align: justify\"><span style=\"color: #800000\"><img data-recalc-dims=\"1\" decoding=\"async\" src=\"https:\/\/i0.wp.com\/lh3.googleusercontent.com\/-W6yKVBbOoW4\/Vl8mqahCazI\/AAAAAAAAYu4\/gMN65AcRgeQ\/s800-Ic42\/013-mossenairesPB281735.JPG?ssl=1\" alt=\"\" border=\"0\" \/><\/span><\/h3>\n<h3 style=\"text-align: justify\"><span style=\"color: #800000\"><img data-recalc-dims=\"1\" decoding=\"async\" src=\"https:\/\/i0.wp.com\/lh3.googleusercontent.com\/-mTSWPxS2wOM\/Vl8msPIaVNI\/AAAAAAAAYvo\/qcey2Aow9RQ\/s800-Ic42\/014-mossenairesPB281736.JPG?ssl=1\" alt=\"\" border=\"0\" \/><\/span><\/h3>\n<h3 style=\"text-align: justify\"><span style=\"color: #800000\"><img data-recalc-dims=\"1\" decoding=\"async\" src=\"https:\/\/i0.wp.com\/lh3.googleusercontent.com\/-1HfvV8V4UiU\/Vl8mroXCQXI\/AAAAAAAAYvI\/5cIsRs7KcdE\/s800-Ic42\/015-mossenairesPB281737.JPG?ssl=1\" alt=\"\" border=\"0\" \/><\/span><br \/>\n<span style=\"color: #800000\"> El primer raig de sol, i la nostra imponent Mola; all\u00e0!<\/span><\/h3>\n<h3 style=\"text-align: justify\"><span style=\"color: #800000\"><img data-recalc-dims=\"1\" decoding=\"async\" src=\"https:\/\/i0.wp.com\/lh3.googleusercontent.com\/-v5PZZDngcyM\/Vl8msXcTpaI\/AAAAAAAAYvM\/lblNq6vZZ3M\/s800-Ic42\/016-mossenairesPB281738.JPG?ssl=1\" alt=\"\" border=\"0\" \/><\/span><\/h3>\n<h3 style=\"text-align: justify\"><span style=\"color: #800000\"><img data-recalc-dims=\"1\" decoding=\"async\" src=\"https:\/\/i0.wp.com\/lh3.googleusercontent.com\/-Hc69bhlGYiw\/Vl8ms6ufMAI\/AAAAAAAAYvg\/0A3G5mZHbng\/s800-Ic42\/017-mossenairesPB281739.JPG?ssl=1\" alt=\"\" border=\"0\" \/><\/span><br \/>\n<span style=\"color: #800000\"> I un dia molt especial per a tothom que \u00e9s &#8220;Mossenaire d&#8217;honor&#8221; i que nom\u00e9s se n&#8217;\u00e9s un cop a la vida, com avui n&#8217;\u00e9s la Laura de Benito<\/span><\/h3>\n<h3 style=\"text-align: justify\"><span style=\"color: #800000\"><img data-recalc-dims=\"1\" decoding=\"async\" src=\"https:\/\/i0.wp.com\/lh3.googleusercontent.com\/-N1-mWoJdP8s\/Vl8mtRZI__I\/AAAAAAAAYvc\/oDiFsIjv-vA\/s800-Ic42\/018-mossenairesPB281740.JPG?ssl=1\" alt=\"\" border=\"0\" \/><\/span><br \/>\n<span style=\"color: #800000\"> David i en Marc, al capdavant<\/span><\/h3>\n<h3 style=\"text-align: justify\"><span style=\"color: #800000\"><img data-recalc-dims=\"1\" decoding=\"async\" src=\"https:\/\/i0.wp.com\/lh3.googleusercontent.com\/-4Y2P5ZRe8Qs\/Vl8mtnQxHeI\/AAAAAAAAY7I\/cdqt0hAJeP4\/s800-Ic42\/019-mossenairesPB281741.JPG?ssl=1\" alt=\"\" border=\"0\" \/><\/span><\/h3>\n<h3 style=\"text-align: justify\"><span style=\"color: #800000\"><img data-recalc-dims=\"1\" decoding=\"async\" src=\"https:\/\/i0.wp.com\/lh3.googleusercontent.com\/-rYq-36gVDI4\/Vl8mukFrWHI\/AAAAAAAAYzY\/XOAcf5X1PMw\/s800-Ic42\/020-mossenairesPB281742.JPG?ssl=1\" alt=\"\" border=\"0\" \/><\/span><br \/>\n<span style=\"color: #800000\"> I per no desfer el grup, calen uns bons reagrupaments, que si no es vol refredar-se es poden fer anant a la cua, o b\u00e9 fent-la petar, que tamb\u00e9 val la pena<\/span><\/h3>\n<h3 style=\"text-align: justify\"><span style=\"color: #800000\"><img data-recalc-dims=\"1\" decoding=\"async\" src=\"https:\/\/i0.wp.com\/lh3.googleusercontent.com\/-XW1zeV1GlbA\/Vl8muz8An0I\/AAAAAAAAYv4\/cL9DqmB70h8\/s800-Ic42\/021-mossenairesPB281743.JPG?ssl=1\" alt=\"\" border=\"0\" \/><\/span><br \/>\n<span style=\"color: #800000\"> Com fan en Diego i en Miquel<\/span><\/h3>\n<h3 style=\"text-align: justify\"><span style=\"color: #800000\"><img data-recalc-dims=\"1\" decoding=\"async\" src=\"https:\/\/i0.wp.com\/lh3.googleusercontent.com\/-9K0QL5fTT5A\/Vl8mvVjD96I\/AAAAAAAAY1k\/FZPPgY-PMO4\/s800-Ic42\/022-mossenairesPB281744.JPG?ssl=1\" alt=\"\" border=\"0\" \/><\/span><\/h3>\n<h3 style=\"text-align: justify\"><span style=\"color: #800000\"><img data-recalc-dims=\"1\" decoding=\"async\" src=\"https:\/\/i0.wp.com\/lh3.googleusercontent.com\/-0nPo6aK9cOo\/Vl8mv3ghXqI\/AAAAAAAAYwE\/K3lpX0aRJxU\/s800-Ic42\/023-mossenairesPB281745.JPG?ssl=1\" alt=\"\" border=\"0\" \/><\/span><br \/>\n<span style=\"color: #800000\"> Un grup magn\u00edficament endre\u00e7at, fruit de molts anys de fer les mateixes coses i gaudir fent-les. Gr\u00e0cies amigues i amics.<\/span><\/h3>\n<h3 style=\"text-align: justify\"><span style=\"color: #800000\"><img data-recalc-dims=\"1\" decoding=\"async\" src=\"https:\/\/i0.wp.com\/lh3.googleusercontent.com\/-q-aiiD9MhOQ\/Vl8mwzDe62I\/AAAAAAAAY5g\/fj0xASiGTxQ\/s800-Ic42\/024-mossenairesPB281746.JPG?ssl=1\" alt=\"\" border=\"0\" \/><\/span><br \/>\n<span style=\"color: #800000\"> I el grup &#8220;Mossenaire&#8221;, d&#8217;endinsa pel bell poble de Matadepera<\/span><\/h3>\n<h3 style=\"text-align: justify\"><span style=\"color: #800000\"><img data-recalc-dims=\"1\" decoding=\"async\" src=\"https:\/\/i0.wp.com\/lh3.googleusercontent.com\/-KYyomHJHSWQ\/Vl8mxAH8WQI\/AAAAAAAAY7I\/VGCbrKxrE8k\/s800-Ic42\/025-mossenairesPB281747.JPG?ssl=1\" alt=\"\" border=\"0\" \/><\/span><\/h3>\n<h3 style=\"text-align: justify\"><span style=\"color: #800000\"><img data-recalc-dims=\"1\" decoding=\"async\" src=\"https:\/\/i0.wp.com\/lh3.googleusercontent.com\/-s4XG08-jOnM\/Vl8mxZK_DQI\/AAAAAAAAYws\/bdTswmbqX9M\/s800-Ic42\/026-mossenairesPB281748.JPG?ssl=1\" alt=\"\" border=\"0\" \/><\/span><br \/>\n<span style=\"color: #800000\"> I torna a reagrupar-se una i un altra vegada, per fer-se costat i gaudir plegats<\/span><\/h3>\n<h3 style=\"text-align: justify\"><span style=\"color: #800000\"><img data-recalc-dims=\"1\" decoding=\"async\" src=\"https:\/\/i0.wp.com\/lh3.googleusercontent.com\/-YHHiOts1I3c\/Vl8mx7HlCII\/AAAAAAAAYwY\/jM32gyudhd0\/s800-Ic42\/027-mossenairesPB281749.JPG?ssl=1\" alt=\"\" border=\"0\" \/><\/span><\/h3>\n<h3 style=\"text-align: justify\"><span style=\"color: #800000\">I a la pla\u00e7a de l&#8217;esgl\u00e9sia, la de Sant Joan Baptista<\/span><\/h3>\n<h3 style=\"text-align: justify\"><span style=\"color: #800000\"><img data-recalc-dims=\"1\" decoding=\"async\" src=\"https:\/\/i0.wp.com\/lh3.googleusercontent.com\/-q5go5pJgt5k\/Vl8my7AHYMI\/AAAAAAAAYyI\/TFTsNhCjWxM\/s800-Ic42\/028-mossenairesPB281750.JPG?ssl=1\" alt=\"\" border=\"0\" \/><\/span><\/h3>\n<h3 style=\"text-align: justify\"><span style=\"color: #800000\"><img data-recalc-dims=\"1\" decoding=\"async\" src=\"https:\/\/i0.wp.com\/lh3.googleusercontent.com\/-q5go5pJgt5k\/Vl8my7AHYMI\/AAAAAAAAYyI\/TFTsNhCjWxM\/s800-Ic42\/028-mossenairesPB281750.JPG?ssl=1\" alt=\"\" border=\"0\" \/><\/span><br \/>\n<span style=\"color: #800000\"> I seguim pel carrer Sant Joan, pel bell mig del poble, tothom ben avingut i contents<\/span><\/h3>\n<h3 style=\"text-align: justify\"><span style=\"color: #800000\"><img data-recalc-dims=\"1\" decoding=\"async\" src=\"https:\/\/i0.wp.com\/lh3.googleusercontent.com\/-tiF45I5yy8U\/Vl8mypd0mcI\/AAAAAAAAYww\/FP62WKIgp3c\/s800-Ic42\/029-mossenairesPB281751.JPG?ssl=1\" alt=\"\" border=\"0\" \/><\/span><\/h3>\n<h3 style=\"text-align: justify\"><span style=\"color: #800000\"><img data-recalc-dims=\"1\" decoding=\"async\" src=\"https:\/\/i0.wp.com\/lh3.googleusercontent.com\/-vpOCyJ1Mis8\/Vl8mzLRAglI\/AAAAAAAAYxA\/YhB9met5Qjw\/s800-Ic42\/030-mossenairesPB281752.JPG?ssl=1\" alt=\"\" border=\"0\" \/><\/span><\/h3>\n<h3 style=\"text-align: justify\"><span style=\"color: #800000\"><img data-recalc-dims=\"1\" decoding=\"async\" src=\"https:\/\/i0.wp.com\/lh3.googleusercontent.com\/-9EAGHkWFIdQ\/Vl8m0Rza43I\/AAAAAAAAY0g\/EUpnOhhh6vU\/s800-Ic42\/031-mossenairesPB281753.JPG?ssl=1\" alt=\"\" border=\"0\" \/><\/span><br \/>\n<span style=\"color: #800000\"> I travessem per la pla\u00e7a de Sant Jordi<\/span><\/h3>\n<h3 style=\"text-align: justify\"><span style=\"color: #800000\"><img data-recalc-dims=\"1\" decoding=\"async\" src=\"https:\/\/i0.wp.com\/lh3.googleusercontent.com\/-Mnz-D6tuBtI\/Vl8m0su775I\/AAAAAAAAYxI\/RdGOmf6mlwY\/s800-Ic42\/032-mossenairesPB281754.JPG?ssl=1\" alt=\"\" border=\"0\" \/><\/span><\/h3>\n<h3 style=\"text-align: justify\"><span style=\"color: #800000\"><img data-recalc-dims=\"1\" decoding=\"async\" src=\"https:\/\/i0.wp.com\/lh3.googleusercontent.com\/-r3OT6QOFnd4\/Vl8m0kPzbKI\/AAAAAAAAYxY\/LLdp0t7qcsc\/s800-Ic42\/033-mossenairesPB281755.JPG?ssl=1\" alt=\"\" border=\"0\" \/><\/span><br \/>\n<span style=\"color: #800000\"> I la Laura, nominada,<\/span><\/h3>\n<h3 style=\"text-align: justify\"><span style=\"color: #800000\"><img data-recalc-dims=\"1\" decoding=\"async\" src=\"https:\/\/i0.wp.com\/lh3.googleusercontent.com\/-lp2ZFVGu9ME\/Vl8m1ZGlEvI\/AAAAAAAAYxk\/kkQu7o7dy-U\/s800-Ic42\/034-mossenairesPB281756.JPG?ssl=1\" alt=\"\" border=\"0\" \/><\/span><br \/>\n<span style=\"color: #800000\"> Al costat d&#8217;en Guille.<\/span><\/h3>\n<h3 style=\"text-align: justify\"><span style=\"color: #800000\"><img data-recalc-dims=\"1\" decoding=\"async\" src=\"https:\/\/i0.wp.com\/lh3.googleusercontent.com\/-SHDy2q8Xxjg\/Vl8m2HfvjeI\/AAAAAAAAYxg\/C4IUDl-aUFk\/s800-Ic42\/035-mossenairesPB281757.JPG?ssl=1\" alt=\"\" border=\"0\" \/><\/span><br \/>\n<span style=\"color: #800000\"> En Nacho, passa just i amb aquesta cara de sorpresa<\/span><\/h3>\n<h3 style=\"text-align: justify\"><span style=\"color: #800000\"><img data-recalc-dims=\"1\" decoding=\"async\" src=\"https:\/\/i0.wp.com\/lh3.googleusercontent.com\/-uAmhPcYeHuQ\/Vl8m2XClQTI\/AAAAAAAAYxo\/IR9XmA2lCdE\/s800-Ic42\/036-mossenairesPB281758.JPG?ssl=1\" alt=\"\" border=\"0\" \/><\/span><br \/>\n<span style=\"color: #800000\"> Juanjo, que us aprecia com el que m\u00e9s, no es vol perdre un entrenament amb tan bones vibracions<\/span><\/h3>\n<h3 style=\"text-align: justify\"><span style=\"color: #800000\"><img data-recalc-dims=\"1\" decoding=\"async\" src=\"https:\/\/i0.wp.com\/lh3.googleusercontent.com\/-hBu_oGZ9HmE\/Vl8m2yWCbiI\/AAAAAAAAY5g\/KvrD2ZvvvXU\/s800-Ic42\/037-mossenairesPB281759.JPG?ssl=1\" alt=\"\" border=\"0\" \/><\/span><\/h3>\n<h3 style=\"text-align: justify\"><span style=\"color: #800000\"><img data-recalc-dims=\"1\" decoding=\"async\" src=\"https:\/\/i0.wp.com\/lh3.googleusercontent.com\/-OBH4jMG_M7I\/Vl8m37Fk7pI\/AAAAAAAAY5U\/iVEHggQB_pk\/s800-Ic42\/038-mossenairesPB281760.JPG?ssl=1\" alt=\"\" border=\"0\" \/><\/span><br \/>\n<span style=\"color: #800000\"> I amb la Laura, reagrupant-se de nou, l&#8217;Eva, la N\u00faria i la Isa<\/span><\/h3>\n<h3 style=\"text-align: justify\"><span style=\"color: #800000\"><img data-recalc-dims=\"1\" decoding=\"async\" src=\"https:\/\/i0.wp.com\/lh3.googleusercontent.com\/-LLVl9RzgE-Q\/Vl8m4eeaZdI\/AAAAAAAAYyc\/P0kTpG_LrDY\/s800-Ic42\/039-mossenairesPB281761.JPG?ssl=1\" alt=\"\" border=\"0\" \/><\/span><br \/>\n<span style=\"color: #800000\"> I el moment mossenaire: quan arriba la cua: tots aquells que van amunt i avall.<\/span><\/h3>\n<h3 style=\"text-align: justify\"><span style=\"color: #800000\"><img data-recalc-dims=\"1\" decoding=\"async\" src=\"https:\/\/i0.wp.com\/lh3.googleusercontent.com\/-LP-YK0Dg1jE\/Vl8m4UmJLDI\/AAAAAAAAYzQ\/z17kggNMKRc\/s800-Ic42\/040-mossenairesPB281762.JPG?ssl=1\" alt=\"\" border=\"0\" \/><\/span><br \/>\n<span style=\"color: #800000\"> En Javier, que a pesar de patir una lesi\u00f3 que no el deixa fer all\u00f2 que m\u00e9s li agrada, torna a fer-vos costat i ha vingut. Confessava que ha tingut agulletes<\/span><\/h3>\n<h3 style=\"text-align: justify\"><span style=\"color: #800000\"><img data-recalc-dims=\"1\" decoding=\"async\" src=\"https:\/\/i0.wp.com\/lh3.googleusercontent.com\/-drn0TAwm0oc\/Vl8m5bzbp_I\/AAAAAAAAYyQ\/FGksDUHa1-g\/s800-Ic42\/041-mossenairesPB281763.JPG?ssl=1\" alt=\"\" border=\"0\" \/><\/span><br \/>\n<span style=\"color: #800000\"> Passem per la masia de Cant Torrella, alhora ara Restaurant,<\/span><\/h3>\n<h3 style=\"text-align: justify\"><span style=\"color: #800000\"><img data-recalc-dims=\"1\" decoding=\"async\" src=\"https:\/\/i0.wp.com\/lh3.googleusercontent.com\/-n64-qoT9r18\/Vl8m6CLWXhI\/AAAAAAAAYyU\/NXSItHIg1wE\/s800-Ic42\/042-mossenairesPB281764.JPG?ssl=1\" alt=\"\" border=\"0\" \/><\/span><br \/>\n<span style=\"color: #800000\"> Dues bones amistats. En Miguel i l&#8217;Eva i amb cara de circumst\u00e0ncies, en Sherlock, que no sabem si ben b\u00e9 sap que estem fent-li una fotografia de bon record.<\/span><\/h3>\n<h3 style=\"text-align: justify\"><span style=\"color: #800000\"><img data-recalc-dims=\"1\" decoding=\"async\" src=\"https:\/\/i0.wp.com\/lh3.googleusercontent.com\/-uX_-BoPLw8w\/Vl8m5wCvj0I\/AAAAAAAAYzA\/N5u2bhfTRbU\/s800-Ic42\/043-mossenairesPB281765.JPG?ssl=1\" alt=\"\" border=\"0\" \/><\/span><\/h3>\n<h3 style=\"text-align: justify\"><span style=\"color: #800000\"><img data-recalc-dims=\"1\" decoding=\"async\" src=\"https:\/\/i0.wp.com\/lh3.googleusercontent.com\/-BT4Dt0PkDec\/Vl8m7C6y7aI\/AAAAAAAAYyk\/Rd25rKj4y4k\/s800-Ic42\/044-mossenairesPB281766.JPG?ssl=1\" alt=\"\" border=\"0\" \/><\/span><\/h3>\n<h3 style=\"text-align: justify\"><span style=\"color: #800000\"><img data-recalc-dims=\"1\" decoding=\"async\" src=\"https:\/\/i0.wp.com\/lh3.googleusercontent.com\/-JBRtb1_8yYU\/Vl8m8BnD7HI\/AAAAAAAAYys\/qLgN9GeArt4\/s800-Ic42\/045-mossenairesPB281767.JPG?ssl=1\" alt=\"\" border=\"0\" \/><\/span><\/h3>\n<h3 style=\"text-align: justify\"><span style=\"color: #800000\"><img data-recalc-dims=\"1\" decoding=\"async\" src=\"https:\/\/i0.wp.com\/lh3.googleusercontent.com\/-JK1AJinn3d8\/Vl8m8FIo7XI\/AAAAAAAAYyw\/ttDkt7S2YcU\/s800-Ic42\/046-mossenairesPB281768.JPG?ssl=1\" alt=\"\" border=\"0\" \/><\/span><\/h3>\n<h3 style=\"text-align: justify\"><span style=\"color: #800000\"><img data-recalc-dims=\"1\" decoding=\"async\" src=\"https:\/\/i0.wp.com\/lh3.googleusercontent.com\/-3sWwnFfGBLg\/Vl8m88TNPXI\/AAAAAAAAYy0\/fqJNyPaK_Dc\/s800-Ic42\/047-mossenairesPB281769.JPG?ssl=1\" alt=\"\" border=\"0\" \/><\/span><br \/>\n<span style=\"color: #800000\"> I amb vistes molt boniques, amb la zona de Can Roure i la seva esgl\u00e9sia i tamb\u00e9 el cementiri<\/span><\/h3>\n<h3 style=\"text-align: justify\"><span style=\"color: #800000\"><img data-recalc-dims=\"1\" decoding=\"async\" src=\"https:\/\/i0.wp.com\/lh3.googleusercontent.com\/-Ed4RlYvSYAE\/Vl8m9lOqJpI\/AAAAAAAAY0k\/qTqq7MwuFGo\/s800-Ic42\/048-mossenairesPB281770.JPG?ssl=1\" alt=\"\" border=\"0\" \/><\/span><\/h3>\n<h3 style=\"text-align: justify\"><span style=\"color: #800000\"><img data-recalc-dims=\"1\" decoding=\"async\" src=\"https:\/\/i0.wp.com\/lh3.googleusercontent.com\/-cMQHFtoSM14\/Vl8m-W3QWlI\/AAAAAAAAYzI\/uGSrn0bSxqI\/s800-Ic42\/049-mossenairesPB281771.JPG?ssl=1\" alt=\"\" border=\"0\" \/><\/span><\/h3>\n<h3 style=\"text-align: justify\"><span style=\"color: #800000\">I ara els moments que m\u00e9s ens uneixen, quan tots fem la fotografia de familia i coneixem als nous, a la &#8220;Mossenaire d&#8217;honor&#8221; i m\u00e9s coses<\/span><\/h3>\n<h3 style=\"text-align: justify\"><span style=\"color: #800000\"><img data-recalc-dims=\"1\" decoding=\"async\" src=\"https:\/\/i0.wp.com\/lh3.googleusercontent.com\/-NjpE3dUhG7w\/Vl8m_PcPweI\/AAAAAAAAYzo\/Fa0rVGwbEJQ\/s800-Ic42\/051-mossenairesPB281773.JPG?ssl=1\" alt=\"\" border=\"0\" \/><\/span><\/h3>\n<h3 style=\"text-align: justify\"><span style=\"color: #800000\"><img data-recalc-dims=\"1\" decoding=\"async\" src=\"https:\/\/i0.wp.com\/lh3.googleusercontent.com\/-0wlIiU5MOsI\/Vl8m_lK9xDI\/AAAAAAAAYz0\/6h_n_-mMQ4U\/s800-Ic42\/052-mossenairesPB281774.JPG?ssl=1\" alt=\"\" border=\"0\" \/><\/span><br \/>\n<span style=\"color: #800000\"> Mentre ens anem situant<\/span><\/h3>\n<h3 style=\"text-align: justify\"><span style=\"color: #800000\"><img data-recalc-dims=\"1\" decoding=\"async\" src=\"https:\/\/i0.wp.com\/lh3.googleusercontent.com\/-YK3d-FtFkBo\/Vl8m_4xmyjI\/AAAAAAAAY7A\/o7khyRyy6qw\/s800-Ic42\/053-mossenairesPB281775.JPG?ssl=1\" alt=\"\" border=\"0\" \/><\/span><br \/>\n<span style=\"color: #800000\"> Ara ens toca con\u00e8ixer als nous mossenaires<\/span><\/h3>\n<h3 style=\"text-align: justify\"><span style=\"color: #800000\"><img data-recalc-dims=\"1\" decoding=\"async\" src=\"https:\/\/i0.wp.com\/lh3.googleusercontent.com\/-i3FZj66tm_E\/Vl8nAhRTJ9I\/AAAAAAAAYzs\/PMIlXE_IaoE\/s800-Ic42\/054-mossenairesPB281776.JPG?ssl=1\" alt=\"\" border=\"0\" \/><\/span><br \/>\n<span style=\"color: #800000\"> Aqu\u00ed els tenim: esperem anar-vos veient i coneixent-vos pels noms, que ara no sabem. Segur que si, que ens veurem per la bona cara que feu.<\/span><\/h3>\n<h3 style=\"text-align: justify\"><span style=\"color: #800000\"><img data-recalc-dims=\"1\" decoding=\"async\" src=\"https:\/\/i0.wp.com\/lh3.googleusercontent.com\/-f4dcxf2ahQk\/Vl8nBEBJEtI\/AAAAAAAAY0I\/lrHeXPxQMPI\/s800-Ic42\/055-mossenairesPB281777.JPG?ssl=1\" alt=\"\" border=\"0\" \/><\/span><\/h3>\n<h3 style=\"text-align: justify\"><span style=\"color: #800000\"><img data-recalc-dims=\"1\" decoding=\"async\" src=\"https:\/\/i0.wp.com\/lh3.googleusercontent.com\/-nN8DuAyld-k\/Vl8nBzZ3BNI\/AAAAAAAAY5g\/k0fBMBYEEYM\/s800-Ic42\/056-mossenairesPB281778.JPG?ssl=1\" alt=\"\" border=\"0\" \/><\/span><\/h3>\n<h3 style=\"text-align: justify\"><span style=\"color: #800000\"><img data-recalc-dims=\"1\" decoding=\"async\" src=\"https:\/\/i0.wp.com\/lh3.googleusercontent.com\/-1GbGb5yOryc\/Vl8nCFwq_1I\/AAAAAAAAY0Y\/39hbXFGI-9w\/s800-Ic42\/057-mossenairesPB281779.JPG?ssl=1\" alt=\"\" border=\"0\" \/><\/span><\/h3>\n<h3 style=\"text-align: justify\"><span style=\"color: #800000\"><img data-recalc-dims=\"1\" decoding=\"async\" src=\"https:\/\/i0.wp.com\/lh3.googleusercontent.com\/-A1c-aZx12m8\/Vl8nCtzrtCI\/AAAAAAAAY0M\/sU4AG945tfA\/s800-Ic42\/058-mossenairesPB281780.JPG?ssl=1\" alt=\"\" border=\"0\" \/><\/span><\/h3>\n<h3 style=\"text-align: justify\"><span style=\"color: #800000\"><img data-recalc-dims=\"1\" decoding=\"async\" src=\"https:\/\/i0.wp.com\/lh3.googleusercontent.com\/-dFtkfwL60Ao\/Vl8nDNuNsdI\/AAAAAAAAY0Q\/LSPf2-LNlYk\/s800-Ic42\/059-mossenairesPB281781.JPG?ssl=1\" alt=\"\" border=\"0\" \/><\/span><br \/>\n<span style=\"color: #800000\"> I succesi\u00f3 d&#8217;instant\u00e0nies per donar a con\u00e8ixer a la nostra nominada i ara proclamada &#8220;Mossenaire d&#8217;honor&#8221; la Laura de Benito. Moltes gr\u00e0cies!!<\/span><\/h3>\n<h3 style=\"text-align: justify\"><span style=\"color: #800000\"><img data-recalc-dims=\"1\" decoding=\"async\" src=\"https:\/\/i0.wp.com\/lh3.googleusercontent.com\/-pNZ1w8TrUss\/Vl8nDxl4UTI\/AAAAAAAAY0c\/0SphvuRmlcQ\/s800-Ic42\/060-mossenairesPB281782.JPG?ssl=1\" alt=\"\" border=\"0\" \/><\/span><\/h3>\n<h3 style=\"text-align: justify\"><span style=\"color: #800000\"><img data-recalc-dims=\"1\" decoding=\"async\" src=\"https:\/\/i0.wp.com\/lh3.googleusercontent.com\/-VL-ig8uo6Y8\/Vl8nE8Tw59I\/AAAAAAAAY04\/YD3kWYbkpE4\/s800-Ic42\/061-mossenairesPB281783.JPG?ssl=1\" alt=\"\" border=\"0\" \/><\/span><br \/>\n<span style=\"color: #800000\"> l&#8217;Emilio S\u00e1nchez, que est\u00e0 al darrera i junt amb m\u00e9s gent que l&#8217;acompanya, de la &#8220;Runeada de Sant Silvestre&#8221; a Terrassa i que ens donava la prim\u00edcia que ja tenen tots els permisos i que enguany es <\/span><span style=\"color: #800000\">tornar\u00e0 a fer aquesta trobada que ja ve sent tradicional i molt important en el panorama social. C\u00f3rrer en un dia tan assenyalat. Vol dir que aneu-vos reservant el dia 31 de desembre a les 18:00 per anar a fer un tomb tot corrent pels carrers de la nostra ciutat.<\/span><\/h3>\n<h3 style=\"text-align: justify\"><span style=\"color: #800000\"><img data-recalc-dims=\"1\" decoding=\"async\" src=\"https:\/\/i0.wp.com\/lh3.googleusercontent.com\/-u2XymBS5JW4\/Vl8nGmP1TsI\/AAAAAAAAY7A\/AflRP3EsXb8\/s1600-Ic42\/062-mossenairesPB281785a.JPG?ssl=1\" alt=\"\" border=\"0\" \/><\/span><br \/>\n<span style=\"color: #800000\"> I a Can Roure i amb una fotografia feta per primera vegada en aquest indret tan bonic de Terrassa.<\/span><\/h3>\n<h3 style=\"text-align: justify\"><span style=\"color: #800000\"><img data-recalc-dims=\"1\" decoding=\"async\" src=\"https:\/\/i0.wp.com\/lh3.googleusercontent.com\/-PhmVIGtcl88\/Vl8nGBiujOI\/AAAAAAAAY00\/tXM8On7SzUk\/s800-Ic42\/063-mossenairesPB281786.JPG?ssl=1\" alt=\"\" border=\"0\" \/><\/span><\/h3>\n<h3 style=\"text-align: justify\"><span style=\"color: #800000\"><img data-recalc-dims=\"1\" decoding=\"async\" src=\"https:\/\/i0.wp.com\/lh3.googleusercontent.com\/-_9JvDINNXsk\/Vl8nHn0jMYI\/AAAAAAAAY14\/bhdOIZS6jjU\/s800-Ic42\/064-mossenairesPB281787.JPG?ssl=1\" alt=\"\" border=\"0\" \/><\/span><\/h3>\n<h3 style=\"text-align: justify\"><span style=\"color: #800000\"><img data-recalc-dims=\"1\" decoding=\"async\" src=\"https:\/\/i0.wp.com\/lh3.googleusercontent.com\/-SyBNt68Ivss\/Vl8nIGc9DtI\/AAAAAAAAY1o\/fq1tIz14GFM\/s800-Ic42\/065-mossenairesPB281788.JPG?ssl=1\" alt=\"\" border=\"0\" \/><\/span><\/h3>\n<h3 style=\"text-align: justify\"><span style=\"color: #800000\"><img data-recalc-dims=\"1\" decoding=\"async\" src=\"https:\/\/i0.wp.com\/lh3.googleusercontent.com\/-qeX-BWRC0Ks\/Vl8nIWJ9fQI\/AAAAAAAAY5w\/axAxKeYxIcY\/s800-Ic42\/066-mossenairesPB281789.JPG?ssl=1\" alt=\"\" border=\"0\" \/><\/span><\/h3>\n<h3 style=\"text-align: justify\"><span style=\"color: #800000\"><img data-recalc-dims=\"1\" decoding=\"async\" src=\"https:\/\/i0.wp.com\/lh3.googleusercontent.com\/-YY4BAn7zrSM\/Vl8nKWfEjXI\/AAAAAAAAY1s\/drS6k1awZX8\/s800-Ic42\/067-mossenairesPB281790.JPG?ssl=1\" alt=\"\" border=\"0\" \/><\/span><\/h3>\n<h3 style=\"text-align: justify\"><span style=\"color: #800000\">Com veieu no ens cansem de retratar-vos, veient aquestes cares de satisfacci\u00f3 i sembla que si, si. Realment aquests entrenaments us senten b\u00e9<\/span><\/h3>\n<h3 style=\"text-align: justify\"><span style=\"color: #800000\"><img data-recalc-dims=\"1\" decoding=\"async\" src=\"https:\/\/i0.wp.com\/lh3.googleusercontent.com\/-GiIMfBqhl5U\/Vl8nK_nuToI\/AAAAAAAAY1U\/mGq9soBUVLE\/s800-Ic42\/068-mossenairesPB281791.JPG?ssl=1\" alt=\"\" border=\"0\" \/><\/span><br \/>\n<span style=\"color: #800000\"> I els m\u00e9s agosarats accepten el repte de fer un progressiu en un lloc de bona pujada: l&#8217;Isaac, l&#8217;Elisabet i en Westermeyer<\/span><\/h3>\n<h3 style=\"text-align: justify\"><span style=\"color: #800000\"><img data-recalc-dims=\"1\" decoding=\"async\" src=\"https:\/\/i0.wp.com\/lh3.googleusercontent.com\/-Fs4MHwH699E\/Vl8nLKf0beI\/AAAAAAAAY1g\/8UA_Dulk9sA\/s800-Ic42\/069-mossenairesPB281792.JPG?ssl=1\" alt=\"\" border=\"0\" \/><\/span><br \/>\n<span style=\"color: #800000\"> Tothom fent un bon esfor\u00e7 en plena pujada, com en Marc i en David<\/span><\/h3>\n<h3 style=\"text-align: justify\"><span style=\"color: #800000\"><img data-recalc-dims=\"1\" decoding=\"async\" src=\"https:\/\/i0.wp.com\/lh3.googleusercontent.com\/-YB9kv2NYzBE\/Vl8nL7zXO4I\/AAAAAAAAY3k\/FU10y8dI8po\/s800-Ic42\/070-mossenairesPB281793.JPG?ssl=1\" alt=\"\" border=\"0\" \/><\/span><br \/>\n<span style=\"color: #800000\"> Com l&#8217;Oriol,<\/span><\/h3>\n<h3 style=\"text-align: justify\"><span style=\"color: #800000\"><img data-recalc-dims=\"1\" decoding=\"async\" src=\"https:\/\/i0.wp.com\/lh3.googleusercontent.com\/-Qyj1w0hpdWU\/Vl8nM0l8HjI\/AAAAAAAAY2A\/K-3fWTthuOc\/s800-Ic42\/071-mossenairesPB281794.JPG?ssl=1\" alt=\"\" border=\"0\" \/><\/span><\/h3>\n<h3 style=\"text-align: justify\"><span style=\"color: #800000\"><img data-recalc-dims=\"1\" decoding=\"async\" src=\"https:\/\/i0.wp.com\/lh3.googleusercontent.com\/-fdCQLfp0C1Q\/Vl8nNb4I21I\/AAAAAAAAY40\/SK2whvYmS_w\/s800-Ic42\/072-mossenairesPB281795.JPG?ssl=1\" alt=\"\" border=\"0\" \/><\/span><\/h3>\n<h3 style=\"text-align: justify\"><span style=\"color: #800000\"><img data-recalc-dims=\"1\" decoding=\"async\" src=\"https:\/\/i0.wp.com\/lh3.googleusercontent.com\/-5gBZrGStqiE\/Vl8nN2ptm9I\/AAAAAAAAY2I\/WJ0ar4mZcos\/s800-Ic42\/073-mossenairesPB281796.JPG?ssl=1\" alt=\"\" border=\"0\" \/><\/span><br \/>\n<span style=\"color: #800000\"> I la Laura i el seu dia. Amb quina facilitat fa la pujada. Ara llegireu al final, el seu fant\u00e0stic escrit.<\/span><\/h3>\n<h3 style=\"text-align: justify\"><span style=\"color: #800000\"><img data-recalc-dims=\"1\" decoding=\"async\" src=\"https:\/\/i0.wp.com\/lh3.googleusercontent.com\/-FOZJF5tMNUg\/Vl8nOQ4Y1qI\/AAAAAAAAY2Q\/gShjWHNWx6k\/s800-Ic42\/074-mossenairesPB281797.JPG?ssl=1\" alt=\"\" border=\"0\" \/><\/span><br \/>\n<span style=\"color: #800000\"> La Gemma, tamb\u00e9 gaudint d&#8217;endur-se&#8217;n bons records cap a casa amb el seu Samsung.<\/span><\/h3>\n<h3 style=\"text-align: justify\"><span style=\"color: #800000\"><img data-recalc-dims=\"1\" decoding=\"async\" src=\"https:\/\/i0.wp.com\/lh3.googleusercontent.com\/-OiEcHcxQjtg\/Vl8nPIS8pTI\/AAAAAAAAY54\/8Ta9Qo9mOMQ\/s800-Ic42\/075-mossenairesPB281798.JPG?ssl=1\" alt=\"\" border=\"0\" \/><\/span><br \/>\n<span style=\"color: #800000\"> En Marc Armengol, fent una bona refrescada<\/span><\/h3>\n<h3 style=\"text-align: justify\"><span style=\"color: #800000\"><img data-recalc-dims=\"1\" decoding=\"async\" src=\"https:\/\/i0.wp.com\/lh3.googleusercontent.com\/-Nifij1onuDg\/Vl8nPj82OQI\/AAAAAAAAY6A\/qsBomlSt8XY\/s800-Ic42\/076-mossenairesPB281799.JPG?ssl=1\" alt=\"\" border=\"0\" \/><\/span><br \/>\n<span style=\"color: #800000\"> La Sandra Mart\u00ednez, tamb\u00e9 a punt i ja pensant en el 2016<\/span><\/h3>\n<h3 style=\"text-align: justify\"><span style=\"color: #800000\"><img data-recalc-dims=\"1\" decoding=\"async\" src=\"https:\/\/i0.wp.com\/lh3.googleusercontent.com\/-Ja1Cr8MjebA\/Vl8nP7L36GI\/AAAAAAAAY20\/WTJ7StdXkY8\/s800-Ic42\/077-mossenairesPB281800.JPG?ssl=1\" alt=\"\" border=\"0\" \/><\/span><br \/>\n<span style=\"color: #800000\"> En Joan Molina, que torna a venir sovint i exercint de mossenaire.<\/span><\/h3>\n<h3 style=\"text-align: justify\"><span style=\"color: #800000\"><img data-recalc-dims=\"1\" decoding=\"async\" src=\"https:\/\/i0.wp.com\/lh3.googleusercontent.com\/-ySXrZ83BS0I\/Vl8nREGN4mI\/AAAAAAAAY5s\/qS7rvjjw6_g\/s800-Ic42\/078-mossenairesPB281801.JPG?ssl=1\" alt=\"\" border=\"0\" \/><\/span><br \/>\n<span style=\"color: #800000\"> La Juani, que fa poc va \u00e9sser proclamada Mossenaire d&#8217;honor <a class=\"postlink\" style=\"color: #800000\" href=\"http:\/\/mossenhoms.netfreehost.com\/mossenhoms-post-13840.html#13840\" target=\"_blank\"> &lt;link&gt; <\/a><\/span><\/h3>\n<h3 style=\"text-align: justify\"><span style=\"color: #800000\"><img data-recalc-dims=\"1\" decoding=\"async\" src=\"https:\/\/i0.wp.com\/lh3.googleusercontent.com\/-_XdnSCgVhhA\/Vl8nRnhTFxI\/AAAAAAAAY28\/rxDKA-0SaT8\/s800-Ic42\/079-mossenairesPB281802.JPG?ssl=1\" alt=\"\" border=\"0\" \/><\/span><br \/>\n<span style=\"color: #800000\"> David, Toni i Carmelo<\/span><\/h3>\n<h3 style=\"text-align: justify\"><span style=\"color: #800000\"><img data-recalc-dims=\"1\" decoding=\"async\" src=\"https:\/\/i0.wp.com\/lh3.googleusercontent.com\/-8NMWaFr7lB4\/Vl8nR6zegxI\/AAAAAAAAY6A\/Cbuer1tb9ys\/s800-Ic42\/080-mossenairesPB281803.JPG?ssl=1\" alt=\"\" border=\"0\" \/><\/span><\/h3>\n<h3 style=\"text-align: justify\"><span style=\"color: #800000\"><img data-recalc-dims=\"1\" decoding=\"async\" src=\"https:\/\/i0.wp.com\/lh3.googleusercontent.com\/-N9qfbRFGGQU\/Vl8nTSVhBVI\/AAAAAAAAY3M\/gkIkzWY8h_A\/s800-Ic42\/081-mossenairesPB281804.JPG?ssl=1\" alt=\"\" border=\"0\" \/><\/span><\/h3>\n<h3 style=\"text-align: justify\"><span style=\"color: #800000\"><img data-recalc-dims=\"1\" decoding=\"async\" src=\"https:\/\/i0.wp.com\/lh3.googleusercontent.com\/-klcaXnjmUoE\/Vl8nUNsBN-I\/AAAAAAAAY5o\/zZb9Wmk5Nz4\/s800-Ic42\/082-mossenairesPB281805.JPG?ssl=1\" alt=\"\" border=\"0\" \/><\/span><\/h3>\n<h3 style=\"text-align: justify\"><span style=\"color: #800000\">Quines masies m\u00e9s boniques tenim al nostre entorn, com la de Can Torrella<\/span><\/h3>\n<h3 style=\"text-align: justify\"><span style=\"color: #800000\"><img data-recalc-dims=\"1\" decoding=\"async\" src=\"https:\/\/i0.wp.com\/lh3.googleusercontent.com\/-UoEwtiJ1ohs\/Vl8nTsFVN-I\/AAAAAAAAY3A\/dhyJMy_4bRo\/s800-Ic42\/083-mossenairesPB281806.JPG?ssl=1\" alt=\"\" border=\"0\" \/><\/span><br \/>\n<span style=\"color: #800000\"> Andreu i David<\/span><\/h3>\n<h3 style=\"text-align: justify\"><span style=\"color: #800000\"><img data-recalc-dims=\"1\" decoding=\"async\" src=\"https:\/\/i0.wp.com\/lh3.googleusercontent.com\/-LaSitovrLEw\/Vl8nXqoFktI\/AAAAAAAAY4g\/_M9i30yybDs\/s800-Ic42\/084-mossenairesPB281807.JPG?ssl=1\" alt=\"\" border=\"0\" \/><\/span><br \/>\n<span style=\"color: #800000\"> La Mari<\/span><\/h3>\n<h3 style=\"text-align: justify\"><span style=\"color: #800000\"><img data-recalc-dims=\"1\" decoding=\"async\" src=\"https:\/\/i0.wp.com\/lh3.googleusercontent.com\/-L8bB2V2U1Sw\/Vl8nYOxEy-I\/AAAAAAAAY50\/4w52UJnPcb0\/s800-Ic42\/085-mossenairesPB281808.JPG?ssl=1\" alt=\"\" border=\"0\" \/><\/span><br \/>\n<span style=\"color: #800000\"> En Juanjo<\/span><\/h3>\n<h3 style=\"text-align: justify\"><span style=\"color: #800000\"><img data-recalc-dims=\"1\" decoding=\"async\" src=\"https:\/\/i0.wp.com\/lh3.googleusercontent.com\/-K19JQ8Tytc4\/Vl8nYEiqRgI\/AAAAAAAAY3o\/YsEdWpE7K-A\/s800-Ic42\/086-mossenairesPB281809.JPG?ssl=1\" alt=\"\" border=\"0\" \/><\/span><br \/>\n<span style=\"color: #800000\"> El nostre incodicional amic i que no falla mai: en Jos\u00e9 Miguel Sampietro <a class=\"postlink\" style=\"color: #800000\" href=\"http:\/\/mossenhoms.netfreehost.com\/mossenhoms-post-13587.html#13587\" target=\"_blank\"> &lt;link&gt; <\/a> al costat de la Laura<\/span><\/h3>\n<h3 style=\"text-align: justify\"><span style=\"color: #800000\"><img data-recalc-dims=\"1\" decoding=\"async\" src=\"https:\/\/i0.wp.com\/lh3.googleusercontent.com\/-qc1prddmL_I\/Vl8nYz07f1I\/AAAAAAAAY3g\/MOboYQCp0Jc\/s800-Ic42\/087-mossenairesPB281810.JPG?ssl=1\" alt=\"\" border=\"0\" \/><\/span><br \/>\n<span style=\"color: #800000\"> Moment simp\u00e0tic, amb en Guille i l&#8217;Isa Font i la Laura<\/span><\/h3>\n<h3 style=\"text-align: justify\"><span style=\"color: #800000\"><img data-recalc-dims=\"1\" decoding=\"async\" src=\"https:\/\/i0.wp.com\/lh3.googleusercontent.com\/-8pqLVFa4tw8\/Vl8nZfp0l3I\/AAAAAAAAY3c\/y9Foz4MtoGc\/s800-Ic42\/088-mossenairesPB281811.JPG?ssl=1\" alt=\"\" border=\"0\" \/><\/span><br \/>\n<span style=\"color: #800000\"> l&#8217;Eva Gorina <a class=\"postlink\" style=\"color: #800000\" href=\"http:\/\/mossenhoms.netfreehost.com\/mossenhoms-post-13818.html#13818\" target=\"_blank\"> &lt;link&gt;<\/a><\/span><\/h3>\n<h3 style=\"text-align: justify\"><span style=\"color: #800000\"><img data-recalc-dims=\"1\" decoding=\"async\" src=\"https:\/\/i0.wp.com\/lh3.googleusercontent.com\/-S67-r_vZDHY\/Vl8pa8jUaEI\/AAAAAAAAY60\/jWCMDP0eZ4c\/s800-Ic42\/1-mossenaires.jpg?ssl=1\" alt=\"\" border=\"0\" \/><\/span><br \/>\n<span style=\"color: #800000\"> Fotografies de la Gemma Solsona, del final de l&#8217;entrenament<\/span><\/h3>\n<h3 style=\"text-align: justify\"><span style=\"color: #800000\"><img data-recalc-dims=\"1\" decoding=\"async\" src=\"https:\/\/i0.wp.com\/lh3.googleusercontent.com\/-TZk6L-UcygM\/Vl8pa170F3I\/AAAAAAAAY6g\/f0osSXAp9LE\/s800-Ic42\/2-mossenaires-001.jpg?ssl=1\" alt=\"\" border=\"0\" \/><\/span><br \/>\n<span style=\"color: #800000\"> Isa, Teresa?, Pep, Juanjo<\/span><\/h3>\n<h3 style=\"text-align: justify\"><span style=\"color: #800000\"><img data-recalc-dims=\"1\" decoding=\"async\" src=\"https:\/\/i0.wp.com\/lh3.googleusercontent.com\/-C85yggahWKc\/Vl8nZvGrGVI\/AAAAAAAAY4Y\/LJPEvanf6w8\/s800-Ic42\/089-mossenairesPB281812.JPG?ssl=1\" alt=\"\" border=\"0\" \/><\/span><br \/>\n<span style=\"color: #800000\"> En Hassan, ens porta per primera vegada el seu germ\u00e0<\/span><\/h3>\n<h3 style=\"text-align: justify\"><span style=\"color: #800000\"><img data-recalc-dims=\"1\" decoding=\"async\" src=\"https:\/\/i0.wp.com\/lh3.googleusercontent.com\/-oxAdLnjgNZ4\/Vl8paxbLT4I\/AAAAAAAAY6c\/heAbTL4mbPU\/s800-Ic42\/3-mossenaires-002.jpg?ssl=1\" alt=\"\" border=\"0\" \/><\/span><br \/>\n<span style=\"color: #800000\"> Fent passar-ho malament a la fot\u00f2grafa professional, tot un afeccionat<\/span><\/h3>\n<h3 style=\"text-align: justify\"><span style=\"color: #800000\"><img data-recalc-dims=\"1\" decoding=\"async\" src=\"https:\/\/i0.wp.com\/lh3.googleusercontent.com\/-kkNe3KgoUOA\/Vl8pbh0M0sI\/AAAAAAAAY6k\/xKuacmglCMI\/s800-Ic42\/5-mossenaires-004.jpg?ssl=1\" alt=\"\" border=\"0\" \/><\/span><\/h3>\n<h3 style=\"text-align: justify\"><span style=\"color: #800000\"><img data-recalc-dims=\"1\" decoding=\"async\" src=\"https:\/\/i0.wp.com\/lh3.googleusercontent.com\/-gp04yCdCglo\/Vl8nc-0LrBI\/AAAAAAAAY6A\/5YuLZvdOa48\/s800-Ic42\/090-mossenairesPB281825a.JPG?ssl=1\" alt=\"\" border=\"0\" \/><\/span><\/h3>\n<h3 style=\"text-align: justify\"><span style=\"color: #800000\"><img data-recalc-dims=\"1\" decoding=\"async\" src=\"https:\/\/i0.wp.com\/lh3.googleusercontent.com\/-m2Et18rbyUg\/Vl8ndlrFbVI\/AAAAAAAAY4E\/Oeh7Sj5KT0M\/s800-Ic42\/091-mossenairesPB281826a.JPG?ssl=1\" alt=\"\" border=\"0\" \/><\/span><\/h3>\n<h3 style=\"text-align: justify\"><span style=\"color: #800000\"><img data-recalc-dims=\"1\" decoding=\"async\" src=\"https:\/\/i0.wp.com\/lh3.googleusercontent.com\/-eL6RMy6de8M\/Vl8ndwiaJTI\/AAAAAAAAY34\/3fcLGW0cQBU\/s800-Ic42\/092-mossenairesPB281827a.JPG?ssl=1\" alt=\"\" border=\"0\" \/><\/span><\/h3>\n<h3 style=\"text-align: justify\"><span style=\"color: #800000\"><img data-recalc-dims=\"1\" decoding=\"async\" src=\"https:\/\/i0.wp.com\/lh3.googleusercontent.com\/-ikbswuQixvU\/Vl8ngWJOSRI\/AAAAAAAAY58\/GzFipKcvBA0\/s800-Ic42\/094-mossenairesPB281829a.JPG?ssl=1\" alt=\"\" border=\"0\" \/><\/span><br \/>\n<span style=\"color: #800000\"> Merciiii !!! Laura !!!<\/span><\/h3>\n<h3 style=\"text-align: justify\"><span style=\"color: #800000\">En Juanjo va descobrir que en Yuma, quan prem la tapa met\u00e0l\u00b7lica fa un bot impressionant, i ens ho ensenya.<\/span><\/h3>\n<h3 style=\"text-align: justify\"><span style=\"color: #800000\"><img data-recalc-dims=\"1\" decoding=\"async\" src=\"https:\/\/i0.wp.com\/lh3.googleusercontent.com\/-9GpyWUhaM8A\/Vl8nf-lC2BI\/AAAAAAAAY4w\/kSo2DVWEp0Q\/s800-Ic42\/095-mossenairesPB281830.JPG?ssl=1\" alt=\"\" border=\"0\" \/><\/span><\/h3>\n<h3 style=\"text-align: justify\"><span style=\"color: #800000\"><img data-recalc-dims=\"1\" decoding=\"async\" src=\"https:\/\/i0.wp.com\/lh3.googleusercontent.com\/-L6Gd4ypq2Qs\/Vl8ng0GZFoI\/AAAAAAAAY4c\/5JKQJAIhsgM\/s800-Ic42\/096-mossenairesPB281831.JPG?ssl=1\" alt=\"\" border=\"0\" \/><\/span><\/h3>\n<h3 style=\"text-align: justify\"><span style=\"color: #800000\"><img data-recalc-dims=\"1\" decoding=\"async\" src=\"https:\/\/i0.wp.com\/lh3.googleusercontent.com\/-mCV5R_I7yVY\/Vl8nheBwW6I\/AAAAAAAAY4k\/LlfZn4MwHBU\/s800-Ic42\/097-mossenairesPB281834.JPG?ssl=1\" alt=\"\" border=\"0\" \/><\/span><br \/>\n<span style=\"color: #800000\"> El Runi, diu que saltis tu<\/span><\/h3>\n<h3 style=\"text-align: justify\"><span style=\"color: #800000\"><img data-recalc-dims=\"1\" decoding=\"async\" src=\"https:\/\/i0.wp.com\/lh3.googleusercontent.com\/-fs3JnX_NK_E\/Vl8nilOzy7I\/AAAAAAAAY5Y\/qNSjXhH9l20\/s800-Ic42\/098-mossenairesPB281835.JPG?ssl=1\" alt=\"\" border=\"0\" \/><\/span><\/h3>\n<h3 style=\"text-align: justify\"><span style=\"color: #800000\"><img data-recalc-dims=\"1\" decoding=\"async\" src=\"https:\/\/i0.wp.com\/lh3.googleusercontent.com\/-sAK5_vXAPcs\/Vl8nmk6_cAI\/AAAAAAAAY5k\/IIs0Uu1Sr-A\/s800-Ic42\/100-mossenairesaPB281824a.JPG?ssl=1\" alt=\"\" border=\"0\" \/><\/span><br \/>\n<span style=\"color: #800000\"> I tota una colla que hem volgut estar al costat de la Laura el dia que \u00e9s proclamada flamant &#8220;Mossenaire d&#8217;honor&#8221;<span class=\"gensmall\"><br \/>\n<\/span><\/span><\/h3>\n<h3 style=\"text-align: justify\"><\/h3>\n<h3 style=\"text-align: justify\"><span class=\"postbody\" style=\"color: #800000\">Com veureu amb el seu escrit, \u00e9s tal com ho diu i mentre el llegia, tens aquelles ganes de qu\u00e8 no s&#8217;acabi, que en vas gaudint. Com gaireb\u00e9 sempre, d&#8217;altra banda, anar-nos coneixent gr\u00e0cies al moment estel\u00b7lar en el que tu mateixa ens dius amb les teves paraules qui ets i que desvetll\u00e9s a molts de nosaltres i deixes de ser desconeguda pels que t&#8217;envolten. B\u00e9, nom\u00e9s agrair-te i dir que encomanes bones vibracions i que ens agrada poder ser prop teu, ni que sigui un dissabte com el d&#8217;avui. Per molts anys i que tot et vagi b\u00e9, i tal com et vaig dir, que saber que ets una professional de la fotografia i en el que es basen molts dels nostres escrits, i ens afalaga que hagis acceptat.<\/span><\/h3>\n<h3 style=\"text-align: justify\"><span style=\"color: #800000\"><img data-recalc-dims=\"1\" decoding=\"async\" src=\"https:\/\/i0.wp.com\/lh3.googleusercontent.com\/-vjgeL7jggto\/Vl8npq6W_ZI\/AAAAAAAAY5M\/phKbNuM0a6k\/s1600-Ic42\/099-mossenairesaPB281817a.JPG?ssl=1\" alt=\"\" border=\"0\" \/><\/span><\/h3>\n<h3 style=\"text-align: justify\"><span style=\"color: #800000\"><img data-recalc-dims=\"1\" decoding=\"async\" src=\"https:\/\/i0.wp.com\/lh3.googleusercontent.com\/-TyiKyFIoQMY\/Vl8npfPOvoI\/AAAAAAAAY5Q\/d-m5oaKJvlE\/s1600-Ic42\/101-mossenairesaPB281813a.JPG?ssl=1\" alt=\"\" border=\"0\" \/><\/span><br \/>\n<span style=\"color: #800000\"> <img data-recalc-dims=\"1\" decoding=\"async\" src=\"https:\/\/i0.wp.com\/lh3.googleusercontent.com\/-CwP4TxsV23s\/Vl8npuBUFVI\/AAAAAAAAY5I\/6S0E_1a9cug\/s1600-Ic42\/102-mossenairesaPB281823a.JPG?ssl=1\" alt=\"\" border=\"0\" \/><\/span><\/h3>\n<h3 style=\"text-align: justify\"><em><span style=\"color: #000080\">Hola a tots\/es!!<\/span><\/em><\/h3>\n<h3 style=\"text-align: justify\"><em><span style=\"color: #000080\">Soc la Laura, tinc 35 anys, vaig n\u00e9ixer a Sabadell, fa 9 anys que visc a Terrassa.<\/span><\/em><\/h3>\n<h3 style=\"text-align: justify\"><em><span style=\"color: #000080\">El Pep m&#8217;ha donat un paper on diu que la companyia i la solidaritat \u00e9s la caracter\u00edstica principal del nostre grup, el teu grup, boniques paraules per comen\u00e7ar aquestes l\u00ednies&#8230;.tamb\u00e9 diu no s\u00e9 qu\u00e8 de donar-me a con\u00e8ixer&#8230;.b\u00e9 intentar\u00e9 fer-ho el millor possible&#8230;.\u00e9s dif\u00edcil explicar com \u00e9s un mateix.<\/span><\/em><\/h3>\n<h3 style=\"text-align: justify\"><em><span style=\"color: #000080\">Sempre m&#8217;ha agradat l&#8217;esport, sense ser conscient de petita en feia en tot moment, bici, piscina, front\u00f3, esqu\u00ed&#8230;.i d&#8217;adulta en seguia fent per\u00f2 mai de forma competitiva, sempre com una forma de distracci\u00f3 i passar-ho b\u00e9, sobretot si anava acompanyat d&#8217;estar en contacte amb la natura.<\/span><\/em><\/h3>\n<h3 style=\"text-align: justify\"><em><span style=\"color: #000080\">Fa uns 7 anys vaig deixar de fer esport, ja sigui per la feina, falta de temps, diguem-ne excuses al cap i a la fi&#8230;.haig de confessar que aix\u00f2 em va portar a agafar pes i a ser una persona mes sedent\u00e0ria&#8230;.i ho vaig completar sent mare&#8230;.quan em vaig adonar que pujant 3 pisos d&#8217;escales arribava a dalt ofegada i amb un esfor\u00e7 enorme, em vaig dir a mi mateixa, Laura aix\u00f2 ja no es el que era&#8230;.ni activa i ni en\u00e8rgica com feia uns anys&#8230;.<\/span><\/em><\/h3>\n<h3 style=\"text-align: justify\"><em><span style=\"color: #000080\">Amb l&#8217;arribada de la Noa a la meva vida em vaig adonar que m&#8217;havia oblidat una mica de mi mateixa i aqu\u00ed va ser quan vaig decidir fer un canvi i comen\u00e7ar a fer el que sempre m&#8217;havia agradat&#8230;fer esport.<\/span><\/em><\/h3>\n<h3 style=\"text-align: justify\"><em><span style=\"color: #000080\">Per temes log\u00edstics, horaris i &#8220;dem\u00e1s quehaceres dom\u00e9sticos\u201d vaig decidir comen\u00e7ar a caminar amb la intenci\u00f3 de corre tamb\u00e9&#8230;.b\u00e9, com tots sabeu, comen\u00e7ar a corre \u00e9s tot un repte i mes si no ho has fet mai&#8230;o feia molts anys&#8230;.el primer dia que vaig decidir corre pensava que em quedava desplomada al mig del Parc Vallparadis, per cert parc que tinc mes que recorregut, sense ell no s\u00e9 si estaria escrivint ara aquestes paraules&#8230;.<\/span><\/em><br \/>\n<em><span style=\"color: #000080\"> Aix\u00ed que vaig decidir caminar, corre, caminar, corre&#8230;.quan em vaig comen\u00e7ar a trobar m\u00e9s forta i tamb\u00e9 a perdre pes, els canvis em van ajudar a seguir&#8230;.i mica en mica vaig posar-me objectius a aconseguir&#8230;.i<\/span><\/em><br \/>\n<em><span style=\"color: #000080\"> ja em veus a mi fent la meva primera cursa de 5km sola&#8230;.la Santi Centelles&#8230;. Un mes abans ja corria 5km seguits tota una vict\u00f2ria per mi&#8230;la Santi Centelles va ser un repte doncs sempre corria sola i la cursa la feia sola tamb\u00e9&#8230;.no us podeu ni imaginar com va ser aquell dia per mi&#8230;un dia que no oblidar\u00e9 mai, una gran satisfacci\u00f3 personal i sobretot emocionalment&#8230;.a la mem\u00f2ria m&#8217;han quedat molts moments d&#8217;aquell dia.<\/span><\/em><\/h3>\n<h3 style=\"text-align: justify\"><em><span style=\"color: #000080\">Aquella cursa va ser el comen\u00e7ament d&#8217;una nova etapa, el running m&#8217;ha canviat a molts nivells, sobretot com a persona. Sembla mentida que un esport et pugui fer canviar tant&#8230; Sobretot quan el fas sol, aprens a ser constant, tenir for\u00e7a de voluntat i a lluitar amb tu mateix&#8230;.et tornes mes fort.<\/span><\/em><\/h3>\n<h3 style=\"text-align: justify\"><em><span style=\"color: #000080\">Una de les millors coses que m&#8217;ha aportat el running son les persones que he anat coneixent al llarg d&#8217;aquests anys i de moment nom\u00e9s port quatre anys corrent\u2026.a les primeres persones que vull dedicar unes paraules s\u00f3n a la Gloria Mateo i la Irene Mateo, son dues persones que em van ajudar a seguir amb aquest repte de corre&#8230;que us puc dir noies!! Sou unes de les millors amigues &#8220;runneras&#8221; que he tingut i que tot i que ara no podem coincidir, sempre penso amb vosaltres i els moments que em passat juntes&#8230;.Sou molt especials per mi&#8230;ja ho sabeu!<\/span><\/em><\/h3>\n<h3 style=\"text-align: justify\"><em><span style=\"color: #000080\">La historia continua quan vaig anar a parar al California Sports&#8230;. Un gran equip de persones i sobre totes les coses una gran fam\u00edlia&#8230;.nomes us puc dir gr\u00e0cies!!! A tots\/es pel vostre suport i amistat, de tots tinc an\u00e8cdotes i moments viscuts, sou tants que segur i em perdoneu em deixi alg\u00fa&#8230;. Comen\u00e7ant per la Mon i la Present, la Gemma, Eva, Trini, Isas que en sou unes quantes!! Guille, Rosa, Mangel, Miquel, Txesco, Juani, Manel, Mjose Merino, Vero!!! Que als \u00faltims 4 km d&#8217;acabar la Matagalls-Montserrat em<\/span><\/em><br \/>\n<em><span style=\"color: #000080\"> vas venir a recolzar per acabar uns dels reptes m\u00e9s importants que he fet fins ara, i a en Gerard i en Patxi que tamb\u00e9 estaven all\u00e0 per ajudar-me en els \u00faltims kms i tots els companys matagalleros de trajecte, com els que ens veu fer suport, sou la pera!!!&#8230;.sou tants que em deixo molts noms&#8230;.<\/span><\/em><\/h3>\n<h3 style=\"text-align: justify\"><em><span style=\"color: #000080\">No vull deixar de parlar dels Mossenaires, un grup de companys fant\u00e0stic, on sempre gaudeixo i on sempre hi ha amb qui xerrar, riure i passar-ho b\u00e9 i agrair a en Pep Moliner la seva dedicaci\u00f3 per fer possible que tots els dissabtes gaudim plegats del running i sobretot com deia al principi de la companyia i la solidaritat del nostre grup\u2026.Pep ets un crak!! No canvi\u00efs mai!!<\/span><\/em><\/h3>\n<h3 style=\"text-align: justify\"><em><span style=\"color: #000080\">Per \u00faltims i no menys importants, la Noa i en Mario i Avis, la meva fam\u00edlia sense ells la historia no tindria color i nom\u00e9s tinc paraules d&#8217;agra\u00efment per aguantar els meus entrenaments, curses, lesions i dir-vos Gr\u00e0cies per estar al meu costat i estimar-me&#8230;.<\/span><\/em><\/h3>\n<h3 style=\"text-align: justify\"><em><span style=\"color: #000080\">En un futur, nom\u00e9s desitjo poder seguir corrent i estar forta i sana per fer- ho, em sento molt afortunada de tenir salut i poder gaudir-la, aquest any el vull dedicar a fer mitges maratons i l\u2019any que ve qui sap, la Marat\u00f3? Perqu\u00e8 no?<\/span><\/em><\/h3>\n<h3 style=\"text-align: justify\"><em><span style=\"color: #000080\">Laura Benito<\/span><\/em><\/h3>\n<h3 style=\"text-align: justify\"><em><span style=\"color: #000080\">&#8212;&#8211;<\/span><\/em><br \/>\n<em><span style=\"color: #000080\"> LauradeBenito<\/span><\/em><br \/>\n<em><span style=\"color: #000080\"> PHOTOGRAPHER<\/span><\/em><\/h3>\n<h3 style=\"text-align: justify\"><em><span style=\"color: #000080\"><a style=\"color: #000080\" href=\"http:\/\/www.lauradebenito.com\/\" target=\"_blank\">http:\/\/www.lauradebenito.com\/<\/a><\/span><\/em><\/h3>\n<table cellspacing=\"0\" align=\"left\">\n<tbody>\n<tr style=\"text-align: justify\">\n<td>\n<h3><span style=\"color: #ff6600\"><img data-recalc-dims=\"1\" decoding=\"async\" class=\"decoded\" src=\"https:\/\/i0.wp.com\/josepmoliner.com\/chiptiempo.gif\" alt=\"http:\/\/josepmoliner.com\/chiptiempo.gif\" \/><\/span><\/h3>\n<\/td>\n<td>\n<h3><img data-recalc-dims=\"1\" decoding=\"async\" class=\"decoded\" src=\"https:\/\/i0.wp.com\/josepmoliner.com\/centreMedicAvinguda.gif\" alt=\"http:\/\/josepmoliner.com\/centreMedicAvinguda.gif\" \/><\/h3>\n<\/td>\n<\/tr>\n<tr style=\"text-align: justify\">\n<td>\n<h3><span style=\"color: #ff6600\"><strong><a style=\"color: #ff6600\" href=\"http:\/\/www.elroure.net\/fisioterapiaroura\/\" target=\"_blank\"><img data-recalc-dims=\"1\" decoding=\"async\" src=\"https:\/\/i0.wp.com\/elroure.net\/fisioterapiaroura\/Fisioterapia_elroure.gif\" alt=\"\" \/><\/a><\/strong><\/span><\/h3>\n<\/td>\n<td>\n<h3><span style=\"color: #ff6600\"><a style=\"color: #ff6600\" href=\"http:\/\/www.fupar.es\/ca\/establiments-comercials-fupar-terrassa\/neteja-de-vehicles\/\" target=\"_blank\"><img data-recalc-dims=\"1\" decoding=\"async\" src=\"https:\/\/i0.wp.com\/josepmoliner.com\/fupar_rentat2015.gif\" alt=\"\" align=\"top\" \/><\/a><\/span><\/h3>\n<\/td>\n<\/tr>\n<tr style=\"text-align: justify\">\n<td>\n<h3><span style=\"color: #ff6600\"><a style=\"color: #ff6600\" href=\"http:\/\/www.californiasports.es\" target=\"_blank\"><img data-recalc-dims=\"1\" decoding=\"async\" src=\"https:\/\/i0.wp.com\/josepmoliner.com\/californiasports\/california_sports2015.gif\" alt=\"\" \/><\/a><\/span><\/h3>\n<\/td>\n<td>\n<h3><span style=\"color: #ff6600\"><strong><a style=\"color: #ff6600\" href=\"http:\/\/www.egargrafic.com\/\" target=\"_blank\"><img data-recalc-dims=\"1\" decoding=\"async\" src=\"https:\/\/i0.wp.com\/www.josepmoliner.com\/egargrafic2.gif\" alt=\"\" \/><\/a><\/strong><\/span><\/h3>\n<\/td>\n<\/tr>\n<tr style=\"text-align: justify\">\n<td>\n<h3><strong><a href=\"http:\/\/knyera.cf\/\" target=\"_blank\"><img data-recalc-dims=\"1\" decoding=\"async\" src=\"https:\/\/i0.wp.com\/www.josepmoliner.com\/knyera_running.gif\" alt=\"\" \/><\/a><\/strong><\/h3>\n<\/td>\n<td>\n<h3><span style=\"color: #ff6600\"><strong><a style=\"color: #ff6600\" href=\"http:\/\/www.elroure.net\/\" target=\"_blank\"><img data-recalc-dims=\"1\" decoding=\"async\" src=\"https:\/\/i0.wp.com\/elroure.net\/rourenet.gif\" alt=\"\" \/><\/a><\/strong><\/span><\/h3>\n<\/td>\n<\/tr>\n<tr style=\"text-align: justify\">\n<td>\n<h3><span style=\"color: #ff6600\"><strong><a style=\"color: #ff6600\" href=\"http:\/\/www.esportsavinguda.tk\/\" target=\"_blank\"><img data-recalc-dims=\"1\" decoding=\"async\" src=\"https:\/\/i0.wp.com\/josepmoliner.com\/esportsavinguda2.gif\" alt=\"\" \/><\/a><\/strong><\/span><\/h3>\n<\/td>\n<td>\n<h3><span style=\"color: #ff6600\"><strong><a style=\"color: #ff6600\" href=\"http:\/\/civeracampoy.com\/index.php\/es\/\" target=\"_blank\"><img data-recalc-dims=\"1\" decoding=\"async\" src=\"https:\/\/i0.wp.com\/josepmoliner.com\/Civera%26Campoy.gif\" alt=\"\" \/><\/a><\/strong><\/span><\/h3>\n<\/td>\n<\/tr>\n<tr style=\"text-align: justify\">\n<td>\n<h3><span style=\"color: #ff6600\"><a style=\"color: #ff6600\" href=\"http:\/\/www.fupar.es\/ca\/establiments-comercials-fupar-terrassa\/centre-de-jardineria\/\" target=\"_blank\"><img data-recalc-dims=\"1\" decoding=\"async\" src=\"https:\/\/i0.wp.com\/josepmoliner.com\/fupar_garden2015.gif\" alt=\"http:\/\/josepmoliner.com\/fupar_garden2015.gif\" \/><\/a><\/span><\/h3>\n<\/td>\n<td>\n<h3><span style=\"color: #ff6600\"><strong><a style=\"color: #ff6600\" href=\"http:\/\/www.eledevall.com\/\" target=\"_blank\"><img data-recalc-dims=\"1\" decoding=\"async\" src=\"https:\/\/i0.wp.com\/josepmoliner.com\/eledevall.gif\" alt=\"\" \/><\/a><\/strong><\/span><\/h3>\n<\/td>\n<\/tr>\n<tr style=\"text-align: justify\">\n<td>\n<h3><span style=\"color: #ff6600\"><strong><a style=\"color: #ff6600\" href=\"mailto:banner@mossenhoms.be\">vols el teu banner?<\/a><\/strong><\/span><\/h3>\n<\/td>\n<td>\n<h3><span style=\"color: #ff6600\"><a style=\"color: #ff6600\" href=\"http:\/\/www.fupar.es\/ca\/establiments-comercials-fupar-terrassa\/floristeria-terrassa\/\" target=\"_blank\"><img data-recalc-dims=\"1\" decoding=\"async\" src=\"https:\/\/i0.wp.com\/josepmoliner.com\/fupar_floristeria2015.gif\" alt=\"\" \/><\/a><\/span><\/h3>\n<\/td>\n<\/tr>\n<\/tbody>\n<\/table>\n","protected":false},"excerpt":{"rendered":"<p>Em deia la Conxita fa una setmana que anar amunt, li agrada, i just quan ella no podia venir \u00e9s quan hi an\u00e0vem. Doncs avui li dediquem la sortida, tamb\u00e9. Anar amunt \u00e9s anar a Matadepera, a Can Roure, a la Tartana i de fet no hi anem tan sovint i ves per on, dues [&hellip;]<\/p>\n","protected":false},"author":171,"featured_media":0,"comment_status":"open","ping_status":"open","sticky":false,"template":"","format":"standard","meta":{"jetpack_post_was_ever_published":false,"_jetpack_newsletter_access":"","_jetpack_dont_email_post_to_subs":false,"_jetpack_newsletter_tier_id":0,"_jetpack_memberships_contains_paywalled_content":false,"_jetpack_memberships_contains_paid_content":false,"footnotes":"","jetpack_publicize_message":"","jetpack_publicize_feature_enabled":true,"jetpack_social_post_already_shared":false,"jetpack_social_options":{"image_generator_settings":{"template":"highway","default_image_id":0,"font":"","enabled":false},"version":2}},"categories":[1644,5580,4554,25102,25089],"tags":[],"class_list":["post-3976","post","type-post","status-publish","format-standard","hentry","category-correr","category-entrenaments","category-mossenaires","category-mossenhoms-be","category-senderisme"],"jetpack_publicize_connections":[],"jetpack_featured_media_url":"","jetpack_sharing_enabled":true,"jetpack_shortlink":"https:\/\/wp.me\/sagkiK-amunt","jetpack-related-posts":[{"id":3879,"url":"https:\/\/blogs.avui.cat\/pepmoliner\/2015\/08\/27\/si-plou-tambe-correm-oi\/","url_meta":{"origin":3976,"position":0},"title":"Si plou tamb\u00e9 correm; oi?","author":"Pep Moliner","date":"27 d'agost de 2015","format":false,"excerpt":"Incre\u00efble veure que ni la pluja us espanta. De fet, a l'agost \u00e9s quan per per\u00edodes de vacances, notem a faltar a molts mossenaires dels m\u00e9s habituals i avui, vint-i-una persones han notat que plovia i no els ha fet dubtar de venir a veure als agosarats que gaudeixen de\u2026","rel":"","context":"A &quot;General&quot;","block_context":{"text":"General","link":"https:\/\/blogs.avui.cat\/pepmoliner\/category\/general\/"},"img":{"alt_text":"","src":"","width":0,"height":0},"classes":[]},{"id":237,"url":"https:\/\/blogs.avui.cat\/pepmoliner\/2010\/05\/10\/ni-la-pluja-ens-espanta\/","url_meta":{"origin":3976,"position":1},"title":"Ni la pluja ens espanta","author":"Pep Moliner","date":"10 de maig de 2010","format":false,"excerpt":"Ni la pluja ens fa desistir d'un bon entrenament. El que si fa pensar \u00e9s que la majoria de circuits estan ben enfangats. L'alternativa de fa anys \u00e9s la seg\u00fcent; anar en direcci\u00f3 al poble de Matadepera i triar, en aquesta ocasi\u00f3 un punt prou eixerit, com \u00e9s la font\u2026","rel":"","context":"A &quot;Entrenaments&quot;","block_context":{"text":"Entrenaments","link":"https:\/\/blogs.avui.cat\/pepmoliner\/category\/entrenaments\/"},"img":{"alt_text":"","src":"","width":0,"height":0},"classes":[]},{"id":70,"url":"https:\/\/blogs.avui.cat\/pepmoliner\/2008\/11\/03\/turo-roques-blanques-entrenant-en-grup\/","url_meta":{"origin":3976,"position":2},"title":"Tur\u00f3 Roques Blanques, entrenant en GRUP","author":"Pep Moliner","date":"3 de novembre de 2008","format":false,"excerpt":". . . . . . No va ploure mentre entren\u00e0vem i tot i minvar l'assist\u00e8ncia d'amics, va sortir el t\u00edpic entrenament de dies plujosos, com \u00e9s pujar fins al Tur\u00f3 de les Roques Blanques. Com \u00e9s costum pugem fins a Matadepera i a l'avinguda del Mas Sot ens reagrupem.\u2026","rel":"","context":"A &quot;General&quot;","block_context":{"text":"General","link":"https:\/\/blogs.avui.cat\/pepmoliner\/category\/general\/"},"img":{"alt_text":"","src":"","width":0,"height":0},"classes":[]},{"id":2995,"url":"https:\/\/blogs.avui.cat\/pepmoliner\/2013\/11\/14\/a-la-font-de-can-roure-amb-els-mossenaires\/","url_meta":{"origin":3976,"position":3},"title":"A la font de Can Roure amb els &#8220;mossenaires&#8221;","author":"Pep Moliner","date":"14 de novembre de 2013","format":false,"excerpt":"Quan arriba el dissabte, per un conjunt de persones, se'ns ha imposat una moda: anar a un lloc bonic que est\u00e0 als afores de Terrassa i a on sabem del cert que hi trobarem un munt d'amics i de converses engegades. Tots hi anem a buscar alguna cosa: el plaer\u2026","rel":"","context":"A &quot;General&quot;","block_context":{"text":"General","link":"https:\/\/blogs.avui.cat\/pepmoliner\/category\/general\/"},"img":{"alt_text":"","src":"","width":0,"height":0},"classes":[]},{"id":3345,"url":"https:\/\/blogs.avui.cat\/pepmoliner\/2014\/07\/10\/el-que-va-i-ve\/","url_meta":{"origin":3976,"position":4},"title":"El que va i ve","author":"Pep Moliner","date":"10 de juliol de 2014","format":false,"excerpt":"Quan a Terrassa tenim una de les curses m\u00e9s antigues que es fan i \u00a0desfan, la de Festa Major, i on el qu\u00e8 predomina \u00e9s gent, de Terrassa i \u00a0d'una bona colla de grups, clubs, botigues i que han anat sorgint, per sort \u00a0del nostre esport, i qu\u00e8 s'atreveixen per\u2026","rel":"","context":"A &quot;General&quot;","block_context":{"text":"General","link":"https:\/\/blogs.avui.cat\/pepmoliner\/category\/general\/"},"img":{"alt_text":"","src":"","width":0,"height":0},"classes":[]},{"id":56,"url":"https:\/\/blogs.avui.cat\/pepmoliner\/2008\/09\/22\/matagalls-montserrat-15-h-20\/","url_meta":{"origin":3976,"position":5},"title":"Matagalls &#8211; Montserrat: 15 h 20&#8242;","author":"Pep Moliner","date":"22 de setembre de 2008","format":false,"excerpt":"Ja som a la SORTIDA: Despr\u00e9s de molts anys de no gosar provar les llargues dist\u00e0ncies per una manca de confian\u00e7a personal, aquest cop si la temptaci\u00f3 era molt gran, quan un parell de bons amics sabia que la feien, en Vi\u00f1eta i l'Ureta (poso cognoms, per no confondre). El\u2026","rel":"","context":"A &quot;General&quot;","block_context":{"text":"General","link":"https:\/\/blogs.avui.cat\/pepmoliner\/category\/general\/"},"img":{"alt_text":"","src":"","width":0,"height":0},"classes":[]}],"_links":{"self":[{"href":"https:\/\/blogs.avui.cat\/pepmoliner\/wp-json\/wp\/v2\/posts\/3976","targetHints":{"allow":["GET"]}}],"collection":[{"href":"https:\/\/blogs.avui.cat\/pepmoliner\/wp-json\/wp\/v2\/posts"}],"about":[{"href":"https:\/\/blogs.avui.cat\/pepmoliner\/wp-json\/wp\/v2\/types\/post"}],"author":[{"embeddable":true,"href":"https:\/\/blogs.avui.cat\/pepmoliner\/wp-json\/wp\/v2\/users\/171"}],"replies":[{"embeddable":true,"href":"https:\/\/blogs.avui.cat\/pepmoliner\/wp-json\/wp\/v2\/comments?post=3976"}],"version-history":[{"count":5,"href":"https:\/\/blogs.avui.cat\/pepmoliner\/wp-json\/wp\/v2\/posts\/3976\/revisions"}],"predecessor-version":[{"id":3981,"href":"https:\/\/blogs.avui.cat\/pepmoliner\/wp-json\/wp\/v2\/posts\/3976\/revisions\/3981"}],"wp:attachment":[{"href":"https:\/\/blogs.avui.cat\/pepmoliner\/wp-json\/wp\/v2\/media?parent=3976"}],"wp:term":[{"taxonomy":"category","embeddable":true,"href":"https:\/\/blogs.avui.cat\/pepmoliner\/wp-json\/wp\/v2\/categories?post=3976"},{"taxonomy":"post_tag","embeddable":true,"href":"https:\/\/blogs.avui.cat\/pepmoliner\/wp-json\/wp\/v2\/tags?post=3976"}],"curies":[{"name":"wp","href":"https:\/\/api.w.org\/{rel}","templated":true}]}}