{"id":3965,"date":"2015-11-26T09:51:22","date_gmt":"2015-11-26T08:51:22","guid":{"rendered":"http:\/\/blogs.avui.cat\/pepmoliner\/?p=3965"},"modified":"2015-11-26T15:04:05","modified_gmt":"2015-11-26T14:04:05","slug":"va-de-llac","status":"publish","type":"post","link":"https:\/\/blogs.avui.cat\/pepmoliner\/2015\/11\/26\/va-de-llac\/","title":{"rendered":"Va de llac"},"content":{"rendered":"<h3 style=\"text-align: justify\"><span class=\"postbody\" style=\"color: #ff6600\">Fer dels entorns naturals de #Terrassa un lloc de gaudiment pels que hem decidit fer del c\u00f3rrer un motiu m\u00e9s per ser feli\u00e7os. L&#8217;oportunitat de visitar una vegada i una altra, racons com el d&#8217;avui, el Llac de Can Boguny\u00e0 i tamb\u00e9 anomenat Llac petit. Anar-hi al vostre costat \u00e9s un plus. Veure-us les cares i aquesta manera de fer que teniu, ens omple de positivitat i a la vegada ens proporciona un entrenament que endureix els nostres cossos, fru\u00eft d&#8217;aquests entrenaments. A moltes i a molts us veiem dia a dia a millorar, tant f\u00edsicament com en aquesta relaci\u00f3 humana que tots protagonitzeu.<\/span><\/h3>\n<h3 style=\"text-align: justify\"><span style=\"color: #ff6600\">Avui, consistia a sortir dels nostres habituals dominis, per anar a gaudir dels bells paratges dels quals comptem per la part nord de la nostra ciutat i tornar, travessant Matadepera, i de nou trobar el fet de c\u00f3rrer per estar plegats i gaudir. Alg\u00fa s&#8217;ho ha passat malament?, que aixequi el dit: ui!, no em veig cap d&#8217;aixecat. Aix\u00f2 \u00e9s bo. Repetirem, no en tingueu cap dubte.<\/span><\/h3>\n<h3 style=\"text-align: justify\"><span style=\"color: #ff6600\">Aquestes pistes de terra, amples. Aquests corriols. Aquesta olor de terra mullada. Aquest riure. Aquesta conversa. Tot ha valgut la pena. Gr\u00e0cies per fer-ho possible. El projecte continua viu.<\/span><\/h3>\n<h3 style=\"text-align: justify\"><span style=\"color: #ff6600\"><img data-recalc-dims=\"1\" decoding=\"async\" src=\"https:\/\/i0.wp.com\/lh3.googleusercontent.com\/-6qYU1uZq5bs\/VlXv6rQvLUI\/AAAAAAAAYpY\/To_x0XEEKaA\/s800-Ic42\/46-mossenairesPB211688a.JPG?ssl=1\" alt=\"\" border=\"0\" \/><\/span><br \/>\n<span style=\"color: #ff6600\"> Encara que no hi anem gaire, donat que els sembla lluny dels dominis mossenaires, la longitud de l&#8217;entrenament est\u00e0 dins els par\u00e0metres de; 10 quil\u00f2metres. Un bonic record d&#8217;un lloc bonic<\/span><\/h3>\n<h3 style=\"text-align: justify\"><span style=\"color: #ff6600\"><img data-recalc-dims=\"1\" decoding=\"async\" src=\"https:\/\/i0.wp.com\/lh3.googleusercontent.com\/-QWpvPWKFn5U\/VlXvmMR_xkI\/AAAAAAAAYkA\/FYwG5S7RgsM\/s800-Ic42\/01-mossenairesPB211641.JPG?ssl=1\" alt=\"\" border=\"0\" \/><\/span><br \/>\n<span style=\"color: #ff6600\"> I ve poc, donat que forma part del voluntariat ADF, per\u00f2 no s&#8217;oblida de vosaltres i un dia va ser &#8220;Mossenaire d&#8217;honor&#8221; <a class=\"postlink\" style=\"color: #ff6600\" href=\"http:\/\/mossenhoms.netfreehost.com\/viewtopic.php?p=9167#9167\" target=\"_blank\">&lt;link&gt;<\/a> feia sis anys justos. Com passa el temps!!<\/span><\/h3>\n<h3 style=\"text-align: justify\"><span style=\"color: #ff6600\"><img data-recalc-dims=\"1\" decoding=\"async\" src=\"https:\/\/i0.wp.com\/lh3.googleusercontent.com\/-Jlk1QaJZHqE\/VlXvmOUTFkI\/AAAAAAAAYkM\/mRtnOKLJJLA\/s800-Ic42\/02-mossenairesPB211642.JPG?ssl=1\" alt=\"\" border=\"0\" \/><\/span><br \/>\n<span style=\"color: #ff6600\"> i avui ens ha fet molta il\u00b7lusi\u00f3 que en Juan Miguel Romero ens faci els honors, i sigui nominat &#8220;Mossenaire d&#8217;honor&#8221; i ho ha volgut ser al costat dels seus grans amics. Miguel, Angel i Miquel.<\/span><\/h3>\n<h3 style=\"text-align: justify\"><span style=\"color: #ff6600\"><img data-recalc-dims=\"1\" decoding=\"async\" src=\"https:\/\/i0.wp.com\/lh3.googleusercontent.com\/-GuCoqHzjqyQ\/VlXvmPAo3oI\/AAAAAAAAYkE\/5c_67CR6BS8\/s800-Ic42\/03-mossenairesPB211643.JPG?ssl=1\" alt=\"\" border=\"0\" \/><\/span><br \/>\n<span style=\"color: #ff6600\"> Ens ho va prometre i un luxe. Gr\u00e0cies!!<\/span><\/h3>\n<h3 style=\"text-align: justify\"><span style=\"color: #ff6600\"><img data-recalc-dims=\"1\" decoding=\"async\" src=\"https:\/\/i0.wp.com\/lh3.googleusercontent.com\/-9nVP7w5oqI4\/VlXvnGsOzgI\/AAAAAAAAYkY\/2WREesFelDQ\/s800-Ic42\/04-mossenairesPB211644.JPG?ssl=1\" alt=\"\" border=\"0\" \/><\/span><br \/>\n<span style=\"color: #ff6600\"> Carmelo Luque, un gran mossenaire i que sempre ens porta el bon humor<\/span><\/h3>\n<h3 style=\"text-align: justify\"><span style=\"color: #ff6600\"><img data-recalc-dims=\"1\" decoding=\"async\" src=\"https:\/\/i0.wp.com\/lh3.googleusercontent.com\/-5wZSUkiD13Y\/VlXvn0C-bYI\/AAAAAAAAYkg\/cAsdct_T6Cc\/s800-Ic42\/05-mossenairesPB211645.JPG?ssl=1\" alt=\"\" border=\"0\" \/><\/span><br \/>\n<span style=\"color: #ff6600\"> Sandra, Diego, Juan Manuel i Juan. D&#8217;esquena en Juanjo, que avui ens ha agradat tenir-lo de nou.<\/span><\/h3>\n<h3 style=\"text-align: justify\"><span style=\"color: #ff6600\"><img data-recalc-dims=\"1\" decoding=\"async\" src=\"https:\/\/i0.wp.com\/lh3.googleusercontent.com\/-dqtAZz6f1w8\/VlXvnzaQhpI\/AAAAAAAAYkk\/3ASPsfxYk-c\/s800-Ic42\/06-mossenairesPB211646.JPG?ssl=1\" alt=\"\" border=\"0\" \/><\/span><br \/>\n<span style=\"color: #ff6600\"> Oriol, Marc, Toni, Antonio i d&#8217;esquena l&#8217;Angel, esperant el moment de sortida<\/span><\/h3>\n<h3 style=\"text-align: justify\"><span style=\"color: #ff6600\"><img data-recalc-dims=\"1\" decoding=\"async\" src=\"https:\/\/i0.wp.com\/lh3.googleusercontent.com\/-rVm3XpXe_-8\/VlXvoaH_-5I\/AAAAAAAAYk0\/Ox0LK9Z2YYM\/s800-Ic42\/07-mossenairesPB211647.JPG?ssl=1\" alt=\"\" border=\"0\" \/><\/span><br \/>\n<span style=\"color: #ff6600\"> Gendre del Josep Vandell\u00f3s, en David Hern\u00e1ndez i l&#8217;Andreu. Un luxe!<\/span><\/h3>\n<h3 style=\"text-align: justify\"><span style=\"color: #ff6600\"><img data-recalc-dims=\"1\" decoding=\"async\" src=\"https:\/\/i0.wp.com\/lh3.googleusercontent.com\/-cwn-s9X9jkQ\/VlXvo8nHQKI\/AAAAAAAAYk8\/RDhgqOSjvBU\/s800-Ic42\/08-mossenairesPB211648.JPG?ssl=1\" alt=\"\" border=\"0\" \/><\/span><br \/>\n<span style=\"color: #ff6600\"> Emilio, que ja va venint de nou, despr\u00e9s de la lesi\u00f3.<\/span><\/h3>\n<h3 style=\"text-align: justify\"><span style=\"color: #ff6600\"><img data-recalc-dims=\"1\" decoding=\"async\" src=\"https:\/\/i0.wp.com\/lh3.googleusercontent.com\/-Otc5-M6SvkY\/VlXvpG_VavI\/AAAAAAAAYlE\/WH9Iqn1x9RI\/s800-Ic42\/09-mossenairesPB211649.JPG?ssl=1\" alt=\"\" border=\"0\" \/><\/span><br \/>\n<span style=\"color: #ff6600\"> Cesar<\/span><\/h3>\n<h3 style=\"text-align: justify\"><span style=\"color: #ff6600\"><img data-recalc-dims=\"1\" decoding=\"async\" src=\"https:\/\/i0.wp.com\/lh3.googleusercontent.com\/-GRiHdmcD-Ew\/VlXvpnVbr6I\/AAAAAAAAYl8\/rXPuEDjUwyI\/s800-Ic42\/10-mossenairesPB211650.JPG?ssl=1\" alt=\"\" border=\"0\" \/><\/span><br \/>\n<span style=\"color: #ff6600\"> Marc Roura; un dels fundadors de Minyons que l&#8217;endem\u00e0 protagonitzaria la seva colla el castell \u00fanic, carregat i descarregat del 4 de 10 a la Pla\u00e7a Vella de Terrassa. Enhorabona!!<\/span><\/h3>\n<h3 style=\"text-align: justify\"><span style=\"color: #ff6600\"><img data-recalc-dims=\"1\" decoding=\"async\" src=\"https:\/\/i0.wp.com\/lh3.googleusercontent.com\/-7EQNDn3wrfE\/VlXvqPxn6rI\/AAAAAAAAYlI\/_pjzn7YupDo\/s800-Ic42\/11-mossenairesPB211651.JPG?ssl=1\" alt=\"\" border=\"0\" \/><\/span><br \/>\n<span style=\"color: #ff6600\"> Passant per la Sammy, la gasosa terrassenca<\/span><\/h3>\n<h3 style=\"text-align: justify\"><span style=\"color: #ff6600\"><img data-recalc-dims=\"1\" decoding=\"async\" src=\"https:\/\/i0.wp.com\/lh3.googleusercontent.com\/-bxdDXiyirb8\/VlXvqv3yRaI\/AAAAAAAAYlU\/jAKbqXFL-3M\/s800-Ic42\/12-mossenairesPB211652.JPG?ssl=1\" alt=\"\" border=\"0\" \/><\/span><\/h3>\n<h3 style=\"text-align: justify\"><span style=\"color: #ff6600\"><img data-recalc-dims=\"1\" decoding=\"async\" src=\"https:\/\/i0.wp.com\/lh3.googleusercontent.com\/-L_QC2439E30\/VlXvqxygCVI\/AAAAAAAAYlc\/qluOXlL6lM4\/s800-Ic42\/13-mossenairesPB211653.JPG?ssl=1\" alt=\"\" border=\"0\" \/><\/span><br \/>\n<span style=\"color: #ff6600\"> I en el primer re-agrupament, tots els que van a la cua. Gr\u00e0cies!!<\/span><\/h3>\n<h3 style=\"text-align: justify\"><span style=\"color: #ff6600\"><img data-recalc-dims=\"1\" decoding=\"async\" src=\"https:\/\/i0.wp.com\/lh3.googleusercontent.com\/-cHfXY7ZJEZQ\/VlXvrLdb2LI\/AAAAAAAAYlg\/uzbKxdLsQlE\/s800-Ic42\/14-mossenairesPB211654.JPG?ssl=1\" alt=\"\" border=\"0\" \/><\/span><br \/>\n<span style=\"color: #ff6600\"> Gr\u00e0cies!!<\/span><\/h3>\n<h3 style=\"text-align: justify\"><span style=\"color: #ff6600\"><img data-recalc-dims=\"1\" decoding=\"async\" src=\"https:\/\/i0.wp.com\/lh3.googleusercontent.com\/-W7NEqVg1Kbg\/VlXvrcZHEXI\/AAAAAAAAYlw\/ttw4igSq_Rc\/s800-Ic42\/15-mossenairesPB211655.JPG?ssl=1\" alt=\"\" border=\"0\" \/><\/span><br \/>\n<span style=\"color: #ff6600\"> Juan Miguel, Miguel i Antonio<\/span><\/h3>\n<h3 style=\"text-align: justify\"><span style=\"color: #ff6600\"><img data-recalc-dims=\"1\" decoding=\"async\" src=\"https:\/\/i0.wp.com\/lh3.googleusercontent.com\/-EJ-FDb5U_SM\/VlXvsQt8A2I\/AAAAAAAAYl0\/xZHSDmBrFWU\/s800-Ic42\/16-mossenairesPB211656.JPG?ssl=1\" alt=\"\" border=\"0\" \/><\/span><br \/>\n<span style=\"color: #ff6600\"> Fernando, despr\u00e9s de superar un petit desnivell<\/span><\/h3>\n<h3 style=\"text-align: justify\"><span style=\"color: #ff6600\"><img data-recalc-dims=\"1\" decoding=\"async\" src=\"https:\/\/i0.wp.com\/lh3.googleusercontent.com\/-hsyBlX7BesQ\/VlXvsW5E2WI\/AAAAAAAAYmA\/U5f-O41-AKQ\/s800-Ic42\/17-mossenairesPB211657.JPG?ssl=1\" alt=\"\" border=\"0\" \/><\/span><br \/>\n<span style=\"color: #ff6600\"> Simp\u00e0tica foto, amb la Cinta i la Mariona. Es veu que queien quatre gotes.<\/span><\/h3>\n<h3 style=\"text-align: justify\"><span style=\"color: #ff6600\"><img data-recalc-dims=\"1\" decoding=\"async\" src=\"https:\/\/i0.wp.com\/lh3.googleusercontent.com\/-2Apsdo4b5FA\/VlXvsihpt-I\/AAAAAAAAYl4\/9V2Wy_GpkQk\/s800-Ic42\/18-mossenairesPB211658.JPG?ssl=1\" alt=\"\" border=\"0\" \/><\/span><br \/>\n<span style=\"color: #ff6600\"> En Miquel Moreno, de Sabadell al costat de Jos\u00e9 Manuel<\/span><\/h3>\n<h3 style=\"text-align: justify\"><span style=\"color: #ff6600\"><img data-recalc-dims=\"1\" decoding=\"async\" src=\"https:\/\/i0.wp.com\/lh3.googleusercontent.com\/-I9dKJr9Tnfw\/VlXvto4d2fI\/AAAAAAAAYmQ\/JEFmGgbg5aA\/s800-Ic42\/19-mossenairesPB211659.JPG?ssl=1\" alt=\"\" border=\"0\" \/><\/span><br \/>\n<span style=\"color: #ff6600\"> Lourdes Viv\u00f3. Gr\u00e0cies per venir i per tercera vegada!!, vol dir que ja ets una Mossenaira del tot.<br \/>\n<\/span><\/h3>\n<h3 style=\"text-align: justify\"><span style=\"color: #ff6600\">I ens encaminem: b\u00e9, ens &#8220;encorrerem&#8221; cap l&#8217;antic hospital del T\u00f2rax, o ara l&#8217;Audiovisual de Terrassa.<\/span><\/h3>\n<h3 style=\"text-align: justify\"><span style=\"color: #ff6600\"><img data-recalc-dims=\"1\" decoding=\"async\" src=\"https:\/\/i0.wp.com\/lh3.googleusercontent.com\/-cXrTIGlmBBs\/VlXvuIeruDI\/AAAAAAAAYmg\/2C39OiGW2co\/s800-Ic42\/20-mossenairesPB211660.JPG?ssl=1\" alt=\"\" border=\"0\" \/><\/span><\/h3>\n<h3 style=\"text-align: justify\"><span style=\"color: #ff6600\"><img data-recalc-dims=\"1\" decoding=\"async\" src=\"https:\/\/i0.wp.com\/lh3.googleusercontent.com\/-0KgP3YgiDBo\/VlXvuEOpbAI\/AAAAAAAAYso\/2xh6TKo_cTw\/s800-Ic42\/21-mossenairesPB211661.JPG?ssl=1\" alt=\"\" border=\"0\" \/><\/span><\/h3>\n<h3 style=\"text-align: justify\"><span style=\"color: #ff6600\"><img data-recalc-dims=\"1\" decoding=\"async\" src=\"https:\/\/i0.wp.com\/lh3.googleusercontent.com\/-WDPU6LiwayU\/VlXvuh5i1rI\/AAAAAAAAYmk\/48GRtygDvvM\/s800-Ic42\/22-mossenairesPB211662.JPG?ssl=1\" alt=\"\" border=\"0\" \/><\/span><br \/>\n<span style=\"color: #ff6600\"> I amb en Juan Jose, en Xavi Pons, amb samarreta mossenaire.<\/span><\/h3>\n<h3 style=\"text-align: justify\"><span style=\"color: #ff6600\"><img data-recalc-dims=\"1\" decoding=\"async\" src=\"https:\/\/i0.wp.com\/lh3.googleusercontent.com\/-e8MRTH3aqG4\/VlXvu4V9YLI\/AAAAAAAAYoY\/SaZw8uY2Uuk\/s800-Ic42\/23-mossenairesPB211663.JPG?ssl=1\" alt=\"\" border=\"0\" \/><\/span><br \/>\n<span style=\"color: #ff6600\"> I l&#8217;Emilio Exp\u00f3sito, que tamb\u00e9 anava vestit de Mossenaire. Gr\u00e0cies!<\/span><\/h3>\n<h3 style=\"text-align: justify\"><span style=\"color: #ff6600\"><img data-recalc-dims=\"1\" decoding=\"async\" src=\"https:\/\/i0.wp.com\/lh3.googleusercontent.com\/-KPVoHDTZ0G0\/VlXvvTazfbI\/AAAAAAAAYmw\/jm7LHJaPyeo\/s800-Ic42\/24-mossenairesPB211664.JPG?ssl=1\" alt=\"\" border=\"0\" \/><\/span><br \/>\n<span style=\"color: #ff6600\"> En Carles va cap a la cua<\/span><\/h3>\n<h3 style=\"text-align: justify\"><span style=\"color: #ff6600\"><img data-recalc-dims=\"1\" decoding=\"async\" src=\"https:\/\/i0.wp.com\/lh3.googleusercontent.com\/-sgYFVjsuAVE\/VlXvwcZv39I\/AAAAAAAAYm4\/ZcbRaB02vSk\/s800-Ic42\/25-mossenairesPB211665.JPG?ssl=1\" alt=\"\" border=\"0\" \/><\/span><br \/>\n<span style=\"color: #ff6600\"> Marc i Oriol, i veiem les anades i tornades dels corredors solidaris<\/span><\/h3>\n<h3 style=\"text-align: justify\"><span style=\"color: #ff6600\"><img data-recalc-dims=\"1\" decoding=\"async\" src=\"https:\/\/i0.wp.com\/lh3.googleusercontent.com\/-l34-klu5Ol4\/VlXvv4cC1jI\/AAAAAAAAYog\/ETbGJh2ja_A\/s800-Ic42\/26-mossenairesPB211666.JPG?ssl=1\" alt=\"\" border=\"0\" \/><\/span><br \/>\n<span style=\"color: #ff6600\"> Sandra, Raquel, Angel, Javier<\/span><\/h3>\n<h3 style=\"text-align: justify\"><span style=\"color: #ff6600\"><img data-recalc-dims=\"1\" decoding=\"async\" src=\"https:\/\/i0.wp.com\/lh3.googleusercontent.com\/-Mw92xDu3MM8\/VlXvwbfr9NI\/AAAAAAAAYnE\/oLYdJ46LSeo\/s800-Ic42\/27-mossenairesPB211667.JPG?ssl=1\" alt=\"\" border=\"0\" \/><\/span><br \/>\n<span style=\"color: #ff6600\"> Joan Fort\u00e9, un luxe<\/span><\/h3>\n<h3 style=\"text-align: justify\"><span style=\"color: #ff6600\"><img data-recalc-dims=\"1\" decoding=\"async\" src=\"https:\/\/i0.wp.com\/lh3.googleusercontent.com\/-3hufc_pjgWM\/VlXvxLepY5I\/AAAAAAAAYnM\/U9IkxBGEO78\/s800-Ic42\/28-mossenairesPB211668.JPG?ssl=1\" alt=\"\" border=\"0\" \/><\/span><br \/>\n<span style=\"color: #ff6600\"> Pepe, Anna, Tottu<\/span><\/h3>\n<h3 style=\"text-align: justify\"><span style=\"color: #ff6600\"><img data-recalc-dims=\"1\" decoding=\"async\" src=\"https:\/\/i0.wp.com\/lh3.googleusercontent.com\/-lp5zPYG7Upg\/VlXvxs70EoI\/AAAAAAAAYso\/_BYFQPuhWRg\/s800-Ic42\/29-mossenairesPB211669.JPG?ssl=1\" alt=\"\" border=\"0\" \/><\/span><br \/>\n<span style=\"color: #ff6600\"> I sembla que tenim m\u00e9s pistes d&#8217;on som i cap on anem<\/span><\/h3>\n<h3 style=\"text-align: justify\"><span style=\"color: #ff6600\"><img data-recalc-dims=\"1\" decoding=\"async\" src=\"https:\/\/i0.wp.com\/lh3.googleusercontent.com\/-fa_2SOFtnhQ\/VlXvyBmgD8I\/AAAAAAAAYo8\/XrLGBSfAEtA\/s800-Ic42\/30-mossenairesPB211670.JPG?ssl=1\" alt=\"\" border=\"0\" \/><\/span><br \/>\n<span style=\"color: #ff6600\"> \u2026 i a on arribem<\/span><\/h3>\n<h3 style=\"text-align: justify\"><span style=\"color: #ff6600\"><img data-recalc-dims=\"1\" decoding=\"async\" src=\"https:\/\/i0.wp.com\/lh3.googleusercontent.com\/-M5prfT10Pko\/VlXvyUfBflI\/AAAAAAAAYnc\/b7dVMkE4rFY\/s800-Ic42\/31-mossenairesPB211671.JPG?ssl=1\" alt=\"\" border=\"0\" \/><\/span><br \/>\n<span style=\"color: #ff6600\"> Antonio, que fa poc ha estat pare de la Carla. Enhorabona !!<\/span><\/h3>\n<h3 style=\"text-align: justify\"><span style=\"color: #ff6600\"><img data-recalc-dims=\"1\" decoding=\"async\" src=\"https:\/\/i0.wp.com\/lh3.googleusercontent.com\/-4fGj7SXjS3k\/VlXvytzjvuI\/AAAAAAAAYng\/5izT1g-bSl0\/s800-Ic42\/32-mossenairesPB211672.JPG?ssl=1\" alt=\"\" border=\"0\" \/><\/span><br \/>\n<span style=\"color: #ff6600\"> Mariona, Hassan, Juan Miguel<\/span><\/h3>\n<h3 style=\"text-align: justify\"><span style=\"color: #ff6600\"><img data-recalc-dims=\"1\" decoding=\"async\" src=\"https:\/\/i0.wp.com\/lh3.googleusercontent.com\/-YXpC2tOtoz8\/VlXvzPF-KHI\/AAAAAAAAYnw\/weQcp_pbgoI\/s800-Ic42\/33-mossenairesPB211673.JPG?ssl=1\" alt=\"\" border=\"0\" \/><\/span><br \/>\n<span style=\"color: #ff6600\"> I el nostre nominat &#8220;Mossenaire d&#8217;honor&#8221;, a punt de ser-ne declarat<\/span><\/h3>\n<h3 style=\"text-align: justify\"><span style=\"color: #ff6600\"><img data-recalc-dims=\"1\" decoding=\"async\" src=\"https:\/\/i0.wp.com\/lh3.googleusercontent.com\/-PG42XXXu4LI\/VlXvzimo-iI\/AAAAAAAAYn0\/0N2Q6YGMluA\/s800-Ic42\/34-mossenairesPB211674.JPG?ssl=1\" alt=\"\" border=\"0\" \/><\/span><br \/>\n<span style=\"color: #ff6600\"> La Cinta i la Lourdes<br \/>\n<\/span><\/h3>\n<h3 style=\"text-align: justify\"><span style=\"color: #ff6600\"><img data-recalc-dims=\"1\" decoding=\"async\" src=\"https:\/\/i0.wp.com\/lh3.googleusercontent.com\/-KXo4iY8MXyI\/VlXvzx_VGPI\/AAAAAAAAYn4\/t0uoP4bPwCg\/s800-Ic42\/35-mossenairesPB211675.JPG?ssl=1\" alt=\"\" border=\"0\" \/><\/span><br \/>\n<span style=\"color: #ff6600\"> La Contxita, que ens deia que tenia moltes ganes de venir cap aquest indret i que, tot i ser lloc conegut, mai hi havia vingut amb tots vosaltres. Seguida per la Sandra i la Raquel<\/span><\/h3>\n<h3 style=\"text-align: justify\"><span style=\"color: #ff6600\"><img data-recalc-dims=\"1\" decoding=\"async\" src=\"https:\/\/i0.wp.com\/lh3.googleusercontent.com\/-_vVaM_b27RA\/VlXv0XFeIBI\/AAAAAAAAYoA\/07ZNe4ozZag\/s800-Ic42\/36-mossenairesPB211676.JPG?ssl=1\" alt=\"\" border=\"0\" \/><\/span><br \/>\n<span style=\"color: #ff6600\"> En Marc, sembla que prudentement mirant de re\u00fcll de no caure.<\/span><\/h3>\n<h3 style=\"text-align: justify\"><span style=\"color: #ff6600\"><img data-recalc-dims=\"1\" decoding=\"async\" src=\"https:\/\/i0.wp.com\/lh3.googleusercontent.com\/-Gpto6ggMxUo\/VlXv0wAKxtI\/AAAAAAAAYpA\/btuE0BpfLxY\/s800-Ic42\/37-mossenairesPB211677.JPG?ssl=1\" alt=\"\" border=\"0\" \/><\/span><br \/>\n<span style=\"color: #ff6600\"> Miquel Piqueras, no falla mai.<\/span><\/h3>\n<h3 style=\"text-align: justify\"><span style=\"color: #ff6600\"><img data-recalc-dims=\"1\" decoding=\"async\" src=\"https:\/\/i0.wp.com\/lh3.googleusercontent.com\/-e_ThTMhbXTU\/VlXv1j5S1aI\/AAAAAAAAYsk\/tJaBsTmWr_s\/s800-Ic42\/38-mossenairesPB211678.JPG?ssl=1\" alt=\"\" border=\"0\" \/><\/span><br \/>\n<span style=\"color: #ff6600\"> Diego i Sandra. La Sandra al 2016 ha prom\u00e8s ser mossenaire d&#8217;honor\u2026 d&#8217;aqu\u00ed cinc setmanes?<\/span><\/h3>\n<h3 style=\"text-align: justify\"><span style=\"color: #ff6600\"><img data-recalc-dims=\"1\" decoding=\"async\" src=\"https:\/\/i0.wp.com\/lh3.googleusercontent.com\/-WqjpJifNM_A\/VlXv11eE5dI\/AAAAAAAAYoU\/69Mtc1lUW6o\/s800-Ic42\/39-mossenairesPB211679.JPG?ssl=1\" alt=\"\" border=\"0\" \/><\/span><br \/>\n<span style=\"color: #ff6600\"> Yuma ha fet un gran bany<\/span><\/h3>\n<h3 style=\"text-align: justify\"><span style=\"color: #ff6600\"><img data-recalc-dims=\"1\" decoding=\"async\" src=\"https:\/\/i0.wp.com\/lh3.googleusercontent.com\/-6dC8o8IoJ6U\/VlXv2IL1ARI\/AAAAAAAAYpI\/YVCfQ0B-puc\/s800-Ic42\/40-mossenairesPB211680.JPG?ssl=1\" alt=\"\" border=\"0\" \/><\/span><\/h3>\n<h3 style=\"text-align: justify\"><span style=\"color: #ff6600\"><img data-recalc-dims=\"1\" decoding=\"async\" src=\"https:\/\/i0.wp.com\/lh3.googleusercontent.com\/-KjocoxGGO3M\/VlXv2RMqwzI\/AAAAAAAAYoc\/3dtA-tBy-CM\/s800-Ic42\/41-mossenairesPB211681.JPG?ssl=1\" alt=\"\" border=\"0\" \/><\/span><br \/>\n<span style=\"color: #ff6600\"> Ha gaudit de valent, Quin gos m\u00e9s maco.<\/span><\/h3>\n<h3 style=\"text-align: justify\"><span style=\"color: #ff6600\"><img data-recalc-dims=\"1\" decoding=\"async\" src=\"https:\/\/i0.wp.com\/lh3.googleusercontent.com\/-A6vC33sE9Hk\/VlXv3I8PjcI\/AAAAAAAAYo4\/Ndh5NDwa21Y\/s800-Ic42\/42-mossenairesPB211682.JPG?ssl=1\" alt=\"\" border=\"0\" \/><\/span><br \/>\n<span style=\"color: #ff6600\"> Antonio Pulido !!!<\/span><\/h3>\n<h3 style=\"text-align: justify\"><span style=\"color: #ff6600\"><img data-recalc-dims=\"1\" decoding=\"async\" src=\"https:\/\/i0.wp.com\/lh3.googleusercontent.com\/-C_YSrruHG40\/VlXv3s4ipCI\/AAAAAAAAYqc\/R9U5tt2NFkM\/s800-Ic42\/43-mossenairesPB211683.JPG?ssl=1\" alt=\"\" border=\"0\" \/><\/span><br \/>\n<span style=\"color: #ff6600\"> \u2026 a pocs dies de ser pare per primera vegada, d&#8217;una bonica nena: la Carla. Enhorabona de part de tothom!!<\/span><\/h3>\n<h3 style=\"text-align: justify\"><span style=\"color: #ff6600\"><img data-recalc-dims=\"1\" decoding=\"async\" src=\"https:\/\/i0.wp.com\/lh3.googleusercontent.com\/-sjaXHiiBnJI\/VlXv3j4VsQI\/AAAAAAAAYow\/M5vfGSYyoks\/s800-Ic42\/44-mossenairesPB211684.JPG?ssl=1\" alt=\"\" border=\"0\" \/><\/span><br \/>\n<span style=\"color: #ff6600\"> Juan Miqugel\u2026 avui<\/span><\/h3>\n<h3 style=\"text-align: justify\"><span style=\"color: #ff6600\"><img data-recalc-dims=\"1\" decoding=\"async\" src=\"https:\/\/i0.wp.com\/lh3.googleusercontent.com\/-euSV6Sdvl3M\/VlXv4nCnlMI\/AAAAAAAAYpE\/eJeWLHErbLM\/s800-Ic42\/45-mossenairesPB211685.JPG?ssl=1\" alt=\"\" border=\"0\" \/><\/span><br \/>\n<span style=\"color: #ff6600\"> El nostre flamant &#8220;Mossenaire d&#8217;honor&#8221; Juan Miguel Romero<\/span><\/h3>\n<h3 style=\"text-align: justify\"><span style=\"color: #ff6600\"><img data-recalc-dims=\"1\" decoding=\"async\" src=\"https:\/\/i0.wp.com\/lh3.googleusercontent.com\/-4Vgp_Kf7xXw\/VlXv5uGyTTI\/AAAAAAAAYpc\/rlNRMeuLnQM\/s800-Ic42\/47-mossenairesPB211691.JPG?ssl=1\" alt=\"\" border=\"0\" \/><\/span><\/h3>\n<h3 style=\"text-align: justify\"><span style=\"color: #ff6600\"><img data-recalc-dims=\"1\" decoding=\"async\" src=\"https:\/\/i0.wp.com\/lh3.googleusercontent.com\/-tn0lAeDjo00\/VlXv6SCgc1I\/AAAAAAAAYps\/yMSyENONfGw\/s800-Ic42\/48-mossenairesPB211692.JPG?ssl=1\" alt=\"\" border=\"0\" \/><\/span><\/h3>\n<h3 style=\"text-align: justify\"><span style=\"color: #ff6600\"><img data-recalc-dims=\"1\" decoding=\"async\" src=\"https:\/\/i0.wp.com\/lh3.googleusercontent.com\/-0Uoz8jwBf6g\/VlXv7tsE0FI\/AAAAAAAAYqM\/hAJiNDSMxyk\/s800-Ic42\/49-mossenairesPB211693.JPG?ssl=1\" alt=\"\" border=\"0\" \/><\/span><\/h3>\n<h3 style=\"text-align: justify\"><span style=\"color: #ff6600\"><img data-recalc-dims=\"1\" decoding=\"async\" src=\"https:\/\/i0.wp.com\/lh3.googleusercontent.com\/-IJjxjlSY74I\/VlXv8AagjpI\/AAAAAAAAYp4\/IRdnjZy-gRY\/s800-Ic42\/50-mossenairesPB211694.JPG?ssl=1\" alt=\"\" border=\"0\" \/><\/span><\/h3>\n<h3 style=\"text-align: justify\"><span style=\"color: #ff6600\">Un seguit de fotografies de record d&#8217;un dia \u00fanic: el d&#8217;avui. Gr\u00e0cies per venir!<\/span><\/h3>\n<h3 style=\"text-align: justify\"><span style=\"color: #ff6600\"><img data-recalc-dims=\"1\" decoding=\"async\" src=\"https:\/\/i0.wp.com\/lh3.googleusercontent.com\/-GRT7HByeT1Q\/VlXv8aqVbWI\/AAAAAAAAYpw\/x4U5YDCciio\/s800-Ic42\/51-mossenairesPB211695.JPG?ssl=1\" alt=\"\" border=\"0\" \/><\/span><br \/>\n<span style=\"color: #ff6600\"> I Carles Salmer\u00f3n passa el primer<\/span><\/h3>\n<h3 style=\"text-align: justify\"><span style=\"color: #ff6600\"><img data-recalc-dims=\"1\" decoding=\"async\" src=\"https:\/\/i0.wp.com\/lh3.googleusercontent.com\/-K7ozlouTaBc\/VlXv9JDl-ZI\/AAAAAAAAYqE\/PtqhU_29f1k\/s800-Ic42\/52-mossenairesPB211696.JPG?ssl=1\" alt=\"\" border=\"0\" \/><\/span><br \/>\n<span style=\"color: #ff6600\"> Marc Roura, el seg\u00f3n<\/span><\/h3>\n<h3 style=\"text-align: justify\"><span style=\"color: #ff6600\"><img data-recalc-dims=\"1\" decoding=\"async\" src=\"https:\/\/i0.wp.com\/lh3.googleusercontent.com\/-7qsGRNjfUNg\/VlXv-ClhKAI\/AAAAAAAAYqQ\/PWwBg4TIXA0\/s800-Ic42\/53-mossenairesPB211697.JPG?ssl=1\" alt=\"\" border=\"0\" \/><\/span><br \/>\n<span style=\"color: #ff6600\"> Sandra Mart\u00ednez<\/span><\/h3>\n<h3 style=\"text-align: justify\"><span style=\"color: #ff6600\"><img data-recalc-dims=\"1\" decoding=\"async\" src=\"https:\/\/i0.wp.com\/lh3.googleusercontent.com\/-DGoQTsDIiKs\/VlXv-BvVuuI\/AAAAAAAAYqU\/ey6v3m_B6rY\/s800-Ic42\/54-mossenairesPB211698.JPG?ssl=1\" alt=\"\" border=\"0\" \/><\/span><br \/>\n<span style=\"color: #ff6600\"> Sandra Fern\u00e1ndez<\/span><\/h3>\n<h3 style=\"text-align: justify\"><span style=\"color: #ff6600\"><img data-recalc-dims=\"1\" decoding=\"async\" src=\"https:\/\/i0.wp.com\/lh3.googleusercontent.com\/-W-jR2OPfSRg\/VlXv-f8SM3I\/AAAAAAAAYqY\/wp9Xq6PVDeo\/s800-Ic42\/55-mossenairesPB211699.JPG?ssl=1\" alt=\"\" border=\"0\" \/><\/span><br \/>\n<span style=\"color: #ff6600\"> Angel<\/span><\/h3>\n<h3 style=\"text-align: justify\"><span style=\"color: #ff6600\"><img data-recalc-dims=\"1\" decoding=\"async\" src=\"https:\/\/i0.wp.com\/lh3.googleusercontent.com\/-rTSia8cOxMk\/VlXv_w_mh4I\/AAAAAAAAYqw\/trjsa_5PeHQ\/s800-Ic42\/58-mossenairesPB211707.JPG?ssl=1\" alt=\"\" border=\"0\" \/><\/span><br \/>\n<span style=\"color: #ff6600\"> I Antonio i l&#8217;Angel, es fotografien en el dia m\u00e9s important com a Mossenaira d&#8217;en Juan Miguel<\/span><\/h3>\n<h3 style=\"text-align: justify\"><span style=\"color: #ff6600\"><img data-recalc-dims=\"1\" decoding=\"async\" src=\"https:\/\/i0.wp.com\/lh3.googleusercontent.com\/-c8t-cuY3SPU\/VlXwBWMiPcI\/AAAAAAAAYrI\/vKul23w3J3g\/s800-Ic42\/59-mossenairesPB211708.JPG?ssl=1\" alt=\"\" border=\"0\" \/><\/span><br \/>\n<span style=\"color: #ff6600\"> Miquel, Antonio, Juan Miguel, Miguel, Angel, Miquel. Quatre Miquels !!<\/span><\/h3>\n<h3 style=\"text-align: justify\"><span style=\"color: #ff6600\"><img data-recalc-dims=\"1\" decoding=\"async\" src=\"https:\/\/i0.wp.com\/lh3.googleusercontent.com\/-06pgLvIAjkQ\/VlXwBxKCY9I\/AAAAAAAAYrg\/TPIpK1uELg8\/s800-Ic42\/60-mossenairesPB211709.JPG?ssl=1\" alt=\"\" border=\"0\" \/><\/span><br \/>\n<span style=\"color: #ff6600\"> Miquel, Antonio, Juan Miguel, Angel, Miquel<\/span><\/h3>\n<h3 style=\"text-align: justify\"><span style=\"color: #ff6600\"><img data-recalc-dims=\"1\" decoding=\"async\" src=\"https:\/\/i0.wp.com\/lh3.googleusercontent.com\/-4T3UKMR3iGU\/VlXwCIJjtdI\/AAAAAAAAYr8\/_5BWgRE3Jcs\/s800-Ic42\/61-mossenairesPB211710.JPG?ssl=1\" alt=\"\" border=\"0\" \/><\/span><br \/>\n<span style=\"color: #ff6600\"> I al costal del Audiovisual i d&#8217;orbital 40, on hi han gran quantitat d&#8217;empreses<\/span><\/h3>\n<h3 style=\"text-align: justify\"><span style=\"color: #ff6600\"><img data-recalc-dims=\"1\" decoding=\"async\" src=\"https:\/\/i0.wp.com\/lh3.googleusercontent.com\/-REzH9fkqWrY\/VlXwC4ycwkI\/AAAAAAAAYrU\/n9hzbzgc3V8\/s800-Ic42\/62-mossenairesPB211711.JPG?ssl=1\" alt=\"\" border=\"0\" \/><\/span><br \/>\n<span style=\"color: #ff6600\"> <a class=\"postlink\" style=\"color: #ff6600\" href=\"http:\/\/mossenhoms.netfreehost.com\/viewtopic.php?p=13236#13236\" target=\"_blank\">Juan Romero<\/a> que ens deia que pod\u00edem veure aigua a una font d&#8217;aqu\u00ed<\/span><br \/>\n<span style=\"color: #ff6600\"> <img data-recalc-dims=\"1\" decoding=\"async\" src=\"https:\/\/i0.wp.com\/lh3.googleusercontent.com\/-q0UG7ziFdOQ\/VlXwDhKs80I\/AAAAAAAAYrk\/RJoXBGR1MIk\/s800-Ic42\/63-mossenairesPB211712.JPG?ssl=1\" alt=\"\" border=\"0\" \/><\/span><br \/>\n<span style=\"color: #ff6600\"> Javier, Miguel, Angel, que anirien avall per anar m\u00e9s depressa al camp base<\/span><\/h3>\n<h3 style=\"text-align: justify\"><span style=\"color: #ff6600\"><img data-recalc-dims=\"1\" decoding=\"async\" src=\"https:\/\/i0.wp.com\/lh3.googleusercontent.com\/-o3BX2vR9Sw0\/VlXwEEVGxKI\/AAAAAAAAYrs\/z4Wrb8ZC0-Y\/s800-Ic42\/64-mossenairesPB211713.JPG?ssl=1\" alt=\"\" border=\"0\" \/><\/span><br \/>\n<span style=\"color: #ff6600\"> Travessem la riera per la llera,<\/span><\/h3>\n<h3 style=\"text-align: justify\"><span style=\"color: #ff6600\"><img data-recalc-dims=\"1\" decoding=\"async\" src=\"https:\/\/i0.wp.com\/lh3.googleusercontent.com\/-dIzYcwk9A-I\/VlXwEITH6RI\/AAAAAAAAYro\/Bum9e6E48o8\/s800-Ic42\/65-mossenairesPB211714.JPG?ssl=1\" alt=\"\" border=\"0\" \/><\/span><br \/>\n<span style=\"color: #ff6600\"> I n&#8217;hi ha que passen pel pont<\/span><br \/>\n<span style=\"color: #ff6600\"> <img data-recalc-dims=\"1\" decoding=\"async\" src=\"https:\/\/i0.wp.com\/lh3.googleusercontent.com\/-YpfVjLd7718\/VlXwEgD_uTI\/AAAAAAAAYsA\/3pyLmmm_zfg\/s800-Ic42\/66-mossenairesPB211715.JPG?ssl=1\" alt=\"\" border=\"0\" \/><\/span><br \/>\n<span style=\"color: #ff6600\"> Juanjo, seguit per en Xavi i l&#8217;Enrique-Nilo<\/span><\/h3>\n<h3 style=\"text-align: justify\"><span style=\"color: #ff6600\"><img data-recalc-dims=\"1\" decoding=\"async\" src=\"https:\/\/i0.wp.com\/lh3.googleusercontent.com\/-I8gnpGWybRk\/VlXwFKEpY9I\/AAAAAAAAYsE\/ZkQtuc7W6i8\/s800-Ic42\/67-mossenairesPB211716.JPG?ssl=1\" alt=\"\" border=\"0\" \/><\/span><br \/>\n<span style=\"color: #ff6600\"> Cinta, seguida per en David i l&#8217;Andreu, i Lourdes Viv\u00f3<br \/>\n<\/span><\/h3>\n<h3 style=\"text-align: justify\"><span style=\"color: #ff6600\"><img data-recalc-dims=\"1\" decoding=\"async\" src=\"https:\/\/i0.wp.com\/lh3.googleusercontent.com\/-6Hfhu6o1x_U\/VlXwFj793OI\/AAAAAAAAYsI\/9G36n-Maapc\/s800-Ic42\/68-mossenairesPB211718.JPG?ssl=1\" alt=\"\" border=\"0\" \/><\/span><br \/>\n<span style=\"color: #ff6600\"> De corredors.cat, en Tottu, el Mossenaire del Maresme i en Javier (pinelli31) . Avui sab\u00edem que vindria i vol\u00edem portar a en pinelli31 al llac i resulta que no ha vingut a c\u00f3rrer: tan sols a esmorzar. Catxis! Un altre cop ser\u00e0<\/span><\/h3>\n<h3 style=\"text-align: justify\"><span style=\"color: #ff6600\"><img data-recalc-dims=\"1\" decoding=\"async\" src=\"https:\/\/i0.wp.com\/lh3.googleusercontent.com\/-PbqqgOnneqE\/VlXwGNeODoI\/AAAAAAAAYsQ\/S7-y5k56r_g\/s800-Ic42\/69-mossenairesPB211719.JPG?ssl=1\" alt=\"\" border=\"0\" \/><\/span><br \/>\n<span style=\"color: #ff6600\"> Crec que a m\u00e9s d&#8217;amics, han fet el servei plegats i es coneixen fa un bon grapat d&#8217;anys<span class=\"gensmall\"><br \/>\n<\/span><\/span><\/h3>\n<h3 style=\"text-align: justify\"><\/h3>\n<h3 style=\"text-align: justify\"><span class=\"postbody\" style=\"color: #ff6600\"><a class=\"postlink\" style=\"color: #ff6600\" href=\"http:\/\/mossenhoms.netfreehost.com\/mossenhoms-post-13774.html#13774\" target=\"_blank\">El 16 de maig de 2015 &lt;link&gt;<\/a> en Juan Miguel venia per primera vegada i recordo bastant la cara de sorpr\u00e8s. Venia aconsellat per en Miquel Piqueras i des d&#8217;aquell dia que gaireb\u00e9 no falla mai. Ens va prometre explicar-nos qui \u00e9s i li estem molts agra\u00efts i ens agrada molt tenir-lo al nostre costat. Ara a m\u00e9s, tamb\u00e9 explica a les seves amistats les virtuts de la colla i ens porta a noves amistats. Moltes gr\u00e0cies!! i per molts anys!!<br \/>\n<img data-recalc-dims=\"1\" decoding=\"async\" src=\"https:\/\/i0.wp.com\/lh3.googleusercontent.com\/-Heyt6mT4ZU8\/VlXwA8A2_SI\/AAAAAAAAYq4\/Ra7-Xf6mKyA\/s800-Ic42\/56-mossenairesPB211703a.JPG?ssl=1\" alt=\"\" border=\"0\" \/><\/span><\/h3>\n<h3 style=\"text-align: justify\"><span style=\"color: #ff6600\"><img data-recalc-dims=\"1\" decoding=\"async\" src=\"https:\/\/i0.wp.com\/lh3.googleusercontent.com\/-pvr0c8_JvOE\/VlXv_ikIWPI\/AAAAAAAAYqo\/eW6e3xTJq9w\/s800-Ic42\/57-mossenairesPB211705a.JPG?ssl=1\" alt=\"\" border=\"0\" \/><\/span><\/h3>\n<h3 style=\"text-align: justify\"><em><span style=\"color: #0000ff\">Hola a todos,<\/span><\/em><br \/>\n<em><span style=\"color: #0000ff\"> Es para m\u00ed un privilegio el haber sido nombrado Mossenaire d \u2018Honor.<\/span><\/em><\/h3>\n<h3 style=\"text-align: justify\"><em><span style=\"color: #0000ff\">Agradezco enormemente la oportunidad de formar parte de un grupo tan entusiasta como el vuestro donde la m\u00e1xima es \u201cHacer deporte en compa\u00f1\u00eda de amigos o lo que es igual HACER SALUD\u201d.<\/span><\/em><\/h3>\n<h3 style=\"text-align: justify\"><em><span style=\"color: #0000ff\">Durante unos a\u00f1os he llevado una vida trepidante donde el trabajo y el estr\u00e9s ocupaban la mayor parte de mi tiempo.<\/span><\/em><\/h3>\n<h3 style=\"text-align: justify\"><em><span style=\"color: #0000ff\">Por circunstancias del destino he dado un giro a mi vida y he decidido comenzar de cero. Era hora de plantearme que deb\u00eda tomar conciencia de mis 50 y \u201cpocos\u201d a\u00f1os y tomarme en serio esto de la salud.<\/span><\/em><\/h3>\n<h3 style=\"text-align: justify\"><em><span style=\"color: #0000ff\">En un primer momento comenc\u00e9 a hacer deporte en solitario en un gimnasio dom\u00e9stico, luego a correr por la calle hasta que, a trav\u00e9s de mi buen amigo Miguel Piqueras tuve conocimiento del grupo de los Mossenaires, donde un grupo de amigos se reun\u00edan a correr cada semana.<\/span><\/em><\/h3>\n<h3 style=\"text-align: justify\"><em><span style=\"color: #0000ff\">Fue para m\u00ed todo un hallazgo ya que es la mejor terapia que uno puede aplicarse. Adem\u00e1s de ser una estupenda medicina para el cuerpo es una mejor medicina para el alma (adem\u00e1s de poner a nuestro cuerpo en forma la energ\u00eda positiva que se desprende con nuestras bromas, risas y buen rollo hace que uno se ponga la pilas y mire la vida desde otra perspectiva).<\/span><\/em><\/h3>\n<h3 style=\"text-align: justify\"><em><span style=\"color: #0000ff\">No soy muy entendido en ciencia pero lo que dicen los entendidos de que el liberar endorfinas ayuda a ser feliz se puede decir que es verdad.<\/span><\/em><\/h3>\n<h3 style=\"text-align: justify\"><em><span style=\"color: #0000ff\">Animo a todas a aquellas personas que quieran pasar un rato magn\u00edfico corriendo y hacer nuevas amistades se unan al club de los MOSSENAIRES, seguro que no se arrepentir\u00e1n y ser\u00e1 un antes y un despu\u00e9s en sus vidas.<\/span><\/em><\/h3>\n<h3 style=\"text-align: justify\"><em><span style=\"color: #0000ff\">Resaltar, sobre todo, la constancia de Pep Moliner por su dedicaci\u00f3n altruista y su buen hacer.<\/span><\/em><\/h3>\n<h3 style=\"text-align: justify\"><em><span style=\"color: #0000ff\">Muchos saludos a todos y a correr que la vida es breve\u2026!!!<\/span><\/em><\/h3>\n<table cellspacing=\"0\" align=\"left\">\n<tbody>\n<tr style=\"text-align: justify\">\n<td>\n<h3><span style=\"color: #ff6600\"><img data-recalc-dims=\"1\" decoding=\"async\" class=\"decoded\" src=\"https:\/\/i0.wp.com\/josepmoliner.com\/chiptiempo.gif\" alt=\"http:\/\/josepmoliner.com\/chiptiempo.gif\" \/><\/span><\/h3>\n<\/td>\n<td>\n<h3><img data-recalc-dims=\"1\" decoding=\"async\" class=\"decoded\" src=\"https:\/\/i0.wp.com\/josepmoliner.com\/centreMedicAvinguda.gif\" alt=\"http:\/\/josepmoliner.com\/centreMedicAvinguda.gif\" \/><\/h3>\n<\/td>\n<\/tr>\n<tr style=\"text-align: justify\">\n<td>\n<h3><span style=\"color: #ff6600\"><strong><a style=\"color: #ff6600\" href=\"http:\/\/www.elroure.net\/fisioterapiaroura\/\" target=\"_blank\"><img data-recalc-dims=\"1\" decoding=\"async\" src=\"https:\/\/i0.wp.com\/elroure.net\/fisioterapiaroura\/Fisioterapia_elroure.gif\" alt=\"\" \/><\/a><\/strong><\/span><\/h3>\n<\/td>\n<td>\n<h3><span style=\"color: #ff6600\"><a style=\"color: #ff6600\" href=\"http:\/\/www.fupar.es\/ca\/establiments-comercials-fupar-terrassa\/neteja-de-vehicles\/\" target=\"_blank\"><img data-recalc-dims=\"1\" decoding=\"async\" src=\"https:\/\/i0.wp.com\/josepmoliner.com\/fupar_rentat2015.gif\" alt=\"\" align=\"top\" \/><\/a><\/span><\/h3>\n<\/td>\n<\/tr>\n<tr style=\"text-align: justify\">\n<td>\n<h3><span style=\"color: #ff6600\"><a style=\"color: #ff6600\" href=\"http:\/\/www.californiasports.es\" target=\"_blank\"><img data-recalc-dims=\"1\" decoding=\"async\" src=\"https:\/\/i0.wp.com\/josepmoliner.com\/californiasports\/california_sports2015.gif\" alt=\"\" \/><\/a><\/span><\/h3>\n<\/td>\n<td>\n<h3><span style=\"color: #ff6600\"><strong><a style=\"color: #ff6600\" href=\"http:\/\/www.egargrafic.com\/\" target=\"_blank\"><img data-recalc-dims=\"1\" decoding=\"async\" src=\"https:\/\/i0.wp.com\/www.josepmoliner.com\/egargrafic2.gif\" alt=\"\" \/><\/a><\/strong><\/span><\/h3>\n<\/td>\n<\/tr>\n<tr style=\"text-align: justify\">\n<td>\n<h3><span style=\"color: #ff6600\"><strong><a style=\"color: #ff6600\" href=\"http:\/\/xn--esportskera-8db.com\/?page_id=68\" target=\"_blank\"><img data-recalc-dims=\"1\" decoding=\"async\" src=\"https:\/\/i0.wp.com\/www.josepmoliner.com\/knyera_esports2014.gif\" alt=\"\" \/><\/a><\/strong><\/span><\/h3>\n<\/td>\n<td>\n<h3><span style=\"color: #ff6600\"><strong><a style=\"color: #ff6600\" href=\"http:\/\/www.elroure.net\/\" target=\"_blank\"><img data-recalc-dims=\"1\" decoding=\"async\" src=\"https:\/\/i0.wp.com\/elroure.net\/rourenet.gif\" alt=\"\" \/><\/a><\/strong><\/span><\/h3>\n<\/td>\n<\/tr>\n<tr style=\"text-align: justify\">\n<td>\n<h3><span style=\"color: #ff6600\"><strong><a style=\"color: #ff6600\" href=\"http:\/\/www.esportsavinguda.tk\/\" target=\"_blank\"><img data-recalc-dims=\"1\" decoding=\"async\" src=\"https:\/\/i0.wp.com\/josepmoliner.com\/esportsavinguda2.gif\" alt=\"\" \/><\/a><\/strong><\/span><\/h3>\n<\/td>\n<td>\n<h3><span style=\"color: #ff6600\"><strong><a style=\"color: #ff6600\" href=\"http:\/\/civeracampoy.com\/index.php\/es\/\" target=\"_blank\"><img data-recalc-dims=\"1\" decoding=\"async\" src=\"https:\/\/i0.wp.com\/josepmoliner.com\/Civera%26Campoy.gif\" alt=\"\" \/><\/a><\/strong><\/span><\/h3>\n<\/td>\n<\/tr>\n<tr style=\"text-align: justify\">\n<td>\n<h3><span style=\"color: #ff6600\"><a style=\"color: #ff6600\" href=\"http:\/\/www.fupar.es\/ca\/establiments-comercials-fupar-terrassa\/centre-de-jardineria\/\" target=\"_blank\"><img data-recalc-dims=\"1\" decoding=\"async\" src=\"https:\/\/i0.wp.com\/josepmoliner.com\/fupar_garden2015.gif\" alt=\"http:\/\/josepmoliner.com\/fupar_garden2015.gif\" \/><\/a><\/span><\/h3>\n<\/td>\n<td>\n<h3><span style=\"color: #ff6600\"><strong><a style=\"color: #ff6600\" href=\"http:\/\/www.eledevall.com\/\" target=\"_blank\"><img data-recalc-dims=\"1\" decoding=\"async\" src=\"https:\/\/i0.wp.com\/josepmoliner.com\/eledevall.gif\" alt=\"\" \/><\/a><\/strong><\/span><\/h3>\n<\/td>\n<\/tr>\n<tr style=\"text-align: justify\">\n<td>\n<h3><span style=\"color: #ff6600\"><strong><a style=\"color: #ff6600\" href=\"mailto:banner@mossenhoms.be\">vols el teu banner?<\/a><\/strong><\/span><\/h3>\n<\/td>\n<td>\n<h3><span style=\"color: #ff6600\"><a style=\"color: #ff6600\" href=\"http:\/\/www.fupar.es\/ca\/establiments-comercials-fupar-terrassa\/floristeria-terrassa\/\" target=\"_blank\"><img data-recalc-dims=\"1\" decoding=\"async\" src=\"https:\/\/i0.wp.com\/josepmoliner.com\/fupar_floristeria2015.gif\" alt=\"\" \/><\/a><\/span><\/h3>\n<\/td>\n<\/tr>\n<\/tbody>\n<\/table>\n","protected":false},"excerpt":{"rendered":"<p>Fer dels entorns naturals de #Terrassa un lloc de gaudiment pels que hem decidit fer del c\u00f3rrer un motiu m\u00e9s per ser feli\u00e7os. L&#8217;oportunitat de visitar una vegada i una altra, racons com el d&#8217;avui, el Llac de Can Boguny\u00e0 i tamb\u00e9 anomenat Llac petit. Anar-hi al vostre costat \u00e9s un plus. Veure-us les cares [&hellip;]<\/p>\n","protected":false},"author":171,"featured_media":0,"comment_status":"open","ping_status":"open","sticky":false,"template":"","format":"standard","meta":{"jetpack_post_was_ever_published":false,"_jetpack_newsletter_access":"","_jetpack_dont_email_post_to_subs":false,"_jetpack_newsletter_tier_id":0,"_jetpack_memberships_contains_paywalled_content":false,"_jetpack_memberships_contains_paid_content":false,"footnotes":"","jetpack_publicize_message":"","jetpack_publicize_feature_enabled":true,"jetpack_social_post_already_shared":false,"jetpack_social_options":{"image_generator_settings":{"template":"highway","default_image_id":0,"font":"","enabled":false},"version":2}},"categories":[1644,5580,4554,25102],"tags":[],"class_list":["post-3965","post","type-post","status-publish","format-standard","hentry","category-correr","category-entrenaments","category-mossenaires","category-mossenhoms-be"],"jetpack_publicize_connections":[],"jetpack_featured_media_url":"","jetpack_sharing_enabled":true,"jetpack_shortlink":"https:\/\/wp.me\/pagkiK-11X","jetpack-related-posts":[{"id":653,"url":"https:\/\/blogs.avui.cat\/pepmoliner\/2011\/04\/14\/llac-petit-a-terrassa\/","url_meta":{"origin":3965,"position":0},"title":"Llac Petit a Terrassa","author":"Pep Moliner","date":"14 d'abril de 2011","format":false,"excerpt":"Si els dissabtes entrenem tota una bona colla de gent que ens auto-anomenem Mossenaires, com a definici\u00f3 de corredor que surt els dissabtes a les 08:00 i a la intenci\u00f3 de compartir una bona estona plegats; qu\u00e8 us he de dir dels \u00c8gara-Mossenaires. Amics que despr\u00e9s de tot un dia\u2026","rel":"","context":"A &quot;General&quot;","block_context":{"text":"General","link":"https:\/\/blogs.avui.cat\/pepmoliner\/category\/general\/"},"img":{"alt_text":"","src":"","width":0,"height":0},"classes":[]},{"id":673,"url":"https:\/\/blogs.avui.cat\/pepmoliner\/2011\/04\/29\/una-mica-desport-i-natura\/","url_meta":{"origin":3965,"position":1},"title":"Una mica d&#8217;esport i natura","author":"Pep Moliner","date":"29 d'abril de 2011","format":false,"excerpt":"No tinc perd\u00f3; vaig endarrerint el bloc i aix\u00f2 que em passen coses que: qui sap, igual a alg\u00fa li pot interessar, coses esportives o de les altres que m'hagin pogut passar. Per exemple; fer la cursa del Corte Ingl\u00e9s gaudint d'all\u00f2 m\u00e9s, amb l'Oriol Farr\u00e9. Un dia en el\u2026","rel":"","context":"A &quot;General&quot;","block_context":{"text":"General","link":"https:\/\/blogs.avui.cat\/pepmoliner\/category\/general\/"},"img":{"alt_text":"","src":"","width":0,"height":0},"classes":[]},{"id":6257,"url":"https:\/\/blogs.avui.cat\/pepmoliner\/2025\/09\/27\/anem-al-llac-petit-2\/","url_meta":{"origin":3965,"position":2},"title":"Anem al Llac Petit","author":"Pep Moliner","date":"27 de setembre de 2025","format":false,"excerpt":"Com \u00e9s que fem un dia, un circuit i un altre dia diferent?\u00a0Tot i ser aleatori, tenim circuits que\u00a0direm\u00a0estrella, donat que els camins s\u00f3n macos i el paisatge encara m\u00e9s. El que procurem que estiguin entorn dels deu quil\u00f2metres els que correm i de sis el que caminem.\u00a0La ra\u00f3 \u00e9s\u2026","rel":"","context":"A &quot;c\u00f3rrer&quot;","block_context":{"text":"c\u00f3rrer","link":"https:\/\/blogs.avui.cat\/pepmoliner\/category\/correr\/"},"img":{"alt_text":"","src":"https:\/\/i0.wp.com\/blogger.googleusercontent.com\/img\/b\/R29vZ2xl\/AVvXsEgHb8gTJB3jX7g7BONtaVPj2HobJ1GgDCU6IGsvJXDMAPyfRoQzL1roxM8AYuGdA94nCyJ2uA0HayPi5CYRdNwe-jrbvM5pid0Ny5xKviCWhlZTYpQfukWKgq7dv4qEaxCXOiOj9h_VhYKvjToDb95MAaYflQ4i5-ThC2bZUa2zf-MRlG_8EHkF_uBB6SeZ\/w640-h360\/1-Captura%20de%20pantalla%202025-10-03%20055353.jpg?resize=350%2C200&ssl=1","width":350,"height":200,"srcset":"https:\/\/i0.wp.com\/blogger.googleusercontent.com\/img\/b\/R29vZ2xl\/AVvXsEgHb8gTJB3jX7g7BONtaVPj2HobJ1GgDCU6IGsvJXDMAPyfRoQzL1roxM8AYuGdA94nCyJ2uA0HayPi5CYRdNwe-jrbvM5pid0Ny5xKviCWhlZTYpQfukWKgq7dv4qEaxCXOiOj9h_VhYKvjToDb95MAaYflQ4i5-ThC2bZUa2zf-MRlG_8EHkF_uBB6SeZ\/w640-h360\/1-Captura%20de%20pantalla%202025-10-03%20055353.jpg?resize=350%2C200&ssl=1 1x, https:\/\/i0.wp.com\/blogger.googleusercontent.com\/img\/b\/R29vZ2xl\/AVvXsEgHb8gTJB3jX7g7BONtaVPj2HobJ1GgDCU6IGsvJXDMAPyfRoQzL1roxM8AYuGdA94nCyJ2uA0HayPi5CYRdNwe-jrbvM5pid0Ny5xKviCWhlZTYpQfukWKgq7dv4qEaxCXOiOj9h_VhYKvjToDb95MAaYflQ4i5-ThC2bZUa2zf-MRlG_8EHkF_uBB6SeZ\/w640-h360\/1-Captura%20de%20pantalla%202025-10-03%20055353.jpg?resize=525%2C300&ssl=1 1.5x"},"classes":[]},{"id":6132,"url":"https:\/\/blogs.avui.cat\/pepmoliner\/2025\/03\/06\/llac-petit-i-font-de-can-vinyers-amb-mossenaires-2\/","url_meta":{"origin":3965,"position":3},"title":"Llac Petit i Font de Can Vinyers, amb Mossenaires","author":"Pep Moliner","date":"6 de mar\u00e7 de 2025","format":false,"excerpt":"Llac Petit t\u00e9 la millor cara: ple\u00a0fins al\u00a0capdamunt i a m\u00e9s ens ha acompanyat un dia fant\u00e0stic, amb una il\u00b7luminaci\u00f3 que afavoria gaudir d'un entorn Egarenc incomparable i molt apreciat pels que ens agrada c\u00f3rrer i caminar per la naturalesa que envolta Terrassa. Hem passat pel damunt de la presa\u2026","rel":"","context":"A &quot;General&quot;","block_context":{"text":"General","link":"https:\/\/blogs.avui.cat\/pepmoliner\/category\/general\/"},"img":{"alt_text":"","src":"https:\/\/i0.wp.com\/img.youtube.com\/vi\/rzToenXC330\/0.jpg?resize=350%2C200","width":350,"height":200},"classes":[]},{"id":750,"url":"https:\/\/blogs.avui.cat\/pepmoliner\/2011\/05\/25\/estem-a-terrassa-i-ens-agrada-correr-us-ho-podeu-creure\/","url_meta":{"origin":3965,"position":4},"title":"Estem a #Terrassa i ens agrada c\u00f3rrer: us ho podeu creure ?","author":"Pep Moliner","date":"25 de maig de 2011","format":false,"excerpt":"Imagina't a #Terrassa un dia que despr\u00e9s de passar-te tota una jornada laboral encaparrat a la crisi tamb\u00e9, i que abans del sopar, una colla d'amics t'esperin vulguin anar amb tu per uns camins espl\u00e8ndids de la part Nord de la nostra ciutat i junt amb ells, passis per camps,\u2026","rel":"","context":"A &quot;General&quot;","block_context":{"text":"General","link":"https:\/\/blogs.avui.cat\/pepmoliner\/category\/general\/"},"img":{"alt_text":"","src":"","width":0,"height":0},"classes":[]},{"id":4151,"url":"https:\/\/blogs.avui.cat\/pepmoliner\/2016\/05\/12\/chiki-al-llac-petit-amb-mossenaires\/","url_meta":{"origin":3965,"position":5},"title":"Chiki al Llac Petit amb Mossenaires","author":"Pep Moliner","date":"12 de maig de 2016","format":false,"excerpt":"La gent Mossenaire est\u00e9n els seus dominis per anar a un lloc que ens encanta\u00a0i que d'una manera incre\u00efble, es mant\u00e9 for\u00e7a b\u00e9 tot i no tenir un\u00a0manteniment. No hi ha papereres, no hi ha llum, no hi ha res m\u00e9s que\u00a0paisatges bonics i una aigua que no sabem ben\u2026","rel":"","context":"A &quot;c\u00f3rrer&quot;","block_context":{"text":"c\u00f3rrer","link":"https:\/\/blogs.avui.cat\/pepmoliner\/category\/correr\/"},"img":{"alt_text":"","src":"","width":0,"height":0},"classes":[]}],"_links":{"self":[{"href":"https:\/\/blogs.avui.cat\/pepmoliner\/wp-json\/wp\/v2\/posts\/3965","targetHints":{"allow":["GET"]}}],"collection":[{"href":"https:\/\/blogs.avui.cat\/pepmoliner\/wp-json\/wp\/v2\/posts"}],"about":[{"href":"https:\/\/blogs.avui.cat\/pepmoliner\/wp-json\/wp\/v2\/types\/post"}],"author":[{"embeddable":true,"href":"https:\/\/blogs.avui.cat\/pepmoliner\/wp-json\/wp\/v2\/users\/171"}],"replies":[{"embeddable":true,"href":"https:\/\/blogs.avui.cat\/pepmoliner\/wp-json\/wp\/v2\/comments?post=3965"}],"version-history":[{"count":5,"href":"https:\/\/blogs.avui.cat\/pepmoliner\/wp-json\/wp\/v2\/posts\/3965\/revisions"}],"predecessor-version":[{"id":3971,"href":"https:\/\/blogs.avui.cat\/pepmoliner\/wp-json\/wp\/v2\/posts\/3965\/revisions\/3971"}],"wp:attachment":[{"href":"https:\/\/blogs.avui.cat\/pepmoliner\/wp-json\/wp\/v2\/media?parent=3965"}],"wp:term":[{"taxonomy":"category","embeddable":true,"href":"https:\/\/blogs.avui.cat\/pepmoliner\/wp-json\/wp\/v2\/categories?post=3965"},{"taxonomy":"post_tag","embeddable":true,"href":"https:\/\/blogs.avui.cat\/pepmoliner\/wp-json\/wp\/v2\/tags?post=3965"}],"curies":[{"name":"wp","href":"https:\/\/api.w.org\/{rel}","templated":true}]}}