{"id":33,"date":"2008-06-14T08:00:00","date_gmt":"2008-06-14T06:00:00","guid":{"rendered":"http:\/\/blogs.avui.cat\/pepmoliner\/2008\/06\/14\/14-juny-entrenament-en-grup\/"},"modified":"2008-07-22T11:52:03","modified_gmt":"2008-07-22T09:52:03","slug":"14-juny-entrenament-en-grup","status":"publish","type":"post","link":"https:\/\/blogs.avui.cat\/pepmoliner\/2008\/06\/14\/14-juny-entrenament-en-grup\/","title":{"rendered":"14 juny, Entrenament en GRUP"},"content":{"rendered":"<p><a href=\"https:\/\/i0.wp.com\/lh6.ggpht.com\/pepmoliner\/SFYFgT-a_YI\/AAAAAAAADvc\/g55Ba1OiN2M\/s800\/mhoms_CIMG2669.jpg\"><img data-recalc-dims=\"1\" loading=\"lazy\" decoding=\"async\" src=\"https:\/\/i0.wp.com\/lh6.ggpht.com\/pepmoliner\/SFYFgT-a_YI\/AAAAAAAADvc\/g55Ba1OiN2M\/s800\/mhoms_CIMG2669.jpg?resize=865%2C636\" border=\"0\" height=\"636\" width=\"865\" \/><\/a><\/p>\n<p>Avui el circu\u00eft era el de 11 qm., amb fotografia al Bosc tan bonic de Can Deu i amb un seguit de canvis, on en Pascual i l&#8217;Antonio Blanco se&#8217;ls nota aquest punt alt de velocitat que porten a les cames, amb tots els reagrupaments que caracteritza els nostres entrenaments.<\/p>\n<p>Un primer canvi a on abans era la recta de sortida del Cros conegut de Sant Sebasti\u00e0, llavors la fotografia per reposar, la recta tan ferma on fem una micarrona de reportatge, paradinya a Sant Juli\u00e0 d&#8217;Altura i acabem la Masia de Torre Moss\u00e8n Homs. Balan\u00e7 positiu, al meu entendre i dos nous amics mossenaries, que sembla que tamb\u00e9 van gaudir del tipus d&#8217;entrenament. Tindr\u00e9 d&#8217;agafar paper i bol\u00edgraf, per qu\u00e8 les primeres vegades que ens venen nous mossenaires, no recordo els noms.<\/p>\n<p>Gr\u00e0cies !!!<\/p>\n<p>Com a mossenaire, tenim en Fran, que va ser dels primers que deia que teniem de tener un f\u00f2rum on poder parlar i que fa una bona colla d&#8217;anys que ens honora amb la seva companyia;<\/p>\n<p><img data-recalc-dims=\"1\" decoding=\"async\" src=\"https:\/\/i0.wp.com\/lh6.ggpht.com\/pepmoliner\/SFYF1F9zepI\/AAAAAAAADwI\/8uwcPBVf7Rs\/s800\/FranCIMG2674.jpg\" border=\"0\" \/><\/p>\n<p><img data-recalc-dims=\"1\" decoding=\"async\" src=\"https:\/\/i0.wp.com\/lh4.ggpht.com\/pepmoliner\/SFYFlkSfVgI\/AAAAAAAADvo\/WjOnmXtScRo\/s400\/mhCIMG2670.jpg\" border=\"0\" \/><br \/>\nLa Montse, fent un bon canvi a la recta<\/p>\n<p><img data-recalc-dims=\"1\" decoding=\"async\" src=\"https:\/\/i0.wp.com\/lh5.ggpht.com\/pepmoliner\/SFYFpBaOzgI\/AAAAAAAADvw\/ifvbIwAKRbM\/s400\/mhCIMG2671.jpg\" border=\"0\" \/><br \/>\nL&#8217;alegria de tenir nous mossenaires<\/p>\n<p><img data-recalc-dims=\"1\" decoding=\"async\" src=\"https:\/\/i0.wp.com\/lh4.ggpht.com\/pepmoliner\/SFYFtzs-2yI\/AAAAAAAADv4\/1jxH6IlVy3c\/s400\/mhCIMG2672.jpg\" border=\"0\" \/><br \/>\nUn canvi m\u00e9s relaxat<\/p>\n<p><img data-recalc-dims=\"1\" decoding=\"async\" src=\"https:\/\/i0.wp.com\/lh6.ggpht.com\/pepmoliner\/SFYFxXeKFSI\/AAAAAAAADwA\/xM3goH7EdXo\/s400\/mhCIMG2673.jpg\" border=\"0\" \/><br \/>\nJosep ma. i Casi, perseguits per tota mena d&#8217;animals<\/p>\n","protected":false},"excerpt":{"rendered":"<p>Avui el circu\u00eft era el de 11 qm., amb fotografia al Bosc tan bonic de Can Deu i amb un seguit de canvis, on en Pascual i l&#8217;Antonio Blanco se&#8217;ls nota aquest punt alt de velocitat que porten a les cames, amb tots els reagrupaments que caracteritza els nostres entrenaments. Un primer canvi a on [&hellip;]<\/p>\n","protected":false},"author":171,"featured_media":0,"comment_status":"open","ping_status":"open","sticky":false,"template":"","format":"standard","meta":{"jetpack_post_was_ever_published":false,"_jetpack_newsletter_access":"","_jetpack_dont_email_post_to_subs":false,"_jetpack_newsletter_tier_id":0,"_jetpack_memberships_contains_paywalled_content":false,"_jetpack_memberships_contains_paid_content":false,"footnotes":"","jetpack_publicize_message":"","jetpack_publicize_feature_enabled":true,"jetpack_social_post_already_shared":false,"jetpack_social_options":{"image_generator_settings":{"template":"highway","default_image_id":0,"font":"","enabled":false},"version":2}},"categories":[1],"tags":[],"class_list":["post-33","post","type-post","status-publish","format-standard","hentry","category-general"],"jetpack_publicize_connections":[],"jetpack_featured_media_url":"","jetpack_sharing_enabled":true,"jetpack_shortlink":"https:\/\/wp.me\/pagkiK-x","jetpack-related-posts":[{"id":227,"url":"https:\/\/blogs.avui.cat\/pepmoliner\/2010\/03\/09\/els-mossenaires-amb-els-maratonians-bcn2010\/","url_meta":{"origin":33,"position":0},"title":"Els Mossenaires amb els Maratonians BCN2010","author":"Pep Moliner","date":"9 de mar\u00e7 de 2010","format":false,"excerpt":"Aquest esport no s'enten si no es practica, i a m\u00e9s: tal com ho fem nosaltres. Fer-ho tots els dissabtes ens uneix a tots una mica. Avui era un gran dia, previ a una gran marat\u00f3: la de Barcelona. For\u00e7a amics dels entrenaments que fem plegats, estaven reposant a casa\u2026","rel":"","context":"A &quot;Entrenaments&quot;","block_context":{"text":"Entrenaments","link":"https:\/\/blogs.avui.cat\/pepmoliner\/category\/entrenaments\/"},"img":{"alt_text":"","src":"","width":0,"height":0},"classes":[]},{"id":2825,"url":"https:\/\/blogs.avui.cat\/pepmoliner\/2013\/08\/08\/fent-lagost-corrent\/","url_meta":{"origin":33,"position":1},"title":"Fent l&#8217;Agost ! corrent.","author":"Pep Moliner","date":"8 d'agost de 2013","format":false,"excerpt":"Quants mossenaires fan l'agost pels camps al voltant de la Masia i aix\u00f2 coment\u00e0vem. Hi havia anys que no \u00e9rem gaire colla; en canvi aquest dissabte va ser una festa i molta i bona companyia. La millor manera \u00e9s aquesta combinaci\u00f3 de c\u00f3rrer juntes, parlant for\u00e7a i fent amistats, que\u2026","rel":"","context":"A &quot;General&quot;","block_context":{"text":"General","link":"https:\/\/blogs.avui.cat\/pepmoliner\/category\/general\/"},"img":{"alt_text":"","src":"https:\/\/i0.wp.com\/blogs.avui.cat\/pepmoliner\/wp-content\/imagescaler\/a0bbddf9bbd3faaf773e8233dde71554.gif?resize=350%2C200","width":350,"height":200},"classes":[]},{"id":164,"url":"https:\/\/blogs.avui.cat\/pepmoliner\/2009\/07\/27\/entrenant-amb-maria-jose-pueyo\/","url_meta":{"origin":33,"position":2},"title":"Entrenant amb Maria Jos\u00e9 Pueyo","author":"Pep Moliner","date":"27 de juliol de 2009","format":false,"excerpt":"DIAPOSITIVES Una vegada m\u00e9s les sorpreses als nostres entrenaments es succe\u00efxen d'una manera constant. De fa temps que coneixem en Miquel Moreno, atleta del Nataci\u00f3 de Sabadell alhora que de corredors.cat i tamb\u00e9 mossenaire, qualitat que llueix per tot arreu on va, que va decidir venir a provar als nostres\u2026","rel":"","context":"A &quot;General&quot;","block_context":{"text":"General","link":"https:\/\/blogs.avui.cat\/pepmoliner\/category\/general\/"},"img":{"alt_text":"","src":"https:\/\/i0.wp.com\/lh6.ggpht.com\/_GgLw52r2N3I\/SmyhFehUlnI\/AAAAAAAANKI\/g58J_QJZFp8\/s800\/100_3666.jpg?resize=350%2C200","width":350,"height":200},"classes":[]},{"id":1040,"url":"https:\/\/blogs.avui.cat\/pepmoliner\/2011\/11\/02\/corrent-ermita-sant-joan-matadepera\/","url_meta":{"origin":33,"position":3},"title":"Corrent: Ermita Sant Joan &#8211; Matadepera","author":"Pep Moliner","date":"2 de novembre de 2011","format":false,"excerpt":"Una quarantena d'atletes mossenaires s'han posat d'acord per la ruta pels dies plujosos. Tot i que no ho ha fet mentre corr\u00edem, si que els camins fangosos feien endevinar que era primordial triar una ruta on el fang no fes estralls a la nostra indument\u00e0ria. Anar a Can Roure tot\u2026","rel":"","context":"A &quot;General&quot;","block_context":{"text":"General","link":"https:\/\/blogs.avui.cat\/pepmoliner\/category\/general\/"},"img":{"alt_text":"","src":"https:\/\/i0.wp.com\/lh5.googleusercontent.com\/-hOJ-q9ABLz8\/Tq7-5GYGmMI\/AAAAAAAAGys\/pONnd1H7MLs\/s640\/DSC04431a.jpg?resize=350%2C200&ssl=1","width":350,"height":200},"classes":[]},{"id":206,"url":"https:\/\/blogs.avui.cat\/pepmoliner\/2010\/01\/16\/de-terrassa-a-sabadell-amb-els-mossenaires\/","url_meta":{"origin":33,"position":4},"title":"de Terrassa a Sabadell amb els mossenaires","author":"Pep Moliner","date":"16 de gener de 2010","format":false,"excerpt":"Sempre hi ha dies que costa anar agrupats si els de davant no paren als encreuaments i avui un m\u00e9s, per\u00f2 s'ha fet el que s'ha pogut i segur que heu gaudit i tornareu. La proposta era baixar fins a Sabadell i fer-nos una fotografia al mig d'una pla\u00e7a. Com\u2026","rel":"","context":"A &quot;Entrenaments&quot;","block_context":{"text":"Entrenaments","link":"https:\/\/blogs.avui.cat\/pepmoliner\/category\/entrenaments\/"},"img":{"alt_text":"","src":"","width":0,"height":0},"classes":[]},{"id":89,"url":"https:\/\/blogs.avui.cat\/pepmoliner\/2008\/12\/13\/entrenament-en-grup-amb-esmorzar\/","url_meta":{"origin":33,"position":5},"title":"Entrenament en GRUP, amb esmorzar","author":"Pep Moliner","date":"13 de desembre de 2008","format":false,"excerpt":"Circuit per llocs coneguts, encara que fet per primera vegada amb aquesta configuraci\u00f3. Nous mossenaires, com la Cristina, i altres que feia temps que no venien, com el gran Xavi Papell o l'\u00c0lex amb un amic. En Joan Bellart i el seu amic, que ens han regalat la seva pres\u00e8ncia.\u2026","rel":"","context":"A &quot;General&quot;","block_context":{"text":"General","link":"https:\/\/blogs.avui.cat\/pepmoliner\/category\/general\/"},"img":{"alt_text":"","src":"https:\/\/i0.wp.com\/lh6.ggpht.com\/_GgLw52r2N3I\/SUYi4e7me4I\/AAAAAAAAH38\/B2oqumfGcjM\/s800\/montatge_mossenHoms.jpg?resize=350%2C200","width":350,"height":200},"classes":[]}],"_links":{"self":[{"href":"https:\/\/blogs.avui.cat\/pepmoliner\/wp-json\/wp\/v2\/posts\/33","targetHints":{"allow":["GET"]}}],"collection":[{"href":"https:\/\/blogs.avui.cat\/pepmoliner\/wp-json\/wp\/v2\/posts"}],"about":[{"href":"https:\/\/blogs.avui.cat\/pepmoliner\/wp-json\/wp\/v2\/types\/post"}],"author":[{"embeddable":true,"href":"https:\/\/blogs.avui.cat\/pepmoliner\/wp-json\/wp\/v2\/users\/171"}],"replies":[{"embeddable":true,"href":"https:\/\/blogs.avui.cat\/pepmoliner\/wp-json\/wp\/v2\/comments?post=33"}],"version-history":[{"count":0,"href":"https:\/\/blogs.avui.cat\/pepmoliner\/wp-json\/wp\/v2\/posts\/33\/revisions"}],"wp:attachment":[{"href":"https:\/\/blogs.avui.cat\/pepmoliner\/wp-json\/wp\/v2\/media?parent=33"}],"wp:term":[{"taxonomy":"category","embeddable":true,"href":"https:\/\/blogs.avui.cat\/pepmoliner\/wp-json\/wp\/v2\/categories?post=33"},{"taxonomy":"post_tag","embeddable":true,"href":"https:\/\/blogs.avui.cat\/pepmoliner\/wp-json\/wp\/v2\/tags?post=33"}],"curies":[{"name":"wp","href":"https:\/\/api.w.org\/{rel}","templated":true}]}}