{"id":3005,"date":"2013-11-21T08:13:36","date_gmt":"2013-11-21T07:13:36","guid":{"rendered":"http:\/\/blogs.avui.cat\/pepmoliner\/?p=3005"},"modified":"2013-11-21T08:13:51","modified_gmt":"2013-11-21T07:13:51","slug":"ni-la-pluja-ens-frena","status":"publish","type":"post","link":"https:\/\/blogs.avui.cat\/pepmoliner\/2013\/11\/21\/ni-la-pluja-ens-frena\/","title":{"rendered":"Ni la pluja ens frena"},"content":{"rendered":"<p style=\"text-align: justify\"><big>Ni la pluja forta espanta a tothom i molt menys als que van venir, que estaven disposats a mullar-se el que calgu\u00e9s.<br \/>\nA la sortida estaven arraulits sota de l&#8217;\u00fanic arbre de fulla espessa que no deixava travessar l&#8217;aigua i com per art de m\u00e0gia a l&#8217;hora de donar<br \/>\nel xiulet de sortida, va parar del tot, i podem dir qu\u00e8 l&#8217;entrenament va ser absent de pluja per\u00f2 ric amb bones converses i rodatge rapidet.<br \/>\nPer qu\u00e8 tingueu una idea, va haver-hi un moment que la cua eren l&#8217;Anna i la Carme. I \u00e9s que es va anar de pressa direcci\u00f3 a la font de la Tartana i tornant per llocs qu\u00e8 segur que ara que ens llegeixes et deuen sonar. Ha estat de nou una bona ocasi\u00f3 de combinar bon ambient amb un esport dels millors: c\u00f3rrer amigablement.<\/big><\/p>\n<p><img data-recalc-dims=\"1\" decoding=\"async\" alt=\"\" src=\"https:\/\/i0.wp.com\/lh3.googleusercontent.com\/-kq8gEnjO9kM\/Uo0tPum7fHI\/AAAAAAAAHYQ\/yB7s0-z_Tt0\/s400\/DSC02770.jpg?ssl=1\"  border=\"0\" \/><br \/>\nara no recordo qui em va dir mentre rod\u00e0vem, en veure aquest bell<br \/>\nexemplar de Sant Bernard, qu\u00e8, on duia el conegut barrilet de conyac?.<br \/>\nI \u00e9s que la llegenda diu que aquests animals van rescatar de congelar-se<br \/>\na la neu a 2500 persones i el mite de qu\u00e8 al dur l&#8217;apreciat elixir<br \/>\nalcoh\u00f2lic, salvarien la vida per qu\u00e8 l&#8217;escalf. Un mite, est\u00e0 clar<\/p>\n<p>I foto en diferents fasses, mentre encara anava plovent instants<br \/>\nabans de comen\u00e7ar. Observeu com ens hi anem afegint.<br \/>\n<img data-recalc-dims=\"1\" decoding=\"async\" alt=\"\" src=\"https:\/\/i0.wp.com\/lh6.googleusercontent.com\/-ud4jTONxhD8\/Uo0swFbsFsI\/AAAAAAAAHVo\/Yc7uExkV66E\/s400\/DSC02741.jpg?ssl=1\"  border=\"0\" \/><\/p>\n<p><img data-recalc-dims=\"1\" decoding=\"async\" alt=\"\" src=\"https:\/\/i0.wp.com\/lh6.googleusercontent.com\/-TDA0rpCJj7M\/Uo0sv86FEXI\/AAAAAAAAHVk\/9OjKW8dk20I\/s400\/DSC02742.jpg?ssl=1\"  border=\"0\" \/><\/p>\n<p><img data-recalc-dims=\"1\" decoding=\"async\" alt=\"\" src=\"https:\/\/i0.wp.com\/lh3.googleusercontent.com\/-Sa9e7XeDDu0\/Uo0sxbWUCPI\/AAAAAAAAHVw\/4NErMbIuDOY\/s400\/DSC02744.jpg?ssl=1\"  border=\"0\" \/><\/p>\n<p><img data-recalc-dims=\"1\" decoding=\"async\" alt=\"\" src=\"https:\/\/i0.wp.com\/lh5.googleusercontent.com\/-GDeBcB_dYBE\/Uo0szJuXZ-I\/AAAAAAAAHV8\/diV9WHg0NVs\/s400\/DSC02745.jpg?ssl=1\"  border=\"0\" \/><\/p>\n<p><img data-recalc-dims=\"1\" decoding=\"async\" alt=\"\" src=\"https:\/\/i0.wp.com\/lh5.googleusercontent.com\/-AXcka8BgJAY\/Uo0szRp-nXI\/AAAAAAAAHWA\/JWan_GhhYI4\/s400\/DSC02746.jpg?ssl=1\"  border=\"0\" \/><\/p>\n<p align=\"center\"><a href=\"http:\/\/mossenhoms.netfreehost.com\/viewtopic.php?p=13529#13529\"><img data-recalc-dims=\"1\" decoding=\"async\" alt=\"\" src=\"https:\/\/i0.wp.com\/lh4.googleusercontent.com\/-QdL41UAe7S8\/Uo0tEeYdE7I\/AAAAAAAAHWk\/Z7yt7KNPPLw\/s1600\/DSC02747a.jpg?ssl=1\"  border=\"0\" \/><\/a><\/p>\n<p>I ja hi som tots: en petit comit\u00e8 i amb ganes de comen\u00e7ar<br \/>\n<img data-recalc-dims=\"1\" decoding=\"async\" alt=\"\" src=\"https:\/\/i0.wp.com\/lh4.googleusercontent.com\/-4H9C8tGtP9Q\/Uo0tFnesRfI\/AAAAAAAAHWg\/FpMhgrj-WEY\/s400\/DSC02751.jpg?ssl=1\"  border=\"0\" \/><br \/>\nfem corriols i corriolets<br \/>\n<img data-recalc-dims=\"1\" decoding=\"async\" alt=\"\" src=\"https:\/\/i0.wp.com\/lh6.googleusercontent.com\/-AzBjFwRKhUo\/Uo0tGR9jDdI\/AAAAAAAAHWo\/M0Mmu9YmFzY\/s400\/DSC02752.jpg?ssl=1\"  border=\"0\" \/><br \/>\nanem cap a Matadepera pel conegut cam\u00ed on toquem poc fang.<br \/>\nI hem de tenir present que tota la setmana havia plogut, en<br \/>\nespecial els darrers dies i per no embrutar-nos massa hem<br \/>\ncregut oport\u00fa d&#8217;un circuit com el d&#8217;avui<\/p>\n<p><img data-recalc-dims=\"1\" decoding=\"async\" alt=\"\" src=\"https:\/\/i0.wp.com\/lh5.googleusercontent.com\/-bA32B4_ykyA\/Uo0tHMfjYvI\/AAAAAAAAHW4\/8R2SX62BhaQ\/s400\/DSC02753.jpg?ssl=1\"  border=\"0\" \/><\/p>\n<p><img data-recalc-dims=\"1\" decoding=\"async\" alt=\"\" src=\"https:\/\/i0.wp.com\/lh5.googleusercontent.com\/-nDOcWl_Mbe8\/Uo0tHrWJu8I\/AAAAAAAAHW8\/jFn_BwozH2g\/s400\/DSC02756.jpg?ssl=1\"  border=\"0\" \/><\/p>\n<p><img data-recalc-dims=\"1\" decoding=\"async\" alt=\"\" src=\"https:\/\/i0.wp.com\/lh4.googleusercontent.com\/-QTGCWa_fPYY\/Uo0tIUoVF_I\/AAAAAAAAHZU\/lKhBB5Ny8yo\/s400\/DSC02757.jpg?ssl=1\"  border=\"0\" \/><br \/>\npep bell mig del bonic poble de Matadepera<\/p>\n<p><img data-recalc-dims=\"1\" decoding=\"async\" alt=\"\" src=\"https:\/\/i0.wp.com\/lh3.googleusercontent.com\/-HAbSMSqwVtM\/Uo0tJPxVZzI\/AAAAAAAAHZc\/c2hkuQ-rp9A\/s400\/DSC02758.jpg?ssl=1\"  border=\"0\" \/><br \/>\n\u00f4scar, Anna i Zico, per un dels carrers m\u00e9s coneguts<\/p>\n<p><img data-recalc-dims=\"1\" decoding=\"async\" alt=\"\" src=\"https:\/\/i0.wp.com\/lh5.googleusercontent.com\/-kBztMrkGfd4\/Uo0tJz3YnyI\/AAAAAAAAHXQ\/7H76aJetENY\/s400\/DSC02760.jpg?ssl=1\"  border=\"0\" \/><br \/>\ndeixem a l&#8217;esquerra la pl\u00e7a de Sant Jordi<br \/>\n<img data-recalc-dims=\"1\" decoding=\"async\" alt=\"\" src=\"https:\/\/i0.wp.com\/lh3.googleusercontent.com\/-Ata05mlgrSI\/Uo0tLO5hbbI\/AAAAAAAAHXY\/awzWoXl73Qc\/s400\/DSC02761.jpg?ssl=1\"  border=\"0\" \/><br \/>\nI els nostres amics, Antentas i Benavente. Ens explica l&#8217;Antentas<br \/>\nque feia just una setmana qu estava per motius esportius a Atenes,<br \/>\ni que no s&#8217;havia dut estris per c\u00f3rrer i ho va trobar a faltar molt,<br \/>\ni va estar a punt de comprar-se uns pantalons, que \u00e9s l&#8217;\u00fanic que<br \/>\nli mancava, donat que les espardenyes i la samarreta ja la tenia,<br \/>\nper\u00f2 davant dels setanta euros que li demanaven, va desistir<br \/>\n<img data-recalc-dims=\"1\" decoding=\"async\" alt=\"\" src=\"https:\/\/i0.wp.com\/lh6.googleusercontent.com\/-qZmHCMGnh38\/Uo0tLnCCt5I\/AAAAAAAAHXo\/KvWItClKXfA\/s400\/DSC02764.jpg?ssl=1\"  border=\"0\" \/><br \/>\nI qui vol refrescar-se a la font, aqu\u00ed te una excel\u00b7lent oportunitat<br \/>\n<img data-recalc-dims=\"1\" decoding=\"async\" alt=\"\" src=\"https:\/\/i0.wp.com\/lh3.googleusercontent.com\/-mzkUXRbFKH0\/Uo0tMTN47BI\/AAAAAAAAHZk\/VHXstvAPUIY\/s400\/DSC02765.jpg?ssl=1\"  border=\"0\" \/><br \/>\ni aviat sabrem que el nostre mossenaire d&#8217;honor ser\u00e0 el m\u00e9s jove:<br \/>\nen David Colado<br \/>\n<img data-recalc-dims=\"1\" decoding=\"async\" alt=\"\" src=\"https:\/\/i0.wp.com\/lh4.googleusercontent.com\/-w3prWHWq7DM\/Uo0tNQ31mUI\/AAAAAAAAHX0\/aIUjqH4P8ZQ\/s400\/DSC02766.jpg?ssl=1\"  border=\"0\" \/><br \/>\nI continuem la nostra marxa amb en Josep Maria al capdavant<br \/>\n<img data-recalc-dims=\"1\" decoding=\"async\" alt=\"\" src=\"https:\/\/i0.wp.com\/lh3.googleusercontent.com\/-66nexVRG4Io\/Uo0tN20aLzI\/AAAAAAAAHX8\/KUp2WQqlqoQ\/s400\/DSC02767.jpg?ssl=1\"  border=\"0\" \/><\/p>\n<p><img data-recalc-dims=\"1\" decoding=\"async\" alt=\"\" src=\"https:\/\/i0.wp.com\/lh3.googleusercontent.com\/-s7bWjpwcqSg\/Uo0tOQ5Q1cI\/AAAAAAAAHYA\/kGwD8lLsJIE\/s400\/DSC02768.jpg?ssl=1\"  border=\"0\" \/><\/p>\n<p style=\"text-align: center\"><img data-recalc-dims=\"1\" decoding=\"async\" alt=\"\" src=\"https:\/\/i0.wp.com\/lh3.googleusercontent.com\/-a0b7UuyqWTY\/Uo0tPFX1fGI\/AAAAAAAAHYM\/PXDgqojARcg\/s400\/DSC02769.jpg?ssl=1\"  border=\"0\" \/><br \/>\nVictor, Oscar i l&#8217;Edu, per dins de la urbanitzaci\u00f3<br \/>\n<img data-recalc-dims=\"1\" decoding=\"async\" alt=\"\" src=\"https:\/\/i0.wp.com\/lh4.googleusercontent.com\/-JyAzv9S9qRc\/Uo0tQQYlyXI\/AAAAAAAAHYY\/7p0Y1Ie01Y0\/s400\/DSC02771.jpg?ssl=1\"  border=\"0\" \/><br \/>\ni endevineu avui qui anava a la cua? dos mites:<br \/>\nl&#8217;Anna Cos i la Carme Ballesteros<br \/>\n<img data-recalc-dims=\"1\" decoding=\"async\" alt=\"\" src=\"https:\/\/i0.wp.com\/lh3.googleusercontent.com\/-bsVxCShwftk\/Uo0uZdKskGI\/AAAAAAAAHZI\/UVWfo2I_-YM\/s400\/DSC02773.jpg?ssl=1\"  border=\"0\" \/><br \/>\ni el meu cosi Salvador amb la seva filla la Berta, que anaven<br \/>\na fer esport al camp del Matadepera,<\/p>\n<p><img data-recalc-dims=\"1\" decoding=\"async\" alt=\"\" src=\"https:\/\/i0.wp.com\/lh3.googleusercontent.com\/-iiSyDbiYR_0\/Uo0tXVjUvUI\/AAAAAAAAHZs\/_OX7Ts4gyy4\/s400\/DSC02784a.jpg?ssl=1\"  border=\"0\" \/><\/p>\n<p style=\"text-align: center\"><img data-recalc-dims=\"1\" decoding=\"async\" alt=\"\" src=\"https:\/\/i0.wp.com\/lh5.googleusercontent.com\/-LkGnN-sE2ds\/Uo0tZqN9xnI\/AAAAAAAAHY4\/EVBQFQJQ2c4\/s400\/DSC02785a.jpg?ssl=1\"  border=\"0\" \/><br \/>\nI pare i fill, el dia que proclamem a en David Colado Mossenaire d&#8217;honor.<br \/>\nSegur qu\u00e8 en Javi te molt a veure a que en David li agradi l&#8217;esport i ara<\/p>\n<p>&nbsp;<\/p>\n<p>&nbsp;<\/p>\n<p>&nbsp;<\/p>\n<p><big>El temps passa volant i crec recordar en David de la m\u00e0 del seu pare, a c\u00f3rrer curses i vaig compartir fa molts anys taula a Cardedeu, on vam fer un p\u00edcnic despr\u00e9s d&#8217;una cursa. Ens alegrem molt qu\u00e8 sigui ara protagonista del nostre projecte i puguem compartir tots els seus progressos. En Javi, el pare, \u00e9s de les persones amb qui comparteixo trobades que conec de fa m\u00e9s de vint anys i sempre explico l&#8217;an\u00e8cdota que els diumenges duia diners a la m\u00e0, per tot seguit i despr\u00e9s d&#8217;entrenar comprar xurros per esmorzar ell i la mare d&#8217;en David. Ha passat temps, si.<\/big><\/p>\n<p>&nbsp;<\/p>\n<p>&nbsp;<\/p>\n<p><small> <\/small><a href=\"http:\/\/mossenhoms.netfreehost.com\/viewtopic.php?p=13530#13530\"><img data-recalc-dims=\"1\" decoding=\"async\" alt=\"\" src=\"https:\/\/i0.wp.com\/lh6.googleusercontent.com\/-9l1mj1wsGgA\/Uo0tUTnL5BI\/AAAAAAAAHYo\/dq-y4Ns3Tm0\/s1600\/DSC02783a.jpg?ssl=1\"  \/><\/a><\/p>\n<p><img data-recalc-dims=\"1\" decoding=\"async\" alt=\"\" src=\"https:\/\/i0.wp.com\/lh4.googleusercontent.com\/-ecAYPxJcVsw\/Uo0tSd_ZsTI\/AAAAAAAAHYg\/KgBiRMatr24\/s800\/DSC02781a.jpg?ssl=1\"  border=\"0\" \/><\/p>\n<p><span style=\"color: #0000ff\"><strong><em>Soy el hijo de Javier Colado a partir de aqu\u00ed empiezo:<\/em><\/strong><\/span><\/p>\n<p><span style=\"color: #0000ff\"><strong><em>Hola, Soy David Colado Molina!<\/em><\/strong><\/span><\/p>\n<p><span style=\"color: #0000ff\"><strong><em>Primero de todo quiero decir que la persona que me meti\u00f3 mas en este mundillo fue mi padre (Javier Colado), siempre he sido futbolero y lo seguir\u00e9 siendo toda mi vida. Hay cosas en la vida que no puedes cambiar, una lesi\u00f3n de rodilla con 17 a\u00f1os i 2 m\u00e1s entre los dos a\u00f1os siguientes hace que te plantees apartar durante un tiempo largo el tema de f\u00fatbol por muy duro que sea, tu salud es lo primero y con 21 a\u00f1os que tengo no quiero plantearme estar cojo a los 30.<\/em><\/strong><\/span><\/p>\n<p><span style=\"color: #0000ff\"><strong><em>A partir de aqu\u00ed, Correr siempre me ha gustado. Desde peque\u00f1o mi padre me llevaba a carreras y se me daba bastante bien. Alguna copa la tengo a\u00dan de recuerdo en la estanter\u00eda. Estudio un grado superior de deporte y esto hace que est\u00e9 a\u00fan m\u00e1s metido en este mundo, me gusta y quiero y espero que toda mi vida este rodeada de actividad f\u00edsica de todo tipo.<\/em><\/strong><\/span><\/p>\n<p><span style=\"color: #0000ff\"><strong><em>Ahora si, lo tengo que decir, llevar\u00e9 como mucho 2 meses corriendo en &#8221;serio&#8221;. Me plante\u00e9 despu\u00e9s de correr la cursa de la festa mayor de Terrassa, correr la media de Terrassa, y aqu\u00ed estoy entrenando 3, 4 o 5 d\u00edas a la semana dependiendo del tiempo libre.<\/em><\/strong><\/span><\/p>\n<p><span style=\"color: #0000ff\"><strong><em>Mis objetivos como atleta, primero hacer la media de Terrassa y bajar de 1:30:00, plantearme hacer alguna marat\u00f3n, triatl\u00f3n, y si la cosa va bien y con mucho esfuerzo intentar hacer alg\u00fan ironman. Esto seria a muy largo plazo pero ah\u00ed esta.<\/em><\/strong><\/span><\/p>\n<p><span style=\"color: #0000ff\"><strong><em>Hablando sobre el ambiente, hoy s\u00e1bado 16 noviembre, me ha encantado, muy buena gente y con ganas de disfrutar a pesar del frio y mal d\u00eda que ha hecho, se ha hecho a menos.<\/em><\/strong><\/span><\/p>\n<p><span style=\"color: #0000ff\"><strong><em>Nos vemos los s\u00e1bados a las 08:00 en mossenhoms, eso si, siempre que tenga tiempo! Que no lo he dicho, entreno a un equipo alevin en la Uni\u00f3 J\u00e0bac y Terrassa!<\/em><\/strong><\/span><\/p>\n<p><span style=\"color: #0000ff\"><strong><em>Encantado de estar dentro de esta gran p\u00e1gina, que cada d\u00eda la conoce mas gente! Un saludo a todos, a cuidarse!!!!!!!!!<\/em><\/strong><\/span><\/p>\n<p>&nbsp;<\/p>\n<p>&nbsp;<\/p>\n<p>&nbsp;<\/p>\n<p>&nbsp;<\/p>\n<table border=\"0\" cellspacing=\"0\" align=\"left\">\n<tbody>\n<tr>\n<td>\n<h2><a href=\"http:\/\/dom.cat\/67y\"><img data-recalc-dims=\"1\" decoding=\"async\" alt=\"http:\/\/www.josepmoliner.com\/fupar_suports2013B.gif\" src=\"https:\/\/i0.wp.com\/www.josepmoliner.com\/fupar_suports2013B.gif\" border=\"0\" \/><\/a><\/h2>\n<\/td>\n<td>\n<h2><a href=\"http:\/\/www.californiasports.es\/es\/\"><img data-recalc-dims=\"1\" decoding=\"async\" alt=\"\" src=\"https:\/\/i0.wp.com\/www.josepmoliner.com\/california_sports1.gif\" border=\"0\" \/><\/a><\/h2>\n<\/td>\n<\/tr>\n<tr>\n<td><a href=\"http:\/\/esportsk%C3%B1era.com\/\/\"><img data-recalc-dims=\"1\" decoding=\"async\" alt=\"\" src=\"https:\/\/i0.wp.com\/www.josepmoliner.com\/knera2.gif\" border=\"0\" \/><\/a><\/td>\n<td>\n<h2><a href=\"http:\/\/www.runparadis.com\/\"><img data-recalc-dims=\"1\" decoding=\"async\" alt=\"http:\/\/lh6.googleusercontent.com\/-CnW4uqSqJ-U\/UZ3ftgMCQOI\/AAAAAAAAAkU\/LEPvpT0bbNU\/runparadis3.gif\" src=\"https:\/\/i0.wp.com\/lh6.googleusercontent.com\/-CnW4uqSqJ-U\/UZ3ftgMCQOI\/AAAAAAAAAkU\/LEPvpT0bbNU\/runparadis3.gif\" border=\"0\" \/><\/a><\/h2>\n<\/td>\n<\/tr>\n<tr>\n<td><a href=\"http:\/\/www.egargrafic.com\/\"><img data-recalc-dims=\"1\" decoding=\"async\" alt=\"\" src=\"https:\/\/i0.wp.com\/www.josepmoliner.com\/egargrafic2.gif\" border=\"0\" \/><\/a><\/td>\n<td><a href=\"http:\/\/www.fupar.cat\/contingut.aspx?pag=1854&amp;idioma=1\"><img data-recalc-dims=\"1\" decoding=\"async\" alt=\"\" src=\"https:\/\/i0.wp.com\/www.josepmoliner.com\/fupar_rentat2013B.gif\" align=\"top\" border=\"0\" \/><\/a><\/td>\n<\/tr>\n<tr>\n<td><a href=\"http:\/\/www.elroure.net\/\"><img data-recalc-dims=\"1\" decoding=\"async\" alt=\"\" src=\"https:\/\/i0.wp.com\/elroure.net\/rourenet.gif\" border=\"0\" \/><\/a><\/td>\n<td><a href=\"http:\/\/www.esportsavinguda.tk\/\"><img data-recalc-dims=\"1\" decoding=\"async\" alt=\"\" src=\"https:\/\/i0.wp.com\/josepmoliner.com\/esportsavinguda2.gif\" border=\"0\" \/><\/a><\/td>\n<\/tr>\n<tr>\n<td><a href=\"http:\/\/www.eledevall.com\/\"><img data-recalc-dims=\"1\" decoding=\"async\" alt=\"\" src=\"https:\/\/i0.wp.com\/josepmoliner.com\/eledevall.gif\" border=\"0\" \/><\/a><\/td>\n<td><a href=\"http:\/\/www.slop.cat\/\"><img data-recalc-dims=\"1\" decoding=\"async\" alt=\"\" src=\"https:\/\/i0.wp.com\/josepmoliner.com\/slop_sabadell.gif\" border=\"0\" \/><\/a><\/td>\n<\/tr>\n<\/tbody>\n<\/table>\n","protected":false},"excerpt":{"rendered":"<p>Ni la pluja forta espanta a tothom i molt menys als que van venir, que estaven disposats a mullar-se el que calgu\u00e9s. A la sortida estaven arraulits sota de l&#8217;\u00fanic arbre de fulla espessa que no deixava travessar l&#8217;aigua i com per art de m\u00e0gia a l&#8217;hora de donar el xiulet de sortida, va parar [&hellip;]<\/p>\n","protected":false},"author":171,"featured_media":0,"comment_status":"open","ping_status":"open","sticky":false,"template":"","format":"standard","meta":{"jetpack_post_was_ever_published":false,"_jetpack_newsletter_access":"","_jetpack_dont_email_post_to_subs":false,"_jetpack_newsletter_tier_id":0,"_jetpack_memberships_contains_paywalled_content":false,"_jetpack_memberships_contains_paid_content":false,"footnotes":"","jetpack_publicize_message":"","jetpack_publicize_feature_enabled":true,"jetpack_social_post_already_shared":false,"jetpack_social_options":{"image_generator_settings":{"template":"highway","default_image_id":0,"font":"","enabled":false},"version":2}},"categories":[1],"tags":[],"class_list":["post-3005","post","type-post","status-publish","format-standard","hentry","category-general"],"jetpack_publicize_connections":[],"jetpack_featured_media_url":"","jetpack_sharing_enabled":true,"jetpack_shortlink":"https:\/\/wp.me\/pagkiK-Mt","jetpack-related-posts":[{"id":6374,"url":"https:\/\/blogs.avui.cat\/pepmoliner\/2026\/03\/20\/la-pluja-no-ens-espanta-2\/","url_meta":{"origin":3005,"position":0},"title":"La pluja no ens espanta","author":"Pep Moliner","date":"20 de mar\u00e7 de 2026","format":false,"excerpt":"Ho sabem, ho sabem: la pluja espanta qualsevol, per\u00f2 sempre ens sorpr\u00e8n que hi ha alg\u00fa que no perdona ni un dissabte sense Mossenaires i si hi ha de ser, per vosaltres, que no perdoneu ni que caigui el cel al nostre damunt. De fet, la pluja era fina, fina\u2026","rel":"","context":"A &quot;General&quot;","block_context":{"text":"General","link":"https:\/\/blogs.avui.cat\/pepmoliner\/category\/general\/"},"img":{"alt_text":"","src":"https:\/\/i0.wp.com\/img.youtube.com\/vi\/oTuxY1zRVYI\/0.jpg?resize=350%2C200","width":350,"height":200},"classes":[]},{"id":618,"url":"https:\/\/blogs.avui.cat\/pepmoliner\/2011\/03\/14\/plovent-es-pot-correr-amb-els-mossenaires\/","url_meta":{"origin":3005,"position":1},"title":"Plovent es pot c\u00f3rrer amb els Mossenaires","author":"Pep Moliner","date":"14 de mar\u00e7 de 2011","format":false,"excerpt":"El projecte d'entrenament en grup abans no era com ara. Ens hav\u00edem dit que si plovia el m\u00e9s sensat era no anar-hi per diferents motius: camins enfangats, fred, patinades, solitud i \u00e9s per aix\u00f2 que fa uns anys no s'hi anava. Durant anys, i per la sequera o el que\u2026","rel":"","context":"A &quot;Entrenaments&quot;","block_context":{"text":"Entrenaments","link":"https:\/\/blogs.avui.cat\/pepmoliner\/category\/entrenaments\/"},"img":{"alt_text":"","src":"","width":0,"height":0},"classes":[]},{"id":4081,"url":"https:\/\/blogs.avui.cat\/pepmoliner\/2016\/03\/03\/a-bots-i-barrals\/","url_meta":{"origin":3005,"position":2},"title":"&#8230;a bots i barrals","author":"Pep Moliner","date":"3 de mar\u00e7 de 2016","format":false,"excerpt":"Son les 07:00 i a Terrassa plou a bots i barrals. Previsi\u00f3, i sabem que la pluja espanta a m\u00e9s d'una i a m\u00e9s d'un, i: sorpresa. Una bona colla s'aplega al costat de la \"Masia de Torre Moss\u00e8n Homs\". L'Anna es queda a esperar al Miquel i nosaltres cami\u2026","rel":"","context":"A &quot;c\u00f3rrer&quot;","block_context":{"text":"c\u00f3rrer","link":"https:\/\/blogs.avui.cat\/pepmoliner\/category\/correr\/"},"img":{"alt_text":"","src":"","width":0,"height":0},"classes":[]},{"id":237,"url":"https:\/\/blogs.avui.cat\/pepmoliner\/2010\/05\/10\/ni-la-pluja-ens-espanta\/","url_meta":{"origin":3005,"position":3},"title":"Ni la pluja ens espanta","author":"Pep Moliner","date":"10 de maig de 2010","format":false,"excerpt":"Ni la pluja ens fa desistir d'un bon entrenament. El que si fa pensar \u00e9s que la majoria de circuits estan ben enfangats. L'alternativa de fa anys \u00e9s la seg\u00fcent; anar en direcci\u00f3 al poble de Matadepera i triar, en aquesta ocasi\u00f3 un punt prou eixerit, com \u00e9s la font\u2026","rel":"","context":"A &quot;Entrenaments&quot;","block_context":{"text":"Entrenaments","link":"https:\/\/blogs.avui.cat\/pepmoliner\/category\/entrenaments\/"},"img":{"alt_text":"","src":"","width":0,"height":0},"classes":[]},{"id":5537,"url":"https:\/\/blogs.avui.cat\/pepmoliner\/2022\/03\/15\/tartana-amb-pluja\/","url_meta":{"origin":3005,"position":4},"title":"Tartana amb pluja","author":"Pep Moliner","date":"15 de mar\u00e7 de 2022","format":false,"excerpt":"Quan les prediccions meteorol\u00f2giques confirmen la realitat d'un dia de pluja, saps que el m\u00e9s assenyat \u00e9s no mullar-se i esperar anar a fer esport en un altre moment. Sempre diem que gaudim de la vostra companyia, per\u00f2 volem el millor per vosaltres i precisament mullar-se i quedar xopes i\u2026","rel":"","context":"A &quot;General&quot;","block_context":{"text":"General","link":"https:\/\/blogs.avui.cat\/pepmoliner\/category\/general\/"},"img":{"alt_text":"","src":"https:\/\/blogger.googleusercontent.com\/img\/a\/AVvXsEhiFso-jFOBv4u6JBtiUB0ZcCohY9sfADtd3y3UocAIG6148OtWMjYgB1ERjj9RaQms9-oAGm49oh2pq0Axo9FnpOgjH-Bk3tLxLmGbXtStyIBG2O1v8lPJLg_SSADo5Pe3es3UZng7sGJ2kcvwMCkOU_Z1ucVdjlM7dHtXNKfpWr8P3lffSgf5aOqVzg=w640-h404","width":350,"height":200,"srcset":"https:\/\/blogger.googleusercontent.com\/img\/a\/AVvXsEhiFso-jFOBv4u6JBtiUB0ZcCohY9sfADtd3y3UocAIG6148OtWMjYgB1ERjj9RaQms9-oAGm49oh2pq0Axo9FnpOgjH-Bk3tLxLmGbXtStyIBG2O1v8lPJLg_SSADo5Pe3es3UZng7sGJ2kcvwMCkOU_Z1ucVdjlM7dHtXNKfpWr8P3lffSgf5aOqVzg=w640-h404 1x, https:\/\/blogger.googleusercontent.com\/img\/a\/AVvXsEhiFso-jFOBv4u6JBtiUB0ZcCohY9sfADtd3y3UocAIG6148OtWMjYgB1ERjj9RaQms9-oAGm49oh2pq0Axo9FnpOgjH-Bk3tLxLmGbXtStyIBG2O1v8lPJLg_SSADo5Pe3es3UZng7sGJ2kcvwMCkOU_Z1ucVdjlM7dHtXNKfpWr8P3lffSgf5aOqVzg=w640-h404 1.5x"},"classes":[]},{"id":924,"url":"https:\/\/blogs.avui.cat\/pepmoliner\/2011\/09\/27\/la-pluja-no-ens-va-espantar-per-correr\/","url_meta":{"origin":3005,"position":5},"title":"La pluja no ens va espantar per c\u00f3rrer","author":"Pep Moliner","date":"27 de setembre de 2011","format":false,"excerpt":"Quan an\u00e0vem cap al punt de sortida, a Torre Moss\u00e8n Homs, pens\u00e0vem que la gent al veure el mal temps que ens venia al damunt, es quedaria a casa. Per\u00f2 la nostra sorpresa que fins a quaranta-quatre persones estaven a punt d'iniciar l'entrenament. La ruta pensada va fer por, per\u2026","rel":"","context":"A &quot;General&quot;","block_context":{"text":"General","link":"https:\/\/blogs.avui.cat\/pepmoliner\/category\/general\/"},"img":{"alt_text":"","src":"https:\/\/i0.wp.com\/blogs.avui.cat\/pepmoliner\/wp-content\/imagescaler\/1717fcaba8ee1effa36a9daaeb3677ca.jpg?resize=350%2C200","width":350,"height":200},"classes":[]}],"_links":{"self":[{"href":"https:\/\/blogs.avui.cat\/pepmoliner\/wp-json\/wp\/v2\/posts\/3005","targetHints":{"allow":["GET"]}}],"collection":[{"href":"https:\/\/blogs.avui.cat\/pepmoliner\/wp-json\/wp\/v2\/posts"}],"about":[{"href":"https:\/\/blogs.avui.cat\/pepmoliner\/wp-json\/wp\/v2\/types\/post"}],"author":[{"embeddable":true,"href":"https:\/\/blogs.avui.cat\/pepmoliner\/wp-json\/wp\/v2\/users\/171"}],"replies":[{"embeddable":true,"href":"https:\/\/blogs.avui.cat\/pepmoliner\/wp-json\/wp\/v2\/comments?post=3005"}],"version-history":[{"count":6,"href":"https:\/\/blogs.avui.cat\/pepmoliner\/wp-json\/wp\/v2\/posts\/3005\/revisions"}],"predecessor-version":[{"id":3011,"href":"https:\/\/blogs.avui.cat\/pepmoliner\/wp-json\/wp\/v2\/posts\/3005\/revisions\/3011"}],"wp:attachment":[{"href":"https:\/\/blogs.avui.cat\/pepmoliner\/wp-json\/wp\/v2\/media?parent=3005"}],"wp:term":[{"taxonomy":"category","embeddable":true,"href":"https:\/\/blogs.avui.cat\/pepmoliner\/wp-json\/wp\/v2\/categories?post=3005"},{"taxonomy":"post_tag","embeddable":true,"href":"https:\/\/blogs.avui.cat\/pepmoliner\/wp-json\/wp\/v2\/tags?post=3005"}],"curies":[{"name":"wp","href":"https:\/\/api.w.org\/{rel}","templated":true}]}}