{"id":298,"date":"2009-04-15T21:24:57","date_gmt":"2009-04-15T19:24:57","guid":{"rendered":"http:\/\/blogs.avui.cat\/pepmoliner\/2009\/04\/15\/cursa-de-canovelles09\/"},"modified":"2009-04-15T21:24:57","modified_gmt":"2009-04-15T19:24:57","slug":"cursa-de-canovelles09-2","status":"publish","type":"post","link":"https:\/\/blogs.avui.cat\/pepmoliner\/2009\/04\/15\/cursa-de-canovelles09-2\/","title":{"rendered":"Cursa de Canovelles&#8217;09"},"content":{"rendered":"<p>Bonic dia a la cursa de Canovelles i molts amics amb qui passar una bona estona. La cursa molt aconsellable i variable en el recorregut.<br \/>\n<img data-recalc-dims=\"1\" decoding=\"async\" src=\"https:\/\/i0.wp.com\/lh6.ggpht.com\/_TbWf3Ebxh7Q\/SeTXWKZlMzI\/AAAAAAAAAfg\/lJG1JEUTa4Y\/s400\/100_2628.JPG\" border=\"0\" \/><br \/>\nManel Port\u00e9, president dels Esbufecs i que tan ajuda a estimar aquest esport, al costat de l&#8217;Albert i en Casi<\/p>\n<p><img data-recalc-dims=\"1\" decoding=\"async\" src=\"https:\/\/i0.wp.com\/lh4.ggpht.com\/_TbWf3Ebxh7Q\/SeTXYPpXtgI\/AAAAAAAAAfo\/m9c8qe8Y7g8\/s400\/100_2629.JPG\" border=\"0\" \/><br \/>\nPep, Manel i Casi<\/p>\n<p><img data-recalc-dims=\"1\" decoding=\"async\" src=\"https:\/\/i0.wp.com\/lh6.ggpht.com\/_TbWf3Ebxh7Q\/SeTXaMehtTI\/AAAAAAAAAfw\/hEPkHYC601A\/s400\/100_2630.JPG\" border=\"0\" \/><br \/>\nCAsi, Albert, Anna Cos, Carme Ballesteros i Alfred Miralles<\/p>\n<p><img data-recalc-dims=\"1\" decoding=\"async\" src=\"https:\/\/i0.wp.com\/lh4.ggpht.com\/_TbWf3Ebxh7Q\/SeTXfb6CJiI\/AAAAAAAAAgI\/Cymwg85mAsM\/s400\/100_2633.JPG\" border=\"0\" \/><br \/>\nAmics del Nataci\u00f3 com son amb ulleres en Santander, Galera i Galan<\/p>\n<p><img data-recalc-dims=\"1\" loading=\"lazy\" decoding=\"async\" src=\"https:\/\/i0.wp.com\/lh6.ggpht.com\/_TbWf3Ebxh7Q\/SeTXl5zeCVI\/AAAAAAAAAgg\/LSuBESM-dnE\/s800\/100_2636.JPG?resize=486%2C364\" border=\"0\" height=\"364\" width=\"486\" \/><br \/>\nColla de bons amics<\/p>\n<p><img data-recalc-dims=\"1\" decoding=\"async\" src=\"https:\/\/i0.wp.com\/lh6.ggpht.com\/_TbWf3Ebxh7Q\/SeTXnddo2II\/AAAAAAAAAgo\/DMNcpY_esMM\/s400\/100_2637.JPG\" border=\"0\" \/><br \/>\nBernat, el millor de la jornada<\/p>\n<p><img data-recalc-dims=\"1\" decoding=\"async\" src=\"https:\/\/i0.wp.com\/lh3.ggpht.com\/_TbWf3Ebxh7Q\/SeTXrP_S9kI\/AAAAAAAAAg4\/YZYKOMqjUs8\/s400\/100_2639.JPG\" border=\"0\" \/><br \/>\nAmics de Sant Cugat. El noi de la dreta conegut meu dels escacs de fa m\u00e9s de trenta anys, en Francesc Carceller i la seva muller, de les millors corredores d&#8217;Espanya.<\/p>\n<p><img data-recalc-dims=\"1\" decoding=\"async\" src=\"https:\/\/i0.wp.com\/lh4.ggpht.com\/_TbWf3Ebxh7Q\/SeTXtKH7a4I\/AAAAAAAAAhA\/1uzu6shzt2k\/s400\/100_2640.JPG\" border=\"0\" \/><br \/>\nJordi Vi\u00f1eta, ha fet una molt bona cursa,<\/p>\n<p><img data-recalc-dims=\"1\" decoding=\"async\" src=\"https:\/\/i0.wp.com\/lh6.ggpht.com\/_TbWf3Ebxh7Q\/SeTXvpALLUI\/AAAAAAAAAhI\/qK4N9ZPT3pM\/s400\/100_2641.JPG\" border=\"0\" \/><br \/>\nJordi Portero, recuperant forces amb un bon entrep\u00e0 de botifarra<\/p>\n<p><img data-recalc-dims=\"1\" decoding=\"async\" src=\"https:\/\/i0.wp.com\/lh6.ggpht.com\/_TbWf3Ebxh7Q\/SeTXxJ0VbwI\/AAAAAAAAAhQ\/OwvtLUBHgFc\/s400\/100_2642.JPG\" border=\"0\" \/><br \/>\nJosep Manel Portero, agafat distret<\/p>\n<p><img data-recalc-dims=\"1\" decoding=\"async\" src=\"https:\/\/i0.wp.com\/lh4.ggpht.com\/_TbWf3Ebxh7Q\/SeTXzGTvo_I\/AAAAAAAAAhY\/Eaz-uxUjaKI\/s400\/100_2643.JPG\" border=\"0\" \/><br \/>\nArtur Portero, president de Corredors de fons de Viladecavalls<\/p>\n<p><img data-recalc-dims=\"1\" decoding=\"async\" src=\"https:\/\/i0.wp.com\/lh4.ggpht.com\/_TbWf3Ebxh7Q\/SeTX0jnB4EI\/AAAAAAAAAhg\/ldykzPZaXMw\/s400\/100_2644.JPG\" border=\"0\" \/><br \/>\nZico, tot feli\u00e7<\/p>\n<p><img data-recalc-dims=\"1\" decoding=\"async\" src=\"https:\/\/i0.wp.com\/lh3.ggpht.com\/_TbWf3Ebxh7Q\/SeTX3CPK1NI\/AAAAAAAAAhw\/TXSpytOO1wk\/s400\/100_2646.JPG\" border=\"0\" \/><br \/>\nLa nostra secre, la Montse<\/p>\n<p><img data-recalc-dims=\"1\" decoding=\"async\" src=\"https:\/\/i0.wp.com\/lh3.ggpht.com\/_TbWf3Ebxh7Q\/SeTX4and-zI\/AAAAAAAAAh4\/JJfDJDazsIs\/s400\/100_2647.JPG\" border=\"0\" \/><br \/>\nl&#8217;Arnau, un crack. Va quedar set\u00e9 de la categoria<\/p>\n<p><img data-recalc-dims=\"1\" decoding=\"async\" src=\"https:\/\/i0.wp.com\/lh3.ggpht.com\/_TbWf3Ebxh7Q\/SeTX63ybFII\/AAAAAAAAAiI\/YzJEutXsFeE\/s400\/100_2649.JPG\" border=\"0\" \/><br \/>\nl&#8217;Olivia, encara no corre. Per\u00f2 no trigar\u00e0 a fer-ho<\/p>\n<p><img data-recalc-dims=\"1\" decoding=\"async\" src=\"https:\/\/i0.wp.com\/lh4.ggpht.com\/_TbWf3Ebxh7Q\/SeTX8joxXzI\/AAAAAAAAAiQ\/0y9N0TYaqeQ\/s400\/100_2650.JPG\" border=\"0\" \/><\/p>\n<p>Alfredo Alvarez, amic nostre<\/p>\n<p><img data-recalc-dims=\"1\" decoding=\"async\" src=\"https:\/\/i0.wp.com\/lh6.ggpht.com\/_TbWf3Ebxh7Q\/SeTX-L7VExI\/AAAAAAAAAiY\/g40qY9KbT0U\/s400\/100_2651.JPG\" border=\"0\" \/><br \/>\nXavi Bonastre, bon amic i molt participatiu cada diumenge arreu del calendari.<br \/>\nEm renya pel meu temps, a la cursa<\/p>\n<p><img data-recalc-dims=\"1\" decoding=\"async\" src=\"https:\/\/i0.wp.com\/lh3.ggpht.com\/_TbWf3Ebxh7Q\/SeTX_ww3LBI\/AAAAAAAAAig\/iZL8nPg9bVQ\/s400\/100_2652.JPG\" border=\"0\" \/><br \/>\nXavi, fent cua. Sempre optimista, i un crack et tots els aspectes que li conec.<\/p>\n<p><img data-recalc-dims=\"1\" decoding=\"async\" src=\"https:\/\/i0.wp.com\/lh6.ggpht.com\/_TbWf3Ebxh7Q\/SeTYBQw4jiI\/AAAAAAAAAio\/iMOa0BC21V0\/s400\/100_2653.JPG\" border=\"0\" \/><br \/>\nJosep, fa poc que corre, per\u00f2 cada setmana competeix i s&#8217;ho passa molt b\u00e9.<\/p>\n<p><img data-recalc-dims=\"1\" decoding=\"async\" src=\"https:\/\/i0.wp.com\/lh4.ggpht.com\/_TbWf3Ebxh7Q\/SeTYEtzB7XI\/AAAAAAAAAi8\/7osUPT4KMvc\/s400\/100_2655.JPG\" border=\"0\" \/><br \/>\nSebasti\u00e1n, David i senyora, Ahlam i l&#8217;Eugeni.<\/p>\n<p><img data-recalc-dims=\"1\" decoding=\"async\" src=\"https:\/\/i0.wp.com\/lh6.ggpht.com\/_TbWf3Ebxh7Q\/SeTgvuVT9OI\/AAAAAAAAAjM\/Kojzj1fpkYg\/canovelles.gif\" border=\"0\" \/><\/p>\n","protected":false},"excerpt":{"rendered":"<p>Bonic dia a la cursa de Canovelles i molts amics amb qui passar una bona estona. La cursa molt aconsellable i variable en el recorregut. Manel Port\u00e9, president dels Esbufecs i que tan ajuda a estimar aquest esport, al costat de l&#8217;Albert i en Casi Pep, Manel i Casi CAsi, Albert, Anna Cos, Carme Ballesteros [&hellip;]<\/p>\n","protected":false},"author":171,"featured_media":0,"comment_status":"open","ping_status":"open","sticky":false,"template":"","format":"standard","meta":{"jetpack_post_was_ever_published":false,"_jetpack_newsletter_access":"","_jetpack_dont_email_post_to_subs":false,"_jetpack_newsletter_tier_id":0,"_jetpack_memberships_contains_paywalled_content":false,"_jetpack_memberships_contains_paid_content":false,"footnotes":"","jetpack_publicize_message":"","jetpack_publicize_feature_enabled":true,"jetpack_social_post_already_shared":false,"jetpack_social_options":{"image_generator_settings":{"template":"highway","default_image_id":0,"font":"","enabled":false},"version":2}},"categories":[1],"tags":[],"class_list":["post-298","post","type-post","status-publish","format-standard","hentry","category-general"],"jetpack_publicize_connections":[],"jetpack_featured_media_url":"","jetpack_sharing_enabled":true,"jetpack_shortlink":"https:\/\/wp.me\/pagkiK-4O","jetpack-related-posts":[{"id":137,"url":"https:\/\/blogs.avui.cat\/pepmoliner\/2009\/04\/15\/cursa-de-canovelles09\/","url_meta":{"origin":298,"position":0},"title":"Cursa de Canovelles&#8217;09","author":"Pep Moliner","date":"15 d'abril de 2009","format":false,"excerpt":"Bonic dia a la cursa de Canovelles i molts amics amb qui passar una bona estona. La cursa molt aconsellable i variable en el recorregut. Manel Port\u00e9, president dels Esbufecs i que tan ajuda a estimar aquest esport, al costat de l'Albert i en Casi Pep, Manel i Casi CAsi,\u2026","rel":"","context":"A &quot;General&quot;","block_context":{"text":"General","link":"https:\/\/blogs.avui.cat\/pepmoliner\/category\/general\/"},"img":{"alt_text":"","src":"https:\/\/i0.wp.com\/lh6.ggpht.com\/_TbWf3Ebxh7Q\/SeTXl5zeCVI\/AAAAAAAAAgg\/LSuBESM-dnE\/s800\/100_2636.JPG?resize=350%2C200","width":350,"height":200},"classes":[]},{"id":147,"url":"https:\/\/blogs.avui.cat\/pepmoliner\/2009\/05\/30\/cursa-bon-aire\/","url_meta":{"origin":298,"position":1},"title":"Cursa Bon Aire","author":"Pep Moliner","date":"30 de maig de 2009","format":false,"excerpt":"Un plaer tornar a fer aquesta entranyable cursa. El que \u00e9s m\u00e9s bonic, retrobar tota la colla d'amics del c\u00f3rrer que es donen cita, de tots els clubs de la ciutat i un reconeixement per la tasca del Kiku, que \u00e9s qui ha portat sempre tot el pes i responsabilitat\u2026","rel":"","context":"A &quot;General&quot;","block_context":{"text":"General","link":"https:\/\/blogs.avui.cat\/pepmoliner\/category\/general\/"},"img":{"alt_text":"","src":"","width":0,"height":0},"classes":[]},{"id":122,"url":"https:\/\/blogs.avui.cat\/pepmoliner\/2009\/03\/14\/cursa-de-festa-major-can-palet\/","url_meta":{"origin":298,"position":2},"title":"Cursa de Festa Major Can Palet","author":"Pep Moliner","date":"14 de mar\u00e7 de 2009","format":false,"excerpt":"Ja ens hem estrenat com equip, amb gran \u00e8xit de participaci\u00f3 per part de tots, tant els que estaven en tasques organitzatives com els corredors. Ara \u00e9s el moment del agrair-vos haver estat tan participatius i fer possible que f\u00f3ssim tants els que ens reun\u00edem entorn la cursa de festa\u2026","rel":"","context":"A &quot;General&quot;","block_context":{"text":"General","link":"https:\/\/blogs.avui.cat\/pepmoliner\/category\/general\/"},"img":{"alt_text":"","src":"","width":0,"height":0},"classes":[]},{"id":152,"url":"https:\/\/blogs.avui.cat\/pepmoliner\/2009\/06\/24\/cursa-de-la-campana-a-vacarisses\/","url_meta":{"origin":298,"position":3},"title":"Cursa de la Campana a Vacarisses","author":"Pep Moliner","date":"24 de juny de 2009","format":false,"excerpt":"El campanar de Vacarisses ens donar\u00e0 la sortida Tots apunt La cursa de Vacarisses \u00e9s molt recomanable per estimar el mon de les curses. La gent que la duu a terme son gent com nosaltres, i s'esforcen fins a extenuar-se per aconseguir la perfecci\u00f3. Com que son corredors, saben trobar\u2026","rel":"","context":"A &quot;General&quot;","block_context":{"text":"General","link":"https:\/\/blogs.avui.cat\/pepmoliner\/category\/general\/"},"img":{"alt_text":"","src":"","width":0,"height":0},"classes":[]},{"id":254,"url":"https:\/\/blogs.avui.cat\/pepmoliner\/2010\/07\/04\/cursa-de-festa-major-terrassa-pep\/","url_meta":{"origin":298,"position":4},"title":"Cursa de Festa Major Terrassa @pep","author":"Pep Moliner","date":"4 de juliol de 2010","format":false,"excerpt":"Tot i que darrerament estic un xic embolicat i no tinc temps per fer tot el que voldria i que tinc massa coses per fer, la cursa de festa Major de la meva ciutat, Terrassa, no me la perdo des de que vaig comen\u00e7ar a fer curses i ja fa\u2026","rel":"","context":"A &quot;General&quot;","block_context":{"text":"General","link":"https:\/\/blogs.avui.cat\/pepmoliner\/category\/general\/"},"img":{"alt_text":"","src":"https:\/\/i0.wp.com\/lh3.ggpht.com\/_9a36-PvpxDk\/TCnu13NGk0I\/AAAAAAAABWc\/aUbaMPplNgE\/cursaTerrassa.gif?resize=350%2C200","width":350,"height":200},"classes":[]},{"id":764,"url":"https:\/\/blogs.avui.cat\/pepmoliner\/2011\/06\/05\/corrent-cap-a-coll-de-pal\/","url_meta":{"origin":298,"position":5},"title":"Corrent cap a Coll de Pal","author":"Pep Moliner","date":"5 de juny de 2011","format":false,"excerpt":"Es tractava d'anar a un dels pobles, Bag\u00e0, que li tinc m\u00e9s apreci per la manera d'organitzar les seves curses, amb aquell tarann\u00e0 de qui ho fa per qu\u00e8 estima el poble i el vol donar a con\u00e8ixer des de tres vessants: pujant a Coll de Pal, anant a Gisclareny\u2026","rel":"","context":"A &quot;Competicions&quot;","block_context":{"text":"Competicions","link":"https:\/\/blogs.avui.cat\/pepmoliner\/category\/general\/competicions\/"},"img":{"alt_text":"","src":"","width":0,"height":0},"classes":[]}],"_links":{"self":[{"href":"https:\/\/blogs.avui.cat\/pepmoliner\/wp-json\/wp\/v2\/posts\/298","targetHints":{"allow":["GET"]}}],"collection":[{"href":"https:\/\/blogs.avui.cat\/pepmoliner\/wp-json\/wp\/v2\/posts"}],"about":[{"href":"https:\/\/blogs.avui.cat\/pepmoliner\/wp-json\/wp\/v2\/types\/post"}],"author":[{"embeddable":true,"href":"https:\/\/blogs.avui.cat\/pepmoliner\/wp-json\/wp\/v2\/users\/171"}],"replies":[{"embeddable":true,"href":"https:\/\/blogs.avui.cat\/pepmoliner\/wp-json\/wp\/v2\/comments?post=298"}],"version-history":[{"count":0,"href":"https:\/\/blogs.avui.cat\/pepmoliner\/wp-json\/wp\/v2\/posts\/298\/revisions"}],"wp:attachment":[{"href":"https:\/\/blogs.avui.cat\/pepmoliner\/wp-json\/wp\/v2\/media?parent=298"}],"wp:term":[{"taxonomy":"category","embeddable":true,"href":"https:\/\/blogs.avui.cat\/pepmoliner\/wp-json\/wp\/v2\/categories?post=298"},{"taxonomy":"post_tag","embeddable":true,"href":"https:\/\/blogs.avui.cat\/pepmoliner\/wp-json\/wp\/v2\/tags?post=298"}],"curies":[{"name":"wp","href":"https:\/\/api.w.org\/{rel}","templated":true}]}}