{"id":288,"date":"2008-11-10T16:56:58","date_gmt":"2008-11-10T14:56:58","guid":{"rendered":"http:\/\/blogs.avui.cat\/pepmoliner\/2008\/11\/10\/entrenament-el-classic\/"},"modified":"2008-11-10T16:56:58","modified_gmt":"2008-11-10T14:56:58","slug":"entrenament-el-classic-2","status":"publish","type":"post","link":"https:\/\/blogs.avui.cat\/pepmoliner\/2008\/11\/10\/entrenament-el-classic-2\/","title":{"rendered":"Entrenament &#8220;el cl\u00e0ssic&#8221;"},"content":{"rendered":"<p><img data-recalc-dims=\"1\" decoding=\"async\" src=\"https:\/\/i0.wp.com\/lh6.ggpht.com\/_GgLw52r2N3I\/SRgU76V-UCI\/AAAAAAAAGQs\/csiWzcaht1c\/s800\/100_0996.JPG\" border=\"0\" \/><\/p>\n<p>B\u00e9, no cal dir que sembla que cada setmana estem<br \/>\nde festa i no n&#8217;hi ha per menys. Sempre tenim nous<br \/>\nmossenaries com en Miquel \u00c0ngel i un amic i, i<br \/>\nsembla que era la primera vegada que feia un<br \/>\nentrenament de deu quil\u00f2metres i segur que repetir\u00e0.<br \/>\nAlguna mol\u00e8stia a la cama, que esperem nom\u00e9s<br \/>\nsigui per la novetat.<br \/>\nEl circuit i com diria Javi Laporta, el cl\u00e0ssic, que<br \/>\nconsisteix amb baixada de 5 qms. fins a l&#8217;ermita de<br \/>\nSant Vicen\u00e7 de Verders i tornada, amb paradinya a<br \/>\nl&#8217;\u00e0rea de lleure de Sant Juli\u00e0 d&#8217;Altura. Aqu\u00ed fem la<br \/>\nfotografia de recordatori, amb l&#8217;an\u00e8cdota de qui ens<br \/>\nfa la fotografia \u00e9s un amic d&#8217;aquests entorns i que<br \/>\namb un grup for\u00e7a animat estaven a punt de fer una<br \/>\nbona graellada de carn a la brasa. El que si es veia<br \/>\nuna interessant bota de vi que nom\u00e9s vam veure<br \/>\nde lluny, <img data-recalc-dims=\"1\" decoding=\"async\" src=\"https:\/\/i0.wp.com\/mossenhoms.netfreehost.com\/images\/smiles\/icon_smile.gif\" alt=\"Smile\" border=\"0\" \/><br \/>\nAbans hav\u00edem fet un parell de canvis, un de curt i<br \/>\nl&#8217;altre un xic m\u00e9s llarg.<br \/>\nTamb\u00e9 ten\u00edem de nou la grata companyia dels<br \/>\ngermans Ar\u00e9valo, Jos\u00e9 Antonio i Juan Carlos, que<br \/>\nfeia uns dies ens vam poder veure a la mitja de<br \/>\nl&#8217;Espirall.<br \/>\nRe-emprenem la marxa fins travessar la carretera<br \/>\ni fem una nova acceleraci\u00f3 en un lloc molt adient.<br \/>\nAmb els corresponents re-agrupaments, un bon<br \/>\nbalan\u00e7 i contents d&#8217;haver fet deu quil\u00f2metres en<br \/>\nbona companyia.<\/p>\n<p><img data-recalc-dims=\"1\" decoding=\"async\" src=\"https:\/\/i0.wp.com\/lh3.ggpht.com\/_GgLw52r2N3I\/SRfcaPQjJPI\/AAAAAAAAGME\/C25koEbyqqU\/s400\/100_0967.JPG\" border=\"0\" \/><br \/>\nLa colla engega en direcci\u00f3 al torrent de la Betzuca<\/p>\n<p><img data-recalc-dims=\"1\" decoding=\"async\" src=\"https:\/\/i0.wp.com\/lh3.ggpht.com\/_GgLw52r2N3I\/SRfceWfWCTI\/AAAAAAAAGMM\/UcOuyceH8uM\/s400\/100_0968.JPG\" border=\"0\" \/><br \/>\nEn Xavi, la Montse que ens saluda, en Carles i Xavi Miquel i Natatxa, ens posem a c\u00f3rrer<\/p>\n<p><img data-recalc-dims=\"1\" decoding=\"async\" src=\"https:\/\/i0.wp.com\/lh4.ggpht.com\/_GgLw52r2N3I\/SRfci0LxK1I\/AAAAAAAAGMY\/cuOyj6MKTvM\/s400\/100_0969.JPG\" border=\"0\" \/><br \/>\nuna bona colla<\/p>\n<p><img data-recalc-dims=\"1\" decoding=\"async\" src=\"https:\/\/i0.wp.com\/lh6.ggpht.com\/_GgLw52r2N3I\/SRfcmkk4vII\/AAAAAAAAGMg\/8YayhDM5CSQ\/s400\/100_0970.JPG\" border=\"0\" \/><br \/>\nPredomineb les rialles<\/p>\n<p><img data-recalc-dims=\"1\" decoding=\"async\" src=\"https:\/\/i0.wp.com\/lh3.ggpht.com\/_GgLw52r2N3I\/SRfcqhyRX1I\/AAAAAAAAGMo\/vwAzKquPfgo\/s400\/100_0971.JPG\" border=\"0\" \/><br \/>\nMossenaires, amb en Llu\u00eds que tenia la teoria de qui, es fa mossenaire de la setmana<br \/>\ndeixa de venir. Has vingut !!!<\/p>\n<p><img data-recalc-dims=\"1\" decoding=\"async\" src=\"https:\/\/i0.wp.com\/lh3.ggpht.com\/_GgLw52r2N3I\/SRfcuEAz2PI\/AAAAAAAAGMw\/nN4HwVRwxqE\/s400\/100_0972.JPG\" border=\"0\" \/><br \/>\nMontse, Natatxa, Carles<br \/>\n<img data-recalc-dims=\"1\" decoding=\"async\" src=\"https:\/\/i0.wp.com\/lh3.ggpht.com\/_GgLw52r2N3I\/SRfcxNh3p4I\/AAAAAAAAGM4\/vy09nyJuS_Q\/s400\/100_0973.JPG\" border=\"0\" \/><br \/>\nTensi, Javi, Ferran<br \/>\n<img data-recalc-dims=\"1\" decoding=\"async\" src=\"https:\/\/i0.wp.com\/lh5.ggpht.com\/_GgLw52r2N3I\/SRfczJJNxKI\/AAAAAAAAGNA\/5vKsoM9RcXE\/s400\/100_0974.JPG\" border=\"0\" \/><br \/>\nJosep Casasola, pensant en la propera marat\u00f3<\/p>\n<p><img data-recalc-dims=\"1\" decoding=\"async\" src=\"https:\/\/i0.wp.com\/lh4.ggpht.com\/_GgLw52r2N3I\/SRfc1-5l0MI\/AAAAAAAAGNI\/8RHVb36yhwE\/s400\/100_0975.JPG\" border=\"0\" \/><br \/>\nEn Carles, que ensenyes: l&#8217;escut del Betis ?<\/p>\n<p><img data-recalc-dims=\"1\" decoding=\"async\" src=\"https:\/\/i0.wp.com\/lh5.ggpht.com\/_GgLw52r2N3I\/SRfc8ouvXaI\/AAAAAAAAGNQ\/D10S53O0AoI\/s400\/100_0976.JPG\" border=\"0\" \/><br \/>\nPerill barranc<br \/>\n<img data-recalc-dims=\"1\" decoding=\"async\" src=\"https:\/\/i0.wp.com\/lh6.ggpht.com\/_GgLw52r2N3I\/SRfc_jPsHPI\/AAAAAAAAGNY\/6vjgcgm-ZUU\/s400\/100_0977.JPG\" border=\"0\" \/><br \/>\nFran i Jordi<br \/>\n<img data-recalc-dims=\"1\" decoding=\"async\" src=\"https:\/\/i0.wp.com\/lh3.ggpht.com\/_GgLw52r2N3I\/SRfdGfM-zCI\/AAAAAAAAGNo\/04zh1Qiw0K4\/s400\/100_0979.JPG\" border=\"0\" \/><br \/>\nJoan i Albert<br \/>\n<img data-recalc-dims=\"1\" decoding=\"async\" src=\"https:\/\/i0.wp.com\/lh6.ggpht.com\/_GgLw52r2N3I\/SRfdJv7M99I\/AAAAAAAAGNw\/BWht8dvfozI\/s400\/100_0980.JPG\" border=\"0\" \/><br \/>\nJavi i Tensi<br \/>\n<img data-recalc-dims=\"1\" decoding=\"async\" src=\"https:\/\/i0.wp.com\/lh5.ggpht.com\/_GgLw52r2N3I\/SRfdNIfxiyI\/AAAAAAAAGN4\/RP1qQXuIOp8\/s400\/100_0981.JPG\" border=\"0\" \/><br \/>\nCarles i Miquel Angel, que feia el seu primer entrenament de deu mil<br \/>\n<img data-recalc-dims=\"1\" decoding=\"async\" src=\"https:\/\/i0.wp.com\/lh5.ggpht.com\/_GgLw52r2N3I\/SRfdPq8zLSI\/AAAAAAAAGOE\/uVAn2g0SuWU\/s400\/100_0982.JPG\" border=\"0\" \/><br \/>\nAnem arribant a Sant Juli\u00e0<br \/>\n<img data-recalc-dims=\"1\" decoding=\"async\" src=\"https:\/\/i0.wp.com\/lh4.ggpht.com\/_GgLw52r2N3I\/SRfdR-Nd6yI\/AAAAAAAAGOM\/LDLBXbOfCPQ\/s400\/100_0983.JPG\" border=\"0\" \/><br \/>\nl&#8217;Antonio, un gran atleta, millor persona<br \/>\n<img data-recalc-dims=\"1\" decoding=\"async\" src=\"https:\/\/i0.wp.com\/lh5.ggpht.com\/_GgLw52r2N3I\/SRfdWI4RzAI\/AAAAAAAAGOU\/GtzRGewMCJc\/s400\/100_0984.JPG\" border=\"0\" \/><br \/>\nEn Fran, a punt de reposar<br \/>\n<img data-recalc-dims=\"1\" decoding=\"async\" src=\"https:\/\/i0.wp.com\/lh6.ggpht.com\/_GgLw52r2N3I\/SRfda-MDEoI\/AAAAAAAAGOc\/iZRHJOOBRqs\/s400\/100_0985.JPG\" border=\"0\" \/><br \/>\nJavi, el Biguel i en Lluis<br \/>\n<img data-recalc-dims=\"1\" decoding=\"async\" src=\"https:\/\/i0.wp.com\/lh5.ggpht.com\/_GgLw52r2N3I\/SRfde5jWRLI\/AAAAAAAAGOk\/YRvfUAa-lk4\/s400\/100_0986.JPG\" border=\"0\" \/><br \/>\nAntonio D\u00edaz, en forma<br \/>\n<img data-recalc-dims=\"1\" decoding=\"async\" src=\"https:\/\/i0.wp.com\/lh6.ggpht.com\/_GgLw52r2N3I\/SRfdidZ1NMI\/AAAAAAAAGOs\/YKzzv77ICf0\/s400\/100_0987.JPG\" border=\"0\" \/><br \/>\nJuan Carlos, feia dies que no el veiem per terres mossenaires<br \/>\n<img data-recalc-dims=\"1\" decoding=\"async\" src=\"https:\/\/i0.wp.com\/lh3.ggpht.com\/_GgLw52r2N3I\/SRfdo1tshcI\/AAAAAAAAGO0\/JRAUlywnKro\/s400\/100_0988.JPG\" border=\"0\" \/><br \/>\nl&#8217;Anna i en Ferran. L&#8217;Anna i la seva fascitis plantar.<br \/>\nA l&#8217;endem\u00e0 un deu mil en quaranta dos a Manlleu<br \/>\n<img data-recalc-dims=\"1\" decoding=\"async\" src=\"https:\/\/i0.wp.com\/lh3.ggpht.com\/_GgLw52r2N3I\/SRfdsSOeH6I\/AAAAAAAAGO8\/Sodpe7dZkgY\/s400\/100_0989.JPG\" border=\"0\" \/><br \/>\nNatatxa<br \/>\n<img data-recalc-dims=\"1\" decoding=\"async\" src=\"https:\/\/i0.wp.com\/lh5.ggpht.com\/_GgLw52r2N3I\/SRfdv6YWPKI\/AAAAAAAAGPE\/TOlcBr4pdZ8\/s400\/100_0990.JPG\" border=\"0\" \/><br \/>\nJos\u00e9 Antonio, germ\u00e0 de&#8217;n Juan Carlos<\/p>\n<p><img data-recalc-dims=\"1\" decoding=\"async\" src=\"https:\/\/i0.wp.com\/lh3.ggpht.com\/_GgLw52r2N3I\/SRfdz8Ww2yI\/AAAAAAAAGPM\/Nicu4-qoSsw\/s400\/100_0991.JPG\" border=\"0\" \/><br \/>\nLa Dolors i en Josep Serna<br \/>\n<img data-recalc-dims=\"1\" decoding=\"async\" src=\"https:\/\/i0.wp.com\/lh4.ggpht.com\/_GgLw52r2N3I\/SRfd32ax2-I\/AAAAAAAAGPU\/ebq7PAxVB7A\/s400\/100_0992.JPG\" border=\"0\" \/><br \/>\nel noi de verd un nou mossenaire, encara no li se el nom<br \/>\n<img data-recalc-dims=\"1\" decoding=\"async\" src=\"https:\/\/i0.wp.com\/lh5.ggpht.com\/_GgLw52r2N3I\/SRfd7T7AI1I\/AAAAAAAAGPc\/mncA5e7YO1I\/s400\/100_0993.JPG\" border=\"0\" \/><br \/>\nJoan i Albert<br \/>\n<img data-recalc-dims=\"1\" decoding=\"async\" src=\"https:\/\/i0.wp.com\/lh4.ggpht.com\/_GgLw52r2N3I\/SRfd_5w1CKI\/AAAAAAAAGPo\/heOWjZf8V6c\/s400\/100_0995.JPG\" border=\"0\" \/><br \/>\nUna bona colla<br \/>\n<img data-recalc-dims=\"1\" decoding=\"async\" src=\"https:\/\/i0.wp.com\/lh6.ggpht.com\/_GgLw52r2N3I\/SRfeIjJQ4gI\/AAAAAAAAGP4\/2wWnrPWtWQk\/s400\/100_0997.JPG\" border=\"0\" \/><br \/>\nUns amics, que es troben per c\u00f3rrer i per esmorzar. Veiem molt tiberi i una bona bota de vi<br \/>\n<img data-recalc-dims=\"1\" decoding=\"async\" src=\"https:\/\/i0.wp.com\/lh4.ggpht.com\/_GgLw52r2N3I\/SRfeMjnOTPI\/AAAAAAAAGQA\/89_G2aF68xw\/s400\/100_0998.JPG\" border=\"0\" \/><br \/>\n\u00e9rem masses nosaltres, per aix\u00f2 no ens van convidar.<\/p>\n<p><img data-recalc-dims=\"1\" decoding=\"async\" src=\"https:\/\/i0.wp.com\/lh3.ggpht.com\/_GgLw52r2N3I\/SRgU9CD-7RI\/AAAAAAAAGQ0\/op0VlV8xpcg\/s800\/100_0978.JPG\" border=\"0\" \/><\/p>\n<p>En David, ja fa dies que s&#8217;ha posat el comprom\u00eds d&#8217;entrenar plegats.<br \/>\nVa comen\u00e7ar a c\u00f3rrer no fa gaire i sembla que s&#8217;hi va trobant b\u00e9,<br \/>\ni de fet les vegades que el veiem c\u00f3rrer comprovem la bona condici\u00f3<br \/>\nf\u00edsica. \u00c9s m\u00e9s, ha fet un deu mil en pista fa poc a un ritme fant\u00e0stic.<br \/>\nHa fet esport sempre i el fet de c\u00f3rrer b\u00e9 per haver tingut gent propera<br \/>\nque ho feia, i d&#8217;aqu\u00ed va encetar la pr\u00e0ctica del c\u00f3rrer.<\/p>\n","protected":false},"excerpt":{"rendered":"<p>B\u00e9, no cal dir que sembla que cada setmana estem de festa i no n&#8217;hi ha per menys. Sempre tenim nous mossenaries com en Miquel \u00c0ngel i un amic i, i sembla que era la primera vegada que feia un entrenament de deu quil\u00f2metres i segur que repetir\u00e0. Alguna mol\u00e8stia a la cama, que esperem [&hellip;]<\/p>\n","protected":false},"author":171,"featured_media":0,"comment_status":"open","ping_status":"open","sticky":false,"template":"","format":"standard","meta":{"jetpack_post_was_ever_published":false,"_jetpack_newsletter_access":"","_jetpack_dont_email_post_to_subs":false,"_jetpack_newsletter_tier_id":0,"_jetpack_memberships_contains_paywalled_content":false,"_jetpack_memberships_contains_paid_content":false,"footnotes":"","jetpack_publicize_message":"","jetpack_publicize_feature_enabled":true,"jetpack_social_post_already_shared":false,"jetpack_social_options":{"image_generator_settings":{"template":"highway","default_image_id":0,"font":"","enabled":false},"version":2}},"categories":[1],"tags":[],"class_list":["post-288","post","type-post","status-publish","format-standard","hentry","category-general"],"jetpack_publicize_connections":[],"jetpack_featured_media_url":"","jetpack_sharing_enabled":true,"jetpack_shortlink":"https:\/\/wp.me\/pagkiK-4E","jetpack-related-posts":[{"id":73,"url":"https:\/\/blogs.avui.cat\/pepmoliner\/2008\/11\/10\/entrenament-el-classic\/","url_meta":{"origin":288,"position":0},"title":"Entrenament &#8220;el cl\u00e0ssic&#8221;","author":"Pep Moliner","date":"10 de novembre de 2008","format":false,"excerpt":"B\u00e9, no cal dir que sembla que cada setmana estem de festa i no n'hi ha per menys. Sempre tenim nous mossenaries com en Miquel \u00c0ngel i un amic i, i sembla que era la primera vegada que feia un entrenament de deu quil\u00f2metres i segur que repetir\u00e0. Alguna mol\u00e8stia\u2026","rel":"","context":"A &quot;General&quot;","block_context":{"text":"General","link":"https:\/\/blogs.avui.cat\/pepmoliner\/category\/general\/"},"img":{"alt_text":"","src":"","width":0,"height":0},"classes":[]},{"id":283,"url":"https:\/\/blogs.avui.cat\/pepmoliner\/2008\/03\/29\/29-marc08-entrenament-en-grup-2\/","url_meta":{"origin":288,"position":1},"title":"29 mar\u00e7&#8217;08, Entrenament en GRUP","author":"Pep Moliner","date":"29 de mar\u00e7 de 2008","format":false,"excerpt":"Cr\u00f2nica Pep.Avui el circuit fet \u00e9s el que passa per camins plens d'arbres, que ara han estat sanejats i on abans s'amuntegaven al seu gust, amb herbes i arbusts i ara estan estan distanciats entre ells. Imagino que per tenir-los m\u00e9s controlats en cas d'incendis i que per les sequeres\u2026","rel":"","context":"A &quot;General&quot;","block_context":{"text":"General","link":"https:\/\/blogs.avui.cat\/pepmoliner\/category\/general\/"},"img":{"alt_text":"","src":"","width":0,"height":0},"classes":[]},{"id":18,"url":"https:\/\/blogs.avui.cat\/pepmoliner\/2008\/03\/29\/29-marc08-entrenament-en-grup\/","url_meta":{"origin":288,"position":2},"title":"29 mar\u00e7&#8217;08, Entrenament en GRUP","author":"Pep Moliner","date":"29 de mar\u00e7 de 2008","format":false,"excerpt":"Cr\u00f2nica Pep.Avui el circuit fet \u00e9s el que passa per camins plens d'arbres, que ara han estat sanejats i on abans s'amuntegaven al seu gust, amb herbes i arbusts i ara estan estan distanciats entre ells. Imagino que per tenir-los m\u00e9s controlats en cas d'incendis i que per les sequeres\u2026","rel":"","context":"A &quot;General&quot;","block_context":{"text":"General","link":"https:\/\/blogs.avui.cat\/pepmoliner\/category\/general\/"},"img":{"alt_text":"","src":"","width":0,"height":0},"classes":[]},{"id":89,"url":"https:\/\/blogs.avui.cat\/pepmoliner\/2008\/12\/13\/entrenament-en-grup-amb-esmorzar\/","url_meta":{"origin":288,"position":3},"title":"Entrenament en GRUP, amb esmorzar","author":"Pep Moliner","date":"13 de desembre de 2008","format":false,"excerpt":"Circuit per llocs coneguts, encara que fet per primera vegada amb aquesta configuraci\u00f3. Nous mossenaires, com la Cristina, i altres que feia temps que no venien, com el gran Xavi Papell o l'\u00c0lex amb un amic. En Joan Bellart i el seu amic, que ens han regalat la seva pres\u00e8ncia.\u2026","rel":"","context":"A &quot;General&quot;","block_context":{"text":"General","link":"https:\/\/blogs.avui.cat\/pepmoliner\/category\/general\/"},"img":{"alt_text":"","src":"https:\/\/i0.wp.com\/lh6.ggpht.com\/_GgLw52r2N3I\/SUYi4e7me4I\/AAAAAAAAH38\/B2oqumfGcjM\/s800\/montatge_mossenHoms.jpg?resize=350%2C200","width":350,"height":200},"classes":[]},{"id":33,"url":"https:\/\/blogs.avui.cat\/pepmoliner\/2008\/06\/14\/14-juny-entrenament-en-grup\/","url_meta":{"origin":288,"position":4},"title":"14 juny, Entrenament en GRUP","author":"Pep Moliner","date":"14 de juny de 2008","format":false,"excerpt":"Avui el circu\u00eft era el de 11 qm., amb fotografia al Bosc tan bonic de Can Deu i amb un seguit de canvis, on en Pascual i l'Antonio Blanco se'ls nota aquest punt alt de velocitat que porten a les cames, amb tots els reagrupaments que caracteritza els nostres entrenaments.\u2026","rel":"","context":"A &quot;General&quot;","block_context":{"text":"General","link":"https:\/\/blogs.avui.cat\/pepmoliner\/category\/general\/"},"img":{"alt_text":"","src":"https:\/\/i0.wp.com\/lh6.ggpht.com\/pepmoliner\/SFYFgT-a_YI\/AAAAAAAADvc\/g55Ba1OiN2M\/s800\/mhoms_CIMG2669.jpg?resize=350%2C200","width":350,"height":200,"srcset":"https:\/\/i0.wp.com\/lh6.ggpht.com\/pepmoliner\/SFYFgT-a_YI\/AAAAAAAADvc\/g55Ba1OiN2M\/s800\/mhoms_CIMG2669.jpg?resize=350%2C200 1x, https:\/\/i0.wp.com\/lh6.ggpht.com\/pepmoliner\/SFYFgT-a_YI\/AAAAAAAADvc\/g55Ba1OiN2M\/s800\/mhoms_CIMG2669.jpg?resize=525%2C300 1.5x, https:\/\/i0.wp.com\/lh6.ggpht.com\/pepmoliner\/SFYFgT-a_YI\/AAAAAAAADvc\/g55Ba1OiN2M\/s800\/mhoms_CIMG2669.jpg?resize=700%2C400 2x"},"classes":[]},{"id":70,"url":"https:\/\/blogs.avui.cat\/pepmoliner\/2008\/11\/03\/turo-roques-blanques-entrenant-en-grup\/","url_meta":{"origin":288,"position":5},"title":"Tur\u00f3 Roques Blanques, entrenant en GRUP","author":"Pep Moliner","date":"3 de novembre de 2008","format":false,"excerpt":". . . . . . No va ploure mentre entren\u00e0vem i tot i minvar l'assist\u00e8ncia d'amics, va sortir el t\u00edpic entrenament de dies plujosos, com \u00e9s pujar fins al Tur\u00f3 de les Roques Blanques. Com \u00e9s costum pugem fins a Matadepera i a l'avinguda del Mas Sot ens reagrupem.\u2026","rel":"","context":"A &quot;General&quot;","block_context":{"text":"General","link":"https:\/\/blogs.avui.cat\/pepmoliner\/category\/general\/"},"img":{"alt_text":"","src":"","width":0,"height":0},"classes":[]}],"_links":{"self":[{"href":"https:\/\/blogs.avui.cat\/pepmoliner\/wp-json\/wp\/v2\/posts\/288","targetHints":{"allow":["GET"]}}],"collection":[{"href":"https:\/\/blogs.avui.cat\/pepmoliner\/wp-json\/wp\/v2\/posts"}],"about":[{"href":"https:\/\/blogs.avui.cat\/pepmoliner\/wp-json\/wp\/v2\/types\/post"}],"author":[{"embeddable":true,"href":"https:\/\/blogs.avui.cat\/pepmoliner\/wp-json\/wp\/v2\/users\/171"}],"replies":[{"embeddable":true,"href":"https:\/\/blogs.avui.cat\/pepmoliner\/wp-json\/wp\/v2\/comments?post=288"}],"version-history":[{"count":0,"href":"https:\/\/blogs.avui.cat\/pepmoliner\/wp-json\/wp\/v2\/posts\/288\/revisions"}],"wp:attachment":[{"href":"https:\/\/blogs.avui.cat\/pepmoliner\/wp-json\/wp\/v2\/media?parent=288"}],"wp:term":[{"taxonomy":"category","embeddable":true,"href":"https:\/\/blogs.avui.cat\/pepmoliner\/wp-json\/wp\/v2\/categories?post=288"},{"taxonomy":"post_tag","embeddable":true,"href":"https:\/\/blogs.avui.cat\/pepmoliner\/wp-json\/wp\/v2\/tags?post=288"}],"curies":[{"name":"wp","href":"https:\/\/api.w.org\/{rel}","templated":true}]}}