{"id":2552,"date":"2013-03-21T08:34:56","date_gmt":"2013-03-21T07:34:56","guid":{"rendered":"http:\/\/blogs.avui.cat\/pepmoliner\/?p=2552"},"modified":"2013-03-24T06:08:42","modified_gmt":"2013-03-24T05:08:42","slug":"anem-corrent-a-can-roure","status":"publish","type":"post","link":"https:\/\/blogs.avui.cat\/pepmoliner\/2013\/03\/21\/anem-corrent-a-can-roure\/","title":{"rendered":"Anem corrent a Can Roure"},"content":{"rendered":"<p><big>Sortida  cap al Nord, que no \u00e9s el m\u00e9s habitual i que ens duu a travessar un  poble molt conegut al m\u00f3n com \u00e9s <strong>Matadepera<\/strong> que a les hores que hi  passem, gaireb\u00e9 no hi passa ning\u00fa i a m\u00e9s pel bell mig dels carrers m\u00e9s  c\u00e8ntrics.<\/big><\/p>\n<p><big>Tornem a gaudir de noves incorporacions, que tasten aquesta mena  d&#8217;entrenaments estranys en els que tothom s&#8217;espera i que gent r\u00e0pida i  no tan r\u00e0pida es fa costat, compartint interessants converses que fan  m\u00e9s atractiva la trobada.<\/big><\/p>\n<p><big>Avui, gaireb\u00e9 dir\u00edem excepcionalment, ens hem dirigit a la font de <strong>Can  Roure<\/strong> que va per llocs id\u00edl\u00b7lics i agradables a la vista, encara que ara  passem per l&#8217;exterior de la masia, quan abans, fa un munt d&#8217;anys, la  gent que hi pass\u00e0vem gaireb\u00e9 ho f\u00e8iem per l&#8217;era, majorit\u00e0riament per  anar a buscar \u00e0igua.<\/big><\/p>\n<p><big>La font i l&#8217;<strong>ermita de Sant Joan<\/strong> a tocar del cementiri, molt ben cuidats.<\/big><\/p>\n<p><big>Alguna pujada important, i algun progressiu per treure les teranyines  del nous ritmes, ens faran un xic m\u00e9s divertida la trobada per entrenar  plegats i l&#8217;agra\u00efment a tots per regalar-nos la vostra companyia.<\/big><\/p>\n<p><big><img data-recalc-dims=\"1\" decoding=\"async\" src=\"https:\/\/i0.wp.com\/lh4.googleusercontent.com\/-wO7q00LilIA\/UUo8DuODriI\/AAAAAAAADe8\/ma9imqsE09o\/s400\/DSC00969.jpg?ssl=1\" border=\"0\" alt=\"\"  \/><br \/>\ngaireb\u00e9 tots els que sortiu a la foto sou nous mossenaires que a base de  repetir en aprendrem els noms. En primer terme la Susanna i de verd en  Salvador tot rient per qu\u00e8 han tingut de recular, no dic per qu\u00e8.<\/big><\/p>\n<p><big><img data-recalc-dims=\"1\" decoding=\"async\" src=\"https:\/\/i0.wp.com\/lh4.googleusercontent.com\/-mGyTHzVI87U\/UUo8EZ1kv0I\/AAAAAAAADfA\/6iS59xnHr2I\/s400\/DSC00970.jpg?ssl=1\" border=\"0\" alt=\"\"  \/><\/big><\/p>\n<p><big><img data-recalc-dims=\"1\" decoding=\"async\" src=\"https:\/\/i0.wp.com\/lh6.googleusercontent.com\/-jzmy5tsb3EE\/UUo8GPrXvLI\/AAAAAAAADfM\/X4Icvw_BDlI\/s400\/DSC00971.jpg?ssl=1\" border=\"0\" alt=\"\"  \/><\/big><\/p>\n<p><big><img data-recalc-dims=\"1\" decoding=\"async\" src=\"https:\/\/i0.wp.com\/lh4.googleusercontent.com\/-uoSiUJQUugU\/UUo8FxOCiuI\/AAAAAAAADfU\/8Crz8rTx0ic\/s400\/DSC00972.jpg?ssl=1\" border=\"0\" alt=\"\"  \/><br \/>\nUna vegada en travessat la carretera en bloc, ara passem un un cam\u00ed  encimentat on al capdavant tenim consolidats mossenaires de molts anys,  com son en Fran Frutos, Jordi Renom i en Josep Mirabet<\/big><\/p>\n<p><big><img data-recalc-dims=\"1\" decoding=\"async\" src=\"https:\/\/i0.wp.com\/lh5.googleusercontent.com\/-I9hT03kiqS0\/UUo8HKmm94I\/AAAAAAAADfY\/BPxEyve3dbM\/s400\/DSC00973.jpg?ssl=1\" border=\"0\" alt=\"\"  \/><br \/>\nA l&#8217;esquera en Beni, vestit amb l&#8217;uniforma de Vacarisses corre, que es d&#8217;on ha vingut avui, al costat d&#8217;en Javi i en Pedro<br \/>\n<img data-recalc-dims=\"1\" decoding=\"async\" src=\"https:\/\/i0.wp.com\/lh5.googleusercontent.com\/-1AO2lAWIxN0\/UUo8ITjdzOI\/AAAAAAAADfk\/SiJUVwTKems\/s400\/DSC00974.jpg?ssl=1\" border=\"0\" alt=\"\"  \/><\/big><\/p>\n<p><big><img data-recalc-dims=\"1\" decoding=\"async\" src=\"https:\/\/i0.wp.com\/lh4.googleusercontent.com\/-uCFQ10MYaWg\/UUo8KJKVTnI\/AAAAAAAADf4\/1Zy6EdoxWrU\/s400\/DSC00975.jpg?ssl=1\" border=\"0\" alt=\"\"  \/><br \/>\nEn Carlos ens sorpr\u00e8n abrigat fins al capdamunt, quan a l&#8217;estiu sol anar  sense samarreta, seguit avui per en Fernando Del Corral i la Quima<br \/>\n<img data-recalc-dims=\"1\" decoding=\"async\" src=\"https:\/\/i0.wp.com\/lh5.googleusercontent.com\/-g0i6MDFlZ4M\/UUo8I-dnNhI\/AAAAAAAADfo\/RTrdYkAot6g\/s400\/DSC00976.jpg?ssl=1\" border=\"0\" alt=\"\"  \/><\/big><\/p>\n<p><big><img data-recalc-dims=\"1\" decoding=\"async\" src=\"https:\/\/i0.wp.com\/lh6.googleusercontent.com\/-XQKn9PRYLpQ\/UUo8LeXaIaI\/AAAAAAAADgA\/FYZTCUObcD0\/s400\/DSC00977.jpg?ssl=1\" border=\"0\" alt=\"\"  \/><br \/>\nSusanna debutant al costat de la nostra campiona, la Carme Ballesteros<br \/>\n<img data-recalc-dims=\"1\" decoding=\"async\" src=\"https:\/\/i0.wp.com\/lh6.googleusercontent.com\/-w95VuIW7wYQ\/UUo8KswZ7yI\/AAAAAAAADf8\/I9bs90DQbJY\/s400\/DSC00978.jpg?ssl=1\" border=\"0\" alt=\"\"  \/><br \/>\ni l&#8217;orgull de tenir la nostra mossenaire d&#8217;honor al costat d&#8217;un nou mossenaire<br \/>\n<img data-recalc-dims=\"1\" decoding=\"async\" src=\"https:\/\/i0.wp.com\/lh3.googleusercontent.com\/-tQJgWHnrPHY\/UUo8N0SNjgI\/AAAAAAAADgc\/dK4ZKJY1ejY\/s400\/DSC00979.jpg?ssl=1\" border=\"0\" alt=\"\"  \/><\/big><\/p>\n<p><big><img data-recalc-dims=\"1\" decoding=\"async\" src=\"https:\/\/i0.wp.com\/lh6.googleusercontent.com\/-BRghz8nYjf4\/UUo8NSeahzI\/AAAAAAAADgQ\/t6N4J3zlp4E\/s400\/DSC00980.jpg?ssl=1\" border=\"0\" alt=\"\"  \/><br \/>\nEn Salvador ja escampa les virtuts del grup amb els seus bons amics i: ens venen a provar. Esperem passar amb nota<\/big><\/p>\n<p><big><img data-recalc-dims=\"1\" decoding=\"async\" src=\"https:\/\/i0.wp.com\/lh4.googleusercontent.com\/-3V8z1tuY5jA\/UUo8N-J2sII\/AAAAAAAADgU\/1XqacuX6XCE\/s400\/DSC00981.jpg?ssl=1\" border=\"0\" alt=\"\"  \/><br \/>\nCristina, de taronja a l&#8217;endem\u00e0 anir\u00e0 de volunt\u00e0ria a repartir aigua als  maratonians al seu pas per la catedral de Barcelona, al costat d&#8217;un  atleta impressionant com \u00e9s en Jaume Aragon\u00e9s i l&#8217;Amalia<\/big><\/p>\n<p><big><img data-recalc-dims=\"1\" decoding=\"async\" src=\"https:\/\/i0.wp.com\/lh4.googleusercontent.com\/-oA1lstMXo5U\/UUo8OjXf78I\/AAAAAAAADgg\/a4BzT-rI0Wc\/s400\/DSC00982.jpg?ssl=1\" border=\"0\" alt=\"\"  \/><br \/>\nLa teoria falla, els mossenaires no s&#8217;aturen, per\u00f2 si que s&#8217;esperen. Vol dir que&#8230;<\/big><\/p>\n<p><big><img data-recalc-dims=\"1\" decoding=\"async\" src=\"https:\/\/i0.wp.com\/lh4.googleusercontent.com\/-QDZh548nf6g\/UUo8QQs4UxI\/AAAAAAAADgw\/fMn1483-Cos\/s400\/DSC00983.jpg?ssl=1\" border=\"0\" alt=\"\"  \/><\/big><\/p>\n<p><big><img data-recalc-dims=\"1\" decoding=\"async\" src=\"https:\/\/i0.wp.com\/lh4.googleusercontent.com\/-xiMuNMuFuyE\/UUo8QdfwUNI\/AAAAAAAADg0\/T1NEe3t0jk8\/s400\/DSC00984.jpg?ssl=1\" border=\"0\" alt=\"\"  \/><\/big><\/p>\n<p><big><img data-recalc-dims=\"1\" decoding=\"async\" src=\"https:\/\/i0.wp.com\/lh3.googleusercontent.com\/-80gWe8NpZQc\/UUo8Qmyu1OI\/AAAAAAAADg4\/MWx6xwiDNe8\/s400\/DSC00985.jpg?ssl=1\" border=\"0\" alt=\"\"  \/><\/big><\/p>\n<p><big><img data-recalc-dims=\"1\" decoding=\"async\" src=\"https:\/\/i0.wp.com\/lh6.googleusercontent.com\/-fDiMoGDkAlk\/UUo8SVGmjOI\/AAAAAAAADhE\/_-cKl5pvTcc\/s400\/DSC00986.jpg?ssl=1\" border=\"0\" alt=\"\"  \/><\/big><\/p>\n<p><big><img data-recalc-dims=\"1\" decoding=\"async\" src=\"https:\/\/i0.wp.com\/lh4.googleusercontent.com\/-LKv4N0bl1Z0\/UUo8S1-WrsI\/AAAAAAAADhU\/e2w2M9DTnl4\/s400\/DSC00988.jpg?ssl=1\" border=\"0\" alt=\"\"  \/><br \/>\nI al costat de la riera al fam\u00f3s &#8220;tercer pont&#8221; que molts grups de Terrassa anomenen i fan servir com a punt de retorn<\/big><\/p>\n<p><big><img data-recalc-dims=\"1\" decoding=\"async\" src=\"https:\/\/i0.wp.com\/lh4.googleusercontent.com\/-kwBEDbB8lY0\/UUo8UPL9G3I\/AAAAAAAADhY\/YlzKWWnPux0\/s400\/DSC00989.jpg?ssl=1\" border=\"0\" alt=\"\"  \/><\/big><\/p>\n<p><big><img data-recalc-dims=\"1\" decoding=\"async\" src=\"https:\/\/i0.wp.com\/lh4.googleusercontent.com\/-aC_FkhvK4QI\/UUo8VVL8uLI\/AAAAAAAADhk\/fShx4Ppqias\/s400\/DSC00990.jpg?ssl=1\" border=\"0\" alt=\"\"  \/><br \/>\nBeni i Josep<\/big><\/p>\n<p><big><img data-recalc-dims=\"1\" decoding=\"async\" src=\"https:\/\/i0.wp.com\/lh5.googleusercontent.com\/-WI53AwGf4yQ\/UUo8Vs9IBLI\/AAAAAAAADho\/nyOBsyUkwNw\/s400\/DSC00991.jpg?ssl=1\" border=\"0\" alt=\"\"  \/><\/big><\/p>\n<p><big><img data-recalc-dims=\"1\" decoding=\"async\" src=\"https:\/\/i0.wp.com\/lh6.googleusercontent.com\/-wmqtlYrz0AM\/UUo8X0HsTCI\/AAAAAAAADiA\/xRAkbfgBNck\/s400\/DSC00992.jpg?ssl=1\" border=\"0\" alt=\"\"  \/><\/big><\/p>\n<p><big><img data-recalc-dims=\"1\" decoding=\"async\" src=\"https:\/\/i0.wp.com\/lh3.googleusercontent.com\/-48cGMOApRt8\/UUo8XJVMacI\/AAAAAAAADh0\/v1SSA-9LspI\/s400\/DSC00993.jpg?ssl=1\" border=\"0\" alt=\"\"  \/><br \/>\nDavant de tot i anant tota l&#8217;estona amunt i avall, en Toni Fern\u00e0ndez<br \/>\n<img data-recalc-dims=\"1\" decoding=\"async\" src=\"https:\/\/i0.wp.com\/lh6.googleusercontent.com\/-iu_U5uLKMkw\/UUo8YdQevaI\/AAAAAAAADiE\/qRc6XdBInv4\/s400\/DSC00994.jpg?ssl=1\" border=\"0\" alt=\"\"  \/><br \/>\nI ja per Can Roure a punt de fer la darrera pujada abans no arribem a la font<\/big><\/p>\n<p><big><img data-recalc-dims=\"1\" decoding=\"async\" src=\"https:\/\/i0.wp.com\/lh5.googleusercontent.com\/-r6tcOBA37Us\/UUo8YWolQcI\/AAAAAAAADiM\/iBK7-poR2QQ\/s400\/DSC00995.jpg?ssl=1\" border=\"0\" alt=\"\"  \/><\/big><\/p>\n<p><big><img data-recalc-dims=\"1\" decoding=\"async\" src=\"https:\/\/i0.wp.com\/lh6.googleusercontent.com\/-Ovuqz-WWfjc\/UUo8cCzfvHI\/AAAAAAAADms\/jWN_qiovw7Y\/s400\/DSC00997.jpg?ssl=1\" border=\"0\" alt=\"\"  \/><\/big><\/p>\n<p><big><img data-recalc-dims=\"1\" decoding=\"async\" src=\"https:\/\/i0.wp.com\/lh5.googleusercontent.com\/-KdBfbw1iuJE\/UUo8bGcKJtI\/AAAAAAAADmw\/_iXFwXQjztY\/s400\/DSC00998.jpg?ssl=1\" border=\"0\" alt=\"\"  \/><\/big><\/p>\n<p><big><img data-recalc-dims=\"1\" decoding=\"async\" src=\"https:\/\/i0.wp.com\/lh5.googleusercontent.com\/-PQImdljM4TA\/UUo8cavxMZI\/AAAAAAAADm0\/nfFubf-CXw8\/s400\/DSC00999.jpg?ssl=1\" border=\"0\" alt=\"\"  \/><br \/>\nLlu\u00eds jr, i Emilio a punt de refrescar-se una mica<br \/>\n<img data-recalc-dims=\"1\" decoding=\"async\" src=\"https:\/\/i0.wp.com\/lh3.googleusercontent.com\/-9LHEHc43w1U\/UUo8dcUvVfI\/AAAAAAAADiw\/7tnqxQhM-J8\/s400\/DSC01000.jpg?ssl=1\" border=\"0\" alt=\"\"  \/><\/big><\/p>\n<p><big><img data-recalc-dims=\"1\" decoding=\"async\" src=\"https:\/\/i0.wp.com\/lh4.googleusercontent.com\/-sLz6cHX_9VQ\/UUo8fu9vvTI\/AAAAAAAADjE\/iR62lpw40ek\/s400\/DSC01001.jpg?ssl=1\" border=\"0\" alt=\"\"  \/><\/big><\/p>\n<p><big><img data-recalc-dims=\"1\" decoding=\"async\" src=\"https:\/\/i0.wp.com\/lh4.googleusercontent.com\/-wvtIPm_qzqo\/UUo8fTLwD-I\/AAAAAAAADi8\/EQSUTNgsQSQ\/s400\/DSC01002.jpg?ssl=1\" border=\"0\" alt=\"\"  \/><\/big><\/p>\n<p><big><img data-recalc-dims=\"1\" decoding=\"async\" src=\"https:\/\/i0.wp.com\/lh6.googleusercontent.com\/-9ng_80jejx0\/UUo8g1qAdPI\/AAAAAAAADjM\/I5RQ1Tb3VX8\/s400\/DSC01003.jpg?ssl=1\" border=\"0\" alt=\"\"  \/><\/big><\/p>\n<p><big><img data-recalc-dims=\"1\" decoding=\"async\" src=\"https:\/\/i0.wp.com\/lh3.googleusercontent.com\/-P8z906MDHIQ\/UUo8hnGy-gI\/AAAAAAAADjQ\/dIFgs4OyRkA\/s400\/DSC01004.jpg?ssl=1\" border=\"0\" alt=\"\"  \/><\/big><\/p>\n<p><big><img data-recalc-dims=\"1\" decoding=\"async\" src=\"https:\/\/i0.wp.com\/lh3.googleusercontent.com\/-d4EdukTUSVw\/UUo8khCi0QI\/AAAAAAAADjo\/w06X8BHYjwc\/s400\/DSC01005.jpg?ssl=1\" border=\"0\" alt=\"\"  \/><\/big><\/p>\n<p><big><img data-recalc-dims=\"1\" decoding=\"async\" src=\"https:\/\/i0.wp.com\/lh3.googleusercontent.com\/-NWXfHyok7wc\/UUo8kQcbdKI\/AAAAAAAADjg\/gLcxxe889bE\/s400\/DSC01006.jpg?ssl=1\" border=\"0\" alt=\"\"  \/><\/big><\/p>\n<p><big><img data-recalc-dims=\"1\" decoding=\"async\" src=\"https:\/\/i0.wp.com\/lh5.googleusercontent.com\/-pp28IvVOhS4\/UUo8kgXwAqI\/AAAAAAAADjk\/V1XEqK4xnhA\/s400\/DSC01007.jpg?ssl=1\" border=\"0\" alt=\"\"  \/><\/big><\/p>\n<p><a href=\"http:\/\/mossenhoms.netfreehost.com\/viewtopic.php?p=13349&amp;mforum=mossenhoms#13349\"><img data-recalc-dims=\"1\" decoding=\"async\" src=\"https:\/\/i0.wp.com\/lh4.googleusercontent.com\/-hcWxyZVXguc\/UUo8nUgAZOI\/AAAAAAAADkU\/KPIibVqnneo\/s400\/DSC01008a.jpg?ssl=1\" border=\"0\" alt=\"\"  \/><\/a><\/p>\n<p><big>Ara arriba el moment m\u00e9s familiar, on hi som tots i que sempre esperem  com a part de l&#8217;entrenament i com es diu en aquestes ocasions: un  cl\u00e0ssic<\/big><\/p>\n<p><big><img data-recalc-dims=\"1\" decoding=\"async\" src=\"https:\/\/i0.wp.com\/lh3.googleusercontent.com\/-fpcqRiJRWT8\/UUo8ntZ-GkI\/AAAAAAAADj8\/vS6U89T6kW8\/s400\/DSC01009.jpg?ssl=1\" border=\"0\" alt=\"\"  \/><\/big><\/p>\n<p><big><img data-recalc-dims=\"1\" decoding=\"async\" src=\"https:\/\/i0.wp.com\/lh6.googleusercontent.com\/-zIISjtfVAUE\/UUo8npWJf_I\/AAAAAAAADj0\/dl5qD0LpT_4\/s400\/DSC01013.jpg?ssl=1\" border=\"0\" alt=\"\"  \/><br \/>\ni retornem cap a casa passant per llocs amb molta hist\u00f2ria<\/big><\/p>\n<p><big><img data-recalc-dims=\"1\" decoding=\"async\" src=\"https:\/\/i0.wp.com\/lh5.googleusercontent.com\/-RnJPIh34o6A\/UUo8pPNWSkI\/AAAAAAAADkI\/LlO5bc3O0nE\/s400\/DSC01014.jpg?ssl=1\" border=\"0\" alt=\"\"  \/><\/big><\/p>\n<p><big><img data-recalc-dims=\"1\" decoding=\"async\" src=\"https:\/\/i0.wp.com\/lh6.googleusercontent.com\/-kLuwxEggFwU\/UUo8p_tw0mI\/AAAAAAAADkM\/dGV02HZ-VYc\/s400\/DSC01015.jpg?ssl=1\" border=\"0\" alt=\"\"  \/><\/big><\/p>\n<p><big><img data-recalc-dims=\"1\" decoding=\"async\" src=\"https:\/\/i0.wp.com\/lh5.googleusercontent.com\/-fLJN6QOjbj0\/UUo8q677zsI\/AAAAAAAADkc\/oszglCGVSZw\/s400\/DSC01016.jpg?ssl=1\" border=\"0\" alt=\"\"  \/><br \/>\nEmilo Exposito i el seu nebot, en Sergio, que per entrenar venen des de Vacarisses<\/big><\/p>\n<p><big><img data-recalc-dims=\"1\" decoding=\"async\" src=\"https:\/\/i0.wp.com\/lh4.googleusercontent.com\/-pNNjcxZuOt8\/UUo8rukLGKI\/AAAAAAAADko\/Dv-6LUrmJyk\/s400\/DSC01017.jpg?ssl=1\" border=\"0\" alt=\"\"  \/><\/big><\/p>\n<p><big><img data-recalc-dims=\"1\" decoding=\"async\" src=\"https:\/\/i0.wp.com\/lh5.googleusercontent.com\/-G7GRs19tixU\/UUo8rYv99SI\/AAAAAAAADks\/TW_CTo9ZFUE\/s400\/DSC01018.jpg?ssl=1\" border=\"0\" alt=\"\"  \/><br \/>\nI ara farem vibrar el pont nou o passarel.la<\/big><\/p>\n<p><big><img data-recalc-dims=\"1\" decoding=\"async\" src=\"https:\/\/i0.wp.com\/lh4.googleusercontent.com\/-Cp-9WaEeyzw\/UUo8sUnYx0I\/AAAAAAAADkw\/Ve5whi4gcb0\/s400\/DSC01019.jpg?ssl=1\" border=\"0\" alt=\"\"  \/><\/big><\/p>\n<p><big><img data-recalc-dims=\"1\" decoding=\"async\" src=\"https:\/\/i0.wp.com\/lh4.googleusercontent.com\/-hBMfU5cmdL8\/UUo8t3mqNZI\/AAAAAAAADlA\/uTewBvUqcwE\/s400\/DSC01020.jpg?ssl=1\" border=\"0\" alt=\"\"  \/><\/big><\/p>\n<p><big><img data-recalc-dims=\"1\" decoding=\"async\" src=\"https:\/\/i0.wp.com\/lh3.googleusercontent.com\/-SZqbr4V6E_E\/UUo8twZJkhI\/AAAAAAAADlE\/yoTiRQvNZNc\/s400\/DSC01021.jpg?ssl=1\" border=\"0\" alt=\"\"  \/><\/big><\/p>\n<p><big><img data-recalc-dims=\"1\" decoding=\"async\" src=\"https:\/\/i0.wp.com\/lh5.googleusercontent.com\/-2ygN1IoW2JE\/UUo8ufFpcvI\/AAAAAAAADlI\/YKPqmM6hDU4\/s400\/DSC01022.jpg?ssl=1\" border=\"0\" alt=\"\"  \/><\/big><\/p>\n<p><big><img data-recalc-dims=\"1\" decoding=\"async\" src=\"https:\/\/i0.wp.com\/lh6.googleusercontent.com\/-2_K6-ziO7Ns\/UUo8vpcp2KI\/AAAAAAAADlU\/IxfeGep3Q2A\/s400\/DSC01023.jpg?ssl=1\" border=\"0\" alt=\"\"  \/><br \/>\nUn n\u00favol ens tapa la bella estampa de Sant Lloren\u00e7 la Mola, i per davant tenim a la Quima en Carlos<\/big><\/p>\n<p><big><img data-recalc-dims=\"1\" decoding=\"async\" src=\"https:\/\/i0.wp.com\/lh4.googleusercontent.com\/-RxkmluqAWwU\/UUo8xGb1w1I\/AAAAAAAADlo\/g1L4enoIDUc\/s400\/DSC01024.jpg?ssl=1\" border=\"0\" alt=\"\"  \/><br \/>\nEn Alberto Zarzuela, que quan pot i superant mals d&#8217;esquena b\u00e9 gaireb\u00e9 sempre<\/big><\/p>\n<p><big><img data-recalc-dims=\"1\" decoding=\"async\" src=\"https:\/\/i0.wp.com\/lh3.googleusercontent.com\/-A2ZFP-md_Qw\/UUo8wYePKxI\/AAAAAAAADlc\/zkDKQm2gHe8\/s400\/DSC01025.jpg?ssl=1\" border=\"0\" alt=\"\"  \/><br \/>\nI tres noies al capdavant, la <strong>Rosa<\/strong>, Eva i Cris<\/big><\/p>\n<p><big><img data-recalc-dims=\"1\" decoding=\"async\" src=\"https:\/\/i0.wp.com\/lh4.googleusercontent.com\/-J_n_FkEdRY0\/UUo8xp3HTvI\/AAAAAAAADlk\/KyQ7AygUTfE\/s400\/DSC01026.jpg?ssl=1\" border=\"0\" alt=\"\"  \/><\/big><\/p>\n<p><big><img data-recalc-dims=\"1\" decoding=\"async\" src=\"https:\/\/i0.wp.com\/lh4.googleusercontent.com\/-YYVv65Q0kXc\/UUo8zpcfsfI\/AAAAAAAADlw\/MxY9oLcTdyw\/s400\/DSC01027.jpg?ssl=1\" border=\"0\" alt=\"\"  \/><\/big><\/p>\n<p><big><img data-recalc-dims=\"1\" decoding=\"async\" src=\"https:\/\/i0.wp.com\/lh4.googleusercontent.com\/-g7QevZ8bp4w\/UUo811mqRFI\/AAAAAAAADl8\/z-AxaUAnfC8\/s400\/DSC01040.jpg?ssl=1\" border=\"0\" alt=\"\"  \/><\/big><\/p>\n<p><big><img data-recalc-dims=\"1\" decoding=\"async\" src=\"https:\/\/i0.wp.com\/lh6.googleusercontent.com\/-0aJm72_Vr70\/UUo83ZPmh1I\/AAAAAAAADmQ\/Ta8bLoTnfRU\/s400\/DSC01046.jpg?ssl=1\" border=\"0\" alt=\"\"  \/><br \/>\nAvui hem tingut la sort de tenir moltes noies i a la fotografia l&#8217;Amalia, Eva, Carme i <strong>Rosa<\/strong><\/big><\/p>\n<p><big>La <strong>Rosa<\/strong> i el seu marit els conec del mon del c\u00f3rrer i des de que venen a  fer gran el projecte. Amb en Joan a m\u00e9s entreno alguna vegada amb un  molt bon grup d&#8217;entrenament dominical, &#8220;els nenazas&#8221;. La que sempre que  pot i com que te moltes ganes de venir \u00e9s la Rosa i avui li hem demanar  si ens explicava una mica coses d&#8217;ella i ha estat encantada i nosaltres  tamb\u00e9: i li ho volem agrair aquest gest. Merci !!<br \/>\n<img data-recalc-dims=\"1\" decoding=\"async\" src=\"https:\/\/i0.wp.com\/lh6.googleusercontent.com\/-odekjg6AxiY\/UUo83N4DDeI\/AAAAAAAADmM\/4puP2X5WhHc\/s400\/DSC01030a.jpg?ssl=1\" border=\"0\" alt=\"\"  \/><\/big><\/p>\n<p><big><img data-recalc-dims=\"1\" decoding=\"async\" src=\"https:\/\/i0.wp.com\/lh6.googleusercontent.com\/-C6bZa3FwcHQ\/UUo82GV_AeI\/AAAAAAAADmA\/jWo6cZO2EtE\/s400\/DSC01035a.jpg?ssl=1\" border=\"0\" alt=\"\"  \/><\/big><\/p>\n<p><big><\/big><\/p>\n<p><span style=\"color: #0000ff\"><em><strong><big>El primer contacte amb el running va ser el 2007 preparant amb dos amics  la Santi Centelles de Terrassa;  i tot seguit,  entusiasmats, vam  continuar entrenant per fer la de cursa dels Bombers.  A partir d\u2019aqu\u00ed  vaig coincidir parlant amb una amiga, que sortia de manera regular a  c\u00f3rrer i em van \u201cadoptar\u201d al seu grup.<br \/>\nEs pot dir per\u00f2, que vaig comen\u00e7ar a entrenar amb molta m\u00e9s assidu\u00eftat  el maig de 2008, mesos abans de fer els  40 anys, no pel fet de fer-ne  40 eh!!!!!!,  sin\u00f3 pel fet que vaig deixar de fumar i tot el dia feia  esport i bevia aigua per pal\u00b7liar, suposo, els s\u00edmptomes de l\u2019abs\u00e8ncia  de tabac.<br \/>\nComences a entrenar, entres al m\u00f3n d\u2019apuntar-te a curses,  que esdevenen  nous reptes, trobes gent que corre amb grups i poc a poc et vas  enganxant i tens la necessitat de posar-te les bambes i sortir a fer el  voltet; dels 10km un dia alg\u00fa et diu que podries amb els 21km i t\u2019hi  animes, i aix\u00ed, el 2009 vaig fer la primera mitja marat\u00f3 a Montorn\u00e8s.<br \/>\nLa parada t\u00e8cnica de tot l\u2019 any 2010- que em vaig trencar la t\u00edbia i  peron\u00e9 (no fent esport no us penseu!!!!)- em van fer defallir una mica  els \u00e0nims, per\u00f2 \u00e9s ben cert que el 2011 ja tornava a fer curses i a  entrenar amb normalitat i el 2012 ja em vaig veure amb cor d\u2019 entrenar  regularment amb companys del  grup de les Nenazas i de provar ara, just  fa un any, de sortir un dissabte amb vosaltres Mossenaires, on per cert  m\u2019 hi vaig trobar la mar de b\u00e9!!!!<br \/>\nEl fet \u00e9s que el c\u00f3rrer ha aportat coses molt positives a la meva vida, a  banda de fer-me sentir molt i molt b\u00e9 f\u00edsicament, m\u2019ha perm\u00e8s con\u00e8ixer  persones que corren en diferents grups o soles, amb qui poder compartir  una fant\u00e0stica estona de running a l\u2019aire lliure, ja faci sol, troni  nevi o plogui.<\/big><\/strong><\/em><\/span><\/p>\n<table style=\"text-align: justify\" border=\"0\" width=\"60%\">\n<tbody>\n<tr>\n<td>\n<div>\n<h2><span style=\"color: #800000\"><a href=\"http:\/\/dom.cat\/67y\" target=\"_blank\"><img data-recalc-dims=\"1\" decoding=\"async\" src=\"https:\/\/i0.wp.com\/www.josepmoliner.com\/fupar_suports2013B.gif\" border=\"0\" alt=\"http:\/\/www.josepmoliner.com\/fupar_suports2013B.gif\" \/><\/a><\/span><\/h2>\n<\/div>\n<\/td>\n<td>\n<div>\n<h2><span style=\"color: #800000\"><em><strong><a href=\"http:\/\/www.californiasports.es\/es\/\" target=\"_blank\"><img data-recalc-dims=\"1\" decoding=\"async\" src=\"https:\/\/i0.wp.com\/www.josepmoliner.com\/california_sports1.gif\" border=\"0\" alt=\"\" \/><\/a><\/strong><\/em><\/span><\/h2>\n<\/div>\n<\/td>\n<td>\n<div>\n<h2><span style=\"color: #800000\"><em><a href=\"http:\/\/www.tremik.com\/\"><img data-recalc-dims=\"1\" decoding=\"async\" src=\"https:\/\/i0.wp.com\/www.josepmoliner.com\/tremik.gif\" border=\"0\" alt=\"\" \/><\/a><\/em><\/span><\/h2>\n<\/div>\n<\/td>\n<\/tr>\n<tr>\n<td>\n<div>\n<h2><span style=\"color: #800000\"><em><strong><a href=\"http:\/\/xn--esportskera-8db.com\/\/\"><img data-recalc-dims=\"1\" decoding=\"async\" src=\"https:\/\/i0.wp.com\/www.josepmoliner.com\/knera2.gif\" border=\"0\" alt=\"\" \/><\/a><\/strong><\/em><\/span><\/h2>\n<\/div>\n<\/td>\n<td>\n<h2><span style=\"color: #800000\"><a href=\"http:\/\/www.runparadis.com\" target=\"_blank\"><img data-recalc-dims=\"1\" decoding=\"async\" src=\"https:\/\/i0.wp.com\/lh5.googleusercontent.com\/-fxn7_nG5AgE\/URE5Rget7SI\/AAAAAAAAAVw\/Yrizru4D1ss\/s800\/runparadis.gif?ssl=1\" alt=\"https:\/\/lh5.googleusercontent.com\/-fxn7_nG5AgE\/URE5Rget7SI\/AAAAAAAAAVw\/Yrizru4D1ss\/s1600\/runparadis.gif\" \/><\/a><\/span><\/h2>\n<\/td>\n<td>\n<div>\n<h2><span style=\"color: #800000\"><em><a href=\"http:\/\/www.esportsavinguda.tk\/\"><img data-recalc-dims=\"1\" decoding=\"async\" src=\"https:\/\/i0.wp.com\/josepmoliner.com\/esportsavinguda2.gif\" border=\"0\" alt=\"\" \/><\/a><\/em><\/span><\/h2>\n<\/div>\n<\/td>\n<\/tr>\n<tr>\n<td>\n<h2><span style=\"color: #800000\"><em> <\/em><em><strong><a href=\"http:\/\/www.egargrafic.com\/\"><img data-recalc-dims=\"1\" decoding=\"async\" src=\"https:\/\/i0.wp.com\/www.josepmoliner.com\/egargrafic2.gif\" border=\"0\" alt=\"\" \/><\/a><\/strong><\/em><\/span><\/h2>\n<\/td>\n<td>\n<h2><span style=\"color: #800000\"><a href=\"http:\/\/www.fupar.cat\/contingut.aspx?pag=1854&amp;idioma=1\"><img data-recalc-dims=\"1\" decoding=\"async\" src=\"https:\/\/i0.wp.com\/www.josepmoliner.com\/fupar_rentat2013B.gif\" border=\"0\" alt=\"http:\/\/www.josepmoliner.com\/fupar_rentat2013B.gif\" \/><\/a><\/span><\/h2>\n<\/td>\n<td>\n<h2><span style=\"color: #800000\"><em> <\/em><em><strong><a href=\"http:\/\/www.eledevall.com\/\" target=\"_blank\"><img data-recalc-dims=\"1\" decoding=\"async\" src=\"https:\/\/i0.wp.com\/josepmoliner.com\/eledevall.gif\" border=\"0\" alt=\"\" \/><\/a><\/strong><\/em><\/span><\/h2>\n<h2><span style=\"color: #800000\"><em><strong><br \/>\n<\/strong><\/em><\/span><\/h2>\n<\/td>\n<\/tr>\n<\/tbody>\n<\/table>\n<div class=\"mceTemp mceIEcenter\" style=\"text-align: justify\">\n<dl>\n<dt><span style=\"color: #800000\"><a rel=\"attachment wp-att-1248\" href=\"http:\/\/blogs.avui.cat\/pepmoliner\/2012\/02\/08\/neva-a-can-roure-correm-mhi\/josepmolinerdisseny381x111\/\"><img data-recalc-dims=\"1\" loading=\"lazy\" decoding=\"async\" data-attachment-id=\"1248\" data-permalink=\"https:\/\/blogs.avui.cat\/pepmoliner\/2012\/02\/08\/neva-a-can-roure-correm-mhi\/josepmolinerdisseny381x111\/\" data-orig-file=\"https:\/\/i0.wp.com\/blogs.avui.cat\/pepmoliner\/files\/2012\/02\/josepmolinerDisseny381x111.gif?fit=381%2C111&amp;ssl=1\" data-orig-size=\"381,111\" data-comments-opened=\"0\" data-image-meta=\"{&quot;aperture&quot;:&quot;0&quot;,&quot;credit&quot;:&quot;&quot;,&quot;camera&quot;:&quot;&quot;,&quot;caption&quot;:&quot;&quot;,&quot;created_timestamp&quot;:&quot;0&quot;,&quot;copyright&quot;:&quot;&quot;,&quot;focal_length&quot;:&quot;0&quot;,&quot;iso&quot;:&quot;0&quot;,&quot;shutter_speed&quot;:&quot;0&quot;,&quot;title&quot;:&quot;&quot;}\" data-image-title=\"DISSENY Pep Moliner\" data-image-description=\"&lt;p&gt;Com que treballo &lt;strong&gt;pel meu compte&lt;\/strong&gt;, poso el meu logo a les cr\u00f2niques, i donar a con\u00e8ixer la meva feina. Si em vols fer un enc\u00e0rrec, posa&amp;#8217;t en contacte al meu mail o al formulari de contacte.&lt;\/p&gt;\n&lt;p&gt;  Ja ho saps, doncs. No em tanco a res ni a ning\u00fa, professionalment, vol dir que si creus que puc encaixar en un altre aspecte, en parlem. La crisi \u00e9s per tothom i avui dia tenir feina \u00e9s un tresor.&lt;\/p&gt;\n&lt;p&gt;  Pots consultar m\u00e9s o menys el que faig a: &lt;a href=&quot;https:\/\/sites.google.com\/site\/dissenyjosepmoliner\/&quot; target=&quot;_blank&quot;&gt;http:\/\/disseny.josepmoliner.com&lt;\/a&gt; , encara que estic obert al que sigui .&lt;\/p&gt;\n&lt;p&gt;Moltes gr\u00e0cies per endavant&lt;\/p&gt;&lt;\/p&gt;\n\" data-image-caption=\"&lt;p&gt;Vols que faci de dissenyador per tu ? escriu-me sense comprom\u00eds :)&lt;\/p&gt;\n\" data-medium-file=\"https:\/\/i0.wp.com\/blogs.avui.cat\/pepmoliner\/files\/2012\/02\/josepmolinerDisseny381x111.gif?fit=300%2C87&amp;ssl=1\" data-large-file=\"https:\/\/i0.wp.com\/blogs.avui.cat\/pepmoliner\/files\/2012\/02\/josepmolinerDisseny381x111.gif?fit=381%2C111&amp;ssl=1\" class=\"size-full wp-image-1248\" src=\"https:\/\/i0.wp.com\/blogs.avui.cat\/pepmoliner\/files\/2012\/02\/josepmolinerDisseny381x111.gif?resize=381%2C111\" alt=\"SOC DISSENYADOR I TREBALLO COM AUT\u00d2NOM, ESPERO LA TEVA COMANDA ;)\" width=\"381\" height=\"111\" srcset=\"https:\/\/i0.wp.com\/blogs.avui.cat\/pepmoliner\/files\/2012\/02\/josepmolinerDisseny381x111.gif?w=381&amp;ssl=1 381w, https:\/\/i0.wp.com\/blogs.avui.cat\/pepmoliner\/files\/2012\/02\/josepmolinerDisseny381x111.gif?resize=300%2C87&amp;ssl=1 300w\" sizes=\"auto, (max-width: 381px) 100vw, 381px\" \/><\/a><\/span><\/dt>\n<dd><span style=\"color: #800000\">Vols que faci de dissenyador per tu ? escriu-me sense comprom\u00eds \ud83d\ude42<\/span><\/dd>\n<\/dl>\n<\/div>\n","protected":false},"excerpt":{"rendered":"<p>Sortida cap al Nord, que no \u00e9s el m\u00e9s habitual i que ens duu a travessar un poble molt conegut al m\u00f3n com \u00e9s Matadepera que a les hores que hi passem, gaireb\u00e9 no hi passa ning\u00fa i a m\u00e9s pel bell mig dels carrers m\u00e9s c\u00e8ntrics. Tornem a gaudir de noves incorporacions, que tasten [&hellip;]<\/p>\n","protected":false},"author":171,"featured_media":0,"comment_status":"open","ping_status":"open","sticky":false,"template":"","format":"standard","meta":{"jetpack_post_was_ever_published":false,"_jetpack_newsletter_access":"","_jetpack_dont_email_post_to_subs":false,"_jetpack_newsletter_tier_id":0,"_jetpack_memberships_contains_paywalled_content":false,"_jetpack_memberships_contains_paid_content":false,"footnotes":"","jetpack_publicize_message":"","jetpack_publicize_feature_enabled":true,"jetpack_social_post_already_shared":false,"jetpack_social_options":{"image_generator_settings":{"template":"highway","default_image_id":0,"font":"","enabled":false},"version":2}},"categories":[1],"tags":[],"class_list":["post-2552","post","type-post","status-publish","format-standard","hentry","category-general"],"jetpack_publicize_connections":[],"jetpack_featured_media_url":"","jetpack_sharing_enabled":true,"jetpack_shortlink":"https:\/\/wp.me\/pagkiK-Fa","jetpack-related-posts":[{"id":4976,"url":"https:\/\/blogs.avui.cat\/pepmoliner\/2019\/10\/25\/font-de-can-roure-amb-mossenaires\/","url_meta":{"origin":2552,"position":0},"title":"Font de Can Roure amb Mossenaires","author":"Pep Moliner","date":"25 d'octubre de 2019","format":false,"excerpt":"Un lloc com la font de Can Roure, \u00e9s ideal a l'estiu per fer una bona refrescada , i a la tardor un rac\u00f3 molt digne a visitar, on gaudim d'impressionants vistes a la Mola, i la zona de Can Roure, que a hores d'ara est\u00e0 molt ben conservada i\u2026","rel":"","context":"A &quot;General&quot;","block_context":{"text":"General","link":"https:\/\/blogs.avui.cat\/pepmoliner\/category\/general\/"},"img":{"alt_text":"","src":"","width":0,"height":0},"classes":[]},{"id":6354,"url":"https:\/\/blogs.avui.cat\/pepmoliner\/2026\/01\/23\/font-de-can-roure-i-sant-julia-daltura\/","url_meta":{"origin":2552,"position":1},"title":"Font de Can Roure i Sant Juli\u00e0 d&#8217;Altura","author":"Pep Moliner","date":"23 de gener de 2026","format":false,"excerpt":"Si plou, normalment som m\u00e9s poca gent: per\u00f2 sempre som colla, i deunid\u00f3 els que hem estat. Ens hem dirigit per carrers de Matadepera fins a la font de Can Roure i just aqu\u00ed un bon ruixat ens ha donat la benvinguda. Avui hem fet un v\u00eddeo explicatiu, si\u00a0us interessa\u00a0que\u2026","rel":"","context":"A &quot;General&quot;","block_context":{"text":"General","link":"https:\/\/blogs.avui.cat\/pepmoliner\/category\/general\/"},"img":{"alt_text":"","src":"https:\/\/i0.wp.com\/img.youtube.com\/vi\/K8FMQsTWw_E\/0.jpg?resize=350%2C200","width":350,"height":200},"classes":[]},{"id":3417,"url":"https:\/\/blogs.avui.cat\/pepmoliner\/2014\/08\/28\/cap-al-turo\/","url_meta":{"origin":2552,"position":2},"title":"Cap al Tur\u00f3","author":"Pep Moliner","date":"28 d'agost de 2014","format":false,"excerpt":"Sempre hi ha bones vibracions als entrenaments en grup a Torre Moss\u00e8n\u00a0Homs i on ens anomenem carinyosament \"Mossenaires\", com a gent que li\u00a0agrada aquesta filosofia de fer-se costat. Avui en Fran ha dirigit fant\u00e0sticament el projecte com\u00fa i ha suggerit a les\u00a0amigues i amics un entrenament molt interessant al Tur\u00f3\u2026","rel":"","context":"A &quot;General&quot;","block_context":{"text":"General","link":"https:\/\/blogs.avui.cat\/pepmoliner\/category\/general\/"},"img":{"alt_text":"","src":"","width":0,"height":0},"classes":[]},{"id":192,"url":"https:\/\/blogs.avui.cat\/pepmoliner\/2009\/12\/21\/el-fred-no-ens-espanta\/","url_meta":{"origin":2552,"position":3},"title":"El fred no ens espanta","author":"Pep Moliner","date":"21 de desembre de 2009","format":false,"excerpt":"Fresc intens i grup una mica minvat, respecte altres setmanes, tot i ser una bona colla. Seguint el tarann\u00e0 mossenaire d'entrenament compartit en grup i amb la variaci\u00f3 que ens permet sortir des de la Masia de Torre Moss\u00e8n Homs, l'objectiu era anar fins l'entrada de Sabadell, a Can Oriach\u2026","rel":"","context":"A &quot;General&quot;","block_context":{"text":"General","link":"https:\/\/blogs.avui.cat\/pepmoliner\/category\/general\/"},"img":{"alt_text":"","src":"","width":0,"height":0},"classes":[]},{"id":2995,"url":"https:\/\/blogs.avui.cat\/pepmoliner\/2013\/11\/14\/a-la-font-de-can-roure-amb-els-mossenaires\/","url_meta":{"origin":2552,"position":4},"title":"A la font de Can Roure amb els &#8220;mossenaires&#8221;","author":"Pep Moliner","date":"14 de novembre de 2013","format":false,"excerpt":"Quan arriba el dissabte, per un conjunt de persones, se'ns ha imposat una moda: anar a un lloc bonic que est\u00e0 als afores de Terrassa i a on sabem del cert que hi trobarem un munt d'amics i de converses engegades. Tots hi anem a buscar alguna cosa: el plaer\u2026","rel":"","context":"A &quot;General&quot;","block_context":{"text":"General","link":"https:\/\/blogs.avui.cat\/pepmoliner\/category\/general\/"},"img":{"alt_text":"","src":"","width":0,"height":0},"classes":[]},{"id":2183,"url":"https:\/\/blogs.avui.cat\/pepmoliner\/2012\/12\/22\/corrent-amb-bons-desitjos-pel-2013\/","url_meta":{"origin":2552,"position":5},"title":"Corrent amb bons desitjos pel 2013","author":"Pep Moliner","date":"22 de desembre de 2012","format":false,"excerpt":"Les persones que ens reunim un parell de vegades per setmana, els dimarts i dijous a dos quarts de vuit des de l'\u00e0rea de club \u00c8gara, amb l'excusa de c\u00f3rrer per la part nord de la nostra ciutat, tenim el bon costum de desitjar-nos el millor i en deixem const\u00e0ncia\u2026","rel":"","context":"A &quot;General&quot;","block_context":{"text":"General","link":"https:\/\/blogs.avui.cat\/pepmoliner\/category\/general\/"},"img":{"alt_text":"SOC DISSENYADOR I TREBALLO COM AUT\u00d2NOM, ESPERO LA TEVA COMANDA ;)","src":"https:\/\/i0.wp.com\/blogs.avui.cat\/pepmoliner\/files\/2012\/02\/josepmolinerDisseny381x111.gif?resize=350%2C200","width":350,"height":200},"classes":[]}],"_links":{"self":[{"href":"https:\/\/blogs.avui.cat\/pepmoliner\/wp-json\/wp\/v2\/posts\/2552","targetHints":{"allow":["GET"]}}],"collection":[{"href":"https:\/\/blogs.avui.cat\/pepmoliner\/wp-json\/wp\/v2\/posts"}],"about":[{"href":"https:\/\/blogs.avui.cat\/pepmoliner\/wp-json\/wp\/v2\/types\/post"}],"author":[{"embeddable":true,"href":"https:\/\/blogs.avui.cat\/pepmoliner\/wp-json\/wp\/v2\/users\/171"}],"replies":[{"embeddable":true,"href":"https:\/\/blogs.avui.cat\/pepmoliner\/wp-json\/wp\/v2\/comments?post=2552"}],"version-history":[{"count":11,"href":"https:\/\/blogs.avui.cat\/pepmoliner\/wp-json\/wp\/v2\/posts\/2552\/revisions"}],"predecessor-version":[{"id":2563,"href":"https:\/\/blogs.avui.cat\/pepmoliner\/wp-json\/wp\/v2\/posts\/2552\/revisions\/2563"}],"wp:attachment":[{"href":"https:\/\/blogs.avui.cat\/pepmoliner\/wp-json\/wp\/v2\/media?parent=2552"}],"wp:term":[{"taxonomy":"category","embeddable":true,"href":"https:\/\/blogs.avui.cat\/pepmoliner\/wp-json\/wp\/v2\/categories?post=2552"},{"taxonomy":"post_tag","embeddable":true,"href":"https:\/\/blogs.avui.cat\/pepmoliner\/wp-json\/wp\/v2\/tags?post=2552"}],"curies":[{"name":"wp","href":"https:\/\/api.w.org\/{rel}","templated":true}]}}