{"id":231,"date":"2010-03-30T17:14:14","date_gmt":"2010-03-30T16:14:14","guid":{"rendered":"http:\/\/blogs.avui.cat\/pepmoliner\/2010\/03\/30\/un-dia-precios-i-apreciat\/"},"modified":"2010-03-30T17:14:14","modified_gmt":"2010-03-30T16:14:14","slug":"un-dia-precios-i-apreciat","status":"publish","type":"post","link":"https:\/\/blogs.avui.cat\/pepmoliner\/2010\/03\/30\/un-dia-precios-i-apreciat\/","title":{"rendered":"Un dia preci\u00f3s i apreciat"},"content":{"rendered":"<p>Sorpreses agradables cada dissabte i sempre dona  la sensaci\u00f3 que la gent gaudeix de la trobada. Recordar les anteriors  trobades i intentar anar per un lloc diferent, per fer-ho m\u00e9s distret.<br \/>\nVisualment es veia clar que feia un dia espl\u00e8ndid, d&#8217;aquells dies  transparents com pocs, on la temperatura \u00e9s la justa: ni fred ni calor,  ni vent. Si que quedava el dubte de si als camins estarien massa  enfangats, per\u00f2 intentant evitar aquells racons que sabem que costa  d&#8217;eixugar l&#8217;aigua que durant la setmana va caient dels n\u00favols. <\/p>\n<p>Una imatge val m\u00e9s que mil paraules.<\/p>\n<p><img data-recalc-dims=\"1\" decoding=\"async\" src=\"https:\/\/i0.wp.com\/lh4.ggpht.com\/_XvCMJjSPaT4\/S7DowX-i_LI\/AAAAAAAACoQ\/jvKEORNN2g4\/s400\/100_5316.JPG\" border=\"0\" \/><br \/>\nFila \u00edndia pel mig del camp, amb en Jordi al capdavant<\/p>\n<p><img data-recalc-dims=\"1\" decoding=\"async\" src=\"https:\/\/i0.wp.com\/lh4.ggpht.com\/_XvCMJjSPaT4\/S7DoztVF_wI\/AAAAAAAACoQ\/3mZ_1j6wnMI\/s400\/100_5317.JPG\" border=\"0\" \/><br \/>\nDissabte d&#8217;aut\u00e8ntica primavera en un entorn de luxe. L&#8217;Oriol, de groc i  vingut de Viladecavalls, una promesa i una realitat de l&#8217;atletisme i nou  Mossenaire<\/p>\n<p><img data-recalc-dims=\"1\" decoding=\"async\" src=\"https:\/\/i0.wp.com\/lh6.ggpht.com\/_XvCMJjSPaT4\/S7Do21B-o-I\/AAAAAAAACoQ\/OSAAY_lC1qI\/s400\/100_5318.JPG\" border=\"0\" \/><br \/>\nXavi, amb el s\u00edmbol de la vict\u00f2ria als dits, seguit per en Zico<\/p>\n<p><img data-recalc-dims=\"1\" decoding=\"async\" src=\"https:\/\/i0.wp.com\/lh5.ggpht.com\/_XvCMJjSPaT4\/S7Do6OLEWfI\/AAAAAAAACoQ\/0hXeNdursRU\/s400\/100_5319.JPG\" border=\"0\" \/><br \/>\nEn Fran amb en Fabra prop<\/p>\n<p><img data-recalc-dims=\"1\" decoding=\"async\" src=\"https:\/\/i0.wp.com\/lh4.ggpht.com\/_XvCMJjSPaT4\/S7Do8wiMR0I\/AAAAAAAACoQ\/5KrmZKp7DMU\/s400\/100_5320.JPG\" border=\"0\" \/><br \/>\nMaten, que enguany est\u00e0 que es surt de bons resultats: marat\u00f3 en 3h22<\/p>\n<p><img data-recalc-dims=\"1\" decoding=\"async\" src=\"https:\/\/i0.wp.com\/lh3.ggpht.com\/_XvCMJjSPaT4\/S7DpAn1kYzI\/AAAAAAAACoQ\/NZjyf4wpa5s\/s400\/100_5321.JPG\" border=\"0\" \/><br \/>\nEn Casi, avui l&#8217;he vist tristot i a m\u00e9s a caigut davant meu, quan an\u00e0vem  de pujada. Aqu\u00ed va seguit per en Carles i darrera el debut del  mossenaria Isma, que venia expressament des de Manresa<\/p>\n<p><img data-recalc-dims=\"1\" decoding=\"async\" src=\"https:\/\/i0.wp.com\/lh5.ggpht.com\/_XvCMJjSPaT4\/S7DpDzPB7JI\/AAAAAAAACoQ\/wjCM9qEUvq0\/s400\/100_5322.JPG\" border=\"0\" \/><br \/>\nEn  Mangot ens ensenya al seu nebot, nou mossenaire com el noi de  darrera, que com en mi \u00e9s costum encara no li he posat nom. Darrerament  ens venen uns mossenaires moooolt aaalts !<\/p>\n<p><img data-recalc-dims=\"1\" decoding=\"async\" src=\"https:\/\/i0.wp.com\/lh5.ggpht.com\/_XvCMJjSPaT4\/S7DpGhB-9nI\/AAAAAAAACoQ\/6mtcQC75GWg\/s400\/100_5323.JPG\" border=\"0\" \/><br \/>\nUn cam\u00ed fant\u00e0stic: molt bonic, sota el meu punt de vista.<br \/>\n<img data-recalc-dims=\"1\" decoding=\"async\" src=\"https:\/\/i0.wp.com\/lh5.ggpht.com\/_XvCMJjSPaT4\/S7DpJWVfBYI\/AAAAAAAACoQ\/4H1rVfEAIug\/s400\/100_5324.JPG\" border=\"0\" \/><\/p>\n<p><img data-recalc-dims=\"1\" decoding=\"async\" src=\"https:\/\/i0.wp.com\/lh4.ggpht.com\/_XvCMJjSPaT4\/S7DpMwAs0jI\/AAAAAAAACoQ\/mzlsTjmLtXc\/s400\/100_5325.JPG\" border=\"0\" \/><br \/>\nCom es nota que fa baixada !. Sabadell al fons.<\/p>\n<p><img data-recalc-dims=\"1\" decoding=\"async\" src=\"https:\/\/i0.wp.com\/lh6.ggpht.com\/_XvCMJjSPaT4\/S7DpQcrQukI\/AAAAAAAACoQ\/-Y174CV2duM\/s400\/100_5326.JPG\" border=\"0\" \/><br \/>\nEn Carlos, tamb\u00e9 debutava com a nou mossenaire, seguit d&#8217;aprop del  Rafel. Amb ells he passat una temporada hivernal molt bona, per l&#8217;\u00c8gara<\/p>\n<p><img data-recalc-dims=\"1\" decoding=\"async\" src=\"https:\/\/i0.wp.com\/lh4.ggpht.com\/_XvCMJjSPaT4\/S7DpUK2LWPI\/AAAAAAAACoQ\/kiXkxE9tcjU\/s400\/100_5327.JPG\" border=\"0\" \/><br \/>\nMes amics, amb la Mola al fons.<\/p>\n<p><img data-recalc-dims=\"1\" decoding=\"async\" src=\"https:\/\/i0.wp.com\/lh5.ggpht.com\/_XvCMJjSPaT4\/S7DpYM0kjOI\/AAAAAAAACoQ\/h_2wJrsg07c\/s400\/100_5328.JPG\" border=\"0\" \/><\/p>\n<p><img data-recalc-dims=\"1\" decoding=\"async\" src=\"https:\/\/i0.wp.com\/lh3.ggpht.com\/_XvCMJjSPaT4\/S7DpcMQai8I\/AAAAAAAACoQ\/k8XJK7o0Zuo\/s400\/100_5329.JPG\" border=\"0\" \/><br \/>\nTorres, tamb\u00e9 era el seu primer dia. Vaig entrenar amb ell feia un  parell de setmanes pel recorregut de la cursa del Mussol. Esperem que  s&#8217;ho vagi passar b\u00e9.<\/p>\n<p><img data-recalc-dims=\"1\" decoding=\"async\" src=\"https:\/\/i0.wp.com\/lh6.ggpht.com\/_XvCMJjSPaT4\/S7DphRogkbI\/AAAAAAAACoQ\/AKNWTvIfPak\/s400\/100_5330.JPG\" border=\"0\" \/><br \/>\nEl mossenaire m\u00e9s apreciat \u00e9s aquell que pensa en venir-nos a buscar, i  qui si no: en Miquel i en Maten no paren mai d&#8217;anar amunt i avall.<\/p>\n<p><img data-recalc-dims=\"1\" decoding=\"async\" src=\"https:\/\/i0.wp.com\/lh5.ggpht.com\/_XvCMJjSPaT4\/S7DplZ5XfbI\/AAAAAAAACoQ\/yWc4Ux_2v6g\/s400\/100_5331.JPG\" border=\"0\" \/><\/p>\n<p><img data-recalc-dims=\"1\" decoding=\"async\" src=\"https:\/\/i0.wp.com\/lh5.ggpht.com\/_XvCMJjSPaT4\/S7Dppls-TZI\/AAAAAAAACoQ\/lP8WhMpuyTk\/s400\/100_5332.JPG\" border=\"0\" \/><\/p>\n<p><img data-recalc-dims=\"1\" decoding=\"async\" src=\"https:\/\/i0.wp.com\/lh3.ggpht.com\/_XvCMJjSPaT4\/S7DptntIqiI\/AAAAAAAACoQ\/djRSUfe40hc\/s400\/100_5333.JPG\" border=\"0\" \/><\/p>\n<p><img data-recalc-dims=\"1\" decoding=\"async\" src=\"https:\/\/i0.wp.com\/lh5.ggpht.com\/_XvCMJjSPaT4\/S7DpxMrwA_I\/AAAAAAAACoQ\/S6y7lpvFKdo\/s400\/100_5334.JPG\" border=\"0\" \/><br \/>\nL&#8217;Isma, tot un luxe Manres\u00e0<\/p>\n<p><img data-recalc-dims=\"1\" decoding=\"async\" src=\"https:\/\/i0.wp.com\/lh5.ggpht.com\/_XvCMJjSPaT4\/S7Dp0LHgdOI\/AAAAAAAACoQ\/Z-RhUh-GvYQ\/s400\/100_5335.JPG\" border=\"0\" \/><br \/>\nCap on anem Ferran ?<\/p>\n<p><img data-recalc-dims=\"1\" decoding=\"async\" src=\"https:\/\/i0.wp.com\/lh6.ggpht.com\/_XvCMJjSPaT4\/S7Dp43NG5VI\/AAAAAAAACoQ\/RPo6WIWeDf8\/s400\/100_5336.JPG\" border=\"0\" \/><\/p>\n<p><img data-recalc-dims=\"1\" decoding=\"async\" src=\"https:\/\/i0.wp.com\/lh4.ggpht.com\/_XvCMJjSPaT4\/S7Dp9jXpnFI\/AAAAAAAACoQ\/tVCaFB8C_s8\/s400\/100_5337.JPG\" border=\"0\" \/><\/p>\n<p><img data-recalc-dims=\"1\" decoding=\"async\" src=\"https:\/\/i0.wp.com\/lh4.ggpht.com\/_XvCMJjSPaT4\/S7DqCRCKIsI\/AAAAAAAACoQ\/w7Zqr7diaHo\/s400\/100_5338.JPG\" border=\"0\" \/><\/p>\n<p><img data-recalc-dims=\"1\" decoding=\"async\" src=\"https:\/\/i0.wp.com\/lh6.ggpht.com\/_XvCMJjSPaT4\/S7DqHKJJ2RI\/AAAAAAAACoQ\/cNJdTdeTBn8\/s400\/100_5339.JPG\" border=\"0\" \/><\/p>\n<p><img data-recalc-dims=\"1\" decoding=\"async\" src=\"https:\/\/i0.wp.com\/lh5.ggpht.com\/_XvCMJjSPaT4\/S7DqJsle50I\/AAAAAAAACoQ\/Em9AehM-4Ao\/s400\/100_5340.JPG\" border=\"0\" \/><br \/>\nEn Rafel, en plena forma sempre<\/p>\n<p><img data-recalc-dims=\"1\" decoding=\"async\" src=\"https:\/\/i0.wp.com\/lh5.ggpht.com\/_XvCMJjSPaT4\/S7DqNVWL3MI\/AAAAAAAACoQ\/2i9iiJV-gWM\/s400\/100_5341.JPG\" border=\"0\" \/><br \/>\nFa il\u00b7lusi\u00f3 quan repetiu les sortides i aneu venint sovint<\/p>\n<p><img data-recalc-dims=\"1\" decoding=\"async\" src=\"https:\/\/i0.wp.com\/lh3.ggpht.com\/_XvCMJjSPaT4\/S7DqvJ3yh2I\/AAAAAAAACoQ\/BtYFxOjuYEA\/s400\/100_5348.JPG\" border=\"0\" \/><br \/>\nNosaltres, sempre anem a fer un traguet a la font de les canyes<\/p>\n<p><img data-recalc-dims=\"1\" decoding=\"async\" src=\"https:\/\/i0.wp.com\/lh3.ggpht.com\/_XvCMJjSPaT4\/S7DqyHrSS3I\/AAAAAAAACoQ\/lFlrobZgflA\/s400\/100_5349.JPG\" border=\"0\" \/><\/p>\n<p><img data-recalc-dims=\"1\" decoding=\"async\" src=\"https:\/\/i0.wp.com\/lh6.ggpht.com\/_XvCMJjSPaT4\/S7Dq1c6UsLI\/AAAAAAAACoQ\/5qshM8U93oQ\/s400\/100_5350.JPG\" border=\"0\" \/><br \/>\n<img data-recalc-dims=\"1\" decoding=\"async\" src=\"https:\/\/i0.wp.com\/lh4.ggpht.com\/_XvCMJjSPaT4\/S7Dq5LKDG_I\/AAAAAAAACoQ\/L2skB2vKiDo\/s400\/100_5351.JPG\" border=\"0\" \/><br \/>\nDe cara l&#8217;estiu encara agrairem m\u00e9s l&#8217;aigua del Montseny<\/p>\n<p>Tamb\u00e9 exemplificar el que deia l&#8217;altre dia. La  gent ens anem aproximant a entrenar plegades ben b\u00e9 per que alg\u00fa ens ho  reconamana. Si la setmana passada en David ens deia que li va dir en  Mosqui, a aquesta tenim el mateix exemple; vol dir que hi ha for\u00e7a amics  que pensen amb nosaltres i ens recomanen i \u00e9s per aix\u00f2 que fem  agraiment p\u00fablic.<br \/>\nEn Jose \u00e9s habitual i ens dona molta satisfacci\u00f3 saber que ve i es pot  dir que no hi ha dissabte que es perdi la trobada, des de que va venir  per primera vegada i ens alegra que sigui aixi. <\/p>\n<p><img data-recalc-dims=\"1\" decoding=\"async\" src=\"https:\/\/i0.wp.com\/lh5.ggpht.com\/_XvCMJjSPaT4\/S7DqjEp42hI\/AAAAAAAACoQ\/NQyH2UdNbG0\/s400\/100_5345.JPG\" border=\"0\" \/><\/p>\n<p><img data-recalc-dims=\"1\" decoding=\"async\" src=\"https:\/\/i0.wp.com\/lh3.ggpht.com\/_XvCMJjSPaT4\/S7Dqr4KzkyI\/AAAAAAAACoQ\/kyzRuzAMj7c\/s400\/100_5347.JPG\" border=\"0\" \/><\/p>\n<p>D\u00e8ia en Jose;<\/p>\n<p>Hola a todos. <\/p>\n<p><em>Me llamo Jose, conocido como el NOIDELABARBA. Conoc\u00ed el mundo mossenaire  a trav\u00e9s del gran Moski, y la verdad es que me he enganchado ya que he  conocido a gente maravillosa,en un ambiente muy bueno. Mi historial  atl\u00e9tico es m\u00e1s bien corto, hice la mitja de terrassa como reto personal  y la cursa de muntanya de Rub\u00ed, a la que un compa\u00f1ero de trabajo me  enga\u00f1\u00f3. Me gusta correr por puro placer y hacer un par de carreras al  a\u00f1o para respirar el ambiente que se vive en ellas.<\/em><\/p>\n<p><em>\u00c9ste a\u00f1o me he propuesto varios retos:<\/em><\/p>\n<p><em>&#8211; que me toque la primitiva<br \/>\n&#8211; superar la milla vertical, que el gran Pep se encarg\u00f3 de inculcarme<br \/>\n&#8211; aguantarle un cambio de ritmo al TITO AGUST\u00cdN ( s\u00f3lo le puedo ver la  espalda)<br \/>\n&#8211; la marat\u00f3n de Barcelona 2013 (hay que entrenar con tiempo)<\/em><\/p>\n<p><em>Saludos a todos y espero que este proyecto dure varias generaciones.<\/em><\/p>\n","protected":false},"excerpt":{"rendered":"<p>Sorpreses agradables cada dissabte i sempre dona la sensaci\u00f3 que la gent gaudeix de la trobada. Recordar les anteriors trobades i intentar anar per un lloc diferent, per fer-ho m\u00e9s distret. Visualment es veia clar que feia un dia espl\u00e8ndid, d&#8217;aquells dies transparents com pocs, on la temperatura \u00e9s la justa: ni fred ni calor, [&hellip;]<\/p>\n","protected":false},"author":171,"featured_media":0,"comment_status":"open","ping_status":"open","sticky":false,"template":"","format":"standard","meta":{"jetpack_post_was_ever_published":false,"_jetpack_newsletter_access":"","_jetpack_dont_email_post_to_subs":false,"_jetpack_newsletter_tier_id":0,"_jetpack_memberships_contains_paywalled_content":false,"_jetpack_memberships_contains_paid_content":false,"footnotes":"","jetpack_publicize_message":"","jetpack_publicize_feature_enabled":true,"jetpack_social_post_already_shared":false,"jetpack_social_options":{"image_generator_settings":{"template":"highway","default_image_id":0,"font":"","enabled":false},"version":2}},"categories":[5580],"tags":[],"class_list":["post-231","post","type-post","status-publish","format-standard","hentry","category-entrenaments"],"jetpack_publicize_connections":[],"jetpack_featured_media_url":"","jetpack_sharing_enabled":true,"jetpack_shortlink":"https:\/\/wp.me\/pagkiK-3J","jetpack-related-posts":[{"id":618,"url":"https:\/\/blogs.avui.cat\/pepmoliner\/2011\/03\/14\/plovent-es-pot-correr-amb-els-mossenaires\/","url_meta":{"origin":231,"position":0},"title":"Plovent es pot c\u00f3rrer amb els Mossenaires","author":"Pep Moliner","date":"14 de mar\u00e7 de 2011","format":false,"excerpt":"El projecte d'entrenament en grup abans no era com ara. Ens hav\u00edem dit que si plovia el m\u00e9s sensat era no anar-hi per diferents motius: camins enfangats, fred, patinades, solitud i \u00e9s per aix\u00f2 que fa uns anys no s'hi anava. Durant anys, i per la sequera o el que\u2026","rel":"","context":"A &quot;Entrenaments&quot;","block_context":{"text":"Entrenaments","link":"https:\/\/blogs.avui.cat\/pepmoliner\/category\/entrenaments\/"},"img":{"alt_text":"","src":"","width":0,"height":0},"classes":[]},{"id":1309,"url":"https:\/\/blogs.avui.cat\/pepmoliner\/2012\/02\/29\/mal-dia-per-correr\/","url_meta":{"origin":231,"position":1},"title":"Mal dia per c\u00f3rrer","author":"Pep Moliner","date":"29 de febrer de 2012","format":false,"excerpt":"Quan vam llegir que la canonada de gas que ha fet estralls en llocs tan coneguts i bonics, i a m\u00e9s ens diuen que no tindr\u00e0 connexi\u00f3 a enlloc sentim r\u00e0bia. Un tub immens i que ha trinxat arbres, llocs id\u00edl\u00b7lics i ara no saben ni per qu\u00e8 l'utilitzaran. Si\u2026","rel":"","context":"A &quot;General&quot;","block_context":{"text":"General","link":"https:\/\/blogs.avui.cat\/pepmoliner\/category\/general\/"},"img":{"alt_text":"SOC DISSENYADOR I TREBALLO COM AUT\u00d2NOM, ESPERO LA TEVA COMANDA ;)","src":"https:\/\/i0.wp.com\/blogs.avui.cat\/pepmoliner\/files\/2012\/02\/josepmolinerDisseny381x111.gif?resize=350%2C200","width":350,"height":200},"classes":[]},{"id":4403,"url":"https:\/\/blogs.avui.cat\/pepmoliner\/2017\/02\/02\/carrers-mullats-mossenaires-eixuts\/","url_meta":{"origin":231,"position":2},"title":"Carrers mullats, Mossenaires eixuts","author":"Pep Moliner","date":"2 de febrer de 2017","format":false,"excerpt":"Una dita que tenien els botiguers i no se si tenen \"carrers mullats, calaixos eixuts\", tot interpretant que la gent no surt a comprar quan plou. Doncs a \"Mossenaries\", tamb\u00e9 es noten les inclem\u00e8ncies meteorol\u00f2giques. Amb tot, avui tamb\u00e9 era un dia molt important per nosaltres. Un dels nostres amics,\u2026","rel":"","context":"A &quot;Amistat&quot;","block_context":{"text":"Amistat","link":"https:\/\/blogs.avui.cat\/pepmoliner\/category\/amistat\/"},"img":{"alt_text":"","src":"","width":0,"height":0},"classes":[]},{"id":4487,"url":"https:\/\/blogs.avui.cat\/pepmoliner\/2017\/05\/24\/lluitem-per-la-lucia-anims\/","url_meta":{"origin":231,"position":3},"title":"Lluitem per la Lucia: \u00c0nims!!","author":"Pep Moliner","date":"24 de maig de 2017","format":false,"excerpt":"Quan diem que m\u00e9s que un grup \u00e9s una fam\u00edlia, ens ho creiem i aquesta setmana hem rebut un S.O.S. i ens en fem ress\u00f2 i si aconseguim ajudar a la filla de Jos\u00e9 Manuel Cabello, la Lucia serem immensament feli\u00e7os. Es tracta de fer arribar una petita col\u00b7laboraci\u00f3, que\u2026","rel":"","context":"A &quot;Amistat&quot;","block_context":{"text":"Amistat","link":"https:\/\/blogs.avui.cat\/pepmoliner\/category\/amistat\/"},"img":{"alt_text":"","src":"","width":0,"height":0},"classes":[]},{"id":4583,"url":"https:\/\/blogs.avui.cat\/pepmoliner\/2017\/09\/20\/cap-el-turo-quan-plou-amb-mossenaires\/","url_meta":{"origin":231,"position":4},"title":"Cap el Tur\u00f3 quan plou amb Mossenaires","author":"Pep Moliner","date":"20 de setembre de 2017","format":false,"excerpt":"Quan el divendres dia 15 queien forts ruixats, imagin\u00e0vem que podr\u00edem tenir molt de fang i ens ha sorpr\u00e8s que aquest dissabte molta gent imaginava cap on anir\u00edem, donat que mirem d'actuar amb certa l\u00f2gica i no anar pels tolls. Anar cap al Tur\u00f3 de les Roques Blanques ens agrada\u2026","rel":"","context":"A &quot;Amistat&quot;","block_context":{"text":"Amistat","link":"https:\/\/blogs.avui.cat\/pepmoliner\/category\/amistat\/"},"img":{"alt_text":"","src":"","width":0,"height":0},"classes":[]},{"id":1866,"url":"https:\/\/blogs.avui.cat\/pepmoliner\/2012\/08\/29\/tanquem-lagost-corrent-en-grup\/","url_meta":{"origin":231,"position":5},"title":"Tanquem l&#8217;agost corrent en grup","author":"Pep Moliner","date":"29 d'agost de 2012","format":false,"excerpt":"L'agost, mes d'estiueig per excel\u00b7l\u00e8ncia va tancant les seves portes i per primer cop veiem que el projecte d' \"entrenaments en grup a Torre Moss\u00e8n Homs\" no ha parat ni un sol dissabte i amb for\u00e7a amics que decideixen compartir aquests entorns i pr\u00e0ctica esportiva en conjunt. El circuit proposat\u2026","rel":"","context":"A &quot;General&quot;","block_context":{"text":"General","link":"https:\/\/blogs.avui.cat\/pepmoliner\/category\/general\/"},"img":{"alt_text":"SOC DISSENYADOR I TREBALLO COM AUT\u00d2NOM, ESPERO LA TEVA COMANDA ;)","src":"https:\/\/i0.wp.com\/blogs.avui.cat\/pepmoliner\/files\/2012\/02\/josepmolinerDisseny381x111.gif?resize=350%2C200","width":350,"height":200},"classes":[]}],"_links":{"self":[{"href":"https:\/\/blogs.avui.cat\/pepmoliner\/wp-json\/wp\/v2\/posts\/231","targetHints":{"allow":["GET"]}}],"collection":[{"href":"https:\/\/blogs.avui.cat\/pepmoliner\/wp-json\/wp\/v2\/posts"}],"about":[{"href":"https:\/\/blogs.avui.cat\/pepmoliner\/wp-json\/wp\/v2\/types\/post"}],"author":[{"embeddable":true,"href":"https:\/\/blogs.avui.cat\/pepmoliner\/wp-json\/wp\/v2\/users\/171"}],"replies":[{"embeddable":true,"href":"https:\/\/blogs.avui.cat\/pepmoliner\/wp-json\/wp\/v2\/comments?post=231"}],"version-history":[{"count":0,"href":"https:\/\/blogs.avui.cat\/pepmoliner\/wp-json\/wp\/v2\/posts\/231\/revisions"}],"wp:attachment":[{"href":"https:\/\/blogs.avui.cat\/pepmoliner\/wp-json\/wp\/v2\/media?parent=231"}],"wp:term":[{"taxonomy":"category","embeddable":true,"href":"https:\/\/blogs.avui.cat\/pepmoliner\/wp-json\/wp\/v2\/categories?post=231"},{"taxonomy":"post_tag","embeddable":true,"href":"https:\/\/blogs.avui.cat\/pepmoliner\/wp-json\/wp\/v2\/tags?post=231"}],"curies":[{"name":"wp","href":"https:\/\/api.w.org\/{rel}","templated":true}]}}