{"id":223,"date":"2010-02-24T21:16:58","date_gmt":"2010-02-24T20:16:58","guid":{"rendered":"http:\/\/blogs.avui.cat\/pepmoliner\/2010\/02\/24\/torno-a-ser-maratonia-3h07-a-valencia\/"},"modified":"2010-04-06T09:13:51","modified_gmt":"2010-04-06T08:13:51","slug":"torno-a-ser-maratonia-3h07-a-valencia","status":"publish","type":"post","link":"https:\/\/blogs.avui.cat\/pepmoliner\/2010\/02\/24\/torno-a-ser-maratonia-3h07-a-valencia\/","title":{"rendered":"Torno a ser maratoni\u00e0: 3h07 a Val\u00e8ncia"},"content":{"rendered":"<p>Un cop finalitzada la marat\u00f3 i si ha anat b\u00e9, i em va anar molt b\u00e9, ara tot \u00e9s hist\u00f2ria i aquesta de la bona. La ra\u00f3 per entrenar i passar l&#8217;ex\u00e0men i sortir-se&#8217;n prou b\u00e9, forma part del joc. Hagu\u00e9s pogut sortir malament, per\u00f2 no va ser aix\u00ed. Estic m\u00e9s que content.<br \/>\nNo se que ho fa, per\u00f2 s&#8217;ha tornat a donar un binomi que vaig tenir l&#8217;any 97. Quan va n\u00e9ixer l&#8217;Anna vaig deicidir, que si tot anava b\u00e9, faria la Matagalls-Montserrat. Vaig patir molt, per\u00f2 la vaig acabar. Al cap d&#8217;uns mesos anava a Val\u00e8ncia i em vaig tornar a animar a aquest esport, de vegades molt injust. Injust, per qu\u00e8 quan m\u00e9s b\u00e9 est\u00e0s pot venir la lesi\u00f3, com ha estat m\u00e9s d&#8217;una vegada, i passar-se temps mirant de recuperar-me per tornar-hi. B\u00e9, anem a la marat\u00f3.<br \/>\nLes dues darreres setmanes vaig entrenar poqu\u00edssim, per no dir gens. L&#8217;una, per molt de fred i pluges que hores d&#8217;ara determinen que prefereixo quedar-me a casa. Ho vaig referenciar a la llista d&#8217;atletisme.cat, i coneguts m&#8217;animaven i li treien import\u00e0ncia.<br \/>\nLlavors, com que en parlavem a corredors.cat, al rac\u00f3 dels Vallessans, vaig fer part\u00edcips al seus membres, per donar joc i per autoanimar-me. I sobretot, amb meu lloc favorit: el f\u00f2rum mossenaire, on et se&#8217;ns m\u00e9s proper amb els que sempre entrenes. Com no, als companys de l&#8217;Arec Terrassa que tamb\u00e9 saben ho important que \u00e9s per un corredor sentir-se recolzat.<br \/>\nEl pla era, viatjar amb la meva dona i l&#8217;Oriol i l&#8217;Anna, per\u00f2 vam passar una setmana de nervis per que fins a darrera hora no vam saber si a la feina li donaven el mat\u00ed lliure del dissabte per poder viatjar a la Marisol.<br \/>\nFinalment aix\u00ed va ser. Arribem a Val\u00e8ncia a l&#8217;hotel Sorolla on recullo el pitrall, per anar llavors al dinar que cada any fan al Restaurant Rosi\u00f1a. Un arr\u00f2s Valenci\u00e0 que estava bon\u00edssim. Vam comprar un ticket de sobres i vam repetir i tot. Vam fer una mica de turisme pel centre, i vam aparcar el cotxe a un punt intermig. Vam analitzar el lloc de la sortida i aviat a sopar tots quatre. Arribats a l&#8217;hotel, vaig posar a punt tots els petracols per la marat\u00f3, de manera acurada i a dormir de seguida.<br \/>\nAl mat\u00ed duia l&#8217;esmorzar que vaig llegir una vegada en una revista especialitzada: menjar per nens. Fideus amb carn i arr\u00f2s amb peix. Galetes i Gatorade. Em va sentar de conya i crec que va ser clau. Quan surts a l&#8217;exterior als hotels no saps mai que menjar, en canvi dut de casa almenys pots garantir el que menjar\u00e0s.<br \/>\nUn sentiment m&#8217;arrossega tot el cap de setmana; la marat\u00f3 de Val\u00e8ncia em va veure triomfar a la seva primera participaci\u00f3 amb trenta anys, fent dues cinquanta quatre. La marat\u00f3 de Val\u00e8ncia em va veure retornar; quan em van diagnosticar que tenia de deixar de c\u00f3rrer, amb trenta cinc. La marat\u00f3 de Val\u00e8ncia m&#8217;ha donat la que ser\u00e0 la meva millor marca de tota la vida; dues hores cinquanta dos amb trenta set anys i ara, quan no pensava que podria doblar amb pr\u00e0cticament el mateix ritme les dues parts de la marat\u00f3 i acabar euf\u00f2ric, amb tres hores set, que ja he fet cinc vegades en les meves dinou maratons. No sembla massa bona marca, per\u00f2 a l&#8217;entorn en el que em bellugo la gent la troba extraordin\u00e0ria, excepte alg\u00fa amb aspiracions m\u00e9s altes. \u00c9s ben l\u00f2gic.<br \/>\nEl meu temor era elevat a que fessin una traca de petards, per ser el lloc adient per fer-ho. Els Valencians son els millors amb aquests temes. Tinc molta por als ensurts i em fa molta eng\u00fania mentre espero sortir.<br \/>\nArribo amb una hora de marge, i analitzo la zona de bosses, i com ho tenen tot muntat, em passejo per les g\u00e0vies on ens posarem d&#8217;acord amb el nostre pitrall. Quan quedava mitja hora, deixo tot dins la bossa i escalfo per la llera del riu T\u00faria, i vaig cap a la sortida. Puc saludar a la Cristina Gonz\u00e0lez, una de les millors ultra-atletes del moment. Busco a en David Gonz\u00e0lez, un Egarenc que tamb\u00e9 corria i que sabia que la intenci\u00f3 era anar a un ritme similar, com aix\u00ed van reflectir els resultats, tot i que la nostra aspiraci\u00f3 era m\u00e9s anar a les tres hores quinze.<br \/>\nSortida atronadora i com sempre sento una emoci\u00f3 interna com de ganes de plorar i aviat vaig per feina. Intentar anar al que volia; ritme de quatre trenta. A m\u00e9s f\u00e0cil de fer c\u00e0lculs, donat que gaudeixo molt fent n\u00fameros mentre corro. Veig que vaig comod\u00edssim i vaig fent i tot d&#8217;una veig que estic corrent al costat d&#8217;unes persones que es fan costat. Diria que duien un ritme fixe i decideixo no fer aventures en solitari, i sotmetre&#8217;m a una autodisciplina de grup compacte. A m\u00e9s, dins del grup hi havia una noia, Carmen Mar\u00eda P\u00e9rez Serra, a la que un munt de gent del p\u00fablic i de corredors animen. De retruc ens sentim animats tamb\u00e9. En el grup un atleta veter\u00e0 que corre d&#8217;una manera a ritme constant, en Jos\u00e9 Cano i al que no aparto ni un moment la vista, ni de la noia. Una an\u00e8cdota, \u00e9s que la seva parella, que anava per davant, l&#8217;espera per qu\u00e8 tenia problemes amb els abductors i ni tan sols aconsegueix anar al seu costat. Hi va un moment que estava tan forta que ens tibava a tots i amb la ma demanava relleu. Vaig anar uns metres intentant fer de llebre improvisada, per\u00f2 aviat vaig recular, donat que no me la podia jugar ara que anava tan b\u00e9.<br \/>\nPaso la mitja amb una hora trenta dos, sense cap s\u00edmptoma de cansament i a ritme constant. El grup s&#8217;anava desmembrant i les noves incorporacions o marxaven o tamb\u00e9 es deixaven caure. Comencem a passar atletes esgotats que lluitaven contra si mateixos, enfonsats, amb cares terribles i patiment intents. Caminant, tocant-se les cames, anant mentalment al l\u00edmit i f\u00edsicament ven\u00e7uts. En el meu cas, comen\u00e7ava a notar algun petit av\u00eds del bess\u00f3 esquerra i desitjant que no an\u00e9s a m\u00e9s. Anar restant quil\u00f2metres i una alegria immensa. He gaudit del darrer quil\u00f2metre emocinant-me i ni tan sols he accelerat per guanyar cap segon. L&#8217;objectiu era acomplert i superar totes les neures dels darrers dies, s&#8217;havia superat tot alhora. Passo meta, em dirigeixo als massatgistes i nom\u00e9s els demano desc\u00e0rrega de bess\u00f3 i d&#8217;aqu\u00ed a cercar la familia, a dinar i cap a casa. En definitiva: tot perfecte i una vegada m\u00e9s: SOC MARATONI\u00c0.<\/p>\n<p><img data-recalc-dims=\"1\" decoding=\"async\" src=\"https:\/\/i0.wp.com\/lh4.ggpht.com\/_6xRlYY7p5lA\/S4WD1bKNw9I\/AAAAAAAABv0\/u3OSNqUT9qM\/s800\/MARATOVALENCIA.jpg\" alt=\"Image\" \/><\/p>\n<p><img data-recalc-dims=\"1\" loading=\"lazy\" decoding=\"async\" src=\"https:\/\/i0.wp.com\/lh6.ggpht.com\/_6xRlYY7p5lA\/S4thXxj3HBI\/AAAAAAAABww\/eWacLHjKWv4\/s400\/IMG_0745.JPG?resize=503%2C377\" border=\"0\" height=\"377\" width=\"503\" \/><\/p>\n<p>A continuaci\u00f3 us poso uns agra\u00efments que he posat en alguns f\u00f2rums per que el m\u00e8rit no es tan sols meu i espero no haver-te avurrit massa, si has arribat fins aqu\u00ed, encara que hagis llegit en diagonal.<\/p>\n<p><img data-recalc-dims=\"1\" decoding=\"async\" src=\"https:\/\/i0.wp.com\/lh4.ggpht.com\/_6xRlYY7p5lA\/S4VqWebZgnI\/AAAAAAAABpI\/tgpEoFylufU\/s400\/100_5090.JPG\" alt=\"Image\" \/><br \/>\nAl dinar l&#8217;Anna, Marisol i l&#8217;Oriol<\/p>\n<p><img data-recalc-dims=\"1\" decoding=\"async\" src=\"https:\/\/i0.wp.com\/lh6.ggpht.com\/_6xRlYY7p5lA\/S4VqZUsfGdI\/AAAAAAAABpU\/vdo0ZBFZZic\/s400\/100_5093.JPG\" alt=\"Image\" \/><br \/>\nEls nervis a flor de pell<\/p>\n<p><img data-recalc-dims=\"1\" decoding=\"async\" src=\"https:\/\/i0.wp.com\/lh5.ggpht.com\/_6xRlYY7p5lA\/S4VqdHaLtOI\/AAAAAAAABpo\/EmO2qLhzuQA\/s400\/100_5098.JPG\" alt=\"Image\" \/><br \/>\nAqu\u00ed s&#8217;hi dina b\u00e9.<\/p>\n<p><img data-recalc-dims=\"1\" decoding=\"async\" src=\"https:\/\/i0.wp.com\/lh4.ggpht.com\/_6xRlYY7p5lA\/S4VqjwaLAgI\/AAAAAAAABqA\/vPBr_ffSSqE\/s400\/100_5104.JPG\" alt=\"Image\" \/><br \/>\nAquesta poma no ens la vam menjar<\/p>\n<p><img data-recalc-dims=\"1\" decoding=\"async\" src=\"https:\/\/i0.wp.com\/lh5.ggpht.com\/_6xRlYY7p5lA\/S4VqsTnyYsI\/AAAAAAAABqg\/dt46raYQhgU\/s400\/100_5112.JPG\" alt=\"Image\" \/><br \/>\nProp del marc de la Marat\u00f3 de Valencia<\/p>\n<p><img data-recalc-dims=\"1\" decoding=\"async\" src=\"https:\/\/i0.wp.com\/lh4.ggpht.com\/_6xRlYY7p5lA\/S4VqtoFQSAI\/AAAAAAAABqo\/FKccNqyTLv8\/s400\/100_5113.JPG\" alt=\"Image\" \/><br \/>\nAqu\u00ed s&#8217;arribar\u00e0 dem\u00e0<\/p>\n<p><img data-recalc-dims=\"1\" decoding=\"async\" src=\"https:\/\/i0.wp.com\/lh3.ggpht.com\/_6xRlYY7p5lA\/S4VqyE457VI\/AAAAAAAABq4\/pKSw6x2ax9Q\/s400\/100_5117.JPG\" alt=\"Image\" \/><br \/>\n<img data-recalc-dims=\"1\" decoding=\"async\" src=\"https:\/\/i0.wp.com\/lh6.ggpht.com\/_6xRlYY7p5lA\/S4VqxFLIeFI\/AAAAAAAABq0\/50C_qwypxYw\/s400\/100_5116.JPG\" alt=\"Image\" \/><br \/>\nMirant les nostres joies<\/p>\n<p><img data-recalc-dims=\"1\" decoding=\"async\" src=\"https:\/\/i0.wp.com\/lh6.ggpht.com\/_6xRlYY7p5lA\/S4Vq9n9KZ7I\/AAAAAAAABrs\/XLd1vRpXRk8\/s400\/100_5129.JPG\" alt=\"Image\" \/><br \/>\nDavant del Restaurant de l&#8217;Anna<\/p>\n<p><img data-recalc-dims=\"1\" decoding=\"async\" src=\"https:\/\/i0.wp.com\/lh5.ggpht.com\/_6xRlYY7p5lA\/S4Vq-gklbOI\/AAAAAAAABrw\/BvEuJ8l6iYY\/s400\/100_5130.JPG\" alt=\"Image\" \/><br \/>\nL&#8217;Oriol i l&#8217;art al carrer<\/p>\n<p><img data-recalc-dims=\"1\" decoding=\"async\" src=\"https:\/\/i0.wp.com\/lh4.ggpht.com\/_6xRlYY7p5lA\/S4Vq_aThjkI\/AAAAAAAABr0\/GrMBTwULQmw\/s400\/100_5131.JPG\" alt=\"Image\" \/><\/p>\n<p><img data-recalc-dims=\"1\" decoding=\"async\" src=\"https:\/\/i0.wp.com\/lh6.ggpht.com\/_6xRlYY7p5lA\/S4VrDTE3H0I\/AAAAAAAABsE\/TSv46-pOKP0\/s400\/100_5135.JPG\" alt=\"Image\" \/><br \/>\nEscribint al fil de l&#8217;Es-k-mot valles\u00e0, mirant darrers detalls de la marat\u00f3<\/p>\n<p><img data-recalc-dims=\"1\" decoding=\"async\" src=\"https:\/\/i0.wp.com\/lh6.ggpht.com\/_6xRlYY7p5lA\/S4VrF7N5PKI\/AAAAAAAABsQ\/9ifpA8LCYxk\/s400\/100_5138.JPG\" alt=\"Image\" \/><br \/>\n<img data-recalc-dims=\"1\" decoding=\"async\" src=\"https:\/\/i0.wp.com\/lh6.ggpht.com\/_6xRlYY7p5lA\/S4VrE-ThALI\/AAAAAAAABsM\/6486T-auV9I\/s400\/100_5137.JPG\" alt=\"Image\" \/><br \/>\nque maco<\/p>\n<p><img data-recalc-dims=\"1\" decoding=\"async\" src=\"https:\/\/i0.wp.com\/lh3.ggpht.com\/_6xRlYY7p5lA\/S4VrKQY8bMI\/AAAAAAAABsk\/QsAyYcMgJ04\/s400\/100_5143.JPG\" alt=\"Image\" \/><\/p>\n<p><img data-recalc-dims=\"1\" decoding=\"async\" src=\"https:\/\/i0.wp.com\/lh6.ggpht.com\/_6xRlYY7p5lA\/S4VrNGYoeCI\/AAAAAAAABsw\/6ZnfzuySnlY\/s400\/100_5146.JPG\" alt=\"Image\" \/><\/p>\n<p><img data-recalc-dims=\"1\" decoding=\"async\" src=\"https:\/\/i0.wp.com\/lh4.ggpht.com\/_6xRlYY7p5lA\/S4VrOpwkbRI\/AAAAAAAABs4\/fEaoVIOMMPI\/s400\/100_5148.JPG\" alt=\"Image\" \/><\/p>\n<p><img data-recalc-dims=\"1\" decoding=\"async\" src=\"https:\/\/i0.wp.com\/lh5.ggpht.com\/_6xRlYY7p5lA\/S4VrQHkjU5I\/AAAAAAAABtA\/KaAeKMXwYek\/s400\/100_5152.JPG\" alt=\"Image\" \/><\/p>\n<p><img data-recalc-dims=\"1\" decoding=\"async\" src=\"https:\/\/i0.wp.com\/lh3.ggpht.com\/_6xRlYY7p5lA\/S4VrQ9jS-nI\/AAAAAAAABtE\/raxJZuOG2Aw\/s400\/100_5153.JPG\" alt=\"Image\" \/><\/p>\n<p>i ja tornant, despr\u00e9s de la marat\u00f3 paradeta per brenar<br \/>\n<img data-recalc-dims=\"1\" decoding=\"async\" src=\"https:\/\/i0.wp.com\/lh4.ggpht.com\/_6xRlYY7p5lA\/S4VrlI0WOUI\/AAAAAAAABus\/WG4woXkRqCM\/s400\/100_5178.JPG\" alt=\"Image\" \/><\/p>\n<p><img data-recalc-dims=\"1\" decoding=\"async\" src=\"https:\/\/i0.wp.com\/lh4.ggpht.com\/_6xRlYY7p5lA\/S4VrmFKSg-I\/AAAAAAAABuw\/NO0VBH3pNa8\/s400\/100_5179.JPG\" alt=\"Image\" \/><\/p>\n<p><img data-recalc-dims=\"1\" decoding=\"async\" src=\"https:\/\/i0.wp.com\/lh6.ggpht.com\/_6xRlYY7p5lA\/S4Vrmy5pMYI\/AAAAAAAABu0\/0hD3P4Ox5KI\/s400\/100_5180.JPG\" alt=\"Image\" \/><\/p>\n<p><img data-recalc-dims=\"1\" decoding=\"async\" src=\"https:\/\/i0.wp.com\/lh5.ggpht.com\/_6xRlYY7p5lA\/S4Vrpcr-YXI\/AAAAAAAABvA\/5Hi3hJ6FmUc\/s400\/100_5183.JPG\" alt=\"Image\" \/><\/p>\n<p><img data-recalc-dims=\"1\" decoding=\"async\" src=\"https:\/\/i0.wp.com\/lh4.ggpht.com\/_6xRlYY7p5lA\/S4VrqWi58mI\/AAAAAAAABvE\/SGrEi4Wvjhg\/s400\/100_5184.JPG\" alt=\"Image\" \/><\/p>\n<p>a corredors.cat posava<\/p>\n<p><strong><a href=\"http:\/\/www.corredors.cat\/index.php?option=com_jfusion&amp;Itemid=91&amp;jfile=index.php&amp;action=profile&amp;u=92\" title=\"Veur perfil de Pep\">Pep<\/a><\/strong><\/p>\n<p><img decoding=\"async\" src=\"http:\/\/www.corredors.cat\/forum\/index.php?action=dlattach;attach=11221;type=avatar\" border=\"0\" \/><\/p>\n<p><a href=\"http:\/\/bcn2009.moliner.be\/\"><img data-recalc-dims=\"1\" decoding=\"async\" src=\"https:\/\/i0.wp.com\/corredors.cat\/forum\/Themes\/orange-lt04a1\/images\/www_sm.gif\" alt=\"WWW\" border=\"0\" \/><\/a><\/p>\n<table border=\"0\" width=\"100%\">\n<tr>\n<td valign=\"middle\"><a href=\"http:\/\/www.corredors.cat\/index.php?option=com_jfusion&amp;Itemid=91&amp;jfile=index.php&amp;topic=7654.msg428385#msg428385\"><br \/>\n<\/a><\/td>\n<td valign=\"middle\">\u00ab   22 Febrer 2010, 07:57:04 \u00bb<\/td>\n<td align=\"right\"><a href=\"http:\/\/www.corredors.cat\/index.php?option=com_jfusion&amp;Itemid=91&amp;jfile=index.php&amp;action=deletemsg&amp;topic=7654.210&amp;msg=428385&amp;sesc=d603176993d3d9b62e4fa21e4c85cbc5\"><br \/>\n<\/a><\/td>\n<\/tr>\n<\/table>\n<hr size=\"1\" width=\"100%\" \/>  \t\t\t\t\t\t\tM&#8217;he tornat a sentir maratoni\u00e0 una altre vegada i en part \u00e9s gr\u00e0cies a la gent que m&#8217;envolteu. 3h07, fa anys no l&#8217;hagu\u00e9s considerat una bona marca per mi: ara, una cosa impensable nom\u00e9s fa uns mesos.Ja preparar\u00e9 la meva cr\u00f2nica, donat que hi ha un barreig de moltes sensacions i ho il\u00b7lustrar\u00e9, si trobo, alguna fotografia.<br \/>\nDir que feia temps que no disfrutava tant i tant corrent, i que vaig acabar euf\u00f2ric de content. B\u00e9, un bess\u00f3 va petar just creuar la meta: una menudesa. Camino ara llastimosament.El que agra\u00efment especial  dedicat a; als <strong>Mossenaires<\/strong> i <strong>Eskamotumossenaires<\/strong>, al grup dels <strong>Egaramossenaires<\/strong>, capitenejats per l&#8217;<strong>Agustinjr<\/strong>, a la tirada amb l&#8217;<strong>Alex Castells<\/strong>, que a ser primordial per creure-m&#8217;ho i en <strong>cachirulo<\/strong> i l&#8217;<strong>Anfeca<\/strong>, amb un test clau.La marat\u00f3 \u00e9s una prova que considero la reina de les proves. La <strong>Marat\u00f3 de Val\u00e8ncia<\/strong>, en el meu ranking de les millors maratons est\u00e0 frec a frec amb la de <strong>Sevilla<\/strong>.A veure si poso endre\u00e7ades les idees, donat que tot va anar perfecte.Felicitar a l&#8217;<strong>eiger<\/strong>,   <img data-recalc-dims=\"1\" decoding=\"async\" src=\"https:\/\/i0.wp.com\/corredors.cat\/forum\/Smileys\/crystal\/cool.gif\" alt=\"Cool\" border=\"0\" \/> que per poc entrem junts, tot i que no ens vam veure en cap moment i segur que estar\u00e0 content, donat que tots dos aspir\u00e0vem a marques una mica m\u00e9s discretes.Agraiment a tots vosaltres per mantenir la flama d&#8217;aquest esport tan mera <strong><a href=\"http:\/\/www.corredors.cat\/index.php?option=com_jfusion&amp;Itemid=91&amp;jfile=index.php&amp;action=profile&amp;u=92\" title=\"Veur perfil de Pep\">Pep<\/a><\/strong><img decoding=\"async\" src=\"http:\/\/www.corredors.cat\/forum\/index.php?action=dlattach;attach=11221;type=avatar\" border=\"0\" \/><\/p>\n<table border=\"0\" width=\"100%\">\n<tr>\n<td valign=\"middle\"><a href=\"http:\/\/www.corredors.cat\/index.php?option=com_jfusion&amp;Itemid=91&amp;jfile=index.php&amp;topic=7654.msg428462#msg428462\"><br \/>\n<\/a><\/td>\n<td valign=\"middle\">\u00ab   22 Febrer 2010, 10:19:35 \u00bb<\/td>\n<td align=\"right\"><a href=\"http:\/\/www.corredors.cat\/index.php?option=com_jfusion&amp;Itemid=91&amp;jfile=index.php&amp;action=deletemsg&amp;topic=7654.225&amp;msg=428462&amp;sesc=d603176993d3d9b62e4fa21e4c85cbc5\"><br \/>\n<\/a><\/td>\n<\/tr>\n<\/table>\n<hr size=\"1\" width=\"100%\" \/>gracies que tan emocionants paraules; la marat\u00f3 no se que t\u00e9, per\u00f2 si l&#8217;acabes b\u00e9 et deixa com nou.<br \/>\nEn el meu cas tamb\u00e9 anava en un grup encastat, amb la cinquena noia i amb una bicicleta amb un lletreret tota l&#8217;estona. L&#8217;animaven un munt de gent.  ah !, va fondre al seu n\u00f3vio, tamb\u00e9.<br \/>\nSabia que podia es podia aspirar a 3h04, per\u00f2 com sempre em va fer por, donat que la marat\u00f3 no son matem\u00e0tiques. Jo vaig passar la mitja a 1h3241&#8243; Hi ha<a href=\"http:\/\/www.carreraspopulares.net\/fullscan_2010\/V1_FS_detalle_corredor.asp?fr_id_corredor=410\"> tot l&#8217;historial aqu\u00ed<\/a><br \/>\n<strong>eiger<\/strong>, mmp \u00e9s ra\u00f3 de m\u00e9s per estar satisfet. Et vaig buscar pr\u00e8viament, donat que vaig arribar una hora abans de la sortida .Tot molt ben organitzat; per aprendre.<strong><a href=\"http:\/\/www.corredors.cat\/index.php?option=com_jfusion&amp;Itemid=91&amp;jfile=index.php&amp;action=profile&amp;u=92\" title=\"Veur perfil de Pep\">Pep<\/a><\/strong>Full Member<\/p>\n<table border=\"0\" width=\"100%\">\n<tr>\n<td valign=\"middle\"><a href=\"http:\/\/www.corredors.cat\/index.php?option=com_jfusion&amp;Itemid=91&amp;jfile=index.php&amp;topic=7654.msg428633#msg428633\"><img data-recalc-dims=\"1\" decoding=\"async\" src=\"https:\/\/i0.wp.com\/corredors.cat\/forum\/Themes\/orange-lt04a1\/images\/post\/xx.gif\" border=\"0\" \/><\/a><\/td>\n<td valign=\"middle\">\u00ab   22 Febrer 2010, 13:02:21 \u00bb<\/td>\n<td align=\"right\"><a href=\"http:\/\/www.corredors.cat\/index.php?option=com_jfusion&amp;Itemid=91&amp;jfile=index.php&amp;action=reporttm&amp;topic=7654.231&amp;msg=428633\"><br \/>\n<\/a><\/td>\n<\/tr>\n<\/table>\n<hr size=\"1\" width=\"100%\" \/>S\u00e9 que sabeu el que es sent quan es culmina una marat\u00f3 i \u00e9s per aix\u00f2 que t\u00e9 molt valor els \u00e0nims que sempre ens donem.  Agra\u00eft.Vaig veure corredors, que quan mancaven menys de dos-cents metres, queien i els amics els encoratjaven a continuar,  per qu\u00e8 si no: no arribaven.<br \/>\nVaig veure un, que la seva dona li donava el seu fill de mesos, i entrava pr\u00e0cticament plorant els darrers metres.Qu\u00e8 \u00e9s aix\u00f2 !!la Marat\u00f3 !!<strong><a href=\"http:\/\/www.corredors.cat\/index.php?option=com_jfusion&amp;Itemid=91&amp;jfile=index.php&amp;action=profile&amp;u=92\" title=\"Veur perfil de Pep\">Pep<\/a><\/strong><img decoding=\"async\" src=\"http:\/\/www.corredors.cat\/forum\/index.php?action=dlattach;attach=11221;type=avatar\" border=\"0\" \/><a href=\"http:\/\/bcn2009.moliner.be\/\"><img data-recalc-dims=\"1\" decoding=\"async\" src=\"https:\/\/i0.wp.com\/corredors.cat\/forum\/Themes\/orange-lt04a1\/images\/www_sm.gif\" alt=\"WWW\" border=\"0\" \/><\/a><\/p>\n<table border=\"0\" width=\"100%\">\n<tr>\n<td valign=\"middle\"><a href=\"http:\/\/www.corredors.cat\/index.php?option=com_jfusion&amp;Itemid=91&amp;jfile=index.php&amp;topic=7654.msg429235#msg429235\"><img data-recalc-dims=\"1\" decoding=\"async\" src=\"https:\/\/i0.wp.com\/corredors.cat\/forum\/Themes\/orange-lt04a1\/images\/post\/xx.gif\" border=\"0\" \/><\/a><\/td>\n<td valign=\"middle\">\u00ab   22 Febrer 2010, 23:59:43 \u00bb<\/td>\n<td align=\"right\"><a href=\"http:\/\/www.corredors.cat\/index.php?option=com_jfusion&amp;Itemid=91&amp;jfile=index.php&amp;action=post&amp;quote=429235&amp;topic=7654.240&amp;num_replies=270&amp;sesc=d603176993d3d9b62e4fa21e4c85cbc5\"><img data-recalc-dims=\"1\" decoding=\"async\" src=\"https:\/\/i0.wp.com\/corredors.cat\/forum\/Themes\/orange-lt04a1\/images\/catalan\/quote.gif\" alt=\"Respondre citant\" align=\"middle\" \/><\/a><a href=\"http:\/\/www.corredors.cat\/index.php?option=com_jfusion&amp;Itemid=91&amp;jfile=index.php&amp;action=post&amp;msg=429235&amp;topic=7654.240&amp;sesc=d603176993d3d9b62e4fa21e4c85cbc5\"><img data-recalc-dims=\"1\" decoding=\"async\" src=\"https:\/\/i0.wp.com\/corredors.cat\/forum\/Themes\/orange-lt04a1\/images\/catalan\/modify.gif\" alt=\"Modificar missatge\" align=\"middle\" \/><\/a><a href=\"http:\/\/www.corredors.cat\/index.php?option=com_jfusion&amp;Itemid=91&amp;jfile=index.php&amp;action=deletemsg&amp;topic=7654.240&amp;msg=429235&amp;sesc=d603176993d3d9b62e4fa21e4c85cbc5\"><img data-recalc-dims=\"1\" decoding=\"async\" src=\"https:\/\/i0.wp.com\/corredors.cat\/forum\/Themes\/orange-lt04a1\/images\/catalan\/delete.gif\" alt=\"Eliminar misatge\" align=\"middle\" \/><\/a>  \t\t\t\t\t\t\t\t\t<a href=\"http:\/\/www.corredors.cat\/index.php?option=com_jfusion&amp;Itemid=91&amp;jfile=index.php&amp;action=reporttm&amp;topic=7654.244&amp;msg=429235\"><img data-recalc-dims=\"1\" decoding=\"async\" src=\"https:\/\/i0.wp.com\/corredors.cat\/forum\/Themes\/orange-lt04a1\/images\/catalan\/alert.gif\" align=\"middle\" \/><\/a><\/td>\n<\/tr>\n<\/table>\n<hr size=\"1\" width=\"100%\" \/>Crec que la ra\u00f3 de gaudir, de vegades \u00e9s encertar en el grup. Jo solc fixar-me si hi ha veterans i si a m\u00e9s n&#8217;hi han que s&#8217;esperen entre ells. No solen fer estrabades i corren a ritme fix. Et porten;<br \/>\nSi hi va una noia, no se per qu\u00e8 o si, el grup \u00e9s m\u00e9s nombr\u00f3s. En el meu cas en vaig fixar amb el senyor del bigotet blanc, Jos\u00e9 CANO, i de fet de tot aquest grup, crec que va ser l&#8217;\u00fanic que al final no vaig poder seguir per vint segons.<br \/>\nLa noia que estava fort\u00edssima, i tamb\u00e9 en vaig fixar clar,  amb la que vaig compartir gaireb\u00e9 tota la marat\u00f3. Per tot arreu l&#8217;anim\u00e0ven i se&#8217;ns posava la pell de gallina. Es diu Carmen Mar\u00eda PEREZ SERRANO, , i pel que veig a la web del seu club, va fer marca personal.<img data-recalc-dims=\"1\" decoding=\"async\" src=\"https:\/\/i0.wp.com\/lh4.ggpht.com\/_-MRAMtbGOZg\/S4GW4qvIorI\/AAAAAAAAAbU\/flfqHcjsmHY\/s800\/102_0119.JPG\" border=\"0\" \/>B\u00e9, i arribar sobre una estora groga.  Uff !, avui estic com nou.<img data-recalc-dims=\"1\" decoding=\"async\" src=\"https:\/\/i0.wp.com\/www.marathon-photos.com\/shop\/photos\/Sports\/CPUK\/2010\/Valencia%20Marathon\/fullsize\/VAMA1160.jpeg\" border=\"0\" \/>I per acabar-ho d&#8217;arrodonir podeu veure un munt d&#8217;imatges de la televisi\u00f3 Valenciana,      <img data-recalc-dims=\"1\" decoding=\"async\" src=\"https:\/\/i0.wp.com\/corredors.cat\/forum\/Smileys\/crystal\/love.gif\" alt=\"love\" border=\"0\" \/><a href=\"http:\/\/www.rtvv.es\/marato2010\/princiv.asp?idioma=0\">http:\/\/www.rtvv.es\/marato2010\/princiv.asp?idioma=0<\/a><\/p>\n","protected":false},"excerpt":{"rendered":"<p>Un cop finalitzada la marat\u00f3 i si ha anat b\u00e9, i em va anar molt b\u00e9, ara tot \u00e9s hist\u00f2ria i aquesta de la bona. La ra\u00f3 per entrenar i passar l&#8217;ex\u00e0men i sortir-se&#8217;n prou b\u00e9, forma part del joc. Hagu\u00e9s pogut sortir malament, per\u00f2 no va ser aix\u00ed. Estic m\u00e9s que content. No se [&hellip;]<\/p>\n","protected":false},"author":171,"featured_media":0,"comment_status":"closed","ping_status":"open","sticky":false,"template":"","format":"standard","meta":{"jetpack_post_was_ever_published":false,"_jetpack_newsletter_access":"","_jetpack_dont_email_post_to_subs":false,"_jetpack_newsletter_tier_id":0,"_jetpack_memberships_contains_paywalled_content":false,"_jetpack_memberships_contains_paid_content":false,"footnotes":"","jetpack_publicize_message":"","jetpack_publicize_feature_enabled":true,"jetpack_social_post_already_shared":false,"jetpack_social_options":{"image_generator_settings":{"template":"highway","default_image_id":0,"font":"","enabled":false},"version":2}},"categories":[1],"tags":[],"class_list":["post-223","post","type-post","status-publish","format-standard","hentry","category-general"],"jetpack_publicize_connections":[],"jetpack_featured_media_url":"","jetpack_sharing_enabled":true,"jetpack_shortlink":"https:\/\/wp.me\/pagkiK-3B","jetpack-related-posts":[{"id":3738,"url":"https:\/\/blogs.avui.cat\/pepmoliner\/2015\/05\/07\/apassionat-mossenaire\/","url_meta":{"origin":223,"position":0},"title":"Apassionat Mossenaire","author":"Pep Moliner","date":"7 de maig de 2015","format":false,"excerpt":"El pont de l'1 de maig i festa del treball, la gent va aprofitar per fer un descans i amb un cap de setmana de bonan\u00e7a climatol\u00f2gica, qu\u00e8 permetia anar a platja i a muntanya, i com ve essent habitual de fa vint-anys pels voltants de la Masia de Torre\u2026","rel":"","context":"A &quot;General&quot;","block_context":{"text":"General","link":"https:\/\/blogs.avui.cat\/pepmoliner\/category\/general\/"},"img":{"alt_text":"","src":"","width":0,"height":0},"classes":[]},{"id":1114,"url":"https:\/\/blogs.avui.cat\/pepmoliner\/2011\/12\/17\/marato-de-castello-quin-globus-porto\/","url_meta":{"origin":223,"position":1},"title":"Marat\u00f3 de Castell\u00f3: quin globus porto !!","author":"Pep Moliner","date":"17 de desembre de 2011","format":false,"excerpt":"Una marat\u00f3 no \u00e9s qualsevol cosa i molt ho sabem i el respecte que li tenim \u00e9s m\u00e0xim. Jo venia d'una recent retirada d'un 100 de pista i a m\u00e9s m'havien quedat dubtes de tornar a presentar-me a una prova de tanta resist\u00e8ncia. Amb els entrenaments que tinc la sort\u2026","rel":"","context":"A &quot;General&quot;","block_context":{"text":"General","link":"https:\/\/blogs.avui.cat\/pepmoliner\/category\/general\/"},"img":{"alt_text":"","src":"","width":0,"height":0},"classes":[]},{"id":113,"url":"https:\/\/blogs.avui.cat\/pepmoliner\/2009\/01\/26\/can-palet-la-mata\/","url_meta":{"origin":223,"position":2},"title":"Can Palet &#8211; La Mata","author":"Pep Moliner","date":"26 de gener de 2009","format":false,"excerpt":"Sembla que no tinguem res m\u00e9s que fer, per\u00f2 aprofitar el cap de setmana per anar a c\u00f3rrer, significa molt. Treure't la mandra i tenir la natura prop, tot i m\u00e9s d'un m'ha renyat per haver anat a entrenar per una carretera amb poca vorera o gaireb\u00e9 gens. La carretera\u2026","rel":"","context":"A &quot;General&quot;","block_context":{"text":"General","link":"https:\/\/blogs.avui.cat\/pepmoliner\/category\/general\/"},"img":{"alt_text":"","src":"https:\/\/i0.wp.com\/3.bp.blogspot.com\/_PtB6dQSW0is\/R7hFLQuv7sI\/AAAAAAAABv8\/thzBSd1KRHQ\/s400\/P6110110.jpg?resize=350%2C200","width":350,"height":200},"classes":[]},{"id":236,"url":"https:\/\/blogs.avui.cat\/pepmoliner\/2010\/05\/03\/marato-madrid-patint-patam\/","url_meta":{"origin":223,"position":3},"title":"Marat\u00f3 Madrid: patint, patam&#8230;","author":"Pep Moliner","date":"3 de maig de 2010","format":false,"excerpt":"La millor experi\u00e8ncia i el zenit de la cursa de moltes persones \u00e9s la marat\u00f3. Una prova exigent que cadasc\u00fa ens la prenem de manera diferent i que a molts ens te enganxat al m\u00f3n del c\u00f3rrer.Anar a fer-ho a Madrid, una de les ciutats que tan m'agraden de les\u2026","rel":"","context":"A &quot;Competicions&quot;","block_context":{"text":"Competicions","link":"https:\/\/blogs.avui.cat\/pepmoliner\/category\/general\/competicions\/"},"img":{"alt_text":"","src":"","width":0,"height":0},"classes":[]},{"id":319,"url":"https:\/\/blogs.avui.cat\/pepmoliner\/2010\/05\/03\/marato-madrid-patint-patam-2\/","url_meta":{"origin":223,"position":4},"title":"Marat\u00f3 Madrid: patint, patam&#8230;","author":"Pep Moliner","date":"3 de maig de 2010","format":false,"excerpt":"La millor experi\u00e8ncia i el zenit de la cursa de moltes persones \u00e9s la marat\u00f3. Una prova exigent que cadasc\u00fa ens la prenem de manera diferent i que a molts ens te enganxat al m\u00f3n del c\u00f3rrer.Anar a fer-ho a Madrid, una de les ciutats que tan m'agraden de les\u2026","rel":"","context":"A &quot;Competicions&quot;","block_context":{"text":"Competicions","link":"https:\/\/blogs.avui.cat\/pepmoliner\/category\/general\/competicions\/"},"img":{"alt_text":"","src":"","width":0,"height":0},"classes":[]},{"id":2024,"url":"https:\/\/blogs.avui.cat\/pepmoliner\/2012\/11\/07\/molta-gent-nova-a-correr-plegats\/","url_meta":{"origin":223,"position":5},"title":"Molta gent nova a&#8230; c\u00f3rrer plegats","author":"Pep Moliner","date":"7 de novembre de 2012","format":false,"excerpt":"Anar fins a Sabadell ho fem moltes setmanes i ens agrada for\u00e7a el bosc de Can Deu, per ho que \u00e9s l\u00f2gic que l'entrenament d'avui ha estat repetit for\u00e7a vegades, encara que avui hem tingut un munt de persones noves que han volgut saber en que consistia \"entrenar en grup\".\u2026","rel":"","context":"A &quot;General&quot;","block_context":{"text":"General","link":"https:\/\/blogs.avui.cat\/pepmoliner\/category\/general\/"},"img":{"alt_text":"SOC DISSENYADOR I TREBALLO COM AUT\u00d2NOM, ESPERO LA TEVA COMANDA ;)","src":"https:\/\/i0.wp.com\/blogs.avui.cat\/pepmoliner\/files\/2012\/02\/josepmolinerDisseny381x111.gif?resize=350%2C200","width":350,"height":200},"classes":[]}],"_links":{"self":[{"href":"https:\/\/blogs.avui.cat\/pepmoliner\/wp-json\/wp\/v2\/posts\/223","targetHints":{"allow":["GET"]}}],"collection":[{"href":"https:\/\/blogs.avui.cat\/pepmoliner\/wp-json\/wp\/v2\/posts"}],"about":[{"href":"https:\/\/blogs.avui.cat\/pepmoliner\/wp-json\/wp\/v2\/types\/post"}],"author":[{"embeddable":true,"href":"https:\/\/blogs.avui.cat\/pepmoliner\/wp-json\/wp\/v2\/users\/171"}],"replies":[{"embeddable":true,"href":"https:\/\/blogs.avui.cat\/pepmoliner\/wp-json\/wp\/v2\/comments?post=223"}],"version-history":[{"count":0,"href":"https:\/\/blogs.avui.cat\/pepmoliner\/wp-json\/wp\/v2\/posts\/223\/revisions"}],"wp:attachment":[{"href":"https:\/\/blogs.avui.cat\/pepmoliner\/wp-json\/wp\/v2\/media?parent=223"}],"wp:term":[{"taxonomy":"category","embeddable":true,"href":"https:\/\/blogs.avui.cat\/pepmoliner\/wp-json\/wp\/v2\/categories?post=223"},{"taxonomy":"post_tag","embeddable":true,"href":"https:\/\/blogs.avui.cat\/pepmoliner\/wp-json\/wp\/v2\/tags?post=223"}],"curies":[{"name":"wp","href":"https:\/\/api.w.org\/{rel}","templated":true}]}}