{"id":222,"date":"2010-02-24T20:27:52","date_gmt":"2010-02-24T19:27:52","guid":{"rendered":"http:\/\/blogs.avui.cat\/pepmoliner\/2010\/02\/24\/visita-de-lartur-mas-a-terrassa\/"},"modified":"2010-02-24T20:27:52","modified_gmt":"2010-02-24T19:27:52","slug":"visita-de-lartur-mas-a-terrassa","status":"publish","type":"post","link":"https:\/\/blogs.avui.cat\/pepmoliner\/2010\/02\/24\/visita-de-lartur-mas-a-terrassa\/","title":{"rendered":"Visita de l&#8217;Artur Mas a Terrassa"},"content":{"rendered":"<p>Com t\u00e9 per costum l&#8217;Artur Mas, l&#8217;hi agrada trepitjar territori i avui era a cals Egarencs, amb tot de visites programades i amb l&#8217;agenda condicionada per poder estar en contacte amb el m\u00e0xim de col\u00b7lectius.<br \/>\nEn Ricard, el nostre president de CDC, em convidava a anar a la seu del partit per rebre&#8217;l i poder-hi parlar. B\u00e9, a mi no se&#8217;m dona gens b\u00e9 parlar, i es millor escoltar. En canvi les fotografies ens proporcionen un bon record i se que son apreciades, miro de retratar l&#8217;ambient.<br \/>\nL&#8217;Artur somriu, i mira de saludar-nos a tots i buscant les mirades, buscant complicitats. Sol mirar com si et conegu\u00e9s i imagino que li agradaria coneix-se&#8217;ns a m\u00e9s d&#8217;un, potser a mi no, o per qu\u00e8 no. Me l&#8217;enduria a c\u00f3rrer, segur.<br \/>\nLi demanen signar al llibre d&#8217;honor i se li regala un de Terrassa.<br \/>\nEns anima i diu paraules per seguir treballant pel futur. Es presta a tot.<br \/>\nUs poso unes quantes fotografies, dels diferents moments.<br \/>\nCom sabeu, tinc mentalitat esportiva i un dels molts motius pels que m&#8217;agrada ser dins del CDC \u00e9s per qu\u00e8 hi ha persones que ens entenen als esportistes, una mica, i principalment en Rull i se que l&#8217;Artur li agraden tamb\u00e9. De fet, l&#8217;esport t\u00e9 la capacitat de trencar murs. M&#8217;he apropat m\u00e9s i he passat de simpatitzant a militant, per qu\u00e8 un dia vaig escriure a l&#8217;Artur, precisament tot dient-li que no m&#8217;agradava que s&#8217;an\u00e9s dient que s&#8217;havia guanyat, quan el que guanya \u00e9s el que sap sumar: em va contestar personalment i de retruc ara m&#8217;hi trobo molt b\u00e9 amb gent que pensa molt com jo. en temes de societat. Tamb\u00e9 quan vaig con\u00e8ixer en Rull, que tot i tenir una capacitat de treball com pocs, t&#8217;hi pots apropar i t&#8217;hi sents b\u00e9. Tamb\u00e9, amb molta gent que hi colabora i que tinc la sort de compartir bons moments de debat d&#8217;idees. B\u00e9, jo no xerro gaire, per\u00f2 aprenc molt i il\u00b7lusiona poder treballar pels dem\u00e9s, sense esperar res a canvi o si: un mon millor.<\/p>\n<p><img data-recalc-dims=\"1\" decoding=\"async\" src=\"https:\/\/i0.wp.com\/lh4.ggpht.com\/_61jrkixjZc0\/S4VzGmE0Q_I\/AAAAAAAABkA\/Wv9sUVq8fWY\/s400\/P2190986.JPG\" alt=\"Image\" \/><\/p>\n<p><img data-recalc-dims=\"1\" decoding=\"async\" src=\"https:\/\/i0.wp.com\/lh6.ggpht.com\/_61jrkixjZc0\/S4VzHznJcFI\/AAAAAAAABkE\/1mhXc3OEF98\/s400\/P2190985.JPG\" alt=\"Image\" \/><\/p>\n<p><img data-recalc-dims=\"1\" decoding=\"async\" src=\"https:\/\/i0.wp.com\/lh3.ggpht.com\/_61jrkixjZc0\/S4VzK5uK_JI\/AAAAAAAABkM\/NOS2M_CS7Rs\/s400\/P2190983.JPG\" alt=\"Image\" \/><\/p>\n<p><img data-recalc-dims=\"1\" decoding=\"async\" src=\"https:\/\/i0.wp.com\/lh4.ggpht.com\/_61jrkixjZc0\/S4VzL6m3QdI\/AAAAAAAABkQ\/u33IB_cT-CQ\/s400\/P2190982.JPG\" alt=\"Image\" \/><\/p>\n<p><img data-recalc-dims=\"1\" decoding=\"async\" src=\"https:\/\/i0.wp.com\/lh3.ggpht.com\/_61jrkixjZc0\/S4VzOReM2cI\/AAAAAAAABkY\/R44YzDz8wgM\/s400\/P2190980.JPG\" alt=\"Image\" \/><\/p>\n<p><img data-recalc-dims=\"1\" decoding=\"async\" src=\"https:\/\/i0.wp.com\/lh6.ggpht.com\/_61jrkixjZc0\/S4VzPXMTn4I\/AAAAAAAABkc\/EZjvU8OpFGU\/s400\/P2190979.JPG\" alt=\"Image\" \/><\/p>\n<p><img data-recalc-dims=\"1\" decoding=\"async\" src=\"https:\/\/i0.wp.com\/lh6.ggpht.com\/_61jrkixjZc0\/S4VzQQ7HJII\/AAAAAAAABkg\/7H71WyAXqTM\/s400\/P2190978.JPG\" alt=\"Image\" \/><\/p>\n<p><img data-recalc-dims=\"1\" decoding=\"async\" src=\"https:\/\/i0.wp.com\/lh3.ggpht.com\/_61jrkixjZc0\/S4VzbEMZRZI\/AAAAAAAABko\/wQinXnMj-1U\/s400\/P2190976.JPG\" alt=\"Image\" \/><\/p>\n<p><img data-recalc-dims=\"1\" decoding=\"async\" src=\"https:\/\/i0.wp.com\/lh6.ggpht.com\/_61jrkixjZc0\/S4VzM7K17fI\/AAAAAAAABkU\/6DLcSHFC5P0\/s800\/P2190981.JPG\" alt=\"Image\" \/><\/p>\n","protected":false},"excerpt":{"rendered":"<p>Com t\u00e9 per costum l&#8217;Artur Mas, l&#8217;hi agrada trepitjar territori i avui era a cals Egarencs, amb tot de visites programades i amb l&#8217;agenda condicionada per poder estar en contacte amb el m\u00e0xim de col\u00b7lectius. En Ricard, el nostre president de CDC, em convidava a anar a la seu del partit per rebre&#8217;l i poder-hi [&hellip;]<\/p>\n","protected":false},"author":171,"featured_media":0,"comment_status":"open","ping_status":"open","sticky":false,"template":"","format":"standard","meta":{"jetpack_post_was_ever_published":false,"_jetpack_newsletter_access":"","_jetpack_dont_email_post_to_subs":false,"_jetpack_newsletter_tier_id":0,"_jetpack_memberships_contains_paywalled_content":false,"_jetpack_memberships_contains_paid_content":false,"footnotes":"","jetpack_publicize_message":"","jetpack_publicize_feature_enabled":true,"jetpack_social_post_already_shared":false,"jetpack_social_options":{"image_generator_settings":{"template":"highway","default_image_id":0,"font":"","enabled":false},"version":2}},"categories":[1],"tags":[],"class_list":["post-222","post","type-post","status-publish","format-standard","hentry","category-general"],"jetpack_publicize_connections":[],"jetpack_featured_media_url":"","jetpack_sharing_enabled":true,"jetpack_shortlink":"https:\/\/wp.me\/pagkiK-3A","jetpack-related-posts":[{"id":316,"url":"https:\/\/blogs.avui.cat\/pepmoliner\/2010\/02\/24\/visita-de-lartur-mas-a-terrassa-2\/","url_meta":{"origin":222,"position":0},"title":"Visita de l&#8217;Artur Mas a Terrassa","author":"Pep Moliner","date":"24 de febrer de 2010","format":false,"excerpt":"Com t\u00e9 per costum l'Artur Mas, l'hi agrada trepitjar territori i avui era a cals Egarencs, amb tot de visites programades i amb l'agenda condicionada per poder estar en contacte amb el m\u00e0xim de col\u00b7lectius. En Ricard, el nostre president de CDC, em convidava a anar a la seu del\u2026","rel":"","context":"A &quot;General&quot;","block_context":{"text":"General","link":"https:\/\/blogs.avui.cat\/pepmoliner\/category\/general\/"},"img":{"alt_text":"","src":"","width":0,"height":0},"classes":[]},{"id":463,"url":"https:\/\/blogs.avui.cat\/pepmoliner\/2010\/12\/03\/com-he-viscut-les-eleccions\/","url_meta":{"origin":222,"position":1},"title":"Com he viscut les eleccions","author":"Pep Moliner","date":"3 de desembre de 2010","format":false,"excerpt":"Aquesta setmana no vaig anar a fer el meu habitual cros per terres Gironines, i segurament perdr\u00e9 la possibilitat de fer un dels deu primers del circuit de la categoria B de veterans, que m'hagu\u00e9s fet il\u00b7lusi\u00f3, per\u00f2 ho vaig fer per qu\u00e8 ten\u00edem una cita amb la democr\u00e0cia i\u2026","rel":"","context":"A &quot;General&quot;","block_context":{"text":"General","link":"https:\/\/blogs.avui.cat\/pepmoliner\/category\/general\/"},"img":{"alt_text":"","src":"","width":0,"height":0},"classes":[]},{"id":698,"url":"https:\/\/blogs.avui.cat\/pepmoliner\/2011\/05\/13\/la-meva-insignia-es-rull\/","url_meta":{"origin":222,"position":2},"title":"La meva ins\u00edgnia \u00e9s Rull","author":"Pep Moliner","date":"13 de maig de 2011","format":false,"excerpt":"Quan ens posen un etiqueta d'una manera volunt\u00e0ria, la d'un partit, i si ens la posem nosaltres: ens fa sentir b\u00e9. Jo era d'aquells que escoltaven el missatge que ens donaven els pol\u00edtics i no sempre havia votat el mateix. Escoltava els raonaments, i mirava el que oferien. A banda\u2026","rel":"","context":"A &quot;General&quot;","block_context":{"text":"General","link":"https:\/\/blogs.avui.cat\/pepmoliner\/category\/general\/"},"img":{"alt_text":"","src":"","width":0,"height":0},"classes":[]},{"id":2758,"url":"https:\/\/blogs.avui.cat\/pepmoliner\/2013\/06\/13\/mossenaires-passats-per-aigua\/","url_meta":{"origin":222,"position":3},"title":"Mossenaires passats per aigua","author":"Pep Moliner","date":"13 de juny de 2013","format":false,"excerpt":"Qu\u00e8 plogui ha deixat de ser not\u00edcia, donat que portem un any que sovint acabem xops com peixos i aquest dissabte tamb\u00e9. De fet, en uns primers instants i fins ben b\u00e9 la tercera part de l'entrenament en grup, els n\u00favols es mantenien presents per\u00f2 semblava que no passaria d'aqu\u00ed.\u2026","rel":"","context":"A &quot;Entrenaments&quot;","block_context":{"text":"Entrenaments","link":"https:\/\/blogs.avui.cat\/pepmoliner\/category\/entrenaments\/"},"img":{"alt_text":"","src":"https:\/\/i0.wp.com\/blogs.avui.cat\/pepmoliner\/files\/2012\/02\/josepmolinerDisseny381x111.gif?resize=350%2C200","width":350,"height":200},"classes":[]},{"id":4474,"url":"https:\/\/blogs.avui.cat\/pepmoliner\/2017\/05\/03\/el-globus-groc\/","url_meta":{"origin":222,"position":4},"title":"El globus groc.","author":"Pep Moliner","date":"3 de maig de 2017","format":false,"excerpt":"Avall que fa baixada. I si, cap a Sabadell t\u00e9 aquesta tend\u00e8ncia \u00a0a baixar i tothom anem prou c\u00f2modes. Ah ! i que passa, que tot el que baixa, puja, i les pujades \u00a0enforteixen, per\u00f2 cansen. M\u00e9s d'una i m\u00e9s d'un hem bufat de valent per tornar al camp base,\u2026","rel":"","context":"A &quot;Amistat&quot;","block_context":{"text":"Amistat","link":"https:\/\/blogs.avui.cat\/pepmoliner\/category\/amistat\/"},"img":{"alt_text":"","src":"","width":0,"height":0},"classes":[]},{"id":214,"url":"https:\/\/blogs.avui.cat\/pepmoliner\/2010\/02\/04\/a-lacte-dartur-mas\/","url_meta":{"origin":222,"position":5},"title":"A l&#8217;acte d&#8217;Artur Mas","author":"Pep Moliner","date":"4 de febrer de 2010","format":false,"excerpt":"Diumenge vam estar a la proclamaci\u00f3 del candidat Artur Mas a la presid\u00e8ncia de la Generalitat, que no es poca cosa. Triar a les persones que faran que els propers anys deixin de ser tan conflictius a la terra que per casualitat em va veure n\u00e9ixer i estimo, em fa\u2026","rel":"","context":"A &quot;Pol\u00edtica&quot;","block_context":{"text":"Pol\u00edtica","link":"https:\/\/blogs.avui.cat\/pepmoliner\/category\/politica\/"},"img":{"alt_text":"La imatge \u201chttp:\/\/lh3.ggpht.com\/_61jrkixjZc0\/S2q86a47YYI\/AAAAAAAABZw\/Z4QTxUndOu0\/ciut.jpg\u201d  no es pot mostrar perqu\u00e8 cont\u00e9 errors.","src":"https:\/\/i0.wp.com\/lh3.ggpht.com\/_61jrkixjZc0\/S2q86a47YYI\/AAAAAAAABZw\/Z4QTxUndOu0\/ciut.jpg?resize=350%2C200","width":350,"height":200},"classes":[]}],"_links":{"self":[{"href":"https:\/\/blogs.avui.cat\/pepmoliner\/wp-json\/wp\/v2\/posts\/222","targetHints":{"allow":["GET"]}}],"collection":[{"href":"https:\/\/blogs.avui.cat\/pepmoliner\/wp-json\/wp\/v2\/posts"}],"about":[{"href":"https:\/\/blogs.avui.cat\/pepmoliner\/wp-json\/wp\/v2\/types\/post"}],"author":[{"embeddable":true,"href":"https:\/\/blogs.avui.cat\/pepmoliner\/wp-json\/wp\/v2\/users\/171"}],"replies":[{"embeddable":true,"href":"https:\/\/blogs.avui.cat\/pepmoliner\/wp-json\/wp\/v2\/comments?post=222"}],"version-history":[{"count":0,"href":"https:\/\/blogs.avui.cat\/pepmoliner\/wp-json\/wp\/v2\/posts\/222\/revisions"}],"wp:attachment":[{"href":"https:\/\/blogs.avui.cat\/pepmoliner\/wp-json\/wp\/v2\/media?parent=222"}],"wp:term":[{"taxonomy":"category","embeddable":true,"href":"https:\/\/blogs.avui.cat\/pepmoliner\/wp-json\/wp\/v2\/categories?post=222"},{"taxonomy":"post_tag","embeddable":true,"href":"https:\/\/blogs.avui.cat\/pepmoliner\/wp-json\/wp\/v2\/tags?post=222"}],"curies":[{"name":"wp","href":"https:\/\/api.w.org\/{rel}","templated":true}]}}