{"id":216,"date":"2010-02-14T23:32:59","date_gmt":"2010-02-14T22:32:59","guid":{"rendered":"http:\/\/blogs.avui.cat\/pepmoliner\/2010\/02\/14\/valors-de-pais\/"},"modified":"2010-02-23T18:23:17","modified_gmt":"2010-02-23T17:23:17","slug":"valors-de-pais","status":"publish","type":"post","link":"https:\/\/blogs.avui.cat\/pepmoliner\/2010\/02\/14\/valors-de-pais\/","title":{"rendered":"Valors de Pa\u00eds: Miquel Cal\u00e7ada"},"content":{"rendered":"<p>Ara el CDC Terrassenc ha organitzat el segon cicle de confer\u00e8ncies que ens dona la visi\u00f3 particular del conferenciant, on se&#8217;ns apropa a persones conegudes en diferents \u00e0mbits com son en Miquel Cal\u00e7ada, Salvador Card\u00fas, Enric Vila, Patr\u00edcia Gabancho. Persones amb pensament profund que no ens deixaran indiferents. De moment vaig tenir la sort de poder escoltar en Miquel i amb el seu tarann\u00e0 proper i agradable, i amb pensament comprom\u00e8s ens deixava reflexions personals d&#8217;una persona implicada amb la regeneraci\u00f3 del pensament. Munt d&#8217;an\u00e8cdotes i moltes que feien somriure, altres ens feien pensar cap on ens veiem abocats. Basat en els &#8220;Valors de Pa\u00eds&#8221;.<br \/>\nQuan s&#8217;estima tot el que ens envolta, es fa necessari que alg\u00fa vetlli per les consci\u00e8ncies Catalanistes i penso que des de les seves pr\u00f2pies ideologies ens fan reflexionar i enriquim el nostre pensament.<br \/>\nJa ho sabeu, si voleu venir a passar una bona estona, anem per la segona que promet ser molt interessant.<\/p>\n<p>Com es ja habitual vaig fent alguna fotografia del moment per si voleu veure-les.<br \/>\n<a href=\"http:\/\/picasaweb.google.com\/p.moliner.al\/ValorsDePais#slideshow\/5434516787356574226\">DIAPOSITIVES<\/a><\/p>\n<p><img data-recalc-dims=\"1\" decoding=\"async\" src=\"https:\/\/i0.wp.com\/lh5.ggpht.com\/_61jrkixjZc0\/S2tIT686HBI\/AAAAAAAABaQ\/-Xdr4IjpNWQ\/s400\/P2040868.JPG\" alt=\"Image\" \/><br \/>\nEn Miquel d\u00faia ben preparat el que volia dir, i renoi que va tocar tot el que va voler<\/p>\n<p><img data-recalc-dims=\"1\" decoding=\"async\" src=\"https:\/\/i0.wp.com\/lh3.ggpht.com\/_61jrkixjZc0\/S2tIPRnS5kI\/AAAAAAAABaA\/fOup2wN2sNY\/s400\/P2040864.JPG\" alt=\"Image\" \/><\/p>\n<p><img data-recalc-dims=\"1\" decoding=\"async\" src=\"https:\/\/i0.wp.com\/lh6.ggpht.com\/_61jrkixjZc0\/S2tIOYxJIhI\/AAAAAAAABZ8\/jRATW5m3QFY\/s400\/Diptic_Conferencies2010.jpg\" alt=\"Image\" \/><\/p>\n<p>Si voleu venir, nom\u00e9s cal que ho feu.<\/p>\n<p><img data-recalc-dims=\"1\" decoding=\"async\" src=\"https:\/\/i0.wp.com\/lh5.ggpht.com\/_61jrkixjZc0\/S2tLZOm99kI\/AAAAAAAABcY\/a1q0lNacw9M\/s400\/Diptic_Conferencies2010_2.jpg\" alt=\"Image\" \/><\/p>\n<p><img data-recalc-dims=\"1\" decoding=\"async\" src=\"https:\/\/i0.wp.com\/lh4.ggpht.com\/_61jrkixjZc0\/S2tIQuG-qZI\/AAAAAAAABaE\/_FN4nyfHe50\/s400\/P2040860.jpg\" alt=\"Image\" \/><br \/>\n<img data-recalc-dims=\"1\" decoding=\"async\" src=\"https:\/\/i0.wp.com\/lh6.ggpht.com\/_61jrkixjZc0\/S2tLnZzRS7I\/AAAAAAAABdY\/o2XLPz8rP8M\/s400\/P2040859.JPG\" alt=\"Image\" \/><br \/>\nTant en Rull com en Ricard, donen el toc adient i van presentar els valors d&#8217;en Miquel, que tan bona vetllada ens va donar.<\/p>\n","protected":false},"excerpt":{"rendered":"<p>Ara el CDC Terrassenc ha organitzat el segon cicle de confer\u00e8ncies que ens dona la visi\u00f3 particular del conferenciant, on se&#8217;ns apropa a persones conegudes en diferents \u00e0mbits com son en Miquel Cal\u00e7ada, Salvador Card\u00fas, Enric Vila, Patr\u00edcia Gabancho. Persones amb pensament profund que no ens deixaran indiferents. De moment vaig tenir la sort de [&hellip;]<\/p>\n","protected":false},"author":171,"featured_media":0,"comment_status":"open","ping_status":"open","sticky":false,"template":"","format":"standard","meta":{"jetpack_post_was_ever_published":false,"_jetpack_newsletter_access":"","_jetpack_dont_email_post_to_subs":false,"_jetpack_newsletter_tier_id":0,"_jetpack_memberships_contains_paywalled_content":false,"_jetpack_memberships_contains_paid_content":false,"footnotes":"","jetpack_publicize_message":"","jetpack_publicize_feature_enabled":true,"jetpack_social_post_already_shared":false,"jetpack_social_options":{"image_generator_settings":{"template":"highway","default_image_id":0,"font":"","enabled":false},"version":2}},"categories":[1],"tags":[],"class_list":["post-216","post","type-post","status-publish","format-standard","hentry","category-general"],"jetpack_publicize_connections":[],"jetpack_featured_media_url":"","jetpack_sharing_enabled":true,"jetpack_shortlink":"https:\/\/wp.me\/pagkiK-3u","jetpack-related-posts":[{"id":5325,"url":"https:\/\/blogs.avui.cat\/pepmoliner\/2021\/02\/22\/seguim-pensant\/","url_meta":{"origin":216,"position":0},"title":"Seguim Pensant","author":"Pep Moliner","date":"22 de febrer de 2021","format":false,"excerpt":"Fer esport i especialment en contacte amb la natura, segur que us serveix moltes vegades per deixar volar la vostra imaginaci\u00f3 i el vostre pensament va lliure. Ajuda a pensar tot el que fem les i els esportistes. Aquest pensament avui el volem ilustrar amb la vostra imatge i tant\u2026","rel":"","context":"A &quot;Amistat&quot;","block_context":{"text":"Amistat","link":"https:\/\/blogs.avui.cat\/pepmoliner\/category\/amistat\/"},"img":{"alt_text":"","src":"https:\/\/i0.wp.com\/1.bp.blogspot.com\/-4-QwBu1o0D4\/YDPXeOPtptI\/AAAAAAAAa7g\/2ZmmbShADxA7-il5gx4iT5qI5lPpKKucQCLcBGAsYHQ\/w398-h640\/41-32-Mossenaire_16a22febrer2021-SebastianMorales.jpg?resize=350%2C200&ssl=1","width":350,"height":200},"classes":[]},{"id":5148,"url":"https:\/\/blogs.avui.cat\/pepmoliner\/2020\/08\/13\/miquel-piqueras-et-trobarem-a-faltar\/","url_meta":{"origin":216,"position":1},"title":"Miquel Piqueras, et trobarem a faltar","author":"Pep Moliner","date":"13 d'agost de 2020","format":false,"excerpt":"Miquel Piqueras, un aut\u00e8ntic Mossenaire i amb mil i una hist\u00f2ries boniques per explicar al nostre costat, el dia 8 d'agost reb\u00edem la mala not\u00edcia que mories de forma sobtada. A moltes i a molts ens ha agafat lluny en aquest per\u00edode de vacances i no ens podrem acomiadar com\u2026","rel":"","context":"A &quot;General&quot;","block_context":{"text":"General","link":"https:\/\/blogs.avui.cat\/pepmoliner\/category\/general\/"},"img":{"alt_text":"","src":"https:\/\/i0.wp.com\/1.bp.blogspot.com\/-Vjx00RrzWZ4\/XzPo81-5P0I\/AAAAAAAAYaU\/ji86z7jXSmAIReuZhj9jnOElXYIbDlqKwCLcBGAsYHQ\/w625-h351\/1-Mossenaire_3al10Agost2020-.jpg?resize=350%2C200&ssl=1","width":350,"height":200,"srcset":"https:\/\/i0.wp.com\/1.bp.blogspot.com\/-Vjx00RrzWZ4\/XzPo81-5P0I\/AAAAAAAAYaU\/ji86z7jXSmAIReuZhj9jnOElXYIbDlqKwCLcBGAsYHQ\/w625-h351\/1-Mossenaire_3al10Agost2020-.jpg?resize=350%2C200&ssl=1 1x, https:\/\/i0.wp.com\/1.bp.blogspot.com\/-Vjx00RrzWZ4\/XzPo81-5P0I\/AAAAAAAAYaU\/ji86z7jXSmAIReuZhj9jnOElXYIbDlqKwCLcBGAsYHQ\/w625-h351\/1-Mossenaire_3al10Agost2020-.jpg?resize=525%2C300&ssl=1 1.5x"},"classes":[]},{"id":220,"url":"https:\/\/blogs.avui.cat\/pepmoliner\/2010\/02\/23\/valors-de-pais-salvador-cardus\/","url_meta":{"origin":216,"position":2},"title":"Valors de Pais: Salvador Card\u00fas","author":"Pep Moliner","date":"23 de febrer de 2010","format":false,"excerpt":"Seguint el cicle de confer\u00e8ncies, dijous passat ens van regalar un pou de cultura ben fonamentada i tractada de forma interessant i un recull d'idees on sovintegen moments distesos i a voltes ens els guarneix amb alguna an\u00e8cdota. Moments en que baixava la intensitat, i pocs instants despr\u00e9s, ens tenia\u2026","rel":"","context":"A &quot;General&quot;","block_context":{"text":"General","link":"https:\/\/blogs.avui.cat\/pepmoliner\/category\/general\/"},"img":{"alt_text":"","src":"","width":0,"height":0},"classes":[]},{"id":1341,"url":"https:\/\/blogs.avui.cat\/pepmoliner\/2012\/03\/14\/correm-amb-sequera-tambe\/","url_meta":{"origin":216,"position":3},"title":"Correm amb sequera: tamb\u00e9","author":"Pep Moliner","date":"14 de mar\u00e7 de 2012","format":false,"excerpt":"Es nota que venen els dies llargs i encara que ens sap molt greu la sequera i ens encantaria que plogu\u00e9s ja d'una vegada, per\u00f2 m\u00e9s tard de l'entrenament. Camins molt empolsinats i secs. Ruta de les maques, encara que poques ganes de fer canvis ni progressius. Per\u00f2 com que\u2026","rel":"","context":"A &quot;General&quot;","block_context":{"text":"General","link":"https:\/\/blogs.avui.cat\/pepmoliner\/category\/general\/"},"img":{"alt_text":"","src":"https:\/\/i0.wp.com\/lh4.googleusercontent.com\/-XfEfu-Fo9hc\/T2BukL-v3LI\/AAAAAAAAHg8\/rfLwawrWnls\/s1600\/DSC05170a.jpg?resize=350%2C200&ssl=1","width":350,"height":200,"srcset":"https:\/\/i0.wp.com\/lh4.googleusercontent.com\/-XfEfu-Fo9hc\/T2BukL-v3LI\/AAAAAAAAHg8\/rfLwawrWnls\/s1600\/DSC05170a.jpg?resize=350%2C200&ssl=1 1x, https:\/\/i0.wp.com\/lh4.googleusercontent.com\/-XfEfu-Fo9hc\/T2BukL-v3LI\/AAAAAAAAHg8\/rfLwawrWnls\/s1600\/DSC05170a.jpg?resize=525%2C300&ssl=1 1.5x, https:\/\/i0.wp.com\/lh4.googleusercontent.com\/-XfEfu-Fo9hc\/T2BukL-v3LI\/AAAAAAAAHg8\/rfLwawrWnls\/s1600\/DSC05170a.jpg?resize=700%2C400&ssl=1 2x"},"classes":[]},{"id":618,"url":"https:\/\/blogs.avui.cat\/pepmoliner\/2011\/03\/14\/plovent-es-pot-correr-amb-els-mossenaires\/","url_meta":{"origin":216,"position":4},"title":"Plovent es pot c\u00f3rrer amb els Mossenaires","author":"Pep Moliner","date":"14 de mar\u00e7 de 2011","format":false,"excerpt":"El projecte d'entrenament en grup abans no era com ara. Ens hav\u00edem dit que si plovia el m\u00e9s sensat era no anar-hi per diferents motius: camins enfangats, fred, patinades, solitud i \u00e9s per aix\u00f2 que fa uns anys no s'hi anava. Durant anys, i per la sequera o el que\u2026","rel":"","context":"A &quot;Entrenaments&quot;","block_context":{"text":"Entrenaments","link":"https:\/\/blogs.avui.cat\/pepmoliner\/category\/entrenaments\/"},"img":{"alt_text":"","src":"","width":0,"height":0},"classes":[]},{"id":227,"url":"https:\/\/blogs.avui.cat\/pepmoliner\/2010\/03\/09\/els-mossenaires-amb-els-maratonians-bcn2010\/","url_meta":{"origin":216,"position":5},"title":"Els Mossenaires amb els Maratonians BCN2010","author":"Pep Moliner","date":"9 de mar\u00e7 de 2010","format":false,"excerpt":"Aquest esport no s'enten si no es practica, i a m\u00e9s: tal com ho fem nosaltres. Fer-ho tots els dissabtes ens uneix a tots una mica. Avui era un gran dia, previ a una gran marat\u00f3: la de Barcelona. For\u00e7a amics dels entrenaments que fem plegats, estaven reposant a casa\u2026","rel":"","context":"A &quot;Entrenaments&quot;","block_context":{"text":"Entrenaments","link":"https:\/\/blogs.avui.cat\/pepmoliner\/category\/entrenaments\/"},"img":{"alt_text":"","src":"","width":0,"height":0},"classes":[]}],"_links":{"self":[{"href":"https:\/\/blogs.avui.cat\/pepmoliner\/wp-json\/wp\/v2\/posts\/216","targetHints":{"allow":["GET"]}}],"collection":[{"href":"https:\/\/blogs.avui.cat\/pepmoliner\/wp-json\/wp\/v2\/posts"}],"about":[{"href":"https:\/\/blogs.avui.cat\/pepmoliner\/wp-json\/wp\/v2\/types\/post"}],"author":[{"embeddable":true,"href":"https:\/\/blogs.avui.cat\/pepmoliner\/wp-json\/wp\/v2\/users\/171"}],"replies":[{"embeddable":true,"href":"https:\/\/blogs.avui.cat\/pepmoliner\/wp-json\/wp\/v2\/comments?post=216"}],"version-history":[{"count":0,"href":"https:\/\/blogs.avui.cat\/pepmoliner\/wp-json\/wp\/v2\/posts\/216\/revisions"}],"wp:attachment":[{"href":"https:\/\/blogs.avui.cat\/pepmoliner\/wp-json\/wp\/v2\/media?parent=216"}],"wp:term":[{"taxonomy":"category","embeddable":true,"href":"https:\/\/blogs.avui.cat\/pepmoliner\/wp-json\/wp\/v2\/categories?post=216"},{"taxonomy":"post_tag","embeddable":true,"href":"https:\/\/blogs.avui.cat\/pepmoliner\/wp-json\/wp\/v2\/tags?post=216"}],"curies":[{"name":"wp","href":"https:\/\/api.w.org\/{rel}","templated":true}]}}