{"id":206,"date":"2010-01-16T08:00:57","date_gmt":"2010-01-16T07:00:57","guid":{"rendered":"http:\/\/blogs.avui.cat\/pepmoliner\/2010\/01\/16\/de-terrassa-a-sabadell-amb-els-mossenaires\/"},"modified":"2010-01-21T08:08:23","modified_gmt":"2010-01-21T07:08:23","slug":"de-terrassa-a-sabadell-amb-els-mossenaires","status":"publish","type":"post","link":"https:\/\/blogs.avui.cat\/pepmoliner\/2010\/01\/16\/de-terrassa-a-sabadell-amb-els-mossenaires\/","title":{"rendered":"de Terrassa a Sabadell amb els mossenaires"},"content":{"rendered":"<p>Sempre hi ha dies que costa anar agrupats si els de davant no paren als encreuaments i avui un m\u00e9s, per\u00f2 s&#8217;ha fet el que s&#8217;ha pogut i segur que heu gaudit i tornareu.<br \/>\nLa proposta era baixar fins a Sabadell i fer-nos una fotografia al mig d&#8217;una pla\u00e7a. Com que els mossenaires \u00e9s una colla que gaireb\u00e9 tots els dissabtes som de les dues capitals que tan ens estimem, no ? B\u00e9, no cal que responguis.<br \/>\nSortim pel lateral de la Masia de Torre Moss\u00e8n Homs, per que no hi hagi cap perill amb els cotxes que ara sovintegen for\u00e7a per la zona, i anem per un cam\u00ed que abans era ple d&#8217;arbres i ara esclarit, s&#8217;imagina que per sanejar la zona.<br \/>\nQuan arribem a un dels recorreguts coneguts de fa poc, n&#8217;hi ha que creuen que s&#8217;enfangaran i si, hi havia moltes possibilitats; per\u00f2 no el cam\u00ed era for\u00e7a ferm i de fang el just, menys-mal.<\/p>\n<p><img data-recalc-dims=\"1\" decoding=\"async\" src=\"https:\/\/i0.wp.com\/lh3.ggpht.com\/_XvCMJjSPaT4\/S1QXFwC3o1I\/AAAAAAAACKA\/yby1nxJ55BI\/s400\/100_4957.JPG\" border=\"0\" \/><\/p>\n<p>Entre el carrer de les Palmeres i l&#8217;Avinguda de Can Deu de Sabadell, ens fem la fotografia. \u00c9s un lloc que s&#8217;est\u00e0 transformant, donat que hi haur\u00e0 un nus de comunicaci\u00f3 viari que apunta a que l&#8217;humanita urbanitzar\u00e0, restant zones naturals o de conreu i com no, on els corredors ens inspirem per gaudir de l&#8217;esport.<br \/>\nEl frec a frec que amb els Sabadellencs que hem fet forta amistat, ens fa en moltes converses fer comparatives per fer la punyeta al nostre &#8220;adversari&#8221;, i tot i en broma, la sang no arriba mai al riu.<br \/>\nEra un moment adequat pel primer rep\u00f2s i ara ens endinsem al bonic bosc de Can Deu, que esperem que es mantingui molts anys, fins a Sant Juli\u00e0 d&#8217;Altura. Els que vol\u00edem fer la Mitja Marat\u00f3 de Terrassa, an\u00e0vem prudents de no desgastar massa de cara l&#8217;endem\u00e0. Un grup que no volia fer tanta estona, amb la Tensi en Ferra, l&#8217;Anna, havien anat a fer menys recorregut.<br \/>\nLa fotografia de record i la sensaci\u00f3 de que les amistats s&#8217;arrelen gr\u00e0cies a aquestes trobades.<br \/>\nSempre ens fa molta il\u00b7lusi\u00f3, i a mi molt\u00edssim, que hi hagi gent que &#8220;ens vingui a provar&#8221;, i si de tant en tant ens regaleu la vostra vinguda: felicitat extrema !!<\/p>\n<p><img data-recalc-dims=\"1\" decoding=\"async\" src=\"https:\/\/i0.wp.com\/lh4.ggpht.com\/_XvCMJjSPaT4\/S1QJG_B41CI\/AAAAAAAACIc\/bp9M5MrRd44\/s400\/100_4958.JPG\" border=\"0\" \/><br \/>\nMoments d&#8217;entrenament verbal. Vicen\u00e7: sempre igual de b\u00e9<br \/>\n<img data-recalc-dims=\"1\" decoding=\"async\" src=\"https:\/\/i0.wp.com\/lh3.ggpht.com\/_XvCMJjSPaT4\/S1QJJtsIqWI\/AAAAAAAACIg\/5k8Fp4GCu1g\/s400\/100_4959.JPG\" border=\"0\" \/><\/p>\n<p>Josep Serna, passa de puntetes i sempre discret, i ja fa un munt d&#8217;anys que compartim bonics entrenaments<\/p>\n<p><img data-recalc-dims=\"1\" decoding=\"async\" src=\"https:\/\/i0.wp.com\/lh5.ggpht.com\/_XvCMJjSPaT4\/S1QJL4JB2GI\/AAAAAAAACIk\/bHffrXuzOjU\/s400\/100_4960.JPG\" border=\"0\" \/><\/p>\n<p>La Dolors s&#8217;est\u00e0 retrobant amb el c\u00f3rrer i est\u00e0 molt animada. \u00c0nims !!<\/p>\n<p><img data-recalc-dims=\"1\" decoding=\"async\" src=\"https:\/\/i0.wp.com\/lh4.ggpht.com\/_XvCMJjSPaT4\/S1QJc2eYDtI\/AAAAAAAACJA\/b5oAFIZ2q0k\/s400\/100_4966.JPG\" border=\"0\" \/><\/p>\n<p>Arribem als nostre camp base, la majestuosa Masia. Un s\u00edmbols estimat per nosaltres de fa molts anys i lloc un neixen moltes coses.<\/p>\n<p><img data-recalc-dims=\"1\" decoding=\"async\" src=\"https:\/\/i0.wp.com\/lh3.ggpht.com\/_XvCMJjSPaT4\/S1QJjEcKcfI\/AAAAAAAACJM\/2kdLpDRwwT0\/s400\/100_4969.JPG\" border=\"0\" \/><br \/>\nPedro, quina en porta de cap avui ?<\/p>\n<p><img data-recalc-dims=\"1\" decoding=\"async\" src=\"https:\/\/i0.wp.com\/lh6.ggpht.com\/_XvCMJjSPaT4\/S1QJlExxddI\/AAAAAAAACJQ\/wguiCE_xf1M\/s400\/100_4970.JPG\" border=\"0\" \/><\/p>\n<p>Doncs ve, per qu\u00e8, al igual que molts, es respira bon ambient sempre, sempre. I una persona amb un gran cor.<br \/>\nDespr\u00e9s d&#8217;estar amb nosaltres, s&#8217;anava a Sant Quirze a la serra de Galliners, on hi ha unes pujades extremes a fer-les com a entrenament pels futurs reptes, que en son molts.<\/p>\n<p><img data-recalc-dims=\"1\" decoding=\"async\" src=\"https:\/\/i0.wp.com\/lh3.ggpht.com\/_XvCMJjSPaT4\/S1QJm1W3JZI\/AAAAAAAACJU\/otv7ZlVKXyU\/s400\/100_4971.JPG\" border=\"0\" \/><\/p>\n<p>Que un atleta amb una capacitat propera a l&#8217;elit trii la companyia, com en Jaume Folguera, diu molt d&#8217;ell. Amb en Miquel, ens fan m\u00e9s impressionant la trobada.<\/p>\n<p><img data-recalc-dims=\"1\" decoding=\"async\" src=\"https:\/\/i0.wp.com\/lh6.ggpht.com\/_XvCMJjSPaT4\/S1QJpMEBUzI\/AAAAAAAACJY\/1TirXxgNNtg\/s400\/100_4972.JPG\" border=\"0\" \/><br \/>\nSegur que serveix de quelcom. Simp\u00e0tic estirament. B\u00e9, no se que estiren, jeje<\/p>\n<p><img data-recalc-dims=\"1\" decoding=\"async\" src=\"https:\/\/i0.wp.com\/lh3.ggpht.com\/_XvCMJjSPaT4\/S1QJrQy5E6I\/AAAAAAAACJc\/N0XVNVjOHms\/s400\/100_4973.JPG\" border=\"0\" \/><br \/>\nHome rondinaire i sempre amb comentaris que no deixen indiferent, per\u00f2 s&#8217;endevina un gran cor i no tan sols pel tamany, en Josep Massaguer<\/p>\n<p><img data-recalc-dims=\"1\" decoding=\"async\" src=\"https:\/\/i0.wp.com\/lh4.ggpht.com\/_XvCMJjSPaT4\/S1QJthmJeUI\/AAAAAAAACJg\/HDPeqhtg91A\/s400\/100_4974.JPG\" border=\"0\" \/><\/p>\n<p>Mossen Homs, alguna cosa m\u00e9s que c\u00f3rrer. Fomentar les relacions interpersonals. De mostra, un bot\u00f3<\/p>\n<p><img data-recalc-dims=\"1\" decoding=\"async\" src=\"https:\/\/i0.wp.com\/lh3.ggpht.com\/_XvCMJjSPaT4\/S1QJv29_DbI\/AAAAAAAACJk\/wRco7lOIBLw\/s400\/100_4975.JPG\" border=\"0\" \/><\/p>\n<p>En Casi, que no l&#8217;atura ning\u00fa: ni els meus xiulets; \u00e9s la fotografia de record, donat que no sabem on havia anat.<br \/>\n<img data-recalc-dims=\"1\" decoding=\"async\" src=\"https:\/\/i0.wp.com\/lh3.ggpht.com\/_XvCMJjSPaT4\/S1QXGSIJfNI\/AAAAAAAACKI\/NtoxTGr6BBE\/s400\/mhomsSabadell.jpg\" border=\"0\" \/><\/p>\n<p>B\u00e9, com que costa de situar el poble per on vam passar, us poso una imatge per situar-vos, est\u00e0 a un extrem de la carretera de Matadepera. No em ve el nom ara mateix&#8230;<\/p>\n<p><img data-recalc-dims=\"1\" decoding=\"async\" src=\"https:\/\/i0.wp.com\/lh6.ggpht.com\/_XvCMJjSPaT4\/S1QXGJM9T3I\/AAAAAAAACKE\/HU_zAlI8bbI\/s400\/100_4963.JPG\" border=\"0\" \/><\/p>\n<p><img data-recalc-dims=\"1\" decoding=\"async\" src=\"https:\/\/i0.wp.com\/lh6.ggpht.com\/_XvCMJjSPaT4\/S1QJaHwBKiI\/AAAAAAAACI8\/owWTAxwBZfg\/s400\/100_4965.JPG\" border=\"0\" \/><\/p>\n<p>Fa for\u00e7a setmanes que ve a c\u00f3rrer una persona que animada per la Gemma ha trobat un lloc on s&#8217;ho passa b\u00e9. Va fent, sempre rient i aguanta molt b\u00e9 tots els circu\u00efts. Com que no la conec gaire li demano si em vol passar el curr\u00edculum i mitjan\u00e7ant les xarxes socials ens localitzem i ens fa arribar el seu curr\u00edculum esportiu que ens fa molta il\u00b7lusi\u00f3.<br \/>\nParla un Catal\u00e0 flu\u00eft, i tamb\u00e9 ens ha escrit el seg\u00fcent:<\/p>\n<p>diu;<\/p>\n<p>S\u00f3c del Marroc ( la meva ciutat es diu Tanger, est\u00e0 al nord )i m\u2019agrada fer esport, quan anava al ESO m\u2019apuntava a equips : primer em vaig apuntar-me al equip de basquet, i despr\u00e8s vaig comen\u00e7ar a corre 100 metres, i poc a poc vaig anant a entrenar a corre el 5 km i el 10 km, vaig fer algunes curses, all\u00e0 al meu pa\u00eds.<br \/>\nTamb\u00e9 jugava a Hand bol for\u00e7a b\u00e9 amb un equip d\u2019all\u00e0 de la meva ciutat&#8230;<br \/>\nDe tots els esports el que m\u00e9s m\u2019agrada es el futbol.<br \/>\nAra m\u2019entreno amb els mossenaires, em va presentar al grup una ex companya de treball.<br \/>\nVaig cada dissabte de 8h a 9h del mat\u00ed, i ho passo molt b\u00e9 passant en mig dels paisatges i amb la companyia de la gent que corre, i el que m\u00e9s m\u2019agrada \u00e9s que mai arribes l\u2019\u00faltim sempre et venen a buscar i corren al teu ritme.<br \/>\nNB: No s\u00e9 si aix\u00f2 el que vols, si necessites m\u00e9s informaci\u00f3 avisa&#8217;m<br \/>\nNajoua Mesbahi<\/p>\n<table align=\"center\" border=\"0\" cellpadding=\"2\" cellspacing=\"2\">\n<tr>\n<td align=\"left\" nowrap=\"nowrap\" valign=\"middle\"><a href=\"http:\/\/mossenhoms.netfreehost.com\/posting.php?mode=reply&amp;t=1364&amp;mforum=mossenhoms\"><img data-recalc-dims=\"1\" decoding=\"async\" src=\"https:\/\/i0.wp.com\/mossenhoms.netfreehost.com\/templates\/subSilver\/images\/lang_english\/reply.gif\" alt=\"Respondre al tema\" align=\"middle\" border=\"0\" \/><\/a><\/td>\n<td align=\"left\" valign=\"middle\" width=\"100%\"><\/td>\n<\/tr>\n<\/table>\n","protected":false},"excerpt":{"rendered":"<p>Sempre hi ha dies que costa anar agrupats si els de davant no paren als encreuaments i avui un m\u00e9s, per\u00f2 s&#8217;ha fet el que s&#8217;ha pogut i segur que heu gaudit i tornareu. La proposta era baixar fins a Sabadell i fer-nos una fotografia al mig d&#8217;una pla\u00e7a. Com que els mossenaires \u00e9s una [&hellip;]<\/p>\n","protected":false},"author":171,"featured_media":0,"comment_status":"open","ping_status":"open","sticky":false,"template":"","format":"standard","meta":{"jetpack_post_was_ever_published":false,"_jetpack_newsletter_access":"","_jetpack_dont_email_post_to_subs":false,"_jetpack_newsletter_tier_id":0,"_jetpack_memberships_contains_paywalled_content":false,"_jetpack_memberships_contains_paid_content":false,"footnotes":"","jetpack_publicize_message":"","jetpack_publicize_feature_enabled":true,"jetpack_social_post_already_shared":false,"jetpack_social_options":{"image_generator_settings":{"template":"highway","default_image_id":0,"font":"","enabled":false},"version":2}},"categories":[5580],"tags":[],"class_list":["post-206","post","type-post","status-publish","format-standard","hentry","category-entrenaments"],"jetpack_publicize_connections":[],"jetpack_featured_media_url":"","jetpack_sharing_enabled":true,"jetpack_shortlink":"https:\/\/wp.me\/pagkiK-3k","jetpack-related-posts":[{"id":227,"url":"https:\/\/blogs.avui.cat\/pepmoliner\/2010\/03\/09\/els-mossenaires-amb-els-maratonians-bcn2010\/","url_meta":{"origin":206,"position":0},"title":"Els Mossenaires amb els Maratonians BCN2010","author":"Pep Moliner","date":"9 de mar\u00e7 de 2010","format":false,"excerpt":"Aquest esport no s'enten si no es practica, i a m\u00e9s: tal com ho fem nosaltres. Fer-ho tots els dissabtes ens uneix a tots una mica. Avui era un gran dia, previ a una gran marat\u00f3: la de Barcelona. For\u00e7a amics dels entrenaments que fem plegats, estaven reposant a casa\u2026","rel":"","context":"A &quot;Entrenaments&quot;","block_context":{"text":"Entrenaments","link":"https:\/\/blogs.avui.cat\/pepmoliner\/category\/entrenaments\/"},"img":{"alt_text":"","src":"","width":0,"height":0},"classes":[]},{"id":496,"url":"https:\/\/blogs.avui.cat\/pepmoliner\/2011\/01\/02\/bon-any-2011-dels-egara-mossenaires\/","url_meta":{"origin":206,"position":1},"title":"Bon Any 2011 &#8211; dels \u00c8gara-Mossenaires","author":"Pep Moliner","date":"2 de gener de 2011","format":false,"excerpt":"Era el darrer entrenament d'un any en el qual ens hem anat coneixent una mica m\u00e9s profundament els amics que ens auto-anomenem \u00c8gara- Mossenaires, nom que ara utilitzem per qu\u00e8 el nucli de la nostra amistat s'ha anat llaurant en el f\u00f2rum Mossenaire, que tamb\u00e9 deu el nom al Rector\u2026","rel":"","context":"A &quot;Entrenaments&quot;","block_context":{"text":"Entrenaments","link":"https:\/\/blogs.avui.cat\/pepmoliner\/category\/entrenaments\/"},"img":{"alt_text":"","src":"","width":0,"height":0},"classes":[]},{"id":4194,"url":"https:\/\/blogs.avui.cat\/pepmoliner\/2016\/06\/23\/quan-plou-hi-ha-qui-no-es-mou\/","url_meta":{"origin":206,"position":2},"title":"Quan plou hi ha qui no es mou","author":"Pep Moliner","date":"23 de juny de 2016","format":false,"excerpt":"Si; es nota que la pluja ens fa rumiar que millor no mullar-se, i avui a les setdel mat\u00ed plovia, tot i que a les vuit el temps ha millorat fant\u00e0sticament i\u00a0l'entrenament, com sempre, hist\u00f2ric. Hem fet un recorregut prou conegut, on es baixa per camins amples i ens\u00a0apropem cap\u2026","rel":"","context":"A &quot;Entrenaments&quot;","block_context":{"text":"Entrenaments","link":"https:\/\/blogs.avui.cat\/pepmoliner\/category\/entrenaments\/"},"img":{"alt_text":"","src":"","width":0,"height":0},"classes":[]},{"id":118,"url":"https:\/\/blogs.avui.cat\/pepmoliner\/2009\/02\/21\/un-nuc-de-circuits\/","url_meta":{"origin":206,"position":3},"title":"Un nuc de circuits","author":"Pep Moliner","date":"21 de febrer de 2009","format":false,"excerpt":"Avui havia pensat que podria agradar simultaniejar diferents circuits, aprofitant els llocs bonics d'aquests . N'hi ha que estan millor, per\u00f2 una alternativa era aquesta: sortir pel costat de la masia, per evitar all\u00f2 d'anar pel mig del carrer, on ara una vegada asfaltat hi ha molt m\u00e9s tr\u00e0nsit. Despr\u00e9s\u2026","rel":"","context":"A &quot;General&quot;","block_context":{"text":"General","link":"https:\/\/blogs.avui.cat\/pepmoliner\/category\/general\/"},"img":{"alt_text":"","src":"https:\/\/i0.wp.com\/lh4.ggpht.com\/_GgLw52r2N3I\/SaOc-MqYvdI\/AAAAAAAAJQk\/lq5WXRW3kRU\/s800\/100_2135.JPG?resize=350%2C200","width":350,"height":200},"classes":[]},{"id":492,"url":"https:\/\/blogs.avui.cat\/pepmoliner\/2010\/12\/29\/quatre-magnifics-cros-del-circuit-gironi\/","url_meta":{"origin":206,"position":4},"title":"Quatre magn\u00edfics cros del circuit Giron\u00ed","author":"Pep Moliner","date":"29 de desembre de 2010","format":false,"excerpt":"Primer disculpeu-me que tinc el blog un xic aturat. Una mica per qu\u00e8 em poso a l'espera d'adjuntar informacions que puguis servir al possible lector. Comen\u00e7o amb el cros de Riudellots de la Selva, que es feia per una zona amb dues zones ben diferenciades. Per una banda la sortida\u2026","rel":"","context":"A &quot;General&quot;","block_context":{"text":"General","link":"https:\/\/blogs.avui.cat\/pepmoliner\/category\/general\/"},"img":{"alt_text":"","src":"","width":0,"height":0},"classes":[]},{"id":1393,"url":"https:\/\/blogs.avui.cat\/pepmoliner\/2012\/04\/11\/de-terrassa-a-sabadell-com-si-res\/","url_meta":{"origin":206,"position":5},"title":"De Terrassa a Sabadell com si res","author":"Pep Moliner","date":"11 d'abril de 2012","format":false,"excerpt":"Enmig de la Setmana Santa, on s'aprofita la festivitat per a fer moltes coses i que nosaltres tamb\u00e9 hem tornat a fer el que els dissabtes tenim costum de fer: aprofitar l'amistat, l'esport i la natura per passar una bonica estona. El circuit d'avui \u00e9s molt atractiu, donat que ens\u2026","rel":"","context":"A &quot;General&quot;","block_context":{"text":"General","link":"https:\/\/blogs.avui.cat\/pepmoliner\/category\/general\/"},"img":{"alt_text":"SOC DISSENYADOR I TREBALLO COM AUT\u00d2NOM, ESPERO LA TEVA COMANDA ;)","src":"https:\/\/i0.wp.com\/blogs.avui.cat\/pepmoliner\/files\/2012\/02\/josepmolinerDisseny381x111.gif?resize=350%2C200","width":350,"height":200},"classes":[]}],"_links":{"self":[{"href":"https:\/\/blogs.avui.cat\/pepmoliner\/wp-json\/wp\/v2\/posts\/206","targetHints":{"allow":["GET"]}}],"collection":[{"href":"https:\/\/blogs.avui.cat\/pepmoliner\/wp-json\/wp\/v2\/posts"}],"about":[{"href":"https:\/\/blogs.avui.cat\/pepmoliner\/wp-json\/wp\/v2\/types\/post"}],"author":[{"embeddable":true,"href":"https:\/\/blogs.avui.cat\/pepmoliner\/wp-json\/wp\/v2\/users\/171"}],"replies":[{"embeddable":true,"href":"https:\/\/blogs.avui.cat\/pepmoliner\/wp-json\/wp\/v2\/comments?post=206"}],"version-history":[{"count":0,"href":"https:\/\/blogs.avui.cat\/pepmoliner\/wp-json\/wp\/v2\/posts\/206\/revisions"}],"wp:attachment":[{"href":"https:\/\/blogs.avui.cat\/pepmoliner\/wp-json\/wp\/v2\/media?parent=206"}],"wp:term":[{"taxonomy":"category","embeddable":true,"href":"https:\/\/blogs.avui.cat\/pepmoliner\/wp-json\/wp\/v2\/categories?post=206"},{"taxonomy":"post_tag","embeddable":true,"href":"https:\/\/blogs.avui.cat\/pepmoliner\/wp-json\/wp\/v2\/tags?post=206"}],"curies":[{"name":"wp","href":"https:\/\/api.w.org\/{rel}","templated":true}]}}