{"id":1502,"date":"2012-05-23T17:49:14","date_gmt":"2012-05-23T16:49:14","guid":{"rendered":"http:\/\/blogs.avui.cat\/pepmoliner\/?p=1502"},"modified":"2012-05-24T11:10:44","modified_gmt":"2012-05-24T10:10:44","slug":"corriolegem-els-voltants-de-terrassa","status":"publish","type":"post","link":"https:\/\/blogs.avui.cat\/pepmoliner\/2012\/05\/23\/corriolegem-els-voltants-de-terrassa\/","title":{"rendered":"Corriolegem els voltants de Terrassa"},"content":{"rendered":"<h3 style=\"text-align: justify\"><span style=\"color: #000080\">Tant \u00e9s si plou, com si est\u00e0 n\u00favol. Tant \u00e9s si amena\u00e7a pluja: sempre gent  disposada entrenar plegada i fer-se costat, esperar-se i fer-ho no tan  sols pel plaer de c\u00f3rrer, no tan sols per tot i pert\u00e0nyer a unes grans  ciutats com son Terrassa i Sabadell, aprofitar que estem envoltats de  camps impressionants; pensem que voler trobar a l&#8217;amic, al company, la  conversa que vam deixar a mitges, engegar projectes i qui sap quantes  coses passen durant una hora corrent plegats.<\/span><\/h3>\n<h3 style=\"text-align: justify\"><span style=\"color: #000080\">Doncs b\u00e9, anant per  l&#8217;entrenament: ha estat paisatg\u00edsticament dels m\u00e9s macos, si tenim en  compte aquesta combinaci\u00f3 de camins amples, corriols envoltats de civada  que gr\u00e0cies a les darreres pluges han fet una bona crescuda, travessant  torrents, veient cavalls, natura viva i unes rialles i un caliu com  sempre ens conviden a repetir la trobada.<\/span><\/h3>\n<h3 style=\"text-align: justify\"><span style=\"color: #000080\">La fotografia, com \u00e9s  costum, per tenir el record del dia, on es veu sempre persones que venen  per primera vegada, com en Juan i Miguel. Tamb\u00e9 aquells amics que  portaven dies sense venir i que no ens obliden i s&#8217;ho fan venir b\u00e9 per  tornar a la cita de tots els dissabtes a les 08:00 a Torre Moss\u00e8n Homs.  Gr\u00e0cies per fer-nos costat i fer perdurable el nostre projecte de  &#8220;Entrenaments en Grup&#8221;.<\/span><\/h3>\n<h3 style=\"text-align: justify\"><span style=\"color: #000080\"><strong> <\/strong><\/span><\/h3>\n<h3 style=\"text-align: justify\"><span style=\"color: #000080\"><a href=\"http:\/\/mossenhoms.netfreehost.com\/viewtopic.php?p=13044&amp;mforum=mossenhoms#13044\"><img data-recalc-dims=\"1\" decoding=\"async\" src=\"https:\/\/i0.wp.com\/lh3.googleusercontent.com\/-s9fHRd-OYYA\/T70EHjrrDeI\/AAAAAAAAIGM\/SZ5E5SxKh0M\/s1600\/DSC05637A.jpg?ssl=1\" alt=\"\"  \/><\/a><\/span><\/h3>\n<h3 style=\"text-align: justify\"><span style=\"color: #000080\">Avui  mentre f\u00e8iem la fotografia hem destacat com cada setmana als  &#8220;Mossenaires Nous&#8221; als que tots hem aplaudit i tamb\u00e9 la petita broma de  fer xiular els de Terrassa als de Sabadell i a l&#8217;inrev\u00e9s. En el fons ens  estimem: molt en el fons.<\/span><\/h3>\n<h3 style=\"text-align: justify\"><span style=\"color: #000080\"><img data-recalc-dims=\"1\" loading=\"lazy\" decoding=\"async\" src=\"https:\/\/i0.wp.com\/lh6.googleusercontent.com\/-Tl6JaDhHwN4\/T70Dsmma65I\/AAAAAAAAIEM\/kiRP8Wy-5ZA\/s800\/DSC05617.JPG?resize=720%2C540&#038;ssl=1\" alt=\"Image\" width=\"720\" height=\"540\" \/><br \/>\nEn Miguel i en Juan s&#8217;estrenaven avui al nostre costat, portats per l&#8217;Encarna que ja ha vingut en altres ocasions.<br \/>\n<img data-recalc-dims=\"1\" loading=\"lazy\" decoding=\"async\" src=\"https:\/\/i0.wp.com\/lh5.googleusercontent.com\/-TAWrNxzM5yk\/T70Dt4toDwI\/AAAAAAAAIEU\/yNSLI2UV81s\/s800\/DSC05618.JPG?resize=648%2C487&#038;ssl=1\" alt=\"Image\" width=\"648\" height=\"487\" \/><\/span> <span style=\"color: #000080\"><br \/>\nI  la colla va engegant, amb en Vicen\u00e7 al capdavant i la incorporaci\u00f3 del  Carlos, amb mocador vermell, que estava fent estiraments. En Joan i en  V\u00edctor se&#8217;l miren<\/span><\/h3>\n<h3 style=\"text-align: justify\"><span style=\"color: #000080\"><img data-recalc-dims=\"1\" loading=\"lazy\" decoding=\"async\" src=\"https:\/\/i0.wp.com\/lh4.googleusercontent.com\/-SJkXevAHKQI\/T70DvySTU2I\/AAAAAAAAIEc\/nh7X6NDEYFw\/s800\/DSC05619.JPG?resize=487%2C648&#038;ssl=1\" alt=\"Image\" width=\"487\" height=\"648\" \/><br \/>\nEn  V\u00edctor amb mitja rialla \u00e9s dels m\u00e9s actius en els progressius, encara  que avui se n&#8217;ha saltat algun. En Carlos saludant en Joan<\/span><\/h3>\n<h3 style=\"text-align: justify\"><span style=\"color: #000080\"><img data-recalc-dims=\"1\" loading=\"lazy\" decoding=\"async\" src=\"https:\/\/i0.wp.com\/lh6.googleusercontent.com\/-sGkSkroY3no\/T70DxAzE0fI\/AAAAAAAAIEg\/3ExJgQ-fBmk\/s800\/DSC05620.JPG?resize=720%2C540&#038;ssl=1\" alt=\"Image\" width=\"720\" height=\"540\" \/><\/span><\/h3>\n<h3 style=\"text-align: justify\"><span style=\"color: #000080\"><img data-recalc-dims=\"1\" decoding=\"async\" src=\"https:\/\/i0.wp.com\/lh3.googleusercontent.com\/-Lan4j_SgZOo\/T70DyMddJCI\/AAAAAAAAIEs\/hJ9V_48RrcU\/s800\/DSC05621.JPG?ssl=1\" alt=\"Image\" \/><\/span><\/h3>\n<h3 style=\"text-align: justify\"><span style=\"color: #000080\">Com  no podia ser d&#8217;una altre manera i vist el meu car\u00e0cter, destaco que  aquest punt \u00e9s d&#8217;on millor es veu Cantallops de la Selva, o no es diu  aix\u00ed aquell bonic poble del cap d&#8217;avall. En primer terme el Sant  Quirzenc, en Xavi Miquel que fa anys que diu que est\u00e0 &#8220;enretirat&#8221;<\/span><\/h3>\n<h3 style=\"text-align: justify\"><span style=\"color: #000080\"><img data-recalc-dims=\"1\" loading=\"lazy\" decoding=\"async\" src=\"https:\/\/i0.wp.com\/lh6.googleusercontent.com\/-exllDJrPfes\/T70DzKUsKhI\/AAAAAAAAIE0\/zvyECVJJyHg\/s800\/DSC05622.JPG?resize=720%2C540&#038;ssl=1\" alt=\"Image\" width=\"720\" height=\"540\" \/><br \/>\nVicen\u00e7 i Fran encap\u00e7alant el grup enmig del corriol del bonic camp<\/span><\/h3>\n<h3 style=\"text-align: justify\"><span style=\"color: #000080\"><img data-recalc-dims=\"1\" loading=\"lazy\" decoding=\"async\" src=\"https:\/\/i0.wp.com\/lh3.googleusercontent.com\/-a_dGwe3PUBM\/T70D0EftM1I\/AAAAAAAAIE4\/7rqpZcCNgsM\/s800\/DSC05623.JPG?resize=720%2C540&#038;ssl=1\" alt=\"Image\" width=\"720\" height=\"540\" \/><\/span><\/h3>\n<h3 style=\"text-align: justify\"><span style=\"color: #000080\"><img data-recalc-dims=\"1\" decoding=\"async\" src=\"https:\/\/i0.wp.com\/lh3.googleusercontent.com\/-a_dGwe3PUBM\/T70D0EftM1I\/AAAAAAAAIE4\/7rqpZcCNgsM\/s800\/DSC05623.JPG?ssl=1\" alt=\"Image\" \/><br \/>\ntancant el grup en Miguel, el m\u00e9s jove de la jornada i que s&#8217;estrenava<\/span><\/h3>\n<h3 style=\"text-align: justify\"><span style=\"color: #000080\"><img data-recalc-dims=\"1\" decoding=\"async\" src=\"https:\/\/i0.wp.com\/lh5.googleusercontent.com\/-PJKS2zbkXUI\/T70D01AsVnI\/AAAAAAAAIFE\/Ih2cZH55690\/s800\/DSC05624.JPG?ssl=1\" alt=\"Image\" \/><br \/>\nI<\/span><\/h3>\n<h3 style=\"text-align: justify\"><span style=\"color: #000080\"><img data-recalc-dims=\"1\" decoding=\"async\" src=\"https:\/\/i0.wp.com\/lh5.googleusercontent.com\/-PJKS2zbkXUI\/T70D01AsVnI\/AAAAAAAAIFE\/Ih2cZH55690\/s800\/DSC05624.JPG?ssl=1\" alt=\"Image\" \/><br \/>\nen  Ferran Galceran, seguit de prop per en Bernat Sust, fill d&#8217;en Pau i la  Teresa, que avui ha vingut l&#8217;he vist \u00e0dhuc esprintant al seu pare.<\/span><\/h3>\n<h3 style=\"text-align: justify\"><span style=\"color: #000080\"><img data-recalc-dims=\"1\" decoding=\"async\" src=\"https:\/\/i0.wp.com\/lh4.googleusercontent.com\/-ma6BTEZKgbA\/T70D1_jfE8I\/AAAAAAAAIFI\/c8rOLpcLLaw\/s800\/DSC05625.JPG?ssl=1\" alt=\"Image\" \/><br \/>\nI la gran alegria de torna a tenir en Maten, de nou. Seguit de prop per en Jordi Renom<\/span><\/h3>\n<h3 style=\"text-align: justify\"><span style=\"color: #000080\"><img data-recalc-dims=\"1\" decoding=\"async\" src=\"https:\/\/i0.wp.com\/lh5.googleusercontent.com\/-5Z8qFvuodzg\/T70D27R43yI\/AAAAAAAAIFU\/HUjbuX57xWU\/s800\/DSC05626.JPG?ssl=1\" alt=\"Image\" \/><\/span><\/h3>\n<h3 style=\"text-align: justify\"><span style=\"color: #000080\"><img data-recalc-dims=\"1\" decoding=\"async\" src=\"https:\/\/i0.wp.com\/lh3.googleusercontent.com\/-IoVn1hpqaG0\/T70D45JCedI\/AAAAAAAAIFY\/z0XYW49m5Ig\/s800\/DSC05627.JPG?ssl=1\" alt=\"Image\" \/><\/span><\/h3>\n<h3 style=\"text-align: justify\"><span style=\"color: #000080\">als amics els he fet girar, per no sortir tots d&#8217;esquena i ha quedat aquest invent d&#8217;anar migs de costat<\/span><\/h3>\n<h3 style=\"text-align: justify\"><span style=\"color: #000080\"><img data-recalc-dims=\"1\" decoding=\"async\" src=\"https:\/\/i0.wp.com\/lh3.googleusercontent.com\/-DpfZAKEl4_8\/T70D6PxFqGI\/AAAAAAAAIFk\/kFVE5HzIXks\/s800\/DSC05628.JPG?ssl=1\" alt=\"Image\" \/><br \/>\nPassant pe un dels torrent<\/span><\/h3>\n<h3 style=\"text-align: justify\"><span style=\"color: #000080\"><img data-recalc-dims=\"1\" decoding=\"async\" src=\"https:\/\/i0.wp.com\/lh5.googleusercontent.com\/--e6b28lTjmk\/T70D7KpLgdI\/AAAAAAAAIFs\/mMU8mcXbmW8\/s800\/DSC05629.JPG?ssl=1\" alt=\"Image\" \/><\/span><\/h3>\n<h3 style=\"text-align: justify\"><span style=\"color: #000080\"><img data-recalc-dims=\"1\" decoding=\"async\" src=\"https:\/\/i0.wp.com\/lh6.googleusercontent.com\/-h6ZyhPGHogw\/T70D9WN76eI\/AAAAAAAAIF0\/zmNppkEMOIY\/s800\/DSC05631.JPG?ssl=1\" alt=\"Image\" \/><br \/>\nI  els amics d&#8217;en Pasqual, quan han vist al Maten se n&#8217;han alegrat i com  que es coneixent i s&#8217;aprecien molt, han volgut immortalitzar el moment.<\/span><\/h3>\n<h3 style=\"text-align: justify\"><span style=\"color: #000080\"><img data-recalc-dims=\"1\" decoding=\"async\" src=\"https:\/\/i0.wp.com\/lh3.googleusercontent.com\/-yn2u8MSLQxw\/T70D-MXZX1I\/AAAAAAAAIF4\/d9LbOT4KNkc\/s800\/DSC05632.JPG?ssl=1\" alt=\"Image\" \/><\/span><\/h3>\n<h3 style=\"text-align: justify\"><span style=\"color: #000080\"><img data-recalc-dims=\"1\" decoding=\"async\" src=\"https:\/\/i0.wp.com\/lh4.googleusercontent.com\/-BElIsvoJnsw\/T70D-7bXepI\/AAAAAAAAIGA\/3cygsejdRNA\/s800\/DSC05633.JPG?ssl=1\" alt=\"Image\" \/><br \/>\nI en Josep Jim\u00e9nez, seguit per l&#8217;Encarna i la Lola.<\/span><\/h3>\n<h3 style=\"text-align: justify\"><span style=\"color: #000080\">Ha  tornat a anar tot molt b\u00e9 i estem pensant de fer si fa un bon dia, un  entrenament diferent, que mes o menys la gent ja sap: baixar fins el  conjunt arquitect\u00f2nic de les esgl\u00e9sies de Sant Pere, Seu d&#8217;\u00c8gara, el  pont penjat, el Castell Cartoixa, Museu T\u00e8xtil. Segurament ser\u00e0 aquest  dissabte. Als que esteu registrats al f\u00f2rum rebreu el divendres la  convocat\u00f2ria, per\u00f2 tots hi esteu convidats.<\/span><\/h3>\n<h3 style=\"text-align: justify\"><span style=\"color: #000080\"><br \/>\n<\/span><\/h3>\n<h3 style=\"text-align: justify\"><span style=\"color: #000080\">&#8211;<\/span><\/h3>\n<h3 style=\"text-align: justify\"><span style=\"color: #000080\">&#8211;<\/span><\/h3>\n<p style=\"text-align: justify\"><span style=\"color: #000080\"> <\/span><\/p>\n<p style=\"text-align: justify\">\n<div class=\"mceTemp mceIEcenter\" style=\"text-align: justify\">\n<dl>\n<dt><a rel=\"attachment wp-att-1248\" href=\"http:\/\/blogs.avui.cat\/pepmoliner\/2012\/02\/08\/neva-a-can-roure-correm-mhi\/josepmolinerdisseny381x111\/\"><img data-recalc-dims=\"1\" loading=\"lazy\" decoding=\"async\" data-attachment-id=\"1248\" data-permalink=\"https:\/\/blogs.avui.cat\/pepmoliner\/2012\/02\/08\/neva-a-can-roure-correm-mhi\/josepmolinerdisseny381x111\/\" data-orig-file=\"https:\/\/i0.wp.com\/blogs.avui.cat\/pepmoliner\/files\/2012\/02\/josepmolinerDisseny381x111.gif?fit=381%2C111&amp;ssl=1\" data-orig-size=\"381,111\" data-comments-opened=\"0\" data-image-meta=\"{&quot;aperture&quot;:&quot;0&quot;,&quot;credit&quot;:&quot;&quot;,&quot;camera&quot;:&quot;&quot;,&quot;caption&quot;:&quot;&quot;,&quot;created_timestamp&quot;:&quot;0&quot;,&quot;copyright&quot;:&quot;&quot;,&quot;focal_length&quot;:&quot;0&quot;,&quot;iso&quot;:&quot;0&quot;,&quot;shutter_speed&quot;:&quot;0&quot;,&quot;title&quot;:&quot;&quot;}\" data-image-title=\"DISSENY Pep Moliner\" data-image-description=\"&lt;p&gt;Com que treballo &lt;strong&gt;pel meu compte&lt;\/strong&gt;, poso el meu logo a les cr\u00f2niques, i donar a con\u00e8ixer la meva feina. Si em vols fer un enc\u00e0rrec, posa&amp;#8217;t en contacte al meu mail o al formulari de contacte.&lt;\/p&gt;\n&lt;p&gt;  Ja ho saps, doncs. No em tanco a res ni a ning\u00fa, professionalment, vol dir que si creus que puc encaixar en un altre aspecte, en parlem. La crisi \u00e9s per tothom i avui dia tenir feina \u00e9s un tresor.&lt;\/p&gt;\n&lt;p&gt;  Pots consultar m\u00e9s o menys el que faig a: &lt;a href=&quot;https:\/\/sites.google.com\/site\/dissenyjosepmoliner\/&quot; target=&quot;_blank&quot;&gt;http:\/\/disseny.josepmoliner.com&lt;\/a&gt; , encara que estic obert al que sigui .&lt;\/p&gt;\n&lt;p&gt;Moltes gr\u00e0cies per endavant&lt;\/p&gt;&lt;\/p&gt;\n\" data-image-caption=\"&lt;p&gt;Vols que faci de dissenyador per tu ? escriu-me sense comprom\u00eds :)&lt;\/p&gt;\n\" data-medium-file=\"https:\/\/i0.wp.com\/blogs.avui.cat\/pepmoliner\/files\/2012\/02\/josepmolinerDisseny381x111.gif?fit=300%2C87&amp;ssl=1\" data-large-file=\"https:\/\/i0.wp.com\/blogs.avui.cat\/pepmoliner\/files\/2012\/02\/josepmolinerDisseny381x111.gif?fit=381%2C111&amp;ssl=1\" class=\"size-full wp-image-1248\" src=\"https:\/\/i0.wp.com\/blogs.avui.cat\/pepmoliner\/files\/2012\/02\/josepmolinerDisseny381x111.gif?resize=381%2C111\" alt=\"SOC DISSENYADOR I TREBALLO COM AUT\u00d2NOM, ESPERO LA TEVA COMANDA ;)\" width=\"381\" height=\"111\" srcset=\"https:\/\/i0.wp.com\/blogs.avui.cat\/pepmoliner\/files\/2012\/02\/josepmolinerDisseny381x111.gif?w=381&amp;ssl=1 381w, https:\/\/i0.wp.com\/blogs.avui.cat\/pepmoliner\/files\/2012\/02\/josepmolinerDisseny381x111.gif?resize=300%2C87&amp;ssl=1 300w\" sizes=\"auto, (max-width: 381px) 100vw, 381px\" \/><\/a><\/dt>\n<dd>Vols que faci de dissenyador per tu ? escriu-me sense comprom\u00eds \ud83d\ude42<\/dd>\n<\/dl>\n<\/div>\n<p style=\"text-align: justify\">\n","protected":false},"excerpt":{"rendered":"<p>Tant \u00e9s si plou, com si est\u00e0 n\u00favol. Tant \u00e9s si amena\u00e7a pluja: sempre gent disposada entrenar plegada i fer-se costat, esperar-se i fer-ho no tan sols pel plaer de c\u00f3rrer, no tan sols per tot i pert\u00e0nyer a unes grans ciutats com son Terrassa i Sabadell, aprofitar que estem envoltats de camps impressionants; pensem [&hellip;]<\/p>\n","protected":false},"author":171,"featured_media":0,"comment_status":"open","ping_status":"open","sticky":false,"template":"","format":"standard","meta":{"jetpack_post_was_ever_published":false,"_jetpack_newsletter_access":"","_jetpack_dont_email_post_to_subs":false,"_jetpack_newsletter_tier_id":0,"_jetpack_memberships_contains_paywalled_content":false,"_jetpack_memberships_contains_paid_content":false,"footnotes":"","jetpack_publicize_message":"","jetpack_publicize_feature_enabled":true,"jetpack_social_post_already_shared":false,"jetpack_social_options":{"image_generator_settings":{"template":"highway","default_image_id":0,"font":"","enabled":false},"version":2}},"categories":[1],"tags":[],"class_list":["post-1502","post","type-post","status-publish","format-standard","hentry","category-general"],"jetpack_publicize_connections":[],"jetpack_featured_media_url":"","jetpack_sharing_enabled":true,"jetpack_shortlink":"https:\/\/wp.me\/pagkiK-oe","jetpack-related-posts":[{"id":206,"url":"https:\/\/blogs.avui.cat\/pepmoliner\/2010\/01\/16\/de-terrassa-a-sabadell-amb-els-mossenaires\/","url_meta":{"origin":1502,"position":0},"title":"de Terrassa a Sabadell amb els mossenaires","author":"Pep Moliner","date":"16 de gener de 2010","format":false,"excerpt":"Sempre hi ha dies que costa anar agrupats si els de davant no paren als encreuaments i avui un m\u00e9s, per\u00f2 s'ha fet el que s'ha pogut i segur que heu gaudit i tornareu. La proposta era baixar fins a Sabadell i fer-nos una fotografia al mig d'una pla\u00e7a. Com\u2026","rel":"","context":"A &quot;Entrenaments&quot;","block_context":{"text":"Entrenaments","link":"https:\/\/blogs.avui.cat\/pepmoliner\/category\/entrenaments\/"},"img":{"alt_text":"","src":"","width":0,"height":0},"classes":[]},{"id":1680,"url":"https:\/\/blogs.avui.cat\/pepmoliner\/2012\/07\/11\/correr-amb-una-bona-colla\/","url_meta":{"origin":1502,"position":1},"title":"C\u00f3rrer amb una bona colla","author":"Pep Moliner","date":"11 de juliol de 2012","format":false,"excerpt":"Una gran colla s'aplega de nou per fer un recorregut ben acompanyat d'amistats. El m\u00e9s important \u00e9s sentir-se degust amb qui vas i ho tenim garantit. Tothom qui ve ho fa disposat a fer \"grup\". Hem encetat l'entrenament baixant per dins el torrent de la gr\u00edpia, al qual li hem\u2026","rel":"","context":"A &quot;General&quot;","block_context":{"text":"General","link":"https:\/\/blogs.avui.cat\/pepmoliner\/category\/general\/"},"img":{"alt_text":"","src":"https:\/\/i0.wp.com\/www.egargrafic.com\/egargrafic.gif?resize=350%2C200","width":350,"height":200},"classes":[]},{"id":172,"url":"https:\/\/blogs.avui.cat\/pepmoliner\/2009\/10\/05\/cursa-de-santpedor-2009\/","url_meta":{"origin":1502,"position":2},"title":"Cursa de Santpedor 2009","author":"Pep Moliner","date":"5 d'octubre de 2009","format":false,"excerpt":"La cursa de Santpedor surt d'un poble amb prou atractiu per si mateix per ser visitat. A m\u00e9s quan veus que la gent s'hi aboca a fer que tinguis un bon record, creus que encertes en haver triat fer aquesta bonica cursa. I si a m\u00e9s pots compartir unes bones\u2026","rel":"","context":"A &quot;General&quot;","block_context":{"text":"General","link":"https:\/\/blogs.avui.cat\/pepmoliner\/category\/general\/"},"img":{"alt_text":"","src":"","width":0,"height":0},"classes":[]},{"id":608,"url":"https:\/\/blogs.avui.cat\/pepmoliner\/2011\/02\/28\/toni-pedrero-un-mestre-de-corredors\/","url_meta":{"origin":1502,"position":3},"title":"Toni Pedrero: un mestre de corredors","author":"Pep Moliner","date":"28 de febrer de 2011","format":false,"excerpt":"Toni Pedrero: un mestre de corredorsLa setmana passada va ser de nou memorable pel que representa per aquest projecte, per\u00f2 avui tamb\u00e9 s'escriu una nova p\u00e0gina en els nostres entrenaments plegats. Tots els dies son importants. Es proposava fer el circu\u00eft que ens dur\u00e0 fins l'\u00e0rea de lleure de Castellarnau,\u2026","rel":"","context":"A &quot;General&quot;","block_context":{"text":"General","link":"https:\/\/blogs.avui.cat\/pepmoliner\/category\/general\/"},"img":{"alt_text":"","src":"","width":0,"height":0},"classes":[]},{"id":740,"url":"https:\/\/blogs.avui.cat\/pepmoliner\/2011\/05\/24\/els-bons-mossenaires\/","url_meta":{"origin":1502,"position":4},"title":"Els bons Mossenaires","author":"Pep Moliner","date":"24 de maig de 2011","format":false,"excerpt":"Diu la teoria que \"Mossenaire\" \u00e9s tot aquell que vol compartir un entrenament en grup qualsevol dissabte a les vuit tot esperant als encreuaments per anar plegats. \u00c9s clar, si no no seria un entrenament en grup. I, funciona gr\u00e0cies a tots vosaltres. Gaireb\u00e9 tots acabeu venint de ma d'algun\u2026","rel":"","context":"A &quot;Entrenaments&quot;","block_context":{"text":"Entrenaments","link":"https:\/\/blogs.avui.cat\/pepmoliner\/category\/entrenaments\/"},"img":{"alt_text":"","src":"https:\/\/i0.wp.com\/lh4.googleusercontent.com\/_XvCMJjSPaT4\/Tdpm7i4b0HI\/AAAAAAAAFdA\/ftx5UpazBC4\/DSC03066.JPG?resize=350%2C200&ssl=1","width":350,"height":200},"classes":[]},{"id":3407,"url":"https:\/\/blogs.avui.cat\/pepmoliner\/2014\/08\/21\/gaudint-de-camins-de-sabadell-i-terrassa\/","url_meta":{"origin":1502,"position":5},"title":"Gaudint de camins de Sabadell i Terrassa","author":"Pep Moliner","date":"21 d'agost de 2014","format":false,"excerpt":"Un ruta sempre diferent, per qu\u00e8 diferents sempre son els que ens hi trobem i tots amb el mateix desig de passar-ho b\u00e9: corrent, rient, xerrant, gaudint de camins de Sabadell i Terrassa: amb una difer\u00e8ncia; una bona companyia.\u00a0 Avui hem baixat per corriols m\u00e9s estrets i bonics que sovintegem,\u2026","rel":"","context":"A &quot;General&quot;","block_context":{"text":"General","link":"https:\/\/blogs.avui.cat\/pepmoliner\/category\/general\/"},"img":{"alt_text":"","src":"","width":0,"height":0},"classes":[]}],"_links":{"self":[{"href":"https:\/\/blogs.avui.cat\/pepmoliner\/wp-json\/wp\/v2\/posts\/1502","targetHints":{"allow":["GET"]}}],"collection":[{"href":"https:\/\/blogs.avui.cat\/pepmoliner\/wp-json\/wp\/v2\/posts"}],"about":[{"href":"https:\/\/blogs.avui.cat\/pepmoliner\/wp-json\/wp\/v2\/types\/post"}],"author":[{"embeddable":true,"href":"https:\/\/blogs.avui.cat\/pepmoliner\/wp-json\/wp\/v2\/users\/171"}],"replies":[{"embeddable":true,"href":"https:\/\/blogs.avui.cat\/pepmoliner\/wp-json\/wp\/v2\/comments?post=1502"}],"version-history":[{"count":14,"href":"https:\/\/blogs.avui.cat\/pepmoliner\/wp-json\/wp\/v2\/posts\/1502\/revisions"}],"predecessor-version":[{"id":1513,"href":"https:\/\/blogs.avui.cat\/pepmoliner\/wp-json\/wp\/v2\/posts\/1502\/revisions\/1513"}],"wp:attachment":[{"href":"https:\/\/blogs.avui.cat\/pepmoliner\/wp-json\/wp\/v2\/media?parent=1502"}],"wp:term":[{"taxonomy":"category","embeddable":true,"href":"https:\/\/blogs.avui.cat\/pepmoliner\/wp-json\/wp\/v2\/categories?post=1502"},{"taxonomy":"post_tag","embeddable":true,"href":"https:\/\/blogs.avui.cat\/pepmoliner\/wp-json\/wp\/v2\/tags?post=1502"}],"curies":[{"name":"wp","href":"https:\/\/api.w.org\/{rel}","templated":true}]}}