{"id":1493,"date":"2012-05-18T17:58:41","date_gmt":"2012-05-18T16:58:41","guid":{"rendered":"http:\/\/blogs.avui.cat\/pepmoliner\/?p=1493"},"modified":"2012-05-18T18:01:45","modified_gmt":"2012-05-18T17:01:45","slug":"terrassa-a-vacarisses-cami-vell-ral-tot-caminant","status":"publish","type":"post","link":"https:\/\/blogs.avui.cat\/pepmoliner\/2012\/05\/18\/terrassa-a-vacarisses-cami-vell-ral-tot-caminant\/","title":{"rendered":"Terrassa a Vacarisses, cam\u00ed vell ral tot caminant"},"content":{"rendered":"<p>Con\u00e8ixer el nostre entorn, quan aquest \u00e9s tan ric i divers \u00e9s hores  d&#8217;ara el meu principal objectiu esportiu. Si b\u00e9 durant molts anys he  gaudit un munt anant amunt i avall a fer curses ultres, maratons i  mitges, llargues caminades a molts llocs, crossos, campionats coneixent  gent i fent amics, i tot lligat a l&#8217;atletisme, toca fer un canvi.  Persones amb les que he gaudit un munt, m&#8217;han ensenyat molts racons i  ara \u00e9s hora d&#8217;aprofitar aquest coneixement i aprofitant les eines que  ara tenim, trobar aquests llocs propers.<\/p>\n<p>Diguem que obrim un par\u00e8ntesi i anem de caminades; i qu\u00e8 millor que anar-hi amb la meva dona que tamb\u00e9 en gaudeix.<\/p>\n<p>Us  poso en antecedents. Vaig agafar la bicicleta de passeig btt divendres  passat, va \u00e9sser per veure si localitzava la sortida de la ciutat del  cam\u00ed ral vell de Terrassa a Vacarisses. Tamb\u00e9 \u00e9s alhora cam\u00ed de Sant  Jaume.  No poso detalls de com va ser la meva retrobada amb la bicicleta  despr\u00e9s d&#8217;un munt d&#8217;anys de no utilitzar-la. Ll\u00e0stima que no em vaig  fotografiar. Hagu\u00e9s estat curi\u00f3s.<\/p>\n<p>Anem a l&#8217;excursi\u00f3 que us proposo per un diumenge, i sempre a peu i caminant.<\/p>\n<p>Terrassa &#8211; Poble Vacarisses &#8211; Els Caus &#8211; Terrassa<\/p>\n<p>Nosaltres  hi van anar els dos, la Marisol i jo, i  la vam fer i ens van sortir  trenta quil\u00f2metres, donat que un parell de vegades vam tenir de recular.  He retocat el track per si algun dia s&#8217;us acut utilitzar-lo. No ten\u00edem  previst venir pels caus, per\u00f2 vam veure que la dist\u00e0ncia era bastant  similar i segur que era m\u00e9s interessant fer-la circular. Un altre dia la  farem a l&#8217;inrev\u00e9s. No se si us passa, per\u00f2 un mateix recorregut del  dret o del rev\u00e9s es veu un xic diferent.<\/p>\n<p>Vam tenir sorpreses, com  llocs per on passem prop, per\u00f2 que no coneix\u00edem i ens van quedar ganes  de veure altres camins que mentre camin\u00e0vem ens hi creu\u00e0vem, Un punt on  es podia anar a Viladecavalls i algun cam\u00ed que pintava b\u00e9, com per anar a  veure una antena que est\u00e0 ben enlairada.<\/p>\n<p>Les fotografies son m\u00e9s  il\u00b7lustratives del tipus de terreny i paisatge que ens acompanya i \u00e9s  per aix\u00f2 que en soc tan amant de crear amplis documents gr\u00e0fics com el  que ara, si vols et convido a veure:<\/p>\n<p><img data-recalc-dims=\"1\" decoding=\"async\" src=\"https:\/\/i0.wp.com\/lh5.googleusercontent.com\/-VqeJQBdtWVg\/T7DKCzB9RkI\/AAAAAAAAAxQ\/16KaMd_XqKw\/s800\/100_9610.JPG?ssl=1\" alt=\"Image\" \/><br \/>\nAlg\u00fa diria que la Marisol es disposa a caminar 30 quil\u00f2metres ?<\/p>\n<p><img data-recalc-dims=\"1\" decoding=\"async\" src=\"https:\/\/i0.wp.com\/lh5.googleusercontent.com\/--iwxDPxH6fM\/T7DKD2FVcFI\/AAAAAAAAAxY\/RGkygjLMEkA\/s800\/100_9611.JPG?ssl=1\" alt=\"Image\" \/><br \/>\npoc moviment de tot tipus<\/p>\n<p><img data-recalc-dims=\"1\" decoding=\"async\" src=\"https:\/\/i0.wp.com\/lh6.googleusercontent.com\/-tc0sVTXRoJQ\/T7DKFMJ5q8I\/AAAAAAAAAxg\/FO8u_EzCSK8\/s800\/100_9612.JPG?ssl=1\" alt=\"Image\" \/><br \/>\nJa estem sobre la pista<\/p>\n<p><img data-recalc-dims=\"1\" decoding=\"async\" src=\"https:\/\/i0.wp.com\/lh4.googleusercontent.com\/-xk_FrffoNJ4\/T7DKGvMl2yI\/AAAAAAAAAxo\/PIm51Og-B_I\/s800\/100_9613.JPG?ssl=1\" alt=\"Image\" \/><\/p>\n<p><img data-recalc-dims=\"1\" decoding=\"async\" src=\"https:\/\/i0.wp.com\/lh5.googleusercontent.com\/-LjPp-0txENY\/T7DKHp-elSI\/AAAAAAAAAxw\/T2FoM0A_blA\/s800\/100_9614.JPG?ssl=1\" alt=\"Image\" \/><\/p>\n<p><img data-recalc-dims=\"1\" decoding=\"async\" src=\"https:\/\/i0.wp.com\/lh5.googleusercontent.com\/-T4B1Od3EW8U\/T7DKJeb7XFI\/AAAAAAAAAx4\/MZf2mRXl7n4\/s800\/100_9615.JPG?ssl=1\" alt=\"Image\" \/><\/p>\n<p><img data-recalc-dims=\"1\" decoding=\"async\" src=\"https:\/\/i0.wp.com\/lh4.googleusercontent.com\/-wskxut50tS4\/T7DKKQ2iElI\/AAAAAAAAAyA\/vr1NR4YXGE0\/s800\/100_9616.JPG?ssl=1\" alt=\"Image\" \/><br \/>\nben senyalitzat, all\u00e0 veiem una pilona. Anem a veure que hi posa<\/p>\n<p><img data-recalc-dims=\"1\" decoding=\"async\" src=\"https:\/\/i0.wp.com\/lh4.googleusercontent.com\/-QEDicavTTUk\/T7DKNvBtJCI\/AAAAAAAAAyI\/qL1s9Eb3yiU\/s800\/100_9617.JPG?ssl=1\" alt=\"Image\" \/><br \/>\ni tan vell, qu\u00e8 Nuck ?, t&#8217;agrada ?<\/p>\n<p><img data-recalc-dims=\"1\" decoding=\"async\" src=\"https:\/\/i0.wp.com\/lh6.googleusercontent.com\/-q16rzDVRibU\/T7DKO0LC8tI\/AAAAAAAAAyQ\/T2iL8XKwnPU\/s800\/100_9618.JPG?ssl=1\" alt=\"Image\" \/><br \/>\nles quatre barres, si: que en penses ?<\/p>\n<p><img data-recalc-dims=\"1\" decoding=\"async\" src=\"https:\/\/i0.wp.com\/lh6.googleusercontent.com\/-laj5PfW6qjg\/T7DKQ3vyYVI\/AAAAAAAAAyY\/oX-F9TXoHxk\/s800\/100_9619.JPG?ssl=1\" alt=\"Image\" \/><br \/>\nJa ho veus, algun \u00e0nima poc caritativa no ens deixa llegir el que hi posa. Sort que tenim imaginaci\u00f3, i tu saps el que hi posa ?<\/p>\n<p><img data-recalc-dims=\"1\" decoding=\"async\" src=\"https:\/\/i0.wp.com\/lh6.googleusercontent.com\/-AqRClswuSEY\/T7DKR4IG4pI\/AAAAAAAAAyg\/1sdQr1UJb-U\/s800\/100_9620.JPG?ssl=1\" alt=\"Image\" \/><br \/>\nclar, no ?. Est\u00e0 clar\u00edssim. Esperem que els que manguen ferro no s&#8217;enamorin de la xapeta. Pssss ! no donis idees.<\/p>\n<p><img data-recalc-dims=\"1\" decoding=\"async\" src=\"https:\/\/i0.wp.com\/lh4.googleusercontent.com\/-wyM-dt62sDU\/T7DKS3ewLXI\/AAAAAAAAAyk\/_BgfjPTNO-U\/s800\/100_9621.JPG?ssl=1\" alt=\"Image\" \/><br \/>\nGuaaauuu !! tot el que veig m&#8217;agrada !!<\/p>\n<p><img data-recalc-dims=\"1\" decoding=\"async\" src=\"https:\/\/i0.wp.com\/lh5.googleusercontent.com\/-ESupBTlPqtA\/T7DKUB7sP0I\/AAAAAAAAAyw\/VCYV2r_DrLw\/s800\/100_9622.JPG?ssl=1\" alt=\"Image\" \/><br \/>\nLa informaci\u00f3 ens agrada i la compartim i l&#8217;Ajuntament ens ha posat aquests punts que s&#8217;agraeixen.<\/p>\n<p><img data-recalc-dims=\"1\" decoding=\"async\" src=\"https:\/\/i0.wp.com\/lh3.googleusercontent.com\/-9yDB9JKGQE8\/T7DKVnCMKBI\/AAAAAAAAAy4\/3Xkxo6cJTJ4\/s800\/100_9623.JPG?ssl=1\" alt=\"Image\" \/><br \/>\nterme  Municipal de Viladecavalls. De vegades em pregunto com tenint tant de  r\u00e8tol, son capa\u00e7os de no aprofitar la quantitat d&#8217;espai per posar &#8220;Sant  Miquel de Guanteres&#8221; terme municipal de Viladecavalls, Per\u00f2 no em facis  cas, que estic cr\u00edtic avui. El que no entenc que tots els r\u00e8tols tenen  &#8220;amics&#8221; disposats a fer-los malb\u00e9.<\/p>\n<p><img data-recalc-dims=\"1\" decoding=\"async\" src=\"https:\/\/i0.wp.com\/lh4.googleusercontent.com\/-CP40umuSQn0\/T7DKWffG9HI\/AAAAAAAAAzA\/GpcdemYbnpk\/s800\/100_9624.JPG?ssl=1\" alt=\"Image\" \/><br \/>\ngr\u00e0cies, gr\u00e0cies. Un son les pastes i el vi dol\u00e7<\/p>\n<p><img data-recalc-dims=\"1\" decoding=\"async\" src=\"https:\/\/i0.wp.com\/lh4.googleusercontent.com\/-0uDcyHXbSqw\/T7DKXYN-PSI\/AAAAAAAAAzI\/MxEC2j-gMA8\/s800\/100_9625.JPG?ssl=1\" alt=\"Image\" \/><br \/>\nGr\u00e0cies per la info.<\/p>\n<p>Ostres:  mira acabo de veure que la web de l&#8217;Ajuntament que hi anuncia el r\u00e8tol  hi ha el cam\u00ed que estem fent fer d&#8217;anada i el penjo aqu\u00ed aix\u00ed com el  link<\/p>\n<p><a href=\"http:\/\/web.terrassa.org\/web-mediambient\/nexe_medi\/camins\/9.html\">http:\/\/web.terrassa.org\/web-mediambient &#8230; ins\/9.html<\/a><\/p>\n<p><img data-recalc-dims=\"1\" decoding=\"async\" src=\"https:\/\/i0.wp.com\/lh6.googleusercontent.com\/-8vAxpTTeRy4\/T7DKY4-ir4I\/AAAAAAAAAzQ\/WE6X59cf7mk\/s800\/100_9626.JPG?ssl=1\" alt=\"Image\" \/><br \/>\nun esmorzar a la sortida de Sant Miquel de Guanteres una vegada les forces son del tot recuperades<\/p>\n<p><img data-recalc-dims=\"1\" decoding=\"async\" src=\"https:\/\/i0.wp.com\/lh6.googleusercontent.com\/-fdvJm_uBRXk\/T7DKaFwpqRI\/AAAAAAAAAzY\/_qXSA8o8cgc\/s800\/100_9627.JPG?ssl=1\" alt=\"Image\" \/><br \/>\nContinuo  pensant que el que malmet el que \u00e9s de tots, com aquest guixot, no est\u00e0  b\u00e9 del terrat. Jo tampoc estic b\u00e9 del terrat, per\u00f2 almenys no embruto  el que \u00e9s de tots. La foto de recordatori<\/p>\n<p><img data-recalc-dims=\"1\" decoding=\"async\" src=\"https:\/\/i0.wp.com\/lh6.googleusercontent.com\/--3gkTQMuWrQ\/T7DKbV14E9I\/AAAAAAAAAzg\/Be1PmHSpOFo\/s800\/100_9628.JPG?ssl=1\" alt=\"Image\" \/><\/p>\n<p><img data-recalc-dims=\"1\" decoding=\"async\" src=\"https:\/\/i0.wp.com\/lh4.googleusercontent.com\/-nbM9lqt5QuE\/T7DKczWEYdI\/AAAAAAAAAzo\/PTdK1o1_Q70\/s800\/100_9629.JPG?ssl=1\" alt=\"Image\" \/><br \/>\nQuan floreix el camp, i crec que \u00e9s ginesta, es bo posar a totes les flors juntes.<\/p>\n<p><img data-recalc-dims=\"1\" decoding=\"async\" src=\"https:\/\/i0.wp.com\/lh4.googleusercontent.com\/-1CBQiCykI0I\/T7DKeGfXoqI\/AAAAAAAAAzw\/beZoJ1aBhVQ\/s800\/100_9630.JPG?ssl=1\" alt=\"Image\" \/><br \/>\n&#8230; i els cardos tamb\u00e9. Si, si, una flor, i qu\u00e8 ? qu\u00e8 maco ?<\/p>\n<p><img data-recalc-dims=\"1\" decoding=\"async\" src=\"https:\/\/i0.wp.com\/lh6.googleusercontent.com\/-4SEYq88HWQw\/T7DKfORdKrI\/AAAAAAAAAz0\/lNBRBh49Mdg\/s800\/100_9631.JPG?ssl=1\" alt=\"Image\" \/><\/p>\n<p><img data-recalc-dims=\"1\" decoding=\"async\" src=\"https:\/\/i0.wp.com\/lh6.googleusercontent.com\/-KLWeGaT-YeU\/T7DKgAfBymI\/AAAAAAAAAz8\/z3M4NVpncMo\/s800\/100_9632.JPG?ssl=1\" alt=\"Image\" \/><br \/>\nja em balla pel cap, ja<\/p>\n<p><img data-recalc-dims=\"1\" decoding=\"async\" src=\"https:\/\/i0.wp.com\/lh5.googleusercontent.com\/-jh8WDjgg4k4\/T7DKhCcE0PI\/AAAAAAAAA0I\/xjBh0u5kjzg\/s800\/100_9633.JPG?ssl=1\" alt=\"Image\" \/><\/p>\n<p><img data-recalc-dims=\"1\" decoding=\"async\" src=\"https:\/\/i0.wp.com\/lh4.googleusercontent.com\/-zHeotXFDvEI\/T7DKiFW_DMI\/AAAAAAAAA0Q\/kIkiuDkkdew\/s800\/100_9634.JPG?ssl=1\" alt=\"Image\" \/><br \/>\naquest lloc es un cam\u00ed que passa enmig d&#8217;unes pareds de terra. Molt bonic.<\/p>\n<p><img data-recalc-dims=\"1\" decoding=\"async\" src=\"https:\/\/i0.wp.com\/lh6.googleusercontent.com\/-nnMwfSRKnQg\/T7DKjgDDV_I\/AAAAAAAAA0Y\/fzjAf4yGWIw\/s800\/100_9635.JPG?ssl=1\" alt=\"Image\" \/><\/p>\n<p><img data-recalc-dims=\"1\" decoding=\"async\" src=\"https:\/\/i0.wp.com\/lh3.googleusercontent.com\/-iOZ7wO2otSY\/T7DKkdiBpHI\/AAAAAAAAA0g\/14iyWuow5gs\/s800\/100_9636.JPG?ssl=1\" alt=\"Image\" \/><\/p>\n<p><img data-recalc-dims=\"1\" decoding=\"async\" src=\"https:\/\/i0.wp.com\/lh5.googleusercontent.com\/-e__1qyiZDmg\/T7DKl2WhQ2I\/AAAAAAAAA0o\/hnsfrxVV5t4\/s800\/100_9637.JPG?ssl=1\" alt=\"Image\" \/><br \/>\nM&#8217;encanta aquest tipus de senyalitzaci\u00f3<\/p>\n<p><img data-recalc-dims=\"1\" decoding=\"async\" src=\"https:\/\/i0.wp.com\/lh5.googleusercontent.com\/-pXt5frV85I4\/T7DKmzE5AKI\/AAAAAAAAA0w\/x2j4gzOijNY\/s800\/100_9638.JPG?ssl=1\" alt=\"Image\" \/><br \/>\ni sempre que veig la senyera, recordo que soc Catal\u00e0 i molt content de ser-ho i de practicar de ser Catal\u00e0<\/p>\n<p><img data-recalc-dims=\"1\" decoding=\"async\" src=\"https:\/\/i0.wp.com\/lh6.googleusercontent.com\/--859nJOlGRM\/T7DKn-N2xdI\/AAAAAAAAA04\/wtLpievtL_A\/s800\/100_9639.JPG?ssl=1\" alt=\"Image\" \/><\/p>\n<p><img data-recalc-dims=\"1\" decoding=\"async\" src=\"https:\/\/i0.wp.com\/lh5.googleusercontent.com\/-0I7CLWXlHnU\/T7DKo5e9GSI\/AAAAAAAAA1A\/-0w6LTa1p8g\/s800\/100_9640.JPG?ssl=1\" alt=\"Image\" \/><\/p>\n<p><img data-recalc-dims=\"1\" decoding=\"async\" src=\"https:\/\/i0.wp.com\/lh6.googleusercontent.com\/-Wth8N5pks_8\/T7DKpjzb1hI\/AAAAAAAAA1I\/BpFo2_41Y5I\/s800\/100_9641.JPG?ssl=1\" alt=\"Image\" \/><br \/>\nde lluny semblava un gat de deb\u00f2 i \u00e9s una figura que est\u00e0 sobre la xemeneia d&#8217;una casa<\/p>\n<p><img data-recalc-dims=\"1\" decoding=\"async\" src=\"https:\/\/i0.wp.com\/lh6.googleusercontent.com\/-rzXyGgZkfDg\/T7DKsPCpzcI\/AAAAAAAAA1Q\/-1oxQzbRMxY\/s800\/100_9642.JPG?ssl=1\" alt=\"Image\" \/><br \/>\nEl Moliner passa pel Molinot<\/p>\n<p><img data-recalc-dims=\"1\" decoding=\"async\" src=\"https:\/\/i0.wp.com\/lh4.googleusercontent.com\/-sF5fEI2_jxA\/T7DKtxXs0nI\/AAAAAAAAA1g\/OhRAzWDGRf8\/s800\/100_9644.JPG?ssl=1\" alt=\"Image\" \/><\/p>\n<p><img data-recalc-dims=\"1\" decoding=\"async\" src=\"https:\/\/i0.wp.com\/lh3.googleusercontent.com\/-mIFRPE1boHw\/T7DKuol4BTI\/AAAAAAAAA1o\/FZeq9sUGEHM\/s800\/100_9645.JPG?ssl=1\" alt=\"Image\" \/><br \/>\nQuantes dents juntes, sort de la reixa. Feia por de deb\u00f2, encara que era un bell exemplar p\u00e8rric<\/p>\n<p><img data-recalc-dims=\"1\" decoding=\"async\" src=\"https:\/\/i0.wp.com\/lh4.googleusercontent.com\/-QN79rOy6mC4\/T7DKwqNxPQI\/AAAAAAAAA1w\/VEIZZi6UBFU\/s800\/100_9646.JPG?ssl=1\" alt=\"Image\" \/><br \/>\nqu\u00e8 dol\u00e7os i tendres i t&#8217;asseguro que no penso entrar<\/p>\n<p><img data-recalc-dims=\"1\" decoding=\"async\" src=\"https:\/\/i0.wp.com\/lh6.googleusercontent.com\/-KQaY2RZzcq0\/T7DKyjSjraI\/AAAAAAAAA14\/FJwlJxQW2hk\/s800\/100_9647.JPG?ssl=1\" alt=\"Image\" \/><\/p>\n<p><img data-recalc-dims=\"1\" decoding=\"async\" src=\"https:\/\/i0.wp.com\/lh3.googleusercontent.com\/-bPl987DAOUQ\/T7DKz2-_mqI\/AAAAAAAAA2A\/fID99pmWR_4\/s800\/100_9648.JPG?ssl=1\" alt=\"Image\" \/><br \/>\nEstem a punt d&#8217;arribar a Coll Card\u00fas, per sobre del T\u00fanel que molts hem passat<\/p>\n<p><img data-recalc-dims=\"1\" decoding=\"async\" src=\"https:\/\/i0.wp.com\/lh5.googleusercontent.com\/-C1fLlAKByEg\/T7DK04PZCKI\/AAAAAAAAA2I\/L-WfqBn_GuY\/s800\/100_9649.JPG?ssl=1\" alt=\"Image\" \/><\/p>\n<p><img data-recalc-dims=\"1\" decoding=\"async\" src=\"https:\/\/i0.wp.com\/lh4.googleusercontent.com\/-PgwFrRU4IKE\/T7DK1w7E-vI\/AAAAAAAAA2Q\/s7llNEovhEo\/s800\/100_9650.JPG?ssl=1\" alt=\"Image\" \/><\/p>\n<p><img data-recalc-dims=\"1\" decoding=\"async\" src=\"https:\/\/i0.wp.com\/lh6.googleusercontent.com\/-XOTXoRRpR-M\/T7DK2XDsUXI\/AAAAAAAAA2U\/3OTThxJ1hoY\/s800\/100_9651.JPG?ssl=1\" alt=\"Image\" \/><\/p>\n<p><img data-recalc-dims=\"1\" decoding=\"async\" src=\"https:\/\/i0.wp.com\/lh4.googleusercontent.com\/-3ICG4CC-ykY\/T7DK3kMt91I\/AAAAAAAAA2g\/Q0W7339tKig\/s800\/100_9652.JPG?ssl=1\" alt=\"Image\" \/><br \/>\nara anem baixant i veiem imponent Montserrat<\/p>\n<p><img data-recalc-dims=\"1\" decoding=\"async\" src=\"https:\/\/i0.wp.com\/lh4.googleusercontent.com\/-sqIMxnm8458\/T7DK4i0pzqI\/AAAAAAAAA2o\/YtFTFfO1IwI\/s800\/100_9653.JPG?ssl=1\" alt=\"Image\" \/><\/p>\n<p><img data-recalc-dims=\"1\" decoding=\"async\" src=\"https:\/\/i0.wp.com\/lh5.googleusercontent.com\/-A8k90yZB6tA\/T7DK79gpRKI\/AAAAAAAAA2w\/feyndHC0STs\/s800\/100_9654.JPG?ssl=1\" alt=\"Image\" \/><\/p>\n<p><img data-recalc-dims=\"1\" decoding=\"async\" src=\"https:\/\/i0.wp.com\/lh3.googleusercontent.com\/-7jzkfB1T5dw\/T7DK9cTpN7I\/AAAAAAAAA24\/qo-xD_v0ufM\/s800\/100_9655.JPG?ssl=1\" alt=\"Image\" \/><br \/>\nVeure i geure, per continuar la marxa<\/p>\n<p><img data-recalc-dims=\"1\" decoding=\"async\" src=\"https:\/\/i0.wp.com\/lh6.googleusercontent.com\/-6wtLBnBMTPo\/T7DK-hfn3YI\/AAAAAAAAA28\/Q9L-HN_ctQY\/s800\/100_9656.JPG?ssl=1\" alt=\"Image\" \/><br \/>\nJa veiem Vacarisses<\/p>\n<p><img data-recalc-dims=\"1\" decoding=\"async\" src=\"https:\/\/i0.wp.com\/lh4.googleusercontent.com\/-K1-gmkxNfl0\/T7DK_mY9OII\/AAAAAAAAA3E\/HVnYULxYXuw\/s800\/100_9657.JPG?ssl=1\" alt=\"Image\" \/><br \/>\nNo sabem la sort que tenim de tenir aquests indrets i s&#8217;hi pot anar a peu des de casa<\/p>\n<p><img data-recalc-dims=\"1\" decoding=\"async\" src=\"https:\/\/i0.wp.com\/lh5.googleusercontent.com\/-0Qkk8ki_uBY\/T7DLAeDzn9I\/AAAAAAAAA3Q\/jThdE10OGJE\/s800\/100_9658.JPG?ssl=1\" alt=\"Image\" \/><\/p>\n<p><img data-recalc-dims=\"1\" decoding=\"async\" src=\"https:\/\/i0.wp.com\/lh5.googleusercontent.com\/-Sgsqvr_tEks\/T7DLBlzijkI\/AAAAAAAAA3Y\/ChJl7tmRAgQ\/s800\/100_9659.JPG?ssl=1\" alt=\"Image\" \/><\/p>\n<p><img data-recalc-dims=\"1\" decoding=\"async\" src=\"https:\/\/i0.wp.com\/lh3.googleusercontent.com\/-vPLsT9KiZ5g\/T7DLCg583lI\/AAAAAAAAA3g\/70OBwXTlUw4\/s800\/100_9660.JPG?ssl=1\" alt=\"Image\" \/><\/p>\n<p><img data-recalc-dims=\"1\" decoding=\"async\" src=\"https:\/\/i0.wp.com\/lh3.googleusercontent.com\/-iyz3IFszurA\/T7DLDaKJiQI\/AAAAAAAAA3k\/D7ELIc_0u_k\/s800\/100_9661.JPG?ssl=1\" alt=\"Image\" \/><\/p>\n<p><img data-recalc-dims=\"1\" decoding=\"async\" src=\"https:\/\/i0.wp.com\/lh3.googleusercontent.com\/-oz3hIbyAkkM\/T7DLEIViF3I\/AAAAAAAAA3w\/hh8cbBsRVZs\/s800\/100_9662.JPG?ssl=1\" alt=\"Image\" \/><br \/>\nEns  ha sorpr\u00e9s que com a vigilants aquesta casa i tenia aquest gos, que es  mire el nostre i: una cabra. No l&#8217;he retratat. Casundena ! Haurem de  repetir l&#8217;excursioneta per fer el recull de la imatge<\/p>\n<p><img data-recalc-dims=\"1\" decoding=\"async\" src=\"https:\/\/i0.wp.com\/lh5.googleusercontent.com\/-rO1Ll5lUWjg\/T7DLEwz1w9I\/AAAAAAAAA34\/H3LkVigDvWw\/s800\/100_9663.JPG?ssl=1\" alt=\"Image\" \/><br \/>\nPer  aqu\u00ed no estava massa ben indicat, Hem reconegut el lloc per qu\u00e8 fa una  bona colla d&#8217;anys l&#8217;amic Herrera i l&#8217;Agustin Salvador per aqu\u00ed  organizaven la cursa de Vacarisses, de la qual guardo un molt bon record<\/p>\n<p><img data-recalc-dims=\"1\" decoding=\"async\" src=\"https:\/\/i0.wp.com\/lh3.googleusercontent.com\/-zka-tRBzD9I\/T7DLF5avF8I\/AAAAAAAAA4A\/rDHrG4peUZY\/s800\/100_9664.JPG?ssl=1\" alt=\"Image\" \/><br \/>\nTot aix\u00f2 asfaltat, eren camins i s&#8217;hi feia la cursa que us he dit<\/p>\n<p><img data-recalc-dims=\"1\" decoding=\"async\" src=\"https:\/\/i0.wp.com\/lh5.googleusercontent.com\/-Y9CD6C36NSQ\/T7DLHV0TjLI\/AAAAAAAAA4I\/8cD-Ksznd-E\/s800\/100_9665.JPG?ssl=1\" alt=\"Image\" \/><br \/>\nEm sembla que al 22% haurem de pujar de quatre potes.<\/p>\n<p><img data-recalc-dims=\"1\" decoding=\"async\" src=\"https:\/\/i0.wp.com\/lh3.googleusercontent.com\/-1S3HlgQrDmk\/T7DLIFXOMmI\/AAAAAAAAA4Q\/N-QlPQOYbfk\/s800\/100_9666.JPG?ssl=1\" alt=\"Image\" \/><\/p>\n<p><img data-recalc-dims=\"1\" decoding=\"async\" src=\"https:\/\/i0.wp.com\/lh3.googleusercontent.com\/-jIMem17nEXI\/T7DLI7RDghI\/AAAAAAAAA4Y\/Z7il9G0nNbM\/s800\/100_9667.JPG?ssl=1\" alt=\"Image\" \/><\/p>\n<p><img data-recalc-dims=\"1\" decoding=\"async\" src=\"https:\/\/i0.wp.com\/lh4.googleusercontent.com\/-TSVwEsvU1Gw\/T7DLJpwhH0I\/AAAAAAAAA4g\/0KCvay7_1yc\/s800\/100_9668.JPG?ssl=1\" alt=\"Image\" \/><\/p>\n<p>Doncs ja hem arribat: no us heu cansat gens, oi ? . Doncs nosaltres tampoc massa. La repetirem.<\/p>\n<p><img data-recalc-dims=\"1\" decoding=\"async\" src=\"https:\/\/i0.wp.com\/lh3.googleusercontent.com\/-e7NkNl0Z6ys\/T7DLKXd1vvI\/AAAAAAAAA4o\/7MxdL14AajE\/s800\/100_9669.JPG?ssl=1\" alt=\"Image\" \/><\/p>\n<p>Bon lloc per l&#8217;entrep\u00e0<\/p>\n<p><img data-recalc-dims=\"1\" decoding=\"async\" src=\"https:\/\/i0.wp.com\/lh5.googleusercontent.com\/-MVKuUf5FA4c\/T7DLLSC7HjI\/AAAAAAAAA4w\/68nuzaaeaF0\/s800\/100_9670.JPG?ssl=1\" alt=\"Image\" \/><\/p>\n<p><img data-recalc-dims=\"1\" decoding=\"async\" src=\"https:\/\/i0.wp.com\/lh6.googleusercontent.com\/-q3ApHMaoCnE\/T7DLMWAIkOI\/AAAAAAAAA44\/ne51vvOMs1s\/s800\/100_9671.JPG?ssl=1\" alt=\"Image\" \/><\/p>\n<p><img data-recalc-dims=\"1\" decoding=\"async\" src=\"https:\/\/i0.wp.com\/lh3.googleusercontent.com\/-BAQWrtcu5xo\/T7DLNrT0-5I\/AAAAAAAAA5A\/jZJFBABKuUs\/s800\/100_9672.JPG?ssl=1\" alt=\"Image\" \/><br \/>\nNena, que jo tamb\u00e9 tinc gana. pssss !!<\/p>\n<p><img data-recalc-dims=\"1\" decoding=\"async\" src=\"https:\/\/i0.wp.com\/lh4.googleusercontent.com\/-XO-aDczTHTk\/T7DLOjdVkLI\/AAAAAAAAA5I\/T-5Ml5PJuhk\/s800\/100_9673.JPG?ssl=1\" alt=\"Image\" \/><br \/>\nVagi degust<\/p>\n<p><img data-recalc-dims=\"1\" decoding=\"async\" src=\"https:\/\/i0.wp.com\/lh5.googleusercontent.com\/-VgczKNNoVS0\/T7DLPuhWMmI\/AAAAAAAAA5Q\/K6M4pJNWJcg\/s800\/100_9674.JPG?ssl=1\" alt=\"Image\" \/><br \/>\nAviat s&#8217;hi far\u00e0 la cursa de la campana, on hi tinc for\u00e7a amics<\/p>\n<p><img data-recalc-dims=\"1\" decoding=\"async\" src=\"https:\/\/i0.wp.com\/lh5.googleusercontent.com\/-8iCyg-aAxTA\/T7DLQRDbvKI\/AAAAAAAAA5Y\/JdXq9BSaCdM\/s800\/100_9675.JPG?ssl=1\" alt=\"Image\" \/><\/p>\n<p><img data-recalc-dims=\"1\" decoding=\"async\" src=\"https:\/\/i0.wp.com\/lh5.googleusercontent.com\/-vgdYitukjA8\/T7DLRd-fjPI\/AAAAAAAAA5c\/EHXvcb9TZ2Y\/s800\/100_9676.JPG?ssl=1\" alt=\"Image\" \/><br \/>\nEns  asseurem a fer la trucada als nens que comencin a posar aigua a l&#8217;olla i  facin uns bons macarrons, com van fer els nostres fills. Per all\u00e0 dalt  venen una colla d&#8217;avis que ens mirarant en certa estranyesa<\/p>\n<p><img data-recalc-dims=\"1\" decoding=\"async\" src=\"https:\/\/i0.wp.com\/lh3.googleusercontent.com\/-wptPc7IDR0Y\/T7DLSScJMfI\/AAAAAAAAA5o\/IPzmnum9CIs\/s800\/100_9678.JPG?ssl=1\" alt=\"Image\" \/><br \/>\nJo recordo quan aquest cam\u00ed que ens portar\u00e0 als Caus, no era asfaltat. S&#8217;ha fet un xic llarg, per\u00f2 no hem trobat massa tr\u00e0fec.<\/p>\n<p><img data-recalc-dims=\"1\" decoding=\"async\" src=\"https:\/\/i0.wp.com\/lh3.googleusercontent.com\/-kWYpp6VDllQ\/T7DLTXqJdMI\/AAAAAAAAA5s\/693CMxh6akI\/s800\/100_9679.JPG?ssl=1\" alt=\"Image\" \/><\/p>\n<p><img data-recalc-dims=\"1\" decoding=\"async\" src=\"https:\/\/i0.wp.com\/lh5.googleusercontent.com\/-ZM5PA8taPzI\/T7DLUP9szHI\/AAAAAAAAA50\/rIn8BTgNbIY\/s800\/100_9680.JPG?ssl=1\" alt=\"Image\" \/><\/p>\n<p><img data-recalc-dims=\"1\" decoding=\"async\" src=\"https:\/\/i0.wp.com\/lh6.googleusercontent.com\/-QlGLsY-4--M\/T7DLU--S8jI\/AAAAAAAAA58\/f5RzJ4GMzCc\/s800\/100_9681.JPG?ssl=1\" alt=\"Image\" \/><\/p>\n<p><img data-recalc-dims=\"1\" decoding=\"async\" src=\"https:\/\/i0.wp.com\/lh6.googleusercontent.com\/-aZAaKqNpB-I\/T7DLVzGiFkI\/AAAAAAAAA6I\/s-zRYh9mRBM\/s800\/100_9682.JPG?ssl=1\" alt=\"Image\" \/><\/p>\n<p><img data-recalc-dims=\"1\" decoding=\"async\" src=\"https:\/\/i0.wp.com\/lh5.googleusercontent.com\/-IxpWKniVIAY\/T7DLWq1CdII\/AAAAAAAAA6M\/Dj4Pp8Khul0\/s800\/100_9683.JPG?ssl=1\" alt=\"Image\" \/><\/p>\n<p><img data-recalc-dims=\"1\" decoding=\"async\" src=\"https:\/\/i0.wp.com\/lh3.googleusercontent.com\/-7tf4yGRYCA4\/T7DLXt4YCWI\/AAAAAAAAA6Y\/yDTs00g2HQk\/s800\/100_9684.JPG?ssl=1\" alt=\"Image\" \/><br \/>\nEl pobre, tot i aquesta aparen\u00e7a magestuosa, sembla refredat, donat que no podia estar m\u00e9s af\u00f2nic<\/p>\n<p><img data-recalc-dims=\"1\" decoding=\"async\" src=\"https:\/\/i0.wp.com\/lh5.googleusercontent.com\/--6ad_IBMCXI\/T7DLYgfKBwI\/AAAAAAAAA6g\/nyFPAsHsgNA\/s800\/100_9686.JPG?ssl=1\" alt=\"Image\" \/><br \/>\nLi estic agafant gustet a fer aquest foto tonta<\/p>\n<p><img data-recalc-dims=\"1\" decoding=\"async\" src=\"https:\/\/i0.wp.com\/lh5.googleusercontent.com\/-WFQYwJos2hw\/T7DLZmC6DSI\/AAAAAAAAA6k\/7G438qJYagA\/s800\/100_9687.JPG?ssl=1\" alt=\"Image\" \/><\/p>\n<p><img data-recalc-dims=\"1\" decoding=\"async\" src=\"https:\/\/i0.wp.com\/lh6.googleusercontent.com\/-p4e_51G9BRo\/T7DLaMzlzZI\/AAAAAAAAA6s\/qN6OrejRUMI\/s800\/100_9688.JPG?ssl=1\" alt=\"Image\" \/><\/p>\n<p><img data-recalc-dims=\"1\" decoding=\"async\" src=\"https:\/\/i0.wp.com\/lh5.googleusercontent.com\/-s-c4OZLsqVY\/T7DLa7WVuAI\/AAAAAAAAA64\/CYhR2da-KuY\/s800\/100_9689.JPG?ssl=1\" alt=\"Image\" \/><\/p>\n<p><img data-recalc-dims=\"1\" decoding=\"async\" src=\"https:\/\/i0.wp.com\/lh3.googleusercontent.com\/-I5LxU5YTlyg\/T7DLbg0AhZI\/AAAAAAAAA68\/QM9ayfTIguw\/s800\/100_9690.JPG?ssl=1\" alt=\"Image\" \/><br \/>\nAmb  ho maco que \u00e9s tot, i per culpa de l&#8217;abocador d&#8217;escombraries, aquesta  gent moltes vegades t\u00e9 d&#8217;anar amb el nas tapat i dient ai ecs.<\/p>\n<p><img data-recalc-dims=\"1\" decoding=\"async\" src=\"https:\/\/i0.wp.com\/lh6.googleusercontent.com\/-tTp-bNTamFE\/T7DLclx7AiI\/AAAAAAAAA7I\/kwjstBnSEIc\/s800\/100_9691.JPG?ssl=1\" alt=\"Image\" \/><\/p>\n<p><img data-recalc-dims=\"1\" decoding=\"async\" src=\"https:\/\/i0.wp.com\/lh3.googleusercontent.com\/-AI_Gad8qYk4\/T7DLd_uffkI\/AAAAAAAAA7Q\/fE1uUQCQWY8\/s800\/100_9692.JPG?ssl=1\" alt=\"Image\" \/><\/p>\n<p><img data-recalc-dims=\"1\" decoding=\"async\" src=\"https:\/\/i0.wp.com\/lh6.googleusercontent.com\/-ljwo_zz5Uig\/T7DLfH7dSYI\/AAAAAAAAA7Y\/DT-dMaCJGgc\/s800\/100_9693.JPG?ssl=1\" alt=\"Image\" \/><\/p>\n<p><img data-recalc-dims=\"1\" decoding=\"async\" src=\"https:\/\/i0.wp.com\/lh3.googleusercontent.com\/-szh6LFm97LY\/T7DLgOgORGI\/AAAAAAAAA7g\/l1M9FV7Hw10\/s800\/100_9694.JPG?ssl=1\" alt=\"Image\" \/><br \/>\nDe  vegades penso que amb la quantitat de masies i com est\u00e0 la feina, si  algun espavilat mont\u00e9s un negoci de turisme rural, a Moss\u00e8n Homs, La  Pineda, Can Boguny\u00e0 i totes les masies de Terrassa, far\u00eda &#8220;peles&#8221; ara  que sembla que poden tornar, com no inventem un nou sistema de  guanyarnos la vida.<\/p>\n<p><img data-recalc-dims=\"1\" decoding=\"async\" src=\"https:\/\/i0.wp.com\/lh5.googleusercontent.com\/-DQTK69PSIOU\/T7DLiYDn-sI\/AAAAAAAAA7w\/qC1BzXFWeIo\/s800\/100_9696.JPG?ssl=1\" alt=\"Image\" \/><br \/>\nQuina flor us agrada m\u00e9s, la groga, la vermella o la rosa ?<\/p>\n<p><img data-recalc-dims=\"1\" decoding=\"async\" src=\"https:\/\/i0.wp.com\/lh3.googleusercontent.com\/-iSWggNhKyuo\/T7DLjOY6XkI\/AAAAAAAAA70\/30KoCtGMl68\/s800\/100_9697.JPG?ssl=1\" alt=\"Image\" \/><\/p>\n<p><img data-recalc-dims=\"1\" decoding=\"async\" src=\"https:\/\/i0.wp.com\/lh6.googleusercontent.com\/-9rGpGJqN9dQ\/T7DLkDwB0dI\/AAAAAAAAA8A\/1lg1JwlyegY\/s800\/100_9698.JPG?ssl=1\" alt=\"Image\" \/><\/p>\n<p><img data-recalc-dims=\"1\" decoding=\"async\" src=\"https:\/\/i0.wp.com\/lh6.googleusercontent.com\/-1vNg3vRMiFw\/T7DLlN91UNI\/AAAAAAAAA8E\/NrwCAmu-rJY\/s800\/100_9699.JPG?ssl=1\" alt=\"Image\" \/><\/p>\n<p>Alg\u00fa  sap que quan fem el cam\u00ed de la Pineda de cara amunt, jo, com a  corredoret que soc, em motiva passar btt&#8217;s , i m\u00e9s d&#8217;un ho sap<\/p>\n<p><img data-recalc-dims=\"1\" decoding=\"async\" src=\"https:\/\/i0.wp.com\/lh6.googleusercontent.com\/-_gNlL8B0VOU\/T7DLl7keTvI\/AAAAAAAAA8M\/iSiOW6ryrlk\/s800\/100_9700.JPG?ssl=1\" alt=\"Image\" \/><\/p>\n<p><img data-recalc-dims=\"1\" decoding=\"async\" src=\"https:\/\/i0.wp.com\/lh6.googleusercontent.com\/-bSGPYBiqZgI\/T7DLmzmicUI\/AAAAAAAAA8U\/ZvnrONY2y1M\/s800\/100_9701.JPG?ssl=1\" alt=\"Image\" \/><\/p>\n<p><img data-recalc-dims=\"1\" decoding=\"async\" src=\"https:\/\/i0.wp.com\/lh6.googleusercontent.com\/-9wMwo2aX9yU\/T7DLnywugtI\/AAAAAAAAA8c\/d5VXOY-rsvU\/s800\/100_9702.JPG?ssl=1\" alt=\"Image\" \/><br \/>\nAqu\u00ed  la Marisol, confesava que estava un xic cansada i us ben asseguro que  tenia causa. Tamb\u00e9 he de dir, que va tenir una bona revifada i vam  travessar tot Terrassa en una revolada<\/p>\n<p><img data-recalc-dims=\"1\" decoding=\"async\" src=\"https:\/\/i0.wp.com\/lh4.googleusercontent.com\/-YSq1x207Wfs\/T7DLo1SsOaI\/AAAAAAAAA8g\/njSZBZbN5Ks\/s800\/100_9703.JPG?ssl=1\" alt=\"Image\" \/><\/p>\n<p><img data-recalc-dims=\"1\" decoding=\"async\" src=\"https:\/\/i0.wp.com\/lh4.googleusercontent.com\/-NBw1iCbFonQ\/T7DLpk0dnCI\/AAAAAAAAA8s\/bAbTZ64AUhg\/s800\/100_9704.JPG?ssl=1\" alt=\"Image\" \/><\/p>\n<p>Amb la quantitat de camps que no s&#8217;hi fa res, i antigues masies i que la gent no tinguem feina.<\/p>\n<p><img data-recalc-dims=\"1\" decoding=\"async\" src=\"https:\/\/i0.wp.com\/lh4.googleusercontent.com\/-Lv6cBmNzzSo\/T7DLqSDSH4I\/AAAAAAAAA80\/8u8eefEbK4M\/s800\/100_9705.JPG?ssl=1\" alt=\"Image\" \/><br \/>\nPer tenir, tamb\u00e9 tenim un dels millors restaurants de Catalunya<\/p>\n<p><img data-recalc-dims=\"1\" decoding=\"async\" src=\"https:\/\/i0.wp.com\/lh4.googleusercontent.com\/-ITJ_nGEaiWw\/T7DLrXP-2zI\/AAAAAAAAA88\/f3lLZhtJPCM\/s800\/100_9706.JPG?ssl=1\" alt=\"Image\" \/><br \/>\nI arribant, sota del castell Cartoixa<\/p>\n<p><img data-recalc-dims=\"1\" decoding=\"async\" src=\"https:\/\/i0.wp.com\/lh6.googleusercontent.com\/-gNI9cI7Gcj8\/T7DLtRPctJI\/AAAAAAAAA9M\/_KgWVCOpkPw\/s800\/100_9708.JPG?ssl=1\" alt=\"Image\" \/><\/p>\n<p>I sota al pont, on com duri gaire la crisi, m\u00e9s d&#8217;un plantarem la xavola<\/p>\n<p><img data-recalc-dims=\"1\" decoding=\"async\" src=\"https:\/\/i0.wp.com\/lh4.googleusercontent.com\/-GspCCDve1mU\/T7DLur6pn3I\/AAAAAAAAA9U\/J30UGywCD6w\/s800\/100_9709.JPG?ssl=1\" alt=\"Image\" \/><br \/>\nI  en Nuck, tot un campi\u00f3. Trenta quil\u00f2metres en un mat\u00ed. No hem gastat ni  un ral, i us ben asseguro que em pillat bronzo, em fet bategar el cor,  he xerrat i rigut, i hem fet descobertes<\/p>\n<p>Conte contat aquest conte s&#8217;ha acabat; espero que t&#8217;hagi agradat<\/p>\n<p>Aqu\u00ed teniu el track<\/p>\n<p><a href=\"http:\/\/ca.wikiloc.com\/wikiloc\/view.do?id=2854990\"><img data-recalc-dims=\"1\" decoding=\"async\" src=\"https:\/\/i0.wp.com\/lh3.googleusercontent.com\/-P7B34Siord8\/T7Z0rJeYrPI\/AAAAAAAAA98\/LRkJEcbHqMs\/s904\/itinerari_TerrassaVacarisses.jpg?ssl=1\" alt=\"Image\" \/><\/a><br \/>\n<a href=\"http:\/\/ca.wikiloc.com\/wikiloc\/view.do?id=2854990\">Vapor Universitari &#8211; Terrassa &#8211; Poble de Vacarisses<\/a><\/p>\n<p><img data-recalc-dims=\"1\" decoding=\"async\" src=\"https:\/\/i0.wp.com\/lh5.googleusercontent.com\/-PYQFXx1p7xU\/T7Z3iDyOaYI\/AAAAAAAAA-U\/GO7rhVUMujU\/s800\/terrassa_vacarisses1.jpg?ssl=1\" alt=\"Image\" \/><br \/>\n<img data-recalc-dims=\"1\" decoding=\"async\" src=\"https:\/\/i0.wp.com\/lh4.googleusercontent.com\/-uDIxRfEovug\/T7Z3ioUDDFI\/AAAAAAAAA-Y\/khorUTNDFEE\/s800\/terrassa_vacarisses2.jpg?ssl=1\" alt=\"Image\" \/><br \/>\n<img data-recalc-dims=\"1\" decoding=\"async\" src=\"https:\/\/i0.wp.com\/lh5.googleusercontent.com\/-F2nXy-WBPsI\/T7Z3yJuObqI\/AAAAAAAAA-0\/glQNlIYJut4\/s800\/terrassa_vacarisses3.jpg?ssl=1\" alt=\"Image\" \/><\/p>\n<div id=\"attachment_1248\" style=\"width: 391px\" class=\"wp-caption aligncenter\"><a rel=\"attachment wp-att-1248\" href=\"http:\/\/blogs.avui.cat\/pepmoliner\/2012\/02\/08\/neva-a-can-roure-correm-mhi\/josepmolinerdisseny381x111\/\"><img data-recalc-dims=\"1\" loading=\"lazy\" decoding=\"async\" aria-describedby=\"caption-attachment-1248\" data-attachment-id=\"1248\" data-permalink=\"https:\/\/blogs.avui.cat\/pepmoliner\/2012\/02\/08\/neva-a-can-roure-correm-mhi\/josepmolinerdisseny381x111\/\" data-orig-file=\"https:\/\/i0.wp.com\/blogs.avui.cat\/pepmoliner\/files\/2012\/02\/josepmolinerDisseny381x111.gif?fit=381%2C111&amp;ssl=1\" data-orig-size=\"381,111\" data-comments-opened=\"0\" data-image-meta=\"{&quot;aperture&quot;:&quot;0&quot;,&quot;credit&quot;:&quot;&quot;,&quot;camera&quot;:&quot;&quot;,&quot;caption&quot;:&quot;&quot;,&quot;created_timestamp&quot;:&quot;0&quot;,&quot;copyright&quot;:&quot;&quot;,&quot;focal_length&quot;:&quot;0&quot;,&quot;iso&quot;:&quot;0&quot;,&quot;shutter_speed&quot;:&quot;0&quot;,&quot;title&quot;:&quot;&quot;}\" data-image-title=\"DISSENY Pep Moliner\" data-image-description=\"&lt;p&gt;Com que treballo &lt;strong&gt;pel meu compte&lt;\/strong&gt;, poso el meu logo a les cr\u00f2niques, i donar a con\u00e8ixer la meva feina. Si em vols fer un enc\u00e0rrec, posa&amp;#8217;t en contacte al meu mail o al formulari de contacte.&lt;\/p&gt;\n&lt;p&gt;  Ja ho saps, doncs. No em tanco a res ni a ning\u00fa, professionalment, vol dir que si creus que puc encaixar en un altre aspecte, en parlem. La crisi \u00e9s per tothom i avui dia tenir feina \u00e9s un tresor.&lt;\/p&gt;\n&lt;p&gt;  Pots consultar m\u00e9s o menys el que faig a: &lt;a href=&quot;https:\/\/sites.google.com\/site\/dissenyjosepmoliner\/&quot; target=&quot;_blank&quot;&gt;http:\/\/disseny.josepmoliner.com&lt;\/a&gt; , encara que estic obert al que sigui .&lt;\/p&gt;\n&lt;p&gt;Moltes gr\u00e0cies per endavant&lt;\/p&gt;&lt;\/p&gt;\n\" data-image-caption=\"&lt;p&gt;Vols que faci de dissenyador per tu ? escriu-me sense comprom\u00eds :)&lt;\/p&gt;\n\" data-medium-file=\"https:\/\/i0.wp.com\/blogs.avui.cat\/pepmoliner\/files\/2012\/02\/josepmolinerDisseny381x111.gif?fit=300%2C87&amp;ssl=1\" data-large-file=\"https:\/\/i0.wp.com\/blogs.avui.cat\/pepmoliner\/files\/2012\/02\/josepmolinerDisseny381x111.gif?fit=381%2C111&amp;ssl=1\" class=\"size-full wp-image-1248\" src=\"https:\/\/i0.wp.com\/blogs.avui.cat\/pepmoliner\/files\/2012\/02\/josepmolinerDisseny381x111.gif?resize=381%2C111\" alt=\"SOC DISSENYADOR I TREBALLO COM AUT\u00d2NOM, ESPERO LA TEVA COMANDA ;)\" width=\"381\" height=\"111\" srcset=\"https:\/\/i0.wp.com\/blogs.avui.cat\/pepmoliner\/files\/2012\/02\/josepmolinerDisseny381x111.gif?w=381&amp;ssl=1 381w, https:\/\/i0.wp.com\/blogs.avui.cat\/pepmoliner\/files\/2012\/02\/josepmolinerDisseny381x111.gif?resize=300%2C87&amp;ssl=1 300w\" sizes=\"auto, (max-width: 381px) 100vw, 381px\" \/><\/a><p id=\"caption-attachment-1248\" class=\"wp-caption-text\">Vols que faci de dissenyador per tu ? escriu-me sense comprom\u00eds \ud83d\ude42<\/p><\/div>\n","protected":false},"excerpt":{"rendered":"<p>Con\u00e8ixer el nostre entorn, quan aquest \u00e9s tan ric i divers \u00e9s hores d&#8217;ara el meu principal objectiu esportiu. Si b\u00e9 durant molts anys he gaudit un munt anant amunt i avall a fer curses ultres, maratons i mitges, llargues caminades a molts llocs, crossos, campionats coneixent gent i fent amics, i tot lligat a [&hellip;]<\/p>\n","protected":false},"author":171,"featured_media":0,"comment_status":"open","ping_status":"open","sticky":false,"template":"","format":"standard","meta":{"jetpack_post_was_ever_published":false,"_jetpack_newsletter_access":"","_jetpack_dont_email_post_to_subs":false,"_jetpack_newsletter_tier_id":0,"_jetpack_memberships_contains_paywalled_content":false,"_jetpack_memberships_contains_paid_content":false,"footnotes":"","jetpack_publicize_message":"","jetpack_publicize_feature_enabled":true,"jetpack_social_post_already_shared":false,"jetpack_social_options":{"image_generator_settings":{"template":"highway","default_image_id":0,"font":"","enabled":false},"version":2}},"categories":[1],"tags":[],"class_list":["post-1493","post","type-post","status-publish","format-standard","hentry","category-general"],"jetpack_publicize_connections":[],"jetpack_featured_media_url":"","jetpack_sharing_enabled":true,"jetpack_shortlink":"https:\/\/wp.me\/pagkiK-o5","jetpack-related-posts":[{"id":3486,"url":"https:\/\/blogs.avui.cat\/pepmoliner\/2014\/10\/16\/cami-vell-de-st-quirze-a-matadepera\/","url_meta":{"origin":1493,"position":0},"title":"Cam\u00ed vell de St. Quirze a Matadepera","author":"Pep Moliner","date":"16 d'octubre de 2014","format":false,"excerpt":"Encara trobem r\u00e8tols com aquest que ens fan adonar que els anomenats camins ral eren llocs on, segurament, sempre hi ha hagut persones que els han utilitzat per unir aquestes poblacions. Llocs on abans dalt de cavall, amb carros i ara amb vehicles motoritzats, a excepci\u00f3 de nosaltres qu\u00e8 amb\u2026","rel":"","context":"A &quot;General&quot;","block_context":{"text":"General","link":"https:\/\/blogs.avui.cat\/pepmoliner\/category\/general\/"},"img":{"alt_text":"","src":"","width":0,"height":0},"classes":[]},{"id":1414,"url":"https:\/\/blogs.avui.cat\/pepmoliner\/2012\/04\/24\/caminant-de-terrassa-a-sant-cugat-cami-dels-monjos\/","url_meta":{"origin":1493,"position":1},"title":"Caminant de Terrassa a Sant Cugat &#8211; Cam\u00ed dels Monjos","author":"Pep Moliner","date":"24 d'abril de 2012","format":false,"excerpt":"Anar i tornar a Sant Cugat a peu. No sembla cap bestiesa; per\u00f2, qu\u00e8 millor que anar-hi en fam\u00edlia. Fa dies que ens rondava a tots tres pel cap i ens hi vam posar i ho vam aconseguir amb molta facilitat. Com fer-ho ? planejant l'hora de tornada. Vol\u00edem ser\u2026","rel":"","context":"A &quot;General&quot;","block_context":{"text":"General","link":"https:\/\/blogs.avui.cat\/pepmoliner\/category\/general\/"},"img":{"alt_text":"SOC DISSENYADOR I TREBALLO COM AUT\u00d2NOM, ESPERO LA TEVA COMANDA ;)","src":"https:\/\/i0.wp.com\/blogs.avui.cat\/pepmoliner\/files\/2012\/02\/josepmolinerDisseny381x111.gif?resize=350%2C200","width":350,"height":200},"classes":[]},{"id":3135,"url":"https:\/\/blogs.avui.cat\/pepmoliner\/2014\/02\/20\/bonvilar\/","url_meta":{"origin":1493,"position":2},"title":"Bonvilar","author":"Pep Moliner","date":"20 de febrer de 2014","format":false,"excerpt":"Bonvilar Una paraula en positiu. Un bon vilar, ja es veu que vas un lloc on alguna cosa bona ens hi trobarem. \u00a0A vosaltres, evidentment, amb uns ingredients de qu\u00e8 fan de tan bon amanir com: arbres, olor de terra mullada, vistes a la Mola,\u00a0gent fent esport amb bicicleta, gent\u2026","rel":"","context":"A &quot;General&quot;","block_context":{"text":"General","link":"https:\/\/blogs.avui.cat\/pepmoliner\/category\/general\/"},"img":{"alt_text":"","src":"","width":0,"height":0},"classes":[]},{"id":573,"url":"https:\/\/blogs.avui.cat\/pepmoliner\/2011\/02\/21\/mura-terrassa-2011-tot-corrent\/","url_meta":{"origin":1493,"position":3},"title":"Mura &#8211; Terrassa 2011: tot corrent","author":"Pep Moliner","date":"21 de febrer de 2011","format":false,"excerpt":"En Mirabet ha estat pioner en molts temes; si a la d\u00e8cada dels vuitanta ensenyava a molta gent a entrenar i donava a con\u00e8ixer l'exist\u00e8ncia de la Marathon, des de que el coneixem a molts com jo ha proporcionat coneixement dels racons de les nostres muntanyes m\u00e9s properes. Per les\u2026","rel":"","context":"A &quot;General&quot;","block_context":{"text":"General","link":"https:\/\/blogs.avui.cat\/pepmoliner\/category\/general\/"},"img":{"alt_text":"","src":"","width":0,"height":0},"classes":[]},{"id":107,"url":"https:\/\/blogs.avui.cat\/pepmoliner\/2009\/01\/11\/santa-cova-montserrat\/","url_meta":{"origin":1493,"position":4},"title":"Santa Cova &#8211; Montserrat","author":"Pep Moliner","date":"11 de gener de 2009","format":false,"excerpt":"\u00a0 B\u00e9, ha passat una setmana i el somni s'ha acomplert. He tornat a pujar a Montserrat, aquest cop acompanyat d'amics. Tamb\u00e9 ha vingut el yorshire, un dels m\u00e9s feli\u00e7os: en Nuck, que no ha parat d'anar amunt i avall. B\u00e9, com que ens vam veure el dissabte amb la\u2026","rel":"","context":"A &quot;General&quot;","block_context":{"text":"General","link":"https:\/\/blogs.avui.cat\/pepmoliner\/category\/general\/"},"img":{"alt_text":"","src":"","width":0,"height":0},"classes":[]},{"id":1440,"url":"https:\/\/blogs.avui.cat\/pepmoliner\/2012\/05\/04\/la-mola-sembla-la-rambla\/","url_meta":{"origin":1493,"position":5},"title":"&#8220;La Mola sembla la Rambla&#8221;","author":"Pep Moliner","date":"4 de maig de 2012","format":false,"excerpt":"\"Sembla la Rambla\" vaig sentir a moltes persones que el dia 1 de maig van tenir la mateixa idea de gaudir d'un b\u00e9 magn\u00edfic com son les nostres muntanyes que tenim prop de Terrassa. Penso que n'hi han de desconegudes per a moltes persones, i m\u00e9s ara que gaudeixo d'aprendre\u2026","rel":"","context":"A &quot;General&quot;","block_context":{"text":"General","link":"https:\/\/blogs.avui.cat\/pepmoliner\/category\/general\/"},"img":{"alt_text":"SOC DISSENYADOR I TREBALLO COM AUT\u00d2NOM, ESPERO LA TEVA COMANDA ;)","src":"https:\/\/i0.wp.com\/blogs.avui.cat\/pepmoliner\/files\/2012\/02\/josepmolinerDisseny381x111.gif?resize=350%2C200","width":350,"height":200},"classes":[]}],"_links":{"self":[{"href":"https:\/\/blogs.avui.cat\/pepmoliner\/wp-json\/wp\/v2\/posts\/1493","targetHints":{"allow":["GET"]}}],"collection":[{"href":"https:\/\/blogs.avui.cat\/pepmoliner\/wp-json\/wp\/v2\/posts"}],"about":[{"href":"https:\/\/blogs.avui.cat\/pepmoliner\/wp-json\/wp\/v2\/types\/post"}],"author":[{"embeddable":true,"href":"https:\/\/blogs.avui.cat\/pepmoliner\/wp-json\/wp\/v2\/users\/171"}],"replies":[{"embeddable":true,"href":"https:\/\/blogs.avui.cat\/pepmoliner\/wp-json\/wp\/v2\/comments?post=1493"}],"version-history":[{"count":6,"href":"https:\/\/blogs.avui.cat\/pepmoliner\/wp-json\/wp\/v2\/posts\/1493\/revisions"}],"predecessor-version":[{"id":1676,"href":"https:\/\/blogs.avui.cat\/pepmoliner\/wp-json\/wp\/v2\/posts\/1493\/revisions\/1676"}],"wp:attachment":[{"href":"https:\/\/blogs.avui.cat\/pepmoliner\/wp-json\/wp\/v2\/media?parent=1493"}],"wp:term":[{"taxonomy":"category","embeddable":true,"href":"https:\/\/blogs.avui.cat\/pepmoliner\/wp-json\/wp\/v2\/categories?post=1493"},{"taxonomy":"post_tag","embeddable":true,"href":"https:\/\/blogs.avui.cat\/pepmoliner\/wp-json\/wp\/v2\/tags?post=1493"}],"curies":[{"name":"wp","href":"https:\/\/api.w.org\/{rel}","templated":true}]}}