{"id":1486,"date":"2012-05-16T22:56:44","date_gmt":"2012-05-16T21:56:44","guid":{"rendered":"http:\/\/blogs.avui.cat\/pepmoliner\/?p=1486"},"modified":"2012-05-16T22:59:06","modified_gmt":"2012-05-16T21:59:06","slug":"un-dinosaure-per-terrassa","status":"publish","type":"post","link":"https:\/\/blogs.avui.cat\/pepmoliner\/2012\/05\/16\/un-dinosaure-per-terrassa\/","title":{"rendered":"Un dinosaure per #Terrassa"},"content":{"rendered":"<p style=\"text-align: justify\">\ufeff\ufeff\ufeff<big>..<\/big><\/p>\n<p style=\"text-align: justify\"><strong> <\/strong><\/p>\n<p style=\"text-align: justify\"><a href=\"http:\/\/mossenhoms.netfreehost.com\/viewtopic.php?p=13038&amp;mforum=mossenhoms#13038\"><img data-recalc-dims=\"1\" decoding=\"async\" src=\"https:\/\/i0.wp.com\/lh6.googleusercontent.com\/-gT5_pNhXd8I\/T7QAOV8o-nI\/AAAAAAAAIDo\/TNzhAmrmrgI\/s1600\/DSC05596A.jpg?ssl=1\" alt=\"\"  \/><\/a><\/p>\n<p style=\"text-align: justify\"><big> El &#8220;Dinosaure&#8221; d&#8217;en Roc Alabern, torna a ser el gran protagonista, junt  amb els &#8220;Mossenaires&#8221; que ens hi hem apropat a saludar-lo<\/big><\/p>\n<p style=\"text-align: justify\"><big>Fa anys que les xarxes socials ens han globalitzat incl\u00fas als  mossenaires, i tenim el luxe d&#8217;estar estesos per tot arreu. Els m\u00e9s  majoritaris son els dels que ara demostrarem tindria de ser la capital,  almenys per qu\u00e8 la vella \u00c8gara tenim dinousaures. I com que venien una  bona colla de mossenaires Sabadellencs, els hem dut a veure al nostre,  l&#8217;\u00fanic present pels entorns el &#8220;Dinosaure&#8221; d&#8217;en Roc Alabern, a veure si  els convencem. Per\u00f2 ells, duro que duro. I que, no i que no i que no  baixen del burro i que ens diuen que si som del barri Nord i que si  patatim, i que si patatam. En fi; continuarem reivindicant els nostres  drets i serem amb ells: la Co-Capital del Vall\u00e8s Occidental.<\/big><\/p>\n<p><big> <\/big><\/p>\n<p><big>Feta aquesta introducci\u00f3, i com que estem cofois del circu\u00eft que hem  descobert pel torrent de la Gr\u00ecpia, all\u00e0 que ens hi aventurem i amb  algun canvi en progressi\u00f3 i reagrupats a l&#8217;estaci\u00f3 de Torrebonica,  passarem pel torrent i tot pujant fins al barri de Torressana i vorejant  l&#8217;\u00e0rea del cementiri, ens peu-plantem amb el Dinousaure i immortalitzem  la trobada. Retornarem, fins a l&#8217;estaci\u00f3 de nou, i ara d&#8217;aqu\u00ed fins al  la bassa del golf i cap a perimetrar aquest.<\/big><\/p>\n<p><big>Bones converses, riures i esport a dojo i l&#8217;amistat que no falti.<\/p>\n<p>Gr\u00e0cies per venir i sobretot si em llegeixes des de casa i nos has vingut: a qu\u00e8 esperes ?<\/p>\n<p><img data-recalc-dims=\"1\" decoding=\"async\" src=\"https:\/\/i0.wp.com\/lh6.googleusercontent.com\/-HXKcSgav5Ns\/T67VrVI-VHI\/AAAAAAAADU4\/vzMkfKJb2t8\/s800\/P5122682.JPG?ssl=1\" border=\"0\" alt=\"\" \/><br \/>\nen Fran, ja for\u00e7a recuperat i a punt de marxa<br \/>\n<img data-recalc-dims=\"1\" decoding=\"async\" src=\"https:\/\/i0.wp.com\/lh6.googleusercontent.com\/-ER-2p7NVD0s\/T67Vta9iG_I\/AAAAAAAADVA\/uhpYhULww78\/s800\/P5122683.JPG?ssl=1\" border=\"0\" alt=\"\" \/><br \/>\ntensa espera, amb en Marc en primer terme<\/p>\n<p><img data-recalc-dims=\"1\" decoding=\"async\" src=\"https:\/\/i0.wp.com\/lh5.googleusercontent.com\/-70Ug2mfkFzw\/T67VvkFsQII\/AAAAAAAADVI\/F1-h0WHwaYI\/s800\/P5122684.JPG?ssl=1\" border=\"0\" alt=\"\" \/><br \/>\nAvui ten\u00edem la sort de tenir els amics de la Cocapi, el &#8220;Mossenaires Sabadellencs&#8221;<\/p>\n<p><img data-recalc-dims=\"1\" decoding=\"async\" src=\"https:\/\/i0.wp.com\/lh4.googleusercontent.com\/-8yfhPA2YRck\/T67VybV4DkI\/AAAAAAAADVQ\/YLUzQypXNuo\/s800\/P5122685.JPG?ssl=1\" border=\"0\" alt=\"\" \/><br \/>\nEn Joan Molina molt en forma i amb gorra vermella,<br \/>\n<img data-recalc-dims=\"1\" decoding=\"async\" src=\"https:\/\/i0.wp.com\/lh4.googleusercontent.com\/-l4lfjbDAHeY\/T67V06B-8tI\/AAAAAAAADVY\/K-Id0PUAadw\/s800\/P5122686.JPG?ssl=1\" border=\"0\" alt=\"\" \/><br \/>\nEn Gaby amb gorra blanca, auriculars i ulleres; que m\u00e9s es pot demanar ? engegar a c\u00f3rrer <img data-recalc-dims=\"1\" decoding=\"async\" src=\"https:\/\/i0.wp.com\/mossenhoms.netfreehost.com\/images\/smiles\/icon_smile.gif\" border=\"0\" alt=\"Smile\" \/><br \/>\n<img data-recalc-dims=\"1\" decoding=\"async\" src=\"https:\/\/i0.wp.com\/lh3.googleusercontent.com\/-kvSIMPWP9wU\/T7Po4Xq24nI\/AAAAAAAAIAg\/f45hofASDmQ\/s800\/DSC05576.JPG?ssl=1\" border=\"0\" alt=\"\" \/><br \/>\nDoncs dit i fet; a les 08:06 en puntualitat absoluta, amb el conegut marge dels 6&#8242;, sortim cap a fer un bon entrenament<br \/>\n<img data-recalc-dims=\"1\" decoding=\"async\" src=\"https:\/\/i0.wp.com\/lh5.googleusercontent.com\/-BVOmbOPhevY\/T7Po5QHgmLI\/AAAAAAAAIAs\/qrRz2PNfi-U\/s800\/DSC05577.JPG?ssl=1\" border=\"0\" alt=\"\" \/><br \/>\namb en Jos\u00e9 Exposito i en Marc Roure al capdavant, abandonem el nostre &#8220;camp base&#8221; de la Masia de Torre Moss\u00e8n Homs<\/p>\n<p><img data-recalc-dims=\"1\" decoding=\"async\" src=\"https:\/\/i0.wp.com\/lh3.googleusercontent.com\/-UV2U60BH7LU\/T7Po6YoqabI\/AAAAAAAAIAw\/wWe3HgnHF2Y\/s800\/DSC05578.JPG?ssl=1\" border=\"0\" alt=\"\" \/><br \/>\nBells llocs del torrent de la gr\u00edpa amb en Llu\u00eds al capdavant<\/p>\n<p><img data-recalc-dims=\"1\" decoding=\"async\" src=\"https:\/\/i0.wp.com\/lh6.googleusercontent.com\/-TNxHVTc8Wdc\/T7Po7qsEf9I\/AAAAAAAAIA8\/O3h18fN3t6M\/s800\/DSC05579.JPG?ssl=1\" border=\"0\" alt=\"\" \/><br \/>\ni en Fran i en Rafael. En Rafel, conegut com un dels fot\u00f2grafs m\u00e9s famosos del panorama Mossenaire i al que estem molt agra\u00efts<\/p>\n<p><img data-recalc-dims=\"1\" decoding=\"async\" src=\"https:\/\/i0.wp.com\/lh6.googleusercontent.com\/-OtfwGbITFTA\/T7Po8vMM0JI\/AAAAAAAAIBA\/Gv-k8Qbcebw\/s800\/DSC05580.JPG?ssl=1\" border=\"0\" alt=\"\" \/><br \/>\nEn Jordi Renom, fa poc que ha creuat per sota el fam\u00f3s aq\u00fceducte de la  gr\u00edpia, fam\u00f3s per la seva fortalesa i estructura ben mesurada<\/p>\n<p><img data-recalc-dims=\"1\" decoding=\"async\" src=\"https:\/\/i0.wp.com\/lh4.googleusercontent.com\/-BfZOSlmNbDk\/T7Po9pHGK6I\/AAAAAAAAIBI\/FSp06iOO8Cs\/s800\/DSC05581.JPG?ssl=1\" border=\"0\" alt=\"\" \/><br \/>\navui despr\u00e9s de molt de temps, ha tornat el <a href=\"http:\/\/mossenhoms.netfreehost.com\/mossenhoms-post-11696.html#11696\" target=\"_blank\">&#8220;Mossenaire Albert Vilanueva&#8221;<\/a>, i que ens ha alegrat molt de tornar-lo a veure al igual que en Rub\u00e9n.<\/p>\n<p><img data-recalc-dims=\"1\" decoding=\"async\" src=\"https:\/\/i0.wp.com\/lh4.googleusercontent.com\/-0DK4ih25j1o\/T7Po-hq22NI\/AAAAAAAAIBM\/3QU5LILYv34\/s800\/DSC05582.JPG?ssl=1\" border=\"0\" alt=\"\" \/><\/p>\n<p><img data-recalc-dims=\"1\" decoding=\"async\" src=\"https:\/\/i0.wp.com\/lh4.googleusercontent.com\/-fGoYv66zkjM\/T7Po_rFewdI\/AAAAAAAAIBY\/9zozfPmVgXo\/s800\/DSC05583.JPG?ssl=1\" border=\"0\" alt=\"\" \/><br \/>\nEm Jordi Renom, amb la samarreta dels bombers: inspira serenor i sempre el veiem content<br \/>\n<img data-recalc-dims=\"1\" decoding=\"async\" src=\"https:\/\/i0.wp.com\/lh4.googleusercontent.com\/-ald4xjr55ak\/T7PpAvwyptI\/AAAAAAAAIBk\/4sPO3oWCcPo\/s800\/DSC05584.JPG?ssl=1\" border=\"0\" alt=\"\" \/><\/p>\n<p><img data-recalc-dims=\"1\" decoding=\"async\" src=\"https:\/\/i0.wp.com\/lh3.googleusercontent.com\/-LEXPAkIlvfE\/T7PpBu-x6DI\/AAAAAAAAIBs\/vpb_rrLI5gA\/s800\/DSC05585.JPG?ssl=1\" border=\"0\" alt=\"\" \/><br \/>\nI l&#8217;Oscar S\u00e1nchez que ens confessava que despr\u00e9s de motl de temps, avui retornava a c\u00f3rrer. Per\u00f2 se&#8217;l veu en forma<\/p>\n<p><img data-recalc-dims=\"1\" decoding=\"async\" src=\"https:\/\/i0.wp.com\/lh6.googleusercontent.com\/-NDUHO2DFrAE\/T67V7y3QbpI\/AAAAAAAADVo\/aVLCix4iEF8\/s800\/P5122691.JPG?ssl=1\" border=\"0\" alt=\"\" \/><\/p>\n<p><img data-recalc-dims=\"1\" decoding=\"async\" src=\"https:\/\/i0.wp.com\/lh3.googleusercontent.com\/-g7qCfMo4uVk\/T67V94L91tI\/AAAAAAAADVw\/N0kcjh0oanQ\/s800\/P5122692.JPG?ssl=1\" border=\"0\" alt=\"\" \/><br \/>\nEn Carles L\u00f3pez, discret: no falla mai<\/p>\n<p><img data-recalc-dims=\"1\" decoding=\"async\" src=\"https:\/\/i0.wp.com\/lh6.googleusercontent.com\/-pzyUBQc7YWQ\/T67WA5dc1MI\/AAAAAAAADV4\/d8ddn0xY6Ew\/s800\/P5122694.JPG?ssl=1\" border=\"0\" alt=\"\" \/><\/p>\n<p><img data-recalc-dims=\"1\" decoding=\"async\" src=\"https:\/\/i0.wp.com\/lh6.googleusercontent.com\/-xnKVHrAMjQk\/T67WDRsm4JI\/AAAAAAAADWA\/h1_96E7o0Zs\/s800\/P5122695.JPG?ssl=1\" border=\"0\" alt=\"\" \/><\/p>\n<p><img data-recalc-dims=\"1\" decoding=\"async\" src=\"https:\/\/i0.wp.com\/lh5.googleusercontent.com\/-F9ulpppXoSg\/T67WGSpZgXI\/AAAAAAAADWI\/0RD2FFQjDC8\/s800\/P5122696.JPG?ssl=1\" border=\"0\" alt=\"\" \/><br \/>\nLa Montse, subcampiona de Catalunya de marat\u00f3 veterana, ens ha prom\u00e8s que un dia ser\u00e0 &#8220;Mossenaire d&#8217;honor&#8221;: com ho esperem !!<\/p>\n<p><img data-recalc-dims=\"1\" decoding=\"async\" src=\"https:\/\/i0.wp.com\/lh5.googleusercontent.com\/-XVYVBUVNpaw\/T67WId91VlI\/AAAAAAAADWQ\/ODJEKwqaVe0\/s800\/P5122697.JPG?ssl=1\" border=\"0\" alt=\"\" \/><br \/>\nEn Jordi, Miquel i en Joan<\/p>\n<p><img data-recalc-dims=\"1\" decoding=\"async\" src=\"https:\/\/i0.wp.com\/lh3.googleusercontent.com\/-jVtl-AZysRI\/T67WKDdYyVI\/AAAAAAAADWY\/qMwpky1Niic\/s800\/P5122698.JPG?ssl=1\" border=\"0\" alt=\"\" \/><br \/>\nJoan Fort\u00e9 i en Jordi<\/p>\n<p><img data-recalc-dims=\"1\" decoding=\"async\" src=\"https:\/\/i0.wp.com\/lh3.googleusercontent.com\/-ydVRmTt_SCE\/T67WMviq_qI\/AAAAAAAADWg\/oufDPi1WnmE\/s800\/P5122699.JPG?ssl=1\" border=\"0\" alt=\"\" \/><br \/>\nRub\u00e9n i David, grans atletes. En Rub\u00e9n est\u00e0 fent marques molt bones enguany, sobretot al 5000 metres en poc m\u00e9s de 17 minuts<\/p>\n<p><img data-recalc-dims=\"1\" decoding=\"async\" src=\"https:\/\/i0.wp.com\/lh3.googleusercontent.com\/-R3OZPsIuW58\/T67WOPkcTVI\/AAAAAAAADWo\/r_eCPgNypO8\/s800\/P5122700.JPG?ssl=1\" border=\"0\" alt=\"\" \/><\/p>\n<p><img data-recalc-dims=\"1\" decoding=\"async\" src=\"https:\/\/i0.wp.com\/lh5.googleusercontent.com\/-JRQ784hNHQw\/T67WQJKuDWI\/AAAAAAAADWw\/1C_AtDBnbUE\/s800\/P5122701.JPG?ssl=1\" border=\"0\" alt=\"\" \/><br \/>\ndos vells amics; jo i en Carles. Ens coneixem fa una bona colla d&#8217;anys, des de que corr\u00edem amb els &#8220;Fondistes de Terrassa&#8221;<\/p>\n<p><img data-recalc-dims=\"1\" decoding=\"async\" src=\"https:\/\/i0.wp.com\/lh4.googleusercontent.com\/-UHlq32sqG4c\/T67WRkS3M7I\/AAAAAAAADW4\/KBlQxDD3M8k\/s800\/P5122702.JPG?ssl=1\" border=\"0\" alt=\"\" \/><br \/>\nCarles i Manel<\/p>\n<p><img data-recalc-dims=\"1\" decoding=\"async\" src=\"https:\/\/i0.wp.com\/lh5.googleusercontent.com\/-DgM8_ZgArM8\/T67WTecxT9I\/AAAAAAAADXA\/mFv6WnAjn4M\/s800\/P5122703.JPG?ssl=1\" border=\"0\" alt=\"\" \/><br \/>\nA l&#8217;esquerra els sabadellencs Pau i Miquel, al\u00b7lucinant de lo maco que \u00e9s Terrassa<\/p>\n<p><img data-recalc-dims=\"1\" decoding=\"async\" src=\"https:\/\/i0.wp.com\/lh4.googleusercontent.com\/-KCXbTOCwN_E\/T67WVrff4hI\/AAAAAAAADXI\/iaus9Vr7kJU\/s800\/P5122705.JPG?ssl=1\" border=\"0\" alt=\"\" \/><br \/>\nnou mossenaire, Albert i Rub\u00e9n<br \/>\n<img data-recalc-dims=\"1\" decoding=\"async\" src=\"https:\/\/i0.wp.com\/lh4.googleusercontent.com\/-reCW7mvurTA\/T67WX6zKtAI\/AAAAAAAADXQ\/RAEx1NgIZ38\/s800\/P5122706.JPG?ssl=1\" border=\"0\" alt=\"\" \/><\/p>\n<p><img data-recalc-dims=\"1\" decoding=\"async\" src=\"https:\/\/i0.wp.com\/lh4.googleusercontent.com\/-jpQssDUD7mo\/T67WeUW00kI\/AAAAAAAADXo\/U1GWQTdrYj4\/s800\/P5122709.JPG?ssl=1\" border=\"0\" alt=\"\" \/><br \/>\nDiego i Eva<\/p>\n<p><img data-recalc-dims=\"1\" decoding=\"async\" src=\"https:\/\/i0.wp.com\/lh6.googleusercontent.com\/-8dI1nx8JDmU\/T67WiudxbII\/AAAAAAAADX4\/7PqZvEKGB7U\/s800\/P5122711.JPG?ssl=1\" border=\"0\" alt=\"\" \/><br \/>\nde les millors veteranes de Catalunya, la Montse i l&#8217;Anna Cos<\/p>\n<p><img data-recalc-dims=\"1\" decoding=\"async\" src=\"https:\/\/i0.wp.com\/lh6.googleusercontent.com\/--PFqZNIYN7s\/T67WlEEzrcI\/AAAAAAAADYA\/TZv2fGhh_EE\/s800\/P5122712.JPG?ssl=1\" border=\"0\" alt=\"\" \/><br \/>\nJavi, Casi i Roser. Aquesta setmana ens vam trobar en Casi la Roser per l&#8217;\u00c8gara i duien 1h48&#8242; entrenant, uauu !<\/p>\n<p><img data-recalc-dims=\"1\" decoding=\"async\" src=\"https:\/\/i0.wp.com\/lh5.googleusercontent.com\/-57kL37SoJVs\/T7PpCoPHlPI\/AAAAAAAAIBw\/Ung5HYTAsD0\/s800\/DSC05586.JPG?ssl=1\" border=\"0\" alt=\"\" \/><br \/>\nLa fam\u00edlia Exp\u00f3sito, Manel, Jose i mmmm , no recordo. Un dels Mossenaire m\u00e9s joves i fill de Jos\u00e9<\/p>\n<p><img data-recalc-dims=\"1\" decoding=\"async\" src=\"https:\/\/i0.wp.com\/lh4.googleusercontent.com\/-_j8rfeOYRZ0\/T7PpDqwmbeI\/AAAAAAAAIB4\/KvMlo7--SNk\/s800\/DSC05587.JPG?ssl=1\" border=\"0\" alt=\"\" \/><br \/>\nL&#8217;Enric Moratalla, en primer terme<\/p>\n<p><img data-recalc-dims=\"1\" decoding=\"async\" src=\"https:\/\/i0.wp.com\/lh5.googleusercontent.com\/-9l0K2Rula_s\/T7PpEUoobyI\/AAAAAAAAICE\/tJ2gGLtBuUM\/s800\/DSC05588.JPG?ssl=1\" border=\"0\" alt=\"\" \/><br \/>\nPau, Miquel, Vicen\u00e7 i Llu\u00eds<\/p>\n<p><img data-recalc-dims=\"1\" decoding=\"async\" src=\"https:\/\/i0.wp.com\/lh6.googleusercontent.com\/-G33EIa6nuEU\/T7PpFcU11II\/AAAAAAAAICI\/JrMzEv_Q2U4\/s800\/DSC05589.JPG?ssl=1\" border=\"0\" alt=\"\" \/><br \/>\nEN Miquel gaudint de la gran urb Egarenca<\/p>\n<p><img data-recalc-dims=\"1\" decoding=\"async\" src=\"https:\/\/i0.wp.com\/lh6.googleusercontent.com\/-9N1xT8gHGPk\/T7PpGUEZ9VI\/AAAAAAAAICU\/Eo62py27Uv8\/s800\/DSC05590.JPG?ssl=1\" border=\"0\" alt=\"\" \/><br \/>\nEn Pau, cada setmana fa entrenament d&#8217;ultrafons i moltes vegades sol,  com per exemple l&#8217;endem\u00e0 d&#8217;aquest dia va fer quaranta-tres quil\u00f2metres.<\/p>\n<p><img data-recalc-dims=\"1\" decoding=\"async\" src=\"https:\/\/i0.wp.com\/lh3.googleusercontent.com\/-PaVzu6MaXnQ\/T67WnBHMbXI\/AAAAAAAADYI\/bLAfLGX3F00\/s800\/P5122713.JPG?ssl=1\" border=\"0\" alt=\"\" \/><br \/>\npreparant la foto<\/p>\n<p><img data-recalc-dims=\"1\" decoding=\"async\" src=\"https:\/\/i0.wp.com\/lh3.googleusercontent.com\/-EOw_81qiOU0\/T67Wp-OVHZI\/AAAAAAAADYQ\/JTY_lf9PDQo\/s800\/P5122714.JPG?ssl=1\" border=\"0\" alt=\"\" \/><\/p>\n<p><img data-recalc-dims=\"1\" decoding=\"async\" src=\"https:\/\/i0.wp.com\/lh4.googleusercontent.com\/-hDIjb_kr6V0\/T67WsCKRGZI\/AAAAAAAADYY\/GcpROsSPSm8\/s800\/P5122715.JPG?ssl=1\" border=\"0\" alt=\"\" \/><\/p>\n<p><img data-recalc-dims=\"1\" decoding=\"async\" src=\"https:\/\/i0.wp.com\/lh6.googleusercontent.com\/-mQs8TFl3k-c\/T67Wtd3CFeI\/AAAAAAAADYg\/IynxfMYH-cM\/s800\/P5122716.JPG?ssl=1\" border=\"0\" alt=\"\" \/><\/p>\n<p><img data-recalc-dims=\"1\" decoding=\"async\" src=\"https:\/\/i0.wp.com\/lh6.googleusercontent.com\/-QOrzYWxjBQs\/T67Wv0uUyFI\/AAAAAAAADYo\/kwYJdrAOteM\/s800\/P5122717.JPG?ssl=1\" border=\"0\" alt=\"\" \/><\/p>\n<p><img data-recalc-dims=\"1\" decoding=\"async\" src=\"https:\/\/i0.wp.com\/lh3.googleusercontent.com\/-dLCobvHSmQk\/T67WxjQ6nHI\/AAAAAAAADYw\/5_SY4sOxTsw\/s800\/P5122718.JPG?ssl=1\" border=\"0\" alt=\"\" \/><\/p>\n<p><img data-recalc-dims=\"1\" decoding=\"async\" src=\"https:\/\/i0.wp.com\/lh6.googleusercontent.com\/-cXGo3ite5F0\/T67Wz6Gg6RI\/AAAAAAAADY4\/tLe4ArvVPvY\/s800\/P5122719.JPG?ssl=1\" border=\"0\" alt=\"\" \/><\/p>\n<p><img data-recalc-dims=\"1\" decoding=\"async\" src=\"https:\/\/i0.wp.com\/lh5.googleusercontent.com\/-b_p5oHu7B-8\/T67W3LUWFHI\/AAAAAAAADZA\/JgrZaIifIOM\/s800\/P5122720.JPG?ssl=1\" border=\"0\" alt=\"\" \/><\/p>\n<p><img data-recalc-dims=\"1\" decoding=\"async\" src=\"https:\/\/i0.wp.com\/lh5.googleusercontent.com\/-t1rbe-sxdhw\/T67W6Y-J09I\/AAAAAAAADZI\/hV_4RnXCI4U\/s800\/P5122721.JPG?ssl=1\" border=\"0\" alt=\"\" \/><\/p>\n<p><img data-recalc-dims=\"1\" decoding=\"async\" src=\"https:\/\/i0.wp.com\/lh4.googleusercontent.com\/-nrKnXIK-fBM\/T67W9uQbZ6I\/AAAAAAAADZY\/G_FQ6pose4U\/s800\/P5122723.JPG?ssl=1\" border=\"0\" alt=\"\" \/><\/p>\n<p><img data-recalc-dims=\"1\" decoding=\"async\" src=\"https:\/\/i0.wp.com\/lh5.googleusercontent.com\/-ACqc_3_167s\/T67W8INyqAI\/AAAAAAAADZQ\/IJfHbTHZl6k\/s800\/P5122722.JPG?ssl=1\" border=\"0\" alt=\"\" \/><\/p>\n<p><img data-recalc-dims=\"1\" decoding=\"async\" src=\"https:\/\/i0.wp.com\/lh6.googleusercontent.com\/-uefpAJUWtec\/T67W---4IwI\/AAAAAAAADZg\/ClJOxSZzS20\/s800\/P5122724.JPG?ssl=1\" border=\"0\" alt=\"\" \/><\/p>\n<p><img data-recalc-dims=\"1\" decoding=\"async\" src=\"https:\/\/i0.wp.com\/lh3.googleusercontent.com\/-z2Z_9IVbAnQ\/T67XAenX9RI\/AAAAAAAADZo\/GhjFZb4BG2Y\/s800\/P5122725.JPG?ssl=1\" border=\"0\" alt=\"\" \/><br \/>\nen Miquel ens explica les curses que es fan al seu poble, que ara no em ve el nom.<\/p>\n<p><img data-recalc-dims=\"1\" decoding=\"async\" src=\"https:\/\/i0.wp.com\/lh5.googleusercontent.com\/-J7dZq9jGTak\/T7PpLCLxF_I\/AAAAAAAAICc\/Oln4eVTExXA\/s800\/DSC05597.JPG?ssl=1\" border=\"0\" alt=\"\" \/><\/p>\n<p><img data-recalc-dims=\"1\" decoding=\"async\" src=\"https:\/\/i0.wp.com\/lh3.googleusercontent.com\/-9K2KzOvwZtg\/T7PpL31UrNI\/AAAAAAAAICk\/LdptDGVd5tQ\/s800\/DSC05598.JPG?ssl=1\" border=\"0\" alt=\"\" \/><\/p>\n<p><img data-recalc-dims=\"1\" decoding=\"async\" src=\"https:\/\/i0.wp.com\/lh5.googleusercontent.com\/-Gd5vX32eUDc\/T7PpM2GWAiI\/AAAAAAAAICs\/fO9utUANBZY\/s800\/DSC05599.JPG?ssl=1\" border=\"0\" alt=\"\" \/><\/p>\n<p><img data-recalc-dims=\"1\" decoding=\"async\" src=\"https:\/\/i0.wp.com\/lh5.googleusercontent.com\/-KmNnFxn3z0U\/T7PpN---K7I\/AAAAAAAAIC0\/w5dhQK8x7EM\/s800\/DSC05600.JPG?ssl=1\" border=\"0\" alt=\"\" \/><\/p>\n<p><img data-recalc-dims=\"1\" decoding=\"async\" src=\"https:\/\/i0.wp.com\/lh6.googleusercontent.com\/-2G1FsoMEUeU\/T7PpO6DPLjI\/AAAAAAAAIC8\/579NwtHtVkw\/s800\/DSC05601.JPG?ssl=1\" border=\"0\" alt=\"\" \/><\/p>\n<p>Ad\u00e9u Dinosaure: tornarem a venir !!!<\/p>\n<p><img data-recalc-dims=\"1\" decoding=\"async\" src=\"https:\/\/i0.wp.com\/lh6.googleusercontent.com\/-p1OT-UBvAXQ\/T7PpP6NviBI\/AAAAAAAAIDA\/ZJ9YwNkwn8w\/s800\/DSC05602.JPG?ssl=1\" border=\"0\" alt=\"\" \/><\/p>\n<p>I aqu\u00ed tenim en Pasqual i els seu dos amics. Sembla ser que avui s&#8217;han  decidit pels esp\u00e0rrecs. Anaven cercant aquest vegetal apreciat<\/p>\n<p><img data-recalc-dims=\"1\" decoding=\"async\" src=\"https:\/\/i0.wp.com\/lh3.googleusercontent.com\/-uUWY5d5IcrA\/T7PpQtH1fnI\/AAAAAAAAIDI\/jh8edoOp2JU\/s800\/DSC05603.JPG?ssl=1\" border=\"0\" alt=\"\" \/><br \/>\nI ens coneixem tots, i penso que parlaven amb l&#8217;Anna de la trailwalker de la setmana passada<\/p>\n<p><img data-recalc-dims=\"1\" decoding=\"async\" src=\"https:\/\/i0.wp.com\/lh5.googleusercontent.com\/-oywx4Sik-hY\/T7PpVibnM5I\/AAAAAAAAIDU\/DK6EgVaGgTQ\/s800\/DSC05614.JPG?ssl=1\" border=\"0\" alt=\"\" \/><\/p>\n<p><img data-recalc-dims=\"1\" decoding=\"async\" src=\"https:\/\/i0.wp.com\/lh4.googleusercontent.com\/-NiDvBZzH89E\/T7PpWTb_N9I\/AAAAAAAAIDY\/PxcLF6V2dKo\/s800\/DSC05615.JPG?ssl=1\" border=\"0\" alt=\"\" \/><\/p>\n<p><\/big><\/p>\n<p><big><\/big><\/p>\n<p style=\"text-align: justify\"><big><\/big><\/p>\n<p style=\"text-align: justify\"><big>En Toni no viu per la zona del Vapor, per\u00f2 avui ha fet un entrenament de  campionat i m&#8217;ha acompanyat fins a casa. Segur que ha fet m\u00e9s de  vint-i-cinc quil\u00f2metres i a m\u00e9s hem tingut converses importants. Moltes  gr\u00e0cies, Toni, tant per haver-nos regalat un bonic escrit, com per  animar a una persona que ho necessita molt, WENCES,  i del que esperem  una recuperaci\u00f3 total i li volem transmetre, com tu fas, tota la for\u00e7a i  que es curi de la seva leuc\u00e8mia. <\/big><\/p>\n<p style=\"text-align: justify\"><big>..<\/big><\/p>\n<p style=\"text-align: justify\"><big><img data-recalc-dims=\"1\" decoding=\"async\" src=\"https:\/\/i0.wp.com\/lh5.googleusercontent.com\/-NfUF0QbX4Vk\/T7QAPvCaaiI\/AAAAAAAAIDw\/zyPmDeNgxQ8\/s1600\/DSC05606a.jpg?ssl=1\" border=\"0\" alt=\"\" \/><\/big><\/p>\n<p><big> <\/big><\/p>\n<p><big><a href=\"http:\/\/mossenhoms.netfreehost.com\/viewforum.php?f=34&amp;mforum=mossenhoms\"><\/a><\/big><\/p>\n<p><big><a href=\"http:\/\/mossenhoms.netfreehost.com\/viewtopic.php?p=13039&amp;mforum=mossenhoms#13039\"><img data-recalc-dims=\"1\" decoding=\"async\" src=\"https:\/\/i0.wp.com\/lh4.googleusercontent.com\/-GNrCpqacoqM\/T7QAQxzMIhI\/AAAAAAAAID4\/Bc4UVzGnGno\/s1600\/DSC05608a.jpg?ssl=1\" alt=\"\"  \/><\/a><\/p>\n<p><span style=\"color: #0000ff\"><em>Hola ! s\u00f3c Toni de Moral, porto 3 anys practicant atletisme. Vaig  comen\u00e7ar sortint amb un amiguet un parell de vegades  i a partir de  llavors ja em vaig enganxar i no hi parat fins ara. Aix\u00f2 \u00e9s com una  droga sana, quan comences ja no pots para. El dia que no surts a  entrenar et trobes malament. Jo des qu\u00e8 ho practico, f\u00edsica i mentalment  em trobo molt b\u00e9, m&#8217;encanta entrenar a la muntanya, en el camp;  m&#8217;agrada la natura; respirar aire pur.<\/em><\/span><\/p>\n<p><span style=\"color: #0000ff\"><em>Un dia mirant per internet vaig trobar la p\u00e0gina del blog d&#8217;en Pep Torre  Moss\u00e8n Homs, on explicava els entrenaments amb fotografies i descobria  llocs que ni sabia que existien a Terrassa.<br \/>\nHi havia tingut la temptaci\u00f3 d&#8217;anar algun dissabte: per\u00f2 no em decidia.<br \/>\nUn dissabte em vaig armar de valor i m&#8217;hi vaig presentar. La seva rebuda  va ser d&#8217;agrair i em vaig sentir com si port\u00e9s molt de temps amb ells.  Des de llavors cada dissabte que puc surto amb el grup de Torre Moss\u00e8n  Homs.<br \/>\nDes d&#8217;aqu\u00ed vull animar a la gent que s&#8217;animi a sortir amb nosaltres, que no s&#8217;empenedir\u00e0.<br \/>\nJa per acabar una frase que m&#8217;encanta &#8220;quan corro em sento lliure&#8221; Una salutaci\u00f3 i abra\u00e7ades per a tots.<\/em><\/span><\/p>\n<p><span style=\"color: #0000ff\"><em>Vull fer una menci\u00f3 especial al meu cos\u00ed Wences, que fa uns mesos li van diagnosticar leuc\u00e8mia.<br \/>\nSempre ha practicat esport. Les seves dues passions s\u00f3n el futbol i  l&#8217;atletisme, que el practica des de fa 6 anys en el club d&#8217;atletisme  Cerdanyola. De tant en tant segueix els entrenaments de Torre Moss\u00e8n  Homs. Des d&#8217;aqu\u00ed vull enviar un missatge de suport &#8220;segueix com fins ara  tan positiu&#8221; Una abra\u00e7ada campi\u00f3. Toni !<\/em><\/span><\/p>\n<p><\/big><\/p>\n<p><big><\/big><\/p>\n<p style=\"text-align: justify\"><big><img data-recalc-dims=\"1\" decoding=\"async\" src=\"https:\/\/i0.wp.com\/lh3.googleusercontent.com\/-MvG7cWgt_68\/T7Po3d4Kb2I\/AAAAAAAAIAc\/7rO-27wIcQI\/s512\/wences.jpg?ssl=1\" border=\"0\" alt=\"\" \/><\/big><\/p>\n<p style=\"text-align: justify\">\n<p style=\"text-align: justify\">..<\/p>\n<p style=\"text-align: justify\">\n<p style=\"text-align: justify\">\n<div id=\"attachment_1248\" style=\"width: 391px\" class=\"wp-caption aligncenter\"><a rel=\"attachment wp-att-1248\" href=\"http:\/\/blogs.avui.cat\/pepmoliner\/2012\/02\/08\/neva-a-can-roure-correm-mhi\/josepmolinerdisseny381x111\/\"><img data-recalc-dims=\"1\" loading=\"lazy\" decoding=\"async\" aria-describedby=\"caption-attachment-1248\" data-attachment-id=\"1248\" data-permalink=\"https:\/\/blogs.avui.cat\/pepmoliner\/2012\/02\/08\/neva-a-can-roure-correm-mhi\/josepmolinerdisseny381x111\/\" data-orig-file=\"https:\/\/i0.wp.com\/blogs.avui.cat\/pepmoliner\/files\/2012\/02\/josepmolinerDisseny381x111.gif?fit=381%2C111&amp;ssl=1\" data-orig-size=\"381,111\" data-comments-opened=\"0\" data-image-meta=\"{&quot;aperture&quot;:&quot;0&quot;,&quot;credit&quot;:&quot;&quot;,&quot;camera&quot;:&quot;&quot;,&quot;caption&quot;:&quot;&quot;,&quot;created_timestamp&quot;:&quot;0&quot;,&quot;copyright&quot;:&quot;&quot;,&quot;focal_length&quot;:&quot;0&quot;,&quot;iso&quot;:&quot;0&quot;,&quot;shutter_speed&quot;:&quot;0&quot;,&quot;title&quot;:&quot;&quot;}\" data-image-title=\"DISSENY Pep Moliner\" data-image-description=\"&lt;p&gt;Com que treballo &lt;strong&gt;pel meu compte&lt;\/strong&gt;, poso el meu logo a les cr\u00f2niques, i donar a con\u00e8ixer la meva feina. Si em vols fer un enc\u00e0rrec, posa&amp;#8217;t en contacte al meu mail o al formulari de contacte.&lt;\/p&gt;\n&lt;p&gt;  Ja ho saps, doncs. No em tanco a res ni a ning\u00fa, professionalment, vol dir que si creus que puc encaixar en un altre aspecte, en parlem. La crisi \u00e9s per tothom i avui dia tenir feina \u00e9s un tresor.&lt;\/p&gt;\n&lt;p&gt;  Pots consultar m\u00e9s o menys el que faig a: &lt;a href=&quot;https:\/\/sites.google.com\/site\/dissenyjosepmoliner\/&quot; target=&quot;_blank&quot;&gt;http:\/\/disseny.josepmoliner.com&lt;\/a&gt; , encara que estic obert al que sigui .&lt;\/p&gt;\n&lt;p&gt;Moltes gr\u00e0cies per endavant&lt;\/p&gt;&lt;\/p&gt;\n\" data-image-caption=\"&lt;p&gt;Vols que faci de dissenyador per tu ? escriu-me sense comprom\u00eds :)&lt;\/p&gt;\n\" data-medium-file=\"https:\/\/i0.wp.com\/blogs.avui.cat\/pepmoliner\/files\/2012\/02\/josepmolinerDisseny381x111.gif?fit=300%2C87&amp;ssl=1\" data-large-file=\"https:\/\/i0.wp.com\/blogs.avui.cat\/pepmoliner\/files\/2012\/02\/josepmolinerDisseny381x111.gif?fit=381%2C111&amp;ssl=1\" class=\"size-full wp-image-1248\" src=\"https:\/\/i0.wp.com\/blogs.avui.cat\/pepmoliner\/files\/2012\/02\/josepmolinerDisseny381x111.gif?resize=381%2C111\" alt=\"SOC DISSENYADOR I TREBALLO COM AUT\u00d2NOM, ESPERO LA TEVA COMANDA ;)\" width=\"381\" height=\"111\" srcset=\"https:\/\/i0.wp.com\/blogs.avui.cat\/pepmoliner\/files\/2012\/02\/josepmolinerDisseny381x111.gif?w=381&amp;ssl=1 381w, https:\/\/i0.wp.com\/blogs.avui.cat\/pepmoliner\/files\/2012\/02\/josepmolinerDisseny381x111.gif?resize=300%2C87&amp;ssl=1 300w\" sizes=\"auto, (max-width: 381px) 100vw, 381px\" \/><\/a><p id=\"caption-attachment-1248\" class=\"wp-caption-text\">Vols que faci de dissenyador per tu ? escriu-me sense comprom\u00eds \ud83d\ude42<\/p><\/div>\n","protected":false},"excerpt":{"rendered":"<p>\ufeff\ufeff\ufeff.. El &#8220;Dinosaure&#8221; d&#8217;en Roc Alabern, torna a ser el gran protagonista, junt amb els &#8220;Mossenaires&#8221; que ens hi hem apropat a saludar-lo Fa anys que les xarxes socials ens han globalitzat incl\u00fas als mossenaires, i tenim el luxe d&#8217;estar estesos per tot arreu. Els m\u00e9s majoritaris son els dels que ara demostrarem tindria de [&hellip;]<\/p>\n","protected":false},"author":171,"featured_media":0,"comment_status":"open","ping_status":"open","sticky":false,"template":"","format":"standard","meta":{"jetpack_post_was_ever_published":false,"_jetpack_newsletter_access":"","_jetpack_dont_email_post_to_subs":false,"_jetpack_newsletter_tier_id":0,"_jetpack_memberships_contains_paywalled_content":false,"_jetpack_memberships_contains_paid_content":false,"footnotes":"","jetpack_publicize_message":"","jetpack_publicize_feature_enabled":true,"jetpack_social_post_already_shared":false,"jetpack_social_options":{"image_generator_settings":{"template":"highway","default_image_id":0,"font":"","enabled":false},"version":2}},"categories":[1],"tags":[],"class_list":["post-1486","post","type-post","status-publish","format-standard","hentry","category-general"],"jetpack_publicize_connections":[],"jetpack_featured_media_url":"","jetpack_sharing_enabled":true,"jetpack_shortlink":"https:\/\/wp.me\/pagkiK-nY","jetpack-related-posts":[{"id":6351,"url":"https:\/\/blogs.avui.cat\/pepmoliner\/2026\/01\/16\/dinousaurerocalabern\/","url_meta":{"origin":1486,"position":0},"title":"Dinosaure d&#8217;en Roc Alabern amb Mossenaires","author":"Pep Moliner","date":"16 de gener de 2026","format":false,"excerpt":"Un recorregut tranquil, el que ens porta al Dinosaure de l'escultor Roc Alabern que est\u00e0 exposat a la rotonda de la N150 i que Mossenaires t\u00e9 costum d'anar alguna vegada a l'any. Al comen\u00e7ament, a l'era de la masia de Torre Moss\u00e8n Homs, hem felicitat en el dia del seu\u2026","rel":"","context":"A &quot;General&quot;","block_context":{"text":"General","link":"https:\/\/blogs.avui.cat\/pepmoliner\/category\/general\/"},"img":{"alt_text":"","src":"https:\/\/i0.wp.com\/img.youtube.com\/vi\/bsji4O6TLvU\/0.jpg?resize=350%2C200","width":350,"height":200},"classes":[]},{"id":5753,"url":"https:\/\/blogs.avui.cat\/pepmoliner\/2022\/12\/29\/dinosaure-den-roc-alabern-per-nadal\/","url_meta":{"origin":1486,"position":1},"title":"Dinosaure d&#8217;en Roc Alabern per Nadal","author":"Pep Moliner","date":"29 de desembre de 2022","format":false,"excerpt":"Un entrenament compartit\u00a0\u00e9s\u00a0un entrenament\u00a0on guanyes moltes coses. Guanyes en salut; guanyes en coneixences i si, anar al costat de gent com\u00a0vosaltres\u00a0ens fa que sempre estem aprenent. Escoltant i\u00a0explicant, mentre fem anar les cames i el cor, i com no les nostres cordes vocals. I si, de nou el balan\u00e7 \u00e9s\u00a0que\u00a0tot\u2026","rel":"","context":"A &quot;General&quot;","block_context":{"text":"General","link":"https:\/\/blogs.avui.cat\/pepmoliner\/category\/general\/"},"img":{"alt_text":"","src":"https:\/\/i0.wp.com\/blogger.googleusercontent.com\/img\/b\/R29vZ2xl\/AVvXsEjbBsijqat1UsRGcYhr6ouXGFfc3JDutvsLLM69HjN4AmyedrTrs_cjBoruUfRKhK-7ziDisgNfby47TzRzCZiMUfeBCtHk8JaRzC5tw9ZjuIcQuDG_5D3Zd4kbGhMKzVhYKUT_T3H8hsgD6168-fZqF_sIzrS6_-uhRXH5m87yLLL6NJWAiB4blKSIVw\/w452-h640\/142-Mossenaires_25desembre2022-095.jpg?resize=350%2C200&ssl=1","width":350,"height":200},"classes":[]},{"id":1181,"url":"https:\/\/blogs.avui.cat\/pepmoliner\/2012\/01\/25\/un-dinosaure-entre-els-mossenaires\/","url_meta":{"origin":1486,"position":2},"title":"Un DINOSAURE entre els mossenaires","author":"Pep Moliner","date":"25 de gener de 2012","format":false,"excerpt":"El Dinosaure d'en Roc Alabern ens obre les portes a Terrassa per la carretera de Sabadell. \u00c9s un monument curi\u00f3s i \u00fanic, almenys d'aquestes caracter\u00edstiques: fet de ferralla i en concret de ferro i xapa de cotxes. Segur que quan els vehicles no siguin com els d'ara per molts ser\u00e0\u2026","rel":"","context":"A &quot;General&quot;","block_context":{"text":"General","link":"https:\/\/blogs.avui.cat\/pepmoliner\/category\/general\/"},"img":{"alt_text":"","src":"","width":0,"height":0},"classes":[]},{"id":4843,"url":"https:\/\/blogs.avui.cat\/pepmoliner\/2019\/01\/24\/el-dinosaure-preferit-de-mossenaires\/","url_meta":{"origin":1486,"position":3},"title":"El Dinosaure preferit de Mossenaires","author":"Pep Moliner","date":"24 de gener de 2019","format":false,"excerpt":"Aquest espectacular monument fet amb ferralla i que vist de prop, veus que s\u00f3n cotxes engalzats i soldats i amb una al\u00e7ada considerable i amb una forma reconeixible, d'animalot inimaginable avui dia. El Dinosauri. Diuen que dominaven els ecosistemes i durant cent seixanta milions d'anys, tot i desapar\u00e8ixer fa quatre\u2026","rel":"","context":"A &quot;General&quot;","block_context":{"text":"General","link":"https:\/\/blogs.avui.cat\/pepmoliner\/category\/general\/"},"img":{"alt_text":"","src":"","width":0,"height":0},"classes":[]},{"id":5624,"url":"https:\/\/blogs.avui.cat\/pepmoliner\/2022\/08\/18\/dinosaure-roc-alabern\/","url_meta":{"origin":1486,"position":4},"title":"Dinosaure Roc Alabern","author":"Pep Moliner","date":"18 d'agost de 2022","format":false,"excerpt":"Sabent que farem deu quil\u00f2metres i fa molta calor, mirem de trobar fonts i llocs ombr\u00edvols, encara que avui ha estat especial: el dia que anem a veure un monument bastant especial, el Dinosaure, un munt de ferralla ben ordenada i ben cuidada, realitzada fa una colla d'anys pel desaparegut\u2026","rel":"","context":"A &quot;General&quot;","block_context":{"text":"General","link":"https:\/\/blogs.avui.cat\/pepmoliner\/category\/general\/"},"img":{"alt_text":"","src":"https:\/\/i0.wp.com\/blogger.googleusercontent.com\/img\/b\/R29vZ2xl\/AVvXsEgg7uVH5aRE2Lfd86qRKDRgv23flU6bP08KhBtMhcqM2Tx1nwAGiK7rxTIYtFyhUqvA_fVG2y-cz2e0BMZYk3qgxQpWd6ZkEOWDZDlafmqDpdcGMvx-hBM3sr3nQv6tzSrw2eRDm18KfNMwqJIl2AP_iHbBhLaD9EIR-caLHmsdiraKKZsFzM_tVHcjYg\/w544-h640\/006-Mossenaires_13Agost2022-participats.jpg?resize=350%2C200&ssl=1","width":350,"height":200,"srcset":"https:\/\/i0.wp.com\/blogger.googleusercontent.com\/img\/b\/R29vZ2xl\/AVvXsEgg7uVH5aRE2Lfd86qRKDRgv23flU6bP08KhBtMhcqM2Tx1nwAGiK7rxTIYtFyhUqvA_fVG2y-cz2e0BMZYk3qgxQpWd6ZkEOWDZDlafmqDpdcGMvx-hBM3sr3nQv6tzSrw2eRDm18KfNMwqJIl2AP_iHbBhLaD9EIR-caLHmsdiraKKZsFzM_tVHcjYg\/w544-h640\/006-Mossenaires_13Agost2022-participats.jpg?resize=350%2C200&ssl=1 1x, https:\/\/i0.wp.com\/blogger.googleusercontent.com\/img\/b\/R29vZ2xl\/AVvXsEgg7uVH5aRE2Lfd86qRKDRgv23flU6bP08KhBtMhcqM2Tx1nwAGiK7rxTIYtFyhUqvA_fVG2y-cz2e0BMZYk3qgxQpWd6ZkEOWDZDlafmqDpdcGMvx-hBM3sr3nQv6tzSrw2eRDm18KfNMwqJIl2AP_iHbBhLaD9EIR-caLHmsdiraKKZsFzM_tVHcjYg\/w544-h640\/006-Mossenaires_13Agost2022-participats.jpg?resize=525%2C300&ssl=1 1.5x"},"classes":[]},{"id":4896,"url":"https:\/\/blogs.avui.cat\/pepmoliner\/2019\/05\/09\/dinosaure-degara-amb-mossenaires\/","url_meta":{"origin":1486,"position":5},"title":"Dinosaure d&#8217;\u00c8gara amb Mossenaires","author":"Pep Moliner","date":"9 de maig de 2019","format":false,"excerpt":"Ens deia l'Enric, que van passant els anys i sempre veu algun recorregut nou que no sabia, i ja \u00e9s aix\u00f2 en el nostre projecte, fer varietat i tot i que sempre sortint des de la Masia de Torre Moss\u00e8n Homs, el nombre de combinacions \u00e9s limitat i sempre tenint\u2026","rel":"","context":"A &quot;General&quot;","block_context":{"text":"General","link":"https:\/\/blogs.avui.cat\/pepmoliner\/category\/general\/"},"img":{"alt_text":"","src":"","width":0,"height":0},"classes":[]}],"_links":{"self":[{"href":"https:\/\/blogs.avui.cat\/pepmoliner\/wp-json\/wp\/v2\/posts\/1486","targetHints":{"allow":["GET"]}}],"collection":[{"href":"https:\/\/blogs.avui.cat\/pepmoliner\/wp-json\/wp\/v2\/posts"}],"about":[{"href":"https:\/\/blogs.avui.cat\/pepmoliner\/wp-json\/wp\/v2\/types\/post"}],"author":[{"embeddable":true,"href":"https:\/\/blogs.avui.cat\/pepmoliner\/wp-json\/wp\/v2\/users\/171"}],"replies":[{"embeddable":true,"href":"https:\/\/blogs.avui.cat\/pepmoliner\/wp-json\/wp\/v2\/comments?post=1486"}],"version-history":[{"count":7,"href":"https:\/\/blogs.avui.cat\/pepmoliner\/wp-json\/wp\/v2\/posts\/1486\/revisions"}],"predecessor-version":[{"id":1629,"href":"https:\/\/blogs.avui.cat\/pepmoliner\/wp-json\/wp\/v2\/posts\/1486\/revisions\/1629"}],"wp:attachment":[{"href":"https:\/\/blogs.avui.cat\/pepmoliner\/wp-json\/wp\/v2\/media?parent=1486"}],"wp:term":[{"taxonomy":"category","embeddable":true,"href":"https:\/\/blogs.avui.cat\/pepmoliner\/wp-json\/wp\/v2\/categories?post=1486"},{"taxonomy":"post_tag","embeddable":true,"href":"https:\/\/blogs.avui.cat\/pepmoliner\/wp-json\/wp\/v2\/tags?post=1486"}],"curies":[{"name":"wp","href":"https:\/\/api.w.org\/{rel}","templated":true}]}}